{"id":78986,"date":"2026-03-27T14:37:32","date_gmt":"2026-03-27T13:37:32","guid":{"rendered":"https:\/\/dorogimedence.hu\/?p=78986"},"modified":"2026-03-27T14:37:32","modified_gmt":"2026-03-27T13:37:32","slug":"harminc-eve-tarto-zenei-egyuttmukodes-dorogon","status":"publish","type":"post","link":"https:\/\/dorogimedence.hu\/index.php\/2026\/03\/27\/harminc-eve-tarto-zenei-egyuttmukodes-dorogon\/","title":{"rendered":"Harminc \u00e9ve tart\u00f3 zenei egy\u00fcttm\u0171k\u00f6d\u00e9s Dorogon"},"content":{"rendered":"<p><strong>A Dorogi Erkel Ferenc Zeneiskola adott otthont 2026. m\u00e1rcius 25-\u00e9n az Alkot\u00f3 Muzsikusok T\u00e1rsas\u00e1ga ifj\u00fas\u00e1gi hangverseny\u00e9nek, amelyen az int\u00e9zm\u00e9ny n\u00f6vend\u00e9kei, tan\u00e1rai \u00e9s vend\u00e9gm\u0171v\u00e9szek is sz\u00ednpadra l\u00e9ptek.<\/strong><\/p>\n<p>A koncert k\u00fcl\u00f6nleges jelent\u0151s\u00e9ggel b\u00edrt, hiszen Dorogon imm\u00e1r 30 \u00e9ve val\u00f3sulnak meg az AMT programjai. Az \u00f6sszm\u0171v\u00e9szeti csoport id\u00e9n fenn\u00e1ll\u00e1s\u00e1nak 35. \u00e9vfordul\u00f3j\u00e1t \u00fcnnepli. Tagjai k\u00f6z\u00f6tt olyan hivat\u00e1sos muzsikusok tal\u00e1lhat\u00f3k, akik nemcsak el\u0151ad\u00f3k\u00e9nt, hanem zeneszerz\u0151k\u00e9nt is akt\u00edvak, emellett az irodalom \u00e9s a k\u00e9pz\u0151m\u0171v\u00e9szet ter\u00fclet\u00e9n alkot\u00f3 m\u0171v\u00e9szek is er\u0151s\u00edtik a k\u00f6z\u00f6ss\u00e9get.<\/p>\n<p>Az ifj\u00fas\u00e1gi hangverseny m\u0171sor\u00e1ban az elhunyt szerz\u0151k el\u0151tt is tisztelegtek: megsz\u00f3laltak t\u00f6bbek k\u00f6z\u00f6tt Leg\u00e1ny D\u00e9nes, B\u00fcky G\u00e9za, R\u00e9kai Iv\u00e1n, Ar\u00e1nyi-Aschner Gy\u00f6rgy, Sz\u00e1nth\u00f3 Lajos \u00e9s Gallai Attila m\u0171vei, valamint Papp J\u00e1nos versei \u00e9s Forg\u00e1cs \u00c9va mes\u00e9i.<\/p>\n<p>A k\u00f6zrem\u0171k\u00f6d\u0151k k\u00f6z\u00f6tt szerepelt Bujt\u00e1s Anita heged\u0171m\u0171v\u00e9sz \u00e9s F\u00e9legyh\u00e1zi Bence trombitam\u0171v\u00e9sz, tov\u00e1bb\u00e1 a zeneiskola tan\u00e1rai \u2013 Benk \u00c1gota, ifj. Demeter L\u00e1szl\u00f3, Demeter L\u00e1szl\u00f3, M\u00e1lnai J\u00f3zsef \u00e9s Rebe Attila. A k\u00f6z\u00f6ns\u00e9g nagy tapssal fogadta a zongora- \u00e9s fuvola tanszak n\u00f6vend\u00e9keinek el\u0151ad\u00e1s\u00e1t is.<\/p>\n<p>A jelenlegi alkot\u00f3k \u2013 Asztalos Aliz, Bar\u00e1z \u00c1d\u00e1m, Csepregi Gy\u00f6rgy, Hajdu L\u00f3r\u00e1nt, K\u00e1lvin Bal\u00e1zs \u00e9s Nagy Zsolt G\u00e1bor \u2013 m\u0171vei szint\u00e9n elhangzottak, amelyeket a k\u00f6z\u00f6ns\u00e9g lelkes tapssal jutalmazott.<\/p>\n<p>Szendi \u00c1gnes, a Dorogi Erkel Ferenc AMI zongoratanszakvezet\u0151je \u00e9s az Alkot\u00f3 Muzsikusok T\u00e1rsas\u00e1ga eln\u00f6ke kiemelte: a zeneiskola \u00e9s az Alkot\u00f3 Muzsikusok T\u00e1rsas\u00e1ga k\u00f6z\u00f6tti egy\u00fcttm\u0171k\u00f6d\u00e9s a j\u00f6v\u0151ben is folytat\u00f3dik. A k\u00f6z\u00f6s munka hossz\u00fa t\u00e1von is meghat\u00e1roz\u00f3 r\u00e9sze marad a zenei \u00e9letnek Dorogon.<\/p>\n","protected":false},"excerpt":{"rendered":"<p>A Dorogi Erkel Ferenc Zeneiskola adott otthont 2026. m\u00e1rcius 25-\u00e9n az Alkot\u00f3 Muzsikusok T\u00e1rsas\u00e1ga ifj\u00fas\u00e1gi hangverseny\u00e9nek, amelyen az int\u00e9zm\u00e9ny n\u00f6vend\u00e9kei, tan\u00e1rai \u00e9s vend\u00e9gm\u0171v\u00e9szek is sz\u00ednpadra l\u00e9ptek. A koncert k\u00fcl\u00f6nleges jelent\u0151s\u00e9ggel b\u00edrt, hiszen Dorogon imm\u00e1r 30 \u00e9ve val\u00f3sulnak meg az AMT programjai. Az \u00f6sszm\u0171v\u00e9szeti csoport id\u00e9n fenn\u00e1ll\u00e1s\u00e1nak 35. \u00e9vfordul\u00f3j\u00e1t \u00fcnnepli. Tagjai k\u00f6z\u00f6tt olyan hivat\u00e1sos muzsikusok tal\u00e1lhat\u00f3k,<\/p>\n","protected":false},"author":1,"featured_media":78987,"comment_status":"closed","ping_status":"closed","sticky":false,"template":"","format":"standard","meta":{"ngg_post_thumbnail":0,"footnotes":""},"categories":[2,3],"tags":[15,107],"class_list":{"0":"post-78986","1":"post","2":"type-post","3":"status-publish","4":"format-standard","5":"has-post-thumbnail","7":"category-dorog","8":"category-hirek","9":"tag-dorog","10":"tag-zene"},"yoast_head":"<!-- This site is optimized with the Yoast SEO plugin v27.5 - https:\/\/yoast.com\/product\/yoast-seo-wordpress\/ -->\n<title>Harminc \u00e9ve tart\u00f3 zenei egy\u00fcttm\u0171k\u00f6d\u00e9s Dorogon<\/title>\n<meta name=\"robots\" content=\"index, follow, max-snippet:-1, max-image-preview:large, max-video-preview:-1\" \/>\n<link rel=\"canonical\" href=\"https:\/\/dorogimedence.hu\/index.php\/2026\/03\/27\/harminc-eve-tarto-zenei-egyuttmukodes-dorogon\/\" class=\"yoast-seo-meta-tag\" \/>\n<meta property=\"og:locale\" content=\"hu_HU\" class=\"yoast-seo-meta-tag\" \/>\n<meta property=\"og:type\" content=\"article\" class=\"yoast-seo-meta-tag\" \/>\n<meta property=\"og:title\" content=\"Harminc \u00e9ve tart\u00f3 zenei egy\u00fcttm\u0171k\u00f6d\u00e9s Dorogon\" class=\"yoast-seo-meta-tag\" \/>\n<meta property=\"og:description\" content=\"A Dorogi Erkel Ferenc Zeneiskola adott otthont 2026. m\u00e1rcius 25-\u00e9n az Alkot\u00f3 Muzsikusok T\u00e1rsas\u00e1ga ifj\u00fas\u00e1gi hangverseny\u00e9nek, amelyen az int\u00e9zm\u00e9ny n\u00f6vend\u00e9kei, tan\u00e1rai \u00e9s vend\u00e9gm\u0171v\u00e9szek is sz\u00ednpadra l\u00e9ptek. A koncert k\u00fcl\u00f6nleges jelent\u0151s\u00e9ggel b\u00edrt, hiszen Dorogon imm\u00e1r 30 \u00e9ve val\u00f3sulnak meg az AMT programjai. Az \u00f6sszm\u0171v\u00e9szeti csoport id\u00e9n fenn\u00e1ll\u00e1s\u00e1nak 35. \u00e9vfordul\u00f3j\u00e1t \u00fcnnepli. Tagjai k\u00f6z\u00f6tt olyan hivat\u00e1sos muzsikusok tal\u00e1lhat\u00f3k,\" class=\"yoast-seo-meta-tag\" \/>\n<meta property=\"og:url\" content=\"https:\/\/dorogimedence.hu\/index.php\/2026\/03\/27\/harminc-eve-tarto-zenei-egyuttmukodes-dorogon\/\" class=\"yoast-seo-meta-tag\" \/>\n<meta property=\"og:site_name\" content=\"Dorogi-medence Region\u00e1lis H\u00edrport\u00e1l\" class=\"yoast-seo-meta-tag\" \/>\n<meta property=\"article:publisher\" content=\"https:\/\/www.facebook.com\/dorogimedence\/\" class=\"yoast-seo-meta-tag\" \/>\n<meta property=\"article:published_time\" content=\"2026-03-27T13:37:32+00:00\" class=\"yoast-seo-meta-tag\" \/>\n<meta property=\"og:image\" content=\"https:\/\/dorogimedence.hu\/wp-content\/uploads\/2026\/03\/Tamasi-Liliana-es-Szendi-Agnes-negykezes-Rekai-mu-2026.03.25.jpg\" class=\"yoast-seo-meta-tag\" \/>\n\t<meta property=\"og:image:width\" content=\"2048\" class=\"yoast-seo-meta-tag\" \/>\n\t<meta property=\"og:image:height\" content=\"1153\" class=\"yoast-seo-meta-tag\" \/>\n\t<meta property=\"og:image:type\" content=\"image\/jpeg\" class=\"yoast-seo-meta-tag\" \/>\n<meta name=\"author\" content=\"dorogimedence.hu\" class=\"yoast-seo-meta-tag\" \/>\n<meta name=\"twitter:card\" content=\"summary_large_image\" class=\"yoast-seo-meta-tag\" \/>\n<meta name=\"twitter:label1\" content=\"Szerz\u0151:\" class=\"yoast-seo-meta-tag\" \/>\n\t<meta name=\"twitter:data1\" content=\"dorogimedence.hu\" class=\"yoast-seo-meta-tag\" \/>\n\t<meta name=\"twitter:label2\" content=\"Becs\u00fclt olvas\u00e1si id\u0151\" class=\"yoast-seo-meta-tag\" \/>\n\t<meta name=\"twitter:data2\" content=\"2 perc\" class=\"yoast-seo-meta-tag\" \/>\n<script type=\"application\/ld+json\" class=\"yoast-schema-graph\">{\"@context\":\"https:\\\/\\\/schema.org\",\"@graph\":[{\"@type\":\"Article\",\"@id\":\"https:\\\/\\\/dorogimedence.hu\\\/index.php\\\/2026\\\/03\\\/27\\\/harminc-eve-tarto-zenei-egyuttmukodes-dorogon\\\/#article\",\"isPartOf\":{\"@id\":\"https:\\\/\\\/dorogimedence.hu\\\/index.php\\\/2026\\\/03\\\/27\\\/harminc-eve-tarto-zenei-egyuttmukodes-dorogon\\\/\"},\"author\":{\"name\":\"dorogimedence.hu\",\"@id\":\"https:\\\/\\\/dorogimedence.hu\\\/#\\\/schema\\\/person\\\/ce6091eeb7e95ecdc87890d6aa8e0fd4\"},\"headline\":\"Harminc \u00e9ve tart\u00f3 zenei egy\u00fcttm\u0171k\u00f6d\u00e9s Dorogon\",\"datePublished\":\"2026-03-27T13:37:32+00:00\",\"mainEntityOfPage\":{\"@id\":\"https:\\\/\\\/dorogimedence.hu\\\/index.php\\\/2026\\\/03\\\/27\\\/harminc-eve-tarto-zenei-egyuttmukodes-dorogon\\\/\"},\"wordCount\":365,\"publisher\":{\"@id\":\"https:\\\/\\\/dorogimedence.hu\\\/#organization\"},\"image\":{\"@id\":\"https:\\\/\\\/dorogimedence.hu\\\/index.php\\\/2026\\\/03\\\/27\\\/harminc-eve-tarto-zenei-egyuttmukodes-dorogon\\\/#primaryimage\"},\"thumbnailUrl\":\"https:\\\/\\\/dorogimedence.hu\\\/wp-content\\\/uploads\\\/2026\\\/03\\\/Tamasi-Liliana-es-Szendi-Agnes-negykezes-Rekai-mu-2026.03.25.jpg\",\"keywords\":[\"Dorog\",\"zene\"],\"articleSection\":[\"Dorog\",\"H\u00edrek\"],\"inLanguage\":\"hu\"},{\"@type\":\"WebPage\",\"@id\":\"https:\\\/\\\/dorogimedence.hu\\\/index.php\\\/2026\\\/03\\\/27\\\/harminc-eve-tarto-zenei-egyuttmukodes-dorogon\\\/\",\"url\":\"https:\\\/\\\/dorogimedence.hu\\\/index.php\\\/2026\\\/03\\\/27\\\/harminc-eve-tarto-zenei-egyuttmukodes-dorogon\\\/\",\"name\":\"Harminc \u00e9ve tart\u00f3 zenei egy\u00fcttm\u0171k\u00f6d\u00e9s Dorogon\",\"isPartOf\":{\"@id\":\"https:\\\/\\\/dorogimedence.hu\\\/#website\"},\"primaryImageOfPage\":{\"@id\":\"https:\\\/\\\/dorogimedence.hu\\\/index.php\\\/2026\\\/03\\\/27\\\/harminc-eve-tarto-zenei-egyuttmukodes-dorogon\\\/#primaryimage\"},\"image\":{\"@id\":\"https:\\\/\\\/dorogimedence.hu\\\/index.php\\\/2026\\\/03\\\/27\\\/harminc-eve-tarto-zenei-egyuttmukodes-dorogon\\\/#primaryimage\"},\"thumbnailUrl\":\"https:\\\/\\\/dorogimedence.hu\\\/wp-content\\\/uploads\\\/2026\\\/03\\\/Tamasi-Liliana-es-Szendi-Agnes-negykezes-Rekai-mu-2026.03.25.jpg\",\"datePublished\":\"2026-03-27T13:37:32+00:00\",\"breadcrumb\":{\"@id\":\"https:\\\/\\\/dorogimedence.hu\\\/index.php\\\/2026\\\/03\\\/27\\\/harminc-eve-tarto-zenei-egyuttmukodes-dorogon\\\/#breadcrumb\"},\"inLanguage\":\"hu\",\"potentialAction\":[{\"@type\":\"ReadAction\",\"target\":[\"https:\\\/\\\/dorogimedence.hu\\\/index.php\\\/2026\\\/03\\\/27\\\/harminc-eve-tarto-zenei-egyuttmukodes-dorogon\\\/\"]}]},{\"@type\":\"ImageObject\",\"inLanguage\":\"hu\",\"@id\":\"https:\\\/\\\/dorogimedence.hu\\\/index.php\\\/2026\\\/03\\\/27\\\/harminc-eve-tarto-zenei-egyuttmukodes-dorogon\\\/#primaryimage\",\"url\":\"https:\\\/\\\/dorogimedence.hu\\\/wp-content\\\/uploads\\\/2026\\\/03\\\/Tamasi-Liliana-es-Szendi-Agnes-negykezes-Rekai-mu-2026.03.25.jpg\",\"contentUrl\":\"https:\\\/\\\/dorogimedence.hu\\\/wp-content\\\/uploads\\\/2026\\\/03\\\/Tamasi-Liliana-es-Szendi-Agnes-negykezes-Rekai-mu-2026.03.25.jpg\",\"width\":2048,\"height\":1153,\"caption\":\"Tam\u00e1si Lili\u00e1na \u00e9s Szendi \u00c1gnes - n\u00e9gykezes R\u00e9kai-m\u0171\"},{\"@type\":\"BreadcrumbList\",\"@id\":\"https:\\\/\\\/dorogimedence.hu\\\/index.php\\\/2026\\\/03\\\/27\\\/harminc-eve-tarto-zenei-egyuttmukodes-dorogon\\\/#breadcrumb\",\"itemListElement\":[{\"@type\":\"ListItem\",\"position\":1,\"name\":\"Kezd\u0151lap\",\"item\":\"https:\\\/\\\/dorogimedence.hu\\\/\"},{\"@type\":\"ListItem\",\"position\":2,\"name\":\"Harminc \u00e9ve tart\u00f3 zenei egy\u00fcttm\u0171k\u00f6d\u00e9s Dorogon\"}]},{\"@type\":\"WebSite\",\"@id\":\"https:\\\/\\\/dorogimedence.hu\\\/#website\",\"url\":\"https:\\\/\\\/dorogimedence.hu\\\/\",\"name\":\"Dorogi-medence Region\u00e1lis H\u00edrport\u00e1l\",\"description\":\"Dorog, Keszt\u00f6lc, Le\u00e1nyv\u00e1r, Piliscs\u00e9v, Tokod, Tokodalt\u00e1r\u00f3, Csolnok, Esztergom-kertv\u00e1ros: h\u00edrek, programok\",\"publisher\":{\"@id\":\"https:\\\/\\\/dorogimedence.hu\\\/#organization\"},\"potentialAction\":[{\"@type\":\"SearchAction\",\"target\":{\"@type\":\"EntryPoint\",\"urlTemplate\":\"https:\\\/\\\/dorogimedence.hu\\\/?s={search_term_string}\"},\"query-input\":{\"@type\":\"PropertyValueSpecification\",\"valueRequired\":true,\"valueName\":\"search_term_string\"}}],\"inLanguage\":\"hu\"},{\"@type\":\"Organization\",\"@id\":\"https:\\\/\\\/dorogimedence.hu\\\/#organization\",\"name\":\"Dorogi-medence Region\u00e1lis H\u00edrport\u00e1l\",\"url\":\"https:\\\/\\\/dorogimedence.hu\\\/\",\"logo\":{\"@type\":\"ImageObject\",\"inLanguage\":\"hu\",\"@id\":\"https:\\\/\\\/dorogimedence.hu\\\/#\\\/schema\\\/logo\\\/image\\\/\",\"url\":\"https:\\\/\\\/dorogimedence.hu\\\/wp-content\\\/uploads\\\/2021\\\/04\\\/logo-feher-600.png\",\"contentUrl\":\"https:\\\/\\\/dorogimedence.hu\\\/wp-content\\\/uploads\\\/2021\\\/04\\\/logo-feher-600.png\",\"width\":600,\"height\":100,\"caption\":\"Dorogi-medence Region\u00e1lis H\u00edrport\u00e1l\"},\"image\":{\"@id\":\"https:\\\/\\\/dorogimedence.hu\\\/#\\\/schema\\\/logo\\\/image\\\/\"},\"sameAs\":[\"https:\\\/\\\/www.facebook.com\\\/dorogimedence\\\/\"]},{\"@type\":\"Person\",\"@id\":\"https:\\\/\\\/dorogimedence.hu\\\/#\\\/schema\\\/person\\\/ce6091eeb7e95ecdc87890d6aa8e0fd4\",\"name\":\"dorogimedence.hu\",\"image\":{\"@type\":\"ImageObject\",\"inLanguage\":\"hu\",\"@id\":\"\\\/\\\/www.gravatar.com\\\/avatar\\\/d8d45f8901aadff40a4af72c0b826f1d?s=96&#038;r=g&#038;d=mm\",\"url\":\"\\\/\\\/www.gravatar.com\\\/avatar\\\/d8d45f8901aadff40a4af72c0b826f1d?s=96&#038;r=g&#038;d=mm\",\"contentUrl\":\"\\\/\\\/www.gravatar.com\\\/avatar\\\/d8d45f8901aadff40a4af72c0b826f1d?s=96&#038;r=g&#038;d=mm\",\"caption\":\"dorogimedence.hu\"}}]}<\/script>\n<!-- \/ Yoast SEO plugin. -->","yoast_head_json":{"title":"Harminc \u00e9ve tart\u00f3 zenei egy\u00fcttm\u0171k\u00f6d\u00e9s Dorogon","robots":{"index":"index","follow":"follow","max-snippet":"max-snippet:-1","max-image-preview":"max-image-preview:large","max-video-preview":"max-video-preview:-1"},"canonical":"https:\/\/dorogimedence.hu\/index.php\/2026\/03\/27\/harminc-eve-tarto-zenei-egyuttmukodes-dorogon\/","og_locale":"hu_HU","og_type":"article","og_title":"Harminc \u00e9ve tart\u00f3 zenei egy\u00fcttm\u0171k\u00f6d\u00e9s Dorogon","og_description":"A Dorogi Erkel Ferenc Zeneiskola adott otthont 2026. m\u00e1rcius 25-\u00e9n az Alkot\u00f3 Muzsikusok T\u00e1rsas\u00e1ga ifj\u00fas\u00e1gi hangverseny\u00e9nek, amelyen az int\u00e9zm\u00e9ny n\u00f6vend\u00e9kei, tan\u00e1rai \u00e9s vend\u00e9gm\u0171v\u00e9szek is sz\u00ednpadra l\u00e9ptek. A koncert k\u00fcl\u00f6nleges jelent\u0151s\u00e9ggel b\u00edrt, hiszen Dorogon imm\u00e1r 30 \u00e9ve val\u00f3sulnak meg az AMT programjai. Az \u00f6sszm\u0171v\u00e9szeti csoport id\u00e9n fenn\u00e1ll\u00e1s\u00e1nak 35. \u00e9vfordul\u00f3j\u00e1t \u00fcnnepli. Tagjai k\u00f6z\u00f6tt olyan hivat\u00e1sos muzsikusok tal\u00e1lhat\u00f3k,","og_url":"https:\/\/dorogimedence.hu\/index.php\/2026\/03\/27\/harminc-eve-tarto-zenei-egyuttmukodes-dorogon\/","og_site_name":"Dorogi-medence Region\u00e1lis H\u00edrport\u00e1l","article_publisher":"https:\/\/www.facebook.com\/dorogimedence\/","article_published_time":"2026-03-27T13:37:32+00:00","og_image":[{"width":2048,"height":1153,"url":"https:\/\/dorogimedence.hu\/wp-content\/uploads\/2026\/03\/Tamasi-Liliana-es-Szendi-Agnes-negykezes-Rekai-mu-2026.03.25.jpg","type":"image\/jpeg"}],"author":"dorogimedence.hu","twitter_card":"summary_large_image","twitter_misc":{"Szerz\u0151:":"dorogimedence.hu","Becs\u00fclt olvas\u00e1si id\u0151":"2 perc"},"schema":{"@context":"https:\/\/schema.org","@graph":[{"@type":"Article","@id":"https:\/\/dorogimedence.hu\/index.php\/2026\/03\/27\/harminc-eve-tarto-zenei-egyuttmukodes-dorogon\/#article","isPartOf":{"@id":"https:\/\/dorogimedence.hu\/index.php\/2026\/03\/27\/harminc-eve-tarto-zenei-egyuttmukodes-dorogon\/"},"author":{"name":"dorogimedence.hu","@id":"https:\/\/dorogimedence.hu\/#\/schema\/person\/ce6091eeb7e95ecdc87890d6aa8e0fd4"},"headline":"Harminc \u00e9ve tart\u00f3 zenei egy\u00fcttm\u0171k\u00f6d\u00e9s Dorogon","datePublished":"2026-03-27T13:37:32+00:00","mainEntityOfPage":{"@id":"https:\/\/dorogimedence.hu\/index.php\/2026\/03\/27\/harminc-eve-tarto-zenei-egyuttmukodes-dorogon\/"},"wordCount":365,"publisher":{"@id":"https:\/\/dorogimedence.hu\/#organization"},"image":{"@id":"https:\/\/dorogimedence.hu\/index.php\/2026\/03\/27\/harminc-eve-tarto-zenei-egyuttmukodes-dorogon\/#primaryimage"},"thumbnailUrl":"https:\/\/dorogimedence.hu\/wp-content\/uploads\/2026\/03\/Tamasi-Liliana-es-Szendi-Agnes-negykezes-Rekai-mu-2026.03.25.jpg","keywords":["Dorog","zene"],"articleSection":["Dorog","H\u00edrek"],"inLanguage":"hu"},{"@type":"WebPage","@id":"https:\/\/dorogimedence.hu\/index.php\/2026\/03\/27\/harminc-eve-tarto-zenei-egyuttmukodes-dorogon\/","url":"https:\/\/dorogimedence.hu\/index.php\/2026\/03\/27\/harminc-eve-tarto-zenei-egyuttmukodes-dorogon\/","name":"Harminc \u00e9ve tart\u00f3 zenei egy\u00fcttm\u0171k\u00f6d\u00e9s Dorogon","isPartOf":{"@id":"https:\/\/dorogimedence.hu\/#website"},"primaryImageOfPage":{"@id":"https:\/\/dorogimedence.hu\/index.php\/2026\/03\/27\/harminc-eve-tarto-zenei-egyuttmukodes-dorogon\/#primaryimage"},"image":{"@id":"https:\/\/dorogimedence.hu\/index.php\/2026\/03\/27\/harminc-eve-tarto-zenei-egyuttmukodes-dorogon\/#primaryimage"},"thumbnailUrl":"https:\/\/dorogimedence.hu\/wp-content\/uploads\/2026\/03\/Tamasi-Liliana-es-Szendi-Agnes-negykezes-Rekai-mu-2026.03.25.jpg","datePublished":"2026-03-27T13:37:32+00:00","breadcrumb":{"@id":"https:\/\/dorogimedence.hu\/index.php\/2026\/03\/27\/harminc-eve-tarto-zenei-egyuttmukodes-dorogon\/#breadcrumb"},"inLanguage":"hu","potentialAction":[{"@type":"ReadAction","target":["https:\/\/dorogimedence.hu\/index.php\/2026\/03\/27\/harminc-eve-tarto-zenei-egyuttmukodes-dorogon\/"]}]},{"@type":"ImageObject","inLanguage":"hu","@id":"https:\/\/dorogimedence.hu\/index.php\/2026\/03\/27\/harminc-eve-tarto-zenei-egyuttmukodes-dorogon\/#primaryimage","url":"https:\/\/dorogimedence.hu\/wp-content\/uploads\/2026\/03\/Tamasi-Liliana-es-Szendi-Agnes-negykezes-Rekai-mu-2026.03.25.jpg","contentUrl":"https:\/\/dorogimedence.hu\/wp-content\/uploads\/2026\/03\/Tamasi-Liliana-es-Szendi-Agnes-negykezes-Rekai-mu-2026.03.25.jpg","width":2048,"height":1153,"caption":"Tam\u00e1si Lili\u00e1na \u00e9s Szendi \u00c1gnes - n\u00e9gykezes R\u00e9kai-m\u0171"},{"@type":"BreadcrumbList","@id":"https:\/\/dorogimedence.hu\/index.php\/2026\/03\/27\/harminc-eve-tarto-zenei-egyuttmukodes-dorogon\/#breadcrumb","itemListElement":[{"@type":"ListItem","position":1,"name":"Kezd\u0151lap","item":"https:\/\/dorogimedence.hu\/"},{"@type":"ListItem","position":2,"name":"Harminc \u00e9ve tart\u00f3 zenei egy\u00fcttm\u0171k\u00f6d\u00e9s Dorogon"}]},{"@type":"WebSite","@id":"https:\/\/dorogimedence.hu\/#website","url":"https:\/\/dorogimedence.hu\/","name":"Dorogi-medence Region\u00e1lis H\u00edrport\u00e1l","description":"Dorog, Keszt\u00f6lc, Le\u00e1nyv\u00e1r, Piliscs\u00e9v, Tokod, Tokodalt\u00e1r\u00f3, Csolnok, Esztergom-kertv\u00e1ros: h\u00edrek, programok","publisher":{"@id":"https:\/\/dorogimedence.hu\/#organization"},"potentialAction":[{"@type":"SearchAction","target":{"@type":"EntryPoint","urlTemplate":"https:\/\/dorogimedence.hu\/?s={search_term_string}"},"query-input":{"@type":"PropertyValueSpecification","valueRequired":true,"valueName":"search_term_string"}}],"inLanguage":"hu"},{"@type":"Organization","@id":"https:\/\/dorogimedence.hu\/#organization","name":"Dorogi-medence Region\u00e1lis H\u00edrport\u00e1l","url":"https:\/\/dorogimedence.hu\/","logo":{"@type":"ImageObject","inLanguage":"hu","@id":"https:\/\/dorogimedence.hu\/#\/schema\/logo\/image\/","url":"https:\/\/dorogimedence.hu\/wp-content\/uploads\/2021\/04\/logo-feher-600.png","contentUrl":"https:\/\/dorogimedence.hu\/wp-content\/uploads\/2021\/04\/logo-feher-600.png","width":600,"height":100,"caption":"Dorogi-medence Region\u00e1lis H\u00edrport\u00e1l"},"image":{"@id":"https:\/\/dorogimedence.hu\/#\/schema\/logo\/image\/"},"sameAs":["https:\/\/www.facebook.com\/dorogimedence\/"]},{"@type":"Person","@id":"https:\/\/dorogimedence.hu\/#\/schema\/person\/ce6091eeb7e95ecdc87890d6aa8e0fd4","name":"dorogimedence.hu","image":{"@type":"ImageObject","inLanguage":"hu","@id":"\/\/www.gravatar.com\/avatar\/d8d45f8901aadff40a4af72c0b826f1d?s=96&#038;r=g&#038;d=mm","url":"\/\/www.gravatar.com\/avatar\/d8d45f8901aadff40a4af72c0b826f1d?s=96&#038;r=g&#038;d=mm","contentUrl":"\/\/www.gravatar.com\/avatar\/d8d45f8901aadff40a4af72c0b826f1d?s=96&#038;r=g&#038;d=mm","caption":"dorogimedence.hu"}}]}},"_links":{"self":[{"href":"https:\/\/dorogimedence.hu\/index.php\/wp-json\/wp\/v2\/posts\/78986","targetHints":{"allow":["GET"]}}],"collection":[{"href":"https:\/\/dorogimedence.hu\/index.php\/wp-json\/wp\/v2\/posts"}],"about":[{"href":"https:\/\/dorogimedence.hu\/index.php\/wp-json\/wp\/v2\/types\/post"}],"author":[{"embeddable":true,"href":"https:\/\/dorogimedence.hu\/index.php\/wp-json\/wp\/v2\/users\/1"}],"replies":[{"embeddable":true,"href":"https:\/\/dorogimedence.hu\/index.php\/wp-json\/wp\/v2\/comments?post=78986"}],"version-history":[{"count":1,"href":"https:\/\/dorogimedence.hu\/index.php\/wp-json\/wp\/v2\/posts\/78986\/revisions"}],"predecessor-version":[{"id":78988,"href":"https:\/\/dorogimedence.hu\/index.php\/wp-json\/wp\/v2\/posts\/78986\/revisions\/78988"}],"wp:featuredmedia":[{"embeddable":true,"href":"https:\/\/dorogimedence.hu\/index.php\/wp-json\/wp\/v2\/media\/78987"}],"wp:attachment":[{"href":"https:\/\/dorogimedence.hu\/index.php\/wp-json\/wp\/v2\/media?parent=78986"}],"wp:term":[{"taxonomy":"category","embeddable":true,"href":"https:\/\/dorogimedence.hu\/index.php\/wp-json\/wp\/v2\/categories?post=78986"},{"taxonomy":"post_tag","embeddable":true,"href":"https:\/\/dorogimedence.hu\/index.php\/wp-json\/wp\/v2\/tags?post=78986"}],"curies":[{"name":"wp","href":"https:\/\/api.w.org\/{rel}","templated":true}]}}