{"id":78905,"date":"2026-03-25T13:52:01","date_gmt":"2026-03-25T12:52:01","guid":{"rendered":"https:\/\/dorogimedence.hu\/?p=78905"},"modified":"2026-03-25T13:52:01","modified_gmt":"2026-03-25T12:52:01","slug":"nem-lehetett-tovabb-varni-kimentettek-egy-bezarva-tartott-kutyat-dorogon","status":"publish","type":"post","link":"https:\/\/dorogimedence.hu\/index.php\/2026\/03\/25\/nem-lehetett-tovabb-varni-kimentettek-egy-bezarva-tartott-kutyat-dorogon\/","title":{"rendered":"Nem lehetett tov\u00e1bb v\u00e1rni: kimentettek egy bez\u00e1rva tartott kuty\u00e1t Dorogon"},"content":{"rendered":"<p><strong>Seg\u00edts\u00e9gk\u00e9r\u00e9s \u00e9rkezett a Szurkol\u00f3k az \u00c1llatok\u00e9rt Gerecse \u00e9s k\u00f6rny\u00e9ke Alap\u00edtv\u00e1nyhoz: egy belga juh\u00e1szkutya hosszabb ideje bez\u00e1rva \u00e9lt egy dorogi h\u00e1zban, ell\u00e1t\u00e1sa pedig egyre nehezebb\u00e9 v\u00e1lt.<\/strong><\/p>\n<p>Az <a href=\"https:\/\/www.facebook.com\/szurkolokazallatokertgerecse\/posts\/pfbid0apVpbuwFTSVQoHwB33ARnUWg1Rm7dhfvBz46gq6JqHt6KePGGT4WCuypkJbkTae4l\" target=\"_blank\" rel=\"noopener\"><span style=\"text-decoration: underline; color: #0000ff;\">alap\u00edtv\u00e1ny besz\u00e1mol\u00f3ja szerint<\/span><\/a> az id\u0151s h\u00f6lgy, aki pr\u00f3b\u00e1lt gondoskodni az \u00e1llatr\u00f3l, m\u00e1r nem tudta biztons\u00e1gosan ell\u00e1tni a kuty\u00e1t, amely t\u00f6bb alkalommal is fell\u00f6kte \u0151t. A helyzet s\u00fcrg\u0151s megold\u00e1st ig\u00e9nyelt, ez\u00e9rt az \u00e1llatv\u00e9d\u0151k felvett\u00e9k a kapcsolatot a Kom\u00e1rom-Esztergom v\u00e1rmegyei \u00e1llateg\u00e9szs\u00e9g\u00fcgyi hat\u00f3s\u00e1ggal.<\/p>\n<p>A hat\u00f3s\u00e1g szeml\u00e9t tartott, majd az \u00e1llat kiemel\u00e9se mellett d\u00f6nt\u00f6tt. Id\u0151k\u00f6zben a tulajdonost is felkerest\u00e9k, aki \u2013 a hat\u00f3s\u00e1gi \u00e1llatorvossal egyeztetve \u2013 lemondott a kuty\u00e1r\u00f3l, \u00edgy lehet\u0151v\u00e9 v\u00e1lt az elsz\u00e1ll\u00edt\u00e1sa.<\/p>\n<p>Az alap\u00edtv\u00e1ny munkat\u00e1rsai felk\u00e9sz\u00fclten \u00e9rkeztek a helysz\u00ednre, mivel nem lehetett tudni, milyen ment\u00e1lis \u00e1llapotban van az \u00e1llat. V\u00e9g\u00fcl a csal\u00e1d seg\u00edts\u00e9g\u00e9vel probl\u00e9mamentesen ki tudt\u00e1k hozni a h\u00e1zb\u00f3l. Biztons\u00e1gi okokb\u00f3l dupla p\u00f3r\u00e1zzal s\u00e9t\u00e1ltatt\u00e1k meg, hogy felm\u00e9rj\u00e9k reakci\u00f3it \u00e9s \u00e1llapot\u00e1t.<\/p>\n<p>A mintegy h\u00e1rom\u00e9ves kutya jelenleg ideiglenes befogad\u00f3n\u00e1l van, ahol megkezd\u0151d\u00f6tt a rehabilit\u00e1ci\u00f3ja. Az \u00e1llatv\u00e9d\u0151k a teny\u00e9szt\u0151vel is felvett\u00e9k a kapcsolatot, aki t\u00e1mogat\u00e1s\u00e1r\u00f3l biztos\u00edtotta \u0151ket, \u00e9s a tov\u00e1bbiakban is seg\u00edti a munk\u00e1t. Az alap\u00edtv\u00e1ny kiemelte: a kutya most es\u00e9lyt kapott arra, hogy bez\u00e1rts\u00e1g helyett biztons\u00e1gos, kezelhet\u0151 k\u00f6rnyezetben \u00e9ljen.<\/p>\n<p>A Szurkol\u00f3k az \u00c1llatok\u00e9rt Gerecse \u00e9s k\u00f6rny\u00e9ke Alap\u00edtv\u00e1ny felh\u00edvja a figyelmet az \u00f6r\u00f6kbefogad\u00e1s fontoss\u00e1g\u00e1ra, \u00e9s k\u00e9ri, hogy aki teheti, t\u00e1mogassa munk\u00e1jukat \u2013 ak\u00e1r megoszt\u00e1ssal, ak\u00e1r anyagi hozz\u00e1j\u00e1rul\u00e1ssal.<\/p>\n<p><em>Fot\u00f3k, forr\u00e1s: Szurkol\u00f3k az \u00c1llatok\u00e9rt Gerecse \u00e9s k\u00f6rny\u00e9ke Alap\u00edtv\u00e1ny<\/em><\/p>\n","protected":false},"excerpt":{"rendered":"<p>Seg\u00edts\u00e9gk\u00e9r\u00e9s \u00e9rkezett a Szurkol\u00f3k az \u00c1llatok\u00e9rt Gerecse \u00e9s k\u00f6rny\u00e9ke Alap\u00edtv\u00e1nyhoz: egy belga juh\u00e1szkutya hosszabb ideje bez\u00e1rva \u00e9lt egy dorogi h\u00e1zban, ell\u00e1t\u00e1sa pedig egyre nehezebb\u00e9 v\u00e1lt. Az alap\u00edtv\u00e1ny besz\u00e1mol\u00f3ja szerint az id\u0151s h\u00f6lgy, aki pr\u00f3b\u00e1lt gondoskodni az \u00e1llatr\u00f3l, m\u00e1r nem tudta biztons\u00e1gosan ell\u00e1tni a kuty\u00e1t, amely t\u00f6bb alkalommal is fell\u00f6kte \u0151t. A helyzet s\u00fcrg\u0151s megold\u00e1st ig\u00e9nyelt,<\/p>\n","protected":false},"author":1,"featured_media":78906,"comment_status":"closed","ping_status":"closed","sticky":false,"template":"","format":"standard","meta":{"ngg_post_thumbnail":0,"footnotes":""},"categories":[2,3],"tags":[4784,15,1100],"class_list":{"0":"post-78905","1":"post","2":"type-post","3":"status-publish","4":"format-standard","5":"has-post-thumbnail","7":"category-dorog","8":"category-hirek","9":"tag-allatmentes","10":"tag-dorog","11":"tag-kutya"},"yoast_head":"<!-- This site is optimized with the Yoast SEO plugin v27.4 - https:\/\/yoast.com\/product\/yoast-seo-wordpress\/ -->\n<title>Nem lehetett tov\u00e1bb v\u00e1rni: kimentettek egy bez\u00e1rva tartott kuty\u00e1t Dorogon<\/title>\n<meta name=\"robots\" content=\"index, follow, max-snippet:-1, max-image-preview:large, max-video-preview:-1\" \/>\n<link rel=\"canonical\" href=\"https:\/\/dorogimedence.hu\/index.php\/2026\/03\/25\/nem-lehetett-tovabb-varni-kimentettek-egy-bezarva-tartott-kutyat-dorogon\/\" class=\"yoast-seo-meta-tag\" \/>\n<meta property=\"og:locale\" content=\"hu_HU\" class=\"yoast-seo-meta-tag\" \/>\n<meta property=\"og:type\" content=\"article\" class=\"yoast-seo-meta-tag\" \/>\n<meta property=\"og:title\" content=\"Nem lehetett tov\u00e1bb v\u00e1rni: kimentettek egy bez\u00e1rva tartott kuty\u00e1t Dorogon\" class=\"yoast-seo-meta-tag\" \/>\n<meta property=\"og:description\" content=\"Seg\u00edts\u00e9gk\u00e9r\u00e9s \u00e9rkezett a Szurkol\u00f3k az \u00c1llatok\u00e9rt Gerecse \u00e9s k\u00f6rny\u00e9ke Alap\u00edtv\u00e1nyhoz: egy belga juh\u00e1szkutya hosszabb ideje bez\u00e1rva \u00e9lt egy dorogi h\u00e1zban, ell\u00e1t\u00e1sa pedig egyre nehezebb\u00e9 v\u00e1lt. Az alap\u00edtv\u00e1ny besz\u00e1mol\u00f3ja szerint az id\u0151s h\u00f6lgy, aki pr\u00f3b\u00e1lt gondoskodni az \u00e1llatr\u00f3l, m\u00e1r nem tudta biztons\u00e1gosan ell\u00e1tni a kuty\u00e1t, amely t\u00f6bb alkalommal is fell\u00f6kte \u0151t. A helyzet s\u00fcrg\u0151s megold\u00e1st ig\u00e9nyelt,\" class=\"yoast-seo-meta-tag\" \/>\n<meta property=\"og:url\" content=\"https:\/\/dorogimedence.hu\/index.php\/2026\/03\/25\/nem-lehetett-tovabb-varni-kimentettek-egy-bezarva-tartott-kutyat-dorogon\/\" class=\"yoast-seo-meta-tag\" \/>\n<meta property=\"og:site_name\" content=\"Dorogi-medence Region\u00e1lis H\u00edrport\u00e1l\" class=\"yoast-seo-meta-tag\" \/>\n<meta property=\"article:publisher\" content=\"https:\/\/www.facebook.com\/dorogimedence\/\" class=\"yoast-seo-meta-tag\" \/>\n<meta property=\"article:published_time\" content=\"2026-03-25T12:52:01+00:00\" class=\"yoast-seo-meta-tag\" \/>\n<meta property=\"og:image\" content=\"https:\/\/dorogimedence.hu\/wp-content\/uploads\/2026\/03\/bezart-kutya.jpg\" class=\"yoast-seo-meta-tag\" \/>\n\t<meta property=\"og:image:width\" content=\"1920\" class=\"yoast-seo-meta-tag\" \/>\n\t<meta property=\"og:image:height\" content=\"970\" class=\"yoast-seo-meta-tag\" \/>\n\t<meta property=\"og:image:type\" content=\"image\/jpeg\" class=\"yoast-seo-meta-tag\" \/>\n<meta name=\"author\" content=\"dorogimedence.hu\" class=\"yoast-seo-meta-tag\" \/>\n<meta name=\"twitter:card\" content=\"summary_large_image\" class=\"yoast-seo-meta-tag\" \/>\n<meta name=\"twitter:label1\" content=\"Szerz\u0151:\" class=\"yoast-seo-meta-tag\" \/>\n\t<meta name=\"twitter:data1\" content=\"dorogimedence.hu\" class=\"yoast-seo-meta-tag\" \/>\n\t<meta name=\"twitter:label2\" content=\"Becs\u00fclt olvas\u00e1si id\u0151\" class=\"yoast-seo-meta-tag\" \/>\n\t<meta name=\"twitter:data2\" content=\"2 perc\" class=\"yoast-seo-meta-tag\" \/>\n<script type=\"application\/ld+json\" class=\"yoast-schema-graph\">{\"@context\":\"https:\\\/\\\/schema.org\",\"@graph\":[{\"@type\":\"Article\",\"@id\":\"https:\\\/\\\/dorogimedence.hu\\\/index.php\\\/2026\\\/03\\\/25\\\/nem-lehetett-tovabb-varni-kimentettek-egy-bezarva-tartott-kutyat-dorogon\\\/#article\",\"isPartOf\":{\"@id\":\"https:\\\/\\\/dorogimedence.hu\\\/index.php\\\/2026\\\/03\\\/25\\\/nem-lehetett-tovabb-varni-kimentettek-egy-bezarva-tartott-kutyat-dorogon\\\/\"},\"author\":{\"name\":\"dorogimedence.hu\",\"@id\":\"https:\\\/\\\/dorogimedence.hu\\\/#\\\/schema\\\/person\\\/ce6091eeb7e95ecdc87890d6aa8e0fd4\"},\"headline\":\"Nem lehetett tov\u00e1bb v\u00e1rni: kimentettek egy bez\u00e1rva tartott kuty\u00e1t Dorogon\",\"datePublished\":\"2026-03-25T12:52:01+00:00\",\"mainEntityOfPage\":{\"@id\":\"https:\\\/\\\/dorogimedence.hu\\\/index.php\\\/2026\\\/03\\\/25\\\/nem-lehetett-tovabb-varni-kimentettek-egy-bezarva-tartott-kutyat-dorogon\\\/\"},\"wordCount\":376,\"publisher\":{\"@id\":\"https:\\\/\\\/dorogimedence.hu\\\/#organization\"},\"image\":{\"@id\":\"https:\\\/\\\/dorogimedence.hu\\\/index.php\\\/2026\\\/03\\\/25\\\/nem-lehetett-tovabb-varni-kimentettek-egy-bezarva-tartott-kutyat-dorogon\\\/#primaryimage\"},\"thumbnailUrl\":\"https:\\\/\\\/dorogimedence.hu\\\/wp-content\\\/uploads\\\/2026\\\/03\\\/bezart-kutya.jpg\",\"keywords\":[\"\u00e1llatment\u00e9s\",\"Dorog\",\"kutya\"],\"articleSection\":[\"Dorog\",\"H\u00edrek\"],\"inLanguage\":\"hu\"},{\"@type\":\"WebPage\",\"@id\":\"https:\\\/\\\/dorogimedence.hu\\\/index.php\\\/2026\\\/03\\\/25\\\/nem-lehetett-tovabb-varni-kimentettek-egy-bezarva-tartott-kutyat-dorogon\\\/\",\"url\":\"https:\\\/\\\/dorogimedence.hu\\\/index.php\\\/2026\\\/03\\\/25\\\/nem-lehetett-tovabb-varni-kimentettek-egy-bezarva-tartott-kutyat-dorogon\\\/\",\"name\":\"Nem lehetett tov\u00e1bb v\u00e1rni: kimentettek egy bez\u00e1rva tartott kuty\u00e1t Dorogon\",\"isPartOf\":{\"@id\":\"https:\\\/\\\/dorogimedence.hu\\\/#website\"},\"primaryImageOfPage\":{\"@id\":\"https:\\\/\\\/dorogimedence.hu\\\/index.php\\\/2026\\\/03\\\/25\\\/nem-lehetett-tovabb-varni-kimentettek-egy-bezarva-tartott-kutyat-dorogon\\\/#primaryimage\"},\"image\":{\"@id\":\"https:\\\/\\\/dorogimedence.hu\\\/index.php\\\/2026\\\/03\\\/25\\\/nem-lehetett-tovabb-varni-kimentettek-egy-bezarva-tartott-kutyat-dorogon\\\/#primaryimage\"},\"thumbnailUrl\":\"https:\\\/\\\/dorogimedence.hu\\\/wp-content\\\/uploads\\\/2026\\\/03\\\/bezart-kutya.jpg\",\"datePublished\":\"2026-03-25T12:52:01+00:00\",\"breadcrumb\":{\"@id\":\"https:\\\/\\\/dorogimedence.hu\\\/index.php\\\/2026\\\/03\\\/25\\\/nem-lehetett-tovabb-varni-kimentettek-egy-bezarva-tartott-kutyat-dorogon\\\/#breadcrumb\"},\"inLanguage\":\"hu\",\"potentialAction\":[{\"@type\":\"ReadAction\",\"target\":[\"https:\\\/\\\/dorogimedence.hu\\\/index.php\\\/2026\\\/03\\\/25\\\/nem-lehetett-tovabb-varni-kimentettek-egy-bezarva-tartott-kutyat-dorogon\\\/\"]}]},{\"@type\":\"ImageObject\",\"inLanguage\":\"hu\",\"@id\":\"https:\\\/\\\/dorogimedence.hu\\\/index.php\\\/2026\\\/03\\\/25\\\/nem-lehetett-tovabb-varni-kimentettek-egy-bezarva-tartott-kutyat-dorogon\\\/#primaryimage\",\"url\":\"https:\\\/\\\/dorogimedence.hu\\\/wp-content\\\/uploads\\\/2026\\\/03\\\/bezart-kutya.jpg\",\"contentUrl\":\"https:\\\/\\\/dorogimedence.hu\\\/wp-content\\\/uploads\\\/2026\\\/03\\\/bezart-kutya.jpg\",\"width\":1920,\"height\":970},{\"@type\":\"BreadcrumbList\",\"@id\":\"https:\\\/\\\/dorogimedence.hu\\\/index.php\\\/2026\\\/03\\\/25\\\/nem-lehetett-tovabb-varni-kimentettek-egy-bezarva-tartott-kutyat-dorogon\\\/#breadcrumb\",\"itemListElement\":[{\"@type\":\"ListItem\",\"position\":1,\"name\":\"Kezd\u0151lap\",\"item\":\"https:\\\/\\\/dorogimedence.hu\\\/\"},{\"@type\":\"ListItem\",\"position\":2,\"name\":\"Nem lehetett tov\u00e1bb v\u00e1rni: kimentettek egy bez\u00e1rva tartott kuty\u00e1t Dorogon\"}]},{\"@type\":\"WebSite\",\"@id\":\"https:\\\/\\\/dorogimedence.hu\\\/#website\",\"url\":\"https:\\\/\\\/dorogimedence.hu\\\/\",\"name\":\"Dorogi-medence Region\u00e1lis H\u00edrport\u00e1l\",\"description\":\"Dorog, Keszt\u00f6lc, Le\u00e1nyv\u00e1r, Piliscs\u00e9v, Tokod, Tokodalt\u00e1r\u00f3, Csolnok, Esztergom-kertv\u00e1ros: h\u00edrek, programok\",\"publisher\":{\"@id\":\"https:\\\/\\\/dorogimedence.hu\\\/#organization\"},\"potentialAction\":[{\"@type\":\"SearchAction\",\"target\":{\"@type\":\"EntryPoint\",\"urlTemplate\":\"https:\\\/\\\/dorogimedence.hu\\\/?s={search_term_string}\"},\"query-input\":{\"@type\":\"PropertyValueSpecification\",\"valueRequired\":true,\"valueName\":\"search_term_string\"}}],\"inLanguage\":\"hu\"},{\"@type\":\"Organization\",\"@id\":\"https:\\\/\\\/dorogimedence.hu\\\/#organization\",\"name\":\"Dorogi-medence Region\u00e1lis H\u00edrport\u00e1l\",\"url\":\"https:\\\/\\\/dorogimedence.hu\\\/\",\"logo\":{\"@type\":\"ImageObject\",\"inLanguage\":\"hu\",\"@id\":\"https:\\\/\\\/dorogimedence.hu\\\/#\\\/schema\\\/logo\\\/image\\\/\",\"url\":\"https:\\\/\\\/dorogimedence.hu\\\/wp-content\\\/uploads\\\/2021\\\/04\\\/logo-feher-600.png\",\"contentUrl\":\"https:\\\/\\\/dorogimedence.hu\\\/wp-content\\\/uploads\\\/2021\\\/04\\\/logo-feher-600.png\",\"width\":600,\"height\":100,\"caption\":\"Dorogi-medence Region\u00e1lis H\u00edrport\u00e1l\"},\"image\":{\"@id\":\"https:\\\/\\\/dorogimedence.hu\\\/#\\\/schema\\\/logo\\\/image\\\/\"},\"sameAs\":[\"https:\\\/\\\/www.facebook.com\\\/dorogimedence\\\/\"]},{\"@type\":\"Person\",\"@id\":\"https:\\\/\\\/dorogimedence.hu\\\/#\\\/schema\\\/person\\\/ce6091eeb7e95ecdc87890d6aa8e0fd4\",\"name\":\"dorogimedence.hu\",\"image\":{\"@type\":\"ImageObject\",\"inLanguage\":\"hu\",\"@id\":\"\\\/\\\/www.gravatar.com\\\/avatar\\\/d8d45f8901aadff40a4af72c0b826f1d?s=96&#038;r=g&#038;d=mm\",\"url\":\"\\\/\\\/www.gravatar.com\\\/avatar\\\/d8d45f8901aadff40a4af72c0b826f1d?s=96&#038;r=g&#038;d=mm\",\"contentUrl\":\"\\\/\\\/www.gravatar.com\\\/avatar\\\/d8d45f8901aadff40a4af72c0b826f1d?s=96&#038;r=g&#038;d=mm\",\"caption\":\"dorogimedence.hu\"}}]}<\/script>\n<!-- \/ Yoast SEO plugin. -->","yoast_head_json":{"title":"Nem lehetett tov\u00e1bb v\u00e1rni: kimentettek egy bez\u00e1rva tartott kuty\u00e1t Dorogon","robots":{"index":"index","follow":"follow","max-snippet":"max-snippet:-1","max-image-preview":"max-image-preview:large","max-video-preview":"max-video-preview:-1"},"canonical":"https:\/\/dorogimedence.hu\/index.php\/2026\/03\/25\/nem-lehetett-tovabb-varni-kimentettek-egy-bezarva-tartott-kutyat-dorogon\/","og_locale":"hu_HU","og_type":"article","og_title":"Nem lehetett tov\u00e1bb v\u00e1rni: kimentettek egy bez\u00e1rva tartott kuty\u00e1t Dorogon","og_description":"Seg\u00edts\u00e9gk\u00e9r\u00e9s \u00e9rkezett a Szurkol\u00f3k az \u00c1llatok\u00e9rt Gerecse \u00e9s k\u00f6rny\u00e9ke Alap\u00edtv\u00e1nyhoz: egy belga juh\u00e1szkutya hosszabb ideje bez\u00e1rva \u00e9lt egy dorogi h\u00e1zban, ell\u00e1t\u00e1sa pedig egyre nehezebb\u00e9 v\u00e1lt. Az alap\u00edtv\u00e1ny besz\u00e1mol\u00f3ja szerint az id\u0151s h\u00f6lgy, aki pr\u00f3b\u00e1lt gondoskodni az \u00e1llatr\u00f3l, m\u00e1r nem tudta biztons\u00e1gosan ell\u00e1tni a kuty\u00e1t, amely t\u00f6bb alkalommal is fell\u00f6kte \u0151t. A helyzet s\u00fcrg\u0151s megold\u00e1st ig\u00e9nyelt,","og_url":"https:\/\/dorogimedence.hu\/index.php\/2026\/03\/25\/nem-lehetett-tovabb-varni-kimentettek-egy-bezarva-tartott-kutyat-dorogon\/","og_site_name":"Dorogi-medence Region\u00e1lis H\u00edrport\u00e1l","article_publisher":"https:\/\/www.facebook.com\/dorogimedence\/","article_published_time":"2026-03-25T12:52:01+00:00","og_image":[{"width":1920,"height":970,"url":"https:\/\/dorogimedence.hu\/wp-content\/uploads\/2026\/03\/bezart-kutya.jpg","type":"image\/jpeg"}],"author":"dorogimedence.hu","twitter_card":"summary_large_image","twitter_misc":{"Szerz\u0151:":"dorogimedence.hu","Becs\u00fclt olvas\u00e1si id\u0151":"2 perc"},"schema":{"@context":"https:\/\/schema.org","@graph":[{"@type":"Article","@id":"https:\/\/dorogimedence.hu\/index.php\/2026\/03\/25\/nem-lehetett-tovabb-varni-kimentettek-egy-bezarva-tartott-kutyat-dorogon\/#article","isPartOf":{"@id":"https:\/\/dorogimedence.hu\/index.php\/2026\/03\/25\/nem-lehetett-tovabb-varni-kimentettek-egy-bezarva-tartott-kutyat-dorogon\/"},"author":{"name":"dorogimedence.hu","@id":"https:\/\/dorogimedence.hu\/#\/schema\/person\/ce6091eeb7e95ecdc87890d6aa8e0fd4"},"headline":"Nem lehetett tov\u00e1bb v\u00e1rni: kimentettek egy bez\u00e1rva tartott kuty\u00e1t Dorogon","datePublished":"2026-03-25T12:52:01+00:00","mainEntityOfPage":{"@id":"https:\/\/dorogimedence.hu\/index.php\/2026\/03\/25\/nem-lehetett-tovabb-varni-kimentettek-egy-bezarva-tartott-kutyat-dorogon\/"},"wordCount":376,"publisher":{"@id":"https:\/\/dorogimedence.hu\/#organization"},"image":{"@id":"https:\/\/dorogimedence.hu\/index.php\/2026\/03\/25\/nem-lehetett-tovabb-varni-kimentettek-egy-bezarva-tartott-kutyat-dorogon\/#primaryimage"},"thumbnailUrl":"https:\/\/dorogimedence.hu\/wp-content\/uploads\/2026\/03\/bezart-kutya.jpg","keywords":["\u00e1llatment\u00e9s","Dorog","kutya"],"articleSection":["Dorog","H\u00edrek"],"inLanguage":"hu"},{"@type":"WebPage","@id":"https:\/\/dorogimedence.hu\/index.php\/2026\/03\/25\/nem-lehetett-tovabb-varni-kimentettek-egy-bezarva-tartott-kutyat-dorogon\/","url":"https:\/\/dorogimedence.hu\/index.php\/2026\/03\/25\/nem-lehetett-tovabb-varni-kimentettek-egy-bezarva-tartott-kutyat-dorogon\/","name":"Nem lehetett tov\u00e1bb v\u00e1rni: kimentettek egy bez\u00e1rva tartott kuty\u00e1t Dorogon","isPartOf":{"@id":"https:\/\/dorogimedence.hu\/#website"},"primaryImageOfPage":{"@id":"https:\/\/dorogimedence.hu\/index.php\/2026\/03\/25\/nem-lehetett-tovabb-varni-kimentettek-egy-bezarva-tartott-kutyat-dorogon\/#primaryimage"},"image":{"@id":"https:\/\/dorogimedence.hu\/index.php\/2026\/03\/25\/nem-lehetett-tovabb-varni-kimentettek-egy-bezarva-tartott-kutyat-dorogon\/#primaryimage"},"thumbnailUrl":"https:\/\/dorogimedence.hu\/wp-content\/uploads\/2026\/03\/bezart-kutya.jpg","datePublished":"2026-03-25T12:52:01+00:00","breadcrumb":{"@id":"https:\/\/dorogimedence.hu\/index.php\/2026\/03\/25\/nem-lehetett-tovabb-varni-kimentettek-egy-bezarva-tartott-kutyat-dorogon\/#breadcrumb"},"inLanguage":"hu","potentialAction":[{"@type":"ReadAction","target":["https:\/\/dorogimedence.hu\/index.php\/2026\/03\/25\/nem-lehetett-tovabb-varni-kimentettek-egy-bezarva-tartott-kutyat-dorogon\/"]}]},{"@type":"ImageObject","inLanguage":"hu","@id":"https:\/\/dorogimedence.hu\/index.php\/2026\/03\/25\/nem-lehetett-tovabb-varni-kimentettek-egy-bezarva-tartott-kutyat-dorogon\/#primaryimage","url":"https:\/\/dorogimedence.hu\/wp-content\/uploads\/2026\/03\/bezart-kutya.jpg","contentUrl":"https:\/\/dorogimedence.hu\/wp-content\/uploads\/2026\/03\/bezart-kutya.jpg","width":1920,"height":970},{"@type":"BreadcrumbList","@id":"https:\/\/dorogimedence.hu\/index.php\/2026\/03\/25\/nem-lehetett-tovabb-varni-kimentettek-egy-bezarva-tartott-kutyat-dorogon\/#breadcrumb","itemListElement":[{"@type":"ListItem","position":1,"name":"Kezd\u0151lap","item":"https:\/\/dorogimedence.hu\/"},{"@type":"ListItem","position":2,"name":"Nem lehetett tov\u00e1bb v\u00e1rni: kimentettek egy bez\u00e1rva tartott kuty\u00e1t Dorogon"}]},{"@type":"WebSite","@id":"https:\/\/dorogimedence.hu\/#website","url":"https:\/\/dorogimedence.hu\/","name":"Dorogi-medence Region\u00e1lis H\u00edrport\u00e1l","description":"Dorog, Keszt\u00f6lc, Le\u00e1nyv\u00e1r, Piliscs\u00e9v, Tokod, Tokodalt\u00e1r\u00f3, Csolnok, Esztergom-kertv\u00e1ros: h\u00edrek, programok","publisher":{"@id":"https:\/\/dorogimedence.hu\/#organization"},"potentialAction":[{"@type":"SearchAction","target":{"@type":"EntryPoint","urlTemplate":"https:\/\/dorogimedence.hu\/?s={search_term_string}"},"query-input":{"@type":"PropertyValueSpecification","valueRequired":true,"valueName":"search_term_string"}}],"inLanguage":"hu"},{"@type":"Organization","@id":"https:\/\/dorogimedence.hu\/#organization","name":"Dorogi-medence Region\u00e1lis H\u00edrport\u00e1l","url":"https:\/\/dorogimedence.hu\/","logo":{"@type":"ImageObject","inLanguage":"hu","@id":"https:\/\/dorogimedence.hu\/#\/schema\/logo\/image\/","url":"https:\/\/dorogimedence.hu\/wp-content\/uploads\/2021\/04\/logo-feher-600.png","contentUrl":"https:\/\/dorogimedence.hu\/wp-content\/uploads\/2021\/04\/logo-feher-600.png","width":600,"height":100,"caption":"Dorogi-medence Region\u00e1lis H\u00edrport\u00e1l"},"image":{"@id":"https:\/\/dorogimedence.hu\/#\/schema\/logo\/image\/"},"sameAs":["https:\/\/www.facebook.com\/dorogimedence\/"]},{"@type":"Person","@id":"https:\/\/dorogimedence.hu\/#\/schema\/person\/ce6091eeb7e95ecdc87890d6aa8e0fd4","name":"dorogimedence.hu","image":{"@type":"ImageObject","inLanguage":"hu","@id":"\/\/www.gravatar.com\/avatar\/d8d45f8901aadff40a4af72c0b826f1d?s=96&#038;r=g&#038;d=mm","url":"\/\/www.gravatar.com\/avatar\/d8d45f8901aadff40a4af72c0b826f1d?s=96&#038;r=g&#038;d=mm","contentUrl":"\/\/www.gravatar.com\/avatar\/d8d45f8901aadff40a4af72c0b826f1d?s=96&#038;r=g&#038;d=mm","caption":"dorogimedence.hu"}}]}},"_links":{"self":[{"href":"https:\/\/dorogimedence.hu\/index.php\/wp-json\/wp\/v2\/posts\/78905","targetHints":{"allow":["GET"]}}],"collection":[{"href":"https:\/\/dorogimedence.hu\/index.php\/wp-json\/wp\/v2\/posts"}],"about":[{"href":"https:\/\/dorogimedence.hu\/index.php\/wp-json\/wp\/v2\/types\/post"}],"author":[{"embeddable":true,"href":"https:\/\/dorogimedence.hu\/index.php\/wp-json\/wp\/v2\/users\/1"}],"replies":[{"embeddable":true,"href":"https:\/\/dorogimedence.hu\/index.php\/wp-json\/wp\/v2\/comments?post=78905"}],"version-history":[{"count":1,"href":"https:\/\/dorogimedence.hu\/index.php\/wp-json\/wp\/v2\/posts\/78905\/revisions"}],"predecessor-version":[{"id":78907,"href":"https:\/\/dorogimedence.hu\/index.php\/wp-json\/wp\/v2\/posts\/78905\/revisions\/78907"}],"wp:featuredmedia":[{"embeddable":true,"href":"https:\/\/dorogimedence.hu\/index.php\/wp-json\/wp\/v2\/media\/78906"}],"wp:attachment":[{"href":"https:\/\/dorogimedence.hu\/index.php\/wp-json\/wp\/v2\/media?parent=78905"}],"wp:term":[{"taxonomy":"category","embeddable":true,"href":"https:\/\/dorogimedence.hu\/index.php\/wp-json\/wp\/v2\/categories?post=78905"},{"taxonomy":"post_tag","embeddable":true,"href":"https:\/\/dorogimedence.hu\/index.php\/wp-json\/wp\/v2\/tags?post=78905"}],"curies":[{"name":"wp","href":"https:\/\/api.w.org\/{rel}","templated":true}]}}