{"id":78885,"date":"2026-03-25T09:09:01","date_gmt":"2026-03-25T08:09:01","guid":{"rendered":"https:\/\/dorogimedence.hu\/?p=78885"},"modified":"2026-03-25T09:09:01","modified_gmt":"2026-03-25T08:09:01","slug":"lezarult-a-teli-madarles-a-tersegbol-is-erkeztek-megfigyelesek","status":"publish","type":"post","link":"https:\/\/dorogimedence.hu\/index.php\/2026\/03\/25\/lezarult-a-teli-madarles-a-tersegbol-is-erkeztek-megfigyelesek\/","title":{"rendered":"Lez\u00e1rult a t\u00e9li mad\u00e1rles: a t\u00e9rs\u00e9gb\u0151l is \u00e9rkeztek megfigyel\u00e9sek"},"content":{"rendered":"<p><strong>Lez\u00e1rult a Magyar Mad\u00e1rtani \u00e9s Term\u00e9szetv\u00e9delmi Egyes\u00fclet (MME) idei T\u00e9li mad\u00e1rles akci\u00f3ja, amelyhez t\u00e9rs\u00e9g\u00fcnkb\u0151l is csatlakoztak megfigyel\u0151k: Esztergomban, Csolnokon \u00e9s Le\u00e1nyv\u00e1ron is r\u00f6gz\u00edtettek adatokat.<\/strong><\/p>\n<p>A t\u00f6bb mint t\u00edz h\u00e9ten \u00e1t tart\u00f3 orsz\u00e1gos lakoss\u00e1gi mad\u00e1rsz\u00e1ml\u00e1l\u00e1st 2025. december 6. \u00e9s 2026. febru\u00e1r 28. k\u00f6z\u00f6tt rendezt\u00e9k meg. A kezdem\u00e9nyez\u00e9s c\u00e9lja, hogy a lakoss\u00e1g bevon\u00e1s\u00e1val min\u00e9l t\u00f6bb inform\u00e1ci\u00f3 gy\u0171lj\u00f6n a k\u00f6rnyezet\u00fcnkben \u00e9l\u0151 madarakr\u00f3l, seg\u00edtve ezzel v\u00e9delm\u00fcket is.<\/p>\n<p>A 2025\/2026-os T\u00e9li mad\u00e1rles sor\u00e1n 790 r\u00e9sztvev\u0151, 389 telep\u00fcl\u00e9s 915 helysz\u00edn\u00e9r\u0151l \u00f6sszesen 5115 f\u00e9l\u00f3r\u00e1s megfigyel\u00e9st k\u00fcld\u00f6tt be. A be\u00e9rkezett adatok alapj\u00e1n 101 mad\u00e1rfaj 146 758 egyed\u00e9t r\u00f6gz\u00edtett\u00e9k.<\/p>\n<p>A leggyakrabban megfigyelt fajok a k\u00f6vetkez\u0151k voltak:<\/p>\n<ul>\n<li>sz\u00e9ncinege \u2013 33 848 p\u00e9ld\u00e1ny<\/li>\n<li>mezei ver\u00e9b \u2013 28 959 p\u00e9ld\u00e1ny<\/li>\n<li>tengelic \u2013 16 692 p\u00e9ld\u00e1ny<\/li>\n<li>h\u00e1zi ver\u00e9b \u2013 13 431 p\u00e9ld\u00e1ny<\/li>\n<li>k\u00e9k cinege \u2013 7 169 p\u00e9ld\u00e1ny<\/li>\n<\/ul>\n<p>A t\u00e9rs\u00e9gben Esztergomban 1, m\u00edg Csolnokon \u00e9s Le\u00e1nyv\u00e1ron 2-2 megfigyel\u00e9st r\u00f6gz\u00edtettek.<\/p>\n<p>Az adatokat els\u0151sorban az MME \u00e1ltal fejlesztett Turdus applik\u00e1ci\u00f3n kereszt\u00fcl r\u00f6gz\u00edtett\u00e9k, de az internetes adatb\u00e1zisba is lehetett felt\u00f6lteni a megfigyel\u00e9seket. Ut\u00f3bbi fel\u00fcleten a felhaszn\u00e1l\u00f3k k\u00fcl\u00f6nb\u00f6z\u0151 statisztikai \u00f6sszes\u00edt\u00e9seket \u00e9s t\u00e9rk\u00e9pes megjelen\u00edt\u00e9st is el\u00e9rhetnek.<\/p>\n<p>A t\u00e9li id\u0151szakot k\u00f6vet\u0151en tavasszal is folytat\u00f3dik az adatgy\u0171jt\u00e9s: \u00e1prilis 1. \u00e9s j\u00fanius 30. k\u00f6z\u00f6tt zajlik a Tavaszi term\u00e9szetles, emellett k\u00fcl\u00f6n programok \u2013 a Fecskeles \u00e9s a G\u00f3lyales \u2013 is v\u00e1rj\u00e1k a term\u00e9szet ir\u00e1nt \u00e9rdekl\u0151d\u0151ket.<\/p>\n<p><a href=\"https:\/\/mme.hu\/hirek\/2026\/03\/25\/4_teli_madarles_lakossagi_madarszamlalasi_akcio_eredmenyei\" target=\"_blank\" rel=\"noopener\"><span style=\"text-decoration: underline; color: #0000ff;\"><strong>Tov\u00e1bbi r\u00e9szletek&gt;&gt;<\/strong><\/span><\/a><\/p>\n<p><em>Bor\u00edt\u00f3k\u00e9p, forr\u00e1s: MME<\/em><\/p>\n","protected":false},"excerpt":{"rendered":"<p>Lez\u00e1rult a Magyar Mad\u00e1rtani \u00e9s Term\u00e9szetv\u00e9delmi Egyes\u00fclet (MME) idei T\u00e9li mad\u00e1rles akci\u00f3ja, amelyhez t\u00e9rs\u00e9g\u00fcnkb\u0151l is csatlakoztak megfigyel\u0151k: Esztergomban, Csolnokon \u00e9s Le\u00e1nyv\u00e1ron is r\u00f6gz\u00edtettek adatokat. A t\u00f6bb mint t\u00edz h\u00e9ten \u00e1t tart\u00f3 orsz\u00e1gos lakoss\u00e1gi mad\u00e1rsz\u00e1ml\u00e1l\u00e1st 2025. december 6. \u00e9s 2026. febru\u00e1r 28. k\u00f6z\u00f6tt rendezt\u00e9k meg. A kezdem\u00e9nyez\u00e9s c\u00e9lja, hogy a lakoss\u00e1g bevon\u00e1s\u00e1val min\u00e9l t\u00f6bb inform\u00e1ci\u00f3 gy\u0171lj\u00f6n<\/p>\n","protected":false},"author":1,"featured_media":78886,"comment_status":"closed","ping_status":"closed","sticky":false,"template":"","format":"standard","meta":{"ngg_post_thumbnail":0,"footnotes":""},"categories":[64,38,3,9,6948],"tags":[7325,7619],"class_list":{"0":"post-78885","1":"post","2":"type-post","3":"status-publish","4":"format-standard","5":"has-post-thumbnail","7":"category-csolnok","8":"category-esztergom","9":"category-hirek","10":"category-leanyvar","11":"category-szines","12":"tag-mme","13":"tag-teli-madarles"},"yoast_head":"<!-- This site is optimized with the Yoast SEO plugin v27.5 - https:\/\/yoast.com\/product\/yoast-seo-wordpress\/ -->\n<title>Lez\u00e1rult a t\u00e9li mad\u00e1rles: a t\u00e9rs\u00e9gb\u0151l is \u00e9rkeztek megfigyel\u00e9sek<\/title>\n<meta name=\"robots\" content=\"index, follow, max-snippet:-1, max-image-preview:large, max-video-preview:-1\" \/>\n<link rel=\"canonical\" href=\"https:\/\/dorogimedence.hu\/index.php\/2026\/03\/25\/lezarult-a-teli-madarles-a-tersegbol-is-erkeztek-megfigyelesek\/\" class=\"yoast-seo-meta-tag\" \/>\n<meta property=\"og:locale\" content=\"hu_HU\" class=\"yoast-seo-meta-tag\" \/>\n<meta property=\"og:type\" content=\"article\" class=\"yoast-seo-meta-tag\" \/>\n<meta property=\"og:title\" content=\"Lez\u00e1rult a t\u00e9li mad\u00e1rles: a t\u00e9rs\u00e9gb\u0151l is \u00e9rkeztek megfigyel\u00e9sek\" class=\"yoast-seo-meta-tag\" \/>\n<meta property=\"og:description\" content=\"Lez\u00e1rult a Magyar Mad\u00e1rtani \u00e9s Term\u00e9szetv\u00e9delmi Egyes\u00fclet (MME) idei T\u00e9li mad\u00e1rles akci\u00f3ja, amelyhez t\u00e9rs\u00e9g\u00fcnkb\u0151l is csatlakoztak megfigyel\u0151k: Esztergomban, Csolnokon \u00e9s Le\u00e1nyv\u00e1ron is r\u00f6gz\u00edtettek adatokat. A t\u00f6bb mint t\u00edz h\u00e9ten \u00e1t tart\u00f3 orsz\u00e1gos lakoss\u00e1gi mad\u00e1rsz\u00e1ml\u00e1l\u00e1st 2025. december 6. \u00e9s 2026. febru\u00e1r 28. k\u00f6z\u00f6tt rendezt\u00e9k meg. A kezdem\u00e9nyez\u00e9s c\u00e9lja, hogy a lakoss\u00e1g bevon\u00e1s\u00e1val min\u00e9l t\u00f6bb inform\u00e1ci\u00f3 gy\u0171lj\u00f6n\" class=\"yoast-seo-meta-tag\" \/>\n<meta property=\"og:url\" content=\"https:\/\/dorogimedence.hu\/index.php\/2026\/03\/25\/lezarult-a-teli-madarles-a-tersegbol-is-erkeztek-megfigyelesek\/\" class=\"yoast-seo-meta-tag\" \/>\n<meta property=\"og:site_name\" content=\"Dorogi-medence Region\u00e1lis H\u00edrport\u00e1l\" class=\"yoast-seo-meta-tag\" \/>\n<meta property=\"article:publisher\" content=\"https:\/\/www.facebook.com\/dorogimedence\/\" class=\"yoast-seo-meta-tag\" \/>\n<meta property=\"article:published_time\" content=\"2026-03-25T08:09:01+00:00\" class=\"yoast-seo-meta-tag\" \/>\n<meta property=\"og:image\" content=\"https:\/\/dorogimedence.hu\/wp-content\/uploads\/2026\/03\/teli-madarles.jpg\" class=\"yoast-seo-meta-tag\" \/>\n\t<meta property=\"og:image:width\" content=\"1920\" class=\"yoast-seo-meta-tag\" \/>\n\t<meta property=\"og:image:height\" content=\"970\" class=\"yoast-seo-meta-tag\" \/>\n\t<meta property=\"og:image:type\" content=\"image\/jpeg\" class=\"yoast-seo-meta-tag\" \/>\n<meta name=\"author\" content=\"dorogimedence.hu\" class=\"yoast-seo-meta-tag\" \/>\n<meta name=\"twitter:card\" content=\"summary_large_image\" class=\"yoast-seo-meta-tag\" \/>\n<meta name=\"twitter:label1\" content=\"Szerz\u0151:\" class=\"yoast-seo-meta-tag\" \/>\n\t<meta name=\"twitter:data1\" content=\"dorogimedence.hu\" class=\"yoast-seo-meta-tag\" \/>\n\t<meta name=\"twitter:label2\" content=\"Becs\u00fclt olvas\u00e1si id\u0151\" class=\"yoast-seo-meta-tag\" \/>\n\t<meta name=\"twitter:data2\" content=\"2 perc\" class=\"yoast-seo-meta-tag\" \/>\n<script type=\"application\/ld+json\" class=\"yoast-schema-graph\">{\"@context\":\"https:\\\/\\\/schema.org\",\"@graph\":[{\"@type\":\"Article\",\"@id\":\"https:\\\/\\\/dorogimedence.hu\\\/index.php\\\/2026\\\/03\\\/25\\\/lezarult-a-teli-madarles-a-tersegbol-is-erkeztek-megfigyelesek\\\/#article\",\"isPartOf\":{\"@id\":\"https:\\\/\\\/dorogimedence.hu\\\/index.php\\\/2026\\\/03\\\/25\\\/lezarult-a-teli-madarles-a-tersegbol-is-erkeztek-megfigyelesek\\\/\"},\"author\":{\"name\":\"dorogimedence.hu\",\"@id\":\"https:\\\/\\\/dorogimedence.hu\\\/#\\\/schema\\\/person\\\/ce6091eeb7e95ecdc87890d6aa8e0fd4\"},\"headline\":\"Lez\u00e1rult a t\u00e9li mad\u00e1rles: a t\u00e9rs\u00e9gb\u0151l is \u00e9rkeztek megfigyel\u00e9sek\",\"datePublished\":\"2026-03-25T08:09:01+00:00\",\"mainEntityOfPage\":{\"@id\":\"https:\\\/\\\/dorogimedence.hu\\\/index.php\\\/2026\\\/03\\\/25\\\/lezarult-a-teli-madarles-a-tersegbol-is-erkeztek-megfigyelesek\\\/\"},\"wordCount\":339,\"publisher\":{\"@id\":\"https:\\\/\\\/dorogimedence.hu\\\/#organization\"},\"image\":{\"@id\":\"https:\\\/\\\/dorogimedence.hu\\\/index.php\\\/2026\\\/03\\\/25\\\/lezarult-a-teli-madarles-a-tersegbol-is-erkeztek-megfigyelesek\\\/#primaryimage\"},\"thumbnailUrl\":\"https:\\\/\\\/dorogimedence.hu\\\/wp-content\\\/uploads\\\/2026\\\/03\\\/teli-madarles.jpg\",\"keywords\":[\"MME\",\"t\u00e9li mad\u00e1rles\"],\"articleSection\":[\"Csolnok\",\"Esztergom\",\"H\u00edrek\",\"Le\u00e1nyv\u00e1r\",\"Sz\u00ednes\"],\"inLanguage\":\"hu\"},{\"@type\":\"WebPage\",\"@id\":\"https:\\\/\\\/dorogimedence.hu\\\/index.php\\\/2026\\\/03\\\/25\\\/lezarult-a-teli-madarles-a-tersegbol-is-erkeztek-megfigyelesek\\\/\",\"url\":\"https:\\\/\\\/dorogimedence.hu\\\/index.php\\\/2026\\\/03\\\/25\\\/lezarult-a-teli-madarles-a-tersegbol-is-erkeztek-megfigyelesek\\\/\",\"name\":\"Lez\u00e1rult a t\u00e9li mad\u00e1rles: a t\u00e9rs\u00e9gb\u0151l is \u00e9rkeztek megfigyel\u00e9sek\",\"isPartOf\":{\"@id\":\"https:\\\/\\\/dorogimedence.hu\\\/#website\"},\"primaryImageOfPage\":{\"@id\":\"https:\\\/\\\/dorogimedence.hu\\\/index.php\\\/2026\\\/03\\\/25\\\/lezarult-a-teli-madarles-a-tersegbol-is-erkeztek-megfigyelesek\\\/#primaryimage\"},\"image\":{\"@id\":\"https:\\\/\\\/dorogimedence.hu\\\/index.php\\\/2026\\\/03\\\/25\\\/lezarult-a-teli-madarles-a-tersegbol-is-erkeztek-megfigyelesek\\\/#primaryimage\"},\"thumbnailUrl\":\"https:\\\/\\\/dorogimedence.hu\\\/wp-content\\\/uploads\\\/2026\\\/03\\\/teli-madarles.jpg\",\"datePublished\":\"2026-03-25T08:09:01+00:00\",\"breadcrumb\":{\"@id\":\"https:\\\/\\\/dorogimedence.hu\\\/index.php\\\/2026\\\/03\\\/25\\\/lezarult-a-teli-madarles-a-tersegbol-is-erkeztek-megfigyelesek\\\/#breadcrumb\"},\"inLanguage\":\"hu\",\"potentialAction\":[{\"@type\":\"ReadAction\",\"target\":[\"https:\\\/\\\/dorogimedence.hu\\\/index.php\\\/2026\\\/03\\\/25\\\/lezarult-a-teli-madarles-a-tersegbol-is-erkeztek-megfigyelesek\\\/\"]}]},{\"@type\":\"ImageObject\",\"inLanguage\":\"hu\",\"@id\":\"https:\\\/\\\/dorogimedence.hu\\\/index.php\\\/2026\\\/03\\\/25\\\/lezarult-a-teli-madarles-a-tersegbol-is-erkeztek-megfigyelesek\\\/#primaryimage\",\"url\":\"https:\\\/\\\/dorogimedence.hu\\\/wp-content\\\/uploads\\\/2026\\\/03\\\/teli-madarles.jpg\",\"contentUrl\":\"https:\\\/\\\/dorogimedence.hu\\\/wp-content\\\/uploads\\\/2026\\\/03\\\/teli-madarles.jpg\",\"width\":1920,\"height\":970},{\"@type\":\"BreadcrumbList\",\"@id\":\"https:\\\/\\\/dorogimedence.hu\\\/index.php\\\/2026\\\/03\\\/25\\\/lezarult-a-teli-madarles-a-tersegbol-is-erkeztek-megfigyelesek\\\/#breadcrumb\",\"itemListElement\":[{\"@type\":\"ListItem\",\"position\":1,\"name\":\"Kezd\u0151lap\",\"item\":\"https:\\\/\\\/dorogimedence.hu\\\/\"},{\"@type\":\"ListItem\",\"position\":2,\"name\":\"Lez\u00e1rult a t\u00e9li mad\u00e1rles: a t\u00e9rs\u00e9gb\u0151l is \u00e9rkeztek megfigyel\u00e9sek\"}]},{\"@type\":\"WebSite\",\"@id\":\"https:\\\/\\\/dorogimedence.hu\\\/#website\",\"url\":\"https:\\\/\\\/dorogimedence.hu\\\/\",\"name\":\"Dorogi-medence Region\u00e1lis H\u00edrport\u00e1l\",\"description\":\"Dorog, Keszt\u00f6lc, Le\u00e1nyv\u00e1r, Piliscs\u00e9v, Tokod, Tokodalt\u00e1r\u00f3, Csolnok, Esztergom-kertv\u00e1ros: h\u00edrek, programok\",\"publisher\":{\"@id\":\"https:\\\/\\\/dorogimedence.hu\\\/#organization\"},\"potentialAction\":[{\"@type\":\"SearchAction\",\"target\":{\"@type\":\"EntryPoint\",\"urlTemplate\":\"https:\\\/\\\/dorogimedence.hu\\\/?s={search_term_string}\"},\"query-input\":{\"@type\":\"PropertyValueSpecification\",\"valueRequired\":true,\"valueName\":\"search_term_string\"}}],\"inLanguage\":\"hu\"},{\"@type\":\"Organization\",\"@id\":\"https:\\\/\\\/dorogimedence.hu\\\/#organization\",\"name\":\"Dorogi-medence Region\u00e1lis H\u00edrport\u00e1l\",\"url\":\"https:\\\/\\\/dorogimedence.hu\\\/\",\"logo\":{\"@type\":\"ImageObject\",\"inLanguage\":\"hu\",\"@id\":\"https:\\\/\\\/dorogimedence.hu\\\/#\\\/schema\\\/logo\\\/image\\\/\",\"url\":\"https:\\\/\\\/dorogimedence.hu\\\/wp-content\\\/uploads\\\/2021\\\/04\\\/logo-feher-600.png\",\"contentUrl\":\"https:\\\/\\\/dorogimedence.hu\\\/wp-content\\\/uploads\\\/2021\\\/04\\\/logo-feher-600.png\",\"width\":600,\"height\":100,\"caption\":\"Dorogi-medence Region\u00e1lis H\u00edrport\u00e1l\"},\"image\":{\"@id\":\"https:\\\/\\\/dorogimedence.hu\\\/#\\\/schema\\\/logo\\\/image\\\/\"},\"sameAs\":[\"https:\\\/\\\/www.facebook.com\\\/dorogimedence\\\/\"]},{\"@type\":\"Person\",\"@id\":\"https:\\\/\\\/dorogimedence.hu\\\/#\\\/schema\\\/person\\\/ce6091eeb7e95ecdc87890d6aa8e0fd4\",\"name\":\"dorogimedence.hu\",\"image\":{\"@type\":\"ImageObject\",\"inLanguage\":\"hu\",\"@id\":\"\\\/\\\/www.gravatar.com\\\/avatar\\\/d8d45f8901aadff40a4af72c0b826f1d?s=96&#038;r=g&#038;d=mm\",\"url\":\"\\\/\\\/www.gravatar.com\\\/avatar\\\/d8d45f8901aadff40a4af72c0b826f1d?s=96&#038;r=g&#038;d=mm\",\"contentUrl\":\"\\\/\\\/www.gravatar.com\\\/avatar\\\/d8d45f8901aadff40a4af72c0b826f1d?s=96&#038;r=g&#038;d=mm\",\"caption\":\"dorogimedence.hu\"}}]}<\/script>\n<!-- \/ Yoast SEO plugin. -->","yoast_head_json":{"title":"Lez\u00e1rult a t\u00e9li mad\u00e1rles: a t\u00e9rs\u00e9gb\u0151l is \u00e9rkeztek megfigyel\u00e9sek","robots":{"index":"index","follow":"follow","max-snippet":"max-snippet:-1","max-image-preview":"max-image-preview:large","max-video-preview":"max-video-preview:-1"},"canonical":"https:\/\/dorogimedence.hu\/index.php\/2026\/03\/25\/lezarult-a-teli-madarles-a-tersegbol-is-erkeztek-megfigyelesek\/","og_locale":"hu_HU","og_type":"article","og_title":"Lez\u00e1rult a t\u00e9li mad\u00e1rles: a t\u00e9rs\u00e9gb\u0151l is \u00e9rkeztek megfigyel\u00e9sek","og_description":"Lez\u00e1rult a Magyar Mad\u00e1rtani \u00e9s Term\u00e9szetv\u00e9delmi Egyes\u00fclet (MME) idei T\u00e9li mad\u00e1rles akci\u00f3ja, amelyhez t\u00e9rs\u00e9g\u00fcnkb\u0151l is csatlakoztak megfigyel\u0151k: Esztergomban, Csolnokon \u00e9s Le\u00e1nyv\u00e1ron is r\u00f6gz\u00edtettek adatokat. A t\u00f6bb mint t\u00edz h\u00e9ten \u00e1t tart\u00f3 orsz\u00e1gos lakoss\u00e1gi mad\u00e1rsz\u00e1ml\u00e1l\u00e1st 2025. december 6. \u00e9s 2026. febru\u00e1r 28. k\u00f6z\u00f6tt rendezt\u00e9k meg. A kezdem\u00e9nyez\u00e9s c\u00e9lja, hogy a lakoss\u00e1g bevon\u00e1s\u00e1val min\u00e9l t\u00f6bb inform\u00e1ci\u00f3 gy\u0171lj\u00f6n","og_url":"https:\/\/dorogimedence.hu\/index.php\/2026\/03\/25\/lezarult-a-teli-madarles-a-tersegbol-is-erkeztek-megfigyelesek\/","og_site_name":"Dorogi-medence Region\u00e1lis H\u00edrport\u00e1l","article_publisher":"https:\/\/www.facebook.com\/dorogimedence\/","article_published_time":"2026-03-25T08:09:01+00:00","og_image":[{"width":1920,"height":970,"url":"https:\/\/dorogimedence.hu\/wp-content\/uploads\/2026\/03\/teli-madarles.jpg","type":"image\/jpeg"}],"author":"dorogimedence.hu","twitter_card":"summary_large_image","twitter_misc":{"Szerz\u0151:":"dorogimedence.hu","Becs\u00fclt olvas\u00e1si id\u0151":"2 perc"},"schema":{"@context":"https:\/\/schema.org","@graph":[{"@type":"Article","@id":"https:\/\/dorogimedence.hu\/index.php\/2026\/03\/25\/lezarult-a-teli-madarles-a-tersegbol-is-erkeztek-megfigyelesek\/#article","isPartOf":{"@id":"https:\/\/dorogimedence.hu\/index.php\/2026\/03\/25\/lezarult-a-teli-madarles-a-tersegbol-is-erkeztek-megfigyelesek\/"},"author":{"name":"dorogimedence.hu","@id":"https:\/\/dorogimedence.hu\/#\/schema\/person\/ce6091eeb7e95ecdc87890d6aa8e0fd4"},"headline":"Lez\u00e1rult a t\u00e9li mad\u00e1rles: a t\u00e9rs\u00e9gb\u0151l is \u00e9rkeztek megfigyel\u00e9sek","datePublished":"2026-03-25T08:09:01+00:00","mainEntityOfPage":{"@id":"https:\/\/dorogimedence.hu\/index.php\/2026\/03\/25\/lezarult-a-teli-madarles-a-tersegbol-is-erkeztek-megfigyelesek\/"},"wordCount":339,"publisher":{"@id":"https:\/\/dorogimedence.hu\/#organization"},"image":{"@id":"https:\/\/dorogimedence.hu\/index.php\/2026\/03\/25\/lezarult-a-teli-madarles-a-tersegbol-is-erkeztek-megfigyelesek\/#primaryimage"},"thumbnailUrl":"https:\/\/dorogimedence.hu\/wp-content\/uploads\/2026\/03\/teli-madarles.jpg","keywords":["MME","t\u00e9li mad\u00e1rles"],"articleSection":["Csolnok","Esztergom","H\u00edrek","Le\u00e1nyv\u00e1r","Sz\u00ednes"],"inLanguage":"hu"},{"@type":"WebPage","@id":"https:\/\/dorogimedence.hu\/index.php\/2026\/03\/25\/lezarult-a-teli-madarles-a-tersegbol-is-erkeztek-megfigyelesek\/","url":"https:\/\/dorogimedence.hu\/index.php\/2026\/03\/25\/lezarult-a-teli-madarles-a-tersegbol-is-erkeztek-megfigyelesek\/","name":"Lez\u00e1rult a t\u00e9li mad\u00e1rles: a t\u00e9rs\u00e9gb\u0151l is \u00e9rkeztek megfigyel\u00e9sek","isPartOf":{"@id":"https:\/\/dorogimedence.hu\/#website"},"primaryImageOfPage":{"@id":"https:\/\/dorogimedence.hu\/index.php\/2026\/03\/25\/lezarult-a-teli-madarles-a-tersegbol-is-erkeztek-megfigyelesek\/#primaryimage"},"image":{"@id":"https:\/\/dorogimedence.hu\/index.php\/2026\/03\/25\/lezarult-a-teli-madarles-a-tersegbol-is-erkeztek-megfigyelesek\/#primaryimage"},"thumbnailUrl":"https:\/\/dorogimedence.hu\/wp-content\/uploads\/2026\/03\/teli-madarles.jpg","datePublished":"2026-03-25T08:09:01+00:00","breadcrumb":{"@id":"https:\/\/dorogimedence.hu\/index.php\/2026\/03\/25\/lezarult-a-teli-madarles-a-tersegbol-is-erkeztek-megfigyelesek\/#breadcrumb"},"inLanguage":"hu","potentialAction":[{"@type":"ReadAction","target":["https:\/\/dorogimedence.hu\/index.php\/2026\/03\/25\/lezarult-a-teli-madarles-a-tersegbol-is-erkeztek-megfigyelesek\/"]}]},{"@type":"ImageObject","inLanguage":"hu","@id":"https:\/\/dorogimedence.hu\/index.php\/2026\/03\/25\/lezarult-a-teli-madarles-a-tersegbol-is-erkeztek-megfigyelesek\/#primaryimage","url":"https:\/\/dorogimedence.hu\/wp-content\/uploads\/2026\/03\/teli-madarles.jpg","contentUrl":"https:\/\/dorogimedence.hu\/wp-content\/uploads\/2026\/03\/teli-madarles.jpg","width":1920,"height":970},{"@type":"BreadcrumbList","@id":"https:\/\/dorogimedence.hu\/index.php\/2026\/03\/25\/lezarult-a-teli-madarles-a-tersegbol-is-erkeztek-megfigyelesek\/#breadcrumb","itemListElement":[{"@type":"ListItem","position":1,"name":"Kezd\u0151lap","item":"https:\/\/dorogimedence.hu\/"},{"@type":"ListItem","position":2,"name":"Lez\u00e1rult a t\u00e9li mad\u00e1rles: a t\u00e9rs\u00e9gb\u0151l is \u00e9rkeztek megfigyel\u00e9sek"}]},{"@type":"WebSite","@id":"https:\/\/dorogimedence.hu\/#website","url":"https:\/\/dorogimedence.hu\/","name":"Dorogi-medence Region\u00e1lis H\u00edrport\u00e1l","description":"Dorog, Keszt\u00f6lc, Le\u00e1nyv\u00e1r, Piliscs\u00e9v, Tokod, Tokodalt\u00e1r\u00f3, Csolnok, Esztergom-kertv\u00e1ros: h\u00edrek, programok","publisher":{"@id":"https:\/\/dorogimedence.hu\/#organization"},"potentialAction":[{"@type":"SearchAction","target":{"@type":"EntryPoint","urlTemplate":"https:\/\/dorogimedence.hu\/?s={search_term_string}"},"query-input":{"@type":"PropertyValueSpecification","valueRequired":true,"valueName":"search_term_string"}}],"inLanguage":"hu"},{"@type":"Organization","@id":"https:\/\/dorogimedence.hu\/#organization","name":"Dorogi-medence Region\u00e1lis H\u00edrport\u00e1l","url":"https:\/\/dorogimedence.hu\/","logo":{"@type":"ImageObject","inLanguage":"hu","@id":"https:\/\/dorogimedence.hu\/#\/schema\/logo\/image\/","url":"https:\/\/dorogimedence.hu\/wp-content\/uploads\/2021\/04\/logo-feher-600.png","contentUrl":"https:\/\/dorogimedence.hu\/wp-content\/uploads\/2021\/04\/logo-feher-600.png","width":600,"height":100,"caption":"Dorogi-medence Region\u00e1lis H\u00edrport\u00e1l"},"image":{"@id":"https:\/\/dorogimedence.hu\/#\/schema\/logo\/image\/"},"sameAs":["https:\/\/www.facebook.com\/dorogimedence\/"]},{"@type":"Person","@id":"https:\/\/dorogimedence.hu\/#\/schema\/person\/ce6091eeb7e95ecdc87890d6aa8e0fd4","name":"dorogimedence.hu","image":{"@type":"ImageObject","inLanguage":"hu","@id":"\/\/www.gravatar.com\/avatar\/d8d45f8901aadff40a4af72c0b826f1d?s=96&#038;r=g&#038;d=mm","url":"\/\/www.gravatar.com\/avatar\/d8d45f8901aadff40a4af72c0b826f1d?s=96&#038;r=g&#038;d=mm","contentUrl":"\/\/www.gravatar.com\/avatar\/d8d45f8901aadff40a4af72c0b826f1d?s=96&#038;r=g&#038;d=mm","caption":"dorogimedence.hu"}}]}},"_links":{"self":[{"href":"https:\/\/dorogimedence.hu\/index.php\/wp-json\/wp\/v2\/posts\/78885","targetHints":{"allow":["GET"]}}],"collection":[{"href":"https:\/\/dorogimedence.hu\/index.php\/wp-json\/wp\/v2\/posts"}],"about":[{"href":"https:\/\/dorogimedence.hu\/index.php\/wp-json\/wp\/v2\/types\/post"}],"author":[{"embeddable":true,"href":"https:\/\/dorogimedence.hu\/index.php\/wp-json\/wp\/v2\/users\/1"}],"replies":[{"embeddable":true,"href":"https:\/\/dorogimedence.hu\/index.php\/wp-json\/wp\/v2\/comments?post=78885"}],"version-history":[{"count":1,"href":"https:\/\/dorogimedence.hu\/index.php\/wp-json\/wp\/v2\/posts\/78885\/revisions"}],"predecessor-version":[{"id":78887,"href":"https:\/\/dorogimedence.hu\/index.php\/wp-json\/wp\/v2\/posts\/78885\/revisions\/78887"}],"wp:featuredmedia":[{"embeddable":true,"href":"https:\/\/dorogimedence.hu\/index.php\/wp-json\/wp\/v2\/media\/78886"}],"wp:attachment":[{"href":"https:\/\/dorogimedence.hu\/index.php\/wp-json\/wp\/v2\/media?parent=78885"}],"wp:term":[{"taxonomy":"category","embeddable":true,"href":"https:\/\/dorogimedence.hu\/index.php\/wp-json\/wp\/v2\/categories?post=78885"},{"taxonomy":"post_tag","embeddable":true,"href":"https:\/\/dorogimedence.hu\/index.php\/wp-json\/wp\/v2\/tags?post=78885"}],"curies":[{"name":"wp","href":"https:\/\/api.w.org\/{rel}","templated":true}]}}