{"id":78881,"date":"2026-03-25T06:07:30","date_gmt":"2026-03-25T05:07:30","guid":{"rendered":"https:\/\/dorogimedence.hu\/?p=78881"},"modified":"2026-03-25T06:07:30","modified_gmt":"2026-03-25T05:07:30","slug":"kiemelkedo-marciusi-szereples-a-dorogi-karatekaktol","status":"publish","type":"post","link":"https:\/\/dorogimedence.hu\/index.php\/2026\/03\/25\/kiemelkedo-marciusi-szereples-a-dorogi-karatekaktol\/","title":{"rendered":"Kiemelked\u0151 m\u00e1rciusi szerepl\u00e9s a dorogi karat\u00e9k\u00e1kt\u00f3l"},"content":{"rendered":"<p><strong>Mozgalmas \u00e9s eredm\u00e9nyekben gazdag id\u0151szakon vannak t\u00fal a Dorogi Atl\u00e9tikai Club karate szakoszt\u00e1ly\u00e1nak versenyz\u0151i, akik 2026 m\u00e1rcius\u00e1ban k\u00e9t rangos megm\u00e9rettet\u00e9sen is bizony\u00edtott\u00e1k felk\u00e9sz\u00fclts\u00e9g\u00fcket.<\/strong><\/p>\n<p>M\u00e1rcius 8-\u00e1n Ausztri\u00e1ban l\u00e9ptek tatamira a dorogi sportol\u00f3k, ahol t\u00f6bb orsz\u00e1g \u2013 k\u00f6zt\u00fck Horv\u00e1torsz\u00e1g, Szlov\u00e1kia, Szerbia, Magyarorsz\u00e1g \u00e9s a h\u00e1zigazda Ausztria \u2013 versenyz\u0151ivel m\u00e9rt\u00e9k \u00f6ssze tud\u00e1sukat. A klub \u00f6t versenyz\u0151vel vett r\u00e9szt, akik t\u00f6bb dobog\u00f3s helyez\u00e9st is szereztek.<\/p>\n<p><strong>Az ausztriai verseny eredm\u00e9nyei:<\/strong><\/p>\n<ul>\n<li>Els\u0151 helyez\u00e9s: Horv\u00e1th S\u00e1ra (kumite), V\u00e1gv\u00f6lgyi Vajk (kumite)<\/li>\n<li>M\u00e1sodik helyez\u00e9s: Horv\u00e1th S\u00e1ra (kata), Pap Szaffi (kumite), Moln\u00e1r Zara (kumite)<\/li>\n<li>Harmadik helyez\u00e9s: Horv\u00e1th R\u00e9ka (kumite), Moln\u00e1r Zara (kata)<\/li>\n<li>Negyedik helyez\u00e9s: Horv\u00e1th R\u00e9ka (kata)<\/li>\n<\/ul>\n<p>Egy h\u00e9ttel k\u00e9s\u0151bb, m\u00e1rcius 14-\u00e9n \u00c9rden rendezt\u00e9k meg az ENSI Kupa \u2013 Hal\u00e1sz K\u00e1roly Eml\u00e9kversenyt, ahol k\u00f6zel 300 versenyz\u0151 l\u00e9pett tatamira. A nemzetk\u00f6zi mez\u0151nyben a dorogi karat\u00e9k\u00e1k ism\u00e9t kiv\u00e1l\u00f3an szerepeltek, fegyelmezett, elsz\u00e1nt k\u00fczdelemmel sz\u00e1mos \u00e9rmet gy\u0171jt\u00f6ttek. T\u00f6bb versenyz\u0151 sz\u00e1m\u00e1ra ez volt az els\u0151 megm\u00e9rettet\u00e9s, m\u00edg Bauer Botond ifj\u00fas\u00e1gi sportol\u00f3k\u00e9nt a juniorok k\u00f6z\u00f6tt is helyt \u00e1llt.<\/p>\n<p><strong>Az \u00e9rdi verseny eredm\u00e9nyei:<\/strong><\/p>\n<ul>\n<li>Els\u0151 helyez\u00e9s: Sz\u0151csi D\u00e9nes (kumite), Gongola Emma (kumite), Sz\u00e1raz Ren\u00e1ta (kata), Vincze Viktor (kata), Bak\u00f3 \u00c1d\u00e1m (kata), Rell M\u00e1rk (csipesz harc), K\u00f6rmendi M\u00e1rk (kumite), V\u00e1gv\u00f6lgyi Vajk (kumite), M\u00e1ty\u00e1s Gerg\u0151 (kumite), Horv\u00e1th R\u00e9ka (kumite)<\/li>\n<li>M\u00e1sodik helyez\u00e9s: Cs\u00e1sz\u00e1r Blanka (kata), Rell Dorka (kumite), Rell M\u00e1rk (kumite), K\u00f6rmendi Ad\u00e9l (kumite), J\u00f3n\u00e1s Luca (kumite), V\u00e1gv\u00f6lgyi Dalma (kata), Moln\u00e1r Zara (kata, kumite), Pap Szaffi (kumite), Kara Attila (kumite), Kara Kitti (kumite), Horv\u00e1th S\u00e1ra (kata, kumite)<\/li>\n<li>Harmadik helyez\u00e9s: M\u00e1rton Csenge (kumite), Zoboky Oliv\u00e9r (kumite), B\u00e1csfalvi Botond (kumite), Bak\u00f3 \u00c1d\u00e1m (kumite), N\u00e9meth Benedek (kumite), Kis Benett (ovis fej-boka), Kis D\u00e1niel (kata), L\u00e9gr\u00e1di Korn\u00e9l (kumite), Bauer Botond (kumite), T\u00f3th \u00c1kos (kumite), Ferenci Eliza (kata, kumite), Ker\u00e9kgy\u00e1rt\u00f3 Gabriella (kumite), Horv\u00e1th R\u00e9ka (kata)<\/li>\n<li>Negyedik\u2013\u00f6t\u00f6dik helyez\u00e9s: S\u00e1rk\u00e1ny Al\u00edz (kata), Bank Tam\u00e1s (kumite), Kis Benett (csipesz harc), J\u00f3n\u00e1s Korn\u00e9l (kumite), Rezsuta Krist\u00f3f (kumite), Bokros Gvendolin (kumite)<\/li>\n<\/ul>\n<p>A Dorogi Atl\u00e9tikai Club karate szakoszt\u00e1ly\u00e1nak versenyz\u0151i ism\u00e9t bizony\u00edtott\u00e1k, hogy kitart\u00e1ssal \u00e9s al\u00e1zatos munk\u00e1val nemzetk\u00f6zi szinten is meg\u00e1llj\u00e1k a hely\u00fcket.<\/p>\n<p><img fetchpriority=\"high\" decoding=\"async\" class=\"alignnone size-full wp-image-78882\" src=\"https:\/\/dorogimedence.hu\/wp-content\/uploads\/2026\/03\/1000030415-1-scaled.jpg\" alt=\"\" width=\"1440\" height=\"2560\" srcset=\"https:\/\/dorogimedence.hu\/wp-content\/uploads\/2026\/03\/1000030415-1-scaled.jpg 1440w, https:\/\/dorogimedence.hu\/wp-content\/uploads\/2026\/03\/1000030415-1-338x600.jpg 338w, https:\/\/dorogimedence.hu\/wp-content\/uploads\/2026\/03\/1000030415-1-1080x1920.jpg 1080w, https:\/\/dorogimedence.hu\/wp-content\/uploads\/2026\/03\/1000030415-1-768x1365.jpg 768w, https:\/\/dorogimedence.hu\/wp-content\/uploads\/2026\/03\/1000030415-1-864x1536.jpg 864w, https:\/\/dorogimedence.hu\/wp-content\/uploads\/2026\/03\/1000030415-1-1152x2048.jpg 1152w, https:\/\/dorogimedence.hu\/wp-content\/uploads\/2026\/03\/1000030415-1-150x267.jpg 150w, https:\/\/dorogimedence.hu\/wp-content\/uploads\/2026\/03\/1000030415-1-450x800.jpg 450w, https:\/\/dorogimedence.hu\/wp-content\/uploads\/2026\/03\/1000030415-1-1200x2133.jpg 1200w\" sizes=\"(max-width: 1440px) 100vw, 1440px\" \/><\/p>\n<p><em>Fot\u00f3k, forr\u00e1s: <a href=\"https:\/\/dorogiac.hu\/karate\/kiemelkedo-marciusi-szereples-karatekainktol\" target=\"_blank\" rel=\"noopener\"><span style=\"text-decoration: underline; color: #0000ff;\">Dorogi Atl\u00e9tikai Club<\/span><\/a><\/em><\/p>\n","protected":false},"excerpt":{"rendered":"<p>Mozgalmas \u00e9s eredm\u00e9nyekben gazdag id\u0151szakon vannak t\u00fal a Dorogi Atl\u00e9tikai Club karate szakoszt\u00e1ly\u00e1nak versenyz\u0151i, akik 2026 m\u00e1rcius\u00e1ban k\u00e9t rangos megm\u00e9rettet\u00e9sen is bizony\u00edtott\u00e1k felk\u00e9sz\u00fclts\u00e9g\u00fcket. M\u00e1rcius 8-\u00e1n Ausztri\u00e1ban l\u00e9ptek tatamira a dorogi sportol\u00f3k, ahol t\u00f6bb orsz\u00e1g \u2013 k\u00f6zt\u00fck Horv\u00e1torsz\u00e1g, Szlov\u00e1kia, Szerbia, Magyarorsz\u00e1g \u00e9s a h\u00e1zigazda Ausztria \u2013 versenyz\u0151ivel m\u00e9rt\u00e9k \u00f6ssze tud\u00e1sukat. A klub \u00f6t versenyz\u0151vel vett r\u00e9szt,<\/p>\n","protected":false},"author":1,"featured_media":78883,"comment_status":"closed","ping_status":"closed","sticky":false,"template":"","format":"standard","meta":{"ngg_post_thumbnail":0,"footnotes":""},"categories":[2,3,5],"tags":[15,4037,406,16],"class_list":{"0":"post-78881","1":"post","2":"type-post","3":"status-publish","4":"format-standard","5":"has-post-thumbnail","7":"category-dorog","8":"category-hirek","9":"category-sport","10":"tag-dorog","11":"tag-dorogi-ac","12":"tag-karate","13":"tag-sport"},"yoast_head":"<!-- This site is optimized with the Yoast SEO plugin v27.5 - https:\/\/yoast.com\/product\/yoast-seo-wordpress\/ -->\n<title>Kiemelked\u0151 m\u00e1rciusi szerepl\u00e9s a dorogi karat\u00e9k\u00e1kt\u00f3l<\/title>\n<meta name=\"robots\" content=\"index, follow, max-snippet:-1, max-image-preview:large, max-video-preview:-1\" \/>\n<link rel=\"canonical\" href=\"https:\/\/dorogimedence.hu\/index.php\/2026\/03\/25\/kiemelkedo-marciusi-szereples-a-dorogi-karatekaktol\/\" class=\"yoast-seo-meta-tag\" \/>\n<meta property=\"og:locale\" content=\"hu_HU\" class=\"yoast-seo-meta-tag\" \/>\n<meta property=\"og:type\" content=\"article\" class=\"yoast-seo-meta-tag\" \/>\n<meta property=\"og:title\" content=\"Kiemelked\u0151 m\u00e1rciusi szerepl\u00e9s a dorogi karat\u00e9k\u00e1kt\u00f3l\" class=\"yoast-seo-meta-tag\" \/>\n<meta property=\"og:description\" content=\"Mozgalmas \u00e9s eredm\u00e9nyekben gazdag id\u0151szakon vannak t\u00fal a Dorogi Atl\u00e9tikai Club karate szakoszt\u00e1ly\u00e1nak versenyz\u0151i, akik 2026 m\u00e1rcius\u00e1ban k\u00e9t rangos megm\u00e9rettet\u00e9sen is bizony\u00edtott\u00e1k felk\u00e9sz\u00fclts\u00e9g\u00fcket. M\u00e1rcius 8-\u00e1n Ausztri\u00e1ban l\u00e9ptek tatamira a dorogi sportol\u00f3k, ahol t\u00f6bb orsz\u00e1g \u2013 k\u00f6zt\u00fck Horv\u00e1torsz\u00e1g, Szlov\u00e1kia, Szerbia, Magyarorsz\u00e1g \u00e9s a h\u00e1zigazda Ausztria \u2013 versenyz\u0151ivel m\u00e9rt\u00e9k \u00f6ssze tud\u00e1sukat. A klub \u00f6t versenyz\u0151vel vett r\u00e9szt,\" class=\"yoast-seo-meta-tag\" \/>\n<meta property=\"og:url\" content=\"https:\/\/dorogimedence.hu\/index.php\/2026\/03\/25\/kiemelkedo-marciusi-szereples-a-dorogi-karatekaktol\/\" class=\"yoast-seo-meta-tag\" \/>\n<meta property=\"og:site_name\" content=\"Dorogi-medence Region\u00e1lis H\u00edrport\u00e1l\" class=\"yoast-seo-meta-tag\" \/>\n<meta property=\"article:publisher\" content=\"https:\/\/www.facebook.com\/dorogimedence\/\" class=\"yoast-seo-meta-tag\" \/>\n<meta property=\"article:published_time\" content=\"2026-03-25T05:07:30+00:00\" class=\"yoast-seo-meta-tag\" \/>\n<meta property=\"og:image\" content=\"https:\/\/dorogimedence.hu\/wp-content\/uploads\/2026\/03\/DAC-hirek-kiemelt-kep-8-1.png\" class=\"yoast-seo-meta-tag\" \/>\n\t<meta property=\"og:image:width\" content=\"1200\" class=\"yoast-seo-meta-tag\" \/>\n\t<meta property=\"og:image:height\" content=\"600\" class=\"yoast-seo-meta-tag\" \/>\n\t<meta property=\"og:image:type\" content=\"image\/png\" class=\"yoast-seo-meta-tag\" \/>\n<meta name=\"author\" content=\"dorogimedence.hu\" class=\"yoast-seo-meta-tag\" \/>\n<meta name=\"twitter:card\" content=\"summary_large_image\" class=\"yoast-seo-meta-tag\" \/>\n<meta name=\"twitter:label1\" content=\"Szerz\u0151:\" class=\"yoast-seo-meta-tag\" \/>\n\t<meta name=\"twitter:data1\" content=\"dorogimedence.hu\" class=\"yoast-seo-meta-tag\" \/>\n\t<meta name=\"twitter:label2\" content=\"Becs\u00fclt olvas\u00e1si id\u0151\" class=\"yoast-seo-meta-tag\" \/>\n\t<meta name=\"twitter:data2\" content=\"2 perc\" class=\"yoast-seo-meta-tag\" \/>\n<script type=\"application\/ld+json\" class=\"yoast-schema-graph\">{\"@context\":\"https:\\\/\\\/schema.org\",\"@graph\":[{\"@type\":\"Article\",\"@id\":\"https:\\\/\\\/dorogimedence.hu\\\/index.php\\\/2026\\\/03\\\/25\\\/kiemelkedo-marciusi-szereples-a-dorogi-karatekaktol\\\/#article\",\"isPartOf\":{\"@id\":\"https:\\\/\\\/dorogimedence.hu\\\/index.php\\\/2026\\\/03\\\/25\\\/kiemelkedo-marciusi-szereples-a-dorogi-karatekaktol\\\/\"},\"author\":{\"name\":\"dorogimedence.hu\",\"@id\":\"https:\\\/\\\/dorogimedence.hu\\\/#\\\/schema\\\/person\\\/ce6091eeb7e95ecdc87890d6aa8e0fd4\"},\"headline\":\"Kiemelked\u0151 m\u00e1rciusi szerepl\u00e9s a dorogi karat\u00e9k\u00e1kt\u00f3l\",\"datePublished\":\"2026-03-25T05:07:30+00:00\",\"mainEntityOfPage\":{\"@id\":\"https:\\\/\\\/dorogimedence.hu\\\/index.php\\\/2026\\\/03\\\/25\\\/kiemelkedo-marciusi-szereples-a-dorogi-karatekaktol\\\/\"},\"wordCount\":488,\"publisher\":{\"@id\":\"https:\\\/\\\/dorogimedence.hu\\\/#organization\"},\"image\":{\"@id\":\"https:\\\/\\\/dorogimedence.hu\\\/index.php\\\/2026\\\/03\\\/25\\\/kiemelkedo-marciusi-szereples-a-dorogi-karatekaktol\\\/#primaryimage\"},\"thumbnailUrl\":\"https:\\\/\\\/dorogimedence.hu\\\/wp-content\\\/uploads\\\/2026\\\/03\\\/DAC-hirek-kiemelt-kep-8-1.png\",\"keywords\":[\"Dorog\",\"Dorogi AC\",\"karate\",\"sport\"],\"articleSection\":[\"Dorog\",\"H\u00edrek\",\"Sport\"],\"inLanguage\":\"hu\"},{\"@type\":\"WebPage\",\"@id\":\"https:\\\/\\\/dorogimedence.hu\\\/index.php\\\/2026\\\/03\\\/25\\\/kiemelkedo-marciusi-szereples-a-dorogi-karatekaktol\\\/\",\"url\":\"https:\\\/\\\/dorogimedence.hu\\\/index.php\\\/2026\\\/03\\\/25\\\/kiemelkedo-marciusi-szereples-a-dorogi-karatekaktol\\\/\",\"name\":\"Kiemelked\u0151 m\u00e1rciusi szerepl\u00e9s a dorogi karat\u00e9k\u00e1kt\u00f3l\",\"isPartOf\":{\"@id\":\"https:\\\/\\\/dorogimedence.hu\\\/#website\"},\"primaryImageOfPage\":{\"@id\":\"https:\\\/\\\/dorogimedence.hu\\\/index.php\\\/2026\\\/03\\\/25\\\/kiemelkedo-marciusi-szereples-a-dorogi-karatekaktol\\\/#primaryimage\"},\"image\":{\"@id\":\"https:\\\/\\\/dorogimedence.hu\\\/index.php\\\/2026\\\/03\\\/25\\\/kiemelkedo-marciusi-szereples-a-dorogi-karatekaktol\\\/#primaryimage\"},\"thumbnailUrl\":\"https:\\\/\\\/dorogimedence.hu\\\/wp-content\\\/uploads\\\/2026\\\/03\\\/DAC-hirek-kiemelt-kep-8-1.png\",\"datePublished\":\"2026-03-25T05:07:30+00:00\",\"breadcrumb\":{\"@id\":\"https:\\\/\\\/dorogimedence.hu\\\/index.php\\\/2026\\\/03\\\/25\\\/kiemelkedo-marciusi-szereples-a-dorogi-karatekaktol\\\/#breadcrumb\"},\"inLanguage\":\"hu\",\"potentialAction\":[{\"@type\":\"ReadAction\",\"target\":[\"https:\\\/\\\/dorogimedence.hu\\\/index.php\\\/2026\\\/03\\\/25\\\/kiemelkedo-marciusi-szereples-a-dorogi-karatekaktol\\\/\"]}]},{\"@type\":\"ImageObject\",\"inLanguage\":\"hu\",\"@id\":\"https:\\\/\\\/dorogimedence.hu\\\/index.php\\\/2026\\\/03\\\/25\\\/kiemelkedo-marciusi-szereples-a-dorogi-karatekaktol\\\/#primaryimage\",\"url\":\"https:\\\/\\\/dorogimedence.hu\\\/wp-content\\\/uploads\\\/2026\\\/03\\\/DAC-hirek-kiemelt-kep-8-1.png\",\"contentUrl\":\"https:\\\/\\\/dorogimedence.hu\\\/wp-content\\\/uploads\\\/2026\\\/03\\\/DAC-hirek-kiemelt-kep-8-1.png\",\"width\":1200,\"height\":600},{\"@type\":\"BreadcrumbList\",\"@id\":\"https:\\\/\\\/dorogimedence.hu\\\/index.php\\\/2026\\\/03\\\/25\\\/kiemelkedo-marciusi-szereples-a-dorogi-karatekaktol\\\/#breadcrumb\",\"itemListElement\":[{\"@type\":\"ListItem\",\"position\":1,\"name\":\"Kezd\u0151lap\",\"item\":\"https:\\\/\\\/dorogimedence.hu\\\/\"},{\"@type\":\"ListItem\",\"position\":2,\"name\":\"Kiemelked\u0151 m\u00e1rciusi szerepl\u00e9s a dorogi karat\u00e9k\u00e1kt\u00f3l\"}]},{\"@type\":\"WebSite\",\"@id\":\"https:\\\/\\\/dorogimedence.hu\\\/#website\",\"url\":\"https:\\\/\\\/dorogimedence.hu\\\/\",\"name\":\"Dorogi-medence Region\u00e1lis H\u00edrport\u00e1l\",\"description\":\"Dorog, Keszt\u00f6lc, Le\u00e1nyv\u00e1r, Piliscs\u00e9v, Tokod, Tokodalt\u00e1r\u00f3, Csolnok, Esztergom-kertv\u00e1ros: h\u00edrek, programok\",\"publisher\":{\"@id\":\"https:\\\/\\\/dorogimedence.hu\\\/#organization\"},\"potentialAction\":[{\"@type\":\"SearchAction\",\"target\":{\"@type\":\"EntryPoint\",\"urlTemplate\":\"https:\\\/\\\/dorogimedence.hu\\\/?s={search_term_string}\"},\"query-input\":{\"@type\":\"PropertyValueSpecification\",\"valueRequired\":true,\"valueName\":\"search_term_string\"}}],\"inLanguage\":\"hu\"},{\"@type\":\"Organization\",\"@id\":\"https:\\\/\\\/dorogimedence.hu\\\/#organization\",\"name\":\"Dorogi-medence Region\u00e1lis H\u00edrport\u00e1l\",\"url\":\"https:\\\/\\\/dorogimedence.hu\\\/\",\"logo\":{\"@type\":\"ImageObject\",\"inLanguage\":\"hu\",\"@id\":\"https:\\\/\\\/dorogimedence.hu\\\/#\\\/schema\\\/logo\\\/image\\\/\",\"url\":\"https:\\\/\\\/dorogimedence.hu\\\/wp-content\\\/uploads\\\/2021\\\/04\\\/logo-feher-600.png\",\"contentUrl\":\"https:\\\/\\\/dorogimedence.hu\\\/wp-content\\\/uploads\\\/2021\\\/04\\\/logo-feher-600.png\",\"width\":600,\"height\":100,\"caption\":\"Dorogi-medence Region\u00e1lis H\u00edrport\u00e1l\"},\"image\":{\"@id\":\"https:\\\/\\\/dorogimedence.hu\\\/#\\\/schema\\\/logo\\\/image\\\/\"},\"sameAs\":[\"https:\\\/\\\/www.facebook.com\\\/dorogimedence\\\/\"]},{\"@type\":\"Person\",\"@id\":\"https:\\\/\\\/dorogimedence.hu\\\/#\\\/schema\\\/person\\\/ce6091eeb7e95ecdc87890d6aa8e0fd4\",\"name\":\"dorogimedence.hu\",\"image\":{\"@type\":\"ImageObject\",\"inLanguage\":\"hu\",\"@id\":\"\\\/\\\/www.gravatar.com\\\/avatar\\\/d8d45f8901aadff40a4af72c0b826f1d?s=96&#038;r=g&#038;d=mm\",\"url\":\"\\\/\\\/www.gravatar.com\\\/avatar\\\/d8d45f8901aadff40a4af72c0b826f1d?s=96&#038;r=g&#038;d=mm\",\"contentUrl\":\"\\\/\\\/www.gravatar.com\\\/avatar\\\/d8d45f8901aadff40a4af72c0b826f1d?s=96&#038;r=g&#038;d=mm\",\"caption\":\"dorogimedence.hu\"}}]}<\/script>\n<!-- \/ Yoast SEO plugin. -->","yoast_head_json":{"title":"Kiemelked\u0151 m\u00e1rciusi szerepl\u00e9s a dorogi karat\u00e9k\u00e1kt\u00f3l","robots":{"index":"index","follow":"follow","max-snippet":"max-snippet:-1","max-image-preview":"max-image-preview:large","max-video-preview":"max-video-preview:-1"},"canonical":"https:\/\/dorogimedence.hu\/index.php\/2026\/03\/25\/kiemelkedo-marciusi-szereples-a-dorogi-karatekaktol\/","og_locale":"hu_HU","og_type":"article","og_title":"Kiemelked\u0151 m\u00e1rciusi szerepl\u00e9s a dorogi karat\u00e9k\u00e1kt\u00f3l","og_description":"Mozgalmas \u00e9s eredm\u00e9nyekben gazdag id\u0151szakon vannak t\u00fal a Dorogi Atl\u00e9tikai Club karate szakoszt\u00e1ly\u00e1nak versenyz\u0151i, akik 2026 m\u00e1rcius\u00e1ban k\u00e9t rangos megm\u00e9rettet\u00e9sen is bizony\u00edtott\u00e1k felk\u00e9sz\u00fclts\u00e9g\u00fcket. M\u00e1rcius 8-\u00e1n Ausztri\u00e1ban l\u00e9ptek tatamira a dorogi sportol\u00f3k, ahol t\u00f6bb orsz\u00e1g \u2013 k\u00f6zt\u00fck Horv\u00e1torsz\u00e1g, Szlov\u00e1kia, Szerbia, Magyarorsz\u00e1g \u00e9s a h\u00e1zigazda Ausztria \u2013 versenyz\u0151ivel m\u00e9rt\u00e9k \u00f6ssze tud\u00e1sukat. A klub \u00f6t versenyz\u0151vel vett r\u00e9szt,","og_url":"https:\/\/dorogimedence.hu\/index.php\/2026\/03\/25\/kiemelkedo-marciusi-szereples-a-dorogi-karatekaktol\/","og_site_name":"Dorogi-medence Region\u00e1lis H\u00edrport\u00e1l","article_publisher":"https:\/\/www.facebook.com\/dorogimedence\/","article_published_time":"2026-03-25T05:07:30+00:00","og_image":[{"width":1200,"height":600,"url":"https:\/\/dorogimedence.hu\/wp-content\/uploads\/2026\/03\/DAC-hirek-kiemelt-kep-8-1.png","type":"image\/png"}],"author":"dorogimedence.hu","twitter_card":"summary_large_image","twitter_misc":{"Szerz\u0151:":"dorogimedence.hu","Becs\u00fclt olvas\u00e1si id\u0151":"2 perc"},"schema":{"@context":"https:\/\/schema.org","@graph":[{"@type":"Article","@id":"https:\/\/dorogimedence.hu\/index.php\/2026\/03\/25\/kiemelkedo-marciusi-szereples-a-dorogi-karatekaktol\/#article","isPartOf":{"@id":"https:\/\/dorogimedence.hu\/index.php\/2026\/03\/25\/kiemelkedo-marciusi-szereples-a-dorogi-karatekaktol\/"},"author":{"name":"dorogimedence.hu","@id":"https:\/\/dorogimedence.hu\/#\/schema\/person\/ce6091eeb7e95ecdc87890d6aa8e0fd4"},"headline":"Kiemelked\u0151 m\u00e1rciusi szerepl\u00e9s a dorogi karat\u00e9k\u00e1kt\u00f3l","datePublished":"2026-03-25T05:07:30+00:00","mainEntityOfPage":{"@id":"https:\/\/dorogimedence.hu\/index.php\/2026\/03\/25\/kiemelkedo-marciusi-szereples-a-dorogi-karatekaktol\/"},"wordCount":488,"publisher":{"@id":"https:\/\/dorogimedence.hu\/#organization"},"image":{"@id":"https:\/\/dorogimedence.hu\/index.php\/2026\/03\/25\/kiemelkedo-marciusi-szereples-a-dorogi-karatekaktol\/#primaryimage"},"thumbnailUrl":"https:\/\/dorogimedence.hu\/wp-content\/uploads\/2026\/03\/DAC-hirek-kiemelt-kep-8-1.png","keywords":["Dorog","Dorogi AC","karate","sport"],"articleSection":["Dorog","H\u00edrek","Sport"],"inLanguage":"hu"},{"@type":"WebPage","@id":"https:\/\/dorogimedence.hu\/index.php\/2026\/03\/25\/kiemelkedo-marciusi-szereples-a-dorogi-karatekaktol\/","url":"https:\/\/dorogimedence.hu\/index.php\/2026\/03\/25\/kiemelkedo-marciusi-szereples-a-dorogi-karatekaktol\/","name":"Kiemelked\u0151 m\u00e1rciusi szerepl\u00e9s a dorogi karat\u00e9k\u00e1kt\u00f3l","isPartOf":{"@id":"https:\/\/dorogimedence.hu\/#website"},"primaryImageOfPage":{"@id":"https:\/\/dorogimedence.hu\/index.php\/2026\/03\/25\/kiemelkedo-marciusi-szereples-a-dorogi-karatekaktol\/#primaryimage"},"image":{"@id":"https:\/\/dorogimedence.hu\/index.php\/2026\/03\/25\/kiemelkedo-marciusi-szereples-a-dorogi-karatekaktol\/#primaryimage"},"thumbnailUrl":"https:\/\/dorogimedence.hu\/wp-content\/uploads\/2026\/03\/DAC-hirek-kiemelt-kep-8-1.png","datePublished":"2026-03-25T05:07:30+00:00","breadcrumb":{"@id":"https:\/\/dorogimedence.hu\/index.php\/2026\/03\/25\/kiemelkedo-marciusi-szereples-a-dorogi-karatekaktol\/#breadcrumb"},"inLanguage":"hu","potentialAction":[{"@type":"ReadAction","target":["https:\/\/dorogimedence.hu\/index.php\/2026\/03\/25\/kiemelkedo-marciusi-szereples-a-dorogi-karatekaktol\/"]}]},{"@type":"ImageObject","inLanguage":"hu","@id":"https:\/\/dorogimedence.hu\/index.php\/2026\/03\/25\/kiemelkedo-marciusi-szereples-a-dorogi-karatekaktol\/#primaryimage","url":"https:\/\/dorogimedence.hu\/wp-content\/uploads\/2026\/03\/DAC-hirek-kiemelt-kep-8-1.png","contentUrl":"https:\/\/dorogimedence.hu\/wp-content\/uploads\/2026\/03\/DAC-hirek-kiemelt-kep-8-1.png","width":1200,"height":600},{"@type":"BreadcrumbList","@id":"https:\/\/dorogimedence.hu\/index.php\/2026\/03\/25\/kiemelkedo-marciusi-szereples-a-dorogi-karatekaktol\/#breadcrumb","itemListElement":[{"@type":"ListItem","position":1,"name":"Kezd\u0151lap","item":"https:\/\/dorogimedence.hu\/"},{"@type":"ListItem","position":2,"name":"Kiemelked\u0151 m\u00e1rciusi szerepl\u00e9s a dorogi karat\u00e9k\u00e1kt\u00f3l"}]},{"@type":"WebSite","@id":"https:\/\/dorogimedence.hu\/#website","url":"https:\/\/dorogimedence.hu\/","name":"Dorogi-medence Region\u00e1lis H\u00edrport\u00e1l","description":"Dorog, Keszt\u00f6lc, Le\u00e1nyv\u00e1r, Piliscs\u00e9v, Tokod, Tokodalt\u00e1r\u00f3, Csolnok, Esztergom-kertv\u00e1ros: h\u00edrek, programok","publisher":{"@id":"https:\/\/dorogimedence.hu\/#organization"},"potentialAction":[{"@type":"SearchAction","target":{"@type":"EntryPoint","urlTemplate":"https:\/\/dorogimedence.hu\/?s={search_term_string}"},"query-input":{"@type":"PropertyValueSpecification","valueRequired":true,"valueName":"search_term_string"}}],"inLanguage":"hu"},{"@type":"Organization","@id":"https:\/\/dorogimedence.hu\/#organization","name":"Dorogi-medence Region\u00e1lis H\u00edrport\u00e1l","url":"https:\/\/dorogimedence.hu\/","logo":{"@type":"ImageObject","inLanguage":"hu","@id":"https:\/\/dorogimedence.hu\/#\/schema\/logo\/image\/","url":"https:\/\/dorogimedence.hu\/wp-content\/uploads\/2021\/04\/logo-feher-600.png","contentUrl":"https:\/\/dorogimedence.hu\/wp-content\/uploads\/2021\/04\/logo-feher-600.png","width":600,"height":100,"caption":"Dorogi-medence Region\u00e1lis H\u00edrport\u00e1l"},"image":{"@id":"https:\/\/dorogimedence.hu\/#\/schema\/logo\/image\/"},"sameAs":["https:\/\/www.facebook.com\/dorogimedence\/"]},{"@type":"Person","@id":"https:\/\/dorogimedence.hu\/#\/schema\/person\/ce6091eeb7e95ecdc87890d6aa8e0fd4","name":"dorogimedence.hu","image":{"@type":"ImageObject","inLanguage":"hu","@id":"\/\/www.gravatar.com\/avatar\/d8d45f8901aadff40a4af72c0b826f1d?s=96&#038;r=g&#038;d=mm","url":"\/\/www.gravatar.com\/avatar\/d8d45f8901aadff40a4af72c0b826f1d?s=96&#038;r=g&#038;d=mm","contentUrl":"\/\/www.gravatar.com\/avatar\/d8d45f8901aadff40a4af72c0b826f1d?s=96&#038;r=g&#038;d=mm","caption":"dorogimedence.hu"}}]}},"_links":{"self":[{"href":"https:\/\/dorogimedence.hu\/index.php\/wp-json\/wp\/v2\/posts\/78881","targetHints":{"allow":["GET"]}}],"collection":[{"href":"https:\/\/dorogimedence.hu\/index.php\/wp-json\/wp\/v2\/posts"}],"about":[{"href":"https:\/\/dorogimedence.hu\/index.php\/wp-json\/wp\/v2\/types\/post"}],"author":[{"embeddable":true,"href":"https:\/\/dorogimedence.hu\/index.php\/wp-json\/wp\/v2\/users\/1"}],"replies":[{"embeddable":true,"href":"https:\/\/dorogimedence.hu\/index.php\/wp-json\/wp\/v2\/comments?post=78881"}],"version-history":[{"count":1,"href":"https:\/\/dorogimedence.hu\/index.php\/wp-json\/wp\/v2\/posts\/78881\/revisions"}],"predecessor-version":[{"id":78884,"href":"https:\/\/dorogimedence.hu\/index.php\/wp-json\/wp\/v2\/posts\/78881\/revisions\/78884"}],"wp:featuredmedia":[{"embeddable":true,"href":"https:\/\/dorogimedence.hu\/index.php\/wp-json\/wp\/v2\/media\/78883"}],"wp:attachment":[{"href":"https:\/\/dorogimedence.hu\/index.php\/wp-json\/wp\/v2\/media?parent=78881"}],"wp:term":[{"taxonomy":"category","embeddable":true,"href":"https:\/\/dorogimedence.hu\/index.php\/wp-json\/wp\/v2\/categories?post=78881"},{"taxonomy":"post_tag","embeddable":true,"href":"https:\/\/dorogimedence.hu\/index.php\/wp-json\/wp\/v2\/tags?post=78881"}],"curies":[{"name":"wp","href":"https:\/\/api.w.org\/{rel}","templated":true}]}}