{"id":78847,"date":"2026-03-24T07:10:24","date_gmt":"2026-03-24T06:10:24","guid":{"rendered":"https:\/\/dorogimedence.hu\/?p=78847"},"modified":"2026-03-24T07:10:24","modified_gmt":"2026-03-24T06:10:24","slug":"kulonleges-ajandek-a-dorogi-zrinyi-iskolasoknak","status":"publish","type":"post","link":"https:\/\/dorogimedence.hu\/index.php\/2026\/03\/24\/kulonleges-ajandek-a-dorogi-zrinyi-iskolasoknak\/","title":{"rendered":"K\u00fcl\u00f6nleges aj\u00e1nd\u00e9k a dorogi Zr\u00ednyi iskol\u00e1soknak"},"content":{"rendered":"<p><strong>K\u00fcl\u00f6nleges \u00e9s \u00e9rt\u00e9kes kezdem\u00e9nyez\u00e9ssel indult a h\u00e9t a Dorogi Magyar\u2013Angol K\u00e9t Tan\u00edt\u00e1si Nyelv\u0171 \u00e9s Sportiskolai \u00c1ltal\u00e1nos Iskol\u00e1ban: a Zr\u00ednyi iskola als\u00f3 tagozatos di\u00e1kjai egy egyedi fejleszt\u00e9s\u0171 sz\u00ednez\u0151k\u00f6nyv seg\u00edts\u00e9g\u00e9vel ismerkedhettek meg az elfogad\u00e1s \u00e9s az emp\u00e1tia fontoss\u00e1g\u00e1val.<\/strong><\/p>\n<p>A 3. b \u00e9s a 4. a oszt\u00e1lyokba Kapocsi-P\u00e9csi M\u00e1lna Lia \u00e9s Csanda Petra gimnazist\u00e1k l\u00e1togattak el, akik saj\u00e1t tervez\u00e9s\u0171 sz\u00ednez\u0151t hoztak aj\u00e1nd\u00e9kba a gyerekeknek. A k\u00fcl\u00f6nleges kiadv\u00e1ny egy p\u00e1ly\u00e1zati projekt keret\u00e9ben k\u00e9sz\u00fclt, amelyet a CEU is t\u00e1mogatott.<\/p>\n<p>A sz\u00ednez\u0151 az angol \u00e1b\u00e9c\u00e9 bet\u0171ihez kapcsolva mutatja be a k\u00fcl\u00f6nb\u00f6z\u0151 fogyat\u00e9koss\u00e1gokat \u00e9s az azokhoz tartoz\u00f3 kifejez\u00e9seket. A rajzok mellett magyar \u00e9s angol nyelv\u0171 magyar\u00e1zatok is helyet kaptak, \u00edgy a gyerekek j\u00e1t\u00e9kos form\u00e1ban b\u0151v\u00edthett\u00e9k tud\u00e1sukat, mik\u00f6zben a t\u00e9m\u00e1r\u00f3l is k\u00f6nnyebben tudtak besz\u00e9lgetni.<\/p>\n<p><img fetchpriority=\"high\" decoding=\"async\" class=\"alignnone size-full wp-image-78848\" src=\"https:\/\/dorogimedence.hu\/wp-content\/uploads\/2026\/03\/szinezo-02.jpg\" alt=\"\" width=\"1920\" height=\"1277\" srcset=\"https:\/\/dorogimedence.hu\/wp-content\/uploads\/2026\/03\/szinezo-02.jpg 1920w, https:\/\/dorogimedence.hu\/wp-content\/uploads\/2026\/03\/szinezo-02-600x399.jpg 600w, https:\/\/dorogimedence.hu\/wp-content\/uploads\/2026\/03\/szinezo-02-768x511.jpg 768w, https:\/\/dorogimedence.hu\/wp-content\/uploads\/2026\/03\/szinezo-02-1536x1022.jpg 1536w, https:\/\/dorogimedence.hu\/wp-content\/uploads\/2026\/03\/szinezo-02-150x100.jpg 150w, https:\/\/dorogimedence.hu\/wp-content\/uploads\/2026\/03\/szinezo-02-450x299.jpg 450w, https:\/\/dorogimedence.hu\/wp-content\/uploads\/2026\/03\/szinezo-02-1200x798.jpg 1200w, https:\/\/dorogimedence.hu\/wp-content\/uploads\/2026\/03\/szinezo-02-272x182.jpg 272w\" sizes=\"(max-width: 1920px) 100vw, 1920px\" \/><\/p>\n<p>A kezdem\u00e9nyez\u00e9s c\u00e9lja, hogy m\u00e1r kisgyermekkorban felh\u00edvja a figyelmet az elfogad\u00e1sra, az egym\u00e1s ir\u00e1nti tiszteletre \u00e9s a soksz\u00edn\u0171s\u00e9g term\u00e9szetess\u00e9g\u00e9re. A foglalkoz\u00e1s sor\u00e1n a di\u00e1kok nemcsak sz\u00edneztek, hanem k\u00e9rdezhettek is, mik\u00f6zben a gimnazist\u00e1k seg\u00edtettek a helyes angol kiejt\u00e9s elsaj\u00e1t\u00edt\u00e1s\u00e1ban \u00e9s tov\u00e1bbi magyar\u00e1zatokat is adtak.<\/p>\n<p>A pedag\u00f3gusok \u00f6r\u00f6mmel fogadt\u00e1k a kezdem\u00e9nyez\u00e9st, amely nemcsak kreat\u00edv id\u0151t\u00f6lt\u00e9st k\u00edn\u00e1lt, hanem val\u00f3di \u00e9rt\u00e9keket is k\u00f6zvet\u00edtett a gyerekek sz\u00e1m\u00e1ra. B\u00edznak benne, hogy a projektnek lesz folytat\u00e1sa, \u00e9s m\u00e9g t\u00f6bb di\u00e1khoz eljuthat ez a k\u00fcl\u00f6nleges, szeml\u00e9letform\u00e1l\u00f3 kiadv\u00e1ny.<\/p>\n<p><em>Fot\u00f3k, forr\u00e1s: <a href=\"https:\/\/www.facebook.com\/permalink.php?story_fbid=pfbid024ghPriykiZrcNsZaSFXthnDa8AEctDJMyb6ccjoeXknTDJ7AEbPNbWE2KoyjCXV6l&amp;id=61554722614446\" target=\"_blank\" rel=\"noopener\"><span style=\"text-decoration: underline; color: #0000ff;\">Dorogi Magyar\u2013Angol K\u00e9t Tan\u00edt\u00e1si Nyelv\u0171 \u00e9s Sportiskolai \u00c1ltal\u00e1nos Iskola Facebook-oldala<\/span><\/a><\/em><\/p>\n","protected":false},"excerpt":{"rendered":"<p>K\u00fcl\u00f6nleges \u00e9s \u00e9rt\u00e9kes kezdem\u00e9nyez\u00e9ssel indult a h\u00e9t a Dorogi Magyar\u2013Angol K\u00e9t Tan\u00edt\u00e1si Nyelv\u0171 \u00e9s Sportiskolai \u00c1ltal\u00e1nos Iskol\u00e1ban: a Zr\u00ednyi iskola als\u00f3 tagozatos di\u00e1kjai egy egyedi fejleszt\u00e9s\u0171 sz\u00ednez\u0151k\u00f6nyv seg\u00edts\u00e9g\u00e9vel ismerkedhettek meg az elfogad\u00e1s \u00e9s az emp\u00e1tia fontoss\u00e1g\u00e1val. A 3. b \u00e9s a 4. a oszt\u00e1lyokba Kapocsi-P\u00e9csi M\u00e1lna Lia \u00e9s Csanda Petra gimnazist\u00e1k l\u00e1togattak el, akik saj\u00e1t<\/p>\n","protected":false},"author":1,"featured_media":78849,"comment_status":"closed","ping_status":"closed","sticky":false,"template":"","format":"standard","meta":{"ngg_post_thumbnail":0,"footnotes":""},"categories":[2,3],"tags":[15,5624,8803,1002],"class_list":{"0":"post-78847","1":"post","2":"type-post","3":"status-publish","4":"format-standard","5":"has-post-thumbnail","7":"category-dorog","8":"category-hirek","9":"tag-dorog","10":"tag-featured","11":"tag-szinezo","12":"tag-zrinyi-iskola"},"yoast_head":"<!-- This site is optimized with the Yoast SEO plugin v27.5 - https:\/\/yoast.com\/product\/yoast-seo-wordpress\/ -->\n<title>K\u00fcl\u00f6nleges aj\u00e1nd\u00e9k a dorogi Zr\u00ednyi iskol\u00e1soknak<\/title>\n<meta name=\"robots\" content=\"index, follow, max-snippet:-1, max-image-preview:large, max-video-preview:-1\" \/>\n<link rel=\"canonical\" href=\"https:\/\/dorogimedence.hu\/index.php\/2026\/03\/24\/kulonleges-ajandek-a-dorogi-zrinyi-iskolasoknak\/\" class=\"yoast-seo-meta-tag\" \/>\n<meta property=\"og:locale\" content=\"hu_HU\" class=\"yoast-seo-meta-tag\" \/>\n<meta property=\"og:type\" content=\"article\" class=\"yoast-seo-meta-tag\" \/>\n<meta property=\"og:title\" content=\"K\u00fcl\u00f6nleges aj\u00e1nd\u00e9k a dorogi Zr\u00ednyi iskol\u00e1soknak\" class=\"yoast-seo-meta-tag\" \/>\n<meta property=\"og:description\" content=\"K\u00fcl\u00f6nleges \u00e9s \u00e9rt\u00e9kes kezdem\u00e9nyez\u00e9ssel indult a h\u00e9t a Dorogi Magyar\u2013Angol K\u00e9t Tan\u00edt\u00e1si Nyelv\u0171 \u00e9s Sportiskolai \u00c1ltal\u00e1nos Iskol\u00e1ban: a Zr\u00ednyi iskola als\u00f3 tagozatos di\u00e1kjai egy egyedi fejleszt\u00e9s\u0171 sz\u00ednez\u0151k\u00f6nyv seg\u00edts\u00e9g\u00e9vel ismerkedhettek meg az elfogad\u00e1s \u00e9s az emp\u00e1tia fontoss\u00e1g\u00e1val. A 3. b \u00e9s a 4. a oszt\u00e1lyokba Kapocsi-P\u00e9csi M\u00e1lna Lia \u00e9s Csanda Petra gimnazist\u00e1k l\u00e1togattak el, akik saj\u00e1t\" class=\"yoast-seo-meta-tag\" \/>\n<meta property=\"og:url\" content=\"https:\/\/dorogimedence.hu\/index.php\/2026\/03\/24\/kulonleges-ajandek-a-dorogi-zrinyi-iskolasoknak\/\" class=\"yoast-seo-meta-tag\" \/>\n<meta property=\"og:site_name\" content=\"Dorogi-medence Region\u00e1lis H\u00edrport\u00e1l\" class=\"yoast-seo-meta-tag\" \/>\n<meta property=\"article:publisher\" content=\"https:\/\/www.facebook.com\/dorogimedence\/\" class=\"yoast-seo-meta-tag\" \/>\n<meta property=\"article:published_time\" content=\"2026-03-24T06:10:24+00:00\" class=\"yoast-seo-meta-tag\" \/>\n<meta property=\"og:image\" content=\"https:\/\/dorogimedence.hu\/wp-content\/uploads\/2026\/03\/szinezo.jpg\" class=\"yoast-seo-meta-tag\" \/>\n\t<meta property=\"og:image:width\" content=\"1920\" class=\"yoast-seo-meta-tag\" \/>\n\t<meta property=\"og:image:height\" content=\"970\" class=\"yoast-seo-meta-tag\" \/>\n\t<meta property=\"og:image:type\" content=\"image\/jpeg\" class=\"yoast-seo-meta-tag\" \/>\n<meta name=\"author\" content=\"dorogimedence.hu\" class=\"yoast-seo-meta-tag\" \/>\n<meta name=\"twitter:card\" content=\"summary_large_image\" class=\"yoast-seo-meta-tag\" \/>\n<meta name=\"twitter:label1\" content=\"Szerz\u0151:\" class=\"yoast-seo-meta-tag\" \/>\n\t<meta name=\"twitter:data1\" content=\"dorogimedence.hu\" class=\"yoast-seo-meta-tag\" \/>\n\t<meta name=\"twitter:label2\" content=\"Becs\u00fclt olvas\u00e1si id\u0151\" class=\"yoast-seo-meta-tag\" \/>\n\t<meta name=\"twitter:data2\" content=\"2 perc\" class=\"yoast-seo-meta-tag\" \/>\n<script type=\"application\/ld+json\" class=\"yoast-schema-graph\">{\"@context\":\"https:\\\/\\\/schema.org\",\"@graph\":[{\"@type\":\"Article\",\"@id\":\"https:\\\/\\\/dorogimedence.hu\\\/index.php\\\/2026\\\/03\\\/24\\\/kulonleges-ajandek-a-dorogi-zrinyi-iskolasoknak\\\/#article\",\"isPartOf\":{\"@id\":\"https:\\\/\\\/dorogimedence.hu\\\/index.php\\\/2026\\\/03\\\/24\\\/kulonleges-ajandek-a-dorogi-zrinyi-iskolasoknak\\\/\"},\"author\":{\"name\":\"dorogimedence.hu\",\"@id\":\"https:\\\/\\\/dorogimedence.hu\\\/#\\\/schema\\\/person\\\/ce6091eeb7e95ecdc87890d6aa8e0fd4\"},\"headline\":\"K\u00fcl\u00f6nleges aj\u00e1nd\u00e9k a dorogi Zr\u00ednyi iskol\u00e1soknak\",\"datePublished\":\"2026-03-24T06:10:24+00:00\",\"mainEntityOfPage\":{\"@id\":\"https:\\\/\\\/dorogimedence.hu\\\/index.php\\\/2026\\\/03\\\/24\\\/kulonleges-ajandek-a-dorogi-zrinyi-iskolasoknak\\\/\"},\"wordCount\":348,\"publisher\":{\"@id\":\"https:\\\/\\\/dorogimedence.hu\\\/#organization\"},\"image\":{\"@id\":\"https:\\\/\\\/dorogimedence.hu\\\/index.php\\\/2026\\\/03\\\/24\\\/kulonleges-ajandek-a-dorogi-zrinyi-iskolasoknak\\\/#primaryimage\"},\"thumbnailUrl\":\"https:\\\/\\\/dorogimedence.hu\\\/wp-content\\\/uploads\\\/2026\\\/03\\\/szinezo.jpg\",\"keywords\":[\"Dorog\",\"featured\",\"sz\u00ednez\u0151\",\"Zr\u00ednyi iskola\"],\"articleSection\":[\"Dorog\",\"H\u00edrek\"],\"inLanguage\":\"hu\"},{\"@type\":\"WebPage\",\"@id\":\"https:\\\/\\\/dorogimedence.hu\\\/index.php\\\/2026\\\/03\\\/24\\\/kulonleges-ajandek-a-dorogi-zrinyi-iskolasoknak\\\/\",\"url\":\"https:\\\/\\\/dorogimedence.hu\\\/index.php\\\/2026\\\/03\\\/24\\\/kulonleges-ajandek-a-dorogi-zrinyi-iskolasoknak\\\/\",\"name\":\"K\u00fcl\u00f6nleges aj\u00e1nd\u00e9k a dorogi Zr\u00ednyi iskol\u00e1soknak\",\"isPartOf\":{\"@id\":\"https:\\\/\\\/dorogimedence.hu\\\/#website\"},\"primaryImageOfPage\":{\"@id\":\"https:\\\/\\\/dorogimedence.hu\\\/index.php\\\/2026\\\/03\\\/24\\\/kulonleges-ajandek-a-dorogi-zrinyi-iskolasoknak\\\/#primaryimage\"},\"image\":{\"@id\":\"https:\\\/\\\/dorogimedence.hu\\\/index.php\\\/2026\\\/03\\\/24\\\/kulonleges-ajandek-a-dorogi-zrinyi-iskolasoknak\\\/#primaryimage\"},\"thumbnailUrl\":\"https:\\\/\\\/dorogimedence.hu\\\/wp-content\\\/uploads\\\/2026\\\/03\\\/szinezo.jpg\",\"datePublished\":\"2026-03-24T06:10:24+00:00\",\"breadcrumb\":{\"@id\":\"https:\\\/\\\/dorogimedence.hu\\\/index.php\\\/2026\\\/03\\\/24\\\/kulonleges-ajandek-a-dorogi-zrinyi-iskolasoknak\\\/#breadcrumb\"},\"inLanguage\":\"hu\",\"potentialAction\":[{\"@type\":\"ReadAction\",\"target\":[\"https:\\\/\\\/dorogimedence.hu\\\/index.php\\\/2026\\\/03\\\/24\\\/kulonleges-ajandek-a-dorogi-zrinyi-iskolasoknak\\\/\"]}]},{\"@type\":\"ImageObject\",\"inLanguage\":\"hu\",\"@id\":\"https:\\\/\\\/dorogimedence.hu\\\/index.php\\\/2026\\\/03\\\/24\\\/kulonleges-ajandek-a-dorogi-zrinyi-iskolasoknak\\\/#primaryimage\",\"url\":\"https:\\\/\\\/dorogimedence.hu\\\/wp-content\\\/uploads\\\/2026\\\/03\\\/szinezo.jpg\",\"contentUrl\":\"https:\\\/\\\/dorogimedence.hu\\\/wp-content\\\/uploads\\\/2026\\\/03\\\/szinezo.jpg\",\"width\":1920,\"height\":970},{\"@type\":\"BreadcrumbList\",\"@id\":\"https:\\\/\\\/dorogimedence.hu\\\/index.php\\\/2026\\\/03\\\/24\\\/kulonleges-ajandek-a-dorogi-zrinyi-iskolasoknak\\\/#breadcrumb\",\"itemListElement\":[{\"@type\":\"ListItem\",\"position\":1,\"name\":\"Kezd\u0151lap\",\"item\":\"https:\\\/\\\/dorogimedence.hu\\\/\"},{\"@type\":\"ListItem\",\"position\":2,\"name\":\"K\u00fcl\u00f6nleges aj\u00e1nd\u00e9k a dorogi Zr\u00ednyi iskol\u00e1soknak\"}]},{\"@type\":\"WebSite\",\"@id\":\"https:\\\/\\\/dorogimedence.hu\\\/#website\",\"url\":\"https:\\\/\\\/dorogimedence.hu\\\/\",\"name\":\"Dorogi-medence Region\u00e1lis H\u00edrport\u00e1l\",\"description\":\"Dorog, Keszt\u00f6lc, Le\u00e1nyv\u00e1r, Piliscs\u00e9v, Tokod, Tokodalt\u00e1r\u00f3, Csolnok, Esztergom-kertv\u00e1ros: h\u00edrek, programok\",\"publisher\":{\"@id\":\"https:\\\/\\\/dorogimedence.hu\\\/#organization\"},\"potentialAction\":[{\"@type\":\"SearchAction\",\"target\":{\"@type\":\"EntryPoint\",\"urlTemplate\":\"https:\\\/\\\/dorogimedence.hu\\\/?s={search_term_string}\"},\"query-input\":{\"@type\":\"PropertyValueSpecification\",\"valueRequired\":true,\"valueName\":\"search_term_string\"}}],\"inLanguage\":\"hu\"},{\"@type\":\"Organization\",\"@id\":\"https:\\\/\\\/dorogimedence.hu\\\/#organization\",\"name\":\"Dorogi-medence Region\u00e1lis H\u00edrport\u00e1l\",\"url\":\"https:\\\/\\\/dorogimedence.hu\\\/\",\"logo\":{\"@type\":\"ImageObject\",\"inLanguage\":\"hu\",\"@id\":\"https:\\\/\\\/dorogimedence.hu\\\/#\\\/schema\\\/logo\\\/image\\\/\",\"url\":\"https:\\\/\\\/dorogimedence.hu\\\/wp-content\\\/uploads\\\/2021\\\/04\\\/logo-feher-600.png\",\"contentUrl\":\"https:\\\/\\\/dorogimedence.hu\\\/wp-content\\\/uploads\\\/2021\\\/04\\\/logo-feher-600.png\",\"width\":600,\"height\":100,\"caption\":\"Dorogi-medence Region\u00e1lis H\u00edrport\u00e1l\"},\"image\":{\"@id\":\"https:\\\/\\\/dorogimedence.hu\\\/#\\\/schema\\\/logo\\\/image\\\/\"},\"sameAs\":[\"https:\\\/\\\/www.facebook.com\\\/dorogimedence\\\/\"]},{\"@type\":\"Person\",\"@id\":\"https:\\\/\\\/dorogimedence.hu\\\/#\\\/schema\\\/person\\\/ce6091eeb7e95ecdc87890d6aa8e0fd4\",\"name\":\"dorogimedence.hu\",\"image\":{\"@type\":\"ImageObject\",\"inLanguage\":\"hu\",\"@id\":\"\\\/\\\/www.gravatar.com\\\/avatar\\\/d8d45f8901aadff40a4af72c0b826f1d?s=96&#038;r=g&#038;d=mm\",\"url\":\"\\\/\\\/www.gravatar.com\\\/avatar\\\/d8d45f8901aadff40a4af72c0b826f1d?s=96&#038;r=g&#038;d=mm\",\"contentUrl\":\"\\\/\\\/www.gravatar.com\\\/avatar\\\/d8d45f8901aadff40a4af72c0b826f1d?s=96&#038;r=g&#038;d=mm\",\"caption\":\"dorogimedence.hu\"}}]}<\/script>\n<!-- \/ Yoast SEO plugin. -->","yoast_head_json":{"title":"K\u00fcl\u00f6nleges aj\u00e1nd\u00e9k a dorogi Zr\u00ednyi iskol\u00e1soknak","robots":{"index":"index","follow":"follow","max-snippet":"max-snippet:-1","max-image-preview":"max-image-preview:large","max-video-preview":"max-video-preview:-1"},"canonical":"https:\/\/dorogimedence.hu\/index.php\/2026\/03\/24\/kulonleges-ajandek-a-dorogi-zrinyi-iskolasoknak\/","og_locale":"hu_HU","og_type":"article","og_title":"K\u00fcl\u00f6nleges aj\u00e1nd\u00e9k a dorogi Zr\u00ednyi iskol\u00e1soknak","og_description":"K\u00fcl\u00f6nleges \u00e9s \u00e9rt\u00e9kes kezdem\u00e9nyez\u00e9ssel indult a h\u00e9t a Dorogi Magyar\u2013Angol K\u00e9t Tan\u00edt\u00e1si Nyelv\u0171 \u00e9s Sportiskolai \u00c1ltal\u00e1nos Iskol\u00e1ban: a Zr\u00ednyi iskola als\u00f3 tagozatos di\u00e1kjai egy egyedi fejleszt\u00e9s\u0171 sz\u00ednez\u0151k\u00f6nyv seg\u00edts\u00e9g\u00e9vel ismerkedhettek meg az elfogad\u00e1s \u00e9s az emp\u00e1tia fontoss\u00e1g\u00e1val. A 3. b \u00e9s a 4. a oszt\u00e1lyokba Kapocsi-P\u00e9csi M\u00e1lna Lia \u00e9s Csanda Petra gimnazist\u00e1k l\u00e1togattak el, akik saj\u00e1t","og_url":"https:\/\/dorogimedence.hu\/index.php\/2026\/03\/24\/kulonleges-ajandek-a-dorogi-zrinyi-iskolasoknak\/","og_site_name":"Dorogi-medence Region\u00e1lis H\u00edrport\u00e1l","article_publisher":"https:\/\/www.facebook.com\/dorogimedence\/","article_published_time":"2026-03-24T06:10:24+00:00","og_image":[{"width":1920,"height":970,"url":"https:\/\/dorogimedence.hu\/wp-content\/uploads\/2026\/03\/szinezo.jpg","type":"image\/jpeg"}],"author":"dorogimedence.hu","twitter_card":"summary_large_image","twitter_misc":{"Szerz\u0151:":"dorogimedence.hu","Becs\u00fclt olvas\u00e1si id\u0151":"2 perc"},"schema":{"@context":"https:\/\/schema.org","@graph":[{"@type":"Article","@id":"https:\/\/dorogimedence.hu\/index.php\/2026\/03\/24\/kulonleges-ajandek-a-dorogi-zrinyi-iskolasoknak\/#article","isPartOf":{"@id":"https:\/\/dorogimedence.hu\/index.php\/2026\/03\/24\/kulonleges-ajandek-a-dorogi-zrinyi-iskolasoknak\/"},"author":{"name":"dorogimedence.hu","@id":"https:\/\/dorogimedence.hu\/#\/schema\/person\/ce6091eeb7e95ecdc87890d6aa8e0fd4"},"headline":"K\u00fcl\u00f6nleges aj\u00e1nd\u00e9k a dorogi Zr\u00ednyi iskol\u00e1soknak","datePublished":"2026-03-24T06:10:24+00:00","mainEntityOfPage":{"@id":"https:\/\/dorogimedence.hu\/index.php\/2026\/03\/24\/kulonleges-ajandek-a-dorogi-zrinyi-iskolasoknak\/"},"wordCount":348,"publisher":{"@id":"https:\/\/dorogimedence.hu\/#organization"},"image":{"@id":"https:\/\/dorogimedence.hu\/index.php\/2026\/03\/24\/kulonleges-ajandek-a-dorogi-zrinyi-iskolasoknak\/#primaryimage"},"thumbnailUrl":"https:\/\/dorogimedence.hu\/wp-content\/uploads\/2026\/03\/szinezo.jpg","keywords":["Dorog","featured","sz\u00ednez\u0151","Zr\u00ednyi iskola"],"articleSection":["Dorog","H\u00edrek"],"inLanguage":"hu"},{"@type":"WebPage","@id":"https:\/\/dorogimedence.hu\/index.php\/2026\/03\/24\/kulonleges-ajandek-a-dorogi-zrinyi-iskolasoknak\/","url":"https:\/\/dorogimedence.hu\/index.php\/2026\/03\/24\/kulonleges-ajandek-a-dorogi-zrinyi-iskolasoknak\/","name":"K\u00fcl\u00f6nleges aj\u00e1nd\u00e9k a dorogi Zr\u00ednyi iskol\u00e1soknak","isPartOf":{"@id":"https:\/\/dorogimedence.hu\/#website"},"primaryImageOfPage":{"@id":"https:\/\/dorogimedence.hu\/index.php\/2026\/03\/24\/kulonleges-ajandek-a-dorogi-zrinyi-iskolasoknak\/#primaryimage"},"image":{"@id":"https:\/\/dorogimedence.hu\/index.php\/2026\/03\/24\/kulonleges-ajandek-a-dorogi-zrinyi-iskolasoknak\/#primaryimage"},"thumbnailUrl":"https:\/\/dorogimedence.hu\/wp-content\/uploads\/2026\/03\/szinezo.jpg","datePublished":"2026-03-24T06:10:24+00:00","breadcrumb":{"@id":"https:\/\/dorogimedence.hu\/index.php\/2026\/03\/24\/kulonleges-ajandek-a-dorogi-zrinyi-iskolasoknak\/#breadcrumb"},"inLanguage":"hu","potentialAction":[{"@type":"ReadAction","target":["https:\/\/dorogimedence.hu\/index.php\/2026\/03\/24\/kulonleges-ajandek-a-dorogi-zrinyi-iskolasoknak\/"]}]},{"@type":"ImageObject","inLanguage":"hu","@id":"https:\/\/dorogimedence.hu\/index.php\/2026\/03\/24\/kulonleges-ajandek-a-dorogi-zrinyi-iskolasoknak\/#primaryimage","url":"https:\/\/dorogimedence.hu\/wp-content\/uploads\/2026\/03\/szinezo.jpg","contentUrl":"https:\/\/dorogimedence.hu\/wp-content\/uploads\/2026\/03\/szinezo.jpg","width":1920,"height":970},{"@type":"BreadcrumbList","@id":"https:\/\/dorogimedence.hu\/index.php\/2026\/03\/24\/kulonleges-ajandek-a-dorogi-zrinyi-iskolasoknak\/#breadcrumb","itemListElement":[{"@type":"ListItem","position":1,"name":"Kezd\u0151lap","item":"https:\/\/dorogimedence.hu\/"},{"@type":"ListItem","position":2,"name":"K\u00fcl\u00f6nleges aj\u00e1nd\u00e9k a dorogi Zr\u00ednyi iskol\u00e1soknak"}]},{"@type":"WebSite","@id":"https:\/\/dorogimedence.hu\/#website","url":"https:\/\/dorogimedence.hu\/","name":"Dorogi-medence Region\u00e1lis H\u00edrport\u00e1l","description":"Dorog, Keszt\u00f6lc, Le\u00e1nyv\u00e1r, Piliscs\u00e9v, Tokod, Tokodalt\u00e1r\u00f3, Csolnok, Esztergom-kertv\u00e1ros: h\u00edrek, programok","publisher":{"@id":"https:\/\/dorogimedence.hu\/#organization"},"potentialAction":[{"@type":"SearchAction","target":{"@type":"EntryPoint","urlTemplate":"https:\/\/dorogimedence.hu\/?s={search_term_string}"},"query-input":{"@type":"PropertyValueSpecification","valueRequired":true,"valueName":"search_term_string"}}],"inLanguage":"hu"},{"@type":"Organization","@id":"https:\/\/dorogimedence.hu\/#organization","name":"Dorogi-medence Region\u00e1lis H\u00edrport\u00e1l","url":"https:\/\/dorogimedence.hu\/","logo":{"@type":"ImageObject","inLanguage":"hu","@id":"https:\/\/dorogimedence.hu\/#\/schema\/logo\/image\/","url":"https:\/\/dorogimedence.hu\/wp-content\/uploads\/2021\/04\/logo-feher-600.png","contentUrl":"https:\/\/dorogimedence.hu\/wp-content\/uploads\/2021\/04\/logo-feher-600.png","width":600,"height":100,"caption":"Dorogi-medence Region\u00e1lis H\u00edrport\u00e1l"},"image":{"@id":"https:\/\/dorogimedence.hu\/#\/schema\/logo\/image\/"},"sameAs":["https:\/\/www.facebook.com\/dorogimedence\/"]},{"@type":"Person","@id":"https:\/\/dorogimedence.hu\/#\/schema\/person\/ce6091eeb7e95ecdc87890d6aa8e0fd4","name":"dorogimedence.hu","image":{"@type":"ImageObject","inLanguage":"hu","@id":"\/\/www.gravatar.com\/avatar\/d8d45f8901aadff40a4af72c0b826f1d?s=96&#038;r=g&#038;d=mm","url":"\/\/www.gravatar.com\/avatar\/d8d45f8901aadff40a4af72c0b826f1d?s=96&#038;r=g&#038;d=mm","contentUrl":"\/\/www.gravatar.com\/avatar\/d8d45f8901aadff40a4af72c0b826f1d?s=96&#038;r=g&#038;d=mm","caption":"dorogimedence.hu"}}]}},"_links":{"self":[{"href":"https:\/\/dorogimedence.hu\/index.php\/wp-json\/wp\/v2\/posts\/78847","targetHints":{"allow":["GET"]}}],"collection":[{"href":"https:\/\/dorogimedence.hu\/index.php\/wp-json\/wp\/v2\/posts"}],"about":[{"href":"https:\/\/dorogimedence.hu\/index.php\/wp-json\/wp\/v2\/types\/post"}],"author":[{"embeddable":true,"href":"https:\/\/dorogimedence.hu\/index.php\/wp-json\/wp\/v2\/users\/1"}],"replies":[{"embeddable":true,"href":"https:\/\/dorogimedence.hu\/index.php\/wp-json\/wp\/v2\/comments?post=78847"}],"version-history":[{"count":1,"href":"https:\/\/dorogimedence.hu\/index.php\/wp-json\/wp\/v2\/posts\/78847\/revisions"}],"predecessor-version":[{"id":78850,"href":"https:\/\/dorogimedence.hu\/index.php\/wp-json\/wp\/v2\/posts\/78847\/revisions\/78850"}],"wp:featuredmedia":[{"embeddable":true,"href":"https:\/\/dorogimedence.hu\/index.php\/wp-json\/wp\/v2\/media\/78849"}],"wp:attachment":[{"href":"https:\/\/dorogimedence.hu\/index.php\/wp-json\/wp\/v2\/media?parent=78847"}],"wp:term":[{"taxonomy":"category","embeddable":true,"href":"https:\/\/dorogimedence.hu\/index.php\/wp-json\/wp\/v2\/categories?post=78847"},{"taxonomy":"post_tag","embeddable":true,"href":"https:\/\/dorogimedence.hu\/index.php\/wp-json\/wp\/v2\/tags?post=78847"}],"curies":[{"name":"wp","href":"https:\/\/api.w.org\/{rel}","templated":true}]}}