{"id":78820,"date":"2026-03-23T14:38:40","date_gmt":"2026-03-23T13:38:40","guid":{"rendered":"https:\/\/dorogimedence.hu\/?p=78820"},"modified":"2026-03-23T14:38:40","modified_gmt":"2026-03-23T13:38:40","slug":"a-genek-nyomaban-eloadas-a-magyarsag-eredeterol-dorogon","status":"publish","type":"post","link":"https:\/\/dorogimedence.hu\/index.php\/2026\/03\/23\/a-genek-nyomaban-eloadas-a-magyarsag-eredeterol-dorogon\/","title":{"rendered":"A g\u00e9nek nyom\u00e1ban: el\u0151ad\u00e1s a magyars\u00e1g eredet\u00e9r\u0151l Dorogon"},"content":{"rendered":"<p><strong>Izgalmas \u00e9s sokakat foglalkoztat\u00f3 t\u00e9m\u00e1val v\u00e1rja az \u00e9rdekl\u0151d\u0151ket a dorogi G\u00e1thy Zolt\u00e1n V\u00e1rosi K\u00f6nyvt\u00e1r: vajon kider\u00fclhet-e a g\u00e9nekb\u0151l a magyars\u00e1g eredete?<\/strong><\/p>\n<p>A k\u00f6vetkez\u0151 program vend\u00e9ge dr. Csap\u00f3 Csaba t\u00f6rt\u00e9n\u00e9sz, aki el\u0151ad\u00e1s\u00e1ban a legfrissebb tudom\u00e1nyos kutat\u00e1sok t\u00fckr\u00e9ben j\u00e1rja k\u00f6r\u00fcl a k\u00e9rd\u00e9st. Az elm\u00falt \u00e9vekben ugyanis jelent\u0151s \u00e1tt\u00f6r\u00e9s t\u00f6rt\u00e9nt a magyar \u0151st\u00f6rt\u00e9net kutat\u00e1s\u00e1ban: 2024 december\u00e9ben egy rangos amerikai szakfoly\u00f3iratban jelent meg magyar kutat\u00f3k \u00e1tfog\u00f3 tanulm\u00e1nya, amely \u00f6t \u00e9v munk\u00e1j\u00e1t \u00f6sszegezve vizsg\u00e1lta a K\u00e1rp\u00e1t-medence 5\u201311. sz\u00e1zadi n\u00e9pess\u00e9g\u00e9nek genetikai h\u00e1tter\u00e9t.<\/p>\n<p>A kutat\u00e1s k\u00f6z\u00e9ppontj\u00e1ban k\u00f6z\u00e9pkori temet\u0151kben felt\u00e1rt emberi maradv\u00e1nyok genetikai elemz\u00e9se \u00e1llt, amely \u00faj v\u00e1laszokat k\u00edn\u00e1l arra, honnan \u00e9rkeztek el\u0151deink, milyen n\u00e9pcsoportokkal egy\u00fctt v\u00e1ndoroltak, \u00e9s milyen lakoss\u00e1got tal\u00e1ltak a K\u00e1rp\u00e1t-medenc\u00e9ben. Az eredm\u00e9nyek nemcsak kieg\u00e9sz\u00edtik, hanem t\u00f6bb ponton \u00fajra is \u00e9rtelmezik a kor\u00e1bbi nyelv\u00e9szeti \u00e9s r\u00e9g\u00e9szeti elk\u00e9pzel\u00e9seket.<\/p>\n<p>A szakemberek szerint az elm\u00falt m\u00e1sf\u00e9l \u00e9vsz\u00e1zadban nem sz\u00fcletett ilyen jelent\u0151s\u00e9g\u0171 felfedez\u00e9s a magyars\u00e1g eredet\u00e9nek kutat\u00e1s\u00e1ban, \u00edgy az el\u0151ad\u00e1s k\u00fcl\u00f6n\u00f6sen \u00e9rdekes lehet mindazok sz\u00e1m\u00e1ra, akiket foglalkoztat m\u00faltunk \u00e9s identit\u00e1sunk k\u00e9rd\u00e9se.<\/p>\n<p>Id\u0151pont: 2026. m\u00e1rcius 26. (cs\u00fct\u00f6rt\u00f6k) 17:00<br \/>\nHelysz\u00edn: G\u00e1thy Zolt\u00e1n V\u00e1rosi K\u00f6nyvt\u00e1r<\/p>\n<p>A programon val\u00f3 r\u00e9szv\u00e9tel ingyenes. A szervez\u0151k minden \u00e9rdekl\u0151d\u0151t szeretettel v\u00e1rnak.<\/p>\n<p><img fetchpriority=\"high\" decoding=\"async\" class=\"alignnone size-full wp-image-78821\" src=\"https:\/\/dorogimedence.hu\/wp-content\/uploads\/2026\/03\/656859710_1245984187718576_5184417197064452886_n.jpg\" alt=\"\" width=\"1448\" height=\"2048\" srcset=\"https:\/\/dorogimedence.hu\/wp-content\/uploads\/2026\/03\/656859710_1245984187718576_5184417197064452886_n.jpg 1448w, https:\/\/dorogimedence.hu\/wp-content\/uploads\/2026\/03\/656859710_1245984187718576_5184417197064452886_n-424x600.jpg 424w, https:\/\/dorogimedence.hu\/wp-content\/uploads\/2026\/03\/656859710_1245984187718576_5184417197064452886_n-1358x1920.jpg 1358w, https:\/\/dorogimedence.hu\/wp-content\/uploads\/2026\/03\/656859710_1245984187718576_5184417197064452886_n-768x1086.jpg 768w, https:\/\/dorogimedence.hu\/wp-content\/uploads\/2026\/03\/656859710_1245984187718576_5184417197064452886_n-1086x1536.jpg 1086w, https:\/\/dorogimedence.hu\/wp-content\/uploads\/2026\/03\/656859710_1245984187718576_5184417197064452886_n-150x212.jpg 150w, https:\/\/dorogimedence.hu\/wp-content\/uploads\/2026\/03\/656859710_1245984187718576_5184417197064452886_n-450x636.jpg 450w, https:\/\/dorogimedence.hu\/wp-content\/uploads\/2026\/03\/656859710_1245984187718576_5184417197064452886_n-1200x1697.jpg 1200w\" sizes=\"(max-width: 1448px) 100vw, 1448px\" \/><\/p>\n<p><em>Bor\u00edt\u00f3k\u00e9p: dorogimedence.hu (Dr. Csap\u00f3 Csaba kor\u00e1bbi el\u0151ad\u00e1s\u00e1n k\u00e9sz\u00fclt)<\/em><\/p>\n","protected":false},"excerpt":{"rendered":"<p>Izgalmas \u00e9s sokakat foglalkoztat\u00f3 t\u00e9m\u00e1val v\u00e1rja az \u00e9rdekl\u0151d\u0151ket a dorogi G\u00e1thy Zolt\u00e1n V\u00e1rosi K\u00f6nyvt\u00e1r: vajon kider\u00fclhet-e a g\u00e9nekb\u0151l a magyars\u00e1g eredete? A k\u00f6vetkez\u0151 program vend\u00e9ge dr. Csap\u00f3 Csaba t\u00f6rt\u00e9n\u00e9sz, aki el\u0151ad\u00e1s\u00e1ban a legfrissebb tudom\u00e1nyos kutat\u00e1sok t\u00fckr\u00e9ben j\u00e1rja k\u00f6r\u00fcl a k\u00e9rd\u00e9st. Az elm\u00falt \u00e9vekben ugyanis jelent\u0151s \u00e1tt\u00f6r\u00e9s t\u00f6rt\u00e9nt a magyar \u0151st\u00f6rt\u00e9net kutat\u00e1s\u00e1ban: 2024 december\u00e9ben egy rangos<\/p>\n","protected":false},"author":1,"featured_media":69509,"comment_status":"closed","ping_status":"closed","sticky":false,"template":"","format":"standard","meta":{"ngg_post_thumbnail":0,"footnotes":""},"categories":[2,3,3561],"tags":[15,8802,173,101,116],"class_list":{"0":"post-78820","1":"post","2":"type-post","3":"status-publish","4":"format-standard","5":"has-post-thumbnail","7":"category-dorog","8":"category-hirek","9":"category-programok","10":"tag-dorog","11":"tag-dr-csapo-csaba","12":"tag-eloadas","13":"tag-program","14":"tag-programok"},"yoast_head":"<!-- This site is optimized with the Yoast SEO plugin v27.5 - https:\/\/yoast.com\/product\/yoast-seo-wordpress\/ -->\n<title>A g\u00e9nek nyom\u00e1ban: el\u0151ad\u00e1s a magyars\u00e1g eredet\u00e9r\u0151l Dorogon<\/title>\n<meta name=\"robots\" content=\"index, follow, max-snippet:-1, max-image-preview:large, max-video-preview:-1\" \/>\n<link rel=\"canonical\" href=\"https:\/\/dorogimedence.hu\/index.php\/2026\/03\/23\/a-genek-nyomaban-eloadas-a-magyarsag-eredeterol-dorogon\/\" class=\"yoast-seo-meta-tag\" \/>\n<meta property=\"og:locale\" content=\"hu_HU\" class=\"yoast-seo-meta-tag\" \/>\n<meta property=\"og:type\" content=\"article\" class=\"yoast-seo-meta-tag\" \/>\n<meta property=\"og:title\" content=\"A g\u00e9nek nyom\u00e1ban: el\u0151ad\u00e1s a magyars\u00e1g eredet\u00e9r\u0151l Dorogon\" class=\"yoast-seo-meta-tag\" \/>\n<meta property=\"og:description\" content=\"Izgalmas \u00e9s sokakat foglalkoztat\u00f3 t\u00e9m\u00e1val v\u00e1rja az \u00e9rdekl\u0151d\u0151ket a dorogi G\u00e1thy Zolt\u00e1n V\u00e1rosi K\u00f6nyvt\u00e1r: vajon kider\u00fclhet-e a g\u00e9nekb\u0151l a magyars\u00e1g eredete? A k\u00f6vetkez\u0151 program vend\u00e9ge dr. Csap\u00f3 Csaba t\u00f6rt\u00e9n\u00e9sz, aki el\u0151ad\u00e1s\u00e1ban a legfrissebb tudom\u00e1nyos kutat\u00e1sok t\u00fckr\u00e9ben j\u00e1rja k\u00f6r\u00fcl a k\u00e9rd\u00e9st. Az elm\u00falt \u00e9vekben ugyanis jelent\u0151s \u00e1tt\u00f6r\u00e9s t\u00f6rt\u00e9nt a magyar \u0151st\u00f6rt\u00e9net kutat\u00e1s\u00e1ban: 2024 december\u00e9ben egy rangos\" class=\"yoast-seo-meta-tag\" \/>\n<meta property=\"og:url\" content=\"https:\/\/dorogimedence.hu\/index.php\/2026\/03\/23\/a-genek-nyomaban-eloadas-a-magyarsag-eredeterol-dorogon\/\" class=\"yoast-seo-meta-tag\" \/>\n<meta property=\"og:site_name\" content=\"Dorogi-medence Region\u00e1lis H\u00edrport\u00e1l\" class=\"yoast-seo-meta-tag\" \/>\n<meta property=\"article:publisher\" content=\"https:\/\/www.facebook.com\/dorogimedence\/\" class=\"yoast-seo-meta-tag\" \/>\n<meta property=\"article:published_time\" content=\"2026-03-23T13:38:40+00:00\" class=\"yoast-seo-meta-tag\" \/>\n<meta property=\"og:image\" content=\"https:\/\/dorogimedence.hu\/wp-content\/uploads\/2025\/03\/csapo-01.jpg\" class=\"yoast-seo-meta-tag\" \/>\n\t<meta property=\"og:image:width\" content=\"1920\" class=\"yoast-seo-meta-tag\" \/>\n\t<meta property=\"og:image:height\" content=\"1280\" class=\"yoast-seo-meta-tag\" \/>\n\t<meta property=\"og:image:type\" content=\"image\/jpeg\" class=\"yoast-seo-meta-tag\" \/>\n<meta name=\"author\" content=\"dorogimedence.hu\" class=\"yoast-seo-meta-tag\" \/>\n<meta name=\"twitter:card\" content=\"summary_large_image\" class=\"yoast-seo-meta-tag\" \/>\n<meta name=\"twitter:label1\" content=\"Szerz\u0151:\" class=\"yoast-seo-meta-tag\" \/>\n\t<meta name=\"twitter:data1\" content=\"dorogimedence.hu\" class=\"yoast-seo-meta-tag\" \/>\n\t<meta name=\"twitter:label2\" content=\"Becs\u00fclt olvas\u00e1si id\u0151\" class=\"yoast-seo-meta-tag\" \/>\n\t<meta name=\"twitter:data2\" content=\"2 perc\" class=\"yoast-seo-meta-tag\" \/>\n<script type=\"application\/ld+json\" class=\"yoast-schema-graph\">{\"@context\":\"https:\\\/\\\/schema.org\",\"@graph\":[{\"@type\":\"Article\",\"@id\":\"https:\\\/\\\/dorogimedence.hu\\\/index.php\\\/2026\\\/03\\\/23\\\/a-genek-nyomaban-eloadas-a-magyarsag-eredeterol-dorogon\\\/#article\",\"isPartOf\":{\"@id\":\"https:\\\/\\\/dorogimedence.hu\\\/index.php\\\/2026\\\/03\\\/23\\\/a-genek-nyomaban-eloadas-a-magyarsag-eredeterol-dorogon\\\/\"},\"author\":{\"name\":\"dorogimedence.hu\",\"@id\":\"https:\\\/\\\/dorogimedence.hu\\\/#\\\/schema\\\/person\\\/ce6091eeb7e95ecdc87890d6aa8e0fd4\"},\"headline\":\"A g\u00e9nek nyom\u00e1ban: el\u0151ad\u00e1s a magyars\u00e1g eredet\u00e9r\u0151l Dorogon\",\"datePublished\":\"2026-03-23T13:38:40+00:00\",\"mainEntityOfPage\":{\"@id\":\"https:\\\/\\\/dorogimedence.hu\\\/index.php\\\/2026\\\/03\\\/23\\\/a-genek-nyomaban-eloadas-a-magyarsag-eredeterol-dorogon\\\/\"},\"wordCount\":329,\"publisher\":{\"@id\":\"https:\\\/\\\/dorogimedence.hu\\\/#organization\"},\"image\":{\"@id\":\"https:\\\/\\\/dorogimedence.hu\\\/index.php\\\/2026\\\/03\\\/23\\\/a-genek-nyomaban-eloadas-a-magyarsag-eredeterol-dorogon\\\/#primaryimage\"},\"thumbnailUrl\":\"https:\\\/\\\/dorogimedence.hu\\\/wp-content\\\/uploads\\\/2025\\\/03\\\/csapo-01.jpg\",\"keywords\":[\"Dorog\",\"Dr. Csap\u00f3 Csaba\",\"el\u0151ad\u00e1s\",\"program\",\"programok\"],\"articleSection\":[\"Dorog\",\"H\u00edrek\",\"Programok\"],\"inLanguage\":\"hu\"},{\"@type\":\"WebPage\",\"@id\":\"https:\\\/\\\/dorogimedence.hu\\\/index.php\\\/2026\\\/03\\\/23\\\/a-genek-nyomaban-eloadas-a-magyarsag-eredeterol-dorogon\\\/\",\"url\":\"https:\\\/\\\/dorogimedence.hu\\\/index.php\\\/2026\\\/03\\\/23\\\/a-genek-nyomaban-eloadas-a-magyarsag-eredeterol-dorogon\\\/\",\"name\":\"A g\u00e9nek nyom\u00e1ban: el\u0151ad\u00e1s a magyars\u00e1g eredet\u00e9r\u0151l Dorogon\",\"isPartOf\":{\"@id\":\"https:\\\/\\\/dorogimedence.hu\\\/#website\"},\"primaryImageOfPage\":{\"@id\":\"https:\\\/\\\/dorogimedence.hu\\\/index.php\\\/2026\\\/03\\\/23\\\/a-genek-nyomaban-eloadas-a-magyarsag-eredeterol-dorogon\\\/#primaryimage\"},\"image\":{\"@id\":\"https:\\\/\\\/dorogimedence.hu\\\/index.php\\\/2026\\\/03\\\/23\\\/a-genek-nyomaban-eloadas-a-magyarsag-eredeterol-dorogon\\\/#primaryimage\"},\"thumbnailUrl\":\"https:\\\/\\\/dorogimedence.hu\\\/wp-content\\\/uploads\\\/2025\\\/03\\\/csapo-01.jpg\",\"datePublished\":\"2026-03-23T13:38:40+00:00\",\"breadcrumb\":{\"@id\":\"https:\\\/\\\/dorogimedence.hu\\\/index.php\\\/2026\\\/03\\\/23\\\/a-genek-nyomaban-eloadas-a-magyarsag-eredeterol-dorogon\\\/#breadcrumb\"},\"inLanguage\":\"hu\",\"potentialAction\":[{\"@type\":\"ReadAction\",\"target\":[\"https:\\\/\\\/dorogimedence.hu\\\/index.php\\\/2026\\\/03\\\/23\\\/a-genek-nyomaban-eloadas-a-magyarsag-eredeterol-dorogon\\\/\"]}]},{\"@type\":\"ImageObject\",\"inLanguage\":\"hu\",\"@id\":\"https:\\\/\\\/dorogimedence.hu\\\/index.php\\\/2026\\\/03\\\/23\\\/a-genek-nyomaban-eloadas-a-magyarsag-eredeterol-dorogon\\\/#primaryimage\",\"url\":\"https:\\\/\\\/dorogimedence.hu\\\/wp-content\\\/uploads\\\/2025\\\/03\\\/csapo-01.jpg\",\"contentUrl\":\"https:\\\/\\\/dorogimedence.hu\\\/wp-content\\\/uploads\\\/2025\\\/03\\\/csapo-01.jpg\",\"width\":1920,\"height\":1280},{\"@type\":\"BreadcrumbList\",\"@id\":\"https:\\\/\\\/dorogimedence.hu\\\/index.php\\\/2026\\\/03\\\/23\\\/a-genek-nyomaban-eloadas-a-magyarsag-eredeterol-dorogon\\\/#breadcrumb\",\"itemListElement\":[{\"@type\":\"ListItem\",\"position\":1,\"name\":\"Kezd\u0151lap\",\"item\":\"https:\\\/\\\/dorogimedence.hu\\\/\"},{\"@type\":\"ListItem\",\"position\":2,\"name\":\"A g\u00e9nek nyom\u00e1ban: el\u0151ad\u00e1s a magyars\u00e1g eredet\u00e9r\u0151l Dorogon\"}]},{\"@type\":\"WebSite\",\"@id\":\"https:\\\/\\\/dorogimedence.hu\\\/#website\",\"url\":\"https:\\\/\\\/dorogimedence.hu\\\/\",\"name\":\"Dorogi-medence Region\u00e1lis H\u00edrport\u00e1l\",\"description\":\"Dorog, Keszt\u00f6lc, Le\u00e1nyv\u00e1r, Piliscs\u00e9v, Tokod, Tokodalt\u00e1r\u00f3, Csolnok, Esztergom-kertv\u00e1ros: h\u00edrek, programok\",\"publisher\":{\"@id\":\"https:\\\/\\\/dorogimedence.hu\\\/#organization\"},\"potentialAction\":[{\"@type\":\"SearchAction\",\"target\":{\"@type\":\"EntryPoint\",\"urlTemplate\":\"https:\\\/\\\/dorogimedence.hu\\\/?s={search_term_string}\"},\"query-input\":{\"@type\":\"PropertyValueSpecification\",\"valueRequired\":true,\"valueName\":\"search_term_string\"}}],\"inLanguage\":\"hu\"},{\"@type\":\"Organization\",\"@id\":\"https:\\\/\\\/dorogimedence.hu\\\/#organization\",\"name\":\"Dorogi-medence Region\u00e1lis H\u00edrport\u00e1l\",\"url\":\"https:\\\/\\\/dorogimedence.hu\\\/\",\"logo\":{\"@type\":\"ImageObject\",\"inLanguage\":\"hu\",\"@id\":\"https:\\\/\\\/dorogimedence.hu\\\/#\\\/schema\\\/logo\\\/image\\\/\",\"url\":\"https:\\\/\\\/dorogimedence.hu\\\/wp-content\\\/uploads\\\/2021\\\/04\\\/logo-feher-600.png\",\"contentUrl\":\"https:\\\/\\\/dorogimedence.hu\\\/wp-content\\\/uploads\\\/2021\\\/04\\\/logo-feher-600.png\",\"width\":600,\"height\":100,\"caption\":\"Dorogi-medence Region\u00e1lis H\u00edrport\u00e1l\"},\"image\":{\"@id\":\"https:\\\/\\\/dorogimedence.hu\\\/#\\\/schema\\\/logo\\\/image\\\/\"},\"sameAs\":[\"https:\\\/\\\/www.facebook.com\\\/dorogimedence\\\/\"]},{\"@type\":\"Person\",\"@id\":\"https:\\\/\\\/dorogimedence.hu\\\/#\\\/schema\\\/person\\\/ce6091eeb7e95ecdc87890d6aa8e0fd4\",\"name\":\"dorogimedence.hu\",\"image\":{\"@type\":\"ImageObject\",\"inLanguage\":\"hu\",\"@id\":\"\\\/\\\/www.gravatar.com\\\/avatar\\\/d8d45f8901aadff40a4af72c0b826f1d?s=96&#038;r=g&#038;d=mm\",\"url\":\"\\\/\\\/www.gravatar.com\\\/avatar\\\/d8d45f8901aadff40a4af72c0b826f1d?s=96&#038;r=g&#038;d=mm\",\"contentUrl\":\"\\\/\\\/www.gravatar.com\\\/avatar\\\/d8d45f8901aadff40a4af72c0b826f1d?s=96&#038;r=g&#038;d=mm\",\"caption\":\"dorogimedence.hu\"}}]}<\/script>\n<!-- \/ Yoast SEO plugin. -->","yoast_head_json":{"title":"A g\u00e9nek nyom\u00e1ban: el\u0151ad\u00e1s a magyars\u00e1g eredet\u00e9r\u0151l Dorogon","robots":{"index":"index","follow":"follow","max-snippet":"max-snippet:-1","max-image-preview":"max-image-preview:large","max-video-preview":"max-video-preview:-1"},"canonical":"https:\/\/dorogimedence.hu\/index.php\/2026\/03\/23\/a-genek-nyomaban-eloadas-a-magyarsag-eredeterol-dorogon\/","og_locale":"hu_HU","og_type":"article","og_title":"A g\u00e9nek nyom\u00e1ban: el\u0151ad\u00e1s a magyars\u00e1g eredet\u00e9r\u0151l Dorogon","og_description":"Izgalmas \u00e9s sokakat foglalkoztat\u00f3 t\u00e9m\u00e1val v\u00e1rja az \u00e9rdekl\u0151d\u0151ket a dorogi G\u00e1thy Zolt\u00e1n V\u00e1rosi K\u00f6nyvt\u00e1r: vajon kider\u00fclhet-e a g\u00e9nekb\u0151l a magyars\u00e1g eredete? A k\u00f6vetkez\u0151 program vend\u00e9ge dr. Csap\u00f3 Csaba t\u00f6rt\u00e9n\u00e9sz, aki el\u0151ad\u00e1s\u00e1ban a legfrissebb tudom\u00e1nyos kutat\u00e1sok t\u00fckr\u00e9ben j\u00e1rja k\u00f6r\u00fcl a k\u00e9rd\u00e9st. Az elm\u00falt \u00e9vekben ugyanis jelent\u0151s \u00e1tt\u00f6r\u00e9s t\u00f6rt\u00e9nt a magyar \u0151st\u00f6rt\u00e9net kutat\u00e1s\u00e1ban: 2024 december\u00e9ben egy rangos","og_url":"https:\/\/dorogimedence.hu\/index.php\/2026\/03\/23\/a-genek-nyomaban-eloadas-a-magyarsag-eredeterol-dorogon\/","og_site_name":"Dorogi-medence Region\u00e1lis H\u00edrport\u00e1l","article_publisher":"https:\/\/www.facebook.com\/dorogimedence\/","article_published_time":"2026-03-23T13:38:40+00:00","og_image":[{"width":1920,"height":1280,"url":"https:\/\/dorogimedence.hu\/wp-content\/uploads\/2025\/03\/csapo-01.jpg","type":"image\/jpeg"}],"author":"dorogimedence.hu","twitter_card":"summary_large_image","twitter_misc":{"Szerz\u0151:":"dorogimedence.hu","Becs\u00fclt olvas\u00e1si id\u0151":"2 perc"},"schema":{"@context":"https:\/\/schema.org","@graph":[{"@type":"Article","@id":"https:\/\/dorogimedence.hu\/index.php\/2026\/03\/23\/a-genek-nyomaban-eloadas-a-magyarsag-eredeterol-dorogon\/#article","isPartOf":{"@id":"https:\/\/dorogimedence.hu\/index.php\/2026\/03\/23\/a-genek-nyomaban-eloadas-a-magyarsag-eredeterol-dorogon\/"},"author":{"name":"dorogimedence.hu","@id":"https:\/\/dorogimedence.hu\/#\/schema\/person\/ce6091eeb7e95ecdc87890d6aa8e0fd4"},"headline":"A g\u00e9nek nyom\u00e1ban: el\u0151ad\u00e1s a magyars\u00e1g eredet\u00e9r\u0151l Dorogon","datePublished":"2026-03-23T13:38:40+00:00","mainEntityOfPage":{"@id":"https:\/\/dorogimedence.hu\/index.php\/2026\/03\/23\/a-genek-nyomaban-eloadas-a-magyarsag-eredeterol-dorogon\/"},"wordCount":329,"publisher":{"@id":"https:\/\/dorogimedence.hu\/#organization"},"image":{"@id":"https:\/\/dorogimedence.hu\/index.php\/2026\/03\/23\/a-genek-nyomaban-eloadas-a-magyarsag-eredeterol-dorogon\/#primaryimage"},"thumbnailUrl":"https:\/\/dorogimedence.hu\/wp-content\/uploads\/2025\/03\/csapo-01.jpg","keywords":["Dorog","Dr. Csap\u00f3 Csaba","el\u0151ad\u00e1s","program","programok"],"articleSection":["Dorog","H\u00edrek","Programok"],"inLanguage":"hu"},{"@type":"WebPage","@id":"https:\/\/dorogimedence.hu\/index.php\/2026\/03\/23\/a-genek-nyomaban-eloadas-a-magyarsag-eredeterol-dorogon\/","url":"https:\/\/dorogimedence.hu\/index.php\/2026\/03\/23\/a-genek-nyomaban-eloadas-a-magyarsag-eredeterol-dorogon\/","name":"A g\u00e9nek nyom\u00e1ban: el\u0151ad\u00e1s a magyars\u00e1g eredet\u00e9r\u0151l Dorogon","isPartOf":{"@id":"https:\/\/dorogimedence.hu\/#website"},"primaryImageOfPage":{"@id":"https:\/\/dorogimedence.hu\/index.php\/2026\/03\/23\/a-genek-nyomaban-eloadas-a-magyarsag-eredeterol-dorogon\/#primaryimage"},"image":{"@id":"https:\/\/dorogimedence.hu\/index.php\/2026\/03\/23\/a-genek-nyomaban-eloadas-a-magyarsag-eredeterol-dorogon\/#primaryimage"},"thumbnailUrl":"https:\/\/dorogimedence.hu\/wp-content\/uploads\/2025\/03\/csapo-01.jpg","datePublished":"2026-03-23T13:38:40+00:00","breadcrumb":{"@id":"https:\/\/dorogimedence.hu\/index.php\/2026\/03\/23\/a-genek-nyomaban-eloadas-a-magyarsag-eredeterol-dorogon\/#breadcrumb"},"inLanguage":"hu","potentialAction":[{"@type":"ReadAction","target":["https:\/\/dorogimedence.hu\/index.php\/2026\/03\/23\/a-genek-nyomaban-eloadas-a-magyarsag-eredeterol-dorogon\/"]}]},{"@type":"ImageObject","inLanguage":"hu","@id":"https:\/\/dorogimedence.hu\/index.php\/2026\/03\/23\/a-genek-nyomaban-eloadas-a-magyarsag-eredeterol-dorogon\/#primaryimage","url":"https:\/\/dorogimedence.hu\/wp-content\/uploads\/2025\/03\/csapo-01.jpg","contentUrl":"https:\/\/dorogimedence.hu\/wp-content\/uploads\/2025\/03\/csapo-01.jpg","width":1920,"height":1280},{"@type":"BreadcrumbList","@id":"https:\/\/dorogimedence.hu\/index.php\/2026\/03\/23\/a-genek-nyomaban-eloadas-a-magyarsag-eredeterol-dorogon\/#breadcrumb","itemListElement":[{"@type":"ListItem","position":1,"name":"Kezd\u0151lap","item":"https:\/\/dorogimedence.hu\/"},{"@type":"ListItem","position":2,"name":"A g\u00e9nek nyom\u00e1ban: el\u0151ad\u00e1s a magyars\u00e1g eredet\u00e9r\u0151l Dorogon"}]},{"@type":"WebSite","@id":"https:\/\/dorogimedence.hu\/#website","url":"https:\/\/dorogimedence.hu\/","name":"Dorogi-medence Region\u00e1lis H\u00edrport\u00e1l","description":"Dorog, Keszt\u00f6lc, Le\u00e1nyv\u00e1r, Piliscs\u00e9v, Tokod, Tokodalt\u00e1r\u00f3, Csolnok, Esztergom-kertv\u00e1ros: h\u00edrek, programok","publisher":{"@id":"https:\/\/dorogimedence.hu\/#organization"},"potentialAction":[{"@type":"SearchAction","target":{"@type":"EntryPoint","urlTemplate":"https:\/\/dorogimedence.hu\/?s={search_term_string}"},"query-input":{"@type":"PropertyValueSpecification","valueRequired":true,"valueName":"search_term_string"}}],"inLanguage":"hu"},{"@type":"Organization","@id":"https:\/\/dorogimedence.hu\/#organization","name":"Dorogi-medence Region\u00e1lis H\u00edrport\u00e1l","url":"https:\/\/dorogimedence.hu\/","logo":{"@type":"ImageObject","inLanguage":"hu","@id":"https:\/\/dorogimedence.hu\/#\/schema\/logo\/image\/","url":"https:\/\/dorogimedence.hu\/wp-content\/uploads\/2021\/04\/logo-feher-600.png","contentUrl":"https:\/\/dorogimedence.hu\/wp-content\/uploads\/2021\/04\/logo-feher-600.png","width":600,"height":100,"caption":"Dorogi-medence Region\u00e1lis H\u00edrport\u00e1l"},"image":{"@id":"https:\/\/dorogimedence.hu\/#\/schema\/logo\/image\/"},"sameAs":["https:\/\/www.facebook.com\/dorogimedence\/"]},{"@type":"Person","@id":"https:\/\/dorogimedence.hu\/#\/schema\/person\/ce6091eeb7e95ecdc87890d6aa8e0fd4","name":"dorogimedence.hu","image":{"@type":"ImageObject","inLanguage":"hu","@id":"\/\/www.gravatar.com\/avatar\/d8d45f8901aadff40a4af72c0b826f1d?s=96&#038;r=g&#038;d=mm","url":"\/\/www.gravatar.com\/avatar\/d8d45f8901aadff40a4af72c0b826f1d?s=96&#038;r=g&#038;d=mm","contentUrl":"\/\/www.gravatar.com\/avatar\/d8d45f8901aadff40a4af72c0b826f1d?s=96&#038;r=g&#038;d=mm","caption":"dorogimedence.hu"}}]}},"_links":{"self":[{"href":"https:\/\/dorogimedence.hu\/index.php\/wp-json\/wp\/v2\/posts\/78820","targetHints":{"allow":["GET"]}}],"collection":[{"href":"https:\/\/dorogimedence.hu\/index.php\/wp-json\/wp\/v2\/posts"}],"about":[{"href":"https:\/\/dorogimedence.hu\/index.php\/wp-json\/wp\/v2\/types\/post"}],"author":[{"embeddable":true,"href":"https:\/\/dorogimedence.hu\/index.php\/wp-json\/wp\/v2\/users\/1"}],"replies":[{"embeddable":true,"href":"https:\/\/dorogimedence.hu\/index.php\/wp-json\/wp\/v2\/comments?post=78820"}],"version-history":[{"count":1,"href":"https:\/\/dorogimedence.hu\/index.php\/wp-json\/wp\/v2\/posts\/78820\/revisions"}],"predecessor-version":[{"id":78822,"href":"https:\/\/dorogimedence.hu\/index.php\/wp-json\/wp\/v2\/posts\/78820\/revisions\/78822"}],"wp:featuredmedia":[{"embeddable":true,"href":"https:\/\/dorogimedence.hu\/index.php\/wp-json\/wp\/v2\/media\/69509"}],"wp:attachment":[{"href":"https:\/\/dorogimedence.hu\/index.php\/wp-json\/wp\/v2\/media?parent=78820"}],"wp:term":[{"taxonomy":"category","embeddable":true,"href":"https:\/\/dorogimedence.hu\/index.php\/wp-json\/wp\/v2\/categories?post=78820"},{"taxonomy":"post_tag","embeddable":true,"href":"https:\/\/dorogimedence.hu\/index.php\/wp-json\/wp\/v2\/tags?post=78820"}],"curies":[{"name":"wp","href":"https:\/\/api.w.org\/{rel}","templated":true}]}}