{"id":78808,"date":"2026-03-23T10:14:47","date_gmt":"2026-03-23T09:14:47","guid":{"rendered":"https:\/\/dorogimedence.hu\/?p=78808"},"modified":"2026-03-23T10:14:47","modified_gmt":"2026-03-23T09:14:47","slug":"husveti-csodavilag-unyon-megnyilt-a-nyulverzum","status":"publish","type":"post","link":"https:\/\/dorogimedence.hu\/index.php\/2026\/03\/23\/husveti-csodavilag-unyon-megnyilt-a-nyulverzum\/","title":{"rendered":"H\u00fasv\u00e9ti csodavil\u00e1g \u00danyon: megny\u00edlt a Ny\u00falverzum"},"content":{"rendered":"<p><strong>K\u00fcl\u00f6nleges tavaszi l\u00e1tv\u00e1nyoss\u00e1g v\u00e1rja a l\u00e1togat\u00f3kat \u00danyon: a helyi k\u00f6z\u00f6ss\u00e9g \u00f6sszefog\u00e1s\u00e1val l\u00e9trej\u00f6tt a \u201eNy\u00falverzum az Unyiverzumban\u201d, egy mes\u00e9s h\u00fasv\u00e9ti csodavil\u00e1g.<\/strong><\/p>\n<p>A kezdem\u00e9nyez\u00e9st az Unyiverzum KSE ind\u00edtotta \u00fatj\u00e1ra azzal a c\u00e9llal, hogy egy olyan k\u00f6z\u00f6ss\u00e9gi \u00e9lm\u00e9nyt hozzanak l\u00e9tre, amely \u00f6sszehozza az embereket, \u00e9s minden koroszt\u00e1ly sz\u00e1m\u00e1ra \u00e9lm\u00e9nyt ny\u00fajt a h\u00fasv\u00e9ti id\u0151szakban. A De\u00e1k \u00fat 1. sz\u00e1m alatt kialak\u00edtott helysz\u00ednen sz\u00ednes dekor\u00e1ci\u00f3k, l\u00e1tv\u00e1nyos toj\u00e1salag\u00fat, valamint mesefigur\u00e1k \u2013 k\u00f6zt\u00fck Ny\u00falton John \u00e9s a Tavaszt\u00fcnd\u00e9r \u2013 fogadj\u00e1k az \u00e9rkez\u0151ket.<\/p>\n<p>A hangulatos, fot\u00f3z\u00e1sra is kiv\u00e1l\u00f3an alkalmas helysz\u00edn m\u00e1r most l\u00e1togathat\u00f3, \u00e9s folyamatosan b\u0151v\u00fcl: a szervez\u0151k arra biztatj\u00e1k az \u00e9rdekl\u0151d\u0151ket, hogy saj\u00e1t k\u00e9sz\u00edt\u00e9s\u0171, d\u00edsz\u00edtett toj\u00e1sokkal \u0151k is hozz\u00e1j\u00e1ruljanak a k\u00f6z\u00f6s alkot\u00e1shoz, amelyeket a toj\u00e1salag\u00fatban helyezhetnek el.<\/p>\n<p>A projekt igazi k\u00f6z\u00f6ss\u00e9gi \u00f6sszefog\u00e1ssal val\u00f3sult meg. A d\u00edsz\u00edt\u00e9sben r\u00e9szt vett t\u00f6bbek k\u00f6z\u00f6tt az \u00fanyi Id\u0151sek Klubja, az \u00f3voda \u00e9s az iskola is, akik kreat\u00edv munk\u00e1jukkal \u00e9s lelkesed\u00e9s\u00fckkel tett\u00e9k m\u00e9g k\u00fcl\u00f6nlegesebb\u00e9 a h\u00fasv\u00e9ti install\u00e1ci\u00f3t.<\/p>\n<p>A program cs\u00facspontjak\u00e9nt 2026. \u00e1prilis 4-\u00e9n, szombaton 14 \u00f3r\u00e1t\u00f3l \u201eNyuszi-M\u00f3ka Napot\u201d szerveznek az \u00danyi M\u0171vel\u0151d\u00e9si H\u00e1zban, amely ingyenesen l\u00e1togathat\u00f3, \u00e9s sz\u00e1mos programmal v\u00e1rja a csal\u00e1dokat. A rendezv\u00e9nyen t\u00f6bbek k\u00f6z\u00f6tt Parti Maci m\u0171sora, p\u00f3nilovagl\u00e1s, ugr\u00e1l\u00f3v\u00e1r, arcfest\u00e9s, csokivad\u00e1szat \u00e9s k\u00fcl\u00f6nb\u00f6z\u0151 vet\u00e9lked\u0151k is sz\u00ednes\u00edtik a d\u00e9lut\u00e1nt, de az \u00d6nk\u00e9ntes T\u0171zolt\u00f3 Egyes\u00fclet S\u00e1ris\u00e1p is bemutat\u00f3val k\u00e9sz\u00fcl.<\/p>\n<p>A \u201eNy\u00falverzum az Unyiverzumban\u201d c\u00e9lja, hogy ne csak a helyiek, hanem a k\u00f6rny\u00e9ken \u00e9l\u0151k \u00e9s ak\u00e1r t\u00e1volabbr\u00f3l \u00e9rkez\u0151k sz\u00e1m\u00e1ra is vonz\u00f3 h\u00fasv\u00e9ti programot k\u00edn\u00e1ljon \u2013 egy helyet, ahol a tavaszi hangulat, a kreativit\u00e1s \u00e9s a k\u00f6z\u00f6ss\u00e9gi \u00e9lm\u00e9ny tal\u00e1lkozik.<\/p>\n<p><img fetchpriority=\"high\" decoding=\"async\" class=\"alignnone size-full wp-image-78809\" src=\"https:\/\/dorogimedence.hu\/wp-content\/uploads\/2026\/03\/nyuszko-1.jpg\" alt=\"\" width=\"1080\" height=\"1350\" srcset=\"https:\/\/dorogimedence.hu\/wp-content\/uploads\/2026\/03\/nyuszko-1.jpg 1080w, https:\/\/dorogimedence.hu\/wp-content\/uploads\/2026\/03\/nyuszko-1-480x600.jpg 480w, https:\/\/dorogimedence.hu\/wp-content\/uploads\/2026\/03\/nyuszko-1-768x960.jpg 768w, https:\/\/dorogimedence.hu\/wp-content\/uploads\/2026\/03\/nyuszko-1-150x188.jpg 150w, https:\/\/dorogimedence.hu\/wp-content\/uploads\/2026\/03\/nyuszko-1-450x563.jpg 450w\" sizes=\"(max-width: 1080px) 100vw, 1080px\" \/><\/p>\n","protected":false},"excerpt":{"rendered":"<p>K\u00fcl\u00f6nleges tavaszi l\u00e1tv\u00e1nyoss\u00e1g v\u00e1rja a l\u00e1togat\u00f3kat \u00danyon: a helyi k\u00f6z\u00f6ss\u00e9g \u00f6sszefog\u00e1s\u00e1val l\u00e9trej\u00f6tt a \u201eNy\u00falverzum az Unyiverzumban\u201d, egy mes\u00e9s h\u00fasv\u00e9ti csodavil\u00e1g. A kezdem\u00e9nyez\u00e9st az Unyiverzum KSE ind\u00edtotta \u00fatj\u00e1ra azzal a c\u00e9llal, hogy egy olyan k\u00f6z\u00f6ss\u00e9gi \u00e9lm\u00e9nyt hozzanak l\u00e9tre, amely \u00f6sszehozza az embereket, \u00e9s minden koroszt\u00e1ly sz\u00e1m\u00e1ra \u00e9lm\u00e9nyt ny\u00fajt a h\u00fasv\u00e9ti id\u0151szakban. A De\u00e1k \u00fat 1. sz\u00e1m<\/p>\n","protected":false},"author":1,"featured_media":78810,"comment_status":"closed","ping_status":"closed","sticky":false,"template":"","format":"standard","meta":{"ngg_post_thumbnail":0,"footnotes":""},"categories":[3,3561],"tags":[8799,101,116,216,8800],"class_list":{"0":"post-78808","1":"post","2":"type-post","3":"status-publish","4":"format-standard","5":"has-post-thumbnail","7":"category-hirek","8":"category-programok","9":"tag-nyulverzum","10":"tag-program","11":"tag-programok","12":"tag-uny","13":"tag-unyiverzum"},"yoast_head":"<!-- This site is optimized with the Yoast SEO plugin v27.5 - https:\/\/yoast.com\/product\/yoast-seo-wordpress\/ -->\n<title>H\u00fasv\u00e9ti csodavil\u00e1g \u00danyon: megny\u00edlt a Ny\u00falverzum<\/title>\n<meta name=\"robots\" content=\"index, follow, max-snippet:-1, max-image-preview:large, max-video-preview:-1\" \/>\n<link rel=\"canonical\" href=\"https:\/\/dorogimedence.hu\/index.php\/2026\/03\/23\/husveti-csodavilag-unyon-megnyilt-a-nyulverzum\/\" class=\"yoast-seo-meta-tag\" \/>\n<meta property=\"og:locale\" content=\"hu_HU\" class=\"yoast-seo-meta-tag\" \/>\n<meta property=\"og:type\" content=\"article\" class=\"yoast-seo-meta-tag\" \/>\n<meta property=\"og:title\" content=\"H\u00fasv\u00e9ti csodavil\u00e1g \u00danyon: megny\u00edlt a Ny\u00falverzum\" class=\"yoast-seo-meta-tag\" \/>\n<meta property=\"og:description\" content=\"K\u00fcl\u00f6nleges tavaszi l\u00e1tv\u00e1nyoss\u00e1g v\u00e1rja a l\u00e1togat\u00f3kat \u00danyon: a helyi k\u00f6z\u00f6ss\u00e9g \u00f6sszefog\u00e1s\u00e1val l\u00e9trej\u00f6tt a \u201eNy\u00falverzum az Unyiverzumban\u201d, egy mes\u00e9s h\u00fasv\u00e9ti csodavil\u00e1g. A kezdem\u00e9nyez\u00e9st az Unyiverzum KSE ind\u00edtotta \u00fatj\u00e1ra azzal a c\u00e9llal, hogy egy olyan k\u00f6z\u00f6ss\u00e9gi \u00e9lm\u00e9nyt hozzanak l\u00e9tre, amely \u00f6sszehozza az embereket, \u00e9s minden koroszt\u00e1ly sz\u00e1m\u00e1ra \u00e9lm\u00e9nyt ny\u00fajt a h\u00fasv\u00e9ti id\u0151szakban. A De\u00e1k \u00fat 1. sz\u00e1m\" class=\"yoast-seo-meta-tag\" \/>\n<meta property=\"og:url\" content=\"https:\/\/dorogimedence.hu\/index.php\/2026\/03\/23\/husveti-csodavilag-unyon-megnyilt-a-nyulverzum\/\" class=\"yoast-seo-meta-tag\" \/>\n<meta property=\"og:site_name\" content=\"Dorogi-medence Region\u00e1lis H\u00edrport\u00e1l\" class=\"yoast-seo-meta-tag\" \/>\n<meta property=\"article:publisher\" content=\"https:\/\/www.facebook.com\/dorogimedence\/\" class=\"yoast-seo-meta-tag\" \/>\n<meta property=\"article:published_time\" content=\"2026-03-23T09:14:47+00:00\" class=\"yoast-seo-meta-tag\" \/>\n<meta property=\"og:image\" content=\"https:\/\/dorogimedence.hu\/wp-content\/uploads\/2026\/03\/nyulverzum.jpg\" class=\"yoast-seo-meta-tag\" \/>\n\t<meta property=\"og:image:width\" content=\"1920\" class=\"yoast-seo-meta-tag\" \/>\n\t<meta property=\"og:image:height\" content=\"970\" class=\"yoast-seo-meta-tag\" \/>\n\t<meta property=\"og:image:type\" content=\"image\/jpeg\" class=\"yoast-seo-meta-tag\" \/>\n<meta name=\"author\" content=\"dorogimedence.hu\" class=\"yoast-seo-meta-tag\" \/>\n<meta name=\"twitter:card\" content=\"summary_large_image\" class=\"yoast-seo-meta-tag\" \/>\n<meta name=\"twitter:label1\" content=\"Szerz\u0151:\" class=\"yoast-seo-meta-tag\" \/>\n\t<meta name=\"twitter:data1\" content=\"dorogimedence.hu\" class=\"yoast-seo-meta-tag\" \/>\n\t<meta name=\"twitter:label2\" content=\"Becs\u00fclt olvas\u00e1si id\u0151\" class=\"yoast-seo-meta-tag\" \/>\n\t<meta name=\"twitter:data2\" content=\"2 perc\" class=\"yoast-seo-meta-tag\" \/>\n<script type=\"application\/ld+json\" class=\"yoast-schema-graph\">{\"@context\":\"https:\\\/\\\/schema.org\",\"@graph\":[{\"@type\":\"Article\",\"@id\":\"https:\\\/\\\/dorogimedence.hu\\\/index.php\\\/2026\\\/03\\\/23\\\/husveti-csodavilag-unyon-megnyilt-a-nyulverzum\\\/#article\",\"isPartOf\":{\"@id\":\"https:\\\/\\\/dorogimedence.hu\\\/index.php\\\/2026\\\/03\\\/23\\\/husveti-csodavilag-unyon-megnyilt-a-nyulverzum\\\/\"},\"author\":{\"name\":\"dorogimedence.hu\",\"@id\":\"https:\\\/\\\/dorogimedence.hu\\\/#\\\/schema\\\/person\\\/ce6091eeb7e95ecdc87890d6aa8e0fd4\"},\"headline\":\"H\u00fasv\u00e9ti csodavil\u00e1g \u00danyon: megny\u00edlt a Ny\u00falverzum\",\"datePublished\":\"2026-03-23T09:14:47+00:00\",\"mainEntityOfPage\":{\"@id\":\"https:\\\/\\\/dorogimedence.hu\\\/index.php\\\/2026\\\/03\\\/23\\\/husveti-csodavilag-unyon-megnyilt-a-nyulverzum\\\/\"},\"wordCount\":412,\"publisher\":{\"@id\":\"https:\\\/\\\/dorogimedence.hu\\\/#organization\"},\"image\":{\"@id\":\"https:\\\/\\\/dorogimedence.hu\\\/index.php\\\/2026\\\/03\\\/23\\\/husveti-csodavilag-unyon-megnyilt-a-nyulverzum\\\/#primaryimage\"},\"thumbnailUrl\":\"https:\\\/\\\/dorogimedence.hu\\\/wp-content\\\/uploads\\\/2026\\\/03\\\/nyulverzum.jpg\",\"keywords\":[\"Ny\u00falverzum\",\"program\",\"programok\",\"\u00dany\",\"Unyiverzum\"],\"articleSection\":[\"H\u00edrek\",\"Programok\"],\"inLanguage\":\"hu\"},{\"@type\":\"WebPage\",\"@id\":\"https:\\\/\\\/dorogimedence.hu\\\/index.php\\\/2026\\\/03\\\/23\\\/husveti-csodavilag-unyon-megnyilt-a-nyulverzum\\\/\",\"url\":\"https:\\\/\\\/dorogimedence.hu\\\/index.php\\\/2026\\\/03\\\/23\\\/husveti-csodavilag-unyon-megnyilt-a-nyulverzum\\\/\",\"name\":\"H\u00fasv\u00e9ti csodavil\u00e1g \u00danyon: megny\u00edlt a Ny\u00falverzum\",\"isPartOf\":{\"@id\":\"https:\\\/\\\/dorogimedence.hu\\\/#website\"},\"primaryImageOfPage\":{\"@id\":\"https:\\\/\\\/dorogimedence.hu\\\/index.php\\\/2026\\\/03\\\/23\\\/husveti-csodavilag-unyon-megnyilt-a-nyulverzum\\\/#primaryimage\"},\"image\":{\"@id\":\"https:\\\/\\\/dorogimedence.hu\\\/index.php\\\/2026\\\/03\\\/23\\\/husveti-csodavilag-unyon-megnyilt-a-nyulverzum\\\/#primaryimage\"},\"thumbnailUrl\":\"https:\\\/\\\/dorogimedence.hu\\\/wp-content\\\/uploads\\\/2026\\\/03\\\/nyulverzum.jpg\",\"datePublished\":\"2026-03-23T09:14:47+00:00\",\"breadcrumb\":{\"@id\":\"https:\\\/\\\/dorogimedence.hu\\\/index.php\\\/2026\\\/03\\\/23\\\/husveti-csodavilag-unyon-megnyilt-a-nyulverzum\\\/#breadcrumb\"},\"inLanguage\":\"hu\",\"potentialAction\":[{\"@type\":\"ReadAction\",\"target\":[\"https:\\\/\\\/dorogimedence.hu\\\/index.php\\\/2026\\\/03\\\/23\\\/husveti-csodavilag-unyon-megnyilt-a-nyulverzum\\\/\"]}]},{\"@type\":\"ImageObject\",\"inLanguage\":\"hu\",\"@id\":\"https:\\\/\\\/dorogimedence.hu\\\/index.php\\\/2026\\\/03\\\/23\\\/husveti-csodavilag-unyon-megnyilt-a-nyulverzum\\\/#primaryimage\",\"url\":\"https:\\\/\\\/dorogimedence.hu\\\/wp-content\\\/uploads\\\/2026\\\/03\\\/nyulverzum.jpg\",\"contentUrl\":\"https:\\\/\\\/dorogimedence.hu\\\/wp-content\\\/uploads\\\/2026\\\/03\\\/nyulverzum.jpg\",\"width\":1920,\"height\":970},{\"@type\":\"BreadcrumbList\",\"@id\":\"https:\\\/\\\/dorogimedence.hu\\\/index.php\\\/2026\\\/03\\\/23\\\/husveti-csodavilag-unyon-megnyilt-a-nyulverzum\\\/#breadcrumb\",\"itemListElement\":[{\"@type\":\"ListItem\",\"position\":1,\"name\":\"Kezd\u0151lap\",\"item\":\"https:\\\/\\\/dorogimedence.hu\\\/\"},{\"@type\":\"ListItem\",\"position\":2,\"name\":\"H\u00fasv\u00e9ti csodavil\u00e1g \u00danyon: megny\u00edlt a Ny\u00falverzum\"}]},{\"@type\":\"WebSite\",\"@id\":\"https:\\\/\\\/dorogimedence.hu\\\/#website\",\"url\":\"https:\\\/\\\/dorogimedence.hu\\\/\",\"name\":\"Dorogi-medence Region\u00e1lis H\u00edrport\u00e1l\",\"description\":\"Dorog, Keszt\u00f6lc, Le\u00e1nyv\u00e1r, Piliscs\u00e9v, Tokod, Tokodalt\u00e1r\u00f3, Csolnok, Esztergom-kertv\u00e1ros: h\u00edrek, programok\",\"publisher\":{\"@id\":\"https:\\\/\\\/dorogimedence.hu\\\/#organization\"},\"potentialAction\":[{\"@type\":\"SearchAction\",\"target\":{\"@type\":\"EntryPoint\",\"urlTemplate\":\"https:\\\/\\\/dorogimedence.hu\\\/?s={search_term_string}\"},\"query-input\":{\"@type\":\"PropertyValueSpecification\",\"valueRequired\":true,\"valueName\":\"search_term_string\"}}],\"inLanguage\":\"hu\"},{\"@type\":\"Organization\",\"@id\":\"https:\\\/\\\/dorogimedence.hu\\\/#organization\",\"name\":\"Dorogi-medence Region\u00e1lis H\u00edrport\u00e1l\",\"url\":\"https:\\\/\\\/dorogimedence.hu\\\/\",\"logo\":{\"@type\":\"ImageObject\",\"inLanguage\":\"hu\",\"@id\":\"https:\\\/\\\/dorogimedence.hu\\\/#\\\/schema\\\/logo\\\/image\\\/\",\"url\":\"https:\\\/\\\/dorogimedence.hu\\\/wp-content\\\/uploads\\\/2021\\\/04\\\/logo-feher-600.png\",\"contentUrl\":\"https:\\\/\\\/dorogimedence.hu\\\/wp-content\\\/uploads\\\/2021\\\/04\\\/logo-feher-600.png\",\"width\":600,\"height\":100,\"caption\":\"Dorogi-medence Region\u00e1lis H\u00edrport\u00e1l\"},\"image\":{\"@id\":\"https:\\\/\\\/dorogimedence.hu\\\/#\\\/schema\\\/logo\\\/image\\\/\"},\"sameAs\":[\"https:\\\/\\\/www.facebook.com\\\/dorogimedence\\\/\"]},{\"@type\":\"Person\",\"@id\":\"https:\\\/\\\/dorogimedence.hu\\\/#\\\/schema\\\/person\\\/ce6091eeb7e95ecdc87890d6aa8e0fd4\",\"name\":\"dorogimedence.hu\",\"image\":{\"@type\":\"ImageObject\",\"inLanguage\":\"hu\",\"@id\":\"\\\/\\\/www.gravatar.com\\\/avatar\\\/d8d45f8901aadff40a4af72c0b826f1d?s=96&#038;r=g&#038;d=mm\",\"url\":\"\\\/\\\/www.gravatar.com\\\/avatar\\\/d8d45f8901aadff40a4af72c0b826f1d?s=96&#038;r=g&#038;d=mm\",\"contentUrl\":\"\\\/\\\/www.gravatar.com\\\/avatar\\\/d8d45f8901aadff40a4af72c0b826f1d?s=96&#038;r=g&#038;d=mm\",\"caption\":\"dorogimedence.hu\"}}]}<\/script>\n<!-- \/ Yoast SEO plugin. -->","yoast_head_json":{"title":"H\u00fasv\u00e9ti csodavil\u00e1g \u00danyon: megny\u00edlt a Ny\u00falverzum","robots":{"index":"index","follow":"follow","max-snippet":"max-snippet:-1","max-image-preview":"max-image-preview:large","max-video-preview":"max-video-preview:-1"},"canonical":"https:\/\/dorogimedence.hu\/index.php\/2026\/03\/23\/husveti-csodavilag-unyon-megnyilt-a-nyulverzum\/","og_locale":"hu_HU","og_type":"article","og_title":"H\u00fasv\u00e9ti csodavil\u00e1g \u00danyon: megny\u00edlt a Ny\u00falverzum","og_description":"K\u00fcl\u00f6nleges tavaszi l\u00e1tv\u00e1nyoss\u00e1g v\u00e1rja a l\u00e1togat\u00f3kat \u00danyon: a helyi k\u00f6z\u00f6ss\u00e9g \u00f6sszefog\u00e1s\u00e1val l\u00e9trej\u00f6tt a \u201eNy\u00falverzum az Unyiverzumban\u201d, egy mes\u00e9s h\u00fasv\u00e9ti csodavil\u00e1g. A kezdem\u00e9nyez\u00e9st az Unyiverzum KSE ind\u00edtotta \u00fatj\u00e1ra azzal a c\u00e9llal, hogy egy olyan k\u00f6z\u00f6ss\u00e9gi \u00e9lm\u00e9nyt hozzanak l\u00e9tre, amely \u00f6sszehozza az embereket, \u00e9s minden koroszt\u00e1ly sz\u00e1m\u00e1ra \u00e9lm\u00e9nyt ny\u00fajt a h\u00fasv\u00e9ti id\u0151szakban. A De\u00e1k \u00fat 1. sz\u00e1m","og_url":"https:\/\/dorogimedence.hu\/index.php\/2026\/03\/23\/husveti-csodavilag-unyon-megnyilt-a-nyulverzum\/","og_site_name":"Dorogi-medence Region\u00e1lis H\u00edrport\u00e1l","article_publisher":"https:\/\/www.facebook.com\/dorogimedence\/","article_published_time":"2026-03-23T09:14:47+00:00","og_image":[{"width":1920,"height":970,"url":"https:\/\/dorogimedence.hu\/wp-content\/uploads\/2026\/03\/nyulverzum.jpg","type":"image\/jpeg"}],"author":"dorogimedence.hu","twitter_card":"summary_large_image","twitter_misc":{"Szerz\u0151:":"dorogimedence.hu","Becs\u00fclt olvas\u00e1si id\u0151":"2 perc"},"schema":{"@context":"https:\/\/schema.org","@graph":[{"@type":"Article","@id":"https:\/\/dorogimedence.hu\/index.php\/2026\/03\/23\/husveti-csodavilag-unyon-megnyilt-a-nyulverzum\/#article","isPartOf":{"@id":"https:\/\/dorogimedence.hu\/index.php\/2026\/03\/23\/husveti-csodavilag-unyon-megnyilt-a-nyulverzum\/"},"author":{"name":"dorogimedence.hu","@id":"https:\/\/dorogimedence.hu\/#\/schema\/person\/ce6091eeb7e95ecdc87890d6aa8e0fd4"},"headline":"H\u00fasv\u00e9ti csodavil\u00e1g \u00danyon: megny\u00edlt a Ny\u00falverzum","datePublished":"2026-03-23T09:14:47+00:00","mainEntityOfPage":{"@id":"https:\/\/dorogimedence.hu\/index.php\/2026\/03\/23\/husveti-csodavilag-unyon-megnyilt-a-nyulverzum\/"},"wordCount":412,"publisher":{"@id":"https:\/\/dorogimedence.hu\/#organization"},"image":{"@id":"https:\/\/dorogimedence.hu\/index.php\/2026\/03\/23\/husveti-csodavilag-unyon-megnyilt-a-nyulverzum\/#primaryimage"},"thumbnailUrl":"https:\/\/dorogimedence.hu\/wp-content\/uploads\/2026\/03\/nyulverzum.jpg","keywords":["Ny\u00falverzum","program","programok","\u00dany","Unyiverzum"],"articleSection":["H\u00edrek","Programok"],"inLanguage":"hu"},{"@type":"WebPage","@id":"https:\/\/dorogimedence.hu\/index.php\/2026\/03\/23\/husveti-csodavilag-unyon-megnyilt-a-nyulverzum\/","url":"https:\/\/dorogimedence.hu\/index.php\/2026\/03\/23\/husveti-csodavilag-unyon-megnyilt-a-nyulverzum\/","name":"H\u00fasv\u00e9ti csodavil\u00e1g \u00danyon: megny\u00edlt a Ny\u00falverzum","isPartOf":{"@id":"https:\/\/dorogimedence.hu\/#website"},"primaryImageOfPage":{"@id":"https:\/\/dorogimedence.hu\/index.php\/2026\/03\/23\/husveti-csodavilag-unyon-megnyilt-a-nyulverzum\/#primaryimage"},"image":{"@id":"https:\/\/dorogimedence.hu\/index.php\/2026\/03\/23\/husveti-csodavilag-unyon-megnyilt-a-nyulverzum\/#primaryimage"},"thumbnailUrl":"https:\/\/dorogimedence.hu\/wp-content\/uploads\/2026\/03\/nyulverzum.jpg","datePublished":"2026-03-23T09:14:47+00:00","breadcrumb":{"@id":"https:\/\/dorogimedence.hu\/index.php\/2026\/03\/23\/husveti-csodavilag-unyon-megnyilt-a-nyulverzum\/#breadcrumb"},"inLanguage":"hu","potentialAction":[{"@type":"ReadAction","target":["https:\/\/dorogimedence.hu\/index.php\/2026\/03\/23\/husveti-csodavilag-unyon-megnyilt-a-nyulverzum\/"]}]},{"@type":"ImageObject","inLanguage":"hu","@id":"https:\/\/dorogimedence.hu\/index.php\/2026\/03\/23\/husveti-csodavilag-unyon-megnyilt-a-nyulverzum\/#primaryimage","url":"https:\/\/dorogimedence.hu\/wp-content\/uploads\/2026\/03\/nyulverzum.jpg","contentUrl":"https:\/\/dorogimedence.hu\/wp-content\/uploads\/2026\/03\/nyulverzum.jpg","width":1920,"height":970},{"@type":"BreadcrumbList","@id":"https:\/\/dorogimedence.hu\/index.php\/2026\/03\/23\/husveti-csodavilag-unyon-megnyilt-a-nyulverzum\/#breadcrumb","itemListElement":[{"@type":"ListItem","position":1,"name":"Kezd\u0151lap","item":"https:\/\/dorogimedence.hu\/"},{"@type":"ListItem","position":2,"name":"H\u00fasv\u00e9ti csodavil\u00e1g \u00danyon: megny\u00edlt a Ny\u00falverzum"}]},{"@type":"WebSite","@id":"https:\/\/dorogimedence.hu\/#website","url":"https:\/\/dorogimedence.hu\/","name":"Dorogi-medence Region\u00e1lis H\u00edrport\u00e1l","description":"Dorog, Keszt\u00f6lc, Le\u00e1nyv\u00e1r, Piliscs\u00e9v, Tokod, Tokodalt\u00e1r\u00f3, Csolnok, Esztergom-kertv\u00e1ros: h\u00edrek, programok","publisher":{"@id":"https:\/\/dorogimedence.hu\/#organization"},"potentialAction":[{"@type":"SearchAction","target":{"@type":"EntryPoint","urlTemplate":"https:\/\/dorogimedence.hu\/?s={search_term_string}"},"query-input":{"@type":"PropertyValueSpecification","valueRequired":true,"valueName":"search_term_string"}}],"inLanguage":"hu"},{"@type":"Organization","@id":"https:\/\/dorogimedence.hu\/#organization","name":"Dorogi-medence Region\u00e1lis H\u00edrport\u00e1l","url":"https:\/\/dorogimedence.hu\/","logo":{"@type":"ImageObject","inLanguage":"hu","@id":"https:\/\/dorogimedence.hu\/#\/schema\/logo\/image\/","url":"https:\/\/dorogimedence.hu\/wp-content\/uploads\/2021\/04\/logo-feher-600.png","contentUrl":"https:\/\/dorogimedence.hu\/wp-content\/uploads\/2021\/04\/logo-feher-600.png","width":600,"height":100,"caption":"Dorogi-medence Region\u00e1lis H\u00edrport\u00e1l"},"image":{"@id":"https:\/\/dorogimedence.hu\/#\/schema\/logo\/image\/"},"sameAs":["https:\/\/www.facebook.com\/dorogimedence\/"]},{"@type":"Person","@id":"https:\/\/dorogimedence.hu\/#\/schema\/person\/ce6091eeb7e95ecdc87890d6aa8e0fd4","name":"dorogimedence.hu","image":{"@type":"ImageObject","inLanguage":"hu","@id":"\/\/www.gravatar.com\/avatar\/d8d45f8901aadff40a4af72c0b826f1d?s=96&#038;r=g&#038;d=mm","url":"\/\/www.gravatar.com\/avatar\/d8d45f8901aadff40a4af72c0b826f1d?s=96&#038;r=g&#038;d=mm","contentUrl":"\/\/www.gravatar.com\/avatar\/d8d45f8901aadff40a4af72c0b826f1d?s=96&#038;r=g&#038;d=mm","caption":"dorogimedence.hu"}}]}},"_links":{"self":[{"href":"https:\/\/dorogimedence.hu\/index.php\/wp-json\/wp\/v2\/posts\/78808","targetHints":{"allow":["GET"]}}],"collection":[{"href":"https:\/\/dorogimedence.hu\/index.php\/wp-json\/wp\/v2\/posts"}],"about":[{"href":"https:\/\/dorogimedence.hu\/index.php\/wp-json\/wp\/v2\/types\/post"}],"author":[{"embeddable":true,"href":"https:\/\/dorogimedence.hu\/index.php\/wp-json\/wp\/v2\/users\/1"}],"replies":[{"embeddable":true,"href":"https:\/\/dorogimedence.hu\/index.php\/wp-json\/wp\/v2\/comments?post=78808"}],"version-history":[{"count":1,"href":"https:\/\/dorogimedence.hu\/index.php\/wp-json\/wp\/v2\/posts\/78808\/revisions"}],"predecessor-version":[{"id":78811,"href":"https:\/\/dorogimedence.hu\/index.php\/wp-json\/wp\/v2\/posts\/78808\/revisions\/78811"}],"wp:featuredmedia":[{"embeddable":true,"href":"https:\/\/dorogimedence.hu\/index.php\/wp-json\/wp\/v2\/media\/78810"}],"wp:attachment":[{"href":"https:\/\/dorogimedence.hu\/index.php\/wp-json\/wp\/v2\/media?parent=78808"}],"wp:term":[{"taxonomy":"category","embeddable":true,"href":"https:\/\/dorogimedence.hu\/index.php\/wp-json\/wp\/v2\/categories?post=78808"},{"taxonomy":"post_tag","embeddable":true,"href":"https:\/\/dorogimedence.hu\/index.php\/wp-json\/wp\/v2\/tags?post=78808"}],"curies":[{"name":"wp","href":"https:\/\/api.w.org\/{rel}","templated":true}]}}