{"id":78774,"date":"2026-03-22T07:33:41","date_gmt":"2026-03-22T06:33:41","guid":{"rendered":"https:\/\/dorogimedence.hu\/?p=78774"},"modified":"2026-03-22T07:39:05","modified_gmt":"2026-03-22T06:39:05","slug":"kozossegi-osszefogassal-epul-dorog-elso-miyawaki-erdeje","status":"publish","type":"post","link":"https:\/\/dorogimedence.hu\/index.php\/2026\/03\/22\/kozossegi-osszefogassal-epul-dorog-elso-miyawaki-erdeje\/","title":{"rendered":"K\u00f6z\u00f6ss\u00e9gi \u00f6sszefog\u00e1ssal \u00e9p\u00fclt Dorog els\u0151 Miyawaki erdeje"},"content":{"rendered":"<p><strong>Sikeresen elindult az <a href=\"https:\/\/dorogimedence.hu\/index.php\/2026\/03\/10\/sikeresen-lezajlott-az-ablak-a-jovore-kozossegi-tervezesi-alkalom-dorogon\/\" target=\"_blank\" rel=\"noopener\"><span style=\"text-decoration: underline; color: #0000ff;\">\u201eAblak a j\u00f6v\u0151re\u201d<\/span><\/a> k\u00f6z\u00f6ss\u00e9gi z\u00f6ldt\u00e9r-fejleszt\u00e9si projekt a dorogi Schmidt S\u00e1ndor lak\u00f3telepen, ahol lelkes \u00f6nk\u00e9ntesek k\u00f6z\u00f6s munk\u00e1j\u00e1nak k\u00f6sz\u00f6nhet\u0151en m\u00e1r most l\u00e1tv\u00e1nyos eredm\u00e9nyek sz\u00fclettek.<\/strong><\/p>\n<p>A <a href=\"https:\/\/www.facebook.com\/groups\/bebteszemetirtok\/posts\/1880245256000825\" target=\"_blank\" rel=\"noopener\"><span style=\"text-decoration: underline; color: #0000ff;\">Szem\u00e9tirt\u00f3k csoport besz\u00e1mol\u00f3ja szerint<\/span><\/a> t\u00f6bb mint 20 \u00f6nk\u00e9ntes vett r\u00e9szt az els\u0151 \u00fctem megval\u00f3s\u00edt\u00e1s\u00e1ban. A r\u00e9sztvev\u0151k k\u00f6z\u00f6tt civil szervezetek tagjai \u00e9s a lak\u00f3telepen \u00e9l\u0151k is jelen voltak, r\u00e1ad\u00e1sul fiatalok is akt\u00edvan bekapcsol\u00f3dtak a munk\u00e1ba. A j\u00f3 hangulat\u00fa k\u00f6z\u00f6ss\u00e9gi esem\u00e9ny sor\u00e1n kialak\u00edtott\u00e1k Dorog els\u0151 Miyawaki erdej\u00e9t, elk\u00e9sz\u00fclt egy f\u0171szerspir\u00e1l, valamint a mez\u00edtl\u00e1bas s\u00e9t\u00e1ny alapja is.<\/p>\n<p><img fetchpriority=\"high\" decoding=\"async\" class=\"alignnone size-full wp-image-78778\" src=\"https:\/\/dorogimedence.hu\/wp-content\/uploads\/2026\/03\/656200503_26084137251228950_6134351177527691219_n.jpg\" alt=\"\" width=\"2048\" height=\"1536\" srcset=\"https:\/\/dorogimedence.hu\/wp-content\/uploads\/2026\/03\/656200503_26084137251228950_6134351177527691219_n.jpg 2048w, https:\/\/dorogimedence.hu\/wp-content\/uploads\/2026\/03\/656200503_26084137251228950_6134351177527691219_n-600x450.jpg 600w, https:\/\/dorogimedence.hu\/wp-content\/uploads\/2026\/03\/656200503_26084137251228950_6134351177527691219_n-1920x1440.jpg 1920w, https:\/\/dorogimedence.hu\/wp-content\/uploads\/2026\/03\/656200503_26084137251228950_6134351177527691219_n-768x576.jpg 768w, https:\/\/dorogimedence.hu\/wp-content\/uploads\/2026\/03\/656200503_26084137251228950_6134351177527691219_n-1536x1152.jpg 1536w, https:\/\/dorogimedence.hu\/wp-content\/uploads\/2026\/03\/656200503_26084137251228950_6134351177527691219_n-150x113.jpg 150w, https:\/\/dorogimedence.hu\/wp-content\/uploads\/2026\/03\/656200503_26084137251228950_6134351177527691219_n-450x338.jpg 450w, https:\/\/dorogimedence.hu\/wp-content\/uploads\/2026\/03\/656200503_26084137251228950_6134351177527691219_n-1200x900.jpg 1200w\" sizes=\"(max-width: 2048px) 100vw, 2048px\" \/><\/p>\n<p>A projekt sor\u00e1n k\u00fcl\u00f6n csapat dolgozott az \u00e1gy\u00e1sokhoz sz\u00fcks\u00e9ges faanyagok el\u0151k\u00e9sz\u00edt\u00e9s\u00e9n \u00e9s m\u00e9retre v\u00e1g\u00e1s\u00e1n, \u00edgy a ter\u00fclet m\u00e1r most \u00edg\u00e9retesen alakul. A kezdem\u00e9nyez\u00e9s nemcsak k\u00f6rnyezetv\u00e9delmi szempontb\u00f3l jelent\u0151s, hanem a k\u00f6z\u00f6ss\u00e9g\u00e9p\u00edt\u00e9sben is fontos szerepet t\u00f6lt be.<\/p>\n<p>A fejleszt\u00e9s a Kort\u00e1rs \u00c9p\u00edt\u00e9szeti K\u00f6zpont koordin\u00e1ci\u00f3j\u00e1ban, a CERV\u2013RurALL \u2013 Rural Active Citizenship Labs projekt keret\u00e9ben, az Eur\u00f3pai Uni\u00f3 t\u00e1mogat\u00e1s\u00e1val val\u00f3sul meg. A megval\u00f3s\u00edt\u00e1st a Baumit is seg\u00edtette: a f\u0171szerspir\u00e1lhoz sz\u00fcks\u00e9ges k\u00f6veket t\u00e9r\u00edt\u00e9smentesen biztos\u00edtott\u00e1k.<\/p>\n<p><img decoding=\"async\" class=\"alignnone size-full wp-image-78777\" src=\"https:\/\/dorogimedence.hu\/wp-content\/uploads\/2026\/03\/654849324_26084137807895561_8853957829167438397_n.jpg\" alt=\"\" width=\"2048\" height=\"1536\" srcset=\"https:\/\/dorogimedence.hu\/wp-content\/uploads\/2026\/03\/654849324_26084137807895561_8853957829167438397_n.jpg 2048w, https:\/\/dorogimedence.hu\/wp-content\/uploads\/2026\/03\/654849324_26084137807895561_8853957829167438397_n-600x450.jpg 600w, https:\/\/dorogimedence.hu\/wp-content\/uploads\/2026\/03\/654849324_26084137807895561_8853957829167438397_n-1920x1440.jpg 1920w, https:\/\/dorogimedence.hu\/wp-content\/uploads\/2026\/03\/654849324_26084137807895561_8853957829167438397_n-768x576.jpg 768w, https:\/\/dorogimedence.hu\/wp-content\/uploads\/2026\/03\/654849324_26084137807895561_8853957829167438397_n-1536x1152.jpg 1536w, https:\/\/dorogimedence.hu\/wp-content\/uploads\/2026\/03\/654849324_26084137807895561_8853957829167438397_n-150x113.jpg 150w, https:\/\/dorogimedence.hu\/wp-content\/uploads\/2026\/03\/654849324_26084137807895561_8853957829167438397_n-450x338.jpg 450w, https:\/\/dorogimedence.hu\/wp-content\/uploads\/2026\/03\/654849324_26084137807895561_8853957829167438397_n-1200x900.jpg 1200w\" sizes=\"(max-width: 2048px) 100vw, 2048px\" \/><\/p>\n<p>A szervez\u0151k b\u00edznak abban, hogy a lak\u00f3k ugyanazzal az odafigyel\u00e9ssel \u00e9s szeretettel gondozz\u00e1k majd a ter\u00fcletet, amellyel az elk\u00e9sz\u00fclt.<\/p>\n<p>A munka a j\u00f6v\u0151 h\u00e9ten folytat\u00f3dik: m\u00e1rcius 28-\u00e1n, szombaton 9 \u00f3r\u00e1t\u00f3l az \u00f6sv\u00e9ny kialak\u00edt\u00e1sa, a magas\u00e1gy\u00e1sok \u00e9s a f\u0171szerspir\u00e1l be\u00fcltet\u00e9se, valamint az es\u0151kert l\u00e9trehoz\u00e1sa lesz a k\u00f6vetkez\u0151 l\u00e9p\u00e9s. A szervez\u0151k minden \u00e9rdekl\u0151d\u0151t v\u00e1rnak, aki sz\u00edvesen csatlakozna a k\u00f6z\u00f6ss\u00e9gi programhoz.<\/p>\n<p><img decoding=\"async\" class=\"alignnone size-full wp-image-78776\" src=\"https:\/\/dorogimedence.hu\/wp-content\/uploads\/2026\/03\/655292796_26084137264562282_4092551380448111819_n.jpg\" alt=\"\" width=\"2048\" height=\"1536\" srcset=\"https:\/\/dorogimedence.hu\/wp-content\/uploads\/2026\/03\/655292796_26084137264562282_4092551380448111819_n.jpg 2048w, https:\/\/dorogimedence.hu\/wp-content\/uploads\/2026\/03\/655292796_26084137264562282_4092551380448111819_n-600x450.jpg 600w, https:\/\/dorogimedence.hu\/wp-content\/uploads\/2026\/03\/655292796_26084137264562282_4092551380448111819_n-1920x1440.jpg 1920w, https:\/\/dorogimedence.hu\/wp-content\/uploads\/2026\/03\/655292796_26084137264562282_4092551380448111819_n-768x576.jpg 768w, https:\/\/dorogimedence.hu\/wp-content\/uploads\/2026\/03\/655292796_26084137264562282_4092551380448111819_n-1536x1152.jpg 1536w, https:\/\/dorogimedence.hu\/wp-content\/uploads\/2026\/03\/655292796_26084137264562282_4092551380448111819_n-150x113.jpg 150w, https:\/\/dorogimedence.hu\/wp-content\/uploads\/2026\/03\/655292796_26084137264562282_4092551380448111819_n-450x338.jpg 450w, https:\/\/dorogimedence.hu\/wp-content\/uploads\/2026\/03\/655292796_26084137264562282_4092551380448111819_n-1200x900.jpg 1200w\" sizes=\"(max-width: 2048px) 100vw, 2048px\" \/><\/p>\n<p><em>Fot\u00f3k: Szem\u00e9tirt\u00f3k csoport<\/em><\/p>\n","protected":false},"excerpt":{"rendered":"<p>Sikeresen elindult az \u201eAblak a j\u00f6v\u0151re\u201d k\u00f6z\u00f6ss\u00e9gi z\u00f6ldt\u00e9r-fejleszt\u00e9si projekt a dorogi Schmidt S\u00e1ndor lak\u00f3telepen, ahol lelkes \u00f6nk\u00e9ntesek k\u00f6z\u00f6s munk\u00e1j\u00e1nak k\u00f6sz\u00f6nhet\u0151en m\u00e1r most l\u00e1tv\u00e1nyos eredm\u00e9nyek sz\u00fclettek. A Szem\u00e9tirt\u00f3k csoport besz\u00e1mol\u00f3ja szerint t\u00f6bb mint 20 \u00f6nk\u00e9ntes vett r\u00e9szt az els\u0151 \u00fctem megval\u00f3s\u00edt\u00e1s\u00e1ban. A r\u00e9sztvev\u0151k k\u00f6z\u00f6tt civil szervezetek tagjai \u00e9s a lak\u00f3telepen \u00e9l\u0151k is jelen voltak, r\u00e1ad\u00e1sul fiatalok<\/p>\n","protected":false},"author":1,"featured_media":78775,"comment_status":"closed","ping_status":"closed","sticky":false,"template":"","format":"standard","meta":{"ngg_post_thumbnail":0,"footnotes":""},"categories":[64,3],"tags":[8749,15,5624,8798],"class_list":{"0":"post-78774","1":"post","2":"type-post","3":"status-publish","4":"format-standard","5":"has-post-thumbnail","7":"category-csolnok","8":"category-hirek","9":"tag-ablak-a-jovore","10":"tag-dorog","11":"tag-featured","12":"tag-kozossegi-zoldter-fejlesztes"},"yoast_head":"<!-- This site is optimized with the Yoast SEO plugin v27.5 - https:\/\/yoast.com\/product\/yoast-seo-wordpress\/ -->\n<title>K\u00f6z\u00f6ss\u00e9gi \u00f6sszefog\u00e1ssal \u00e9p\u00fclt Dorog els\u0151 Miyawaki erdeje<\/title>\n<meta name=\"robots\" content=\"index, follow, max-snippet:-1, max-image-preview:large, max-video-preview:-1\" \/>\n<link rel=\"canonical\" href=\"https:\/\/dorogimedence.hu\/index.php\/2026\/03\/22\/kozossegi-osszefogassal-epul-dorog-elso-miyawaki-erdeje\/\" class=\"yoast-seo-meta-tag\" \/>\n<meta property=\"og:locale\" content=\"hu_HU\" class=\"yoast-seo-meta-tag\" \/>\n<meta property=\"og:type\" content=\"article\" class=\"yoast-seo-meta-tag\" \/>\n<meta property=\"og:title\" content=\"K\u00f6z\u00f6ss\u00e9gi \u00f6sszefog\u00e1ssal \u00e9p\u00fclt Dorog els\u0151 Miyawaki erdeje\" class=\"yoast-seo-meta-tag\" \/>\n<meta property=\"og:description\" content=\"Sikeresen elindult az \u201eAblak a j\u00f6v\u0151re\u201d k\u00f6z\u00f6ss\u00e9gi z\u00f6ldt\u00e9r-fejleszt\u00e9si projekt a dorogi Schmidt S\u00e1ndor lak\u00f3telepen, ahol lelkes \u00f6nk\u00e9ntesek k\u00f6z\u00f6s munk\u00e1j\u00e1nak k\u00f6sz\u00f6nhet\u0151en m\u00e1r most l\u00e1tv\u00e1nyos eredm\u00e9nyek sz\u00fclettek. A Szem\u00e9tirt\u00f3k csoport besz\u00e1mol\u00f3ja szerint t\u00f6bb mint 20 \u00f6nk\u00e9ntes vett r\u00e9szt az els\u0151 \u00fctem megval\u00f3s\u00edt\u00e1s\u00e1ban. A r\u00e9sztvev\u0151k k\u00f6z\u00f6tt civil szervezetek tagjai \u00e9s a lak\u00f3telepen \u00e9l\u0151k is jelen voltak, r\u00e1ad\u00e1sul fiatalok\" class=\"yoast-seo-meta-tag\" \/>\n<meta property=\"og:url\" content=\"https:\/\/dorogimedence.hu\/index.php\/2026\/03\/22\/kozossegi-osszefogassal-epul-dorog-elso-miyawaki-erdeje\/\" class=\"yoast-seo-meta-tag\" \/>\n<meta property=\"og:site_name\" content=\"Dorogi-medence Region\u00e1lis H\u00edrport\u00e1l\" class=\"yoast-seo-meta-tag\" \/>\n<meta property=\"article:publisher\" content=\"https:\/\/www.facebook.com\/dorogimedence\/\" class=\"yoast-seo-meta-tag\" \/>\n<meta property=\"article:published_time\" content=\"2026-03-22T06:33:41+00:00\" class=\"yoast-seo-meta-tag\" \/>\n<meta property=\"article:modified_time\" content=\"2026-03-22T06:39:05+00:00\" class=\"yoast-seo-meta-tag\" \/>\n<meta property=\"og:image\" content=\"https:\/\/dorogimedence.hu\/wp-content\/uploads\/2026\/03\/kert.jpg\" class=\"yoast-seo-meta-tag\" \/>\n\t<meta property=\"og:image:width\" content=\"1920\" class=\"yoast-seo-meta-tag\" \/>\n\t<meta property=\"og:image:height\" content=\"970\" class=\"yoast-seo-meta-tag\" \/>\n\t<meta property=\"og:image:type\" content=\"image\/jpeg\" class=\"yoast-seo-meta-tag\" \/>\n<meta name=\"author\" content=\"dorogimedence.hu\" class=\"yoast-seo-meta-tag\" \/>\n<meta name=\"twitter:card\" content=\"summary_large_image\" class=\"yoast-seo-meta-tag\" \/>\n<meta name=\"twitter:label1\" content=\"Szerz\u0151:\" class=\"yoast-seo-meta-tag\" \/>\n\t<meta name=\"twitter:data1\" content=\"dorogimedence.hu\" class=\"yoast-seo-meta-tag\" \/>\n\t<meta name=\"twitter:label2\" content=\"Becs\u00fclt olvas\u00e1si id\u0151\" class=\"yoast-seo-meta-tag\" \/>\n\t<meta name=\"twitter:data2\" content=\"2 perc\" class=\"yoast-seo-meta-tag\" \/>\n<script type=\"application\/ld+json\" class=\"yoast-schema-graph\">{\"@context\":\"https:\\\/\\\/schema.org\",\"@graph\":[{\"@type\":\"Article\",\"@id\":\"https:\\\/\\\/dorogimedence.hu\\\/index.php\\\/2026\\\/03\\\/22\\\/kozossegi-osszefogassal-epul-dorog-elso-miyawaki-erdeje\\\/#article\",\"isPartOf\":{\"@id\":\"https:\\\/\\\/dorogimedence.hu\\\/index.php\\\/2026\\\/03\\\/22\\\/kozossegi-osszefogassal-epul-dorog-elso-miyawaki-erdeje\\\/\"},\"author\":{\"name\":\"dorogimedence.hu\",\"@id\":\"https:\\\/\\\/dorogimedence.hu\\\/#\\\/schema\\\/person\\\/ce6091eeb7e95ecdc87890d6aa8e0fd4\"},\"headline\":\"K\u00f6z\u00f6ss\u00e9gi \u00f6sszefog\u00e1ssal \u00e9p\u00fclt Dorog els\u0151 Miyawaki erdeje\",\"datePublished\":\"2026-03-22T06:33:41+00:00\",\"dateModified\":\"2026-03-22T06:39:05+00:00\",\"mainEntityOfPage\":{\"@id\":\"https:\\\/\\\/dorogimedence.hu\\\/index.php\\\/2026\\\/03\\\/22\\\/kozossegi-osszefogassal-epul-dorog-elso-miyawaki-erdeje\\\/\"},\"wordCount\":381,\"publisher\":{\"@id\":\"https:\\\/\\\/dorogimedence.hu\\\/#organization\"},\"image\":{\"@id\":\"https:\\\/\\\/dorogimedence.hu\\\/index.php\\\/2026\\\/03\\\/22\\\/kozossegi-osszefogassal-epul-dorog-elso-miyawaki-erdeje\\\/#primaryimage\"},\"thumbnailUrl\":\"https:\\\/\\\/dorogimedence.hu\\\/wp-content\\\/uploads\\\/2026\\\/03\\\/kert.jpg\",\"keywords\":[\"Ablak a j\u00f6v\u0151re\",\"Dorog\",\"featured\",\"k\u00f6z\u00f6ss\u00e9gi z\u00f6ldt\u00e9r-fejleszt\u00e9s\"],\"articleSection\":[\"Csolnok\",\"H\u00edrek\"],\"inLanguage\":\"hu\"},{\"@type\":\"WebPage\",\"@id\":\"https:\\\/\\\/dorogimedence.hu\\\/index.php\\\/2026\\\/03\\\/22\\\/kozossegi-osszefogassal-epul-dorog-elso-miyawaki-erdeje\\\/\",\"url\":\"https:\\\/\\\/dorogimedence.hu\\\/index.php\\\/2026\\\/03\\\/22\\\/kozossegi-osszefogassal-epul-dorog-elso-miyawaki-erdeje\\\/\",\"name\":\"K\u00f6z\u00f6ss\u00e9gi \u00f6sszefog\u00e1ssal \u00e9p\u00fclt Dorog els\u0151 Miyawaki erdeje\",\"isPartOf\":{\"@id\":\"https:\\\/\\\/dorogimedence.hu\\\/#website\"},\"primaryImageOfPage\":{\"@id\":\"https:\\\/\\\/dorogimedence.hu\\\/index.php\\\/2026\\\/03\\\/22\\\/kozossegi-osszefogassal-epul-dorog-elso-miyawaki-erdeje\\\/#primaryimage\"},\"image\":{\"@id\":\"https:\\\/\\\/dorogimedence.hu\\\/index.php\\\/2026\\\/03\\\/22\\\/kozossegi-osszefogassal-epul-dorog-elso-miyawaki-erdeje\\\/#primaryimage\"},\"thumbnailUrl\":\"https:\\\/\\\/dorogimedence.hu\\\/wp-content\\\/uploads\\\/2026\\\/03\\\/kert.jpg\",\"datePublished\":\"2026-03-22T06:33:41+00:00\",\"dateModified\":\"2026-03-22T06:39:05+00:00\",\"breadcrumb\":{\"@id\":\"https:\\\/\\\/dorogimedence.hu\\\/index.php\\\/2026\\\/03\\\/22\\\/kozossegi-osszefogassal-epul-dorog-elso-miyawaki-erdeje\\\/#breadcrumb\"},\"inLanguage\":\"hu\",\"potentialAction\":[{\"@type\":\"ReadAction\",\"target\":[\"https:\\\/\\\/dorogimedence.hu\\\/index.php\\\/2026\\\/03\\\/22\\\/kozossegi-osszefogassal-epul-dorog-elso-miyawaki-erdeje\\\/\"]}]},{\"@type\":\"ImageObject\",\"inLanguage\":\"hu\",\"@id\":\"https:\\\/\\\/dorogimedence.hu\\\/index.php\\\/2026\\\/03\\\/22\\\/kozossegi-osszefogassal-epul-dorog-elso-miyawaki-erdeje\\\/#primaryimage\",\"url\":\"https:\\\/\\\/dorogimedence.hu\\\/wp-content\\\/uploads\\\/2026\\\/03\\\/kert.jpg\",\"contentUrl\":\"https:\\\/\\\/dorogimedence.hu\\\/wp-content\\\/uploads\\\/2026\\\/03\\\/kert.jpg\",\"width\":1920,\"height\":970},{\"@type\":\"BreadcrumbList\",\"@id\":\"https:\\\/\\\/dorogimedence.hu\\\/index.php\\\/2026\\\/03\\\/22\\\/kozossegi-osszefogassal-epul-dorog-elso-miyawaki-erdeje\\\/#breadcrumb\",\"itemListElement\":[{\"@type\":\"ListItem\",\"position\":1,\"name\":\"Kezd\u0151lap\",\"item\":\"https:\\\/\\\/dorogimedence.hu\\\/\"},{\"@type\":\"ListItem\",\"position\":2,\"name\":\"K\u00f6z\u00f6ss\u00e9gi \u00f6sszefog\u00e1ssal \u00e9p\u00fclt Dorog els\u0151 Miyawaki erdeje\"}]},{\"@type\":\"WebSite\",\"@id\":\"https:\\\/\\\/dorogimedence.hu\\\/#website\",\"url\":\"https:\\\/\\\/dorogimedence.hu\\\/\",\"name\":\"Dorogi-medence Region\u00e1lis H\u00edrport\u00e1l\",\"description\":\"Dorog, Keszt\u00f6lc, Le\u00e1nyv\u00e1r, Piliscs\u00e9v, Tokod, Tokodalt\u00e1r\u00f3, Csolnok, Esztergom-kertv\u00e1ros: h\u00edrek, programok\",\"publisher\":{\"@id\":\"https:\\\/\\\/dorogimedence.hu\\\/#organization\"},\"potentialAction\":[{\"@type\":\"SearchAction\",\"target\":{\"@type\":\"EntryPoint\",\"urlTemplate\":\"https:\\\/\\\/dorogimedence.hu\\\/?s={search_term_string}\"},\"query-input\":{\"@type\":\"PropertyValueSpecification\",\"valueRequired\":true,\"valueName\":\"search_term_string\"}}],\"inLanguage\":\"hu\"},{\"@type\":\"Organization\",\"@id\":\"https:\\\/\\\/dorogimedence.hu\\\/#organization\",\"name\":\"Dorogi-medence Region\u00e1lis H\u00edrport\u00e1l\",\"url\":\"https:\\\/\\\/dorogimedence.hu\\\/\",\"logo\":{\"@type\":\"ImageObject\",\"inLanguage\":\"hu\",\"@id\":\"https:\\\/\\\/dorogimedence.hu\\\/#\\\/schema\\\/logo\\\/image\\\/\",\"url\":\"https:\\\/\\\/dorogimedence.hu\\\/wp-content\\\/uploads\\\/2021\\\/04\\\/logo-feher-600.png\",\"contentUrl\":\"https:\\\/\\\/dorogimedence.hu\\\/wp-content\\\/uploads\\\/2021\\\/04\\\/logo-feher-600.png\",\"width\":600,\"height\":100,\"caption\":\"Dorogi-medence Region\u00e1lis H\u00edrport\u00e1l\"},\"image\":{\"@id\":\"https:\\\/\\\/dorogimedence.hu\\\/#\\\/schema\\\/logo\\\/image\\\/\"},\"sameAs\":[\"https:\\\/\\\/www.facebook.com\\\/dorogimedence\\\/\"]},{\"@type\":\"Person\",\"@id\":\"https:\\\/\\\/dorogimedence.hu\\\/#\\\/schema\\\/person\\\/ce6091eeb7e95ecdc87890d6aa8e0fd4\",\"name\":\"dorogimedence.hu\",\"image\":{\"@type\":\"ImageObject\",\"inLanguage\":\"hu\",\"@id\":\"\\\/\\\/www.gravatar.com\\\/avatar\\\/d8d45f8901aadff40a4af72c0b826f1d?s=96&#038;r=g&#038;d=mm\",\"url\":\"\\\/\\\/www.gravatar.com\\\/avatar\\\/d8d45f8901aadff40a4af72c0b826f1d?s=96&#038;r=g&#038;d=mm\",\"contentUrl\":\"\\\/\\\/www.gravatar.com\\\/avatar\\\/d8d45f8901aadff40a4af72c0b826f1d?s=96&#038;r=g&#038;d=mm\",\"caption\":\"dorogimedence.hu\"}}]}<\/script>\n<!-- \/ Yoast SEO plugin. -->","yoast_head_json":{"title":"K\u00f6z\u00f6ss\u00e9gi \u00f6sszefog\u00e1ssal \u00e9p\u00fclt Dorog els\u0151 Miyawaki erdeje","robots":{"index":"index","follow":"follow","max-snippet":"max-snippet:-1","max-image-preview":"max-image-preview:large","max-video-preview":"max-video-preview:-1"},"canonical":"https:\/\/dorogimedence.hu\/index.php\/2026\/03\/22\/kozossegi-osszefogassal-epul-dorog-elso-miyawaki-erdeje\/","og_locale":"hu_HU","og_type":"article","og_title":"K\u00f6z\u00f6ss\u00e9gi \u00f6sszefog\u00e1ssal \u00e9p\u00fclt Dorog els\u0151 Miyawaki erdeje","og_description":"Sikeresen elindult az \u201eAblak a j\u00f6v\u0151re\u201d k\u00f6z\u00f6ss\u00e9gi z\u00f6ldt\u00e9r-fejleszt\u00e9si projekt a dorogi Schmidt S\u00e1ndor lak\u00f3telepen, ahol lelkes \u00f6nk\u00e9ntesek k\u00f6z\u00f6s munk\u00e1j\u00e1nak k\u00f6sz\u00f6nhet\u0151en m\u00e1r most l\u00e1tv\u00e1nyos eredm\u00e9nyek sz\u00fclettek. A Szem\u00e9tirt\u00f3k csoport besz\u00e1mol\u00f3ja szerint t\u00f6bb mint 20 \u00f6nk\u00e9ntes vett r\u00e9szt az els\u0151 \u00fctem megval\u00f3s\u00edt\u00e1s\u00e1ban. A r\u00e9sztvev\u0151k k\u00f6z\u00f6tt civil szervezetek tagjai \u00e9s a lak\u00f3telepen \u00e9l\u0151k is jelen voltak, r\u00e1ad\u00e1sul fiatalok","og_url":"https:\/\/dorogimedence.hu\/index.php\/2026\/03\/22\/kozossegi-osszefogassal-epul-dorog-elso-miyawaki-erdeje\/","og_site_name":"Dorogi-medence Region\u00e1lis H\u00edrport\u00e1l","article_publisher":"https:\/\/www.facebook.com\/dorogimedence\/","article_published_time":"2026-03-22T06:33:41+00:00","article_modified_time":"2026-03-22T06:39:05+00:00","og_image":[{"width":1920,"height":970,"url":"https:\/\/dorogimedence.hu\/wp-content\/uploads\/2026\/03\/kert.jpg","type":"image\/jpeg"}],"author":"dorogimedence.hu","twitter_card":"summary_large_image","twitter_misc":{"Szerz\u0151:":"dorogimedence.hu","Becs\u00fclt olvas\u00e1si id\u0151":"2 perc"},"schema":{"@context":"https:\/\/schema.org","@graph":[{"@type":"Article","@id":"https:\/\/dorogimedence.hu\/index.php\/2026\/03\/22\/kozossegi-osszefogassal-epul-dorog-elso-miyawaki-erdeje\/#article","isPartOf":{"@id":"https:\/\/dorogimedence.hu\/index.php\/2026\/03\/22\/kozossegi-osszefogassal-epul-dorog-elso-miyawaki-erdeje\/"},"author":{"name":"dorogimedence.hu","@id":"https:\/\/dorogimedence.hu\/#\/schema\/person\/ce6091eeb7e95ecdc87890d6aa8e0fd4"},"headline":"K\u00f6z\u00f6ss\u00e9gi \u00f6sszefog\u00e1ssal \u00e9p\u00fclt Dorog els\u0151 Miyawaki erdeje","datePublished":"2026-03-22T06:33:41+00:00","dateModified":"2026-03-22T06:39:05+00:00","mainEntityOfPage":{"@id":"https:\/\/dorogimedence.hu\/index.php\/2026\/03\/22\/kozossegi-osszefogassal-epul-dorog-elso-miyawaki-erdeje\/"},"wordCount":381,"publisher":{"@id":"https:\/\/dorogimedence.hu\/#organization"},"image":{"@id":"https:\/\/dorogimedence.hu\/index.php\/2026\/03\/22\/kozossegi-osszefogassal-epul-dorog-elso-miyawaki-erdeje\/#primaryimage"},"thumbnailUrl":"https:\/\/dorogimedence.hu\/wp-content\/uploads\/2026\/03\/kert.jpg","keywords":["Ablak a j\u00f6v\u0151re","Dorog","featured","k\u00f6z\u00f6ss\u00e9gi z\u00f6ldt\u00e9r-fejleszt\u00e9s"],"articleSection":["Csolnok","H\u00edrek"],"inLanguage":"hu"},{"@type":"WebPage","@id":"https:\/\/dorogimedence.hu\/index.php\/2026\/03\/22\/kozossegi-osszefogassal-epul-dorog-elso-miyawaki-erdeje\/","url":"https:\/\/dorogimedence.hu\/index.php\/2026\/03\/22\/kozossegi-osszefogassal-epul-dorog-elso-miyawaki-erdeje\/","name":"K\u00f6z\u00f6ss\u00e9gi \u00f6sszefog\u00e1ssal \u00e9p\u00fclt Dorog els\u0151 Miyawaki erdeje","isPartOf":{"@id":"https:\/\/dorogimedence.hu\/#website"},"primaryImageOfPage":{"@id":"https:\/\/dorogimedence.hu\/index.php\/2026\/03\/22\/kozossegi-osszefogassal-epul-dorog-elso-miyawaki-erdeje\/#primaryimage"},"image":{"@id":"https:\/\/dorogimedence.hu\/index.php\/2026\/03\/22\/kozossegi-osszefogassal-epul-dorog-elso-miyawaki-erdeje\/#primaryimage"},"thumbnailUrl":"https:\/\/dorogimedence.hu\/wp-content\/uploads\/2026\/03\/kert.jpg","datePublished":"2026-03-22T06:33:41+00:00","dateModified":"2026-03-22T06:39:05+00:00","breadcrumb":{"@id":"https:\/\/dorogimedence.hu\/index.php\/2026\/03\/22\/kozossegi-osszefogassal-epul-dorog-elso-miyawaki-erdeje\/#breadcrumb"},"inLanguage":"hu","potentialAction":[{"@type":"ReadAction","target":["https:\/\/dorogimedence.hu\/index.php\/2026\/03\/22\/kozossegi-osszefogassal-epul-dorog-elso-miyawaki-erdeje\/"]}]},{"@type":"ImageObject","inLanguage":"hu","@id":"https:\/\/dorogimedence.hu\/index.php\/2026\/03\/22\/kozossegi-osszefogassal-epul-dorog-elso-miyawaki-erdeje\/#primaryimage","url":"https:\/\/dorogimedence.hu\/wp-content\/uploads\/2026\/03\/kert.jpg","contentUrl":"https:\/\/dorogimedence.hu\/wp-content\/uploads\/2026\/03\/kert.jpg","width":1920,"height":970},{"@type":"BreadcrumbList","@id":"https:\/\/dorogimedence.hu\/index.php\/2026\/03\/22\/kozossegi-osszefogassal-epul-dorog-elso-miyawaki-erdeje\/#breadcrumb","itemListElement":[{"@type":"ListItem","position":1,"name":"Kezd\u0151lap","item":"https:\/\/dorogimedence.hu\/"},{"@type":"ListItem","position":2,"name":"K\u00f6z\u00f6ss\u00e9gi \u00f6sszefog\u00e1ssal \u00e9p\u00fclt Dorog els\u0151 Miyawaki erdeje"}]},{"@type":"WebSite","@id":"https:\/\/dorogimedence.hu\/#website","url":"https:\/\/dorogimedence.hu\/","name":"Dorogi-medence Region\u00e1lis H\u00edrport\u00e1l","description":"Dorog, Keszt\u00f6lc, Le\u00e1nyv\u00e1r, Piliscs\u00e9v, Tokod, Tokodalt\u00e1r\u00f3, Csolnok, Esztergom-kertv\u00e1ros: h\u00edrek, programok","publisher":{"@id":"https:\/\/dorogimedence.hu\/#organization"},"potentialAction":[{"@type":"SearchAction","target":{"@type":"EntryPoint","urlTemplate":"https:\/\/dorogimedence.hu\/?s={search_term_string}"},"query-input":{"@type":"PropertyValueSpecification","valueRequired":true,"valueName":"search_term_string"}}],"inLanguage":"hu"},{"@type":"Organization","@id":"https:\/\/dorogimedence.hu\/#organization","name":"Dorogi-medence Region\u00e1lis H\u00edrport\u00e1l","url":"https:\/\/dorogimedence.hu\/","logo":{"@type":"ImageObject","inLanguage":"hu","@id":"https:\/\/dorogimedence.hu\/#\/schema\/logo\/image\/","url":"https:\/\/dorogimedence.hu\/wp-content\/uploads\/2021\/04\/logo-feher-600.png","contentUrl":"https:\/\/dorogimedence.hu\/wp-content\/uploads\/2021\/04\/logo-feher-600.png","width":600,"height":100,"caption":"Dorogi-medence Region\u00e1lis H\u00edrport\u00e1l"},"image":{"@id":"https:\/\/dorogimedence.hu\/#\/schema\/logo\/image\/"},"sameAs":["https:\/\/www.facebook.com\/dorogimedence\/"]},{"@type":"Person","@id":"https:\/\/dorogimedence.hu\/#\/schema\/person\/ce6091eeb7e95ecdc87890d6aa8e0fd4","name":"dorogimedence.hu","image":{"@type":"ImageObject","inLanguage":"hu","@id":"\/\/www.gravatar.com\/avatar\/d8d45f8901aadff40a4af72c0b826f1d?s=96&#038;r=g&#038;d=mm","url":"\/\/www.gravatar.com\/avatar\/d8d45f8901aadff40a4af72c0b826f1d?s=96&#038;r=g&#038;d=mm","contentUrl":"\/\/www.gravatar.com\/avatar\/d8d45f8901aadff40a4af72c0b826f1d?s=96&#038;r=g&#038;d=mm","caption":"dorogimedence.hu"}}]}},"_links":{"self":[{"href":"https:\/\/dorogimedence.hu\/index.php\/wp-json\/wp\/v2\/posts\/78774","targetHints":{"allow":["GET"]}}],"collection":[{"href":"https:\/\/dorogimedence.hu\/index.php\/wp-json\/wp\/v2\/posts"}],"about":[{"href":"https:\/\/dorogimedence.hu\/index.php\/wp-json\/wp\/v2\/types\/post"}],"author":[{"embeddable":true,"href":"https:\/\/dorogimedence.hu\/index.php\/wp-json\/wp\/v2\/users\/1"}],"replies":[{"embeddable":true,"href":"https:\/\/dorogimedence.hu\/index.php\/wp-json\/wp\/v2\/comments?post=78774"}],"version-history":[{"count":2,"href":"https:\/\/dorogimedence.hu\/index.php\/wp-json\/wp\/v2\/posts\/78774\/revisions"}],"predecessor-version":[{"id":78780,"href":"https:\/\/dorogimedence.hu\/index.php\/wp-json\/wp\/v2\/posts\/78774\/revisions\/78780"}],"wp:featuredmedia":[{"embeddable":true,"href":"https:\/\/dorogimedence.hu\/index.php\/wp-json\/wp\/v2\/media\/78775"}],"wp:attachment":[{"href":"https:\/\/dorogimedence.hu\/index.php\/wp-json\/wp\/v2\/media?parent=78774"}],"wp:term":[{"taxonomy":"category","embeddable":true,"href":"https:\/\/dorogimedence.hu\/index.php\/wp-json\/wp\/v2\/categories?post=78774"},{"taxonomy":"post_tag","embeddable":true,"href":"https:\/\/dorogimedence.hu\/index.php\/wp-json\/wp\/v2\/tags?post=78774"}],"curies":[{"name":"wp","href":"https:\/\/api.w.org\/{rel}","templated":true}]}}