{"id":78746,"date":"2026-03-20T11:21:35","date_gmt":"2026-03-20T10:21:35","guid":{"rendered":"https:\/\/dorogimedence.hu\/?p=78746"},"modified":"2026-03-20T11:21:35","modified_gmt":"2026-03-20T10:21:35","slug":"kepregenypalyazatot-hirdet-a-rendorseg-kozepiskolasok-jelentkezeset-varjak","status":"publish","type":"post","link":"https:\/\/dorogimedence.hu\/index.php\/2026\/03\/20\/kepregenypalyazatot-hirdet-a-rendorseg-kozepiskolasok-jelentkezeset-varjak\/","title":{"rendered":"K\u00e9preg\u00e9nyp\u00e1ly\u00e1zatot hirdet a rend\u0151rs\u00e9g \u2013 k\u00f6z\u00e9piskol\u00e1sok jelentkez\u00e9s\u00e9t v\u00e1rj\u00e1k"},"content":{"rendered":"<p><strong>K\u00e9preg\u00e9nyp\u00e1ly\u00e1zatot hirdet a Kom\u00e1rom-Esztergom V\u00e1rmegyei Rend\u0151r-f\u0151kapit\u00e1nys\u00e1g b\u0171nmegel\u0151z\u00e9si c\u00e9llal k\u00f6z\u00e9piskol\u00e1s di\u00e1kok sz\u00e1m\u00e1ra<\/strong> <em>\u2013 der\u00fclt ki a <a href=\"https:\/\/www.facebook.com\/kemrfk\/posts\/pfbid0b2j5RxzJZGZJaWqGctN9ATfuXApQKgz8CsYK2YhKLFSWWF3JecQmfbPe3GjAKppnl\" target=\"_blank\" rel=\"noopener\"><span style=\"text-decoration: underline; color: #0000ff;\">hat\u00f3s\u00e1g felh\u00edv\u00e1s\u00e1b\u00f3l<\/span><\/a>.<\/em><\/p>\n<p>A kezdem\u00e9nyez\u00e9s c\u00e9lja, hogy a fiatalok kreat\u00edv m\u00f3don dolgozz\u00e1k fel azokat a probl\u00e9m\u00e1kat, amelyek napjainkban egyre nagyobb figyelmet ig\u00e9nyelnek.<\/p>\n<h3>Komoly t\u00e9m\u00e1k, kreat\u00edv form\u00e1ban<\/h3>\n<p>A p\u00e1ly\u00e1zaton az al\u00e1bbi t\u00e9m\u00e1k valamelyik\u00e9ben v\u00e1rj\u00e1k az alkot\u00e1sokat:<\/p>\n<ul>\n<li>az iskolai er\u0151szak megel\u0151z\u00e9se,<\/li>\n<li>a mag\u00e1nyos elk\u00f6vet\u0151v\u00e9 v\u00e1l\u00e1s elker\u00fcl\u00e9se,<\/li>\n<li>az \u00f6nb\u00e1ntalmaz\u00e1s megel\u0151z\u00e9se.<\/li>\n<\/ul>\n<p>A szervez\u0151k c\u00e9lja, hogy a di\u00e1kok saj\u00e1t szemsz\u00f6g\u00fckb\u0151l mutass\u00e1k be ezeket a k\u00e9rd\u00e9seket, \u00e9s ezzel is hozz\u00e1j\u00e1ruljanak a megel\u0151z\u00e9shez.<\/p>\n<h3>T\u00f6bbf\u00e9le technik\u00e1val is lehet p\u00e1ly\u00e1zni<\/h3>\n<p>A k\u00e9preg\u00e9nyeket b\u00e1rmilyen technik\u00e1val el lehet k\u00e9sz\u00edteni:<\/p>\n<ul>\n<li>k\u00e9zzel rajzolva,<\/li>\n<li>digit\u00e1lis form\u00e1ban,<\/li>\n<li>A\/4-es m\u00e9retben, legfeljebb k\u00e9t oldal terjedelemben.<\/li>\n<\/ul>\n<p>Az elk\u00e9sz\u00fclt munk\u00e1kat lef\u00e9nyk\u00e9pezve vagy digit\u00e1lis form\u00e1ban kell elk\u00fcldeni az al\u00e1bbi e-mail c\u00edmek valamelyik\u00e9re:<\/p>\n<ul>\n<li>bakonyik@komarom.police.hu<\/li>\n<li>bunmeg@komarom.police.hu<\/li>\n<\/ul>\n<h3>Fontos hat\u00e1rid\u0151<\/h3>\n<p>A p\u00e1lyam\u0171vek bek\u00fcld\u00e9si hat\u00e1rideje: 2026. m\u00e1jus 30. A p\u00e1ly\u00e1zatra beadott alkot\u00e1sokon kiz\u00e1r\u00f3lag m\u0171v\u00e9szn\u00e9v szerepelhet, a szem\u00e9lyes adatokat (n\u00e9v, el\u00e9rhet\u0151s\u00e9gek, iskola neve) k\u00fcl\u00f6n, e-mailben kell megadni.<\/p>\n<h3>\u00c9rt\u00e9kes nyerem\u00e9nyek v\u00e1rj\u00e1k a legjobbakat<\/h3>\n<p>A be\u00e9rkezett p\u00e1lyam\u0171vek k\u00f6z\u00fcl a legjobbakat \u00e9rt\u00e9kes aj\u00e1nd\u00e9kokkal jutalmazz\u00e1k. A helyezetteket a hat\u00e1rid\u0151t k\u00f6vet\u0151en e-mailben \u00e9rtes\u00edtik a d\u00edj\u00e1tad\u00e1s r\u00e9szleteir\u0151l.<\/p>\n<h3>A megel\u0151z\u00e9s a c\u00e9l<\/h3>\n<p>A rend\u0151rs\u00e9g hangs\u00falyozta: a p\u00e1ly\u00e1zat c\u00e9lja nemcsak az alkot\u00e1s, hanem az is, hogy a fiatalok elgondolkodjanak a vesz\u00e9lyhelyzetek megel\u0151z\u00e9s\u00e9r\u0151l, \u00e9s tudatosabban kezelj\u00e9k a mindennapi konfliktusokat.<\/p>\n<p><img fetchpriority=\"high\" decoding=\"async\" class=\"alignnone size-full wp-image-78747\" src=\"https:\/\/dorogimedence.hu\/wp-content\/uploads\/2026\/03\/653706275_1258715543103817_5877555976575473312_n.jpg\" alt=\"\" width=\"1448\" height=\"2048\" srcset=\"https:\/\/dorogimedence.hu\/wp-content\/uploads\/2026\/03\/653706275_1258715543103817_5877555976575473312_n.jpg 1448w, https:\/\/dorogimedence.hu\/wp-content\/uploads\/2026\/03\/653706275_1258715543103817_5877555976575473312_n-424x600.jpg 424w, https:\/\/dorogimedence.hu\/wp-content\/uploads\/2026\/03\/653706275_1258715543103817_5877555976575473312_n-1358x1920.jpg 1358w, https:\/\/dorogimedence.hu\/wp-content\/uploads\/2026\/03\/653706275_1258715543103817_5877555976575473312_n-768x1086.jpg 768w, https:\/\/dorogimedence.hu\/wp-content\/uploads\/2026\/03\/653706275_1258715543103817_5877555976575473312_n-1086x1536.jpg 1086w, https:\/\/dorogimedence.hu\/wp-content\/uploads\/2026\/03\/653706275_1258715543103817_5877555976575473312_n-150x212.jpg 150w, https:\/\/dorogimedence.hu\/wp-content\/uploads\/2026\/03\/653706275_1258715543103817_5877555976575473312_n-450x636.jpg 450w, https:\/\/dorogimedence.hu\/wp-content\/uploads\/2026\/03\/653706275_1258715543103817_5877555976575473312_n-1200x1697.jpg 1200w\" sizes=\"(max-width: 1448px) 100vw, 1448px\" \/><\/p>\n<p><em>Bor\u00edt\u00f3k\u00e9p: illusztr\u00e1ci\u00f3 (freepik.com &#8211; dgim-studio)<\/em><\/p>\n","protected":false},"excerpt":{"rendered":"<p>K\u00e9preg\u00e9nyp\u00e1ly\u00e1zatot hirdet a Kom\u00e1rom-Esztergom V\u00e1rmegyei Rend\u0151r-f\u0151kapit\u00e1nys\u00e1g b\u0171nmegel\u0151z\u00e9si c\u00e9llal k\u00f6z\u00e9piskol\u00e1s di\u00e1kok sz\u00e1m\u00e1ra \u2013 der\u00fclt ki a hat\u00f3s\u00e1g felh\u00edv\u00e1s\u00e1b\u00f3l. A kezdem\u00e9nyez\u00e9s c\u00e9lja, hogy a fiatalok kreat\u00edv m\u00f3don dolgozz\u00e1k fel azokat a probl\u00e9m\u00e1kat, amelyek napjainkban egyre nagyobb figyelmet ig\u00e9nyelnek. Komoly t\u00e9m\u00e1k, kreat\u00edv form\u00e1ban A p\u00e1ly\u00e1zaton az al\u00e1bbi t\u00e9m\u00e1k valamelyik\u00e9ben v\u00e1rj\u00e1k az alkot\u00e1sokat: az iskolai er\u0151szak megel\u0151z\u00e9se, a mag\u00e1nyos<\/p>\n","protected":false},"author":1,"featured_media":78748,"comment_status":"closed","ping_status":"closed","sticky":false,"template":"","format":"standard","meta":{"ngg_post_thumbnail":0,"footnotes":""},"categories":[3,6948],"tags":[3753,74,61],"class_list":{"0":"post-78746","1":"post","2":"type-post","3":"status-publish","4":"format-standard","5":"has-post-thumbnail","7":"category-hirek","8":"category-szines","9":"tag-kepregeny","10":"tag-palyazat","11":"tag-rendorsegi-hirek"},"yoast_head":"<!-- This site is optimized with the Yoast SEO plugin v27.5 - https:\/\/yoast.com\/product\/yoast-seo-wordpress\/ -->\n<title>K\u00e9preg\u00e9nyp\u00e1ly\u00e1zatot hirdet a rend\u0151rs\u00e9g \u2013 k\u00f6z\u00e9piskol\u00e1sok jelentkez\u00e9s\u00e9t v\u00e1rj\u00e1k<\/title>\n<meta name=\"robots\" content=\"index, follow, max-snippet:-1, max-image-preview:large, max-video-preview:-1\" \/>\n<link rel=\"canonical\" href=\"https:\/\/dorogimedence.hu\/index.php\/2026\/03\/20\/kepregenypalyazatot-hirdet-a-rendorseg-kozepiskolasok-jelentkezeset-varjak\/\" class=\"yoast-seo-meta-tag\" \/>\n<meta property=\"og:locale\" content=\"hu_HU\" class=\"yoast-seo-meta-tag\" \/>\n<meta property=\"og:type\" content=\"article\" class=\"yoast-seo-meta-tag\" \/>\n<meta property=\"og:title\" content=\"K\u00e9preg\u00e9nyp\u00e1ly\u00e1zatot hirdet a rend\u0151rs\u00e9g \u2013 k\u00f6z\u00e9piskol\u00e1sok jelentkez\u00e9s\u00e9t v\u00e1rj\u00e1k\" class=\"yoast-seo-meta-tag\" \/>\n<meta property=\"og:description\" content=\"K\u00e9preg\u00e9nyp\u00e1ly\u00e1zatot hirdet a Kom\u00e1rom-Esztergom V\u00e1rmegyei Rend\u0151r-f\u0151kapit\u00e1nys\u00e1g b\u0171nmegel\u0151z\u00e9si c\u00e9llal k\u00f6z\u00e9piskol\u00e1s di\u00e1kok sz\u00e1m\u00e1ra \u2013 der\u00fclt ki a hat\u00f3s\u00e1g felh\u00edv\u00e1s\u00e1b\u00f3l. A kezdem\u00e9nyez\u00e9s c\u00e9lja, hogy a fiatalok kreat\u00edv m\u00f3don dolgozz\u00e1k fel azokat a probl\u00e9m\u00e1kat, amelyek napjainkban egyre nagyobb figyelmet ig\u00e9nyelnek. Komoly t\u00e9m\u00e1k, kreat\u00edv form\u00e1ban A p\u00e1ly\u00e1zaton az al\u00e1bbi t\u00e9m\u00e1k valamelyik\u00e9ben v\u00e1rj\u00e1k az alkot\u00e1sokat: az iskolai er\u0151szak megel\u0151z\u00e9se, a mag\u00e1nyos\" class=\"yoast-seo-meta-tag\" \/>\n<meta property=\"og:url\" content=\"https:\/\/dorogimedence.hu\/index.php\/2026\/03\/20\/kepregenypalyazatot-hirdet-a-rendorseg-kozepiskolasok-jelentkezeset-varjak\/\" class=\"yoast-seo-meta-tag\" \/>\n<meta property=\"og:site_name\" content=\"Dorogi-medence Region\u00e1lis H\u00edrport\u00e1l\" class=\"yoast-seo-meta-tag\" \/>\n<meta property=\"article:publisher\" content=\"https:\/\/www.facebook.com\/dorogimedence\/\" class=\"yoast-seo-meta-tag\" \/>\n<meta property=\"article:published_time\" content=\"2026-03-20T10:21:35+00:00\" class=\"yoast-seo-meta-tag\" \/>\n<meta property=\"og:image\" content=\"https:\/\/dorogimedence.hu\/wp-content\/uploads\/2026\/03\/kepregeny.jpg\" class=\"yoast-seo-meta-tag\" \/>\n\t<meta property=\"og:image:width\" content=\"1920\" class=\"yoast-seo-meta-tag\" \/>\n\t<meta property=\"og:image:height\" content=\"1277\" class=\"yoast-seo-meta-tag\" \/>\n\t<meta property=\"og:image:type\" content=\"image\/jpeg\" class=\"yoast-seo-meta-tag\" \/>\n<meta name=\"author\" content=\"dorogimedence.hu\" class=\"yoast-seo-meta-tag\" \/>\n<meta name=\"twitter:card\" content=\"summary_large_image\" class=\"yoast-seo-meta-tag\" \/>\n<meta name=\"twitter:label1\" content=\"Szerz\u0151:\" class=\"yoast-seo-meta-tag\" \/>\n\t<meta name=\"twitter:data1\" content=\"dorogimedence.hu\" class=\"yoast-seo-meta-tag\" \/>\n\t<meta name=\"twitter:label2\" content=\"Becs\u00fclt olvas\u00e1si id\u0151\" class=\"yoast-seo-meta-tag\" \/>\n\t<meta name=\"twitter:data2\" content=\"2 perc\" class=\"yoast-seo-meta-tag\" \/>\n<script type=\"application\/ld+json\" class=\"yoast-schema-graph\">{\"@context\":\"https:\\\/\\\/schema.org\",\"@graph\":[{\"@type\":\"Article\",\"@id\":\"https:\\\/\\\/dorogimedence.hu\\\/index.php\\\/2026\\\/03\\\/20\\\/kepregenypalyazatot-hirdet-a-rendorseg-kozepiskolasok-jelentkezeset-varjak\\\/#article\",\"isPartOf\":{\"@id\":\"https:\\\/\\\/dorogimedence.hu\\\/index.php\\\/2026\\\/03\\\/20\\\/kepregenypalyazatot-hirdet-a-rendorseg-kozepiskolasok-jelentkezeset-varjak\\\/\"},\"author\":{\"name\":\"dorogimedence.hu\",\"@id\":\"https:\\\/\\\/dorogimedence.hu\\\/#\\\/schema\\\/person\\\/ce6091eeb7e95ecdc87890d6aa8e0fd4\"},\"headline\":\"K\u00e9preg\u00e9nyp\u00e1ly\u00e1zatot hirdet a rend\u0151rs\u00e9g \u2013 k\u00f6z\u00e9piskol\u00e1sok jelentkez\u00e9s\u00e9t v\u00e1rj\u00e1k\",\"datePublished\":\"2026-03-20T10:21:35+00:00\",\"mainEntityOfPage\":{\"@id\":\"https:\\\/\\\/dorogimedence.hu\\\/index.php\\\/2026\\\/03\\\/20\\\/kepregenypalyazatot-hirdet-a-rendorseg-kozepiskolasok-jelentkezeset-varjak\\\/\"},\"wordCount\":397,\"publisher\":{\"@id\":\"https:\\\/\\\/dorogimedence.hu\\\/#organization\"},\"image\":{\"@id\":\"https:\\\/\\\/dorogimedence.hu\\\/index.php\\\/2026\\\/03\\\/20\\\/kepregenypalyazatot-hirdet-a-rendorseg-kozepiskolasok-jelentkezeset-varjak\\\/#primaryimage\"},\"thumbnailUrl\":\"https:\\\/\\\/dorogimedence.hu\\\/wp-content\\\/uploads\\\/2026\\\/03\\\/kepregeny.jpg\",\"keywords\":[\"k\u00e9preg\u00e9ny\",\"p\u00e1ly\u00e1zat\",\"rend\u0151rs\u00e9gi h\u00edrek\"],\"articleSection\":[\"H\u00edrek\",\"Sz\u00ednes\"],\"inLanguage\":\"hu\"},{\"@type\":\"WebPage\",\"@id\":\"https:\\\/\\\/dorogimedence.hu\\\/index.php\\\/2026\\\/03\\\/20\\\/kepregenypalyazatot-hirdet-a-rendorseg-kozepiskolasok-jelentkezeset-varjak\\\/\",\"url\":\"https:\\\/\\\/dorogimedence.hu\\\/index.php\\\/2026\\\/03\\\/20\\\/kepregenypalyazatot-hirdet-a-rendorseg-kozepiskolasok-jelentkezeset-varjak\\\/\",\"name\":\"K\u00e9preg\u00e9nyp\u00e1ly\u00e1zatot hirdet a rend\u0151rs\u00e9g \u2013 k\u00f6z\u00e9piskol\u00e1sok jelentkez\u00e9s\u00e9t v\u00e1rj\u00e1k\",\"isPartOf\":{\"@id\":\"https:\\\/\\\/dorogimedence.hu\\\/#website\"},\"primaryImageOfPage\":{\"@id\":\"https:\\\/\\\/dorogimedence.hu\\\/index.php\\\/2026\\\/03\\\/20\\\/kepregenypalyazatot-hirdet-a-rendorseg-kozepiskolasok-jelentkezeset-varjak\\\/#primaryimage\"},\"image\":{\"@id\":\"https:\\\/\\\/dorogimedence.hu\\\/index.php\\\/2026\\\/03\\\/20\\\/kepregenypalyazatot-hirdet-a-rendorseg-kozepiskolasok-jelentkezeset-varjak\\\/#primaryimage\"},\"thumbnailUrl\":\"https:\\\/\\\/dorogimedence.hu\\\/wp-content\\\/uploads\\\/2026\\\/03\\\/kepregeny.jpg\",\"datePublished\":\"2026-03-20T10:21:35+00:00\",\"breadcrumb\":{\"@id\":\"https:\\\/\\\/dorogimedence.hu\\\/index.php\\\/2026\\\/03\\\/20\\\/kepregenypalyazatot-hirdet-a-rendorseg-kozepiskolasok-jelentkezeset-varjak\\\/#breadcrumb\"},\"inLanguage\":\"hu\",\"potentialAction\":[{\"@type\":\"ReadAction\",\"target\":[\"https:\\\/\\\/dorogimedence.hu\\\/index.php\\\/2026\\\/03\\\/20\\\/kepregenypalyazatot-hirdet-a-rendorseg-kozepiskolasok-jelentkezeset-varjak\\\/\"]}]},{\"@type\":\"ImageObject\",\"inLanguage\":\"hu\",\"@id\":\"https:\\\/\\\/dorogimedence.hu\\\/index.php\\\/2026\\\/03\\\/20\\\/kepregenypalyazatot-hirdet-a-rendorseg-kozepiskolasok-jelentkezeset-varjak\\\/#primaryimage\",\"url\":\"https:\\\/\\\/dorogimedence.hu\\\/wp-content\\\/uploads\\\/2026\\\/03\\\/kepregeny.jpg\",\"contentUrl\":\"https:\\\/\\\/dorogimedence.hu\\\/wp-content\\\/uploads\\\/2026\\\/03\\\/kepregeny.jpg\",\"width\":1920,\"height\":1277},{\"@type\":\"BreadcrumbList\",\"@id\":\"https:\\\/\\\/dorogimedence.hu\\\/index.php\\\/2026\\\/03\\\/20\\\/kepregenypalyazatot-hirdet-a-rendorseg-kozepiskolasok-jelentkezeset-varjak\\\/#breadcrumb\",\"itemListElement\":[{\"@type\":\"ListItem\",\"position\":1,\"name\":\"Kezd\u0151lap\",\"item\":\"https:\\\/\\\/dorogimedence.hu\\\/\"},{\"@type\":\"ListItem\",\"position\":2,\"name\":\"K\u00e9preg\u00e9nyp\u00e1ly\u00e1zatot hirdet a rend\u0151rs\u00e9g \u2013 k\u00f6z\u00e9piskol\u00e1sok jelentkez\u00e9s\u00e9t v\u00e1rj\u00e1k\"}]},{\"@type\":\"WebSite\",\"@id\":\"https:\\\/\\\/dorogimedence.hu\\\/#website\",\"url\":\"https:\\\/\\\/dorogimedence.hu\\\/\",\"name\":\"Dorogi-medence Region\u00e1lis H\u00edrport\u00e1l\",\"description\":\"Dorog, Keszt\u00f6lc, Le\u00e1nyv\u00e1r, Piliscs\u00e9v, Tokod, Tokodalt\u00e1r\u00f3, Csolnok, Esztergom-kertv\u00e1ros: h\u00edrek, programok\",\"publisher\":{\"@id\":\"https:\\\/\\\/dorogimedence.hu\\\/#organization\"},\"potentialAction\":[{\"@type\":\"SearchAction\",\"target\":{\"@type\":\"EntryPoint\",\"urlTemplate\":\"https:\\\/\\\/dorogimedence.hu\\\/?s={search_term_string}\"},\"query-input\":{\"@type\":\"PropertyValueSpecification\",\"valueRequired\":true,\"valueName\":\"search_term_string\"}}],\"inLanguage\":\"hu\"},{\"@type\":\"Organization\",\"@id\":\"https:\\\/\\\/dorogimedence.hu\\\/#organization\",\"name\":\"Dorogi-medence Region\u00e1lis H\u00edrport\u00e1l\",\"url\":\"https:\\\/\\\/dorogimedence.hu\\\/\",\"logo\":{\"@type\":\"ImageObject\",\"inLanguage\":\"hu\",\"@id\":\"https:\\\/\\\/dorogimedence.hu\\\/#\\\/schema\\\/logo\\\/image\\\/\",\"url\":\"https:\\\/\\\/dorogimedence.hu\\\/wp-content\\\/uploads\\\/2021\\\/04\\\/logo-feher-600.png\",\"contentUrl\":\"https:\\\/\\\/dorogimedence.hu\\\/wp-content\\\/uploads\\\/2021\\\/04\\\/logo-feher-600.png\",\"width\":600,\"height\":100,\"caption\":\"Dorogi-medence Region\u00e1lis H\u00edrport\u00e1l\"},\"image\":{\"@id\":\"https:\\\/\\\/dorogimedence.hu\\\/#\\\/schema\\\/logo\\\/image\\\/\"},\"sameAs\":[\"https:\\\/\\\/www.facebook.com\\\/dorogimedence\\\/\"]},{\"@type\":\"Person\",\"@id\":\"https:\\\/\\\/dorogimedence.hu\\\/#\\\/schema\\\/person\\\/ce6091eeb7e95ecdc87890d6aa8e0fd4\",\"name\":\"dorogimedence.hu\",\"image\":{\"@type\":\"ImageObject\",\"inLanguage\":\"hu\",\"@id\":\"\\\/\\\/www.gravatar.com\\\/avatar\\\/d8d45f8901aadff40a4af72c0b826f1d?s=96&#038;r=g&#038;d=mm\",\"url\":\"\\\/\\\/www.gravatar.com\\\/avatar\\\/d8d45f8901aadff40a4af72c0b826f1d?s=96&#038;r=g&#038;d=mm\",\"contentUrl\":\"\\\/\\\/www.gravatar.com\\\/avatar\\\/d8d45f8901aadff40a4af72c0b826f1d?s=96&#038;r=g&#038;d=mm\",\"caption\":\"dorogimedence.hu\"}}]}<\/script>\n<!-- \/ Yoast SEO plugin. -->","yoast_head_json":{"title":"K\u00e9preg\u00e9nyp\u00e1ly\u00e1zatot hirdet a rend\u0151rs\u00e9g \u2013 k\u00f6z\u00e9piskol\u00e1sok jelentkez\u00e9s\u00e9t v\u00e1rj\u00e1k","robots":{"index":"index","follow":"follow","max-snippet":"max-snippet:-1","max-image-preview":"max-image-preview:large","max-video-preview":"max-video-preview:-1"},"canonical":"https:\/\/dorogimedence.hu\/index.php\/2026\/03\/20\/kepregenypalyazatot-hirdet-a-rendorseg-kozepiskolasok-jelentkezeset-varjak\/","og_locale":"hu_HU","og_type":"article","og_title":"K\u00e9preg\u00e9nyp\u00e1ly\u00e1zatot hirdet a rend\u0151rs\u00e9g \u2013 k\u00f6z\u00e9piskol\u00e1sok jelentkez\u00e9s\u00e9t v\u00e1rj\u00e1k","og_description":"K\u00e9preg\u00e9nyp\u00e1ly\u00e1zatot hirdet a Kom\u00e1rom-Esztergom V\u00e1rmegyei Rend\u0151r-f\u0151kapit\u00e1nys\u00e1g b\u0171nmegel\u0151z\u00e9si c\u00e9llal k\u00f6z\u00e9piskol\u00e1s di\u00e1kok sz\u00e1m\u00e1ra \u2013 der\u00fclt ki a hat\u00f3s\u00e1g felh\u00edv\u00e1s\u00e1b\u00f3l. A kezdem\u00e9nyez\u00e9s c\u00e9lja, hogy a fiatalok kreat\u00edv m\u00f3don dolgozz\u00e1k fel azokat a probl\u00e9m\u00e1kat, amelyek napjainkban egyre nagyobb figyelmet ig\u00e9nyelnek. Komoly t\u00e9m\u00e1k, kreat\u00edv form\u00e1ban A p\u00e1ly\u00e1zaton az al\u00e1bbi t\u00e9m\u00e1k valamelyik\u00e9ben v\u00e1rj\u00e1k az alkot\u00e1sokat: az iskolai er\u0151szak megel\u0151z\u00e9se, a mag\u00e1nyos","og_url":"https:\/\/dorogimedence.hu\/index.php\/2026\/03\/20\/kepregenypalyazatot-hirdet-a-rendorseg-kozepiskolasok-jelentkezeset-varjak\/","og_site_name":"Dorogi-medence Region\u00e1lis H\u00edrport\u00e1l","article_publisher":"https:\/\/www.facebook.com\/dorogimedence\/","article_published_time":"2026-03-20T10:21:35+00:00","og_image":[{"width":1920,"height":1277,"url":"https:\/\/dorogimedence.hu\/wp-content\/uploads\/2026\/03\/kepregeny.jpg","type":"image\/jpeg"}],"author":"dorogimedence.hu","twitter_card":"summary_large_image","twitter_misc":{"Szerz\u0151:":"dorogimedence.hu","Becs\u00fclt olvas\u00e1si id\u0151":"2 perc"},"schema":{"@context":"https:\/\/schema.org","@graph":[{"@type":"Article","@id":"https:\/\/dorogimedence.hu\/index.php\/2026\/03\/20\/kepregenypalyazatot-hirdet-a-rendorseg-kozepiskolasok-jelentkezeset-varjak\/#article","isPartOf":{"@id":"https:\/\/dorogimedence.hu\/index.php\/2026\/03\/20\/kepregenypalyazatot-hirdet-a-rendorseg-kozepiskolasok-jelentkezeset-varjak\/"},"author":{"name":"dorogimedence.hu","@id":"https:\/\/dorogimedence.hu\/#\/schema\/person\/ce6091eeb7e95ecdc87890d6aa8e0fd4"},"headline":"K\u00e9preg\u00e9nyp\u00e1ly\u00e1zatot hirdet a rend\u0151rs\u00e9g \u2013 k\u00f6z\u00e9piskol\u00e1sok jelentkez\u00e9s\u00e9t v\u00e1rj\u00e1k","datePublished":"2026-03-20T10:21:35+00:00","mainEntityOfPage":{"@id":"https:\/\/dorogimedence.hu\/index.php\/2026\/03\/20\/kepregenypalyazatot-hirdet-a-rendorseg-kozepiskolasok-jelentkezeset-varjak\/"},"wordCount":397,"publisher":{"@id":"https:\/\/dorogimedence.hu\/#organization"},"image":{"@id":"https:\/\/dorogimedence.hu\/index.php\/2026\/03\/20\/kepregenypalyazatot-hirdet-a-rendorseg-kozepiskolasok-jelentkezeset-varjak\/#primaryimage"},"thumbnailUrl":"https:\/\/dorogimedence.hu\/wp-content\/uploads\/2026\/03\/kepregeny.jpg","keywords":["k\u00e9preg\u00e9ny","p\u00e1ly\u00e1zat","rend\u0151rs\u00e9gi h\u00edrek"],"articleSection":["H\u00edrek","Sz\u00ednes"],"inLanguage":"hu"},{"@type":"WebPage","@id":"https:\/\/dorogimedence.hu\/index.php\/2026\/03\/20\/kepregenypalyazatot-hirdet-a-rendorseg-kozepiskolasok-jelentkezeset-varjak\/","url":"https:\/\/dorogimedence.hu\/index.php\/2026\/03\/20\/kepregenypalyazatot-hirdet-a-rendorseg-kozepiskolasok-jelentkezeset-varjak\/","name":"K\u00e9preg\u00e9nyp\u00e1ly\u00e1zatot hirdet a rend\u0151rs\u00e9g \u2013 k\u00f6z\u00e9piskol\u00e1sok jelentkez\u00e9s\u00e9t v\u00e1rj\u00e1k","isPartOf":{"@id":"https:\/\/dorogimedence.hu\/#website"},"primaryImageOfPage":{"@id":"https:\/\/dorogimedence.hu\/index.php\/2026\/03\/20\/kepregenypalyazatot-hirdet-a-rendorseg-kozepiskolasok-jelentkezeset-varjak\/#primaryimage"},"image":{"@id":"https:\/\/dorogimedence.hu\/index.php\/2026\/03\/20\/kepregenypalyazatot-hirdet-a-rendorseg-kozepiskolasok-jelentkezeset-varjak\/#primaryimage"},"thumbnailUrl":"https:\/\/dorogimedence.hu\/wp-content\/uploads\/2026\/03\/kepregeny.jpg","datePublished":"2026-03-20T10:21:35+00:00","breadcrumb":{"@id":"https:\/\/dorogimedence.hu\/index.php\/2026\/03\/20\/kepregenypalyazatot-hirdet-a-rendorseg-kozepiskolasok-jelentkezeset-varjak\/#breadcrumb"},"inLanguage":"hu","potentialAction":[{"@type":"ReadAction","target":["https:\/\/dorogimedence.hu\/index.php\/2026\/03\/20\/kepregenypalyazatot-hirdet-a-rendorseg-kozepiskolasok-jelentkezeset-varjak\/"]}]},{"@type":"ImageObject","inLanguage":"hu","@id":"https:\/\/dorogimedence.hu\/index.php\/2026\/03\/20\/kepregenypalyazatot-hirdet-a-rendorseg-kozepiskolasok-jelentkezeset-varjak\/#primaryimage","url":"https:\/\/dorogimedence.hu\/wp-content\/uploads\/2026\/03\/kepregeny.jpg","contentUrl":"https:\/\/dorogimedence.hu\/wp-content\/uploads\/2026\/03\/kepregeny.jpg","width":1920,"height":1277},{"@type":"BreadcrumbList","@id":"https:\/\/dorogimedence.hu\/index.php\/2026\/03\/20\/kepregenypalyazatot-hirdet-a-rendorseg-kozepiskolasok-jelentkezeset-varjak\/#breadcrumb","itemListElement":[{"@type":"ListItem","position":1,"name":"Kezd\u0151lap","item":"https:\/\/dorogimedence.hu\/"},{"@type":"ListItem","position":2,"name":"K\u00e9preg\u00e9nyp\u00e1ly\u00e1zatot hirdet a rend\u0151rs\u00e9g \u2013 k\u00f6z\u00e9piskol\u00e1sok jelentkez\u00e9s\u00e9t v\u00e1rj\u00e1k"}]},{"@type":"WebSite","@id":"https:\/\/dorogimedence.hu\/#website","url":"https:\/\/dorogimedence.hu\/","name":"Dorogi-medence Region\u00e1lis H\u00edrport\u00e1l","description":"Dorog, Keszt\u00f6lc, Le\u00e1nyv\u00e1r, Piliscs\u00e9v, Tokod, Tokodalt\u00e1r\u00f3, Csolnok, Esztergom-kertv\u00e1ros: h\u00edrek, programok","publisher":{"@id":"https:\/\/dorogimedence.hu\/#organization"},"potentialAction":[{"@type":"SearchAction","target":{"@type":"EntryPoint","urlTemplate":"https:\/\/dorogimedence.hu\/?s={search_term_string}"},"query-input":{"@type":"PropertyValueSpecification","valueRequired":true,"valueName":"search_term_string"}}],"inLanguage":"hu"},{"@type":"Organization","@id":"https:\/\/dorogimedence.hu\/#organization","name":"Dorogi-medence Region\u00e1lis H\u00edrport\u00e1l","url":"https:\/\/dorogimedence.hu\/","logo":{"@type":"ImageObject","inLanguage":"hu","@id":"https:\/\/dorogimedence.hu\/#\/schema\/logo\/image\/","url":"https:\/\/dorogimedence.hu\/wp-content\/uploads\/2021\/04\/logo-feher-600.png","contentUrl":"https:\/\/dorogimedence.hu\/wp-content\/uploads\/2021\/04\/logo-feher-600.png","width":600,"height":100,"caption":"Dorogi-medence Region\u00e1lis H\u00edrport\u00e1l"},"image":{"@id":"https:\/\/dorogimedence.hu\/#\/schema\/logo\/image\/"},"sameAs":["https:\/\/www.facebook.com\/dorogimedence\/"]},{"@type":"Person","@id":"https:\/\/dorogimedence.hu\/#\/schema\/person\/ce6091eeb7e95ecdc87890d6aa8e0fd4","name":"dorogimedence.hu","image":{"@type":"ImageObject","inLanguage":"hu","@id":"\/\/www.gravatar.com\/avatar\/d8d45f8901aadff40a4af72c0b826f1d?s=96&#038;r=g&#038;d=mm","url":"\/\/www.gravatar.com\/avatar\/d8d45f8901aadff40a4af72c0b826f1d?s=96&#038;r=g&#038;d=mm","contentUrl":"\/\/www.gravatar.com\/avatar\/d8d45f8901aadff40a4af72c0b826f1d?s=96&#038;r=g&#038;d=mm","caption":"dorogimedence.hu"}}]}},"_links":{"self":[{"href":"https:\/\/dorogimedence.hu\/index.php\/wp-json\/wp\/v2\/posts\/78746","targetHints":{"allow":["GET"]}}],"collection":[{"href":"https:\/\/dorogimedence.hu\/index.php\/wp-json\/wp\/v2\/posts"}],"about":[{"href":"https:\/\/dorogimedence.hu\/index.php\/wp-json\/wp\/v2\/types\/post"}],"author":[{"embeddable":true,"href":"https:\/\/dorogimedence.hu\/index.php\/wp-json\/wp\/v2\/users\/1"}],"replies":[{"embeddable":true,"href":"https:\/\/dorogimedence.hu\/index.php\/wp-json\/wp\/v2\/comments?post=78746"}],"version-history":[{"count":1,"href":"https:\/\/dorogimedence.hu\/index.php\/wp-json\/wp\/v2\/posts\/78746\/revisions"}],"predecessor-version":[{"id":78749,"href":"https:\/\/dorogimedence.hu\/index.php\/wp-json\/wp\/v2\/posts\/78746\/revisions\/78749"}],"wp:featuredmedia":[{"embeddable":true,"href":"https:\/\/dorogimedence.hu\/index.php\/wp-json\/wp\/v2\/media\/78748"}],"wp:attachment":[{"href":"https:\/\/dorogimedence.hu\/index.php\/wp-json\/wp\/v2\/media?parent=78746"}],"wp:term":[{"taxonomy":"category","embeddable":true,"href":"https:\/\/dorogimedence.hu\/index.php\/wp-json\/wp\/v2\/categories?post=78746"},{"taxonomy":"post_tag","embeddable":true,"href":"https:\/\/dorogimedence.hu\/index.php\/wp-json\/wp\/v2\/tags?post=78746"}],"curies":[{"name":"wp","href":"https:\/\/api.w.org\/{rel}","templated":true}]}}