{"id":78716,"date":"2026-03-20T10:02:45","date_gmt":"2026-03-20T09:02:45","guid":{"rendered":"https:\/\/dorogimedence.hu\/?p=78716"},"modified":"2026-03-20T10:02:45","modified_gmt":"2026-03-20T09:02:45","slug":"taroltak-a-piliscsevi-ijaszok-az-orszagos-bajnoksagon","status":"publish","type":"post","link":"https:\/\/dorogimedence.hu\/index.php\/2026\/03\/20\/taroltak-a-piliscsevi-ijaszok-az-orszagos-bajnoksagon\/","title":{"rendered":"Taroltak a piliscs\u00e9vi \u00edj\u00e1szok az orsz\u00e1gos bajnoks\u00e1gon"},"content":{"rendered":"<p><strong>Kiemelked\u0151 eredm\u00e9nyeket \u00e9rtek el a Piliscs\u00e9vi \u00c1ltal\u00e1nos Iskola di\u00e1kjai a 2026. m\u00e1rcius 14-\u00e9n megrendezett WA Terem\u00edj\u00e1sz Orsz\u00e1gos Bajnoks\u00e1gon. A fiatal tehets\u00e9gek t\u00f6bb dobog\u00f3s helyez\u00e9st is szereztek, k\u00f6zt\u00fck t\u00f6bb orsz\u00e1gos bajnoki c\u00edmet is hazahoztak.<\/strong><\/p>\n<h3>T\u00f6bb arany\u00e9rem is sz\u00fcletett<\/h3>\n<p>A piliscs\u00e9vi tanul\u00f3k remek form\u00e1ban versenyeztek, \u00e9s az al\u00e1bbi eredm\u00e9nyeket \u00e9rt\u00e9k el:<\/p>\n<ul>\n<li>Urszuly D\u00e1niel (HU\/U13) \u2013 I. hely, orsz\u00e1gos bajnok<\/li>\n<li>Marti Ervin P\u00e9ter (BB\/U13) \u2013 I. hely, orsz\u00e1gos bajnok<\/li>\n<li>Rozbora G\u00e1bor K\u00e1roly (BB\/U13) \u2013 II. hely<\/li>\n<li>Horv\u00e1th Evolet (HU\/U15) \u2013 I. hely<\/li>\n<li>Lieber Botond (Vad\u00e1szreflex\/U13) \u2013 III. hely<\/li>\n<\/ul>\n<p>A verseny a hazai terem\u00edj\u00e1szat egyik legfontosabb megm\u00e9rettet\u00e9se, ahol az orsz\u00e1g legjobb fiatal sportol\u00f3i m\u00e9rik \u00f6ssze tud\u00e1sukat.<\/p>\n<h3>Nemcsak \u00e9rmek, min\u0151s\u00edt\u00e9sek is<\/h3>\n<p>A kiv\u00e1l\u00f3 helyez\u00e9sek mellett a pontsz\u00e1mok is kiemelked\u0151ek voltak: h\u00e1rom piliscs\u00e9vi \u00edj\u00e1sz is I. oszt\u00e1ly\u00fa min\u0151s\u00edt\u00e9st szerzett, amivel beker\u00fcltek a Magyar \u00cdj\u00e1sz Sz\u00f6vets\u00e9g 2026-os min\u0151s\u00edt\u00e9si n\u00e9vjegyz\u00e9k\u00e9be. Ez a szakmai elismer\u00e9s azt jelzi, hogy a fiatalok teljes\u00edtm\u00e9nye orsz\u00e1gos szinten is a legjobbak k\u00f6z\u00e9 tartozik.<\/p>\n<h3>Hossz\u00fa munka gy\u00fcm\u00f6lcse<\/h3>\n<p>Az iskola k\u00f6z\u00f6ss\u00e9gi oldal\u00e1n kiemelte: a verseny volt az, amelyre a legt\u00f6bbet k\u00e9sz\u00fcltek, \u00e9s amelyet tal\u00e1n a legjobban v\u00e1rtak is. Az el\u00e9rt eredm\u00e9nyek pedig m\u00e9g a r\u00e9sztvev\u0151ket is meglept\u00e9k. A sikerek m\u00f6g\u00f6tt kitart\u00f3 edz\u00e9smunka, felk\u00e9sz\u00edt\u0151 munka \u00e9s elhivatotts\u00e1g \u00e1ll, amelynek most l\u00e1tv\u00e1nyos eredm\u00e9nye sz\u00fcletett.<\/p>\n<h3>B\u00fcszkes\u00e9g a t\u00e9rs\u00e9gnek is<\/h3>\n<p>A piliscs\u00e9vi di\u00e1kok eredm\u00e9nyei nemcsak az iskola, hanem az eg\u00e9sz t\u00e9rs\u00e9g sz\u00e1m\u00e1ra is b\u00fcszkes\u00e9get jelentenek. A fiatal sportol\u00f3k teljes\u00edtm\u00e9nye j\u00f3l mutatja, hogy a t\u00e9rs\u00e9gben komoly ut\u00e1np\u00f3tl\u00e1s-nevel\u00e9s zajlik, amely orsz\u00e1gos szinten is meg\u00e1llja a hely\u00e9t.<\/p>\n<p><img fetchpriority=\"high\" decoding=\"async\" class=\"alignnone size-full wp-image-78717\" src=\"https:\/\/dorogimedence.hu\/wp-content\/uploads\/2026\/03\/651236018_1448340937089574_173474909867376594_n.jpg\" alt=\"\" width=\"1251\" height=\"960\" srcset=\"https:\/\/dorogimedence.hu\/wp-content\/uploads\/2026\/03\/651236018_1448340937089574_173474909867376594_n.jpg 1251w, https:\/\/dorogimedence.hu\/wp-content\/uploads\/2026\/03\/651236018_1448340937089574_173474909867376594_n-600x460.jpg 600w, https:\/\/dorogimedence.hu\/wp-content\/uploads\/2026\/03\/651236018_1448340937089574_173474909867376594_n-768x589.jpg 768w, https:\/\/dorogimedence.hu\/wp-content\/uploads\/2026\/03\/651236018_1448340937089574_173474909867376594_n-150x115.jpg 150w, https:\/\/dorogimedence.hu\/wp-content\/uploads\/2026\/03\/651236018_1448340937089574_173474909867376594_n-450x345.jpg 450w, https:\/\/dorogimedence.hu\/wp-content\/uploads\/2026\/03\/651236018_1448340937089574_173474909867376594_n-1200x921.jpg 1200w\" sizes=\"(max-width: 1251px) 100vw, 1251px\" \/> <img decoding=\"async\" class=\"alignnone size-full wp-image-78718\" src=\"https:\/\/dorogimedence.hu\/wp-content\/uploads\/2026\/03\/652637671_1448340980422903_1611918325939334229_n.jpg\" alt=\"\" width=\"1128\" height=\"960\" srcset=\"https:\/\/dorogimedence.hu\/wp-content\/uploads\/2026\/03\/652637671_1448340980422903_1611918325939334229_n.jpg 1128w, https:\/\/dorogimedence.hu\/wp-content\/uploads\/2026\/03\/652637671_1448340980422903_1611918325939334229_n-600x511.jpg 600w, https:\/\/dorogimedence.hu\/wp-content\/uploads\/2026\/03\/652637671_1448340980422903_1611918325939334229_n-768x654.jpg 768w, https:\/\/dorogimedence.hu\/wp-content\/uploads\/2026\/03\/652637671_1448340980422903_1611918325939334229_n-150x128.jpg 150w, https:\/\/dorogimedence.hu\/wp-content\/uploads\/2026\/03\/652637671_1448340980422903_1611918325939334229_n-450x383.jpg 450w\" sizes=\"(max-width: 1128px) 100vw, 1128px\" \/> <img decoding=\"async\" class=\"alignnone size-full wp-image-78719\" src=\"https:\/\/dorogimedence.hu\/wp-content\/uploads\/2026\/03\/652816033_1448340857089582_7761287315613994552_n.jpg\" alt=\"\" width=\"1280\" height=\"960\" srcset=\"https:\/\/dorogimedence.hu\/wp-content\/uploads\/2026\/03\/652816033_1448340857089582_7761287315613994552_n.jpg 1280w, https:\/\/dorogimedence.hu\/wp-content\/uploads\/2026\/03\/652816033_1448340857089582_7761287315613994552_n-600x450.jpg 600w, https:\/\/dorogimedence.hu\/wp-content\/uploads\/2026\/03\/652816033_1448340857089582_7761287315613994552_n-768x576.jpg 768w, https:\/\/dorogimedence.hu\/wp-content\/uploads\/2026\/03\/652816033_1448340857089582_7761287315613994552_n-150x113.jpg 150w, https:\/\/dorogimedence.hu\/wp-content\/uploads\/2026\/03\/652816033_1448340857089582_7761287315613994552_n-450x338.jpg 450w, https:\/\/dorogimedence.hu\/wp-content\/uploads\/2026\/03\/652816033_1448340857089582_7761287315613994552_n-1200x900.jpg 1200w\" sizes=\"(max-width: 1280px) 100vw, 1280px\" \/><\/p>\n<p><em>Fot\u00f3k, forr\u00e1s: Piliscs\u00e9vi \u00c1ltal\u00e1nos Iskola Facebook-oldal<\/em><\/p>\n","protected":false},"excerpt":{"rendered":"<p>Kiemelked\u0151 eredm\u00e9nyeket \u00e9rtek el a Piliscs\u00e9vi \u00c1ltal\u00e1nos Iskola di\u00e1kjai a 2026. m\u00e1rcius 14-\u00e9n megrendezett WA Terem\u00edj\u00e1sz Orsz\u00e1gos Bajnoks\u00e1gon. A fiatal tehets\u00e9gek t\u00f6bb dobog\u00f3s helyez\u00e9st is szereztek, k\u00f6zt\u00fck t\u00f6bb orsz\u00e1gos bajnoki c\u00edmet is hazahoztak. T\u00f6bb arany\u00e9rem is sz\u00fcletett A piliscs\u00e9vi tanul\u00f3k remek form\u00e1ban versenyeztek, \u00e9s az al\u00e1bbi eredm\u00e9nyeket \u00e9rt\u00e9k el: Urszuly D\u00e1niel (HU\/U13) \u2013 I. hely,<\/p>\n","protected":false},"author":1,"featured_media":78720,"comment_status":"closed","ping_status":"closed","sticky":false,"template":"","format":"standard","meta":{"ngg_post_thumbnail":0,"footnotes":""},"categories":[3,11,5],"tags":[233,91,16],"class_list":{"0":"post-78716","1":"post","2":"type-post","3":"status-publish","4":"format-standard","5":"has-post-thumbnail","7":"category-hirek","8":"category-piliscsev","9":"category-sport","10":"tag-ijaszat","11":"tag-piliscsev","12":"tag-sport"},"yoast_head":"<!-- This site is optimized with the Yoast SEO plugin v27.5 - https:\/\/yoast.com\/product\/yoast-seo-wordpress\/ -->\n<title>Taroltak a piliscs\u00e9vi \u00edj\u00e1szok az orsz\u00e1gos bajnoks\u00e1gon<\/title>\n<meta name=\"robots\" content=\"index, follow, max-snippet:-1, max-image-preview:large, max-video-preview:-1\" \/>\n<link rel=\"canonical\" href=\"https:\/\/dorogimedence.hu\/index.php\/2026\/03\/20\/taroltak-a-piliscsevi-ijaszok-az-orszagos-bajnoksagon\/\" class=\"yoast-seo-meta-tag\" \/>\n<meta property=\"og:locale\" content=\"hu_HU\" class=\"yoast-seo-meta-tag\" \/>\n<meta property=\"og:type\" content=\"article\" class=\"yoast-seo-meta-tag\" \/>\n<meta property=\"og:title\" content=\"Taroltak a piliscs\u00e9vi \u00edj\u00e1szok az orsz\u00e1gos bajnoks\u00e1gon\" class=\"yoast-seo-meta-tag\" \/>\n<meta property=\"og:description\" content=\"Kiemelked\u0151 eredm\u00e9nyeket \u00e9rtek el a Piliscs\u00e9vi \u00c1ltal\u00e1nos Iskola di\u00e1kjai a 2026. m\u00e1rcius 14-\u00e9n megrendezett WA Terem\u00edj\u00e1sz Orsz\u00e1gos Bajnoks\u00e1gon. A fiatal tehets\u00e9gek t\u00f6bb dobog\u00f3s helyez\u00e9st is szereztek, k\u00f6zt\u00fck t\u00f6bb orsz\u00e1gos bajnoki c\u00edmet is hazahoztak. T\u00f6bb arany\u00e9rem is sz\u00fcletett A piliscs\u00e9vi tanul\u00f3k remek form\u00e1ban versenyeztek, \u00e9s az al\u00e1bbi eredm\u00e9nyeket \u00e9rt\u00e9k el: Urszuly D\u00e1niel (HU\/U13) \u2013 I. hely,\" class=\"yoast-seo-meta-tag\" \/>\n<meta property=\"og:url\" content=\"https:\/\/dorogimedence.hu\/index.php\/2026\/03\/20\/taroltak-a-piliscsevi-ijaszok-az-orszagos-bajnoksagon\/\" class=\"yoast-seo-meta-tag\" \/>\n<meta property=\"og:site_name\" content=\"Dorogi-medence Region\u00e1lis H\u00edrport\u00e1l\" class=\"yoast-seo-meta-tag\" \/>\n<meta property=\"article:publisher\" content=\"https:\/\/www.facebook.com\/dorogimedence\/\" class=\"yoast-seo-meta-tag\" \/>\n<meta property=\"article:published_time\" content=\"2026-03-20T09:02:45+00:00\" class=\"yoast-seo-meta-tag\" \/>\n<meta property=\"og:image\" content=\"https:\/\/dorogimedence.hu\/wp-content\/uploads\/2026\/03\/ijaszat.jpg\" class=\"yoast-seo-meta-tag\" \/>\n\t<meta property=\"og:image:width\" content=\"1920\" class=\"yoast-seo-meta-tag\" \/>\n\t<meta property=\"og:image:height\" content=\"970\" class=\"yoast-seo-meta-tag\" \/>\n\t<meta property=\"og:image:type\" content=\"image\/jpeg\" class=\"yoast-seo-meta-tag\" \/>\n<meta name=\"author\" content=\"dorogimedence.hu\" class=\"yoast-seo-meta-tag\" \/>\n<meta name=\"twitter:card\" content=\"summary_large_image\" class=\"yoast-seo-meta-tag\" \/>\n<meta name=\"twitter:label1\" content=\"Szerz\u0151:\" class=\"yoast-seo-meta-tag\" \/>\n\t<meta name=\"twitter:data1\" content=\"dorogimedence.hu\" class=\"yoast-seo-meta-tag\" \/>\n\t<meta name=\"twitter:label2\" content=\"Becs\u00fclt olvas\u00e1si id\u0151\" class=\"yoast-seo-meta-tag\" \/>\n\t<meta name=\"twitter:data2\" content=\"2 perc\" class=\"yoast-seo-meta-tag\" \/>\n<script type=\"application\/ld+json\" class=\"yoast-schema-graph\">{\"@context\":\"https:\\\/\\\/schema.org\",\"@graph\":[{\"@type\":\"Article\",\"@id\":\"https:\\\/\\\/dorogimedence.hu\\\/index.php\\\/2026\\\/03\\\/20\\\/taroltak-a-piliscsevi-ijaszok-az-orszagos-bajnoksagon\\\/#article\",\"isPartOf\":{\"@id\":\"https:\\\/\\\/dorogimedence.hu\\\/index.php\\\/2026\\\/03\\\/20\\\/taroltak-a-piliscsevi-ijaszok-az-orszagos-bajnoksagon\\\/\"},\"author\":{\"name\":\"dorogimedence.hu\",\"@id\":\"https:\\\/\\\/dorogimedence.hu\\\/#\\\/schema\\\/person\\\/ce6091eeb7e95ecdc87890d6aa8e0fd4\"},\"headline\":\"Taroltak a piliscs\u00e9vi \u00edj\u00e1szok az orsz\u00e1gos bajnoks\u00e1gon\",\"datePublished\":\"2026-03-20T09:02:45+00:00\",\"mainEntityOfPage\":{\"@id\":\"https:\\\/\\\/dorogimedence.hu\\\/index.php\\\/2026\\\/03\\\/20\\\/taroltak-a-piliscsevi-ijaszok-az-orszagos-bajnoksagon\\\/\"},\"wordCount\":381,\"publisher\":{\"@id\":\"https:\\\/\\\/dorogimedence.hu\\\/#organization\"},\"image\":{\"@id\":\"https:\\\/\\\/dorogimedence.hu\\\/index.php\\\/2026\\\/03\\\/20\\\/taroltak-a-piliscsevi-ijaszok-az-orszagos-bajnoksagon\\\/#primaryimage\"},\"thumbnailUrl\":\"https:\\\/\\\/dorogimedence.hu\\\/wp-content\\\/uploads\\\/2026\\\/03\\\/ijaszat.jpg\",\"keywords\":[\"\u00edj\u00e1szat\",\"Piliscs\u00e9v\",\"sport\"],\"articleSection\":[\"H\u00edrek\",\"Piliscs\u00e9v\",\"Sport\"],\"inLanguage\":\"hu\"},{\"@type\":\"WebPage\",\"@id\":\"https:\\\/\\\/dorogimedence.hu\\\/index.php\\\/2026\\\/03\\\/20\\\/taroltak-a-piliscsevi-ijaszok-az-orszagos-bajnoksagon\\\/\",\"url\":\"https:\\\/\\\/dorogimedence.hu\\\/index.php\\\/2026\\\/03\\\/20\\\/taroltak-a-piliscsevi-ijaszok-az-orszagos-bajnoksagon\\\/\",\"name\":\"Taroltak a piliscs\u00e9vi \u00edj\u00e1szok az orsz\u00e1gos bajnoks\u00e1gon\",\"isPartOf\":{\"@id\":\"https:\\\/\\\/dorogimedence.hu\\\/#website\"},\"primaryImageOfPage\":{\"@id\":\"https:\\\/\\\/dorogimedence.hu\\\/index.php\\\/2026\\\/03\\\/20\\\/taroltak-a-piliscsevi-ijaszok-az-orszagos-bajnoksagon\\\/#primaryimage\"},\"image\":{\"@id\":\"https:\\\/\\\/dorogimedence.hu\\\/index.php\\\/2026\\\/03\\\/20\\\/taroltak-a-piliscsevi-ijaszok-az-orszagos-bajnoksagon\\\/#primaryimage\"},\"thumbnailUrl\":\"https:\\\/\\\/dorogimedence.hu\\\/wp-content\\\/uploads\\\/2026\\\/03\\\/ijaszat.jpg\",\"datePublished\":\"2026-03-20T09:02:45+00:00\",\"breadcrumb\":{\"@id\":\"https:\\\/\\\/dorogimedence.hu\\\/index.php\\\/2026\\\/03\\\/20\\\/taroltak-a-piliscsevi-ijaszok-az-orszagos-bajnoksagon\\\/#breadcrumb\"},\"inLanguage\":\"hu\",\"potentialAction\":[{\"@type\":\"ReadAction\",\"target\":[\"https:\\\/\\\/dorogimedence.hu\\\/index.php\\\/2026\\\/03\\\/20\\\/taroltak-a-piliscsevi-ijaszok-az-orszagos-bajnoksagon\\\/\"]}]},{\"@type\":\"ImageObject\",\"inLanguage\":\"hu\",\"@id\":\"https:\\\/\\\/dorogimedence.hu\\\/index.php\\\/2026\\\/03\\\/20\\\/taroltak-a-piliscsevi-ijaszok-az-orszagos-bajnoksagon\\\/#primaryimage\",\"url\":\"https:\\\/\\\/dorogimedence.hu\\\/wp-content\\\/uploads\\\/2026\\\/03\\\/ijaszat.jpg\",\"contentUrl\":\"https:\\\/\\\/dorogimedence.hu\\\/wp-content\\\/uploads\\\/2026\\\/03\\\/ijaszat.jpg\",\"width\":1920,\"height\":970},{\"@type\":\"BreadcrumbList\",\"@id\":\"https:\\\/\\\/dorogimedence.hu\\\/index.php\\\/2026\\\/03\\\/20\\\/taroltak-a-piliscsevi-ijaszok-az-orszagos-bajnoksagon\\\/#breadcrumb\",\"itemListElement\":[{\"@type\":\"ListItem\",\"position\":1,\"name\":\"Kezd\u0151lap\",\"item\":\"https:\\\/\\\/dorogimedence.hu\\\/\"},{\"@type\":\"ListItem\",\"position\":2,\"name\":\"Taroltak a piliscs\u00e9vi \u00edj\u00e1szok az orsz\u00e1gos bajnoks\u00e1gon\"}]},{\"@type\":\"WebSite\",\"@id\":\"https:\\\/\\\/dorogimedence.hu\\\/#website\",\"url\":\"https:\\\/\\\/dorogimedence.hu\\\/\",\"name\":\"Dorogi-medence Region\u00e1lis H\u00edrport\u00e1l\",\"description\":\"Dorog, Keszt\u00f6lc, Le\u00e1nyv\u00e1r, Piliscs\u00e9v, Tokod, Tokodalt\u00e1r\u00f3, Csolnok, Esztergom-kertv\u00e1ros: h\u00edrek, programok\",\"publisher\":{\"@id\":\"https:\\\/\\\/dorogimedence.hu\\\/#organization\"},\"potentialAction\":[{\"@type\":\"SearchAction\",\"target\":{\"@type\":\"EntryPoint\",\"urlTemplate\":\"https:\\\/\\\/dorogimedence.hu\\\/?s={search_term_string}\"},\"query-input\":{\"@type\":\"PropertyValueSpecification\",\"valueRequired\":true,\"valueName\":\"search_term_string\"}}],\"inLanguage\":\"hu\"},{\"@type\":\"Organization\",\"@id\":\"https:\\\/\\\/dorogimedence.hu\\\/#organization\",\"name\":\"Dorogi-medence Region\u00e1lis H\u00edrport\u00e1l\",\"url\":\"https:\\\/\\\/dorogimedence.hu\\\/\",\"logo\":{\"@type\":\"ImageObject\",\"inLanguage\":\"hu\",\"@id\":\"https:\\\/\\\/dorogimedence.hu\\\/#\\\/schema\\\/logo\\\/image\\\/\",\"url\":\"https:\\\/\\\/dorogimedence.hu\\\/wp-content\\\/uploads\\\/2021\\\/04\\\/logo-feher-600.png\",\"contentUrl\":\"https:\\\/\\\/dorogimedence.hu\\\/wp-content\\\/uploads\\\/2021\\\/04\\\/logo-feher-600.png\",\"width\":600,\"height\":100,\"caption\":\"Dorogi-medence Region\u00e1lis H\u00edrport\u00e1l\"},\"image\":{\"@id\":\"https:\\\/\\\/dorogimedence.hu\\\/#\\\/schema\\\/logo\\\/image\\\/\"},\"sameAs\":[\"https:\\\/\\\/www.facebook.com\\\/dorogimedence\\\/\"]},{\"@type\":\"Person\",\"@id\":\"https:\\\/\\\/dorogimedence.hu\\\/#\\\/schema\\\/person\\\/ce6091eeb7e95ecdc87890d6aa8e0fd4\",\"name\":\"dorogimedence.hu\",\"image\":{\"@type\":\"ImageObject\",\"inLanguage\":\"hu\",\"@id\":\"\\\/\\\/www.gravatar.com\\\/avatar\\\/d8d45f8901aadff40a4af72c0b826f1d?s=96&#038;r=g&#038;d=mm\",\"url\":\"\\\/\\\/www.gravatar.com\\\/avatar\\\/d8d45f8901aadff40a4af72c0b826f1d?s=96&#038;r=g&#038;d=mm\",\"contentUrl\":\"\\\/\\\/www.gravatar.com\\\/avatar\\\/d8d45f8901aadff40a4af72c0b826f1d?s=96&#038;r=g&#038;d=mm\",\"caption\":\"dorogimedence.hu\"}}]}<\/script>\n<!-- \/ Yoast SEO plugin. -->","yoast_head_json":{"title":"Taroltak a piliscs\u00e9vi \u00edj\u00e1szok az orsz\u00e1gos bajnoks\u00e1gon","robots":{"index":"index","follow":"follow","max-snippet":"max-snippet:-1","max-image-preview":"max-image-preview:large","max-video-preview":"max-video-preview:-1"},"canonical":"https:\/\/dorogimedence.hu\/index.php\/2026\/03\/20\/taroltak-a-piliscsevi-ijaszok-az-orszagos-bajnoksagon\/","og_locale":"hu_HU","og_type":"article","og_title":"Taroltak a piliscs\u00e9vi \u00edj\u00e1szok az orsz\u00e1gos bajnoks\u00e1gon","og_description":"Kiemelked\u0151 eredm\u00e9nyeket \u00e9rtek el a Piliscs\u00e9vi \u00c1ltal\u00e1nos Iskola di\u00e1kjai a 2026. m\u00e1rcius 14-\u00e9n megrendezett WA Terem\u00edj\u00e1sz Orsz\u00e1gos Bajnoks\u00e1gon. A fiatal tehets\u00e9gek t\u00f6bb dobog\u00f3s helyez\u00e9st is szereztek, k\u00f6zt\u00fck t\u00f6bb orsz\u00e1gos bajnoki c\u00edmet is hazahoztak. T\u00f6bb arany\u00e9rem is sz\u00fcletett A piliscs\u00e9vi tanul\u00f3k remek form\u00e1ban versenyeztek, \u00e9s az al\u00e1bbi eredm\u00e9nyeket \u00e9rt\u00e9k el: Urszuly D\u00e1niel (HU\/U13) \u2013 I. hely,","og_url":"https:\/\/dorogimedence.hu\/index.php\/2026\/03\/20\/taroltak-a-piliscsevi-ijaszok-az-orszagos-bajnoksagon\/","og_site_name":"Dorogi-medence Region\u00e1lis H\u00edrport\u00e1l","article_publisher":"https:\/\/www.facebook.com\/dorogimedence\/","article_published_time":"2026-03-20T09:02:45+00:00","og_image":[{"width":1920,"height":970,"url":"https:\/\/dorogimedence.hu\/wp-content\/uploads\/2026\/03\/ijaszat.jpg","type":"image\/jpeg"}],"author":"dorogimedence.hu","twitter_card":"summary_large_image","twitter_misc":{"Szerz\u0151:":"dorogimedence.hu","Becs\u00fclt olvas\u00e1si id\u0151":"2 perc"},"schema":{"@context":"https:\/\/schema.org","@graph":[{"@type":"Article","@id":"https:\/\/dorogimedence.hu\/index.php\/2026\/03\/20\/taroltak-a-piliscsevi-ijaszok-az-orszagos-bajnoksagon\/#article","isPartOf":{"@id":"https:\/\/dorogimedence.hu\/index.php\/2026\/03\/20\/taroltak-a-piliscsevi-ijaszok-az-orszagos-bajnoksagon\/"},"author":{"name":"dorogimedence.hu","@id":"https:\/\/dorogimedence.hu\/#\/schema\/person\/ce6091eeb7e95ecdc87890d6aa8e0fd4"},"headline":"Taroltak a piliscs\u00e9vi \u00edj\u00e1szok az orsz\u00e1gos bajnoks\u00e1gon","datePublished":"2026-03-20T09:02:45+00:00","mainEntityOfPage":{"@id":"https:\/\/dorogimedence.hu\/index.php\/2026\/03\/20\/taroltak-a-piliscsevi-ijaszok-az-orszagos-bajnoksagon\/"},"wordCount":381,"publisher":{"@id":"https:\/\/dorogimedence.hu\/#organization"},"image":{"@id":"https:\/\/dorogimedence.hu\/index.php\/2026\/03\/20\/taroltak-a-piliscsevi-ijaszok-az-orszagos-bajnoksagon\/#primaryimage"},"thumbnailUrl":"https:\/\/dorogimedence.hu\/wp-content\/uploads\/2026\/03\/ijaszat.jpg","keywords":["\u00edj\u00e1szat","Piliscs\u00e9v","sport"],"articleSection":["H\u00edrek","Piliscs\u00e9v","Sport"],"inLanguage":"hu"},{"@type":"WebPage","@id":"https:\/\/dorogimedence.hu\/index.php\/2026\/03\/20\/taroltak-a-piliscsevi-ijaszok-az-orszagos-bajnoksagon\/","url":"https:\/\/dorogimedence.hu\/index.php\/2026\/03\/20\/taroltak-a-piliscsevi-ijaszok-az-orszagos-bajnoksagon\/","name":"Taroltak a piliscs\u00e9vi \u00edj\u00e1szok az orsz\u00e1gos bajnoks\u00e1gon","isPartOf":{"@id":"https:\/\/dorogimedence.hu\/#website"},"primaryImageOfPage":{"@id":"https:\/\/dorogimedence.hu\/index.php\/2026\/03\/20\/taroltak-a-piliscsevi-ijaszok-az-orszagos-bajnoksagon\/#primaryimage"},"image":{"@id":"https:\/\/dorogimedence.hu\/index.php\/2026\/03\/20\/taroltak-a-piliscsevi-ijaszok-az-orszagos-bajnoksagon\/#primaryimage"},"thumbnailUrl":"https:\/\/dorogimedence.hu\/wp-content\/uploads\/2026\/03\/ijaszat.jpg","datePublished":"2026-03-20T09:02:45+00:00","breadcrumb":{"@id":"https:\/\/dorogimedence.hu\/index.php\/2026\/03\/20\/taroltak-a-piliscsevi-ijaszok-az-orszagos-bajnoksagon\/#breadcrumb"},"inLanguage":"hu","potentialAction":[{"@type":"ReadAction","target":["https:\/\/dorogimedence.hu\/index.php\/2026\/03\/20\/taroltak-a-piliscsevi-ijaszok-az-orszagos-bajnoksagon\/"]}]},{"@type":"ImageObject","inLanguage":"hu","@id":"https:\/\/dorogimedence.hu\/index.php\/2026\/03\/20\/taroltak-a-piliscsevi-ijaszok-az-orszagos-bajnoksagon\/#primaryimage","url":"https:\/\/dorogimedence.hu\/wp-content\/uploads\/2026\/03\/ijaszat.jpg","contentUrl":"https:\/\/dorogimedence.hu\/wp-content\/uploads\/2026\/03\/ijaszat.jpg","width":1920,"height":970},{"@type":"BreadcrumbList","@id":"https:\/\/dorogimedence.hu\/index.php\/2026\/03\/20\/taroltak-a-piliscsevi-ijaszok-az-orszagos-bajnoksagon\/#breadcrumb","itemListElement":[{"@type":"ListItem","position":1,"name":"Kezd\u0151lap","item":"https:\/\/dorogimedence.hu\/"},{"@type":"ListItem","position":2,"name":"Taroltak a piliscs\u00e9vi \u00edj\u00e1szok az orsz\u00e1gos bajnoks\u00e1gon"}]},{"@type":"WebSite","@id":"https:\/\/dorogimedence.hu\/#website","url":"https:\/\/dorogimedence.hu\/","name":"Dorogi-medence Region\u00e1lis H\u00edrport\u00e1l","description":"Dorog, Keszt\u00f6lc, Le\u00e1nyv\u00e1r, Piliscs\u00e9v, Tokod, Tokodalt\u00e1r\u00f3, Csolnok, Esztergom-kertv\u00e1ros: h\u00edrek, programok","publisher":{"@id":"https:\/\/dorogimedence.hu\/#organization"},"potentialAction":[{"@type":"SearchAction","target":{"@type":"EntryPoint","urlTemplate":"https:\/\/dorogimedence.hu\/?s={search_term_string}"},"query-input":{"@type":"PropertyValueSpecification","valueRequired":true,"valueName":"search_term_string"}}],"inLanguage":"hu"},{"@type":"Organization","@id":"https:\/\/dorogimedence.hu\/#organization","name":"Dorogi-medence Region\u00e1lis H\u00edrport\u00e1l","url":"https:\/\/dorogimedence.hu\/","logo":{"@type":"ImageObject","inLanguage":"hu","@id":"https:\/\/dorogimedence.hu\/#\/schema\/logo\/image\/","url":"https:\/\/dorogimedence.hu\/wp-content\/uploads\/2021\/04\/logo-feher-600.png","contentUrl":"https:\/\/dorogimedence.hu\/wp-content\/uploads\/2021\/04\/logo-feher-600.png","width":600,"height":100,"caption":"Dorogi-medence Region\u00e1lis H\u00edrport\u00e1l"},"image":{"@id":"https:\/\/dorogimedence.hu\/#\/schema\/logo\/image\/"},"sameAs":["https:\/\/www.facebook.com\/dorogimedence\/"]},{"@type":"Person","@id":"https:\/\/dorogimedence.hu\/#\/schema\/person\/ce6091eeb7e95ecdc87890d6aa8e0fd4","name":"dorogimedence.hu","image":{"@type":"ImageObject","inLanguage":"hu","@id":"\/\/www.gravatar.com\/avatar\/d8d45f8901aadff40a4af72c0b826f1d?s=96&#038;r=g&#038;d=mm","url":"\/\/www.gravatar.com\/avatar\/d8d45f8901aadff40a4af72c0b826f1d?s=96&#038;r=g&#038;d=mm","contentUrl":"\/\/www.gravatar.com\/avatar\/d8d45f8901aadff40a4af72c0b826f1d?s=96&#038;r=g&#038;d=mm","caption":"dorogimedence.hu"}}]}},"_links":{"self":[{"href":"https:\/\/dorogimedence.hu\/index.php\/wp-json\/wp\/v2\/posts\/78716","targetHints":{"allow":["GET"]}}],"collection":[{"href":"https:\/\/dorogimedence.hu\/index.php\/wp-json\/wp\/v2\/posts"}],"about":[{"href":"https:\/\/dorogimedence.hu\/index.php\/wp-json\/wp\/v2\/types\/post"}],"author":[{"embeddable":true,"href":"https:\/\/dorogimedence.hu\/index.php\/wp-json\/wp\/v2\/users\/1"}],"replies":[{"embeddable":true,"href":"https:\/\/dorogimedence.hu\/index.php\/wp-json\/wp\/v2\/comments?post=78716"}],"version-history":[{"count":1,"href":"https:\/\/dorogimedence.hu\/index.php\/wp-json\/wp\/v2\/posts\/78716\/revisions"}],"predecessor-version":[{"id":78721,"href":"https:\/\/dorogimedence.hu\/index.php\/wp-json\/wp\/v2\/posts\/78716\/revisions\/78721"}],"wp:featuredmedia":[{"embeddable":true,"href":"https:\/\/dorogimedence.hu\/index.php\/wp-json\/wp\/v2\/media\/78720"}],"wp:attachment":[{"href":"https:\/\/dorogimedence.hu\/index.php\/wp-json\/wp\/v2\/media?parent=78716"}],"wp:term":[{"taxonomy":"category","embeddable":true,"href":"https:\/\/dorogimedence.hu\/index.php\/wp-json\/wp\/v2\/categories?post=78716"},{"taxonomy":"post_tag","embeddable":true,"href":"https:\/\/dorogimedence.hu\/index.php\/wp-json\/wp\/v2\/tags?post=78716"}],"curies":[{"name":"wp","href":"https:\/\/api.w.org\/{rel}","templated":true}]}}