{"id":78703,"date":"2026-03-19T15:35:06","date_gmt":"2026-03-19T14:35:06","guid":{"rendered":"https:\/\/dorogimedence.hu\/?p=78703"},"modified":"2026-03-19T15:35:06","modified_gmt":"2026-03-19T14:35:06","slug":"magyar-hal-napja-az-esztergomi-piacon","status":"publish","type":"post","link":"https:\/\/dorogimedence.hu\/index.php\/2026\/03\/19\/magyar-hal-napja-az-esztergomi-piacon\/","title":{"rendered":"Magyar Hal Napja az Esztergomi Piacon"},"content":{"rendered":"<p><strong>M\u00e1rcius 21-\u00e9n, szombaton 9 \u00e9s 13 \u00f3ra k\u00f6z\u00f6tt ism\u00e9t k\u00fcl\u00f6nleges programmal v\u00e1rja a l\u00e1togat\u00f3kat az Esztergomi Piac: a Magyar Hal Napja alkalm\u00e1b\u00f3l gasztro\u00e9lm\u00e9nyek, csal\u00e1di programok \u00e9s ismeretterjeszt\u0151 bemutat\u00f3k sz\u00ednes\u00edtik a k\u00edn\u00e1latot.<\/strong><\/p>\n<p>A rendezv\u00e9ny a Halak Napja \u00e9s a V\u00edz Vil\u00e1gnapja aprop\u00f3j\u00e1n nemcsak a finom \u00e9telekr\u0151l, hanem a hazai vizek \u00e9l\u0151vil\u00e1g\u00e1r\u00f3l is sz\u00f3l. A szervez\u0151k c\u00e9lja, hogy k\u00f6zelebb hozz\u00e1k a l\u00e1togat\u00f3khoz a Dun\u00e1t, valamint a benne \u00e9l\u0151 halfajokat \u00e9s az \u00f6kosziszt\u00e9ma m\u0171k\u00f6d\u00e9s\u00e9t.<\/p>\n<h3>Gasztrokavalk\u00e1d a piacon<\/h3>\n<p>A Piaci R\u00e9s \u00c9tkezde v\u00e1ltozatos hal\u00e9telekkel k\u00e9sz\u00fcl:<\/p>\n<ul>\n<li>harcsapaprik\u00e1s t\u00far\u00f3s csusz\u00e1val<\/li>\n<li>r\u00e1ntott sz\u00fcrkeharcsafil\u00e9 majon\u00e9zes burgony\u00e1val<\/li>\n<li>eg\u00e9szben s\u00fclt s\u00fcll\u0151 baconos ceruzababbal<\/li>\n<li>paprik\u00e1s lisztben s\u00fclt keszeg kov\u00e1szos keny\u00e9rrel \u00e9s savany\u00fas\u00e1ggal<\/li>\n<li>fish and chips h\u00e1zi remoulade m\u00e1rt\u00e1ssal<\/li>\n<\/ul>\n<p>A PG\u2019s L\u00e1ngos k\u00edn\u00e1lat\u00e1ban hekk is szerepel, has\u00e1bburgony\u00e1val vagy keny\u00e9rrel, kov\u00e1szos ubork\u00e1val, m\u00edg a Galagonya tanya k\u00fcl\u00f6nleges kr\u00e9msajttal \u00e9rkezik, amely kecsketejb\u0151l, f\u00fcst\u00f6lt hallal \u00e9s medvehagym\u00e1val k\u00e9sz\u00fcl.<\/p>\n<p><img fetchpriority=\"high\" decoding=\"async\" class=\"alignnone size-full wp-image-78705\" src=\"https:\/\/dorogimedence.hu\/wp-content\/uploads\/2026\/03\/652321553_910354745117113_7664774513712846764_n.jpg\" alt=\"\" width=\"2048\" height=\"1366\" srcset=\"https:\/\/dorogimedence.hu\/wp-content\/uploads\/2026\/03\/652321553_910354745117113_7664774513712846764_n.jpg 2048w, https:\/\/dorogimedence.hu\/wp-content\/uploads\/2026\/03\/652321553_910354745117113_7664774513712846764_n-600x400.jpg 600w, https:\/\/dorogimedence.hu\/wp-content\/uploads\/2026\/03\/652321553_910354745117113_7664774513712846764_n-1920x1281.jpg 1920w, https:\/\/dorogimedence.hu\/wp-content\/uploads\/2026\/03\/652321553_910354745117113_7664774513712846764_n-768x512.jpg 768w, https:\/\/dorogimedence.hu\/wp-content\/uploads\/2026\/03\/652321553_910354745117113_7664774513712846764_n-1536x1025.jpg 1536w, https:\/\/dorogimedence.hu\/wp-content\/uploads\/2026\/03\/652321553_910354745117113_7664774513712846764_n-150x100.jpg 150w, https:\/\/dorogimedence.hu\/wp-content\/uploads\/2026\/03\/652321553_910354745117113_7664774513712846764_n-450x300.jpg 450w, https:\/\/dorogimedence.hu\/wp-content\/uploads\/2026\/03\/652321553_910354745117113_7664774513712846764_n-1200x800.jpg 1200w, https:\/\/dorogimedence.hu\/wp-content\/uploads\/2026\/03\/652321553_910354745117113_7664774513712846764_n-272x182.jpg 272w\" sizes=\"(max-width: 2048px) 100vw, 2048px\" \/><\/p>\n<h3>\u00c9lm\u00e9nyek kicsiknek \u00e9s nagyoknak<\/h3>\n<p>A csal\u00e1di programok k\u00f6z\u00f6tt minden koroszt\u00e1ly tal\u00e1lhat kedv\u00e9re val\u00f3t. A Vasas Horg\u00e1sz Egyes\u00fclet j\u00f3volt\u00e1b\u00f3l a l\u00e1togat\u00f3k megismerhetik a Duna halait, a halbiol\u00f3gia alapjait \u00e9s a horg\u00e1szat rejtelmeit, s\u0151t halfelismer\u00e9s \u00e9s \u00e9l\u0151halsimogat\u00f3 is v\u00e1rja az \u00e9rdekl\u0151d\u0151ket.<\/p>\n<p>A Duna M\u00fazeum interakt\u00edv j\u00e1t\u00e9kokkal k\u00e9sz\u00fcl: \u00f3ri\u00e1spuzzle, horg\u00e1sz j\u00e1t\u00e9kok, kockaforgat\u00f3, korongos p\u00e1ros\u00edt\u00f3 \u00e9s v\u00edzi \u00e9l\u0151l\u00e9nyeket bemutat\u00f3 install\u00e1ci\u00f3k is helyet kapnak. A gyerekek m\u00e9g \u201eSanyi, a n\u00e1difarkas\u201d figur\u00e1val is tal\u00e1lkozhatnak.<\/p>\n<p>9 \u00e9s 11 \u00f3ra k\u00f6z\u00f6tt a 14. sz\u00e1m\u00fa Holl\u00f3 Cserk\u00e9szcsapat v\u00edzicserk\u00e9sz \u00fcgyess\u00e9gi feladatokkal v\u00e1rja a v\u00e1llalkoz\u00f3 kedv\u0171eket: csom\u00f3z\u00e1s, haj\u00f3t\u00edpus-felismer\u00e9s, kv\u00edz \u00e9s horgonydob\u00e1s is szerepel a programban.<\/p>\n<p><img decoding=\"async\" class=\"alignnone size-full wp-image-78706\" src=\"https:\/\/dorogimedence.hu\/wp-content\/uploads\/2026\/03\/kep-03.jpg\" alt=\"\" width=\"2048\" height=\"1366\" srcset=\"https:\/\/dorogimedence.hu\/wp-content\/uploads\/2026\/03\/kep-03.jpg 2048w, https:\/\/dorogimedence.hu\/wp-content\/uploads\/2026\/03\/kep-03-600x400.jpg 600w, https:\/\/dorogimedence.hu\/wp-content\/uploads\/2026\/03\/kep-03-1920x1281.jpg 1920w, https:\/\/dorogimedence.hu\/wp-content\/uploads\/2026\/03\/kep-03-768x512.jpg 768w, https:\/\/dorogimedence.hu\/wp-content\/uploads\/2026\/03\/kep-03-1536x1025.jpg 1536w, https:\/\/dorogimedence.hu\/wp-content\/uploads\/2026\/03\/kep-03-150x100.jpg 150w, https:\/\/dorogimedence.hu\/wp-content\/uploads\/2026\/03\/kep-03-450x300.jpg 450w, https:\/\/dorogimedence.hu\/wp-content\/uploads\/2026\/03\/kep-03-1200x800.jpg 1200w, https:\/\/dorogimedence.hu\/wp-content\/uploads\/2026\/03\/kep-03-272x182.jpg 272w\" sizes=\"(max-width: 2048px) 100vw, 2048px\" \/><\/p>\n<h3>K\u00f6z\u00f6ss\u00e9gi \u00e9lm\u00e9ny a tavasz jegy\u00e9ben<\/h3>\n<p>A csillag\u00e1szati t\u00e9l lez\u00e1r\u00e1s\u00e1val a hazai halak \u00edv\u00e1si id\u0151szaka is megkezd\u0151dik, amely kulcsszerepet j\u00e1tszik a v\u00edzi \u00e9l\u0151vil\u00e1g egyens\u00faly\u00e1ban. A rendezv\u00e9ny \u00edgy nemcsak gasztron\u00f3miai \u00e9lm\u00e9nyt, hanem hasznos tud\u00e1st is k\u00edn\u00e1l.<\/p>\n<p>A szervez\u0151k mindenkit arra biztatnak, hogy l\u00e1togasson ki a piacra, k\u00f3stolja meg a halas k\u00fcl\u00f6nlegess\u00e9geket, \u00e9s fedezze fel a v\u00edzi vil\u00e1g \u00e9rdekess\u00e9geit.<\/p>\n<p>\u00cdz, \u00e9lm\u00e9ny, k\u00f6z\u00f6ss\u00e9g \u2013 szombaton tal\u00e1lkozzunk az esztergomi piacon!<\/p>\n<p>Tov\u00e1bbi r\u00e9szletek az <a href=\"https:\/\/www.facebook.com\/esztergomipiac\/\" target=\"_blank\" rel=\"noopener\"><span style=\"text-decoration: underline; color: #0000ff;\">Esztergomi Piac oldal\u00e1n<\/span><\/a>, illetve a <a href=\"https:\/\/www.facebook.com\/events\/1237225241158619\/\" target=\"_blank\" rel=\"noopener\"><span style=\"text-decoration: underline; color: #0000ff;\">Facebook-esem\u00e9nyben<\/span><\/a> tal\u00e1lhat\u00f3k!<\/p>\n<p><em>Fot\u00f3k: Esztergomi Piac Facebook-oldal (kor\u00e1bbi esem\u00e9nyen k\u00e9sz\u00fcltek)<\/em><\/p>\n","protected":false},"excerpt":{"rendered":"<p>M\u00e1rcius 21-\u00e9n, szombaton 9 \u00e9s 13 \u00f3ra k\u00f6z\u00f6tt ism\u00e9t k\u00fcl\u00f6nleges programmal v\u00e1rja a l\u00e1togat\u00f3kat az Esztergomi Piac: a Magyar Hal Napja alkalm\u00e1b\u00f3l gasztro\u00e9lm\u00e9nyek, csal\u00e1di programok \u00e9s ismeretterjeszt\u0151 bemutat\u00f3k sz\u00ednes\u00edtik a k\u00edn\u00e1latot. A rendezv\u00e9ny a Halak Napja \u00e9s a V\u00edz Vil\u00e1gnapja aprop\u00f3j\u00e1n nemcsak a finom \u00e9telekr\u0151l, hanem a hazai vizek \u00e9l\u0151vil\u00e1g\u00e1r\u00f3l is sz\u00f3l. A szervez\u0151k c\u00e9lja,<\/p>\n","protected":false},"author":1,"featured_media":78704,"comment_status":"closed","ping_status":"closed","sticky":false,"template":"","format":"standard","meta":{"ngg_post_thumbnail":0,"footnotes":""},"categories":[38,3,3561],"tags":[6072,8793,101,116],"class_list":{"0":"post-78703","1":"post","2":"type-post","3":"status-publish","4":"format-standard","5":"has-post-thumbnail","7":"category-esztergom","8":"category-hirek","9":"category-programok","10":"tag-esztergomi-piac","11":"tag-magyar-hal-napja","12":"tag-program","13":"tag-programok"},"yoast_head":"<!-- This site is optimized with the Yoast SEO plugin v27.5 - https:\/\/yoast.com\/product\/yoast-seo-wordpress\/ -->\n<title>Magyar Hal Napja az Esztergomi Piacon<\/title>\n<meta name=\"robots\" content=\"index, follow, max-snippet:-1, max-image-preview:large, max-video-preview:-1\" \/>\n<link rel=\"canonical\" href=\"https:\/\/dorogimedence.hu\/index.php\/2026\/03\/19\/magyar-hal-napja-az-esztergomi-piacon\/\" class=\"yoast-seo-meta-tag\" \/>\n<meta property=\"og:locale\" content=\"hu_HU\" class=\"yoast-seo-meta-tag\" \/>\n<meta property=\"og:type\" content=\"article\" class=\"yoast-seo-meta-tag\" \/>\n<meta property=\"og:title\" content=\"Magyar Hal Napja az Esztergomi Piacon\" class=\"yoast-seo-meta-tag\" \/>\n<meta property=\"og:description\" content=\"M\u00e1rcius 21-\u00e9n, szombaton 9 \u00e9s 13 \u00f3ra k\u00f6z\u00f6tt ism\u00e9t k\u00fcl\u00f6nleges programmal v\u00e1rja a l\u00e1togat\u00f3kat az Esztergomi Piac: a Magyar Hal Napja alkalm\u00e1b\u00f3l gasztro\u00e9lm\u00e9nyek, csal\u00e1di programok \u00e9s ismeretterjeszt\u0151 bemutat\u00f3k sz\u00ednes\u00edtik a k\u00edn\u00e1latot. A rendezv\u00e9ny a Halak Napja \u00e9s a V\u00edz Vil\u00e1gnapja aprop\u00f3j\u00e1n nemcsak a finom \u00e9telekr\u0151l, hanem a hazai vizek \u00e9l\u0151vil\u00e1g\u00e1r\u00f3l is sz\u00f3l. A szervez\u0151k c\u00e9lja,\" class=\"yoast-seo-meta-tag\" \/>\n<meta property=\"og:url\" content=\"https:\/\/dorogimedence.hu\/index.php\/2026\/03\/19\/magyar-hal-napja-az-esztergomi-piacon\/\" class=\"yoast-seo-meta-tag\" \/>\n<meta property=\"og:site_name\" content=\"Dorogi-medence Region\u00e1lis H\u00edrport\u00e1l\" class=\"yoast-seo-meta-tag\" \/>\n<meta property=\"article:publisher\" content=\"https:\/\/www.facebook.com\/dorogimedence\/\" class=\"yoast-seo-meta-tag\" \/>\n<meta property=\"article:published_time\" content=\"2026-03-19T14:35:06+00:00\" class=\"yoast-seo-meta-tag\" \/>\n<meta property=\"og:image\" content=\"https:\/\/dorogimedence.hu\/wp-content\/uploads\/2026\/03\/kep-02.jpg\" class=\"yoast-seo-meta-tag\" \/>\n\t<meta property=\"og:image:width\" content=\"2048\" class=\"yoast-seo-meta-tag\" \/>\n\t<meta property=\"og:image:height\" content=\"1366\" class=\"yoast-seo-meta-tag\" \/>\n\t<meta property=\"og:image:type\" content=\"image\/jpeg\" class=\"yoast-seo-meta-tag\" \/>\n<meta name=\"author\" content=\"dorogimedence.hu\" class=\"yoast-seo-meta-tag\" \/>\n<meta name=\"twitter:card\" content=\"summary_large_image\" class=\"yoast-seo-meta-tag\" \/>\n<meta name=\"twitter:label1\" content=\"Szerz\u0151:\" class=\"yoast-seo-meta-tag\" \/>\n\t<meta name=\"twitter:data1\" content=\"dorogimedence.hu\" class=\"yoast-seo-meta-tag\" \/>\n\t<meta name=\"twitter:label2\" content=\"Becs\u00fclt olvas\u00e1si id\u0151\" class=\"yoast-seo-meta-tag\" \/>\n\t<meta name=\"twitter:data2\" content=\"3 perc\" class=\"yoast-seo-meta-tag\" \/>\n<script type=\"application\/ld+json\" class=\"yoast-schema-graph\">{\"@context\":\"https:\\\/\\\/schema.org\",\"@graph\":[{\"@type\":\"Article\",\"@id\":\"https:\\\/\\\/dorogimedence.hu\\\/index.php\\\/2026\\\/03\\\/19\\\/magyar-hal-napja-az-esztergomi-piacon\\\/#article\",\"isPartOf\":{\"@id\":\"https:\\\/\\\/dorogimedence.hu\\\/index.php\\\/2026\\\/03\\\/19\\\/magyar-hal-napja-az-esztergomi-piacon\\\/\"},\"author\":{\"name\":\"dorogimedence.hu\",\"@id\":\"https:\\\/\\\/dorogimedence.hu\\\/#\\\/schema\\\/person\\\/ce6091eeb7e95ecdc87890d6aa8e0fd4\"},\"headline\":\"Magyar Hal Napja az Esztergomi Piacon\",\"datePublished\":\"2026-03-19T14:35:06+00:00\",\"mainEntityOfPage\":{\"@id\":\"https:\\\/\\\/dorogimedence.hu\\\/index.php\\\/2026\\\/03\\\/19\\\/magyar-hal-napja-az-esztergomi-piacon\\\/\"},\"wordCount\":509,\"publisher\":{\"@id\":\"https:\\\/\\\/dorogimedence.hu\\\/#organization\"},\"image\":{\"@id\":\"https:\\\/\\\/dorogimedence.hu\\\/index.php\\\/2026\\\/03\\\/19\\\/magyar-hal-napja-az-esztergomi-piacon\\\/#primaryimage\"},\"thumbnailUrl\":\"https:\\\/\\\/dorogimedence.hu\\\/wp-content\\\/uploads\\\/2026\\\/03\\\/kep-02.jpg\",\"keywords\":[\"esztergomi piac\",\"Magyar Hal Napja\",\"program\",\"programok\"],\"articleSection\":[\"Esztergom\",\"H\u00edrek\",\"Programok\"],\"inLanguage\":\"hu\"},{\"@type\":\"WebPage\",\"@id\":\"https:\\\/\\\/dorogimedence.hu\\\/index.php\\\/2026\\\/03\\\/19\\\/magyar-hal-napja-az-esztergomi-piacon\\\/\",\"url\":\"https:\\\/\\\/dorogimedence.hu\\\/index.php\\\/2026\\\/03\\\/19\\\/magyar-hal-napja-az-esztergomi-piacon\\\/\",\"name\":\"Magyar Hal Napja az Esztergomi Piacon\",\"isPartOf\":{\"@id\":\"https:\\\/\\\/dorogimedence.hu\\\/#website\"},\"primaryImageOfPage\":{\"@id\":\"https:\\\/\\\/dorogimedence.hu\\\/index.php\\\/2026\\\/03\\\/19\\\/magyar-hal-napja-az-esztergomi-piacon\\\/#primaryimage\"},\"image\":{\"@id\":\"https:\\\/\\\/dorogimedence.hu\\\/index.php\\\/2026\\\/03\\\/19\\\/magyar-hal-napja-az-esztergomi-piacon\\\/#primaryimage\"},\"thumbnailUrl\":\"https:\\\/\\\/dorogimedence.hu\\\/wp-content\\\/uploads\\\/2026\\\/03\\\/kep-02.jpg\",\"datePublished\":\"2026-03-19T14:35:06+00:00\",\"breadcrumb\":{\"@id\":\"https:\\\/\\\/dorogimedence.hu\\\/index.php\\\/2026\\\/03\\\/19\\\/magyar-hal-napja-az-esztergomi-piacon\\\/#breadcrumb\"},\"inLanguage\":\"hu\",\"potentialAction\":[{\"@type\":\"ReadAction\",\"target\":[\"https:\\\/\\\/dorogimedence.hu\\\/index.php\\\/2026\\\/03\\\/19\\\/magyar-hal-napja-az-esztergomi-piacon\\\/\"]}]},{\"@type\":\"ImageObject\",\"inLanguage\":\"hu\",\"@id\":\"https:\\\/\\\/dorogimedence.hu\\\/index.php\\\/2026\\\/03\\\/19\\\/magyar-hal-napja-az-esztergomi-piacon\\\/#primaryimage\",\"url\":\"https:\\\/\\\/dorogimedence.hu\\\/wp-content\\\/uploads\\\/2026\\\/03\\\/kep-02.jpg\",\"contentUrl\":\"https:\\\/\\\/dorogimedence.hu\\\/wp-content\\\/uploads\\\/2026\\\/03\\\/kep-02.jpg\",\"width\":2048,\"height\":1366},{\"@type\":\"BreadcrumbList\",\"@id\":\"https:\\\/\\\/dorogimedence.hu\\\/index.php\\\/2026\\\/03\\\/19\\\/magyar-hal-napja-az-esztergomi-piacon\\\/#breadcrumb\",\"itemListElement\":[{\"@type\":\"ListItem\",\"position\":1,\"name\":\"Kezd\u0151lap\",\"item\":\"https:\\\/\\\/dorogimedence.hu\\\/\"},{\"@type\":\"ListItem\",\"position\":2,\"name\":\"Magyar Hal Napja az Esztergomi Piacon\"}]},{\"@type\":\"WebSite\",\"@id\":\"https:\\\/\\\/dorogimedence.hu\\\/#website\",\"url\":\"https:\\\/\\\/dorogimedence.hu\\\/\",\"name\":\"Dorogi-medence Region\u00e1lis H\u00edrport\u00e1l\",\"description\":\"Dorog, Keszt\u00f6lc, Le\u00e1nyv\u00e1r, Piliscs\u00e9v, Tokod, Tokodalt\u00e1r\u00f3, Csolnok, Esztergom-kertv\u00e1ros: h\u00edrek, programok\",\"publisher\":{\"@id\":\"https:\\\/\\\/dorogimedence.hu\\\/#organization\"},\"potentialAction\":[{\"@type\":\"SearchAction\",\"target\":{\"@type\":\"EntryPoint\",\"urlTemplate\":\"https:\\\/\\\/dorogimedence.hu\\\/?s={search_term_string}\"},\"query-input\":{\"@type\":\"PropertyValueSpecification\",\"valueRequired\":true,\"valueName\":\"search_term_string\"}}],\"inLanguage\":\"hu\"},{\"@type\":\"Organization\",\"@id\":\"https:\\\/\\\/dorogimedence.hu\\\/#organization\",\"name\":\"Dorogi-medence Region\u00e1lis H\u00edrport\u00e1l\",\"url\":\"https:\\\/\\\/dorogimedence.hu\\\/\",\"logo\":{\"@type\":\"ImageObject\",\"inLanguage\":\"hu\",\"@id\":\"https:\\\/\\\/dorogimedence.hu\\\/#\\\/schema\\\/logo\\\/image\\\/\",\"url\":\"https:\\\/\\\/dorogimedence.hu\\\/wp-content\\\/uploads\\\/2021\\\/04\\\/logo-feher-600.png\",\"contentUrl\":\"https:\\\/\\\/dorogimedence.hu\\\/wp-content\\\/uploads\\\/2021\\\/04\\\/logo-feher-600.png\",\"width\":600,\"height\":100,\"caption\":\"Dorogi-medence Region\u00e1lis H\u00edrport\u00e1l\"},\"image\":{\"@id\":\"https:\\\/\\\/dorogimedence.hu\\\/#\\\/schema\\\/logo\\\/image\\\/\"},\"sameAs\":[\"https:\\\/\\\/www.facebook.com\\\/dorogimedence\\\/\"]},{\"@type\":\"Person\",\"@id\":\"https:\\\/\\\/dorogimedence.hu\\\/#\\\/schema\\\/person\\\/ce6091eeb7e95ecdc87890d6aa8e0fd4\",\"name\":\"dorogimedence.hu\",\"image\":{\"@type\":\"ImageObject\",\"inLanguage\":\"hu\",\"@id\":\"\\\/\\\/www.gravatar.com\\\/avatar\\\/d8d45f8901aadff40a4af72c0b826f1d?s=96&#038;r=g&#038;d=mm\",\"url\":\"\\\/\\\/www.gravatar.com\\\/avatar\\\/d8d45f8901aadff40a4af72c0b826f1d?s=96&#038;r=g&#038;d=mm\",\"contentUrl\":\"\\\/\\\/www.gravatar.com\\\/avatar\\\/d8d45f8901aadff40a4af72c0b826f1d?s=96&#038;r=g&#038;d=mm\",\"caption\":\"dorogimedence.hu\"}}]}<\/script>\n<!-- \/ Yoast SEO plugin. -->","yoast_head_json":{"title":"Magyar Hal Napja az Esztergomi Piacon","robots":{"index":"index","follow":"follow","max-snippet":"max-snippet:-1","max-image-preview":"max-image-preview:large","max-video-preview":"max-video-preview:-1"},"canonical":"https:\/\/dorogimedence.hu\/index.php\/2026\/03\/19\/magyar-hal-napja-az-esztergomi-piacon\/","og_locale":"hu_HU","og_type":"article","og_title":"Magyar Hal Napja az Esztergomi Piacon","og_description":"M\u00e1rcius 21-\u00e9n, szombaton 9 \u00e9s 13 \u00f3ra k\u00f6z\u00f6tt ism\u00e9t k\u00fcl\u00f6nleges programmal v\u00e1rja a l\u00e1togat\u00f3kat az Esztergomi Piac: a Magyar Hal Napja alkalm\u00e1b\u00f3l gasztro\u00e9lm\u00e9nyek, csal\u00e1di programok \u00e9s ismeretterjeszt\u0151 bemutat\u00f3k sz\u00ednes\u00edtik a k\u00edn\u00e1latot. A rendezv\u00e9ny a Halak Napja \u00e9s a V\u00edz Vil\u00e1gnapja aprop\u00f3j\u00e1n nemcsak a finom \u00e9telekr\u0151l, hanem a hazai vizek \u00e9l\u0151vil\u00e1g\u00e1r\u00f3l is sz\u00f3l. A szervez\u0151k c\u00e9lja,","og_url":"https:\/\/dorogimedence.hu\/index.php\/2026\/03\/19\/magyar-hal-napja-az-esztergomi-piacon\/","og_site_name":"Dorogi-medence Region\u00e1lis H\u00edrport\u00e1l","article_publisher":"https:\/\/www.facebook.com\/dorogimedence\/","article_published_time":"2026-03-19T14:35:06+00:00","og_image":[{"width":2048,"height":1366,"url":"https:\/\/dorogimedence.hu\/wp-content\/uploads\/2026\/03\/kep-02.jpg","type":"image\/jpeg"}],"author":"dorogimedence.hu","twitter_card":"summary_large_image","twitter_misc":{"Szerz\u0151:":"dorogimedence.hu","Becs\u00fclt olvas\u00e1si id\u0151":"3 perc"},"schema":{"@context":"https:\/\/schema.org","@graph":[{"@type":"Article","@id":"https:\/\/dorogimedence.hu\/index.php\/2026\/03\/19\/magyar-hal-napja-az-esztergomi-piacon\/#article","isPartOf":{"@id":"https:\/\/dorogimedence.hu\/index.php\/2026\/03\/19\/magyar-hal-napja-az-esztergomi-piacon\/"},"author":{"name":"dorogimedence.hu","@id":"https:\/\/dorogimedence.hu\/#\/schema\/person\/ce6091eeb7e95ecdc87890d6aa8e0fd4"},"headline":"Magyar Hal Napja az Esztergomi Piacon","datePublished":"2026-03-19T14:35:06+00:00","mainEntityOfPage":{"@id":"https:\/\/dorogimedence.hu\/index.php\/2026\/03\/19\/magyar-hal-napja-az-esztergomi-piacon\/"},"wordCount":509,"publisher":{"@id":"https:\/\/dorogimedence.hu\/#organization"},"image":{"@id":"https:\/\/dorogimedence.hu\/index.php\/2026\/03\/19\/magyar-hal-napja-az-esztergomi-piacon\/#primaryimage"},"thumbnailUrl":"https:\/\/dorogimedence.hu\/wp-content\/uploads\/2026\/03\/kep-02.jpg","keywords":["esztergomi piac","Magyar Hal Napja","program","programok"],"articleSection":["Esztergom","H\u00edrek","Programok"],"inLanguage":"hu"},{"@type":"WebPage","@id":"https:\/\/dorogimedence.hu\/index.php\/2026\/03\/19\/magyar-hal-napja-az-esztergomi-piacon\/","url":"https:\/\/dorogimedence.hu\/index.php\/2026\/03\/19\/magyar-hal-napja-az-esztergomi-piacon\/","name":"Magyar Hal Napja az Esztergomi Piacon","isPartOf":{"@id":"https:\/\/dorogimedence.hu\/#website"},"primaryImageOfPage":{"@id":"https:\/\/dorogimedence.hu\/index.php\/2026\/03\/19\/magyar-hal-napja-az-esztergomi-piacon\/#primaryimage"},"image":{"@id":"https:\/\/dorogimedence.hu\/index.php\/2026\/03\/19\/magyar-hal-napja-az-esztergomi-piacon\/#primaryimage"},"thumbnailUrl":"https:\/\/dorogimedence.hu\/wp-content\/uploads\/2026\/03\/kep-02.jpg","datePublished":"2026-03-19T14:35:06+00:00","breadcrumb":{"@id":"https:\/\/dorogimedence.hu\/index.php\/2026\/03\/19\/magyar-hal-napja-az-esztergomi-piacon\/#breadcrumb"},"inLanguage":"hu","potentialAction":[{"@type":"ReadAction","target":["https:\/\/dorogimedence.hu\/index.php\/2026\/03\/19\/magyar-hal-napja-az-esztergomi-piacon\/"]}]},{"@type":"ImageObject","inLanguage":"hu","@id":"https:\/\/dorogimedence.hu\/index.php\/2026\/03\/19\/magyar-hal-napja-az-esztergomi-piacon\/#primaryimage","url":"https:\/\/dorogimedence.hu\/wp-content\/uploads\/2026\/03\/kep-02.jpg","contentUrl":"https:\/\/dorogimedence.hu\/wp-content\/uploads\/2026\/03\/kep-02.jpg","width":2048,"height":1366},{"@type":"BreadcrumbList","@id":"https:\/\/dorogimedence.hu\/index.php\/2026\/03\/19\/magyar-hal-napja-az-esztergomi-piacon\/#breadcrumb","itemListElement":[{"@type":"ListItem","position":1,"name":"Kezd\u0151lap","item":"https:\/\/dorogimedence.hu\/"},{"@type":"ListItem","position":2,"name":"Magyar Hal Napja az Esztergomi Piacon"}]},{"@type":"WebSite","@id":"https:\/\/dorogimedence.hu\/#website","url":"https:\/\/dorogimedence.hu\/","name":"Dorogi-medence Region\u00e1lis H\u00edrport\u00e1l","description":"Dorog, Keszt\u00f6lc, Le\u00e1nyv\u00e1r, Piliscs\u00e9v, Tokod, Tokodalt\u00e1r\u00f3, Csolnok, Esztergom-kertv\u00e1ros: h\u00edrek, programok","publisher":{"@id":"https:\/\/dorogimedence.hu\/#organization"},"potentialAction":[{"@type":"SearchAction","target":{"@type":"EntryPoint","urlTemplate":"https:\/\/dorogimedence.hu\/?s={search_term_string}"},"query-input":{"@type":"PropertyValueSpecification","valueRequired":true,"valueName":"search_term_string"}}],"inLanguage":"hu"},{"@type":"Organization","@id":"https:\/\/dorogimedence.hu\/#organization","name":"Dorogi-medence Region\u00e1lis H\u00edrport\u00e1l","url":"https:\/\/dorogimedence.hu\/","logo":{"@type":"ImageObject","inLanguage":"hu","@id":"https:\/\/dorogimedence.hu\/#\/schema\/logo\/image\/","url":"https:\/\/dorogimedence.hu\/wp-content\/uploads\/2021\/04\/logo-feher-600.png","contentUrl":"https:\/\/dorogimedence.hu\/wp-content\/uploads\/2021\/04\/logo-feher-600.png","width":600,"height":100,"caption":"Dorogi-medence Region\u00e1lis H\u00edrport\u00e1l"},"image":{"@id":"https:\/\/dorogimedence.hu\/#\/schema\/logo\/image\/"},"sameAs":["https:\/\/www.facebook.com\/dorogimedence\/"]},{"@type":"Person","@id":"https:\/\/dorogimedence.hu\/#\/schema\/person\/ce6091eeb7e95ecdc87890d6aa8e0fd4","name":"dorogimedence.hu","image":{"@type":"ImageObject","inLanguage":"hu","@id":"\/\/www.gravatar.com\/avatar\/d8d45f8901aadff40a4af72c0b826f1d?s=96&#038;r=g&#038;d=mm","url":"\/\/www.gravatar.com\/avatar\/d8d45f8901aadff40a4af72c0b826f1d?s=96&#038;r=g&#038;d=mm","contentUrl":"\/\/www.gravatar.com\/avatar\/d8d45f8901aadff40a4af72c0b826f1d?s=96&#038;r=g&#038;d=mm","caption":"dorogimedence.hu"}}]}},"_links":{"self":[{"href":"https:\/\/dorogimedence.hu\/index.php\/wp-json\/wp\/v2\/posts\/78703","targetHints":{"allow":["GET"]}}],"collection":[{"href":"https:\/\/dorogimedence.hu\/index.php\/wp-json\/wp\/v2\/posts"}],"about":[{"href":"https:\/\/dorogimedence.hu\/index.php\/wp-json\/wp\/v2\/types\/post"}],"author":[{"embeddable":true,"href":"https:\/\/dorogimedence.hu\/index.php\/wp-json\/wp\/v2\/users\/1"}],"replies":[{"embeddable":true,"href":"https:\/\/dorogimedence.hu\/index.php\/wp-json\/wp\/v2\/comments?post=78703"}],"version-history":[{"count":1,"href":"https:\/\/dorogimedence.hu\/index.php\/wp-json\/wp\/v2\/posts\/78703\/revisions"}],"predecessor-version":[{"id":78707,"href":"https:\/\/dorogimedence.hu\/index.php\/wp-json\/wp\/v2\/posts\/78703\/revisions\/78707"}],"wp:featuredmedia":[{"embeddable":true,"href":"https:\/\/dorogimedence.hu\/index.php\/wp-json\/wp\/v2\/media\/78704"}],"wp:attachment":[{"href":"https:\/\/dorogimedence.hu\/index.php\/wp-json\/wp\/v2\/media?parent=78703"}],"wp:term":[{"taxonomy":"category","embeddable":true,"href":"https:\/\/dorogimedence.hu\/index.php\/wp-json\/wp\/v2\/categories?post=78703"},{"taxonomy":"post_tag","embeddable":true,"href":"https:\/\/dorogimedence.hu\/index.php\/wp-json\/wp\/v2\/tags?post=78703"}],"curies":[{"name":"wp","href":"https:\/\/api.w.org\/{rel}","templated":true}]}}