{"id":78699,"date":"2026-03-19T15:18:39","date_gmt":"2026-03-19T14:18:39","guid":{"rendered":"https:\/\/dorogimedence.hu\/?p=78699"},"modified":"2026-03-19T15:18:39","modified_gmt":"2026-03-19T14:18:39","slug":"kovaszos-kenyer-illata-koltozik-a-belvarosba-szabi-a-pek-erkezik-esztergomba","status":"publish","type":"post","link":"https:\/\/dorogimedence.hu\/index.php\/2026\/03\/19\/kovaszos-kenyer-illata-koltozik-a-belvarosba-szabi-a-pek-erkezik-esztergomba\/","title":{"rendered":"Kov\u00e1szos keny\u00e9r illata k\u00f6lt\u00f6zik a belv\u00e1rosba: Szabi A P\u00e9k \u00e9rkezik Esztergomba"},"content":{"rendered":"<p><strong>A fel\u00faj\u00edt\u00e1si munk\u00e1latok ut\u00e1n \u00fajabb b\u00e9rl\u0151vel b\u0151v\u00fcl az esztergomi V\u00e1rosh\u00e1za: a kor\u00e1bban bejelentett Libri k\u00f6nyvesbolt mellett egy k\u00e9zm\u0171ves p\u00e9ks\u00e9g is helyet kap az \u00e9p\u00fcletben.<\/strong><\/p>\n<p>Mint ismert, <a href=\"https:\/\/www.facebook.com\/hernadiadam.esztergom\/posts\/pfbid02LUXjStMAzEfC4LVjp5wFknzc6t1N3pV2MBDRugytHwgf6M4GYq1kTa1Y7PeyHd2wl\" target=\"_blank\" rel=\"noopener\"><span style=\"text-decoration: underline; color: #0000ff;\">tavaly novemberben<\/span><\/a> Hern\u00e1di \u00c1d\u00e1m polg\u00e1rmester jelentette be, hogy a meg\u00fajul\u00f3 \u00fczlethelyis\u00e9gek egyik\u00e9ben k\u00f6nyvesbolt kap helyet. Most pedig az is kider\u00fclt, hogy <span style=\"color: #0000ff;\"><a style=\"color: #0000ff;\" href=\"https:\/\/www.facebook.com\/szabiapek\" target=\"_blank\" rel=\"noopener\"><span style=\"text-decoration: underline;\">Szabi A P\u00e9k<\/span><\/a><\/span>, az orsz\u00e1gosan ismert kov\u00e1szos p\u00e9k is a b\u00e9rl\u0151k egyike lesz. A <a href=\"https:\/\/www.facebook.com\/reel\/1676088260461626\" target=\"_blank\" rel=\"noopener\"><span style=\"text-decoration: underline; color: #0000ff;\">\u201eBemutatkozik az \u00faj b\u00e9rl\u0151nk!\u201d c\u00edm\u0171 vide\u00f3ban<\/span><\/a> maga az \u00faj b\u00e9rl\u0151 is megsz\u00f3lal: \u201eElhozzuk a 110 \u00e9ves kov\u00e1szunkat\u2026 elk\u00e9peszt\u0151en finom kov\u00e1szos kenyeret s\u00fct\u00fcnk majd nektek minden reggel.\u201d<\/p>\n<h3>Orsz\u00e1gosan ismert k\u00e9zm\u0171ves p\u00e9k \u00e9rkezik<\/h3>\n<p>Szabi A P\u00e9k neve nem ismeretlen a gasztron\u00f3mia ir\u00e1nt \u00e9rdekl\u0151d\u0151k sz\u00e1m\u00e1ra. A p\u00e9k m\u00f6g\u00f6tt egy t\u00f6bb mint egy \u00e9vsz\u00e1zados kov\u00e1sz \u00e1ll, amely a m\u00e1rka egyik legnagyobb k\u00fcl\u00f6nlegess\u00e9ge. Term\u00e9keik a hagyom\u00e1nyos, hossz\u00fa \u00e9rlel\u00e9s\u0171 technol\u00f3gi\u00e1ra \u00e9p\u00fclnek, adal\u00e9kanyagok n\u00e9lk\u00fcl.<\/p>\n<p>A v\u00e1llalkoz\u00e1s az elm\u00falt \u00e9vekben dinamikusan fejl\u0151d\u00f6tt:<\/p>\n<ul>\n<li>Budapesten t\u00f6bb helyen is jelen vannak (p\u00e9ks\u00e9gek \u00e9s piacok)<\/li>\n<li>rendszeresen felt\u0171nnek v\u00e1s\u00e1rokon, gasztroesem\u00e9nyeken<\/li>\n<li>Esztergomban sem ismeretlenek: a piacon m\u00e1r t\u00f6bb alkalommal tal\u00e1lkozhattak vel\u00fck a helyiek<\/li>\n<\/ul>\n<p>A m\u00e1rka a k\u00e9zm\u0171ves p\u00e9kek \u00faj hull\u00e1m\u00e1t k\u00e9pviseli Magyarorsz\u00e1gon, ahol a min\u0151s\u00e9g, az alapanyagok \u00e9s a hagyom\u00e1nyos technol\u00f3gia ker\u00fcl a k\u00f6z\u00e9ppontba.<\/p>\n<h3>Friss keny\u00e9r a V\u00e1rosh\u00e1za t\u00f6v\u00e9ben<\/h3>\n<p>A vide\u00f3 alapj\u00e1n az \u00fczlet kialak\u00edt\u00e1sa m\u00e9g folyamatban van, de a tervek szerint:<\/p>\n<ul>\n<li>helyben s\u00fct\u00f6tt kov\u00e1szos keny\u00e9rrel,<\/li>\n<li>p\u00e9ks\u00fctem\u00e9nyekkel,<\/li>\n<li>friss, reggeli k\u00edn\u00e1lattal v\u00e1rj\u00e1k majd a v\u00e1s\u00e1rl\u00f3kat.<\/li>\n<\/ul>\n<h3>\u00daj lend\u00fclet a belv\u00e1rosnak<\/h3>\n<p>A V\u00e1rosh\u00e1za fel\u00faj\u00edt\u00e1s\u00e1val \u00e9s az \u00faj \u00fczletek megjelen\u00e9s\u00e9vel tov\u00e1bb er\u0151s\u00f6dik Esztergom belv\u00e1ros\u00e1nak vonzereje. A k\u00f6nyvesbolt \u00e9s a k\u00e9zm\u0171ves p\u00e9ks\u00e9g egy\u00fctt nemcsak szolg\u00e1ltat\u00e1sban, hanem hangulatban is \u00faj sz\u00ednt hozhat a v\u00e1rosk\u00f6zpontba.<\/p>\n<p>A helyiek sz\u00e1m\u00e1ra pedig k\u00fcl\u00f6n j\u00f3 h\u00edr, hogy hamarosan ak\u00e1r egy frissen s\u00fclt, ropog\u00f3s kov\u00e1szos keny\u00e9rrel vagy p\u00e9ks\u00fctem\u00e9nnyel indulhat a nap \u2013 k\u00f6zvetlen\u00fcl a V\u00e1rosh\u00e1za mellett.<\/p>\n<p><em>Bor\u00edt\u00f3k\u00e9p: Szabi A P\u00e9k Facebook-oldal<\/em><\/p>\n","protected":false},"excerpt":{"rendered":"<p>A fel\u00faj\u00edt\u00e1si munk\u00e1latok ut\u00e1n \u00fajabb b\u00e9rl\u0151vel b\u0151v\u00fcl az esztergomi V\u00e1rosh\u00e1za: a kor\u00e1bban bejelentett Libri k\u00f6nyvesbolt mellett egy k\u00e9zm\u0171ves p\u00e9ks\u00e9g is helyet kap az \u00e9p\u00fcletben. Mint ismert, tavaly novemberben Hern\u00e1di \u00c1d\u00e1m polg\u00e1rmester jelentette be, hogy a meg\u00fajul\u00f3 \u00fczlethelyis\u00e9gek egyik\u00e9ben k\u00f6nyvesbolt kap helyet. Most pedig az is kider\u00fclt, hogy Szabi A P\u00e9k, az orsz\u00e1gosan ismert kov\u00e1szos p\u00e9k<\/p>\n","protected":false},"author":1,"featured_media":78700,"comment_status":"closed","ping_status":"closed","sticky":false,"template":"","format":"standard","meta":{"ngg_post_thumbnail":0,"footnotes":""},"categories":[38,3],"tags":[42,4272,8792,1220],"class_list":{"0":"post-78699","1":"post","2":"type-post","3":"status-publish","4":"format-standard","5":"has-post-thumbnail","7":"category-esztergom","8":"category-hirek","9":"tag-esztergom","10":"tag-pekseg","11":"tag-szabi-a-pek","12":"tag-varoshaza"},"yoast_head":"<!-- This site is optimized with the Yoast SEO plugin v27.5 - https:\/\/yoast.com\/product\/yoast-seo-wordpress\/ -->\n<title>Kov\u00e1szos keny\u00e9r illata k\u00f6lt\u00f6zik a belv\u00e1rosba: Szabi A P\u00e9k \u00e9rkezik Esztergomba<\/title>\n<meta name=\"robots\" content=\"index, follow, max-snippet:-1, max-image-preview:large, max-video-preview:-1\" \/>\n<link rel=\"canonical\" href=\"https:\/\/dorogimedence.hu\/index.php\/2026\/03\/19\/kovaszos-kenyer-illata-koltozik-a-belvarosba-szabi-a-pek-erkezik-esztergomba\/\" class=\"yoast-seo-meta-tag\" \/>\n<meta property=\"og:locale\" content=\"hu_HU\" class=\"yoast-seo-meta-tag\" \/>\n<meta property=\"og:type\" content=\"article\" class=\"yoast-seo-meta-tag\" \/>\n<meta property=\"og:title\" content=\"Kov\u00e1szos keny\u00e9r illata k\u00f6lt\u00f6zik a belv\u00e1rosba: Szabi A P\u00e9k \u00e9rkezik Esztergomba\" class=\"yoast-seo-meta-tag\" \/>\n<meta property=\"og:description\" content=\"A fel\u00faj\u00edt\u00e1si munk\u00e1latok ut\u00e1n \u00fajabb b\u00e9rl\u0151vel b\u0151v\u00fcl az esztergomi V\u00e1rosh\u00e1za: a kor\u00e1bban bejelentett Libri k\u00f6nyvesbolt mellett egy k\u00e9zm\u0171ves p\u00e9ks\u00e9g is helyet kap az \u00e9p\u00fcletben. Mint ismert, tavaly novemberben Hern\u00e1di \u00c1d\u00e1m polg\u00e1rmester jelentette be, hogy a meg\u00fajul\u00f3 \u00fczlethelyis\u00e9gek egyik\u00e9ben k\u00f6nyvesbolt kap helyet. Most pedig az is kider\u00fclt, hogy Szabi A P\u00e9k, az orsz\u00e1gosan ismert kov\u00e1szos p\u00e9k\" class=\"yoast-seo-meta-tag\" \/>\n<meta property=\"og:url\" content=\"https:\/\/dorogimedence.hu\/index.php\/2026\/03\/19\/kovaszos-kenyer-illata-koltozik-a-belvarosba-szabi-a-pek-erkezik-esztergomba\/\" class=\"yoast-seo-meta-tag\" \/>\n<meta property=\"og:site_name\" content=\"Dorogi-medence Region\u00e1lis H\u00edrport\u00e1l\" class=\"yoast-seo-meta-tag\" \/>\n<meta property=\"article:publisher\" content=\"https:\/\/www.facebook.com\/dorogimedence\/\" class=\"yoast-seo-meta-tag\" \/>\n<meta property=\"article:published_time\" content=\"2026-03-19T14:18:39+00:00\" class=\"yoast-seo-meta-tag\" \/>\n<meta property=\"og:image\" content=\"https:\/\/dorogimedence.hu\/wp-content\/uploads\/2026\/03\/480242824_1186261329739883_5664171726532286066_n.jpg\" class=\"yoast-seo-meta-tag\" \/>\n\t<meta property=\"og:image:width\" content=\"2048\" class=\"yoast-seo-meta-tag\" \/>\n\t<meta property=\"og:image:height\" content=\"1365\" class=\"yoast-seo-meta-tag\" \/>\n\t<meta property=\"og:image:type\" content=\"image\/jpeg\" class=\"yoast-seo-meta-tag\" \/>\n<meta name=\"author\" content=\"dorogimedence.hu\" class=\"yoast-seo-meta-tag\" \/>\n<meta name=\"twitter:card\" content=\"summary_large_image\" class=\"yoast-seo-meta-tag\" \/>\n<meta name=\"twitter:label1\" content=\"Szerz\u0151:\" class=\"yoast-seo-meta-tag\" \/>\n\t<meta name=\"twitter:data1\" content=\"dorogimedence.hu\" class=\"yoast-seo-meta-tag\" \/>\n\t<meta name=\"twitter:label2\" content=\"Becs\u00fclt olvas\u00e1si id\u0151\" class=\"yoast-seo-meta-tag\" \/>\n\t<meta name=\"twitter:data2\" content=\"2 perc\" class=\"yoast-seo-meta-tag\" \/>\n<script type=\"application\/ld+json\" class=\"yoast-schema-graph\">{\"@context\":\"https:\\\/\\\/schema.org\",\"@graph\":[{\"@type\":\"Article\",\"@id\":\"https:\\\/\\\/dorogimedence.hu\\\/index.php\\\/2026\\\/03\\\/19\\\/kovaszos-kenyer-illata-koltozik-a-belvarosba-szabi-a-pek-erkezik-esztergomba\\\/#article\",\"isPartOf\":{\"@id\":\"https:\\\/\\\/dorogimedence.hu\\\/index.php\\\/2026\\\/03\\\/19\\\/kovaszos-kenyer-illata-koltozik-a-belvarosba-szabi-a-pek-erkezik-esztergomba\\\/\"},\"author\":{\"name\":\"dorogimedence.hu\",\"@id\":\"https:\\\/\\\/dorogimedence.hu\\\/#\\\/schema\\\/person\\\/ce6091eeb7e95ecdc87890d6aa8e0fd4\"},\"headline\":\"Kov\u00e1szos keny\u00e9r illata k\u00f6lt\u00f6zik a belv\u00e1rosba: Szabi A P\u00e9k \u00e9rkezik Esztergomba\",\"datePublished\":\"2026-03-19T14:18:39+00:00\",\"mainEntityOfPage\":{\"@id\":\"https:\\\/\\\/dorogimedence.hu\\\/index.php\\\/2026\\\/03\\\/19\\\/kovaszos-kenyer-illata-koltozik-a-belvarosba-szabi-a-pek-erkezik-esztergomba\\\/\"},\"wordCount\":466,\"publisher\":{\"@id\":\"https:\\\/\\\/dorogimedence.hu\\\/#organization\"},\"image\":{\"@id\":\"https:\\\/\\\/dorogimedence.hu\\\/index.php\\\/2026\\\/03\\\/19\\\/kovaszos-kenyer-illata-koltozik-a-belvarosba-szabi-a-pek-erkezik-esztergomba\\\/#primaryimage\"},\"thumbnailUrl\":\"https:\\\/\\\/dorogimedence.hu\\\/wp-content\\\/uploads\\\/2026\\\/03\\\/480242824_1186261329739883_5664171726532286066_n.jpg\",\"keywords\":[\"esztergom\",\"p\u00e9ks\u00e9g\",\"Szabi A P\u00e9k\",\"V\u00e1rosh\u00e1za\"],\"articleSection\":[\"Esztergom\",\"H\u00edrek\"],\"inLanguage\":\"hu\"},{\"@type\":\"WebPage\",\"@id\":\"https:\\\/\\\/dorogimedence.hu\\\/index.php\\\/2026\\\/03\\\/19\\\/kovaszos-kenyer-illata-koltozik-a-belvarosba-szabi-a-pek-erkezik-esztergomba\\\/\",\"url\":\"https:\\\/\\\/dorogimedence.hu\\\/index.php\\\/2026\\\/03\\\/19\\\/kovaszos-kenyer-illata-koltozik-a-belvarosba-szabi-a-pek-erkezik-esztergomba\\\/\",\"name\":\"Kov\u00e1szos keny\u00e9r illata k\u00f6lt\u00f6zik a belv\u00e1rosba: Szabi A P\u00e9k \u00e9rkezik Esztergomba\",\"isPartOf\":{\"@id\":\"https:\\\/\\\/dorogimedence.hu\\\/#website\"},\"primaryImageOfPage\":{\"@id\":\"https:\\\/\\\/dorogimedence.hu\\\/index.php\\\/2026\\\/03\\\/19\\\/kovaszos-kenyer-illata-koltozik-a-belvarosba-szabi-a-pek-erkezik-esztergomba\\\/#primaryimage\"},\"image\":{\"@id\":\"https:\\\/\\\/dorogimedence.hu\\\/index.php\\\/2026\\\/03\\\/19\\\/kovaszos-kenyer-illata-koltozik-a-belvarosba-szabi-a-pek-erkezik-esztergomba\\\/#primaryimage\"},\"thumbnailUrl\":\"https:\\\/\\\/dorogimedence.hu\\\/wp-content\\\/uploads\\\/2026\\\/03\\\/480242824_1186261329739883_5664171726532286066_n.jpg\",\"datePublished\":\"2026-03-19T14:18:39+00:00\",\"breadcrumb\":{\"@id\":\"https:\\\/\\\/dorogimedence.hu\\\/index.php\\\/2026\\\/03\\\/19\\\/kovaszos-kenyer-illata-koltozik-a-belvarosba-szabi-a-pek-erkezik-esztergomba\\\/#breadcrumb\"},\"inLanguage\":\"hu\",\"potentialAction\":[{\"@type\":\"ReadAction\",\"target\":[\"https:\\\/\\\/dorogimedence.hu\\\/index.php\\\/2026\\\/03\\\/19\\\/kovaszos-kenyer-illata-koltozik-a-belvarosba-szabi-a-pek-erkezik-esztergomba\\\/\"]}]},{\"@type\":\"ImageObject\",\"inLanguage\":\"hu\",\"@id\":\"https:\\\/\\\/dorogimedence.hu\\\/index.php\\\/2026\\\/03\\\/19\\\/kovaszos-kenyer-illata-koltozik-a-belvarosba-szabi-a-pek-erkezik-esztergomba\\\/#primaryimage\",\"url\":\"https:\\\/\\\/dorogimedence.hu\\\/wp-content\\\/uploads\\\/2026\\\/03\\\/480242824_1186261329739883_5664171726532286066_n.jpg\",\"contentUrl\":\"https:\\\/\\\/dorogimedence.hu\\\/wp-content\\\/uploads\\\/2026\\\/03\\\/480242824_1186261329739883_5664171726532286066_n.jpg\",\"width\":2048,\"height\":1365},{\"@type\":\"BreadcrumbList\",\"@id\":\"https:\\\/\\\/dorogimedence.hu\\\/index.php\\\/2026\\\/03\\\/19\\\/kovaszos-kenyer-illata-koltozik-a-belvarosba-szabi-a-pek-erkezik-esztergomba\\\/#breadcrumb\",\"itemListElement\":[{\"@type\":\"ListItem\",\"position\":1,\"name\":\"Kezd\u0151lap\",\"item\":\"https:\\\/\\\/dorogimedence.hu\\\/\"},{\"@type\":\"ListItem\",\"position\":2,\"name\":\"Kov\u00e1szos keny\u00e9r illata k\u00f6lt\u00f6zik a belv\u00e1rosba: Szabi A P\u00e9k \u00e9rkezik Esztergomba\"}]},{\"@type\":\"WebSite\",\"@id\":\"https:\\\/\\\/dorogimedence.hu\\\/#website\",\"url\":\"https:\\\/\\\/dorogimedence.hu\\\/\",\"name\":\"Dorogi-medence Region\u00e1lis H\u00edrport\u00e1l\",\"description\":\"Dorog, Keszt\u00f6lc, Le\u00e1nyv\u00e1r, Piliscs\u00e9v, Tokod, Tokodalt\u00e1r\u00f3, Csolnok, Esztergom-kertv\u00e1ros: h\u00edrek, programok\",\"publisher\":{\"@id\":\"https:\\\/\\\/dorogimedence.hu\\\/#organization\"},\"potentialAction\":[{\"@type\":\"SearchAction\",\"target\":{\"@type\":\"EntryPoint\",\"urlTemplate\":\"https:\\\/\\\/dorogimedence.hu\\\/?s={search_term_string}\"},\"query-input\":{\"@type\":\"PropertyValueSpecification\",\"valueRequired\":true,\"valueName\":\"search_term_string\"}}],\"inLanguage\":\"hu\"},{\"@type\":\"Organization\",\"@id\":\"https:\\\/\\\/dorogimedence.hu\\\/#organization\",\"name\":\"Dorogi-medence Region\u00e1lis H\u00edrport\u00e1l\",\"url\":\"https:\\\/\\\/dorogimedence.hu\\\/\",\"logo\":{\"@type\":\"ImageObject\",\"inLanguage\":\"hu\",\"@id\":\"https:\\\/\\\/dorogimedence.hu\\\/#\\\/schema\\\/logo\\\/image\\\/\",\"url\":\"https:\\\/\\\/dorogimedence.hu\\\/wp-content\\\/uploads\\\/2021\\\/04\\\/logo-feher-600.png\",\"contentUrl\":\"https:\\\/\\\/dorogimedence.hu\\\/wp-content\\\/uploads\\\/2021\\\/04\\\/logo-feher-600.png\",\"width\":600,\"height\":100,\"caption\":\"Dorogi-medence Region\u00e1lis H\u00edrport\u00e1l\"},\"image\":{\"@id\":\"https:\\\/\\\/dorogimedence.hu\\\/#\\\/schema\\\/logo\\\/image\\\/\"},\"sameAs\":[\"https:\\\/\\\/www.facebook.com\\\/dorogimedence\\\/\"]},{\"@type\":\"Person\",\"@id\":\"https:\\\/\\\/dorogimedence.hu\\\/#\\\/schema\\\/person\\\/ce6091eeb7e95ecdc87890d6aa8e0fd4\",\"name\":\"dorogimedence.hu\",\"image\":{\"@type\":\"ImageObject\",\"inLanguage\":\"hu\",\"@id\":\"\\\/\\\/www.gravatar.com\\\/avatar\\\/d8d45f8901aadff40a4af72c0b826f1d?s=96&#038;r=g&#038;d=mm\",\"url\":\"\\\/\\\/www.gravatar.com\\\/avatar\\\/d8d45f8901aadff40a4af72c0b826f1d?s=96&#038;r=g&#038;d=mm\",\"contentUrl\":\"\\\/\\\/www.gravatar.com\\\/avatar\\\/d8d45f8901aadff40a4af72c0b826f1d?s=96&#038;r=g&#038;d=mm\",\"caption\":\"dorogimedence.hu\"}}]}<\/script>\n<!-- \/ Yoast SEO plugin. -->","yoast_head_json":{"title":"Kov\u00e1szos keny\u00e9r illata k\u00f6lt\u00f6zik a belv\u00e1rosba: Szabi A P\u00e9k \u00e9rkezik Esztergomba","robots":{"index":"index","follow":"follow","max-snippet":"max-snippet:-1","max-image-preview":"max-image-preview:large","max-video-preview":"max-video-preview:-1"},"canonical":"https:\/\/dorogimedence.hu\/index.php\/2026\/03\/19\/kovaszos-kenyer-illata-koltozik-a-belvarosba-szabi-a-pek-erkezik-esztergomba\/","og_locale":"hu_HU","og_type":"article","og_title":"Kov\u00e1szos keny\u00e9r illata k\u00f6lt\u00f6zik a belv\u00e1rosba: Szabi A P\u00e9k \u00e9rkezik Esztergomba","og_description":"A fel\u00faj\u00edt\u00e1si munk\u00e1latok ut\u00e1n \u00fajabb b\u00e9rl\u0151vel b\u0151v\u00fcl az esztergomi V\u00e1rosh\u00e1za: a kor\u00e1bban bejelentett Libri k\u00f6nyvesbolt mellett egy k\u00e9zm\u0171ves p\u00e9ks\u00e9g is helyet kap az \u00e9p\u00fcletben. Mint ismert, tavaly novemberben Hern\u00e1di \u00c1d\u00e1m polg\u00e1rmester jelentette be, hogy a meg\u00fajul\u00f3 \u00fczlethelyis\u00e9gek egyik\u00e9ben k\u00f6nyvesbolt kap helyet. Most pedig az is kider\u00fclt, hogy Szabi A P\u00e9k, az orsz\u00e1gosan ismert kov\u00e1szos p\u00e9k","og_url":"https:\/\/dorogimedence.hu\/index.php\/2026\/03\/19\/kovaszos-kenyer-illata-koltozik-a-belvarosba-szabi-a-pek-erkezik-esztergomba\/","og_site_name":"Dorogi-medence Region\u00e1lis H\u00edrport\u00e1l","article_publisher":"https:\/\/www.facebook.com\/dorogimedence\/","article_published_time":"2026-03-19T14:18:39+00:00","og_image":[{"width":2048,"height":1365,"url":"https:\/\/dorogimedence.hu\/wp-content\/uploads\/2026\/03\/480242824_1186261329739883_5664171726532286066_n.jpg","type":"image\/jpeg"}],"author":"dorogimedence.hu","twitter_card":"summary_large_image","twitter_misc":{"Szerz\u0151:":"dorogimedence.hu","Becs\u00fclt olvas\u00e1si id\u0151":"2 perc"},"schema":{"@context":"https:\/\/schema.org","@graph":[{"@type":"Article","@id":"https:\/\/dorogimedence.hu\/index.php\/2026\/03\/19\/kovaszos-kenyer-illata-koltozik-a-belvarosba-szabi-a-pek-erkezik-esztergomba\/#article","isPartOf":{"@id":"https:\/\/dorogimedence.hu\/index.php\/2026\/03\/19\/kovaszos-kenyer-illata-koltozik-a-belvarosba-szabi-a-pek-erkezik-esztergomba\/"},"author":{"name":"dorogimedence.hu","@id":"https:\/\/dorogimedence.hu\/#\/schema\/person\/ce6091eeb7e95ecdc87890d6aa8e0fd4"},"headline":"Kov\u00e1szos keny\u00e9r illata k\u00f6lt\u00f6zik a belv\u00e1rosba: Szabi A P\u00e9k \u00e9rkezik Esztergomba","datePublished":"2026-03-19T14:18:39+00:00","mainEntityOfPage":{"@id":"https:\/\/dorogimedence.hu\/index.php\/2026\/03\/19\/kovaszos-kenyer-illata-koltozik-a-belvarosba-szabi-a-pek-erkezik-esztergomba\/"},"wordCount":466,"publisher":{"@id":"https:\/\/dorogimedence.hu\/#organization"},"image":{"@id":"https:\/\/dorogimedence.hu\/index.php\/2026\/03\/19\/kovaszos-kenyer-illata-koltozik-a-belvarosba-szabi-a-pek-erkezik-esztergomba\/#primaryimage"},"thumbnailUrl":"https:\/\/dorogimedence.hu\/wp-content\/uploads\/2026\/03\/480242824_1186261329739883_5664171726532286066_n.jpg","keywords":["esztergom","p\u00e9ks\u00e9g","Szabi A P\u00e9k","V\u00e1rosh\u00e1za"],"articleSection":["Esztergom","H\u00edrek"],"inLanguage":"hu"},{"@type":"WebPage","@id":"https:\/\/dorogimedence.hu\/index.php\/2026\/03\/19\/kovaszos-kenyer-illata-koltozik-a-belvarosba-szabi-a-pek-erkezik-esztergomba\/","url":"https:\/\/dorogimedence.hu\/index.php\/2026\/03\/19\/kovaszos-kenyer-illata-koltozik-a-belvarosba-szabi-a-pek-erkezik-esztergomba\/","name":"Kov\u00e1szos keny\u00e9r illata k\u00f6lt\u00f6zik a belv\u00e1rosba: Szabi A P\u00e9k \u00e9rkezik Esztergomba","isPartOf":{"@id":"https:\/\/dorogimedence.hu\/#website"},"primaryImageOfPage":{"@id":"https:\/\/dorogimedence.hu\/index.php\/2026\/03\/19\/kovaszos-kenyer-illata-koltozik-a-belvarosba-szabi-a-pek-erkezik-esztergomba\/#primaryimage"},"image":{"@id":"https:\/\/dorogimedence.hu\/index.php\/2026\/03\/19\/kovaszos-kenyer-illata-koltozik-a-belvarosba-szabi-a-pek-erkezik-esztergomba\/#primaryimage"},"thumbnailUrl":"https:\/\/dorogimedence.hu\/wp-content\/uploads\/2026\/03\/480242824_1186261329739883_5664171726532286066_n.jpg","datePublished":"2026-03-19T14:18:39+00:00","breadcrumb":{"@id":"https:\/\/dorogimedence.hu\/index.php\/2026\/03\/19\/kovaszos-kenyer-illata-koltozik-a-belvarosba-szabi-a-pek-erkezik-esztergomba\/#breadcrumb"},"inLanguage":"hu","potentialAction":[{"@type":"ReadAction","target":["https:\/\/dorogimedence.hu\/index.php\/2026\/03\/19\/kovaszos-kenyer-illata-koltozik-a-belvarosba-szabi-a-pek-erkezik-esztergomba\/"]}]},{"@type":"ImageObject","inLanguage":"hu","@id":"https:\/\/dorogimedence.hu\/index.php\/2026\/03\/19\/kovaszos-kenyer-illata-koltozik-a-belvarosba-szabi-a-pek-erkezik-esztergomba\/#primaryimage","url":"https:\/\/dorogimedence.hu\/wp-content\/uploads\/2026\/03\/480242824_1186261329739883_5664171726532286066_n.jpg","contentUrl":"https:\/\/dorogimedence.hu\/wp-content\/uploads\/2026\/03\/480242824_1186261329739883_5664171726532286066_n.jpg","width":2048,"height":1365},{"@type":"BreadcrumbList","@id":"https:\/\/dorogimedence.hu\/index.php\/2026\/03\/19\/kovaszos-kenyer-illata-koltozik-a-belvarosba-szabi-a-pek-erkezik-esztergomba\/#breadcrumb","itemListElement":[{"@type":"ListItem","position":1,"name":"Kezd\u0151lap","item":"https:\/\/dorogimedence.hu\/"},{"@type":"ListItem","position":2,"name":"Kov\u00e1szos keny\u00e9r illata k\u00f6lt\u00f6zik a belv\u00e1rosba: Szabi A P\u00e9k \u00e9rkezik Esztergomba"}]},{"@type":"WebSite","@id":"https:\/\/dorogimedence.hu\/#website","url":"https:\/\/dorogimedence.hu\/","name":"Dorogi-medence Region\u00e1lis H\u00edrport\u00e1l","description":"Dorog, Keszt\u00f6lc, Le\u00e1nyv\u00e1r, Piliscs\u00e9v, Tokod, Tokodalt\u00e1r\u00f3, Csolnok, Esztergom-kertv\u00e1ros: h\u00edrek, programok","publisher":{"@id":"https:\/\/dorogimedence.hu\/#organization"},"potentialAction":[{"@type":"SearchAction","target":{"@type":"EntryPoint","urlTemplate":"https:\/\/dorogimedence.hu\/?s={search_term_string}"},"query-input":{"@type":"PropertyValueSpecification","valueRequired":true,"valueName":"search_term_string"}}],"inLanguage":"hu"},{"@type":"Organization","@id":"https:\/\/dorogimedence.hu\/#organization","name":"Dorogi-medence Region\u00e1lis H\u00edrport\u00e1l","url":"https:\/\/dorogimedence.hu\/","logo":{"@type":"ImageObject","inLanguage":"hu","@id":"https:\/\/dorogimedence.hu\/#\/schema\/logo\/image\/","url":"https:\/\/dorogimedence.hu\/wp-content\/uploads\/2021\/04\/logo-feher-600.png","contentUrl":"https:\/\/dorogimedence.hu\/wp-content\/uploads\/2021\/04\/logo-feher-600.png","width":600,"height":100,"caption":"Dorogi-medence Region\u00e1lis H\u00edrport\u00e1l"},"image":{"@id":"https:\/\/dorogimedence.hu\/#\/schema\/logo\/image\/"},"sameAs":["https:\/\/www.facebook.com\/dorogimedence\/"]},{"@type":"Person","@id":"https:\/\/dorogimedence.hu\/#\/schema\/person\/ce6091eeb7e95ecdc87890d6aa8e0fd4","name":"dorogimedence.hu","image":{"@type":"ImageObject","inLanguage":"hu","@id":"\/\/www.gravatar.com\/avatar\/d8d45f8901aadff40a4af72c0b826f1d?s=96&#038;r=g&#038;d=mm","url":"\/\/www.gravatar.com\/avatar\/d8d45f8901aadff40a4af72c0b826f1d?s=96&#038;r=g&#038;d=mm","contentUrl":"\/\/www.gravatar.com\/avatar\/d8d45f8901aadff40a4af72c0b826f1d?s=96&#038;r=g&#038;d=mm","caption":"dorogimedence.hu"}}]}},"_links":{"self":[{"href":"https:\/\/dorogimedence.hu\/index.php\/wp-json\/wp\/v2\/posts\/78699","targetHints":{"allow":["GET"]}}],"collection":[{"href":"https:\/\/dorogimedence.hu\/index.php\/wp-json\/wp\/v2\/posts"}],"about":[{"href":"https:\/\/dorogimedence.hu\/index.php\/wp-json\/wp\/v2\/types\/post"}],"author":[{"embeddable":true,"href":"https:\/\/dorogimedence.hu\/index.php\/wp-json\/wp\/v2\/users\/1"}],"replies":[{"embeddable":true,"href":"https:\/\/dorogimedence.hu\/index.php\/wp-json\/wp\/v2\/comments?post=78699"}],"version-history":[{"count":2,"href":"https:\/\/dorogimedence.hu\/index.php\/wp-json\/wp\/v2\/posts\/78699\/revisions"}],"predecessor-version":[{"id":78702,"href":"https:\/\/dorogimedence.hu\/index.php\/wp-json\/wp\/v2\/posts\/78699\/revisions\/78702"}],"wp:featuredmedia":[{"embeddable":true,"href":"https:\/\/dorogimedence.hu\/index.php\/wp-json\/wp\/v2\/media\/78700"}],"wp:attachment":[{"href":"https:\/\/dorogimedence.hu\/index.php\/wp-json\/wp\/v2\/media?parent=78699"}],"wp:term":[{"taxonomy":"category","embeddable":true,"href":"https:\/\/dorogimedence.hu\/index.php\/wp-json\/wp\/v2\/categories?post=78699"},{"taxonomy":"post_tag","embeddable":true,"href":"https:\/\/dorogimedence.hu\/index.php\/wp-json\/wp\/v2\/tags?post=78699"}],"curies":[{"name":"wp","href":"https:\/\/api.w.org\/{rel}","templated":true}]}}