{"id":78689,"date":"2026-03-19T07:39:34","date_gmt":"2026-03-19T06:39:34","guid":{"rendered":"https:\/\/dorogimedence.hu\/?p=78689"},"modified":"2026-03-19T09:04:01","modified_gmt":"2026-03-19T08:04:01","slug":"rangos-elismerest-kapott-a-nyergesujfalui-gyermekorvos","status":"publish","type":"post","link":"https:\/\/dorogimedence.hu\/index.php\/2026\/03\/19\/rangos-elismerest-kapott-a-nyergesujfalui-gyermekorvos\/","title":{"rendered":"Rangos elismer\u00e9st kapott a nyerges\u00fajfalui gyermekorvos"},"content":{"rendered":"<p><strong>Dr. Rov\u00e1cs Melinda, Nyerges\u00fajfalu gyermekorvosa nyerte el a <span style=\"text-decoration: underline; color: #0000ff;\"><a style=\"color: #0000ff; text-decoration: underline;\" href=\"https:\/\/szentgyorgyialbertorvosidij.hu\/\" target=\"_blank\" rel=\"noopener\">Szent-Gy\u00f6rgyi Albert Orvosi D\u00edj<\/a><\/span> \u00e9szaknyugat-magyarorsz\u00e1gi r\u00e9gi\u00f3j\u00e1nak k\u00f6z\u00f6ns\u00e9gd\u00edj\u00e1t, amely az egyik legrangosabb hazai szakmai \u00e9s t\u00e1rsadalmi elismer\u00e9s az eg\u00e9szs\u00e9g\u00fcgyben.<\/strong><\/p>\n<h3>A betegek szavazatai d\u00f6nt\u00f6ttek<\/h3>\n<p>A Szent-Gy\u00f6rgyi Albert Orvosi D\u00edjat 2017-ben hozta l\u00e9tre a Goodwill Pharma az Eg\u00e9szs\u00e9g\u00e9rt K\u00f6zhaszn\u00fa Alap\u00edtv\u00e1ny azzal a c\u00e9llal, hogy elismerje azokat az orvosokat, akik kiemelked\u0151 szakmai munk\u00e1jukkal \u00e9s embers\u00e9g\u00fckkel szolg\u00e1lj\u00e1k betegeiket. A d\u00edj k\u00fcl\u00f6nlegess\u00e9ge, hogy a k\u00f6z\u00f6ns\u00e9g is akt\u00edvan r\u00e9szt vesz a d\u00f6nt\u00e9sben.<\/p>\n<p>A jel\u00f6l\u00e9si id\u0151szak 2025. szeptember 16. \u00e9s november 17. k\u00f6z\u00f6tt zajlott, amely sor\u00e1n b\u00e1rki aj\u00e1nlhatta orvos\u00e1t a d\u00edjra, r\u00f6vid indokl\u00e1ssal vagy szem\u00e9lyes t\u00f6rt\u00e9nettel.<\/p>\n<p>A k\u00f6z\u00f6ns\u00e9gszavaz\u00e1s 2026. febru\u00e1r 16. \u00e9s m\u00e1rcius 16. k\u00f6z\u00f6tt zajlott, ez id\u0151 alatt a jel\u00f6ltek k\u00f6z\u00fcl lehetett kiv\u00e1lasztani a d\u00edjazottakat. Egy e-mail c\u00edmr\u0151l egy szavazatot lehetett leadni.<\/p>\n<p>\u00c9vente \u00f6sszesen nyolc k\u00f6z\u00f6ns\u00e9gd\u00edjat \u2013 r\u00e9gi\u00f3nk\u00e9nt egyet \u2013 \u00e9s k\u00e9t k\u00fcl\u00f6nd\u00edjat \u00edt\u00e9lnek oda, a d\u00edjazottak pedig fejenk\u00e9nt 500 ezer forintos elismer\u00e9sben r\u00e9szes\u00fclnek. Az \u00fcnnep\u00e9lyes d\u00edj\u00e1tad\u00f3 g\u00e1l\u00e1t v\u00e1rhat\u00f3an 2026. \u00e1prilis 23-\u00e1n rendezik meg Budapesten, a Magyar Tudom\u00e1nyos Akad\u00e9mi\u00e1n.<\/p>\n<h3>Dr. Rov\u00e1cs Melinda: a gy\u00f3gy\u00edt\u00e1s mellett szeml\u00e9letet is ad<\/h3>\n<p>A Kom\u00e1rom-Esztergom v\u00e1rmegy\u00e9hez k\u00f6t\u0151d\u0151 Dr. Rov\u00e1cs Melinda munk\u00e1j\u00e1ban kiemelt szerepet kap a prevenci\u00f3 \u00e9s a csal\u00e1dk\u00f6zpont\u00fa szeml\u00e9let. Praxis\u00e1ban nemcsak a klasszikus gyermekgy\u00f3gy\u00e1szat eszk\u00f6zeivel dolgozik, hanem integrat\u00edv megk\u00f6zel\u00edt\u00e9st alkalmaz, amelyben term\u00e9szetes m\u00f3dszerekkel is t\u00e1mogatja a gyermekek \u00e9s csal\u00e1djaik eg\u00e9szs\u00e9g\u00e9t.<\/p>\n<p>A d\u00edj elnyer\u00e9se kapcs\u00e1n <a href=\"https:\/\/www.facebook.com\/melinda.rovacs\" target=\"_blank\" rel=\"noopener\"><span style=\"text-decoration: underline; color: #0000ff;\">k\u00f6z\u00f6ss\u00e9gi oldal\u00e1n<\/span><\/a> \u00fagy fogalmazott: hatalmas \u00f6r\u00f6mmel \u00e9s megillet\u0151d\u00f6tts\u00e9ggel fogadta az elismer\u00e9st, k\u00fcl\u00f6n\u00f6sen az\u00e9rt, mert a jel\u00f6l\u00e9s a sz\u00fcl\u0151k aj\u00e1nl\u00e1sa alapj\u00e1n t\u00f6rt\u00e9nt. Kiemelte, hogy ez a d\u00edj nemcsak az \u0151 munk\u00e1j\u00e1nak sz\u00f3l, hanem a betegeivel kialak\u00edtott bizalomnak is, egyben megk\u00f6sz\u00f6nte a sok t\u00e1mogat\u00e1st \u00e9s pozit\u00edv visszajelz\u00e9st. Hozz\u00e1tette: a j\u00f6v\u0151ben is ugyanazzal az odaad\u00e1ssal \u00e9s szakmai al\u00e1zattal folytatja munk\u00e1j\u00e1t, mint eddig.<\/p>\n<p><em>A kemma.hu Dr. Rov\u00e1cs Melind\u00e1val interj\u00fat is k\u00e9sz\u00edtett a k\u00f6zelm\u00faltban, amely <a href=\"https:\/\/www.kemma.hu\/helyi-kozelet\/2026\/03\/szent-gyorgyi-albert-orvosi-dij-rovacs-melinda-gyermek\" target=\"_blank\" rel=\"noopener\"><span style=\"text-decoration: underline; color: #0000ff;\">ide kattintva<\/span><\/a> olvashat\u00f3 el.<\/em><\/p>\n<h3>\u0150k lettek a k\u00f6z\u00f6ns\u00e9gd\u00edjasok<\/h3>\n<p>A 2026-os Szent-Gy\u00f6rgyi Albert Orvosi D\u00edj k\u00f6z\u00f6ns\u00e9gd\u00edjasai r\u00e9gi\u00f3nk\u00e9nt:<\/p>\n<ul>\n<li>Budapest: Dr. Cs\u00e9csei M\u00e1rta \u00c9va (gyermekgy\u00f3gy\u00e1sz), Dr. Sebesi Judit (h\u00e1ziorvos)<\/li>\n<li>\u00c9szak-Magyarorsz\u00e1g: Dr. K\u00e1ntor Ir\u00e9n (gyermekgy\u00f3gy\u00e1sz, S\u00e1rospatak)<\/li>\n<li>\u00c9szakkelet-Magyarorsz\u00e1g: Dr. Valcs\u00e1k Attila (h\u00e1ziorvos, Ny\u00edregyh\u00e1za)<\/li>\n<li>D\u00e9lkelet-Magyarorsz\u00e1g: Dr. Percs \u00c1gnes (gyermekgy\u00f3gy\u00e1sz, h\u00e1ziorvos, Kecel)<\/li>\n<li>K\u00f6z\u00e9p-Magyarorsz\u00e1g: Dr. B\u00fckki Veronika (gyermekorvos, Monor)<\/li>\n<li>\u00c9szaknyugat-Magyarorsz\u00e1g: Dr. Rov\u00e1cs Melinda (gyermekorvos, Nyerges\u00fajfalu)<\/li>\n<li>D\u00e9lnyugat-Magyarorsz\u00e1g: Dr. M\u00e1rkus Anita (gyermekgy\u00f3gy\u00e1sz, neonatol\u00f3gus, Si\u00f3fok)<\/li>\n<\/ul>\n<p>A szervez\u0151k emellett k\u00e9t k\u00fcl\u00f6nd\u00edjat is \u00e1tadnak \u2013 egy fiatal orvosnak sz\u00f3l\u00f3 Goodwill Pharma k\u00fcl\u00f6nd\u00edjat, valamint egy \u00e9letm\u0171d\u00edjat \u2013, ezek eredm\u00e9ny\u00e9t k\u00e9s\u0151bb hozz\u00e1k nyilv\u00e1noss\u00e1gra.<\/p>\n<p>A d\u00edj ism\u00e9t r\u00e1ir\u00e1ny\u00edtotta a figyelmet azokra az orvosokra, akik nemcsak szakmailag kiemelked\u0151k, hanem embers\u00e9g\u00fckkel is p\u00e9ld\u00e1t mutatnak a mindennapokban.<\/p>\n<p><em>Felhaszn\u00e1lt forr\u00e1sok: <a href=\"https:\/\/szentgyorgyialbertorvosidij.hu\/\" target=\"_blank\" rel=\"noopener\"><span style=\"text-decoration: underline; color: #0000ff;\">szentgyorgyialbertorvosidij.hu<\/span><\/a> \/ <a href=\"https:\/\/www.facebook.com\/homeopatia.info.hu\/\" target=\"_blank\" rel=\"noopener\"><span style=\"text-decoration: underline; color: #0000ff;\">homeopatia.info.hu<\/span><\/a> \/ <a href=\"https:\/\/www.facebook.com\/melinda.rovacs\" target=\"_blank\" rel=\"noopener\"><span style=\"text-decoration: underline; color: #0000ff;\">Rov\u00e1cs Melinda Facebook-oldala<\/span><\/a><br \/>\nBor\u00edt\u00f3k\u00e9p: Rov\u00e1cs Melinda Facebook-oldala<\/em><\/p>\n","protected":false},"excerpt":{"rendered":"<p>Dr. Rov\u00e1cs Melinda, Nyerges\u00fajfalu gyermekorvosa nyerte el a Szent-Gy\u00f6rgyi Albert Orvosi D\u00edj \u00e9szaknyugat-magyarorsz\u00e1gi r\u00e9gi\u00f3j\u00e1nak k\u00f6z\u00f6ns\u00e9gd\u00edj\u00e1t, amely az egyik legrangosabb hazai szakmai \u00e9s t\u00e1rsadalmi elismer\u00e9s az eg\u00e9szs\u00e9g\u00fcgyben. A betegek szavazatai d\u00f6nt\u00f6ttek A Szent-Gy\u00f6rgyi Albert Orvosi D\u00edjat 2017-ben hozta l\u00e9tre a Goodwill Pharma az Eg\u00e9szs\u00e9g\u00e9rt K\u00f6zhaszn\u00fa Alap\u00edtv\u00e1ny azzal a c\u00e9llal, hogy elismerje azokat az orvosokat, akik kiemelked\u0151<\/p>\n","protected":false},"author":1,"featured_media":78690,"comment_status":"closed","ping_status":"closed","sticky":false,"template":"","format":"standard","meta":{"ngg_post_thumbnail":0,"footnotes":""},"categories":[3,1390],"tags":[8790,5624,140,8726],"class_list":{"0":"post-78689","1":"post","2":"type-post","3":"status-publish","4":"format-standard","5":"has-post-thumbnail","7":"category-hirek","8":"category-nyergesujfalu","9":"tag-dr-rovacs-melinda","10":"tag-featured","11":"tag-nyergesujfalu","12":"tag-szent-gyorgyi-albert-orvosi-dij"},"yoast_head":"<!-- This site is optimized with the Yoast SEO plugin v27.4 - https:\/\/yoast.com\/product\/yoast-seo-wordpress\/ -->\n<title>Rangos elismer\u00e9st kapott a nyerges\u00fajfalui gyermekorvos<\/title>\n<meta name=\"robots\" content=\"index, follow, max-snippet:-1, max-image-preview:large, max-video-preview:-1\" \/>\n<link rel=\"canonical\" href=\"https:\/\/dorogimedence.hu\/index.php\/2026\/03\/19\/rangos-elismerest-kapott-a-nyergesujfalui-gyermekorvos\/\" class=\"yoast-seo-meta-tag\" \/>\n<meta property=\"og:locale\" content=\"hu_HU\" class=\"yoast-seo-meta-tag\" \/>\n<meta property=\"og:type\" content=\"article\" class=\"yoast-seo-meta-tag\" \/>\n<meta property=\"og:title\" content=\"Rangos elismer\u00e9st kapott a nyerges\u00fajfalui gyermekorvos\" class=\"yoast-seo-meta-tag\" \/>\n<meta property=\"og:description\" content=\"Dr. Rov\u00e1cs Melinda, Nyerges\u00fajfalu gyermekorvosa nyerte el a Szent-Gy\u00f6rgyi Albert Orvosi D\u00edj \u00e9szaknyugat-magyarorsz\u00e1gi r\u00e9gi\u00f3j\u00e1nak k\u00f6z\u00f6ns\u00e9gd\u00edj\u00e1t, amely az egyik legrangosabb hazai szakmai \u00e9s t\u00e1rsadalmi elismer\u00e9s az eg\u00e9szs\u00e9g\u00fcgyben. A betegek szavazatai d\u00f6nt\u00f6ttek A Szent-Gy\u00f6rgyi Albert Orvosi D\u00edjat 2017-ben hozta l\u00e9tre a Goodwill Pharma az Eg\u00e9szs\u00e9g\u00e9rt K\u00f6zhaszn\u00fa Alap\u00edtv\u00e1ny azzal a c\u00e9llal, hogy elismerje azokat az orvosokat, akik kiemelked\u0151\" class=\"yoast-seo-meta-tag\" \/>\n<meta property=\"og:url\" content=\"https:\/\/dorogimedence.hu\/index.php\/2026\/03\/19\/rangos-elismerest-kapott-a-nyergesujfalui-gyermekorvos\/\" class=\"yoast-seo-meta-tag\" \/>\n<meta property=\"og:site_name\" content=\"Dorogi-medence Region\u00e1lis H\u00edrport\u00e1l\" class=\"yoast-seo-meta-tag\" \/>\n<meta property=\"article:publisher\" content=\"https:\/\/www.facebook.com\/dorogimedence\/\" class=\"yoast-seo-meta-tag\" \/>\n<meta property=\"article:published_time\" content=\"2026-03-19T06:39:34+00:00\" class=\"yoast-seo-meta-tag\" \/>\n<meta property=\"article:modified_time\" content=\"2026-03-19T08:04:01+00:00\" class=\"yoast-seo-meta-tag\" \/>\n<meta property=\"og:image\" content=\"https:\/\/dorogimedence.hu\/wp-content\/uploads\/2026\/03\/rovacs-melinda.jpg\" class=\"yoast-seo-meta-tag\" \/>\n\t<meta property=\"og:image:width\" content=\"1920\" class=\"yoast-seo-meta-tag\" \/>\n\t<meta property=\"og:image:height\" content=\"970\" class=\"yoast-seo-meta-tag\" \/>\n\t<meta property=\"og:image:type\" content=\"image\/jpeg\" class=\"yoast-seo-meta-tag\" \/>\n<meta name=\"author\" content=\"dorogimedence.hu\" class=\"yoast-seo-meta-tag\" \/>\n<meta name=\"twitter:card\" content=\"summary_large_image\" class=\"yoast-seo-meta-tag\" \/>\n<meta name=\"twitter:label1\" content=\"Szerz\u0151:\" class=\"yoast-seo-meta-tag\" \/>\n\t<meta name=\"twitter:data1\" content=\"dorogimedence.hu\" class=\"yoast-seo-meta-tag\" \/>\n\t<meta name=\"twitter:label2\" content=\"Becs\u00fclt olvas\u00e1si id\u0151\" class=\"yoast-seo-meta-tag\" \/>\n\t<meta name=\"twitter:data2\" content=\"3 perc\" class=\"yoast-seo-meta-tag\" \/>\n<script type=\"application\/ld+json\" class=\"yoast-schema-graph\">{\"@context\":\"https:\\\/\\\/schema.org\",\"@graph\":[{\"@type\":\"Article\",\"@id\":\"https:\\\/\\\/dorogimedence.hu\\\/index.php\\\/2026\\\/03\\\/19\\\/rangos-elismerest-kapott-a-nyergesujfalui-gyermekorvos\\\/#article\",\"isPartOf\":{\"@id\":\"https:\\\/\\\/dorogimedence.hu\\\/index.php\\\/2026\\\/03\\\/19\\\/rangos-elismerest-kapott-a-nyergesujfalui-gyermekorvos\\\/\"},\"author\":{\"name\":\"dorogimedence.hu\",\"@id\":\"https:\\\/\\\/dorogimedence.hu\\\/#\\\/schema\\\/person\\\/ce6091eeb7e95ecdc87890d6aa8e0fd4\"},\"headline\":\"Rangos elismer\u00e9st kapott a nyerges\u00fajfalui gyermekorvos\",\"datePublished\":\"2026-03-19T06:39:34+00:00\",\"dateModified\":\"2026-03-19T08:04:01+00:00\",\"mainEntityOfPage\":{\"@id\":\"https:\\\/\\\/dorogimedence.hu\\\/index.php\\\/2026\\\/03\\\/19\\\/rangos-elismerest-kapott-a-nyergesujfalui-gyermekorvos\\\/\"},\"wordCount\":667,\"publisher\":{\"@id\":\"https:\\\/\\\/dorogimedence.hu\\\/#organization\"},\"image\":{\"@id\":\"https:\\\/\\\/dorogimedence.hu\\\/index.php\\\/2026\\\/03\\\/19\\\/rangos-elismerest-kapott-a-nyergesujfalui-gyermekorvos\\\/#primaryimage\"},\"thumbnailUrl\":\"https:\\\/\\\/dorogimedence.hu\\\/wp-content\\\/uploads\\\/2026\\\/03\\\/rovacs-melinda.jpg\",\"keywords\":[\"Dr. Rov\u00e1cs Melinda\",\"featured\",\"Nyerges\u00fajfalu\",\"Szent-Gy\u00f6rgyi Albert Orvosi D\u00edj\"],\"articleSection\":[\"H\u00edrek\",\"Nyerges\u00fajfalu\"],\"inLanguage\":\"hu\"},{\"@type\":\"WebPage\",\"@id\":\"https:\\\/\\\/dorogimedence.hu\\\/index.php\\\/2026\\\/03\\\/19\\\/rangos-elismerest-kapott-a-nyergesujfalui-gyermekorvos\\\/\",\"url\":\"https:\\\/\\\/dorogimedence.hu\\\/index.php\\\/2026\\\/03\\\/19\\\/rangos-elismerest-kapott-a-nyergesujfalui-gyermekorvos\\\/\",\"name\":\"Rangos elismer\u00e9st kapott a nyerges\u00fajfalui gyermekorvos\",\"isPartOf\":{\"@id\":\"https:\\\/\\\/dorogimedence.hu\\\/#website\"},\"primaryImageOfPage\":{\"@id\":\"https:\\\/\\\/dorogimedence.hu\\\/index.php\\\/2026\\\/03\\\/19\\\/rangos-elismerest-kapott-a-nyergesujfalui-gyermekorvos\\\/#primaryimage\"},\"image\":{\"@id\":\"https:\\\/\\\/dorogimedence.hu\\\/index.php\\\/2026\\\/03\\\/19\\\/rangos-elismerest-kapott-a-nyergesujfalui-gyermekorvos\\\/#primaryimage\"},\"thumbnailUrl\":\"https:\\\/\\\/dorogimedence.hu\\\/wp-content\\\/uploads\\\/2026\\\/03\\\/rovacs-melinda.jpg\",\"datePublished\":\"2026-03-19T06:39:34+00:00\",\"dateModified\":\"2026-03-19T08:04:01+00:00\",\"breadcrumb\":{\"@id\":\"https:\\\/\\\/dorogimedence.hu\\\/index.php\\\/2026\\\/03\\\/19\\\/rangos-elismerest-kapott-a-nyergesujfalui-gyermekorvos\\\/#breadcrumb\"},\"inLanguage\":\"hu\",\"potentialAction\":[{\"@type\":\"ReadAction\",\"target\":[\"https:\\\/\\\/dorogimedence.hu\\\/index.php\\\/2026\\\/03\\\/19\\\/rangos-elismerest-kapott-a-nyergesujfalui-gyermekorvos\\\/\"]}]},{\"@type\":\"ImageObject\",\"inLanguage\":\"hu\",\"@id\":\"https:\\\/\\\/dorogimedence.hu\\\/index.php\\\/2026\\\/03\\\/19\\\/rangos-elismerest-kapott-a-nyergesujfalui-gyermekorvos\\\/#primaryimage\",\"url\":\"https:\\\/\\\/dorogimedence.hu\\\/wp-content\\\/uploads\\\/2026\\\/03\\\/rovacs-melinda.jpg\",\"contentUrl\":\"https:\\\/\\\/dorogimedence.hu\\\/wp-content\\\/uploads\\\/2026\\\/03\\\/rovacs-melinda.jpg\",\"width\":1920,\"height\":970},{\"@type\":\"BreadcrumbList\",\"@id\":\"https:\\\/\\\/dorogimedence.hu\\\/index.php\\\/2026\\\/03\\\/19\\\/rangos-elismerest-kapott-a-nyergesujfalui-gyermekorvos\\\/#breadcrumb\",\"itemListElement\":[{\"@type\":\"ListItem\",\"position\":1,\"name\":\"Kezd\u0151lap\",\"item\":\"https:\\\/\\\/dorogimedence.hu\\\/\"},{\"@type\":\"ListItem\",\"position\":2,\"name\":\"Rangos elismer\u00e9st kapott a nyerges\u00fajfalui gyermekorvos\"}]},{\"@type\":\"WebSite\",\"@id\":\"https:\\\/\\\/dorogimedence.hu\\\/#website\",\"url\":\"https:\\\/\\\/dorogimedence.hu\\\/\",\"name\":\"Dorogi-medence Region\u00e1lis H\u00edrport\u00e1l\",\"description\":\"Dorog, Keszt\u00f6lc, Le\u00e1nyv\u00e1r, Piliscs\u00e9v, Tokod, Tokodalt\u00e1r\u00f3, Csolnok, Esztergom-kertv\u00e1ros: h\u00edrek, programok\",\"publisher\":{\"@id\":\"https:\\\/\\\/dorogimedence.hu\\\/#organization\"},\"potentialAction\":[{\"@type\":\"SearchAction\",\"target\":{\"@type\":\"EntryPoint\",\"urlTemplate\":\"https:\\\/\\\/dorogimedence.hu\\\/?s={search_term_string}\"},\"query-input\":{\"@type\":\"PropertyValueSpecification\",\"valueRequired\":true,\"valueName\":\"search_term_string\"}}],\"inLanguage\":\"hu\"},{\"@type\":\"Organization\",\"@id\":\"https:\\\/\\\/dorogimedence.hu\\\/#organization\",\"name\":\"Dorogi-medence Region\u00e1lis H\u00edrport\u00e1l\",\"url\":\"https:\\\/\\\/dorogimedence.hu\\\/\",\"logo\":{\"@type\":\"ImageObject\",\"inLanguage\":\"hu\",\"@id\":\"https:\\\/\\\/dorogimedence.hu\\\/#\\\/schema\\\/logo\\\/image\\\/\",\"url\":\"https:\\\/\\\/dorogimedence.hu\\\/wp-content\\\/uploads\\\/2021\\\/04\\\/logo-feher-600.png\",\"contentUrl\":\"https:\\\/\\\/dorogimedence.hu\\\/wp-content\\\/uploads\\\/2021\\\/04\\\/logo-feher-600.png\",\"width\":600,\"height\":100,\"caption\":\"Dorogi-medence Region\u00e1lis H\u00edrport\u00e1l\"},\"image\":{\"@id\":\"https:\\\/\\\/dorogimedence.hu\\\/#\\\/schema\\\/logo\\\/image\\\/\"},\"sameAs\":[\"https:\\\/\\\/www.facebook.com\\\/dorogimedence\\\/\"]},{\"@type\":\"Person\",\"@id\":\"https:\\\/\\\/dorogimedence.hu\\\/#\\\/schema\\\/person\\\/ce6091eeb7e95ecdc87890d6aa8e0fd4\",\"name\":\"dorogimedence.hu\",\"image\":{\"@type\":\"ImageObject\",\"inLanguage\":\"hu\",\"@id\":\"\\\/\\\/www.gravatar.com\\\/avatar\\\/d8d45f8901aadff40a4af72c0b826f1d?s=96&#038;r=g&#038;d=mm\",\"url\":\"\\\/\\\/www.gravatar.com\\\/avatar\\\/d8d45f8901aadff40a4af72c0b826f1d?s=96&#038;r=g&#038;d=mm\",\"contentUrl\":\"\\\/\\\/www.gravatar.com\\\/avatar\\\/d8d45f8901aadff40a4af72c0b826f1d?s=96&#038;r=g&#038;d=mm\",\"caption\":\"dorogimedence.hu\"}}]}<\/script>\n<!-- \/ Yoast SEO plugin. -->","yoast_head_json":{"title":"Rangos elismer\u00e9st kapott a nyerges\u00fajfalui gyermekorvos","robots":{"index":"index","follow":"follow","max-snippet":"max-snippet:-1","max-image-preview":"max-image-preview:large","max-video-preview":"max-video-preview:-1"},"canonical":"https:\/\/dorogimedence.hu\/index.php\/2026\/03\/19\/rangos-elismerest-kapott-a-nyergesujfalui-gyermekorvos\/","og_locale":"hu_HU","og_type":"article","og_title":"Rangos elismer\u00e9st kapott a nyerges\u00fajfalui gyermekorvos","og_description":"Dr. Rov\u00e1cs Melinda, Nyerges\u00fajfalu gyermekorvosa nyerte el a Szent-Gy\u00f6rgyi Albert Orvosi D\u00edj \u00e9szaknyugat-magyarorsz\u00e1gi r\u00e9gi\u00f3j\u00e1nak k\u00f6z\u00f6ns\u00e9gd\u00edj\u00e1t, amely az egyik legrangosabb hazai szakmai \u00e9s t\u00e1rsadalmi elismer\u00e9s az eg\u00e9szs\u00e9g\u00fcgyben. A betegek szavazatai d\u00f6nt\u00f6ttek A Szent-Gy\u00f6rgyi Albert Orvosi D\u00edjat 2017-ben hozta l\u00e9tre a Goodwill Pharma az Eg\u00e9szs\u00e9g\u00e9rt K\u00f6zhaszn\u00fa Alap\u00edtv\u00e1ny azzal a c\u00e9llal, hogy elismerje azokat az orvosokat, akik kiemelked\u0151","og_url":"https:\/\/dorogimedence.hu\/index.php\/2026\/03\/19\/rangos-elismerest-kapott-a-nyergesujfalui-gyermekorvos\/","og_site_name":"Dorogi-medence Region\u00e1lis H\u00edrport\u00e1l","article_publisher":"https:\/\/www.facebook.com\/dorogimedence\/","article_published_time":"2026-03-19T06:39:34+00:00","article_modified_time":"2026-03-19T08:04:01+00:00","og_image":[{"width":1920,"height":970,"url":"https:\/\/dorogimedence.hu\/wp-content\/uploads\/2026\/03\/rovacs-melinda.jpg","type":"image\/jpeg"}],"author":"dorogimedence.hu","twitter_card":"summary_large_image","twitter_misc":{"Szerz\u0151:":"dorogimedence.hu","Becs\u00fclt olvas\u00e1si id\u0151":"3 perc"},"schema":{"@context":"https:\/\/schema.org","@graph":[{"@type":"Article","@id":"https:\/\/dorogimedence.hu\/index.php\/2026\/03\/19\/rangos-elismerest-kapott-a-nyergesujfalui-gyermekorvos\/#article","isPartOf":{"@id":"https:\/\/dorogimedence.hu\/index.php\/2026\/03\/19\/rangos-elismerest-kapott-a-nyergesujfalui-gyermekorvos\/"},"author":{"name":"dorogimedence.hu","@id":"https:\/\/dorogimedence.hu\/#\/schema\/person\/ce6091eeb7e95ecdc87890d6aa8e0fd4"},"headline":"Rangos elismer\u00e9st kapott a nyerges\u00fajfalui gyermekorvos","datePublished":"2026-03-19T06:39:34+00:00","dateModified":"2026-03-19T08:04:01+00:00","mainEntityOfPage":{"@id":"https:\/\/dorogimedence.hu\/index.php\/2026\/03\/19\/rangos-elismerest-kapott-a-nyergesujfalui-gyermekorvos\/"},"wordCount":667,"publisher":{"@id":"https:\/\/dorogimedence.hu\/#organization"},"image":{"@id":"https:\/\/dorogimedence.hu\/index.php\/2026\/03\/19\/rangos-elismerest-kapott-a-nyergesujfalui-gyermekorvos\/#primaryimage"},"thumbnailUrl":"https:\/\/dorogimedence.hu\/wp-content\/uploads\/2026\/03\/rovacs-melinda.jpg","keywords":["Dr. Rov\u00e1cs Melinda","featured","Nyerges\u00fajfalu","Szent-Gy\u00f6rgyi Albert Orvosi D\u00edj"],"articleSection":["H\u00edrek","Nyerges\u00fajfalu"],"inLanguage":"hu"},{"@type":"WebPage","@id":"https:\/\/dorogimedence.hu\/index.php\/2026\/03\/19\/rangos-elismerest-kapott-a-nyergesujfalui-gyermekorvos\/","url":"https:\/\/dorogimedence.hu\/index.php\/2026\/03\/19\/rangos-elismerest-kapott-a-nyergesujfalui-gyermekorvos\/","name":"Rangos elismer\u00e9st kapott a nyerges\u00fajfalui gyermekorvos","isPartOf":{"@id":"https:\/\/dorogimedence.hu\/#website"},"primaryImageOfPage":{"@id":"https:\/\/dorogimedence.hu\/index.php\/2026\/03\/19\/rangos-elismerest-kapott-a-nyergesujfalui-gyermekorvos\/#primaryimage"},"image":{"@id":"https:\/\/dorogimedence.hu\/index.php\/2026\/03\/19\/rangos-elismerest-kapott-a-nyergesujfalui-gyermekorvos\/#primaryimage"},"thumbnailUrl":"https:\/\/dorogimedence.hu\/wp-content\/uploads\/2026\/03\/rovacs-melinda.jpg","datePublished":"2026-03-19T06:39:34+00:00","dateModified":"2026-03-19T08:04:01+00:00","breadcrumb":{"@id":"https:\/\/dorogimedence.hu\/index.php\/2026\/03\/19\/rangos-elismerest-kapott-a-nyergesujfalui-gyermekorvos\/#breadcrumb"},"inLanguage":"hu","potentialAction":[{"@type":"ReadAction","target":["https:\/\/dorogimedence.hu\/index.php\/2026\/03\/19\/rangos-elismerest-kapott-a-nyergesujfalui-gyermekorvos\/"]}]},{"@type":"ImageObject","inLanguage":"hu","@id":"https:\/\/dorogimedence.hu\/index.php\/2026\/03\/19\/rangos-elismerest-kapott-a-nyergesujfalui-gyermekorvos\/#primaryimage","url":"https:\/\/dorogimedence.hu\/wp-content\/uploads\/2026\/03\/rovacs-melinda.jpg","contentUrl":"https:\/\/dorogimedence.hu\/wp-content\/uploads\/2026\/03\/rovacs-melinda.jpg","width":1920,"height":970},{"@type":"BreadcrumbList","@id":"https:\/\/dorogimedence.hu\/index.php\/2026\/03\/19\/rangos-elismerest-kapott-a-nyergesujfalui-gyermekorvos\/#breadcrumb","itemListElement":[{"@type":"ListItem","position":1,"name":"Kezd\u0151lap","item":"https:\/\/dorogimedence.hu\/"},{"@type":"ListItem","position":2,"name":"Rangos elismer\u00e9st kapott a nyerges\u00fajfalui gyermekorvos"}]},{"@type":"WebSite","@id":"https:\/\/dorogimedence.hu\/#website","url":"https:\/\/dorogimedence.hu\/","name":"Dorogi-medence Region\u00e1lis H\u00edrport\u00e1l","description":"Dorog, Keszt\u00f6lc, Le\u00e1nyv\u00e1r, Piliscs\u00e9v, Tokod, Tokodalt\u00e1r\u00f3, Csolnok, Esztergom-kertv\u00e1ros: h\u00edrek, programok","publisher":{"@id":"https:\/\/dorogimedence.hu\/#organization"},"potentialAction":[{"@type":"SearchAction","target":{"@type":"EntryPoint","urlTemplate":"https:\/\/dorogimedence.hu\/?s={search_term_string}"},"query-input":{"@type":"PropertyValueSpecification","valueRequired":true,"valueName":"search_term_string"}}],"inLanguage":"hu"},{"@type":"Organization","@id":"https:\/\/dorogimedence.hu\/#organization","name":"Dorogi-medence Region\u00e1lis H\u00edrport\u00e1l","url":"https:\/\/dorogimedence.hu\/","logo":{"@type":"ImageObject","inLanguage":"hu","@id":"https:\/\/dorogimedence.hu\/#\/schema\/logo\/image\/","url":"https:\/\/dorogimedence.hu\/wp-content\/uploads\/2021\/04\/logo-feher-600.png","contentUrl":"https:\/\/dorogimedence.hu\/wp-content\/uploads\/2021\/04\/logo-feher-600.png","width":600,"height":100,"caption":"Dorogi-medence Region\u00e1lis H\u00edrport\u00e1l"},"image":{"@id":"https:\/\/dorogimedence.hu\/#\/schema\/logo\/image\/"},"sameAs":["https:\/\/www.facebook.com\/dorogimedence\/"]},{"@type":"Person","@id":"https:\/\/dorogimedence.hu\/#\/schema\/person\/ce6091eeb7e95ecdc87890d6aa8e0fd4","name":"dorogimedence.hu","image":{"@type":"ImageObject","inLanguage":"hu","@id":"\/\/www.gravatar.com\/avatar\/d8d45f8901aadff40a4af72c0b826f1d?s=96&#038;r=g&#038;d=mm","url":"\/\/www.gravatar.com\/avatar\/d8d45f8901aadff40a4af72c0b826f1d?s=96&#038;r=g&#038;d=mm","contentUrl":"\/\/www.gravatar.com\/avatar\/d8d45f8901aadff40a4af72c0b826f1d?s=96&#038;r=g&#038;d=mm","caption":"dorogimedence.hu"}}]}},"_links":{"self":[{"href":"https:\/\/dorogimedence.hu\/index.php\/wp-json\/wp\/v2\/posts\/78689","targetHints":{"allow":["GET"]}}],"collection":[{"href":"https:\/\/dorogimedence.hu\/index.php\/wp-json\/wp\/v2\/posts"}],"about":[{"href":"https:\/\/dorogimedence.hu\/index.php\/wp-json\/wp\/v2\/types\/post"}],"author":[{"embeddable":true,"href":"https:\/\/dorogimedence.hu\/index.php\/wp-json\/wp\/v2\/users\/1"}],"replies":[{"embeddable":true,"href":"https:\/\/dorogimedence.hu\/index.php\/wp-json\/wp\/v2\/comments?post=78689"}],"version-history":[{"count":3,"href":"https:\/\/dorogimedence.hu\/index.php\/wp-json\/wp\/v2\/posts\/78689\/revisions"}],"predecessor-version":[{"id":78693,"href":"https:\/\/dorogimedence.hu\/index.php\/wp-json\/wp\/v2\/posts\/78689\/revisions\/78693"}],"wp:featuredmedia":[{"embeddable":true,"href":"https:\/\/dorogimedence.hu\/index.php\/wp-json\/wp\/v2\/media\/78690"}],"wp:attachment":[{"href":"https:\/\/dorogimedence.hu\/index.php\/wp-json\/wp\/v2\/media?parent=78689"}],"wp:term":[{"taxonomy":"category","embeddable":true,"href":"https:\/\/dorogimedence.hu\/index.php\/wp-json\/wp\/v2\/categories?post=78689"},{"taxonomy":"post_tag","embeddable":true,"href":"https:\/\/dorogimedence.hu\/index.php\/wp-json\/wp\/v2\/tags?post=78689"}],"curies":[{"name":"wp","href":"https:\/\/api.w.org\/{rel}","templated":true}]}}