{"id":78680,"date":"2026-03-19T06:34:34","date_gmt":"2026-03-19T05:34:34","guid":{"rendered":"https:\/\/dorogimedence.hu\/?p=78680"},"modified":"2026-03-19T06:34:34","modified_gmt":"2026-03-19T05:34:34","slug":"nem-volt-kerdes-szombathelyen-siman-nyert-az-esztergom","status":"publish","type":"post","link":"https:\/\/dorogimedence.hu\/index.php\/2026\/03\/19\/nem-volt-kerdes-szombathelyen-siman-nyert-az-esztergom\/","title":{"rendered":"Nem volt k\u00e9rd\u00e9s Szombathelyen: sim\u00e1n nyert az Esztergom"},"content":{"rendered":"<p><strong>\u00dajabb \u00e9rt\u00e9kes k\u00e9t ponttal gazdagodott a MOL Esztergom a n\u0151i k\u00e9zilabda NB I-ben: Elek G\u00e1bor egy\u00fcttese 34\u201328-ra gy\u0151z\u00f6tt a Szombathelyi KKA otthon\u00e1ban a 18. fordul\u00f3ban, m\u00e1rcius 18-\u00e1n.<\/strong><\/p>\n<h3>V\u00e9gig k\u00e9zben tartott\u00e1k a m\u00e9rk\u0151z\u00e9st<\/h3>\n<p>A tal\u00e1lkoz\u00f3 elej\u00e9n m\u00e9g szoros volt az \u00e1ll\u00e1s, az els\u0151 percekben fej fej mellett haladtak a csapatok (5. perc: 3\u20133). Az esztergomiak azonban hamar ritmust v\u00e1ltottak, \u00e9s a f\u00e9lid\u0151 k\u00f6zep\u00e9re m\u00e1r t\u00f6bbg\u00f3los el\u0151nyt \u00e9p\u00edtettek ki (15. perc: 7\u201312). A hazaiak ugyan t\u00f6bbsz\u00f6r visszaz\u00e1rk\u00f3ztak, de a sz\u00fcnetben \u00edgy is a vend\u00e9gek vezettek 17\u201315-re.<\/p>\n<p>A fordul\u00e1s ut\u00e1n egy\u00e9rtelm\u0171en a MOL Esztergom akarata \u00e9rv\u00e9nyes\u00fclt: fokozatosan n\u00f6velt\u00e9k el\u0151ny\u00fcket, a 45. percre m\u00e1r nyolc g\u00f3llal is vezettek (21\u201329). A hajr\u00e1ban ugyan kozmetik\u00e1zott az eredm\u00e9nyen a Szombathely, de az esztergomi siker nem forgott vesz\u00e9lyben.<\/p>\n<h3>T\u00f6bb j\u00f3 egy\u00e9ni teljes\u00edtm\u00e9ny<\/h3>\n<p>A vend\u00e9gekn\u00e9l t\u00f6bben is kiemelked\u0151en j\u00e1tszottak:<\/p>\n<ul>\n<li>Farag\u00f3 Lea 9 g\u00f3lig jutott<\/li>\n<li>Kov\u00e1cs Anett 7 tal\u00e1latot szerzett<\/li>\n<li>Varga Em\u00edlia 5 g\u00f3lt dobott (ebb\u0151l 4 hetesb\u0151l)<\/li>\n<\/ul>\n<p>A kapuban Bukovszky Anna is fontos szerepet j\u00e1tszott, t\u00f6bb kulcsfontoss\u00e1g\u00fa v\u00e9d\u00e9ssel seg\u00edtette csapat\u00e1t.<\/p>\n<p>A hazaiakn\u00e1l P\u0151d\u00f6r Rebeka 13 g\u00f3lig jutott, de ez sem volt elegend\u0151 a pontszerz\u00e9shez.<\/p>\n<h3>Eredm\u00e9ny<\/h3>\n<p><strong>Szombathelyi KKA\u2013Mol Esztergom 28\u201334 <\/strong>(15\u201317)<br \/>\n<strong>Halad\u00e1s Sportcsarnok, 450<\/strong> n\u00e9z\u0151. <strong>V:<\/strong> Felh\u0151, \u00d6csi<br \/>\n<strong>SZKKA:<\/strong> Szimics \u2013 SZEMES <strong>3,<\/strong> P\u0151d\u00f6r B. <strong>3,<\/strong> Szeber\u00e9nyi, P\u00e1sztor N. <strong>3,<\/strong> P\u0150D\u00d6R R. <strong>13 (7),<\/strong> Sallai <strong>1.Csere:<\/strong> Kors\u00f3s, GY\u0150RI A. (kapusok), T\u00f6r\u00f6k Fanni, Tolnai, Dzsatevszka <strong>1,<\/strong> Varga N., B\u0151sze <strong>1,<\/strong> Smetkov\u00e1 <strong>3.<\/strong> <strong>Edz\u0151:<\/strong> P\u0151d\u00f6r Zolt\u00e1n<br \/>\n<strong>ESZTERGOM:<\/strong> Bukovszky \u2013 KOV\u00c1CS ANETT <strong>7,<\/strong> Ballai B. <strong>1,<\/strong> Horv\u00e1th F. <strong>3,&nbsp;<\/strong>KISFALUDY <strong>2,<\/strong> FARAG\u00d3 LEA <strong>9,<\/strong> Schatzl Natalie <strong>1.<\/strong> <strong>Csere:<\/strong> Par\u00e1k (kapus), Varga Em\u00edlia <strong>5 (4),<\/strong> HAJTAI <strong>3,<\/strong> Szmolek <strong>2,<\/strong> Majoros K., Ballai A., Jacques <strong>1,<\/strong> Tepl\u00e1n, Szucs\u00e1nszki. <strong>Edz\u0151:<\/strong> Elek G\u00e1bor<br \/>\n<strong>Az eredm\u00e9ny alakul\u00e1sa.<\/strong> <strong>6. perc:<\/strong> 3\u20134. <strong>12. p.:<\/strong> 5\u201310. <strong>17. p.:<\/strong> 9\u201312. <strong>23. p.:<\/strong> 13\u201314. <strong>27. p.:&nbsp;<\/strong>13\u201316. <strong>36. p.:<\/strong> 17\u201321. <strong>42. p.:&nbsp;<\/strong>20\u201325. <strong>46. p.:<\/strong> 21\u201329. <strong>53. p.:<\/strong> 24\u201330. <strong>57. p.:<\/strong> 27\u2013 32. <strong>Ki\u00e1ll\u00edt\u00e1sok:<\/strong> 0, ill. 8 perc. <strong>H\u00e9tm\u00e9teresek:<\/strong> 7\/7, ill. 4\/4<\/p>\n<h3>Edz\u0151i \u00e9rt\u00e9kel\u00e9sek<\/h3>\n<p>A szombathelyiek vezet\u0151edz\u0151je, P\u0151d\u00f6r Zolt\u00e1n szerint a m\u00e1sodik f\u00e9lid\u0151ben sok hiba d\u00f6nt\u00f6tte el a m\u00e9rk\u0151z\u00e9st, \u00e9s a hajr\u00e1ban hi\u00e1nyolta a k\u00fczd\u00e9st csapat\u00e1b\u00f3l.<\/p>\n<p>Elek G\u00e1bor, a MOL Esztergom vezet\u0151edz\u0151je \u00fagy fogalmazott: az els\u0151 f\u00e9lid\u0151ben sok technikai hib\u00e1t k\u00f6vettek el, de a sz\u00fcnet ut\u00e1n siker\u00fclt jav\u00edtani, \u00e9s meg\u00e9rdemelten szerezt\u00e9k meg a gy\u0151zelmet. Hozz\u00e1tette, Szombathelyen mindig neh\u00e9z nyerni, ez\u00e9rt k\u00fcl\u00f6n\u00f6sen \u00e9rt\u00e9kes ez a siker.<\/p>\n<h3>Stabil helyen a tabell\u00e1n<\/h3>\n<p>A MOL Esztergom ezzel a gy\u0151zelemmel tov\u00e1bb er\u0151s\u00edtette poz\u00edci\u00f3j\u00e1t a bajnoks\u00e1g \u00e9lmez\u0151ny\u00e9ben: 26 ponttal jelenleg a 4. helyen \u00e1llnak a tabell\u00e1n. A csapat form\u00e1ja biztat\u00f3, \u00e9s ha siker\u00fcl tartani ezt a teljes\u00edtm\u00e9nyt, komoly es\u00e9ly\u00fck lehet a szezon v\u00e9g\u00e9n is az \u00e9lmez\u0151nyben z\u00e1rni.<\/p>\n<p><em>Felhaszn\u00e1lt forr\u00e1sok: <a href=\"https:\/\/www.facebook.com\/esztergomhandball\" target=\"_blank\" rel=\"noopener\"><span style=\"text-decoration: underline; color: #0000ff;\">Esztergom Handball Facebook-oldal<\/span><\/a> \/ <a href=\"https:\/\/www.nemzetisport.hu\/kezilabda\/2026\/03\/podor-rebeka-13-golja-is-keves-volt-az-esztergom-ellen\" target=\"_blank\" rel=\"noopener\"><span style=\"text-decoration: underline; color: #0000ff;\">Nemzeti Sport<\/span><\/a><br \/>\nBor\u00edt\u00f3k\u00e9p: Esztergom Handball Facebook-oldal<\/em><\/p>\n","protected":false},"excerpt":{"rendered":"<p>\u00dajabb \u00e9rt\u00e9kes k\u00e9t ponttal gazdagodott a MOL Esztergom a n\u0151i k\u00e9zilabda NB I-ben: Elek G\u00e1bor egy\u00fcttese 34\u201328-ra gy\u0151z\u00f6tt a Szombathelyi KKA otthon\u00e1ban a 18. fordul\u00f3ban, m\u00e1rcius 18-\u00e1n. V\u00e9gig k\u00e9zben tartott\u00e1k a m\u00e9rk\u0151z\u00e9st A tal\u00e1lkoz\u00f3 elej\u00e9n m\u00e9g szoros volt az \u00e1ll\u00e1s, az els\u0151 percekben fej fej mellett haladtak a csapatok (5. perc: 3\u20133). Az esztergomiak azonban<\/p>\n","protected":false},"author":1,"featured_media":78681,"comment_status":"closed","ping_status":"closed","sticky":false,"template":"","format":"standard","meta":{"ngg_post_thumbnail":0,"footnotes":""},"categories":[38,3,5],"tags":[42,355,8025,7855,16],"class_list":{"0":"post-78680","1":"post","2":"type-post","3":"status-publish","4":"format-standard","5":"has-post-thumbnail","7":"category-esztergom","8":"category-hirek","9":"category-sport","10":"tag-esztergom","11":"tag-kezilabda","12":"tag-mol-esztergom","13":"tag-nb-i","14":"tag-sport"},"yoast_head":"<!-- This site is optimized with the Yoast SEO plugin v27.4 - https:\/\/yoast.com\/product\/yoast-seo-wordpress\/ -->\n<title>Nem volt k\u00e9rd\u00e9s Szombathelyen: sim\u00e1n nyert az Esztergom<\/title>\n<meta name=\"robots\" content=\"index, follow, max-snippet:-1, max-image-preview:large, max-video-preview:-1\" \/>\n<link rel=\"canonical\" href=\"https:\/\/dorogimedence.hu\/index.php\/2026\/03\/19\/nem-volt-kerdes-szombathelyen-siman-nyert-az-esztergom\/\" class=\"yoast-seo-meta-tag\" \/>\n<meta property=\"og:locale\" content=\"hu_HU\" class=\"yoast-seo-meta-tag\" \/>\n<meta property=\"og:type\" content=\"article\" class=\"yoast-seo-meta-tag\" \/>\n<meta property=\"og:title\" content=\"Nem volt k\u00e9rd\u00e9s Szombathelyen: sim\u00e1n nyert az Esztergom\" class=\"yoast-seo-meta-tag\" \/>\n<meta property=\"og:description\" content=\"\u00dajabb \u00e9rt\u00e9kes k\u00e9t ponttal gazdagodott a MOL Esztergom a n\u0151i k\u00e9zilabda NB I-ben: Elek G\u00e1bor egy\u00fcttese 34\u201328-ra gy\u0151z\u00f6tt a Szombathelyi KKA otthon\u00e1ban a 18. fordul\u00f3ban, m\u00e1rcius 18-\u00e1n. V\u00e9gig k\u00e9zben tartott\u00e1k a m\u00e9rk\u0151z\u00e9st A tal\u00e1lkoz\u00f3 elej\u00e9n m\u00e9g szoros volt az \u00e1ll\u00e1s, az els\u0151 percekben fej fej mellett haladtak a csapatok (5. perc: 3\u20133). Az esztergomiak azonban\" class=\"yoast-seo-meta-tag\" \/>\n<meta property=\"og:url\" content=\"https:\/\/dorogimedence.hu\/index.php\/2026\/03\/19\/nem-volt-kerdes-szombathelyen-siman-nyert-az-esztergom\/\" class=\"yoast-seo-meta-tag\" \/>\n<meta property=\"og:site_name\" content=\"Dorogi-medence Region\u00e1lis H\u00edrport\u00e1l\" class=\"yoast-seo-meta-tag\" \/>\n<meta property=\"article:publisher\" content=\"https:\/\/www.facebook.com\/dorogimedence\/\" class=\"yoast-seo-meta-tag\" \/>\n<meta property=\"article:published_time\" content=\"2026-03-19T05:34:34+00:00\" class=\"yoast-seo-meta-tag\" \/>\n<meta property=\"og:image\" content=\"https:\/\/dorogimedence.hu\/wp-content\/uploads\/2026\/03\/kezilabda.jpg\" class=\"yoast-seo-meta-tag\" \/>\n\t<meta property=\"og:image:width\" content=\"1920\" class=\"yoast-seo-meta-tag\" \/>\n\t<meta property=\"og:image:height\" content=\"970\" class=\"yoast-seo-meta-tag\" \/>\n\t<meta property=\"og:image:type\" content=\"image\/jpeg\" class=\"yoast-seo-meta-tag\" \/>\n<meta name=\"author\" content=\"dorogimedence.hu\" class=\"yoast-seo-meta-tag\" \/>\n<meta name=\"twitter:card\" content=\"summary_large_image\" class=\"yoast-seo-meta-tag\" \/>\n<meta name=\"twitter:label1\" content=\"Szerz\u0151:\" class=\"yoast-seo-meta-tag\" \/>\n\t<meta name=\"twitter:data1\" content=\"dorogimedence.hu\" class=\"yoast-seo-meta-tag\" \/>\n\t<meta name=\"twitter:label2\" content=\"Becs\u00fclt olvas\u00e1si id\u0151\" class=\"yoast-seo-meta-tag\" \/>\n\t<meta name=\"twitter:data2\" content=\"3 perc\" class=\"yoast-seo-meta-tag\" \/>\n<script type=\"application\/ld+json\" class=\"yoast-schema-graph\">{\"@context\":\"https:\\\/\\\/schema.org\",\"@graph\":[{\"@type\":\"Article\",\"@id\":\"https:\\\/\\\/dorogimedence.hu\\\/index.php\\\/2026\\\/03\\\/19\\\/nem-volt-kerdes-szombathelyen-siman-nyert-az-esztergom\\\/#article\",\"isPartOf\":{\"@id\":\"https:\\\/\\\/dorogimedence.hu\\\/index.php\\\/2026\\\/03\\\/19\\\/nem-volt-kerdes-szombathelyen-siman-nyert-az-esztergom\\\/\"},\"author\":{\"name\":\"dorogimedence.hu\",\"@id\":\"https:\\\/\\\/dorogimedence.hu\\\/#\\\/schema\\\/person\\\/ce6091eeb7e95ecdc87890d6aa8e0fd4\"},\"headline\":\"Nem volt k\u00e9rd\u00e9s Szombathelyen: sim\u00e1n nyert az Esztergom\",\"datePublished\":\"2026-03-19T05:34:34+00:00\",\"mainEntityOfPage\":{\"@id\":\"https:\\\/\\\/dorogimedence.hu\\\/index.php\\\/2026\\\/03\\\/19\\\/nem-volt-kerdes-szombathelyen-siman-nyert-az-esztergom\\\/\"},\"wordCount\":563,\"publisher\":{\"@id\":\"https:\\\/\\\/dorogimedence.hu\\\/#organization\"},\"image\":{\"@id\":\"https:\\\/\\\/dorogimedence.hu\\\/index.php\\\/2026\\\/03\\\/19\\\/nem-volt-kerdes-szombathelyen-siman-nyert-az-esztergom\\\/#primaryimage\"},\"thumbnailUrl\":\"https:\\\/\\\/dorogimedence.hu\\\/wp-content\\\/uploads\\\/2026\\\/03\\\/kezilabda.jpg\",\"keywords\":[\"esztergom\",\"k\u00e9zilabda\",\"Mol Esztergom\",\"NB I\",\"sport\"],\"articleSection\":[\"Esztergom\",\"H\u00edrek\",\"Sport\"],\"inLanguage\":\"hu\"},{\"@type\":\"WebPage\",\"@id\":\"https:\\\/\\\/dorogimedence.hu\\\/index.php\\\/2026\\\/03\\\/19\\\/nem-volt-kerdes-szombathelyen-siman-nyert-az-esztergom\\\/\",\"url\":\"https:\\\/\\\/dorogimedence.hu\\\/index.php\\\/2026\\\/03\\\/19\\\/nem-volt-kerdes-szombathelyen-siman-nyert-az-esztergom\\\/\",\"name\":\"Nem volt k\u00e9rd\u00e9s Szombathelyen: sim\u00e1n nyert az Esztergom\",\"isPartOf\":{\"@id\":\"https:\\\/\\\/dorogimedence.hu\\\/#website\"},\"primaryImageOfPage\":{\"@id\":\"https:\\\/\\\/dorogimedence.hu\\\/index.php\\\/2026\\\/03\\\/19\\\/nem-volt-kerdes-szombathelyen-siman-nyert-az-esztergom\\\/#primaryimage\"},\"image\":{\"@id\":\"https:\\\/\\\/dorogimedence.hu\\\/index.php\\\/2026\\\/03\\\/19\\\/nem-volt-kerdes-szombathelyen-siman-nyert-az-esztergom\\\/#primaryimage\"},\"thumbnailUrl\":\"https:\\\/\\\/dorogimedence.hu\\\/wp-content\\\/uploads\\\/2026\\\/03\\\/kezilabda.jpg\",\"datePublished\":\"2026-03-19T05:34:34+00:00\",\"breadcrumb\":{\"@id\":\"https:\\\/\\\/dorogimedence.hu\\\/index.php\\\/2026\\\/03\\\/19\\\/nem-volt-kerdes-szombathelyen-siman-nyert-az-esztergom\\\/#breadcrumb\"},\"inLanguage\":\"hu\",\"potentialAction\":[{\"@type\":\"ReadAction\",\"target\":[\"https:\\\/\\\/dorogimedence.hu\\\/index.php\\\/2026\\\/03\\\/19\\\/nem-volt-kerdes-szombathelyen-siman-nyert-az-esztergom\\\/\"]}]},{\"@type\":\"ImageObject\",\"inLanguage\":\"hu\",\"@id\":\"https:\\\/\\\/dorogimedence.hu\\\/index.php\\\/2026\\\/03\\\/19\\\/nem-volt-kerdes-szombathelyen-siman-nyert-az-esztergom\\\/#primaryimage\",\"url\":\"https:\\\/\\\/dorogimedence.hu\\\/wp-content\\\/uploads\\\/2026\\\/03\\\/kezilabda.jpg\",\"contentUrl\":\"https:\\\/\\\/dorogimedence.hu\\\/wp-content\\\/uploads\\\/2026\\\/03\\\/kezilabda.jpg\",\"width\":1920,\"height\":970},{\"@type\":\"BreadcrumbList\",\"@id\":\"https:\\\/\\\/dorogimedence.hu\\\/index.php\\\/2026\\\/03\\\/19\\\/nem-volt-kerdes-szombathelyen-siman-nyert-az-esztergom\\\/#breadcrumb\",\"itemListElement\":[{\"@type\":\"ListItem\",\"position\":1,\"name\":\"Kezd\u0151lap\",\"item\":\"https:\\\/\\\/dorogimedence.hu\\\/\"},{\"@type\":\"ListItem\",\"position\":2,\"name\":\"Nem volt k\u00e9rd\u00e9s Szombathelyen: sim\u00e1n nyert az Esztergom\"}]},{\"@type\":\"WebSite\",\"@id\":\"https:\\\/\\\/dorogimedence.hu\\\/#website\",\"url\":\"https:\\\/\\\/dorogimedence.hu\\\/\",\"name\":\"Dorogi-medence Region\u00e1lis H\u00edrport\u00e1l\",\"description\":\"Dorog, Keszt\u00f6lc, Le\u00e1nyv\u00e1r, Piliscs\u00e9v, Tokod, Tokodalt\u00e1r\u00f3, Csolnok, Esztergom-kertv\u00e1ros: h\u00edrek, programok\",\"publisher\":{\"@id\":\"https:\\\/\\\/dorogimedence.hu\\\/#organization\"},\"potentialAction\":[{\"@type\":\"SearchAction\",\"target\":{\"@type\":\"EntryPoint\",\"urlTemplate\":\"https:\\\/\\\/dorogimedence.hu\\\/?s={search_term_string}\"},\"query-input\":{\"@type\":\"PropertyValueSpecification\",\"valueRequired\":true,\"valueName\":\"search_term_string\"}}],\"inLanguage\":\"hu\"},{\"@type\":\"Organization\",\"@id\":\"https:\\\/\\\/dorogimedence.hu\\\/#organization\",\"name\":\"Dorogi-medence Region\u00e1lis H\u00edrport\u00e1l\",\"url\":\"https:\\\/\\\/dorogimedence.hu\\\/\",\"logo\":{\"@type\":\"ImageObject\",\"inLanguage\":\"hu\",\"@id\":\"https:\\\/\\\/dorogimedence.hu\\\/#\\\/schema\\\/logo\\\/image\\\/\",\"url\":\"https:\\\/\\\/dorogimedence.hu\\\/wp-content\\\/uploads\\\/2021\\\/04\\\/logo-feher-600.png\",\"contentUrl\":\"https:\\\/\\\/dorogimedence.hu\\\/wp-content\\\/uploads\\\/2021\\\/04\\\/logo-feher-600.png\",\"width\":600,\"height\":100,\"caption\":\"Dorogi-medence Region\u00e1lis H\u00edrport\u00e1l\"},\"image\":{\"@id\":\"https:\\\/\\\/dorogimedence.hu\\\/#\\\/schema\\\/logo\\\/image\\\/\"},\"sameAs\":[\"https:\\\/\\\/www.facebook.com\\\/dorogimedence\\\/\"]},{\"@type\":\"Person\",\"@id\":\"https:\\\/\\\/dorogimedence.hu\\\/#\\\/schema\\\/person\\\/ce6091eeb7e95ecdc87890d6aa8e0fd4\",\"name\":\"dorogimedence.hu\",\"image\":{\"@type\":\"ImageObject\",\"inLanguage\":\"hu\",\"@id\":\"\\\/\\\/www.gravatar.com\\\/avatar\\\/d8d45f8901aadff40a4af72c0b826f1d?s=96&#038;r=g&#038;d=mm\",\"url\":\"\\\/\\\/www.gravatar.com\\\/avatar\\\/d8d45f8901aadff40a4af72c0b826f1d?s=96&#038;r=g&#038;d=mm\",\"contentUrl\":\"\\\/\\\/www.gravatar.com\\\/avatar\\\/d8d45f8901aadff40a4af72c0b826f1d?s=96&#038;r=g&#038;d=mm\",\"caption\":\"dorogimedence.hu\"}}]}<\/script>\n<!-- \/ Yoast SEO plugin. -->","yoast_head_json":{"title":"Nem volt k\u00e9rd\u00e9s Szombathelyen: sim\u00e1n nyert az Esztergom","robots":{"index":"index","follow":"follow","max-snippet":"max-snippet:-1","max-image-preview":"max-image-preview:large","max-video-preview":"max-video-preview:-1"},"canonical":"https:\/\/dorogimedence.hu\/index.php\/2026\/03\/19\/nem-volt-kerdes-szombathelyen-siman-nyert-az-esztergom\/","og_locale":"hu_HU","og_type":"article","og_title":"Nem volt k\u00e9rd\u00e9s Szombathelyen: sim\u00e1n nyert az Esztergom","og_description":"\u00dajabb \u00e9rt\u00e9kes k\u00e9t ponttal gazdagodott a MOL Esztergom a n\u0151i k\u00e9zilabda NB I-ben: Elek G\u00e1bor egy\u00fcttese 34\u201328-ra gy\u0151z\u00f6tt a Szombathelyi KKA otthon\u00e1ban a 18. fordul\u00f3ban, m\u00e1rcius 18-\u00e1n. V\u00e9gig k\u00e9zben tartott\u00e1k a m\u00e9rk\u0151z\u00e9st A tal\u00e1lkoz\u00f3 elej\u00e9n m\u00e9g szoros volt az \u00e1ll\u00e1s, az els\u0151 percekben fej fej mellett haladtak a csapatok (5. perc: 3\u20133). Az esztergomiak azonban","og_url":"https:\/\/dorogimedence.hu\/index.php\/2026\/03\/19\/nem-volt-kerdes-szombathelyen-siman-nyert-az-esztergom\/","og_site_name":"Dorogi-medence Region\u00e1lis H\u00edrport\u00e1l","article_publisher":"https:\/\/www.facebook.com\/dorogimedence\/","article_published_time":"2026-03-19T05:34:34+00:00","og_image":[{"width":1920,"height":970,"url":"https:\/\/dorogimedence.hu\/wp-content\/uploads\/2026\/03\/kezilabda.jpg","type":"image\/jpeg"}],"author":"dorogimedence.hu","twitter_card":"summary_large_image","twitter_misc":{"Szerz\u0151:":"dorogimedence.hu","Becs\u00fclt olvas\u00e1si id\u0151":"3 perc"},"schema":{"@context":"https:\/\/schema.org","@graph":[{"@type":"Article","@id":"https:\/\/dorogimedence.hu\/index.php\/2026\/03\/19\/nem-volt-kerdes-szombathelyen-siman-nyert-az-esztergom\/#article","isPartOf":{"@id":"https:\/\/dorogimedence.hu\/index.php\/2026\/03\/19\/nem-volt-kerdes-szombathelyen-siman-nyert-az-esztergom\/"},"author":{"name":"dorogimedence.hu","@id":"https:\/\/dorogimedence.hu\/#\/schema\/person\/ce6091eeb7e95ecdc87890d6aa8e0fd4"},"headline":"Nem volt k\u00e9rd\u00e9s Szombathelyen: sim\u00e1n nyert az Esztergom","datePublished":"2026-03-19T05:34:34+00:00","mainEntityOfPage":{"@id":"https:\/\/dorogimedence.hu\/index.php\/2026\/03\/19\/nem-volt-kerdes-szombathelyen-siman-nyert-az-esztergom\/"},"wordCount":563,"publisher":{"@id":"https:\/\/dorogimedence.hu\/#organization"},"image":{"@id":"https:\/\/dorogimedence.hu\/index.php\/2026\/03\/19\/nem-volt-kerdes-szombathelyen-siman-nyert-az-esztergom\/#primaryimage"},"thumbnailUrl":"https:\/\/dorogimedence.hu\/wp-content\/uploads\/2026\/03\/kezilabda.jpg","keywords":["esztergom","k\u00e9zilabda","Mol Esztergom","NB I","sport"],"articleSection":["Esztergom","H\u00edrek","Sport"],"inLanguage":"hu"},{"@type":"WebPage","@id":"https:\/\/dorogimedence.hu\/index.php\/2026\/03\/19\/nem-volt-kerdes-szombathelyen-siman-nyert-az-esztergom\/","url":"https:\/\/dorogimedence.hu\/index.php\/2026\/03\/19\/nem-volt-kerdes-szombathelyen-siman-nyert-az-esztergom\/","name":"Nem volt k\u00e9rd\u00e9s Szombathelyen: sim\u00e1n nyert az Esztergom","isPartOf":{"@id":"https:\/\/dorogimedence.hu\/#website"},"primaryImageOfPage":{"@id":"https:\/\/dorogimedence.hu\/index.php\/2026\/03\/19\/nem-volt-kerdes-szombathelyen-siman-nyert-az-esztergom\/#primaryimage"},"image":{"@id":"https:\/\/dorogimedence.hu\/index.php\/2026\/03\/19\/nem-volt-kerdes-szombathelyen-siman-nyert-az-esztergom\/#primaryimage"},"thumbnailUrl":"https:\/\/dorogimedence.hu\/wp-content\/uploads\/2026\/03\/kezilabda.jpg","datePublished":"2026-03-19T05:34:34+00:00","breadcrumb":{"@id":"https:\/\/dorogimedence.hu\/index.php\/2026\/03\/19\/nem-volt-kerdes-szombathelyen-siman-nyert-az-esztergom\/#breadcrumb"},"inLanguage":"hu","potentialAction":[{"@type":"ReadAction","target":["https:\/\/dorogimedence.hu\/index.php\/2026\/03\/19\/nem-volt-kerdes-szombathelyen-siman-nyert-az-esztergom\/"]}]},{"@type":"ImageObject","inLanguage":"hu","@id":"https:\/\/dorogimedence.hu\/index.php\/2026\/03\/19\/nem-volt-kerdes-szombathelyen-siman-nyert-az-esztergom\/#primaryimage","url":"https:\/\/dorogimedence.hu\/wp-content\/uploads\/2026\/03\/kezilabda.jpg","contentUrl":"https:\/\/dorogimedence.hu\/wp-content\/uploads\/2026\/03\/kezilabda.jpg","width":1920,"height":970},{"@type":"BreadcrumbList","@id":"https:\/\/dorogimedence.hu\/index.php\/2026\/03\/19\/nem-volt-kerdes-szombathelyen-siman-nyert-az-esztergom\/#breadcrumb","itemListElement":[{"@type":"ListItem","position":1,"name":"Kezd\u0151lap","item":"https:\/\/dorogimedence.hu\/"},{"@type":"ListItem","position":2,"name":"Nem volt k\u00e9rd\u00e9s Szombathelyen: sim\u00e1n nyert az Esztergom"}]},{"@type":"WebSite","@id":"https:\/\/dorogimedence.hu\/#website","url":"https:\/\/dorogimedence.hu\/","name":"Dorogi-medence Region\u00e1lis H\u00edrport\u00e1l","description":"Dorog, Keszt\u00f6lc, Le\u00e1nyv\u00e1r, Piliscs\u00e9v, Tokod, Tokodalt\u00e1r\u00f3, Csolnok, Esztergom-kertv\u00e1ros: h\u00edrek, programok","publisher":{"@id":"https:\/\/dorogimedence.hu\/#organization"},"potentialAction":[{"@type":"SearchAction","target":{"@type":"EntryPoint","urlTemplate":"https:\/\/dorogimedence.hu\/?s={search_term_string}"},"query-input":{"@type":"PropertyValueSpecification","valueRequired":true,"valueName":"search_term_string"}}],"inLanguage":"hu"},{"@type":"Organization","@id":"https:\/\/dorogimedence.hu\/#organization","name":"Dorogi-medence Region\u00e1lis H\u00edrport\u00e1l","url":"https:\/\/dorogimedence.hu\/","logo":{"@type":"ImageObject","inLanguage":"hu","@id":"https:\/\/dorogimedence.hu\/#\/schema\/logo\/image\/","url":"https:\/\/dorogimedence.hu\/wp-content\/uploads\/2021\/04\/logo-feher-600.png","contentUrl":"https:\/\/dorogimedence.hu\/wp-content\/uploads\/2021\/04\/logo-feher-600.png","width":600,"height":100,"caption":"Dorogi-medence Region\u00e1lis H\u00edrport\u00e1l"},"image":{"@id":"https:\/\/dorogimedence.hu\/#\/schema\/logo\/image\/"},"sameAs":["https:\/\/www.facebook.com\/dorogimedence\/"]},{"@type":"Person","@id":"https:\/\/dorogimedence.hu\/#\/schema\/person\/ce6091eeb7e95ecdc87890d6aa8e0fd4","name":"dorogimedence.hu","image":{"@type":"ImageObject","inLanguage":"hu","@id":"\/\/www.gravatar.com\/avatar\/d8d45f8901aadff40a4af72c0b826f1d?s=96&#038;r=g&#038;d=mm","url":"\/\/www.gravatar.com\/avatar\/d8d45f8901aadff40a4af72c0b826f1d?s=96&#038;r=g&#038;d=mm","contentUrl":"\/\/www.gravatar.com\/avatar\/d8d45f8901aadff40a4af72c0b826f1d?s=96&#038;r=g&#038;d=mm","caption":"dorogimedence.hu"}}]}},"_links":{"self":[{"href":"https:\/\/dorogimedence.hu\/index.php\/wp-json\/wp\/v2\/posts\/78680","targetHints":{"allow":["GET"]}}],"collection":[{"href":"https:\/\/dorogimedence.hu\/index.php\/wp-json\/wp\/v2\/posts"}],"about":[{"href":"https:\/\/dorogimedence.hu\/index.php\/wp-json\/wp\/v2\/types\/post"}],"author":[{"embeddable":true,"href":"https:\/\/dorogimedence.hu\/index.php\/wp-json\/wp\/v2\/users\/1"}],"replies":[{"embeddable":true,"href":"https:\/\/dorogimedence.hu\/index.php\/wp-json\/wp\/v2\/comments?post=78680"}],"version-history":[{"count":1,"href":"https:\/\/dorogimedence.hu\/index.php\/wp-json\/wp\/v2\/posts\/78680\/revisions"}],"predecessor-version":[{"id":78682,"href":"https:\/\/dorogimedence.hu\/index.php\/wp-json\/wp\/v2\/posts\/78680\/revisions\/78682"}],"wp:featuredmedia":[{"embeddable":true,"href":"https:\/\/dorogimedence.hu\/index.php\/wp-json\/wp\/v2\/media\/78681"}],"wp:attachment":[{"href":"https:\/\/dorogimedence.hu\/index.php\/wp-json\/wp\/v2\/media?parent=78680"}],"wp:term":[{"taxonomy":"category","embeddable":true,"href":"https:\/\/dorogimedence.hu\/index.php\/wp-json\/wp\/v2\/categories?post=78680"},{"taxonomy":"post_tag","embeddable":true,"href":"https:\/\/dorogimedence.hu\/index.php\/wp-json\/wp\/v2\/tags?post=78680"}],"curies":[{"name":"wp","href":"https:\/\/api.w.org\/{rel}","templated":true}]}}