{"id":78666,"date":"2026-03-18T15:56:15","date_gmt":"2026-03-18T14:56:15","guid":{"rendered":"https:\/\/dorogimedence.hu\/?p=78666"},"modified":"2026-03-18T15:56:15","modified_gmt":"2026-03-18T14:56:15","slug":"arvizvedelmi-felkeszitest-tartottak-esztergomban","status":"publish","type":"post","link":"https:\/\/dorogimedence.hu\/index.php\/2026\/03\/18\/arvizvedelmi-felkeszitest-tartottak-esztergomban\/","title":{"rendered":"\u00c1rv\u00edzv\u00e9delmi felk\u00e9sz\u00edt\u00e9st tartottak Esztergomban"},"content":{"rendered":"<div class=\"article-descript\">\n<p><strong>Az \u00e1r- \u00e9s belv\u00edz elleni v\u00e9dekez\u00e9s feladataira h\u00edvt\u00e1k fel a figyelmet az el\u0151ad\u00f3k a v\u00e1rmegyei katasztr\u00f3fav\u00e9delmi igazgat\u00f3s\u00e1g rendezv\u00e9ny\u00e9n.<\/strong><\/p>\n<\/div>\n<div class=\"text\">\n<p>Az esztergomi <strong>Suzuki Ar\u00e9n\u00e1ban<\/strong> tartott rendezv\u00e9nyt <strong>S\u00e1ri \u00c1kos<\/strong> t\u0171zolt\u00f3 dand\u00e1rt\u00e1bornok, a v\u00e1rmegyei katasztr\u00f3fav\u00e9delmi igazgat\u00f3s\u00e1g igazgat\u00f3ja nyitotta meg.&nbsp;<\/p>\n<p><strong>Moln\u00e1r Andr\u00e1s<\/strong>, az \u00c9szak-Dun\u00e1nt\u00fali V\u00edz\u00fcgyi Igazgat\u00f3s\u00e1g szakaszm\u00e9rn\u00f6ke besz\u00e1molt az \u00e1r-belv\u00edz elleni v\u00e9dekez\u00e9s aktu\u00e1lis feladatair\u00f3l, majd <strong>B\u00e9k\u00e9s Roland&nbsp;<\/strong>t\u0171zolt\u00f3 alezredes, polg\u00e1ri v\u00e9delmi f\u0151fel\u00fcgyel\u0151 ismertette a katasztr\u00f3fav\u00e9delem feladatait a vizek k\u00e1rt\u00e9telei elleni v\u00e9dekez\u00e9sben.<\/p>\n<p><strong>Kadlecsik Tibor<\/strong> rend\u0151r \u0151rnagy a rend\u0151rs\u00e9gre h\u00e1rul\u00f3 munk\u00e1r\u00f3l sz\u00e1molt be az \u00e1rv\u00edzi id\u0151szak alatt, m\u00edg <strong>dr. Orb\u00e1n Vikt\u00f3ria<\/strong>, a korm\u00e1nyhivatal n\u00e9peg\u00e9szs\u00e9g\u00fcgyi f\u0151oszt\u00e1ly\u00e1nak r\u00e9sz\u00e9r\u0151l a felmer\u00fcl\u0151 eg\u00e9szs\u00e9g\u00fcgyi kock\u00e1zatokra h\u00edvta fel a figyelmet.<\/p>\n<p>A korm\u00e1nyhivatal \u00e9lelmiszerl\u00e1nc-biztons\u00e1gi \u00e9s \u00e1llateg\u00e9szs\u00e9g\u00fcgyi f\u0151oszt\u00e1ly\u00e1r\u00f3l <strong>dr. \u00d3r Amarilla<\/strong> tartott el\u0151ad\u00e1st, v\u00e9g\u00fcl <strong>Moln\u00e1r L\u00e1szl\u00f3&nbsp;<\/strong>a korm\u00e1nyhivatal agr\u00e1r\u00fcgyi f\u0151oszt\u00e1ly\u00e1r\u00f3l<strong>&nbsp;<\/strong>az agr\u00e1r\u00fcgyi feladatokra mutatott r\u00e1.<\/p>\n<p>Az el\u0151ad\u00e1sokat k\u00f6vet\u0151en, helysz\u00edni bej\u00e1r\u00e1s sor\u00e1n a r\u00e9sztvev\u0151k megtekinthett\u00e9k a k\u00e9sz\u00fcl\u0151 esztergomi \u00faj g\u00e1tvonalat.<\/p>\n<p><img fetchpriority=\"high\" decoding=\"async\" class=\"alignnone size-full wp-image-78668\" src=\"https:\/\/dorogimedence.hu\/wp-content\/uploads\/2026\/03\/1148498.jpg\" alt=\"\" width=\"1024\" height=\"682\" srcset=\"https:\/\/dorogimedence.hu\/wp-content\/uploads\/2026\/03\/1148498.jpg 1024w, https:\/\/dorogimedence.hu\/wp-content\/uploads\/2026\/03\/1148498-600x400.jpg 600w, https:\/\/dorogimedence.hu\/wp-content\/uploads\/2026\/03\/1148498-768x512.jpg 768w, https:\/\/dorogimedence.hu\/wp-content\/uploads\/2026\/03\/1148498-150x100.jpg 150w, https:\/\/dorogimedence.hu\/wp-content\/uploads\/2026\/03\/1148498-450x300.jpg 450w, https:\/\/dorogimedence.hu\/wp-content\/uploads\/2026\/03\/1148498-272x182.jpg 272w\" sizes=\"(max-width: 1024px) 100vw, 1024px\" \/> <img decoding=\"async\" class=\"alignnone size-full wp-image-78669\" src=\"https:\/\/dorogimedence.hu\/wp-content\/uploads\/2026\/03\/1148499.jpg\" alt=\"\" width=\"1024\" height=\"682\" srcset=\"https:\/\/dorogimedence.hu\/wp-content\/uploads\/2026\/03\/1148499.jpg 1024w, https:\/\/dorogimedence.hu\/wp-content\/uploads\/2026\/03\/1148499-600x400.jpg 600w, https:\/\/dorogimedence.hu\/wp-content\/uploads\/2026\/03\/1148499-768x512.jpg 768w, https:\/\/dorogimedence.hu\/wp-content\/uploads\/2026\/03\/1148499-150x100.jpg 150w, https:\/\/dorogimedence.hu\/wp-content\/uploads\/2026\/03\/1148499-450x300.jpg 450w, https:\/\/dorogimedence.hu\/wp-content\/uploads\/2026\/03\/1148499-272x182.jpg 272w\" sizes=\"(max-width: 1024px) 100vw, 1024px\" \/><\/p>\n<p><em>Fot\u00f3k: K\u00f6rtv\u00e9lyf\u00e1y Dina t\u0171zolt\u00f3 f\u0151hadnagy<\/em><br \/>\n<em>Forr\u00e1s: Katasztr\u00f3fav\u00e9delem<\/em><\/p>\n<\/div>\n","protected":false},"excerpt":{"rendered":"<p>Az \u00e1r- \u00e9s belv\u00edz elleni v\u00e9dekez\u00e9s feladataira h\u00edvt\u00e1k fel a figyelmet az el\u0151ad\u00f3k a v\u00e1rmegyei katasztr\u00f3fav\u00e9delmi igazgat\u00f3s\u00e1g rendezv\u00e9ny\u00e9n. Az esztergomi Suzuki Ar\u00e9n\u00e1ban tartott rendezv\u00e9nyt S\u00e1ri \u00c1kos t\u0171zolt\u00f3 dand\u00e1rt\u00e1bornok, a v\u00e1rmegyei katasztr\u00f3fav\u00e9delmi igazgat\u00f3s\u00e1g igazgat\u00f3ja nyitotta meg.&nbsp; Moln\u00e1r Andr\u00e1s, az \u00c9szak-Dun\u00e1nt\u00fali V\u00edz\u00fcgyi Igazgat\u00f3s\u00e1g szakaszm\u00e9rn\u00f6ke besz\u00e1molt az \u00e1r-belv\u00edz elleni v\u00e9dekez\u00e9s aktu\u00e1lis feladatair\u00f3l, majd B\u00e9k\u00e9s Roland&nbsp;t\u0171zolt\u00f3 alezredes, polg\u00e1ri v\u00e9delmi<\/p>\n","protected":false},"author":1,"featured_media":78667,"comment_status":"closed","ping_status":"closed","sticky":false,"template":"","format":"standard","meta":{"ngg_post_thumbnail":0,"footnotes":""},"categories":[38,3],"tags":[8789,42,175,65],"class_list":{"0":"post-78666","1":"post","2":"type-post","3":"status-publish","4":"format-standard","5":"has-post-thumbnail","7":"category-esztergom","8":"category-hirek","9":"tag-arvizvedelmi-felkeszites","10":"tag-esztergom","11":"tag-katasztrofavedelem","12":"tag-tuzoltosag"},"yoast_head":"<!-- This site is optimized with the Yoast SEO plugin v27.4 - https:\/\/yoast.com\/product\/yoast-seo-wordpress\/ -->\n<title>\u00c1rv\u00edzv\u00e9delmi felk\u00e9sz\u00edt\u00e9st tartottak Esztergomban<\/title>\n<meta name=\"robots\" content=\"index, follow, max-snippet:-1, max-image-preview:large, max-video-preview:-1\" \/>\n<link rel=\"canonical\" href=\"https:\/\/dorogimedence.hu\/index.php\/2026\/03\/18\/arvizvedelmi-felkeszitest-tartottak-esztergomban\/\" class=\"yoast-seo-meta-tag\" \/>\n<meta property=\"og:locale\" content=\"hu_HU\" class=\"yoast-seo-meta-tag\" \/>\n<meta property=\"og:type\" content=\"article\" class=\"yoast-seo-meta-tag\" \/>\n<meta property=\"og:title\" content=\"\u00c1rv\u00edzv\u00e9delmi felk\u00e9sz\u00edt\u00e9st tartottak Esztergomban\" class=\"yoast-seo-meta-tag\" \/>\n<meta property=\"og:description\" content=\"Az \u00e1r- \u00e9s belv\u00edz elleni v\u00e9dekez\u00e9s feladataira h\u00edvt\u00e1k fel a figyelmet az el\u0151ad\u00f3k a v\u00e1rmegyei katasztr\u00f3fav\u00e9delmi igazgat\u00f3s\u00e1g rendezv\u00e9ny\u00e9n. Az esztergomi Suzuki Ar\u00e9n\u00e1ban tartott rendezv\u00e9nyt S\u00e1ri \u00c1kos t\u0171zolt\u00f3 dand\u00e1rt\u00e1bornok, a v\u00e1rmegyei katasztr\u00f3fav\u00e9delmi igazgat\u00f3s\u00e1g igazgat\u00f3ja nyitotta meg.&nbsp; Moln\u00e1r Andr\u00e1s, az \u00c9szak-Dun\u00e1nt\u00fali V\u00edz\u00fcgyi Igazgat\u00f3s\u00e1g szakaszm\u00e9rn\u00f6ke besz\u00e1molt az \u00e1r-belv\u00edz elleni v\u00e9dekez\u00e9s aktu\u00e1lis feladatair\u00f3l, majd B\u00e9k\u00e9s Roland&nbsp;t\u0171zolt\u00f3 alezredes, polg\u00e1ri v\u00e9delmi\" class=\"yoast-seo-meta-tag\" \/>\n<meta property=\"og:url\" content=\"https:\/\/dorogimedence.hu\/index.php\/2026\/03\/18\/arvizvedelmi-felkeszitest-tartottak-esztergomban\/\" class=\"yoast-seo-meta-tag\" \/>\n<meta property=\"og:site_name\" content=\"Dorogi-medence Region\u00e1lis H\u00edrport\u00e1l\" class=\"yoast-seo-meta-tag\" \/>\n<meta property=\"article:publisher\" content=\"https:\/\/www.facebook.com\/dorogimedence\/\" class=\"yoast-seo-meta-tag\" \/>\n<meta property=\"article:published_time\" content=\"2026-03-18T14:56:15+00:00\" class=\"yoast-seo-meta-tag\" \/>\n<meta property=\"og:image\" content=\"https:\/\/dorogimedence.hu\/wp-content\/uploads\/2026\/03\/1148504.jpg\" class=\"yoast-seo-meta-tag\" \/>\n\t<meta property=\"og:image:width\" content=\"1024\" class=\"yoast-seo-meta-tag\" \/>\n\t<meta property=\"og:image:height\" content=\"682\" class=\"yoast-seo-meta-tag\" \/>\n\t<meta property=\"og:image:type\" content=\"image\/jpeg\" class=\"yoast-seo-meta-tag\" \/>\n<meta name=\"author\" content=\"dorogimedence.hu\" class=\"yoast-seo-meta-tag\" \/>\n<meta name=\"twitter:card\" content=\"summary_large_image\" class=\"yoast-seo-meta-tag\" \/>\n<meta name=\"twitter:label1\" content=\"Szerz\u0151:\" class=\"yoast-seo-meta-tag\" \/>\n\t<meta name=\"twitter:data1\" content=\"dorogimedence.hu\" class=\"yoast-seo-meta-tag\" \/>\n\t<meta name=\"twitter:label2\" content=\"Becs\u00fclt olvas\u00e1si id\u0151\" class=\"yoast-seo-meta-tag\" \/>\n\t<meta name=\"twitter:data2\" content=\"1 perc\" class=\"yoast-seo-meta-tag\" \/>\n<script type=\"application\/ld+json\" class=\"yoast-schema-graph\">{\"@context\":\"https:\\\/\\\/schema.org\",\"@graph\":[{\"@type\":\"Article\",\"@id\":\"https:\\\/\\\/dorogimedence.hu\\\/index.php\\\/2026\\\/03\\\/18\\\/arvizvedelmi-felkeszitest-tartottak-esztergomban\\\/#article\",\"isPartOf\":{\"@id\":\"https:\\\/\\\/dorogimedence.hu\\\/index.php\\\/2026\\\/03\\\/18\\\/arvizvedelmi-felkeszitest-tartottak-esztergomban\\\/\"},\"author\":{\"name\":\"dorogimedence.hu\",\"@id\":\"https:\\\/\\\/dorogimedence.hu\\\/#\\\/schema\\\/person\\\/ce6091eeb7e95ecdc87890d6aa8e0fd4\"},\"headline\":\"\u00c1rv\u00edzv\u00e9delmi felk\u00e9sz\u00edt\u00e9st tartottak Esztergomban\",\"datePublished\":\"2026-03-18T14:56:15+00:00\",\"mainEntityOfPage\":{\"@id\":\"https:\\\/\\\/dorogimedence.hu\\\/index.php\\\/2026\\\/03\\\/18\\\/arvizvedelmi-felkeszitest-tartottak-esztergomban\\\/\"},\"wordCount\":287,\"publisher\":{\"@id\":\"https:\\\/\\\/dorogimedence.hu\\\/#organization\"},\"image\":{\"@id\":\"https:\\\/\\\/dorogimedence.hu\\\/index.php\\\/2026\\\/03\\\/18\\\/arvizvedelmi-felkeszitest-tartottak-esztergomban\\\/#primaryimage\"},\"thumbnailUrl\":\"https:\\\/\\\/dorogimedence.hu\\\/wp-content\\\/uploads\\\/2026\\\/03\\\/1148504.jpg\",\"keywords\":[\"\u00e1rv\u00edzv\u00e9delmi felk\u00e9sz\u00edt\u00e9s\",\"esztergom\",\"katasztr\u00f3fav\u00e9delem\",\"t\u0171zolt\u00f3s\u00e1g\"],\"articleSection\":[\"Esztergom\",\"H\u00edrek\"],\"inLanguage\":\"hu\"},{\"@type\":\"WebPage\",\"@id\":\"https:\\\/\\\/dorogimedence.hu\\\/index.php\\\/2026\\\/03\\\/18\\\/arvizvedelmi-felkeszitest-tartottak-esztergomban\\\/\",\"url\":\"https:\\\/\\\/dorogimedence.hu\\\/index.php\\\/2026\\\/03\\\/18\\\/arvizvedelmi-felkeszitest-tartottak-esztergomban\\\/\",\"name\":\"\u00c1rv\u00edzv\u00e9delmi felk\u00e9sz\u00edt\u00e9st tartottak Esztergomban\",\"isPartOf\":{\"@id\":\"https:\\\/\\\/dorogimedence.hu\\\/#website\"},\"primaryImageOfPage\":{\"@id\":\"https:\\\/\\\/dorogimedence.hu\\\/index.php\\\/2026\\\/03\\\/18\\\/arvizvedelmi-felkeszitest-tartottak-esztergomban\\\/#primaryimage\"},\"image\":{\"@id\":\"https:\\\/\\\/dorogimedence.hu\\\/index.php\\\/2026\\\/03\\\/18\\\/arvizvedelmi-felkeszitest-tartottak-esztergomban\\\/#primaryimage\"},\"thumbnailUrl\":\"https:\\\/\\\/dorogimedence.hu\\\/wp-content\\\/uploads\\\/2026\\\/03\\\/1148504.jpg\",\"datePublished\":\"2026-03-18T14:56:15+00:00\",\"breadcrumb\":{\"@id\":\"https:\\\/\\\/dorogimedence.hu\\\/index.php\\\/2026\\\/03\\\/18\\\/arvizvedelmi-felkeszitest-tartottak-esztergomban\\\/#breadcrumb\"},\"inLanguage\":\"hu\",\"potentialAction\":[{\"@type\":\"ReadAction\",\"target\":[\"https:\\\/\\\/dorogimedence.hu\\\/index.php\\\/2026\\\/03\\\/18\\\/arvizvedelmi-felkeszitest-tartottak-esztergomban\\\/\"]}]},{\"@type\":\"ImageObject\",\"inLanguage\":\"hu\",\"@id\":\"https:\\\/\\\/dorogimedence.hu\\\/index.php\\\/2026\\\/03\\\/18\\\/arvizvedelmi-felkeszitest-tartottak-esztergomban\\\/#primaryimage\",\"url\":\"https:\\\/\\\/dorogimedence.hu\\\/wp-content\\\/uploads\\\/2026\\\/03\\\/1148504.jpg\",\"contentUrl\":\"https:\\\/\\\/dorogimedence.hu\\\/wp-content\\\/uploads\\\/2026\\\/03\\\/1148504.jpg\",\"width\":1024,\"height\":682},{\"@type\":\"BreadcrumbList\",\"@id\":\"https:\\\/\\\/dorogimedence.hu\\\/index.php\\\/2026\\\/03\\\/18\\\/arvizvedelmi-felkeszitest-tartottak-esztergomban\\\/#breadcrumb\",\"itemListElement\":[{\"@type\":\"ListItem\",\"position\":1,\"name\":\"Kezd\u0151lap\",\"item\":\"https:\\\/\\\/dorogimedence.hu\\\/\"},{\"@type\":\"ListItem\",\"position\":2,\"name\":\"\u00c1rv\u00edzv\u00e9delmi felk\u00e9sz\u00edt\u00e9st tartottak Esztergomban\"}]},{\"@type\":\"WebSite\",\"@id\":\"https:\\\/\\\/dorogimedence.hu\\\/#website\",\"url\":\"https:\\\/\\\/dorogimedence.hu\\\/\",\"name\":\"Dorogi-medence Region\u00e1lis H\u00edrport\u00e1l\",\"description\":\"Dorog, Keszt\u00f6lc, Le\u00e1nyv\u00e1r, Piliscs\u00e9v, Tokod, Tokodalt\u00e1r\u00f3, Csolnok, Esztergom-kertv\u00e1ros: h\u00edrek, programok\",\"publisher\":{\"@id\":\"https:\\\/\\\/dorogimedence.hu\\\/#organization\"},\"potentialAction\":[{\"@type\":\"SearchAction\",\"target\":{\"@type\":\"EntryPoint\",\"urlTemplate\":\"https:\\\/\\\/dorogimedence.hu\\\/?s={search_term_string}\"},\"query-input\":{\"@type\":\"PropertyValueSpecification\",\"valueRequired\":true,\"valueName\":\"search_term_string\"}}],\"inLanguage\":\"hu\"},{\"@type\":\"Organization\",\"@id\":\"https:\\\/\\\/dorogimedence.hu\\\/#organization\",\"name\":\"Dorogi-medence Region\u00e1lis H\u00edrport\u00e1l\",\"url\":\"https:\\\/\\\/dorogimedence.hu\\\/\",\"logo\":{\"@type\":\"ImageObject\",\"inLanguage\":\"hu\",\"@id\":\"https:\\\/\\\/dorogimedence.hu\\\/#\\\/schema\\\/logo\\\/image\\\/\",\"url\":\"https:\\\/\\\/dorogimedence.hu\\\/wp-content\\\/uploads\\\/2021\\\/04\\\/logo-feher-600.png\",\"contentUrl\":\"https:\\\/\\\/dorogimedence.hu\\\/wp-content\\\/uploads\\\/2021\\\/04\\\/logo-feher-600.png\",\"width\":600,\"height\":100,\"caption\":\"Dorogi-medence Region\u00e1lis H\u00edrport\u00e1l\"},\"image\":{\"@id\":\"https:\\\/\\\/dorogimedence.hu\\\/#\\\/schema\\\/logo\\\/image\\\/\"},\"sameAs\":[\"https:\\\/\\\/www.facebook.com\\\/dorogimedence\\\/\"]},{\"@type\":\"Person\",\"@id\":\"https:\\\/\\\/dorogimedence.hu\\\/#\\\/schema\\\/person\\\/ce6091eeb7e95ecdc87890d6aa8e0fd4\",\"name\":\"dorogimedence.hu\",\"image\":{\"@type\":\"ImageObject\",\"inLanguage\":\"hu\",\"@id\":\"\\\/\\\/www.gravatar.com\\\/avatar\\\/d8d45f8901aadff40a4af72c0b826f1d?s=96&#038;r=g&#038;d=mm\",\"url\":\"\\\/\\\/www.gravatar.com\\\/avatar\\\/d8d45f8901aadff40a4af72c0b826f1d?s=96&#038;r=g&#038;d=mm\",\"contentUrl\":\"\\\/\\\/www.gravatar.com\\\/avatar\\\/d8d45f8901aadff40a4af72c0b826f1d?s=96&#038;r=g&#038;d=mm\",\"caption\":\"dorogimedence.hu\"}}]}<\/script>\n<!-- \/ Yoast SEO plugin. -->","yoast_head_json":{"title":"\u00c1rv\u00edzv\u00e9delmi felk\u00e9sz\u00edt\u00e9st tartottak Esztergomban","robots":{"index":"index","follow":"follow","max-snippet":"max-snippet:-1","max-image-preview":"max-image-preview:large","max-video-preview":"max-video-preview:-1"},"canonical":"https:\/\/dorogimedence.hu\/index.php\/2026\/03\/18\/arvizvedelmi-felkeszitest-tartottak-esztergomban\/","og_locale":"hu_HU","og_type":"article","og_title":"\u00c1rv\u00edzv\u00e9delmi felk\u00e9sz\u00edt\u00e9st tartottak Esztergomban","og_description":"Az \u00e1r- \u00e9s belv\u00edz elleni v\u00e9dekez\u00e9s feladataira h\u00edvt\u00e1k fel a figyelmet az el\u0151ad\u00f3k a v\u00e1rmegyei katasztr\u00f3fav\u00e9delmi igazgat\u00f3s\u00e1g rendezv\u00e9ny\u00e9n. Az esztergomi Suzuki Ar\u00e9n\u00e1ban tartott rendezv\u00e9nyt S\u00e1ri \u00c1kos t\u0171zolt\u00f3 dand\u00e1rt\u00e1bornok, a v\u00e1rmegyei katasztr\u00f3fav\u00e9delmi igazgat\u00f3s\u00e1g igazgat\u00f3ja nyitotta meg.&nbsp; Moln\u00e1r Andr\u00e1s, az \u00c9szak-Dun\u00e1nt\u00fali V\u00edz\u00fcgyi Igazgat\u00f3s\u00e1g szakaszm\u00e9rn\u00f6ke besz\u00e1molt az \u00e1r-belv\u00edz elleni v\u00e9dekez\u00e9s aktu\u00e1lis feladatair\u00f3l, majd B\u00e9k\u00e9s Roland&nbsp;t\u0171zolt\u00f3 alezredes, polg\u00e1ri v\u00e9delmi","og_url":"https:\/\/dorogimedence.hu\/index.php\/2026\/03\/18\/arvizvedelmi-felkeszitest-tartottak-esztergomban\/","og_site_name":"Dorogi-medence Region\u00e1lis H\u00edrport\u00e1l","article_publisher":"https:\/\/www.facebook.com\/dorogimedence\/","article_published_time":"2026-03-18T14:56:15+00:00","og_image":[{"width":1024,"height":682,"url":"https:\/\/dorogimedence.hu\/wp-content\/uploads\/2026\/03\/1148504.jpg","type":"image\/jpeg"}],"author":"dorogimedence.hu","twitter_card":"summary_large_image","twitter_misc":{"Szerz\u0151:":"dorogimedence.hu","Becs\u00fclt olvas\u00e1si id\u0151":"1 perc"},"schema":{"@context":"https:\/\/schema.org","@graph":[{"@type":"Article","@id":"https:\/\/dorogimedence.hu\/index.php\/2026\/03\/18\/arvizvedelmi-felkeszitest-tartottak-esztergomban\/#article","isPartOf":{"@id":"https:\/\/dorogimedence.hu\/index.php\/2026\/03\/18\/arvizvedelmi-felkeszitest-tartottak-esztergomban\/"},"author":{"name":"dorogimedence.hu","@id":"https:\/\/dorogimedence.hu\/#\/schema\/person\/ce6091eeb7e95ecdc87890d6aa8e0fd4"},"headline":"\u00c1rv\u00edzv\u00e9delmi felk\u00e9sz\u00edt\u00e9st tartottak Esztergomban","datePublished":"2026-03-18T14:56:15+00:00","mainEntityOfPage":{"@id":"https:\/\/dorogimedence.hu\/index.php\/2026\/03\/18\/arvizvedelmi-felkeszitest-tartottak-esztergomban\/"},"wordCount":287,"publisher":{"@id":"https:\/\/dorogimedence.hu\/#organization"},"image":{"@id":"https:\/\/dorogimedence.hu\/index.php\/2026\/03\/18\/arvizvedelmi-felkeszitest-tartottak-esztergomban\/#primaryimage"},"thumbnailUrl":"https:\/\/dorogimedence.hu\/wp-content\/uploads\/2026\/03\/1148504.jpg","keywords":["\u00e1rv\u00edzv\u00e9delmi felk\u00e9sz\u00edt\u00e9s","esztergom","katasztr\u00f3fav\u00e9delem","t\u0171zolt\u00f3s\u00e1g"],"articleSection":["Esztergom","H\u00edrek"],"inLanguage":"hu"},{"@type":"WebPage","@id":"https:\/\/dorogimedence.hu\/index.php\/2026\/03\/18\/arvizvedelmi-felkeszitest-tartottak-esztergomban\/","url":"https:\/\/dorogimedence.hu\/index.php\/2026\/03\/18\/arvizvedelmi-felkeszitest-tartottak-esztergomban\/","name":"\u00c1rv\u00edzv\u00e9delmi felk\u00e9sz\u00edt\u00e9st tartottak Esztergomban","isPartOf":{"@id":"https:\/\/dorogimedence.hu\/#website"},"primaryImageOfPage":{"@id":"https:\/\/dorogimedence.hu\/index.php\/2026\/03\/18\/arvizvedelmi-felkeszitest-tartottak-esztergomban\/#primaryimage"},"image":{"@id":"https:\/\/dorogimedence.hu\/index.php\/2026\/03\/18\/arvizvedelmi-felkeszitest-tartottak-esztergomban\/#primaryimage"},"thumbnailUrl":"https:\/\/dorogimedence.hu\/wp-content\/uploads\/2026\/03\/1148504.jpg","datePublished":"2026-03-18T14:56:15+00:00","breadcrumb":{"@id":"https:\/\/dorogimedence.hu\/index.php\/2026\/03\/18\/arvizvedelmi-felkeszitest-tartottak-esztergomban\/#breadcrumb"},"inLanguage":"hu","potentialAction":[{"@type":"ReadAction","target":["https:\/\/dorogimedence.hu\/index.php\/2026\/03\/18\/arvizvedelmi-felkeszitest-tartottak-esztergomban\/"]}]},{"@type":"ImageObject","inLanguage":"hu","@id":"https:\/\/dorogimedence.hu\/index.php\/2026\/03\/18\/arvizvedelmi-felkeszitest-tartottak-esztergomban\/#primaryimage","url":"https:\/\/dorogimedence.hu\/wp-content\/uploads\/2026\/03\/1148504.jpg","contentUrl":"https:\/\/dorogimedence.hu\/wp-content\/uploads\/2026\/03\/1148504.jpg","width":1024,"height":682},{"@type":"BreadcrumbList","@id":"https:\/\/dorogimedence.hu\/index.php\/2026\/03\/18\/arvizvedelmi-felkeszitest-tartottak-esztergomban\/#breadcrumb","itemListElement":[{"@type":"ListItem","position":1,"name":"Kezd\u0151lap","item":"https:\/\/dorogimedence.hu\/"},{"@type":"ListItem","position":2,"name":"\u00c1rv\u00edzv\u00e9delmi felk\u00e9sz\u00edt\u00e9st tartottak Esztergomban"}]},{"@type":"WebSite","@id":"https:\/\/dorogimedence.hu\/#website","url":"https:\/\/dorogimedence.hu\/","name":"Dorogi-medence Region\u00e1lis H\u00edrport\u00e1l","description":"Dorog, Keszt\u00f6lc, Le\u00e1nyv\u00e1r, Piliscs\u00e9v, Tokod, Tokodalt\u00e1r\u00f3, Csolnok, Esztergom-kertv\u00e1ros: h\u00edrek, programok","publisher":{"@id":"https:\/\/dorogimedence.hu\/#organization"},"potentialAction":[{"@type":"SearchAction","target":{"@type":"EntryPoint","urlTemplate":"https:\/\/dorogimedence.hu\/?s={search_term_string}"},"query-input":{"@type":"PropertyValueSpecification","valueRequired":true,"valueName":"search_term_string"}}],"inLanguage":"hu"},{"@type":"Organization","@id":"https:\/\/dorogimedence.hu\/#organization","name":"Dorogi-medence Region\u00e1lis H\u00edrport\u00e1l","url":"https:\/\/dorogimedence.hu\/","logo":{"@type":"ImageObject","inLanguage":"hu","@id":"https:\/\/dorogimedence.hu\/#\/schema\/logo\/image\/","url":"https:\/\/dorogimedence.hu\/wp-content\/uploads\/2021\/04\/logo-feher-600.png","contentUrl":"https:\/\/dorogimedence.hu\/wp-content\/uploads\/2021\/04\/logo-feher-600.png","width":600,"height":100,"caption":"Dorogi-medence Region\u00e1lis H\u00edrport\u00e1l"},"image":{"@id":"https:\/\/dorogimedence.hu\/#\/schema\/logo\/image\/"},"sameAs":["https:\/\/www.facebook.com\/dorogimedence\/"]},{"@type":"Person","@id":"https:\/\/dorogimedence.hu\/#\/schema\/person\/ce6091eeb7e95ecdc87890d6aa8e0fd4","name":"dorogimedence.hu","image":{"@type":"ImageObject","inLanguage":"hu","@id":"\/\/www.gravatar.com\/avatar\/d8d45f8901aadff40a4af72c0b826f1d?s=96&#038;r=g&#038;d=mm","url":"\/\/www.gravatar.com\/avatar\/d8d45f8901aadff40a4af72c0b826f1d?s=96&#038;r=g&#038;d=mm","contentUrl":"\/\/www.gravatar.com\/avatar\/d8d45f8901aadff40a4af72c0b826f1d?s=96&#038;r=g&#038;d=mm","caption":"dorogimedence.hu"}}]}},"_links":{"self":[{"href":"https:\/\/dorogimedence.hu\/index.php\/wp-json\/wp\/v2\/posts\/78666","targetHints":{"allow":["GET"]}}],"collection":[{"href":"https:\/\/dorogimedence.hu\/index.php\/wp-json\/wp\/v2\/posts"}],"about":[{"href":"https:\/\/dorogimedence.hu\/index.php\/wp-json\/wp\/v2\/types\/post"}],"author":[{"embeddable":true,"href":"https:\/\/dorogimedence.hu\/index.php\/wp-json\/wp\/v2\/users\/1"}],"replies":[{"embeddable":true,"href":"https:\/\/dorogimedence.hu\/index.php\/wp-json\/wp\/v2\/comments?post=78666"}],"version-history":[{"count":1,"href":"https:\/\/dorogimedence.hu\/index.php\/wp-json\/wp\/v2\/posts\/78666\/revisions"}],"predecessor-version":[{"id":78670,"href":"https:\/\/dorogimedence.hu\/index.php\/wp-json\/wp\/v2\/posts\/78666\/revisions\/78670"}],"wp:featuredmedia":[{"embeddable":true,"href":"https:\/\/dorogimedence.hu\/index.php\/wp-json\/wp\/v2\/media\/78667"}],"wp:attachment":[{"href":"https:\/\/dorogimedence.hu\/index.php\/wp-json\/wp\/v2\/media?parent=78666"}],"wp:term":[{"taxonomy":"category","embeddable":true,"href":"https:\/\/dorogimedence.hu\/index.php\/wp-json\/wp\/v2\/categories?post=78666"},{"taxonomy":"post_tag","embeddable":true,"href":"https:\/\/dorogimedence.hu\/index.php\/wp-json\/wp\/v2\/tags?post=78666"}],"curies":[{"name":"wp","href":"https:\/\/api.w.org\/{rel}","templated":true}]}}