{"id":78660,"date":"2026-03-18T15:39:18","date_gmt":"2026-03-18T14:39:18","guid":{"rendered":"https:\/\/dorogimedence.hu\/?p=78660"},"modified":"2026-03-18T15:39:18","modified_gmt":"2026-03-18T14:39:18","slug":"ket-jelentos-termeszetvedelmi-beruhazas-indul-el-a-duna-ipoly-nemzeti-parkban","status":"publish","type":"post","link":"https:\/\/dorogimedence.hu\/index.php\/2026\/03\/18\/ket-jelentos-termeszetvedelmi-beruhazas-indul-el-a-duna-ipoly-nemzeti-parkban\/","title":{"rendered":"K\u00e9t jelent\u0151s term\u00e9szetv\u00e9delmi beruh\u00e1z\u00e1s indul el a Duna-Ipoly Nemzeti Parkban"},"content":{"rendered":"<p><strong>A Duna\u2013Ipoly Nemzeti Park Igazgat\u00f3s\u00e1g a jelenlegi uni\u00f3s ciklusban hat projektet val\u00f3s\u00edt meg k\u00f6zel 2,5 milli\u00e1rd forintb\u00f3l, amelyek k\u00e9tharmada klasszikus \u00e9l\u0151hely-rekonstrukci\u00f3 \u2013 k\u00f6z\u00f6lte R\u00e1cz Andr\u00e1s, az Agr\u00e1rminiszt\u00e9rium term\u00e9szetv\u00e9delem\u00e9rt felel\u0151s \u00e1llamtitk\u00e1ra, szerd\u00e1n a J\u00f3kai-kertben megrendezett projektnyit\u00f3 rendezv\u00e9nyen. A most indul\u00f3, \u00f6sszesen 625 milli\u00f3 forintos uni\u00f3s t\u00e1mogat\u00e1s\u00fa fejleszt\u00e9sek k\u00e9t kulcster\u00fcletre koncentr\u00e1lnak, az erdei vizes \u00e9l\u0151helyek meg\u0151rz\u00e9s\u00e9re, valamint a term\u00e9szetv\u00e9delmi kezel\u00e9si infrastrukt\u00fara fejleszt\u00e9s\u00e9re.<\/strong><\/p>\n<p>Az \u00e1llamtitk\u00e1r ismertette, az \u201eErdei \u00e9l\u0151helyek meg\u0151rz\u00e9s\u00e9t \u00e9s term\u00e9szeti \u00e9rt\u00e9keik bemutat\u00e1s\u00e1t c\u00e9lz\u00f3 beruh\u00e1z\u00e1sok\u201d c\u00edm\u0171 projekt 500 milli\u00f3 forintos t\u00e1mogat\u00e1sb\u00f3l val\u00f3sul meg. A fejleszt\u00e9s c\u00e9lja az erdei vizes \u00e9l\u0151helyek v\u00edzh\u00e1ztart\u00e1s\u00e1nak stabiliz\u00e1l\u00e1sa, a kisz\u00e1rad\u00e1si folyamatok m\u00e9rs\u00e9kl\u00e9se \u00e9s a term\u00e9szetes \u00e9l\u0151helyek \u00e1llapot\u00e1nak jav\u00edt\u00e1sa, \u00f6sszesen t\u00f6bb mint 1680 hekt\u00e1r Natura 2000 ter\u00fcletet \u00e9rintve. A forr\u00e1soknak k\u00f6sz\u00f6nhet\u0151en v\u00edzvisszatart\u00e1ssal \u00e9s \u00e9l\u0151hely-rekonstrukci\u00f3val er\u0151s\u00edtik a term\u00e9szet ellen\u00e1ll\u00f3 k\u00e9pess\u00e9g\u00e9t a kl\u00edmav\u00e1ltoz\u00e1s hat\u00e1saival szemben, egyszerre szolg\u00e1lva term\u00e9szetv\u00e9delmi, kl\u00edmaalkalmazkod\u00e1si \u00e9s szeml\u00e9letform\u00e1l\u00e1si c\u00e9lokat.<\/p>\n<p>A projekt egyik legfontosabb f\u00f3kusza a sz\u00e1razod\u00e1s \u00e9s a v\u00edzhi\u00e1ny kezel\u00e9se, a v\u00edzh\u00e1ztart\u00e1s jav\u00edt\u00e1sa. Ennek \u00e9rdek\u00e9ben a Budai-hegys\u00e9gben \u00e9s a Pilis\u2013Visegr\u00e1di-hegys\u00e9g t\u00e9rs\u00e9g\u00e9ben j\u00f6nnek l\u00e9tre vagy \u00e1llnak helyre erdei kisvizes \u00e9l\u0151helyek, t\u00f3k\u00e1k, dagony\u00e1k, amelyek kulcsfontoss\u00e1g\u00fa \u00e9l\u0151helyet biztos\u00edtanak k\u00e9t\u00e9lt\u0171ek, rovarok, v\u00edzi gerinctelenek \u00e9s madarak sz\u00e1m\u00e1ra. Az \u00d3csai t\u00e1jegys\u00e9gben, a Homokh\u00e1ts\u00e1g perem\u00e9n a v\u00edzmegtart\u00e1s \u00e9rdek\u00e9ben v\u00edzvisszatart\u00f3 m\u0171t\u00e1rgyak, t\u00f6lt\u00e9sek \u00e9s kisebb g\u00e1tak \u00e9p\u00fclnek, az Ipoly v\u00f6lgy\u00e9ben pedig &nbsp;szint\u00e9n a v\u00edz helyben tart\u00e1s\u00e1t seg\u00edt\u0151 beavatkoz\u00e1sok val\u00f3sulnak meg.<\/p>\n<p>A m\u00e1sik program, az \u201eIpolyvecei \u00e1llattart\u00f3 telep term\u00e9szetv\u00e9delmi kezel\u00e9si funkci\u00f3inak fejleszt\u00e9se\u201d c\u00edmmel 125 milli\u00f3 forintos t\u00e1mogat\u00e1sb\u00f3l val\u00f3sul meg. A term\u00e9szetv\u00e9delmi kezel\u00e9s egyik leghat\u00e9konyabb eszk\u00f6ze a hagyom\u00e1nyos legeltet\u00e9s, amely seg\u00edt fenntartani a ny\u00edlt gyepeket \u00e9s megakad\u00e1lyozza azok cserj\u00e9sed\u00e9s\u00e9t, beerd\u0151s\u00fcl\u00e9s\u00e9t. Ez a m\u00f3dszer meg\u0151rzi a gyepter\u00fcletek fajgazdags\u00e1g\u00e1t, biztos\u00edtja a v\u00e9dett n\u00f6v\u00e9ny- \u00e9s \u00e1llatfajok \u00e9l\u0151hely\u00e9t, valamint hozz\u00e1j\u00e1rul a t\u00e1j hagyom\u00e1nyos arculat\u00e1nak meg\u0151rz\u00e9s\u00e9hez. A jelenlegi korszer\u0171s\u00edt\u00e9s c\u00e9lja a term\u00e9szetv\u00e9delmi c\u00e9l\u00fa \u00e1llattart\u00e1s \u00e9s legeltet\u00e9s infrastrukt\u00far\u00e1j\u00e1nak korszer\u0171s\u00edt\u00e9se, amely kulcsfontoss\u00e1g\u00fa eszk\u00f6z a v\u00e9dett gyepter\u00fcletek \u00e9s \u00e9l\u0151helyek fenntart\u00e1s\u00e1ban.<\/p>\n<p>A k\u00e9t projekt egyar\u00e1nt hozz\u00e1j\u00e1rul a term\u00e9szetes \u00e9l\u0151helyek \u00e1llapot\u00e1nak jav\u00edt\u00e1s\u00e1hoz, a biol\u00f3giai sokf\u00e9les\u00e9g meg\u0151rz\u00e9s\u00e9hez, valamint a term\u00e9szetv\u00e9delem \u00e9s a t\u00e1rsadalom k\u00f6z\u00f6tti kapcsolat er\u0151s\u00edt\u00e9s\u00e9hez \u2013 z\u00e1rta besz\u00e9d\u00e9t R\u00e1cz Andr\u00e1s.<\/p>\n<p><em>Forr\u00e1s: Agr\u00e1rminiszt\u00e9rium Sajt\u00f3iroda<\/em><br \/>\n<em>Bor\u00edt\u00f3k\u00e9p: Fekete Istv\u00e1n<\/em><\/p>\n","protected":false},"excerpt":{"rendered":"<p>A Duna\u2013Ipoly Nemzeti Park Igazgat\u00f3s\u00e1g a jelenlegi uni\u00f3s ciklusban hat projektet val\u00f3s\u00edt meg k\u00f6zel 2,5 milli\u00e1rd forintb\u00f3l, amelyek k\u00e9tharmada klasszikus \u00e9l\u0151hely-rekonstrukci\u00f3 \u2013 k\u00f6z\u00f6lte R\u00e1cz Andr\u00e1s, az Agr\u00e1rminiszt\u00e9rium term\u00e9szetv\u00e9delem\u00e9rt felel\u0151s \u00e1llamtitk\u00e1ra, szerd\u00e1n a J\u00f3kai-kertben megrendezett projektnyit\u00f3 rendezv\u00e9nyen. A most indul\u00f3, \u00f6sszesen 625 milli\u00f3 forintos uni\u00f3s t\u00e1mogat\u00e1s\u00fa fejleszt\u00e9sek k\u00e9t kulcster\u00fcletre koncentr\u00e1lnak, az erdei vizes \u00e9l\u0151helyek meg\u0151rz\u00e9s\u00e9re, valamint<\/p>\n","protected":false},"author":1,"featured_media":78661,"comment_status":"closed","ping_status":"closed","sticky":false,"template":"","format":"standard","meta":{"ngg_post_thumbnail":0,"footnotes":""},"categories":[3],"tags":[724,208,157],"class_list":{"0":"post-78660","1":"post","2":"type-post","3":"status-publish","4":"format-standard","5":"has-post-thumbnail","7":"category-hirek","8":"tag-beruhazas","9":"tag-duna-ipoly-nemzeti-park","10":"tag-fejlesztes"},"yoast_head":"<!-- This site is optimized with the Yoast SEO plugin v27.4 - https:\/\/yoast.com\/product\/yoast-seo-wordpress\/ -->\n<title>K\u00e9t jelent\u0151s term\u00e9szetv\u00e9delmi beruh\u00e1z\u00e1s indul el a Duna-Ipoly Nemzeti Parkban<\/title>\n<meta name=\"robots\" content=\"index, follow, max-snippet:-1, max-image-preview:large, max-video-preview:-1\" \/>\n<link rel=\"canonical\" href=\"https:\/\/dorogimedence.hu\/index.php\/2026\/03\/18\/ket-jelentos-termeszetvedelmi-beruhazas-indul-el-a-duna-ipoly-nemzeti-parkban\/\" class=\"yoast-seo-meta-tag\" \/>\n<meta property=\"og:locale\" content=\"hu_HU\" class=\"yoast-seo-meta-tag\" \/>\n<meta property=\"og:type\" content=\"article\" class=\"yoast-seo-meta-tag\" \/>\n<meta property=\"og:title\" content=\"K\u00e9t jelent\u0151s term\u00e9szetv\u00e9delmi beruh\u00e1z\u00e1s indul el a Duna-Ipoly Nemzeti Parkban\" class=\"yoast-seo-meta-tag\" \/>\n<meta property=\"og:description\" content=\"A Duna\u2013Ipoly Nemzeti Park Igazgat\u00f3s\u00e1g a jelenlegi uni\u00f3s ciklusban hat projektet val\u00f3s\u00edt meg k\u00f6zel 2,5 milli\u00e1rd forintb\u00f3l, amelyek k\u00e9tharmada klasszikus \u00e9l\u0151hely-rekonstrukci\u00f3 \u2013 k\u00f6z\u00f6lte R\u00e1cz Andr\u00e1s, az Agr\u00e1rminiszt\u00e9rium term\u00e9szetv\u00e9delem\u00e9rt felel\u0151s \u00e1llamtitk\u00e1ra, szerd\u00e1n a J\u00f3kai-kertben megrendezett projektnyit\u00f3 rendezv\u00e9nyen. A most indul\u00f3, \u00f6sszesen 625 milli\u00f3 forintos uni\u00f3s t\u00e1mogat\u00e1s\u00fa fejleszt\u00e9sek k\u00e9t kulcster\u00fcletre koncentr\u00e1lnak, az erdei vizes \u00e9l\u0151helyek meg\u0151rz\u00e9s\u00e9re, valamint\" class=\"yoast-seo-meta-tag\" \/>\n<meta property=\"og:url\" content=\"https:\/\/dorogimedence.hu\/index.php\/2026\/03\/18\/ket-jelentos-termeszetvedelmi-beruhazas-indul-el-a-duna-ipoly-nemzeti-parkban\/\" class=\"yoast-seo-meta-tag\" \/>\n<meta property=\"og:site_name\" content=\"Dorogi-medence Region\u00e1lis H\u00edrport\u00e1l\" class=\"yoast-seo-meta-tag\" \/>\n<meta property=\"article:publisher\" content=\"https:\/\/www.facebook.com\/dorogimedence\/\" class=\"yoast-seo-meta-tag\" \/>\n<meta property=\"article:published_time\" content=\"2026-03-18T14:39:18+00:00\" class=\"yoast-seo-meta-tag\" \/>\n<meta property=\"og:image\" content=\"https:\/\/dorogimedence.hu\/wp-content\/uploads\/2026\/03\/20260318_Racz_bp-6.jpg\" class=\"yoast-seo-meta-tag\" \/>\n\t<meta property=\"og:image:width\" content=\"2500\" class=\"yoast-seo-meta-tag\" \/>\n\t<meta property=\"og:image:height\" content=\"1667\" class=\"yoast-seo-meta-tag\" \/>\n\t<meta property=\"og:image:type\" content=\"image\/jpeg\" class=\"yoast-seo-meta-tag\" \/>\n<meta name=\"author\" content=\"dorogimedence.hu\" class=\"yoast-seo-meta-tag\" \/>\n<meta name=\"twitter:card\" content=\"summary_large_image\" class=\"yoast-seo-meta-tag\" \/>\n<meta name=\"twitter:label1\" content=\"Szerz\u0151:\" class=\"yoast-seo-meta-tag\" \/>\n\t<meta name=\"twitter:data1\" content=\"dorogimedence.hu\" class=\"yoast-seo-meta-tag\" \/>\n\t<meta name=\"twitter:label2\" content=\"Becs\u00fclt olvas\u00e1si id\u0151\" class=\"yoast-seo-meta-tag\" \/>\n\t<meta name=\"twitter:data2\" content=\"3 perc\" class=\"yoast-seo-meta-tag\" \/>\n<script type=\"application\/ld+json\" class=\"yoast-schema-graph\">{\"@context\":\"https:\\\/\\\/schema.org\",\"@graph\":[{\"@type\":\"Article\",\"@id\":\"https:\\\/\\\/dorogimedence.hu\\\/index.php\\\/2026\\\/03\\\/18\\\/ket-jelentos-termeszetvedelmi-beruhazas-indul-el-a-duna-ipoly-nemzeti-parkban\\\/#article\",\"isPartOf\":{\"@id\":\"https:\\\/\\\/dorogimedence.hu\\\/index.php\\\/2026\\\/03\\\/18\\\/ket-jelentos-termeszetvedelmi-beruhazas-indul-el-a-duna-ipoly-nemzeti-parkban\\\/\"},\"author\":{\"name\":\"dorogimedence.hu\",\"@id\":\"https:\\\/\\\/dorogimedence.hu\\\/#\\\/schema\\\/person\\\/ce6091eeb7e95ecdc87890d6aa8e0fd4\"},\"headline\":\"K\u00e9t jelent\u0151s term\u00e9szetv\u00e9delmi beruh\u00e1z\u00e1s indul el a Duna-Ipoly Nemzeti Parkban\",\"datePublished\":\"2026-03-18T14:39:18+00:00\",\"mainEntityOfPage\":{\"@id\":\"https:\\\/\\\/dorogimedence.hu\\\/index.php\\\/2026\\\/03\\\/18\\\/ket-jelentos-termeszetvedelmi-beruhazas-indul-el-a-duna-ipoly-nemzeti-parkban\\\/\"},\"wordCount\":600,\"publisher\":{\"@id\":\"https:\\\/\\\/dorogimedence.hu\\\/#organization\"},\"image\":{\"@id\":\"https:\\\/\\\/dorogimedence.hu\\\/index.php\\\/2026\\\/03\\\/18\\\/ket-jelentos-termeszetvedelmi-beruhazas-indul-el-a-duna-ipoly-nemzeti-parkban\\\/#primaryimage\"},\"thumbnailUrl\":\"https:\\\/\\\/dorogimedence.hu\\\/wp-content\\\/uploads\\\/2026\\\/03\\\/20260318_Racz_bp-6.jpg\",\"keywords\":[\"beruh\u00e1z\u00e1s\",\"Duna-Ipoly Nemzeti Park\",\"fejleszt\u00e9s\"],\"articleSection\":[\"H\u00edrek\"],\"inLanguage\":\"hu\"},{\"@type\":\"WebPage\",\"@id\":\"https:\\\/\\\/dorogimedence.hu\\\/index.php\\\/2026\\\/03\\\/18\\\/ket-jelentos-termeszetvedelmi-beruhazas-indul-el-a-duna-ipoly-nemzeti-parkban\\\/\",\"url\":\"https:\\\/\\\/dorogimedence.hu\\\/index.php\\\/2026\\\/03\\\/18\\\/ket-jelentos-termeszetvedelmi-beruhazas-indul-el-a-duna-ipoly-nemzeti-parkban\\\/\",\"name\":\"K\u00e9t jelent\u0151s term\u00e9szetv\u00e9delmi beruh\u00e1z\u00e1s indul el a Duna-Ipoly Nemzeti Parkban\",\"isPartOf\":{\"@id\":\"https:\\\/\\\/dorogimedence.hu\\\/#website\"},\"primaryImageOfPage\":{\"@id\":\"https:\\\/\\\/dorogimedence.hu\\\/index.php\\\/2026\\\/03\\\/18\\\/ket-jelentos-termeszetvedelmi-beruhazas-indul-el-a-duna-ipoly-nemzeti-parkban\\\/#primaryimage\"},\"image\":{\"@id\":\"https:\\\/\\\/dorogimedence.hu\\\/index.php\\\/2026\\\/03\\\/18\\\/ket-jelentos-termeszetvedelmi-beruhazas-indul-el-a-duna-ipoly-nemzeti-parkban\\\/#primaryimage\"},\"thumbnailUrl\":\"https:\\\/\\\/dorogimedence.hu\\\/wp-content\\\/uploads\\\/2026\\\/03\\\/20260318_Racz_bp-6.jpg\",\"datePublished\":\"2026-03-18T14:39:18+00:00\",\"breadcrumb\":{\"@id\":\"https:\\\/\\\/dorogimedence.hu\\\/index.php\\\/2026\\\/03\\\/18\\\/ket-jelentos-termeszetvedelmi-beruhazas-indul-el-a-duna-ipoly-nemzeti-parkban\\\/#breadcrumb\"},\"inLanguage\":\"hu\",\"potentialAction\":[{\"@type\":\"ReadAction\",\"target\":[\"https:\\\/\\\/dorogimedence.hu\\\/index.php\\\/2026\\\/03\\\/18\\\/ket-jelentos-termeszetvedelmi-beruhazas-indul-el-a-duna-ipoly-nemzeti-parkban\\\/\"]}]},{\"@type\":\"ImageObject\",\"inLanguage\":\"hu\",\"@id\":\"https:\\\/\\\/dorogimedence.hu\\\/index.php\\\/2026\\\/03\\\/18\\\/ket-jelentos-termeszetvedelmi-beruhazas-indul-el-a-duna-ipoly-nemzeti-parkban\\\/#primaryimage\",\"url\":\"https:\\\/\\\/dorogimedence.hu\\\/wp-content\\\/uploads\\\/2026\\\/03\\\/20260318_Racz_bp-6.jpg\",\"contentUrl\":\"https:\\\/\\\/dorogimedence.hu\\\/wp-content\\\/uploads\\\/2026\\\/03\\\/20260318_Racz_bp-6.jpg\",\"width\":2500,\"height\":1667},{\"@type\":\"BreadcrumbList\",\"@id\":\"https:\\\/\\\/dorogimedence.hu\\\/index.php\\\/2026\\\/03\\\/18\\\/ket-jelentos-termeszetvedelmi-beruhazas-indul-el-a-duna-ipoly-nemzeti-parkban\\\/#breadcrumb\",\"itemListElement\":[{\"@type\":\"ListItem\",\"position\":1,\"name\":\"Kezd\u0151lap\",\"item\":\"https:\\\/\\\/dorogimedence.hu\\\/\"},{\"@type\":\"ListItem\",\"position\":2,\"name\":\"K\u00e9t jelent\u0151s term\u00e9szetv\u00e9delmi beruh\u00e1z\u00e1s indul el a Duna-Ipoly Nemzeti Parkban\"}]},{\"@type\":\"WebSite\",\"@id\":\"https:\\\/\\\/dorogimedence.hu\\\/#website\",\"url\":\"https:\\\/\\\/dorogimedence.hu\\\/\",\"name\":\"Dorogi-medence Region\u00e1lis H\u00edrport\u00e1l\",\"description\":\"Dorog, Keszt\u00f6lc, Le\u00e1nyv\u00e1r, Piliscs\u00e9v, Tokod, Tokodalt\u00e1r\u00f3, Csolnok, Esztergom-kertv\u00e1ros: h\u00edrek, programok\",\"publisher\":{\"@id\":\"https:\\\/\\\/dorogimedence.hu\\\/#organization\"},\"potentialAction\":[{\"@type\":\"SearchAction\",\"target\":{\"@type\":\"EntryPoint\",\"urlTemplate\":\"https:\\\/\\\/dorogimedence.hu\\\/?s={search_term_string}\"},\"query-input\":{\"@type\":\"PropertyValueSpecification\",\"valueRequired\":true,\"valueName\":\"search_term_string\"}}],\"inLanguage\":\"hu\"},{\"@type\":\"Organization\",\"@id\":\"https:\\\/\\\/dorogimedence.hu\\\/#organization\",\"name\":\"Dorogi-medence Region\u00e1lis H\u00edrport\u00e1l\",\"url\":\"https:\\\/\\\/dorogimedence.hu\\\/\",\"logo\":{\"@type\":\"ImageObject\",\"inLanguage\":\"hu\",\"@id\":\"https:\\\/\\\/dorogimedence.hu\\\/#\\\/schema\\\/logo\\\/image\\\/\",\"url\":\"https:\\\/\\\/dorogimedence.hu\\\/wp-content\\\/uploads\\\/2021\\\/04\\\/logo-feher-600.png\",\"contentUrl\":\"https:\\\/\\\/dorogimedence.hu\\\/wp-content\\\/uploads\\\/2021\\\/04\\\/logo-feher-600.png\",\"width\":600,\"height\":100,\"caption\":\"Dorogi-medence Region\u00e1lis H\u00edrport\u00e1l\"},\"image\":{\"@id\":\"https:\\\/\\\/dorogimedence.hu\\\/#\\\/schema\\\/logo\\\/image\\\/\"},\"sameAs\":[\"https:\\\/\\\/www.facebook.com\\\/dorogimedence\\\/\"]},{\"@type\":\"Person\",\"@id\":\"https:\\\/\\\/dorogimedence.hu\\\/#\\\/schema\\\/person\\\/ce6091eeb7e95ecdc87890d6aa8e0fd4\",\"name\":\"dorogimedence.hu\",\"image\":{\"@type\":\"ImageObject\",\"inLanguage\":\"hu\",\"@id\":\"\\\/\\\/www.gravatar.com\\\/avatar\\\/d8d45f8901aadff40a4af72c0b826f1d?s=96&#038;r=g&#038;d=mm\",\"url\":\"\\\/\\\/www.gravatar.com\\\/avatar\\\/d8d45f8901aadff40a4af72c0b826f1d?s=96&#038;r=g&#038;d=mm\",\"contentUrl\":\"\\\/\\\/www.gravatar.com\\\/avatar\\\/d8d45f8901aadff40a4af72c0b826f1d?s=96&#038;r=g&#038;d=mm\",\"caption\":\"dorogimedence.hu\"}}]}<\/script>\n<!-- \/ Yoast SEO plugin. -->","yoast_head_json":{"title":"K\u00e9t jelent\u0151s term\u00e9szetv\u00e9delmi beruh\u00e1z\u00e1s indul el a Duna-Ipoly Nemzeti Parkban","robots":{"index":"index","follow":"follow","max-snippet":"max-snippet:-1","max-image-preview":"max-image-preview:large","max-video-preview":"max-video-preview:-1"},"canonical":"https:\/\/dorogimedence.hu\/index.php\/2026\/03\/18\/ket-jelentos-termeszetvedelmi-beruhazas-indul-el-a-duna-ipoly-nemzeti-parkban\/","og_locale":"hu_HU","og_type":"article","og_title":"K\u00e9t jelent\u0151s term\u00e9szetv\u00e9delmi beruh\u00e1z\u00e1s indul el a Duna-Ipoly Nemzeti Parkban","og_description":"A Duna\u2013Ipoly Nemzeti Park Igazgat\u00f3s\u00e1g a jelenlegi uni\u00f3s ciklusban hat projektet val\u00f3s\u00edt meg k\u00f6zel 2,5 milli\u00e1rd forintb\u00f3l, amelyek k\u00e9tharmada klasszikus \u00e9l\u0151hely-rekonstrukci\u00f3 \u2013 k\u00f6z\u00f6lte R\u00e1cz Andr\u00e1s, az Agr\u00e1rminiszt\u00e9rium term\u00e9szetv\u00e9delem\u00e9rt felel\u0151s \u00e1llamtitk\u00e1ra, szerd\u00e1n a J\u00f3kai-kertben megrendezett projektnyit\u00f3 rendezv\u00e9nyen. A most indul\u00f3, \u00f6sszesen 625 milli\u00f3 forintos uni\u00f3s t\u00e1mogat\u00e1s\u00fa fejleszt\u00e9sek k\u00e9t kulcster\u00fcletre koncentr\u00e1lnak, az erdei vizes \u00e9l\u0151helyek meg\u0151rz\u00e9s\u00e9re, valamint","og_url":"https:\/\/dorogimedence.hu\/index.php\/2026\/03\/18\/ket-jelentos-termeszetvedelmi-beruhazas-indul-el-a-duna-ipoly-nemzeti-parkban\/","og_site_name":"Dorogi-medence Region\u00e1lis H\u00edrport\u00e1l","article_publisher":"https:\/\/www.facebook.com\/dorogimedence\/","article_published_time":"2026-03-18T14:39:18+00:00","og_image":[{"width":2500,"height":1667,"url":"https:\/\/dorogimedence.hu\/wp-content\/uploads\/2026\/03\/20260318_Racz_bp-6.jpg","type":"image\/jpeg"}],"author":"dorogimedence.hu","twitter_card":"summary_large_image","twitter_misc":{"Szerz\u0151:":"dorogimedence.hu","Becs\u00fclt olvas\u00e1si id\u0151":"3 perc"},"schema":{"@context":"https:\/\/schema.org","@graph":[{"@type":"Article","@id":"https:\/\/dorogimedence.hu\/index.php\/2026\/03\/18\/ket-jelentos-termeszetvedelmi-beruhazas-indul-el-a-duna-ipoly-nemzeti-parkban\/#article","isPartOf":{"@id":"https:\/\/dorogimedence.hu\/index.php\/2026\/03\/18\/ket-jelentos-termeszetvedelmi-beruhazas-indul-el-a-duna-ipoly-nemzeti-parkban\/"},"author":{"name":"dorogimedence.hu","@id":"https:\/\/dorogimedence.hu\/#\/schema\/person\/ce6091eeb7e95ecdc87890d6aa8e0fd4"},"headline":"K\u00e9t jelent\u0151s term\u00e9szetv\u00e9delmi beruh\u00e1z\u00e1s indul el a Duna-Ipoly Nemzeti Parkban","datePublished":"2026-03-18T14:39:18+00:00","mainEntityOfPage":{"@id":"https:\/\/dorogimedence.hu\/index.php\/2026\/03\/18\/ket-jelentos-termeszetvedelmi-beruhazas-indul-el-a-duna-ipoly-nemzeti-parkban\/"},"wordCount":600,"publisher":{"@id":"https:\/\/dorogimedence.hu\/#organization"},"image":{"@id":"https:\/\/dorogimedence.hu\/index.php\/2026\/03\/18\/ket-jelentos-termeszetvedelmi-beruhazas-indul-el-a-duna-ipoly-nemzeti-parkban\/#primaryimage"},"thumbnailUrl":"https:\/\/dorogimedence.hu\/wp-content\/uploads\/2026\/03\/20260318_Racz_bp-6.jpg","keywords":["beruh\u00e1z\u00e1s","Duna-Ipoly Nemzeti Park","fejleszt\u00e9s"],"articleSection":["H\u00edrek"],"inLanguage":"hu"},{"@type":"WebPage","@id":"https:\/\/dorogimedence.hu\/index.php\/2026\/03\/18\/ket-jelentos-termeszetvedelmi-beruhazas-indul-el-a-duna-ipoly-nemzeti-parkban\/","url":"https:\/\/dorogimedence.hu\/index.php\/2026\/03\/18\/ket-jelentos-termeszetvedelmi-beruhazas-indul-el-a-duna-ipoly-nemzeti-parkban\/","name":"K\u00e9t jelent\u0151s term\u00e9szetv\u00e9delmi beruh\u00e1z\u00e1s indul el a Duna-Ipoly Nemzeti Parkban","isPartOf":{"@id":"https:\/\/dorogimedence.hu\/#website"},"primaryImageOfPage":{"@id":"https:\/\/dorogimedence.hu\/index.php\/2026\/03\/18\/ket-jelentos-termeszetvedelmi-beruhazas-indul-el-a-duna-ipoly-nemzeti-parkban\/#primaryimage"},"image":{"@id":"https:\/\/dorogimedence.hu\/index.php\/2026\/03\/18\/ket-jelentos-termeszetvedelmi-beruhazas-indul-el-a-duna-ipoly-nemzeti-parkban\/#primaryimage"},"thumbnailUrl":"https:\/\/dorogimedence.hu\/wp-content\/uploads\/2026\/03\/20260318_Racz_bp-6.jpg","datePublished":"2026-03-18T14:39:18+00:00","breadcrumb":{"@id":"https:\/\/dorogimedence.hu\/index.php\/2026\/03\/18\/ket-jelentos-termeszetvedelmi-beruhazas-indul-el-a-duna-ipoly-nemzeti-parkban\/#breadcrumb"},"inLanguage":"hu","potentialAction":[{"@type":"ReadAction","target":["https:\/\/dorogimedence.hu\/index.php\/2026\/03\/18\/ket-jelentos-termeszetvedelmi-beruhazas-indul-el-a-duna-ipoly-nemzeti-parkban\/"]}]},{"@type":"ImageObject","inLanguage":"hu","@id":"https:\/\/dorogimedence.hu\/index.php\/2026\/03\/18\/ket-jelentos-termeszetvedelmi-beruhazas-indul-el-a-duna-ipoly-nemzeti-parkban\/#primaryimage","url":"https:\/\/dorogimedence.hu\/wp-content\/uploads\/2026\/03\/20260318_Racz_bp-6.jpg","contentUrl":"https:\/\/dorogimedence.hu\/wp-content\/uploads\/2026\/03\/20260318_Racz_bp-6.jpg","width":2500,"height":1667},{"@type":"BreadcrumbList","@id":"https:\/\/dorogimedence.hu\/index.php\/2026\/03\/18\/ket-jelentos-termeszetvedelmi-beruhazas-indul-el-a-duna-ipoly-nemzeti-parkban\/#breadcrumb","itemListElement":[{"@type":"ListItem","position":1,"name":"Kezd\u0151lap","item":"https:\/\/dorogimedence.hu\/"},{"@type":"ListItem","position":2,"name":"K\u00e9t jelent\u0151s term\u00e9szetv\u00e9delmi beruh\u00e1z\u00e1s indul el a Duna-Ipoly Nemzeti Parkban"}]},{"@type":"WebSite","@id":"https:\/\/dorogimedence.hu\/#website","url":"https:\/\/dorogimedence.hu\/","name":"Dorogi-medence Region\u00e1lis H\u00edrport\u00e1l","description":"Dorog, Keszt\u00f6lc, Le\u00e1nyv\u00e1r, Piliscs\u00e9v, Tokod, Tokodalt\u00e1r\u00f3, Csolnok, Esztergom-kertv\u00e1ros: h\u00edrek, programok","publisher":{"@id":"https:\/\/dorogimedence.hu\/#organization"},"potentialAction":[{"@type":"SearchAction","target":{"@type":"EntryPoint","urlTemplate":"https:\/\/dorogimedence.hu\/?s={search_term_string}"},"query-input":{"@type":"PropertyValueSpecification","valueRequired":true,"valueName":"search_term_string"}}],"inLanguage":"hu"},{"@type":"Organization","@id":"https:\/\/dorogimedence.hu\/#organization","name":"Dorogi-medence Region\u00e1lis H\u00edrport\u00e1l","url":"https:\/\/dorogimedence.hu\/","logo":{"@type":"ImageObject","inLanguage":"hu","@id":"https:\/\/dorogimedence.hu\/#\/schema\/logo\/image\/","url":"https:\/\/dorogimedence.hu\/wp-content\/uploads\/2021\/04\/logo-feher-600.png","contentUrl":"https:\/\/dorogimedence.hu\/wp-content\/uploads\/2021\/04\/logo-feher-600.png","width":600,"height":100,"caption":"Dorogi-medence Region\u00e1lis H\u00edrport\u00e1l"},"image":{"@id":"https:\/\/dorogimedence.hu\/#\/schema\/logo\/image\/"},"sameAs":["https:\/\/www.facebook.com\/dorogimedence\/"]},{"@type":"Person","@id":"https:\/\/dorogimedence.hu\/#\/schema\/person\/ce6091eeb7e95ecdc87890d6aa8e0fd4","name":"dorogimedence.hu","image":{"@type":"ImageObject","inLanguage":"hu","@id":"\/\/www.gravatar.com\/avatar\/d8d45f8901aadff40a4af72c0b826f1d?s=96&#038;r=g&#038;d=mm","url":"\/\/www.gravatar.com\/avatar\/d8d45f8901aadff40a4af72c0b826f1d?s=96&#038;r=g&#038;d=mm","contentUrl":"\/\/www.gravatar.com\/avatar\/d8d45f8901aadff40a4af72c0b826f1d?s=96&#038;r=g&#038;d=mm","caption":"dorogimedence.hu"}}]}},"_links":{"self":[{"href":"https:\/\/dorogimedence.hu\/index.php\/wp-json\/wp\/v2\/posts\/78660","targetHints":{"allow":["GET"]}}],"collection":[{"href":"https:\/\/dorogimedence.hu\/index.php\/wp-json\/wp\/v2\/posts"}],"about":[{"href":"https:\/\/dorogimedence.hu\/index.php\/wp-json\/wp\/v2\/types\/post"}],"author":[{"embeddable":true,"href":"https:\/\/dorogimedence.hu\/index.php\/wp-json\/wp\/v2\/users\/1"}],"replies":[{"embeddable":true,"href":"https:\/\/dorogimedence.hu\/index.php\/wp-json\/wp\/v2\/comments?post=78660"}],"version-history":[{"count":1,"href":"https:\/\/dorogimedence.hu\/index.php\/wp-json\/wp\/v2\/posts\/78660\/revisions"}],"predecessor-version":[{"id":78662,"href":"https:\/\/dorogimedence.hu\/index.php\/wp-json\/wp\/v2\/posts\/78660\/revisions\/78662"}],"wp:featuredmedia":[{"embeddable":true,"href":"https:\/\/dorogimedence.hu\/index.php\/wp-json\/wp\/v2\/media\/78661"}],"wp:attachment":[{"href":"https:\/\/dorogimedence.hu\/index.php\/wp-json\/wp\/v2\/media?parent=78660"}],"wp:term":[{"taxonomy":"category","embeddable":true,"href":"https:\/\/dorogimedence.hu\/index.php\/wp-json\/wp\/v2\/categories?post=78660"},{"taxonomy":"post_tag","embeddable":true,"href":"https:\/\/dorogimedence.hu\/index.php\/wp-json\/wp\/v2\/tags?post=78660"}],"curies":[{"name":"wp","href":"https:\/\/api.w.org\/{rel}","templated":true}]}}