{"id":78643,"date":"2026-03-18T15:05:56","date_gmt":"2026-03-18T14:05:56","guid":{"rendered":"https:\/\/dorogimedence.hu\/?p=78643"},"modified":"2026-03-18T15:05:56","modified_gmt":"2026-03-18T14:05:56","slug":"geotermikus-kutatas-indult-esztergom-tersegeben","status":"publish","type":"post","link":"https:\/\/dorogimedence.hu\/index.php\/2026\/03\/18\/geotermikus-kutatas-indult-esztergom-tersegeben\/","title":{"rendered":"Geotermikus kutat\u00e1s indult Esztergom t\u00e9rs\u00e9g\u00e9ben"},"content":{"rendered":"<p><strong><a href=\"https:\/\/dorogimedence.hu\/index.php\/2026\/03\/09\/szeizmikus-foldtani-kutatast-vegeznek-tersegunkben\/\" target=\"_blank\" rel=\"noopener\"><span style=\"text-decoration: underline; color: #0000ff;\">Szeizmikus f\u00f6ldtani kutat\u00e1s<\/span><\/a> kezd\u0151d\u00f6tt t\u00e9rs\u00e9g\u00fcnkben, amelynek c\u00e9lja a geotermikus energia hasznos\u00edt\u00e1s\u00e1nak el\u0151k\u00e9sz\u00edt\u00e9se \u00e9s az energiaell\u00e1t\u00e1s biztons\u00e1g\u00e1nak n\u00f6vel\u00e9se. A Szab\u00e1lyozott Tev\u00e9kenys\u00e9gek Fel\u00fcgyeleti Hat\u00f3s\u00e1ga (SZTFH) \u00e1ltal v\u00e9gzett vizsg\u00e1latok mintegy 80 n\u00e9gyzetkilom\u00e9teres ter\u00fcletet \u00e9rintenek, t\u00f6bbek k\u00f6z\u00f6tt Esztergom, T\u00e1t, Tokod, Tokodalt\u00e1r\u00f3, Dorog, Keszt\u00f6lc, Piliscs\u00e9v \u00e9s Le\u00e1nyv\u00e1r t\u00e9rs\u00e9g\u00e9ben. Az err\u0151l sz\u00f3l\u00f3 sajt\u00f3t\u00e1j\u00e9koztat\u00f3t a Kis-Str\u00e1zsa-hegy el\u0151tti K\u00f6k\u00f6rcsin H\u00e1zn\u00e1l tarott\u00e1k meg m\u00e1rcius 18-\u00e1n.<\/strong><\/p>\n<p>A kutat\u00e1s sor\u00e1n szeizmikus m\u00e9r\u00e9seket v\u00e9geznek: speci\u00e1lis j\u00e1rm\u0171vek kis energi\u00e1j\u00fa rezg\u00e9seket juttatnak a talajba, amelyek seg\u00edts\u00e9g\u00e9vel felt\u00e9rk\u00e9pezik a f\u00f6ld alatti r\u00e9tegeket. A vizsg\u00e1lat nem j\u00e1r talajbont\u00e1ssal, \u00e9s a munk\u00e1latok ut\u00e1n minden eszk\u00f6zt elt\u00e1vol\u00edtanak a ter\u00fcletr\u0151l.<\/p>\n<h3>Hern\u00e1di \u00c1d\u00e1m: a j\u00f6v\u0151 energiaforr\u00e1sa lehet a f\u00f6ldh\u0151<\/h3>\n<p><img fetchpriority=\"high\" decoding=\"async\" class=\"alignnone size-full wp-image-78646\" src=\"https:\/\/dorogimedence.hu\/wp-content\/uploads\/2026\/03\/IMG_2636.jpg\" alt=\"\" width=\"1920\" height=\"1280\" srcset=\"https:\/\/dorogimedence.hu\/wp-content\/uploads\/2026\/03\/IMG_2636.jpg 1920w, https:\/\/dorogimedence.hu\/wp-content\/uploads\/2026\/03\/IMG_2636-600x400.jpg 600w, https:\/\/dorogimedence.hu\/wp-content\/uploads\/2026\/03\/IMG_2636-768x512.jpg 768w, https:\/\/dorogimedence.hu\/wp-content\/uploads\/2026\/03\/IMG_2636-1536x1024.jpg 1536w, https:\/\/dorogimedence.hu\/wp-content\/uploads\/2026\/03\/IMG_2636-150x100.jpg 150w, https:\/\/dorogimedence.hu\/wp-content\/uploads\/2026\/03\/IMG_2636-450x300.jpg 450w, https:\/\/dorogimedence.hu\/wp-content\/uploads\/2026\/03\/IMG_2636-1200x800.jpg 1200w, https:\/\/dorogimedence.hu\/wp-content\/uploads\/2026\/03\/IMG_2636-272x182.jpg 272w\" sizes=\"(max-width: 1920px) 100vw, 1920px\" \/><\/p>\n<p>Hern\u00e1di \u00c1d\u00e1m, Esztergom Megyei Jog\u00fa V\u00e1ros polg\u00e1rmestere hangs\u00falyozta, hogy a kutat\u00e1s a t\u00e9rs\u00e9g f\u00f6ldtani viszonyainak jobb megismer\u00e9s\u00e9t szolg\u00e1lja, \u00e9s hossz\u00fa t\u00e1von komoly lehet\u0151s\u00e9geket rejt. Mint elmondta, a vizsg\u00e1latok egy mintegy 80 n\u00e9gyzetkilom\u00e9teres ter\u00fcletet \u00e9rintenek, \u00e9s t\u00f6bb telep\u00fcl\u00e9s egy\u00fcttm\u0171k\u00f6d\u00e9s\u00e9vel val\u00f3sulnak meg. Kiemelte, hogy a szeizmikus m\u00e9r\u00e9sek sor\u00e1n alkalmazott technol\u00f3gia biztons\u00e1gos, nem j\u00e1r k\u00e1ros beavatkoz\u00e1ssal a k\u00f6rnyezetbe.<\/p>\n<p>A polg\u00e1rmester szerint az \u00f6nkorm\u00e1nyzatok sz\u00e1m\u00e1ra kiemelten fontos, hogy olyan alternat\u00edv energiaforr\u00e1sokat tal\u00e1ljanak, amelyekkel nemcsak az ipari szerepl\u0151k, hanem a k\u00f6zint\u00e9zm\u00e9nyek f\u0171t\u00e9se \u00e9s h\u0171t\u00e9se is megoldhat\u00f3. Hozz\u00e1tette: nagy v\u00e1rakoz\u00e1ssal tekintenek a kutat\u00e1s eredm\u00e9nyeire.<\/p>\n<h3>Dr. Nagy L\u00e1szl\u00f3: a geotermikus energia nemzetbiztons\u00e1gi k\u00e9rd\u00e9s is<\/h3>\n<p><img decoding=\"async\" class=\"alignnone size-full wp-image-78647\" src=\"https:\/\/dorogimedence.hu\/wp-content\/uploads\/2026\/03\/IMG_2648.jpg\" alt=\"\" width=\"1920\" height=\"1280\" srcset=\"https:\/\/dorogimedence.hu\/wp-content\/uploads\/2026\/03\/IMG_2648.jpg 1920w, https:\/\/dorogimedence.hu\/wp-content\/uploads\/2026\/03\/IMG_2648-600x400.jpg 600w, https:\/\/dorogimedence.hu\/wp-content\/uploads\/2026\/03\/IMG_2648-768x512.jpg 768w, https:\/\/dorogimedence.hu\/wp-content\/uploads\/2026\/03\/IMG_2648-1536x1024.jpg 1536w, https:\/\/dorogimedence.hu\/wp-content\/uploads\/2026\/03\/IMG_2648-150x100.jpg 150w, https:\/\/dorogimedence.hu\/wp-content\/uploads\/2026\/03\/IMG_2648-450x300.jpg 450w, https:\/\/dorogimedence.hu\/wp-content\/uploads\/2026\/03\/IMG_2648-1200x800.jpg 1200w, https:\/\/dorogimedence.hu\/wp-content\/uploads\/2026\/03\/IMG_2648-272x182.jpg 272w\" sizes=\"(max-width: 1920px) 100vw, 1920px\" \/><\/p>\n<p>Dr. Nagy L\u00e1szl\u00f3, az SZTFH eln\u00f6ke besz\u00e9d\u00e9ben kiemelte: a program c\u00e9lja, hogy cs\u00f6kkents\u00e9k Magyarorsz\u00e1g energiaf\u00fcgg\u0151s\u00e9g\u00e9t, \u00e9s kisz\u00e1m\u00edthat\u00f3, helyben rendelkez\u00e9sre \u00e1ll\u00f3 energiaforr\u00e1sokat t\u00e1rjanak fel. R\u00e1mutatott, hogy a geotermikus energia egyik legnagyobb el\u0151nye, hogy nem f\u00fcgg az id\u0151j\u00e1r\u00e1st\u00f3l vagy a geopolitikai helyzett\u0151l, \u00edgy stabil \u00e9s folyamatos energiaell\u00e1t\u00e1st biztos\u00edthat. Hangs\u00falyozta: a K\u00e1rp\u00e1t-medence kiv\u00e9teles adotts\u00e1gokkal rendelkezik, ugyanakkor a lehet\u0151s\u00e9gek m\u00e9g nincsenek teljes m\u00e9rt\u00e9kben kihaszn\u00e1lva. A kutat\u00e1sok c\u00e9lja, hogy pontos adatokat szolg\u00e1ltassanak a beruh\u00e1z\u00f3knak, \u00e9s cs\u00f6kkents\u00e9k a f\u00far\u00e1sok kock\u00e1zat\u00e1t.<\/p>\n<p>Elmondta azt is, hogy a program m\u00e1r t\u00f6bb v\u00e1rosban sikeresen zajlott, \u00e9s 2026-t\u00f3l orsz\u00e1gos szinten folytat\u00f3dik, amelynek egyik els\u0151 \u00e1llom\u00e1sa Esztergom. Kiemelte: a geotermikus energia nemcsak a lakoss\u00e1gi \u00e9s \u00f6nkorm\u00e1nyzati felhaszn\u00e1l\u00e1sban, hanem az ipari parkok \u2013 p\u00e9ld\u00e1ul az esztergomi ipari \u00f6vezet \u2013 energiaell\u00e1t\u00e1s\u00e1ban is komoly szerepet kaphat.<\/p>\n<h3>Er\u0151s G\u00e1bor: az energiabiztons\u00e1g a munkahelyeket is v\u00e9di<\/h3>\n<p><img decoding=\"async\" class=\"alignnone size-full wp-image-78648\" src=\"https:\/\/dorogimedence.hu\/wp-content\/uploads\/2026\/03\/IMG_2656.jpg\" alt=\"\" width=\"1920\" height=\"1280\" srcset=\"https:\/\/dorogimedence.hu\/wp-content\/uploads\/2026\/03\/IMG_2656.jpg 1920w, https:\/\/dorogimedence.hu\/wp-content\/uploads\/2026\/03\/IMG_2656-600x400.jpg 600w, https:\/\/dorogimedence.hu\/wp-content\/uploads\/2026\/03\/IMG_2656-768x512.jpg 768w, https:\/\/dorogimedence.hu\/wp-content\/uploads\/2026\/03\/IMG_2656-1536x1024.jpg 1536w, https:\/\/dorogimedence.hu\/wp-content\/uploads\/2026\/03\/IMG_2656-150x100.jpg 150w, https:\/\/dorogimedence.hu\/wp-content\/uploads\/2026\/03\/IMG_2656-450x300.jpg 450w, https:\/\/dorogimedence.hu\/wp-content\/uploads\/2026\/03\/IMG_2656-1200x800.jpg 1200w, https:\/\/dorogimedence.hu\/wp-content\/uploads\/2026\/03\/IMG_2656-272x182.jpg 272w\" sizes=\"(max-width: 1920px) 100vw, 1920px\" \/><\/p>\n<p>Er\u0151s G\u00e1bor orsz\u00e1ggy\u0171l\u00e9si k\u00e9pvisel\u0151 arr\u00f3l besz\u00e9lt, hogy a t\u00e9rs\u00e9gben \u00e9l\u0151k sz\u00e1m\u00e1ra is fontos, hogy tiszt\u00e1n l\u00e1ss\u00e1k a kutat\u00e1s c\u00e9lj\u00e1t \u00e9s jelent\u0151s\u00e9g\u00e9t. Kiemelte: a program hozz\u00e1j\u00e1rul ahhoz, hogy Magyarorsz\u00e1g energiaell\u00e1t\u00e1sa t\u00f6bb l\u00e1bon \u00e1lljon, ami a jelenlegi nemzetk\u00f6zi helyzetben k\u00fcl\u00f6n\u00f6sen fontos. Hangs\u00falyozta, hogy a kutat\u00e1s nyolc telep\u00fcl\u00e9st \u00e9rint, \u00e9s k\u00fcl\u00f6n\u00f6sen jelent\u0151s az ipari parkok szempontj\u00e1b\u00f3l, hiszen az energiaell\u00e1t\u00e1s k\u00f6zvetlen hat\u00e1ssal van a gazdas\u00e1g m\u0171k\u00f6d\u00e9s\u00e9re.<\/p>\n<p>R\u00e1mutatott: ha az energiaell\u00e1t\u00e1s nem biztos\u00edtott, az a termel\u00e9s le\u00e1ll\u00e1s\u00e1hoz \u00e9s munkahelyek megsz\u0171n\u00e9s\u00e9hez vezethet, ez\u00e9rt kulcsfontoss\u00e1g\u00fa az ilyen jelleg\u0171 fejleszt\u00e9sek t\u00e1mogat\u00e1sa. B\u00edzik abban, hogy a kutat\u00e1sok sikeresek lesznek, \u00e9s a t\u00e9rs\u00e9g hossz\u00fa t\u00e1von profit\u00e1lhat az eredm\u00e9nyekb\u0151l.<\/p>\n<h3>Bemutatt\u00e1k a kutat\u00e1shoz haszn\u00e1lt technol\u00f3gi\u00e1t is<\/h3>\n<p><img loading=\"lazy\" decoding=\"async\" class=\"alignnone size-full wp-image-78649\" src=\"https:\/\/dorogimedence.hu\/wp-content\/uploads\/2026\/03\/IMG_2670.jpg\" alt=\"\" width=\"1920\" height=\"1280\" srcset=\"https:\/\/dorogimedence.hu\/wp-content\/uploads\/2026\/03\/IMG_2670.jpg 1920w, https:\/\/dorogimedence.hu\/wp-content\/uploads\/2026\/03\/IMG_2670-600x400.jpg 600w, https:\/\/dorogimedence.hu\/wp-content\/uploads\/2026\/03\/IMG_2670-768x512.jpg 768w, https:\/\/dorogimedence.hu\/wp-content\/uploads\/2026\/03\/IMG_2670-1536x1024.jpg 1536w, https:\/\/dorogimedence.hu\/wp-content\/uploads\/2026\/03\/IMG_2670-150x100.jpg 150w, https:\/\/dorogimedence.hu\/wp-content\/uploads\/2026\/03\/IMG_2670-450x300.jpg 450w, https:\/\/dorogimedence.hu\/wp-content\/uploads\/2026\/03\/IMG_2670-1200x800.jpg 1200w, https:\/\/dorogimedence.hu\/wp-content\/uploads\/2026\/03\/IMG_2670-272x182.jpg 272w\" sizes=\"(max-width: 1920px) 100vw, 1920px\" \/><\/p>\n<p>Az esem\u00e9nyen Bereczki L\u00e1szl\u00f3, az SZTFH \u00c1sv\u00e1nyi Nyersanyagkutat\u00e1si \u00e9s Geofizikai F\u0151oszt\u00e1ly\u00e1nak vezet\u0151je a gyakorlatban is bemutatta a kutat\u00e1shoz haszn\u00e1lt speci\u00e1lis berendez\u00e9seket. A r\u00e9sztvev\u0151k testk\u00f6zelb\u0151l is megismerhett\u00e9k a szeizmikus m\u00e9r\u00e9sek folyamat\u00e1t, a haszn\u00e1lt j\u00e1rm\u0171veket \u00e9s az adatgy\u0171jt\u00e9s m\u00f3dszereit.<\/p>\n<h3>\u00d6sszegz\u00e9s<\/h3>\n<p>Az Esztergom t\u00e9rs\u00e9g\u00e9ben elindult szeizmikus kutat\u00e1s egy hosszabb t\u00e1v\u00fa, orsz\u00e1gos geotermikus program r\u00e9sze, amelynek c\u00e9lja a hazai energiaell\u00e1t\u00e1s biztons\u00e1g\u00e1nak er\u0151s\u00edt\u00e9se \u00e9s a fenntarthat\u00f3 energiaforr\u00e1sok felt\u00e1r\u00e1sa. A vizsg\u00e1latok eredm\u00e9nyei nemcsak a lakoss\u00e1gi \u00e9s \u00f6nkorm\u00e1nyzati energiafelhaszn\u00e1l\u00e1sban hozhatnak \u00e1tt\u00f6r\u00e9st, hanem az ipari szerepl\u0151k sz\u00e1m\u00e1ra is \u00faj lehet\u0151s\u00e9geket nyithatnak meg. Ha a kutat\u00e1s sikerrel z\u00e1rul, a t\u00e9rs\u00e9g versenyk\u00e9pess\u00e9ge jelent\u0151sen n\u00f6vekedhet, mik\u00f6zben cs\u00f6kkenhet az import energi\u00e1t\u00f3l val\u00f3 f\u00fcgg\u0151s\u00e9g is.<\/p>\n<p><img loading=\"lazy\" decoding=\"async\" class=\"alignnone size-full wp-image-78651\" src=\"https:\/\/dorogimedence.hu\/wp-content\/uploads\/2026\/03\/IMG_2669.jpg\" alt=\"\" width=\"1920\" height=\"1280\" srcset=\"https:\/\/dorogimedence.hu\/wp-content\/uploads\/2026\/03\/IMG_2669.jpg 1920w, https:\/\/dorogimedence.hu\/wp-content\/uploads\/2026\/03\/IMG_2669-600x400.jpg 600w, https:\/\/dorogimedence.hu\/wp-content\/uploads\/2026\/03\/IMG_2669-768x512.jpg 768w, https:\/\/dorogimedence.hu\/wp-content\/uploads\/2026\/03\/IMG_2669-1536x1024.jpg 1536w, https:\/\/dorogimedence.hu\/wp-content\/uploads\/2026\/03\/IMG_2669-150x100.jpg 150w, https:\/\/dorogimedence.hu\/wp-content\/uploads\/2026\/03\/IMG_2669-450x300.jpg 450w, https:\/\/dorogimedence.hu\/wp-content\/uploads\/2026\/03\/IMG_2669-1200x800.jpg 1200w, https:\/\/dorogimedence.hu\/wp-content\/uploads\/2026\/03\/IMG_2669-272x182.jpg 272w\" sizes=\"(max-width: 1920px) 100vw, 1920px\" \/> <img loading=\"lazy\" decoding=\"async\" class=\"alignnone size-full wp-image-78650\" src=\"https:\/\/dorogimedence.hu\/wp-content\/uploads\/2026\/03\/IMG_2665.jpg\" alt=\"\" width=\"1920\" height=\"1280\" srcset=\"https:\/\/dorogimedence.hu\/wp-content\/uploads\/2026\/03\/IMG_2665.jpg 1920w, https:\/\/dorogimedence.hu\/wp-content\/uploads\/2026\/03\/IMG_2665-600x400.jpg 600w, https:\/\/dorogimedence.hu\/wp-content\/uploads\/2026\/03\/IMG_2665-768x512.jpg 768w, https:\/\/dorogimedence.hu\/wp-content\/uploads\/2026\/03\/IMG_2665-1536x1024.jpg 1536w, https:\/\/dorogimedence.hu\/wp-content\/uploads\/2026\/03\/IMG_2665-150x100.jpg 150w, https:\/\/dorogimedence.hu\/wp-content\/uploads\/2026\/03\/IMG_2665-450x300.jpg 450w, https:\/\/dorogimedence.hu\/wp-content\/uploads\/2026\/03\/IMG_2665-1200x800.jpg 1200w, https:\/\/dorogimedence.hu\/wp-content\/uploads\/2026\/03\/IMG_2665-272x182.jpg 272w\" sizes=\"(max-width: 1920px) 100vw, 1920px\" \/><\/p>\n<p><em>Fot\u00f3k: dorogimedence.hu<\/em><\/p>\n","protected":false},"excerpt":{"rendered":"<p>Szeizmikus f\u00f6ldtani kutat\u00e1s kezd\u0151d\u00f6tt t\u00e9rs\u00e9g\u00fcnkben, amelynek c\u00e9lja a geotermikus energia hasznos\u00edt\u00e1s\u00e1nak el\u0151k\u00e9sz\u00edt\u00e9se \u00e9s az energiaell\u00e1t\u00e1s biztons\u00e1g\u00e1nak n\u00f6vel\u00e9se. A Szab\u00e1lyozott Tev\u00e9kenys\u00e9gek Fel\u00fcgyeleti Hat\u00f3s\u00e1ga (SZTFH) \u00e1ltal v\u00e9gzett vizsg\u00e1latok mintegy 80 n\u00e9gyzetkilom\u00e9teres ter\u00fcletet \u00e9rintenek, t\u00f6bbek k\u00f6z\u00f6tt Esztergom, T\u00e1t, Tokod, Tokodalt\u00e1r\u00f3, Dorog, Keszt\u00f6lc, Piliscs\u00e9v \u00e9s Le\u00e1nyv\u00e1r t\u00e9rs\u00e9g\u00e9ben. Az err\u0151l sz\u00f3l\u00f3 sajt\u00f3t\u00e1j\u00e9koztat\u00f3t a Kis-Str\u00e1zsa-hegy el\u0151tti K\u00f6k\u00f6rcsin H\u00e1zn\u00e1l tarott\u00e1k meg m\u00e1rcius<\/p>\n","protected":false},"author":1,"featured_media":78645,"comment_status":"closed","ping_status":"closed","sticky":false,"template":"","format":"standard","meta":{"ngg_post_thumbnail":0,"footnotes":""},"categories":[2,38,3,8,9,11,110,6,10],"tags":[15,42,5624,8786,129,4595,55,91,8787,111,12,47],"class_list":{"0":"post-78643","1":"post","2":"type-post","3":"status-publish","4":"format-standard","5":"has-post-thumbnail","7":"category-dorog","8":"category-esztergom","9":"category-hirek","10":"category-kesztolc","11":"category-leanyvar","12":"category-piliscsev","13":"category-tat","14":"category-tokod","15":"category-tokodaltaro","16":"tag-dorog","17":"tag-esztergom","18":"tag-featured","19":"tag-geotermikus-kutatas","20":"tag-kesztolc","21":"tag-kutatas","22":"tag-leanyvar","23":"tag-piliscsev","24":"tag-szeizmikus-foldtani-kutatas","25":"tag-tat","26":"tag-tokod","27":"tag-tokodaltaro"},"yoast_head":"<!-- This site is optimized with the Yoast SEO plugin v27.4 - https:\/\/yoast.com\/product\/yoast-seo-wordpress\/ -->\n<title>Geotermikus kutat\u00e1s indult Esztergom t\u00e9rs\u00e9g\u00e9ben<\/title>\n<meta name=\"robots\" content=\"index, follow, max-snippet:-1, max-image-preview:large, max-video-preview:-1\" \/>\n<link rel=\"canonical\" href=\"https:\/\/dorogimedence.hu\/index.php\/2026\/03\/18\/geotermikus-kutatas-indult-esztergom-tersegeben\/\" class=\"yoast-seo-meta-tag\" \/>\n<meta property=\"og:locale\" content=\"hu_HU\" class=\"yoast-seo-meta-tag\" \/>\n<meta property=\"og:type\" content=\"article\" class=\"yoast-seo-meta-tag\" \/>\n<meta property=\"og:title\" content=\"Geotermikus kutat\u00e1s indult Esztergom t\u00e9rs\u00e9g\u00e9ben\" class=\"yoast-seo-meta-tag\" \/>\n<meta property=\"og:description\" content=\"Szeizmikus f\u00f6ldtani kutat\u00e1s kezd\u0151d\u00f6tt t\u00e9rs\u00e9g\u00fcnkben, amelynek c\u00e9lja a geotermikus energia hasznos\u00edt\u00e1s\u00e1nak el\u0151k\u00e9sz\u00edt\u00e9se \u00e9s az energiaell\u00e1t\u00e1s biztons\u00e1g\u00e1nak n\u00f6vel\u00e9se. A Szab\u00e1lyozott Tev\u00e9kenys\u00e9gek Fel\u00fcgyeleti Hat\u00f3s\u00e1ga (SZTFH) \u00e1ltal v\u00e9gzett vizsg\u00e1latok mintegy 80 n\u00e9gyzetkilom\u00e9teres ter\u00fcletet \u00e9rintenek, t\u00f6bbek k\u00f6z\u00f6tt Esztergom, T\u00e1t, Tokod, Tokodalt\u00e1r\u00f3, Dorog, Keszt\u00f6lc, Piliscs\u00e9v \u00e9s Le\u00e1nyv\u00e1r t\u00e9rs\u00e9g\u00e9ben. Az err\u0151l sz\u00f3l\u00f3 sajt\u00f3t\u00e1j\u00e9koztat\u00f3t a Kis-Str\u00e1zsa-hegy el\u0151tti K\u00f6k\u00f6rcsin H\u00e1zn\u00e1l tarott\u00e1k meg m\u00e1rcius\" class=\"yoast-seo-meta-tag\" \/>\n<meta property=\"og:url\" content=\"https:\/\/dorogimedence.hu\/index.php\/2026\/03\/18\/geotermikus-kutatas-indult-esztergom-tersegeben\/\" class=\"yoast-seo-meta-tag\" \/>\n<meta property=\"og:site_name\" content=\"Dorogi-medence Region\u00e1lis H\u00edrport\u00e1l\" class=\"yoast-seo-meta-tag\" \/>\n<meta property=\"article:publisher\" content=\"https:\/\/www.facebook.com\/dorogimedence\/\" class=\"yoast-seo-meta-tag\" \/>\n<meta property=\"article:published_time\" content=\"2026-03-18T14:05:56+00:00\" class=\"yoast-seo-meta-tag\" \/>\n<meta property=\"og:image\" content=\"https:\/\/dorogimedence.hu\/wp-content\/uploads\/2026\/03\/IMG_2674.jpg\" class=\"yoast-seo-meta-tag\" \/>\n\t<meta property=\"og:image:width\" content=\"1920\" class=\"yoast-seo-meta-tag\" \/>\n\t<meta property=\"og:image:height\" content=\"1280\" class=\"yoast-seo-meta-tag\" \/>\n\t<meta property=\"og:image:type\" content=\"image\/jpeg\" class=\"yoast-seo-meta-tag\" \/>\n<meta name=\"author\" content=\"dorogimedence.hu\" class=\"yoast-seo-meta-tag\" \/>\n<meta name=\"twitter:card\" content=\"summary_large_image\" class=\"yoast-seo-meta-tag\" \/>\n<meta name=\"twitter:label1\" content=\"Szerz\u0151:\" class=\"yoast-seo-meta-tag\" \/>\n\t<meta name=\"twitter:data1\" content=\"dorogimedence.hu\" class=\"yoast-seo-meta-tag\" \/>\n\t<meta name=\"twitter:label2\" content=\"Becs\u00fclt olvas\u00e1si id\u0151\" class=\"yoast-seo-meta-tag\" \/>\n\t<meta name=\"twitter:data2\" content=\"5 perc\" class=\"yoast-seo-meta-tag\" \/>\n<script type=\"application\/ld+json\" class=\"yoast-schema-graph\">{\"@context\":\"https:\\\/\\\/schema.org\",\"@graph\":[{\"@type\":\"Article\",\"@id\":\"https:\\\/\\\/dorogimedence.hu\\\/index.php\\\/2026\\\/03\\\/18\\\/geotermikus-kutatas-indult-esztergom-tersegeben\\\/#article\",\"isPartOf\":{\"@id\":\"https:\\\/\\\/dorogimedence.hu\\\/index.php\\\/2026\\\/03\\\/18\\\/geotermikus-kutatas-indult-esztergom-tersegeben\\\/\"},\"author\":{\"name\":\"dorogimedence.hu\",\"@id\":\"https:\\\/\\\/dorogimedence.hu\\\/#\\\/schema\\\/person\\\/ce6091eeb7e95ecdc87890d6aa8e0fd4\"},\"headline\":\"Geotermikus kutat\u00e1s indult Esztergom t\u00e9rs\u00e9g\u00e9ben\",\"datePublished\":\"2026-03-18T14:05:56+00:00\",\"mainEntityOfPage\":{\"@id\":\"https:\\\/\\\/dorogimedence.hu\\\/index.php\\\/2026\\\/03\\\/18\\\/geotermikus-kutatas-indult-esztergom-tersegeben\\\/\"},\"wordCount\":916,\"publisher\":{\"@id\":\"https:\\\/\\\/dorogimedence.hu\\\/#organization\"},\"image\":{\"@id\":\"https:\\\/\\\/dorogimedence.hu\\\/index.php\\\/2026\\\/03\\\/18\\\/geotermikus-kutatas-indult-esztergom-tersegeben\\\/#primaryimage\"},\"thumbnailUrl\":\"https:\\\/\\\/dorogimedence.hu\\\/wp-content\\\/uploads\\\/2026\\\/03\\\/IMG_2674.jpg\",\"keywords\":[\"Dorog\",\"esztergom\",\"featured\",\"geotermikus kutat\u00e1s\",\"Keszt\u00f6lc\",\"kutat\u00e1s\",\"le\u00e1nyv\u00e1r\",\"Piliscs\u00e9v\",\"szeizmikus f\u00f6ldtani kutat\u00e1s\",\"T\u00e1t\",\"Tokod\",\"Tokodalt\u00e1r\u00f3\"],\"articleSection\":[\"Dorog\",\"Esztergom\",\"H\u00edrek\",\"Keszt\u00f6lc\",\"Le\u00e1nyv\u00e1r\",\"Piliscs\u00e9v\",\"T\u00e1t\",\"Tokod\",\"Tokodalt\u00e1r\u00f3\"],\"inLanguage\":\"hu\"},{\"@type\":\"WebPage\",\"@id\":\"https:\\\/\\\/dorogimedence.hu\\\/index.php\\\/2026\\\/03\\\/18\\\/geotermikus-kutatas-indult-esztergom-tersegeben\\\/\",\"url\":\"https:\\\/\\\/dorogimedence.hu\\\/index.php\\\/2026\\\/03\\\/18\\\/geotermikus-kutatas-indult-esztergom-tersegeben\\\/\",\"name\":\"Geotermikus kutat\u00e1s indult Esztergom t\u00e9rs\u00e9g\u00e9ben\",\"isPartOf\":{\"@id\":\"https:\\\/\\\/dorogimedence.hu\\\/#website\"},\"primaryImageOfPage\":{\"@id\":\"https:\\\/\\\/dorogimedence.hu\\\/index.php\\\/2026\\\/03\\\/18\\\/geotermikus-kutatas-indult-esztergom-tersegeben\\\/#primaryimage\"},\"image\":{\"@id\":\"https:\\\/\\\/dorogimedence.hu\\\/index.php\\\/2026\\\/03\\\/18\\\/geotermikus-kutatas-indult-esztergom-tersegeben\\\/#primaryimage\"},\"thumbnailUrl\":\"https:\\\/\\\/dorogimedence.hu\\\/wp-content\\\/uploads\\\/2026\\\/03\\\/IMG_2674.jpg\",\"datePublished\":\"2026-03-18T14:05:56+00:00\",\"breadcrumb\":{\"@id\":\"https:\\\/\\\/dorogimedence.hu\\\/index.php\\\/2026\\\/03\\\/18\\\/geotermikus-kutatas-indult-esztergom-tersegeben\\\/#breadcrumb\"},\"inLanguage\":\"hu\",\"potentialAction\":[{\"@type\":\"ReadAction\",\"target\":[\"https:\\\/\\\/dorogimedence.hu\\\/index.php\\\/2026\\\/03\\\/18\\\/geotermikus-kutatas-indult-esztergom-tersegeben\\\/\"]}]},{\"@type\":\"ImageObject\",\"inLanguage\":\"hu\",\"@id\":\"https:\\\/\\\/dorogimedence.hu\\\/index.php\\\/2026\\\/03\\\/18\\\/geotermikus-kutatas-indult-esztergom-tersegeben\\\/#primaryimage\",\"url\":\"https:\\\/\\\/dorogimedence.hu\\\/wp-content\\\/uploads\\\/2026\\\/03\\\/IMG_2674.jpg\",\"contentUrl\":\"https:\\\/\\\/dorogimedence.hu\\\/wp-content\\\/uploads\\\/2026\\\/03\\\/IMG_2674.jpg\",\"width\":1920,\"height\":1280},{\"@type\":\"BreadcrumbList\",\"@id\":\"https:\\\/\\\/dorogimedence.hu\\\/index.php\\\/2026\\\/03\\\/18\\\/geotermikus-kutatas-indult-esztergom-tersegeben\\\/#breadcrumb\",\"itemListElement\":[{\"@type\":\"ListItem\",\"position\":1,\"name\":\"Kezd\u0151lap\",\"item\":\"https:\\\/\\\/dorogimedence.hu\\\/\"},{\"@type\":\"ListItem\",\"position\":2,\"name\":\"Geotermikus kutat\u00e1s indult Esztergom t\u00e9rs\u00e9g\u00e9ben\"}]},{\"@type\":\"WebSite\",\"@id\":\"https:\\\/\\\/dorogimedence.hu\\\/#website\",\"url\":\"https:\\\/\\\/dorogimedence.hu\\\/\",\"name\":\"Dorogi-medence Region\u00e1lis H\u00edrport\u00e1l\",\"description\":\"Dorog, Keszt\u00f6lc, Le\u00e1nyv\u00e1r, Piliscs\u00e9v, Tokod, Tokodalt\u00e1r\u00f3, Csolnok, Esztergom-kertv\u00e1ros: h\u00edrek, programok\",\"publisher\":{\"@id\":\"https:\\\/\\\/dorogimedence.hu\\\/#organization\"},\"potentialAction\":[{\"@type\":\"SearchAction\",\"target\":{\"@type\":\"EntryPoint\",\"urlTemplate\":\"https:\\\/\\\/dorogimedence.hu\\\/?s={search_term_string}\"},\"query-input\":{\"@type\":\"PropertyValueSpecification\",\"valueRequired\":true,\"valueName\":\"search_term_string\"}}],\"inLanguage\":\"hu\"},{\"@type\":\"Organization\",\"@id\":\"https:\\\/\\\/dorogimedence.hu\\\/#organization\",\"name\":\"Dorogi-medence Region\u00e1lis H\u00edrport\u00e1l\",\"url\":\"https:\\\/\\\/dorogimedence.hu\\\/\",\"logo\":{\"@type\":\"ImageObject\",\"inLanguage\":\"hu\",\"@id\":\"https:\\\/\\\/dorogimedence.hu\\\/#\\\/schema\\\/logo\\\/image\\\/\",\"url\":\"https:\\\/\\\/dorogimedence.hu\\\/wp-content\\\/uploads\\\/2021\\\/04\\\/logo-feher-600.png\",\"contentUrl\":\"https:\\\/\\\/dorogimedence.hu\\\/wp-content\\\/uploads\\\/2021\\\/04\\\/logo-feher-600.png\",\"width\":600,\"height\":100,\"caption\":\"Dorogi-medence Region\u00e1lis H\u00edrport\u00e1l\"},\"image\":{\"@id\":\"https:\\\/\\\/dorogimedence.hu\\\/#\\\/schema\\\/logo\\\/image\\\/\"},\"sameAs\":[\"https:\\\/\\\/www.facebook.com\\\/dorogimedence\\\/\"]},{\"@type\":\"Person\",\"@id\":\"https:\\\/\\\/dorogimedence.hu\\\/#\\\/schema\\\/person\\\/ce6091eeb7e95ecdc87890d6aa8e0fd4\",\"name\":\"dorogimedence.hu\",\"image\":{\"@type\":\"ImageObject\",\"inLanguage\":\"hu\",\"@id\":\"\\\/\\\/www.gravatar.com\\\/avatar\\\/d8d45f8901aadff40a4af72c0b826f1d?s=96&#038;r=g&#038;d=mm\",\"url\":\"\\\/\\\/www.gravatar.com\\\/avatar\\\/d8d45f8901aadff40a4af72c0b826f1d?s=96&#038;r=g&#038;d=mm\",\"contentUrl\":\"\\\/\\\/www.gravatar.com\\\/avatar\\\/d8d45f8901aadff40a4af72c0b826f1d?s=96&#038;r=g&#038;d=mm\",\"caption\":\"dorogimedence.hu\"}}]}<\/script>\n<!-- \/ Yoast SEO plugin. -->","yoast_head_json":{"title":"Geotermikus kutat\u00e1s indult Esztergom t\u00e9rs\u00e9g\u00e9ben","robots":{"index":"index","follow":"follow","max-snippet":"max-snippet:-1","max-image-preview":"max-image-preview:large","max-video-preview":"max-video-preview:-1"},"canonical":"https:\/\/dorogimedence.hu\/index.php\/2026\/03\/18\/geotermikus-kutatas-indult-esztergom-tersegeben\/","og_locale":"hu_HU","og_type":"article","og_title":"Geotermikus kutat\u00e1s indult Esztergom t\u00e9rs\u00e9g\u00e9ben","og_description":"Szeizmikus f\u00f6ldtani kutat\u00e1s kezd\u0151d\u00f6tt t\u00e9rs\u00e9g\u00fcnkben, amelynek c\u00e9lja a geotermikus energia hasznos\u00edt\u00e1s\u00e1nak el\u0151k\u00e9sz\u00edt\u00e9se \u00e9s az energiaell\u00e1t\u00e1s biztons\u00e1g\u00e1nak n\u00f6vel\u00e9se. A Szab\u00e1lyozott Tev\u00e9kenys\u00e9gek Fel\u00fcgyeleti Hat\u00f3s\u00e1ga (SZTFH) \u00e1ltal v\u00e9gzett vizsg\u00e1latok mintegy 80 n\u00e9gyzetkilom\u00e9teres ter\u00fcletet \u00e9rintenek, t\u00f6bbek k\u00f6z\u00f6tt Esztergom, T\u00e1t, Tokod, Tokodalt\u00e1r\u00f3, Dorog, Keszt\u00f6lc, Piliscs\u00e9v \u00e9s Le\u00e1nyv\u00e1r t\u00e9rs\u00e9g\u00e9ben. Az err\u0151l sz\u00f3l\u00f3 sajt\u00f3t\u00e1j\u00e9koztat\u00f3t a Kis-Str\u00e1zsa-hegy el\u0151tti K\u00f6k\u00f6rcsin H\u00e1zn\u00e1l tarott\u00e1k meg m\u00e1rcius","og_url":"https:\/\/dorogimedence.hu\/index.php\/2026\/03\/18\/geotermikus-kutatas-indult-esztergom-tersegeben\/","og_site_name":"Dorogi-medence Region\u00e1lis H\u00edrport\u00e1l","article_publisher":"https:\/\/www.facebook.com\/dorogimedence\/","article_published_time":"2026-03-18T14:05:56+00:00","og_image":[{"width":1920,"height":1280,"url":"https:\/\/dorogimedence.hu\/wp-content\/uploads\/2026\/03\/IMG_2674.jpg","type":"image\/jpeg"}],"author":"dorogimedence.hu","twitter_card":"summary_large_image","twitter_misc":{"Szerz\u0151:":"dorogimedence.hu","Becs\u00fclt olvas\u00e1si id\u0151":"5 perc"},"schema":{"@context":"https:\/\/schema.org","@graph":[{"@type":"Article","@id":"https:\/\/dorogimedence.hu\/index.php\/2026\/03\/18\/geotermikus-kutatas-indult-esztergom-tersegeben\/#article","isPartOf":{"@id":"https:\/\/dorogimedence.hu\/index.php\/2026\/03\/18\/geotermikus-kutatas-indult-esztergom-tersegeben\/"},"author":{"name":"dorogimedence.hu","@id":"https:\/\/dorogimedence.hu\/#\/schema\/person\/ce6091eeb7e95ecdc87890d6aa8e0fd4"},"headline":"Geotermikus kutat\u00e1s indult Esztergom t\u00e9rs\u00e9g\u00e9ben","datePublished":"2026-03-18T14:05:56+00:00","mainEntityOfPage":{"@id":"https:\/\/dorogimedence.hu\/index.php\/2026\/03\/18\/geotermikus-kutatas-indult-esztergom-tersegeben\/"},"wordCount":916,"publisher":{"@id":"https:\/\/dorogimedence.hu\/#organization"},"image":{"@id":"https:\/\/dorogimedence.hu\/index.php\/2026\/03\/18\/geotermikus-kutatas-indult-esztergom-tersegeben\/#primaryimage"},"thumbnailUrl":"https:\/\/dorogimedence.hu\/wp-content\/uploads\/2026\/03\/IMG_2674.jpg","keywords":["Dorog","esztergom","featured","geotermikus kutat\u00e1s","Keszt\u00f6lc","kutat\u00e1s","le\u00e1nyv\u00e1r","Piliscs\u00e9v","szeizmikus f\u00f6ldtani kutat\u00e1s","T\u00e1t","Tokod","Tokodalt\u00e1r\u00f3"],"articleSection":["Dorog","Esztergom","H\u00edrek","Keszt\u00f6lc","Le\u00e1nyv\u00e1r","Piliscs\u00e9v","T\u00e1t","Tokod","Tokodalt\u00e1r\u00f3"],"inLanguage":"hu"},{"@type":"WebPage","@id":"https:\/\/dorogimedence.hu\/index.php\/2026\/03\/18\/geotermikus-kutatas-indult-esztergom-tersegeben\/","url":"https:\/\/dorogimedence.hu\/index.php\/2026\/03\/18\/geotermikus-kutatas-indult-esztergom-tersegeben\/","name":"Geotermikus kutat\u00e1s indult Esztergom t\u00e9rs\u00e9g\u00e9ben","isPartOf":{"@id":"https:\/\/dorogimedence.hu\/#website"},"primaryImageOfPage":{"@id":"https:\/\/dorogimedence.hu\/index.php\/2026\/03\/18\/geotermikus-kutatas-indult-esztergom-tersegeben\/#primaryimage"},"image":{"@id":"https:\/\/dorogimedence.hu\/index.php\/2026\/03\/18\/geotermikus-kutatas-indult-esztergom-tersegeben\/#primaryimage"},"thumbnailUrl":"https:\/\/dorogimedence.hu\/wp-content\/uploads\/2026\/03\/IMG_2674.jpg","datePublished":"2026-03-18T14:05:56+00:00","breadcrumb":{"@id":"https:\/\/dorogimedence.hu\/index.php\/2026\/03\/18\/geotermikus-kutatas-indult-esztergom-tersegeben\/#breadcrumb"},"inLanguage":"hu","potentialAction":[{"@type":"ReadAction","target":["https:\/\/dorogimedence.hu\/index.php\/2026\/03\/18\/geotermikus-kutatas-indult-esztergom-tersegeben\/"]}]},{"@type":"ImageObject","inLanguage":"hu","@id":"https:\/\/dorogimedence.hu\/index.php\/2026\/03\/18\/geotermikus-kutatas-indult-esztergom-tersegeben\/#primaryimage","url":"https:\/\/dorogimedence.hu\/wp-content\/uploads\/2026\/03\/IMG_2674.jpg","contentUrl":"https:\/\/dorogimedence.hu\/wp-content\/uploads\/2026\/03\/IMG_2674.jpg","width":1920,"height":1280},{"@type":"BreadcrumbList","@id":"https:\/\/dorogimedence.hu\/index.php\/2026\/03\/18\/geotermikus-kutatas-indult-esztergom-tersegeben\/#breadcrumb","itemListElement":[{"@type":"ListItem","position":1,"name":"Kezd\u0151lap","item":"https:\/\/dorogimedence.hu\/"},{"@type":"ListItem","position":2,"name":"Geotermikus kutat\u00e1s indult Esztergom t\u00e9rs\u00e9g\u00e9ben"}]},{"@type":"WebSite","@id":"https:\/\/dorogimedence.hu\/#website","url":"https:\/\/dorogimedence.hu\/","name":"Dorogi-medence Region\u00e1lis H\u00edrport\u00e1l","description":"Dorog, Keszt\u00f6lc, Le\u00e1nyv\u00e1r, Piliscs\u00e9v, Tokod, Tokodalt\u00e1r\u00f3, Csolnok, Esztergom-kertv\u00e1ros: h\u00edrek, programok","publisher":{"@id":"https:\/\/dorogimedence.hu\/#organization"},"potentialAction":[{"@type":"SearchAction","target":{"@type":"EntryPoint","urlTemplate":"https:\/\/dorogimedence.hu\/?s={search_term_string}"},"query-input":{"@type":"PropertyValueSpecification","valueRequired":true,"valueName":"search_term_string"}}],"inLanguage":"hu"},{"@type":"Organization","@id":"https:\/\/dorogimedence.hu\/#organization","name":"Dorogi-medence Region\u00e1lis H\u00edrport\u00e1l","url":"https:\/\/dorogimedence.hu\/","logo":{"@type":"ImageObject","inLanguage":"hu","@id":"https:\/\/dorogimedence.hu\/#\/schema\/logo\/image\/","url":"https:\/\/dorogimedence.hu\/wp-content\/uploads\/2021\/04\/logo-feher-600.png","contentUrl":"https:\/\/dorogimedence.hu\/wp-content\/uploads\/2021\/04\/logo-feher-600.png","width":600,"height":100,"caption":"Dorogi-medence Region\u00e1lis H\u00edrport\u00e1l"},"image":{"@id":"https:\/\/dorogimedence.hu\/#\/schema\/logo\/image\/"},"sameAs":["https:\/\/www.facebook.com\/dorogimedence\/"]},{"@type":"Person","@id":"https:\/\/dorogimedence.hu\/#\/schema\/person\/ce6091eeb7e95ecdc87890d6aa8e0fd4","name":"dorogimedence.hu","image":{"@type":"ImageObject","inLanguage":"hu","@id":"\/\/www.gravatar.com\/avatar\/d8d45f8901aadff40a4af72c0b826f1d?s=96&#038;r=g&#038;d=mm","url":"\/\/www.gravatar.com\/avatar\/d8d45f8901aadff40a4af72c0b826f1d?s=96&#038;r=g&#038;d=mm","contentUrl":"\/\/www.gravatar.com\/avatar\/d8d45f8901aadff40a4af72c0b826f1d?s=96&#038;r=g&#038;d=mm","caption":"dorogimedence.hu"}}]}},"_links":{"self":[{"href":"https:\/\/dorogimedence.hu\/index.php\/wp-json\/wp\/v2\/posts\/78643","targetHints":{"allow":["GET"]}}],"collection":[{"href":"https:\/\/dorogimedence.hu\/index.php\/wp-json\/wp\/v2\/posts"}],"about":[{"href":"https:\/\/dorogimedence.hu\/index.php\/wp-json\/wp\/v2\/types\/post"}],"author":[{"embeddable":true,"href":"https:\/\/dorogimedence.hu\/index.php\/wp-json\/wp\/v2\/users\/1"}],"replies":[{"embeddable":true,"href":"https:\/\/dorogimedence.hu\/index.php\/wp-json\/wp\/v2\/comments?post=78643"}],"version-history":[{"count":3,"href":"https:\/\/dorogimedence.hu\/index.php\/wp-json\/wp\/v2\/posts\/78643\/revisions"}],"predecessor-version":[{"id":78653,"href":"https:\/\/dorogimedence.hu\/index.php\/wp-json\/wp\/v2\/posts\/78643\/revisions\/78653"}],"wp:featuredmedia":[{"embeddable":true,"href":"https:\/\/dorogimedence.hu\/index.php\/wp-json\/wp\/v2\/media\/78645"}],"wp:attachment":[{"href":"https:\/\/dorogimedence.hu\/index.php\/wp-json\/wp\/v2\/media?parent=78643"}],"wp:term":[{"taxonomy":"category","embeddable":true,"href":"https:\/\/dorogimedence.hu\/index.php\/wp-json\/wp\/v2\/categories?post=78643"},{"taxonomy":"post_tag","embeddable":true,"href":"https:\/\/dorogimedence.hu\/index.php\/wp-json\/wp\/v2\/tags?post=78643"}],"curies":[{"name":"wp","href":"https:\/\/api.w.org\/{rel}","templated":true}]}}