{"id":78639,"date":"2026-03-18T09:33:02","date_gmt":"2026-03-18T08:33:02","guid":{"rendered":"https:\/\/dorogimedence.hu\/?p=78639"},"modified":"2026-03-18T09:33:02","modified_gmt":"2026-03-18T08:33:02","slug":"tobb-alkalommal-lopott-a-sertett-hazabol-majd-az-utcan-kirabolta","status":"publish","type":"post","link":"https:\/\/dorogimedence.hu\/index.php\/2026\/03\/18\/tobb-alkalommal-lopott-a-sertett-hazabol-majd-az-utcan-kirabolta\/","title":{"rendered":"T\u00f6bb alkalommal lopott a s\u00e9rtett h\u00e1z\u00e1b\u00f3l, majd az utc\u00e1n kirabolta"},"content":{"rendered":"<p><strong>Nem joger\u0151sen 6 \u00e9v b\u00f6rt\u00f6nb\u00fcntet\u00e9sre \u00edt\u00e9lt\u00e9k azt a t\u00f6bbsz\u00f6r\u00f6sen b\u00fcntetett el\u0151\u00e9let\u0171 f\u00e9rfit, aki rendszeresen lopott a s\u00e9rtett h\u00e1z\u00e1b\u00f3l, majd egy alkalommal kirabolta \u00e9s meg is verte.<\/strong><\/p>\n<p>A meg\u00e1llap\u00edtott t\u00e9ny\u00e1ll\u00e1s szerint a f\u00e9rfi 2023. szeptember\u00e9ben &#8211; kihaszn\u00e1lva azt, hogy a s\u00e9rtett nem tart\u00f3zkodott otthon &#8211; megjelent a s\u00e9rtett Esztergomi J\u00e1r\u00e1sban l\u00e9v\u0151 ingatlan\u00e1n\u00e1l, majd a bej\u00e1rati ajt\u00f3 benyom\u00e1s\u00e1val lop\u00e1si sz\u00e1nd\u00e9kkal bement oda. A v\u00e1dlott mag\u00e1hoz vette az asztalon l\u00e9v\u0151 lak\u00e1skulcsot, valamint 4.580 forint \u00e9rt\u00e9kben ing\u00f3s\u00e1gokat.&nbsp;<\/p>\n<p>A megszerzett lak\u00e1skulccsal a v\u00e1dlott m\u00e9g tov\u00e1bbi 3 alkalommal ment be az ingatlanba, ahonnan 20.545 forint \u00e9rt\u00e9kben tulajdon\u00edtott el ing\u00f3s\u00e1gokat.<\/p>\n<p>A maszkot visel\u0151 v\u00e1dlott 2024. febru\u00e1r 16-\u00e1n odal\u00e9pett a hazafel\u00e9 tart\u00f3 ugyanazon s\u00e9rtetthez \u00e9s t\u0151le p\u00e9nzt k\u00f6vetelt. A s\u00e9rtett a p\u00e9nz \u00e1tad\u00e1s\u00e1t megtagadta, ez\u00e9rt \u0151t a v\u00e1dlott k\u00e9t k\u00e9zzel, nagy er\u0151vel a mellkas\u00e1n\u00e1l megl\u00f6kte, amit\u0151l elesett. Ezut\u00e1n a v\u00e1dlott a f\u00f6ld\u00f6n fekv\u0151 s\u00e9rtett fej\u00e9t t\u00f6bb alkalommal \u00f6k\u00f6llel meg\u00fct\u00f6tte, majd mag\u00e1hoz vette a s\u00e9rtett nadr\u00e1gzseb\u00e9ben l\u00e9v\u0151 p\u00e9nzt\u00e1rc\u00e1t 109.500 forinttal, valamint szem\u00e9lyes iratokkal \u00e9s elhagyta a helysz\u00ednt.&nbsp;<\/p>\n<p>A b\u00e1ntalmaz\u00e1s k\u00f6vetkezt\u00e9ben a f\u00e9rfi fej\u00e9n repesztett s\u00e9r\u00fcl\u00e9s, szeme k\u00f6r\u00fcl v\u00e9r\u00f6mleny \u00e9s bev\u00e9rz\u00e9s keletkezett. A b\u00e1ntalmaz\u00e1s alkalmas volt 8 napon t\u00fal gy\u00f3gyul\u00f3 s\u00e9r\u00fcl\u00e9s okoz\u00e1s\u00e1ra.<\/p>\n<p>Az Esztergomi J\u00e1r\u00e1si \u00dcgy\u00e9szs\u00e9g v\u00e1dirat alapj\u00e1n az Esztergomi J\u00e1r\u00e1sb\u00edr\u00f3s\u00e1g a v\u00e1dlottat rabl\u00e1s b\u0171ntette, s\u00falyos testi s\u00e9rt\u00e9s b\u0171ntett\u00e9nek k\u00eds\u00e9rlete, valamint lop\u00e1s v\u00e9ts\u00e9ge miatt 6 \u00e9v b\u00f6rt\u00f6nb\u00fcntet\u00e9sre, 6 \u00e9v k\u00f6z\u00fcgyekt\u0151l eltilt\u00e1sra \u00e9s 109.225 forint \u00f6sszeg\u0171 vagyonelkobz\u00e1sra \u00edt\u00e9lte. Az \u00edt\u00e9letet az \u00fcgy\u00e9sz tudom\u00e1sul vette, a v\u00e1dlott \u00e9s v\u00e9d\u0151je fellebbez\u00e9st jelentett be, \u00edgy az nem joger\u0151s.<\/p>\n<p><em>Forr\u00e1s: Kom\u00e1rom-Esztergom V\u00e1rmegyei F\u0151\u00fcgy\u00e9szs\u00e9g \/ Tatab\u00e1nyai T\u00f6rv\u00e9nysz\u00e9k<br \/>\nBor\u00edt\u00f3k\u00e9p: illusztr\u00e1ci\u00f3 (freepik.com)<\/em><\/p>\n","protected":false},"excerpt":{"rendered":"<p>Nem joger\u0151sen 6 \u00e9v b\u00f6rt\u00f6nb\u00fcntet\u00e9sre \u00edt\u00e9lt\u00e9k azt a t\u00f6bbsz\u00f6r\u00f6sen b\u00fcntetett el\u0151\u00e9let\u0171 f\u00e9rfit, aki rendszeresen lopott a s\u00e9rtett h\u00e1z\u00e1b\u00f3l, majd egy alkalommal kirabolta \u00e9s meg is verte. A meg\u00e1llap\u00edtott t\u00e9ny\u00e1ll\u00e1s szerint a f\u00e9rfi 2023. szeptember\u00e9ben &#8211; kihaszn\u00e1lva azt, hogy a s\u00e9rtett nem tart\u00f3zkodott otthon &#8211; megjelent a s\u00e9rtett Esztergomi J\u00e1r\u00e1sban l\u00e9v\u0151 ingatlan\u00e1n\u00e1l, majd a bej\u00e1rati ajt\u00f3<\/p>\n","protected":false},"author":1,"featured_media":73714,"comment_status":"closed","ping_status":"closed","sticky":false,"template":"","format":"standard","meta":{"ngg_post_thumbnail":0,"footnotes":""},"categories":[38,3,39],"tags":[1042,63,2150,447,62,61,326],"class_list":{"0":"post-78639","1":"post","2":"type-post","3":"status-publish","4":"format-standard","5":"has-post-thumbnail","7":"category-esztergom","8":"category-hirek","9":"category-kek-hirek","10":"tag-birosag","11":"tag-buncselekmeny","12":"tag-esztergomi-jaras","13":"tag-lopas","14":"tag-rablas","15":"tag-rendorsegi-hirek","16":"tag-ugyeszseg"},"yoast_head":"<!-- This site is optimized with the Yoast SEO plugin v27.5 - https:\/\/yoast.com\/product\/yoast-seo-wordpress\/ -->\n<title>T\u00f6bb alkalommal lopott a s\u00e9rtett h\u00e1z\u00e1b\u00f3l, majd az utc\u00e1n kirabolta<\/title>\n<meta name=\"robots\" content=\"index, follow, max-snippet:-1, max-image-preview:large, max-video-preview:-1\" \/>\n<link rel=\"canonical\" href=\"https:\/\/dorogimedence.hu\/index.php\/2026\/03\/18\/tobb-alkalommal-lopott-a-sertett-hazabol-majd-az-utcan-kirabolta\/\" class=\"yoast-seo-meta-tag\" \/>\n<meta property=\"og:locale\" content=\"hu_HU\" class=\"yoast-seo-meta-tag\" \/>\n<meta property=\"og:type\" content=\"article\" class=\"yoast-seo-meta-tag\" \/>\n<meta property=\"og:title\" content=\"T\u00f6bb alkalommal lopott a s\u00e9rtett h\u00e1z\u00e1b\u00f3l, majd az utc\u00e1n kirabolta\" class=\"yoast-seo-meta-tag\" \/>\n<meta property=\"og:description\" content=\"Nem joger\u0151sen 6 \u00e9v b\u00f6rt\u00f6nb\u00fcntet\u00e9sre \u00edt\u00e9lt\u00e9k azt a t\u00f6bbsz\u00f6r\u00f6sen b\u00fcntetett el\u0151\u00e9let\u0171 f\u00e9rfit, aki rendszeresen lopott a s\u00e9rtett h\u00e1z\u00e1b\u00f3l, majd egy alkalommal kirabolta \u00e9s meg is verte. A meg\u00e1llap\u00edtott t\u00e9ny\u00e1ll\u00e1s szerint a f\u00e9rfi 2023. szeptember\u00e9ben &#8211; kihaszn\u00e1lva azt, hogy a s\u00e9rtett nem tart\u00f3zkodott otthon &#8211; megjelent a s\u00e9rtett Esztergomi J\u00e1r\u00e1sban l\u00e9v\u0151 ingatlan\u00e1n\u00e1l, majd a bej\u00e1rati ajt\u00f3\" class=\"yoast-seo-meta-tag\" \/>\n<meta property=\"og:url\" content=\"https:\/\/dorogimedence.hu\/index.php\/2026\/03\/18\/tobb-alkalommal-lopott-a-sertett-hazabol-majd-az-utcan-kirabolta\/\" class=\"yoast-seo-meta-tag\" \/>\n<meta property=\"og:site_name\" content=\"Dorogi-medence Region\u00e1lis H\u00edrport\u00e1l\" class=\"yoast-seo-meta-tag\" \/>\n<meta property=\"article:publisher\" content=\"https:\/\/www.facebook.com\/dorogimedence\/\" class=\"yoast-seo-meta-tag\" \/>\n<meta property=\"article:published_time\" content=\"2026-03-18T08:33:02+00:00\" class=\"yoast-seo-meta-tag\" \/>\n<meta property=\"og:image\" content=\"https:\/\/dorogimedence.hu\/wp-content\/uploads\/2025\/08\/birosag-freepik-2152004767.jpg\" class=\"yoast-seo-meta-tag\" \/>\n\t<meta property=\"og:image:width\" content=\"2000\" class=\"yoast-seo-meta-tag\" \/>\n\t<meta property=\"og:image:height\" content=\"1091\" class=\"yoast-seo-meta-tag\" \/>\n\t<meta property=\"og:image:type\" content=\"image\/jpeg\" class=\"yoast-seo-meta-tag\" \/>\n<meta name=\"author\" content=\"dorogimedence.hu\" class=\"yoast-seo-meta-tag\" \/>\n<meta name=\"twitter:card\" content=\"summary_large_image\" class=\"yoast-seo-meta-tag\" \/>\n<meta name=\"twitter:label1\" content=\"Szerz\u0151:\" class=\"yoast-seo-meta-tag\" \/>\n\t<meta name=\"twitter:data1\" content=\"dorogimedence.hu\" class=\"yoast-seo-meta-tag\" \/>\n\t<meta name=\"twitter:label2\" content=\"Becs\u00fclt olvas\u00e1si id\u0151\" class=\"yoast-seo-meta-tag\" \/>\n\t<meta name=\"twitter:data2\" content=\"2 perc\" class=\"yoast-seo-meta-tag\" \/>\n<script type=\"application\/ld+json\" class=\"yoast-schema-graph\">{\"@context\":\"https:\\\/\\\/schema.org\",\"@graph\":[{\"@type\":\"Article\",\"@id\":\"https:\\\/\\\/dorogimedence.hu\\\/index.php\\\/2026\\\/03\\\/18\\\/tobb-alkalommal-lopott-a-sertett-hazabol-majd-az-utcan-kirabolta\\\/#article\",\"isPartOf\":{\"@id\":\"https:\\\/\\\/dorogimedence.hu\\\/index.php\\\/2026\\\/03\\\/18\\\/tobb-alkalommal-lopott-a-sertett-hazabol-majd-az-utcan-kirabolta\\\/\"},\"author\":{\"name\":\"dorogimedence.hu\",\"@id\":\"https:\\\/\\\/dorogimedence.hu\\\/#\\\/schema\\\/person\\\/ce6091eeb7e95ecdc87890d6aa8e0fd4\"},\"headline\":\"T\u00f6bb alkalommal lopott a s\u00e9rtett h\u00e1z\u00e1b\u00f3l, majd az utc\u00e1n kirabolta\",\"datePublished\":\"2026-03-18T08:33:02+00:00\",\"mainEntityOfPage\":{\"@id\":\"https:\\\/\\\/dorogimedence.hu\\\/index.php\\\/2026\\\/03\\\/18\\\/tobb-alkalommal-lopott-a-sertett-hazabol-majd-az-utcan-kirabolta\\\/\"},\"wordCount\":426,\"publisher\":{\"@id\":\"https:\\\/\\\/dorogimedence.hu\\\/#organization\"},\"image\":{\"@id\":\"https:\\\/\\\/dorogimedence.hu\\\/index.php\\\/2026\\\/03\\\/18\\\/tobb-alkalommal-lopott-a-sertett-hazabol-majd-az-utcan-kirabolta\\\/#primaryimage\"},\"thumbnailUrl\":\"https:\\\/\\\/dorogimedence.hu\\\/wp-content\\\/uploads\\\/2025\\\/08\\\/birosag-freepik-2152004767.jpg\",\"keywords\":[\"b\u00edr\u00f3s\u00e1g\",\"b\u0171ncselekm\u00e9ny\",\"Esztergomi j\u00e1r\u00e1s\",\"lop\u00e1s\",\"rabl\u00e1s\",\"rend\u0151rs\u00e9gi h\u00edrek\",\"\u00fcgy\u00e9szs\u00e9g\"],\"articleSection\":[\"Esztergom\",\"H\u00edrek\",\"K\u00e9k h\u00edrek\"],\"inLanguage\":\"hu\"},{\"@type\":\"WebPage\",\"@id\":\"https:\\\/\\\/dorogimedence.hu\\\/index.php\\\/2026\\\/03\\\/18\\\/tobb-alkalommal-lopott-a-sertett-hazabol-majd-az-utcan-kirabolta\\\/\",\"url\":\"https:\\\/\\\/dorogimedence.hu\\\/index.php\\\/2026\\\/03\\\/18\\\/tobb-alkalommal-lopott-a-sertett-hazabol-majd-az-utcan-kirabolta\\\/\",\"name\":\"T\u00f6bb alkalommal lopott a s\u00e9rtett h\u00e1z\u00e1b\u00f3l, majd az utc\u00e1n kirabolta\",\"isPartOf\":{\"@id\":\"https:\\\/\\\/dorogimedence.hu\\\/#website\"},\"primaryImageOfPage\":{\"@id\":\"https:\\\/\\\/dorogimedence.hu\\\/index.php\\\/2026\\\/03\\\/18\\\/tobb-alkalommal-lopott-a-sertett-hazabol-majd-az-utcan-kirabolta\\\/#primaryimage\"},\"image\":{\"@id\":\"https:\\\/\\\/dorogimedence.hu\\\/index.php\\\/2026\\\/03\\\/18\\\/tobb-alkalommal-lopott-a-sertett-hazabol-majd-az-utcan-kirabolta\\\/#primaryimage\"},\"thumbnailUrl\":\"https:\\\/\\\/dorogimedence.hu\\\/wp-content\\\/uploads\\\/2025\\\/08\\\/birosag-freepik-2152004767.jpg\",\"datePublished\":\"2026-03-18T08:33:02+00:00\",\"breadcrumb\":{\"@id\":\"https:\\\/\\\/dorogimedence.hu\\\/index.php\\\/2026\\\/03\\\/18\\\/tobb-alkalommal-lopott-a-sertett-hazabol-majd-az-utcan-kirabolta\\\/#breadcrumb\"},\"inLanguage\":\"hu\",\"potentialAction\":[{\"@type\":\"ReadAction\",\"target\":[\"https:\\\/\\\/dorogimedence.hu\\\/index.php\\\/2026\\\/03\\\/18\\\/tobb-alkalommal-lopott-a-sertett-hazabol-majd-az-utcan-kirabolta\\\/\"]}]},{\"@type\":\"ImageObject\",\"inLanguage\":\"hu\",\"@id\":\"https:\\\/\\\/dorogimedence.hu\\\/index.php\\\/2026\\\/03\\\/18\\\/tobb-alkalommal-lopott-a-sertett-hazabol-majd-az-utcan-kirabolta\\\/#primaryimage\",\"url\":\"https:\\\/\\\/dorogimedence.hu\\\/wp-content\\\/uploads\\\/2025\\\/08\\\/birosag-freepik-2152004767.jpg\",\"contentUrl\":\"https:\\\/\\\/dorogimedence.hu\\\/wp-content\\\/uploads\\\/2025\\\/08\\\/birosag-freepik-2152004767.jpg\",\"width\":2000,\"height\":1091},{\"@type\":\"BreadcrumbList\",\"@id\":\"https:\\\/\\\/dorogimedence.hu\\\/index.php\\\/2026\\\/03\\\/18\\\/tobb-alkalommal-lopott-a-sertett-hazabol-majd-az-utcan-kirabolta\\\/#breadcrumb\",\"itemListElement\":[{\"@type\":\"ListItem\",\"position\":1,\"name\":\"Kezd\u0151lap\",\"item\":\"https:\\\/\\\/dorogimedence.hu\\\/\"},{\"@type\":\"ListItem\",\"position\":2,\"name\":\"T\u00f6bb alkalommal lopott a s\u00e9rtett h\u00e1z\u00e1b\u00f3l, majd az utc\u00e1n kirabolta\"}]},{\"@type\":\"WebSite\",\"@id\":\"https:\\\/\\\/dorogimedence.hu\\\/#website\",\"url\":\"https:\\\/\\\/dorogimedence.hu\\\/\",\"name\":\"Dorogi-medence Region\u00e1lis H\u00edrport\u00e1l\",\"description\":\"Dorog, Keszt\u00f6lc, Le\u00e1nyv\u00e1r, Piliscs\u00e9v, Tokod, Tokodalt\u00e1r\u00f3, Csolnok, Esztergom-kertv\u00e1ros: h\u00edrek, programok\",\"publisher\":{\"@id\":\"https:\\\/\\\/dorogimedence.hu\\\/#organization\"},\"potentialAction\":[{\"@type\":\"SearchAction\",\"target\":{\"@type\":\"EntryPoint\",\"urlTemplate\":\"https:\\\/\\\/dorogimedence.hu\\\/?s={search_term_string}\"},\"query-input\":{\"@type\":\"PropertyValueSpecification\",\"valueRequired\":true,\"valueName\":\"search_term_string\"}}],\"inLanguage\":\"hu\"},{\"@type\":\"Organization\",\"@id\":\"https:\\\/\\\/dorogimedence.hu\\\/#organization\",\"name\":\"Dorogi-medence Region\u00e1lis H\u00edrport\u00e1l\",\"url\":\"https:\\\/\\\/dorogimedence.hu\\\/\",\"logo\":{\"@type\":\"ImageObject\",\"inLanguage\":\"hu\",\"@id\":\"https:\\\/\\\/dorogimedence.hu\\\/#\\\/schema\\\/logo\\\/image\\\/\",\"url\":\"https:\\\/\\\/dorogimedence.hu\\\/wp-content\\\/uploads\\\/2021\\\/04\\\/logo-feher-600.png\",\"contentUrl\":\"https:\\\/\\\/dorogimedence.hu\\\/wp-content\\\/uploads\\\/2021\\\/04\\\/logo-feher-600.png\",\"width\":600,\"height\":100,\"caption\":\"Dorogi-medence Region\u00e1lis H\u00edrport\u00e1l\"},\"image\":{\"@id\":\"https:\\\/\\\/dorogimedence.hu\\\/#\\\/schema\\\/logo\\\/image\\\/\"},\"sameAs\":[\"https:\\\/\\\/www.facebook.com\\\/dorogimedence\\\/\"]},{\"@type\":\"Person\",\"@id\":\"https:\\\/\\\/dorogimedence.hu\\\/#\\\/schema\\\/person\\\/ce6091eeb7e95ecdc87890d6aa8e0fd4\",\"name\":\"dorogimedence.hu\",\"image\":{\"@type\":\"ImageObject\",\"inLanguage\":\"hu\",\"@id\":\"\\\/\\\/www.gravatar.com\\\/avatar\\\/d8d45f8901aadff40a4af72c0b826f1d?s=96&#038;r=g&#038;d=mm\",\"url\":\"\\\/\\\/www.gravatar.com\\\/avatar\\\/d8d45f8901aadff40a4af72c0b826f1d?s=96&#038;r=g&#038;d=mm\",\"contentUrl\":\"\\\/\\\/www.gravatar.com\\\/avatar\\\/d8d45f8901aadff40a4af72c0b826f1d?s=96&#038;r=g&#038;d=mm\",\"caption\":\"dorogimedence.hu\"}}]}<\/script>\n<!-- \/ Yoast SEO plugin. -->","yoast_head_json":{"title":"T\u00f6bb alkalommal lopott a s\u00e9rtett h\u00e1z\u00e1b\u00f3l, majd az utc\u00e1n kirabolta","robots":{"index":"index","follow":"follow","max-snippet":"max-snippet:-1","max-image-preview":"max-image-preview:large","max-video-preview":"max-video-preview:-1"},"canonical":"https:\/\/dorogimedence.hu\/index.php\/2026\/03\/18\/tobb-alkalommal-lopott-a-sertett-hazabol-majd-az-utcan-kirabolta\/","og_locale":"hu_HU","og_type":"article","og_title":"T\u00f6bb alkalommal lopott a s\u00e9rtett h\u00e1z\u00e1b\u00f3l, majd az utc\u00e1n kirabolta","og_description":"Nem joger\u0151sen 6 \u00e9v b\u00f6rt\u00f6nb\u00fcntet\u00e9sre \u00edt\u00e9lt\u00e9k azt a t\u00f6bbsz\u00f6r\u00f6sen b\u00fcntetett el\u0151\u00e9let\u0171 f\u00e9rfit, aki rendszeresen lopott a s\u00e9rtett h\u00e1z\u00e1b\u00f3l, majd egy alkalommal kirabolta \u00e9s meg is verte. A meg\u00e1llap\u00edtott t\u00e9ny\u00e1ll\u00e1s szerint a f\u00e9rfi 2023. szeptember\u00e9ben &#8211; kihaszn\u00e1lva azt, hogy a s\u00e9rtett nem tart\u00f3zkodott otthon &#8211; megjelent a s\u00e9rtett Esztergomi J\u00e1r\u00e1sban l\u00e9v\u0151 ingatlan\u00e1n\u00e1l, majd a bej\u00e1rati ajt\u00f3","og_url":"https:\/\/dorogimedence.hu\/index.php\/2026\/03\/18\/tobb-alkalommal-lopott-a-sertett-hazabol-majd-az-utcan-kirabolta\/","og_site_name":"Dorogi-medence Region\u00e1lis H\u00edrport\u00e1l","article_publisher":"https:\/\/www.facebook.com\/dorogimedence\/","article_published_time":"2026-03-18T08:33:02+00:00","og_image":[{"width":2000,"height":1091,"url":"https:\/\/dorogimedence.hu\/wp-content\/uploads\/2025\/08\/birosag-freepik-2152004767.jpg","type":"image\/jpeg"}],"author":"dorogimedence.hu","twitter_card":"summary_large_image","twitter_misc":{"Szerz\u0151:":"dorogimedence.hu","Becs\u00fclt olvas\u00e1si id\u0151":"2 perc"},"schema":{"@context":"https:\/\/schema.org","@graph":[{"@type":"Article","@id":"https:\/\/dorogimedence.hu\/index.php\/2026\/03\/18\/tobb-alkalommal-lopott-a-sertett-hazabol-majd-az-utcan-kirabolta\/#article","isPartOf":{"@id":"https:\/\/dorogimedence.hu\/index.php\/2026\/03\/18\/tobb-alkalommal-lopott-a-sertett-hazabol-majd-az-utcan-kirabolta\/"},"author":{"name":"dorogimedence.hu","@id":"https:\/\/dorogimedence.hu\/#\/schema\/person\/ce6091eeb7e95ecdc87890d6aa8e0fd4"},"headline":"T\u00f6bb alkalommal lopott a s\u00e9rtett h\u00e1z\u00e1b\u00f3l, majd az utc\u00e1n kirabolta","datePublished":"2026-03-18T08:33:02+00:00","mainEntityOfPage":{"@id":"https:\/\/dorogimedence.hu\/index.php\/2026\/03\/18\/tobb-alkalommal-lopott-a-sertett-hazabol-majd-az-utcan-kirabolta\/"},"wordCount":426,"publisher":{"@id":"https:\/\/dorogimedence.hu\/#organization"},"image":{"@id":"https:\/\/dorogimedence.hu\/index.php\/2026\/03\/18\/tobb-alkalommal-lopott-a-sertett-hazabol-majd-az-utcan-kirabolta\/#primaryimage"},"thumbnailUrl":"https:\/\/dorogimedence.hu\/wp-content\/uploads\/2025\/08\/birosag-freepik-2152004767.jpg","keywords":["b\u00edr\u00f3s\u00e1g","b\u0171ncselekm\u00e9ny","Esztergomi j\u00e1r\u00e1s","lop\u00e1s","rabl\u00e1s","rend\u0151rs\u00e9gi h\u00edrek","\u00fcgy\u00e9szs\u00e9g"],"articleSection":["Esztergom","H\u00edrek","K\u00e9k h\u00edrek"],"inLanguage":"hu"},{"@type":"WebPage","@id":"https:\/\/dorogimedence.hu\/index.php\/2026\/03\/18\/tobb-alkalommal-lopott-a-sertett-hazabol-majd-az-utcan-kirabolta\/","url":"https:\/\/dorogimedence.hu\/index.php\/2026\/03\/18\/tobb-alkalommal-lopott-a-sertett-hazabol-majd-az-utcan-kirabolta\/","name":"T\u00f6bb alkalommal lopott a s\u00e9rtett h\u00e1z\u00e1b\u00f3l, majd az utc\u00e1n kirabolta","isPartOf":{"@id":"https:\/\/dorogimedence.hu\/#website"},"primaryImageOfPage":{"@id":"https:\/\/dorogimedence.hu\/index.php\/2026\/03\/18\/tobb-alkalommal-lopott-a-sertett-hazabol-majd-az-utcan-kirabolta\/#primaryimage"},"image":{"@id":"https:\/\/dorogimedence.hu\/index.php\/2026\/03\/18\/tobb-alkalommal-lopott-a-sertett-hazabol-majd-az-utcan-kirabolta\/#primaryimage"},"thumbnailUrl":"https:\/\/dorogimedence.hu\/wp-content\/uploads\/2025\/08\/birosag-freepik-2152004767.jpg","datePublished":"2026-03-18T08:33:02+00:00","breadcrumb":{"@id":"https:\/\/dorogimedence.hu\/index.php\/2026\/03\/18\/tobb-alkalommal-lopott-a-sertett-hazabol-majd-az-utcan-kirabolta\/#breadcrumb"},"inLanguage":"hu","potentialAction":[{"@type":"ReadAction","target":["https:\/\/dorogimedence.hu\/index.php\/2026\/03\/18\/tobb-alkalommal-lopott-a-sertett-hazabol-majd-az-utcan-kirabolta\/"]}]},{"@type":"ImageObject","inLanguage":"hu","@id":"https:\/\/dorogimedence.hu\/index.php\/2026\/03\/18\/tobb-alkalommal-lopott-a-sertett-hazabol-majd-az-utcan-kirabolta\/#primaryimage","url":"https:\/\/dorogimedence.hu\/wp-content\/uploads\/2025\/08\/birosag-freepik-2152004767.jpg","contentUrl":"https:\/\/dorogimedence.hu\/wp-content\/uploads\/2025\/08\/birosag-freepik-2152004767.jpg","width":2000,"height":1091},{"@type":"BreadcrumbList","@id":"https:\/\/dorogimedence.hu\/index.php\/2026\/03\/18\/tobb-alkalommal-lopott-a-sertett-hazabol-majd-az-utcan-kirabolta\/#breadcrumb","itemListElement":[{"@type":"ListItem","position":1,"name":"Kezd\u0151lap","item":"https:\/\/dorogimedence.hu\/"},{"@type":"ListItem","position":2,"name":"T\u00f6bb alkalommal lopott a s\u00e9rtett h\u00e1z\u00e1b\u00f3l, majd az utc\u00e1n kirabolta"}]},{"@type":"WebSite","@id":"https:\/\/dorogimedence.hu\/#website","url":"https:\/\/dorogimedence.hu\/","name":"Dorogi-medence Region\u00e1lis H\u00edrport\u00e1l","description":"Dorog, Keszt\u00f6lc, Le\u00e1nyv\u00e1r, Piliscs\u00e9v, Tokod, Tokodalt\u00e1r\u00f3, Csolnok, Esztergom-kertv\u00e1ros: h\u00edrek, programok","publisher":{"@id":"https:\/\/dorogimedence.hu\/#organization"},"potentialAction":[{"@type":"SearchAction","target":{"@type":"EntryPoint","urlTemplate":"https:\/\/dorogimedence.hu\/?s={search_term_string}"},"query-input":{"@type":"PropertyValueSpecification","valueRequired":true,"valueName":"search_term_string"}}],"inLanguage":"hu"},{"@type":"Organization","@id":"https:\/\/dorogimedence.hu\/#organization","name":"Dorogi-medence Region\u00e1lis H\u00edrport\u00e1l","url":"https:\/\/dorogimedence.hu\/","logo":{"@type":"ImageObject","inLanguage":"hu","@id":"https:\/\/dorogimedence.hu\/#\/schema\/logo\/image\/","url":"https:\/\/dorogimedence.hu\/wp-content\/uploads\/2021\/04\/logo-feher-600.png","contentUrl":"https:\/\/dorogimedence.hu\/wp-content\/uploads\/2021\/04\/logo-feher-600.png","width":600,"height":100,"caption":"Dorogi-medence Region\u00e1lis H\u00edrport\u00e1l"},"image":{"@id":"https:\/\/dorogimedence.hu\/#\/schema\/logo\/image\/"},"sameAs":["https:\/\/www.facebook.com\/dorogimedence\/"]},{"@type":"Person","@id":"https:\/\/dorogimedence.hu\/#\/schema\/person\/ce6091eeb7e95ecdc87890d6aa8e0fd4","name":"dorogimedence.hu","image":{"@type":"ImageObject","inLanguage":"hu","@id":"\/\/www.gravatar.com\/avatar\/d8d45f8901aadff40a4af72c0b826f1d?s=96&#038;r=g&#038;d=mm","url":"\/\/www.gravatar.com\/avatar\/d8d45f8901aadff40a4af72c0b826f1d?s=96&#038;r=g&#038;d=mm","contentUrl":"\/\/www.gravatar.com\/avatar\/d8d45f8901aadff40a4af72c0b826f1d?s=96&#038;r=g&#038;d=mm","caption":"dorogimedence.hu"}}]}},"_links":{"self":[{"href":"https:\/\/dorogimedence.hu\/index.php\/wp-json\/wp\/v2\/posts\/78639","targetHints":{"allow":["GET"]}}],"collection":[{"href":"https:\/\/dorogimedence.hu\/index.php\/wp-json\/wp\/v2\/posts"}],"about":[{"href":"https:\/\/dorogimedence.hu\/index.php\/wp-json\/wp\/v2\/types\/post"}],"author":[{"embeddable":true,"href":"https:\/\/dorogimedence.hu\/index.php\/wp-json\/wp\/v2\/users\/1"}],"replies":[{"embeddable":true,"href":"https:\/\/dorogimedence.hu\/index.php\/wp-json\/wp\/v2\/comments?post=78639"}],"version-history":[{"count":2,"href":"https:\/\/dorogimedence.hu\/index.php\/wp-json\/wp\/v2\/posts\/78639\/revisions"}],"predecessor-version":[{"id":78641,"href":"https:\/\/dorogimedence.hu\/index.php\/wp-json\/wp\/v2\/posts\/78639\/revisions\/78641"}],"wp:featuredmedia":[{"embeddable":true,"href":"https:\/\/dorogimedence.hu\/index.php\/wp-json\/wp\/v2\/media\/73714"}],"wp:attachment":[{"href":"https:\/\/dorogimedence.hu\/index.php\/wp-json\/wp\/v2\/media?parent=78639"}],"wp:term":[{"taxonomy":"category","embeddable":true,"href":"https:\/\/dorogimedence.hu\/index.php\/wp-json\/wp\/v2\/categories?post=78639"},{"taxonomy":"post_tag","embeddable":true,"href":"https:\/\/dorogimedence.hu\/index.php\/wp-json\/wp\/v2\/tags?post=78639"}],"curies":[{"name":"wp","href":"https:\/\/api.w.org\/{rel}","templated":true}]}}