{"id":78621,"date":"2026-03-17T15:21:17","date_gmt":"2026-03-17T14:21:17","guid":{"rendered":"https:\/\/dorogimedence.hu\/?p=78621"},"modified":"2026-03-17T15:21:17","modified_gmt":"2026-03-17T14:21:17","slug":"ismet-elindul-a-felsooktatasi-verado-hetek-programsorozat","status":"publish","type":"post","link":"https:\/\/dorogimedence.hu\/index.php\/2026\/03\/17\/ismet-elindul-a-felsooktatasi-verado-hetek-programsorozat\/","title":{"rendered":"Ism\u00e9t elindul a Fels\u0151oktat\u00e1si V\u00e9rad\u00f3 Hetek programsorozat"},"content":{"rendered":"<p><strong>A kor\u00e1bbi \u00e9vekhez hasonl\u00f3an id\u00e9n tavasszal ism\u00e9t elindul a Fels\u0151oktat\u00e1si V\u00e9rad\u00f3 Hetek programsorozat: 2026. m\u00e1rcius 16. \u00e9s m\u00e1jus 16. k\u00f6z\u00f6tt orsz\u00e1gszerte v\u00e9rad\u00e1sra buzd\u00edtj\u00e1k a fels\u0151oktat\u00e1si int\u00e9zm\u00e9nyek hallgat\u00f3it, munkat\u00e1rsait. Az Orsz\u00e1gos V\u00e9rell\u00e1t\u00f3 Szolg\u00e1lat \u00e9s a Magyar V\u00f6r\u00f6skereszt ez\u00fattal is \u00e9rt\u00e9kes nyerem\u00e9nyekkel v\u00e1rja a v\u00e9rad\u00f3kat.<\/strong><\/p>\n<p>A k\u00e9t h\u00f3napon \u00e1t zajl\u00f3 kezdem\u00e9nyez\u00e9s a teljes tan\u00e9vet fel\u00f6lel\u0151 Fels\u0151oktat\u00e1si V\u00e9rad\u00f3verseny egyik meghat\u00e1roz\u00f3 \u00e1llom\u00e1sa. A program els\u0151dleges c\u00e9lja, hogy a hallgat\u00f3k szem\u00e9lyes \u00e9lm\u00e9nyen kereszt\u00fcl ismerkedhessenek meg a v\u00e9rad\u00e1s jelent\u0151s\u00e9g\u00e9vel, mik\u00f6zben er\u0151s\u00f6dik benn\u00fck a t\u00e1rsadalmi felel\u0151ss\u00e9gv\u00e1llal\u00e1s szeml\u00e9lete.<\/p>\n<p>Az idei kamp\u00e1ny sor\u00e1n sz\u00e1mos, csak m\u00e1rciusban t\u00f6bb mint t\u00edz fels\u0151oktat\u00e1si int\u00e9zm\u00e9nyben ny\u00edlik lehet\u0151s\u00e9g v\u00e9rad\u00e1sra, ahol a hallgat\u00f3k \u00e9s az egyetemi dolgoz\u00f3k helyben csatlakozhatnak a kezdem\u00e9nyez\u00e9shez. A v\u00e9rad\u00f3kat emellett a v\u00e9rell\u00e1t\u00f3 int\u00e9zetek \u00e9s egy\u00e9b v\u00e9rad\u00e1si helysz\u00ednek is fogadj\u00e1k. A Fels\u0151oktat\u00e1si V\u00e9rad\u00f3 Heteken val\u00f3 aktivit\u00e1s jelent\u0151s szerepet j\u00e1tszik az \u00e9ves verseny eredm\u00e9ny\u00e9ben, \u00e9s ak\u00e1r az is eld\u0151lhet, mely int\u00e9zm\u00e9ny r\u00e9szes\u00fcl a B\u00e1tors\u00e1g-d\u00edj V\u00e9rad\u00e1s\u00e9rt elismer\u00e9sben.<\/p>\n<p>A programsorozat id\u00e9n is nyerem\u00e9nysorsol\u00e1ssal z\u00e1rul: a r\u00e9sztvev\u0151k fesztiv\u00e1lbel\u00e9p\u0151ket nyerhetnek nyolc k\u00fcl\u00f6nb\u00f6z\u0151 rendezv\u00e9nyre, a szervez\u0151k kisorsolnak tov\u00e1bb\u00e1 h\u00e1rom nagyrutin laborvizsg\u00e1lati sz\u0171r\u0151csomagot is, a f\u0151nyerem\u00e9ny pedig egy ker\u00e9kp\u00e1r.<\/p>\n<p>Az akci\u00f3ban val\u00f3 r\u00e9szv\u00e9telhez a v\u00e9rad\u00e1s regisztr\u00e1ci\u00f3jakor elegend\u0151 jelezni, hogy a fels\u0151oktat\u00e1si kamp\u00e1ny keret\u00e9ben t\u00f6rt\u00e9nik a jelentkez\u00e9s, valamint megadni az \u00e9rintett fels\u0151oktat\u00e1si int\u00e9zm\u00e9ny nev\u00e9t.<\/p>\n<p>A v\u00e9rad\u00e1shoz szem\u00e9lyi igazolv\u00e1ny, TAJ- \u00e9s lakc\u00edmk\u00e1rtya sz\u00fcks\u00e9ges. A kamp\u00e1nyr\u00f3l, a fels\u0151oktat\u00e1si v\u00e9rad\u00e1si helysz\u00ednekr\u0151l, valamint a v\u00e9rad\u00e1s menet\u00e9r\u0151l b\u0151vebben a <span style=\"color: #0000ff;\"><a style=\"color: #0000ff;\" href=\"https:\/\/www.ovsz.hu\/felsooktatas\" target=\"_blank\" rel=\"noopener\"><span style=\"text-decoration: underline;\">www.ovsz.hu\/felsooktatas<\/span><\/a><\/span>, valamint a <a href=\"https:\/\/veradas.hu\/felsooktatasi-veradoverseny\" target=\"_blank\" rel=\"noopener\"><span style=\"text-decoration: underline; color: #0000ff;\">veradas.hu\/felsooktatasi-veradoverseny<\/span><\/a>&nbsp;oldalakon t\u00e1j\u00e9koz\u00f3dhatnak.<\/p>\n<p><img fetchpriority=\"high\" decoding=\"async\" class=\"alignnone size-full wp-image-78623\" src=\"https:\/\/dorogimedence.hu\/wp-content\/uploads\/2026\/03\/FVHPoszt.png\" alt=\"\" width=\"1080\" height=\"1350\" srcset=\"https:\/\/dorogimedence.hu\/wp-content\/uploads\/2026\/03\/FVHPoszt.png 1080w, https:\/\/dorogimedence.hu\/wp-content\/uploads\/2026\/03\/FVHPoszt-480x600.png 480w, https:\/\/dorogimedence.hu\/wp-content\/uploads\/2026\/03\/FVHPoszt-768x960.png 768w, https:\/\/dorogimedence.hu\/wp-content\/uploads\/2026\/03\/FVHPoszt-150x188.png 150w, https:\/\/dorogimedence.hu\/wp-content\/uploads\/2026\/03\/FVHPoszt-450x563.png 450w\" sizes=\"(max-width: 1080px) 100vw, 1080px\" \/><\/p>\n","protected":false},"excerpt":{"rendered":"<p>A kor\u00e1bbi \u00e9vekhez hasonl\u00f3an id\u00e9n tavasszal ism\u00e9t elindul a Fels\u0151oktat\u00e1si V\u00e9rad\u00f3 Hetek programsorozat: 2026. m\u00e1rcius 16. \u00e9s m\u00e1jus 16. k\u00f6z\u00f6tt orsz\u00e1gszerte v\u00e9rad\u00e1sra buzd\u00edtj\u00e1k a fels\u0151oktat\u00e1si int\u00e9zm\u00e9nyek hallgat\u00f3it, munkat\u00e1rsait. Az Orsz\u00e1gos V\u00e9rell\u00e1t\u00f3 Szolg\u00e1lat \u00e9s a Magyar V\u00f6r\u00f6skereszt ez\u00fattal is \u00e9rt\u00e9kes nyerem\u00e9nyekkel v\u00e1rja a v\u00e9rad\u00f3kat. A k\u00e9t h\u00f3napon \u00e1t zajl\u00f3 kezdem\u00e9nyez\u00e9s a teljes tan\u00e9vet fel\u00f6lel\u0151 Fels\u0151oktat\u00e1si V\u00e9rad\u00f3verseny<\/p>\n","protected":false},"author":1,"featured_media":78622,"comment_status":"closed","ping_status":"closed","sticky":false,"template":"","format":"standard","meta":{"ngg_post_thumbnail":0,"footnotes":""},"categories":[3],"tags":[8785,904,177],"class_list":{"0":"post-78621","1":"post","2":"type-post","3":"status-publish","4":"format-standard","5":"has-post-thumbnail","7":"category-hirek","8":"tag-felsooktatasi-verado-hetek","9":"tag-magyar-voroskereszt","10":"tag-veradas"},"yoast_head":"<!-- This site is optimized with the Yoast SEO plugin v27.4 - https:\/\/yoast.com\/product\/yoast-seo-wordpress\/ -->\n<title>Ism\u00e9t elindul a Fels\u0151oktat\u00e1si V\u00e9rad\u00f3 Hetek programsorozat<\/title>\n<meta name=\"robots\" content=\"index, follow, max-snippet:-1, max-image-preview:large, max-video-preview:-1\" \/>\n<link rel=\"canonical\" href=\"https:\/\/dorogimedence.hu\/index.php\/2026\/03\/17\/ismet-elindul-a-felsooktatasi-verado-hetek-programsorozat\/\" class=\"yoast-seo-meta-tag\" \/>\n<meta property=\"og:locale\" content=\"hu_HU\" class=\"yoast-seo-meta-tag\" \/>\n<meta property=\"og:type\" content=\"article\" class=\"yoast-seo-meta-tag\" \/>\n<meta property=\"og:title\" content=\"Ism\u00e9t elindul a Fels\u0151oktat\u00e1si V\u00e9rad\u00f3 Hetek programsorozat\" class=\"yoast-seo-meta-tag\" \/>\n<meta property=\"og:description\" content=\"A kor\u00e1bbi \u00e9vekhez hasonl\u00f3an id\u00e9n tavasszal ism\u00e9t elindul a Fels\u0151oktat\u00e1si V\u00e9rad\u00f3 Hetek programsorozat: 2026. m\u00e1rcius 16. \u00e9s m\u00e1jus 16. k\u00f6z\u00f6tt orsz\u00e1gszerte v\u00e9rad\u00e1sra buzd\u00edtj\u00e1k a fels\u0151oktat\u00e1si int\u00e9zm\u00e9nyek hallgat\u00f3it, munkat\u00e1rsait. Az Orsz\u00e1gos V\u00e9rell\u00e1t\u00f3 Szolg\u00e1lat \u00e9s a Magyar V\u00f6r\u00f6skereszt ez\u00fattal is \u00e9rt\u00e9kes nyerem\u00e9nyekkel v\u00e1rja a v\u00e9rad\u00f3kat. A k\u00e9t h\u00f3napon \u00e1t zajl\u00f3 kezdem\u00e9nyez\u00e9s a teljes tan\u00e9vet fel\u00f6lel\u0151 Fels\u0151oktat\u00e1si V\u00e9rad\u00f3verseny\" class=\"yoast-seo-meta-tag\" \/>\n<meta property=\"og:url\" content=\"https:\/\/dorogimedence.hu\/index.php\/2026\/03\/17\/ismet-elindul-a-felsooktatasi-verado-hetek-programsorozat\/\" class=\"yoast-seo-meta-tag\" \/>\n<meta property=\"og:site_name\" content=\"Dorogi-medence Region\u00e1lis H\u00edrport\u00e1l\" class=\"yoast-seo-meta-tag\" \/>\n<meta property=\"article:publisher\" content=\"https:\/\/www.facebook.com\/dorogimedence\/\" class=\"yoast-seo-meta-tag\" \/>\n<meta property=\"article:published_time\" content=\"2026-03-17T14:21:17+00:00\" class=\"yoast-seo-meta-tag\" \/>\n<meta property=\"og:image\" content=\"https:\/\/dorogimedence.hu\/wp-content\/uploads\/2026\/03\/verado-hetek.jpg\" class=\"yoast-seo-meta-tag\" \/>\n\t<meta property=\"og:image:width\" content=\"1920\" class=\"yoast-seo-meta-tag\" \/>\n\t<meta property=\"og:image:height\" content=\"970\" class=\"yoast-seo-meta-tag\" \/>\n\t<meta property=\"og:image:type\" content=\"image\/jpeg\" class=\"yoast-seo-meta-tag\" \/>\n<meta name=\"author\" content=\"dorogimedence.hu\" class=\"yoast-seo-meta-tag\" \/>\n<meta name=\"twitter:card\" content=\"summary_large_image\" class=\"yoast-seo-meta-tag\" \/>\n<meta name=\"twitter:label1\" content=\"Szerz\u0151:\" class=\"yoast-seo-meta-tag\" \/>\n\t<meta name=\"twitter:data1\" content=\"dorogimedence.hu\" class=\"yoast-seo-meta-tag\" \/>\n\t<meta name=\"twitter:label2\" content=\"Becs\u00fclt olvas\u00e1si id\u0151\" class=\"yoast-seo-meta-tag\" \/>\n\t<meta name=\"twitter:data2\" content=\"2 perc\" class=\"yoast-seo-meta-tag\" \/>\n<script type=\"application\/ld+json\" class=\"yoast-schema-graph\">{\"@context\":\"https:\\\/\\\/schema.org\",\"@graph\":[{\"@type\":\"Article\",\"@id\":\"https:\\\/\\\/dorogimedence.hu\\\/index.php\\\/2026\\\/03\\\/17\\\/ismet-elindul-a-felsooktatasi-verado-hetek-programsorozat\\\/#article\",\"isPartOf\":{\"@id\":\"https:\\\/\\\/dorogimedence.hu\\\/index.php\\\/2026\\\/03\\\/17\\\/ismet-elindul-a-felsooktatasi-verado-hetek-programsorozat\\\/\"},\"author\":{\"name\":\"dorogimedence.hu\",\"@id\":\"https:\\\/\\\/dorogimedence.hu\\\/#\\\/schema\\\/person\\\/ce6091eeb7e95ecdc87890d6aa8e0fd4\"},\"headline\":\"Ism\u00e9t elindul a Fels\u0151oktat\u00e1si V\u00e9rad\u00f3 Hetek programsorozat\",\"datePublished\":\"2026-03-17T14:21:17+00:00\",\"mainEntityOfPage\":{\"@id\":\"https:\\\/\\\/dorogimedence.hu\\\/index.php\\\/2026\\\/03\\\/17\\\/ismet-elindul-a-felsooktatasi-verado-hetek-programsorozat\\\/\"},\"wordCount\":417,\"publisher\":{\"@id\":\"https:\\\/\\\/dorogimedence.hu\\\/#organization\"},\"image\":{\"@id\":\"https:\\\/\\\/dorogimedence.hu\\\/index.php\\\/2026\\\/03\\\/17\\\/ismet-elindul-a-felsooktatasi-verado-hetek-programsorozat\\\/#primaryimage\"},\"thumbnailUrl\":\"https:\\\/\\\/dorogimedence.hu\\\/wp-content\\\/uploads\\\/2026\\\/03\\\/verado-hetek.jpg\",\"keywords\":[\"Fels\u0151oktat\u00e1si V\u00e9rad\u00f3 Hetek\",\"Magyar V\u00f6r\u00f6skereszt\",\"v\u00e9rad\u00e1s\"],\"articleSection\":[\"H\u00edrek\"],\"inLanguage\":\"hu\"},{\"@type\":\"WebPage\",\"@id\":\"https:\\\/\\\/dorogimedence.hu\\\/index.php\\\/2026\\\/03\\\/17\\\/ismet-elindul-a-felsooktatasi-verado-hetek-programsorozat\\\/\",\"url\":\"https:\\\/\\\/dorogimedence.hu\\\/index.php\\\/2026\\\/03\\\/17\\\/ismet-elindul-a-felsooktatasi-verado-hetek-programsorozat\\\/\",\"name\":\"Ism\u00e9t elindul a Fels\u0151oktat\u00e1si V\u00e9rad\u00f3 Hetek programsorozat\",\"isPartOf\":{\"@id\":\"https:\\\/\\\/dorogimedence.hu\\\/#website\"},\"primaryImageOfPage\":{\"@id\":\"https:\\\/\\\/dorogimedence.hu\\\/index.php\\\/2026\\\/03\\\/17\\\/ismet-elindul-a-felsooktatasi-verado-hetek-programsorozat\\\/#primaryimage\"},\"image\":{\"@id\":\"https:\\\/\\\/dorogimedence.hu\\\/index.php\\\/2026\\\/03\\\/17\\\/ismet-elindul-a-felsooktatasi-verado-hetek-programsorozat\\\/#primaryimage\"},\"thumbnailUrl\":\"https:\\\/\\\/dorogimedence.hu\\\/wp-content\\\/uploads\\\/2026\\\/03\\\/verado-hetek.jpg\",\"datePublished\":\"2026-03-17T14:21:17+00:00\",\"breadcrumb\":{\"@id\":\"https:\\\/\\\/dorogimedence.hu\\\/index.php\\\/2026\\\/03\\\/17\\\/ismet-elindul-a-felsooktatasi-verado-hetek-programsorozat\\\/#breadcrumb\"},\"inLanguage\":\"hu\",\"potentialAction\":[{\"@type\":\"ReadAction\",\"target\":[\"https:\\\/\\\/dorogimedence.hu\\\/index.php\\\/2026\\\/03\\\/17\\\/ismet-elindul-a-felsooktatasi-verado-hetek-programsorozat\\\/\"]}]},{\"@type\":\"ImageObject\",\"inLanguage\":\"hu\",\"@id\":\"https:\\\/\\\/dorogimedence.hu\\\/index.php\\\/2026\\\/03\\\/17\\\/ismet-elindul-a-felsooktatasi-verado-hetek-programsorozat\\\/#primaryimage\",\"url\":\"https:\\\/\\\/dorogimedence.hu\\\/wp-content\\\/uploads\\\/2026\\\/03\\\/verado-hetek.jpg\",\"contentUrl\":\"https:\\\/\\\/dorogimedence.hu\\\/wp-content\\\/uploads\\\/2026\\\/03\\\/verado-hetek.jpg\",\"width\":1920,\"height\":970},{\"@type\":\"BreadcrumbList\",\"@id\":\"https:\\\/\\\/dorogimedence.hu\\\/index.php\\\/2026\\\/03\\\/17\\\/ismet-elindul-a-felsooktatasi-verado-hetek-programsorozat\\\/#breadcrumb\",\"itemListElement\":[{\"@type\":\"ListItem\",\"position\":1,\"name\":\"Kezd\u0151lap\",\"item\":\"https:\\\/\\\/dorogimedence.hu\\\/\"},{\"@type\":\"ListItem\",\"position\":2,\"name\":\"Ism\u00e9t elindul a Fels\u0151oktat\u00e1si V\u00e9rad\u00f3 Hetek programsorozat\"}]},{\"@type\":\"WebSite\",\"@id\":\"https:\\\/\\\/dorogimedence.hu\\\/#website\",\"url\":\"https:\\\/\\\/dorogimedence.hu\\\/\",\"name\":\"Dorogi-medence Region\u00e1lis H\u00edrport\u00e1l\",\"description\":\"Dorog, Keszt\u00f6lc, Le\u00e1nyv\u00e1r, Piliscs\u00e9v, Tokod, Tokodalt\u00e1r\u00f3, Csolnok, Esztergom-kertv\u00e1ros: h\u00edrek, programok\",\"publisher\":{\"@id\":\"https:\\\/\\\/dorogimedence.hu\\\/#organization\"},\"potentialAction\":[{\"@type\":\"SearchAction\",\"target\":{\"@type\":\"EntryPoint\",\"urlTemplate\":\"https:\\\/\\\/dorogimedence.hu\\\/?s={search_term_string}\"},\"query-input\":{\"@type\":\"PropertyValueSpecification\",\"valueRequired\":true,\"valueName\":\"search_term_string\"}}],\"inLanguage\":\"hu\"},{\"@type\":\"Organization\",\"@id\":\"https:\\\/\\\/dorogimedence.hu\\\/#organization\",\"name\":\"Dorogi-medence Region\u00e1lis H\u00edrport\u00e1l\",\"url\":\"https:\\\/\\\/dorogimedence.hu\\\/\",\"logo\":{\"@type\":\"ImageObject\",\"inLanguage\":\"hu\",\"@id\":\"https:\\\/\\\/dorogimedence.hu\\\/#\\\/schema\\\/logo\\\/image\\\/\",\"url\":\"https:\\\/\\\/dorogimedence.hu\\\/wp-content\\\/uploads\\\/2021\\\/04\\\/logo-feher-600.png\",\"contentUrl\":\"https:\\\/\\\/dorogimedence.hu\\\/wp-content\\\/uploads\\\/2021\\\/04\\\/logo-feher-600.png\",\"width\":600,\"height\":100,\"caption\":\"Dorogi-medence Region\u00e1lis H\u00edrport\u00e1l\"},\"image\":{\"@id\":\"https:\\\/\\\/dorogimedence.hu\\\/#\\\/schema\\\/logo\\\/image\\\/\"},\"sameAs\":[\"https:\\\/\\\/www.facebook.com\\\/dorogimedence\\\/\"]},{\"@type\":\"Person\",\"@id\":\"https:\\\/\\\/dorogimedence.hu\\\/#\\\/schema\\\/person\\\/ce6091eeb7e95ecdc87890d6aa8e0fd4\",\"name\":\"dorogimedence.hu\",\"image\":{\"@type\":\"ImageObject\",\"inLanguage\":\"hu\",\"@id\":\"\\\/\\\/www.gravatar.com\\\/avatar\\\/d8d45f8901aadff40a4af72c0b826f1d?s=96&#038;r=g&#038;d=mm\",\"url\":\"\\\/\\\/www.gravatar.com\\\/avatar\\\/d8d45f8901aadff40a4af72c0b826f1d?s=96&#038;r=g&#038;d=mm\",\"contentUrl\":\"\\\/\\\/www.gravatar.com\\\/avatar\\\/d8d45f8901aadff40a4af72c0b826f1d?s=96&#038;r=g&#038;d=mm\",\"caption\":\"dorogimedence.hu\"}}]}<\/script>\n<!-- \/ Yoast SEO plugin. -->","yoast_head_json":{"title":"Ism\u00e9t elindul a Fels\u0151oktat\u00e1si V\u00e9rad\u00f3 Hetek programsorozat","robots":{"index":"index","follow":"follow","max-snippet":"max-snippet:-1","max-image-preview":"max-image-preview:large","max-video-preview":"max-video-preview:-1"},"canonical":"https:\/\/dorogimedence.hu\/index.php\/2026\/03\/17\/ismet-elindul-a-felsooktatasi-verado-hetek-programsorozat\/","og_locale":"hu_HU","og_type":"article","og_title":"Ism\u00e9t elindul a Fels\u0151oktat\u00e1si V\u00e9rad\u00f3 Hetek programsorozat","og_description":"A kor\u00e1bbi \u00e9vekhez hasonl\u00f3an id\u00e9n tavasszal ism\u00e9t elindul a Fels\u0151oktat\u00e1si V\u00e9rad\u00f3 Hetek programsorozat: 2026. m\u00e1rcius 16. \u00e9s m\u00e1jus 16. k\u00f6z\u00f6tt orsz\u00e1gszerte v\u00e9rad\u00e1sra buzd\u00edtj\u00e1k a fels\u0151oktat\u00e1si int\u00e9zm\u00e9nyek hallgat\u00f3it, munkat\u00e1rsait. Az Orsz\u00e1gos V\u00e9rell\u00e1t\u00f3 Szolg\u00e1lat \u00e9s a Magyar V\u00f6r\u00f6skereszt ez\u00fattal is \u00e9rt\u00e9kes nyerem\u00e9nyekkel v\u00e1rja a v\u00e9rad\u00f3kat. A k\u00e9t h\u00f3napon \u00e1t zajl\u00f3 kezdem\u00e9nyez\u00e9s a teljes tan\u00e9vet fel\u00f6lel\u0151 Fels\u0151oktat\u00e1si V\u00e9rad\u00f3verseny","og_url":"https:\/\/dorogimedence.hu\/index.php\/2026\/03\/17\/ismet-elindul-a-felsooktatasi-verado-hetek-programsorozat\/","og_site_name":"Dorogi-medence Region\u00e1lis H\u00edrport\u00e1l","article_publisher":"https:\/\/www.facebook.com\/dorogimedence\/","article_published_time":"2026-03-17T14:21:17+00:00","og_image":[{"width":1920,"height":970,"url":"https:\/\/dorogimedence.hu\/wp-content\/uploads\/2026\/03\/verado-hetek.jpg","type":"image\/jpeg"}],"author":"dorogimedence.hu","twitter_card":"summary_large_image","twitter_misc":{"Szerz\u0151:":"dorogimedence.hu","Becs\u00fclt olvas\u00e1si id\u0151":"2 perc"},"schema":{"@context":"https:\/\/schema.org","@graph":[{"@type":"Article","@id":"https:\/\/dorogimedence.hu\/index.php\/2026\/03\/17\/ismet-elindul-a-felsooktatasi-verado-hetek-programsorozat\/#article","isPartOf":{"@id":"https:\/\/dorogimedence.hu\/index.php\/2026\/03\/17\/ismet-elindul-a-felsooktatasi-verado-hetek-programsorozat\/"},"author":{"name":"dorogimedence.hu","@id":"https:\/\/dorogimedence.hu\/#\/schema\/person\/ce6091eeb7e95ecdc87890d6aa8e0fd4"},"headline":"Ism\u00e9t elindul a Fels\u0151oktat\u00e1si V\u00e9rad\u00f3 Hetek programsorozat","datePublished":"2026-03-17T14:21:17+00:00","mainEntityOfPage":{"@id":"https:\/\/dorogimedence.hu\/index.php\/2026\/03\/17\/ismet-elindul-a-felsooktatasi-verado-hetek-programsorozat\/"},"wordCount":417,"publisher":{"@id":"https:\/\/dorogimedence.hu\/#organization"},"image":{"@id":"https:\/\/dorogimedence.hu\/index.php\/2026\/03\/17\/ismet-elindul-a-felsooktatasi-verado-hetek-programsorozat\/#primaryimage"},"thumbnailUrl":"https:\/\/dorogimedence.hu\/wp-content\/uploads\/2026\/03\/verado-hetek.jpg","keywords":["Fels\u0151oktat\u00e1si V\u00e9rad\u00f3 Hetek","Magyar V\u00f6r\u00f6skereszt","v\u00e9rad\u00e1s"],"articleSection":["H\u00edrek"],"inLanguage":"hu"},{"@type":"WebPage","@id":"https:\/\/dorogimedence.hu\/index.php\/2026\/03\/17\/ismet-elindul-a-felsooktatasi-verado-hetek-programsorozat\/","url":"https:\/\/dorogimedence.hu\/index.php\/2026\/03\/17\/ismet-elindul-a-felsooktatasi-verado-hetek-programsorozat\/","name":"Ism\u00e9t elindul a Fels\u0151oktat\u00e1si V\u00e9rad\u00f3 Hetek programsorozat","isPartOf":{"@id":"https:\/\/dorogimedence.hu\/#website"},"primaryImageOfPage":{"@id":"https:\/\/dorogimedence.hu\/index.php\/2026\/03\/17\/ismet-elindul-a-felsooktatasi-verado-hetek-programsorozat\/#primaryimage"},"image":{"@id":"https:\/\/dorogimedence.hu\/index.php\/2026\/03\/17\/ismet-elindul-a-felsooktatasi-verado-hetek-programsorozat\/#primaryimage"},"thumbnailUrl":"https:\/\/dorogimedence.hu\/wp-content\/uploads\/2026\/03\/verado-hetek.jpg","datePublished":"2026-03-17T14:21:17+00:00","breadcrumb":{"@id":"https:\/\/dorogimedence.hu\/index.php\/2026\/03\/17\/ismet-elindul-a-felsooktatasi-verado-hetek-programsorozat\/#breadcrumb"},"inLanguage":"hu","potentialAction":[{"@type":"ReadAction","target":["https:\/\/dorogimedence.hu\/index.php\/2026\/03\/17\/ismet-elindul-a-felsooktatasi-verado-hetek-programsorozat\/"]}]},{"@type":"ImageObject","inLanguage":"hu","@id":"https:\/\/dorogimedence.hu\/index.php\/2026\/03\/17\/ismet-elindul-a-felsooktatasi-verado-hetek-programsorozat\/#primaryimage","url":"https:\/\/dorogimedence.hu\/wp-content\/uploads\/2026\/03\/verado-hetek.jpg","contentUrl":"https:\/\/dorogimedence.hu\/wp-content\/uploads\/2026\/03\/verado-hetek.jpg","width":1920,"height":970},{"@type":"BreadcrumbList","@id":"https:\/\/dorogimedence.hu\/index.php\/2026\/03\/17\/ismet-elindul-a-felsooktatasi-verado-hetek-programsorozat\/#breadcrumb","itemListElement":[{"@type":"ListItem","position":1,"name":"Kezd\u0151lap","item":"https:\/\/dorogimedence.hu\/"},{"@type":"ListItem","position":2,"name":"Ism\u00e9t elindul a Fels\u0151oktat\u00e1si V\u00e9rad\u00f3 Hetek programsorozat"}]},{"@type":"WebSite","@id":"https:\/\/dorogimedence.hu\/#website","url":"https:\/\/dorogimedence.hu\/","name":"Dorogi-medence Region\u00e1lis H\u00edrport\u00e1l","description":"Dorog, Keszt\u00f6lc, Le\u00e1nyv\u00e1r, Piliscs\u00e9v, Tokod, Tokodalt\u00e1r\u00f3, Csolnok, Esztergom-kertv\u00e1ros: h\u00edrek, programok","publisher":{"@id":"https:\/\/dorogimedence.hu\/#organization"},"potentialAction":[{"@type":"SearchAction","target":{"@type":"EntryPoint","urlTemplate":"https:\/\/dorogimedence.hu\/?s={search_term_string}"},"query-input":{"@type":"PropertyValueSpecification","valueRequired":true,"valueName":"search_term_string"}}],"inLanguage":"hu"},{"@type":"Organization","@id":"https:\/\/dorogimedence.hu\/#organization","name":"Dorogi-medence Region\u00e1lis H\u00edrport\u00e1l","url":"https:\/\/dorogimedence.hu\/","logo":{"@type":"ImageObject","inLanguage":"hu","@id":"https:\/\/dorogimedence.hu\/#\/schema\/logo\/image\/","url":"https:\/\/dorogimedence.hu\/wp-content\/uploads\/2021\/04\/logo-feher-600.png","contentUrl":"https:\/\/dorogimedence.hu\/wp-content\/uploads\/2021\/04\/logo-feher-600.png","width":600,"height":100,"caption":"Dorogi-medence Region\u00e1lis H\u00edrport\u00e1l"},"image":{"@id":"https:\/\/dorogimedence.hu\/#\/schema\/logo\/image\/"},"sameAs":["https:\/\/www.facebook.com\/dorogimedence\/"]},{"@type":"Person","@id":"https:\/\/dorogimedence.hu\/#\/schema\/person\/ce6091eeb7e95ecdc87890d6aa8e0fd4","name":"dorogimedence.hu","image":{"@type":"ImageObject","inLanguage":"hu","@id":"\/\/www.gravatar.com\/avatar\/d8d45f8901aadff40a4af72c0b826f1d?s=96&#038;r=g&#038;d=mm","url":"\/\/www.gravatar.com\/avatar\/d8d45f8901aadff40a4af72c0b826f1d?s=96&#038;r=g&#038;d=mm","contentUrl":"\/\/www.gravatar.com\/avatar\/d8d45f8901aadff40a4af72c0b826f1d?s=96&#038;r=g&#038;d=mm","caption":"dorogimedence.hu"}}]}},"_links":{"self":[{"href":"https:\/\/dorogimedence.hu\/index.php\/wp-json\/wp\/v2\/posts\/78621","targetHints":{"allow":["GET"]}}],"collection":[{"href":"https:\/\/dorogimedence.hu\/index.php\/wp-json\/wp\/v2\/posts"}],"about":[{"href":"https:\/\/dorogimedence.hu\/index.php\/wp-json\/wp\/v2\/types\/post"}],"author":[{"embeddable":true,"href":"https:\/\/dorogimedence.hu\/index.php\/wp-json\/wp\/v2\/users\/1"}],"replies":[{"embeddable":true,"href":"https:\/\/dorogimedence.hu\/index.php\/wp-json\/wp\/v2\/comments?post=78621"}],"version-history":[{"count":1,"href":"https:\/\/dorogimedence.hu\/index.php\/wp-json\/wp\/v2\/posts\/78621\/revisions"}],"predecessor-version":[{"id":78624,"href":"https:\/\/dorogimedence.hu\/index.php\/wp-json\/wp\/v2\/posts\/78621\/revisions\/78624"}],"wp:featuredmedia":[{"embeddable":true,"href":"https:\/\/dorogimedence.hu\/index.php\/wp-json\/wp\/v2\/media\/78622"}],"wp:attachment":[{"href":"https:\/\/dorogimedence.hu\/index.php\/wp-json\/wp\/v2\/media?parent=78621"}],"wp:term":[{"taxonomy":"category","embeddable":true,"href":"https:\/\/dorogimedence.hu\/index.php\/wp-json\/wp\/v2\/categories?post=78621"},{"taxonomy":"post_tag","embeddable":true,"href":"https:\/\/dorogimedence.hu\/index.php\/wp-json\/wp\/v2\/tags?post=78621"}],"curies":[{"name":"wp","href":"https:\/\/api.w.org\/{rel}","templated":true}]}}