{"id":78613,"date":"2026-03-17T12:06:12","date_gmt":"2026-03-17T11:06:12","guid":{"rendered":"https:\/\/dorogimedence.hu\/?p=78613"},"modified":"2026-03-17T12:06:12","modified_gmt":"2026-03-17T11:06:12","slug":"sulyos-baleset-tortent-hetfon-este-pilisjaszfalunal","status":"publish","type":"post","link":"https:\/\/dorogimedence.hu\/index.php\/2026\/03\/17\/sulyos-baleset-tortent-hetfon-este-pilisjaszfalunal\/","title":{"rendered":"S\u00falyos baleset t\u00f6rt\u00e9nt h\u00e9tf\u0151n este Pilisj\u00e1szfalun\u00e1l"},"content":{"rendered":"<p><strong>S\u00falyos k\u00f6zleked\u00e9si baleset t\u00f6rt\u00e9nt m\u00e1rcius 16-\u00e1n, h\u00e9tf\u0151n este h\u00e9t \u00f3ra el\u0151tt a 10-es f\u0151\u00faton, Pilisj\u00e1szfalu t\u00e9rs\u00e9g\u00e9ben.<\/strong><\/p>\n<h3>K\u00e9t aut\u00f3 \u00fctk\u00f6z\u00f6tt front\u00e1lisan<\/h3>\n<p>A rendelkez\u00e9sre \u00e1ll\u00f3 inform\u00e1ci\u00f3k szerint a 10-es f\u0151\u00fat 30\u201331-es kilom\u00e9terszelv\u00e9nye k\u00f6z\u00f6tt k\u00e9t szem\u00e9lyg\u00e9pkocsi \u00fctk\u00f6z\u00f6tt \u00f6ssze front\u00e1lisan. A baleset k\u00f6vetkezt\u00e9ben k\u00e9t ember s\u00falyosan, egy pedig k\u00f6nnyebben s\u00e9r\u00fclt meg.<\/p>\n<p>A helysz\u00ednre els\u0151k\u00e9nt a Piliscsabai \u00d6nk\u00e9ntes T\u0171zolt\u00f3 Egyes\u00fclet egys\u00e9gei \u00e9rkeztek, akik megkezdt\u00e9k a m\u0171szaki ment\u00e9st \u00e9s \u00e1ramtalan\u00edtott\u00e1k a j\u00e1rm\u0171veket. A munk\u00e1latokhoz k\u00e9s\u0151bb az esztergomi hivat\u00e1sos t\u0171zolt\u00f3k is csatlakoztak.<\/p>\n<h3>Teljes \u00fatz\u00e1r mellett zajlott a ment\u00e9s<\/h3>\n<p>A ment\u00e9si munk\u00e1latok idej\u00e9re a f\u0151\u00fat \u00e9rintett szakasz\u00e1t teljes sz\u00e9less\u00e9g\u00e9ben lez\u00e1rt\u00e1k. A helysz\u00ednen a ment\u0151k l\u00e1tt\u00e1k el a s\u00e9r\u00fclteket, a rend\u0151rs\u00e9g pedig a forgalom ir\u00e1ny\u00edt\u00e1s\u00e1ban vett r\u00e9szt.<\/p>\n<p>Az esethez t\u00f6bb egys\u00e9g is vonult, k\u00f6zt\u00fck a ment\u0151szolg\u00e1lat, a rend\u0151rs\u00e9g, valamint a Pilisj\u00e1szfalui Polg\u00e1r\u0151rs\u00e9g \u00e9s a Piliscsabai K\u00f6zter\u00fclet-fel\u00fcgyelet is seg\u00edtette a beavatkoz\u00e1st.<\/p>\n<h3>Forgalomkorl\u00e1toz\u00e1sra kellett sz\u00e1m\u00edtani<\/h3>\n<p>A katasztr\u00f3fav\u00e9delem t\u00e1j\u00e9koztat\u00e1sa szerint a baleset idej\u00e9n forgalomkorl\u00e1toz\u00e1s volt \u00e9rv\u00e9nyben az \u00e9rintett \u00fatszakaszon, ami jelent\u0151s torl\u00f3d\u00e1sokat okozhatott.<\/p>\n<p><em>Felhaszn\u00e1lt forr\u00e1sok: <a href=\"https:\/\/www.facebook.com\/tuzoltosag.piliscsabainagykozsegionkentes\/posts\/pfbid0nawsxoEnbwyxzzYvgGQgJEtc2gyYZwQdRoSQdwuVbSggD9sdhMmV6m2xpK1qH8SAl\" target=\"_blank\" rel=\"noopener\"><span style=\"text-decoration: underline; color: #0000ff;\">T\u0171zolt\u00f3s\u00e1g Piliscsaba Facebook-oldal<\/span><\/a> \/ <a href=\"https:\/\/pest.katasztrofavedelem.hu\/modules\/vesz\/esemeny\/86656?back=https%3A%2F%2Fpest.katasztrofavedelem.hu%2Fmodules%2Fvesz%2Farchivum%2F%3FyearMonth%3D2026-03%26date%3D%26type%3DyearMonth%26back%3Dhttps%3A%2F%2Fpest.katasztrofavedelem.hu%2Fmodules%2Fvesz%2Fesemenyterkep%2F%3Fback%3Dhttps%3A%2F%2Fpest.katasztrofavedelem.hu\" target=\"_blank\" rel=\"noopener\"><span style=\"text-decoration: underline; color: #0000ff;\">pest.katasztrofavedelem.hu<\/span><\/a><\/em><br \/>\n<em>Bor\u00edt\u00f3k\u00e9p: T\u0171zolt\u00f3s\u00e1g Piliscsaba Facebook-oldal<\/em><\/p>\n","protected":false},"excerpt":{"rendered":"<p>S\u00falyos k\u00f6zleked\u00e9si baleset t\u00f6rt\u00e9nt m\u00e1rcius 16-\u00e1n, h\u00e9tf\u0151n este h\u00e9t \u00f3ra el\u0151tt a 10-es f\u0151\u00faton, Pilisj\u00e1szfalu t\u00e9rs\u00e9g\u00e9ben. K\u00e9t aut\u00f3 \u00fctk\u00f6z\u00f6tt front\u00e1lisan A rendelkez\u00e9sre \u00e1ll\u00f3 inform\u00e1ci\u00f3k szerint a 10-es f\u0151\u00fat 30\u201331-es kilom\u00e9terszelv\u00e9nye k\u00f6z\u00f6tt k\u00e9t szem\u00e9lyg\u00e9pkocsi \u00fctk\u00f6z\u00f6tt \u00f6ssze front\u00e1lisan. A baleset k\u00f6vetkezt\u00e9ben k\u00e9t ember s\u00falyosan, egy pedig k\u00f6nnyebben s\u00e9r\u00fclt meg. A helysz\u00ednre els\u0151k\u00e9nt a Piliscsabai \u00d6nk\u00e9ntes T\u0171zolt\u00f3 Egyes\u00fclet<\/p>\n","protected":false},"author":1,"featured_media":78614,"comment_status":"closed","ping_status":"closed","sticky":false,"template":"","format":"standard","meta":{"ngg_post_thumbnail":0,"footnotes":""},"categories":[3,39],"tags":[48,175,234,61,65],"class_list":{"0":"post-78613","1":"post","2":"type-post","3":"status-publish","4":"format-standard","5":"has-post-thumbnail","7":"category-hirek","8":"category-kek-hirek","9":"tag-10-es-ut","10":"tag-katasztrofavedelem","11":"tag-pilisjaszfalu","12":"tag-rendorsegi-hirek","13":"tag-tuzoltosag"},"yoast_head":"<!-- This site is optimized with the Yoast SEO plugin v27.4 - https:\/\/yoast.com\/product\/yoast-seo-wordpress\/ -->\n<title>S\u00falyos baleset t\u00f6rt\u00e9nt h\u00e9tf\u0151n este Pilisj\u00e1szfalun\u00e1l<\/title>\n<meta name=\"robots\" content=\"index, follow, max-snippet:-1, max-image-preview:large, max-video-preview:-1\" \/>\n<link rel=\"canonical\" href=\"https:\/\/dorogimedence.hu\/index.php\/2026\/03\/17\/sulyos-baleset-tortent-hetfon-este-pilisjaszfalunal\/\" class=\"yoast-seo-meta-tag\" \/>\n<meta property=\"og:locale\" content=\"hu_HU\" class=\"yoast-seo-meta-tag\" \/>\n<meta property=\"og:type\" content=\"article\" class=\"yoast-seo-meta-tag\" \/>\n<meta property=\"og:title\" content=\"S\u00falyos baleset t\u00f6rt\u00e9nt h\u00e9tf\u0151n este Pilisj\u00e1szfalun\u00e1l\" class=\"yoast-seo-meta-tag\" \/>\n<meta property=\"og:description\" content=\"S\u00falyos k\u00f6zleked\u00e9si baleset t\u00f6rt\u00e9nt m\u00e1rcius 16-\u00e1n, h\u00e9tf\u0151n este h\u00e9t \u00f3ra el\u0151tt a 10-es f\u0151\u00faton, Pilisj\u00e1szfalu t\u00e9rs\u00e9g\u00e9ben. K\u00e9t aut\u00f3 \u00fctk\u00f6z\u00f6tt front\u00e1lisan A rendelkez\u00e9sre \u00e1ll\u00f3 inform\u00e1ci\u00f3k szerint a 10-es f\u0151\u00fat 30\u201331-es kilom\u00e9terszelv\u00e9nye k\u00f6z\u00f6tt k\u00e9t szem\u00e9lyg\u00e9pkocsi \u00fctk\u00f6z\u00f6tt \u00f6ssze front\u00e1lisan. A baleset k\u00f6vetkezt\u00e9ben k\u00e9t ember s\u00falyosan, egy pedig k\u00f6nnyebben s\u00e9r\u00fclt meg. A helysz\u00ednre els\u0151k\u00e9nt a Piliscsabai \u00d6nk\u00e9ntes T\u0171zolt\u00f3 Egyes\u00fclet\" class=\"yoast-seo-meta-tag\" \/>\n<meta property=\"og:url\" content=\"https:\/\/dorogimedence.hu\/index.php\/2026\/03\/17\/sulyos-baleset-tortent-hetfon-este-pilisjaszfalunal\/\" class=\"yoast-seo-meta-tag\" \/>\n<meta property=\"og:site_name\" content=\"Dorogi-medence Region\u00e1lis H\u00edrport\u00e1l\" class=\"yoast-seo-meta-tag\" \/>\n<meta property=\"article:publisher\" content=\"https:\/\/www.facebook.com\/dorogimedence\/\" class=\"yoast-seo-meta-tag\" \/>\n<meta property=\"article:published_time\" content=\"2026-03-17T11:06:12+00:00\" class=\"yoast-seo-meta-tag\" \/>\n<meta property=\"og:image\" content=\"https:\/\/dorogimedence.hu\/wp-content\/uploads\/2026\/03\/jaszfalu-baleset.jpg\" class=\"yoast-seo-meta-tag\" \/>\n\t<meta property=\"og:image:width\" content=\"1920\" class=\"yoast-seo-meta-tag\" \/>\n\t<meta property=\"og:image:height\" content=\"970\" class=\"yoast-seo-meta-tag\" \/>\n\t<meta property=\"og:image:type\" content=\"image\/jpeg\" class=\"yoast-seo-meta-tag\" \/>\n<meta name=\"author\" content=\"dorogimedence.hu\" class=\"yoast-seo-meta-tag\" \/>\n<meta name=\"twitter:card\" content=\"summary_large_image\" class=\"yoast-seo-meta-tag\" \/>\n<meta name=\"twitter:label1\" content=\"Szerz\u0151:\" class=\"yoast-seo-meta-tag\" \/>\n\t<meta name=\"twitter:data1\" content=\"dorogimedence.hu\" class=\"yoast-seo-meta-tag\" \/>\n\t<meta name=\"twitter:label2\" content=\"Becs\u00fclt olvas\u00e1si id\u0151\" class=\"yoast-seo-meta-tag\" \/>\n\t<meta name=\"twitter:data2\" content=\"1 perc\" class=\"yoast-seo-meta-tag\" \/>\n<script type=\"application\/ld+json\" class=\"yoast-schema-graph\">{\"@context\":\"https:\\\/\\\/schema.org\",\"@graph\":[{\"@type\":\"Article\",\"@id\":\"https:\\\/\\\/dorogimedence.hu\\\/index.php\\\/2026\\\/03\\\/17\\\/sulyos-baleset-tortent-hetfon-este-pilisjaszfalunal\\\/#article\",\"isPartOf\":{\"@id\":\"https:\\\/\\\/dorogimedence.hu\\\/index.php\\\/2026\\\/03\\\/17\\\/sulyos-baleset-tortent-hetfon-este-pilisjaszfalunal\\\/\"},\"author\":{\"name\":\"dorogimedence.hu\",\"@id\":\"https:\\\/\\\/dorogimedence.hu\\\/#\\\/schema\\\/person\\\/ce6091eeb7e95ecdc87890d6aa8e0fd4\"},\"headline\":\"S\u00falyos baleset t\u00f6rt\u00e9nt h\u00e9tf\u0151n este Pilisj\u00e1szfalun\u00e1l\",\"datePublished\":\"2026-03-17T11:06:12+00:00\",\"mainEntityOfPage\":{\"@id\":\"https:\\\/\\\/dorogimedence.hu\\\/index.php\\\/2026\\\/03\\\/17\\\/sulyos-baleset-tortent-hetfon-este-pilisjaszfalunal\\\/\"},\"wordCount\":306,\"publisher\":{\"@id\":\"https:\\\/\\\/dorogimedence.hu\\\/#organization\"},\"image\":{\"@id\":\"https:\\\/\\\/dorogimedence.hu\\\/index.php\\\/2026\\\/03\\\/17\\\/sulyos-baleset-tortent-hetfon-este-pilisjaszfalunal\\\/#primaryimage\"},\"thumbnailUrl\":\"https:\\\/\\\/dorogimedence.hu\\\/wp-content\\\/uploads\\\/2026\\\/03\\\/jaszfalu-baleset.jpg\",\"keywords\":[\"10-es \u00fat\",\"katasztr\u00f3fav\u00e9delem\",\"Pilisj\u00e1szfalu\",\"rend\u0151rs\u00e9gi h\u00edrek\",\"t\u0171zolt\u00f3s\u00e1g\"],\"articleSection\":[\"H\u00edrek\",\"K\u00e9k h\u00edrek\"],\"inLanguage\":\"hu\"},{\"@type\":\"WebPage\",\"@id\":\"https:\\\/\\\/dorogimedence.hu\\\/index.php\\\/2026\\\/03\\\/17\\\/sulyos-baleset-tortent-hetfon-este-pilisjaszfalunal\\\/\",\"url\":\"https:\\\/\\\/dorogimedence.hu\\\/index.php\\\/2026\\\/03\\\/17\\\/sulyos-baleset-tortent-hetfon-este-pilisjaszfalunal\\\/\",\"name\":\"S\u00falyos baleset t\u00f6rt\u00e9nt h\u00e9tf\u0151n este Pilisj\u00e1szfalun\u00e1l\",\"isPartOf\":{\"@id\":\"https:\\\/\\\/dorogimedence.hu\\\/#website\"},\"primaryImageOfPage\":{\"@id\":\"https:\\\/\\\/dorogimedence.hu\\\/index.php\\\/2026\\\/03\\\/17\\\/sulyos-baleset-tortent-hetfon-este-pilisjaszfalunal\\\/#primaryimage\"},\"image\":{\"@id\":\"https:\\\/\\\/dorogimedence.hu\\\/index.php\\\/2026\\\/03\\\/17\\\/sulyos-baleset-tortent-hetfon-este-pilisjaszfalunal\\\/#primaryimage\"},\"thumbnailUrl\":\"https:\\\/\\\/dorogimedence.hu\\\/wp-content\\\/uploads\\\/2026\\\/03\\\/jaszfalu-baleset.jpg\",\"datePublished\":\"2026-03-17T11:06:12+00:00\",\"breadcrumb\":{\"@id\":\"https:\\\/\\\/dorogimedence.hu\\\/index.php\\\/2026\\\/03\\\/17\\\/sulyos-baleset-tortent-hetfon-este-pilisjaszfalunal\\\/#breadcrumb\"},\"inLanguage\":\"hu\",\"potentialAction\":[{\"@type\":\"ReadAction\",\"target\":[\"https:\\\/\\\/dorogimedence.hu\\\/index.php\\\/2026\\\/03\\\/17\\\/sulyos-baleset-tortent-hetfon-este-pilisjaszfalunal\\\/\"]}]},{\"@type\":\"ImageObject\",\"inLanguage\":\"hu\",\"@id\":\"https:\\\/\\\/dorogimedence.hu\\\/index.php\\\/2026\\\/03\\\/17\\\/sulyos-baleset-tortent-hetfon-este-pilisjaszfalunal\\\/#primaryimage\",\"url\":\"https:\\\/\\\/dorogimedence.hu\\\/wp-content\\\/uploads\\\/2026\\\/03\\\/jaszfalu-baleset.jpg\",\"contentUrl\":\"https:\\\/\\\/dorogimedence.hu\\\/wp-content\\\/uploads\\\/2026\\\/03\\\/jaszfalu-baleset.jpg\",\"width\":1920,\"height\":970},{\"@type\":\"BreadcrumbList\",\"@id\":\"https:\\\/\\\/dorogimedence.hu\\\/index.php\\\/2026\\\/03\\\/17\\\/sulyos-baleset-tortent-hetfon-este-pilisjaszfalunal\\\/#breadcrumb\",\"itemListElement\":[{\"@type\":\"ListItem\",\"position\":1,\"name\":\"Kezd\u0151lap\",\"item\":\"https:\\\/\\\/dorogimedence.hu\\\/\"},{\"@type\":\"ListItem\",\"position\":2,\"name\":\"S\u00falyos baleset t\u00f6rt\u00e9nt h\u00e9tf\u0151n este Pilisj\u00e1szfalun\u00e1l\"}]},{\"@type\":\"WebSite\",\"@id\":\"https:\\\/\\\/dorogimedence.hu\\\/#website\",\"url\":\"https:\\\/\\\/dorogimedence.hu\\\/\",\"name\":\"Dorogi-medence Region\u00e1lis H\u00edrport\u00e1l\",\"description\":\"Dorog, Keszt\u00f6lc, Le\u00e1nyv\u00e1r, Piliscs\u00e9v, Tokod, Tokodalt\u00e1r\u00f3, Csolnok, Esztergom-kertv\u00e1ros: h\u00edrek, programok\",\"publisher\":{\"@id\":\"https:\\\/\\\/dorogimedence.hu\\\/#organization\"},\"potentialAction\":[{\"@type\":\"SearchAction\",\"target\":{\"@type\":\"EntryPoint\",\"urlTemplate\":\"https:\\\/\\\/dorogimedence.hu\\\/?s={search_term_string}\"},\"query-input\":{\"@type\":\"PropertyValueSpecification\",\"valueRequired\":true,\"valueName\":\"search_term_string\"}}],\"inLanguage\":\"hu\"},{\"@type\":\"Organization\",\"@id\":\"https:\\\/\\\/dorogimedence.hu\\\/#organization\",\"name\":\"Dorogi-medence Region\u00e1lis H\u00edrport\u00e1l\",\"url\":\"https:\\\/\\\/dorogimedence.hu\\\/\",\"logo\":{\"@type\":\"ImageObject\",\"inLanguage\":\"hu\",\"@id\":\"https:\\\/\\\/dorogimedence.hu\\\/#\\\/schema\\\/logo\\\/image\\\/\",\"url\":\"https:\\\/\\\/dorogimedence.hu\\\/wp-content\\\/uploads\\\/2021\\\/04\\\/logo-feher-600.png\",\"contentUrl\":\"https:\\\/\\\/dorogimedence.hu\\\/wp-content\\\/uploads\\\/2021\\\/04\\\/logo-feher-600.png\",\"width\":600,\"height\":100,\"caption\":\"Dorogi-medence Region\u00e1lis H\u00edrport\u00e1l\"},\"image\":{\"@id\":\"https:\\\/\\\/dorogimedence.hu\\\/#\\\/schema\\\/logo\\\/image\\\/\"},\"sameAs\":[\"https:\\\/\\\/www.facebook.com\\\/dorogimedence\\\/\"]},{\"@type\":\"Person\",\"@id\":\"https:\\\/\\\/dorogimedence.hu\\\/#\\\/schema\\\/person\\\/ce6091eeb7e95ecdc87890d6aa8e0fd4\",\"name\":\"dorogimedence.hu\",\"image\":{\"@type\":\"ImageObject\",\"inLanguage\":\"hu\",\"@id\":\"\\\/\\\/www.gravatar.com\\\/avatar\\\/d8d45f8901aadff40a4af72c0b826f1d?s=96&#038;r=g&#038;d=mm\",\"url\":\"\\\/\\\/www.gravatar.com\\\/avatar\\\/d8d45f8901aadff40a4af72c0b826f1d?s=96&#038;r=g&#038;d=mm\",\"contentUrl\":\"\\\/\\\/www.gravatar.com\\\/avatar\\\/d8d45f8901aadff40a4af72c0b826f1d?s=96&#038;r=g&#038;d=mm\",\"caption\":\"dorogimedence.hu\"}}]}<\/script>\n<!-- \/ Yoast SEO plugin. -->","yoast_head_json":{"title":"S\u00falyos baleset t\u00f6rt\u00e9nt h\u00e9tf\u0151n este Pilisj\u00e1szfalun\u00e1l","robots":{"index":"index","follow":"follow","max-snippet":"max-snippet:-1","max-image-preview":"max-image-preview:large","max-video-preview":"max-video-preview:-1"},"canonical":"https:\/\/dorogimedence.hu\/index.php\/2026\/03\/17\/sulyos-baleset-tortent-hetfon-este-pilisjaszfalunal\/","og_locale":"hu_HU","og_type":"article","og_title":"S\u00falyos baleset t\u00f6rt\u00e9nt h\u00e9tf\u0151n este Pilisj\u00e1szfalun\u00e1l","og_description":"S\u00falyos k\u00f6zleked\u00e9si baleset t\u00f6rt\u00e9nt m\u00e1rcius 16-\u00e1n, h\u00e9tf\u0151n este h\u00e9t \u00f3ra el\u0151tt a 10-es f\u0151\u00faton, Pilisj\u00e1szfalu t\u00e9rs\u00e9g\u00e9ben. K\u00e9t aut\u00f3 \u00fctk\u00f6z\u00f6tt front\u00e1lisan A rendelkez\u00e9sre \u00e1ll\u00f3 inform\u00e1ci\u00f3k szerint a 10-es f\u0151\u00fat 30\u201331-es kilom\u00e9terszelv\u00e9nye k\u00f6z\u00f6tt k\u00e9t szem\u00e9lyg\u00e9pkocsi \u00fctk\u00f6z\u00f6tt \u00f6ssze front\u00e1lisan. A baleset k\u00f6vetkezt\u00e9ben k\u00e9t ember s\u00falyosan, egy pedig k\u00f6nnyebben s\u00e9r\u00fclt meg. A helysz\u00ednre els\u0151k\u00e9nt a Piliscsabai \u00d6nk\u00e9ntes T\u0171zolt\u00f3 Egyes\u00fclet","og_url":"https:\/\/dorogimedence.hu\/index.php\/2026\/03\/17\/sulyos-baleset-tortent-hetfon-este-pilisjaszfalunal\/","og_site_name":"Dorogi-medence Region\u00e1lis H\u00edrport\u00e1l","article_publisher":"https:\/\/www.facebook.com\/dorogimedence\/","article_published_time":"2026-03-17T11:06:12+00:00","og_image":[{"width":1920,"height":970,"url":"https:\/\/dorogimedence.hu\/wp-content\/uploads\/2026\/03\/jaszfalu-baleset.jpg","type":"image\/jpeg"}],"author":"dorogimedence.hu","twitter_card":"summary_large_image","twitter_misc":{"Szerz\u0151:":"dorogimedence.hu","Becs\u00fclt olvas\u00e1si id\u0151":"1 perc"},"schema":{"@context":"https:\/\/schema.org","@graph":[{"@type":"Article","@id":"https:\/\/dorogimedence.hu\/index.php\/2026\/03\/17\/sulyos-baleset-tortent-hetfon-este-pilisjaszfalunal\/#article","isPartOf":{"@id":"https:\/\/dorogimedence.hu\/index.php\/2026\/03\/17\/sulyos-baleset-tortent-hetfon-este-pilisjaszfalunal\/"},"author":{"name":"dorogimedence.hu","@id":"https:\/\/dorogimedence.hu\/#\/schema\/person\/ce6091eeb7e95ecdc87890d6aa8e0fd4"},"headline":"S\u00falyos baleset t\u00f6rt\u00e9nt h\u00e9tf\u0151n este Pilisj\u00e1szfalun\u00e1l","datePublished":"2026-03-17T11:06:12+00:00","mainEntityOfPage":{"@id":"https:\/\/dorogimedence.hu\/index.php\/2026\/03\/17\/sulyos-baleset-tortent-hetfon-este-pilisjaszfalunal\/"},"wordCount":306,"publisher":{"@id":"https:\/\/dorogimedence.hu\/#organization"},"image":{"@id":"https:\/\/dorogimedence.hu\/index.php\/2026\/03\/17\/sulyos-baleset-tortent-hetfon-este-pilisjaszfalunal\/#primaryimage"},"thumbnailUrl":"https:\/\/dorogimedence.hu\/wp-content\/uploads\/2026\/03\/jaszfalu-baleset.jpg","keywords":["10-es \u00fat","katasztr\u00f3fav\u00e9delem","Pilisj\u00e1szfalu","rend\u0151rs\u00e9gi h\u00edrek","t\u0171zolt\u00f3s\u00e1g"],"articleSection":["H\u00edrek","K\u00e9k h\u00edrek"],"inLanguage":"hu"},{"@type":"WebPage","@id":"https:\/\/dorogimedence.hu\/index.php\/2026\/03\/17\/sulyos-baleset-tortent-hetfon-este-pilisjaszfalunal\/","url":"https:\/\/dorogimedence.hu\/index.php\/2026\/03\/17\/sulyos-baleset-tortent-hetfon-este-pilisjaszfalunal\/","name":"S\u00falyos baleset t\u00f6rt\u00e9nt h\u00e9tf\u0151n este Pilisj\u00e1szfalun\u00e1l","isPartOf":{"@id":"https:\/\/dorogimedence.hu\/#website"},"primaryImageOfPage":{"@id":"https:\/\/dorogimedence.hu\/index.php\/2026\/03\/17\/sulyos-baleset-tortent-hetfon-este-pilisjaszfalunal\/#primaryimage"},"image":{"@id":"https:\/\/dorogimedence.hu\/index.php\/2026\/03\/17\/sulyos-baleset-tortent-hetfon-este-pilisjaszfalunal\/#primaryimage"},"thumbnailUrl":"https:\/\/dorogimedence.hu\/wp-content\/uploads\/2026\/03\/jaszfalu-baleset.jpg","datePublished":"2026-03-17T11:06:12+00:00","breadcrumb":{"@id":"https:\/\/dorogimedence.hu\/index.php\/2026\/03\/17\/sulyos-baleset-tortent-hetfon-este-pilisjaszfalunal\/#breadcrumb"},"inLanguage":"hu","potentialAction":[{"@type":"ReadAction","target":["https:\/\/dorogimedence.hu\/index.php\/2026\/03\/17\/sulyos-baleset-tortent-hetfon-este-pilisjaszfalunal\/"]}]},{"@type":"ImageObject","inLanguage":"hu","@id":"https:\/\/dorogimedence.hu\/index.php\/2026\/03\/17\/sulyos-baleset-tortent-hetfon-este-pilisjaszfalunal\/#primaryimage","url":"https:\/\/dorogimedence.hu\/wp-content\/uploads\/2026\/03\/jaszfalu-baleset.jpg","contentUrl":"https:\/\/dorogimedence.hu\/wp-content\/uploads\/2026\/03\/jaszfalu-baleset.jpg","width":1920,"height":970},{"@type":"BreadcrumbList","@id":"https:\/\/dorogimedence.hu\/index.php\/2026\/03\/17\/sulyos-baleset-tortent-hetfon-este-pilisjaszfalunal\/#breadcrumb","itemListElement":[{"@type":"ListItem","position":1,"name":"Kezd\u0151lap","item":"https:\/\/dorogimedence.hu\/"},{"@type":"ListItem","position":2,"name":"S\u00falyos baleset t\u00f6rt\u00e9nt h\u00e9tf\u0151n este Pilisj\u00e1szfalun\u00e1l"}]},{"@type":"WebSite","@id":"https:\/\/dorogimedence.hu\/#website","url":"https:\/\/dorogimedence.hu\/","name":"Dorogi-medence Region\u00e1lis H\u00edrport\u00e1l","description":"Dorog, Keszt\u00f6lc, Le\u00e1nyv\u00e1r, Piliscs\u00e9v, Tokod, Tokodalt\u00e1r\u00f3, Csolnok, Esztergom-kertv\u00e1ros: h\u00edrek, programok","publisher":{"@id":"https:\/\/dorogimedence.hu\/#organization"},"potentialAction":[{"@type":"SearchAction","target":{"@type":"EntryPoint","urlTemplate":"https:\/\/dorogimedence.hu\/?s={search_term_string}"},"query-input":{"@type":"PropertyValueSpecification","valueRequired":true,"valueName":"search_term_string"}}],"inLanguage":"hu"},{"@type":"Organization","@id":"https:\/\/dorogimedence.hu\/#organization","name":"Dorogi-medence Region\u00e1lis H\u00edrport\u00e1l","url":"https:\/\/dorogimedence.hu\/","logo":{"@type":"ImageObject","inLanguage":"hu","@id":"https:\/\/dorogimedence.hu\/#\/schema\/logo\/image\/","url":"https:\/\/dorogimedence.hu\/wp-content\/uploads\/2021\/04\/logo-feher-600.png","contentUrl":"https:\/\/dorogimedence.hu\/wp-content\/uploads\/2021\/04\/logo-feher-600.png","width":600,"height":100,"caption":"Dorogi-medence Region\u00e1lis H\u00edrport\u00e1l"},"image":{"@id":"https:\/\/dorogimedence.hu\/#\/schema\/logo\/image\/"},"sameAs":["https:\/\/www.facebook.com\/dorogimedence\/"]},{"@type":"Person","@id":"https:\/\/dorogimedence.hu\/#\/schema\/person\/ce6091eeb7e95ecdc87890d6aa8e0fd4","name":"dorogimedence.hu","image":{"@type":"ImageObject","inLanguage":"hu","@id":"\/\/www.gravatar.com\/avatar\/d8d45f8901aadff40a4af72c0b826f1d?s=96&#038;r=g&#038;d=mm","url":"\/\/www.gravatar.com\/avatar\/d8d45f8901aadff40a4af72c0b826f1d?s=96&#038;r=g&#038;d=mm","contentUrl":"\/\/www.gravatar.com\/avatar\/d8d45f8901aadff40a4af72c0b826f1d?s=96&#038;r=g&#038;d=mm","caption":"dorogimedence.hu"}}]}},"_links":{"self":[{"href":"https:\/\/dorogimedence.hu\/index.php\/wp-json\/wp\/v2\/posts\/78613","targetHints":{"allow":["GET"]}}],"collection":[{"href":"https:\/\/dorogimedence.hu\/index.php\/wp-json\/wp\/v2\/posts"}],"about":[{"href":"https:\/\/dorogimedence.hu\/index.php\/wp-json\/wp\/v2\/types\/post"}],"author":[{"embeddable":true,"href":"https:\/\/dorogimedence.hu\/index.php\/wp-json\/wp\/v2\/users\/1"}],"replies":[{"embeddable":true,"href":"https:\/\/dorogimedence.hu\/index.php\/wp-json\/wp\/v2\/comments?post=78613"}],"version-history":[{"count":1,"href":"https:\/\/dorogimedence.hu\/index.php\/wp-json\/wp\/v2\/posts\/78613\/revisions"}],"predecessor-version":[{"id":78615,"href":"https:\/\/dorogimedence.hu\/index.php\/wp-json\/wp\/v2\/posts\/78613\/revisions\/78615"}],"wp:featuredmedia":[{"embeddable":true,"href":"https:\/\/dorogimedence.hu\/index.php\/wp-json\/wp\/v2\/media\/78614"}],"wp:attachment":[{"href":"https:\/\/dorogimedence.hu\/index.php\/wp-json\/wp\/v2\/media?parent=78613"}],"wp:term":[{"taxonomy":"category","embeddable":true,"href":"https:\/\/dorogimedence.hu\/index.php\/wp-json\/wp\/v2\/categories?post=78613"},{"taxonomy":"post_tag","embeddable":true,"href":"https:\/\/dorogimedence.hu\/index.php\/wp-json\/wp\/v2\/tags?post=78613"}],"curies":[{"name":"wp","href":"https:\/\/api.w.org\/{rel}","templated":true}]}}