{"id":78608,"date":"2026-03-17T11:55:31","date_gmt":"2026-03-17T10:55:31","guid":{"rendered":"https:\/\/dorogimedence.hu\/?p=78608"},"modified":"2026-03-17T11:55:31","modified_gmt":"2026-03-17T10:55:31","slug":"tobb-mint-2-tonna-harcsat-telepitettek-a-dunaba-varmegyenkben","status":"publish","type":"post","link":"https:\/\/dorogimedence.hu\/index.php\/2026\/03\/17\/tobb-mint-2-tonna-harcsat-telepitettek-a-dunaba-varmegyenkben\/","title":{"rendered":"T\u00f6bb mint 2 tonna harcs\u00e1t telep\u00edtettek a Dun\u00e1ba v\u00e1rmegy\u00e9nkben"},"content":{"rendered":"<p><strong>\u00dajabb jelent\u0151s haltelep\u00edt\u00e9st hajtott v\u00e9gre a Kom\u00e1rom-Esztergom V\u00e1rmegyei Horg\u00e1szegyes\u00fcletek Sz\u00f6vets\u00e9ge (KEMHESZ): az elm\u00falt h\u00e9ten \u00f6sszesen 2000 kilogramm harcsa ker\u00fclt a Duna v\u00e1rmegyei szakasz\u00e1ba, valamint tov\u00e1bbi 80 kilogramm a Sz\u0151ny\u2013F\u00fczit\u0151i csatorn\u00e1ba.<\/strong><\/p>\n<h3>T\u00f6bb n\u00e9pszer\u0171 horg\u00e1szhely is \u00e9rintett<\/h3>\n<p>A telep\u00edt\u00e9s sor\u00e1n t\u00f6bb, a horg\u00e1szok k\u00f6r\u00e9ben j\u00f3l ismert helysz\u00ednt is \u00e9rintettek. Az al\u00e1bbi pontokon helyezt\u00e9k ki a ragadoz\u00f3 halakat:<\/p>\n<ul>\n<li>Esztergomi sz\u00e9nrakod\u00f3 \u2013 500 kg<\/li>\n<li>T\u00e1ti temet\u0151 alatti Duna-szakasz \u2013 420 kg<\/li>\n<li>Neszm\u00e9lyi Haj\u00f3s Skanzen k\u00f6rny\u00e9ke \u2013 500 kg<\/li>\n<li>Sz\u0151nyi mell\u00e9k\u00e1g \u2013 500 kg<\/li>\n<\/ul>\n<p>A Sz\u0151ny\u2013F\u00fczit\u0151i csatorn\u00e1ba ezen fel\u00fcl m\u00e9g 80 kilogramm harcsa ker\u00fclt.<\/p>\n<p><img fetchpriority=\"high\" decoding=\"async\" class=\"alignnone size-full wp-image-78610\" src=\"https:\/\/dorogimedence.hu\/wp-content\/uploads\/2026\/03\/harcsa.jpg\" alt=\"\" width=\"1920\" height=\"1141\" srcset=\"https:\/\/dorogimedence.hu\/wp-content\/uploads\/2026\/03\/harcsa.jpg 1920w, https:\/\/dorogimedence.hu\/wp-content\/uploads\/2026\/03\/harcsa-600x357.jpg 600w, https:\/\/dorogimedence.hu\/wp-content\/uploads\/2026\/03\/harcsa-768x456.jpg 768w, https:\/\/dorogimedence.hu\/wp-content\/uploads\/2026\/03\/harcsa-1536x913.jpg 1536w, https:\/\/dorogimedence.hu\/wp-content\/uploads\/2026\/03\/harcsa-150x89.jpg 150w, https:\/\/dorogimedence.hu\/wp-content\/uploads\/2026\/03\/harcsa-450x267.jpg 450w, https:\/\/dorogimedence.hu\/wp-content\/uploads\/2026\/03\/harcsa-1200x713.jpg 1200w\" sizes=\"(max-width: 1920px) 100vw, 1920px\" \/><\/p>\n<h3>Izgalmas id\u0151szak j\u00f6het a horg\u00e1szoknak<\/h3>\n<p>A harcsa a Duna egyik legn\u00e9pszer\u0171bb \u00e9s legizgalmasabb ragadoz\u00f3 hala, amely nemcsak a kapit\u00e1lis fog\u00e1sok miatt kedvelt, hanem a v\u00edzi \u00f6kosziszt\u00e9ma egyens\u00faly\u00e1ban is fontos szerepet t\u00f6lt be.<\/p>\n<p>A KEMHESZ b\u00edzik abban, hogy a most telep\u00edtett \u00e1llom\u00e1ny gyorsan alkalmazkodik \u00faj k\u00f6rnyezet\u00e9hez, \u00e9s a k\u00f6zelj\u00f6v\u0151ben sok siker\u00e9lm\u00e9nyt ny\u00fajt majd a horg\u00e1szoknak.<\/p>\n<h3>Tavaszi szezon: \u00e9rdemes v\u00edzpartra menni<\/h3>\n<p>A szervezet arra biztatja a pec\u00e1sokat, hogy haszn\u00e1lj\u00e1k ki a tavaszi id\u0151szakot, \u00e9s l\u00e1togassanak ki a Duna partj\u00e1ra. Legyen sz\u00f3 parti vagy cs\u00f3nakos horg\u00e1szatr\u00f3l, a frissen telep\u00edtett harcs\u00e1k komoly kih\u00edv\u00e1st \u00e9s \u00e9lm\u00e9nyt jelenthetnek.<\/p>\n<p>A KEMHESZ tov\u00e1bbra is azon dolgozik, hogy a kezel\u00e9s\u00e9ben l\u00e9v\u0151 vizek hal\u00e1llom\u00e1nya folyamatosan gyarapodjon, \u00e9s min\u00e9l jobb horg\u00e1sz\u00e9lm\u00e9nyt biztos\u00edtson a t\u00e9rs\u00e9gben.<\/p>\n<p><img decoding=\"async\" class=\"alignnone size-full wp-image-78611\" src=\"https:\/\/dorogimedence.hu\/wp-content\/uploads\/2026\/03\/653012660_1545964873998654_6125907571087101254_n.jpg\" alt=\"\" width=\"2048\" height=\"1536\" srcset=\"https:\/\/dorogimedence.hu\/wp-content\/uploads\/2026\/03\/653012660_1545964873998654_6125907571087101254_n.jpg 2048w, https:\/\/dorogimedence.hu\/wp-content\/uploads\/2026\/03\/653012660_1545964873998654_6125907571087101254_n-600x450.jpg 600w, https:\/\/dorogimedence.hu\/wp-content\/uploads\/2026\/03\/653012660_1545964873998654_6125907571087101254_n-1920x1440.jpg 1920w, https:\/\/dorogimedence.hu\/wp-content\/uploads\/2026\/03\/653012660_1545964873998654_6125907571087101254_n-768x576.jpg 768w, https:\/\/dorogimedence.hu\/wp-content\/uploads\/2026\/03\/653012660_1545964873998654_6125907571087101254_n-1536x1152.jpg 1536w, https:\/\/dorogimedence.hu\/wp-content\/uploads\/2026\/03\/653012660_1545964873998654_6125907571087101254_n-150x113.jpg 150w, https:\/\/dorogimedence.hu\/wp-content\/uploads\/2026\/03\/653012660_1545964873998654_6125907571087101254_n-450x338.jpg 450w, https:\/\/dorogimedence.hu\/wp-content\/uploads\/2026\/03\/653012660_1545964873998654_6125907571087101254_n-1200x900.jpg 1200w\" sizes=\"(max-width: 2048px) 100vw, 2048px\" \/><\/p>\n<p><em>Fot\u00f3k, forr\u00e1s: Kom\u00e1rom-Esztergom V\u00e1rmegyei Horg\u00e1szegyes\u00fcletek Sz\u00f6vets\u00e9ge Facebook-oldal<\/em><\/p>\n","protected":false},"excerpt":{"rendered":"<p>\u00dajabb jelent\u0151s haltelep\u00edt\u00e9st hajtott v\u00e9gre a Kom\u00e1rom-Esztergom V\u00e1rmegyei Horg\u00e1szegyes\u00fcletek Sz\u00f6vets\u00e9ge (KEMHESZ): az elm\u00falt h\u00e9ten \u00f6sszesen 2000 kilogramm harcsa ker\u00fclt a Duna v\u00e1rmegyei szakasz\u00e1ba, valamint tov\u00e1bbi 80 kilogramm a Sz\u0151ny\u2013F\u00fczit\u0151i csatorn\u00e1ba. T\u00f6bb n\u00e9pszer\u0171 horg\u00e1szhely is \u00e9rintett A telep\u00edt\u00e9s sor\u00e1n t\u00f6bb, a horg\u00e1szok k\u00f6r\u00e9ben j\u00f3l ismert helysz\u00ednt is \u00e9rintettek. Az al\u00e1bbi pontokon helyezt\u00e9k ki a ragadoz\u00f3 halakat:<\/p>\n","protected":false},"author":1,"featured_media":78609,"comment_status":"closed","ping_status":"closed","sticky":false,"template":"","format":"standard","meta":{"ngg_post_thumbnail":0,"footnotes":""},"categories":[38,3,56,110],"tags":[229,42,8784,621,4398,6890,2019,6395,111],"class_list":{"0":"post-78608","1":"post","2":"type-post","3":"status-publish","4":"format-standard","5":"has-post-thumbnail","7":"category-esztergom","8":"category-hirek","9":"category-komarom-esztergom","10":"category-tat","11":"tag-duna","12":"tag-esztergom","13":"tag-halatelepites","14":"tag-harcsa","15":"tag-kemhesz","16":"tag-komarom-esztergom-varmegye","17":"tag-neszmely","18":"tag-szony","19":"tag-tat"},"yoast_head":"<!-- This site is optimized with the Yoast SEO plugin v27.4 - https:\/\/yoast.com\/product\/yoast-seo-wordpress\/ -->\n<title>T\u00f6bb mint 2 tonna harcs\u00e1t telep\u00edtettek a Dun\u00e1ba v\u00e1rmegy\u00e9nkben<\/title>\n<meta name=\"robots\" content=\"index, follow, max-snippet:-1, max-image-preview:large, max-video-preview:-1\" \/>\n<link rel=\"canonical\" href=\"https:\/\/dorogimedence.hu\/index.php\/2026\/03\/17\/tobb-mint-2-tonna-harcsat-telepitettek-a-dunaba-varmegyenkben\/\" class=\"yoast-seo-meta-tag\" \/>\n<meta property=\"og:locale\" content=\"hu_HU\" class=\"yoast-seo-meta-tag\" \/>\n<meta property=\"og:type\" content=\"article\" class=\"yoast-seo-meta-tag\" \/>\n<meta property=\"og:title\" content=\"T\u00f6bb mint 2 tonna harcs\u00e1t telep\u00edtettek a Dun\u00e1ba v\u00e1rmegy\u00e9nkben\" class=\"yoast-seo-meta-tag\" \/>\n<meta property=\"og:description\" content=\"\u00dajabb jelent\u0151s haltelep\u00edt\u00e9st hajtott v\u00e9gre a Kom\u00e1rom-Esztergom V\u00e1rmegyei Horg\u00e1szegyes\u00fcletek Sz\u00f6vets\u00e9ge (KEMHESZ): az elm\u00falt h\u00e9ten \u00f6sszesen 2000 kilogramm harcsa ker\u00fclt a Duna v\u00e1rmegyei szakasz\u00e1ba, valamint tov\u00e1bbi 80 kilogramm a Sz\u0151ny\u2013F\u00fczit\u0151i csatorn\u00e1ba. T\u00f6bb n\u00e9pszer\u0171 horg\u00e1szhely is \u00e9rintett A telep\u00edt\u00e9s sor\u00e1n t\u00f6bb, a horg\u00e1szok k\u00f6r\u00e9ben j\u00f3l ismert helysz\u00ednt is \u00e9rintettek. Az al\u00e1bbi pontokon helyezt\u00e9k ki a ragadoz\u00f3 halakat:\" class=\"yoast-seo-meta-tag\" \/>\n<meta property=\"og:url\" content=\"https:\/\/dorogimedence.hu\/index.php\/2026\/03\/17\/tobb-mint-2-tonna-harcsat-telepitettek-a-dunaba-varmegyenkben\/\" class=\"yoast-seo-meta-tag\" \/>\n<meta property=\"og:site_name\" content=\"Dorogi-medence Region\u00e1lis H\u00edrport\u00e1l\" class=\"yoast-seo-meta-tag\" \/>\n<meta property=\"article:publisher\" content=\"https:\/\/www.facebook.com\/dorogimedence\/\" class=\"yoast-seo-meta-tag\" \/>\n<meta property=\"article:published_time\" content=\"2026-03-17T10:55:31+00:00\" class=\"yoast-seo-meta-tag\" \/>\n<meta property=\"og:image\" content=\"https:\/\/dorogimedence.hu\/wp-content\/uploads\/2026\/03\/652429588_1545964970665311_358181443634928172_n.jpg\" class=\"yoast-seo-meta-tag\" \/>\n\t<meta property=\"og:image:width\" content=\"2048\" class=\"yoast-seo-meta-tag\" \/>\n\t<meta property=\"og:image:height\" content=\"1536\" class=\"yoast-seo-meta-tag\" \/>\n\t<meta property=\"og:image:type\" content=\"image\/jpeg\" class=\"yoast-seo-meta-tag\" \/>\n<meta name=\"author\" content=\"dorogimedence.hu\" class=\"yoast-seo-meta-tag\" \/>\n<meta name=\"twitter:card\" content=\"summary_large_image\" class=\"yoast-seo-meta-tag\" \/>\n<meta name=\"twitter:label1\" content=\"Szerz\u0151:\" class=\"yoast-seo-meta-tag\" \/>\n\t<meta name=\"twitter:data1\" content=\"dorogimedence.hu\" class=\"yoast-seo-meta-tag\" \/>\n\t<meta name=\"twitter:label2\" content=\"Becs\u00fclt olvas\u00e1si id\u0151\" class=\"yoast-seo-meta-tag\" \/>\n\t<meta name=\"twitter:data2\" content=\"2 perc\" class=\"yoast-seo-meta-tag\" \/>\n<script type=\"application\/ld+json\" class=\"yoast-schema-graph\">{\"@context\":\"https:\\\/\\\/schema.org\",\"@graph\":[{\"@type\":\"Article\",\"@id\":\"https:\\\/\\\/dorogimedence.hu\\\/index.php\\\/2026\\\/03\\\/17\\\/tobb-mint-2-tonna-harcsat-telepitettek-a-dunaba-varmegyenkben\\\/#article\",\"isPartOf\":{\"@id\":\"https:\\\/\\\/dorogimedence.hu\\\/index.php\\\/2026\\\/03\\\/17\\\/tobb-mint-2-tonna-harcsat-telepitettek-a-dunaba-varmegyenkben\\\/\"},\"author\":{\"name\":\"dorogimedence.hu\",\"@id\":\"https:\\\/\\\/dorogimedence.hu\\\/#\\\/schema\\\/person\\\/ce6091eeb7e95ecdc87890d6aa8e0fd4\"},\"headline\":\"T\u00f6bb mint 2 tonna harcs\u00e1t telep\u00edtettek a Dun\u00e1ba v\u00e1rmegy\u00e9nkben\",\"datePublished\":\"2026-03-17T10:55:31+00:00\",\"mainEntityOfPage\":{\"@id\":\"https:\\\/\\\/dorogimedence.hu\\\/index.php\\\/2026\\\/03\\\/17\\\/tobb-mint-2-tonna-harcsat-telepitettek-a-dunaba-varmegyenkben\\\/\"},\"wordCount\":324,\"publisher\":{\"@id\":\"https:\\\/\\\/dorogimedence.hu\\\/#organization\"},\"image\":{\"@id\":\"https:\\\/\\\/dorogimedence.hu\\\/index.php\\\/2026\\\/03\\\/17\\\/tobb-mint-2-tonna-harcsat-telepitettek-a-dunaba-varmegyenkben\\\/#primaryimage\"},\"thumbnailUrl\":\"https:\\\/\\\/dorogimedence.hu\\\/wp-content\\\/uploads\\\/2026\\\/03\\\/652429588_1545964970665311_358181443634928172_n.jpg\",\"keywords\":[\"Duna\",\"esztergom\",\"halatelep\u00edt\u00e9s\",\"harcsa\",\"KEMHESZ\",\"Kom\u00e1rom-Esztergom v\u00e1rmegye\",\"Neszm\u00e9ly\",\"Sz\u0151ny\",\"T\u00e1t\"],\"articleSection\":[\"Esztergom\",\"H\u00edrek\",\"Kom\u00e1rom-Esztergom\",\"T\u00e1t\"],\"inLanguage\":\"hu\"},{\"@type\":\"WebPage\",\"@id\":\"https:\\\/\\\/dorogimedence.hu\\\/index.php\\\/2026\\\/03\\\/17\\\/tobb-mint-2-tonna-harcsat-telepitettek-a-dunaba-varmegyenkben\\\/\",\"url\":\"https:\\\/\\\/dorogimedence.hu\\\/index.php\\\/2026\\\/03\\\/17\\\/tobb-mint-2-tonna-harcsat-telepitettek-a-dunaba-varmegyenkben\\\/\",\"name\":\"T\u00f6bb mint 2 tonna harcs\u00e1t telep\u00edtettek a Dun\u00e1ba v\u00e1rmegy\u00e9nkben\",\"isPartOf\":{\"@id\":\"https:\\\/\\\/dorogimedence.hu\\\/#website\"},\"primaryImageOfPage\":{\"@id\":\"https:\\\/\\\/dorogimedence.hu\\\/index.php\\\/2026\\\/03\\\/17\\\/tobb-mint-2-tonna-harcsat-telepitettek-a-dunaba-varmegyenkben\\\/#primaryimage\"},\"image\":{\"@id\":\"https:\\\/\\\/dorogimedence.hu\\\/index.php\\\/2026\\\/03\\\/17\\\/tobb-mint-2-tonna-harcsat-telepitettek-a-dunaba-varmegyenkben\\\/#primaryimage\"},\"thumbnailUrl\":\"https:\\\/\\\/dorogimedence.hu\\\/wp-content\\\/uploads\\\/2026\\\/03\\\/652429588_1545964970665311_358181443634928172_n.jpg\",\"datePublished\":\"2026-03-17T10:55:31+00:00\",\"breadcrumb\":{\"@id\":\"https:\\\/\\\/dorogimedence.hu\\\/index.php\\\/2026\\\/03\\\/17\\\/tobb-mint-2-tonna-harcsat-telepitettek-a-dunaba-varmegyenkben\\\/#breadcrumb\"},\"inLanguage\":\"hu\",\"potentialAction\":[{\"@type\":\"ReadAction\",\"target\":[\"https:\\\/\\\/dorogimedence.hu\\\/index.php\\\/2026\\\/03\\\/17\\\/tobb-mint-2-tonna-harcsat-telepitettek-a-dunaba-varmegyenkben\\\/\"]}]},{\"@type\":\"ImageObject\",\"inLanguage\":\"hu\",\"@id\":\"https:\\\/\\\/dorogimedence.hu\\\/index.php\\\/2026\\\/03\\\/17\\\/tobb-mint-2-tonna-harcsat-telepitettek-a-dunaba-varmegyenkben\\\/#primaryimage\",\"url\":\"https:\\\/\\\/dorogimedence.hu\\\/wp-content\\\/uploads\\\/2026\\\/03\\\/652429588_1545964970665311_358181443634928172_n.jpg\",\"contentUrl\":\"https:\\\/\\\/dorogimedence.hu\\\/wp-content\\\/uploads\\\/2026\\\/03\\\/652429588_1545964970665311_358181443634928172_n.jpg\",\"width\":2048,\"height\":1536},{\"@type\":\"BreadcrumbList\",\"@id\":\"https:\\\/\\\/dorogimedence.hu\\\/index.php\\\/2026\\\/03\\\/17\\\/tobb-mint-2-tonna-harcsat-telepitettek-a-dunaba-varmegyenkben\\\/#breadcrumb\",\"itemListElement\":[{\"@type\":\"ListItem\",\"position\":1,\"name\":\"Kezd\u0151lap\",\"item\":\"https:\\\/\\\/dorogimedence.hu\\\/\"},{\"@type\":\"ListItem\",\"position\":2,\"name\":\"T\u00f6bb mint 2 tonna harcs\u00e1t telep\u00edtettek a Dun\u00e1ba v\u00e1rmegy\u00e9nkben\"}]},{\"@type\":\"WebSite\",\"@id\":\"https:\\\/\\\/dorogimedence.hu\\\/#website\",\"url\":\"https:\\\/\\\/dorogimedence.hu\\\/\",\"name\":\"Dorogi-medence Region\u00e1lis H\u00edrport\u00e1l\",\"description\":\"Dorog, Keszt\u00f6lc, Le\u00e1nyv\u00e1r, Piliscs\u00e9v, Tokod, Tokodalt\u00e1r\u00f3, Csolnok, Esztergom-kertv\u00e1ros: h\u00edrek, programok\",\"publisher\":{\"@id\":\"https:\\\/\\\/dorogimedence.hu\\\/#organization\"},\"potentialAction\":[{\"@type\":\"SearchAction\",\"target\":{\"@type\":\"EntryPoint\",\"urlTemplate\":\"https:\\\/\\\/dorogimedence.hu\\\/?s={search_term_string}\"},\"query-input\":{\"@type\":\"PropertyValueSpecification\",\"valueRequired\":true,\"valueName\":\"search_term_string\"}}],\"inLanguage\":\"hu\"},{\"@type\":\"Organization\",\"@id\":\"https:\\\/\\\/dorogimedence.hu\\\/#organization\",\"name\":\"Dorogi-medence Region\u00e1lis H\u00edrport\u00e1l\",\"url\":\"https:\\\/\\\/dorogimedence.hu\\\/\",\"logo\":{\"@type\":\"ImageObject\",\"inLanguage\":\"hu\",\"@id\":\"https:\\\/\\\/dorogimedence.hu\\\/#\\\/schema\\\/logo\\\/image\\\/\",\"url\":\"https:\\\/\\\/dorogimedence.hu\\\/wp-content\\\/uploads\\\/2021\\\/04\\\/logo-feher-600.png\",\"contentUrl\":\"https:\\\/\\\/dorogimedence.hu\\\/wp-content\\\/uploads\\\/2021\\\/04\\\/logo-feher-600.png\",\"width\":600,\"height\":100,\"caption\":\"Dorogi-medence Region\u00e1lis H\u00edrport\u00e1l\"},\"image\":{\"@id\":\"https:\\\/\\\/dorogimedence.hu\\\/#\\\/schema\\\/logo\\\/image\\\/\"},\"sameAs\":[\"https:\\\/\\\/www.facebook.com\\\/dorogimedence\\\/\"]},{\"@type\":\"Person\",\"@id\":\"https:\\\/\\\/dorogimedence.hu\\\/#\\\/schema\\\/person\\\/ce6091eeb7e95ecdc87890d6aa8e0fd4\",\"name\":\"dorogimedence.hu\",\"image\":{\"@type\":\"ImageObject\",\"inLanguage\":\"hu\",\"@id\":\"\\\/\\\/www.gravatar.com\\\/avatar\\\/d8d45f8901aadff40a4af72c0b826f1d?s=96&#038;r=g&#038;d=mm\",\"url\":\"\\\/\\\/www.gravatar.com\\\/avatar\\\/d8d45f8901aadff40a4af72c0b826f1d?s=96&#038;r=g&#038;d=mm\",\"contentUrl\":\"\\\/\\\/www.gravatar.com\\\/avatar\\\/d8d45f8901aadff40a4af72c0b826f1d?s=96&#038;r=g&#038;d=mm\",\"caption\":\"dorogimedence.hu\"}}]}<\/script>\n<!-- \/ Yoast SEO plugin. -->","yoast_head_json":{"title":"T\u00f6bb mint 2 tonna harcs\u00e1t telep\u00edtettek a Dun\u00e1ba v\u00e1rmegy\u00e9nkben","robots":{"index":"index","follow":"follow","max-snippet":"max-snippet:-1","max-image-preview":"max-image-preview:large","max-video-preview":"max-video-preview:-1"},"canonical":"https:\/\/dorogimedence.hu\/index.php\/2026\/03\/17\/tobb-mint-2-tonna-harcsat-telepitettek-a-dunaba-varmegyenkben\/","og_locale":"hu_HU","og_type":"article","og_title":"T\u00f6bb mint 2 tonna harcs\u00e1t telep\u00edtettek a Dun\u00e1ba v\u00e1rmegy\u00e9nkben","og_description":"\u00dajabb jelent\u0151s haltelep\u00edt\u00e9st hajtott v\u00e9gre a Kom\u00e1rom-Esztergom V\u00e1rmegyei Horg\u00e1szegyes\u00fcletek Sz\u00f6vets\u00e9ge (KEMHESZ): az elm\u00falt h\u00e9ten \u00f6sszesen 2000 kilogramm harcsa ker\u00fclt a Duna v\u00e1rmegyei szakasz\u00e1ba, valamint tov\u00e1bbi 80 kilogramm a Sz\u0151ny\u2013F\u00fczit\u0151i csatorn\u00e1ba. T\u00f6bb n\u00e9pszer\u0171 horg\u00e1szhely is \u00e9rintett A telep\u00edt\u00e9s sor\u00e1n t\u00f6bb, a horg\u00e1szok k\u00f6r\u00e9ben j\u00f3l ismert helysz\u00ednt is \u00e9rintettek. Az al\u00e1bbi pontokon helyezt\u00e9k ki a ragadoz\u00f3 halakat:","og_url":"https:\/\/dorogimedence.hu\/index.php\/2026\/03\/17\/tobb-mint-2-tonna-harcsat-telepitettek-a-dunaba-varmegyenkben\/","og_site_name":"Dorogi-medence Region\u00e1lis H\u00edrport\u00e1l","article_publisher":"https:\/\/www.facebook.com\/dorogimedence\/","article_published_time":"2026-03-17T10:55:31+00:00","og_image":[{"width":2048,"height":1536,"url":"https:\/\/dorogimedence.hu\/wp-content\/uploads\/2026\/03\/652429588_1545964970665311_358181443634928172_n.jpg","type":"image\/jpeg"}],"author":"dorogimedence.hu","twitter_card":"summary_large_image","twitter_misc":{"Szerz\u0151:":"dorogimedence.hu","Becs\u00fclt olvas\u00e1si id\u0151":"2 perc"},"schema":{"@context":"https:\/\/schema.org","@graph":[{"@type":"Article","@id":"https:\/\/dorogimedence.hu\/index.php\/2026\/03\/17\/tobb-mint-2-tonna-harcsat-telepitettek-a-dunaba-varmegyenkben\/#article","isPartOf":{"@id":"https:\/\/dorogimedence.hu\/index.php\/2026\/03\/17\/tobb-mint-2-tonna-harcsat-telepitettek-a-dunaba-varmegyenkben\/"},"author":{"name":"dorogimedence.hu","@id":"https:\/\/dorogimedence.hu\/#\/schema\/person\/ce6091eeb7e95ecdc87890d6aa8e0fd4"},"headline":"T\u00f6bb mint 2 tonna harcs\u00e1t telep\u00edtettek a Dun\u00e1ba v\u00e1rmegy\u00e9nkben","datePublished":"2026-03-17T10:55:31+00:00","mainEntityOfPage":{"@id":"https:\/\/dorogimedence.hu\/index.php\/2026\/03\/17\/tobb-mint-2-tonna-harcsat-telepitettek-a-dunaba-varmegyenkben\/"},"wordCount":324,"publisher":{"@id":"https:\/\/dorogimedence.hu\/#organization"},"image":{"@id":"https:\/\/dorogimedence.hu\/index.php\/2026\/03\/17\/tobb-mint-2-tonna-harcsat-telepitettek-a-dunaba-varmegyenkben\/#primaryimage"},"thumbnailUrl":"https:\/\/dorogimedence.hu\/wp-content\/uploads\/2026\/03\/652429588_1545964970665311_358181443634928172_n.jpg","keywords":["Duna","esztergom","halatelep\u00edt\u00e9s","harcsa","KEMHESZ","Kom\u00e1rom-Esztergom v\u00e1rmegye","Neszm\u00e9ly","Sz\u0151ny","T\u00e1t"],"articleSection":["Esztergom","H\u00edrek","Kom\u00e1rom-Esztergom","T\u00e1t"],"inLanguage":"hu"},{"@type":"WebPage","@id":"https:\/\/dorogimedence.hu\/index.php\/2026\/03\/17\/tobb-mint-2-tonna-harcsat-telepitettek-a-dunaba-varmegyenkben\/","url":"https:\/\/dorogimedence.hu\/index.php\/2026\/03\/17\/tobb-mint-2-tonna-harcsat-telepitettek-a-dunaba-varmegyenkben\/","name":"T\u00f6bb mint 2 tonna harcs\u00e1t telep\u00edtettek a Dun\u00e1ba v\u00e1rmegy\u00e9nkben","isPartOf":{"@id":"https:\/\/dorogimedence.hu\/#website"},"primaryImageOfPage":{"@id":"https:\/\/dorogimedence.hu\/index.php\/2026\/03\/17\/tobb-mint-2-tonna-harcsat-telepitettek-a-dunaba-varmegyenkben\/#primaryimage"},"image":{"@id":"https:\/\/dorogimedence.hu\/index.php\/2026\/03\/17\/tobb-mint-2-tonna-harcsat-telepitettek-a-dunaba-varmegyenkben\/#primaryimage"},"thumbnailUrl":"https:\/\/dorogimedence.hu\/wp-content\/uploads\/2026\/03\/652429588_1545964970665311_358181443634928172_n.jpg","datePublished":"2026-03-17T10:55:31+00:00","breadcrumb":{"@id":"https:\/\/dorogimedence.hu\/index.php\/2026\/03\/17\/tobb-mint-2-tonna-harcsat-telepitettek-a-dunaba-varmegyenkben\/#breadcrumb"},"inLanguage":"hu","potentialAction":[{"@type":"ReadAction","target":["https:\/\/dorogimedence.hu\/index.php\/2026\/03\/17\/tobb-mint-2-tonna-harcsat-telepitettek-a-dunaba-varmegyenkben\/"]}]},{"@type":"ImageObject","inLanguage":"hu","@id":"https:\/\/dorogimedence.hu\/index.php\/2026\/03\/17\/tobb-mint-2-tonna-harcsat-telepitettek-a-dunaba-varmegyenkben\/#primaryimage","url":"https:\/\/dorogimedence.hu\/wp-content\/uploads\/2026\/03\/652429588_1545964970665311_358181443634928172_n.jpg","contentUrl":"https:\/\/dorogimedence.hu\/wp-content\/uploads\/2026\/03\/652429588_1545964970665311_358181443634928172_n.jpg","width":2048,"height":1536},{"@type":"BreadcrumbList","@id":"https:\/\/dorogimedence.hu\/index.php\/2026\/03\/17\/tobb-mint-2-tonna-harcsat-telepitettek-a-dunaba-varmegyenkben\/#breadcrumb","itemListElement":[{"@type":"ListItem","position":1,"name":"Kezd\u0151lap","item":"https:\/\/dorogimedence.hu\/"},{"@type":"ListItem","position":2,"name":"T\u00f6bb mint 2 tonna harcs\u00e1t telep\u00edtettek a Dun\u00e1ba v\u00e1rmegy\u00e9nkben"}]},{"@type":"WebSite","@id":"https:\/\/dorogimedence.hu\/#website","url":"https:\/\/dorogimedence.hu\/","name":"Dorogi-medence Region\u00e1lis H\u00edrport\u00e1l","description":"Dorog, Keszt\u00f6lc, Le\u00e1nyv\u00e1r, Piliscs\u00e9v, Tokod, Tokodalt\u00e1r\u00f3, Csolnok, Esztergom-kertv\u00e1ros: h\u00edrek, programok","publisher":{"@id":"https:\/\/dorogimedence.hu\/#organization"},"potentialAction":[{"@type":"SearchAction","target":{"@type":"EntryPoint","urlTemplate":"https:\/\/dorogimedence.hu\/?s={search_term_string}"},"query-input":{"@type":"PropertyValueSpecification","valueRequired":true,"valueName":"search_term_string"}}],"inLanguage":"hu"},{"@type":"Organization","@id":"https:\/\/dorogimedence.hu\/#organization","name":"Dorogi-medence Region\u00e1lis H\u00edrport\u00e1l","url":"https:\/\/dorogimedence.hu\/","logo":{"@type":"ImageObject","inLanguage":"hu","@id":"https:\/\/dorogimedence.hu\/#\/schema\/logo\/image\/","url":"https:\/\/dorogimedence.hu\/wp-content\/uploads\/2021\/04\/logo-feher-600.png","contentUrl":"https:\/\/dorogimedence.hu\/wp-content\/uploads\/2021\/04\/logo-feher-600.png","width":600,"height":100,"caption":"Dorogi-medence Region\u00e1lis H\u00edrport\u00e1l"},"image":{"@id":"https:\/\/dorogimedence.hu\/#\/schema\/logo\/image\/"},"sameAs":["https:\/\/www.facebook.com\/dorogimedence\/"]},{"@type":"Person","@id":"https:\/\/dorogimedence.hu\/#\/schema\/person\/ce6091eeb7e95ecdc87890d6aa8e0fd4","name":"dorogimedence.hu","image":{"@type":"ImageObject","inLanguage":"hu","@id":"\/\/www.gravatar.com\/avatar\/d8d45f8901aadff40a4af72c0b826f1d?s=96&#038;r=g&#038;d=mm","url":"\/\/www.gravatar.com\/avatar\/d8d45f8901aadff40a4af72c0b826f1d?s=96&#038;r=g&#038;d=mm","contentUrl":"\/\/www.gravatar.com\/avatar\/d8d45f8901aadff40a4af72c0b826f1d?s=96&#038;r=g&#038;d=mm","caption":"dorogimedence.hu"}}]}},"_links":{"self":[{"href":"https:\/\/dorogimedence.hu\/index.php\/wp-json\/wp\/v2\/posts\/78608","targetHints":{"allow":["GET"]}}],"collection":[{"href":"https:\/\/dorogimedence.hu\/index.php\/wp-json\/wp\/v2\/posts"}],"about":[{"href":"https:\/\/dorogimedence.hu\/index.php\/wp-json\/wp\/v2\/types\/post"}],"author":[{"embeddable":true,"href":"https:\/\/dorogimedence.hu\/index.php\/wp-json\/wp\/v2\/users\/1"}],"replies":[{"embeddable":true,"href":"https:\/\/dorogimedence.hu\/index.php\/wp-json\/wp\/v2\/comments?post=78608"}],"version-history":[{"count":1,"href":"https:\/\/dorogimedence.hu\/index.php\/wp-json\/wp\/v2\/posts\/78608\/revisions"}],"predecessor-version":[{"id":78612,"href":"https:\/\/dorogimedence.hu\/index.php\/wp-json\/wp\/v2\/posts\/78608\/revisions\/78612"}],"wp:featuredmedia":[{"embeddable":true,"href":"https:\/\/dorogimedence.hu\/index.php\/wp-json\/wp\/v2\/media\/78609"}],"wp:attachment":[{"href":"https:\/\/dorogimedence.hu\/index.php\/wp-json\/wp\/v2\/media?parent=78608"}],"wp:term":[{"taxonomy":"category","embeddable":true,"href":"https:\/\/dorogimedence.hu\/index.php\/wp-json\/wp\/v2\/categories?post=78608"},{"taxonomy":"post_tag","embeddable":true,"href":"https:\/\/dorogimedence.hu\/index.php\/wp-json\/wp\/v2\/tags?post=78608"}],"curies":[{"name":"wp","href":"https:\/\/api.w.org\/{rel}","templated":true}]}}