{"id":78603,"date":"2026-03-17T09:40:12","date_gmt":"2026-03-17T08:40:12","guid":{"rendered":"https:\/\/dorogimedence.hu\/?p=78603"},"modified":"2026-03-20T10:09:50","modified_gmt":"2026-03-20T09:09:50","slug":"folytatodik-a-111-es-ut-felujitasa-dorogon","status":"publish","type":"post","link":"https:\/\/dorogimedence.hu\/index.php\/2026\/03\/17\/folytatodik-a-111-es-ut-felujitasa-dorogon\/","title":{"rendered":"Folytat\u00f3dik a 111-es \u00fat fel\u00faj\u00edt\u00e1sa Dorogon"},"content":{"rendered":"<p><strong>Megkezd\u0151dik a 111-es \u00fat &#8211; Hantken Miksa utcai keresztez\u0151d\u00e9st\u0151l a V\u00e1rosh\u00e1za k\u00f6rforgalm\u00e1ig tart\u00f3 szakasz\u00e1nak &#8211; fel\u00faj\u00edt\u00e1sa Dorogon. A munk\u00e1latok sor\u00e1n kicser\u00e9lik a szeg\u00e9lyk\u00f6veket, valamint \u00faj aszfaltburkolat ker\u00fcl az \u00fattestre.<\/strong><\/p>\n<p><strong>FONTOS v\u00e1ltoz\u00e1s a k\u00f6zleked\u00e9sben:<\/strong> a \u201eDorog, V\u00e1rosh\u00e1za\u201d buszmeg\u00e1ll\u00f3kat ideiglenesen \u2013 inform\u00e1ci\u00f3ink szerint \u00e1prilis 6-ig \u2013 a Hantken Miksa utc\u00e1ba helyezt\u00e9k \u00e1t.<\/p>\n<p><strong>Megkeres\u00e9s\u00fcnkre a Magyar K\u00f6z\u00fat \u00e1prilis 20-\u00e1n a k\u00f6vetkez\u0151t v\u00e1laszolta:<\/strong> &#8222;A Dorog, 111. sz\u00e1m\u00fa f\u0151\u00fat (Esztergomi \u00fat) vas\u00fati \u00e1tj\u00e1r\u00f3 \u00e9s a 10. sz\u00e1m\u00fa f\u0151\u00fati k\u00f6rforgalom k\u00f6z\u00f6tti szakasz\u00e1nak 2025. \u00e9vben megkezdett burkolatfel\u00faj\u00edt\u00e1si munk\u00e1it a kivitelez\u0151 \u2013 a t\u00e9li \u00fat\u00fczem letelte ut\u00e1n \u2013 m\u00e1rcius k\u00f6zep\u00e9t\u0151l folytatja. Az Esztergomi \u00fat \u00e9rintett szakasz\u00e1n a kiemelt szeg\u00e9lyek szintre helyez\u00e9se \u00e9s a megl\u00e9v\u0151 burkolat mar\u00e1sa megt\u00f6rt\u00e9nt. A sz\u00fcks\u00e9ges burkolat al\u00e1jav\u00edt\u00e1si feladatok elk\u00e9sz\u00fclte ut\u00e1n az aszfaltoz\u00e1si munk\u00e1k a tervek szerint m\u00e1rcius v\u00e9g\u00e9ig (v\u00e1rhat\u00f3an a 13. h\u00e9ten) befejez\u0151dnek. Az aszfaltoz\u00e1si munk\u00e1k f\u00e9lp\u00e1ly\u00e1s korl\u00e1toz\u00e1s mellett zajlanak, alkalmank\u00e9nt r\u00f6videbb id\u0151szakokban torl\u00f3d\u00e1s el\u0151fordulhat. Ezen id\u0151szakban az Esztergomi \u00faton megl\u00e9v\u0151 buszmeg\u00e1ll\u00f3 helyek \u00e1thelyez\u00e9sre ker\u00fclnek a Hantken Miksa utc\u00e1ba. Az aszfaltoz\u00e1si munk\u00e1k ut\u00e1n a burkolati jelek fest\u00e9se okozhat korl\u00e1toz\u00e1st az \u00e9rintett \u00fatszakaszon. A fel\u00faj\u00edt\u00e1si munk\u00e1k el\u0151re l\u00e1that\u00f3an \u00e1prilis elej\u00e9n (v\u00e1rhat\u00f3an a 14. h\u00e9ten) \u00e9rnek v\u00e9get.&#8221;<\/p>\n<p><a href=\"https:\/\/www.mavcsoport.hu\/mavinform\/dorog-marcius-16-atol-ideiglenes-forgalmi-valtozas\" target=\"_blank\" rel=\"noopener\"><span style=\"text-decoration: underline; color: #0000ff;\">A M\u00c1V-csoport k\u00f6zlem\u00e9nye&gt;&gt;<\/span><\/a><\/p>\n<p><img fetchpriority=\"high\" decoding=\"async\" class=\"alignnone size-full wp-image-78605\" src=\"https:\/\/dorogimedence.hu\/wp-content\/uploads\/2026\/03\/utfelujitas-02.jpg\" alt=\"\" width=\"1920\" height=\"1180\" srcset=\"https:\/\/dorogimedence.hu\/wp-content\/uploads\/2026\/03\/utfelujitas-02.jpg 1920w, https:\/\/dorogimedence.hu\/wp-content\/uploads\/2026\/03\/utfelujitas-02-600x369.jpg 600w, https:\/\/dorogimedence.hu\/wp-content\/uploads\/2026\/03\/utfelujitas-02-768x472.jpg 768w, https:\/\/dorogimedence.hu\/wp-content\/uploads\/2026\/03\/utfelujitas-02-1536x944.jpg 1536w, https:\/\/dorogimedence.hu\/wp-content\/uploads\/2026\/03\/utfelujitas-02-150x92.jpg 150w, https:\/\/dorogimedence.hu\/wp-content\/uploads\/2026\/03\/utfelujitas-02-450x277.jpg 450w, https:\/\/dorogimedence.hu\/wp-content\/uploads\/2026\/03\/utfelujitas-02-1200x738.jpg 1200w\" sizes=\"(max-width: 1920px) 100vw, 1920px\" \/> <img decoding=\"async\" class=\"alignnone size-full wp-image-78606\" src=\"https:\/\/dorogimedence.hu\/wp-content\/uploads\/2026\/03\/utfelujitas-03.jpg\" alt=\"\" width=\"1920\" height=\"1180\" srcset=\"https:\/\/dorogimedence.hu\/wp-content\/uploads\/2026\/03\/utfelujitas-03.jpg 1920w, https:\/\/dorogimedence.hu\/wp-content\/uploads\/2026\/03\/utfelujitas-03-600x369.jpg 600w, https:\/\/dorogimedence.hu\/wp-content\/uploads\/2026\/03\/utfelujitas-03-768x472.jpg 768w, https:\/\/dorogimedence.hu\/wp-content\/uploads\/2026\/03\/utfelujitas-03-1536x944.jpg 1536w, https:\/\/dorogimedence.hu\/wp-content\/uploads\/2026\/03\/utfelujitas-03-150x92.jpg 150w, https:\/\/dorogimedence.hu\/wp-content\/uploads\/2026\/03\/utfelujitas-03-450x277.jpg 450w, https:\/\/dorogimedence.hu\/wp-content\/uploads\/2026\/03\/utfelujitas-03-1200x738.jpg 1200w\" sizes=\"(max-width: 1920px) 100vw, 1920px\" \/><\/p>\n<p><em>Fot\u00f3k: dorogimedence.hu<\/em><\/p>\n","protected":false},"excerpt":{"rendered":"<p>Megkezd\u0151dik a 111-es \u00fat &#8211; Hantken Miksa utcai keresztez\u0151d\u00e9st\u0151l a V\u00e1rosh\u00e1za k\u00f6rforgalm\u00e1ig tart\u00f3 szakasz\u00e1nak &#8211; fel\u00faj\u00edt\u00e1sa Dorogon. A munk\u00e1latok sor\u00e1n kicser\u00e9lik a szeg\u00e9lyk\u00f6veket, valamint \u00faj aszfaltburkolat ker\u00fcl az \u00fattestre. FONTOS v\u00e1ltoz\u00e1s a k\u00f6zleked\u00e9sben: a \u201eDorog, V\u00e1rosh\u00e1za\u201d buszmeg\u00e1ll\u00f3kat ideiglenesen \u2013 inform\u00e1ci\u00f3ink szerint \u00e1prilis 6-ig \u2013 a Hantken Miksa utc\u00e1ba helyezt\u00e9k \u00e1t. Megkeres\u00e9s\u00fcnkre a Magyar K\u00f6z\u00fat \u00e1prilis<\/p>\n","protected":false},"author":1,"featured_media":78604,"comment_status":"closed","ping_status":"closed","sticky":false,"template":"","format":"standard","meta":{"ngg_post_thumbnail":0,"footnotes":""},"categories":[2,3],"tags":[458,1043,15,5624,2376,292,697,4787],"class_list":{"0":"post-78603","1":"post","2":"type-post","3":"status-publish","4":"format-standard","5":"has-post-thumbnail","7":"category-dorog","8":"category-hirek","9":"tag-autobusz","10":"tag-busz","11":"tag-dorog","12":"tag-featured","13":"tag-kozut","14":"tag-mav","15":"tag-utfelujitas","16":"tag-volan"},"yoast_head":"<!-- This site is optimized with the Yoast SEO plugin v27.5 - https:\/\/yoast.com\/product\/yoast-seo-wordpress\/ -->\n<title>Folytat\u00f3dik a 111-es \u00fat fel\u00faj\u00edt\u00e1sa Dorogon<\/title>\n<meta name=\"robots\" content=\"index, follow, max-snippet:-1, max-image-preview:large, max-video-preview:-1\" \/>\n<link rel=\"canonical\" href=\"https:\/\/dorogimedence.hu\/index.php\/2026\/03\/17\/folytatodik-a-111-es-ut-felujitasa-dorogon\/\" class=\"yoast-seo-meta-tag\" \/>\n<meta property=\"og:locale\" content=\"hu_HU\" class=\"yoast-seo-meta-tag\" \/>\n<meta property=\"og:type\" content=\"article\" class=\"yoast-seo-meta-tag\" \/>\n<meta property=\"og:title\" content=\"Folytat\u00f3dik a 111-es \u00fat fel\u00faj\u00edt\u00e1sa Dorogon\" class=\"yoast-seo-meta-tag\" \/>\n<meta property=\"og:description\" content=\"Megkezd\u0151dik a 111-es \u00fat &#8211; Hantken Miksa utcai keresztez\u0151d\u00e9st\u0151l a V\u00e1rosh\u00e1za k\u00f6rforgalm\u00e1ig tart\u00f3 szakasz\u00e1nak &#8211; fel\u00faj\u00edt\u00e1sa Dorogon. A munk\u00e1latok sor\u00e1n kicser\u00e9lik a szeg\u00e9lyk\u00f6veket, valamint \u00faj aszfaltburkolat ker\u00fcl az \u00fattestre. FONTOS v\u00e1ltoz\u00e1s a k\u00f6zleked\u00e9sben: a \u201eDorog, V\u00e1rosh\u00e1za\u201d buszmeg\u00e1ll\u00f3kat ideiglenesen \u2013 inform\u00e1ci\u00f3ink szerint \u00e1prilis 6-ig \u2013 a Hantken Miksa utc\u00e1ba helyezt\u00e9k \u00e1t. Megkeres\u00e9s\u00fcnkre a Magyar K\u00f6z\u00fat \u00e1prilis\" class=\"yoast-seo-meta-tag\" \/>\n<meta property=\"og:url\" content=\"https:\/\/dorogimedence.hu\/index.php\/2026\/03\/17\/folytatodik-a-111-es-ut-felujitasa-dorogon\/\" class=\"yoast-seo-meta-tag\" \/>\n<meta property=\"og:site_name\" content=\"Dorogi-medence Region\u00e1lis H\u00edrport\u00e1l\" class=\"yoast-seo-meta-tag\" \/>\n<meta property=\"article:publisher\" content=\"https:\/\/www.facebook.com\/dorogimedence\/\" class=\"yoast-seo-meta-tag\" \/>\n<meta property=\"article:published_time\" content=\"2026-03-17T08:40:12+00:00\" class=\"yoast-seo-meta-tag\" \/>\n<meta property=\"article:modified_time\" content=\"2026-03-20T09:09:50+00:00\" class=\"yoast-seo-meta-tag\" \/>\n<meta property=\"og:image\" content=\"https:\/\/dorogimedence.hu\/wp-content\/uploads\/2026\/03\/utfelujitas-01.jpg\" class=\"yoast-seo-meta-tag\" \/>\n\t<meta property=\"og:image:width\" content=\"1920\" class=\"yoast-seo-meta-tag\" \/>\n\t<meta property=\"og:image:height\" content=\"1222\" class=\"yoast-seo-meta-tag\" \/>\n\t<meta property=\"og:image:type\" content=\"image\/jpeg\" class=\"yoast-seo-meta-tag\" \/>\n<meta name=\"author\" content=\"dorogimedence.hu\" class=\"yoast-seo-meta-tag\" \/>\n<meta name=\"twitter:card\" content=\"summary_large_image\" class=\"yoast-seo-meta-tag\" \/>\n<meta name=\"twitter:label1\" content=\"Szerz\u0151:\" class=\"yoast-seo-meta-tag\" \/>\n\t<meta name=\"twitter:data1\" content=\"dorogimedence.hu\" class=\"yoast-seo-meta-tag\" \/>\n\t<meta name=\"twitter:label2\" content=\"Becs\u00fclt olvas\u00e1si id\u0151\" class=\"yoast-seo-meta-tag\" \/>\n\t<meta name=\"twitter:data2\" content=\"2 perc\" class=\"yoast-seo-meta-tag\" \/>\n<script type=\"application\/ld+json\" class=\"yoast-schema-graph\">{\"@context\":\"https:\\\/\\\/schema.org\",\"@graph\":[{\"@type\":\"Article\",\"@id\":\"https:\\\/\\\/dorogimedence.hu\\\/index.php\\\/2026\\\/03\\\/17\\\/folytatodik-a-111-es-ut-felujitasa-dorogon\\\/#article\",\"isPartOf\":{\"@id\":\"https:\\\/\\\/dorogimedence.hu\\\/index.php\\\/2026\\\/03\\\/17\\\/folytatodik-a-111-es-ut-felujitasa-dorogon\\\/\"},\"author\":{\"name\":\"dorogimedence.hu\",\"@id\":\"https:\\\/\\\/dorogimedence.hu\\\/#\\\/schema\\\/person\\\/ce6091eeb7e95ecdc87890d6aa8e0fd4\"},\"headline\":\"Folytat\u00f3dik a 111-es \u00fat fel\u00faj\u00edt\u00e1sa Dorogon\",\"datePublished\":\"2026-03-17T08:40:12+00:00\",\"dateModified\":\"2026-03-20T09:09:50+00:00\",\"mainEntityOfPage\":{\"@id\":\"https:\\\/\\\/dorogimedence.hu\\\/index.php\\\/2026\\\/03\\\/17\\\/folytatodik-a-111-es-ut-felujitasa-dorogon\\\/\"},\"wordCount\":314,\"publisher\":{\"@id\":\"https:\\\/\\\/dorogimedence.hu\\\/#organization\"},\"image\":{\"@id\":\"https:\\\/\\\/dorogimedence.hu\\\/index.php\\\/2026\\\/03\\\/17\\\/folytatodik-a-111-es-ut-felujitasa-dorogon\\\/#primaryimage\"},\"thumbnailUrl\":\"https:\\\/\\\/dorogimedence.hu\\\/wp-content\\\/uploads\\\/2026\\\/03\\\/utfelujitas-01.jpg\",\"keywords\":[\"aut\u00f3busz\",\"busz\",\"Dorog\",\"featured\",\"k\u00f6z\u00fat\",\"m\u00e1v\",\"\u00fatfel\u00faj\u00edt\u00e1s\",\"Vol\u00e1n\"],\"articleSection\":[\"Dorog\",\"H\u00edrek\"],\"inLanguage\":\"hu\"},{\"@type\":\"WebPage\",\"@id\":\"https:\\\/\\\/dorogimedence.hu\\\/index.php\\\/2026\\\/03\\\/17\\\/folytatodik-a-111-es-ut-felujitasa-dorogon\\\/\",\"url\":\"https:\\\/\\\/dorogimedence.hu\\\/index.php\\\/2026\\\/03\\\/17\\\/folytatodik-a-111-es-ut-felujitasa-dorogon\\\/\",\"name\":\"Folytat\u00f3dik a 111-es \u00fat fel\u00faj\u00edt\u00e1sa Dorogon\",\"isPartOf\":{\"@id\":\"https:\\\/\\\/dorogimedence.hu\\\/#website\"},\"primaryImageOfPage\":{\"@id\":\"https:\\\/\\\/dorogimedence.hu\\\/index.php\\\/2026\\\/03\\\/17\\\/folytatodik-a-111-es-ut-felujitasa-dorogon\\\/#primaryimage\"},\"image\":{\"@id\":\"https:\\\/\\\/dorogimedence.hu\\\/index.php\\\/2026\\\/03\\\/17\\\/folytatodik-a-111-es-ut-felujitasa-dorogon\\\/#primaryimage\"},\"thumbnailUrl\":\"https:\\\/\\\/dorogimedence.hu\\\/wp-content\\\/uploads\\\/2026\\\/03\\\/utfelujitas-01.jpg\",\"datePublished\":\"2026-03-17T08:40:12+00:00\",\"dateModified\":\"2026-03-20T09:09:50+00:00\",\"breadcrumb\":{\"@id\":\"https:\\\/\\\/dorogimedence.hu\\\/index.php\\\/2026\\\/03\\\/17\\\/folytatodik-a-111-es-ut-felujitasa-dorogon\\\/#breadcrumb\"},\"inLanguage\":\"hu\",\"potentialAction\":[{\"@type\":\"ReadAction\",\"target\":[\"https:\\\/\\\/dorogimedence.hu\\\/index.php\\\/2026\\\/03\\\/17\\\/folytatodik-a-111-es-ut-felujitasa-dorogon\\\/\"]}]},{\"@type\":\"ImageObject\",\"inLanguage\":\"hu\",\"@id\":\"https:\\\/\\\/dorogimedence.hu\\\/index.php\\\/2026\\\/03\\\/17\\\/folytatodik-a-111-es-ut-felujitasa-dorogon\\\/#primaryimage\",\"url\":\"https:\\\/\\\/dorogimedence.hu\\\/wp-content\\\/uploads\\\/2026\\\/03\\\/utfelujitas-01.jpg\",\"contentUrl\":\"https:\\\/\\\/dorogimedence.hu\\\/wp-content\\\/uploads\\\/2026\\\/03\\\/utfelujitas-01.jpg\",\"width\":1920,\"height\":1222},{\"@type\":\"BreadcrumbList\",\"@id\":\"https:\\\/\\\/dorogimedence.hu\\\/index.php\\\/2026\\\/03\\\/17\\\/folytatodik-a-111-es-ut-felujitasa-dorogon\\\/#breadcrumb\",\"itemListElement\":[{\"@type\":\"ListItem\",\"position\":1,\"name\":\"Kezd\u0151lap\",\"item\":\"https:\\\/\\\/dorogimedence.hu\\\/\"},{\"@type\":\"ListItem\",\"position\":2,\"name\":\"Folytat\u00f3dik a 111-es \u00fat fel\u00faj\u00edt\u00e1sa Dorogon\"}]},{\"@type\":\"WebSite\",\"@id\":\"https:\\\/\\\/dorogimedence.hu\\\/#website\",\"url\":\"https:\\\/\\\/dorogimedence.hu\\\/\",\"name\":\"Dorogi-medence Region\u00e1lis H\u00edrport\u00e1l\",\"description\":\"Dorog, Keszt\u00f6lc, Le\u00e1nyv\u00e1r, Piliscs\u00e9v, Tokod, Tokodalt\u00e1r\u00f3, Csolnok, Esztergom-kertv\u00e1ros: h\u00edrek, programok\",\"publisher\":{\"@id\":\"https:\\\/\\\/dorogimedence.hu\\\/#organization\"},\"potentialAction\":[{\"@type\":\"SearchAction\",\"target\":{\"@type\":\"EntryPoint\",\"urlTemplate\":\"https:\\\/\\\/dorogimedence.hu\\\/?s={search_term_string}\"},\"query-input\":{\"@type\":\"PropertyValueSpecification\",\"valueRequired\":true,\"valueName\":\"search_term_string\"}}],\"inLanguage\":\"hu\"},{\"@type\":\"Organization\",\"@id\":\"https:\\\/\\\/dorogimedence.hu\\\/#organization\",\"name\":\"Dorogi-medence Region\u00e1lis H\u00edrport\u00e1l\",\"url\":\"https:\\\/\\\/dorogimedence.hu\\\/\",\"logo\":{\"@type\":\"ImageObject\",\"inLanguage\":\"hu\",\"@id\":\"https:\\\/\\\/dorogimedence.hu\\\/#\\\/schema\\\/logo\\\/image\\\/\",\"url\":\"https:\\\/\\\/dorogimedence.hu\\\/wp-content\\\/uploads\\\/2021\\\/04\\\/logo-feher-600.png\",\"contentUrl\":\"https:\\\/\\\/dorogimedence.hu\\\/wp-content\\\/uploads\\\/2021\\\/04\\\/logo-feher-600.png\",\"width\":600,\"height\":100,\"caption\":\"Dorogi-medence Region\u00e1lis H\u00edrport\u00e1l\"},\"image\":{\"@id\":\"https:\\\/\\\/dorogimedence.hu\\\/#\\\/schema\\\/logo\\\/image\\\/\"},\"sameAs\":[\"https:\\\/\\\/www.facebook.com\\\/dorogimedence\\\/\"]},{\"@type\":\"Person\",\"@id\":\"https:\\\/\\\/dorogimedence.hu\\\/#\\\/schema\\\/person\\\/ce6091eeb7e95ecdc87890d6aa8e0fd4\",\"name\":\"dorogimedence.hu\",\"image\":{\"@type\":\"ImageObject\",\"inLanguage\":\"hu\",\"@id\":\"\\\/\\\/www.gravatar.com\\\/avatar\\\/d8d45f8901aadff40a4af72c0b826f1d?s=96&#038;r=g&#038;d=mm\",\"url\":\"\\\/\\\/www.gravatar.com\\\/avatar\\\/d8d45f8901aadff40a4af72c0b826f1d?s=96&#038;r=g&#038;d=mm\",\"contentUrl\":\"\\\/\\\/www.gravatar.com\\\/avatar\\\/d8d45f8901aadff40a4af72c0b826f1d?s=96&#038;r=g&#038;d=mm\",\"caption\":\"dorogimedence.hu\"}}]}<\/script>\n<!-- \/ Yoast SEO plugin. -->","yoast_head_json":{"title":"Folytat\u00f3dik a 111-es \u00fat fel\u00faj\u00edt\u00e1sa Dorogon","robots":{"index":"index","follow":"follow","max-snippet":"max-snippet:-1","max-image-preview":"max-image-preview:large","max-video-preview":"max-video-preview:-1"},"canonical":"https:\/\/dorogimedence.hu\/index.php\/2026\/03\/17\/folytatodik-a-111-es-ut-felujitasa-dorogon\/","og_locale":"hu_HU","og_type":"article","og_title":"Folytat\u00f3dik a 111-es \u00fat fel\u00faj\u00edt\u00e1sa Dorogon","og_description":"Megkezd\u0151dik a 111-es \u00fat &#8211; Hantken Miksa utcai keresztez\u0151d\u00e9st\u0151l a V\u00e1rosh\u00e1za k\u00f6rforgalm\u00e1ig tart\u00f3 szakasz\u00e1nak &#8211; fel\u00faj\u00edt\u00e1sa Dorogon. A munk\u00e1latok sor\u00e1n kicser\u00e9lik a szeg\u00e9lyk\u00f6veket, valamint \u00faj aszfaltburkolat ker\u00fcl az \u00fattestre. FONTOS v\u00e1ltoz\u00e1s a k\u00f6zleked\u00e9sben: a \u201eDorog, V\u00e1rosh\u00e1za\u201d buszmeg\u00e1ll\u00f3kat ideiglenesen \u2013 inform\u00e1ci\u00f3ink szerint \u00e1prilis 6-ig \u2013 a Hantken Miksa utc\u00e1ba helyezt\u00e9k \u00e1t. Megkeres\u00e9s\u00fcnkre a Magyar K\u00f6z\u00fat \u00e1prilis","og_url":"https:\/\/dorogimedence.hu\/index.php\/2026\/03\/17\/folytatodik-a-111-es-ut-felujitasa-dorogon\/","og_site_name":"Dorogi-medence Region\u00e1lis H\u00edrport\u00e1l","article_publisher":"https:\/\/www.facebook.com\/dorogimedence\/","article_published_time":"2026-03-17T08:40:12+00:00","article_modified_time":"2026-03-20T09:09:50+00:00","og_image":[{"width":1920,"height":1222,"url":"https:\/\/dorogimedence.hu\/wp-content\/uploads\/2026\/03\/utfelujitas-01.jpg","type":"image\/jpeg"}],"author":"dorogimedence.hu","twitter_card":"summary_large_image","twitter_misc":{"Szerz\u0151:":"dorogimedence.hu","Becs\u00fclt olvas\u00e1si id\u0151":"2 perc"},"schema":{"@context":"https:\/\/schema.org","@graph":[{"@type":"Article","@id":"https:\/\/dorogimedence.hu\/index.php\/2026\/03\/17\/folytatodik-a-111-es-ut-felujitasa-dorogon\/#article","isPartOf":{"@id":"https:\/\/dorogimedence.hu\/index.php\/2026\/03\/17\/folytatodik-a-111-es-ut-felujitasa-dorogon\/"},"author":{"name":"dorogimedence.hu","@id":"https:\/\/dorogimedence.hu\/#\/schema\/person\/ce6091eeb7e95ecdc87890d6aa8e0fd4"},"headline":"Folytat\u00f3dik a 111-es \u00fat fel\u00faj\u00edt\u00e1sa Dorogon","datePublished":"2026-03-17T08:40:12+00:00","dateModified":"2026-03-20T09:09:50+00:00","mainEntityOfPage":{"@id":"https:\/\/dorogimedence.hu\/index.php\/2026\/03\/17\/folytatodik-a-111-es-ut-felujitasa-dorogon\/"},"wordCount":314,"publisher":{"@id":"https:\/\/dorogimedence.hu\/#organization"},"image":{"@id":"https:\/\/dorogimedence.hu\/index.php\/2026\/03\/17\/folytatodik-a-111-es-ut-felujitasa-dorogon\/#primaryimage"},"thumbnailUrl":"https:\/\/dorogimedence.hu\/wp-content\/uploads\/2026\/03\/utfelujitas-01.jpg","keywords":["aut\u00f3busz","busz","Dorog","featured","k\u00f6z\u00fat","m\u00e1v","\u00fatfel\u00faj\u00edt\u00e1s","Vol\u00e1n"],"articleSection":["Dorog","H\u00edrek"],"inLanguage":"hu"},{"@type":"WebPage","@id":"https:\/\/dorogimedence.hu\/index.php\/2026\/03\/17\/folytatodik-a-111-es-ut-felujitasa-dorogon\/","url":"https:\/\/dorogimedence.hu\/index.php\/2026\/03\/17\/folytatodik-a-111-es-ut-felujitasa-dorogon\/","name":"Folytat\u00f3dik a 111-es \u00fat fel\u00faj\u00edt\u00e1sa Dorogon","isPartOf":{"@id":"https:\/\/dorogimedence.hu\/#website"},"primaryImageOfPage":{"@id":"https:\/\/dorogimedence.hu\/index.php\/2026\/03\/17\/folytatodik-a-111-es-ut-felujitasa-dorogon\/#primaryimage"},"image":{"@id":"https:\/\/dorogimedence.hu\/index.php\/2026\/03\/17\/folytatodik-a-111-es-ut-felujitasa-dorogon\/#primaryimage"},"thumbnailUrl":"https:\/\/dorogimedence.hu\/wp-content\/uploads\/2026\/03\/utfelujitas-01.jpg","datePublished":"2026-03-17T08:40:12+00:00","dateModified":"2026-03-20T09:09:50+00:00","breadcrumb":{"@id":"https:\/\/dorogimedence.hu\/index.php\/2026\/03\/17\/folytatodik-a-111-es-ut-felujitasa-dorogon\/#breadcrumb"},"inLanguage":"hu","potentialAction":[{"@type":"ReadAction","target":["https:\/\/dorogimedence.hu\/index.php\/2026\/03\/17\/folytatodik-a-111-es-ut-felujitasa-dorogon\/"]}]},{"@type":"ImageObject","inLanguage":"hu","@id":"https:\/\/dorogimedence.hu\/index.php\/2026\/03\/17\/folytatodik-a-111-es-ut-felujitasa-dorogon\/#primaryimage","url":"https:\/\/dorogimedence.hu\/wp-content\/uploads\/2026\/03\/utfelujitas-01.jpg","contentUrl":"https:\/\/dorogimedence.hu\/wp-content\/uploads\/2026\/03\/utfelujitas-01.jpg","width":1920,"height":1222},{"@type":"BreadcrumbList","@id":"https:\/\/dorogimedence.hu\/index.php\/2026\/03\/17\/folytatodik-a-111-es-ut-felujitasa-dorogon\/#breadcrumb","itemListElement":[{"@type":"ListItem","position":1,"name":"Kezd\u0151lap","item":"https:\/\/dorogimedence.hu\/"},{"@type":"ListItem","position":2,"name":"Folytat\u00f3dik a 111-es \u00fat fel\u00faj\u00edt\u00e1sa Dorogon"}]},{"@type":"WebSite","@id":"https:\/\/dorogimedence.hu\/#website","url":"https:\/\/dorogimedence.hu\/","name":"Dorogi-medence Region\u00e1lis H\u00edrport\u00e1l","description":"Dorog, Keszt\u00f6lc, Le\u00e1nyv\u00e1r, Piliscs\u00e9v, Tokod, Tokodalt\u00e1r\u00f3, Csolnok, Esztergom-kertv\u00e1ros: h\u00edrek, programok","publisher":{"@id":"https:\/\/dorogimedence.hu\/#organization"},"potentialAction":[{"@type":"SearchAction","target":{"@type":"EntryPoint","urlTemplate":"https:\/\/dorogimedence.hu\/?s={search_term_string}"},"query-input":{"@type":"PropertyValueSpecification","valueRequired":true,"valueName":"search_term_string"}}],"inLanguage":"hu"},{"@type":"Organization","@id":"https:\/\/dorogimedence.hu\/#organization","name":"Dorogi-medence Region\u00e1lis H\u00edrport\u00e1l","url":"https:\/\/dorogimedence.hu\/","logo":{"@type":"ImageObject","inLanguage":"hu","@id":"https:\/\/dorogimedence.hu\/#\/schema\/logo\/image\/","url":"https:\/\/dorogimedence.hu\/wp-content\/uploads\/2021\/04\/logo-feher-600.png","contentUrl":"https:\/\/dorogimedence.hu\/wp-content\/uploads\/2021\/04\/logo-feher-600.png","width":600,"height":100,"caption":"Dorogi-medence Region\u00e1lis H\u00edrport\u00e1l"},"image":{"@id":"https:\/\/dorogimedence.hu\/#\/schema\/logo\/image\/"},"sameAs":["https:\/\/www.facebook.com\/dorogimedence\/"]},{"@type":"Person","@id":"https:\/\/dorogimedence.hu\/#\/schema\/person\/ce6091eeb7e95ecdc87890d6aa8e0fd4","name":"dorogimedence.hu","image":{"@type":"ImageObject","inLanguage":"hu","@id":"\/\/www.gravatar.com\/avatar\/d8d45f8901aadff40a4af72c0b826f1d?s=96&#038;r=g&#038;d=mm","url":"\/\/www.gravatar.com\/avatar\/d8d45f8901aadff40a4af72c0b826f1d?s=96&#038;r=g&#038;d=mm","contentUrl":"\/\/www.gravatar.com\/avatar\/d8d45f8901aadff40a4af72c0b826f1d?s=96&#038;r=g&#038;d=mm","caption":"dorogimedence.hu"}}]}},"_links":{"self":[{"href":"https:\/\/dorogimedence.hu\/index.php\/wp-json\/wp\/v2\/posts\/78603","targetHints":{"allow":["GET"]}}],"collection":[{"href":"https:\/\/dorogimedence.hu\/index.php\/wp-json\/wp\/v2\/posts"}],"about":[{"href":"https:\/\/dorogimedence.hu\/index.php\/wp-json\/wp\/v2\/types\/post"}],"author":[{"embeddable":true,"href":"https:\/\/dorogimedence.hu\/index.php\/wp-json\/wp\/v2\/users\/1"}],"replies":[{"embeddable":true,"href":"https:\/\/dorogimedence.hu\/index.php\/wp-json\/wp\/v2\/comments?post=78603"}],"version-history":[{"count":4,"href":"https:\/\/dorogimedence.hu\/index.php\/wp-json\/wp\/v2\/posts\/78603\/revisions"}],"predecessor-version":[{"id":78723,"href":"https:\/\/dorogimedence.hu\/index.php\/wp-json\/wp\/v2\/posts\/78603\/revisions\/78723"}],"wp:featuredmedia":[{"embeddable":true,"href":"https:\/\/dorogimedence.hu\/index.php\/wp-json\/wp\/v2\/media\/78604"}],"wp:attachment":[{"href":"https:\/\/dorogimedence.hu\/index.php\/wp-json\/wp\/v2\/media?parent=78603"}],"wp:term":[{"taxonomy":"category","embeddable":true,"href":"https:\/\/dorogimedence.hu\/index.php\/wp-json\/wp\/v2\/categories?post=78603"},{"taxonomy":"post_tag","embeddable":true,"href":"https:\/\/dorogimedence.hu\/index.php\/wp-json\/wp\/v2\/tags?post=78603"}],"curies":[{"name":"wp","href":"https:\/\/api.w.org\/{rel}","templated":true}]}}