{"id":78585,"date":"2026-03-17T07:07:42","date_gmt":"2026-03-17T06:07:42","guid":{"rendered":"https:\/\/dorogimedence.hu\/?p=78585"},"modified":"2026-03-17T07:07:42","modified_gmt":"2026-03-17T06:07:42","slug":"tobb-szazmillios-tamogatas-a-tuzoltoknak-onkentesek-es-onkormanyzati-egysegek-is-palyazhatnak","status":"publish","type":"post","link":"https:\/\/dorogimedence.hu\/index.php\/2026\/03\/17\/tobb-szazmillios-tamogatas-a-tuzoltoknak-onkentesek-es-onkormanyzati-egysegek-is-palyazhatnak\/","title":{"rendered":"T\u00f6bb sz\u00e1zmilli\u00f3s t\u00e1mogat\u00e1s a t\u0171zolt\u00f3knak: \u00f6nk\u00e9ntesek \u00e9s \u00f6nkorm\u00e1nyzati egys\u00e9gek is p\u00e1ly\u00e1zhatnak"},"content":{"rendered":"<p><strong>Id\u00e9n is jelent\u0151s forr\u00e1sok seg\u00edtik a t\u0171zolt\u00f3s\u00e1gok fejleszt\u00e9s\u00e9t: a k\u00f6zponti k\u00f6lts\u00e9gvet\u00e9s \u00f6sszesen t\u00f6bb sz\u00e1zmilli\u00f3 forintot biztos\u00edt az \u00f6nk\u00e9ntes \u00e9s az \u00f6nkorm\u00e1nyzati t\u0171zolt\u00f3s\u00e1gok sz\u00e1m\u00e1ra.<\/strong><\/p>\n<h3>790 milli\u00f3 forint az \u00f6nk\u00e9ntesek t\u00e1mogat\u00e1s\u00e1ra<\/h3>\n<p>A BM Orsz\u00e1gos Katasztr\u00f3fav\u00e9delmi F\u0151igazgat\u00f3s\u00e1g \u00e9s a Magyar T\u0171zolt\u00f3 Sz\u00f6vets\u00e9g <a href=\"https:\/\/komarom.katasztrofavedelem.hu\/24940\/hirek\/295770\/orszagosan-hetszazkilencvenmillio-forint-az-onkentes-tuzolto-egyesuletek-es-az-onkentes-mentoszervezetek-tamogatasara\" target=\"_blank\" rel=\"noopener\"><span style=\"text-decoration: underline; color: #0000ff;\">k\u00f6z\u00f6s p\u00e1ly\u00e1zata<\/span><\/a> r\u00e9v\u00e9n \u00f6sszesen 790 milli\u00f3 forint \u00e1ll rendelkez\u00e9sre az \u00f6nk\u00e9ntes t\u0171zolt\u00f3 egyes\u00fcletek \u00e9s az \u00f6nk\u00e9ntes ment\u0151szervezetek fejleszt\u00e9s\u00e9re.<\/p>\n<p>Az \u00f6sszegb\u0151l:<\/p>\n<ul>\n<li>690 milli\u00f3 forint jut az \u00f6nk\u00e9ntes t\u0171zolt\u00f3 egyes\u00fcleteknek,<\/li>\n<li>100 milli\u00f3 forint pedig az \u00f6nk\u00e9ntes ment\u0151szervezeteknek.<\/li>\n<\/ul>\n<p>A t\u00e1mogat\u00e1s felhaszn\u00e1lhat\u00f3 t\u00f6bbek k\u00f6z\u00f6tt:<\/p>\n<ul>\n<li>t\u0171zolt\u00e1si \u00e9s m\u0171szaki ment\u00e9si tev\u00e9kenys\u00e9ghez kapcsol\u00f3d\u00f3 k\u00f6lts\u00e9gekre,<\/li>\n<li>technikai \u00e9s informatikai fejleszt\u00e9sekre,<\/li>\n<li>v\u00e9d\u0151felszerel\u00e9sek \u00e9s eszk\u00f6z\u00f6k beszerz\u00e9s\u00e9re,<\/li>\n<li>j\u00e1rm\u0171vek \u00e9s technikai eszk\u00f6z\u00f6k fel\u00faj\u00edt\u00e1s\u00e1ra,<\/li>\n<li>valamint az \u00f6nk\u00e9ntesek k\u00e9pz\u00e9s\u00e9re is.<\/li>\n<\/ul>\n<p>A p\u00e1ly\u00e1zatokat 2026. \u00e1prilis 13-ig kell beny\u00fajtani az illet\u00e9kes hivat\u00e1sos t\u0171zolt\u00f3s\u00e1ghoz, az elb\u00edr\u00e1l\u00e1s pedig legk\u00e9s\u0151bb j\u00fanius elej\u00e9ig megt\u00f6rt\u00e9nik.<\/p>\n<h3>Emelt keret az \u00f6nkorm\u00e1nyzati t\u0171zolt\u00f3s\u00e1goknak<\/h3>\n<p>Az \u00f6nkorm\u00e1nyzati t\u0171zolt\u00f3s\u00e1gok sz\u00e1m\u00e1ra <a href=\"https:\/\/komarom.katasztrofavedelem.hu\/24940\/hirek\/295775\/iden-magasabb-osszegre-palyazhatnak-az-onkormanyzati-tuzoltosagok\" target=\"_blank\" rel=\"noopener\"><span style=\"text-decoration: underline; color: #0000ff;\">k\u00fcl\u00f6n p\u00e1ly\u00e1zat \u00e9rhet\u0151 el<\/span><\/a>, amelynek keret\u00f6sszege 258,8 milli\u00f3 forint.<\/p>\n<p>A 2026-os program az\u00e9rt is jelent\u0151s, mert az el\u0151z\u0151 \u00e9vekhez k\u00e9pest magasabb \u00f6sszeg \u00e1ll rendelkez\u00e9sre, \u00edgy a Magyarorsz\u00e1gon m\u0171k\u00f6d\u0151 mintegy hatvan \u00f6nkorm\u00e1nyzati t\u0171zolt\u00f3s\u00e1g nagyobb t\u00e1mogat\u00e1shoz juthat.<\/p>\n<p>Egy t\u0171zolt\u00f3s\u00e1g ak\u00e1r 4,4 milli\u00f3 forintra is p\u00e1ly\u00e1zhat, amelyet p\u00e9ld\u00e1ul az al\u00e1bbi c\u00e9lokra ford\u00edthatnak:<\/p>\n<ul>\n<li>EDR r\u00e1di\u00f3k beszerz\u00e9s\u00e9re,<\/li>\n<li>v\u00e9d\u0151- \u00e9s technikai eszk\u00f6z\u00f6k v\u00e1s\u00e1rl\u00e1s\u00e1ra,<\/li>\n<li>g\u00e9pj\u00e1rm\u0171fecskend\u0151k \u00e9s egy\u00e9b eszk\u00f6z\u00f6k jav\u00edt\u00e1s\u00e1ra,<\/li>\n<li>valamint szert\u00e1rak \u00e9p\u00edt\u00e9s\u00e9re vagy fel\u00faj\u00edt\u00e1s\u00e1ra.<\/li>\n<\/ul>\n<p>A p\u00e1ly\u00e1zatok bead\u00e1si hat\u00e1rideje itt is 2026. \u00e1prilis 13., az elb\u00edr\u00e1l\u00e1s pedig legk\u00e9s\u0151bb m\u00e1jus 20-ig megt\u00f6rt\u00e9nik.<\/p>\n<h3>A c\u00e9l: korszer\u0171bb eszk\u00f6z\u00f6k, gyorsabb beavatkoz\u00e1s<\/h3>\n<p>A t\u00e1mogat\u00e1si programok c\u00e9lja, hogy a t\u0171zolt\u00f3s\u00e1gok \u2013 legyenek azok \u00f6nk\u00e9ntesek vagy \u00f6nkorm\u00e1nyzati egys\u00e9gek \u2013 korszer\u0171bb eszk\u00f6z\u00f6kkel, jobb infrastrukt\u00far\u00e1val v\u00e9gezhess\u00e9k munk\u00e1jukat.<\/p>\n<p>A fejleszt\u00e9sek hozz\u00e1j\u00e1rulnak a hat\u00e9konyabb beavatkoz\u00e1shoz, valamint a hivat\u00e1sos \u00e9s \u00f6nk\u00e9ntes szervezetek k\u00f6z\u00f6tti egy\u00fcttm\u0171k\u00f6d\u00e9s tov\u00e1bbi er\u0151s\u00edt\u00e9s\u00e9hez.<\/p>\n<p><em>Bor\u00edt\u00f3k\u00e9p: illusztr\u00e1ci\u00f3 (Katasztr\u00f3fav\u00e9delem)<\/em><\/p>\n","protected":false},"excerpt":{"rendered":"<p>Id\u00e9n is jelent\u0151s forr\u00e1sok seg\u00edtik a t\u0171zolt\u00f3s\u00e1gok fejleszt\u00e9s\u00e9t: a k\u00f6zponti k\u00f6lts\u00e9gvet\u00e9s \u00f6sszesen t\u00f6bb sz\u00e1zmilli\u00f3 forintot biztos\u00edt az \u00f6nk\u00e9ntes \u00e9s az \u00f6nkorm\u00e1nyzati t\u0171zolt\u00f3s\u00e1gok sz\u00e1m\u00e1ra. 790 milli\u00f3 forint az \u00f6nk\u00e9ntesek t\u00e1mogat\u00e1s\u00e1ra A BM Orsz\u00e1gos Katasztr\u00f3fav\u00e9delmi F\u0151igazgat\u00f3s\u00e1g \u00e9s a Magyar T\u0171zolt\u00f3 Sz\u00f6vets\u00e9g k\u00f6z\u00f6s p\u00e1ly\u00e1zata r\u00e9v\u00e9n \u00f6sszesen 790 milli\u00f3 forint \u00e1ll rendelkez\u00e9sre az \u00f6nk\u00e9ntes t\u0171zolt\u00f3 egyes\u00fcletek \u00e9s az \u00f6nk\u00e9ntes<\/p>\n","protected":false},"author":1,"featured_media":63603,"comment_status":"closed","ping_status":"closed","sticky":false,"template":"","format":"standard","meta":{"ngg_post_thumbnail":0,"footnotes":""},"categories":[3],"tags":[175,2593,8782,74,65],"class_list":{"0":"post-78585","1":"post","2":"type-post","3":"status-publish","4":"format-standard","5":"has-post-thumbnail","7":"category-hirek","8":"tag-katasztrofavedelem","9":"tag-onkentes-tuzoltosag","10":"tag-onkormanyzati-tuzoltosag","11":"tag-palyazat","12":"tag-tuzoltosag"},"yoast_head":"<!-- This site is optimized with the Yoast SEO plugin v27.5 - https:\/\/yoast.com\/product\/yoast-seo-wordpress\/ -->\n<title>T\u00f6bb sz\u00e1zmilli\u00f3s t\u00e1mogat\u00e1s a t\u0171zolt\u00f3knak: \u00f6nk\u00e9ntesek \u00e9s \u00f6nkorm\u00e1nyzati egys\u00e9gek is p\u00e1ly\u00e1zhatnak<\/title>\n<meta name=\"robots\" content=\"index, follow, max-snippet:-1, max-image-preview:large, max-video-preview:-1\" \/>\n<link rel=\"canonical\" href=\"https:\/\/dorogimedence.hu\/index.php\/2026\/03\/17\/tobb-szazmillios-tamogatas-a-tuzoltoknak-onkentesek-es-onkormanyzati-egysegek-is-palyazhatnak\/\" class=\"yoast-seo-meta-tag\" \/>\n<meta property=\"og:locale\" content=\"hu_HU\" class=\"yoast-seo-meta-tag\" \/>\n<meta property=\"og:type\" content=\"article\" class=\"yoast-seo-meta-tag\" \/>\n<meta property=\"og:title\" content=\"T\u00f6bb sz\u00e1zmilli\u00f3s t\u00e1mogat\u00e1s a t\u0171zolt\u00f3knak: \u00f6nk\u00e9ntesek \u00e9s \u00f6nkorm\u00e1nyzati egys\u00e9gek is p\u00e1ly\u00e1zhatnak\" class=\"yoast-seo-meta-tag\" \/>\n<meta property=\"og:description\" content=\"Id\u00e9n is jelent\u0151s forr\u00e1sok seg\u00edtik a t\u0171zolt\u00f3s\u00e1gok fejleszt\u00e9s\u00e9t: a k\u00f6zponti k\u00f6lts\u00e9gvet\u00e9s \u00f6sszesen t\u00f6bb sz\u00e1zmilli\u00f3 forintot biztos\u00edt az \u00f6nk\u00e9ntes \u00e9s az \u00f6nkorm\u00e1nyzati t\u0171zolt\u00f3s\u00e1gok sz\u00e1m\u00e1ra. 790 milli\u00f3 forint az \u00f6nk\u00e9ntesek t\u00e1mogat\u00e1s\u00e1ra A BM Orsz\u00e1gos Katasztr\u00f3fav\u00e9delmi F\u0151igazgat\u00f3s\u00e1g \u00e9s a Magyar T\u0171zolt\u00f3 Sz\u00f6vets\u00e9g k\u00f6z\u00f6s p\u00e1ly\u00e1zata r\u00e9v\u00e9n \u00f6sszesen 790 milli\u00f3 forint \u00e1ll rendelkez\u00e9sre az \u00f6nk\u00e9ntes t\u0171zolt\u00f3 egyes\u00fcletek \u00e9s az \u00f6nk\u00e9ntes\" class=\"yoast-seo-meta-tag\" \/>\n<meta property=\"og:url\" content=\"https:\/\/dorogimedence.hu\/index.php\/2026\/03\/17\/tobb-szazmillios-tamogatas-a-tuzoltoknak-onkentesek-es-onkormanyzati-egysegek-is-palyazhatnak\/\" class=\"yoast-seo-meta-tag\" \/>\n<meta property=\"og:site_name\" content=\"Dorogi-medence Region\u00e1lis H\u00edrport\u00e1l\" class=\"yoast-seo-meta-tag\" \/>\n<meta property=\"article:publisher\" content=\"https:\/\/www.facebook.com\/dorogimedence\/\" class=\"yoast-seo-meta-tag\" \/>\n<meta property=\"article:published_time\" content=\"2026-03-17T06:07:42+00:00\" class=\"yoast-seo-meta-tag\" \/>\n<meta property=\"og:image\" content=\"https:\/\/dorogimedence.hu\/wp-content\/uploads\/2024\/07\/komarom.katasztrofavedelem-1.jpg\" class=\"yoast-seo-meta-tag\" \/>\n\t<meta property=\"og:image:width\" content=\"1024\" class=\"yoast-seo-meta-tag\" \/>\n\t<meta property=\"og:image:height\" content=\"680\" class=\"yoast-seo-meta-tag\" \/>\n\t<meta property=\"og:image:type\" content=\"image\/jpeg\" class=\"yoast-seo-meta-tag\" \/>\n<meta name=\"author\" content=\"dorogimedence.hu\" class=\"yoast-seo-meta-tag\" \/>\n<meta name=\"twitter:card\" content=\"summary_large_image\" class=\"yoast-seo-meta-tag\" \/>\n<meta name=\"twitter:label1\" content=\"Szerz\u0151:\" class=\"yoast-seo-meta-tag\" \/>\n\t<meta name=\"twitter:data1\" content=\"dorogimedence.hu\" class=\"yoast-seo-meta-tag\" \/>\n\t<meta name=\"twitter:label2\" content=\"Becs\u00fclt olvas\u00e1si id\u0151\" class=\"yoast-seo-meta-tag\" \/>\n\t<meta name=\"twitter:data2\" content=\"2 perc\" class=\"yoast-seo-meta-tag\" \/>\n<script type=\"application\/ld+json\" class=\"yoast-schema-graph\">{\"@context\":\"https:\\\/\\\/schema.org\",\"@graph\":[{\"@type\":\"Article\",\"@id\":\"https:\\\/\\\/dorogimedence.hu\\\/index.php\\\/2026\\\/03\\\/17\\\/tobb-szazmillios-tamogatas-a-tuzoltoknak-onkentesek-es-onkormanyzati-egysegek-is-palyazhatnak\\\/#article\",\"isPartOf\":{\"@id\":\"https:\\\/\\\/dorogimedence.hu\\\/index.php\\\/2026\\\/03\\\/17\\\/tobb-szazmillios-tamogatas-a-tuzoltoknak-onkentesek-es-onkormanyzati-egysegek-is-palyazhatnak\\\/\"},\"author\":{\"name\":\"dorogimedence.hu\",\"@id\":\"https:\\\/\\\/dorogimedence.hu\\\/#\\\/schema\\\/person\\\/ce6091eeb7e95ecdc87890d6aa8e0fd4\"},\"headline\":\"T\u00f6bb sz\u00e1zmilli\u00f3s t\u00e1mogat\u00e1s a t\u0171zolt\u00f3knak: \u00f6nk\u00e9ntesek \u00e9s \u00f6nkorm\u00e1nyzati egys\u00e9gek is p\u00e1ly\u00e1zhatnak\",\"datePublished\":\"2026-03-17T06:07:42+00:00\",\"mainEntityOfPage\":{\"@id\":\"https:\\\/\\\/dorogimedence.hu\\\/index.php\\\/2026\\\/03\\\/17\\\/tobb-szazmillios-tamogatas-a-tuzoltoknak-onkentesek-es-onkormanyzati-egysegek-is-palyazhatnak\\\/\"},\"wordCount\":508,\"publisher\":{\"@id\":\"https:\\\/\\\/dorogimedence.hu\\\/#organization\"},\"image\":{\"@id\":\"https:\\\/\\\/dorogimedence.hu\\\/index.php\\\/2026\\\/03\\\/17\\\/tobb-szazmillios-tamogatas-a-tuzoltoknak-onkentesek-es-onkormanyzati-egysegek-is-palyazhatnak\\\/#primaryimage\"},\"thumbnailUrl\":\"https:\\\/\\\/dorogimedence.hu\\\/wp-content\\\/uploads\\\/2024\\\/07\\\/komarom.katasztrofavedelem-1.jpg\",\"keywords\":[\"katasztr\u00f3fav\u00e9delem\",\"\u00f6nk\u00e9ntes t\u0171zolt\u00f3s\u00e1g\",\"\u00f6nkorm\u00e1nyzati t\u0171zolt\u00f3s\u00e1g\",\"p\u00e1ly\u00e1zat\",\"t\u0171zolt\u00f3s\u00e1g\"],\"articleSection\":[\"H\u00edrek\"],\"inLanguage\":\"hu\"},{\"@type\":\"WebPage\",\"@id\":\"https:\\\/\\\/dorogimedence.hu\\\/index.php\\\/2026\\\/03\\\/17\\\/tobb-szazmillios-tamogatas-a-tuzoltoknak-onkentesek-es-onkormanyzati-egysegek-is-palyazhatnak\\\/\",\"url\":\"https:\\\/\\\/dorogimedence.hu\\\/index.php\\\/2026\\\/03\\\/17\\\/tobb-szazmillios-tamogatas-a-tuzoltoknak-onkentesek-es-onkormanyzati-egysegek-is-palyazhatnak\\\/\",\"name\":\"T\u00f6bb sz\u00e1zmilli\u00f3s t\u00e1mogat\u00e1s a t\u0171zolt\u00f3knak: \u00f6nk\u00e9ntesek \u00e9s \u00f6nkorm\u00e1nyzati egys\u00e9gek is p\u00e1ly\u00e1zhatnak\",\"isPartOf\":{\"@id\":\"https:\\\/\\\/dorogimedence.hu\\\/#website\"},\"primaryImageOfPage\":{\"@id\":\"https:\\\/\\\/dorogimedence.hu\\\/index.php\\\/2026\\\/03\\\/17\\\/tobb-szazmillios-tamogatas-a-tuzoltoknak-onkentesek-es-onkormanyzati-egysegek-is-palyazhatnak\\\/#primaryimage\"},\"image\":{\"@id\":\"https:\\\/\\\/dorogimedence.hu\\\/index.php\\\/2026\\\/03\\\/17\\\/tobb-szazmillios-tamogatas-a-tuzoltoknak-onkentesek-es-onkormanyzati-egysegek-is-palyazhatnak\\\/#primaryimage\"},\"thumbnailUrl\":\"https:\\\/\\\/dorogimedence.hu\\\/wp-content\\\/uploads\\\/2024\\\/07\\\/komarom.katasztrofavedelem-1.jpg\",\"datePublished\":\"2026-03-17T06:07:42+00:00\",\"breadcrumb\":{\"@id\":\"https:\\\/\\\/dorogimedence.hu\\\/index.php\\\/2026\\\/03\\\/17\\\/tobb-szazmillios-tamogatas-a-tuzoltoknak-onkentesek-es-onkormanyzati-egysegek-is-palyazhatnak\\\/#breadcrumb\"},\"inLanguage\":\"hu\",\"potentialAction\":[{\"@type\":\"ReadAction\",\"target\":[\"https:\\\/\\\/dorogimedence.hu\\\/index.php\\\/2026\\\/03\\\/17\\\/tobb-szazmillios-tamogatas-a-tuzoltoknak-onkentesek-es-onkormanyzati-egysegek-is-palyazhatnak\\\/\"]}]},{\"@type\":\"ImageObject\",\"inLanguage\":\"hu\",\"@id\":\"https:\\\/\\\/dorogimedence.hu\\\/index.php\\\/2026\\\/03\\\/17\\\/tobb-szazmillios-tamogatas-a-tuzoltoknak-onkentesek-es-onkormanyzati-egysegek-is-palyazhatnak\\\/#primaryimage\",\"url\":\"https:\\\/\\\/dorogimedence.hu\\\/wp-content\\\/uploads\\\/2024\\\/07\\\/komarom.katasztrofavedelem-1.jpg\",\"contentUrl\":\"https:\\\/\\\/dorogimedence.hu\\\/wp-content\\\/uploads\\\/2024\\\/07\\\/komarom.katasztrofavedelem-1.jpg\",\"width\":1024,\"height\":680},{\"@type\":\"BreadcrumbList\",\"@id\":\"https:\\\/\\\/dorogimedence.hu\\\/index.php\\\/2026\\\/03\\\/17\\\/tobb-szazmillios-tamogatas-a-tuzoltoknak-onkentesek-es-onkormanyzati-egysegek-is-palyazhatnak\\\/#breadcrumb\",\"itemListElement\":[{\"@type\":\"ListItem\",\"position\":1,\"name\":\"Kezd\u0151lap\",\"item\":\"https:\\\/\\\/dorogimedence.hu\\\/\"},{\"@type\":\"ListItem\",\"position\":2,\"name\":\"T\u00f6bb sz\u00e1zmilli\u00f3s t\u00e1mogat\u00e1s a t\u0171zolt\u00f3knak: \u00f6nk\u00e9ntesek \u00e9s \u00f6nkorm\u00e1nyzati egys\u00e9gek is p\u00e1ly\u00e1zhatnak\"}]},{\"@type\":\"WebSite\",\"@id\":\"https:\\\/\\\/dorogimedence.hu\\\/#website\",\"url\":\"https:\\\/\\\/dorogimedence.hu\\\/\",\"name\":\"Dorogi-medence Region\u00e1lis H\u00edrport\u00e1l\",\"description\":\"Dorog, Keszt\u00f6lc, Le\u00e1nyv\u00e1r, Piliscs\u00e9v, Tokod, Tokodalt\u00e1r\u00f3, Csolnok, Esztergom-kertv\u00e1ros: h\u00edrek, programok\",\"publisher\":{\"@id\":\"https:\\\/\\\/dorogimedence.hu\\\/#organization\"},\"potentialAction\":[{\"@type\":\"SearchAction\",\"target\":{\"@type\":\"EntryPoint\",\"urlTemplate\":\"https:\\\/\\\/dorogimedence.hu\\\/?s={search_term_string}\"},\"query-input\":{\"@type\":\"PropertyValueSpecification\",\"valueRequired\":true,\"valueName\":\"search_term_string\"}}],\"inLanguage\":\"hu\"},{\"@type\":\"Organization\",\"@id\":\"https:\\\/\\\/dorogimedence.hu\\\/#organization\",\"name\":\"Dorogi-medence Region\u00e1lis H\u00edrport\u00e1l\",\"url\":\"https:\\\/\\\/dorogimedence.hu\\\/\",\"logo\":{\"@type\":\"ImageObject\",\"inLanguage\":\"hu\",\"@id\":\"https:\\\/\\\/dorogimedence.hu\\\/#\\\/schema\\\/logo\\\/image\\\/\",\"url\":\"https:\\\/\\\/dorogimedence.hu\\\/wp-content\\\/uploads\\\/2021\\\/04\\\/logo-feher-600.png\",\"contentUrl\":\"https:\\\/\\\/dorogimedence.hu\\\/wp-content\\\/uploads\\\/2021\\\/04\\\/logo-feher-600.png\",\"width\":600,\"height\":100,\"caption\":\"Dorogi-medence Region\u00e1lis H\u00edrport\u00e1l\"},\"image\":{\"@id\":\"https:\\\/\\\/dorogimedence.hu\\\/#\\\/schema\\\/logo\\\/image\\\/\"},\"sameAs\":[\"https:\\\/\\\/www.facebook.com\\\/dorogimedence\\\/\"]},{\"@type\":\"Person\",\"@id\":\"https:\\\/\\\/dorogimedence.hu\\\/#\\\/schema\\\/person\\\/ce6091eeb7e95ecdc87890d6aa8e0fd4\",\"name\":\"dorogimedence.hu\",\"image\":{\"@type\":\"ImageObject\",\"inLanguage\":\"hu\",\"@id\":\"\\\/\\\/www.gravatar.com\\\/avatar\\\/d8d45f8901aadff40a4af72c0b826f1d?s=96&#038;r=g&#038;d=mm\",\"url\":\"\\\/\\\/www.gravatar.com\\\/avatar\\\/d8d45f8901aadff40a4af72c0b826f1d?s=96&#038;r=g&#038;d=mm\",\"contentUrl\":\"\\\/\\\/www.gravatar.com\\\/avatar\\\/d8d45f8901aadff40a4af72c0b826f1d?s=96&#038;r=g&#038;d=mm\",\"caption\":\"dorogimedence.hu\"}}]}<\/script>\n<!-- \/ Yoast SEO plugin. -->","yoast_head_json":{"title":"T\u00f6bb sz\u00e1zmilli\u00f3s t\u00e1mogat\u00e1s a t\u0171zolt\u00f3knak: \u00f6nk\u00e9ntesek \u00e9s \u00f6nkorm\u00e1nyzati egys\u00e9gek is p\u00e1ly\u00e1zhatnak","robots":{"index":"index","follow":"follow","max-snippet":"max-snippet:-1","max-image-preview":"max-image-preview:large","max-video-preview":"max-video-preview:-1"},"canonical":"https:\/\/dorogimedence.hu\/index.php\/2026\/03\/17\/tobb-szazmillios-tamogatas-a-tuzoltoknak-onkentesek-es-onkormanyzati-egysegek-is-palyazhatnak\/","og_locale":"hu_HU","og_type":"article","og_title":"T\u00f6bb sz\u00e1zmilli\u00f3s t\u00e1mogat\u00e1s a t\u0171zolt\u00f3knak: \u00f6nk\u00e9ntesek \u00e9s \u00f6nkorm\u00e1nyzati egys\u00e9gek is p\u00e1ly\u00e1zhatnak","og_description":"Id\u00e9n is jelent\u0151s forr\u00e1sok seg\u00edtik a t\u0171zolt\u00f3s\u00e1gok fejleszt\u00e9s\u00e9t: a k\u00f6zponti k\u00f6lts\u00e9gvet\u00e9s \u00f6sszesen t\u00f6bb sz\u00e1zmilli\u00f3 forintot biztos\u00edt az \u00f6nk\u00e9ntes \u00e9s az \u00f6nkorm\u00e1nyzati t\u0171zolt\u00f3s\u00e1gok sz\u00e1m\u00e1ra. 790 milli\u00f3 forint az \u00f6nk\u00e9ntesek t\u00e1mogat\u00e1s\u00e1ra A BM Orsz\u00e1gos Katasztr\u00f3fav\u00e9delmi F\u0151igazgat\u00f3s\u00e1g \u00e9s a Magyar T\u0171zolt\u00f3 Sz\u00f6vets\u00e9g k\u00f6z\u00f6s p\u00e1ly\u00e1zata r\u00e9v\u00e9n \u00f6sszesen 790 milli\u00f3 forint \u00e1ll rendelkez\u00e9sre az \u00f6nk\u00e9ntes t\u0171zolt\u00f3 egyes\u00fcletek \u00e9s az \u00f6nk\u00e9ntes","og_url":"https:\/\/dorogimedence.hu\/index.php\/2026\/03\/17\/tobb-szazmillios-tamogatas-a-tuzoltoknak-onkentesek-es-onkormanyzati-egysegek-is-palyazhatnak\/","og_site_name":"Dorogi-medence Region\u00e1lis H\u00edrport\u00e1l","article_publisher":"https:\/\/www.facebook.com\/dorogimedence\/","article_published_time":"2026-03-17T06:07:42+00:00","og_image":[{"width":1024,"height":680,"url":"https:\/\/dorogimedence.hu\/wp-content\/uploads\/2024\/07\/komarom.katasztrofavedelem-1.jpg","type":"image\/jpeg"}],"author":"dorogimedence.hu","twitter_card":"summary_large_image","twitter_misc":{"Szerz\u0151:":"dorogimedence.hu","Becs\u00fclt olvas\u00e1si id\u0151":"2 perc"},"schema":{"@context":"https:\/\/schema.org","@graph":[{"@type":"Article","@id":"https:\/\/dorogimedence.hu\/index.php\/2026\/03\/17\/tobb-szazmillios-tamogatas-a-tuzoltoknak-onkentesek-es-onkormanyzati-egysegek-is-palyazhatnak\/#article","isPartOf":{"@id":"https:\/\/dorogimedence.hu\/index.php\/2026\/03\/17\/tobb-szazmillios-tamogatas-a-tuzoltoknak-onkentesek-es-onkormanyzati-egysegek-is-palyazhatnak\/"},"author":{"name":"dorogimedence.hu","@id":"https:\/\/dorogimedence.hu\/#\/schema\/person\/ce6091eeb7e95ecdc87890d6aa8e0fd4"},"headline":"T\u00f6bb sz\u00e1zmilli\u00f3s t\u00e1mogat\u00e1s a t\u0171zolt\u00f3knak: \u00f6nk\u00e9ntesek \u00e9s \u00f6nkorm\u00e1nyzati egys\u00e9gek is p\u00e1ly\u00e1zhatnak","datePublished":"2026-03-17T06:07:42+00:00","mainEntityOfPage":{"@id":"https:\/\/dorogimedence.hu\/index.php\/2026\/03\/17\/tobb-szazmillios-tamogatas-a-tuzoltoknak-onkentesek-es-onkormanyzati-egysegek-is-palyazhatnak\/"},"wordCount":508,"publisher":{"@id":"https:\/\/dorogimedence.hu\/#organization"},"image":{"@id":"https:\/\/dorogimedence.hu\/index.php\/2026\/03\/17\/tobb-szazmillios-tamogatas-a-tuzoltoknak-onkentesek-es-onkormanyzati-egysegek-is-palyazhatnak\/#primaryimage"},"thumbnailUrl":"https:\/\/dorogimedence.hu\/wp-content\/uploads\/2024\/07\/komarom.katasztrofavedelem-1.jpg","keywords":["katasztr\u00f3fav\u00e9delem","\u00f6nk\u00e9ntes t\u0171zolt\u00f3s\u00e1g","\u00f6nkorm\u00e1nyzati t\u0171zolt\u00f3s\u00e1g","p\u00e1ly\u00e1zat","t\u0171zolt\u00f3s\u00e1g"],"articleSection":["H\u00edrek"],"inLanguage":"hu"},{"@type":"WebPage","@id":"https:\/\/dorogimedence.hu\/index.php\/2026\/03\/17\/tobb-szazmillios-tamogatas-a-tuzoltoknak-onkentesek-es-onkormanyzati-egysegek-is-palyazhatnak\/","url":"https:\/\/dorogimedence.hu\/index.php\/2026\/03\/17\/tobb-szazmillios-tamogatas-a-tuzoltoknak-onkentesek-es-onkormanyzati-egysegek-is-palyazhatnak\/","name":"T\u00f6bb sz\u00e1zmilli\u00f3s t\u00e1mogat\u00e1s a t\u0171zolt\u00f3knak: \u00f6nk\u00e9ntesek \u00e9s \u00f6nkorm\u00e1nyzati egys\u00e9gek is p\u00e1ly\u00e1zhatnak","isPartOf":{"@id":"https:\/\/dorogimedence.hu\/#website"},"primaryImageOfPage":{"@id":"https:\/\/dorogimedence.hu\/index.php\/2026\/03\/17\/tobb-szazmillios-tamogatas-a-tuzoltoknak-onkentesek-es-onkormanyzati-egysegek-is-palyazhatnak\/#primaryimage"},"image":{"@id":"https:\/\/dorogimedence.hu\/index.php\/2026\/03\/17\/tobb-szazmillios-tamogatas-a-tuzoltoknak-onkentesek-es-onkormanyzati-egysegek-is-palyazhatnak\/#primaryimage"},"thumbnailUrl":"https:\/\/dorogimedence.hu\/wp-content\/uploads\/2024\/07\/komarom.katasztrofavedelem-1.jpg","datePublished":"2026-03-17T06:07:42+00:00","breadcrumb":{"@id":"https:\/\/dorogimedence.hu\/index.php\/2026\/03\/17\/tobb-szazmillios-tamogatas-a-tuzoltoknak-onkentesek-es-onkormanyzati-egysegek-is-palyazhatnak\/#breadcrumb"},"inLanguage":"hu","potentialAction":[{"@type":"ReadAction","target":["https:\/\/dorogimedence.hu\/index.php\/2026\/03\/17\/tobb-szazmillios-tamogatas-a-tuzoltoknak-onkentesek-es-onkormanyzati-egysegek-is-palyazhatnak\/"]}]},{"@type":"ImageObject","inLanguage":"hu","@id":"https:\/\/dorogimedence.hu\/index.php\/2026\/03\/17\/tobb-szazmillios-tamogatas-a-tuzoltoknak-onkentesek-es-onkormanyzati-egysegek-is-palyazhatnak\/#primaryimage","url":"https:\/\/dorogimedence.hu\/wp-content\/uploads\/2024\/07\/komarom.katasztrofavedelem-1.jpg","contentUrl":"https:\/\/dorogimedence.hu\/wp-content\/uploads\/2024\/07\/komarom.katasztrofavedelem-1.jpg","width":1024,"height":680},{"@type":"BreadcrumbList","@id":"https:\/\/dorogimedence.hu\/index.php\/2026\/03\/17\/tobb-szazmillios-tamogatas-a-tuzoltoknak-onkentesek-es-onkormanyzati-egysegek-is-palyazhatnak\/#breadcrumb","itemListElement":[{"@type":"ListItem","position":1,"name":"Kezd\u0151lap","item":"https:\/\/dorogimedence.hu\/"},{"@type":"ListItem","position":2,"name":"T\u00f6bb sz\u00e1zmilli\u00f3s t\u00e1mogat\u00e1s a t\u0171zolt\u00f3knak: \u00f6nk\u00e9ntesek \u00e9s \u00f6nkorm\u00e1nyzati egys\u00e9gek is p\u00e1ly\u00e1zhatnak"}]},{"@type":"WebSite","@id":"https:\/\/dorogimedence.hu\/#website","url":"https:\/\/dorogimedence.hu\/","name":"Dorogi-medence Region\u00e1lis H\u00edrport\u00e1l","description":"Dorog, Keszt\u00f6lc, Le\u00e1nyv\u00e1r, Piliscs\u00e9v, Tokod, Tokodalt\u00e1r\u00f3, Csolnok, Esztergom-kertv\u00e1ros: h\u00edrek, programok","publisher":{"@id":"https:\/\/dorogimedence.hu\/#organization"},"potentialAction":[{"@type":"SearchAction","target":{"@type":"EntryPoint","urlTemplate":"https:\/\/dorogimedence.hu\/?s={search_term_string}"},"query-input":{"@type":"PropertyValueSpecification","valueRequired":true,"valueName":"search_term_string"}}],"inLanguage":"hu"},{"@type":"Organization","@id":"https:\/\/dorogimedence.hu\/#organization","name":"Dorogi-medence Region\u00e1lis H\u00edrport\u00e1l","url":"https:\/\/dorogimedence.hu\/","logo":{"@type":"ImageObject","inLanguage":"hu","@id":"https:\/\/dorogimedence.hu\/#\/schema\/logo\/image\/","url":"https:\/\/dorogimedence.hu\/wp-content\/uploads\/2021\/04\/logo-feher-600.png","contentUrl":"https:\/\/dorogimedence.hu\/wp-content\/uploads\/2021\/04\/logo-feher-600.png","width":600,"height":100,"caption":"Dorogi-medence Region\u00e1lis H\u00edrport\u00e1l"},"image":{"@id":"https:\/\/dorogimedence.hu\/#\/schema\/logo\/image\/"},"sameAs":["https:\/\/www.facebook.com\/dorogimedence\/"]},{"@type":"Person","@id":"https:\/\/dorogimedence.hu\/#\/schema\/person\/ce6091eeb7e95ecdc87890d6aa8e0fd4","name":"dorogimedence.hu","image":{"@type":"ImageObject","inLanguage":"hu","@id":"\/\/www.gravatar.com\/avatar\/d8d45f8901aadff40a4af72c0b826f1d?s=96&#038;r=g&#038;d=mm","url":"\/\/www.gravatar.com\/avatar\/d8d45f8901aadff40a4af72c0b826f1d?s=96&#038;r=g&#038;d=mm","contentUrl":"\/\/www.gravatar.com\/avatar\/d8d45f8901aadff40a4af72c0b826f1d?s=96&#038;r=g&#038;d=mm","caption":"dorogimedence.hu"}}]}},"_links":{"self":[{"href":"https:\/\/dorogimedence.hu\/index.php\/wp-json\/wp\/v2\/posts\/78585","targetHints":{"allow":["GET"]}}],"collection":[{"href":"https:\/\/dorogimedence.hu\/index.php\/wp-json\/wp\/v2\/posts"}],"about":[{"href":"https:\/\/dorogimedence.hu\/index.php\/wp-json\/wp\/v2\/types\/post"}],"author":[{"embeddable":true,"href":"https:\/\/dorogimedence.hu\/index.php\/wp-json\/wp\/v2\/users\/1"}],"replies":[{"embeddable":true,"href":"https:\/\/dorogimedence.hu\/index.php\/wp-json\/wp\/v2\/comments?post=78585"}],"version-history":[{"count":1,"href":"https:\/\/dorogimedence.hu\/index.php\/wp-json\/wp\/v2\/posts\/78585\/revisions"}],"predecessor-version":[{"id":78586,"href":"https:\/\/dorogimedence.hu\/index.php\/wp-json\/wp\/v2\/posts\/78585\/revisions\/78586"}],"wp:featuredmedia":[{"embeddable":true,"href":"https:\/\/dorogimedence.hu\/index.php\/wp-json\/wp\/v2\/media\/63603"}],"wp:attachment":[{"href":"https:\/\/dorogimedence.hu\/index.php\/wp-json\/wp\/v2\/media?parent=78585"}],"wp:term":[{"taxonomy":"category","embeddable":true,"href":"https:\/\/dorogimedence.hu\/index.php\/wp-json\/wp\/v2\/categories?post=78585"},{"taxonomy":"post_tag","embeddable":true,"href":"https:\/\/dorogimedence.hu\/index.php\/wp-json\/wp\/v2\/tags?post=78585"}],"curies":[{"name":"wp","href":"https:\/\/api.w.org\/{rel}","templated":true}]}}