{"id":78582,"date":"2026-03-17T06:49:25","date_gmt":"2026-03-17T05:49:25","guid":{"rendered":"https:\/\/dorogimedence.hu\/?p=78582"},"modified":"2026-03-17T06:49:25","modified_gmt":"2026-03-17T05:49:25","slug":"ujabb-szakaszaba-lepett-a-bajnai-kozossegi-ter-fejlesztese","status":"publish","type":"post","link":"https:\/\/dorogimedence.hu\/index.php\/2026\/03\/17\/ujabb-szakaszaba-lepett-a-bajnai-kozossegi-ter-fejlesztese\/","title":{"rendered":"\u00dajabb szakasz\u00e1ba l\u00e9pett a bajnai k\u00f6z\u00f6ss\u00e9gi t\u00e9r fejleszt\u00e9se"},"content":{"rendered":"<p><strong>\u00dajabb fontos m\u00e9rf\u00f6ldk\u0151h\u00f6z \u00e9rkezett a bajnai k\u00f6z\u00f6ss\u00e9gi t\u00e9r kialak\u00edt\u00e1sa: a telep\u00fcl\u00e9sen a sportp\u00e1ly\u00e1n megkezd\u0151dtek az \u00e9p\u00edt\u00e9si munk\u00e1latok<\/strong> <em>\u2013 sz\u00e1molt be r\u00f3la a <a href=\"https:\/\/www.facebook.com\/permalink.php?story_fbid=pfbid0Tsj52tSKPjPsqRYpWWxRsh1fr2HjXK1MTsryvFUSLoXwNyEM29XrTWgfw4jn26rJl&amp;id=100081538811979\" target=\"_blank\" rel=\"noopener\"><span style=\"text-decoration: underline; color: #0000ff;\">k\u00f6zs\u00e9g vezet\u00e9se<\/span><\/a>.<\/em><\/p>\n<p>A beruh\u00e1z\u00e1s keret\u00e9ben t\u00f6bbek k\u00f6z\u00f6tt vizesblokkok, klubhelyis\u00e9g, mozg\u00e1skorl\u00e1tozott mosd\u00f3 \u00e9s parkol\u00f3 is \u00e9p\u00fcl. A fejleszt\u00e9s a TOP Plusz 1.2.1-KO1-2022-00054 azonos\u00edt\u00f3sz\u00e1m\u00fa p\u00e1ly\u00e1zatb\u00f3l val\u00f3sul meg, \u00e9s a jelenlegi tervek szerint 2026. augusztus 10-\u00e9re k\u00e9sz\u00fclhet el.<\/p>\n<h3>Kor\u00e1bban m\u00e1r elindult a projekt<\/h3>\n<p>A fejleszt\u00e9s nem \u00faj kelet\u0171: a k\u00f6z\u00f6ss\u00e9gi t\u00e9r kialak\u00edt\u00e1s\u00e1r\u00f3l sz\u00f3l\u00f3 projekt m\u00e1r kor\u00e1bban elindult, err\u0151l <span style=\"color: #0000ff;\"><a style=\"color: #0000ff;\" href=\"https:\/\/dorogimedence.hu\/index.php\/2023\/11\/30\/megkezdodott-a-kozossegi-ter-kialakitasa-bajnan\/\" target=\"_blank\" rel=\"noopener\"><span style=\"text-decoration: underline;\">2023 v\u00e9g\u00e9n sz\u00e1moltunk be<\/span><\/a><\/span>. A mostani munk\u00e1latok ennek a folyamatnak a l\u00e1tv\u00e1nyos, kivitelez\u00e9si szakasz\u00e1t jelentik.<\/p>\n<h3>Mi\u00e9rt k\u00fcl\u00f6nb\u00f6znek az \u00f6sszegek?<\/h3>\n<p>A beruh\u00e1z\u00e1s kapcs\u00e1n t\u00f6bb elt\u00e9r\u0151 \u00f6sszeg is megjelent, ami sokakban k\u00e9rd\u00e9seket vethetett fel. A teljes projekt t\u00e1mogat\u00e1si \u00f6sszege 99,45 milli\u00f3 forint, azonban ez nem kiz\u00e1r\u00f3lag az \u00e9p\u00edt\u00e9si k\u00f6lts\u00e9geket tartalmazza. A keret r\u00e9sze t\u00f6bbek k\u00f6z\u00f6tt:<\/p>\n<ul>\n<li>a tervez\u00e9s,<\/li>\n<li>a projektel\u0151k\u00e9sz\u00edt\u00e9s,<\/li>\n<li>a k\u00f6zbeszerz\u00e9s,<\/li>\n<li>a projektmenedzsment,<\/li>\n<li>a m\u0171szaki ellen\u0151rz\u00e9s,<\/li>\n<li>a k\u00f6telez\u0151 nyilv\u00e1noss\u00e1g,<\/li>\n<li>valamint az eszk\u00f6zbeszerz\u00e9s \u00e9s tartal\u00e9kkeret is.<\/li>\n<\/ul>\n<p>Ezzel szemben a k\u00f6zs\u00e9g \u00e1ltal kommunik\u00e1lt 84,16 milli\u00f3 forint kifejezetten az \u00e9p\u00edt\u00e9si munk\u00e1kra ford\u00edthat\u00f3 \u00f6sszeg, ez\u00e9rt szerepel k\u00fcl\u00f6n \u00e9rt\u00e9kk\u00e9nt.<\/p>\n<h3>Hosszabb el\u0151k\u00e9sz\u00edt\u00e9s ut\u00e1n indult a kivitelez\u00e9s<\/h3>\n<p>A <a href=\"https:\/\/www.bajna.hu\/images\/P%C3%A1ly%C3%A1zatok\/SZTP_2021_Sajtokozlemeny_sport.htm\" target=\"_blank\" rel=\"noopener\"><span style=\"text-decoration: underline; color: #0000ff;\">projekt kor\u00e1bbi dokument\u00e1ci\u00f3ja<\/span><\/a> m\u00e9g 2024-es befejez\u00e9si hat\u00e1rid\u0151vel sz\u00e1molt, azonban a beruh\u00e1z\u00e1s t\u00f6bb, k\u00f6telez\u0151 el\u0151k\u00e9sz\u00edt\u00e9si \u00e9s lebonyol\u00edt\u00e1si elem miatt hosszabb id\u0151t vett ig\u00e9nybe.<\/p>\n<p>A fejleszt\u00e9s nem csup\u00e1n \u00e9p\u00edt\u00e9si munk\u00e1latokb\u00f3l \u00e1ll: a megval\u00f3s\u00edt\u00e1st megel\u0151zte t\u00f6bbek k\u00f6z\u00f6tt a projektel\u0151k\u00e9sz\u00edt\u0151 tanulm\u00e1ny elk\u00e9sz\u00edt\u00e9se, a tervez\u00e9si folyamat, a k\u00f6zbeszerz\u00e9si elj\u00e1r\u00e1s lefolytat\u00e1sa, valamint a projektmenedzsment \u00e9s a m\u0171szaki ellen\u0151rz\u00e9s megszervez\u00e9se is. Ezek a l\u00e9p\u00e9sek sz\u00fcks\u00e9gesek ahhoz, hogy a beruh\u00e1z\u00e1s szab\u00e1lyosan \u00e9s megfelel\u0151 min\u0151s\u00e9gben val\u00f3suljon meg.<\/p>\n<p>A jelenlegi t\u00e1j\u00e9koztat\u00e1s szerint a kivitelez\u00e9s befejez\u00e9se 2026 augusztus\u00e1ra v\u00e1rhat\u00f3. A fejleszt\u00e9s c\u00e9lja, hogy a sportp\u00e1lya k\u00f6rnyezet\u00e9ben egy korszer\u0171, minden koroszt\u00e1ly sz\u00e1m\u00e1ra haszn\u00e1lhat\u00f3 k\u00f6z\u00f6ss\u00e9gi t\u00e9r j\u00f6jj\u00f6n l\u00e9tre, amely hossz\u00fa t\u00e1von is szolg\u00e1lja a helyi k\u00f6z\u00f6ss\u00e9get.<\/p>\n<p><em>Bor\u00edt\u00f3k\u00e9p: Bajna K\u00f6zs\u00e9g \u00d6nkorm\u00e1nyzat\u00e1nak inform\u00e1ci\u00f3s oldala<\/em><\/p>\n","protected":false},"excerpt":{"rendered":"<p>\u00dajabb fontos m\u00e9rf\u00f6ldk\u0151h\u00f6z \u00e9rkezett a bajnai k\u00f6z\u00f6ss\u00e9gi t\u00e9r kialak\u00edt\u00e1sa: a telep\u00fcl\u00e9sen a sportp\u00e1ly\u00e1n megkezd\u0151dtek az \u00e9p\u00edt\u00e9si munk\u00e1latok \u2013 sz\u00e1molt be r\u00f3la a k\u00f6zs\u00e9g vezet\u00e9se. A beruh\u00e1z\u00e1s keret\u00e9ben t\u00f6bbek k\u00f6z\u00f6tt vizesblokkok, klubhelyis\u00e9g, mozg\u00e1skorl\u00e1tozott mosd\u00f3 \u00e9s parkol\u00f3 is \u00e9p\u00fcl. A fejleszt\u00e9s a TOP Plusz 1.2.1-KO1-2022-00054 azonos\u00edt\u00f3sz\u00e1m\u00fa p\u00e1ly\u00e1zatb\u00f3l val\u00f3sul meg, \u00e9s a jelenlegi tervek szerint 2026. augusztus 10-\u00e9re<\/p>\n","protected":false},"author":1,"featured_media":78583,"comment_status":"closed","ping_status":"closed","sticky":false,"template":"","format":"standard","meta":{"ngg_post_thumbnail":0,"footnotes":""},"categories":[3],"tags":[249,3046,74],"class_list":{"0":"post-78582","1":"post","2":"type-post","3":"status-publish","4":"format-standard","5":"has-post-thumbnail","7":"category-hirek","8":"tag-bajna","9":"tag-kozossegi-ter","10":"tag-palyazat"},"yoast_head":"<!-- This site is optimized with the Yoast SEO plugin v27.4 - https:\/\/yoast.com\/product\/yoast-seo-wordpress\/ -->\n<title>\u00dajabb szakasz\u00e1ba l\u00e9pett a bajnai k\u00f6z\u00f6ss\u00e9gi t\u00e9r fejleszt\u00e9se<\/title>\n<meta name=\"robots\" content=\"index, follow, max-snippet:-1, max-image-preview:large, max-video-preview:-1\" \/>\n<link rel=\"canonical\" href=\"https:\/\/dorogimedence.hu\/index.php\/2026\/03\/17\/ujabb-szakaszaba-lepett-a-bajnai-kozossegi-ter-fejlesztese\/\" class=\"yoast-seo-meta-tag\" \/>\n<meta property=\"og:locale\" content=\"hu_HU\" class=\"yoast-seo-meta-tag\" \/>\n<meta property=\"og:type\" content=\"article\" class=\"yoast-seo-meta-tag\" \/>\n<meta property=\"og:title\" content=\"\u00dajabb szakasz\u00e1ba l\u00e9pett a bajnai k\u00f6z\u00f6ss\u00e9gi t\u00e9r fejleszt\u00e9se\" class=\"yoast-seo-meta-tag\" \/>\n<meta property=\"og:description\" content=\"\u00dajabb fontos m\u00e9rf\u00f6ldk\u0151h\u00f6z \u00e9rkezett a bajnai k\u00f6z\u00f6ss\u00e9gi t\u00e9r kialak\u00edt\u00e1sa: a telep\u00fcl\u00e9sen a sportp\u00e1ly\u00e1n megkezd\u0151dtek az \u00e9p\u00edt\u00e9si munk\u00e1latok \u2013 sz\u00e1molt be r\u00f3la a k\u00f6zs\u00e9g vezet\u00e9se. A beruh\u00e1z\u00e1s keret\u00e9ben t\u00f6bbek k\u00f6z\u00f6tt vizesblokkok, klubhelyis\u00e9g, mozg\u00e1skorl\u00e1tozott mosd\u00f3 \u00e9s parkol\u00f3 is \u00e9p\u00fcl. A fejleszt\u00e9s a TOP Plusz 1.2.1-KO1-2022-00054 azonos\u00edt\u00f3sz\u00e1m\u00fa p\u00e1ly\u00e1zatb\u00f3l val\u00f3sul meg, \u00e9s a jelenlegi tervek szerint 2026. augusztus 10-\u00e9re\" class=\"yoast-seo-meta-tag\" \/>\n<meta property=\"og:url\" content=\"https:\/\/dorogimedence.hu\/index.php\/2026\/03\/17\/ujabb-szakaszaba-lepett-a-bajnai-kozossegi-ter-fejlesztese\/\" class=\"yoast-seo-meta-tag\" \/>\n<meta property=\"og:site_name\" content=\"Dorogi-medence Region\u00e1lis H\u00edrport\u00e1l\" class=\"yoast-seo-meta-tag\" \/>\n<meta property=\"article:publisher\" content=\"https:\/\/www.facebook.com\/dorogimedence\/\" class=\"yoast-seo-meta-tag\" \/>\n<meta property=\"article:published_time\" content=\"2026-03-17T05:49:25+00:00\" class=\"yoast-seo-meta-tag\" \/>\n<meta property=\"og:image\" content=\"https:\/\/dorogimedence.hu\/wp-content\/uploads\/2026\/03\/projekt.jpg\" class=\"yoast-seo-meta-tag\" \/>\n\t<meta property=\"og:image:width\" content=\"1920\" class=\"yoast-seo-meta-tag\" \/>\n\t<meta property=\"og:image:height\" content=\"970\" class=\"yoast-seo-meta-tag\" \/>\n\t<meta property=\"og:image:type\" content=\"image\/jpeg\" class=\"yoast-seo-meta-tag\" \/>\n<meta name=\"author\" content=\"dorogimedence.hu\" class=\"yoast-seo-meta-tag\" \/>\n<meta name=\"twitter:card\" content=\"summary_large_image\" class=\"yoast-seo-meta-tag\" \/>\n<meta name=\"twitter:label1\" content=\"Szerz\u0151:\" class=\"yoast-seo-meta-tag\" \/>\n\t<meta name=\"twitter:data1\" content=\"dorogimedence.hu\" class=\"yoast-seo-meta-tag\" \/>\n\t<meta name=\"twitter:label2\" content=\"Becs\u00fclt olvas\u00e1si id\u0151\" class=\"yoast-seo-meta-tag\" \/>\n\t<meta name=\"twitter:data2\" content=\"3 perc\" class=\"yoast-seo-meta-tag\" \/>\n<script type=\"application\/ld+json\" class=\"yoast-schema-graph\">{\"@context\":\"https:\\\/\\\/schema.org\",\"@graph\":[{\"@type\":\"Article\",\"@id\":\"https:\\\/\\\/dorogimedence.hu\\\/index.php\\\/2026\\\/03\\\/17\\\/ujabb-szakaszaba-lepett-a-bajnai-kozossegi-ter-fejlesztese\\\/#article\",\"isPartOf\":{\"@id\":\"https:\\\/\\\/dorogimedence.hu\\\/index.php\\\/2026\\\/03\\\/17\\\/ujabb-szakaszaba-lepett-a-bajnai-kozossegi-ter-fejlesztese\\\/\"},\"author\":{\"name\":\"dorogimedence.hu\",\"@id\":\"https:\\\/\\\/dorogimedence.hu\\\/#\\\/schema\\\/person\\\/ce6091eeb7e95ecdc87890d6aa8e0fd4\"},\"headline\":\"\u00dajabb szakasz\u00e1ba l\u00e9pett a bajnai k\u00f6z\u00f6ss\u00e9gi t\u00e9r fejleszt\u00e9se\",\"datePublished\":\"2026-03-17T05:49:25+00:00\",\"mainEntityOfPage\":{\"@id\":\"https:\\\/\\\/dorogimedence.hu\\\/index.php\\\/2026\\\/03\\\/17\\\/ujabb-szakaszaba-lepett-a-bajnai-kozossegi-ter-fejlesztese\\\/\"},\"wordCount\":517,\"publisher\":{\"@id\":\"https:\\\/\\\/dorogimedence.hu\\\/#organization\"},\"image\":{\"@id\":\"https:\\\/\\\/dorogimedence.hu\\\/index.php\\\/2026\\\/03\\\/17\\\/ujabb-szakaszaba-lepett-a-bajnai-kozossegi-ter-fejlesztese\\\/#primaryimage\"},\"thumbnailUrl\":\"https:\\\/\\\/dorogimedence.hu\\\/wp-content\\\/uploads\\\/2026\\\/03\\\/projekt.jpg\",\"keywords\":[\"Bajna\",\"k\u00f6z\u00f6ss\u00e9gi t\u00e9r\",\"p\u00e1ly\u00e1zat\"],\"articleSection\":[\"H\u00edrek\"],\"inLanguage\":\"hu\"},{\"@type\":\"WebPage\",\"@id\":\"https:\\\/\\\/dorogimedence.hu\\\/index.php\\\/2026\\\/03\\\/17\\\/ujabb-szakaszaba-lepett-a-bajnai-kozossegi-ter-fejlesztese\\\/\",\"url\":\"https:\\\/\\\/dorogimedence.hu\\\/index.php\\\/2026\\\/03\\\/17\\\/ujabb-szakaszaba-lepett-a-bajnai-kozossegi-ter-fejlesztese\\\/\",\"name\":\"\u00dajabb szakasz\u00e1ba l\u00e9pett a bajnai k\u00f6z\u00f6ss\u00e9gi t\u00e9r fejleszt\u00e9se\",\"isPartOf\":{\"@id\":\"https:\\\/\\\/dorogimedence.hu\\\/#website\"},\"primaryImageOfPage\":{\"@id\":\"https:\\\/\\\/dorogimedence.hu\\\/index.php\\\/2026\\\/03\\\/17\\\/ujabb-szakaszaba-lepett-a-bajnai-kozossegi-ter-fejlesztese\\\/#primaryimage\"},\"image\":{\"@id\":\"https:\\\/\\\/dorogimedence.hu\\\/index.php\\\/2026\\\/03\\\/17\\\/ujabb-szakaszaba-lepett-a-bajnai-kozossegi-ter-fejlesztese\\\/#primaryimage\"},\"thumbnailUrl\":\"https:\\\/\\\/dorogimedence.hu\\\/wp-content\\\/uploads\\\/2026\\\/03\\\/projekt.jpg\",\"datePublished\":\"2026-03-17T05:49:25+00:00\",\"breadcrumb\":{\"@id\":\"https:\\\/\\\/dorogimedence.hu\\\/index.php\\\/2026\\\/03\\\/17\\\/ujabb-szakaszaba-lepett-a-bajnai-kozossegi-ter-fejlesztese\\\/#breadcrumb\"},\"inLanguage\":\"hu\",\"potentialAction\":[{\"@type\":\"ReadAction\",\"target\":[\"https:\\\/\\\/dorogimedence.hu\\\/index.php\\\/2026\\\/03\\\/17\\\/ujabb-szakaszaba-lepett-a-bajnai-kozossegi-ter-fejlesztese\\\/\"]}]},{\"@type\":\"ImageObject\",\"inLanguage\":\"hu\",\"@id\":\"https:\\\/\\\/dorogimedence.hu\\\/index.php\\\/2026\\\/03\\\/17\\\/ujabb-szakaszaba-lepett-a-bajnai-kozossegi-ter-fejlesztese\\\/#primaryimage\",\"url\":\"https:\\\/\\\/dorogimedence.hu\\\/wp-content\\\/uploads\\\/2026\\\/03\\\/projekt.jpg\",\"contentUrl\":\"https:\\\/\\\/dorogimedence.hu\\\/wp-content\\\/uploads\\\/2026\\\/03\\\/projekt.jpg\",\"width\":1920,\"height\":970},{\"@type\":\"BreadcrumbList\",\"@id\":\"https:\\\/\\\/dorogimedence.hu\\\/index.php\\\/2026\\\/03\\\/17\\\/ujabb-szakaszaba-lepett-a-bajnai-kozossegi-ter-fejlesztese\\\/#breadcrumb\",\"itemListElement\":[{\"@type\":\"ListItem\",\"position\":1,\"name\":\"Kezd\u0151lap\",\"item\":\"https:\\\/\\\/dorogimedence.hu\\\/\"},{\"@type\":\"ListItem\",\"position\":2,\"name\":\"\u00dajabb szakasz\u00e1ba l\u00e9pett a bajnai k\u00f6z\u00f6ss\u00e9gi t\u00e9r fejleszt\u00e9se\"}]},{\"@type\":\"WebSite\",\"@id\":\"https:\\\/\\\/dorogimedence.hu\\\/#website\",\"url\":\"https:\\\/\\\/dorogimedence.hu\\\/\",\"name\":\"Dorogi-medence Region\u00e1lis H\u00edrport\u00e1l\",\"description\":\"Dorog, Keszt\u00f6lc, Le\u00e1nyv\u00e1r, Piliscs\u00e9v, Tokod, Tokodalt\u00e1r\u00f3, Csolnok, Esztergom-kertv\u00e1ros: h\u00edrek, programok\",\"publisher\":{\"@id\":\"https:\\\/\\\/dorogimedence.hu\\\/#organization\"},\"potentialAction\":[{\"@type\":\"SearchAction\",\"target\":{\"@type\":\"EntryPoint\",\"urlTemplate\":\"https:\\\/\\\/dorogimedence.hu\\\/?s={search_term_string}\"},\"query-input\":{\"@type\":\"PropertyValueSpecification\",\"valueRequired\":true,\"valueName\":\"search_term_string\"}}],\"inLanguage\":\"hu\"},{\"@type\":\"Organization\",\"@id\":\"https:\\\/\\\/dorogimedence.hu\\\/#organization\",\"name\":\"Dorogi-medence Region\u00e1lis H\u00edrport\u00e1l\",\"url\":\"https:\\\/\\\/dorogimedence.hu\\\/\",\"logo\":{\"@type\":\"ImageObject\",\"inLanguage\":\"hu\",\"@id\":\"https:\\\/\\\/dorogimedence.hu\\\/#\\\/schema\\\/logo\\\/image\\\/\",\"url\":\"https:\\\/\\\/dorogimedence.hu\\\/wp-content\\\/uploads\\\/2021\\\/04\\\/logo-feher-600.png\",\"contentUrl\":\"https:\\\/\\\/dorogimedence.hu\\\/wp-content\\\/uploads\\\/2021\\\/04\\\/logo-feher-600.png\",\"width\":600,\"height\":100,\"caption\":\"Dorogi-medence Region\u00e1lis H\u00edrport\u00e1l\"},\"image\":{\"@id\":\"https:\\\/\\\/dorogimedence.hu\\\/#\\\/schema\\\/logo\\\/image\\\/\"},\"sameAs\":[\"https:\\\/\\\/www.facebook.com\\\/dorogimedence\\\/\"]},{\"@type\":\"Person\",\"@id\":\"https:\\\/\\\/dorogimedence.hu\\\/#\\\/schema\\\/person\\\/ce6091eeb7e95ecdc87890d6aa8e0fd4\",\"name\":\"dorogimedence.hu\",\"image\":{\"@type\":\"ImageObject\",\"inLanguage\":\"hu\",\"@id\":\"\\\/\\\/www.gravatar.com\\\/avatar\\\/d8d45f8901aadff40a4af72c0b826f1d?s=96&#038;r=g&#038;d=mm\",\"url\":\"\\\/\\\/www.gravatar.com\\\/avatar\\\/d8d45f8901aadff40a4af72c0b826f1d?s=96&#038;r=g&#038;d=mm\",\"contentUrl\":\"\\\/\\\/www.gravatar.com\\\/avatar\\\/d8d45f8901aadff40a4af72c0b826f1d?s=96&#038;r=g&#038;d=mm\",\"caption\":\"dorogimedence.hu\"}}]}<\/script>\n<!-- \/ Yoast SEO plugin. -->","yoast_head_json":{"title":"\u00dajabb szakasz\u00e1ba l\u00e9pett a bajnai k\u00f6z\u00f6ss\u00e9gi t\u00e9r fejleszt\u00e9se","robots":{"index":"index","follow":"follow","max-snippet":"max-snippet:-1","max-image-preview":"max-image-preview:large","max-video-preview":"max-video-preview:-1"},"canonical":"https:\/\/dorogimedence.hu\/index.php\/2026\/03\/17\/ujabb-szakaszaba-lepett-a-bajnai-kozossegi-ter-fejlesztese\/","og_locale":"hu_HU","og_type":"article","og_title":"\u00dajabb szakasz\u00e1ba l\u00e9pett a bajnai k\u00f6z\u00f6ss\u00e9gi t\u00e9r fejleszt\u00e9se","og_description":"\u00dajabb fontos m\u00e9rf\u00f6ldk\u0151h\u00f6z \u00e9rkezett a bajnai k\u00f6z\u00f6ss\u00e9gi t\u00e9r kialak\u00edt\u00e1sa: a telep\u00fcl\u00e9sen a sportp\u00e1ly\u00e1n megkezd\u0151dtek az \u00e9p\u00edt\u00e9si munk\u00e1latok \u2013 sz\u00e1molt be r\u00f3la a k\u00f6zs\u00e9g vezet\u00e9se. A beruh\u00e1z\u00e1s keret\u00e9ben t\u00f6bbek k\u00f6z\u00f6tt vizesblokkok, klubhelyis\u00e9g, mozg\u00e1skorl\u00e1tozott mosd\u00f3 \u00e9s parkol\u00f3 is \u00e9p\u00fcl. A fejleszt\u00e9s a TOP Plusz 1.2.1-KO1-2022-00054 azonos\u00edt\u00f3sz\u00e1m\u00fa p\u00e1ly\u00e1zatb\u00f3l val\u00f3sul meg, \u00e9s a jelenlegi tervek szerint 2026. augusztus 10-\u00e9re","og_url":"https:\/\/dorogimedence.hu\/index.php\/2026\/03\/17\/ujabb-szakaszaba-lepett-a-bajnai-kozossegi-ter-fejlesztese\/","og_site_name":"Dorogi-medence Region\u00e1lis H\u00edrport\u00e1l","article_publisher":"https:\/\/www.facebook.com\/dorogimedence\/","article_published_time":"2026-03-17T05:49:25+00:00","og_image":[{"width":1920,"height":970,"url":"https:\/\/dorogimedence.hu\/wp-content\/uploads\/2026\/03\/projekt.jpg","type":"image\/jpeg"}],"author":"dorogimedence.hu","twitter_card":"summary_large_image","twitter_misc":{"Szerz\u0151:":"dorogimedence.hu","Becs\u00fclt olvas\u00e1si id\u0151":"3 perc"},"schema":{"@context":"https:\/\/schema.org","@graph":[{"@type":"Article","@id":"https:\/\/dorogimedence.hu\/index.php\/2026\/03\/17\/ujabb-szakaszaba-lepett-a-bajnai-kozossegi-ter-fejlesztese\/#article","isPartOf":{"@id":"https:\/\/dorogimedence.hu\/index.php\/2026\/03\/17\/ujabb-szakaszaba-lepett-a-bajnai-kozossegi-ter-fejlesztese\/"},"author":{"name":"dorogimedence.hu","@id":"https:\/\/dorogimedence.hu\/#\/schema\/person\/ce6091eeb7e95ecdc87890d6aa8e0fd4"},"headline":"\u00dajabb szakasz\u00e1ba l\u00e9pett a bajnai k\u00f6z\u00f6ss\u00e9gi t\u00e9r fejleszt\u00e9se","datePublished":"2026-03-17T05:49:25+00:00","mainEntityOfPage":{"@id":"https:\/\/dorogimedence.hu\/index.php\/2026\/03\/17\/ujabb-szakaszaba-lepett-a-bajnai-kozossegi-ter-fejlesztese\/"},"wordCount":517,"publisher":{"@id":"https:\/\/dorogimedence.hu\/#organization"},"image":{"@id":"https:\/\/dorogimedence.hu\/index.php\/2026\/03\/17\/ujabb-szakaszaba-lepett-a-bajnai-kozossegi-ter-fejlesztese\/#primaryimage"},"thumbnailUrl":"https:\/\/dorogimedence.hu\/wp-content\/uploads\/2026\/03\/projekt.jpg","keywords":["Bajna","k\u00f6z\u00f6ss\u00e9gi t\u00e9r","p\u00e1ly\u00e1zat"],"articleSection":["H\u00edrek"],"inLanguage":"hu"},{"@type":"WebPage","@id":"https:\/\/dorogimedence.hu\/index.php\/2026\/03\/17\/ujabb-szakaszaba-lepett-a-bajnai-kozossegi-ter-fejlesztese\/","url":"https:\/\/dorogimedence.hu\/index.php\/2026\/03\/17\/ujabb-szakaszaba-lepett-a-bajnai-kozossegi-ter-fejlesztese\/","name":"\u00dajabb szakasz\u00e1ba l\u00e9pett a bajnai k\u00f6z\u00f6ss\u00e9gi t\u00e9r fejleszt\u00e9se","isPartOf":{"@id":"https:\/\/dorogimedence.hu\/#website"},"primaryImageOfPage":{"@id":"https:\/\/dorogimedence.hu\/index.php\/2026\/03\/17\/ujabb-szakaszaba-lepett-a-bajnai-kozossegi-ter-fejlesztese\/#primaryimage"},"image":{"@id":"https:\/\/dorogimedence.hu\/index.php\/2026\/03\/17\/ujabb-szakaszaba-lepett-a-bajnai-kozossegi-ter-fejlesztese\/#primaryimage"},"thumbnailUrl":"https:\/\/dorogimedence.hu\/wp-content\/uploads\/2026\/03\/projekt.jpg","datePublished":"2026-03-17T05:49:25+00:00","breadcrumb":{"@id":"https:\/\/dorogimedence.hu\/index.php\/2026\/03\/17\/ujabb-szakaszaba-lepett-a-bajnai-kozossegi-ter-fejlesztese\/#breadcrumb"},"inLanguage":"hu","potentialAction":[{"@type":"ReadAction","target":["https:\/\/dorogimedence.hu\/index.php\/2026\/03\/17\/ujabb-szakaszaba-lepett-a-bajnai-kozossegi-ter-fejlesztese\/"]}]},{"@type":"ImageObject","inLanguage":"hu","@id":"https:\/\/dorogimedence.hu\/index.php\/2026\/03\/17\/ujabb-szakaszaba-lepett-a-bajnai-kozossegi-ter-fejlesztese\/#primaryimage","url":"https:\/\/dorogimedence.hu\/wp-content\/uploads\/2026\/03\/projekt.jpg","contentUrl":"https:\/\/dorogimedence.hu\/wp-content\/uploads\/2026\/03\/projekt.jpg","width":1920,"height":970},{"@type":"BreadcrumbList","@id":"https:\/\/dorogimedence.hu\/index.php\/2026\/03\/17\/ujabb-szakaszaba-lepett-a-bajnai-kozossegi-ter-fejlesztese\/#breadcrumb","itemListElement":[{"@type":"ListItem","position":1,"name":"Kezd\u0151lap","item":"https:\/\/dorogimedence.hu\/"},{"@type":"ListItem","position":2,"name":"\u00dajabb szakasz\u00e1ba l\u00e9pett a bajnai k\u00f6z\u00f6ss\u00e9gi t\u00e9r fejleszt\u00e9se"}]},{"@type":"WebSite","@id":"https:\/\/dorogimedence.hu\/#website","url":"https:\/\/dorogimedence.hu\/","name":"Dorogi-medence Region\u00e1lis H\u00edrport\u00e1l","description":"Dorog, Keszt\u00f6lc, Le\u00e1nyv\u00e1r, Piliscs\u00e9v, Tokod, Tokodalt\u00e1r\u00f3, Csolnok, Esztergom-kertv\u00e1ros: h\u00edrek, programok","publisher":{"@id":"https:\/\/dorogimedence.hu\/#organization"},"potentialAction":[{"@type":"SearchAction","target":{"@type":"EntryPoint","urlTemplate":"https:\/\/dorogimedence.hu\/?s={search_term_string}"},"query-input":{"@type":"PropertyValueSpecification","valueRequired":true,"valueName":"search_term_string"}}],"inLanguage":"hu"},{"@type":"Organization","@id":"https:\/\/dorogimedence.hu\/#organization","name":"Dorogi-medence Region\u00e1lis H\u00edrport\u00e1l","url":"https:\/\/dorogimedence.hu\/","logo":{"@type":"ImageObject","inLanguage":"hu","@id":"https:\/\/dorogimedence.hu\/#\/schema\/logo\/image\/","url":"https:\/\/dorogimedence.hu\/wp-content\/uploads\/2021\/04\/logo-feher-600.png","contentUrl":"https:\/\/dorogimedence.hu\/wp-content\/uploads\/2021\/04\/logo-feher-600.png","width":600,"height":100,"caption":"Dorogi-medence Region\u00e1lis H\u00edrport\u00e1l"},"image":{"@id":"https:\/\/dorogimedence.hu\/#\/schema\/logo\/image\/"},"sameAs":["https:\/\/www.facebook.com\/dorogimedence\/"]},{"@type":"Person","@id":"https:\/\/dorogimedence.hu\/#\/schema\/person\/ce6091eeb7e95ecdc87890d6aa8e0fd4","name":"dorogimedence.hu","image":{"@type":"ImageObject","inLanguage":"hu","@id":"\/\/www.gravatar.com\/avatar\/d8d45f8901aadff40a4af72c0b826f1d?s=96&#038;r=g&#038;d=mm","url":"\/\/www.gravatar.com\/avatar\/d8d45f8901aadff40a4af72c0b826f1d?s=96&#038;r=g&#038;d=mm","contentUrl":"\/\/www.gravatar.com\/avatar\/d8d45f8901aadff40a4af72c0b826f1d?s=96&#038;r=g&#038;d=mm","caption":"dorogimedence.hu"}}]}},"_links":{"self":[{"href":"https:\/\/dorogimedence.hu\/index.php\/wp-json\/wp\/v2\/posts\/78582","targetHints":{"allow":["GET"]}}],"collection":[{"href":"https:\/\/dorogimedence.hu\/index.php\/wp-json\/wp\/v2\/posts"}],"about":[{"href":"https:\/\/dorogimedence.hu\/index.php\/wp-json\/wp\/v2\/types\/post"}],"author":[{"embeddable":true,"href":"https:\/\/dorogimedence.hu\/index.php\/wp-json\/wp\/v2\/users\/1"}],"replies":[{"embeddable":true,"href":"https:\/\/dorogimedence.hu\/index.php\/wp-json\/wp\/v2\/comments?post=78582"}],"version-history":[{"count":1,"href":"https:\/\/dorogimedence.hu\/index.php\/wp-json\/wp\/v2\/posts\/78582\/revisions"}],"predecessor-version":[{"id":78584,"href":"https:\/\/dorogimedence.hu\/index.php\/wp-json\/wp\/v2\/posts\/78582\/revisions\/78584"}],"wp:featuredmedia":[{"embeddable":true,"href":"https:\/\/dorogimedence.hu\/index.php\/wp-json\/wp\/v2\/media\/78583"}],"wp:attachment":[{"href":"https:\/\/dorogimedence.hu\/index.php\/wp-json\/wp\/v2\/media?parent=78582"}],"wp:term":[{"taxonomy":"category","embeddable":true,"href":"https:\/\/dorogimedence.hu\/index.php\/wp-json\/wp\/v2\/categories?post=78582"},{"taxonomy":"post_tag","embeddable":true,"href":"https:\/\/dorogimedence.hu\/index.php\/wp-json\/wp\/v2\/tags?post=78582"}],"curies":[{"name":"wp","href":"https:\/\/api.w.org\/{rel}","templated":true}]}}