{"id":78558,"date":"2026-03-16T09:10:46","date_gmt":"2026-03-16T08:10:46","guid":{"rendered":"https:\/\/dorogimedence.hu\/?p=78558"},"modified":"2026-03-16T09:10:46","modified_gmt":"2026-03-16T08:10:46","slug":"harom-pro-urbe-esztergom-dijat-adtak-at-a-marcius-15-i-unnepsegen","status":"publish","type":"post","link":"https:\/\/dorogimedence.hu\/index.php\/2026\/03\/16\/harom-pro-urbe-esztergom-dijat-adtak-at-a-marcius-15-i-unnepsegen\/","title":{"rendered":"H\u00e1rom Pro Urbe Esztergom d\u00edjat adtak \u00e1t a m\u00e1rcius 15-i \u00fcnneps\u00e9gen"},"content":{"rendered":"<p><strong>Az 1848\u201349-es forradalom \u00e9s szabads\u00e1gharc 178. \u00e9vfordul\u00f3ja alkalm\u00e1b\u00f3l rendezett v\u00e1rosi \u00fcnneps\u00e9gen h\u00e1rom Pro Urbe Esztergom kit\u00fcntet\u00e9st adtak \u00e1t m\u00e1rcius 15-\u00e9n. A megeml\u00e9kez\u00e9snek a V\u00e1rosh\u00e1za D\u00edszterme, valamint a Szentgy\u00f6rgymez\u0151i Honv\u00e9dtemet\u0151 adott otthont.<\/strong><\/p>\n<p>A v\u00e1rosi kit\u00fcntet\u00e9seket a V\u00e1rosh\u00e1za d\u00edszterm\u00e9ben adt\u00e1k \u00e1t. Pro Urbe Esztergom d\u00edjban r\u00e9szes\u00fclt:<\/p>\n<ul>\n<li>Atsumi Masato, Esztergom gazdas\u00e1gi fejl\u0151d\u00e9s\u00e9hez, k\u00f6z\u00f6ss\u00e9gi \u00e9let\u00e9nek er\u0151s\u00edt\u00e9s\u00e9hez, valamint a v\u00e1ros nemzetk\u00f6zi elismerts\u00e9g\u00e9nek n\u00f6vel\u00e9s\u00e9hez ny\u00fajtott kiemelked\u0151, maradand\u00f3 vezet\u0151i munk\u00e1j\u00e1\u00e9rt.<\/li>\n<li>Polg\u00e1r J\u00f3zsef, Esztergom \u00e9s Szentgy\u00f6rgymez\u0151 kultur\u00e1lis \u00e9let\u00e9ben v\u00e9gzett t\u00f6bb \u00e9vtizedes, elhivatott, k\u00f6z\u00f6ss\u00e9g\u00e9p\u00edt\u0151 szolg\u00e1lat\u00e1\u00e9rt, valamint a v\u00e1ros hagyom\u00e1nyainak \u00e1pol\u00e1s\u00e1\u00e9rt \u00e9s gazdag\u00edt\u00e1s\u00e1\u00e9rt v\u00e9gzett munk\u00e1j\u00e1\u00e9rt.<\/li>\n<li>Pusztaszeri Korn\u00e9l, kiemelked\u0151 m\u0171v\u00e9szi p\u00e1ly\u00e1ja, valamint Esztergom kultur\u00e1lis \u00e9let\u00e9t gazdag\u00edt\u00f3 \u00e9s h\u00edrnev\u00e9t er\u0151s\u00edt\u0151 tev\u00e9kenys\u00e9ge elismer\u00e9sek\u00e9nt.<\/li>\n<\/ul>\n<p><img fetchpriority=\"high\" decoding=\"async\" class=\"alignnone size-full wp-image-78561\" src=\"https:\/\/dorogimedence.hu\/wp-content\/uploads\/2026\/03\/649414867_1528400549295679_4848970207092730837_n.jpg\" alt=\"\" width=\"2048\" height=\"1362\" srcset=\"https:\/\/dorogimedence.hu\/wp-content\/uploads\/2026\/03\/649414867_1528400549295679_4848970207092730837_n.jpg 2048w, https:\/\/dorogimedence.hu\/wp-content\/uploads\/2026\/03\/649414867_1528400549295679_4848970207092730837_n-600x399.jpg 600w, https:\/\/dorogimedence.hu\/wp-content\/uploads\/2026\/03\/649414867_1528400549295679_4848970207092730837_n-1920x1277.jpg 1920w, https:\/\/dorogimedence.hu\/wp-content\/uploads\/2026\/03\/649414867_1528400549295679_4848970207092730837_n-768x511.jpg 768w, https:\/\/dorogimedence.hu\/wp-content\/uploads\/2026\/03\/649414867_1528400549295679_4848970207092730837_n-1536x1022.jpg 1536w, https:\/\/dorogimedence.hu\/wp-content\/uploads\/2026\/03\/649414867_1528400549295679_4848970207092730837_n-150x100.jpg 150w, https:\/\/dorogimedence.hu\/wp-content\/uploads\/2026\/03\/649414867_1528400549295679_4848970207092730837_n-450x299.jpg 450w, https:\/\/dorogimedence.hu\/wp-content\/uploads\/2026\/03\/649414867_1528400549295679_4848970207092730837_n-1200x798.jpg 1200w, https:\/\/dorogimedence.hu\/wp-content\/uploads\/2026\/03\/649414867_1528400549295679_4848970207092730837_n-272x182.jpg 272w\" sizes=\"(max-width: 2048px) 100vw, 2048px\" \/> <img decoding=\"async\" class=\"alignnone size-full wp-image-78562\" src=\"https:\/\/dorogimedence.hu\/wp-content\/uploads\/2026\/03\/651062914_1528400555962345_4238229905049959863_n.jpg\" alt=\"\" width=\"2048\" height=\"1362\" srcset=\"https:\/\/dorogimedence.hu\/wp-content\/uploads\/2026\/03\/651062914_1528400555962345_4238229905049959863_n.jpg 2048w, https:\/\/dorogimedence.hu\/wp-content\/uploads\/2026\/03\/651062914_1528400555962345_4238229905049959863_n-600x399.jpg 600w, https:\/\/dorogimedence.hu\/wp-content\/uploads\/2026\/03\/651062914_1528400555962345_4238229905049959863_n-1920x1277.jpg 1920w, https:\/\/dorogimedence.hu\/wp-content\/uploads\/2026\/03\/651062914_1528400555962345_4238229905049959863_n-768x511.jpg 768w, https:\/\/dorogimedence.hu\/wp-content\/uploads\/2026\/03\/651062914_1528400555962345_4238229905049959863_n-1536x1022.jpg 1536w, https:\/\/dorogimedence.hu\/wp-content\/uploads\/2026\/03\/651062914_1528400555962345_4238229905049959863_n-150x100.jpg 150w, https:\/\/dorogimedence.hu\/wp-content\/uploads\/2026\/03\/651062914_1528400555962345_4238229905049959863_n-450x299.jpg 450w, https:\/\/dorogimedence.hu\/wp-content\/uploads\/2026\/03\/651062914_1528400555962345_4238229905049959863_n-1200x798.jpg 1200w, https:\/\/dorogimedence.hu\/wp-content\/uploads\/2026\/03\/651062914_1528400555962345_4238229905049959863_n-272x182.jpg 272w\" sizes=\"(max-width: 2048px) 100vw, 2048px\" \/><\/p>\n<p>Hern\u00e1di \u00c1d\u00e1m, Esztergom Megyei Jog\u00fa V\u00e1ros polg\u00e1rmestere <a href=\"https:\/\/www.facebook.com\/hernadiadam.esztergom\" target=\"_blank\" rel=\"noopener\"><span style=\"text-decoration: underline; color: #0000ff;\">k\u00f6z\u00f6ss\u00e9gi oldal\u00e1n<\/span><\/a> \u00fagy fogalmazott: nemzeti \u00fcnnep\u00fcnk\u00f6n a v\u00e1ros k\u00f6z\u00f6ss\u00e9ge egy\u00fctt hajtott fejet az 1848\u201349-es forradalom \u00e9s szabads\u00e1gharc h\u0151sei el\u0151tt. Hozz\u00e1tette, az \u00fcnnep alkalmat ad arra is, hogy elismerj\u00e9k azokat a szem\u00e9lyeket, akik munk\u00e1jukkal gazdag\u00edtj\u00e1k Esztergom k\u00f6z\u00f6ss\u00e9gi, gazdas\u00e1gi \u00e9s kultur\u00e1lis \u00e9let\u00e9t.<\/p>\n<p><img decoding=\"async\" class=\"alignnone size-full wp-image-78559\" src=\"https:\/\/dorogimedence.hu\/wp-content\/uploads\/2026\/03\/652578772_1528797065922694_3124678544621277623_n.jpg\" alt=\"\" width=\"2048\" height=\"1363\" srcset=\"https:\/\/dorogimedence.hu\/wp-content\/uploads\/2026\/03\/652578772_1528797065922694_3124678544621277623_n.jpg 2048w, https:\/\/dorogimedence.hu\/wp-content\/uploads\/2026\/03\/652578772_1528797065922694_3124678544621277623_n-600x399.jpg 600w, https:\/\/dorogimedence.hu\/wp-content\/uploads\/2026\/03\/652578772_1528797065922694_3124678544621277623_n-1920x1278.jpg 1920w, https:\/\/dorogimedence.hu\/wp-content\/uploads\/2026\/03\/652578772_1528797065922694_3124678544621277623_n-768x511.jpg 768w, https:\/\/dorogimedence.hu\/wp-content\/uploads\/2026\/03\/652578772_1528797065922694_3124678544621277623_n-1536x1022.jpg 1536w, https:\/\/dorogimedence.hu\/wp-content\/uploads\/2026\/03\/652578772_1528797065922694_3124678544621277623_n-150x100.jpg 150w, https:\/\/dorogimedence.hu\/wp-content\/uploads\/2026\/03\/652578772_1528797065922694_3124678544621277623_n-450x299.jpg 450w, https:\/\/dorogimedence.hu\/wp-content\/uploads\/2026\/03\/652578772_1528797065922694_3124678544621277623_n-1200x799.jpg 1200w, https:\/\/dorogimedence.hu\/wp-content\/uploads\/2026\/03\/652578772_1528797065922694_3124678544621277623_n-272x182.jpg 272w\" sizes=\"(max-width: 2048px) 100vw, 2048px\" \/><\/p>\n<p>A v\u00e1rosi \u00fcnneps\u00e9gen k\u00f6zrem\u0171k\u00f6d\u00f6tt az Esztergom T\u00e1ncegy\u00fcttes, a Balassa B\u00e1lint Vegyeskar, a T\u00f6rt\u00e9nelmi Vit\u00e9zi Rend, a 14. sz\u00e1m\u00fa Holl\u00f3 Cserk\u00e9szcsapat, valamint a S\u00e1tork\u0151 Lovasiskola husz\u00e1rai is, akik \u00fcnnepi m\u0171sorukkal j\u00e1rultak hozz\u00e1 a megeml\u00e9kez\u00e9shez.<\/p>\n<p><em>Fot\u00f3k: Hern\u00e1di \u00c1d\u00e1m Facebook-oldala<\/em><\/p>\n","protected":false},"excerpt":{"rendered":"<p>Az 1848\u201349-es forradalom \u00e9s szabads\u00e1gharc 178. \u00e9vfordul\u00f3ja alkalm\u00e1b\u00f3l rendezett v\u00e1rosi \u00fcnneps\u00e9gen h\u00e1rom Pro Urbe Esztergom kit\u00fcntet\u00e9st adtak \u00e1t m\u00e1rcius 15-\u00e9n. A megeml\u00e9kez\u00e9snek a V\u00e1rosh\u00e1za D\u00edszterme, valamint a Szentgy\u00f6rgymez\u0151i Honv\u00e9dtemet\u0151 adott otthont. A v\u00e1rosi kit\u00fcntet\u00e9seket a V\u00e1rosh\u00e1za d\u00edszterm\u00e9ben adt\u00e1k \u00e1t. Pro Urbe Esztergom d\u00edjban r\u00e9szes\u00fclt: Atsumi Masato, Esztergom gazdas\u00e1gi fejl\u0151d\u00e9s\u00e9hez, k\u00f6z\u00f6ss\u00e9gi \u00e9let\u00e9nek er\u0151s\u00edt\u00e9s\u00e9hez, valamint a v\u00e1ros<\/p>\n","protected":false},"author":1,"featured_media":78560,"comment_status":"closed","ping_status":"closed","sticky":false,"template":"","format":"standard","meta":{"ngg_post_thumbnail":0,"footnotes":""},"categories":[38,3],"tags":[594,42,5624,443,5912],"class_list":{"0":"post-78558","1":"post","2":"type-post","3":"status-publish","4":"format-standard","5":"has-post-thumbnail","7":"category-esztergom","8":"category-hirek","9":"tag-dijatado","10":"tag-esztergom","11":"tag-featured","12":"tag-marcius-15","13":"tag-pro-urbe-esztergom"},"yoast_head":"<!-- This site is optimized with the Yoast SEO plugin v27.4 - https:\/\/yoast.com\/product\/yoast-seo-wordpress\/ -->\n<title>H\u00e1rom Pro Urbe Esztergom d\u00edjat adtak \u00e1t a m\u00e1rcius 15-i \u00fcnneps\u00e9gen<\/title>\n<meta name=\"robots\" content=\"index, follow, max-snippet:-1, max-image-preview:large, max-video-preview:-1\" \/>\n<link rel=\"canonical\" href=\"https:\/\/dorogimedence.hu\/index.php\/2026\/03\/16\/harom-pro-urbe-esztergom-dijat-adtak-at-a-marcius-15-i-unnepsegen\/\" class=\"yoast-seo-meta-tag\" \/>\n<meta property=\"og:locale\" content=\"hu_HU\" class=\"yoast-seo-meta-tag\" \/>\n<meta property=\"og:type\" content=\"article\" class=\"yoast-seo-meta-tag\" \/>\n<meta property=\"og:title\" content=\"H\u00e1rom Pro Urbe Esztergom d\u00edjat adtak \u00e1t a m\u00e1rcius 15-i \u00fcnneps\u00e9gen\" class=\"yoast-seo-meta-tag\" \/>\n<meta property=\"og:description\" content=\"Az 1848\u201349-es forradalom \u00e9s szabads\u00e1gharc 178. \u00e9vfordul\u00f3ja alkalm\u00e1b\u00f3l rendezett v\u00e1rosi \u00fcnneps\u00e9gen h\u00e1rom Pro Urbe Esztergom kit\u00fcntet\u00e9st adtak \u00e1t m\u00e1rcius 15-\u00e9n. A megeml\u00e9kez\u00e9snek a V\u00e1rosh\u00e1za D\u00edszterme, valamint a Szentgy\u00f6rgymez\u0151i Honv\u00e9dtemet\u0151 adott otthont. A v\u00e1rosi kit\u00fcntet\u00e9seket a V\u00e1rosh\u00e1za d\u00edszterm\u00e9ben adt\u00e1k \u00e1t. Pro Urbe Esztergom d\u00edjban r\u00e9szes\u00fclt: Atsumi Masato, Esztergom gazdas\u00e1gi fejl\u0151d\u00e9s\u00e9hez, k\u00f6z\u00f6ss\u00e9gi \u00e9let\u00e9nek er\u0151s\u00edt\u00e9s\u00e9hez, valamint a v\u00e1ros\" class=\"yoast-seo-meta-tag\" \/>\n<meta property=\"og:url\" content=\"https:\/\/dorogimedence.hu\/index.php\/2026\/03\/16\/harom-pro-urbe-esztergom-dijat-adtak-at-a-marcius-15-i-unnepsegen\/\" class=\"yoast-seo-meta-tag\" \/>\n<meta property=\"og:site_name\" content=\"Dorogi-medence Region\u00e1lis H\u00edrport\u00e1l\" class=\"yoast-seo-meta-tag\" \/>\n<meta property=\"article:publisher\" content=\"https:\/\/www.facebook.com\/dorogimedence\/\" class=\"yoast-seo-meta-tag\" \/>\n<meta property=\"article:published_time\" content=\"2026-03-16T08:10:46+00:00\" class=\"yoast-seo-meta-tag\" \/>\n<meta property=\"og:image\" content=\"https:\/\/dorogimedence.hu\/wp-content\/uploads\/2026\/03\/pro-urbe.jpg\" class=\"yoast-seo-meta-tag\" \/>\n\t<meta property=\"og:image:width\" content=\"1920\" class=\"yoast-seo-meta-tag\" \/>\n\t<meta property=\"og:image:height\" content=\"970\" class=\"yoast-seo-meta-tag\" \/>\n\t<meta property=\"og:image:type\" content=\"image\/jpeg\" class=\"yoast-seo-meta-tag\" \/>\n<meta name=\"author\" content=\"dorogimedence.hu\" class=\"yoast-seo-meta-tag\" \/>\n<meta name=\"twitter:card\" content=\"summary_large_image\" class=\"yoast-seo-meta-tag\" \/>\n<meta name=\"twitter:label1\" content=\"Szerz\u0151:\" class=\"yoast-seo-meta-tag\" \/>\n\t<meta name=\"twitter:data1\" content=\"dorogimedence.hu\" class=\"yoast-seo-meta-tag\" \/>\n\t<meta name=\"twitter:label2\" content=\"Becs\u00fclt olvas\u00e1si id\u0151\" class=\"yoast-seo-meta-tag\" \/>\n\t<meta name=\"twitter:data2\" content=\"2 perc\" class=\"yoast-seo-meta-tag\" \/>\n<script type=\"application\/ld+json\" class=\"yoast-schema-graph\">{\"@context\":\"https:\\\/\\\/schema.org\",\"@graph\":[{\"@type\":\"Article\",\"@id\":\"https:\\\/\\\/dorogimedence.hu\\\/index.php\\\/2026\\\/03\\\/16\\\/harom-pro-urbe-esztergom-dijat-adtak-at-a-marcius-15-i-unnepsegen\\\/#article\",\"isPartOf\":{\"@id\":\"https:\\\/\\\/dorogimedence.hu\\\/index.php\\\/2026\\\/03\\\/16\\\/harom-pro-urbe-esztergom-dijat-adtak-at-a-marcius-15-i-unnepsegen\\\/\"},\"author\":{\"name\":\"dorogimedence.hu\",\"@id\":\"https:\\\/\\\/dorogimedence.hu\\\/#\\\/schema\\\/person\\\/ce6091eeb7e95ecdc87890d6aa8e0fd4\"},\"headline\":\"H\u00e1rom Pro Urbe Esztergom d\u00edjat adtak \u00e1t a m\u00e1rcius 15-i \u00fcnneps\u00e9gen\",\"datePublished\":\"2026-03-16T08:10:46+00:00\",\"mainEntityOfPage\":{\"@id\":\"https:\\\/\\\/dorogimedence.hu\\\/index.php\\\/2026\\\/03\\\/16\\\/harom-pro-urbe-esztergom-dijat-adtak-at-a-marcius-15-i-unnepsegen\\\/\"},\"wordCount\":343,\"publisher\":{\"@id\":\"https:\\\/\\\/dorogimedence.hu\\\/#organization\"},\"image\":{\"@id\":\"https:\\\/\\\/dorogimedence.hu\\\/index.php\\\/2026\\\/03\\\/16\\\/harom-pro-urbe-esztergom-dijat-adtak-at-a-marcius-15-i-unnepsegen\\\/#primaryimage\"},\"thumbnailUrl\":\"https:\\\/\\\/dorogimedence.hu\\\/wp-content\\\/uploads\\\/2026\\\/03\\\/pro-urbe.jpg\",\"keywords\":[\"d\u00edj\u00e1tad\u00f3\",\"esztergom\",\"featured\",\"M\u00e1rcius 15\",\"Pro Urbe Esztergom\"],\"articleSection\":[\"Esztergom\",\"H\u00edrek\"],\"inLanguage\":\"hu\"},{\"@type\":\"WebPage\",\"@id\":\"https:\\\/\\\/dorogimedence.hu\\\/index.php\\\/2026\\\/03\\\/16\\\/harom-pro-urbe-esztergom-dijat-adtak-at-a-marcius-15-i-unnepsegen\\\/\",\"url\":\"https:\\\/\\\/dorogimedence.hu\\\/index.php\\\/2026\\\/03\\\/16\\\/harom-pro-urbe-esztergom-dijat-adtak-at-a-marcius-15-i-unnepsegen\\\/\",\"name\":\"H\u00e1rom Pro Urbe Esztergom d\u00edjat adtak \u00e1t a m\u00e1rcius 15-i \u00fcnneps\u00e9gen\",\"isPartOf\":{\"@id\":\"https:\\\/\\\/dorogimedence.hu\\\/#website\"},\"primaryImageOfPage\":{\"@id\":\"https:\\\/\\\/dorogimedence.hu\\\/index.php\\\/2026\\\/03\\\/16\\\/harom-pro-urbe-esztergom-dijat-adtak-at-a-marcius-15-i-unnepsegen\\\/#primaryimage\"},\"image\":{\"@id\":\"https:\\\/\\\/dorogimedence.hu\\\/index.php\\\/2026\\\/03\\\/16\\\/harom-pro-urbe-esztergom-dijat-adtak-at-a-marcius-15-i-unnepsegen\\\/#primaryimage\"},\"thumbnailUrl\":\"https:\\\/\\\/dorogimedence.hu\\\/wp-content\\\/uploads\\\/2026\\\/03\\\/pro-urbe.jpg\",\"datePublished\":\"2026-03-16T08:10:46+00:00\",\"breadcrumb\":{\"@id\":\"https:\\\/\\\/dorogimedence.hu\\\/index.php\\\/2026\\\/03\\\/16\\\/harom-pro-urbe-esztergom-dijat-adtak-at-a-marcius-15-i-unnepsegen\\\/#breadcrumb\"},\"inLanguage\":\"hu\",\"potentialAction\":[{\"@type\":\"ReadAction\",\"target\":[\"https:\\\/\\\/dorogimedence.hu\\\/index.php\\\/2026\\\/03\\\/16\\\/harom-pro-urbe-esztergom-dijat-adtak-at-a-marcius-15-i-unnepsegen\\\/\"]}]},{\"@type\":\"ImageObject\",\"inLanguage\":\"hu\",\"@id\":\"https:\\\/\\\/dorogimedence.hu\\\/index.php\\\/2026\\\/03\\\/16\\\/harom-pro-urbe-esztergom-dijat-adtak-at-a-marcius-15-i-unnepsegen\\\/#primaryimage\",\"url\":\"https:\\\/\\\/dorogimedence.hu\\\/wp-content\\\/uploads\\\/2026\\\/03\\\/pro-urbe.jpg\",\"contentUrl\":\"https:\\\/\\\/dorogimedence.hu\\\/wp-content\\\/uploads\\\/2026\\\/03\\\/pro-urbe.jpg\",\"width\":1920,\"height\":970},{\"@type\":\"BreadcrumbList\",\"@id\":\"https:\\\/\\\/dorogimedence.hu\\\/index.php\\\/2026\\\/03\\\/16\\\/harom-pro-urbe-esztergom-dijat-adtak-at-a-marcius-15-i-unnepsegen\\\/#breadcrumb\",\"itemListElement\":[{\"@type\":\"ListItem\",\"position\":1,\"name\":\"Kezd\u0151lap\",\"item\":\"https:\\\/\\\/dorogimedence.hu\\\/\"},{\"@type\":\"ListItem\",\"position\":2,\"name\":\"H\u00e1rom Pro Urbe Esztergom d\u00edjat adtak \u00e1t a m\u00e1rcius 15-i \u00fcnneps\u00e9gen\"}]},{\"@type\":\"WebSite\",\"@id\":\"https:\\\/\\\/dorogimedence.hu\\\/#website\",\"url\":\"https:\\\/\\\/dorogimedence.hu\\\/\",\"name\":\"Dorogi-medence Region\u00e1lis H\u00edrport\u00e1l\",\"description\":\"Dorog, Keszt\u00f6lc, Le\u00e1nyv\u00e1r, Piliscs\u00e9v, Tokod, Tokodalt\u00e1r\u00f3, Csolnok, Esztergom-kertv\u00e1ros: h\u00edrek, programok\",\"publisher\":{\"@id\":\"https:\\\/\\\/dorogimedence.hu\\\/#organization\"},\"potentialAction\":[{\"@type\":\"SearchAction\",\"target\":{\"@type\":\"EntryPoint\",\"urlTemplate\":\"https:\\\/\\\/dorogimedence.hu\\\/?s={search_term_string}\"},\"query-input\":{\"@type\":\"PropertyValueSpecification\",\"valueRequired\":true,\"valueName\":\"search_term_string\"}}],\"inLanguage\":\"hu\"},{\"@type\":\"Organization\",\"@id\":\"https:\\\/\\\/dorogimedence.hu\\\/#organization\",\"name\":\"Dorogi-medence Region\u00e1lis H\u00edrport\u00e1l\",\"url\":\"https:\\\/\\\/dorogimedence.hu\\\/\",\"logo\":{\"@type\":\"ImageObject\",\"inLanguage\":\"hu\",\"@id\":\"https:\\\/\\\/dorogimedence.hu\\\/#\\\/schema\\\/logo\\\/image\\\/\",\"url\":\"https:\\\/\\\/dorogimedence.hu\\\/wp-content\\\/uploads\\\/2021\\\/04\\\/logo-feher-600.png\",\"contentUrl\":\"https:\\\/\\\/dorogimedence.hu\\\/wp-content\\\/uploads\\\/2021\\\/04\\\/logo-feher-600.png\",\"width\":600,\"height\":100,\"caption\":\"Dorogi-medence Region\u00e1lis H\u00edrport\u00e1l\"},\"image\":{\"@id\":\"https:\\\/\\\/dorogimedence.hu\\\/#\\\/schema\\\/logo\\\/image\\\/\"},\"sameAs\":[\"https:\\\/\\\/www.facebook.com\\\/dorogimedence\\\/\"]},{\"@type\":\"Person\",\"@id\":\"https:\\\/\\\/dorogimedence.hu\\\/#\\\/schema\\\/person\\\/ce6091eeb7e95ecdc87890d6aa8e0fd4\",\"name\":\"dorogimedence.hu\",\"image\":{\"@type\":\"ImageObject\",\"inLanguage\":\"hu\",\"@id\":\"\\\/\\\/www.gravatar.com\\\/avatar\\\/d8d45f8901aadff40a4af72c0b826f1d?s=96&#038;r=g&#038;d=mm\",\"url\":\"\\\/\\\/www.gravatar.com\\\/avatar\\\/d8d45f8901aadff40a4af72c0b826f1d?s=96&#038;r=g&#038;d=mm\",\"contentUrl\":\"\\\/\\\/www.gravatar.com\\\/avatar\\\/d8d45f8901aadff40a4af72c0b826f1d?s=96&#038;r=g&#038;d=mm\",\"caption\":\"dorogimedence.hu\"}}]}<\/script>\n<!-- \/ Yoast SEO plugin. -->","yoast_head_json":{"title":"H\u00e1rom Pro Urbe Esztergom d\u00edjat adtak \u00e1t a m\u00e1rcius 15-i \u00fcnneps\u00e9gen","robots":{"index":"index","follow":"follow","max-snippet":"max-snippet:-1","max-image-preview":"max-image-preview:large","max-video-preview":"max-video-preview:-1"},"canonical":"https:\/\/dorogimedence.hu\/index.php\/2026\/03\/16\/harom-pro-urbe-esztergom-dijat-adtak-at-a-marcius-15-i-unnepsegen\/","og_locale":"hu_HU","og_type":"article","og_title":"H\u00e1rom Pro Urbe Esztergom d\u00edjat adtak \u00e1t a m\u00e1rcius 15-i \u00fcnneps\u00e9gen","og_description":"Az 1848\u201349-es forradalom \u00e9s szabads\u00e1gharc 178. \u00e9vfordul\u00f3ja alkalm\u00e1b\u00f3l rendezett v\u00e1rosi \u00fcnneps\u00e9gen h\u00e1rom Pro Urbe Esztergom kit\u00fcntet\u00e9st adtak \u00e1t m\u00e1rcius 15-\u00e9n. A megeml\u00e9kez\u00e9snek a V\u00e1rosh\u00e1za D\u00edszterme, valamint a Szentgy\u00f6rgymez\u0151i Honv\u00e9dtemet\u0151 adott otthont. A v\u00e1rosi kit\u00fcntet\u00e9seket a V\u00e1rosh\u00e1za d\u00edszterm\u00e9ben adt\u00e1k \u00e1t. Pro Urbe Esztergom d\u00edjban r\u00e9szes\u00fclt: Atsumi Masato, Esztergom gazdas\u00e1gi fejl\u0151d\u00e9s\u00e9hez, k\u00f6z\u00f6ss\u00e9gi \u00e9let\u00e9nek er\u0151s\u00edt\u00e9s\u00e9hez, valamint a v\u00e1ros","og_url":"https:\/\/dorogimedence.hu\/index.php\/2026\/03\/16\/harom-pro-urbe-esztergom-dijat-adtak-at-a-marcius-15-i-unnepsegen\/","og_site_name":"Dorogi-medence Region\u00e1lis H\u00edrport\u00e1l","article_publisher":"https:\/\/www.facebook.com\/dorogimedence\/","article_published_time":"2026-03-16T08:10:46+00:00","og_image":[{"width":1920,"height":970,"url":"https:\/\/dorogimedence.hu\/wp-content\/uploads\/2026\/03\/pro-urbe.jpg","type":"image\/jpeg"}],"author":"dorogimedence.hu","twitter_card":"summary_large_image","twitter_misc":{"Szerz\u0151:":"dorogimedence.hu","Becs\u00fclt olvas\u00e1si id\u0151":"2 perc"},"schema":{"@context":"https:\/\/schema.org","@graph":[{"@type":"Article","@id":"https:\/\/dorogimedence.hu\/index.php\/2026\/03\/16\/harom-pro-urbe-esztergom-dijat-adtak-at-a-marcius-15-i-unnepsegen\/#article","isPartOf":{"@id":"https:\/\/dorogimedence.hu\/index.php\/2026\/03\/16\/harom-pro-urbe-esztergom-dijat-adtak-at-a-marcius-15-i-unnepsegen\/"},"author":{"name":"dorogimedence.hu","@id":"https:\/\/dorogimedence.hu\/#\/schema\/person\/ce6091eeb7e95ecdc87890d6aa8e0fd4"},"headline":"H\u00e1rom Pro Urbe Esztergom d\u00edjat adtak \u00e1t a m\u00e1rcius 15-i \u00fcnneps\u00e9gen","datePublished":"2026-03-16T08:10:46+00:00","mainEntityOfPage":{"@id":"https:\/\/dorogimedence.hu\/index.php\/2026\/03\/16\/harom-pro-urbe-esztergom-dijat-adtak-at-a-marcius-15-i-unnepsegen\/"},"wordCount":343,"publisher":{"@id":"https:\/\/dorogimedence.hu\/#organization"},"image":{"@id":"https:\/\/dorogimedence.hu\/index.php\/2026\/03\/16\/harom-pro-urbe-esztergom-dijat-adtak-at-a-marcius-15-i-unnepsegen\/#primaryimage"},"thumbnailUrl":"https:\/\/dorogimedence.hu\/wp-content\/uploads\/2026\/03\/pro-urbe.jpg","keywords":["d\u00edj\u00e1tad\u00f3","esztergom","featured","M\u00e1rcius 15","Pro Urbe Esztergom"],"articleSection":["Esztergom","H\u00edrek"],"inLanguage":"hu"},{"@type":"WebPage","@id":"https:\/\/dorogimedence.hu\/index.php\/2026\/03\/16\/harom-pro-urbe-esztergom-dijat-adtak-at-a-marcius-15-i-unnepsegen\/","url":"https:\/\/dorogimedence.hu\/index.php\/2026\/03\/16\/harom-pro-urbe-esztergom-dijat-adtak-at-a-marcius-15-i-unnepsegen\/","name":"H\u00e1rom Pro Urbe Esztergom d\u00edjat adtak \u00e1t a m\u00e1rcius 15-i \u00fcnneps\u00e9gen","isPartOf":{"@id":"https:\/\/dorogimedence.hu\/#website"},"primaryImageOfPage":{"@id":"https:\/\/dorogimedence.hu\/index.php\/2026\/03\/16\/harom-pro-urbe-esztergom-dijat-adtak-at-a-marcius-15-i-unnepsegen\/#primaryimage"},"image":{"@id":"https:\/\/dorogimedence.hu\/index.php\/2026\/03\/16\/harom-pro-urbe-esztergom-dijat-adtak-at-a-marcius-15-i-unnepsegen\/#primaryimage"},"thumbnailUrl":"https:\/\/dorogimedence.hu\/wp-content\/uploads\/2026\/03\/pro-urbe.jpg","datePublished":"2026-03-16T08:10:46+00:00","breadcrumb":{"@id":"https:\/\/dorogimedence.hu\/index.php\/2026\/03\/16\/harom-pro-urbe-esztergom-dijat-adtak-at-a-marcius-15-i-unnepsegen\/#breadcrumb"},"inLanguage":"hu","potentialAction":[{"@type":"ReadAction","target":["https:\/\/dorogimedence.hu\/index.php\/2026\/03\/16\/harom-pro-urbe-esztergom-dijat-adtak-at-a-marcius-15-i-unnepsegen\/"]}]},{"@type":"ImageObject","inLanguage":"hu","@id":"https:\/\/dorogimedence.hu\/index.php\/2026\/03\/16\/harom-pro-urbe-esztergom-dijat-adtak-at-a-marcius-15-i-unnepsegen\/#primaryimage","url":"https:\/\/dorogimedence.hu\/wp-content\/uploads\/2026\/03\/pro-urbe.jpg","contentUrl":"https:\/\/dorogimedence.hu\/wp-content\/uploads\/2026\/03\/pro-urbe.jpg","width":1920,"height":970},{"@type":"BreadcrumbList","@id":"https:\/\/dorogimedence.hu\/index.php\/2026\/03\/16\/harom-pro-urbe-esztergom-dijat-adtak-at-a-marcius-15-i-unnepsegen\/#breadcrumb","itemListElement":[{"@type":"ListItem","position":1,"name":"Kezd\u0151lap","item":"https:\/\/dorogimedence.hu\/"},{"@type":"ListItem","position":2,"name":"H\u00e1rom Pro Urbe Esztergom d\u00edjat adtak \u00e1t a m\u00e1rcius 15-i \u00fcnneps\u00e9gen"}]},{"@type":"WebSite","@id":"https:\/\/dorogimedence.hu\/#website","url":"https:\/\/dorogimedence.hu\/","name":"Dorogi-medence Region\u00e1lis H\u00edrport\u00e1l","description":"Dorog, Keszt\u00f6lc, Le\u00e1nyv\u00e1r, Piliscs\u00e9v, Tokod, Tokodalt\u00e1r\u00f3, Csolnok, Esztergom-kertv\u00e1ros: h\u00edrek, programok","publisher":{"@id":"https:\/\/dorogimedence.hu\/#organization"},"potentialAction":[{"@type":"SearchAction","target":{"@type":"EntryPoint","urlTemplate":"https:\/\/dorogimedence.hu\/?s={search_term_string}"},"query-input":{"@type":"PropertyValueSpecification","valueRequired":true,"valueName":"search_term_string"}}],"inLanguage":"hu"},{"@type":"Organization","@id":"https:\/\/dorogimedence.hu\/#organization","name":"Dorogi-medence Region\u00e1lis H\u00edrport\u00e1l","url":"https:\/\/dorogimedence.hu\/","logo":{"@type":"ImageObject","inLanguage":"hu","@id":"https:\/\/dorogimedence.hu\/#\/schema\/logo\/image\/","url":"https:\/\/dorogimedence.hu\/wp-content\/uploads\/2021\/04\/logo-feher-600.png","contentUrl":"https:\/\/dorogimedence.hu\/wp-content\/uploads\/2021\/04\/logo-feher-600.png","width":600,"height":100,"caption":"Dorogi-medence Region\u00e1lis H\u00edrport\u00e1l"},"image":{"@id":"https:\/\/dorogimedence.hu\/#\/schema\/logo\/image\/"},"sameAs":["https:\/\/www.facebook.com\/dorogimedence\/"]},{"@type":"Person","@id":"https:\/\/dorogimedence.hu\/#\/schema\/person\/ce6091eeb7e95ecdc87890d6aa8e0fd4","name":"dorogimedence.hu","image":{"@type":"ImageObject","inLanguage":"hu","@id":"\/\/www.gravatar.com\/avatar\/d8d45f8901aadff40a4af72c0b826f1d?s=96&#038;r=g&#038;d=mm","url":"\/\/www.gravatar.com\/avatar\/d8d45f8901aadff40a4af72c0b826f1d?s=96&#038;r=g&#038;d=mm","contentUrl":"\/\/www.gravatar.com\/avatar\/d8d45f8901aadff40a4af72c0b826f1d?s=96&#038;r=g&#038;d=mm","caption":"dorogimedence.hu"}}]}},"_links":{"self":[{"href":"https:\/\/dorogimedence.hu\/index.php\/wp-json\/wp\/v2\/posts\/78558","targetHints":{"allow":["GET"]}}],"collection":[{"href":"https:\/\/dorogimedence.hu\/index.php\/wp-json\/wp\/v2\/posts"}],"about":[{"href":"https:\/\/dorogimedence.hu\/index.php\/wp-json\/wp\/v2\/types\/post"}],"author":[{"embeddable":true,"href":"https:\/\/dorogimedence.hu\/index.php\/wp-json\/wp\/v2\/users\/1"}],"replies":[{"embeddable":true,"href":"https:\/\/dorogimedence.hu\/index.php\/wp-json\/wp\/v2\/comments?post=78558"}],"version-history":[{"count":1,"href":"https:\/\/dorogimedence.hu\/index.php\/wp-json\/wp\/v2\/posts\/78558\/revisions"}],"predecessor-version":[{"id":78563,"href":"https:\/\/dorogimedence.hu\/index.php\/wp-json\/wp\/v2\/posts\/78558\/revisions\/78563"}],"wp:featuredmedia":[{"embeddable":true,"href":"https:\/\/dorogimedence.hu\/index.php\/wp-json\/wp\/v2\/media\/78560"}],"wp:attachment":[{"href":"https:\/\/dorogimedence.hu\/index.php\/wp-json\/wp\/v2\/media?parent=78558"}],"wp:term":[{"taxonomy":"category","embeddable":true,"href":"https:\/\/dorogimedence.hu\/index.php\/wp-json\/wp\/v2\/categories?post=78558"},{"taxonomy":"post_tag","embeddable":true,"href":"https:\/\/dorogimedence.hu\/index.php\/wp-json\/wp\/v2\/tags?post=78558"}],"curies":[{"name":"wp","href":"https:\/\/api.w.org\/{rel}","templated":true}]}}