{"id":78555,"date":"2026-03-16T08:56:46","date_gmt":"2026-03-16T07:56:46","guid":{"rendered":"https:\/\/dorogimedence.hu\/?p=78555"},"modified":"2026-03-16T08:56:46","modified_gmt":"2026-03-16T07:56:46","slug":"demenciarol-szolo-filmvetitessel-indult-a-kozossegi-programsorozat-labatlanon","status":"publish","type":"post","link":"https:\/\/dorogimedence.hu\/index.php\/2026\/03\/16\/demenciarol-szolo-filmvetitessel-indult-a-kozossegi-programsorozat-labatlanon\/","title":{"rendered":"Demenci\u00e1r\u00f3l sz\u00f3l\u00f3 filmvet\u00edt\u00e9ssel indult a k\u00f6z\u00f6ss\u00e9gi programsorozat L\u00e1batlanon"},"content":{"rendered":"<p><strong>Demenci\u00e1r\u00f3l sz\u00f3l\u00f3 filmvet\u00edt\u00e9ssel indult el az a k\u00f6z\u00f6ss\u00e9gi programsorozat, amelyet L\u00e1batlan V\u00e1ros \u00e9s S\u00fctt\u0151 K\u00f6zs\u00e9g \u00d6nkorm\u00e1nyzata val\u00f3s\u00edt meg TOP_PLUSZ p\u00e1ly\u00e1zati t\u00e1mogat\u00e1s seg\u00edts\u00e9g\u00e9vel.<\/strong><\/p>\n<p>A k\u00f6z\u00f6s projekt els\u0151 rendezv\u00e9ny\u00e9n egy k\u00fcl\u00f6nleges film\u00e9lm\u00e9ny v\u00e1rta az \u00e9rdekl\u0151d\u0151ket: \u201eAz apa\u201d c\u00edm\u0171 alkot\u00e1s ker\u00fclt vet\u00edt\u00e9sre, amely \u00e9rz\u00e9kletesen mutatja be a demenci\u00e1ban szenved\u0151 f\u0151h\u0151s mindennapjait, valamint azt is, hogyan l\u00e1tja a beteg \u00e1llapot\u00e1t a k\u00f6rnyezete. A film egyszerre t\u00e1rja fel a betegs\u00e9g szem\u00e9lyes \u00e9s csal\u00e1di vonatkoz\u00e1sait, az elme hanyatl\u00e1s\u00e1val egy\u00fctt j\u00e1r\u00f3 neh\u00e9zs\u00e9geket \u00e9s az \u00e9rintettek sz\u00e1m\u00e1ra jelentkez\u0151 kih\u00edv\u00e1sokat.<\/p>\n<p>A gondolat\u00e9breszt\u0151 program c\u00e9lja az volt, hogy felh\u00edvja a figyelmet a demenci\u00e1ra, k\u00fcl\u00f6n\u00f6sen az id\u0151sebb koroszt\u00e1ly k\u00f6r\u00e9ben, akik a t\u00fcnetegy\u00fcttes szempontj\u00e1b\u00f3l a legink\u00e1bb vesz\u00e9lyeztetettek.<\/p>\n<p>Az \u00f6nkorm\u00e1nyzat t\u00e1j\u00e9koztat\u00e1sa szerint a TOP_PLUSZ p\u00e1ly\u00e1zat t\u00e1mogat\u00e1s\u00e1val az idei \u00e9v sor\u00e1n sz\u00e1mos tov\u00e1bbi ingyenes program is v\u00e1rja majd a l\u00e1batlani \u00e9s s\u00fctt\u0151i lakosokat. A tervek k\u00f6z\u00f6tt szerepelnek prevenci\u00f3s el\u0151ad\u00e1sok, senior \u00f6r\u00f6mt\u00e1nc, sz\u0171r\u0151vizsg\u00e1latok, t\u00e1borok, valamint sport- \u00e9s m\u0171v\u00e9szeti foglalkoz\u00e1sok is, amelyek fiataloknak \u00e9s id\u0151seknek egyar\u00e1nt sz\u00f3lnak.<\/p>\n<p>A szervez\u0151k c\u00e9lja, hogy a programok er\u0151s\u00edts\u00e9k a k\u00f6z\u00f6ss\u00e9gi \u00e9letet, valamint hasznos \u00e9s eg\u00e9szs\u00e9gtudatos lehet\u0151s\u00e9geket k\u00edn\u00e1ljanak a t\u00e9rs\u00e9g lak\u00f3i sz\u00e1m\u00e1ra.<\/p>\n<p><em>Bor\u00edt\u00f3k\u00e9p, forr\u00e1s: L\u00e1bat Lan Facebook-oldal<\/em><\/p>\n","protected":false},"excerpt":{"rendered":"<p>Demenci\u00e1r\u00f3l sz\u00f3l\u00f3 filmvet\u00edt\u00e9ssel indult el az a k\u00f6z\u00f6ss\u00e9gi programsorozat, amelyet L\u00e1batlan V\u00e1ros \u00e9s S\u00fctt\u0151 K\u00f6zs\u00e9g \u00d6nkorm\u00e1nyzata val\u00f3s\u00edt meg TOP_PLUSZ p\u00e1ly\u00e1zati t\u00e1mogat\u00e1s seg\u00edts\u00e9g\u00e9vel. A k\u00f6z\u00f6s projekt els\u0151 rendezv\u00e9ny\u00e9n egy k\u00fcl\u00f6nleges film\u00e9lm\u00e9ny v\u00e1rta az \u00e9rdekl\u0151d\u0151ket: \u201eAz apa\u201d c\u00edm\u0171 alkot\u00e1s ker\u00fclt vet\u00edt\u00e9sre, amely \u00e9rz\u00e9kletesen mutatja be a demenci\u00e1ban szenved\u0151 f\u0151h\u0151s mindennapjait, valamint azt is, hogyan l\u00e1tja a beteg<\/p>\n","protected":false},"author":1,"featured_media":78556,"comment_status":"closed","ping_status":"closed","sticky":false,"template":"","format":"standard","meta":{"ngg_post_thumbnail":0,"footnotes":""},"categories":[3],"tags":[8779,489,376],"class_list":{"0":"post-78555","1":"post","2":"type-post","3":"status-publish","4":"format-standard","5":"has-post-thumbnail","7":"category-hirek","8":"tag-demencia","9":"tag-labatlan","10":"tag-sutto"},"yoast_head":"<!-- This site is optimized with the Yoast SEO plugin v27.4 - https:\/\/yoast.com\/product\/yoast-seo-wordpress\/ -->\n<title>Demenci\u00e1r\u00f3l sz\u00f3l\u00f3 filmvet\u00edt\u00e9ssel indult a k\u00f6z\u00f6ss\u00e9gi programsorozat L\u00e1batlanon<\/title>\n<meta name=\"robots\" content=\"index, follow, max-snippet:-1, max-image-preview:large, max-video-preview:-1\" \/>\n<link rel=\"canonical\" href=\"https:\/\/dorogimedence.hu\/index.php\/2026\/03\/16\/demenciarol-szolo-filmvetitessel-indult-a-kozossegi-programsorozat-labatlanon\/\" class=\"yoast-seo-meta-tag\" \/>\n<meta property=\"og:locale\" content=\"hu_HU\" class=\"yoast-seo-meta-tag\" \/>\n<meta property=\"og:type\" content=\"article\" class=\"yoast-seo-meta-tag\" \/>\n<meta property=\"og:title\" content=\"Demenci\u00e1r\u00f3l sz\u00f3l\u00f3 filmvet\u00edt\u00e9ssel indult a k\u00f6z\u00f6ss\u00e9gi programsorozat L\u00e1batlanon\" class=\"yoast-seo-meta-tag\" \/>\n<meta property=\"og:description\" content=\"Demenci\u00e1r\u00f3l sz\u00f3l\u00f3 filmvet\u00edt\u00e9ssel indult el az a k\u00f6z\u00f6ss\u00e9gi programsorozat, amelyet L\u00e1batlan V\u00e1ros \u00e9s S\u00fctt\u0151 K\u00f6zs\u00e9g \u00d6nkorm\u00e1nyzata val\u00f3s\u00edt meg TOP_PLUSZ p\u00e1ly\u00e1zati t\u00e1mogat\u00e1s seg\u00edts\u00e9g\u00e9vel. A k\u00f6z\u00f6s projekt els\u0151 rendezv\u00e9ny\u00e9n egy k\u00fcl\u00f6nleges film\u00e9lm\u00e9ny v\u00e1rta az \u00e9rdekl\u0151d\u0151ket: \u201eAz apa\u201d c\u00edm\u0171 alkot\u00e1s ker\u00fclt vet\u00edt\u00e9sre, amely \u00e9rz\u00e9kletesen mutatja be a demenci\u00e1ban szenved\u0151 f\u0151h\u0151s mindennapjait, valamint azt is, hogyan l\u00e1tja a beteg\" class=\"yoast-seo-meta-tag\" \/>\n<meta property=\"og:url\" content=\"https:\/\/dorogimedence.hu\/index.php\/2026\/03\/16\/demenciarol-szolo-filmvetitessel-indult-a-kozossegi-programsorozat-labatlanon\/\" class=\"yoast-seo-meta-tag\" \/>\n<meta property=\"og:site_name\" content=\"Dorogi-medence Region\u00e1lis H\u00edrport\u00e1l\" class=\"yoast-seo-meta-tag\" \/>\n<meta property=\"article:publisher\" content=\"https:\/\/www.facebook.com\/dorogimedence\/\" class=\"yoast-seo-meta-tag\" \/>\n<meta property=\"article:published_time\" content=\"2026-03-16T07:56:46+00:00\" class=\"yoast-seo-meta-tag\" \/>\n<meta property=\"og:image\" content=\"https:\/\/dorogimedence.hu\/wp-content\/uploads\/2026\/03\/649838950_1337242688432201_1449474662363504920_n-scaled.jpg\" class=\"yoast-seo-meta-tag\" \/>\n\t<meta property=\"og:image:width\" content=\"2560\" class=\"yoast-seo-meta-tag\" \/>\n\t<meta property=\"og:image:height\" content=\"1182\" class=\"yoast-seo-meta-tag\" \/>\n\t<meta property=\"og:image:type\" content=\"image\/jpeg\" class=\"yoast-seo-meta-tag\" \/>\n<meta name=\"author\" content=\"dorogimedence.hu\" class=\"yoast-seo-meta-tag\" \/>\n<meta name=\"twitter:card\" content=\"summary_large_image\" class=\"yoast-seo-meta-tag\" \/>\n<meta name=\"twitter:label1\" content=\"Szerz\u0151:\" class=\"yoast-seo-meta-tag\" \/>\n\t<meta name=\"twitter:data1\" content=\"dorogimedence.hu\" class=\"yoast-seo-meta-tag\" \/>\n\t<meta name=\"twitter:label2\" content=\"Becs\u00fclt olvas\u00e1si id\u0151\" class=\"yoast-seo-meta-tag\" \/>\n\t<meta name=\"twitter:data2\" content=\"2 perc\" class=\"yoast-seo-meta-tag\" \/>\n<script type=\"application\/ld+json\" class=\"yoast-schema-graph\">{\"@context\":\"https:\\\/\\\/schema.org\",\"@graph\":[{\"@type\":\"Article\",\"@id\":\"https:\\\/\\\/dorogimedence.hu\\\/index.php\\\/2026\\\/03\\\/16\\\/demenciarol-szolo-filmvetitessel-indult-a-kozossegi-programsorozat-labatlanon\\\/#article\",\"isPartOf\":{\"@id\":\"https:\\\/\\\/dorogimedence.hu\\\/index.php\\\/2026\\\/03\\\/16\\\/demenciarol-szolo-filmvetitessel-indult-a-kozossegi-programsorozat-labatlanon\\\/\"},\"author\":{\"name\":\"dorogimedence.hu\",\"@id\":\"https:\\\/\\\/dorogimedence.hu\\\/#\\\/schema\\\/person\\\/ce6091eeb7e95ecdc87890d6aa8e0fd4\"},\"headline\":\"Demenci\u00e1r\u00f3l sz\u00f3l\u00f3 filmvet\u00edt\u00e9ssel indult a k\u00f6z\u00f6ss\u00e9gi programsorozat L\u00e1batlanon\",\"datePublished\":\"2026-03-16T07:56:46+00:00\",\"mainEntityOfPage\":{\"@id\":\"https:\\\/\\\/dorogimedence.hu\\\/index.php\\\/2026\\\/03\\\/16\\\/demenciarol-szolo-filmvetitessel-indult-a-kozossegi-programsorozat-labatlanon\\\/\"},\"wordCount\":330,\"publisher\":{\"@id\":\"https:\\\/\\\/dorogimedence.hu\\\/#organization\"},\"image\":{\"@id\":\"https:\\\/\\\/dorogimedence.hu\\\/index.php\\\/2026\\\/03\\\/16\\\/demenciarol-szolo-filmvetitessel-indult-a-kozossegi-programsorozat-labatlanon\\\/#primaryimage\"},\"thumbnailUrl\":\"https:\\\/\\\/dorogimedence.hu\\\/wp-content\\\/uploads\\\/2026\\\/03\\\/649838950_1337242688432201_1449474662363504920_n-scaled.jpg\",\"keywords\":[\"demencia\",\"L\u00e1batlan\",\"S\u00fctt\u0151\"],\"articleSection\":[\"H\u00edrek\"],\"inLanguage\":\"hu\"},{\"@type\":\"WebPage\",\"@id\":\"https:\\\/\\\/dorogimedence.hu\\\/index.php\\\/2026\\\/03\\\/16\\\/demenciarol-szolo-filmvetitessel-indult-a-kozossegi-programsorozat-labatlanon\\\/\",\"url\":\"https:\\\/\\\/dorogimedence.hu\\\/index.php\\\/2026\\\/03\\\/16\\\/demenciarol-szolo-filmvetitessel-indult-a-kozossegi-programsorozat-labatlanon\\\/\",\"name\":\"Demenci\u00e1r\u00f3l sz\u00f3l\u00f3 filmvet\u00edt\u00e9ssel indult a k\u00f6z\u00f6ss\u00e9gi programsorozat L\u00e1batlanon\",\"isPartOf\":{\"@id\":\"https:\\\/\\\/dorogimedence.hu\\\/#website\"},\"primaryImageOfPage\":{\"@id\":\"https:\\\/\\\/dorogimedence.hu\\\/index.php\\\/2026\\\/03\\\/16\\\/demenciarol-szolo-filmvetitessel-indult-a-kozossegi-programsorozat-labatlanon\\\/#primaryimage\"},\"image\":{\"@id\":\"https:\\\/\\\/dorogimedence.hu\\\/index.php\\\/2026\\\/03\\\/16\\\/demenciarol-szolo-filmvetitessel-indult-a-kozossegi-programsorozat-labatlanon\\\/#primaryimage\"},\"thumbnailUrl\":\"https:\\\/\\\/dorogimedence.hu\\\/wp-content\\\/uploads\\\/2026\\\/03\\\/649838950_1337242688432201_1449474662363504920_n-scaled.jpg\",\"datePublished\":\"2026-03-16T07:56:46+00:00\",\"breadcrumb\":{\"@id\":\"https:\\\/\\\/dorogimedence.hu\\\/index.php\\\/2026\\\/03\\\/16\\\/demenciarol-szolo-filmvetitessel-indult-a-kozossegi-programsorozat-labatlanon\\\/#breadcrumb\"},\"inLanguage\":\"hu\",\"potentialAction\":[{\"@type\":\"ReadAction\",\"target\":[\"https:\\\/\\\/dorogimedence.hu\\\/index.php\\\/2026\\\/03\\\/16\\\/demenciarol-szolo-filmvetitessel-indult-a-kozossegi-programsorozat-labatlanon\\\/\"]}]},{\"@type\":\"ImageObject\",\"inLanguage\":\"hu\",\"@id\":\"https:\\\/\\\/dorogimedence.hu\\\/index.php\\\/2026\\\/03\\\/16\\\/demenciarol-szolo-filmvetitessel-indult-a-kozossegi-programsorozat-labatlanon\\\/#primaryimage\",\"url\":\"https:\\\/\\\/dorogimedence.hu\\\/wp-content\\\/uploads\\\/2026\\\/03\\\/649838950_1337242688432201_1449474662363504920_n-scaled.jpg\",\"contentUrl\":\"https:\\\/\\\/dorogimedence.hu\\\/wp-content\\\/uploads\\\/2026\\\/03\\\/649838950_1337242688432201_1449474662363504920_n-scaled.jpg\",\"width\":2560,\"height\":1182},{\"@type\":\"BreadcrumbList\",\"@id\":\"https:\\\/\\\/dorogimedence.hu\\\/index.php\\\/2026\\\/03\\\/16\\\/demenciarol-szolo-filmvetitessel-indult-a-kozossegi-programsorozat-labatlanon\\\/#breadcrumb\",\"itemListElement\":[{\"@type\":\"ListItem\",\"position\":1,\"name\":\"Kezd\u0151lap\",\"item\":\"https:\\\/\\\/dorogimedence.hu\\\/\"},{\"@type\":\"ListItem\",\"position\":2,\"name\":\"Demenci\u00e1r\u00f3l sz\u00f3l\u00f3 filmvet\u00edt\u00e9ssel indult a k\u00f6z\u00f6ss\u00e9gi programsorozat L\u00e1batlanon\"}]},{\"@type\":\"WebSite\",\"@id\":\"https:\\\/\\\/dorogimedence.hu\\\/#website\",\"url\":\"https:\\\/\\\/dorogimedence.hu\\\/\",\"name\":\"Dorogi-medence Region\u00e1lis H\u00edrport\u00e1l\",\"description\":\"Dorog, Keszt\u00f6lc, Le\u00e1nyv\u00e1r, Piliscs\u00e9v, Tokod, Tokodalt\u00e1r\u00f3, Csolnok, Esztergom-kertv\u00e1ros: h\u00edrek, programok\",\"publisher\":{\"@id\":\"https:\\\/\\\/dorogimedence.hu\\\/#organization\"},\"potentialAction\":[{\"@type\":\"SearchAction\",\"target\":{\"@type\":\"EntryPoint\",\"urlTemplate\":\"https:\\\/\\\/dorogimedence.hu\\\/?s={search_term_string}\"},\"query-input\":{\"@type\":\"PropertyValueSpecification\",\"valueRequired\":true,\"valueName\":\"search_term_string\"}}],\"inLanguage\":\"hu\"},{\"@type\":\"Organization\",\"@id\":\"https:\\\/\\\/dorogimedence.hu\\\/#organization\",\"name\":\"Dorogi-medence Region\u00e1lis H\u00edrport\u00e1l\",\"url\":\"https:\\\/\\\/dorogimedence.hu\\\/\",\"logo\":{\"@type\":\"ImageObject\",\"inLanguage\":\"hu\",\"@id\":\"https:\\\/\\\/dorogimedence.hu\\\/#\\\/schema\\\/logo\\\/image\\\/\",\"url\":\"https:\\\/\\\/dorogimedence.hu\\\/wp-content\\\/uploads\\\/2021\\\/04\\\/logo-feher-600.png\",\"contentUrl\":\"https:\\\/\\\/dorogimedence.hu\\\/wp-content\\\/uploads\\\/2021\\\/04\\\/logo-feher-600.png\",\"width\":600,\"height\":100,\"caption\":\"Dorogi-medence Region\u00e1lis H\u00edrport\u00e1l\"},\"image\":{\"@id\":\"https:\\\/\\\/dorogimedence.hu\\\/#\\\/schema\\\/logo\\\/image\\\/\"},\"sameAs\":[\"https:\\\/\\\/www.facebook.com\\\/dorogimedence\\\/\"]},{\"@type\":\"Person\",\"@id\":\"https:\\\/\\\/dorogimedence.hu\\\/#\\\/schema\\\/person\\\/ce6091eeb7e95ecdc87890d6aa8e0fd4\",\"name\":\"dorogimedence.hu\",\"image\":{\"@type\":\"ImageObject\",\"inLanguage\":\"hu\",\"@id\":\"\\\/\\\/www.gravatar.com\\\/avatar\\\/d8d45f8901aadff40a4af72c0b826f1d?s=96&#038;r=g&#038;d=mm\",\"url\":\"\\\/\\\/www.gravatar.com\\\/avatar\\\/d8d45f8901aadff40a4af72c0b826f1d?s=96&#038;r=g&#038;d=mm\",\"contentUrl\":\"\\\/\\\/www.gravatar.com\\\/avatar\\\/d8d45f8901aadff40a4af72c0b826f1d?s=96&#038;r=g&#038;d=mm\",\"caption\":\"dorogimedence.hu\"}}]}<\/script>\n<!-- \/ Yoast SEO plugin. -->","yoast_head_json":{"title":"Demenci\u00e1r\u00f3l sz\u00f3l\u00f3 filmvet\u00edt\u00e9ssel indult a k\u00f6z\u00f6ss\u00e9gi programsorozat L\u00e1batlanon","robots":{"index":"index","follow":"follow","max-snippet":"max-snippet:-1","max-image-preview":"max-image-preview:large","max-video-preview":"max-video-preview:-1"},"canonical":"https:\/\/dorogimedence.hu\/index.php\/2026\/03\/16\/demenciarol-szolo-filmvetitessel-indult-a-kozossegi-programsorozat-labatlanon\/","og_locale":"hu_HU","og_type":"article","og_title":"Demenci\u00e1r\u00f3l sz\u00f3l\u00f3 filmvet\u00edt\u00e9ssel indult a k\u00f6z\u00f6ss\u00e9gi programsorozat L\u00e1batlanon","og_description":"Demenci\u00e1r\u00f3l sz\u00f3l\u00f3 filmvet\u00edt\u00e9ssel indult el az a k\u00f6z\u00f6ss\u00e9gi programsorozat, amelyet L\u00e1batlan V\u00e1ros \u00e9s S\u00fctt\u0151 K\u00f6zs\u00e9g \u00d6nkorm\u00e1nyzata val\u00f3s\u00edt meg TOP_PLUSZ p\u00e1ly\u00e1zati t\u00e1mogat\u00e1s seg\u00edts\u00e9g\u00e9vel. A k\u00f6z\u00f6s projekt els\u0151 rendezv\u00e9ny\u00e9n egy k\u00fcl\u00f6nleges film\u00e9lm\u00e9ny v\u00e1rta az \u00e9rdekl\u0151d\u0151ket: \u201eAz apa\u201d c\u00edm\u0171 alkot\u00e1s ker\u00fclt vet\u00edt\u00e9sre, amely \u00e9rz\u00e9kletesen mutatja be a demenci\u00e1ban szenved\u0151 f\u0151h\u0151s mindennapjait, valamint azt is, hogyan l\u00e1tja a beteg","og_url":"https:\/\/dorogimedence.hu\/index.php\/2026\/03\/16\/demenciarol-szolo-filmvetitessel-indult-a-kozossegi-programsorozat-labatlanon\/","og_site_name":"Dorogi-medence Region\u00e1lis H\u00edrport\u00e1l","article_publisher":"https:\/\/www.facebook.com\/dorogimedence\/","article_published_time":"2026-03-16T07:56:46+00:00","og_image":[{"width":2560,"height":1182,"url":"https:\/\/dorogimedence.hu\/wp-content\/uploads\/2026\/03\/649838950_1337242688432201_1449474662363504920_n-scaled.jpg","type":"image\/jpeg"}],"author":"dorogimedence.hu","twitter_card":"summary_large_image","twitter_misc":{"Szerz\u0151:":"dorogimedence.hu","Becs\u00fclt olvas\u00e1si id\u0151":"2 perc"},"schema":{"@context":"https:\/\/schema.org","@graph":[{"@type":"Article","@id":"https:\/\/dorogimedence.hu\/index.php\/2026\/03\/16\/demenciarol-szolo-filmvetitessel-indult-a-kozossegi-programsorozat-labatlanon\/#article","isPartOf":{"@id":"https:\/\/dorogimedence.hu\/index.php\/2026\/03\/16\/demenciarol-szolo-filmvetitessel-indult-a-kozossegi-programsorozat-labatlanon\/"},"author":{"name":"dorogimedence.hu","@id":"https:\/\/dorogimedence.hu\/#\/schema\/person\/ce6091eeb7e95ecdc87890d6aa8e0fd4"},"headline":"Demenci\u00e1r\u00f3l sz\u00f3l\u00f3 filmvet\u00edt\u00e9ssel indult a k\u00f6z\u00f6ss\u00e9gi programsorozat L\u00e1batlanon","datePublished":"2026-03-16T07:56:46+00:00","mainEntityOfPage":{"@id":"https:\/\/dorogimedence.hu\/index.php\/2026\/03\/16\/demenciarol-szolo-filmvetitessel-indult-a-kozossegi-programsorozat-labatlanon\/"},"wordCount":330,"publisher":{"@id":"https:\/\/dorogimedence.hu\/#organization"},"image":{"@id":"https:\/\/dorogimedence.hu\/index.php\/2026\/03\/16\/demenciarol-szolo-filmvetitessel-indult-a-kozossegi-programsorozat-labatlanon\/#primaryimage"},"thumbnailUrl":"https:\/\/dorogimedence.hu\/wp-content\/uploads\/2026\/03\/649838950_1337242688432201_1449474662363504920_n-scaled.jpg","keywords":["demencia","L\u00e1batlan","S\u00fctt\u0151"],"articleSection":["H\u00edrek"],"inLanguage":"hu"},{"@type":"WebPage","@id":"https:\/\/dorogimedence.hu\/index.php\/2026\/03\/16\/demenciarol-szolo-filmvetitessel-indult-a-kozossegi-programsorozat-labatlanon\/","url":"https:\/\/dorogimedence.hu\/index.php\/2026\/03\/16\/demenciarol-szolo-filmvetitessel-indult-a-kozossegi-programsorozat-labatlanon\/","name":"Demenci\u00e1r\u00f3l sz\u00f3l\u00f3 filmvet\u00edt\u00e9ssel indult a k\u00f6z\u00f6ss\u00e9gi programsorozat L\u00e1batlanon","isPartOf":{"@id":"https:\/\/dorogimedence.hu\/#website"},"primaryImageOfPage":{"@id":"https:\/\/dorogimedence.hu\/index.php\/2026\/03\/16\/demenciarol-szolo-filmvetitessel-indult-a-kozossegi-programsorozat-labatlanon\/#primaryimage"},"image":{"@id":"https:\/\/dorogimedence.hu\/index.php\/2026\/03\/16\/demenciarol-szolo-filmvetitessel-indult-a-kozossegi-programsorozat-labatlanon\/#primaryimage"},"thumbnailUrl":"https:\/\/dorogimedence.hu\/wp-content\/uploads\/2026\/03\/649838950_1337242688432201_1449474662363504920_n-scaled.jpg","datePublished":"2026-03-16T07:56:46+00:00","breadcrumb":{"@id":"https:\/\/dorogimedence.hu\/index.php\/2026\/03\/16\/demenciarol-szolo-filmvetitessel-indult-a-kozossegi-programsorozat-labatlanon\/#breadcrumb"},"inLanguage":"hu","potentialAction":[{"@type":"ReadAction","target":["https:\/\/dorogimedence.hu\/index.php\/2026\/03\/16\/demenciarol-szolo-filmvetitessel-indult-a-kozossegi-programsorozat-labatlanon\/"]}]},{"@type":"ImageObject","inLanguage":"hu","@id":"https:\/\/dorogimedence.hu\/index.php\/2026\/03\/16\/demenciarol-szolo-filmvetitessel-indult-a-kozossegi-programsorozat-labatlanon\/#primaryimage","url":"https:\/\/dorogimedence.hu\/wp-content\/uploads\/2026\/03\/649838950_1337242688432201_1449474662363504920_n-scaled.jpg","contentUrl":"https:\/\/dorogimedence.hu\/wp-content\/uploads\/2026\/03\/649838950_1337242688432201_1449474662363504920_n-scaled.jpg","width":2560,"height":1182},{"@type":"BreadcrumbList","@id":"https:\/\/dorogimedence.hu\/index.php\/2026\/03\/16\/demenciarol-szolo-filmvetitessel-indult-a-kozossegi-programsorozat-labatlanon\/#breadcrumb","itemListElement":[{"@type":"ListItem","position":1,"name":"Kezd\u0151lap","item":"https:\/\/dorogimedence.hu\/"},{"@type":"ListItem","position":2,"name":"Demenci\u00e1r\u00f3l sz\u00f3l\u00f3 filmvet\u00edt\u00e9ssel indult a k\u00f6z\u00f6ss\u00e9gi programsorozat L\u00e1batlanon"}]},{"@type":"WebSite","@id":"https:\/\/dorogimedence.hu\/#website","url":"https:\/\/dorogimedence.hu\/","name":"Dorogi-medence Region\u00e1lis H\u00edrport\u00e1l","description":"Dorog, Keszt\u00f6lc, Le\u00e1nyv\u00e1r, Piliscs\u00e9v, Tokod, Tokodalt\u00e1r\u00f3, Csolnok, Esztergom-kertv\u00e1ros: h\u00edrek, programok","publisher":{"@id":"https:\/\/dorogimedence.hu\/#organization"},"potentialAction":[{"@type":"SearchAction","target":{"@type":"EntryPoint","urlTemplate":"https:\/\/dorogimedence.hu\/?s={search_term_string}"},"query-input":{"@type":"PropertyValueSpecification","valueRequired":true,"valueName":"search_term_string"}}],"inLanguage":"hu"},{"@type":"Organization","@id":"https:\/\/dorogimedence.hu\/#organization","name":"Dorogi-medence Region\u00e1lis H\u00edrport\u00e1l","url":"https:\/\/dorogimedence.hu\/","logo":{"@type":"ImageObject","inLanguage":"hu","@id":"https:\/\/dorogimedence.hu\/#\/schema\/logo\/image\/","url":"https:\/\/dorogimedence.hu\/wp-content\/uploads\/2021\/04\/logo-feher-600.png","contentUrl":"https:\/\/dorogimedence.hu\/wp-content\/uploads\/2021\/04\/logo-feher-600.png","width":600,"height":100,"caption":"Dorogi-medence Region\u00e1lis H\u00edrport\u00e1l"},"image":{"@id":"https:\/\/dorogimedence.hu\/#\/schema\/logo\/image\/"},"sameAs":["https:\/\/www.facebook.com\/dorogimedence\/"]},{"@type":"Person","@id":"https:\/\/dorogimedence.hu\/#\/schema\/person\/ce6091eeb7e95ecdc87890d6aa8e0fd4","name":"dorogimedence.hu","image":{"@type":"ImageObject","inLanguage":"hu","@id":"\/\/www.gravatar.com\/avatar\/d8d45f8901aadff40a4af72c0b826f1d?s=96&#038;r=g&#038;d=mm","url":"\/\/www.gravatar.com\/avatar\/d8d45f8901aadff40a4af72c0b826f1d?s=96&#038;r=g&#038;d=mm","contentUrl":"\/\/www.gravatar.com\/avatar\/d8d45f8901aadff40a4af72c0b826f1d?s=96&#038;r=g&#038;d=mm","caption":"dorogimedence.hu"}}]}},"_links":{"self":[{"href":"https:\/\/dorogimedence.hu\/index.php\/wp-json\/wp\/v2\/posts\/78555","targetHints":{"allow":["GET"]}}],"collection":[{"href":"https:\/\/dorogimedence.hu\/index.php\/wp-json\/wp\/v2\/posts"}],"about":[{"href":"https:\/\/dorogimedence.hu\/index.php\/wp-json\/wp\/v2\/types\/post"}],"author":[{"embeddable":true,"href":"https:\/\/dorogimedence.hu\/index.php\/wp-json\/wp\/v2\/users\/1"}],"replies":[{"embeddable":true,"href":"https:\/\/dorogimedence.hu\/index.php\/wp-json\/wp\/v2\/comments?post=78555"}],"version-history":[{"count":1,"href":"https:\/\/dorogimedence.hu\/index.php\/wp-json\/wp\/v2\/posts\/78555\/revisions"}],"predecessor-version":[{"id":78557,"href":"https:\/\/dorogimedence.hu\/index.php\/wp-json\/wp\/v2\/posts\/78555\/revisions\/78557"}],"wp:featuredmedia":[{"embeddable":true,"href":"https:\/\/dorogimedence.hu\/index.php\/wp-json\/wp\/v2\/media\/78556"}],"wp:attachment":[{"href":"https:\/\/dorogimedence.hu\/index.php\/wp-json\/wp\/v2\/media?parent=78555"}],"wp:term":[{"taxonomy":"category","embeddable":true,"href":"https:\/\/dorogimedence.hu\/index.php\/wp-json\/wp\/v2\/categories?post=78555"},{"taxonomy":"post_tag","embeddable":true,"href":"https:\/\/dorogimedence.hu\/index.php\/wp-json\/wp\/v2\/tags?post=78555"}],"curies":[{"name":"wp","href":"https:\/\/api.w.org\/{rel}","templated":true}]}}