{"id":78550,"date":"2026-03-16T07:39:43","date_gmt":"2026-03-16T06:39:43","guid":{"rendered":"https:\/\/dorogimedence.hu\/?p=78550"},"modified":"2026-03-16T07:39:43","modified_gmt":"2026-03-16T06:39:43","slug":"tobb-aranyeremmel-zartak-a-terseg-kemposai-a-budapest-openen","status":"publish","type":"post","link":"https:\/\/dorogimedence.hu\/index.php\/2026\/03\/16\/tobb-aranyeremmel-zartak-a-terseg-kemposai-a-budapest-openen\/","title":{"rendered":"T\u00f6bb arany\u00e9remmel z\u00e1rtak a t\u00e9rs\u00e9g kemp\u00f3sai a Budapest Openen"},"content":{"rendered":"<p><strong>Sz\u00e9p sikereket \u00e9rtek el a Fighting Kempo Pokorni Team versenyz\u0151i a Budapest Open nemzetk\u00f6zi versenyen, amelyet m\u00e1rcius 14-\u00e9n, szombaton rendeztek meg. Az esztergom-kertv\u00e1rosi \u00e9s s\u00e1ris\u00e1pi csapat sportol\u00f3i n\u00e9pes \u00e9s er\u0151s mez\u0151nyben l\u00e9ptek tatamira.<\/strong><\/p>\n<p>A viadal rangj\u00e1t emelte, hogy a WKU nemzetk\u00f6zi Kick-box Sz\u00f6vets\u00e9g aleln\u00f6ke is a helysz\u00ednen tekintette meg a versenyeket. A torn\u00e1n t\u00f6bb k\u00fczd\u0151sport st\u00edlus k\u00e9pvisel\u0151i is jelen voltak: a csapatok kempo, kick-box, muay thai \u00e9s karate szak\u00e1gakb\u00f3l \u00e9rkeztek.<\/p>\n<p>A Fighting Kempo Pokorni Team sz\u00edneiben esztergom-kertv\u00e1rosi, dorogi, s\u00e1ris\u00e1pi \u00e9s annav\u00f6lgyi versenyz\u0151k indultak, akik t\u00f6bb dobog\u00f3s helyez\u00e9st is szereztek.<\/p>\n<p><strong>Eredm\u00e9nyek:<\/strong><\/p>\n<ul>\n<li>Bakk Eszter \u2013 Kick Light: 1. hely<br \/>\nK1 szab\u00e1lyrendszerben bemutat\u00f3 m\u00e9rk\u0151z\u00e9st v\u00edvott, teljes\u00edtm\u00e9ny\u00e9\u00e9rt k\u00fcl\u00f6nd\u00edjban r\u00e9szes\u00fclt<\/li>\n<li>Kolozsv\u00e1ri Ramon \u2013 K1: 2. hely<\/li>\n<li>Kl\u00e1nyi Erik \u2013 K1: 2. hely<\/li>\n<li>F\u00fcle Kevin \u2013 Light Contact: 1. hely, Kick Light: 2. hely<\/li>\n<li>K\u00e1ntor Bogl\u00e1rka \u2013 Kick Light: 1. hely<\/li>\n<\/ul>\n<p>A versenyz\u0151k felk\u00e9sz\u00edt\u00e9s\u00e9t Shihan Pokorni G\u00e1bor, Sensei Pokorni G\u00e1born\u00e9 \u00e9s Sensei Pokorni \u00c1d\u00e1m v\u00e9gezt\u00e9k.<\/p>\n<p>A t\u00e9rs\u00e9g fiatal k\u00fczd\u0151sportol\u00f3i ism\u00e9t bizony\u00edtott\u00e1k, hogy nemzetk\u00f6zi mez\u0151nyben is meg\u00e1llj\u00e1k a hely\u00fcket, \u00e9s \u00e9rt\u00e9kes tapasztalatokkal, valamint t\u00f6bb arany\u00e9remmel t\u00e9rtek haza a rangos budapesti versenyr\u0151l.<\/p>\n<p><em>Bor\u00edt\u00f3k\u00e9p: Fighting Kempo Pokorni Team<\/em><\/p>\n","protected":false},"excerpt":{"rendered":"<p>Sz\u00e9p sikereket \u00e9rtek el a Fighting Kempo Pokorni Team versenyz\u0151i a Budapest Open nemzetk\u00f6zi versenyen, amelyet m\u00e1rcius 14-\u00e9n, szombaton rendeztek meg. Az esztergom-kertv\u00e1rosi \u00e9s s\u00e1ris\u00e1pi csapat sportol\u00f3i n\u00e9pes \u00e9s er\u0151s mez\u0151nyben l\u00e9ptek tatamira. A viadal rangj\u00e1t emelte, hogy a WKU nemzetk\u00f6zi Kick-box Sz\u00f6vets\u00e9g aleln\u00f6ke is a helysz\u00ednen tekintette meg a versenyeket. A torn\u00e1n t\u00f6bb k\u00fczd\u0151sport<\/p>\n","protected":false},"author":1,"featured_media":78551,"comment_status":"closed","ping_status":"closed","sticky":false,"template":"","format":"standard","meta":{"ngg_post_thumbnail":0,"footnotes":""},"categories":[38,7,3,5],"tags":[42,169,3080,444,423,16],"class_list":{"0":"post-78550","1":"post","2":"type-post","3":"status-publish","4":"format-standard","5":"has-post-thumbnail","7":"category-esztergom","8":"category-esztergom_kertvaros","9":"category-hirek","10":"category-sport","11":"tag-esztergom","12":"tag-esztergom-kertvaros","13":"tag-fighting-kempo-pokorni-team","14":"tag-kempo","15":"tag-sarisap","16":"tag-sport"},"yoast_head":"<!-- This site is optimized with the Yoast SEO plugin v27.5 - https:\/\/yoast.com\/product\/yoast-seo-wordpress\/ -->\n<title>T\u00f6bb arany\u00e9remmel z\u00e1rtak a t\u00e9rs\u00e9g kemp\u00f3sai a Budapest Openen<\/title>\n<meta name=\"robots\" content=\"index, follow, max-snippet:-1, max-image-preview:large, max-video-preview:-1\" \/>\n<link rel=\"canonical\" href=\"https:\/\/dorogimedence.hu\/index.php\/2026\/03\/16\/tobb-aranyeremmel-zartak-a-terseg-kemposai-a-budapest-openen\/\" class=\"yoast-seo-meta-tag\" \/>\n<meta property=\"og:locale\" content=\"hu_HU\" class=\"yoast-seo-meta-tag\" \/>\n<meta property=\"og:type\" content=\"article\" class=\"yoast-seo-meta-tag\" \/>\n<meta property=\"og:title\" content=\"T\u00f6bb arany\u00e9remmel z\u00e1rtak a t\u00e9rs\u00e9g kemp\u00f3sai a Budapest Openen\" class=\"yoast-seo-meta-tag\" \/>\n<meta property=\"og:description\" content=\"Sz\u00e9p sikereket \u00e9rtek el a Fighting Kempo Pokorni Team versenyz\u0151i a Budapest Open nemzetk\u00f6zi versenyen, amelyet m\u00e1rcius 14-\u00e9n, szombaton rendeztek meg. Az esztergom-kertv\u00e1rosi \u00e9s s\u00e1ris\u00e1pi csapat sportol\u00f3i n\u00e9pes \u00e9s er\u0151s mez\u0151nyben l\u00e9ptek tatamira. A viadal rangj\u00e1t emelte, hogy a WKU nemzetk\u00f6zi Kick-box Sz\u00f6vets\u00e9g aleln\u00f6ke is a helysz\u00ednen tekintette meg a versenyeket. A torn\u00e1n t\u00f6bb k\u00fczd\u0151sport\" class=\"yoast-seo-meta-tag\" \/>\n<meta property=\"og:url\" content=\"https:\/\/dorogimedence.hu\/index.php\/2026\/03\/16\/tobb-aranyeremmel-zartak-a-terseg-kemposai-a-budapest-openen\/\" class=\"yoast-seo-meta-tag\" \/>\n<meta property=\"og:site_name\" content=\"Dorogi-medence Region\u00e1lis H\u00edrport\u00e1l\" class=\"yoast-seo-meta-tag\" \/>\n<meta property=\"article:publisher\" content=\"https:\/\/www.facebook.com\/dorogimedence\/\" class=\"yoast-seo-meta-tag\" \/>\n<meta property=\"article:published_time\" content=\"2026-03-16T06:39:43+00:00\" class=\"yoast-seo-meta-tag\" \/>\n<meta property=\"og:image\" content=\"https:\/\/dorogimedence.hu\/wp-content\/uploads\/2026\/03\/kempo-1.jpg\" class=\"yoast-seo-meta-tag\" \/>\n\t<meta property=\"og:image:width\" content=\"1920\" class=\"yoast-seo-meta-tag\" \/>\n\t<meta property=\"og:image:height\" content=\"970\" class=\"yoast-seo-meta-tag\" \/>\n\t<meta property=\"og:image:type\" content=\"image\/jpeg\" class=\"yoast-seo-meta-tag\" \/>\n<meta name=\"author\" content=\"dorogimedence.hu\" class=\"yoast-seo-meta-tag\" \/>\n<meta name=\"twitter:card\" content=\"summary_large_image\" class=\"yoast-seo-meta-tag\" \/>\n<meta name=\"twitter:label1\" content=\"Szerz\u0151:\" class=\"yoast-seo-meta-tag\" \/>\n\t<meta name=\"twitter:data1\" content=\"dorogimedence.hu\" class=\"yoast-seo-meta-tag\" \/>\n\t<meta name=\"twitter:label2\" content=\"Becs\u00fclt olvas\u00e1si id\u0151\" class=\"yoast-seo-meta-tag\" \/>\n\t<meta name=\"twitter:data2\" content=\"1 perc\" class=\"yoast-seo-meta-tag\" \/>\n<script type=\"application\/ld+json\" class=\"yoast-schema-graph\">{\"@context\":\"https:\\\/\\\/schema.org\",\"@graph\":[{\"@type\":\"Article\",\"@id\":\"https:\\\/\\\/dorogimedence.hu\\\/index.php\\\/2026\\\/03\\\/16\\\/tobb-aranyeremmel-zartak-a-terseg-kemposai-a-budapest-openen\\\/#article\",\"isPartOf\":{\"@id\":\"https:\\\/\\\/dorogimedence.hu\\\/index.php\\\/2026\\\/03\\\/16\\\/tobb-aranyeremmel-zartak-a-terseg-kemposai-a-budapest-openen\\\/\"},\"author\":{\"name\":\"dorogimedence.hu\",\"@id\":\"https:\\\/\\\/dorogimedence.hu\\\/#\\\/schema\\\/person\\\/ce6091eeb7e95ecdc87890d6aa8e0fd4\"},\"headline\":\"T\u00f6bb arany\u00e9remmel z\u00e1rtak a t\u00e9rs\u00e9g kemp\u00f3sai a Budapest Openen\",\"datePublished\":\"2026-03-16T06:39:43+00:00\",\"mainEntityOfPage\":{\"@id\":\"https:\\\/\\\/dorogimedence.hu\\\/index.php\\\/2026\\\/03\\\/16\\\/tobb-aranyeremmel-zartak-a-terseg-kemposai-a-budapest-openen\\\/\"},\"wordCount\":270,\"publisher\":{\"@id\":\"https:\\\/\\\/dorogimedence.hu\\\/#organization\"},\"image\":{\"@id\":\"https:\\\/\\\/dorogimedence.hu\\\/index.php\\\/2026\\\/03\\\/16\\\/tobb-aranyeremmel-zartak-a-terseg-kemposai-a-budapest-openen\\\/#primaryimage\"},\"thumbnailUrl\":\"https:\\\/\\\/dorogimedence.hu\\\/wp-content\\\/uploads\\\/2026\\\/03\\\/kempo-1.jpg\",\"keywords\":[\"esztergom\",\"Esztergom-kertv\u00e1ros\",\"Fighting Kempo Pokorni Team\",\"Kempo\",\"S\u00e1ris\u00e1p\",\"sport\"],\"articleSection\":[\"Esztergom\",\"Esztergom-kertv\u00e1ros\",\"H\u00edrek\",\"Sport\"],\"inLanguage\":\"hu\"},{\"@type\":\"WebPage\",\"@id\":\"https:\\\/\\\/dorogimedence.hu\\\/index.php\\\/2026\\\/03\\\/16\\\/tobb-aranyeremmel-zartak-a-terseg-kemposai-a-budapest-openen\\\/\",\"url\":\"https:\\\/\\\/dorogimedence.hu\\\/index.php\\\/2026\\\/03\\\/16\\\/tobb-aranyeremmel-zartak-a-terseg-kemposai-a-budapest-openen\\\/\",\"name\":\"T\u00f6bb arany\u00e9remmel z\u00e1rtak a t\u00e9rs\u00e9g kemp\u00f3sai a Budapest Openen\",\"isPartOf\":{\"@id\":\"https:\\\/\\\/dorogimedence.hu\\\/#website\"},\"primaryImageOfPage\":{\"@id\":\"https:\\\/\\\/dorogimedence.hu\\\/index.php\\\/2026\\\/03\\\/16\\\/tobb-aranyeremmel-zartak-a-terseg-kemposai-a-budapest-openen\\\/#primaryimage\"},\"image\":{\"@id\":\"https:\\\/\\\/dorogimedence.hu\\\/index.php\\\/2026\\\/03\\\/16\\\/tobb-aranyeremmel-zartak-a-terseg-kemposai-a-budapest-openen\\\/#primaryimage\"},\"thumbnailUrl\":\"https:\\\/\\\/dorogimedence.hu\\\/wp-content\\\/uploads\\\/2026\\\/03\\\/kempo-1.jpg\",\"datePublished\":\"2026-03-16T06:39:43+00:00\",\"breadcrumb\":{\"@id\":\"https:\\\/\\\/dorogimedence.hu\\\/index.php\\\/2026\\\/03\\\/16\\\/tobb-aranyeremmel-zartak-a-terseg-kemposai-a-budapest-openen\\\/#breadcrumb\"},\"inLanguage\":\"hu\",\"potentialAction\":[{\"@type\":\"ReadAction\",\"target\":[\"https:\\\/\\\/dorogimedence.hu\\\/index.php\\\/2026\\\/03\\\/16\\\/tobb-aranyeremmel-zartak-a-terseg-kemposai-a-budapest-openen\\\/\"]}]},{\"@type\":\"ImageObject\",\"inLanguage\":\"hu\",\"@id\":\"https:\\\/\\\/dorogimedence.hu\\\/index.php\\\/2026\\\/03\\\/16\\\/tobb-aranyeremmel-zartak-a-terseg-kemposai-a-budapest-openen\\\/#primaryimage\",\"url\":\"https:\\\/\\\/dorogimedence.hu\\\/wp-content\\\/uploads\\\/2026\\\/03\\\/kempo-1.jpg\",\"contentUrl\":\"https:\\\/\\\/dorogimedence.hu\\\/wp-content\\\/uploads\\\/2026\\\/03\\\/kempo-1.jpg\",\"width\":1920,\"height\":970},{\"@type\":\"BreadcrumbList\",\"@id\":\"https:\\\/\\\/dorogimedence.hu\\\/index.php\\\/2026\\\/03\\\/16\\\/tobb-aranyeremmel-zartak-a-terseg-kemposai-a-budapest-openen\\\/#breadcrumb\",\"itemListElement\":[{\"@type\":\"ListItem\",\"position\":1,\"name\":\"Kezd\u0151lap\",\"item\":\"https:\\\/\\\/dorogimedence.hu\\\/\"},{\"@type\":\"ListItem\",\"position\":2,\"name\":\"T\u00f6bb arany\u00e9remmel z\u00e1rtak a t\u00e9rs\u00e9g kemp\u00f3sai a Budapest Openen\"}]},{\"@type\":\"WebSite\",\"@id\":\"https:\\\/\\\/dorogimedence.hu\\\/#website\",\"url\":\"https:\\\/\\\/dorogimedence.hu\\\/\",\"name\":\"Dorogi-medence Region\u00e1lis H\u00edrport\u00e1l\",\"description\":\"Dorog, Keszt\u00f6lc, Le\u00e1nyv\u00e1r, Piliscs\u00e9v, Tokod, Tokodalt\u00e1r\u00f3, Csolnok, Esztergom-kertv\u00e1ros: h\u00edrek, programok\",\"publisher\":{\"@id\":\"https:\\\/\\\/dorogimedence.hu\\\/#organization\"},\"potentialAction\":[{\"@type\":\"SearchAction\",\"target\":{\"@type\":\"EntryPoint\",\"urlTemplate\":\"https:\\\/\\\/dorogimedence.hu\\\/?s={search_term_string}\"},\"query-input\":{\"@type\":\"PropertyValueSpecification\",\"valueRequired\":true,\"valueName\":\"search_term_string\"}}],\"inLanguage\":\"hu\"},{\"@type\":\"Organization\",\"@id\":\"https:\\\/\\\/dorogimedence.hu\\\/#organization\",\"name\":\"Dorogi-medence Region\u00e1lis H\u00edrport\u00e1l\",\"url\":\"https:\\\/\\\/dorogimedence.hu\\\/\",\"logo\":{\"@type\":\"ImageObject\",\"inLanguage\":\"hu\",\"@id\":\"https:\\\/\\\/dorogimedence.hu\\\/#\\\/schema\\\/logo\\\/image\\\/\",\"url\":\"https:\\\/\\\/dorogimedence.hu\\\/wp-content\\\/uploads\\\/2021\\\/04\\\/logo-feher-600.png\",\"contentUrl\":\"https:\\\/\\\/dorogimedence.hu\\\/wp-content\\\/uploads\\\/2021\\\/04\\\/logo-feher-600.png\",\"width\":600,\"height\":100,\"caption\":\"Dorogi-medence Region\u00e1lis H\u00edrport\u00e1l\"},\"image\":{\"@id\":\"https:\\\/\\\/dorogimedence.hu\\\/#\\\/schema\\\/logo\\\/image\\\/\"},\"sameAs\":[\"https:\\\/\\\/www.facebook.com\\\/dorogimedence\\\/\"]},{\"@type\":\"Person\",\"@id\":\"https:\\\/\\\/dorogimedence.hu\\\/#\\\/schema\\\/person\\\/ce6091eeb7e95ecdc87890d6aa8e0fd4\",\"name\":\"dorogimedence.hu\",\"image\":{\"@type\":\"ImageObject\",\"inLanguage\":\"hu\",\"@id\":\"\\\/\\\/www.gravatar.com\\\/avatar\\\/d8d45f8901aadff40a4af72c0b826f1d?s=96&#038;r=g&#038;d=mm\",\"url\":\"\\\/\\\/www.gravatar.com\\\/avatar\\\/d8d45f8901aadff40a4af72c0b826f1d?s=96&#038;r=g&#038;d=mm\",\"contentUrl\":\"\\\/\\\/www.gravatar.com\\\/avatar\\\/d8d45f8901aadff40a4af72c0b826f1d?s=96&#038;r=g&#038;d=mm\",\"caption\":\"dorogimedence.hu\"}}]}<\/script>\n<!-- \/ Yoast SEO plugin. -->","yoast_head_json":{"title":"T\u00f6bb arany\u00e9remmel z\u00e1rtak a t\u00e9rs\u00e9g kemp\u00f3sai a Budapest Openen","robots":{"index":"index","follow":"follow","max-snippet":"max-snippet:-1","max-image-preview":"max-image-preview:large","max-video-preview":"max-video-preview:-1"},"canonical":"https:\/\/dorogimedence.hu\/index.php\/2026\/03\/16\/tobb-aranyeremmel-zartak-a-terseg-kemposai-a-budapest-openen\/","og_locale":"hu_HU","og_type":"article","og_title":"T\u00f6bb arany\u00e9remmel z\u00e1rtak a t\u00e9rs\u00e9g kemp\u00f3sai a Budapest Openen","og_description":"Sz\u00e9p sikereket \u00e9rtek el a Fighting Kempo Pokorni Team versenyz\u0151i a Budapest Open nemzetk\u00f6zi versenyen, amelyet m\u00e1rcius 14-\u00e9n, szombaton rendeztek meg. Az esztergom-kertv\u00e1rosi \u00e9s s\u00e1ris\u00e1pi csapat sportol\u00f3i n\u00e9pes \u00e9s er\u0151s mez\u0151nyben l\u00e9ptek tatamira. A viadal rangj\u00e1t emelte, hogy a WKU nemzetk\u00f6zi Kick-box Sz\u00f6vets\u00e9g aleln\u00f6ke is a helysz\u00ednen tekintette meg a versenyeket. A torn\u00e1n t\u00f6bb k\u00fczd\u0151sport","og_url":"https:\/\/dorogimedence.hu\/index.php\/2026\/03\/16\/tobb-aranyeremmel-zartak-a-terseg-kemposai-a-budapest-openen\/","og_site_name":"Dorogi-medence Region\u00e1lis H\u00edrport\u00e1l","article_publisher":"https:\/\/www.facebook.com\/dorogimedence\/","article_published_time":"2026-03-16T06:39:43+00:00","og_image":[{"width":1920,"height":970,"url":"https:\/\/dorogimedence.hu\/wp-content\/uploads\/2026\/03\/kempo-1.jpg","type":"image\/jpeg"}],"author":"dorogimedence.hu","twitter_card":"summary_large_image","twitter_misc":{"Szerz\u0151:":"dorogimedence.hu","Becs\u00fclt olvas\u00e1si id\u0151":"1 perc"},"schema":{"@context":"https:\/\/schema.org","@graph":[{"@type":"Article","@id":"https:\/\/dorogimedence.hu\/index.php\/2026\/03\/16\/tobb-aranyeremmel-zartak-a-terseg-kemposai-a-budapest-openen\/#article","isPartOf":{"@id":"https:\/\/dorogimedence.hu\/index.php\/2026\/03\/16\/tobb-aranyeremmel-zartak-a-terseg-kemposai-a-budapest-openen\/"},"author":{"name":"dorogimedence.hu","@id":"https:\/\/dorogimedence.hu\/#\/schema\/person\/ce6091eeb7e95ecdc87890d6aa8e0fd4"},"headline":"T\u00f6bb arany\u00e9remmel z\u00e1rtak a t\u00e9rs\u00e9g kemp\u00f3sai a Budapest Openen","datePublished":"2026-03-16T06:39:43+00:00","mainEntityOfPage":{"@id":"https:\/\/dorogimedence.hu\/index.php\/2026\/03\/16\/tobb-aranyeremmel-zartak-a-terseg-kemposai-a-budapest-openen\/"},"wordCount":270,"publisher":{"@id":"https:\/\/dorogimedence.hu\/#organization"},"image":{"@id":"https:\/\/dorogimedence.hu\/index.php\/2026\/03\/16\/tobb-aranyeremmel-zartak-a-terseg-kemposai-a-budapest-openen\/#primaryimage"},"thumbnailUrl":"https:\/\/dorogimedence.hu\/wp-content\/uploads\/2026\/03\/kempo-1.jpg","keywords":["esztergom","Esztergom-kertv\u00e1ros","Fighting Kempo Pokorni Team","Kempo","S\u00e1ris\u00e1p","sport"],"articleSection":["Esztergom","Esztergom-kertv\u00e1ros","H\u00edrek","Sport"],"inLanguage":"hu"},{"@type":"WebPage","@id":"https:\/\/dorogimedence.hu\/index.php\/2026\/03\/16\/tobb-aranyeremmel-zartak-a-terseg-kemposai-a-budapest-openen\/","url":"https:\/\/dorogimedence.hu\/index.php\/2026\/03\/16\/tobb-aranyeremmel-zartak-a-terseg-kemposai-a-budapest-openen\/","name":"T\u00f6bb arany\u00e9remmel z\u00e1rtak a t\u00e9rs\u00e9g kemp\u00f3sai a Budapest Openen","isPartOf":{"@id":"https:\/\/dorogimedence.hu\/#website"},"primaryImageOfPage":{"@id":"https:\/\/dorogimedence.hu\/index.php\/2026\/03\/16\/tobb-aranyeremmel-zartak-a-terseg-kemposai-a-budapest-openen\/#primaryimage"},"image":{"@id":"https:\/\/dorogimedence.hu\/index.php\/2026\/03\/16\/tobb-aranyeremmel-zartak-a-terseg-kemposai-a-budapest-openen\/#primaryimage"},"thumbnailUrl":"https:\/\/dorogimedence.hu\/wp-content\/uploads\/2026\/03\/kempo-1.jpg","datePublished":"2026-03-16T06:39:43+00:00","breadcrumb":{"@id":"https:\/\/dorogimedence.hu\/index.php\/2026\/03\/16\/tobb-aranyeremmel-zartak-a-terseg-kemposai-a-budapest-openen\/#breadcrumb"},"inLanguage":"hu","potentialAction":[{"@type":"ReadAction","target":["https:\/\/dorogimedence.hu\/index.php\/2026\/03\/16\/tobb-aranyeremmel-zartak-a-terseg-kemposai-a-budapest-openen\/"]}]},{"@type":"ImageObject","inLanguage":"hu","@id":"https:\/\/dorogimedence.hu\/index.php\/2026\/03\/16\/tobb-aranyeremmel-zartak-a-terseg-kemposai-a-budapest-openen\/#primaryimage","url":"https:\/\/dorogimedence.hu\/wp-content\/uploads\/2026\/03\/kempo-1.jpg","contentUrl":"https:\/\/dorogimedence.hu\/wp-content\/uploads\/2026\/03\/kempo-1.jpg","width":1920,"height":970},{"@type":"BreadcrumbList","@id":"https:\/\/dorogimedence.hu\/index.php\/2026\/03\/16\/tobb-aranyeremmel-zartak-a-terseg-kemposai-a-budapest-openen\/#breadcrumb","itemListElement":[{"@type":"ListItem","position":1,"name":"Kezd\u0151lap","item":"https:\/\/dorogimedence.hu\/"},{"@type":"ListItem","position":2,"name":"T\u00f6bb arany\u00e9remmel z\u00e1rtak a t\u00e9rs\u00e9g kemp\u00f3sai a Budapest Openen"}]},{"@type":"WebSite","@id":"https:\/\/dorogimedence.hu\/#website","url":"https:\/\/dorogimedence.hu\/","name":"Dorogi-medence Region\u00e1lis H\u00edrport\u00e1l","description":"Dorog, Keszt\u00f6lc, Le\u00e1nyv\u00e1r, Piliscs\u00e9v, Tokod, Tokodalt\u00e1r\u00f3, Csolnok, Esztergom-kertv\u00e1ros: h\u00edrek, programok","publisher":{"@id":"https:\/\/dorogimedence.hu\/#organization"},"potentialAction":[{"@type":"SearchAction","target":{"@type":"EntryPoint","urlTemplate":"https:\/\/dorogimedence.hu\/?s={search_term_string}"},"query-input":{"@type":"PropertyValueSpecification","valueRequired":true,"valueName":"search_term_string"}}],"inLanguage":"hu"},{"@type":"Organization","@id":"https:\/\/dorogimedence.hu\/#organization","name":"Dorogi-medence Region\u00e1lis H\u00edrport\u00e1l","url":"https:\/\/dorogimedence.hu\/","logo":{"@type":"ImageObject","inLanguage":"hu","@id":"https:\/\/dorogimedence.hu\/#\/schema\/logo\/image\/","url":"https:\/\/dorogimedence.hu\/wp-content\/uploads\/2021\/04\/logo-feher-600.png","contentUrl":"https:\/\/dorogimedence.hu\/wp-content\/uploads\/2021\/04\/logo-feher-600.png","width":600,"height":100,"caption":"Dorogi-medence Region\u00e1lis H\u00edrport\u00e1l"},"image":{"@id":"https:\/\/dorogimedence.hu\/#\/schema\/logo\/image\/"},"sameAs":["https:\/\/www.facebook.com\/dorogimedence\/"]},{"@type":"Person","@id":"https:\/\/dorogimedence.hu\/#\/schema\/person\/ce6091eeb7e95ecdc87890d6aa8e0fd4","name":"dorogimedence.hu","image":{"@type":"ImageObject","inLanguage":"hu","@id":"\/\/www.gravatar.com\/avatar\/d8d45f8901aadff40a4af72c0b826f1d?s=96&#038;r=g&#038;d=mm","url":"\/\/www.gravatar.com\/avatar\/d8d45f8901aadff40a4af72c0b826f1d?s=96&#038;r=g&#038;d=mm","contentUrl":"\/\/www.gravatar.com\/avatar\/d8d45f8901aadff40a4af72c0b826f1d?s=96&#038;r=g&#038;d=mm","caption":"dorogimedence.hu"}}]}},"_links":{"self":[{"href":"https:\/\/dorogimedence.hu\/index.php\/wp-json\/wp\/v2\/posts\/78550","targetHints":{"allow":["GET"]}}],"collection":[{"href":"https:\/\/dorogimedence.hu\/index.php\/wp-json\/wp\/v2\/posts"}],"about":[{"href":"https:\/\/dorogimedence.hu\/index.php\/wp-json\/wp\/v2\/types\/post"}],"author":[{"embeddable":true,"href":"https:\/\/dorogimedence.hu\/index.php\/wp-json\/wp\/v2\/users\/1"}],"replies":[{"embeddable":true,"href":"https:\/\/dorogimedence.hu\/index.php\/wp-json\/wp\/v2\/comments?post=78550"}],"version-history":[{"count":1,"href":"https:\/\/dorogimedence.hu\/index.php\/wp-json\/wp\/v2\/posts\/78550\/revisions"}],"predecessor-version":[{"id":78552,"href":"https:\/\/dorogimedence.hu\/index.php\/wp-json\/wp\/v2\/posts\/78550\/revisions\/78552"}],"wp:featuredmedia":[{"embeddable":true,"href":"https:\/\/dorogimedence.hu\/index.php\/wp-json\/wp\/v2\/media\/78551"}],"wp:attachment":[{"href":"https:\/\/dorogimedence.hu\/index.php\/wp-json\/wp\/v2\/media?parent=78550"}],"wp:term":[{"taxonomy":"category","embeddable":true,"href":"https:\/\/dorogimedence.hu\/index.php\/wp-json\/wp\/v2\/categories?post=78550"},{"taxonomy":"post_tag","embeddable":true,"href":"https:\/\/dorogimedence.hu\/index.php\/wp-json\/wp\/v2\/tags?post=78550"}],"curies":[{"name":"wp","href":"https:\/\/api.w.org\/{rel}","templated":true}]}}