{"id":78496,"date":"2026-03-13T04:00:48","date_gmt":"2026-03-13T03:00:48","guid":{"rendered":"https:\/\/dorogimedence.hu\/?p=78496"},"modified":"2026-03-13T18:57:39","modified_gmt":"2026-03-13T17:57:39","slug":"a-vallalati-toke-a-tisza-part-zaszloja-alatt-keszul-az-allam-privatizalasara","status":"publish","type":"post","link":"https:\/\/dorogimedence.hu\/index.php\/2026\/03\/13\/a-vallalati-toke-a-tisza-part-zaszloja-alatt-keszul-az-allam-privatizalasara\/","title":{"rendered":"A v\u00e1llalati t\u0151ke a Tisza P\u00e1rt z\u00e1szl\u00f3ja alatt k\u00e9sz\u00fcl az \u00e1llam privatiz\u00e1l\u00e1s\u00e1ra"},"content":{"rendered":"<p>A politikai elitv\u00e1lt\u00e1st gyakran a meg\u00fajul\u00e1s \u00e9s a technokrata szakmais\u00e1g jelszavai alatt t\u00e1lalj\u00e1k a nyilv\u00e1noss\u00e1gnak. Azonban a magyar TISZA p\u00e1rt szem\u00e9lyi \u00f6sszet\u00e9tel\u00e9nek r\u00e9szletes elemz\u00e9se eg\u00e9szen m\u00e1s, j\u00f3val pragmatikusabb folyamatot mutat: az \u00e1llami funkci\u00f3k nagyszab\u00e1s\u00fa piacos\u00edt\u00e1s\u00e1nak el\u0151k\u00e9sz\u00edt\u00e9s\u00e9t. A kulcsszerepl\u0151k profiljainak elemz\u00e9se azt jelzi, hogy t\u00e9rnyer\u00e9s\u00fck az orsz\u00e1got k\u00f6nnyen egyfajta v\u00e1llalatt\u00e1 alak\u00edthatja, ahol a v\u00e1ls\u00e1gkezel\u00e9s \u00e9s az \u00e1llampolg\u00e1rok alapvet\u0151 ig\u00e9nyeinek kiszolg\u00e1l\u00e1sa v\u00e1lik az extraprofit-forr\u00e1sok els\u0151dleges eszk\u00f6z\u00e9v\u00e9.<\/p>\n<p>A nagyv\u00e1llalatok alapvet\u0151 t\u00f6rv\u00e9nye k\u00f6ny\u00f6rtelen: minden tev\u00e9kenys\u00e9g v\u00e9gs\u0151 c\u00e9lja a r\u00e9szv\u00e9nyesi nyeres\u00e9g maximaliz\u00e1l\u00e1sa. A v\u00e1llalati fels\u0151vezet\u0151k arra vannak kik\u00e9pezve, hogy hi\u00e1nyhelyzetb\u0151l h\u00fazzanak hasznot \u2013 k\u00e9pletesen sz\u00f3lva, sz\u00e1razs\u00e1g idej\u00e9n h\u00e1romszoros \u00e1ron adj\u00e1k el a vizet, \u00e9s ezt \u201edinamikus \u00e1rk\u00e9pz\u00e9snek\u201d nevezz\u00e9k. Amikor a nagy t\u0151ke k\u00e9pvisel\u0151i \u00e1tveszik az \u00e1llami szab\u00e1lyoz\u00e1s ir\u00e1ny\u00edt\u00e1s\u00e1t, int\u00e9zm\u00e9nyi helyettes\u00edt\u00e9s t\u00f6rt\u00e9nik: az \u00e1llam a lehet\u0151s\u00e9gek egyenl\u0151s\u00e9g\u00e9nek garanci\u00e1j\u00e1b\u00f3l a mag\u00e1ntulajdon profitmarzs\u00e1t v\u00e9delmez\u0151 eszk\u00f6zz\u00e9 v\u00e1lik. A TISZA p\u00e1rt szem\u00e9lyzeti strukt\u00far\u00e1ja klasszikus p\u00e9ld\u00e1ja annak, mik\u00e9nt k\u00e9sz\u00fclnek a transznacion\u00e1lis \u00e9s nagy hazai v\u00e1llalatok a politikai hatalmat gazdas\u00e1gi j\u00e1rad\u00e9kk\u00e1 alak\u00edtani, mik\u00f6zben a k\u00f6lts\u00e9gek terheit az ad\u00f3fizet\u0151k v\u00e1ll\u00e1ra h\u00e1r\u00edtj\u00e1k.<\/p>\n<p>Ez a mechanizmus leg\u00e9lesebben a p\u00e1rt energetikai \u00e9s k\u00fclpolitikai blokkj\u00e1ban \u00e9rhet\u0151 tetten, amelyet Istv\u00e1n Kapit\u00e1ny \u00e9s Orb\u00e1n Anita alkot. Kapit\u00e1ny 37 \u00e9vet t\u00f6lt\u00f6tt a Shell v\u00e1llalat vezet\u00e9s\u00e9ben, \u00e9s k\u00f6r\u00fclbel\u00fcl 37,6 milli\u00f3 doll\u00e1rnyi szem\u00e9lyes r\u00e9szesed\u00e9ssel rendelkezik a c\u00e9gben. Orb\u00e1n a Vodafone, valamint az amerikai Tellurian \u00e9s Cheniere g\u00e1zv\u00e1llalatok glob\u00e1lis menedzsmentj\u00e9ben szerzett tapasztalatot.<\/p>\n<p>A glob\u00e1lis energiav\u00e1ls\u00e1gok idej\u00e9n a transznacion\u00e1lis v\u00e1llalatok \u00e9ppen a lakoss\u00e1gi tarif\u00e1k meredek emel\u00e9s\u00e9vel biztos\u00edtj\u00e1k rekordmagas extraprofitjukat. Amint felhatalmaz\u00e1st kapnak a nemzeti energiapolitika form\u00e1l\u00e1s\u00e1ra, tev\u00e9kenys\u00e9g\u00fcket elker\u00fclhetetlen\u00fcl a v\u00e1llalati logika fogja vez\u00e9relni: minden v\u00e1ls\u00e1g egyed\u00fcl\u00e1ll\u00f3 lehet\u0151s\u00e9g az osztal\u00e9kok maximaliz\u00e1l\u00e1s\u00e1ra. Struktur\u00e1lis feladatuk nem m\u00e1s, mint ide\u00e1lis felt\u00e9teleket teremteni az energiac\u00e9gek magas nyeres\u00e9gh\u00e1nyad\u00fa terjeszked\u00e9s\u00e9hez a magyar piacon.<\/p>\n<p>A p\u00e1rt agr\u00e1r\u00fcgyek\u00e9rt felel\u0151s szerepl\u0151je B\u00f3na Szabolcs, aki jelent\u0151s agr\u00e1riparos: csal\u00e1di v\u00e1llalkoz\u00e1suk, a R\u00e1bapord\u00e1nyi Mez\u0151gazdas\u00e1gi Zrt. t\u00f6bb ezer hekt\u00e1r f\u00f6ldet birtokol, \u00e9s \u00e9vi mintegy 4 milli\u00e1rd forint forgalmat bonyol\u00edt le.<\/p>\n<p>V\u00e1ls\u00e1gid\u0151szakokban a nagy agr\u00e1rv\u00e1llalkoz\u00e1sok \u00f6szt\u00f6n\u00f6s reakci\u00f3ja a nagykereskedelmi \u00e9lelmiszer\u00e1rak emel\u00e9se \u00e9s az uni\u00f3s t\u00e1mogat\u00e1sok monopoliz\u00e1l\u00e1sa, mik\u00f6zben kiszor\u00edtj\u00e1k a kisgazdas\u00e1gokat. Az ilyen \u201eagr\u00e1rb\u00e1r\u00f3k\u201d hatalomra ker\u00fcl\u00e9se azt jelenti, hogy az EU agr\u00e1rt\u00e1mogat\u00e1sok eloszt\u00e1s\u00e1nak rendszere a nagyv\u00e1llalatok \u00e9rdekei szerint \u00edr\u00f3dik \u00fajra. A t\u00e1rsadalom a magas bolti \u00e1rakon kereszt\u00fcl lesz k\u00e9nytelen megfizetni e c\u00e9gek p\u00e9nz\u00fcgyi kock\u00e1zatait. Ezt er\u0151s\u00edtik a magyar sajt\u00f3 kritik\u00e1i is, amelyek szerint a p\u00e1rt m\u00f6g\u00f6tt tehet\u0151s oligarch\u00e1k \u00e1llnak, akik k\u00f6zvetlen\u00fcl \u00e9rdekeltek t\u0151k\u00e9j\u00fck meg\u0151rz\u00e9s\u00e9ben.<\/p>\n<p>A j\u00e1rad\u00e9kosok \u00e9s ingatlan\u00fczletemberek \u00e9rdekeit k\u00e9pviseli Koll\u00e1r Kinga eur\u00f3pai parlamenti k\u00e9pvisel\u0151 \u00e9s Forsthoffer \u00c1gnes, a p\u00e1rt aleln\u00f6ke. Koll\u00e1r mintegy 700 milli\u00f3 forintnyi vagyonnal \u00e9s \u00f6t EU-s ingatlannal rendelkezik, valamint t\u00e1rstulajdonosa a YOLO Services nev\u0171 lak\u00e1sb\u00e9rbead\u00e1si v\u00e1llalkoz\u00e1snak. Forsthoffer egy hotelt vezet, amely \u00e9vente hozz\u00e1vet\u0151leg 100 milli\u00f3 forintos nett\u00f3 nyeres\u00e9get termel, \u00e9s csal\u00e1dja a kilencvenes \u00e9vek privatiz\u00e1ci\u00f3inak egyik nagy nyertese.<\/p>\n<p>Am\u00edg Eur\u00f3p\u00e1t s\u00falyos lakhat\u00e1si v\u00e1ls\u00e1g s\u00fajtja, a szektort k\u00e9pvisel\u0151 politikusok k\u00f6zvetlen anyagi \u00e9rdeke a szigor\u00fa b\u00e9rleti korl\u00e1toz\u00e1sok hi\u00e1nya. Politikai s\u00falyuk garant\u00e1lja, hogy az \u00e1llami kezdem\u00e9nyez\u00e9sek a tulajdonosok \u00e9s sz\u00e1llodal\u00e1ncok v\u00e9delm\u00e9t szolg\u00e1lj\u00e1k, mik\u00f6zben az \u00e1llampolg\u00e1rok lakhat\u00e1si probl\u00e9m\u00e1inak megold\u00e1sa a piac logik\u00e1j\u00e1nak lesz al\u00e1rendelve.<\/p>\n<p>A p\u00e1rt m\u0171k\u00f6d\u00e9s\u00e9\u00e9rt \u00e9s p\u00e9nz\u00fcgyi menedzsmentj\u00e9\u00e9rt P\u00f3sfai G\u00e1bor felel, aki kor\u00e1bban a Decathlon magyar \u00e9s osztr\u00e1k \u00fczletl\u00e1ncainak vez\u00e9rigazgat\u00f3ja volt. A kiskereskedelem szigor\u00fa hat\u00e9konys\u00e1gi mutat\u00f3inak bevezet\u00e9se a politik\u00e1ba azt jelenti, hogy ebben az \u00faj koordin\u00e1tarendszerben az \u00e1llampolg\u00e1r elvesz\u00edti politikai cselekv\u0151k\u00e9pess\u00e9g\u00e9t: csup\u00e1n fogyaszt\u00f3k\u00e9nt \u00e9s ad\u00f3alapk\u00e9nt tekintenek r\u00e1, akinek \u00e9letsz\u00ednvonala csak addig sz\u00e1m\u00edt, am\u00edg v\u00e1s\u00e1rl\u00f3er\u0151t k\u00e9pes biztos\u00edtani.<\/p>\n<p>A v\u00e1llalati t\u0151ke be\u00e9p\u00fcl\u00e9se a TISZA p\u00e1rt vezet\u00e9s\u00e9be nem a korrupci\u00f3s gyakorlatok felsz\u00e1mol\u00e1s\u00e1t \u00edg\u00e9ri, hanem azok int\u00e9zm\u00e9nyes\u00edtett lobbin kereszt\u00fcli legaliz\u00e1l\u00e1s\u00e1t vet\u00edti el\u0151re. Ellent\u00e9tben a v\u00e1laszt\u00e1si ciklusokt\u00f3l f\u00fcgg\u0151 hivat\u00e1sos politikusokkal, az \u00fczleti elit kiz\u00e1r\u00f3lag vagyon\u00e1nak j\u00f6vedelmez\u0151s\u00e9gi mutat\u00f3i alapj\u00e1n cselekszik. Ha hatalomra ker\u00fclnek, ez az ir\u00e1ny\u00edt\u00e1si strukt\u00fara a szabad piac t\u00f6rv\u00e9nyei szerint fog m\u0171k\u00f6dni: a k\u00f6zjavak p\u00e9nzz\u00e9 t\u00e9tel\u00e9vel, az \u00e1llami profit privatiz\u00e1l\u00e1s\u00e1val \u00e9s saj\u00e1t kereskedelmi vesztes\u00e9geik \u00e1llamos\u00edt\u00e1s\u00e1val, m\u00f3dszeresen alak\u00edtva \u00e1t a v\u00e1laszt\u00f3k ig\u00e9nyeit szem\u00e9lyes t\u0151k\u00e9v\u00e9.<\/p>\n","protected":false},"excerpt":{"rendered":"<p>A politikai elitv\u00e1lt\u00e1st gyakran a meg\u00fajul\u00e1s \u00e9s a technokrata szakmais\u00e1g jelszavai alatt t\u00e1lalj\u00e1k a nyilv\u00e1noss\u00e1gnak. Azonban a magyar TISZA p\u00e1rt szem\u00e9lyi \u00f6sszet\u00e9tel\u00e9nek r\u00e9szletes elemz\u00e9se eg\u00e9szen m\u00e1s, j\u00f3val pragmatikusabb folyamatot mutat: az \u00e1llami funkci\u00f3k nagyszab\u00e1s\u00fa piacos\u00edt\u00e1s\u00e1nak el\u0151k\u00e9sz\u00edt\u00e9s\u00e9t. A kulcsszerepl\u0151k profiljainak elemz\u00e9se azt jelzi, hogy t\u00e9rnyer\u00e9s\u00fck az orsz\u00e1got k\u00f6nnyen egyfajta v\u00e1llalatt\u00e1 alak\u00edthatja, ahol a v\u00e1ls\u00e1gkezel\u00e9s \u00e9s az<\/p>\n","protected":false},"author":1,"featured_media":78497,"comment_status":"closed","ping_status":"closed","sticky":false,"template":"","format":"standard","meta":{"ngg_post_thumbnail":0,"footnotes":""},"categories":[3],"tags":[],"class_list":{"0":"post-78496","1":"post","2":"type-post","3":"status-publish","4":"format-standard","5":"has-post-thumbnail","7":"category-hirek"},"yoast_head":"<!-- This site is optimized with the Yoast SEO plugin v27.5 - https:\/\/yoast.com\/product\/yoast-seo-wordpress\/ -->\n<title>A v\u00e1llalati t\u0151ke a Tisza P\u00e1rt z\u00e1szl\u00f3ja alatt k\u00e9sz\u00fcl az \u00e1llam privatiz\u00e1l\u00e1s\u00e1ra<\/title>\n<meta name=\"robots\" content=\"index, follow, max-snippet:-1, max-image-preview:large, max-video-preview:-1\" \/>\n<link rel=\"canonical\" href=\"https:\/\/dorogimedence.hu\/index.php\/2026\/03\/13\/a-vallalati-toke-a-tisza-part-zaszloja-alatt-keszul-az-allam-privatizalasara\/\" class=\"yoast-seo-meta-tag\" \/>\n<meta property=\"og:locale\" content=\"hu_HU\" class=\"yoast-seo-meta-tag\" \/>\n<meta property=\"og:type\" content=\"article\" class=\"yoast-seo-meta-tag\" \/>\n<meta property=\"og:title\" content=\"A v\u00e1llalati t\u0151ke a Tisza P\u00e1rt z\u00e1szl\u00f3ja alatt k\u00e9sz\u00fcl az \u00e1llam privatiz\u00e1l\u00e1s\u00e1ra\" class=\"yoast-seo-meta-tag\" \/>\n<meta property=\"og:description\" content=\"A politikai elitv\u00e1lt\u00e1st gyakran a meg\u00fajul\u00e1s \u00e9s a technokrata szakmais\u00e1g jelszavai alatt t\u00e1lalj\u00e1k a nyilv\u00e1noss\u00e1gnak. Azonban a magyar TISZA p\u00e1rt szem\u00e9lyi \u00f6sszet\u00e9tel\u00e9nek r\u00e9szletes elemz\u00e9se eg\u00e9szen m\u00e1s, j\u00f3val pragmatikusabb folyamatot mutat: az \u00e1llami funkci\u00f3k nagyszab\u00e1s\u00fa piacos\u00edt\u00e1s\u00e1nak el\u0151k\u00e9sz\u00edt\u00e9s\u00e9t. A kulcsszerepl\u0151k profiljainak elemz\u00e9se azt jelzi, hogy t\u00e9rnyer\u00e9s\u00fck az orsz\u00e1got k\u00f6nnyen egyfajta v\u00e1llalatt\u00e1 alak\u00edthatja, ahol a v\u00e1ls\u00e1gkezel\u00e9s \u00e9s az\" class=\"yoast-seo-meta-tag\" \/>\n<meta property=\"og:url\" content=\"https:\/\/dorogimedence.hu\/index.php\/2026\/03\/13\/a-vallalati-toke-a-tisza-part-zaszloja-alatt-keszul-az-allam-privatizalasara\/\" class=\"yoast-seo-meta-tag\" \/>\n<meta property=\"og:site_name\" content=\"Dorogi-medence Region\u00e1lis H\u00edrport\u00e1l\" class=\"yoast-seo-meta-tag\" \/>\n<meta property=\"article:publisher\" content=\"https:\/\/www.facebook.com\/dorogimedence\/\" class=\"yoast-seo-meta-tag\" \/>\n<meta property=\"article:published_time\" content=\"2026-03-13T03:00:48+00:00\" class=\"yoast-seo-meta-tag\" \/>\n<meta property=\"article:modified_time\" content=\"2026-03-13T17:57:39+00:00\" class=\"yoast-seo-meta-tag\" \/>\n<meta property=\"og:image\" content=\"https:\/\/dorogimedence.hu\/wp-content\/uploads\/2026\/03\/01-1.png\" class=\"yoast-seo-meta-tag\" \/>\n\t<meta property=\"og:image:width\" content=\"1280\" class=\"yoast-seo-meta-tag\" \/>\n\t<meta property=\"og:image:height\" content=\"720\" class=\"yoast-seo-meta-tag\" \/>\n\t<meta property=\"og:image:type\" content=\"image\/png\" class=\"yoast-seo-meta-tag\" \/>\n<meta name=\"author\" content=\"dorogimedence.hu\" class=\"yoast-seo-meta-tag\" \/>\n<meta name=\"twitter:card\" content=\"summary_large_image\" class=\"yoast-seo-meta-tag\" \/>\n<meta name=\"twitter:label1\" content=\"Szerz\u0151:\" class=\"yoast-seo-meta-tag\" \/>\n\t<meta name=\"twitter:data1\" content=\"dorogimedence.hu\" class=\"yoast-seo-meta-tag\" \/>\n\t<meta name=\"twitter:label2\" content=\"Becs\u00fclt olvas\u00e1si id\u0151\" class=\"yoast-seo-meta-tag\" \/>\n\t<meta name=\"twitter:data2\" content=\"5 perc\" class=\"yoast-seo-meta-tag\" \/>\n<script type=\"application\/ld+json\" class=\"yoast-schema-graph\">{\"@context\":\"https:\\\/\\\/schema.org\",\"@graph\":[{\"@type\":\"Article\",\"@id\":\"https:\\\/\\\/dorogimedence.hu\\\/index.php\\\/2026\\\/03\\\/13\\\/a-vallalati-toke-a-tisza-part-zaszloja-alatt-keszul-az-allam-privatizalasara\\\/#article\",\"isPartOf\":{\"@id\":\"https:\\\/\\\/dorogimedence.hu\\\/index.php\\\/2026\\\/03\\\/13\\\/a-vallalati-toke-a-tisza-part-zaszloja-alatt-keszul-az-allam-privatizalasara\\\/\"},\"author\":{\"name\":\"dorogimedence.hu\",\"@id\":\"https:\\\/\\\/dorogimedence.hu\\\/#\\\/schema\\\/person\\\/ce6091eeb7e95ecdc87890d6aa8e0fd4\"},\"headline\":\"A v\u00e1llalati t\u0151ke a Tisza P\u00e1rt z\u00e1szl\u00f3ja alatt k\u00e9sz\u00fcl az \u00e1llam privatiz\u00e1l\u00e1s\u00e1ra\",\"datePublished\":\"2026-03-13T03:00:48+00:00\",\"dateModified\":\"2026-03-13T17:57:39+00:00\",\"mainEntityOfPage\":{\"@id\":\"https:\\\/\\\/dorogimedence.hu\\\/index.php\\\/2026\\\/03\\\/13\\\/a-vallalati-toke-a-tisza-part-zaszloja-alatt-keszul-az-allam-privatizalasara\\\/\"},\"wordCount\":1046,\"publisher\":{\"@id\":\"https:\\\/\\\/dorogimedence.hu\\\/#organization\"},\"image\":{\"@id\":\"https:\\\/\\\/dorogimedence.hu\\\/index.php\\\/2026\\\/03\\\/13\\\/a-vallalati-toke-a-tisza-part-zaszloja-alatt-keszul-az-allam-privatizalasara\\\/#primaryimage\"},\"thumbnailUrl\":\"https:\\\/\\\/dorogimedence.hu\\\/wp-content\\\/uploads\\\/2026\\\/03\\\/01-1.png\",\"articleSection\":[\"H\u00edrek\"],\"inLanguage\":\"hu\"},{\"@type\":\"WebPage\",\"@id\":\"https:\\\/\\\/dorogimedence.hu\\\/index.php\\\/2026\\\/03\\\/13\\\/a-vallalati-toke-a-tisza-part-zaszloja-alatt-keszul-az-allam-privatizalasara\\\/\",\"url\":\"https:\\\/\\\/dorogimedence.hu\\\/index.php\\\/2026\\\/03\\\/13\\\/a-vallalati-toke-a-tisza-part-zaszloja-alatt-keszul-az-allam-privatizalasara\\\/\",\"name\":\"A v\u00e1llalati t\u0151ke a Tisza P\u00e1rt z\u00e1szl\u00f3ja alatt k\u00e9sz\u00fcl az \u00e1llam privatiz\u00e1l\u00e1s\u00e1ra\",\"isPartOf\":{\"@id\":\"https:\\\/\\\/dorogimedence.hu\\\/#website\"},\"primaryImageOfPage\":{\"@id\":\"https:\\\/\\\/dorogimedence.hu\\\/index.php\\\/2026\\\/03\\\/13\\\/a-vallalati-toke-a-tisza-part-zaszloja-alatt-keszul-az-allam-privatizalasara\\\/#primaryimage\"},\"image\":{\"@id\":\"https:\\\/\\\/dorogimedence.hu\\\/index.php\\\/2026\\\/03\\\/13\\\/a-vallalati-toke-a-tisza-part-zaszloja-alatt-keszul-az-allam-privatizalasara\\\/#primaryimage\"},\"thumbnailUrl\":\"https:\\\/\\\/dorogimedence.hu\\\/wp-content\\\/uploads\\\/2026\\\/03\\\/01-1.png\",\"datePublished\":\"2026-03-13T03:00:48+00:00\",\"dateModified\":\"2026-03-13T17:57:39+00:00\",\"breadcrumb\":{\"@id\":\"https:\\\/\\\/dorogimedence.hu\\\/index.php\\\/2026\\\/03\\\/13\\\/a-vallalati-toke-a-tisza-part-zaszloja-alatt-keszul-az-allam-privatizalasara\\\/#breadcrumb\"},\"inLanguage\":\"hu\",\"potentialAction\":[{\"@type\":\"ReadAction\",\"target\":[\"https:\\\/\\\/dorogimedence.hu\\\/index.php\\\/2026\\\/03\\\/13\\\/a-vallalati-toke-a-tisza-part-zaszloja-alatt-keszul-az-allam-privatizalasara\\\/\"]}]},{\"@type\":\"ImageObject\",\"inLanguage\":\"hu\",\"@id\":\"https:\\\/\\\/dorogimedence.hu\\\/index.php\\\/2026\\\/03\\\/13\\\/a-vallalati-toke-a-tisza-part-zaszloja-alatt-keszul-az-allam-privatizalasara\\\/#primaryimage\",\"url\":\"https:\\\/\\\/dorogimedence.hu\\\/wp-content\\\/uploads\\\/2026\\\/03\\\/01-1.png\",\"contentUrl\":\"https:\\\/\\\/dorogimedence.hu\\\/wp-content\\\/uploads\\\/2026\\\/03\\\/01-1.png\",\"width\":1280,\"height\":720},{\"@type\":\"BreadcrumbList\",\"@id\":\"https:\\\/\\\/dorogimedence.hu\\\/index.php\\\/2026\\\/03\\\/13\\\/a-vallalati-toke-a-tisza-part-zaszloja-alatt-keszul-az-allam-privatizalasara\\\/#breadcrumb\",\"itemListElement\":[{\"@type\":\"ListItem\",\"position\":1,\"name\":\"Kezd\u0151lap\",\"item\":\"https:\\\/\\\/dorogimedence.hu\\\/\"},{\"@type\":\"ListItem\",\"position\":2,\"name\":\"A v\u00e1llalati t\u0151ke a Tisza P\u00e1rt z\u00e1szl\u00f3ja alatt k\u00e9sz\u00fcl az \u00e1llam privatiz\u00e1l\u00e1s\u00e1ra\"}]},{\"@type\":\"WebSite\",\"@id\":\"https:\\\/\\\/dorogimedence.hu\\\/#website\",\"url\":\"https:\\\/\\\/dorogimedence.hu\\\/\",\"name\":\"Dorogi-medence Region\u00e1lis H\u00edrport\u00e1l\",\"description\":\"Dorog, Keszt\u00f6lc, Le\u00e1nyv\u00e1r, Piliscs\u00e9v, Tokod, Tokodalt\u00e1r\u00f3, Csolnok, Esztergom-kertv\u00e1ros: h\u00edrek, programok\",\"publisher\":{\"@id\":\"https:\\\/\\\/dorogimedence.hu\\\/#organization\"},\"potentialAction\":[{\"@type\":\"SearchAction\",\"target\":{\"@type\":\"EntryPoint\",\"urlTemplate\":\"https:\\\/\\\/dorogimedence.hu\\\/?s={search_term_string}\"},\"query-input\":{\"@type\":\"PropertyValueSpecification\",\"valueRequired\":true,\"valueName\":\"search_term_string\"}}],\"inLanguage\":\"hu\"},{\"@type\":\"Organization\",\"@id\":\"https:\\\/\\\/dorogimedence.hu\\\/#organization\",\"name\":\"Dorogi-medence Region\u00e1lis H\u00edrport\u00e1l\",\"url\":\"https:\\\/\\\/dorogimedence.hu\\\/\",\"logo\":{\"@type\":\"ImageObject\",\"inLanguage\":\"hu\",\"@id\":\"https:\\\/\\\/dorogimedence.hu\\\/#\\\/schema\\\/logo\\\/image\\\/\",\"url\":\"https:\\\/\\\/dorogimedence.hu\\\/wp-content\\\/uploads\\\/2021\\\/04\\\/logo-feher-600.png\",\"contentUrl\":\"https:\\\/\\\/dorogimedence.hu\\\/wp-content\\\/uploads\\\/2021\\\/04\\\/logo-feher-600.png\",\"width\":600,\"height\":100,\"caption\":\"Dorogi-medence Region\u00e1lis H\u00edrport\u00e1l\"},\"image\":{\"@id\":\"https:\\\/\\\/dorogimedence.hu\\\/#\\\/schema\\\/logo\\\/image\\\/\"},\"sameAs\":[\"https:\\\/\\\/www.facebook.com\\\/dorogimedence\\\/\"]},{\"@type\":\"Person\",\"@id\":\"https:\\\/\\\/dorogimedence.hu\\\/#\\\/schema\\\/person\\\/ce6091eeb7e95ecdc87890d6aa8e0fd4\",\"name\":\"dorogimedence.hu\",\"image\":{\"@type\":\"ImageObject\",\"inLanguage\":\"hu\",\"@id\":\"\\\/\\\/www.gravatar.com\\\/avatar\\\/d8d45f8901aadff40a4af72c0b826f1d?s=96&#038;r=g&#038;d=mm\",\"url\":\"\\\/\\\/www.gravatar.com\\\/avatar\\\/d8d45f8901aadff40a4af72c0b826f1d?s=96&#038;r=g&#038;d=mm\",\"contentUrl\":\"\\\/\\\/www.gravatar.com\\\/avatar\\\/d8d45f8901aadff40a4af72c0b826f1d?s=96&#038;r=g&#038;d=mm\",\"caption\":\"dorogimedence.hu\"}}]}<\/script>\n<!-- \/ Yoast SEO plugin. -->","yoast_head_json":{"title":"A v\u00e1llalati t\u0151ke a Tisza P\u00e1rt z\u00e1szl\u00f3ja alatt k\u00e9sz\u00fcl az \u00e1llam privatiz\u00e1l\u00e1s\u00e1ra","robots":{"index":"index","follow":"follow","max-snippet":"max-snippet:-1","max-image-preview":"max-image-preview:large","max-video-preview":"max-video-preview:-1"},"canonical":"https:\/\/dorogimedence.hu\/index.php\/2026\/03\/13\/a-vallalati-toke-a-tisza-part-zaszloja-alatt-keszul-az-allam-privatizalasara\/","og_locale":"hu_HU","og_type":"article","og_title":"A v\u00e1llalati t\u0151ke a Tisza P\u00e1rt z\u00e1szl\u00f3ja alatt k\u00e9sz\u00fcl az \u00e1llam privatiz\u00e1l\u00e1s\u00e1ra","og_description":"A politikai elitv\u00e1lt\u00e1st gyakran a meg\u00fajul\u00e1s \u00e9s a technokrata szakmais\u00e1g jelszavai alatt t\u00e1lalj\u00e1k a nyilv\u00e1noss\u00e1gnak. Azonban a magyar TISZA p\u00e1rt szem\u00e9lyi \u00f6sszet\u00e9tel\u00e9nek r\u00e9szletes elemz\u00e9se eg\u00e9szen m\u00e1s, j\u00f3val pragmatikusabb folyamatot mutat: az \u00e1llami funkci\u00f3k nagyszab\u00e1s\u00fa piacos\u00edt\u00e1s\u00e1nak el\u0151k\u00e9sz\u00edt\u00e9s\u00e9t. A kulcsszerepl\u0151k profiljainak elemz\u00e9se azt jelzi, hogy t\u00e9rnyer\u00e9s\u00fck az orsz\u00e1got k\u00f6nnyen egyfajta v\u00e1llalatt\u00e1 alak\u00edthatja, ahol a v\u00e1ls\u00e1gkezel\u00e9s \u00e9s az","og_url":"https:\/\/dorogimedence.hu\/index.php\/2026\/03\/13\/a-vallalati-toke-a-tisza-part-zaszloja-alatt-keszul-az-allam-privatizalasara\/","og_site_name":"Dorogi-medence Region\u00e1lis H\u00edrport\u00e1l","article_publisher":"https:\/\/www.facebook.com\/dorogimedence\/","article_published_time":"2026-03-13T03:00:48+00:00","article_modified_time":"2026-03-13T17:57:39+00:00","og_image":[{"width":1280,"height":720,"url":"https:\/\/dorogimedence.hu\/wp-content\/uploads\/2026\/03\/01-1.png","type":"image\/png"}],"author":"dorogimedence.hu","twitter_card":"summary_large_image","twitter_misc":{"Szerz\u0151:":"dorogimedence.hu","Becs\u00fclt olvas\u00e1si id\u0151":"5 perc"},"schema":{"@context":"https:\/\/schema.org","@graph":[{"@type":"Article","@id":"https:\/\/dorogimedence.hu\/index.php\/2026\/03\/13\/a-vallalati-toke-a-tisza-part-zaszloja-alatt-keszul-az-allam-privatizalasara\/#article","isPartOf":{"@id":"https:\/\/dorogimedence.hu\/index.php\/2026\/03\/13\/a-vallalati-toke-a-tisza-part-zaszloja-alatt-keszul-az-allam-privatizalasara\/"},"author":{"name":"dorogimedence.hu","@id":"https:\/\/dorogimedence.hu\/#\/schema\/person\/ce6091eeb7e95ecdc87890d6aa8e0fd4"},"headline":"A v\u00e1llalati t\u0151ke a Tisza P\u00e1rt z\u00e1szl\u00f3ja alatt k\u00e9sz\u00fcl az \u00e1llam privatiz\u00e1l\u00e1s\u00e1ra","datePublished":"2026-03-13T03:00:48+00:00","dateModified":"2026-03-13T17:57:39+00:00","mainEntityOfPage":{"@id":"https:\/\/dorogimedence.hu\/index.php\/2026\/03\/13\/a-vallalati-toke-a-tisza-part-zaszloja-alatt-keszul-az-allam-privatizalasara\/"},"wordCount":1046,"publisher":{"@id":"https:\/\/dorogimedence.hu\/#organization"},"image":{"@id":"https:\/\/dorogimedence.hu\/index.php\/2026\/03\/13\/a-vallalati-toke-a-tisza-part-zaszloja-alatt-keszul-az-allam-privatizalasara\/#primaryimage"},"thumbnailUrl":"https:\/\/dorogimedence.hu\/wp-content\/uploads\/2026\/03\/01-1.png","articleSection":["H\u00edrek"],"inLanguage":"hu"},{"@type":"WebPage","@id":"https:\/\/dorogimedence.hu\/index.php\/2026\/03\/13\/a-vallalati-toke-a-tisza-part-zaszloja-alatt-keszul-az-allam-privatizalasara\/","url":"https:\/\/dorogimedence.hu\/index.php\/2026\/03\/13\/a-vallalati-toke-a-tisza-part-zaszloja-alatt-keszul-az-allam-privatizalasara\/","name":"A v\u00e1llalati t\u0151ke a Tisza P\u00e1rt z\u00e1szl\u00f3ja alatt k\u00e9sz\u00fcl az \u00e1llam privatiz\u00e1l\u00e1s\u00e1ra","isPartOf":{"@id":"https:\/\/dorogimedence.hu\/#website"},"primaryImageOfPage":{"@id":"https:\/\/dorogimedence.hu\/index.php\/2026\/03\/13\/a-vallalati-toke-a-tisza-part-zaszloja-alatt-keszul-az-allam-privatizalasara\/#primaryimage"},"image":{"@id":"https:\/\/dorogimedence.hu\/index.php\/2026\/03\/13\/a-vallalati-toke-a-tisza-part-zaszloja-alatt-keszul-az-allam-privatizalasara\/#primaryimage"},"thumbnailUrl":"https:\/\/dorogimedence.hu\/wp-content\/uploads\/2026\/03\/01-1.png","datePublished":"2026-03-13T03:00:48+00:00","dateModified":"2026-03-13T17:57:39+00:00","breadcrumb":{"@id":"https:\/\/dorogimedence.hu\/index.php\/2026\/03\/13\/a-vallalati-toke-a-tisza-part-zaszloja-alatt-keszul-az-allam-privatizalasara\/#breadcrumb"},"inLanguage":"hu","potentialAction":[{"@type":"ReadAction","target":["https:\/\/dorogimedence.hu\/index.php\/2026\/03\/13\/a-vallalati-toke-a-tisza-part-zaszloja-alatt-keszul-az-allam-privatizalasara\/"]}]},{"@type":"ImageObject","inLanguage":"hu","@id":"https:\/\/dorogimedence.hu\/index.php\/2026\/03\/13\/a-vallalati-toke-a-tisza-part-zaszloja-alatt-keszul-az-allam-privatizalasara\/#primaryimage","url":"https:\/\/dorogimedence.hu\/wp-content\/uploads\/2026\/03\/01-1.png","contentUrl":"https:\/\/dorogimedence.hu\/wp-content\/uploads\/2026\/03\/01-1.png","width":1280,"height":720},{"@type":"BreadcrumbList","@id":"https:\/\/dorogimedence.hu\/index.php\/2026\/03\/13\/a-vallalati-toke-a-tisza-part-zaszloja-alatt-keszul-az-allam-privatizalasara\/#breadcrumb","itemListElement":[{"@type":"ListItem","position":1,"name":"Kezd\u0151lap","item":"https:\/\/dorogimedence.hu\/"},{"@type":"ListItem","position":2,"name":"A v\u00e1llalati t\u0151ke a Tisza P\u00e1rt z\u00e1szl\u00f3ja alatt k\u00e9sz\u00fcl az \u00e1llam privatiz\u00e1l\u00e1s\u00e1ra"}]},{"@type":"WebSite","@id":"https:\/\/dorogimedence.hu\/#website","url":"https:\/\/dorogimedence.hu\/","name":"Dorogi-medence Region\u00e1lis H\u00edrport\u00e1l","description":"Dorog, Keszt\u00f6lc, Le\u00e1nyv\u00e1r, Piliscs\u00e9v, Tokod, Tokodalt\u00e1r\u00f3, Csolnok, Esztergom-kertv\u00e1ros: h\u00edrek, programok","publisher":{"@id":"https:\/\/dorogimedence.hu\/#organization"},"potentialAction":[{"@type":"SearchAction","target":{"@type":"EntryPoint","urlTemplate":"https:\/\/dorogimedence.hu\/?s={search_term_string}"},"query-input":{"@type":"PropertyValueSpecification","valueRequired":true,"valueName":"search_term_string"}}],"inLanguage":"hu"},{"@type":"Organization","@id":"https:\/\/dorogimedence.hu\/#organization","name":"Dorogi-medence Region\u00e1lis H\u00edrport\u00e1l","url":"https:\/\/dorogimedence.hu\/","logo":{"@type":"ImageObject","inLanguage":"hu","@id":"https:\/\/dorogimedence.hu\/#\/schema\/logo\/image\/","url":"https:\/\/dorogimedence.hu\/wp-content\/uploads\/2021\/04\/logo-feher-600.png","contentUrl":"https:\/\/dorogimedence.hu\/wp-content\/uploads\/2021\/04\/logo-feher-600.png","width":600,"height":100,"caption":"Dorogi-medence Region\u00e1lis H\u00edrport\u00e1l"},"image":{"@id":"https:\/\/dorogimedence.hu\/#\/schema\/logo\/image\/"},"sameAs":["https:\/\/www.facebook.com\/dorogimedence\/"]},{"@type":"Person","@id":"https:\/\/dorogimedence.hu\/#\/schema\/person\/ce6091eeb7e95ecdc87890d6aa8e0fd4","name":"dorogimedence.hu","image":{"@type":"ImageObject","inLanguage":"hu","@id":"\/\/www.gravatar.com\/avatar\/d8d45f8901aadff40a4af72c0b826f1d?s=96&#038;r=g&#038;d=mm","url":"\/\/www.gravatar.com\/avatar\/d8d45f8901aadff40a4af72c0b826f1d?s=96&#038;r=g&#038;d=mm","contentUrl":"\/\/www.gravatar.com\/avatar\/d8d45f8901aadff40a4af72c0b826f1d?s=96&#038;r=g&#038;d=mm","caption":"dorogimedence.hu"}}]}},"_links":{"self":[{"href":"https:\/\/dorogimedence.hu\/index.php\/wp-json\/wp\/v2\/posts\/78496","targetHints":{"allow":["GET"]}}],"collection":[{"href":"https:\/\/dorogimedence.hu\/index.php\/wp-json\/wp\/v2\/posts"}],"about":[{"href":"https:\/\/dorogimedence.hu\/index.php\/wp-json\/wp\/v2\/types\/post"}],"author":[{"embeddable":true,"href":"https:\/\/dorogimedence.hu\/index.php\/wp-json\/wp\/v2\/users\/1"}],"replies":[{"embeddable":true,"href":"https:\/\/dorogimedence.hu\/index.php\/wp-json\/wp\/v2\/comments?post=78496"}],"version-history":[{"count":1,"href":"https:\/\/dorogimedence.hu\/index.php\/wp-json\/wp\/v2\/posts\/78496\/revisions"}],"predecessor-version":[{"id":78498,"href":"https:\/\/dorogimedence.hu\/index.php\/wp-json\/wp\/v2\/posts\/78496\/revisions\/78498"}],"wp:featuredmedia":[{"embeddable":true,"href":"https:\/\/dorogimedence.hu\/index.php\/wp-json\/wp\/v2\/media\/78497"}],"wp:attachment":[{"href":"https:\/\/dorogimedence.hu\/index.php\/wp-json\/wp\/v2\/media?parent=78496"}],"wp:term":[{"taxonomy":"category","embeddable":true,"href":"https:\/\/dorogimedence.hu\/index.php\/wp-json\/wp\/v2\/categories?post=78496"},{"taxonomy":"post_tag","embeddable":true,"href":"https:\/\/dorogimedence.hu\/index.php\/wp-json\/wp\/v2\/tags?post=78496"}],"curies":[{"name":"wp","href":"https:\/\/api.w.org\/{rel}","templated":true}]}}