{"id":7844,"date":"2018-01-20T08:55:57","date_gmt":"2018-01-20T07:55:57","guid":{"rendered":"http:\/\/dorogimedence.hu\/?p=7844"},"modified":"2018-01-20T08:55:57","modified_gmt":"2018-01-20T07:55:57","slug":"peldaerteku-hiressegek-csiffary-gabriella-uj-konyveben","status":"publish","type":"post","link":"https:\/\/dorogimedence.hu\/index.php\/2018\/01\/20\/peldaerteku-hiressegek-csiffary-gabriella-uj-konyveben\/","title":{"rendered":"P\u00e9lda\u00e9rt\u00e9k\u0171 h\u00edress\u00e9gek Csiff\u00e1ry Gabriella \u00faj k\u00f6nyv\u00e9ben"},"content":{"rendered":"<p><strong>Ki nem keseredett el gyerekkor\u00e1ban, ha egy-egy rosszabb jegy becs\u00faszott az ellen\u0151rz\u0151be? Bizony\u00e1ra mindannyian. Csiff\u00e1ry Gabriella Magyar\u00e1zom a bizony\u00edtv\u00e1nyom c\u00edm\u0171 leg\u00fajabb k\u00f6nyv\u00e9ben h\u00edres emberek (\u00edr\u00f3k, k\u00f6lt\u0151k, tud\u00f3sok, sz\u00edn\u00e9szek) iskolai kudarcaival \u00e9s sikereivel ismerteti meg az olvas\u00f3kat.<\/strong><\/p>\n<p>\u00c9letsorsuk p\u00e9lda\u00e9rt\u00e9k\u0171 sz\u00e1munkra, mert, b\u00e1r jelent\u0151s h\u00e1tr\u00e1nnyal indultak \u00fatnak, akaraterej\u00fcknek, megsz\u00e1llotts\u00e1guknak k\u00f6sz\u00f6nhet\u0151en rendk\u00edv\u00fcli h\u00edress\u00e9gekk\u00e9 v\u00e1ltak. Aki k\u00edv\u00e1ncsi a k\u00f6nyvben szerepl\u0151 t\u00f6rt\u00e9netekre, l\u00e1togasson el <strong>janu\u00e1r 25-\u00e9n<\/strong>, cs\u00fct\u00f6rt\u00f6k\u00f6n a dorogi <strong>G\u00e1thy Zolt\u00e1n V\u00e1rosi K\u00f6nyvt\u00e1rba<\/strong>. A <strong>17 \u00f3rakor<\/strong> kezd\u0151d\u0151 k\u00f6nyvbemutat\u00f3n a szerz\u0151 maga mutatja be alkot\u00e1s\u00e1t. A bel\u00e9p\u00e9s ingyenes, amelyre minden \u00e9rdekl\u0151d\u0151t szeretettel v\u00e1rnak.<\/p>\n<p><em>Forr\u00e1s: Dorog \u00e9s T\u00e9rs\u00e9ge Turizmus Egyes\u00fclet<\/em><\/p>\n","protected":false},"excerpt":{"rendered":"<p>Ki nem keseredett el gyerekkor\u00e1ban, ha egy-egy rosszabb jegy becs\u00faszott az ellen\u0151rz\u0151be? Bizony\u00e1ra mindannyian. Csiff\u00e1ry Gabriella Magyar\u00e1zom a bizony\u00edtv\u00e1nyom c\u00edm\u0171 leg\u00fajabb k\u00f6nyv\u00e9ben h\u00edres emberek (\u00edr\u00f3k, k\u00f6lt\u0151k, tud\u00f3sok, sz\u00edn\u00e9szek) iskolai kudarcaival \u00e9s sikereivel ismerteti meg az olvas\u00f3kat. \u00c9letsorsuk p\u00e9lda\u00e9rt\u00e9k\u0171 sz\u00e1munkra, mert, b\u00e1r jelent\u0151s h\u00e1tr\u00e1nnyal indultak \u00fatnak, akaraterej\u00fcknek, megsz\u00e1llotts\u00e1guknak k\u00f6sz\u00f6nhet\u0151en rendk\u00edv\u00fcli h\u00edress\u00e9gekk\u00e9 v\u00e1ltak. Aki k\u00edv\u00e1ncsi a k\u00f6nyvben<\/p>\n","protected":false},"author":1,"featured_media":7845,"comment_status":"closed","ping_status":"closed","sticky":false,"template":"","format":"standard","meta":{"ngg_post_thumbnail":0,"footnotes":""},"categories":[2,3],"tags":[2120,15,673,144],"class_list":{"0":"post-7844","1":"post","2":"type-post","3":"status-publish","4":"format-standard","5":"has-post-thumbnail","7":"category-dorog","8":"category-hirek","9":"tag-csiffary-gabriella","10":"tag-dorog","11":"tag-konyvbemutato","12":"tag-konyvtar"},"yoast_head":"<!-- This site is optimized with the Yoast SEO plugin v27.5 - https:\/\/yoast.com\/product\/yoast-seo-wordpress\/ -->\n<title>P\u00e9lda\u00e9rt\u00e9k\u0171 h\u00edress\u00e9gek Csiff\u00e1ry Gabriella \u00faj k\u00f6nyv\u00e9ben<\/title>\n<meta name=\"robots\" content=\"index, follow, max-snippet:-1, max-image-preview:large, max-video-preview:-1\" \/>\n<link rel=\"canonical\" href=\"https:\/\/dorogimedence.hu\/index.php\/2018\/01\/20\/peldaerteku-hiressegek-csiffary-gabriella-uj-konyveben\/\" class=\"yoast-seo-meta-tag\" \/>\n<meta property=\"og:locale\" content=\"hu_HU\" class=\"yoast-seo-meta-tag\" \/>\n<meta property=\"og:type\" content=\"article\" class=\"yoast-seo-meta-tag\" \/>\n<meta property=\"og:title\" content=\"P\u00e9lda\u00e9rt\u00e9k\u0171 h\u00edress\u00e9gek Csiff\u00e1ry Gabriella \u00faj k\u00f6nyv\u00e9ben\" class=\"yoast-seo-meta-tag\" \/>\n<meta property=\"og:description\" content=\"Ki nem keseredett el gyerekkor\u00e1ban, ha egy-egy rosszabb jegy becs\u00faszott az ellen\u0151rz\u0151be? Bizony\u00e1ra mindannyian. Csiff\u00e1ry Gabriella Magyar\u00e1zom a bizony\u00edtv\u00e1nyom c\u00edm\u0171 leg\u00fajabb k\u00f6nyv\u00e9ben h\u00edres emberek (\u00edr\u00f3k, k\u00f6lt\u0151k, tud\u00f3sok, sz\u00edn\u00e9szek) iskolai kudarcaival \u00e9s sikereivel ismerteti meg az olvas\u00f3kat. \u00c9letsorsuk p\u00e9lda\u00e9rt\u00e9k\u0171 sz\u00e1munkra, mert, b\u00e1r jelent\u0151s h\u00e1tr\u00e1nnyal indultak \u00fatnak, akaraterej\u00fcknek, megsz\u00e1llotts\u00e1guknak k\u00f6sz\u00f6nhet\u0151en rendk\u00edv\u00fcli h\u00edress\u00e9gekk\u00e9 v\u00e1ltak. Aki k\u00edv\u00e1ncsi a k\u00f6nyvben\" class=\"yoast-seo-meta-tag\" \/>\n<meta property=\"og:url\" content=\"https:\/\/dorogimedence.hu\/index.php\/2018\/01\/20\/peldaerteku-hiressegek-csiffary-gabriella-uj-konyveben\/\" class=\"yoast-seo-meta-tag\" \/>\n<meta property=\"og:site_name\" content=\"Dorogi-medence Region\u00e1lis H\u00edrport\u00e1l\" class=\"yoast-seo-meta-tag\" \/>\n<meta property=\"article:publisher\" content=\"https:\/\/www.facebook.com\/dorogimedence\/\" class=\"yoast-seo-meta-tag\" \/>\n<meta property=\"article:published_time\" content=\"2018-01-20T07:55:57+00:00\" class=\"yoast-seo-meta-tag\" \/>\n<meta property=\"og:image\" content=\"https:\/\/i0.wp.com\/dorogimedence.hu\/wp-content\/uploads\/2018\/01\/csiffary-gabriella.jpg?fit=670%2C365&ssl=1\" class=\"yoast-seo-meta-tag\" \/>\n\t<meta property=\"og:image:width\" content=\"670\" class=\"yoast-seo-meta-tag\" \/>\n\t<meta property=\"og:image:height\" content=\"365\" class=\"yoast-seo-meta-tag\" \/>\n\t<meta property=\"og:image:type\" content=\"image\/jpeg\" class=\"yoast-seo-meta-tag\" \/>\n<meta name=\"author\" content=\"dorogimedence.hu\" class=\"yoast-seo-meta-tag\" \/>\n<meta name=\"twitter:card\" content=\"summary_large_image\" class=\"yoast-seo-meta-tag\" \/>\n<meta name=\"twitter:label1\" content=\"Szerz\u0151:\" class=\"yoast-seo-meta-tag\" \/>\n\t<meta name=\"twitter:data1\" content=\"dorogimedence.hu\" class=\"yoast-seo-meta-tag\" \/>\n\t<meta name=\"twitter:label2\" content=\"Becs\u00fclt olvas\u00e1si id\u0151\" class=\"yoast-seo-meta-tag\" \/>\n\t<meta name=\"twitter:data2\" content=\"1 perc\" class=\"yoast-seo-meta-tag\" \/>\n<script type=\"application\/ld+json\" class=\"yoast-schema-graph\">{\"@context\":\"https:\\\/\\\/schema.org\",\"@graph\":[{\"@type\":\"Article\",\"@id\":\"https:\\\/\\\/dorogimedence.hu\\\/index.php\\\/2018\\\/01\\\/20\\\/peldaerteku-hiressegek-csiffary-gabriella-uj-konyveben\\\/#article\",\"isPartOf\":{\"@id\":\"https:\\\/\\\/dorogimedence.hu\\\/index.php\\\/2018\\\/01\\\/20\\\/peldaerteku-hiressegek-csiffary-gabriella-uj-konyveben\\\/\"},\"author\":{\"name\":\"dorogimedence.hu\",\"@id\":\"https:\\\/\\\/dorogimedence.hu\\\/#\\\/schema\\\/person\\\/ce6091eeb7e95ecdc87890d6aa8e0fd4\"},\"headline\":\"P\u00e9lda\u00e9rt\u00e9k\u0171 h\u00edress\u00e9gek Csiff\u00e1ry Gabriella \u00faj k\u00f6nyv\u00e9ben\",\"datePublished\":\"2018-01-20T07:55:57+00:00\",\"mainEntityOfPage\":{\"@id\":\"https:\\\/\\\/dorogimedence.hu\\\/index.php\\\/2018\\\/01\\\/20\\\/peldaerteku-hiressegek-csiffary-gabriella-uj-konyveben\\\/\"},\"wordCount\":177,\"publisher\":{\"@id\":\"https:\\\/\\\/dorogimedence.hu\\\/#organization\"},\"image\":{\"@id\":\"https:\\\/\\\/dorogimedence.hu\\\/index.php\\\/2018\\\/01\\\/20\\\/peldaerteku-hiressegek-csiffary-gabriella-uj-konyveben\\\/#primaryimage\"},\"thumbnailUrl\":\"https:\\\/\\\/dorogimedence.hu\\\/wp-content\\\/uploads\\\/2018\\\/01\\\/csiffary-gabriella.jpg\",\"keywords\":[\"Csiff\u00e1ry Gabriella\",\"Dorog\",\"k\u00f6nyvbemutat\u00f3\",\"k\u00f6nyvt\u00e1r\"],\"articleSection\":[\"Dorog\",\"H\u00edrek\"],\"inLanguage\":\"hu\"},{\"@type\":\"WebPage\",\"@id\":\"https:\\\/\\\/dorogimedence.hu\\\/index.php\\\/2018\\\/01\\\/20\\\/peldaerteku-hiressegek-csiffary-gabriella-uj-konyveben\\\/\",\"url\":\"https:\\\/\\\/dorogimedence.hu\\\/index.php\\\/2018\\\/01\\\/20\\\/peldaerteku-hiressegek-csiffary-gabriella-uj-konyveben\\\/\",\"name\":\"P\u00e9lda\u00e9rt\u00e9k\u0171 h\u00edress\u00e9gek Csiff\u00e1ry Gabriella \u00faj k\u00f6nyv\u00e9ben\",\"isPartOf\":{\"@id\":\"https:\\\/\\\/dorogimedence.hu\\\/#website\"},\"primaryImageOfPage\":{\"@id\":\"https:\\\/\\\/dorogimedence.hu\\\/index.php\\\/2018\\\/01\\\/20\\\/peldaerteku-hiressegek-csiffary-gabriella-uj-konyveben\\\/#primaryimage\"},\"image\":{\"@id\":\"https:\\\/\\\/dorogimedence.hu\\\/index.php\\\/2018\\\/01\\\/20\\\/peldaerteku-hiressegek-csiffary-gabriella-uj-konyveben\\\/#primaryimage\"},\"thumbnailUrl\":\"https:\\\/\\\/dorogimedence.hu\\\/wp-content\\\/uploads\\\/2018\\\/01\\\/csiffary-gabriella.jpg\",\"datePublished\":\"2018-01-20T07:55:57+00:00\",\"breadcrumb\":{\"@id\":\"https:\\\/\\\/dorogimedence.hu\\\/index.php\\\/2018\\\/01\\\/20\\\/peldaerteku-hiressegek-csiffary-gabriella-uj-konyveben\\\/#breadcrumb\"},\"inLanguage\":\"hu\",\"potentialAction\":[{\"@type\":\"ReadAction\",\"target\":[\"https:\\\/\\\/dorogimedence.hu\\\/index.php\\\/2018\\\/01\\\/20\\\/peldaerteku-hiressegek-csiffary-gabriella-uj-konyveben\\\/\"]}]},{\"@type\":\"ImageObject\",\"inLanguage\":\"hu\",\"@id\":\"https:\\\/\\\/dorogimedence.hu\\\/index.php\\\/2018\\\/01\\\/20\\\/peldaerteku-hiressegek-csiffary-gabriella-uj-konyveben\\\/#primaryimage\",\"url\":\"https:\\\/\\\/dorogimedence.hu\\\/wp-content\\\/uploads\\\/2018\\\/01\\\/csiffary-gabriella.jpg\",\"contentUrl\":\"https:\\\/\\\/dorogimedence.hu\\\/wp-content\\\/uploads\\\/2018\\\/01\\\/csiffary-gabriella.jpg\",\"width\":670,\"height\":365},{\"@type\":\"BreadcrumbList\",\"@id\":\"https:\\\/\\\/dorogimedence.hu\\\/index.php\\\/2018\\\/01\\\/20\\\/peldaerteku-hiressegek-csiffary-gabriella-uj-konyveben\\\/#breadcrumb\",\"itemListElement\":[{\"@type\":\"ListItem\",\"position\":1,\"name\":\"Kezd\u0151lap\",\"item\":\"https:\\\/\\\/dorogimedence.hu\\\/\"},{\"@type\":\"ListItem\",\"position\":2,\"name\":\"P\u00e9lda\u00e9rt\u00e9k\u0171 h\u00edress\u00e9gek Csiff\u00e1ry Gabriella \u00faj k\u00f6nyv\u00e9ben\"}]},{\"@type\":\"WebSite\",\"@id\":\"https:\\\/\\\/dorogimedence.hu\\\/#website\",\"url\":\"https:\\\/\\\/dorogimedence.hu\\\/\",\"name\":\"Dorogi-medence Region\u00e1lis H\u00edrport\u00e1l\",\"description\":\"Dorog, Keszt\u00f6lc, Le\u00e1nyv\u00e1r, Piliscs\u00e9v, Tokod, Tokodalt\u00e1r\u00f3, Csolnok, Esztergom-kertv\u00e1ros: h\u00edrek, programok\",\"publisher\":{\"@id\":\"https:\\\/\\\/dorogimedence.hu\\\/#organization\"},\"potentialAction\":[{\"@type\":\"SearchAction\",\"target\":{\"@type\":\"EntryPoint\",\"urlTemplate\":\"https:\\\/\\\/dorogimedence.hu\\\/?s={search_term_string}\"},\"query-input\":{\"@type\":\"PropertyValueSpecification\",\"valueRequired\":true,\"valueName\":\"search_term_string\"}}],\"inLanguage\":\"hu\"},{\"@type\":\"Organization\",\"@id\":\"https:\\\/\\\/dorogimedence.hu\\\/#organization\",\"name\":\"Dorogi-medence Region\u00e1lis H\u00edrport\u00e1l\",\"url\":\"https:\\\/\\\/dorogimedence.hu\\\/\",\"logo\":{\"@type\":\"ImageObject\",\"inLanguage\":\"hu\",\"@id\":\"https:\\\/\\\/dorogimedence.hu\\\/#\\\/schema\\\/logo\\\/image\\\/\",\"url\":\"https:\\\/\\\/dorogimedence.hu\\\/wp-content\\\/uploads\\\/2021\\\/04\\\/logo-feher-600.png\",\"contentUrl\":\"https:\\\/\\\/dorogimedence.hu\\\/wp-content\\\/uploads\\\/2021\\\/04\\\/logo-feher-600.png\",\"width\":600,\"height\":100,\"caption\":\"Dorogi-medence Region\u00e1lis H\u00edrport\u00e1l\"},\"image\":{\"@id\":\"https:\\\/\\\/dorogimedence.hu\\\/#\\\/schema\\\/logo\\\/image\\\/\"},\"sameAs\":[\"https:\\\/\\\/www.facebook.com\\\/dorogimedence\\\/\"]},{\"@type\":\"Person\",\"@id\":\"https:\\\/\\\/dorogimedence.hu\\\/#\\\/schema\\\/person\\\/ce6091eeb7e95ecdc87890d6aa8e0fd4\",\"name\":\"dorogimedence.hu\",\"image\":{\"@type\":\"ImageObject\",\"inLanguage\":\"hu\",\"@id\":\"\\\/\\\/www.gravatar.com\\\/avatar\\\/d8d45f8901aadff40a4af72c0b826f1d?s=96&#038;r=g&#038;d=mm\",\"url\":\"\\\/\\\/www.gravatar.com\\\/avatar\\\/d8d45f8901aadff40a4af72c0b826f1d?s=96&#038;r=g&#038;d=mm\",\"contentUrl\":\"\\\/\\\/www.gravatar.com\\\/avatar\\\/d8d45f8901aadff40a4af72c0b826f1d?s=96&#038;r=g&#038;d=mm\",\"caption\":\"dorogimedence.hu\"}}]}<\/script>\n<!-- \/ Yoast SEO plugin. -->","yoast_head_json":{"title":"P\u00e9lda\u00e9rt\u00e9k\u0171 h\u00edress\u00e9gek Csiff\u00e1ry Gabriella \u00faj k\u00f6nyv\u00e9ben","robots":{"index":"index","follow":"follow","max-snippet":"max-snippet:-1","max-image-preview":"max-image-preview:large","max-video-preview":"max-video-preview:-1"},"canonical":"https:\/\/dorogimedence.hu\/index.php\/2018\/01\/20\/peldaerteku-hiressegek-csiffary-gabriella-uj-konyveben\/","og_locale":"hu_HU","og_type":"article","og_title":"P\u00e9lda\u00e9rt\u00e9k\u0171 h\u00edress\u00e9gek Csiff\u00e1ry Gabriella \u00faj k\u00f6nyv\u00e9ben","og_description":"Ki nem keseredett el gyerekkor\u00e1ban, ha egy-egy rosszabb jegy becs\u00faszott az ellen\u0151rz\u0151be? Bizony\u00e1ra mindannyian. Csiff\u00e1ry Gabriella Magyar\u00e1zom a bizony\u00edtv\u00e1nyom c\u00edm\u0171 leg\u00fajabb k\u00f6nyv\u00e9ben h\u00edres emberek (\u00edr\u00f3k, k\u00f6lt\u0151k, tud\u00f3sok, sz\u00edn\u00e9szek) iskolai kudarcaival \u00e9s sikereivel ismerteti meg az olvas\u00f3kat. \u00c9letsorsuk p\u00e9lda\u00e9rt\u00e9k\u0171 sz\u00e1munkra, mert, b\u00e1r jelent\u0151s h\u00e1tr\u00e1nnyal indultak \u00fatnak, akaraterej\u00fcknek, megsz\u00e1llotts\u00e1guknak k\u00f6sz\u00f6nhet\u0151en rendk\u00edv\u00fcli h\u00edress\u00e9gekk\u00e9 v\u00e1ltak. Aki k\u00edv\u00e1ncsi a k\u00f6nyvben","og_url":"https:\/\/dorogimedence.hu\/index.php\/2018\/01\/20\/peldaerteku-hiressegek-csiffary-gabriella-uj-konyveben\/","og_site_name":"Dorogi-medence Region\u00e1lis H\u00edrport\u00e1l","article_publisher":"https:\/\/www.facebook.com\/dorogimedence\/","article_published_time":"2018-01-20T07:55:57+00:00","og_image":[{"width":670,"height":365,"url":"https:\/\/i0.wp.com\/dorogimedence.hu\/wp-content\/uploads\/2018\/01\/csiffary-gabriella.jpg?fit=670%2C365&ssl=1","type":"image\/jpeg"}],"author":"dorogimedence.hu","twitter_card":"summary_large_image","twitter_misc":{"Szerz\u0151:":"dorogimedence.hu","Becs\u00fclt olvas\u00e1si id\u0151":"1 perc"},"schema":{"@context":"https:\/\/schema.org","@graph":[{"@type":"Article","@id":"https:\/\/dorogimedence.hu\/index.php\/2018\/01\/20\/peldaerteku-hiressegek-csiffary-gabriella-uj-konyveben\/#article","isPartOf":{"@id":"https:\/\/dorogimedence.hu\/index.php\/2018\/01\/20\/peldaerteku-hiressegek-csiffary-gabriella-uj-konyveben\/"},"author":{"name":"dorogimedence.hu","@id":"https:\/\/dorogimedence.hu\/#\/schema\/person\/ce6091eeb7e95ecdc87890d6aa8e0fd4"},"headline":"P\u00e9lda\u00e9rt\u00e9k\u0171 h\u00edress\u00e9gek Csiff\u00e1ry Gabriella \u00faj k\u00f6nyv\u00e9ben","datePublished":"2018-01-20T07:55:57+00:00","mainEntityOfPage":{"@id":"https:\/\/dorogimedence.hu\/index.php\/2018\/01\/20\/peldaerteku-hiressegek-csiffary-gabriella-uj-konyveben\/"},"wordCount":177,"publisher":{"@id":"https:\/\/dorogimedence.hu\/#organization"},"image":{"@id":"https:\/\/dorogimedence.hu\/index.php\/2018\/01\/20\/peldaerteku-hiressegek-csiffary-gabriella-uj-konyveben\/#primaryimage"},"thumbnailUrl":"https:\/\/dorogimedence.hu\/wp-content\/uploads\/2018\/01\/csiffary-gabriella.jpg","keywords":["Csiff\u00e1ry Gabriella","Dorog","k\u00f6nyvbemutat\u00f3","k\u00f6nyvt\u00e1r"],"articleSection":["Dorog","H\u00edrek"],"inLanguage":"hu"},{"@type":"WebPage","@id":"https:\/\/dorogimedence.hu\/index.php\/2018\/01\/20\/peldaerteku-hiressegek-csiffary-gabriella-uj-konyveben\/","url":"https:\/\/dorogimedence.hu\/index.php\/2018\/01\/20\/peldaerteku-hiressegek-csiffary-gabriella-uj-konyveben\/","name":"P\u00e9lda\u00e9rt\u00e9k\u0171 h\u00edress\u00e9gek Csiff\u00e1ry Gabriella \u00faj k\u00f6nyv\u00e9ben","isPartOf":{"@id":"https:\/\/dorogimedence.hu\/#website"},"primaryImageOfPage":{"@id":"https:\/\/dorogimedence.hu\/index.php\/2018\/01\/20\/peldaerteku-hiressegek-csiffary-gabriella-uj-konyveben\/#primaryimage"},"image":{"@id":"https:\/\/dorogimedence.hu\/index.php\/2018\/01\/20\/peldaerteku-hiressegek-csiffary-gabriella-uj-konyveben\/#primaryimage"},"thumbnailUrl":"https:\/\/dorogimedence.hu\/wp-content\/uploads\/2018\/01\/csiffary-gabriella.jpg","datePublished":"2018-01-20T07:55:57+00:00","breadcrumb":{"@id":"https:\/\/dorogimedence.hu\/index.php\/2018\/01\/20\/peldaerteku-hiressegek-csiffary-gabriella-uj-konyveben\/#breadcrumb"},"inLanguage":"hu","potentialAction":[{"@type":"ReadAction","target":["https:\/\/dorogimedence.hu\/index.php\/2018\/01\/20\/peldaerteku-hiressegek-csiffary-gabriella-uj-konyveben\/"]}]},{"@type":"ImageObject","inLanguage":"hu","@id":"https:\/\/dorogimedence.hu\/index.php\/2018\/01\/20\/peldaerteku-hiressegek-csiffary-gabriella-uj-konyveben\/#primaryimage","url":"https:\/\/dorogimedence.hu\/wp-content\/uploads\/2018\/01\/csiffary-gabriella.jpg","contentUrl":"https:\/\/dorogimedence.hu\/wp-content\/uploads\/2018\/01\/csiffary-gabriella.jpg","width":670,"height":365},{"@type":"BreadcrumbList","@id":"https:\/\/dorogimedence.hu\/index.php\/2018\/01\/20\/peldaerteku-hiressegek-csiffary-gabriella-uj-konyveben\/#breadcrumb","itemListElement":[{"@type":"ListItem","position":1,"name":"Kezd\u0151lap","item":"https:\/\/dorogimedence.hu\/"},{"@type":"ListItem","position":2,"name":"P\u00e9lda\u00e9rt\u00e9k\u0171 h\u00edress\u00e9gek Csiff\u00e1ry Gabriella \u00faj k\u00f6nyv\u00e9ben"}]},{"@type":"WebSite","@id":"https:\/\/dorogimedence.hu\/#website","url":"https:\/\/dorogimedence.hu\/","name":"Dorogi-medence Region\u00e1lis H\u00edrport\u00e1l","description":"Dorog, Keszt\u00f6lc, Le\u00e1nyv\u00e1r, Piliscs\u00e9v, Tokod, Tokodalt\u00e1r\u00f3, Csolnok, Esztergom-kertv\u00e1ros: h\u00edrek, programok","publisher":{"@id":"https:\/\/dorogimedence.hu\/#organization"},"potentialAction":[{"@type":"SearchAction","target":{"@type":"EntryPoint","urlTemplate":"https:\/\/dorogimedence.hu\/?s={search_term_string}"},"query-input":{"@type":"PropertyValueSpecification","valueRequired":true,"valueName":"search_term_string"}}],"inLanguage":"hu"},{"@type":"Organization","@id":"https:\/\/dorogimedence.hu\/#organization","name":"Dorogi-medence Region\u00e1lis H\u00edrport\u00e1l","url":"https:\/\/dorogimedence.hu\/","logo":{"@type":"ImageObject","inLanguage":"hu","@id":"https:\/\/dorogimedence.hu\/#\/schema\/logo\/image\/","url":"https:\/\/dorogimedence.hu\/wp-content\/uploads\/2021\/04\/logo-feher-600.png","contentUrl":"https:\/\/dorogimedence.hu\/wp-content\/uploads\/2021\/04\/logo-feher-600.png","width":600,"height":100,"caption":"Dorogi-medence Region\u00e1lis H\u00edrport\u00e1l"},"image":{"@id":"https:\/\/dorogimedence.hu\/#\/schema\/logo\/image\/"},"sameAs":["https:\/\/www.facebook.com\/dorogimedence\/"]},{"@type":"Person","@id":"https:\/\/dorogimedence.hu\/#\/schema\/person\/ce6091eeb7e95ecdc87890d6aa8e0fd4","name":"dorogimedence.hu","image":{"@type":"ImageObject","inLanguage":"hu","@id":"\/\/www.gravatar.com\/avatar\/d8d45f8901aadff40a4af72c0b826f1d?s=96&#038;r=g&#038;d=mm","url":"\/\/www.gravatar.com\/avatar\/d8d45f8901aadff40a4af72c0b826f1d?s=96&#038;r=g&#038;d=mm","contentUrl":"\/\/www.gravatar.com\/avatar\/d8d45f8901aadff40a4af72c0b826f1d?s=96&#038;r=g&#038;d=mm","caption":"dorogimedence.hu"}}]}},"_links":{"self":[{"href":"https:\/\/dorogimedence.hu\/index.php\/wp-json\/wp\/v2\/posts\/7844","targetHints":{"allow":["GET"]}}],"collection":[{"href":"https:\/\/dorogimedence.hu\/index.php\/wp-json\/wp\/v2\/posts"}],"about":[{"href":"https:\/\/dorogimedence.hu\/index.php\/wp-json\/wp\/v2\/types\/post"}],"author":[{"embeddable":true,"href":"https:\/\/dorogimedence.hu\/index.php\/wp-json\/wp\/v2\/users\/1"}],"replies":[{"embeddable":true,"href":"https:\/\/dorogimedence.hu\/index.php\/wp-json\/wp\/v2\/comments?post=7844"}],"version-history":[{"count":0,"href":"https:\/\/dorogimedence.hu\/index.php\/wp-json\/wp\/v2\/posts\/7844\/revisions"}],"wp:featuredmedia":[{"embeddable":true,"href":"https:\/\/dorogimedence.hu\/index.php\/wp-json\/wp\/v2\/media\/7845"}],"wp:attachment":[{"href":"https:\/\/dorogimedence.hu\/index.php\/wp-json\/wp\/v2\/media?parent=7844"}],"wp:term":[{"taxonomy":"category","embeddable":true,"href":"https:\/\/dorogimedence.hu\/index.php\/wp-json\/wp\/v2\/categories?post=7844"},{"taxonomy":"post_tag","embeddable":true,"href":"https:\/\/dorogimedence.hu\/index.php\/wp-json\/wp\/v2\/tags?post=7844"}],"curies":[{"name":"wp","href":"https:\/\/api.w.org\/{rel}","templated":true}]}}