{"id":78336,"date":"2026-03-09T09:23:49","date_gmt":"2026-03-09T08:23:49","guid":{"rendered":"https:\/\/dorogimedence.hu\/?p=78336"},"modified":"2026-03-09T09:23:49","modified_gmt":"2026-03-09T08:23:49","slug":"forditott-a-dag-ketszettes-hatranybol-jott-a-gyozelem-a-tfse-ellen","status":"publish","type":"post","link":"https:\/\/dorogimedence.hu\/index.php\/2026\/03\/09\/forditott-a-dag-ketszettes-hatranybol-jott-a-gyozelem-a-tfse-ellen\/","title":{"rendered":"Ford\u00edtott a D\u00e1g: k\u00e9tszettes h\u00e1tr\u00e1nyb\u00f3l j\u00f6tt a gy\u0151zelem a TFSE ellen"},"content":{"rendered":"<p><strong>M\u00e1rcius 8-\u00e1n, vas\u00e1rnap a Swissten D\u00e1g KSE csapata ism\u00e9t hazai p\u00e1ly\u00e1n l\u00e9pett p\u00e1ly\u00e1ra a TippmixPro F\u00e9rfi NB I Extralig\u00e1ban, ahol a TFSE F\u00e9rfi R\u00f6plabda egy\u00fcttes\u00e9t fogadta. A d\u00e1giak nagy csat\u00e1ban, \u00f6tszettes m\u00e9rk\u0151z\u00e9sen arattak gy\u0151zelmet, \u00edgy zsin\u00f3rban m\u00e1r a harmadik siker\u00fcket \u00fcnnepelhett\u00e9k. A tal\u00e1lkoz\u00f3 v\u00e9geredm\u00e9nye: Swissten D\u00e1g KSE \u2013 TFSE 3\u20132.<\/strong><\/p>\n<p>Az Extraliga alapszakasz\u00e1nak vas\u00e1rnapi j\u00e1t\u00e9knapj\u00e1n a kilencedik helyen \u00e1ll\u00f3 D\u00e1g k\u00e9tszettes h\u00e1tr\u00e1nyb\u00f3l ford\u00edtotta meg a m\u00e9rk\u0151z\u00e9st a tabell\u00e1n egy hellyel el\u0151tte \u00e1ll\u00f3 TFSE ellen. A hazaiak az els\u0151 k\u00e9t j\u00e1tszm\u00e1ban m\u00e9g nem tal\u00e1lt\u00e1k a ritmust, k\u00e9s\u0151bb azonban fokozatosan feljavult a j\u00e1t\u00e9kuk. A harmadik j\u00e1tszm\u00e1t\u00f3l kezdve m\u00e1r a d\u00e1giak ir\u00e1ny\u00edtott\u00e1k a tal\u00e1lkoz\u00f3t: el\u0151bb magabiztosabban, majd egy szorosabb szettben egyenl\u00edtettek, a d\u00f6nt\u0151 j\u00e1tszm\u00e1ban pedig jobbnak bizonyultak ellenfel\u00fckn\u00e9l.<\/p>\n<p>A f\u0151v\u00e1rosi csapat sz\u00e1m\u00e1ra ez k\u00fcl\u00f6n\u00f6sen f\u00e1j\u00f3 veres\u00e9g volt, hiszen h\u00e1rom egym\u00e1st k\u00f6vet\u0151 gy\u0151zelem ut\u00e1n maradt alul. A m\u00e9rk\u0151z\u00e9s egyben az alapszakasz utols\u00f3 hazai tal\u00e1lkoz\u00f3ja is volt a d\u00e1giak sz\u00e1m\u00e1ra.<\/p>\n<p>A m\u00e9rk\u0151z\u00e9s ut\u00e1n Tamasi \u00c1kos, a Swissten D\u00e1g KSE vezet\u0151edz\u0151je a <a href=\"https:\/\/www.facebook.com\/reel\/1609339916977496\" target=\"_blank\" rel=\"noopener\"><span style=\"text-decoration: underline; color: #0000ff;\">klub Facebook-oldal\u00e1n<\/span><\/a> k\u00f6zz\u00e9tett vide\u00f3ban \u00e9rt\u00e9kelte a l\u00e1tottakat. &#8222;Nagyon \u00f6r\u00fcl\u00f6k a gy\u0151zelemnek. Nagyj\u00e1b\u00f3l az t\u00f6rt\u00e9nt, amire sz\u00e1m\u00edtottunk \u00e9s amire k\u00e9sz\u00fclt\u00fcnk: egy v\u00e9gletekig ki\u00e9lezett m\u00e9rk\u0151z\u00e9sen tudtunk nyerni a TFSE ellen. A m\u00e9rk\u0151z\u00e9s elej\u00e9n kicsit g\u00f6rcs\u00f6sen \u00e9s pontatlanul j\u00e1tszottunk, els\u0151sorban a nyit\u00e1sfogad\u00e1sunkn\u00e1l l\u00e1tszott ez. A m\u00e1sodik j\u00e1tszm\u00e1ra azonban siker\u00fclt stabiliz\u00e1lni a j\u00e1t\u00e9kunkat, v\u00e9gig vezett\u00fcnk is, de a v\u00e9gj\u00e1t\u00e9kban becs\u00faszott n\u00e9h\u00e1ny hiba, amit az ellenf\u00e9l kihaszn\u00e1lt. A harmadik j\u00e1tszm\u00e1t\u00f3l viszont m\u00e1r \u00f6nfeledten \u00e9s b\u00e1tran j\u00e1tszottunk, a sr\u00e1cok v\u00e9gig betartott\u00e1k a taktikai utas\u00edt\u00e1sokat. \u00dagy \u00e9rzem, lend\u00fcletet tudtunk szerezni, ami kitartott a m\u00e9rk\u0151z\u00e9s v\u00e9g\u00e9ig. A d\u00e1gi sz\u00edv a hely\u00e9n volt, \u00e9s k\u00f6sz\u00f6nj\u00fck a szurkol\u00f3knak is, hogy ilyen sokan kij\u00f6ttek \u00e9s fantasztikus hangulatot teremtettek az alapszakasz utols\u00f3 hazai m\u00e9rk\u0151z\u00e9s\u00e9n \u2013 mondta a vezet\u0151edz\u0151, aki gratul\u00e1lt csapat\u00e1nak a gy\u0151zelemhez is.<\/p>\n<p>A d\u00e1gi r\u00f6plabd\u00e1z\u00f3k ezzel sorozatban harmadik gy\u0151zelm\u00fcket szerezt\u00e9k meg az Extralig\u00e1ban, ami fontos lend\u00fcletet adhat sz\u00e1mukra a szezon hajr\u00e1j\u00e1ra.<\/p>\n<p><strong>R\u00d6PLABDA<\/strong> &#8211; <strong>F\u00c9RFI EXTRALIGA, ALAPSZAKASZ<\/strong><br \/>\nSwissten D\u00e1g KSE\u2013TFSE&nbsp;3:2 (\u201319, \u201320, 16, 22, 11)<br \/>\nDuna\u00fajv\u00e1rosi KSE\u2013DEAC&nbsp;0:3 (\u201314, \u201312, \u201318)<br \/>\nSzolnoki RK-SC SI\u2013MAFC&nbsp;0:3 (\u201317, \u201317, \u201317)&nbsp;<br \/>\nMEAFC-Peka Bau\u2013Prestige Fitness PSE &nbsp;1:3 (\u201321, \u201323, 20, \u201323)&nbsp;<br \/>\nM\u00c1V El\u0151re Foxconn\u2013Vegy\u00e9sz RC Kazincbarcika 3:0 (27, 22, 14)<\/p>\n<p><em>Felhaszn\u00e1lt forr\u00e1sok: D\u00e1g KSE R\u00f6plabda Facebook-oldal \/ nemzetisport.hu<\/em><br \/>\n<em>Bor\u00edt\u00f3k\u00e9p: illusztr\u00e1ci\u00f3 (pexels.com)<\/em><\/p>\n","protected":false},"excerpt":{"rendered":"<p>M\u00e1rcius 8-\u00e1n, vas\u00e1rnap a Swissten D\u00e1g KSE csapata ism\u00e9t hazai p\u00e1ly\u00e1n l\u00e9pett p\u00e1ly\u00e1ra a TippmixPro F\u00e9rfi NB I Extralig\u00e1ban, ahol a TFSE F\u00e9rfi R\u00f6plabda egy\u00fcttes\u00e9t fogadta. A d\u00e1giak nagy csat\u00e1ban, \u00f6tszettes m\u00e9rk\u0151z\u00e9sen arattak gy\u0151zelmet, \u00edgy zsin\u00f3rban m\u00e1r a harmadik siker\u00fcket \u00fcnnepelhett\u00e9k. A tal\u00e1lkoz\u00f3 v\u00e9geredm\u00e9nye: Swissten D\u00e1g KSE \u2013 TFSE 3\u20132. Az Extraliga alapszakasz\u00e1nak vas\u00e1rnapi j\u00e1t\u00e9knapj\u00e1n<\/p>\n","protected":false},"author":1,"featured_media":73919,"comment_status":"closed","ping_status":"closed","sticky":false,"template":"","format":"standard","meta":{"ngg_post_thumbnail":0,"footnotes":""},"categories":[3,5],"tags":[1083,3980,3978,16],"class_list":{"0":"post-78336","1":"post","2":"type-post","3":"status-publish","4":"format-standard","5":"has-post-thumbnail","7":"category-hirek","8":"category-sport","9":"tag-dag","10":"tag-dag-kse","11":"tag-roplabda","12":"tag-sport"},"yoast_head":"<!-- This site is optimized with the Yoast SEO plugin v27.4 - https:\/\/yoast.com\/product\/yoast-seo-wordpress\/ -->\n<title>Ford\u00edtott a D\u00e1g: k\u00e9tszettes h\u00e1tr\u00e1nyb\u00f3l j\u00f6tt a gy\u0151zelem a TFSE ellen<\/title>\n<meta name=\"robots\" content=\"index, follow, max-snippet:-1, max-image-preview:large, max-video-preview:-1\" \/>\n<link rel=\"canonical\" href=\"https:\/\/dorogimedence.hu\/index.php\/2026\/03\/09\/forditott-a-dag-ketszettes-hatranybol-jott-a-gyozelem-a-tfse-ellen\/\" class=\"yoast-seo-meta-tag\" \/>\n<meta property=\"og:locale\" content=\"hu_HU\" class=\"yoast-seo-meta-tag\" \/>\n<meta property=\"og:type\" content=\"article\" class=\"yoast-seo-meta-tag\" \/>\n<meta property=\"og:title\" content=\"Ford\u00edtott a D\u00e1g: k\u00e9tszettes h\u00e1tr\u00e1nyb\u00f3l j\u00f6tt a gy\u0151zelem a TFSE ellen\" class=\"yoast-seo-meta-tag\" \/>\n<meta property=\"og:description\" content=\"M\u00e1rcius 8-\u00e1n, vas\u00e1rnap a Swissten D\u00e1g KSE csapata ism\u00e9t hazai p\u00e1ly\u00e1n l\u00e9pett p\u00e1ly\u00e1ra a TippmixPro F\u00e9rfi NB I Extralig\u00e1ban, ahol a TFSE F\u00e9rfi R\u00f6plabda egy\u00fcttes\u00e9t fogadta. A d\u00e1giak nagy csat\u00e1ban, \u00f6tszettes m\u00e9rk\u0151z\u00e9sen arattak gy\u0151zelmet, \u00edgy zsin\u00f3rban m\u00e1r a harmadik siker\u00fcket \u00fcnnepelhett\u00e9k. A tal\u00e1lkoz\u00f3 v\u00e9geredm\u00e9nye: Swissten D\u00e1g KSE \u2013 TFSE 3\u20132. Az Extraliga alapszakasz\u00e1nak vas\u00e1rnapi j\u00e1t\u00e9knapj\u00e1n\" class=\"yoast-seo-meta-tag\" \/>\n<meta property=\"og:url\" content=\"https:\/\/dorogimedence.hu\/index.php\/2026\/03\/09\/forditott-a-dag-ketszettes-hatranybol-jott-a-gyozelem-a-tfse-ellen\/\" class=\"yoast-seo-meta-tag\" \/>\n<meta property=\"og:site_name\" content=\"Dorogi-medence Region\u00e1lis H\u00edrport\u00e1l\" class=\"yoast-seo-meta-tag\" \/>\n<meta property=\"article:publisher\" content=\"https:\/\/www.facebook.com\/dorogimedence\/\" class=\"yoast-seo-meta-tag\" \/>\n<meta property=\"article:published_time\" content=\"2026-03-09T08:23:49+00:00\" class=\"yoast-seo-meta-tag\" \/>\n<meta property=\"og:image\" content=\"https:\/\/dorogimedence.hu\/wp-content\/uploads\/2025\/09\/roplabda-pexels.jpg\" class=\"yoast-seo-meta-tag\" \/>\n\t<meta property=\"og:image:width\" content=\"1920\" class=\"yoast-seo-meta-tag\" \/>\n\t<meta property=\"og:image:height\" content=\"970\" class=\"yoast-seo-meta-tag\" \/>\n\t<meta property=\"og:image:type\" content=\"image\/jpeg\" class=\"yoast-seo-meta-tag\" \/>\n<meta name=\"author\" content=\"dorogimedence.hu\" class=\"yoast-seo-meta-tag\" \/>\n<meta name=\"twitter:card\" content=\"summary_large_image\" class=\"yoast-seo-meta-tag\" \/>\n<meta name=\"twitter:label1\" content=\"Szerz\u0151:\" class=\"yoast-seo-meta-tag\" \/>\n\t<meta name=\"twitter:data1\" content=\"dorogimedence.hu\" class=\"yoast-seo-meta-tag\" \/>\n\t<meta name=\"twitter:label2\" content=\"Becs\u00fclt olvas\u00e1si id\u0151\" class=\"yoast-seo-meta-tag\" \/>\n\t<meta name=\"twitter:data2\" content=\"3 perc\" class=\"yoast-seo-meta-tag\" \/>\n<script type=\"application\/ld+json\" class=\"yoast-schema-graph\">{\"@context\":\"https:\\\/\\\/schema.org\",\"@graph\":[{\"@type\":\"Article\",\"@id\":\"https:\\\/\\\/dorogimedence.hu\\\/index.php\\\/2026\\\/03\\\/09\\\/forditott-a-dag-ketszettes-hatranybol-jott-a-gyozelem-a-tfse-ellen\\\/#article\",\"isPartOf\":{\"@id\":\"https:\\\/\\\/dorogimedence.hu\\\/index.php\\\/2026\\\/03\\\/09\\\/forditott-a-dag-ketszettes-hatranybol-jott-a-gyozelem-a-tfse-ellen\\\/\"},\"author\":{\"name\":\"dorogimedence.hu\",\"@id\":\"https:\\\/\\\/dorogimedence.hu\\\/#\\\/schema\\\/person\\\/ce6091eeb7e95ecdc87890d6aa8e0fd4\"},\"headline\":\"Ford\u00edtott a D\u00e1g: k\u00e9tszettes h\u00e1tr\u00e1nyb\u00f3l j\u00f6tt a gy\u0151zelem a TFSE ellen\",\"datePublished\":\"2026-03-09T08:23:49+00:00\",\"mainEntityOfPage\":{\"@id\":\"https:\\\/\\\/dorogimedence.hu\\\/index.php\\\/2026\\\/03\\\/09\\\/forditott-a-dag-ketszettes-hatranybol-jott-a-gyozelem-a-tfse-ellen\\\/\"},\"wordCount\":573,\"publisher\":{\"@id\":\"https:\\\/\\\/dorogimedence.hu\\\/#organization\"},\"image\":{\"@id\":\"https:\\\/\\\/dorogimedence.hu\\\/index.php\\\/2026\\\/03\\\/09\\\/forditott-a-dag-ketszettes-hatranybol-jott-a-gyozelem-a-tfse-ellen\\\/#primaryimage\"},\"thumbnailUrl\":\"https:\\\/\\\/dorogimedence.hu\\\/wp-content\\\/uploads\\\/2025\\\/09\\\/roplabda-pexels.jpg\",\"keywords\":[\"D\u00e1g\",\"D\u00e1g KSE\",\"r\u00f6plabda\",\"sport\"],\"articleSection\":[\"H\u00edrek\",\"Sport\"],\"inLanguage\":\"hu\"},{\"@type\":\"WebPage\",\"@id\":\"https:\\\/\\\/dorogimedence.hu\\\/index.php\\\/2026\\\/03\\\/09\\\/forditott-a-dag-ketszettes-hatranybol-jott-a-gyozelem-a-tfse-ellen\\\/\",\"url\":\"https:\\\/\\\/dorogimedence.hu\\\/index.php\\\/2026\\\/03\\\/09\\\/forditott-a-dag-ketszettes-hatranybol-jott-a-gyozelem-a-tfse-ellen\\\/\",\"name\":\"Ford\u00edtott a D\u00e1g: k\u00e9tszettes h\u00e1tr\u00e1nyb\u00f3l j\u00f6tt a gy\u0151zelem a TFSE ellen\",\"isPartOf\":{\"@id\":\"https:\\\/\\\/dorogimedence.hu\\\/#website\"},\"primaryImageOfPage\":{\"@id\":\"https:\\\/\\\/dorogimedence.hu\\\/index.php\\\/2026\\\/03\\\/09\\\/forditott-a-dag-ketszettes-hatranybol-jott-a-gyozelem-a-tfse-ellen\\\/#primaryimage\"},\"image\":{\"@id\":\"https:\\\/\\\/dorogimedence.hu\\\/index.php\\\/2026\\\/03\\\/09\\\/forditott-a-dag-ketszettes-hatranybol-jott-a-gyozelem-a-tfse-ellen\\\/#primaryimage\"},\"thumbnailUrl\":\"https:\\\/\\\/dorogimedence.hu\\\/wp-content\\\/uploads\\\/2025\\\/09\\\/roplabda-pexels.jpg\",\"datePublished\":\"2026-03-09T08:23:49+00:00\",\"breadcrumb\":{\"@id\":\"https:\\\/\\\/dorogimedence.hu\\\/index.php\\\/2026\\\/03\\\/09\\\/forditott-a-dag-ketszettes-hatranybol-jott-a-gyozelem-a-tfse-ellen\\\/#breadcrumb\"},\"inLanguage\":\"hu\",\"potentialAction\":[{\"@type\":\"ReadAction\",\"target\":[\"https:\\\/\\\/dorogimedence.hu\\\/index.php\\\/2026\\\/03\\\/09\\\/forditott-a-dag-ketszettes-hatranybol-jott-a-gyozelem-a-tfse-ellen\\\/\"]}]},{\"@type\":\"ImageObject\",\"inLanguage\":\"hu\",\"@id\":\"https:\\\/\\\/dorogimedence.hu\\\/index.php\\\/2026\\\/03\\\/09\\\/forditott-a-dag-ketszettes-hatranybol-jott-a-gyozelem-a-tfse-ellen\\\/#primaryimage\",\"url\":\"https:\\\/\\\/dorogimedence.hu\\\/wp-content\\\/uploads\\\/2025\\\/09\\\/roplabda-pexels.jpg\",\"contentUrl\":\"https:\\\/\\\/dorogimedence.hu\\\/wp-content\\\/uploads\\\/2025\\\/09\\\/roplabda-pexels.jpg\",\"width\":1920,\"height\":970},{\"@type\":\"BreadcrumbList\",\"@id\":\"https:\\\/\\\/dorogimedence.hu\\\/index.php\\\/2026\\\/03\\\/09\\\/forditott-a-dag-ketszettes-hatranybol-jott-a-gyozelem-a-tfse-ellen\\\/#breadcrumb\",\"itemListElement\":[{\"@type\":\"ListItem\",\"position\":1,\"name\":\"Kezd\u0151lap\",\"item\":\"https:\\\/\\\/dorogimedence.hu\\\/\"},{\"@type\":\"ListItem\",\"position\":2,\"name\":\"Ford\u00edtott a D\u00e1g: k\u00e9tszettes h\u00e1tr\u00e1nyb\u00f3l j\u00f6tt a gy\u0151zelem a TFSE ellen\"}]},{\"@type\":\"WebSite\",\"@id\":\"https:\\\/\\\/dorogimedence.hu\\\/#website\",\"url\":\"https:\\\/\\\/dorogimedence.hu\\\/\",\"name\":\"Dorogi-medence Region\u00e1lis H\u00edrport\u00e1l\",\"description\":\"Dorog, Keszt\u00f6lc, Le\u00e1nyv\u00e1r, Piliscs\u00e9v, Tokod, Tokodalt\u00e1r\u00f3, Csolnok, Esztergom-kertv\u00e1ros: h\u00edrek, programok\",\"publisher\":{\"@id\":\"https:\\\/\\\/dorogimedence.hu\\\/#organization\"},\"potentialAction\":[{\"@type\":\"SearchAction\",\"target\":{\"@type\":\"EntryPoint\",\"urlTemplate\":\"https:\\\/\\\/dorogimedence.hu\\\/?s={search_term_string}\"},\"query-input\":{\"@type\":\"PropertyValueSpecification\",\"valueRequired\":true,\"valueName\":\"search_term_string\"}}],\"inLanguage\":\"hu\"},{\"@type\":\"Organization\",\"@id\":\"https:\\\/\\\/dorogimedence.hu\\\/#organization\",\"name\":\"Dorogi-medence Region\u00e1lis H\u00edrport\u00e1l\",\"url\":\"https:\\\/\\\/dorogimedence.hu\\\/\",\"logo\":{\"@type\":\"ImageObject\",\"inLanguage\":\"hu\",\"@id\":\"https:\\\/\\\/dorogimedence.hu\\\/#\\\/schema\\\/logo\\\/image\\\/\",\"url\":\"https:\\\/\\\/dorogimedence.hu\\\/wp-content\\\/uploads\\\/2021\\\/04\\\/logo-feher-600.png\",\"contentUrl\":\"https:\\\/\\\/dorogimedence.hu\\\/wp-content\\\/uploads\\\/2021\\\/04\\\/logo-feher-600.png\",\"width\":600,\"height\":100,\"caption\":\"Dorogi-medence Region\u00e1lis H\u00edrport\u00e1l\"},\"image\":{\"@id\":\"https:\\\/\\\/dorogimedence.hu\\\/#\\\/schema\\\/logo\\\/image\\\/\"},\"sameAs\":[\"https:\\\/\\\/www.facebook.com\\\/dorogimedence\\\/\"]},{\"@type\":\"Person\",\"@id\":\"https:\\\/\\\/dorogimedence.hu\\\/#\\\/schema\\\/person\\\/ce6091eeb7e95ecdc87890d6aa8e0fd4\",\"name\":\"dorogimedence.hu\",\"image\":{\"@type\":\"ImageObject\",\"inLanguage\":\"hu\",\"@id\":\"\\\/\\\/www.gravatar.com\\\/avatar\\\/d8d45f8901aadff40a4af72c0b826f1d?s=96&#038;r=g&#038;d=mm\",\"url\":\"\\\/\\\/www.gravatar.com\\\/avatar\\\/d8d45f8901aadff40a4af72c0b826f1d?s=96&#038;r=g&#038;d=mm\",\"contentUrl\":\"\\\/\\\/www.gravatar.com\\\/avatar\\\/d8d45f8901aadff40a4af72c0b826f1d?s=96&#038;r=g&#038;d=mm\",\"caption\":\"dorogimedence.hu\"}}]}<\/script>\n<!-- \/ Yoast SEO plugin. -->","yoast_head_json":{"title":"Ford\u00edtott a D\u00e1g: k\u00e9tszettes h\u00e1tr\u00e1nyb\u00f3l j\u00f6tt a gy\u0151zelem a TFSE ellen","robots":{"index":"index","follow":"follow","max-snippet":"max-snippet:-1","max-image-preview":"max-image-preview:large","max-video-preview":"max-video-preview:-1"},"canonical":"https:\/\/dorogimedence.hu\/index.php\/2026\/03\/09\/forditott-a-dag-ketszettes-hatranybol-jott-a-gyozelem-a-tfse-ellen\/","og_locale":"hu_HU","og_type":"article","og_title":"Ford\u00edtott a D\u00e1g: k\u00e9tszettes h\u00e1tr\u00e1nyb\u00f3l j\u00f6tt a gy\u0151zelem a TFSE ellen","og_description":"M\u00e1rcius 8-\u00e1n, vas\u00e1rnap a Swissten D\u00e1g KSE csapata ism\u00e9t hazai p\u00e1ly\u00e1n l\u00e9pett p\u00e1ly\u00e1ra a TippmixPro F\u00e9rfi NB I Extralig\u00e1ban, ahol a TFSE F\u00e9rfi R\u00f6plabda egy\u00fcttes\u00e9t fogadta. A d\u00e1giak nagy csat\u00e1ban, \u00f6tszettes m\u00e9rk\u0151z\u00e9sen arattak gy\u0151zelmet, \u00edgy zsin\u00f3rban m\u00e1r a harmadik siker\u00fcket \u00fcnnepelhett\u00e9k. A tal\u00e1lkoz\u00f3 v\u00e9geredm\u00e9nye: Swissten D\u00e1g KSE \u2013 TFSE 3\u20132. Az Extraliga alapszakasz\u00e1nak vas\u00e1rnapi j\u00e1t\u00e9knapj\u00e1n","og_url":"https:\/\/dorogimedence.hu\/index.php\/2026\/03\/09\/forditott-a-dag-ketszettes-hatranybol-jott-a-gyozelem-a-tfse-ellen\/","og_site_name":"Dorogi-medence Region\u00e1lis H\u00edrport\u00e1l","article_publisher":"https:\/\/www.facebook.com\/dorogimedence\/","article_published_time":"2026-03-09T08:23:49+00:00","og_image":[{"width":1920,"height":970,"url":"https:\/\/dorogimedence.hu\/wp-content\/uploads\/2025\/09\/roplabda-pexels.jpg","type":"image\/jpeg"}],"author":"dorogimedence.hu","twitter_card":"summary_large_image","twitter_misc":{"Szerz\u0151:":"dorogimedence.hu","Becs\u00fclt olvas\u00e1si id\u0151":"3 perc"},"schema":{"@context":"https:\/\/schema.org","@graph":[{"@type":"Article","@id":"https:\/\/dorogimedence.hu\/index.php\/2026\/03\/09\/forditott-a-dag-ketszettes-hatranybol-jott-a-gyozelem-a-tfse-ellen\/#article","isPartOf":{"@id":"https:\/\/dorogimedence.hu\/index.php\/2026\/03\/09\/forditott-a-dag-ketszettes-hatranybol-jott-a-gyozelem-a-tfse-ellen\/"},"author":{"name":"dorogimedence.hu","@id":"https:\/\/dorogimedence.hu\/#\/schema\/person\/ce6091eeb7e95ecdc87890d6aa8e0fd4"},"headline":"Ford\u00edtott a D\u00e1g: k\u00e9tszettes h\u00e1tr\u00e1nyb\u00f3l j\u00f6tt a gy\u0151zelem a TFSE ellen","datePublished":"2026-03-09T08:23:49+00:00","mainEntityOfPage":{"@id":"https:\/\/dorogimedence.hu\/index.php\/2026\/03\/09\/forditott-a-dag-ketszettes-hatranybol-jott-a-gyozelem-a-tfse-ellen\/"},"wordCount":573,"publisher":{"@id":"https:\/\/dorogimedence.hu\/#organization"},"image":{"@id":"https:\/\/dorogimedence.hu\/index.php\/2026\/03\/09\/forditott-a-dag-ketszettes-hatranybol-jott-a-gyozelem-a-tfse-ellen\/#primaryimage"},"thumbnailUrl":"https:\/\/dorogimedence.hu\/wp-content\/uploads\/2025\/09\/roplabda-pexels.jpg","keywords":["D\u00e1g","D\u00e1g KSE","r\u00f6plabda","sport"],"articleSection":["H\u00edrek","Sport"],"inLanguage":"hu"},{"@type":"WebPage","@id":"https:\/\/dorogimedence.hu\/index.php\/2026\/03\/09\/forditott-a-dag-ketszettes-hatranybol-jott-a-gyozelem-a-tfse-ellen\/","url":"https:\/\/dorogimedence.hu\/index.php\/2026\/03\/09\/forditott-a-dag-ketszettes-hatranybol-jott-a-gyozelem-a-tfse-ellen\/","name":"Ford\u00edtott a D\u00e1g: k\u00e9tszettes h\u00e1tr\u00e1nyb\u00f3l j\u00f6tt a gy\u0151zelem a TFSE ellen","isPartOf":{"@id":"https:\/\/dorogimedence.hu\/#website"},"primaryImageOfPage":{"@id":"https:\/\/dorogimedence.hu\/index.php\/2026\/03\/09\/forditott-a-dag-ketszettes-hatranybol-jott-a-gyozelem-a-tfse-ellen\/#primaryimage"},"image":{"@id":"https:\/\/dorogimedence.hu\/index.php\/2026\/03\/09\/forditott-a-dag-ketszettes-hatranybol-jott-a-gyozelem-a-tfse-ellen\/#primaryimage"},"thumbnailUrl":"https:\/\/dorogimedence.hu\/wp-content\/uploads\/2025\/09\/roplabda-pexels.jpg","datePublished":"2026-03-09T08:23:49+00:00","breadcrumb":{"@id":"https:\/\/dorogimedence.hu\/index.php\/2026\/03\/09\/forditott-a-dag-ketszettes-hatranybol-jott-a-gyozelem-a-tfse-ellen\/#breadcrumb"},"inLanguage":"hu","potentialAction":[{"@type":"ReadAction","target":["https:\/\/dorogimedence.hu\/index.php\/2026\/03\/09\/forditott-a-dag-ketszettes-hatranybol-jott-a-gyozelem-a-tfse-ellen\/"]}]},{"@type":"ImageObject","inLanguage":"hu","@id":"https:\/\/dorogimedence.hu\/index.php\/2026\/03\/09\/forditott-a-dag-ketszettes-hatranybol-jott-a-gyozelem-a-tfse-ellen\/#primaryimage","url":"https:\/\/dorogimedence.hu\/wp-content\/uploads\/2025\/09\/roplabda-pexels.jpg","contentUrl":"https:\/\/dorogimedence.hu\/wp-content\/uploads\/2025\/09\/roplabda-pexels.jpg","width":1920,"height":970},{"@type":"BreadcrumbList","@id":"https:\/\/dorogimedence.hu\/index.php\/2026\/03\/09\/forditott-a-dag-ketszettes-hatranybol-jott-a-gyozelem-a-tfse-ellen\/#breadcrumb","itemListElement":[{"@type":"ListItem","position":1,"name":"Kezd\u0151lap","item":"https:\/\/dorogimedence.hu\/"},{"@type":"ListItem","position":2,"name":"Ford\u00edtott a D\u00e1g: k\u00e9tszettes h\u00e1tr\u00e1nyb\u00f3l j\u00f6tt a gy\u0151zelem a TFSE ellen"}]},{"@type":"WebSite","@id":"https:\/\/dorogimedence.hu\/#website","url":"https:\/\/dorogimedence.hu\/","name":"Dorogi-medence Region\u00e1lis H\u00edrport\u00e1l","description":"Dorog, Keszt\u00f6lc, Le\u00e1nyv\u00e1r, Piliscs\u00e9v, Tokod, Tokodalt\u00e1r\u00f3, Csolnok, Esztergom-kertv\u00e1ros: h\u00edrek, programok","publisher":{"@id":"https:\/\/dorogimedence.hu\/#organization"},"potentialAction":[{"@type":"SearchAction","target":{"@type":"EntryPoint","urlTemplate":"https:\/\/dorogimedence.hu\/?s={search_term_string}"},"query-input":{"@type":"PropertyValueSpecification","valueRequired":true,"valueName":"search_term_string"}}],"inLanguage":"hu"},{"@type":"Organization","@id":"https:\/\/dorogimedence.hu\/#organization","name":"Dorogi-medence Region\u00e1lis H\u00edrport\u00e1l","url":"https:\/\/dorogimedence.hu\/","logo":{"@type":"ImageObject","inLanguage":"hu","@id":"https:\/\/dorogimedence.hu\/#\/schema\/logo\/image\/","url":"https:\/\/dorogimedence.hu\/wp-content\/uploads\/2021\/04\/logo-feher-600.png","contentUrl":"https:\/\/dorogimedence.hu\/wp-content\/uploads\/2021\/04\/logo-feher-600.png","width":600,"height":100,"caption":"Dorogi-medence Region\u00e1lis H\u00edrport\u00e1l"},"image":{"@id":"https:\/\/dorogimedence.hu\/#\/schema\/logo\/image\/"},"sameAs":["https:\/\/www.facebook.com\/dorogimedence\/"]},{"@type":"Person","@id":"https:\/\/dorogimedence.hu\/#\/schema\/person\/ce6091eeb7e95ecdc87890d6aa8e0fd4","name":"dorogimedence.hu","image":{"@type":"ImageObject","inLanguage":"hu","@id":"\/\/www.gravatar.com\/avatar\/d8d45f8901aadff40a4af72c0b826f1d?s=96&#038;r=g&#038;d=mm","url":"\/\/www.gravatar.com\/avatar\/d8d45f8901aadff40a4af72c0b826f1d?s=96&#038;r=g&#038;d=mm","contentUrl":"\/\/www.gravatar.com\/avatar\/d8d45f8901aadff40a4af72c0b826f1d?s=96&#038;r=g&#038;d=mm","caption":"dorogimedence.hu"}}]}},"_links":{"self":[{"href":"https:\/\/dorogimedence.hu\/index.php\/wp-json\/wp\/v2\/posts\/78336","targetHints":{"allow":["GET"]}}],"collection":[{"href":"https:\/\/dorogimedence.hu\/index.php\/wp-json\/wp\/v2\/posts"}],"about":[{"href":"https:\/\/dorogimedence.hu\/index.php\/wp-json\/wp\/v2\/types\/post"}],"author":[{"embeddable":true,"href":"https:\/\/dorogimedence.hu\/index.php\/wp-json\/wp\/v2\/users\/1"}],"replies":[{"embeddable":true,"href":"https:\/\/dorogimedence.hu\/index.php\/wp-json\/wp\/v2\/comments?post=78336"}],"version-history":[{"count":0,"href":"https:\/\/dorogimedence.hu\/index.php\/wp-json\/wp\/v2\/posts\/78336\/revisions"}],"wp:featuredmedia":[{"embeddable":true,"href":"https:\/\/dorogimedence.hu\/index.php\/wp-json\/wp\/v2\/media\/73919"}],"wp:attachment":[{"href":"https:\/\/dorogimedence.hu\/index.php\/wp-json\/wp\/v2\/media?parent=78336"}],"wp:term":[{"taxonomy":"category","embeddable":true,"href":"https:\/\/dorogimedence.hu\/index.php\/wp-json\/wp\/v2\/categories?post=78336"},{"taxonomy":"post_tag","embeddable":true,"href":"https:\/\/dorogimedence.hu\/index.php\/wp-json\/wp\/v2\/tags?post=78336"}],"curies":[{"name":"wp","href":"https:\/\/api.w.org\/{rel}","templated":true}]}}