{"id":78244,"date":"2026-03-05T14:29:13","date_gmt":"2026-03-05T13:29:13","guid":{"rendered":"https:\/\/dorogimedence.hu\/?p=78244"},"modified":"2026-03-05T14:29:13","modified_gmt":"2026-03-05T13:29:13","slug":"biztonsagos-feszkelohelyekkel-varja-a-golyakat-az-e-on-komarom-esztergomban","status":"publish","type":"post","link":"https:\/\/dorogimedence.hu\/index.php\/2026\/03\/05\/biztonsagos-feszkelohelyekkel-varja-a-golyakat-az-e-on-komarom-esztergomban\/","title":{"rendered":"Biztons\u00e1gos f\u00e9szkel\u0151helyekkel v\u00e1rja a g\u00f3ly\u00e1kat az E.ON Kom\u00e1rom-Esztergomban"},"content":{"rendered":"<p><strong>A k\u00f6lt\u00e9si szezon el\u0151tt t\u00f6bb Kom\u00e1rom-Esztergom v\u00e1rmegyei telep\u00fcl\u00e9sen is mad\u00e1rbar\u00e1t \u00e1talak\u00edt\u00e1sokat v\u00e9gzett \u00e9s \u00faj g\u00f3lyaf\u00e9szektart\u00f3kat szerelt fel az E.ON, hogy a hamarosan visszat\u00e9r\u0151 g\u00f3ly\u00e1k stabil \u00e9s biztons\u00e1gos k\u00f6lt\u0151helyekre \u00e9rkezzenek. <\/strong><\/p>\n<p><strong>S\u00e1ris\u00e1pon<\/strong> m\u00e1r elk\u00e9sz\u00fclt, <strong>V\u00e9rtessz\u0151l\u0151s\u00f6n<\/strong> k\u00e9sz\u00fcl<strong>, Bakonys\u00e1rk\u00e1nyban<\/strong> m\u00e1rcius 9-\u00e9n szerelik fel az \u00faj g\u00f3lyaf\u00e9szektart\u00f3kat az E.ON h\u00e1l\u00f3zat\u00e1nak vezet\u00e9ktart\u00f3 oszlopaira. A mad\u00e1rv\u00e9delmi munka, amelyet a Dun\u00e1nt\u00fal, Pest v\u00e1rmegye \u00e9s Budapest \u00e1ramh\u00e1l\u00f3zat\u00e1t m\u0171k\u00f6dtet\u0151 v\u00e1llalat munkat\u00e1rsai a Duna-Ipoly Nemzeti Park mad\u00e1rv\u00e9delmi szak\u00e9rt\u0151ivel egy\u00fcttm\u0171k\u00f6d\u00e9sben v\u00e9geznek, az eg\u00e9sz v\u00e1rmegy\u00e9ben \u00fctemezetten halad, hogy minden f\u00e9szkel\u0151hely stabil \u00e9s biztons\u00e1gos legyen, mire a g\u00f3ly\u00e1k meg\u00e9rkeznek.<\/p>\n<p>A bej\u00e1r\u00e1sok m\u00e1r augusztus v\u00e9g\u00e9n, a g\u00f3ly\u00e1k elvonul\u00e1sa ut\u00e1n elkezd\u0151dtek. A szakemberek felt\u00e9rk\u00e9pezt\u00e9k a vesz\u00e9lyes pontokat, feljegyezt\u00e9k a f\u00e9szekkezdem\u00e9nyeket, majd a g\u00f3ly\u00e1k \u00e1ltal az oszlopokra hordott r\u0151zsekupacok hely\u00e9re massz\u00edv, f\u00e9mv\u00e1zas f\u00e9szektart\u00f3kat helyeztek ki, \u00e1gakb\u00f3l font f\u00e9szekalappal. Az E.ON szakemberei nemcsak a f\u00e9szkel\u00e9sre kijel\u00f6lt oszlopokat, hanem a f\u00e9szkek 300 m\u00e9teres k\u00f6rnyezet\u00e9t is biztons\u00e1goss\u00e1 teszik, hogy a g\u00f3lyasz\u00fcl\u0151k lesz\u00e1ll\u00e1sa \u00e9s a fi\u00f3k\u00e1k k\u00e9s\u0151bbi kirep\u00fcl\u00e9se is biztons\u00e1gos legyen.<\/p>\n<p>A legt\u00f6bb beavatkoz\u00e1st az \u0151szi-t\u00e9li id\u0151szakban v\u00e9gzik az E.ON szakemberei, hogy tavasszal ne zavarj\u00e1k a k\u00f6lt\u00e9st. A munkakezd\u00e9st mindig helysz\u00edni felm\u00e9r\u00e9s el\u0151zi meg, a g\u00f3lyaf\u00e9szkek hely\u00e9t a nemzeti parkok szakemberei jel\u00f6lik ki, jellemz\u0151en olyan oszlopokon, ahol a g\u00f3ly\u00e1k kor\u00e1bban pr\u00f3b\u00e1lkoztak m\u00e1r k\u00f6lt\u00e9ssel vagy hordtak fel f\u00e9szekanyagot. Id\u0151nk\u00e9nt speci\u00e1lis k\u00f6r\u00fclm\u00e9nyekre is fel kell k\u00e9sz\u00fclni, mint p\u00e9ld\u00e1ul a <strong>S\u00e1ris\u00e1pon t\u0171zriaszt\u00f3 szir\u00e9n\u00e1ra \u00e9p\u00fclt g\u00f3lyaf\u00e9szek<\/strong> eset\u00e9ben. Ebben a szir\u00e9naoszlopra \u00e9p\u00fclt f\u00e9szekben tavaly nem val\u00f3sult meg k\u00f6lt\u00e9s, helyette a g\u00f3ly\u00e1k az E.ON egyik oszlop\u00e1n \u00e9p\u00edtkeztek. Szakembereink a szir\u00e9naoszlopon \u00e9p\u00fclt f\u00e9szket a g\u00f3ly\u00e1k \u00e1ltal megjel\u00f6lt oszlopra helyezt\u00e9k \u00e1t, \u00e9s biztons\u00e1gos f\u00e9szektart\u00f3val is ell\u00e1tt\u00e1k azt.<\/p>\n<p>A mad\u00e1rv\u00e9delmi el\u0151k\u00e9sz\u00fcletek k\u00f6z\u00e9 tartozik a r\u00e9gebbi f\u00e9szkek jav\u00edt\u00e1sa is, amit <strong>Nasz\u00e1ly-Gr\u00e9bicspuszt\u00e1n<\/strong> p\u00e9ld\u00e1ul m\u00e1rcius 4-\u00e9n v\u00e9gez az E.ON. A r\u00e9gi, \u00fcres f\u00e9szektart\u00f3k karbantart\u00e1sa, \u00faj f\u00e9szekanyagok kihelyez\u00e9se <strong>Cs\u00e9pen<\/strong> \u00e9s <strong>Et\u00e9n<\/strong> febru\u00e1r utols\u00f3 napjaiban zajlott, <strong>Dunaalm\u00e1son, H\u00e1nt\u00e1n<\/strong> \u00e9s <strong>Sz\u00e1kszenden<\/strong> pedig m\u00e1rcius els\u0151 het\u00e9ben v\u00e1rhat\u00f3.<\/p>\n<p>A madarak t\u00e1pl\u00e1lkoz\u00f3ter\u00fclet\u00e9nek sz\u00e1m\u00edt\u00f3 tatab\u00e1nyai hullad\u00e9klerak\u00f3 oszlopainak <strong>mad\u00e1rbar\u00e1tt\u00e1 alak\u00edt\u00e1sa<\/strong> kiemelten els\u0151bbs\u00e9get \u00e9lvez, hiszen ezt a ter\u00fcletet egyidej\u0171leg nagysz\u00e1m\u00fa mad\u00e1r l\u00e1togatja.&nbsp; <strong>Tatab\u00e1ny\u00e1n <\/strong>m\u00e1r zajlik az el\u0151k\u00e9sz\u00edt\u00e9s, hogy a telep teljes vonal\u00e1n biztons\u00e1goss\u00e1 tehess\u00e9k a h\u00e1l\u00f3zatot \u2013 a legjobb megold\u00e1sok kapcs\u00e1n folyamatos az egyeztet\u00e9s az E.ON \u00e9s a nemzeti park szakemberei k\u00f6z\u00f6tt. <strong>Ban\u00e1n<\/strong> m\u00e1rcius 12-13. napokon, <strong>T\u00e1ton<\/strong> m\u00e1rcius 30-\u00e1n szigetelik majd a g\u00f3lyaf\u00e9szkek k\u00f6zel\u00e9ben tal\u00e1lhat\u00f3 oszlopokat, <strong>Kecsk\u00e9di <\/strong>g\u00f3lyaf\u00e9szek kapcs\u00e1n egyeztet\u00e9sek zajlanak a Nemzeti Park szakembereivel, itt is v\u00e1rhat\u00f3 beavatkoz\u00e1s.<\/p>\n<p>Az E.ON a Dun\u00e1nt\u00falon id\u00e9n t\u00f6bb mint 250 oszlop \u00e1talak\u00edt\u00e1s\u00e1t tervezi, \u00e9s 70 \u00faj f\u00e9szektart\u00f3t szerel fel. A viharban megs\u00e9r\u00fclt f\u00e9szkeket \u00fajj\u00e1\u00e9p\u00edtik, a t\u00fal neh\u00e9zz\u00e9 v\u00e1ltakat szakszer\u0171en k\u00f6nny\u00edtik. Orsz\u00e1gszerte 80 helysz\u00ednen zajlik g\u00f3lyaf\u00e9szek-fel\u00faj\u00edt\u00e1s, \u00edgy 2026-ban m\u00e1r <a href=\"https:\/\/www.eon.hu\/hu\/rolunk\/sajtoszoba\/sajtokozlemenyek\/3300-feszek-varja-a-golyakat.html\" target=\"_blank\" rel=\"noopener\"><span style=\"text-decoration: underline; color: #0000ff;\">3300 biztons\u00e1gos, \u00faj vagy meger\u0151s\u00edtett f\u00e9szkel\u0151hely v\u00e1rja a g\u00f3lyap\u00e1rokat az E.ON \u00e1ramh\u00e1l\u00f3zat\u00e1n<\/span><\/a>.<\/p>\n<p><em>Forr\u00e1s: E.ON<\/em><\/p>\n","protected":false},"excerpt":{"rendered":"<p>A k\u00f6lt\u00e9si szezon el\u0151tt t\u00f6bb Kom\u00e1rom-Esztergom v\u00e1rmegyei telep\u00fcl\u00e9sen is mad\u00e1rbar\u00e1t \u00e1talak\u00edt\u00e1sokat v\u00e9gzett \u00e9s \u00faj g\u00f3lyaf\u00e9szektart\u00f3kat szerelt fel az E.ON, hogy a hamarosan visszat\u00e9r\u0151 g\u00f3ly\u00e1k stabil \u00e9s biztons\u00e1gos k\u00f6lt\u0151helyekre \u00e9rkezzenek. S\u00e1ris\u00e1pon m\u00e1r elk\u00e9sz\u00fclt, V\u00e9rtessz\u0151l\u0151s\u00f6n k\u00e9sz\u00fcl, Bakonys\u00e1rk\u00e1nyban m\u00e1rcius 9-\u00e9n szerelik fel az \u00faj g\u00f3lyaf\u00e9szektart\u00f3kat az E.ON h\u00e1l\u00f3zat\u00e1nak vezet\u00e9ktart\u00f3 oszlopaira. A mad\u00e1rv\u00e9delmi munka, amelyet a Dun\u00e1nt\u00fal, Pest v\u00e1rmegye<\/p>\n","protected":false},"author":1,"featured_media":78007,"comment_status":"closed","ping_status":"closed","sticky":false,"template":"","format":"standard","meta":{"ngg_post_thumbnail":0,"footnotes":""},"categories":[3,56],"tags":[665,7915,6890,423],"class_list":{"0":"post-78244","1":"post","2":"type-post","3":"status-publish","4":"format-standard","5":"has-post-thumbnail","7":"category-hirek","8":"category-komarom-esztergom","9":"tag-e-on","10":"tag-golyafeszek","11":"tag-komarom-esztergom-varmegye","12":"tag-sarisap"},"yoast_head":"<!-- This site is optimized with the Yoast SEO plugin v27.5 - https:\/\/yoast.com\/product\/yoast-seo-wordpress\/ -->\n<title>Biztons\u00e1gos f\u00e9szkel\u0151helyekkel v\u00e1rja a g\u00f3ly\u00e1kat az E.ON Kom\u00e1rom-Esztergomban<\/title>\n<meta name=\"robots\" content=\"index, follow, max-snippet:-1, max-image-preview:large, max-video-preview:-1\" \/>\n<link rel=\"canonical\" href=\"https:\/\/dorogimedence.hu\/index.php\/2026\/03\/05\/biztonsagos-feszkelohelyekkel-varja-a-golyakat-az-e-on-komarom-esztergomban\/\" class=\"yoast-seo-meta-tag\" \/>\n<meta property=\"og:locale\" content=\"hu_HU\" class=\"yoast-seo-meta-tag\" \/>\n<meta property=\"og:type\" content=\"article\" class=\"yoast-seo-meta-tag\" \/>\n<meta property=\"og:title\" content=\"Biztons\u00e1gos f\u00e9szkel\u0151helyekkel v\u00e1rja a g\u00f3ly\u00e1kat az E.ON Kom\u00e1rom-Esztergomban\" class=\"yoast-seo-meta-tag\" \/>\n<meta property=\"og:description\" content=\"A k\u00f6lt\u00e9si szezon el\u0151tt t\u00f6bb Kom\u00e1rom-Esztergom v\u00e1rmegyei telep\u00fcl\u00e9sen is mad\u00e1rbar\u00e1t \u00e1talak\u00edt\u00e1sokat v\u00e9gzett \u00e9s \u00faj g\u00f3lyaf\u00e9szektart\u00f3kat szerelt fel az E.ON, hogy a hamarosan visszat\u00e9r\u0151 g\u00f3ly\u00e1k stabil \u00e9s biztons\u00e1gos k\u00f6lt\u0151helyekre \u00e9rkezzenek. S\u00e1ris\u00e1pon m\u00e1r elk\u00e9sz\u00fclt, V\u00e9rtessz\u0151l\u0151s\u00f6n k\u00e9sz\u00fcl, Bakonys\u00e1rk\u00e1nyban m\u00e1rcius 9-\u00e9n szerelik fel az \u00faj g\u00f3lyaf\u00e9szektart\u00f3kat az E.ON h\u00e1l\u00f3zat\u00e1nak vezet\u00e9ktart\u00f3 oszlopaira. A mad\u00e1rv\u00e9delmi munka, amelyet a Dun\u00e1nt\u00fal, Pest v\u00e1rmegye\" class=\"yoast-seo-meta-tag\" \/>\n<meta property=\"og:url\" content=\"https:\/\/dorogimedence.hu\/index.php\/2026\/03\/05\/biztonsagos-feszkelohelyekkel-varja-a-golyakat-az-e-on-komarom-esztergomban\/\" class=\"yoast-seo-meta-tag\" \/>\n<meta property=\"og:site_name\" content=\"Dorogi-medence Region\u00e1lis H\u00edrport\u00e1l\" class=\"yoast-seo-meta-tag\" \/>\n<meta property=\"article:publisher\" content=\"https:\/\/www.facebook.com\/dorogimedence\/\" class=\"yoast-seo-meta-tag\" \/>\n<meta property=\"article:published_time\" content=\"2026-03-05T13:29:13+00:00\" class=\"yoast-seo-meta-tag\" \/>\n<meta property=\"og:image\" content=\"https:\/\/dorogimedence.hu\/wp-content\/uploads\/2026\/02\/A-golyaszulok-ovo-tekintete-mellett-visszahelyezik-a-feszekbe-a-gyuruzott-fiokakat-az-E.ON-szakemberei.jpg\" class=\"yoast-seo-meta-tag\" \/>\n\t<meta property=\"og:image:width\" content=\"2000\" class=\"yoast-seo-meta-tag\" \/>\n\t<meta property=\"og:image:height\" content=\"1279\" class=\"yoast-seo-meta-tag\" \/>\n\t<meta property=\"og:image:type\" content=\"image\/jpeg\" class=\"yoast-seo-meta-tag\" \/>\n<meta name=\"author\" content=\"dorogimedence.hu\" class=\"yoast-seo-meta-tag\" \/>\n<meta name=\"twitter:card\" content=\"summary_large_image\" class=\"yoast-seo-meta-tag\" \/>\n<meta name=\"twitter:label1\" content=\"Szerz\u0151:\" class=\"yoast-seo-meta-tag\" \/>\n\t<meta name=\"twitter:data1\" content=\"dorogimedence.hu\" class=\"yoast-seo-meta-tag\" \/>\n\t<meta name=\"twitter:label2\" content=\"Becs\u00fclt olvas\u00e1si id\u0151\" class=\"yoast-seo-meta-tag\" \/>\n\t<meta name=\"twitter:data2\" content=\"4 perc\" class=\"yoast-seo-meta-tag\" \/>\n<script type=\"application\/ld+json\" class=\"yoast-schema-graph\">{\"@context\":\"https:\\\/\\\/schema.org\",\"@graph\":[{\"@type\":\"Article\",\"@id\":\"https:\\\/\\\/dorogimedence.hu\\\/index.php\\\/2026\\\/03\\\/05\\\/biztonsagos-feszkelohelyekkel-varja-a-golyakat-az-e-on-komarom-esztergomban\\\/#article\",\"isPartOf\":{\"@id\":\"https:\\\/\\\/dorogimedence.hu\\\/index.php\\\/2026\\\/03\\\/05\\\/biztonsagos-feszkelohelyekkel-varja-a-golyakat-az-e-on-komarom-esztergomban\\\/\"},\"author\":{\"name\":\"dorogimedence.hu\",\"@id\":\"https:\\\/\\\/dorogimedence.hu\\\/#\\\/schema\\\/person\\\/ce6091eeb7e95ecdc87890d6aa8e0fd4\"},\"headline\":\"Biztons\u00e1gos f\u00e9szkel\u0151helyekkel v\u00e1rja a g\u00f3ly\u00e1kat az E.ON Kom\u00e1rom-Esztergomban\",\"datePublished\":\"2026-03-05T13:29:13+00:00\",\"mainEntityOfPage\":{\"@id\":\"https:\\\/\\\/dorogimedence.hu\\\/index.php\\\/2026\\\/03\\\/05\\\/biztonsagos-feszkelohelyekkel-varja-a-golyakat-az-e-on-komarom-esztergomban\\\/\"},\"wordCount\":756,\"publisher\":{\"@id\":\"https:\\\/\\\/dorogimedence.hu\\\/#organization\"},\"image\":{\"@id\":\"https:\\\/\\\/dorogimedence.hu\\\/index.php\\\/2026\\\/03\\\/05\\\/biztonsagos-feszkelohelyekkel-varja-a-golyakat-az-e-on-komarom-esztergomban\\\/#primaryimage\"},\"thumbnailUrl\":\"https:\\\/\\\/dorogimedence.hu\\\/wp-content\\\/uploads\\\/2026\\\/02\\\/A-golyaszulok-ovo-tekintete-mellett-visszahelyezik-a-feszekbe-a-gyuruzott-fiokakat-az-E.ON-szakemberei.jpg\",\"keywords\":[\"e.on\",\"g\u00f3lyaf\u00e9szek\",\"Kom\u00e1rom-Esztergom v\u00e1rmegye\",\"S\u00e1ris\u00e1p\"],\"articleSection\":[\"H\u00edrek\",\"Kom\u00e1rom-Esztergom\"],\"inLanguage\":\"hu\"},{\"@type\":\"WebPage\",\"@id\":\"https:\\\/\\\/dorogimedence.hu\\\/index.php\\\/2026\\\/03\\\/05\\\/biztonsagos-feszkelohelyekkel-varja-a-golyakat-az-e-on-komarom-esztergomban\\\/\",\"url\":\"https:\\\/\\\/dorogimedence.hu\\\/index.php\\\/2026\\\/03\\\/05\\\/biztonsagos-feszkelohelyekkel-varja-a-golyakat-az-e-on-komarom-esztergomban\\\/\",\"name\":\"Biztons\u00e1gos f\u00e9szkel\u0151helyekkel v\u00e1rja a g\u00f3ly\u00e1kat az E.ON Kom\u00e1rom-Esztergomban\",\"isPartOf\":{\"@id\":\"https:\\\/\\\/dorogimedence.hu\\\/#website\"},\"primaryImageOfPage\":{\"@id\":\"https:\\\/\\\/dorogimedence.hu\\\/index.php\\\/2026\\\/03\\\/05\\\/biztonsagos-feszkelohelyekkel-varja-a-golyakat-az-e-on-komarom-esztergomban\\\/#primaryimage\"},\"image\":{\"@id\":\"https:\\\/\\\/dorogimedence.hu\\\/index.php\\\/2026\\\/03\\\/05\\\/biztonsagos-feszkelohelyekkel-varja-a-golyakat-az-e-on-komarom-esztergomban\\\/#primaryimage\"},\"thumbnailUrl\":\"https:\\\/\\\/dorogimedence.hu\\\/wp-content\\\/uploads\\\/2026\\\/02\\\/A-golyaszulok-ovo-tekintete-mellett-visszahelyezik-a-feszekbe-a-gyuruzott-fiokakat-az-E.ON-szakemberei.jpg\",\"datePublished\":\"2026-03-05T13:29:13+00:00\",\"breadcrumb\":{\"@id\":\"https:\\\/\\\/dorogimedence.hu\\\/index.php\\\/2026\\\/03\\\/05\\\/biztonsagos-feszkelohelyekkel-varja-a-golyakat-az-e-on-komarom-esztergomban\\\/#breadcrumb\"},\"inLanguage\":\"hu\",\"potentialAction\":[{\"@type\":\"ReadAction\",\"target\":[\"https:\\\/\\\/dorogimedence.hu\\\/index.php\\\/2026\\\/03\\\/05\\\/biztonsagos-feszkelohelyekkel-varja-a-golyakat-az-e-on-komarom-esztergomban\\\/\"]}]},{\"@type\":\"ImageObject\",\"inLanguage\":\"hu\",\"@id\":\"https:\\\/\\\/dorogimedence.hu\\\/index.php\\\/2026\\\/03\\\/05\\\/biztonsagos-feszkelohelyekkel-varja-a-golyakat-az-e-on-komarom-esztergomban\\\/#primaryimage\",\"url\":\"https:\\\/\\\/dorogimedence.hu\\\/wp-content\\\/uploads\\\/2026\\\/02\\\/A-golyaszulok-ovo-tekintete-mellett-visszahelyezik-a-feszekbe-a-gyuruzott-fiokakat-az-E.ON-szakemberei.jpg\",\"contentUrl\":\"https:\\\/\\\/dorogimedence.hu\\\/wp-content\\\/uploads\\\/2026\\\/02\\\/A-golyaszulok-ovo-tekintete-mellett-visszahelyezik-a-feszekbe-a-gyuruzott-fiokakat-az-E.ON-szakemberei.jpg\",\"width\":2000,\"height\":1279,\"caption\":\"A go\u0301lyaszu\u0308lo\u030bk o\u0301vo\u0301 tekintete mellett visszahelyezik a fe\u0301szekbe a gyu\u030bru\u030bzo\u0308tt fio\u0301ka\u0301kat az E.ON szakemberei. Forr\u00e1s: Szab\u00f3 J\u00e1nos\"},{\"@type\":\"BreadcrumbList\",\"@id\":\"https:\\\/\\\/dorogimedence.hu\\\/index.php\\\/2026\\\/03\\\/05\\\/biztonsagos-feszkelohelyekkel-varja-a-golyakat-az-e-on-komarom-esztergomban\\\/#breadcrumb\",\"itemListElement\":[{\"@type\":\"ListItem\",\"position\":1,\"name\":\"Kezd\u0151lap\",\"item\":\"https:\\\/\\\/dorogimedence.hu\\\/\"},{\"@type\":\"ListItem\",\"position\":2,\"name\":\"Biztons\u00e1gos f\u00e9szkel\u0151helyekkel v\u00e1rja a g\u00f3ly\u00e1kat az E.ON Kom\u00e1rom-Esztergomban\"}]},{\"@type\":\"WebSite\",\"@id\":\"https:\\\/\\\/dorogimedence.hu\\\/#website\",\"url\":\"https:\\\/\\\/dorogimedence.hu\\\/\",\"name\":\"Dorogi-medence Region\u00e1lis H\u00edrport\u00e1l\",\"description\":\"Dorog, Keszt\u00f6lc, Le\u00e1nyv\u00e1r, Piliscs\u00e9v, Tokod, Tokodalt\u00e1r\u00f3, Csolnok, Esztergom-kertv\u00e1ros: h\u00edrek, programok\",\"publisher\":{\"@id\":\"https:\\\/\\\/dorogimedence.hu\\\/#organization\"},\"potentialAction\":[{\"@type\":\"SearchAction\",\"target\":{\"@type\":\"EntryPoint\",\"urlTemplate\":\"https:\\\/\\\/dorogimedence.hu\\\/?s={search_term_string}\"},\"query-input\":{\"@type\":\"PropertyValueSpecification\",\"valueRequired\":true,\"valueName\":\"search_term_string\"}}],\"inLanguage\":\"hu\"},{\"@type\":\"Organization\",\"@id\":\"https:\\\/\\\/dorogimedence.hu\\\/#organization\",\"name\":\"Dorogi-medence Region\u00e1lis H\u00edrport\u00e1l\",\"url\":\"https:\\\/\\\/dorogimedence.hu\\\/\",\"logo\":{\"@type\":\"ImageObject\",\"inLanguage\":\"hu\",\"@id\":\"https:\\\/\\\/dorogimedence.hu\\\/#\\\/schema\\\/logo\\\/image\\\/\",\"url\":\"https:\\\/\\\/dorogimedence.hu\\\/wp-content\\\/uploads\\\/2021\\\/04\\\/logo-feher-600.png\",\"contentUrl\":\"https:\\\/\\\/dorogimedence.hu\\\/wp-content\\\/uploads\\\/2021\\\/04\\\/logo-feher-600.png\",\"width\":600,\"height\":100,\"caption\":\"Dorogi-medence Region\u00e1lis H\u00edrport\u00e1l\"},\"image\":{\"@id\":\"https:\\\/\\\/dorogimedence.hu\\\/#\\\/schema\\\/logo\\\/image\\\/\"},\"sameAs\":[\"https:\\\/\\\/www.facebook.com\\\/dorogimedence\\\/\"]},{\"@type\":\"Person\",\"@id\":\"https:\\\/\\\/dorogimedence.hu\\\/#\\\/schema\\\/person\\\/ce6091eeb7e95ecdc87890d6aa8e0fd4\",\"name\":\"dorogimedence.hu\",\"image\":{\"@type\":\"ImageObject\",\"inLanguage\":\"hu\",\"@id\":\"\\\/\\\/www.gravatar.com\\\/avatar\\\/d8d45f8901aadff40a4af72c0b826f1d?s=96&#038;r=g&#038;d=mm\",\"url\":\"\\\/\\\/www.gravatar.com\\\/avatar\\\/d8d45f8901aadff40a4af72c0b826f1d?s=96&#038;r=g&#038;d=mm\",\"contentUrl\":\"\\\/\\\/www.gravatar.com\\\/avatar\\\/d8d45f8901aadff40a4af72c0b826f1d?s=96&#038;r=g&#038;d=mm\",\"caption\":\"dorogimedence.hu\"}}]}<\/script>\n<!-- \/ Yoast SEO plugin. -->","yoast_head_json":{"title":"Biztons\u00e1gos f\u00e9szkel\u0151helyekkel v\u00e1rja a g\u00f3ly\u00e1kat az E.ON Kom\u00e1rom-Esztergomban","robots":{"index":"index","follow":"follow","max-snippet":"max-snippet:-1","max-image-preview":"max-image-preview:large","max-video-preview":"max-video-preview:-1"},"canonical":"https:\/\/dorogimedence.hu\/index.php\/2026\/03\/05\/biztonsagos-feszkelohelyekkel-varja-a-golyakat-az-e-on-komarom-esztergomban\/","og_locale":"hu_HU","og_type":"article","og_title":"Biztons\u00e1gos f\u00e9szkel\u0151helyekkel v\u00e1rja a g\u00f3ly\u00e1kat az E.ON Kom\u00e1rom-Esztergomban","og_description":"A k\u00f6lt\u00e9si szezon el\u0151tt t\u00f6bb Kom\u00e1rom-Esztergom v\u00e1rmegyei telep\u00fcl\u00e9sen is mad\u00e1rbar\u00e1t \u00e1talak\u00edt\u00e1sokat v\u00e9gzett \u00e9s \u00faj g\u00f3lyaf\u00e9szektart\u00f3kat szerelt fel az E.ON, hogy a hamarosan visszat\u00e9r\u0151 g\u00f3ly\u00e1k stabil \u00e9s biztons\u00e1gos k\u00f6lt\u0151helyekre \u00e9rkezzenek. S\u00e1ris\u00e1pon m\u00e1r elk\u00e9sz\u00fclt, V\u00e9rtessz\u0151l\u0151s\u00f6n k\u00e9sz\u00fcl, Bakonys\u00e1rk\u00e1nyban m\u00e1rcius 9-\u00e9n szerelik fel az \u00faj g\u00f3lyaf\u00e9szektart\u00f3kat az E.ON h\u00e1l\u00f3zat\u00e1nak vezet\u00e9ktart\u00f3 oszlopaira. A mad\u00e1rv\u00e9delmi munka, amelyet a Dun\u00e1nt\u00fal, Pest v\u00e1rmegye","og_url":"https:\/\/dorogimedence.hu\/index.php\/2026\/03\/05\/biztonsagos-feszkelohelyekkel-varja-a-golyakat-az-e-on-komarom-esztergomban\/","og_site_name":"Dorogi-medence Region\u00e1lis H\u00edrport\u00e1l","article_publisher":"https:\/\/www.facebook.com\/dorogimedence\/","article_published_time":"2026-03-05T13:29:13+00:00","og_image":[{"width":2000,"height":1279,"url":"https:\/\/dorogimedence.hu\/wp-content\/uploads\/2026\/02\/A-golyaszulok-ovo-tekintete-mellett-visszahelyezik-a-feszekbe-a-gyuruzott-fiokakat-az-E.ON-szakemberei.jpg","type":"image\/jpeg"}],"author":"dorogimedence.hu","twitter_card":"summary_large_image","twitter_misc":{"Szerz\u0151:":"dorogimedence.hu","Becs\u00fclt olvas\u00e1si id\u0151":"4 perc"},"schema":{"@context":"https:\/\/schema.org","@graph":[{"@type":"Article","@id":"https:\/\/dorogimedence.hu\/index.php\/2026\/03\/05\/biztonsagos-feszkelohelyekkel-varja-a-golyakat-az-e-on-komarom-esztergomban\/#article","isPartOf":{"@id":"https:\/\/dorogimedence.hu\/index.php\/2026\/03\/05\/biztonsagos-feszkelohelyekkel-varja-a-golyakat-az-e-on-komarom-esztergomban\/"},"author":{"name":"dorogimedence.hu","@id":"https:\/\/dorogimedence.hu\/#\/schema\/person\/ce6091eeb7e95ecdc87890d6aa8e0fd4"},"headline":"Biztons\u00e1gos f\u00e9szkel\u0151helyekkel v\u00e1rja a g\u00f3ly\u00e1kat az E.ON Kom\u00e1rom-Esztergomban","datePublished":"2026-03-05T13:29:13+00:00","mainEntityOfPage":{"@id":"https:\/\/dorogimedence.hu\/index.php\/2026\/03\/05\/biztonsagos-feszkelohelyekkel-varja-a-golyakat-az-e-on-komarom-esztergomban\/"},"wordCount":756,"publisher":{"@id":"https:\/\/dorogimedence.hu\/#organization"},"image":{"@id":"https:\/\/dorogimedence.hu\/index.php\/2026\/03\/05\/biztonsagos-feszkelohelyekkel-varja-a-golyakat-az-e-on-komarom-esztergomban\/#primaryimage"},"thumbnailUrl":"https:\/\/dorogimedence.hu\/wp-content\/uploads\/2026\/02\/A-golyaszulok-ovo-tekintete-mellett-visszahelyezik-a-feszekbe-a-gyuruzott-fiokakat-az-E.ON-szakemberei.jpg","keywords":["e.on","g\u00f3lyaf\u00e9szek","Kom\u00e1rom-Esztergom v\u00e1rmegye","S\u00e1ris\u00e1p"],"articleSection":["H\u00edrek","Kom\u00e1rom-Esztergom"],"inLanguage":"hu"},{"@type":"WebPage","@id":"https:\/\/dorogimedence.hu\/index.php\/2026\/03\/05\/biztonsagos-feszkelohelyekkel-varja-a-golyakat-az-e-on-komarom-esztergomban\/","url":"https:\/\/dorogimedence.hu\/index.php\/2026\/03\/05\/biztonsagos-feszkelohelyekkel-varja-a-golyakat-az-e-on-komarom-esztergomban\/","name":"Biztons\u00e1gos f\u00e9szkel\u0151helyekkel v\u00e1rja a g\u00f3ly\u00e1kat az E.ON Kom\u00e1rom-Esztergomban","isPartOf":{"@id":"https:\/\/dorogimedence.hu\/#website"},"primaryImageOfPage":{"@id":"https:\/\/dorogimedence.hu\/index.php\/2026\/03\/05\/biztonsagos-feszkelohelyekkel-varja-a-golyakat-az-e-on-komarom-esztergomban\/#primaryimage"},"image":{"@id":"https:\/\/dorogimedence.hu\/index.php\/2026\/03\/05\/biztonsagos-feszkelohelyekkel-varja-a-golyakat-az-e-on-komarom-esztergomban\/#primaryimage"},"thumbnailUrl":"https:\/\/dorogimedence.hu\/wp-content\/uploads\/2026\/02\/A-golyaszulok-ovo-tekintete-mellett-visszahelyezik-a-feszekbe-a-gyuruzott-fiokakat-az-E.ON-szakemberei.jpg","datePublished":"2026-03-05T13:29:13+00:00","breadcrumb":{"@id":"https:\/\/dorogimedence.hu\/index.php\/2026\/03\/05\/biztonsagos-feszkelohelyekkel-varja-a-golyakat-az-e-on-komarom-esztergomban\/#breadcrumb"},"inLanguage":"hu","potentialAction":[{"@type":"ReadAction","target":["https:\/\/dorogimedence.hu\/index.php\/2026\/03\/05\/biztonsagos-feszkelohelyekkel-varja-a-golyakat-az-e-on-komarom-esztergomban\/"]}]},{"@type":"ImageObject","inLanguage":"hu","@id":"https:\/\/dorogimedence.hu\/index.php\/2026\/03\/05\/biztonsagos-feszkelohelyekkel-varja-a-golyakat-az-e-on-komarom-esztergomban\/#primaryimage","url":"https:\/\/dorogimedence.hu\/wp-content\/uploads\/2026\/02\/A-golyaszulok-ovo-tekintete-mellett-visszahelyezik-a-feszekbe-a-gyuruzott-fiokakat-az-E.ON-szakemberei.jpg","contentUrl":"https:\/\/dorogimedence.hu\/wp-content\/uploads\/2026\/02\/A-golyaszulok-ovo-tekintete-mellett-visszahelyezik-a-feszekbe-a-gyuruzott-fiokakat-az-E.ON-szakemberei.jpg","width":2000,"height":1279,"caption":"A go\u0301lyaszu\u0308lo\u030bk o\u0301vo\u0301 tekintete mellett visszahelyezik a fe\u0301szekbe a gyu\u030bru\u030bzo\u0308tt fio\u0301ka\u0301kat az E.ON szakemberei. Forr\u00e1s: Szab\u00f3 J\u00e1nos"},{"@type":"BreadcrumbList","@id":"https:\/\/dorogimedence.hu\/index.php\/2026\/03\/05\/biztonsagos-feszkelohelyekkel-varja-a-golyakat-az-e-on-komarom-esztergomban\/#breadcrumb","itemListElement":[{"@type":"ListItem","position":1,"name":"Kezd\u0151lap","item":"https:\/\/dorogimedence.hu\/"},{"@type":"ListItem","position":2,"name":"Biztons\u00e1gos f\u00e9szkel\u0151helyekkel v\u00e1rja a g\u00f3ly\u00e1kat az E.ON Kom\u00e1rom-Esztergomban"}]},{"@type":"WebSite","@id":"https:\/\/dorogimedence.hu\/#website","url":"https:\/\/dorogimedence.hu\/","name":"Dorogi-medence Region\u00e1lis H\u00edrport\u00e1l","description":"Dorog, Keszt\u00f6lc, Le\u00e1nyv\u00e1r, Piliscs\u00e9v, Tokod, Tokodalt\u00e1r\u00f3, Csolnok, Esztergom-kertv\u00e1ros: h\u00edrek, programok","publisher":{"@id":"https:\/\/dorogimedence.hu\/#organization"},"potentialAction":[{"@type":"SearchAction","target":{"@type":"EntryPoint","urlTemplate":"https:\/\/dorogimedence.hu\/?s={search_term_string}"},"query-input":{"@type":"PropertyValueSpecification","valueRequired":true,"valueName":"search_term_string"}}],"inLanguage":"hu"},{"@type":"Organization","@id":"https:\/\/dorogimedence.hu\/#organization","name":"Dorogi-medence Region\u00e1lis H\u00edrport\u00e1l","url":"https:\/\/dorogimedence.hu\/","logo":{"@type":"ImageObject","inLanguage":"hu","@id":"https:\/\/dorogimedence.hu\/#\/schema\/logo\/image\/","url":"https:\/\/dorogimedence.hu\/wp-content\/uploads\/2021\/04\/logo-feher-600.png","contentUrl":"https:\/\/dorogimedence.hu\/wp-content\/uploads\/2021\/04\/logo-feher-600.png","width":600,"height":100,"caption":"Dorogi-medence Region\u00e1lis H\u00edrport\u00e1l"},"image":{"@id":"https:\/\/dorogimedence.hu\/#\/schema\/logo\/image\/"},"sameAs":["https:\/\/www.facebook.com\/dorogimedence\/"]},{"@type":"Person","@id":"https:\/\/dorogimedence.hu\/#\/schema\/person\/ce6091eeb7e95ecdc87890d6aa8e0fd4","name":"dorogimedence.hu","image":{"@type":"ImageObject","inLanguage":"hu","@id":"\/\/www.gravatar.com\/avatar\/d8d45f8901aadff40a4af72c0b826f1d?s=96&#038;r=g&#038;d=mm","url":"\/\/www.gravatar.com\/avatar\/d8d45f8901aadff40a4af72c0b826f1d?s=96&#038;r=g&#038;d=mm","contentUrl":"\/\/www.gravatar.com\/avatar\/d8d45f8901aadff40a4af72c0b826f1d?s=96&#038;r=g&#038;d=mm","caption":"dorogimedence.hu"}}]}},"_links":{"self":[{"href":"https:\/\/dorogimedence.hu\/index.php\/wp-json\/wp\/v2\/posts\/78244","targetHints":{"allow":["GET"]}}],"collection":[{"href":"https:\/\/dorogimedence.hu\/index.php\/wp-json\/wp\/v2\/posts"}],"about":[{"href":"https:\/\/dorogimedence.hu\/index.php\/wp-json\/wp\/v2\/types\/post"}],"author":[{"embeddable":true,"href":"https:\/\/dorogimedence.hu\/index.php\/wp-json\/wp\/v2\/users\/1"}],"replies":[{"embeddable":true,"href":"https:\/\/dorogimedence.hu\/index.php\/wp-json\/wp\/v2\/comments?post=78244"}],"version-history":[{"count":0,"href":"https:\/\/dorogimedence.hu\/index.php\/wp-json\/wp\/v2\/posts\/78244\/revisions"}],"wp:featuredmedia":[{"embeddable":true,"href":"https:\/\/dorogimedence.hu\/index.php\/wp-json\/wp\/v2\/media\/78007"}],"wp:attachment":[{"href":"https:\/\/dorogimedence.hu\/index.php\/wp-json\/wp\/v2\/media?parent=78244"}],"wp:term":[{"taxonomy":"category","embeddable":true,"href":"https:\/\/dorogimedence.hu\/index.php\/wp-json\/wp\/v2\/categories?post=78244"},{"taxonomy":"post_tag","embeddable":true,"href":"https:\/\/dorogimedence.hu\/index.php\/wp-json\/wp\/v2\/tags?post=78244"}],"curies":[{"name":"wp","href":"https:\/\/api.w.org\/{rel}","templated":true}]}}