{"id":78228,"date":"2026-03-05T10:08:51","date_gmt":"2026-03-05T09:08:51","guid":{"rendered":"https:\/\/dorogimedence.hu\/?p=78228"},"modified":"2026-03-05T10:08:51","modified_gmt":"2026-03-05T09:08:51","slug":"orszagos-sikert-aratott-a-fuggetlen-filmfesztivalon-varmegyenk-alkotoja","status":"publish","type":"post","link":"https:\/\/dorogimedence.hu\/index.php\/2026\/03\/05\/orszagos-sikert-aratott-a-fuggetlen-filmfesztivalon-varmegyenk-alkotoja\/","title":{"rendered":"Orsz\u00e1gos sikert aratott a f\u00fcggetlen filmfesztiv\u00e1lon v\u00e1rmegy\u00e9nk alkot\u00f3ja"},"content":{"rendered":"<p><strong>Orsz\u00e1gos szakmai elismer\u00e9st kapott a Kom\u00e1rom-Esztergom v\u00e1rmegy\u00e9hez k\u00f6t\u0151d\u0151 filmes alkot\u00f3, Forg\u00e1cs J\u00f3zsef. A rendez\u0151 A dokument\u00e1tor c\u00edm\u0171 filmj\u00e9vel elnyerte a legjobb portr\u00e9film d\u00edj\u00e1t a XV. Tot\u00e1l Pl\u00e1n F\u00fcggetlen Filmfesztiv\u00e1lon.<\/strong><\/p>\n<p>A f\u00fcggetlen filmesek egyik fontos hazai tal\u00e1lkoz\u00f3j\u00e1t id\u00e9n Celld\u00f6m\u00f6lk\u00f6n rendezt\u00e9k meg, ahol t\u00f6bb kateg\u00f3ri\u00e1ban \u2013 dokumentumfilm, kisj\u00e1t\u00e9kfilm, anim\u00e1ci\u00f3 \u00e9s term\u00e9szetfilm \u2013 mutatt\u00e1k be az alkot\u00f3k munk\u00e1ikat. A zs\u0171riben filmrendez\u0151, filmkritikus \u00e9s forgat\u00f3k\u00f6nyv\u00edr\u00f3 is helyet kapott.<\/p>\n<p>A k\u00f6zel harmincperces A dokument\u00e1tor c\u00edm\u0171 alkot\u00e1s Kert\u00e9sz Imre filmes \u00e9let\u00fatj\u00e1t mutatja be. A film azt a munk\u00e1ss\u00e1got id\u00e9zi fel, amely sor\u00e1n Kert\u00e9sz az 1960-as \u00e9vekt\u0151l kezdve kamer\u00e1j\u00e1val \u00f6r\u00f6k\u00edtette meg Oroszl\u00e1ny mindennapjait, esem\u00e9nyeit \u00e9s v\u00e1ltoz\u00e1sait. A portr\u00e9film \u00edgy egyszerre \u00e1ll\u00edt eml\u00e9ket az alkot\u00f3nak \u00e9s a v\u00e1ros t\u00f6rt\u00e9net\u00e9nek egy fontos korszak\u00e1nak.<\/p>\n<p>Forg\u00e1cs J\u00f3zsef sz\u00e1m\u00e1ra nem ez az els\u0151 siker a fesztiv\u00e1lon: kor\u00e1bban is indult m\u00e1r alkot\u00e1ssal a rendezv\u00e9nyen, \u00e9s a szakmai zs\u0171ri akkor is elismer\u00e9ssel fogadta munk\u00e1it. A mostani d\u00edj azonban k\u00fcl\u00f6n\u00f6sen nagy visszajelz\u00e9s sz\u00e1m\u00e1ra.<\/p>\n<p>Az alkot\u00f3 az idei \u00e9vben m\u00e1r egy m\u00e1sik rangos elismer\u00e9st is \u00e1tvehetett: a magyar kult\u00fara napja alkalm\u00e1b\u00f3l miniszt\u00e9riumi elismer\u0151 oklev\u00e9lben r\u00e9szes\u00fclt filmes \u00e9s kultur\u00e1lis tev\u00e9kenys\u00e9g\u00e9\u00e9rt.<\/p>\n<p>A Tot\u00e1l Pl\u00e1n F\u00fcggetlen Filmfesztiv\u00e1l \u00e9vr\u0151l \u00e9vre lehet\u0151s\u00e9get ad arra, hogy az amat\u0151r \u00e9s f\u00fcggetlen filmesek bemutass\u00e1k alkot\u00e1saikat a szakm\u00e1nak \u00e9s a k\u00f6z\u00f6ns\u00e9gnek. Az idei rendezv\u00e9ny ism\u00e9t bebizony\u00edtotta, hogy a vid\u00e9ki alkot\u00f3k k\u00f6z\u00f6tt is sz\u00e1mos tehets\u00e9g dolgozik \u2013 k\u00f6zt\u00fck Kom\u00e1rom-Esztergom v\u00e1rmegy\u00e9ben is.<\/p>\n<p><strong>A d\u00edjnyertes film itt tekinthet\u0151 meg:<\/strong><\/p>\n<p><iframe title=\"A dokument\u00e1tor\" width=\"755\" height=\"425\" src=\"https:\/\/www.youtube.com\/embed\/zqm2MowlZXM?feature=oembed\" frameborder=\"0\" allow=\"accelerometer; autoplay; clipboard-write; encrypted-media; gyroscope; picture-in-picture; web-share\" referrerpolicy=\"strict-origin-when-cross-origin\" allowfullscreen><\/iframe><\/p>\n<p><em>Felhaszn\u00e1lt forr\u00e1sok: <a href=\"https:\/\/www.kemma.hu\/helyi-kozelet\/2026\/03\/fuggetlen-filmfesztival-oroszlanyi-siker-a-rendezvenyen\" target=\"_blank\" rel=\"noopener\"><span style=\"text-decoration: underline; color: #0000ff;\">kemma.hu<\/span><\/a> \/ <a href=\"https:\/\/www.facebook.com\/forgacs.jozsef.14\/posts\/pfbid0Lsts1FFHygsxuvNrFKzQuq8AjrEmqD28rh6rWe4PuPRtNjWoir77VycLMy9gFeB4l\" target=\"_blank\" rel=\"noopener\"><span style=\"text-decoration: underline; color: #0000ff;\">Forg\u00e1cs J\u00f3zsef Facebook-oldal<\/span><\/a><\/em><\/p>\n","protected":false},"excerpt":{"rendered":"<p>Orsz\u00e1gos szakmai elismer\u00e9st kapott a Kom\u00e1rom-Esztergom v\u00e1rmegy\u00e9hez k\u00f6t\u0151d\u0151 filmes alkot\u00f3, Forg\u00e1cs J\u00f3zsef. A rendez\u0151 A dokument\u00e1tor c\u00edm\u0171 filmj\u00e9vel elnyerte a legjobb portr\u00e9film d\u00edj\u00e1t a XV. Tot\u00e1l Pl\u00e1n F\u00fcggetlen Filmfesztiv\u00e1lon. A f\u00fcggetlen filmesek egyik fontos hazai tal\u00e1lkoz\u00f3j\u00e1t id\u00e9n Celld\u00f6m\u00f6lk\u00f6n rendezt\u00e9k meg, ahol t\u00f6bb kateg\u00f3ri\u00e1ban \u2013 dokumentumfilm, kisj\u00e1t\u00e9kfilm, anim\u00e1ci\u00f3 \u00e9s term\u00e9szetfilm \u2013 mutatt\u00e1k be az alkot\u00f3k munk\u00e1ikat.<\/p>\n","protected":false},"author":1,"featured_media":78229,"comment_status":"closed","ping_status":"closed","sticky":false,"template":"","format":"standard","meta":{"ngg_post_thumbnail":0,"footnotes":""},"categories":[3,56],"tags":[154,220,8758,6890],"class_list":{"0":"post-78228","1":"post","2":"type-post","3":"status-publish","4":"format-standard","5":"has-post-thumbnail","7":"category-hirek","8":"category-komarom-esztergom","9":"tag-dokumentumfilm","10":"tag-film","11":"tag-forgacs-jozsef","12":"tag-komarom-esztergom-varmegye"},"yoast_head":"<!-- This site is optimized with the Yoast SEO plugin v27.5 - https:\/\/yoast.com\/product\/yoast-seo-wordpress\/ -->\n<title>Orsz\u00e1gos sikert aratott a f\u00fcggetlen filmfesztiv\u00e1lon v\u00e1rmegy\u00e9nk alkot\u00f3ja<\/title>\n<meta name=\"robots\" content=\"index, follow, max-snippet:-1, max-image-preview:large, max-video-preview:-1\" \/>\n<link rel=\"canonical\" href=\"https:\/\/dorogimedence.hu\/index.php\/2026\/03\/05\/orszagos-sikert-aratott-a-fuggetlen-filmfesztivalon-varmegyenk-alkotoja\/\" class=\"yoast-seo-meta-tag\" \/>\n<meta property=\"og:locale\" content=\"hu_HU\" class=\"yoast-seo-meta-tag\" \/>\n<meta property=\"og:type\" content=\"article\" class=\"yoast-seo-meta-tag\" \/>\n<meta property=\"og:title\" content=\"Orsz\u00e1gos sikert aratott a f\u00fcggetlen filmfesztiv\u00e1lon v\u00e1rmegy\u00e9nk alkot\u00f3ja\" class=\"yoast-seo-meta-tag\" \/>\n<meta property=\"og:description\" content=\"Orsz\u00e1gos szakmai elismer\u00e9st kapott a Kom\u00e1rom-Esztergom v\u00e1rmegy\u00e9hez k\u00f6t\u0151d\u0151 filmes alkot\u00f3, Forg\u00e1cs J\u00f3zsef. A rendez\u0151 A dokument\u00e1tor c\u00edm\u0171 filmj\u00e9vel elnyerte a legjobb portr\u00e9film d\u00edj\u00e1t a XV. Tot\u00e1l Pl\u00e1n F\u00fcggetlen Filmfesztiv\u00e1lon. A f\u00fcggetlen filmesek egyik fontos hazai tal\u00e1lkoz\u00f3j\u00e1t id\u00e9n Celld\u00f6m\u00f6lk\u00f6n rendezt\u00e9k meg, ahol t\u00f6bb kateg\u00f3ri\u00e1ban \u2013 dokumentumfilm, kisj\u00e1t\u00e9kfilm, anim\u00e1ci\u00f3 \u00e9s term\u00e9szetfilm \u2013 mutatt\u00e1k be az alkot\u00f3k munk\u00e1ikat.\" class=\"yoast-seo-meta-tag\" \/>\n<meta property=\"og:url\" content=\"https:\/\/dorogimedence.hu\/index.php\/2026\/03\/05\/orszagos-sikert-aratott-a-fuggetlen-filmfesztivalon-varmegyenk-alkotoja\/\" class=\"yoast-seo-meta-tag\" \/>\n<meta property=\"og:site_name\" content=\"Dorogi-medence Region\u00e1lis H\u00edrport\u00e1l\" class=\"yoast-seo-meta-tag\" \/>\n<meta property=\"article:publisher\" content=\"https:\/\/www.facebook.com\/dorogimedence\/\" class=\"yoast-seo-meta-tag\" \/>\n<meta property=\"article:published_time\" content=\"2026-03-05T09:08:51+00:00\" class=\"yoast-seo-meta-tag\" \/>\n<meta property=\"og:image\" content=\"https:\/\/dorogimedence.hu\/wp-content\/uploads\/2026\/03\/forgacs.jpg\" class=\"yoast-seo-meta-tag\" \/>\n\t<meta property=\"og:image:width\" content=\"1920\" class=\"yoast-seo-meta-tag\" \/>\n\t<meta property=\"og:image:height\" content=\"970\" class=\"yoast-seo-meta-tag\" \/>\n\t<meta property=\"og:image:type\" content=\"image\/jpeg\" class=\"yoast-seo-meta-tag\" \/>\n<meta name=\"author\" content=\"dorogimedence.hu\" class=\"yoast-seo-meta-tag\" \/>\n<meta name=\"twitter:card\" content=\"summary_large_image\" class=\"yoast-seo-meta-tag\" \/>\n<meta name=\"twitter:label1\" content=\"Szerz\u0151:\" class=\"yoast-seo-meta-tag\" \/>\n\t<meta name=\"twitter:data1\" content=\"dorogimedence.hu\" class=\"yoast-seo-meta-tag\" \/>\n\t<meta name=\"twitter:label2\" content=\"Becs\u00fclt olvas\u00e1si id\u0151\" class=\"yoast-seo-meta-tag\" \/>\n\t<meta name=\"twitter:data2\" content=\"2 perc\" class=\"yoast-seo-meta-tag\" \/>\n<script type=\"application\/ld+json\" class=\"yoast-schema-graph\">{\"@context\":\"https:\\\/\\\/schema.org\",\"@graph\":[{\"@type\":\"Article\",\"@id\":\"https:\\\/\\\/dorogimedence.hu\\\/index.php\\\/2026\\\/03\\\/05\\\/orszagos-sikert-aratott-a-fuggetlen-filmfesztivalon-varmegyenk-alkotoja\\\/#article\",\"isPartOf\":{\"@id\":\"https:\\\/\\\/dorogimedence.hu\\\/index.php\\\/2026\\\/03\\\/05\\\/orszagos-sikert-aratott-a-fuggetlen-filmfesztivalon-varmegyenk-alkotoja\\\/\"},\"author\":{\"name\":\"dorogimedence.hu\",\"@id\":\"https:\\\/\\\/dorogimedence.hu\\\/#\\\/schema\\\/person\\\/ce6091eeb7e95ecdc87890d6aa8e0fd4\"},\"headline\":\"Orsz\u00e1gos sikert aratott a f\u00fcggetlen filmfesztiv\u00e1lon v\u00e1rmegy\u00e9nk alkot\u00f3ja\",\"datePublished\":\"2026-03-05T09:08:51+00:00\",\"mainEntityOfPage\":{\"@id\":\"https:\\\/\\\/dorogimedence.hu\\\/index.php\\\/2026\\\/03\\\/05\\\/orszagos-sikert-aratott-a-fuggetlen-filmfesztivalon-varmegyenk-alkotoja\\\/\"},\"wordCount\":386,\"publisher\":{\"@id\":\"https:\\\/\\\/dorogimedence.hu\\\/#organization\"},\"image\":{\"@id\":\"https:\\\/\\\/dorogimedence.hu\\\/index.php\\\/2026\\\/03\\\/05\\\/orszagos-sikert-aratott-a-fuggetlen-filmfesztivalon-varmegyenk-alkotoja\\\/#primaryimage\"},\"thumbnailUrl\":\"https:\\\/\\\/dorogimedence.hu\\\/wp-content\\\/uploads\\\/2026\\\/03\\\/forgacs.jpg\",\"keywords\":[\"dokumentumfilm\",\"film\",\"Forg\u00e1cs J\u00f3zsef\",\"Kom\u00e1rom-Esztergom v\u00e1rmegye\"],\"articleSection\":[\"H\u00edrek\",\"Kom\u00e1rom-Esztergom\"],\"inLanguage\":\"hu\"},{\"@type\":\"WebPage\",\"@id\":\"https:\\\/\\\/dorogimedence.hu\\\/index.php\\\/2026\\\/03\\\/05\\\/orszagos-sikert-aratott-a-fuggetlen-filmfesztivalon-varmegyenk-alkotoja\\\/\",\"url\":\"https:\\\/\\\/dorogimedence.hu\\\/index.php\\\/2026\\\/03\\\/05\\\/orszagos-sikert-aratott-a-fuggetlen-filmfesztivalon-varmegyenk-alkotoja\\\/\",\"name\":\"Orsz\u00e1gos sikert aratott a f\u00fcggetlen filmfesztiv\u00e1lon v\u00e1rmegy\u00e9nk alkot\u00f3ja\",\"isPartOf\":{\"@id\":\"https:\\\/\\\/dorogimedence.hu\\\/#website\"},\"primaryImageOfPage\":{\"@id\":\"https:\\\/\\\/dorogimedence.hu\\\/index.php\\\/2026\\\/03\\\/05\\\/orszagos-sikert-aratott-a-fuggetlen-filmfesztivalon-varmegyenk-alkotoja\\\/#primaryimage\"},\"image\":{\"@id\":\"https:\\\/\\\/dorogimedence.hu\\\/index.php\\\/2026\\\/03\\\/05\\\/orszagos-sikert-aratott-a-fuggetlen-filmfesztivalon-varmegyenk-alkotoja\\\/#primaryimage\"},\"thumbnailUrl\":\"https:\\\/\\\/dorogimedence.hu\\\/wp-content\\\/uploads\\\/2026\\\/03\\\/forgacs.jpg\",\"datePublished\":\"2026-03-05T09:08:51+00:00\",\"breadcrumb\":{\"@id\":\"https:\\\/\\\/dorogimedence.hu\\\/index.php\\\/2026\\\/03\\\/05\\\/orszagos-sikert-aratott-a-fuggetlen-filmfesztivalon-varmegyenk-alkotoja\\\/#breadcrumb\"},\"inLanguage\":\"hu\",\"potentialAction\":[{\"@type\":\"ReadAction\",\"target\":[\"https:\\\/\\\/dorogimedence.hu\\\/index.php\\\/2026\\\/03\\\/05\\\/orszagos-sikert-aratott-a-fuggetlen-filmfesztivalon-varmegyenk-alkotoja\\\/\"]}]},{\"@type\":\"ImageObject\",\"inLanguage\":\"hu\",\"@id\":\"https:\\\/\\\/dorogimedence.hu\\\/index.php\\\/2026\\\/03\\\/05\\\/orszagos-sikert-aratott-a-fuggetlen-filmfesztivalon-varmegyenk-alkotoja\\\/#primaryimage\",\"url\":\"https:\\\/\\\/dorogimedence.hu\\\/wp-content\\\/uploads\\\/2026\\\/03\\\/forgacs.jpg\",\"contentUrl\":\"https:\\\/\\\/dorogimedence.hu\\\/wp-content\\\/uploads\\\/2026\\\/03\\\/forgacs.jpg\",\"width\":1920,\"height\":970,\"caption\":\"Forr\u00e1s: Forg\u00e1cs J\u00f3zsef Facebook-oldala\"},{\"@type\":\"BreadcrumbList\",\"@id\":\"https:\\\/\\\/dorogimedence.hu\\\/index.php\\\/2026\\\/03\\\/05\\\/orszagos-sikert-aratott-a-fuggetlen-filmfesztivalon-varmegyenk-alkotoja\\\/#breadcrumb\",\"itemListElement\":[{\"@type\":\"ListItem\",\"position\":1,\"name\":\"Kezd\u0151lap\",\"item\":\"https:\\\/\\\/dorogimedence.hu\\\/\"},{\"@type\":\"ListItem\",\"position\":2,\"name\":\"Orsz\u00e1gos sikert aratott a f\u00fcggetlen filmfesztiv\u00e1lon v\u00e1rmegy\u00e9nk alkot\u00f3ja\"}]},{\"@type\":\"WebSite\",\"@id\":\"https:\\\/\\\/dorogimedence.hu\\\/#website\",\"url\":\"https:\\\/\\\/dorogimedence.hu\\\/\",\"name\":\"Dorogi-medence Region\u00e1lis H\u00edrport\u00e1l\",\"description\":\"Dorog, Keszt\u00f6lc, Le\u00e1nyv\u00e1r, Piliscs\u00e9v, Tokod, Tokodalt\u00e1r\u00f3, Csolnok, Esztergom-kertv\u00e1ros: h\u00edrek, programok\",\"publisher\":{\"@id\":\"https:\\\/\\\/dorogimedence.hu\\\/#organization\"},\"potentialAction\":[{\"@type\":\"SearchAction\",\"target\":{\"@type\":\"EntryPoint\",\"urlTemplate\":\"https:\\\/\\\/dorogimedence.hu\\\/?s={search_term_string}\"},\"query-input\":{\"@type\":\"PropertyValueSpecification\",\"valueRequired\":true,\"valueName\":\"search_term_string\"}}],\"inLanguage\":\"hu\"},{\"@type\":\"Organization\",\"@id\":\"https:\\\/\\\/dorogimedence.hu\\\/#organization\",\"name\":\"Dorogi-medence Region\u00e1lis H\u00edrport\u00e1l\",\"url\":\"https:\\\/\\\/dorogimedence.hu\\\/\",\"logo\":{\"@type\":\"ImageObject\",\"inLanguage\":\"hu\",\"@id\":\"https:\\\/\\\/dorogimedence.hu\\\/#\\\/schema\\\/logo\\\/image\\\/\",\"url\":\"https:\\\/\\\/dorogimedence.hu\\\/wp-content\\\/uploads\\\/2021\\\/04\\\/logo-feher-600.png\",\"contentUrl\":\"https:\\\/\\\/dorogimedence.hu\\\/wp-content\\\/uploads\\\/2021\\\/04\\\/logo-feher-600.png\",\"width\":600,\"height\":100,\"caption\":\"Dorogi-medence Region\u00e1lis H\u00edrport\u00e1l\"},\"image\":{\"@id\":\"https:\\\/\\\/dorogimedence.hu\\\/#\\\/schema\\\/logo\\\/image\\\/\"},\"sameAs\":[\"https:\\\/\\\/www.facebook.com\\\/dorogimedence\\\/\"]},{\"@type\":\"Person\",\"@id\":\"https:\\\/\\\/dorogimedence.hu\\\/#\\\/schema\\\/person\\\/ce6091eeb7e95ecdc87890d6aa8e0fd4\",\"name\":\"dorogimedence.hu\",\"image\":{\"@type\":\"ImageObject\",\"inLanguage\":\"hu\",\"@id\":\"\\\/\\\/www.gravatar.com\\\/avatar\\\/d8d45f8901aadff40a4af72c0b826f1d?s=96&#038;r=g&#038;d=mm\",\"url\":\"\\\/\\\/www.gravatar.com\\\/avatar\\\/d8d45f8901aadff40a4af72c0b826f1d?s=96&#038;r=g&#038;d=mm\",\"contentUrl\":\"\\\/\\\/www.gravatar.com\\\/avatar\\\/d8d45f8901aadff40a4af72c0b826f1d?s=96&#038;r=g&#038;d=mm\",\"caption\":\"dorogimedence.hu\"}}]}<\/script>\n<!-- \/ Yoast SEO plugin. -->","yoast_head_json":{"title":"Orsz\u00e1gos sikert aratott a f\u00fcggetlen filmfesztiv\u00e1lon v\u00e1rmegy\u00e9nk alkot\u00f3ja","robots":{"index":"index","follow":"follow","max-snippet":"max-snippet:-1","max-image-preview":"max-image-preview:large","max-video-preview":"max-video-preview:-1"},"canonical":"https:\/\/dorogimedence.hu\/index.php\/2026\/03\/05\/orszagos-sikert-aratott-a-fuggetlen-filmfesztivalon-varmegyenk-alkotoja\/","og_locale":"hu_HU","og_type":"article","og_title":"Orsz\u00e1gos sikert aratott a f\u00fcggetlen filmfesztiv\u00e1lon v\u00e1rmegy\u00e9nk alkot\u00f3ja","og_description":"Orsz\u00e1gos szakmai elismer\u00e9st kapott a Kom\u00e1rom-Esztergom v\u00e1rmegy\u00e9hez k\u00f6t\u0151d\u0151 filmes alkot\u00f3, Forg\u00e1cs J\u00f3zsef. A rendez\u0151 A dokument\u00e1tor c\u00edm\u0171 filmj\u00e9vel elnyerte a legjobb portr\u00e9film d\u00edj\u00e1t a XV. Tot\u00e1l Pl\u00e1n F\u00fcggetlen Filmfesztiv\u00e1lon. A f\u00fcggetlen filmesek egyik fontos hazai tal\u00e1lkoz\u00f3j\u00e1t id\u00e9n Celld\u00f6m\u00f6lk\u00f6n rendezt\u00e9k meg, ahol t\u00f6bb kateg\u00f3ri\u00e1ban \u2013 dokumentumfilm, kisj\u00e1t\u00e9kfilm, anim\u00e1ci\u00f3 \u00e9s term\u00e9szetfilm \u2013 mutatt\u00e1k be az alkot\u00f3k munk\u00e1ikat.","og_url":"https:\/\/dorogimedence.hu\/index.php\/2026\/03\/05\/orszagos-sikert-aratott-a-fuggetlen-filmfesztivalon-varmegyenk-alkotoja\/","og_site_name":"Dorogi-medence Region\u00e1lis H\u00edrport\u00e1l","article_publisher":"https:\/\/www.facebook.com\/dorogimedence\/","article_published_time":"2026-03-05T09:08:51+00:00","og_image":[{"width":1920,"height":970,"url":"https:\/\/dorogimedence.hu\/wp-content\/uploads\/2026\/03\/forgacs.jpg","type":"image\/jpeg"}],"author":"dorogimedence.hu","twitter_card":"summary_large_image","twitter_misc":{"Szerz\u0151:":"dorogimedence.hu","Becs\u00fclt olvas\u00e1si id\u0151":"2 perc"},"schema":{"@context":"https:\/\/schema.org","@graph":[{"@type":"Article","@id":"https:\/\/dorogimedence.hu\/index.php\/2026\/03\/05\/orszagos-sikert-aratott-a-fuggetlen-filmfesztivalon-varmegyenk-alkotoja\/#article","isPartOf":{"@id":"https:\/\/dorogimedence.hu\/index.php\/2026\/03\/05\/orszagos-sikert-aratott-a-fuggetlen-filmfesztivalon-varmegyenk-alkotoja\/"},"author":{"name":"dorogimedence.hu","@id":"https:\/\/dorogimedence.hu\/#\/schema\/person\/ce6091eeb7e95ecdc87890d6aa8e0fd4"},"headline":"Orsz\u00e1gos sikert aratott a f\u00fcggetlen filmfesztiv\u00e1lon v\u00e1rmegy\u00e9nk alkot\u00f3ja","datePublished":"2026-03-05T09:08:51+00:00","mainEntityOfPage":{"@id":"https:\/\/dorogimedence.hu\/index.php\/2026\/03\/05\/orszagos-sikert-aratott-a-fuggetlen-filmfesztivalon-varmegyenk-alkotoja\/"},"wordCount":386,"publisher":{"@id":"https:\/\/dorogimedence.hu\/#organization"},"image":{"@id":"https:\/\/dorogimedence.hu\/index.php\/2026\/03\/05\/orszagos-sikert-aratott-a-fuggetlen-filmfesztivalon-varmegyenk-alkotoja\/#primaryimage"},"thumbnailUrl":"https:\/\/dorogimedence.hu\/wp-content\/uploads\/2026\/03\/forgacs.jpg","keywords":["dokumentumfilm","film","Forg\u00e1cs J\u00f3zsef","Kom\u00e1rom-Esztergom v\u00e1rmegye"],"articleSection":["H\u00edrek","Kom\u00e1rom-Esztergom"],"inLanguage":"hu"},{"@type":"WebPage","@id":"https:\/\/dorogimedence.hu\/index.php\/2026\/03\/05\/orszagos-sikert-aratott-a-fuggetlen-filmfesztivalon-varmegyenk-alkotoja\/","url":"https:\/\/dorogimedence.hu\/index.php\/2026\/03\/05\/orszagos-sikert-aratott-a-fuggetlen-filmfesztivalon-varmegyenk-alkotoja\/","name":"Orsz\u00e1gos sikert aratott a f\u00fcggetlen filmfesztiv\u00e1lon v\u00e1rmegy\u00e9nk alkot\u00f3ja","isPartOf":{"@id":"https:\/\/dorogimedence.hu\/#website"},"primaryImageOfPage":{"@id":"https:\/\/dorogimedence.hu\/index.php\/2026\/03\/05\/orszagos-sikert-aratott-a-fuggetlen-filmfesztivalon-varmegyenk-alkotoja\/#primaryimage"},"image":{"@id":"https:\/\/dorogimedence.hu\/index.php\/2026\/03\/05\/orszagos-sikert-aratott-a-fuggetlen-filmfesztivalon-varmegyenk-alkotoja\/#primaryimage"},"thumbnailUrl":"https:\/\/dorogimedence.hu\/wp-content\/uploads\/2026\/03\/forgacs.jpg","datePublished":"2026-03-05T09:08:51+00:00","breadcrumb":{"@id":"https:\/\/dorogimedence.hu\/index.php\/2026\/03\/05\/orszagos-sikert-aratott-a-fuggetlen-filmfesztivalon-varmegyenk-alkotoja\/#breadcrumb"},"inLanguage":"hu","potentialAction":[{"@type":"ReadAction","target":["https:\/\/dorogimedence.hu\/index.php\/2026\/03\/05\/orszagos-sikert-aratott-a-fuggetlen-filmfesztivalon-varmegyenk-alkotoja\/"]}]},{"@type":"ImageObject","inLanguage":"hu","@id":"https:\/\/dorogimedence.hu\/index.php\/2026\/03\/05\/orszagos-sikert-aratott-a-fuggetlen-filmfesztivalon-varmegyenk-alkotoja\/#primaryimage","url":"https:\/\/dorogimedence.hu\/wp-content\/uploads\/2026\/03\/forgacs.jpg","contentUrl":"https:\/\/dorogimedence.hu\/wp-content\/uploads\/2026\/03\/forgacs.jpg","width":1920,"height":970,"caption":"Forr\u00e1s: Forg\u00e1cs J\u00f3zsef Facebook-oldala"},{"@type":"BreadcrumbList","@id":"https:\/\/dorogimedence.hu\/index.php\/2026\/03\/05\/orszagos-sikert-aratott-a-fuggetlen-filmfesztivalon-varmegyenk-alkotoja\/#breadcrumb","itemListElement":[{"@type":"ListItem","position":1,"name":"Kezd\u0151lap","item":"https:\/\/dorogimedence.hu\/"},{"@type":"ListItem","position":2,"name":"Orsz\u00e1gos sikert aratott a f\u00fcggetlen filmfesztiv\u00e1lon v\u00e1rmegy\u00e9nk alkot\u00f3ja"}]},{"@type":"WebSite","@id":"https:\/\/dorogimedence.hu\/#website","url":"https:\/\/dorogimedence.hu\/","name":"Dorogi-medence Region\u00e1lis H\u00edrport\u00e1l","description":"Dorog, Keszt\u00f6lc, Le\u00e1nyv\u00e1r, Piliscs\u00e9v, Tokod, Tokodalt\u00e1r\u00f3, Csolnok, Esztergom-kertv\u00e1ros: h\u00edrek, programok","publisher":{"@id":"https:\/\/dorogimedence.hu\/#organization"},"potentialAction":[{"@type":"SearchAction","target":{"@type":"EntryPoint","urlTemplate":"https:\/\/dorogimedence.hu\/?s={search_term_string}"},"query-input":{"@type":"PropertyValueSpecification","valueRequired":true,"valueName":"search_term_string"}}],"inLanguage":"hu"},{"@type":"Organization","@id":"https:\/\/dorogimedence.hu\/#organization","name":"Dorogi-medence Region\u00e1lis H\u00edrport\u00e1l","url":"https:\/\/dorogimedence.hu\/","logo":{"@type":"ImageObject","inLanguage":"hu","@id":"https:\/\/dorogimedence.hu\/#\/schema\/logo\/image\/","url":"https:\/\/dorogimedence.hu\/wp-content\/uploads\/2021\/04\/logo-feher-600.png","contentUrl":"https:\/\/dorogimedence.hu\/wp-content\/uploads\/2021\/04\/logo-feher-600.png","width":600,"height":100,"caption":"Dorogi-medence Region\u00e1lis H\u00edrport\u00e1l"},"image":{"@id":"https:\/\/dorogimedence.hu\/#\/schema\/logo\/image\/"},"sameAs":["https:\/\/www.facebook.com\/dorogimedence\/"]},{"@type":"Person","@id":"https:\/\/dorogimedence.hu\/#\/schema\/person\/ce6091eeb7e95ecdc87890d6aa8e0fd4","name":"dorogimedence.hu","image":{"@type":"ImageObject","inLanguage":"hu","@id":"\/\/www.gravatar.com\/avatar\/d8d45f8901aadff40a4af72c0b826f1d?s=96&#038;r=g&#038;d=mm","url":"\/\/www.gravatar.com\/avatar\/d8d45f8901aadff40a4af72c0b826f1d?s=96&#038;r=g&#038;d=mm","contentUrl":"\/\/www.gravatar.com\/avatar\/d8d45f8901aadff40a4af72c0b826f1d?s=96&#038;r=g&#038;d=mm","caption":"dorogimedence.hu"}}]}},"_links":{"self":[{"href":"https:\/\/dorogimedence.hu\/index.php\/wp-json\/wp\/v2\/posts\/78228","targetHints":{"allow":["GET"]}}],"collection":[{"href":"https:\/\/dorogimedence.hu\/index.php\/wp-json\/wp\/v2\/posts"}],"about":[{"href":"https:\/\/dorogimedence.hu\/index.php\/wp-json\/wp\/v2\/types\/post"}],"author":[{"embeddable":true,"href":"https:\/\/dorogimedence.hu\/index.php\/wp-json\/wp\/v2\/users\/1"}],"replies":[{"embeddable":true,"href":"https:\/\/dorogimedence.hu\/index.php\/wp-json\/wp\/v2\/comments?post=78228"}],"version-history":[{"count":0,"href":"https:\/\/dorogimedence.hu\/index.php\/wp-json\/wp\/v2\/posts\/78228\/revisions"}],"wp:featuredmedia":[{"embeddable":true,"href":"https:\/\/dorogimedence.hu\/index.php\/wp-json\/wp\/v2\/media\/78229"}],"wp:attachment":[{"href":"https:\/\/dorogimedence.hu\/index.php\/wp-json\/wp\/v2\/media?parent=78228"}],"wp:term":[{"taxonomy":"category","embeddable":true,"href":"https:\/\/dorogimedence.hu\/index.php\/wp-json\/wp\/v2\/categories?post=78228"},{"taxonomy":"post_tag","embeddable":true,"href":"https:\/\/dorogimedence.hu\/index.php\/wp-json\/wp\/v2\/tags?post=78228"}],"curies":[{"name":"wp","href":"https:\/\/api.w.org\/{rel}","templated":true}]}}