{"id":7818,"date":"2018-01-18T17:07:32","date_gmt":"2018-01-18T16:07:32","guid":{"rendered":"http:\/\/dorogimedence.hu\/?p=7818"},"modified":"2018-01-18T17:07:32","modified_gmt":"2018-01-18T16:07:32","slug":"magyar-kultura-napja-tersegunkben","status":"publish","type":"post","link":"https:\/\/dorogimedence.hu\/index.php\/2018\/01\/18\/magyar-kultura-napja-tersegunkben\/","title":{"rendered":"Magyar Kult\u00fara Napja t\u00e9rs\u00e9g\u00fcnkben"},"content":{"rendered":"<p><strong>A h\u00e9tv\u00e9g\u00e9n Dorogon, Csolnokon \u00e9s L\u00e1batlanon is sz\u00ednes programok v\u00e1rj\u00e1k az \u00e9rdekl\u0151d\u0151ket a Magyar Kult\u00fara Napja alkalm\u00e1b\u00f3l.<\/strong><\/p>\n<p>A Magyar Kult\u00fara Napja \u00fcnnep rendezv\u00e9ny\u00e9n a <strong>Dorogi J\u00f3zsef Attila M\u0171vel\u0151d\u00e9si H\u00e1z<\/strong> alapk\u0151let\u00e9tel\u00e9nek 95., \u00e1tad\u00e1s\u00e1nak 90. \u00e9vfordul\u00f3j\u00e1ra eml\u00e9keznek a v\u00e1rosban. A program <strong>janu\u00e1r 18-\u00e1n<\/strong> 17 \u00f3rakor a Dorogi Gal\u00e9ri\u00e1ban kezd\u0151dik, ahol\u00a0 a m\u0171vel\u0151d\u00e9si h\u00e1zhoz kapcsol\u00f3d\u00f3 alkot\u00f3k t\u00e1rlat\u00e1t nyitja meg V\u00e9gh \u00c9va, Dorog V\u00e1ros Kultur\u00e1lis K\u00f6zalap\u00edtv\u00e1ny\u00e1nak eln\u00f6ke. Ezt k\u00f6vet\u0151en 17:30-kor a Sz\u00ednh\u00e1zteremben dr. Tittmann J\u00e1nos polg\u00e1rmester mond k\u00f6sz\u00f6nt\u0151t, majd \u00e1tad\u00e1sra ker\u00fcl a Rauscher Gy\u00f6rgy D\u00edj. Dank\u00f3 Krist\u00f3f f\u0151\u00e9p\u00edt\u00e9sz \u00e9p\u00fclett\u00f6rt\u00e9neti bemutat\u00f3t tart A Munk\u00e1sotthon \u00d6nseg\u00e9lyez\u0151 \u00e9s \u00d6nm\u0171vel\u0151 Egyes\u00fclet\u00e9t\u0151l a m\u0171vel\u0151d\u00e9si h\u00e1zig c\u00edmmel. A rendezv\u00e9nyt hangverseny z\u00e1rja, amelyen az Erkel Ferenc Zeneiskola n\u00f6vend\u00e9kei ut\u00e1n Sasv\u00e1ri Katalin \u00e9s P\u00e1rma Csaba id\u00e9zi meg a Blank Zenekart, majd Lattmann B\u00e9la \u00e9s Bar\u00e1tainak koncertje z\u00e1rja az esem\u00e9nyt. A rendezv\u00e9nyre a bel\u00e9p\u00e9s ingyenes, a szervez\u0151k mindenkit szeretettel v\u00e1rnak.<\/p>\n<p>A <strong>l\u00e1batlani Gerenday K\u00f6z\u00f6ss\u00e9gi H\u00e1zban<\/strong> v\u00e1ltozatos programot k\u00edn\u00e1lnak a Magyar Kult\u00fara Napja alkalm\u00e1b\u00f3l. <strong>Janu\u00e1r 19-\u00e9n, p\u00e9nteken<\/strong> 17 \u00f3r\u00e1t\u00f3l a M\u0171v\u00e9szetbar\u00e1tok Egyes\u00fclete megalap\u00edt\u00e1s\u00e1nak 45. \u00e9vfordul\u00f3j\u00e1ra eml\u00e9kezve Jubileumi Ki\u00e1ll\u00edt\u00e1s ny\u00edlik a ki\u00e1ll\u00edt\u00f3 teremben. A t\u00e1rlatot K\u00e1d\u00e1r J\u00e1nos Mikl\u00f3s Munk\u00e1csy-d\u00edjas fest\u0151m\u0171v\u00e9sz nyitja meg, majd Kiss L\u00e1szl\u00f3, B\u00e9res Ferenc-d\u00edjas \u00e9nekm\u0171v\u00e9sz ad m\u0171sort. A megnyit\u00f3t k\u00f6vet\u0151en kezd\u0151dik a rendezv\u00e9nyteremben Dr. Luk\u00e1csy Andr\u00e1s, a Gerenday csal\u00e1d \u00f6r\u00f6k\u00f6s\u00e9nek k\u00f6nyvbemutat\u00f3ja. Leg\u00fajabb alkot\u00e1sa, a VIL\u00c1GJ\u00c1T\u00c9K &#8211; \u00d6n\u00e9letrajz kort\u00e1rsakkal c\u00edm\u0171 m\u0171 sz\u00e1mos L\u00e1batlant is \u00e9rint\u0151 momentumot tartalmaz. A rendezv\u00e9nyen a csal\u00e1dot Luk\u00e1csy Gy\u00f6rgy k\u00e9pviseli, a k\u00f6z\u00f6ns\u00e9gnek a k\u00f6nyvet a Corvina Kiad\u00f3 k\u00e9pvisel\u0151je aj\u00e1nlja. A bel\u00e9p\u00e9s d\u00edjtalan, a szervez\u0151k minden \u00e9rdekl\u0151d\u0151t szeretettel v\u00e1rnak.<\/p>\n<p>Rendhagy\u00f3 m\u00f3don \u00fcnneplik a Magyar Kult\u00fara Napj\u00e1t <strong>Csolnokon<\/strong>. A telep\u00fcl\u00e9sen <strong>janu\u00e1r 20-\u00e1n, szombaton a<\/strong> <strong>Kossuth M\u0171vel\u0151d\u00e9si H\u00e1zban<\/strong> tartanak sz\u00ednes kultur\u00e1lis m\u0171sort minden koroszt\u00e1lynak \u201cHelyben van a soksz\u00edn\u0171s\u00e9g\u201d c\u00edmmel. A hangulatos d\u00e9lut\u00e1ni program 16 \u00f3rakor kezd\u0151dik \u00e9s h\u00e1rom r\u00e9szb\u0151l \u00e1ll. Az els\u0151ben a sv\u00e1b \u00e9s magyar hagyom\u00e1nyokhoz \u00e9s zen\u00e9hez k\u00f6t\u0151d\u0151 gyerekek \u00e9s feln\u0151ttek l\u00e9pnek fel. \u0150k mindannyian \u00e9rt\u00e9ket \u0151riznek \u00e9s k\u00e9pviselnek. A megh\u00edvott n\u00e9pzen\u00e9sz, t\u00e1ncos vend\u00e9gek magyar \u00e9s nemzetis\u00e9gi t\u00e1ncokat mutatnak be. Ezt k\u00f6veti az \u00e9telk\u00f3stol\u00f3, amelyen n\u00e9pszer\u0171 csolnoki sv\u00e1b \u00e9telek lesznek ter\u00edt\u00e9ken. A rendezv\u00e9nyt t\u00e1nch\u00e1zzal z\u00e1rj\u00e1k, amely sor\u00e1n dun\u00e1nt\u00fali \u00e9s mez\u0151s\u00e9gi t\u00e1ncokat tanulhatnak Kimberger Csaba \u00e9s Bazsinka Lili t\u00e1ncgazd\u00e1kkal, a zen\u00e9r\u0151l pedig az \u00c1gas-bogas egy\u00fcttes gondoskodik. A rendezv\u00e9nyre a bel\u00e9p\u00e9s ingyenes \u00e9s minden \u00e9rdekl\u0151d\u0151t szeretettel v\u00e1rnak.<\/p>\n<p><em>Forr\u00e1s: Dorog \u00e9s T\u00e9rs\u00e9ge Turizmus Egyes\u00fclet<\/em><\/p>\n","protected":false},"excerpt":{"rendered":"<p>A h\u00e9tv\u00e9g\u00e9n Dorogon, Csolnokon \u00e9s L\u00e1batlanon is sz\u00ednes programok v\u00e1rj\u00e1k az \u00e9rdekl\u0151d\u0151ket a Magyar Kult\u00fara Napja alkalm\u00e1b\u00f3l. A Magyar Kult\u00fara Napja \u00fcnnep rendezv\u00e9ny\u00e9n a Dorogi J\u00f3zsef Attila M\u0171vel\u0151d\u00e9si H\u00e1z alapk\u0151let\u00e9tel\u00e9nek 95., \u00e1tad\u00e1s\u00e1nak 90. \u00e9vfordul\u00f3j\u00e1ra eml\u00e9keznek a v\u00e1rosban. A program janu\u00e1r 18-\u00e1n 17 \u00f3rakor a Dorogi Gal\u00e9ri\u00e1ban kezd\u0151dik, ahol\u00a0 a m\u0171vel\u0151d\u00e9si h\u00e1zhoz kapcsol\u00f3d\u00f3 alkot\u00f3k t\u00e1rlat\u00e1t nyitja<\/p>\n","protected":false},"author":1,"featured_media":7813,"comment_status":"closed","ping_status":"closed","sticky":false,"template":"","format":"standard","meta":{"ngg_post_thumbnail":0,"footnotes":""},"categories":[64,2,3],"tags":[66,15,489,2108,101],"class_list":{"0":"post-7818","1":"post","2":"type-post","3":"status-publish","4":"format-standard","5":"has-post-thumbnail","7":"category-csolnok","8":"category-dorog","9":"category-hirek","10":"tag-csolnok","11":"tag-dorog","12":"tag-labatlan","13":"tag-magyar-kultura-napja","14":"tag-program"},"yoast_head":"<!-- This site is optimized with the Yoast SEO plugin v27.5 - https:\/\/yoast.com\/product\/yoast-seo-wordpress\/ -->\n<title>Magyar Kult\u00fara Napja t\u00e9rs\u00e9g\u00fcnkben<\/title>\n<meta name=\"robots\" content=\"index, follow, max-snippet:-1, max-image-preview:large, max-video-preview:-1\" \/>\n<link rel=\"canonical\" href=\"https:\/\/dorogimedence.hu\/index.php\/2018\/01\/18\/magyar-kultura-napja-tersegunkben\/\" class=\"yoast-seo-meta-tag\" \/>\n<meta property=\"og:locale\" content=\"hu_HU\" class=\"yoast-seo-meta-tag\" \/>\n<meta property=\"og:type\" content=\"article\" class=\"yoast-seo-meta-tag\" \/>\n<meta property=\"og:title\" content=\"Magyar Kult\u00fara Napja t\u00e9rs\u00e9g\u00fcnkben\" class=\"yoast-seo-meta-tag\" \/>\n<meta property=\"og:description\" content=\"A h\u00e9tv\u00e9g\u00e9n Dorogon, Csolnokon \u00e9s L\u00e1batlanon is sz\u00ednes programok v\u00e1rj\u00e1k az \u00e9rdekl\u0151d\u0151ket a Magyar Kult\u00fara Napja alkalm\u00e1b\u00f3l. A Magyar Kult\u00fara Napja \u00fcnnep rendezv\u00e9ny\u00e9n a Dorogi J\u00f3zsef Attila M\u0171vel\u0151d\u00e9si H\u00e1z alapk\u0151let\u00e9tel\u00e9nek 95., \u00e1tad\u00e1s\u00e1nak 90. \u00e9vfordul\u00f3j\u00e1ra eml\u00e9keznek a v\u00e1rosban. A program janu\u00e1r 18-\u00e1n 17 \u00f3rakor a Dorogi Gal\u00e9ri\u00e1ban kezd\u0151dik, ahol\u00a0 a m\u0171vel\u0151d\u00e9si h\u00e1zhoz kapcsol\u00f3d\u00f3 alkot\u00f3k t\u00e1rlat\u00e1t nyitja\" class=\"yoast-seo-meta-tag\" \/>\n<meta property=\"og:url\" content=\"https:\/\/dorogimedence.hu\/index.php\/2018\/01\/18\/magyar-kultura-napja-tersegunkben\/\" class=\"yoast-seo-meta-tag\" \/>\n<meta property=\"og:site_name\" content=\"Dorogi-medence Region\u00e1lis H\u00edrport\u00e1l\" class=\"yoast-seo-meta-tag\" \/>\n<meta property=\"article:publisher\" content=\"https:\/\/www.facebook.com\/dorogimedence\/\" class=\"yoast-seo-meta-tag\" \/>\n<meta property=\"article:published_time\" content=\"2018-01-18T16:07:32+00:00\" class=\"yoast-seo-meta-tag\" \/>\n<meta property=\"og:image\" content=\"https:\/\/i0.wp.com\/dorogimedence.hu\/wp-content\/uploads\/2018\/01\/kultura-napja-dorog.jpg?fit=670%2C365&ssl=1\" class=\"yoast-seo-meta-tag\" \/>\n\t<meta property=\"og:image:width\" content=\"670\" class=\"yoast-seo-meta-tag\" \/>\n\t<meta property=\"og:image:height\" content=\"365\" class=\"yoast-seo-meta-tag\" \/>\n\t<meta property=\"og:image:type\" content=\"image\/jpeg\" class=\"yoast-seo-meta-tag\" \/>\n<meta name=\"author\" content=\"dorogimedence.hu\" class=\"yoast-seo-meta-tag\" \/>\n<meta name=\"twitter:card\" content=\"summary_large_image\" class=\"yoast-seo-meta-tag\" \/>\n<meta name=\"twitter:label1\" content=\"Szerz\u0151:\" class=\"yoast-seo-meta-tag\" \/>\n\t<meta name=\"twitter:data1\" content=\"dorogimedence.hu\" class=\"yoast-seo-meta-tag\" \/>\n\t<meta name=\"twitter:label2\" content=\"Becs\u00fclt olvas\u00e1si id\u0151\" class=\"yoast-seo-meta-tag\" \/>\n\t<meta name=\"twitter:data2\" content=\"3 perc\" class=\"yoast-seo-meta-tag\" \/>\n<script type=\"application\/ld+json\" class=\"yoast-schema-graph\">{\"@context\":\"https:\\\/\\\/schema.org\",\"@graph\":[{\"@type\":\"Article\",\"@id\":\"https:\\\/\\\/dorogimedence.hu\\\/index.php\\\/2018\\\/01\\\/18\\\/magyar-kultura-napja-tersegunkben\\\/#article\",\"isPartOf\":{\"@id\":\"https:\\\/\\\/dorogimedence.hu\\\/index.php\\\/2018\\\/01\\\/18\\\/magyar-kultura-napja-tersegunkben\\\/\"},\"author\":{\"name\":\"dorogimedence.hu\",\"@id\":\"https:\\\/\\\/dorogimedence.hu\\\/#\\\/schema\\\/person\\\/ce6091eeb7e95ecdc87890d6aa8e0fd4\"},\"headline\":\"Magyar Kult\u00fara Napja t\u00e9rs\u00e9g\u00fcnkben\",\"datePublished\":\"2018-01-18T16:07:32+00:00\",\"mainEntityOfPage\":{\"@id\":\"https:\\\/\\\/dorogimedence.hu\\\/index.php\\\/2018\\\/01\\\/18\\\/magyar-kultura-napja-tersegunkben\\\/\"},\"wordCount\":626,\"publisher\":{\"@id\":\"https:\\\/\\\/dorogimedence.hu\\\/#organization\"},\"image\":{\"@id\":\"https:\\\/\\\/dorogimedence.hu\\\/index.php\\\/2018\\\/01\\\/18\\\/magyar-kultura-napja-tersegunkben\\\/#primaryimage\"},\"thumbnailUrl\":\"https:\\\/\\\/dorogimedence.hu\\\/wp-content\\\/uploads\\\/2018\\\/01\\\/kultura-napja-dorog.jpg\",\"keywords\":[\"Csolnok\",\"Dorog\",\"L\u00e1batlan\",\"Magyar Kult\u00fara Napja\",\"program\"],\"articleSection\":[\"Csolnok\",\"Dorog\",\"H\u00edrek\"],\"inLanguage\":\"hu\"},{\"@type\":\"WebPage\",\"@id\":\"https:\\\/\\\/dorogimedence.hu\\\/index.php\\\/2018\\\/01\\\/18\\\/magyar-kultura-napja-tersegunkben\\\/\",\"url\":\"https:\\\/\\\/dorogimedence.hu\\\/index.php\\\/2018\\\/01\\\/18\\\/magyar-kultura-napja-tersegunkben\\\/\",\"name\":\"Magyar Kult\u00fara Napja t\u00e9rs\u00e9g\u00fcnkben\",\"isPartOf\":{\"@id\":\"https:\\\/\\\/dorogimedence.hu\\\/#website\"},\"primaryImageOfPage\":{\"@id\":\"https:\\\/\\\/dorogimedence.hu\\\/index.php\\\/2018\\\/01\\\/18\\\/magyar-kultura-napja-tersegunkben\\\/#primaryimage\"},\"image\":{\"@id\":\"https:\\\/\\\/dorogimedence.hu\\\/index.php\\\/2018\\\/01\\\/18\\\/magyar-kultura-napja-tersegunkben\\\/#primaryimage\"},\"thumbnailUrl\":\"https:\\\/\\\/dorogimedence.hu\\\/wp-content\\\/uploads\\\/2018\\\/01\\\/kultura-napja-dorog.jpg\",\"datePublished\":\"2018-01-18T16:07:32+00:00\",\"breadcrumb\":{\"@id\":\"https:\\\/\\\/dorogimedence.hu\\\/index.php\\\/2018\\\/01\\\/18\\\/magyar-kultura-napja-tersegunkben\\\/#breadcrumb\"},\"inLanguage\":\"hu\",\"potentialAction\":[{\"@type\":\"ReadAction\",\"target\":[\"https:\\\/\\\/dorogimedence.hu\\\/index.php\\\/2018\\\/01\\\/18\\\/magyar-kultura-napja-tersegunkben\\\/\"]}]},{\"@type\":\"ImageObject\",\"inLanguage\":\"hu\",\"@id\":\"https:\\\/\\\/dorogimedence.hu\\\/index.php\\\/2018\\\/01\\\/18\\\/magyar-kultura-napja-tersegunkben\\\/#primaryimage\",\"url\":\"https:\\\/\\\/dorogimedence.hu\\\/wp-content\\\/uploads\\\/2018\\\/01\\\/kultura-napja-dorog.jpg\",\"contentUrl\":\"https:\\\/\\\/dorogimedence.hu\\\/wp-content\\\/uploads\\\/2018\\\/01\\\/kultura-napja-dorog.jpg\",\"width\":670,\"height\":365},{\"@type\":\"BreadcrumbList\",\"@id\":\"https:\\\/\\\/dorogimedence.hu\\\/index.php\\\/2018\\\/01\\\/18\\\/magyar-kultura-napja-tersegunkben\\\/#breadcrumb\",\"itemListElement\":[{\"@type\":\"ListItem\",\"position\":1,\"name\":\"Kezd\u0151lap\",\"item\":\"https:\\\/\\\/dorogimedence.hu\\\/\"},{\"@type\":\"ListItem\",\"position\":2,\"name\":\"Magyar Kult\u00fara Napja t\u00e9rs\u00e9g\u00fcnkben\"}]},{\"@type\":\"WebSite\",\"@id\":\"https:\\\/\\\/dorogimedence.hu\\\/#website\",\"url\":\"https:\\\/\\\/dorogimedence.hu\\\/\",\"name\":\"Dorogi-medence Region\u00e1lis H\u00edrport\u00e1l\",\"description\":\"Dorog, Keszt\u00f6lc, Le\u00e1nyv\u00e1r, Piliscs\u00e9v, Tokod, Tokodalt\u00e1r\u00f3, Csolnok, Esztergom-kertv\u00e1ros: h\u00edrek, programok\",\"publisher\":{\"@id\":\"https:\\\/\\\/dorogimedence.hu\\\/#organization\"},\"potentialAction\":[{\"@type\":\"SearchAction\",\"target\":{\"@type\":\"EntryPoint\",\"urlTemplate\":\"https:\\\/\\\/dorogimedence.hu\\\/?s={search_term_string}\"},\"query-input\":{\"@type\":\"PropertyValueSpecification\",\"valueRequired\":true,\"valueName\":\"search_term_string\"}}],\"inLanguage\":\"hu\"},{\"@type\":\"Organization\",\"@id\":\"https:\\\/\\\/dorogimedence.hu\\\/#organization\",\"name\":\"Dorogi-medence Region\u00e1lis H\u00edrport\u00e1l\",\"url\":\"https:\\\/\\\/dorogimedence.hu\\\/\",\"logo\":{\"@type\":\"ImageObject\",\"inLanguage\":\"hu\",\"@id\":\"https:\\\/\\\/dorogimedence.hu\\\/#\\\/schema\\\/logo\\\/image\\\/\",\"url\":\"https:\\\/\\\/dorogimedence.hu\\\/wp-content\\\/uploads\\\/2021\\\/04\\\/logo-feher-600.png\",\"contentUrl\":\"https:\\\/\\\/dorogimedence.hu\\\/wp-content\\\/uploads\\\/2021\\\/04\\\/logo-feher-600.png\",\"width\":600,\"height\":100,\"caption\":\"Dorogi-medence Region\u00e1lis H\u00edrport\u00e1l\"},\"image\":{\"@id\":\"https:\\\/\\\/dorogimedence.hu\\\/#\\\/schema\\\/logo\\\/image\\\/\"},\"sameAs\":[\"https:\\\/\\\/www.facebook.com\\\/dorogimedence\\\/\"]},{\"@type\":\"Person\",\"@id\":\"https:\\\/\\\/dorogimedence.hu\\\/#\\\/schema\\\/person\\\/ce6091eeb7e95ecdc87890d6aa8e0fd4\",\"name\":\"dorogimedence.hu\",\"image\":{\"@type\":\"ImageObject\",\"inLanguage\":\"hu\",\"@id\":\"\\\/\\\/www.gravatar.com\\\/avatar\\\/d8d45f8901aadff40a4af72c0b826f1d?s=96&#038;r=g&#038;d=mm\",\"url\":\"\\\/\\\/www.gravatar.com\\\/avatar\\\/d8d45f8901aadff40a4af72c0b826f1d?s=96&#038;r=g&#038;d=mm\",\"contentUrl\":\"\\\/\\\/www.gravatar.com\\\/avatar\\\/d8d45f8901aadff40a4af72c0b826f1d?s=96&#038;r=g&#038;d=mm\",\"caption\":\"dorogimedence.hu\"}}]}<\/script>\n<!-- \/ Yoast SEO plugin. -->","yoast_head_json":{"title":"Magyar Kult\u00fara Napja t\u00e9rs\u00e9g\u00fcnkben","robots":{"index":"index","follow":"follow","max-snippet":"max-snippet:-1","max-image-preview":"max-image-preview:large","max-video-preview":"max-video-preview:-1"},"canonical":"https:\/\/dorogimedence.hu\/index.php\/2018\/01\/18\/magyar-kultura-napja-tersegunkben\/","og_locale":"hu_HU","og_type":"article","og_title":"Magyar Kult\u00fara Napja t\u00e9rs\u00e9g\u00fcnkben","og_description":"A h\u00e9tv\u00e9g\u00e9n Dorogon, Csolnokon \u00e9s L\u00e1batlanon is sz\u00ednes programok v\u00e1rj\u00e1k az \u00e9rdekl\u0151d\u0151ket a Magyar Kult\u00fara Napja alkalm\u00e1b\u00f3l. A Magyar Kult\u00fara Napja \u00fcnnep rendezv\u00e9ny\u00e9n a Dorogi J\u00f3zsef Attila M\u0171vel\u0151d\u00e9si H\u00e1z alapk\u0151let\u00e9tel\u00e9nek 95., \u00e1tad\u00e1s\u00e1nak 90. \u00e9vfordul\u00f3j\u00e1ra eml\u00e9keznek a v\u00e1rosban. A program janu\u00e1r 18-\u00e1n 17 \u00f3rakor a Dorogi Gal\u00e9ri\u00e1ban kezd\u0151dik, ahol\u00a0 a m\u0171vel\u0151d\u00e9si h\u00e1zhoz kapcsol\u00f3d\u00f3 alkot\u00f3k t\u00e1rlat\u00e1t nyitja","og_url":"https:\/\/dorogimedence.hu\/index.php\/2018\/01\/18\/magyar-kultura-napja-tersegunkben\/","og_site_name":"Dorogi-medence Region\u00e1lis H\u00edrport\u00e1l","article_publisher":"https:\/\/www.facebook.com\/dorogimedence\/","article_published_time":"2018-01-18T16:07:32+00:00","og_image":[{"width":670,"height":365,"url":"https:\/\/i0.wp.com\/dorogimedence.hu\/wp-content\/uploads\/2018\/01\/kultura-napja-dorog.jpg?fit=670%2C365&ssl=1","type":"image\/jpeg"}],"author":"dorogimedence.hu","twitter_card":"summary_large_image","twitter_misc":{"Szerz\u0151:":"dorogimedence.hu","Becs\u00fclt olvas\u00e1si id\u0151":"3 perc"},"schema":{"@context":"https:\/\/schema.org","@graph":[{"@type":"Article","@id":"https:\/\/dorogimedence.hu\/index.php\/2018\/01\/18\/magyar-kultura-napja-tersegunkben\/#article","isPartOf":{"@id":"https:\/\/dorogimedence.hu\/index.php\/2018\/01\/18\/magyar-kultura-napja-tersegunkben\/"},"author":{"name":"dorogimedence.hu","@id":"https:\/\/dorogimedence.hu\/#\/schema\/person\/ce6091eeb7e95ecdc87890d6aa8e0fd4"},"headline":"Magyar Kult\u00fara Napja t\u00e9rs\u00e9g\u00fcnkben","datePublished":"2018-01-18T16:07:32+00:00","mainEntityOfPage":{"@id":"https:\/\/dorogimedence.hu\/index.php\/2018\/01\/18\/magyar-kultura-napja-tersegunkben\/"},"wordCount":626,"publisher":{"@id":"https:\/\/dorogimedence.hu\/#organization"},"image":{"@id":"https:\/\/dorogimedence.hu\/index.php\/2018\/01\/18\/magyar-kultura-napja-tersegunkben\/#primaryimage"},"thumbnailUrl":"https:\/\/dorogimedence.hu\/wp-content\/uploads\/2018\/01\/kultura-napja-dorog.jpg","keywords":["Csolnok","Dorog","L\u00e1batlan","Magyar Kult\u00fara Napja","program"],"articleSection":["Csolnok","Dorog","H\u00edrek"],"inLanguage":"hu"},{"@type":"WebPage","@id":"https:\/\/dorogimedence.hu\/index.php\/2018\/01\/18\/magyar-kultura-napja-tersegunkben\/","url":"https:\/\/dorogimedence.hu\/index.php\/2018\/01\/18\/magyar-kultura-napja-tersegunkben\/","name":"Magyar Kult\u00fara Napja t\u00e9rs\u00e9g\u00fcnkben","isPartOf":{"@id":"https:\/\/dorogimedence.hu\/#website"},"primaryImageOfPage":{"@id":"https:\/\/dorogimedence.hu\/index.php\/2018\/01\/18\/magyar-kultura-napja-tersegunkben\/#primaryimage"},"image":{"@id":"https:\/\/dorogimedence.hu\/index.php\/2018\/01\/18\/magyar-kultura-napja-tersegunkben\/#primaryimage"},"thumbnailUrl":"https:\/\/dorogimedence.hu\/wp-content\/uploads\/2018\/01\/kultura-napja-dorog.jpg","datePublished":"2018-01-18T16:07:32+00:00","breadcrumb":{"@id":"https:\/\/dorogimedence.hu\/index.php\/2018\/01\/18\/magyar-kultura-napja-tersegunkben\/#breadcrumb"},"inLanguage":"hu","potentialAction":[{"@type":"ReadAction","target":["https:\/\/dorogimedence.hu\/index.php\/2018\/01\/18\/magyar-kultura-napja-tersegunkben\/"]}]},{"@type":"ImageObject","inLanguage":"hu","@id":"https:\/\/dorogimedence.hu\/index.php\/2018\/01\/18\/magyar-kultura-napja-tersegunkben\/#primaryimage","url":"https:\/\/dorogimedence.hu\/wp-content\/uploads\/2018\/01\/kultura-napja-dorog.jpg","contentUrl":"https:\/\/dorogimedence.hu\/wp-content\/uploads\/2018\/01\/kultura-napja-dorog.jpg","width":670,"height":365},{"@type":"BreadcrumbList","@id":"https:\/\/dorogimedence.hu\/index.php\/2018\/01\/18\/magyar-kultura-napja-tersegunkben\/#breadcrumb","itemListElement":[{"@type":"ListItem","position":1,"name":"Kezd\u0151lap","item":"https:\/\/dorogimedence.hu\/"},{"@type":"ListItem","position":2,"name":"Magyar Kult\u00fara Napja t\u00e9rs\u00e9g\u00fcnkben"}]},{"@type":"WebSite","@id":"https:\/\/dorogimedence.hu\/#website","url":"https:\/\/dorogimedence.hu\/","name":"Dorogi-medence Region\u00e1lis H\u00edrport\u00e1l","description":"Dorog, Keszt\u00f6lc, Le\u00e1nyv\u00e1r, Piliscs\u00e9v, Tokod, Tokodalt\u00e1r\u00f3, Csolnok, Esztergom-kertv\u00e1ros: h\u00edrek, programok","publisher":{"@id":"https:\/\/dorogimedence.hu\/#organization"},"potentialAction":[{"@type":"SearchAction","target":{"@type":"EntryPoint","urlTemplate":"https:\/\/dorogimedence.hu\/?s={search_term_string}"},"query-input":{"@type":"PropertyValueSpecification","valueRequired":true,"valueName":"search_term_string"}}],"inLanguage":"hu"},{"@type":"Organization","@id":"https:\/\/dorogimedence.hu\/#organization","name":"Dorogi-medence Region\u00e1lis H\u00edrport\u00e1l","url":"https:\/\/dorogimedence.hu\/","logo":{"@type":"ImageObject","inLanguage":"hu","@id":"https:\/\/dorogimedence.hu\/#\/schema\/logo\/image\/","url":"https:\/\/dorogimedence.hu\/wp-content\/uploads\/2021\/04\/logo-feher-600.png","contentUrl":"https:\/\/dorogimedence.hu\/wp-content\/uploads\/2021\/04\/logo-feher-600.png","width":600,"height":100,"caption":"Dorogi-medence Region\u00e1lis H\u00edrport\u00e1l"},"image":{"@id":"https:\/\/dorogimedence.hu\/#\/schema\/logo\/image\/"},"sameAs":["https:\/\/www.facebook.com\/dorogimedence\/"]},{"@type":"Person","@id":"https:\/\/dorogimedence.hu\/#\/schema\/person\/ce6091eeb7e95ecdc87890d6aa8e0fd4","name":"dorogimedence.hu","image":{"@type":"ImageObject","inLanguage":"hu","@id":"\/\/www.gravatar.com\/avatar\/d8d45f8901aadff40a4af72c0b826f1d?s=96&#038;r=g&#038;d=mm","url":"\/\/www.gravatar.com\/avatar\/d8d45f8901aadff40a4af72c0b826f1d?s=96&#038;r=g&#038;d=mm","contentUrl":"\/\/www.gravatar.com\/avatar\/d8d45f8901aadff40a4af72c0b826f1d?s=96&#038;r=g&#038;d=mm","caption":"dorogimedence.hu"}}]}},"_links":{"self":[{"href":"https:\/\/dorogimedence.hu\/index.php\/wp-json\/wp\/v2\/posts\/7818","targetHints":{"allow":["GET"]}}],"collection":[{"href":"https:\/\/dorogimedence.hu\/index.php\/wp-json\/wp\/v2\/posts"}],"about":[{"href":"https:\/\/dorogimedence.hu\/index.php\/wp-json\/wp\/v2\/types\/post"}],"author":[{"embeddable":true,"href":"https:\/\/dorogimedence.hu\/index.php\/wp-json\/wp\/v2\/users\/1"}],"replies":[{"embeddable":true,"href":"https:\/\/dorogimedence.hu\/index.php\/wp-json\/wp\/v2\/comments?post=7818"}],"version-history":[{"count":0,"href":"https:\/\/dorogimedence.hu\/index.php\/wp-json\/wp\/v2\/posts\/7818\/revisions"}],"wp:featuredmedia":[{"embeddable":true,"href":"https:\/\/dorogimedence.hu\/index.php\/wp-json\/wp\/v2\/media\/7813"}],"wp:attachment":[{"href":"https:\/\/dorogimedence.hu\/index.php\/wp-json\/wp\/v2\/media?parent=7818"}],"wp:term":[{"taxonomy":"category","embeddable":true,"href":"https:\/\/dorogimedence.hu\/index.php\/wp-json\/wp\/v2\/categories?post=7818"},{"taxonomy":"post_tag","embeddable":true,"href":"https:\/\/dorogimedence.hu\/index.php\/wp-json\/wp\/v2\/tags?post=7818"}],"curies":[{"name":"wp","href":"https:\/\/api.w.org\/{rel}","templated":true}]}}