{"id":77944,"date":"2026-02-23T09:47:18","date_gmt":"2026-02-23T08:47:18","guid":{"rendered":"https:\/\/dorogimedence.hu\/?p=77944"},"modified":"2026-02-23T09:47:18","modified_gmt":"2026-02-23T08:47:18","slug":"stabil-az-allapota-erosodik-erdo-peter-biboros","status":"publish","type":"post","link":"https:\/\/dorogimedence.hu\/index.php\/2026\/02\/23\/stabil-az-allapota-erosodik-erdo-peter-biboros\/","title":{"rendered":"Stabil az \u00e1llapota, er\u0151s\u00f6dik Erd\u0151 P\u00e9ter b\u00edboros"},"content":{"rendered":"<p><strong>Ahogyan arr\u00f3l <a href=\"https:\/\/dorogimedence.hu\/index.php\/2026\/02\/21\/surgos-muteten-kellett-atesnie-erdo-peter-biborosnak\/\" target=\"_blank\" rel=\"noopener\"><span style=\"text-decoration: underline; color: #0000ff;\">szombaton besz\u00e1moltunk<\/span><\/a>, s\u00fcrg\u0151s m\u0171t\u00e9ten esett \u00e1t Erd\u0151 P\u00e9ter b\u00edboros, \u00e9rsek. Az Esztergom\u2013Budapesti F\u0151egyh\u00e1zmegye vas\u00e1rnap <a href=\"https:\/\/www.facebook.com\/egombp\/posts\/pfbid0Aa5BSYsaL5nS65WErQ3iBjdS7BkH8pakP6Tt7PBpnXu5jTLGCDJf4D8cexekXd9Sl\" target=\"_blank\" rel=\"noopener\"><span style=\"text-decoration: underline; color: #0000ff;\">t\u00e1j\u00e9koztat\u00e1st adott<\/span><\/a> a f\u0151p\u00e1sztor \u00e1llapot\u00e1r\u00f3l.<\/strong><\/p>\n<p>A k\u00f6zl\u00e9s szerint a b\u00edboros titk\u00e1ra \u00e9s szertart\u00f3ja, Eredics Gerg\u0151 a Belv\u00e1rosi Ferences-templomban az esti szentmise ut\u00e1n t\u00e1j\u00e9koztatta a h\u00edveket. Elmondta: Erd\u0151 P\u00e9ter \u00e1llapota stabil, \u00e9s sz\u00e9pen er\u0151s\u00f6dik a m\u0171t\u00e9t ut\u00e1n, tov\u00e1bbra is k\u00f3rh\u00e1zban \u00e1polj\u00e1k.<\/p>\n<p>A b\u00edboros h\u00e1l\u00e1s mindaz\u00e9rt a szeretet\u00e9rt, im\u00e1ds\u00e1g\u00e9rt \u00e9s agg\u00f3d\u00f3 figyelem\u00e9rt, amelyet az elm\u00falt napokban tapasztalt. Titk\u00e1ra besz\u00e1molt arr\u00f3l is, hogy amikor felolvasta sz\u00e1m\u00e1ra a h\u00edvek szem\u00e9lyes \u00fczeneteit, a f\u0151p\u00e1sztor m\u00e9lyen meghat\u00f3dott.<\/p>\n<p>Eredics Gerg\u0151 hangs\u00falyozta: a b\u00edboros hittel \u00e9s rem\u00e9nnyel viseli a megpr\u00f3b\u00e1ltat\u00e1sokat, szenved\u00e9s\u00e9t pedig tov\u00e1bbra is papi hivat\u00e1sok\u00e9rt aj\u00e1nlja fel. A k\u00f3rh\u00e1zb\u00f3l is szeretn\u00e9 tartani a kapcsolatot a r\u00e1b\u00edzott k\u00f6z\u00f6ss\u00e9ggel, ennek jelek\u00e9nt a betegek vil\u00e1gnapja alkalm\u00e1b\u00f3l hang\u00fczenetet is k\u00fcld\u00f6tt papjainak.<\/p>\n<p>A titk\u00e1r arr\u00f3l is besz\u00e9lt, hogy a b\u00edboros k\u00e9r\u00e9s\u00e9re konferenciabesz\u00e9d\u00e9t is megosztj\u00e1k a h\u00edvekkel, hogy \u00edgy is seg\u00edts\u00e9k a nagyb\u00f6jti, h\u00fasv\u00e9tra val\u00f3 lelki felk\u00e9sz\u00fcl\u00e9st.<\/p>\n<p>A t\u00e1j\u00e9koztat\u00e1s v\u00e9g\u00e9n arra k\u00e9rt\u00e9k a h\u00edveket, hogy tov\u00e1bbra is im\u00e1dkozzanak Erd\u0151 P\u00e9ter b\u00edboros gy\u00f3gyul\u00e1s\u00e1\u00e9rt.<\/p>\n<p><em>Forr\u00e1s: Esztergom-Budapesti F\u0151egyh\u00e1zmegye<\/em><br \/>\n<em>Bor\u00edt\u00f3k\u00e9p: Mudr\u00e1k Attila \/ Magyar Kur\u00edr<\/em><\/p>\n","protected":false},"excerpt":{"rendered":"<p>Ahogyan arr\u00f3l szombaton besz\u00e1moltunk, s\u00fcrg\u0151s m\u0171t\u00e9ten esett \u00e1t Erd\u0151 P\u00e9ter b\u00edboros, \u00e9rsek. Az Esztergom\u2013Budapesti F\u0151egyh\u00e1zmegye vas\u00e1rnap t\u00e1j\u00e9koztat\u00e1st adott a f\u0151p\u00e1sztor \u00e1llapot\u00e1r\u00f3l. A k\u00f6zl\u00e9s szerint a b\u00edboros titk\u00e1ra \u00e9s szertart\u00f3ja, Eredics Gerg\u0151 a Belv\u00e1rosi Ferences-templomban az esti szentmise ut\u00e1n t\u00e1j\u00e9koztatta a h\u00edveket. Elmondta: Erd\u0151 P\u00e9ter \u00e1llapota stabil, \u00e9s sz\u00e9pen er\u0151s\u00f6dik a m\u0171t\u00e9t ut\u00e1n, tov\u00e1bbra is k\u00f3rh\u00e1zban<\/p>\n","protected":false},"author":1,"featured_media":76755,"comment_status":"closed","ping_status":"closed","sticky":false,"template":"","format":"standard","meta":{"ngg_post_thumbnail":0,"footnotes":""},"categories":[38,3],"tags":[1334,764,42,762],"class_list":{"0":"post-77944","1":"post","2":"type-post","3":"status-publish","4":"format-standard","5":"has-post-thumbnail","7":"category-esztergom","8":"category-hirek","9":"tag-egyhaz","10":"tag-erdo-peter","11":"tag-esztergom","12":"tag-katolikus-egyhaz"},"yoast_head":"<!-- This site is optimized with the Yoast SEO plugin v27.5 - https:\/\/yoast.com\/product\/yoast-seo-wordpress\/ -->\n<title>Stabil az \u00e1llapota, er\u0151s\u00f6dik Erd\u0151 P\u00e9ter b\u00edboros<\/title>\n<meta name=\"robots\" content=\"index, follow, max-snippet:-1, max-image-preview:large, max-video-preview:-1\" \/>\n<link rel=\"canonical\" href=\"https:\/\/dorogimedence.hu\/index.php\/2026\/02\/23\/stabil-az-allapota-erosodik-erdo-peter-biboros\/\" class=\"yoast-seo-meta-tag\" \/>\n<meta property=\"og:locale\" content=\"hu_HU\" class=\"yoast-seo-meta-tag\" \/>\n<meta property=\"og:type\" content=\"article\" class=\"yoast-seo-meta-tag\" \/>\n<meta property=\"og:title\" content=\"Stabil az \u00e1llapota, er\u0151s\u00f6dik Erd\u0151 P\u00e9ter b\u00edboros\" class=\"yoast-seo-meta-tag\" \/>\n<meta property=\"og:description\" content=\"Ahogyan arr\u00f3l szombaton besz\u00e1moltunk, s\u00fcrg\u0151s m\u0171t\u00e9ten esett \u00e1t Erd\u0151 P\u00e9ter b\u00edboros, \u00e9rsek. Az Esztergom\u2013Budapesti F\u0151egyh\u00e1zmegye vas\u00e1rnap t\u00e1j\u00e9koztat\u00e1st adott a f\u0151p\u00e1sztor \u00e1llapot\u00e1r\u00f3l. A k\u00f6zl\u00e9s szerint a b\u00edboros titk\u00e1ra \u00e9s szertart\u00f3ja, Eredics Gerg\u0151 a Belv\u00e1rosi Ferences-templomban az esti szentmise ut\u00e1n t\u00e1j\u00e9koztatta a h\u00edveket. Elmondta: Erd\u0151 P\u00e9ter \u00e1llapota stabil, \u00e9s sz\u00e9pen er\u0151s\u00f6dik a m\u0171t\u00e9t ut\u00e1n, tov\u00e1bbra is k\u00f3rh\u00e1zban\" class=\"yoast-seo-meta-tag\" \/>\n<meta property=\"og:url\" content=\"https:\/\/dorogimedence.hu\/index.php\/2026\/02\/23\/stabil-az-allapota-erosodik-erdo-peter-biboros\/\" class=\"yoast-seo-meta-tag\" \/>\n<meta property=\"og:site_name\" content=\"Dorogi-medence Region\u00e1lis H\u00edrport\u00e1l\" class=\"yoast-seo-meta-tag\" \/>\n<meta property=\"article:publisher\" content=\"https:\/\/www.facebook.com\/dorogimedence\/\" class=\"yoast-seo-meta-tag\" \/>\n<meta property=\"article:published_time\" content=\"2026-02-23T08:47:18+00:00\" class=\"yoast-seo-meta-tag\" \/>\n<meta property=\"og:image\" content=\"https:\/\/dorogimedence.hu\/wp-content\/uploads\/2026\/01\/erdo-peter.jpg\" class=\"yoast-seo-meta-tag\" \/>\n\t<meta property=\"og:image:width\" content=\"1599\" class=\"yoast-seo-meta-tag\" \/>\n\t<meta property=\"og:image:height\" content=\"1066\" class=\"yoast-seo-meta-tag\" \/>\n\t<meta property=\"og:image:type\" content=\"image\/jpeg\" class=\"yoast-seo-meta-tag\" \/>\n<meta name=\"author\" content=\"dorogimedence.hu\" class=\"yoast-seo-meta-tag\" \/>\n<meta name=\"twitter:card\" content=\"summary_large_image\" class=\"yoast-seo-meta-tag\" \/>\n<meta name=\"twitter:label1\" content=\"Szerz\u0151:\" class=\"yoast-seo-meta-tag\" \/>\n\t<meta name=\"twitter:data1\" content=\"dorogimedence.hu\" class=\"yoast-seo-meta-tag\" \/>\n\t<meta name=\"twitter:label2\" content=\"Becs\u00fclt olvas\u00e1si id\u0151\" class=\"yoast-seo-meta-tag\" \/>\n\t<meta name=\"twitter:data2\" content=\"2 perc\" class=\"yoast-seo-meta-tag\" \/>\n<script type=\"application\/ld+json\" class=\"yoast-schema-graph\">{\"@context\":\"https:\\\/\\\/schema.org\",\"@graph\":[{\"@type\":\"Article\",\"@id\":\"https:\\\/\\\/dorogimedence.hu\\\/index.php\\\/2026\\\/02\\\/23\\\/stabil-az-allapota-erosodik-erdo-peter-biboros\\\/#article\",\"isPartOf\":{\"@id\":\"https:\\\/\\\/dorogimedence.hu\\\/index.php\\\/2026\\\/02\\\/23\\\/stabil-az-allapota-erosodik-erdo-peter-biboros\\\/\"},\"author\":{\"name\":\"dorogimedence.hu\",\"@id\":\"https:\\\/\\\/dorogimedence.hu\\\/#\\\/schema\\\/person\\\/ce6091eeb7e95ecdc87890d6aa8e0fd4\"},\"headline\":\"Stabil az \u00e1llapota, er\u0151s\u00f6dik Erd\u0151 P\u00e9ter b\u00edboros\",\"datePublished\":\"2026-02-23T08:47:18+00:00\",\"mainEntityOfPage\":{\"@id\":\"https:\\\/\\\/dorogimedence.hu\\\/index.php\\\/2026\\\/02\\\/23\\\/stabil-az-allapota-erosodik-erdo-peter-biboros\\\/\"},\"wordCount\":315,\"publisher\":{\"@id\":\"https:\\\/\\\/dorogimedence.hu\\\/#organization\"},\"image\":{\"@id\":\"https:\\\/\\\/dorogimedence.hu\\\/index.php\\\/2026\\\/02\\\/23\\\/stabil-az-allapota-erosodik-erdo-peter-biboros\\\/#primaryimage\"},\"thumbnailUrl\":\"https:\\\/\\\/dorogimedence.hu\\\/wp-content\\\/uploads\\\/2026\\\/01\\\/erdo-peter.jpg\",\"keywords\":[\"egyh\u00e1z\",\"Erd\u0151 P\u00e9ter\",\"esztergom\",\"katolikus egyh\u00e1z\"],\"articleSection\":[\"Esztergom\",\"H\u00edrek\"],\"inLanguage\":\"hu\"},{\"@type\":\"WebPage\",\"@id\":\"https:\\\/\\\/dorogimedence.hu\\\/index.php\\\/2026\\\/02\\\/23\\\/stabil-az-allapota-erosodik-erdo-peter-biboros\\\/\",\"url\":\"https:\\\/\\\/dorogimedence.hu\\\/index.php\\\/2026\\\/02\\\/23\\\/stabil-az-allapota-erosodik-erdo-peter-biboros\\\/\",\"name\":\"Stabil az \u00e1llapota, er\u0151s\u00f6dik Erd\u0151 P\u00e9ter b\u00edboros\",\"isPartOf\":{\"@id\":\"https:\\\/\\\/dorogimedence.hu\\\/#website\"},\"primaryImageOfPage\":{\"@id\":\"https:\\\/\\\/dorogimedence.hu\\\/index.php\\\/2026\\\/02\\\/23\\\/stabil-az-allapota-erosodik-erdo-peter-biboros\\\/#primaryimage\"},\"image\":{\"@id\":\"https:\\\/\\\/dorogimedence.hu\\\/index.php\\\/2026\\\/02\\\/23\\\/stabil-az-allapota-erosodik-erdo-peter-biboros\\\/#primaryimage\"},\"thumbnailUrl\":\"https:\\\/\\\/dorogimedence.hu\\\/wp-content\\\/uploads\\\/2026\\\/01\\\/erdo-peter.jpg\",\"datePublished\":\"2026-02-23T08:47:18+00:00\",\"breadcrumb\":{\"@id\":\"https:\\\/\\\/dorogimedence.hu\\\/index.php\\\/2026\\\/02\\\/23\\\/stabil-az-allapota-erosodik-erdo-peter-biboros\\\/#breadcrumb\"},\"inLanguage\":\"hu\",\"potentialAction\":[{\"@type\":\"ReadAction\",\"target\":[\"https:\\\/\\\/dorogimedence.hu\\\/index.php\\\/2026\\\/02\\\/23\\\/stabil-az-allapota-erosodik-erdo-peter-biboros\\\/\"]}]},{\"@type\":\"ImageObject\",\"inLanguage\":\"hu\",\"@id\":\"https:\\\/\\\/dorogimedence.hu\\\/index.php\\\/2026\\\/02\\\/23\\\/stabil-az-allapota-erosodik-erdo-peter-biboros\\\/#primaryimage\",\"url\":\"https:\\\/\\\/dorogimedence.hu\\\/wp-content\\\/uploads\\\/2026\\\/01\\\/erdo-peter.jpg\",\"contentUrl\":\"https:\\\/\\\/dorogimedence.hu\\\/wp-content\\\/uploads\\\/2026\\\/01\\\/erdo-peter.jpg\",\"width\":1599,\"height\":1066},{\"@type\":\"BreadcrumbList\",\"@id\":\"https:\\\/\\\/dorogimedence.hu\\\/index.php\\\/2026\\\/02\\\/23\\\/stabil-az-allapota-erosodik-erdo-peter-biboros\\\/#breadcrumb\",\"itemListElement\":[{\"@type\":\"ListItem\",\"position\":1,\"name\":\"Kezd\u0151lap\",\"item\":\"https:\\\/\\\/dorogimedence.hu\\\/\"},{\"@type\":\"ListItem\",\"position\":2,\"name\":\"Stabil az \u00e1llapota, er\u0151s\u00f6dik Erd\u0151 P\u00e9ter b\u00edboros\"}]},{\"@type\":\"WebSite\",\"@id\":\"https:\\\/\\\/dorogimedence.hu\\\/#website\",\"url\":\"https:\\\/\\\/dorogimedence.hu\\\/\",\"name\":\"Dorogi-medence Region\u00e1lis H\u00edrport\u00e1l\",\"description\":\"Dorog, Keszt\u00f6lc, Le\u00e1nyv\u00e1r, Piliscs\u00e9v, Tokod, Tokodalt\u00e1r\u00f3, Csolnok, Esztergom-kertv\u00e1ros: h\u00edrek, programok\",\"publisher\":{\"@id\":\"https:\\\/\\\/dorogimedence.hu\\\/#organization\"},\"potentialAction\":[{\"@type\":\"SearchAction\",\"target\":{\"@type\":\"EntryPoint\",\"urlTemplate\":\"https:\\\/\\\/dorogimedence.hu\\\/?s={search_term_string}\"},\"query-input\":{\"@type\":\"PropertyValueSpecification\",\"valueRequired\":true,\"valueName\":\"search_term_string\"}}],\"inLanguage\":\"hu\"},{\"@type\":\"Organization\",\"@id\":\"https:\\\/\\\/dorogimedence.hu\\\/#organization\",\"name\":\"Dorogi-medence Region\u00e1lis H\u00edrport\u00e1l\",\"url\":\"https:\\\/\\\/dorogimedence.hu\\\/\",\"logo\":{\"@type\":\"ImageObject\",\"inLanguage\":\"hu\",\"@id\":\"https:\\\/\\\/dorogimedence.hu\\\/#\\\/schema\\\/logo\\\/image\\\/\",\"url\":\"https:\\\/\\\/dorogimedence.hu\\\/wp-content\\\/uploads\\\/2021\\\/04\\\/logo-feher-600.png\",\"contentUrl\":\"https:\\\/\\\/dorogimedence.hu\\\/wp-content\\\/uploads\\\/2021\\\/04\\\/logo-feher-600.png\",\"width\":600,\"height\":100,\"caption\":\"Dorogi-medence Region\u00e1lis H\u00edrport\u00e1l\"},\"image\":{\"@id\":\"https:\\\/\\\/dorogimedence.hu\\\/#\\\/schema\\\/logo\\\/image\\\/\"},\"sameAs\":[\"https:\\\/\\\/www.facebook.com\\\/dorogimedence\\\/\"]},{\"@type\":\"Person\",\"@id\":\"https:\\\/\\\/dorogimedence.hu\\\/#\\\/schema\\\/person\\\/ce6091eeb7e95ecdc87890d6aa8e0fd4\",\"name\":\"dorogimedence.hu\",\"image\":{\"@type\":\"ImageObject\",\"inLanguage\":\"hu\",\"@id\":\"\\\/\\\/www.gravatar.com\\\/avatar\\\/d8d45f8901aadff40a4af72c0b826f1d?s=96&#038;r=g&#038;d=mm\",\"url\":\"\\\/\\\/www.gravatar.com\\\/avatar\\\/d8d45f8901aadff40a4af72c0b826f1d?s=96&#038;r=g&#038;d=mm\",\"contentUrl\":\"\\\/\\\/www.gravatar.com\\\/avatar\\\/d8d45f8901aadff40a4af72c0b826f1d?s=96&#038;r=g&#038;d=mm\",\"caption\":\"dorogimedence.hu\"}}]}<\/script>\n<!-- \/ Yoast SEO plugin. -->","yoast_head_json":{"title":"Stabil az \u00e1llapota, er\u0151s\u00f6dik Erd\u0151 P\u00e9ter b\u00edboros","robots":{"index":"index","follow":"follow","max-snippet":"max-snippet:-1","max-image-preview":"max-image-preview:large","max-video-preview":"max-video-preview:-1"},"canonical":"https:\/\/dorogimedence.hu\/index.php\/2026\/02\/23\/stabil-az-allapota-erosodik-erdo-peter-biboros\/","og_locale":"hu_HU","og_type":"article","og_title":"Stabil az \u00e1llapota, er\u0151s\u00f6dik Erd\u0151 P\u00e9ter b\u00edboros","og_description":"Ahogyan arr\u00f3l szombaton besz\u00e1moltunk, s\u00fcrg\u0151s m\u0171t\u00e9ten esett \u00e1t Erd\u0151 P\u00e9ter b\u00edboros, \u00e9rsek. Az Esztergom\u2013Budapesti F\u0151egyh\u00e1zmegye vas\u00e1rnap t\u00e1j\u00e9koztat\u00e1st adott a f\u0151p\u00e1sztor \u00e1llapot\u00e1r\u00f3l. A k\u00f6zl\u00e9s szerint a b\u00edboros titk\u00e1ra \u00e9s szertart\u00f3ja, Eredics Gerg\u0151 a Belv\u00e1rosi Ferences-templomban az esti szentmise ut\u00e1n t\u00e1j\u00e9koztatta a h\u00edveket. Elmondta: Erd\u0151 P\u00e9ter \u00e1llapota stabil, \u00e9s sz\u00e9pen er\u0151s\u00f6dik a m\u0171t\u00e9t ut\u00e1n, tov\u00e1bbra is k\u00f3rh\u00e1zban","og_url":"https:\/\/dorogimedence.hu\/index.php\/2026\/02\/23\/stabil-az-allapota-erosodik-erdo-peter-biboros\/","og_site_name":"Dorogi-medence Region\u00e1lis H\u00edrport\u00e1l","article_publisher":"https:\/\/www.facebook.com\/dorogimedence\/","article_published_time":"2026-02-23T08:47:18+00:00","og_image":[{"width":1599,"height":1066,"url":"https:\/\/dorogimedence.hu\/wp-content\/uploads\/2026\/01\/erdo-peter.jpg","type":"image\/jpeg"}],"author":"dorogimedence.hu","twitter_card":"summary_large_image","twitter_misc":{"Szerz\u0151:":"dorogimedence.hu","Becs\u00fclt olvas\u00e1si id\u0151":"2 perc"},"schema":{"@context":"https:\/\/schema.org","@graph":[{"@type":"Article","@id":"https:\/\/dorogimedence.hu\/index.php\/2026\/02\/23\/stabil-az-allapota-erosodik-erdo-peter-biboros\/#article","isPartOf":{"@id":"https:\/\/dorogimedence.hu\/index.php\/2026\/02\/23\/stabil-az-allapota-erosodik-erdo-peter-biboros\/"},"author":{"name":"dorogimedence.hu","@id":"https:\/\/dorogimedence.hu\/#\/schema\/person\/ce6091eeb7e95ecdc87890d6aa8e0fd4"},"headline":"Stabil az \u00e1llapota, er\u0151s\u00f6dik Erd\u0151 P\u00e9ter b\u00edboros","datePublished":"2026-02-23T08:47:18+00:00","mainEntityOfPage":{"@id":"https:\/\/dorogimedence.hu\/index.php\/2026\/02\/23\/stabil-az-allapota-erosodik-erdo-peter-biboros\/"},"wordCount":315,"publisher":{"@id":"https:\/\/dorogimedence.hu\/#organization"},"image":{"@id":"https:\/\/dorogimedence.hu\/index.php\/2026\/02\/23\/stabil-az-allapota-erosodik-erdo-peter-biboros\/#primaryimage"},"thumbnailUrl":"https:\/\/dorogimedence.hu\/wp-content\/uploads\/2026\/01\/erdo-peter.jpg","keywords":["egyh\u00e1z","Erd\u0151 P\u00e9ter","esztergom","katolikus egyh\u00e1z"],"articleSection":["Esztergom","H\u00edrek"],"inLanguage":"hu"},{"@type":"WebPage","@id":"https:\/\/dorogimedence.hu\/index.php\/2026\/02\/23\/stabil-az-allapota-erosodik-erdo-peter-biboros\/","url":"https:\/\/dorogimedence.hu\/index.php\/2026\/02\/23\/stabil-az-allapota-erosodik-erdo-peter-biboros\/","name":"Stabil az \u00e1llapota, er\u0151s\u00f6dik Erd\u0151 P\u00e9ter b\u00edboros","isPartOf":{"@id":"https:\/\/dorogimedence.hu\/#website"},"primaryImageOfPage":{"@id":"https:\/\/dorogimedence.hu\/index.php\/2026\/02\/23\/stabil-az-allapota-erosodik-erdo-peter-biboros\/#primaryimage"},"image":{"@id":"https:\/\/dorogimedence.hu\/index.php\/2026\/02\/23\/stabil-az-allapota-erosodik-erdo-peter-biboros\/#primaryimage"},"thumbnailUrl":"https:\/\/dorogimedence.hu\/wp-content\/uploads\/2026\/01\/erdo-peter.jpg","datePublished":"2026-02-23T08:47:18+00:00","breadcrumb":{"@id":"https:\/\/dorogimedence.hu\/index.php\/2026\/02\/23\/stabil-az-allapota-erosodik-erdo-peter-biboros\/#breadcrumb"},"inLanguage":"hu","potentialAction":[{"@type":"ReadAction","target":["https:\/\/dorogimedence.hu\/index.php\/2026\/02\/23\/stabil-az-allapota-erosodik-erdo-peter-biboros\/"]}]},{"@type":"ImageObject","inLanguage":"hu","@id":"https:\/\/dorogimedence.hu\/index.php\/2026\/02\/23\/stabil-az-allapota-erosodik-erdo-peter-biboros\/#primaryimage","url":"https:\/\/dorogimedence.hu\/wp-content\/uploads\/2026\/01\/erdo-peter.jpg","contentUrl":"https:\/\/dorogimedence.hu\/wp-content\/uploads\/2026\/01\/erdo-peter.jpg","width":1599,"height":1066},{"@type":"BreadcrumbList","@id":"https:\/\/dorogimedence.hu\/index.php\/2026\/02\/23\/stabil-az-allapota-erosodik-erdo-peter-biboros\/#breadcrumb","itemListElement":[{"@type":"ListItem","position":1,"name":"Kezd\u0151lap","item":"https:\/\/dorogimedence.hu\/"},{"@type":"ListItem","position":2,"name":"Stabil az \u00e1llapota, er\u0151s\u00f6dik Erd\u0151 P\u00e9ter b\u00edboros"}]},{"@type":"WebSite","@id":"https:\/\/dorogimedence.hu\/#website","url":"https:\/\/dorogimedence.hu\/","name":"Dorogi-medence Region\u00e1lis H\u00edrport\u00e1l","description":"Dorog, Keszt\u00f6lc, Le\u00e1nyv\u00e1r, Piliscs\u00e9v, Tokod, Tokodalt\u00e1r\u00f3, Csolnok, Esztergom-kertv\u00e1ros: h\u00edrek, programok","publisher":{"@id":"https:\/\/dorogimedence.hu\/#organization"},"potentialAction":[{"@type":"SearchAction","target":{"@type":"EntryPoint","urlTemplate":"https:\/\/dorogimedence.hu\/?s={search_term_string}"},"query-input":{"@type":"PropertyValueSpecification","valueRequired":true,"valueName":"search_term_string"}}],"inLanguage":"hu"},{"@type":"Organization","@id":"https:\/\/dorogimedence.hu\/#organization","name":"Dorogi-medence Region\u00e1lis H\u00edrport\u00e1l","url":"https:\/\/dorogimedence.hu\/","logo":{"@type":"ImageObject","inLanguage":"hu","@id":"https:\/\/dorogimedence.hu\/#\/schema\/logo\/image\/","url":"https:\/\/dorogimedence.hu\/wp-content\/uploads\/2021\/04\/logo-feher-600.png","contentUrl":"https:\/\/dorogimedence.hu\/wp-content\/uploads\/2021\/04\/logo-feher-600.png","width":600,"height":100,"caption":"Dorogi-medence Region\u00e1lis H\u00edrport\u00e1l"},"image":{"@id":"https:\/\/dorogimedence.hu\/#\/schema\/logo\/image\/"},"sameAs":["https:\/\/www.facebook.com\/dorogimedence\/"]},{"@type":"Person","@id":"https:\/\/dorogimedence.hu\/#\/schema\/person\/ce6091eeb7e95ecdc87890d6aa8e0fd4","name":"dorogimedence.hu","image":{"@type":"ImageObject","inLanguage":"hu","@id":"\/\/www.gravatar.com\/avatar\/d8d45f8901aadff40a4af72c0b826f1d?s=96&#038;r=g&#038;d=mm","url":"\/\/www.gravatar.com\/avatar\/d8d45f8901aadff40a4af72c0b826f1d?s=96&#038;r=g&#038;d=mm","contentUrl":"\/\/www.gravatar.com\/avatar\/d8d45f8901aadff40a4af72c0b826f1d?s=96&#038;r=g&#038;d=mm","caption":"dorogimedence.hu"}}]}},"_links":{"self":[{"href":"https:\/\/dorogimedence.hu\/index.php\/wp-json\/wp\/v2\/posts\/77944","targetHints":{"allow":["GET"]}}],"collection":[{"href":"https:\/\/dorogimedence.hu\/index.php\/wp-json\/wp\/v2\/posts"}],"about":[{"href":"https:\/\/dorogimedence.hu\/index.php\/wp-json\/wp\/v2\/types\/post"}],"author":[{"embeddable":true,"href":"https:\/\/dorogimedence.hu\/index.php\/wp-json\/wp\/v2\/users\/1"}],"replies":[{"embeddable":true,"href":"https:\/\/dorogimedence.hu\/index.php\/wp-json\/wp\/v2\/comments?post=77944"}],"version-history":[{"count":0,"href":"https:\/\/dorogimedence.hu\/index.php\/wp-json\/wp\/v2\/posts\/77944\/revisions"}],"wp:featuredmedia":[{"embeddable":true,"href":"https:\/\/dorogimedence.hu\/index.php\/wp-json\/wp\/v2\/media\/76755"}],"wp:attachment":[{"href":"https:\/\/dorogimedence.hu\/index.php\/wp-json\/wp\/v2\/media?parent=77944"}],"wp:term":[{"taxonomy":"category","embeddable":true,"href":"https:\/\/dorogimedence.hu\/index.php\/wp-json\/wp\/v2\/categories?post=77944"},{"taxonomy":"post_tag","embeddable":true,"href":"https:\/\/dorogimedence.hu\/index.php\/wp-json\/wp\/v2\/tags?post=77944"}],"curies":[{"name":"wp","href":"https:\/\/api.w.org\/{rel}","templated":true}]}}