{"id":7782,"date":"2018-01-17T07:01:30","date_gmt":"2018-01-17T06:01:30","guid":{"rendered":"http:\/\/dorogimedence.hu\/?p=7782"},"modified":"2018-01-17T07:01:30","modified_gmt":"2018-01-17T06:01:30","slug":"nogyogyasz-foorvos-volt-az-esztergomi-konyvtar-vendege","status":"publish","type":"post","link":"https:\/\/dorogimedence.hu\/index.php\/2018\/01\/17\/nogyogyasz-foorvos-volt-az-esztergomi-konyvtar-vendege\/","title":{"rendered":"N\u0151gy\u00f3gy\u00e1sz f\u0151orvos volt az esztergomi k\u00f6nyvt\u00e1r vend\u00e9ge"},"content":{"rendered":"<p><strong>Az Esztergomi Helischer J\u00f3zsef V\u00e1rosi K\u00f6nyvt\u00e1r janu\u00e1r 15-i, a K\u00f6zt\u00fcnk \u00e9lnek sorozat\u00e1nak idei els\u0151 vend\u00e9ge Dr. Z\u00e1mbori J\u00e1nos n\u0151gy\u00f3gy\u00e1sz f\u0151orvos volt.<\/strong><\/p>\n<p>1938. m\u00e1jus 4-\u00e9n sz\u00fcletett Nagyk\u00f6r\u0171ben, egy Szolnok megyei kis faluban, amelyet manaps\u00e1g Magyarorsz\u00e1g csereszny\u00e9skertj\u00e9nek neveznek. \u00c9desapja jegyz\u0151, \u00e9desanyja tan\u00edt\u00f3n\u0151. 1941-ben kit\u00f6rt Magyarorsz\u00e1gon is a II. vil\u00e1gh\u00e1bor\u00fa, melyet a csal\u00e1d Gy\u0151rben, egy nagyn\u00e9nin\u00e9l v\u00e9szelt \u00e1t. N\u00e9gyen voltak testv\u00e9rek; legkisebb testv\u00e9re hat h\u00f3napos volt a h\u00e1bor\u00fa kit\u00f6r\u00e9sekor. A gy\u0151ri vas\u00fat\u00e1llom\u00e1sn\u00e1l volt a nagyn\u00e9ni h\u00e1za, \u00e9s nagyon gyakoriak voltak a l\u00e9giriad\u00f3k. M\u00e9g most is \u00f6sszerezzen, ha v\u00e9letlen\u00fcl ilyen l\u00e9giriad\u00f3s szir\u00e9n\u00e1t hall. 1948-ban felv\u00e9telizett Gy\u0151rben a benc\u00e9s gimn\u00e1ziumban. Ebben az \u00e9vben vezett\u00e9k be a 8 \u00e1ltal\u00e1nost, \u00edgy az \u00e1ltal\u00e1nos fels\u0151 n\u00e9gy oszt\u00e1ly\u00e1t ott v\u00e9gezte el. Ott tett \u00e9retts\u00e9gi vizsg\u00e1t a R\u00e9vay Gimn\u00e1ziumban. Sz\u00fclei a h\u00e1bor\u00fa befejezt\u00e9vel J\u00e1noshid\u00e1ra k\u00f6lt\u00f6ztek. A ny\u00e1ri sz\u00fcneteket J\u00e1nos ott t\u00f6lt\u00f6tte, \u00e9s neh\u00e9z sz\u00edvvel ment vissza Gy\u0151rbe tanulni. 1956 m\u00e1r Debrecenben \u00e9rte az Orvostudom\u00e1nyi Egyetemen. Debrecenben v\u00e9gzett 1962-ben. Esztergomba negyed\u00e9ves medikus kor\u00e1ban szeretett bele. Kiss Andr\u00e1s nev\u0171 \u00e9vfolyamt\u00e1rs\u00e1val \u00e9s bar\u00e1tj\u00e1val motoros t\u00far\u00e1t tettek az orsz\u00e1gban, \u00e9s az orsz\u00e1gj\u00e1r\u00f3 t\u00fara egyik \u00e1llom\u00e1sa Esztergom lett. K\u00e1polnai Dezs\u0151 f\u0151orvos, a csal\u00e1d bar\u00e1tja k\u00f6zbenj\u00e1r\u00e1s\u00e1ra Esztergomban v\u00e9gezte el szigorl\u00f3 \u00e9v\u00e9t, \u00e9s az\u00f3ta a Vaszary Kolos K\u00f3rh\u00e1z Sz\u00fcl\u00e9szet\u00e9n dolgozott 2008-ig, 70 \u00e9ves kor\u00e1ig. K\u00f6zben volt egy kis kit\u00e9r\u0151je, 1983-t\u00f3l 87-ig L\u00edbi\u00e1ban, Tripoli-ban dolgozott. Az ottani k\u00f3rh\u00e1z sz\u00fcl\u00e9szet\u00e9n magyar orvosok teljes\u00edtettek szolg\u00e1latot. Az aneszteziol\u00f3gia r\u00e9szleget vezette, ugyanis letette az aneszteziol\u00f3gus szakvizsg\u00e1t is.<\/p>\n<p><img fetchpriority=\"high\" decoding=\"async\" class=\"alignnone size-full wp-image-7784\" src=\"https:\/\/dorogimedence.hu\/wp-content\/uploads\/2018\/01\/zambori-02.jpg\" alt=\"\" width=\"670\" height=\"365\" srcset=\"https:\/\/dorogimedence.hu\/wp-content\/uploads\/2018\/01\/zambori-02.jpg 670w, https:\/\/dorogimedence.hu\/wp-content\/uploads\/2018\/01\/zambori-02-300x163.jpg 300w\" sizes=\"(max-width: 670px) 100vw, 670px\" \/><\/p>\n<p>Az ott elt\u00f6lt\u00f6tt n\u00e9gy \u00e9vr\u0151l izgalmas r\u00e9szleteket mes\u00e9lt. Hazat\u00e9rve \u00faj seb\u00e9szeti elj\u00e1r\u00e1st honos\u00edtott meg Magyarorsz\u00e1gon, a f\u00fcgg\u0151leges cs\u00e1sz\u00e1rmetsz\u00e9st\u0151l \u00e1tt\u00e9rtek a v\u00edzszintesre. Az esztergomi k\u00f3rh\u00e1zban az orsz\u00e1gban el\u0151sz\u00f6r v\u00e9geztek ilyen har\u00e1ntmetsz\u00e9st, ami gyorsabban gy\u00f3gyul \u00e9s kevesebb kellemetlens\u00e9get okoz a p\u00e1ciensnek. Orvosi szaknyelvben Pfannenstiel-metsz\u00e9snek nevezik.<\/p>\n<p>Az esztergomi n\u0151gy\u00f3gy\u00e1szaton K\u00e1rp\u00e1thy L\u00e1szl\u00f3 f\u0151orvos nyugd\u00edjba vonul\u00e1sakor egy \u00e9vig megb\u00edzott oszt\u00e1lyvezet\u0151 f\u0151orvos volt, de mivel nem \u00edrta le a tudom\u00e1nyos munk\u00e1j\u00e1t, Berbik Istv\u00e1n lett a N\u0151gy\u00f3gy\u00e1szat oszt\u00e1lyvezet\u0151je. 2008 \u00f3ta nyugd\u00edjas, Dorogon m\u00e1ig tart mag\u00e1nrendel\u00e9st.<\/p>\n<p>Iskol\u00e1s \u00e9vei alatt versenyszer\u0171en evezett. Gyermekkora v\u00e1gya volt a rep\u00fcl\u00e9s, s amikor Esztergomban Kolumb\u00e1n Gyuri\u00e9k, Iv\u00e1nyi Pali\u00e9k megszervezt\u00e9k a lehet\u0151s\u00e9get, m\u00e1r az alakul\u00f3 \u00fcl\u00e9sen is ott volt. Az\u00f3ta is nagy \u00e9lvezettel \u0171zi ezt a sportot. Idestova h\u00fasz esztendeje, hogy sz\u00edvesen \u00e9s nagy hozz\u00e1\u00e9rt\u00e9ssel teniszezik is.<\/p>\n<p>Kedveli Esztergomot, j\u00f3l \u00e9rzi itt mag\u00e1t. K\u00e9t fia \u00e9s egy l\u00e1nya van. Vel\u00fck rendszeresen tal\u00e1lkozik. A kisebbik fia Esztergomban, a l\u00e1nya Pilismar\u00f3ton, a nagyobbik fia Koppenh\u00e1g\u00e1ban \u00e9l. Mindegyik\u0151j\u00fcknek van k\u00e9t gyermeke. Nagyon szereti \u0151ket.<\/p>\n<p><em><strong>H\u00e1mosn\u00e9 Sz\u0151ke Anna<\/strong><\/em><\/p>\n<p><em>Fot\u00f3k: Ny\u00e1ri Andrea<\/em><\/p>\n","protected":false},"excerpt":{"rendered":"<p>Az Esztergomi Helischer J\u00f3zsef V\u00e1rosi K\u00f6nyvt\u00e1r janu\u00e1r 15-i, a K\u00f6zt\u00fcnk \u00e9lnek sorozat\u00e1nak idei els\u0151 vend\u00e9ge Dr. Z\u00e1mbori J\u00e1nos n\u0151gy\u00f3gy\u00e1sz f\u0151orvos volt. 1938. m\u00e1jus 4-\u00e9n sz\u00fcletett Nagyk\u00f6r\u0171ben, egy Szolnok megyei kis faluban, amelyet manaps\u00e1g Magyarorsz\u00e1g csereszny\u00e9skertj\u00e9nek neveznek. \u00c9desapja jegyz\u0151, \u00e9desanyja tan\u00edt\u00f3n\u0151. 1941-ben kit\u00f6rt Magyarorsz\u00e1gon is a II. vil\u00e1gh\u00e1bor\u00fa, melyet a csal\u00e1d Gy\u0151rben, egy nagyn\u00e9nin\u00e9l v\u00e9szelt \u00e1t.<\/p>\n","protected":false},"author":1,"featured_media":7783,"comment_status":"closed","ping_status":"closed","sticky":false,"template":"","format":"standard","meta":{"ngg_post_thumbnail":0,"footnotes":""},"categories":[38,3],"tags":[2103,42,2102,144,1606],"class_list":{"0":"post-7782","1":"post","2":"type-post","3":"status-publish","4":"format-standard","5":"has-post-thumbnail","7":"category-esztergom","8":"category-hirek","9":"tag-dr-zambori-janos","10":"tag-esztergom","11":"tag-foorvos","12":"tag-konyvtar","13":"tag-koztunk-elnek"},"yoast_head":"<!-- This site is optimized with the Yoast SEO plugin v27.4 - https:\/\/yoast.com\/product\/yoast-seo-wordpress\/ -->\n<title>N\u0151gy\u00f3gy\u00e1sz f\u0151orvos volt az esztergomi k\u00f6nyvt\u00e1r vend\u00e9ge<\/title>\n<meta name=\"robots\" content=\"index, follow, max-snippet:-1, max-image-preview:large, max-video-preview:-1\" \/>\n<link rel=\"canonical\" href=\"https:\/\/dorogimedence.hu\/index.php\/2018\/01\/17\/nogyogyasz-foorvos-volt-az-esztergomi-konyvtar-vendege\/\" class=\"yoast-seo-meta-tag\" \/>\n<meta property=\"og:locale\" content=\"hu_HU\" class=\"yoast-seo-meta-tag\" \/>\n<meta property=\"og:type\" content=\"article\" class=\"yoast-seo-meta-tag\" \/>\n<meta property=\"og:title\" content=\"N\u0151gy\u00f3gy\u00e1sz f\u0151orvos volt az esztergomi k\u00f6nyvt\u00e1r vend\u00e9ge\" class=\"yoast-seo-meta-tag\" \/>\n<meta property=\"og:description\" content=\"Az Esztergomi Helischer J\u00f3zsef V\u00e1rosi K\u00f6nyvt\u00e1r janu\u00e1r 15-i, a K\u00f6zt\u00fcnk \u00e9lnek sorozat\u00e1nak idei els\u0151 vend\u00e9ge Dr. Z\u00e1mbori J\u00e1nos n\u0151gy\u00f3gy\u00e1sz f\u0151orvos volt. 1938. m\u00e1jus 4-\u00e9n sz\u00fcletett Nagyk\u00f6r\u0171ben, egy Szolnok megyei kis faluban, amelyet manaps\u00e1g Magyarorsz\u00e1g csereszny\u00e9skertj\u00e9nek neveznek. \u00c9desapja jegyz\u0151, \u00e9desanyja tan\u00edt\u00f3n\u0151. 1941-ben kit\u00f6rt Magyarorsz\u00e1gon is a II. vil\u00e1gh\u00e1bor\u00fa, melyet a csal\u00e1d Gy\u0151rben, egy nagyn\u00e9nin\u00e9l v\u00e9szelt \u00e1t.\" class=\"yoast-seo-meta-tag\" \/>\n<meta property=\"og:url\" content=\"https:\/\/dorogimedence.hu\/index.php\/2018\/01\/17\/nogyogyasz-foorvos-volt-az-esztergomi-konyvtar-vendege\/\" class=\"yoast-seo-meta-tag\" \/>\n<meta property=\"og:site_name\" content=\"Dorogi-medence Region\u00e1lis H\u00edrport\u00e1l\" class=\"yoast-seo-meta-tag\" \/>\n<meta property=\"article:publisher\" content=\"https:\/\/www.facebook.com\/dorogimedence\/\" class=\"yoast-seo-meta-tag\" \/>\n<meta property=\"article:published_time\" content=\"2018-01-17T06:01:30+00:00\" class=\"yoast-seo-meta-tag\" \/>\n<meta property=\"og:image\" content=\"https:\/\/i0.wp.com\/dorogimedence.hu\/wp-content\/uploads\/2018\/01\/zambori-01.jpg?fit=670%2C365&ssl=1\" class=\"yoast-seo-meta-tag\" \/>\n\t<meta property=\"og:image:width\" content=\"670\" class=\"yoast-seo-meta-tag\" \/>\n\t<meta property=\"og:image:height\" content=\"365\" class=\"yoast-seo-meta-tag\" \/>\n\t<meta property=\"og:image:type\" content=\"image\/jpeg\" class=\"yoast-seo-meta-tag\" \/>\n<meta name=\"author\" content=\"dorogimedence.hu\" class=\"yoast-seo-meta-tag\" \/>\n<meta name=\"twitter:card\" content=\"summary_large_image\" class=\"yoast-seo-meta-tag\" \/>\n<meta name=\"twitter:label1\" content=\"Szerz\u0151:\" class=\"yoast-seo-meta-tag\" \/>\n\t<meta name=\"twitter:data1\" content=\"dorogimedence.hu\" class=\"yoast-seo-meta-tag\" \/>\n\t<meta name=\"twitter:label2\" content=\"Becs\u00fclt olvas\u00e1si id\u0151\" class=\"yoast-seo-meta-tag\" \/>\n\t<meta name=\"twitter:data2\" content=\"3 perc\" class=\"yoast-seo-meta-tag\" \/>\n<script type=\"application\/ld+json\" class=\"yoast-schema-graph\">{\"@context\":\"https:\\\/\\\/schema.org\",\"@graph\":[{\"@type\":\"Article\",\"@id\":\"https:\\\/\\\/dorogimedence.hu\\\/index.php\\\/2018\\\/01\\\/17\\\/nogyogyasz-foorvos-volt-az-esztergomi-konyvtar-vendege\\\/#article\",\"isPartOf\":{\"@id\":\"https:\\\/\\\/dorogimedence.hu\\\/index.php\\\/2018\\\/01\\\/17\\\/nogyogyasz-foorvos-volt-az-esztergomi-konyvtar-vendege\\\/\"},\"author\":{\"name\":\"dorogimedence.hu\",\"@id\":\"https:\\\/\\\/dorogimedence.hu\\\/#\\\/schema\\\/person\\\/ce6091eeb7e95ecdc87890d6aa8e0fd4\"},\"headline\":\"N\u0151gy\u00f3gy\u00e1sz f\u0151orvos volt az esztergomi k\u00f6nyvt\u00e1r vend\u00e9ge\",\"datePublished\":\"2018-01-17T06:01:30+00:00\",\"mainEntityOfPage\":{\"@id\":\"https:\\\/\\\/dorogimedence.hu\\\/index.php\\\/2018\\\/01\\\/17\\\/nogyogyasz-foorvos-volt-az-esztergomi-konyvtar-vendege\\\/\"},\"wordCount\":629,\"publisher\":{\"@id\":\"https:\\\/\\\/dorogimedence.hu\\\/#organization\"},\"image\":{\"@id\":\"https:\\\/\\\/dorogimedence.hu\\\/index.php\\\/2018\\\/01\\\/17\\\/nogyogyasz-foorvos-volt-az-esztergomi-konyvtar-vendege\\\/#primaryimage\"},\"thumbnailUrl\":\"https:\\\/\\\/dorogimedence.hu\\\/wp-content\\\/uploads\\\/2018\\\/01\\\/zambori-01.jpg\",\"keywords\":[\"Dr. Z\u00e1mbori J\u00e1nos\",\"esztergom\",\"f\u0151orvos\",\"k\u00f6nyvt\u00e1r\",\"K\u00f6zt\u00fcnk \u00e9lnek\"],\"articleSection\":[\"Esztergom\",\"H\u00edrek\"],\"inLanguage\":\"hu\"},{\"@type\":\"WebPage\",\"@id\":\"https:\\\/\\\/dorogimedence.hu\\\/index.php\\\/2018\\\/01\\\/17\\\/nogyogyasz-foorvos-volt-az-esztergomi-konyvtar-vendege\\\/\",\"url\":\"https:\\\/\\\/dorogimedence.hu\\\/index.php\\\/2018\\\/01\\\/17\\\/nogyogyasz-foorvos-volt-az-esztergomi-konyvtar-vendege\\\/\",\"name\":\"N\u0151gy\u00f3gy\u00e1sz f\u0151orvos volt az esztergomi k\u00f6nyvt\u00e1r vend\u00e9ge\",\"isPartOf\":{\"@id\":\"https:\\\/\\\/dorogimedence.hu\\\/#website\"},\"primaryImageOfPage\":{\"@id\":\"https:\\\/\\\/dorogimedence.hu\\\/index.php\\\/2018\\\/01\\\/17\\\/nogyogyasz-foorvos-volt-az-esztergomi-konyvtar-vendege\\\/#primaryimage\"},\"image\":{\"@id\":\"https:\\\/\\\/dorogimedence.hu\\\/index.php\\\/2018\\\/01\\\/17\\\/nogyogyasz-foorvos-volt-az-esztergomi-konyvtar-vendege\\\/#primaryimage\"},\"thumbnailUrl\":\"https:\\\/\\\/dorogimedence.hu\\\/wp-content\\\/uploads\\\/2018\\\/01\\\/zambori-01.jpg\",\"datePublished\":\"2018-01-17T06:01:30+00:00\",\"breadcrumb\":{\"@id\":\"https:\\\/\\\/dorogimedence.hu\\\/index.php\\\/2018\\\/01\\\/17\\\/nogyogyasz-foorvos-volt-az-esztergomi-konyvtar-vendege\\\/#breadcrumb\"},\"inLanguage\":\"hu\",\"potentialAction\":[{\"@type\":\"ReadAction\",\"target\":[\"https:\\\/\\\/dorogimedence.hu\\\/index.php\\\/2018\\\/01\\\/17\\\/nogyogyasz-foorvos-volt-az-esztergomi-konyvtar-vendege\\\/\"]}]},{\"@type\":\"ImageObject\",\"inLanguage\":\"hu\",\"@id\":\"https:\\\/\\\/dorogimedence.hu\\\/index.php\\\/2018\\\/01\\\/17\\\/nogyogyasz-foorvos-volt-az-esztergomi-konyvtar-vendege\\\/#primaryimage\",\"url\":\"https:\\\/\\\/dorogimedence.hu\\\/wp-content\\\/uploads\\\/2018\\\/01\\\/zambori-01.jpg\",\"contentUrl\":\"https:\\\/\\\/dorogimedence.hu\\\/wp-content\\\/uploads\\\/2018\\\/01\\\/zambori-01.jpg\",\"width\":670,\"height\":365},{\"@type\":\"BreadcrumbList\",\"@id\":\"https:\\\/\\\/dorogimedence.hu\\\/index.php\\\/2018\\\/01\\\/17\\\/nogyogyasz-foorvos-volt-az-esztergomi-konyvtar-vendege\\\/#breadcrumb\",\"itemListElement\":[{\"@type\":\"ListItem\",\"position\":1,\"name\":\"Kezd\u0151lap\",\"item\":\"https:\\\/\\\/dorogimedence.hu\\\/\"},{\"@type\":\"ListItem\",\"position\":2,\"name\":\"N\u0151gy\u00f3gy\u00e1sz f\u0151orvos volt az esztergomi k\u00f6nyvt\u00e1r vend\u00e9ge\"}]},{\"@type\":\"WebSite\",\"@id\":\"https:\\\/\\\/dorogimedence.hu\\\/#website\",\"url\":\"https:\\\/\\\/dorogimedence.hu\\\/\",\"name\":\"Dorogi-medence Region\u00e1lis H\u00edrport\u00e1l\",\"description\":\"Dorog, Keszt\u00f6lc, Le\u00e1nyv\u00e1r, Piliscs\u00e9v, Tokod, Tokodalt\u00e1r\u00f3, Csolnok, Esztergom-kertv\u00e1ros: h\u00edrek, programok\",\"publisher\":{\"@id\":\"https:\\\/\\\/dorogimedence.hu\\\/#organization\"},\"potentialAction\":[{\"@type\":\"SearchAction\",\"target\":{\"@type\":\"EntryPoint\",\"urlTemplate\":\"https:\\\/\\\/dorogimedence.hu\\\/?s={search_term_string}\"},\"query-input\":{\"@type\":\"PropertyValueSpecification\",\"valueRequired\":true,\"valueName\":\"search_term_string\"}}],\"inLanguage\":\"hu\"},{\"@type\":\"Organization\",\"@id\":\"https:\\\/\\\/dorogimedence.hu\\\/#organization\",\"name\":\"Dorogi-medence Region\u00e1lis H\u00edrport\u00e1l\",\"url\":\"https:\\\/\\\/dorogimedence.hu\\\/\",\"logo\":{\"@type\":\"ImageObject\",\"inLanguage\":\"hu\",\"@id\":\"https:\\\/\\\/dorogimedence.hu\\\/#\\\/schema\\\/logo\\\/image\\\/\",\"url\":\"https:\\\/\\\/dorogimedence.hu\\\/wp-content\\\/uploads\\\/2021\\\/04\\\/logo-feher-600.png\",\"contentUrl\":\"https:\\\/\\\/dorogimedence.hu\\\/wp-content\\\/uploads\\\/2021\\\/04\\\/logo-feher-600.png\",\"width\":600,\"height\":100,\"caption\":\"Dorogi-medence Region\u00e1lis H\u00edrport\u00e1l\"},\"image\":{\"@id\":\"https:\\\/\\\/dorogimedence.hu\\\/#\\\/schema\\\/logo\\\/image\\\/\"},\"sameAs\":[\"https:\\\/\\\/www.facebook.com\\\/dorogimedence\\\/\"]},{\"@type\":\"Person\",\"@id\":\"https:\\\/\\\/dorogimedence.hu\\\/#\\\/schema\\\/person\\\/ce6091eeb7e95ecdc87890d6aa8e0fd4\",\"name\":\"dorogimedence.hu\",\"image\":{\"@type\":\"ImageObject\",\"inLanguage\":\"hu\",\"@id\":\"\\\/\\\/www.gravatar.com\\\/avatar\\\/d8d45f8901aadff40a4af72c0b826f1d?s=96&#038;r=g&#038;d=mm\",\"url\":\"\\\/\\\/www.gravatar.com\\\/avatar\\\/d8d45f8901aadff40a4af72c0b826f1d?s=96&#038;r=g&#038;d=mm\",\"contentUrl\":\"\\\/\\\/www.gravatar.com\\\/avatar\\\/d8d45f8901aadff40a4af72c0b826f1d?s=96&#038;r=g&#038;d=mm\",\"caption\":\"dorogimedence.hu\"}}]}<\/script>\n<!-- \/ Yoast SEO plugin. -->","yoast_head_json":{"title":"N\u0151gy\u00f3gy\u00e1sz f\u0151orvos volt az esztergomi k\u00f6nyvt\u00e1r vend\u00e9ge","robots":{"index":"index","follow":"follow","max-snippet":"max-snippet:-1","max-image-preview":"max-image-preview:large","max-video-preview":"max-video-preview:-1"},"canonical":"https:\/\/dorogimedence.hu\/index.php\/2018\/01\/17\/nogyogyasz-foorvos-volt-az-esztergomi-konyvtar-vendege\/","og_locale":"hu_HU","og_type":"article","og_title":"N\u0151gy\u00f3gy\u00e1sz f\u0151orvos volt az esztergomi k\u00f6nyvt\u00e1r vend\u00e9ge","og_description":"Az Esztergomi Helischer J\u00f3zsef V\u00e1rosi K\u00f6nyvt\u00e1r janu\u00e1r 15-i, a K\u00f6zt\u00fcnk \u00e9lnek sorozat\u00e1nak idei els\u0151 vend\u00e9ge Dr. Z\u00e1mbori J\u00e1nos n\u0151gy\u00f3gy\u00e1sz f\u0151orvos volt. 1938. m\u00e1jus 4-\u00e9n sz\u00fcletett Nagyk\u00f6r\u0171ben, egy Szolnok megyei kis faluban, amelyet manaps\u00e1g Magyarorsz\u00e1g csereszny\u00e9skertj\u00e9nek neveznek. \u00c9desapja jegyz\u0151, \u00e9desanyja tan\u00edt\u00f3n\u0151. 1941-ben kit\u00f6rt Magyarorsz\u00e1gon is a II. vil\u00e1gh\u00e1bor\u00fa, melyet a csal\u00e1d Gy\u0151rben, egy nagyn\u00e9nin\u00e9l v\u00e9szelt \u00e1t.","og_url":"https:\/\/dorogimedence.hu\/index.php\/2018\/01\/17\/nogyogyasz-foorvos-volt-az-esztergomi-konyvtar-vendege\/","og_site_name":"Dorogi-medence Region\u00e1lis H\u00edrport\u00e1l","article_publisher":"https:\/\/www.facebook.com\/dorogimedence\/","article_published_time":"2018-01-17T06:01:30+00:00","og_image":[{"width":670,"height":365,"url":"https:\/\/i0.wp.com\/dorogimedence.hu\/wp-content\/uploads\/2018\/01\/zambori-01.jpg?fit=670%2C365&ssl=1","type":"image\/jpeg"}],"author":"dorogimedence.hu","twitter_card":"summary_large_image","twitter_misc":{"Szerz\u0151:":"dorogimedence.hu","Becs\u00fclt olvas\u00e1si id\u0151":"3 perc"},"schema":{"@context":"https:\/\/schema.org","@graph":[{"@type":"Article","@id":"https:\/\/dorogimedence.hu\/index.php\/2018\/01\/17\/nogyogyasz-foorvos-volt-az-esztergomi-konyvtar-vendege\/#article","isPartOf":{"@id":"https:\/\/dorogimedence.hu\/index.php\/2018\/01\/17\/nogyogyasz-foorvos-volt-az-esztergomi-konyvtar-vendege\/"},"author":{"name":"dorogimedence.hu","@id":"https:\/\/dorogimedence.hu\/#\/schema\/person\/ce6091eeb7e95ecdc87890d6aa8e0fd4"},"headline":"N\u0151gy\u00f3gy\u00e1sz f\u0151orvos volt az esztergomi k\u00f6nyvt\u00e1r vend\u00e9ge","datePublished":"2018-01-17T06:01:30+00:00","mainEntityOfPage":{"@id":"https:\/\/dorogimedence.hu\/index.php\/2018\/01\/17\/nogyogyasz-foorvos-volt-az-esztergomi-konyvtar-vendege\/"},"wordCount":629,"publisher":{"@id":"https:\/\/dorogimedence.hu\/#organization"},"image":{"@id":"https:\/\/dorogimedence.hu\/index.php\/2018\/01\/17\/nogyogyasz-foorvos-volt-az-esztergomi-konyvtar-vendege\/#primaryimage"},"thumbnailUrl":"https:\/\/dorogimedence.hu\/wp-content\/uploads\/2018\/01\/zambori-01.jpg","keywords":["Dr. Z\u00e1mbori J\u00e1nos","esztergom","f\u0151orvos","k\u00f6nyvt\u00e1r","K\u00f6zt\u00fcnk \u00e9lnek"],"articleSection":["Esztergom","H\u00edrek"],"inLanguage":"hu"},{"@type":"WebPage","@id":"https:\/\/dorogimedence.hu\/index.php\/2018\/01\/17\/nogyogyasz-foorvos-volt-az-esztergomi-konyvtar-vendege\/","url":"https:\/\/dorogimedence.hu\/index.php\/2018\/01\/17\/nogyogyasz-foorvos-volt-az-esztergomi-konyvtar-vendege\/","name":"N\u0151gy\u00f3gy\u00e1sz f\u0151orvos volt az esztergomi k\u00f6nyvt\u00e1r vend\u00e9ge","isPartOf":{"@id":"https:\/\/dorogimedence.hu\/#website"},"primaryImageOfPage":{"@id":"https:\/\/dorogimedence.hu\/index.php\/2018\/01\/17\/nogyogyasz-foorvos-volt-az-esztergomi-konyvtar-vendege\/#primaryimage"},"image":{"@id":"https:\/\/dorogimedence.hu\/index.php\/2018\/01\/17\/nogyogyasz-foorvos-volt-az-esztergomi-konyvtar-vendege\/#primaryimage"},"thumbnailUrl":"https:\/\/dorogimedence.hu\/wp-content\/uploads\/2018\/01\/zambori-01.jpg","datePublished":"2018-01-17T06:01:30+00:00","breadcrumb":{"@id":"https:\/\/dorogimedence.hu\/index.php\/2018\/01\/17\/nogyogyasz-foorvos-volt-az-esztergomi-konyvtar-vendege\/#breadcrumb"},"inLanguage":"hu","potentialAction":[{"@type":"ReadAction","target":["https:\/\/dorogimedence.hu\/index.php\/2018\/01\/17\/nogyogyasz-foorvos-volt-az-esztergomi-konyvtar-vendege\/"]}]},{"@type":"ImageObject","inLanguage":"hu","@id":"https:\/\/dorogimedence.hu\/index.php\/2018\/01\/17\/nogyogyasz-foorvos-volt-az-esztergomi-konyvtar-vendege\/#primaryimage","url":"https:\/\/dorogimedence.hu\/wp-content\/uploads\/2018\/01\/zambori-01.jpg","contentUrl":"https:\/\/dorogimedence.hu\/wp-content\/uploads\/2018\/01\/zambori-01.jpg","width":670,"height":365},{"@type":"BreadcrumbList","@id":"https:\/\/dorogimedence.hu\/index.php\/2018\/01\/17\/nogyogyasz-foorvos-volt-az-esztergomi-konyvtar-vendege\/#breadcrumb","itemListElement":[{"@type":"ListItem","position":1,"name":"Kezd\u0151lap","item":"https:\/\/dorogimedence.hu\/"},{"@type":"ListItem","position":2,"name":"N\u0151gy\u00f3gy\u00e1sz f\u0151orvos volt az esztergomi k\u00f6nyvt\u00e1r vend\u00e9ge"}]},{"@type":"WebSite","@id":"https:\/\/dorogimedence.hu\/#website","url":"https:\/\/dorogimedence.hu\/","name":"Dorogi-medence Region\u00e1lis H\u00edrport\u00e1l","description":"Dorog, Keszt\u00f6lc, Le\u00e1nyv\u00e1r, Piliscs\u00e9v, Tokod, Tokodalt\u00e1r\u00f3, Csolnok, Esztergom-kertv\u00e1ros: h\u00edrek, programok","publisher":{"@id":"https:\/\/dorogimedence.hu\/#organization"},"potentialAction":[{"@type":"SearchAction","target":{"@type":"EntryPoint","urlTemplate":"https:\/\/dorogimedence.hu\/?s={search_term_string}"},"query-input":{"@type":"PropertyValueSpecification","valueRequired":true,"valueName":"search_term_string"}}],"inLanguage":"hu"},{"@type":"Organization","@id":"https:\/\/dorogimedence.hu\/#organization","name":"Dorogi-medence Region\u00e1lis H\u00edrport\u00e1l","url":"https:\/\/dorogimedence.hu\/","logo":{"@type":"ImageObject","inLanguage":"hu","@id":"https:\/\/dorogimedence.hu\/#\/schema\/logo\/image\/","url":"https:\/\/dorogimedence.hu\/wp-content\/uploads\/2021\/04\/logo-feher-600.png","contentUrl":"https:\/\/dorogimedence.hu\/wp-content\/uploads\/2021\/04\/logo-feher-600.png","width":600,"height":100,"caption":"Dorogi-medence Region\u00e1lis H\u00edrport\u00e1l"},"image":{"@id":"https:\/\/dorogimedence.hu\/#\/schema\/logo\/image\/"},"sameAs":["https:\/\/www.facebook.com\/dorogimedence\/"]},{"@type":"Person","@id":"https:\/\/dorogimedence.hu\/#\/schema\/person\/ce6091eeb7e95ecdc87890d6aa8e0fd4","name":"dorogimedence.hu","image":{"@type":"ImageObject","inLanguage":"hu","@id":"\/\/www.gravatar.com\/avatar\/d8d45f8901aadff40a4af72c0b826f1d?s=96&#038;r=g&#038;d=mm","url":"\/\/www.gravatar.com\/avatar\/d8d45f8901aadff40a4af72c0b826f1d?s=96&#038;r=g&#038;d=mm","contentUrl":"\/\/www.gravatar.com\/avatar\/d8d45f8901aadff40a4af72c0b826f1d?s=96&#038;r=g&#038;d=mm","caption":"dorogimedence.hu"}}]}},"_links":{"self":[{"href":"https:\/\/dorogimedence.hu\/index.php\/wp-json\/wp\/v2\/posts\/7782","targetHints":{"allow":["GET"]}}],"collection":[{"href":"https:\/\/dorogimedence.hu\/index.php\/wp-json\/wp\/v2\/posts"}],"about":[{"href":"https:\/\/dorogimedence.hu\/index.php\/wp-json\/wp\/v2\/types\/post"}],"author":[{"embeddable":true,"href":"https:\/\/dorogimedence.hu\/index.php\/wp-json\/wp\/v2\/users\/1"}],"replies":[{"embeddable":true,"href":"https:\/\/dorogimedence.hu\/index.php\/wp-json\/wp\/v2\/comments?post=7782"}],"version-history":[{"count":0,"href":"https:\/\/dorogimedence.hu\/index.php\/wp-json\/wp\/v2\/posts\/7782\/revisions"}],"wp:featuredmedia":[{"embeddable":true,"href":"https:\/\/dorogimedence.hu\/index.php\/wp-json\/wp\/v2\/media\/7783"}],"wp:attachment":[{"href":"https:\/\/dorogimedence.hu\/index.php\/wp-json\/wp\/v2\/media?parent=7782"}],"wp:term":[{"taxonomy":"category","embeddable":true,"href":"https:\/\/dorogimedence.hu\/index.php\/wp-json\/wp\/v2\/categories?post=7782"},{"taxonomy":"post_tag","embeddable":true,"href":"https:\/\/dorogimedence.hu\/index.php\/wp-json\/wp\/v2\/tags?post=7782"}],"curies":[{"name":"wp","href":"https:\/\/api.w.org\/{rel}","templated":true}]}}