{"id":77580,"date":"2026-02-06T10:10:40","date_gmt":"2026-02-06T09:10:40","guid":{"rendered":"https:\/\/dorogimedence.hu\/?p=77580"},"modified":"2026-02-06T10:10:40","modified_gmt":"2026-02-06T09:10:40","slug":"elsosegelytanfolyam-esztergomban-a-reszvetellel-a-mentoket-is-tamogatod","status":"publish","type":"post","link":"https:\/\/dorogimedence.hu\/index.php\/2026\/02\/06\/elsosegelytanfolyam-esztergomban-a-reszvetellel-a-mentoket-is-tamogatod\/","title":{"rendered":"Els\u0151seg\u00e9lytanfolyam Esztergomban \u2013 a r\u00e9szv\u00e9tellel a ment\u0151ket is t\u00e1mogatod"},"content":{"rendered":"<p><strong>Nemcsak a sikeres vizsg\u00e1hoz, hanem a helyi ment\u0151k munk\u00e1j\u00e1hoz is hozz\u00e1j\u00e1rulhat, aki az Esztergom-Dorog Ment\u0151 Alap\u00edtv\u00e1ny els\u0151seg\u00e9ly-oktat\u00e1s\u00e1n vesz r\u00e9szt.<\/strong><\/p>\n<p>Az alap\u00edtv\u00e1ny folytatja k\u00f6z\u00fati els\u0151seg\u00e9ly tanfolyamait, amelyeket els\u0151sorban jogos\u00edtv\u00e1nyt szerz\u0151knek aj\u00e1nlanak, ugyanakkor b\u00e1rki jelentkezhet, aki szeretn\u00e9 felfriss\u00edteni vagy b\u0151v\u00edteni tud\u00e1s\u00e1t az \u00e9letment\u0151 beavatkoz\u00e1sokr\u00f3l.<\/p>\n<p>A k\u00e9pz\u00e9s k\u00fcl\u00f6nlegess\u00e9ge, hogy a tanfolyam d\u00edja k\u00f6zvetlen\u00fcl az alap\u00edtv\u00e1ny munk\u00e1j\u00e1t t\u00e1mogatja, \u00edgy a r\u00e9sztvev\u0151k egyszerre k\u00e9sz\u00fclhetnek fel a vizsg\u00e1ra \u00e9s seg\u00edthetik az esztergomi, dorogi \u00e9s nyerges\u00fajfalui ment\u0151k mindennapi tev\u00e9kenys\u00e9g\u00e9t.<\/p>\n<p><strong>A szervez\u0151k <a href=\"https:\/\/www.facebook.com\/permalink.php?story_fbid=pfbid02qRipXAyJRa81F7EsidaTRp4RZ8Ch3tQKQYcML2aq3kvArUJRz22VD5vMehpg9QhJl&amp;id=100054684583097\" target=\"_blank\" rel=\"noopener\"><span style=\"text-decoration: underline; color: #0000ff;\">t\u00e1j\u00e9koztat\u00e1sa<\/span><\/a> szerint:<\/strong><br \/>\n\u2013 a tanfolyam d\u00edja 15.000 forint<br \/>\n\u2013 jelentkezni e-mailben lehet az edomaoktatas@gmail.com c\u00edmen<br \/>\n\u2013 a jelentkez\u00e9seket visszaigazolj\u00e1k<br \/>\n\u2013 sikertelen vizsga eset\u00e9n a k\u00e9pz\u00e9s t\u00e9r\u00edt\u00e9smentesen megism\u00e9telhet\u0151<\/p>\n<p>A k\u00f6vetkez\u0151 alkalom 2026. febru\u00e1r 9-\u00e9n, h\u00e9tf\u0151n 15 \u00f3rakor lesz. Helysz\u00edn: Esztergom M\u0171vel\u0151d\u00e9si H\u00e1z.<\/p>\n<p>Az alap\u00edtv\u00e1ny c\u00e9lja, hogy min\u00e9l t\u00f6bben magabiztosan tudjanak seg\u00edts\u00e9get ny\u00fajtani v\u00e9szhelyzetben, mik\u00f6zben a r\u00e9szv\u00e9tellel a t\u00e9rs\u00e9g ment\u0151szolg\u00e1lat\u00e1nak munk\u00e1j\u00e1t is t\u00e1mogatj\u00e1k.<\/p>\n<p>Egy tanfolyam, amellyel nemcsak tud\u00e1st, hanem val\u00f3di seg\u00edts\u00e9get is adhatsz.<\/p>\n<p><em>Bor\u00edt\u00f3k\u00e9p, forr\u00e1s: Esztergom-Dorog Ment\u0151 Alap\u00edtv\u00e1ny<\/em><\/p>\n","protected":false},"excerpt":{"rendered":"<p>Nemcsak a sikeres vizsg\u00e1hoz, hanem a helyi ment\u0151k munk\u00e1j\u00e1hoz is hozz\u00e1j\u00e1rulhat, aki az Esztergom-Dorog Ment\u0151 Alap\u00edtv\u00e1ny els\u0151seg\u00e9ly-oktat\u00e1s\u00e1n vesz r\u00e9szt. Az alap\u00edtv\u00e1ny folytatja k\u00f6z\u00fati els\u0151seg\u00e9ly tanfolyamait, amelyeket els\u0151sorban jogos\u00edtv\u00e1nyt szerz\u0151knek aj\u00e1nlanak, ugyanakkor b\u00e1rki jelentkezhet, aki szeretn\u00e9 felfriss\u00edteni vagy b\u0151v\u00edteni tud\u00e1s\u00e1t az \u00e9letment\u0151 beavatkoz\u00e1sokr\u00f3l. A k\u00e9pz\u00e9s k\u00fcl\u00f6nlegess\u00e9ge, hogy a tanfolyam d\u00edja k\u00f6zvetlen\u00fcl az alap\u00edtv\u00e1ny munk\u00e1j\u00e1t t\u00e1mogatja, \u00edgy<\/p>\n","protected":false},"author":1,"featured_media":77581,"comment_status":"closed","ping_status":"closed","sticky":false,"template":"","format":"standard","meta":{"ngg_post_thumbnail":0,"footnotes":""},"categories":[2,38,3],"tags":[15,3627,42,6046],"class_list":{"0":"post-77580","1":"post","2":"type-post","3":"status-publish","4":"format-standard","5":"has-post-thumbnail","7":"category-dorog","8":"category-esztergom","9":"category-hirek","10":"tag-dorog","11":"tag-elsosegely-tanfolyam","12":"tag-esztergom","13":"tag-esztergom-dorog-mento-alapitvany"},"yoast_head":"<!-- This site is optimized with the Yoast SEO plugin v27.5 - https:\/\/yoast.com\/product\/yoast-seo-wordpress\/ -->\n<title>Els\u0151seg\u00e9lytanfolyam Esztergomban \u2013 a r\u00e9szv\u00e9tellel a ment\u0151ket is t\u00e1mogatod<\/title>\n<meta name=\"robots\" content=\"index, follow, max-snippet:-1, max-image-preview:large, max-video-preview:-1\" \/>\n<link rel=\"canonical\" href=\"https:\/\/dorogimedence.hu\/index.php\/2026\/02\/06\/elsosegelytanfolyam-esztergomban-a-reszvetellel-a-mentoket-is-tamogatod\/\" class=\"yoast-seo-meta-tag\" \/>\n<meta property=\"og:locale\" content=\"hu_HU\" class=\"yoast-seo-meta-tag\" \/>\n<meta property=\"og:type\" content=\"article\" class=\"yoast-seo-meta-tag\" \/>\n<meta property=\"og:title\" content=\"Els\u0151seg\u00e9lytanfolyam Esztergomban \u2013 a r\u00e9szv\u00e9tellel a ment\u0151ket is t\u00e1mogatod\" class=\"yoast-seo-meta-tag\" \/>\n<meta property=\"og:description\" content=\"Nemcsak a sikeres vizsg\u00e1hoz, hanem a helyi ment\u0151k munk\u00e1j\u00e1hoz is hozz\u00e1j\u00e1rulhat, aki az Esztergom-Dorog Ment\u0151 Alap\u00edtv\u00e1ny els\u0151seg\u00e9ly-oktat\u00e1s\u00e1n vesz r\u00e9szt. Az alap\u00edtv\u00e1ny folytatja k\u00f6z\u00fati els\u0151seg\u00e9ly tanfolyamait, amelyeket els\u0151sorban jogos\u00edtv\u00e1nyt szerz\u0151knek aj\u00e1nlanak, ugyanakkor b\u00e1rki jelentkezhet, aki szeretn\u00e9 felfriss\u00edteni vagy b\u0151v\u00edteni tud\u00e1s\u00e1t az \u00e9letment\u0151 beavatkoz\u00e1sokr\u00f3l. A k\u00e9pz\u00e9s k\u00fcl\u00f6nlegess\u00e9ge, hogy a tanfolyam d\u00edja k\u00f6zvetlen\u00fcl az alap\u00edtv\u00e1ny munk\u00e1j\u00e1t t\u00e1mogatja, \u00edgy\" class=\"yoast-seo-meta-tag\" \/>\n<meta property=\"og:url\" content=\"https:\/\/dorogimedence.hu\/index.php\/2026\/02\/06\/elsosegelytanfolyam-esztergomban-a-reszvetellel-a-mentoket-is-tamogatod\/\" class=\"yoast-seo-meta-tag\" \/>\n<meta property=\"og:site_name\" content=\"Dorogi-medence Region\u00e1lis H\u00edrport\u00e1l\" class=\"yoast-seo-meta-tag\" \/>\n<meta property=\"article:publisher\" content=\"https:\/\/www.facebook.com\/dorogimedence\/\" class=\"yoast-seo-meta-tag\" \/>\n<meta property=\"article:published_time\" content=\"2026-02-06T09:10:40+00:00\" class=\"yoast-seo-meta-tag\" \/>\n<meta property=\"og:image\" content=\"https:\/\/dorogimedence.hu\/wp-content\/uploads\/2026\/02\/mentok.jpg\" class=\"yoast-seo-meta-tag\" \/>\n\t<meta property=\"og:image:width\" content=\"1920\" class=\"yoast-seo-meta-tag\" \/>\n\t<meta property=\"og:image:height\" content=\"970\" class=\"yoast-seo-meta-tag\" \/>\n\t<meta property=\"og:image:type\" content=\"image\/jpeg\" class=\"yoast-seo-meta-tag\" \/>\n<meta name=\"author\" content=\"dorogimedence.hu\" class=\"yoast-seo-meta-tag\" \/>\n<meta name=\"twitter:card\" content=\"summary_large_image\" class=\"yoast-seo-meta-tag\" \/>\n<meta name=\"twitter:label1\" content=\"Szerz\u0151:\" class=\"yoast-seo-meta-tag\" \/>\n\t<meta name=\"twitter:data1\" content=\"dorogimedence.hu\" class=\"yoast-seo-meta-tag\" \/>\n\t<meta name=\"twitter:label2\" content=\"Becs\u00fclt olvas\u00e1si id\u0151\" class=\"yoast-seo-meta-tag\" \/>\n\t<meta name=\"twitter:data2\" content=\"1 perc\" class=\"yoast-seo-meta-tag\" \/>\n<script type=\"application\/ld+json\" class=\"yoast-schema-graph\">{\"@context\":\"https:\\\/\\\/schema.org\",\"@graph\":[{\"@type\":\"Article\",\"@id\":\"https:\\\/\\\/dorogimedence.hu\\\/index.php\\\/2026\\\/02\\\/06\\\/elsosegelytanfolyam-esztergomban-a-reszvetellel-a-mentoket-is-tamogatod\\\/#article\",\"isPartOf\":{\"@id\":\"https:\\\/\\\/dorogimedence.hu\\\/index.php\\\/2026\\\/02\\\/06\\\/elsosegelytanfolyam-esztergomban-a-reszvetellel-a-mentoket-is-tamogatod\\\/\"},\"author\":{\"name\":\"dorogimedence.hu\",\"@id\":\"https:\\\/\\\/dorogimedence.hu\\\/#\\\/schema\\\/person\\\/ce6091eeb7e95ecdc87890d6aa8e0fd4\"},\"headline\":\"Els\u0151seg\u00e9lytanfolyam Esztergomban \u2013 a r\u00e9szv\u00e9tellel a ment\u0151ket is t\u00e1mogatod\",\"datePublished\":\"2026-02-06T09:10:40+00:00\",\"mainEntityOfPage\":{\"@id\":\"https:\\\/\\\/dorogimedence.hu\\\/index.php\\\/2026\\\/02\\\/06\\\/elsosegelytanfolyam-esztergomban-a-reszvetellel-a-mentoket-is-tamogatod\\\/\"},\"wordCount\":271,\"publisher\":{\"@id\":\"https:\\\/\\\/dorogimedence.hu\\\/#organization\"},\"image\":{\"@id\":\"https:\\\/\\\/dorogimedence.hu\\\/index.php\\\/2026\\\/02\\\/06\\\/elsosegelytanfolyam-esztergomban-a-reszvetellel-a-mentoket-is-tamogatod\\\/#primaryimage\"},\"thumbnailUrl\":\"https:\\\/\\\/dorogimedence.hu\\\/wp-content\\\/uploads\\\/2026\\\/02\\\/mentok.jpg\",\"keywords\":[\"Dorog\",\"els\u0151seg\u00e9ly tanfolyam\",\"esztergom\",\"Esztergom-Dorog Ment\u0151 Alap\u00edtv\u00e1ny\"],\"articleSection\":[\"Dorog\",\"Esztergom\",\"H\u00edrek\"],\"inLanguage\":\"hu\"},{\"@type\":\"WebPage\",\"@id\":\"https:\\\/\\\/dorogimedence.hu\\\/index.php\\\/2026\\\/02\\\/06\\\/elsosegelytanfolyam-esztergomban-a-reszvetellel-a-mentoket-is-tamogatod\\\/\",\"url\":\"https:\\\/\\\/dorogimedence.hu\\\/index.php\\\/2026\\\/02\\\/06\\\/elsosegelytanfolyam-esztergomban-a-reszvetellel-a-mentoket-is-tamogatod\\\/\",\"name\":\"Els\u0151seg\u00e9lytanfolyam Esztergomban \u2013 a r\u00e9szv\u00e9tellel a ment\u0151ket is t\u00e1mogatod\",\"isPartOf\":{\"@id\":\"https:\\\/\\\/dorogimedence.hu\\\/#website\"},\"primaryImageOfPage\":{\"@id\":\"https:\\\/\\\/dorogimedence.hu\\\/index.php\\\/2026\\\/02\\\/06\\\/elsosegelytanfolyam-esztergomban-a-reszvetellel-a-mentoket-is-tamogatod\\\/#primaryimage\"},\"image\":{\"@id\":\"https:\\\/\\\/dorogimedence.hu\\\/index.php\\\/2026\\\/02\\\/06\\\/elsosegelytanfolyam-esztergomban-a-reszvetellel-a-mentoket-is-tamogatod\\\/#primaryimage\"},\"thumbnailUrl\":\"https:\\\/\\\/dorogimedence.hu\\\/wp-content\\\/uploads\\\/2026\\\/02\\\/mentok.jpg\",\"datePublished\":\"2026-02-06T09:10:40+00:00\",\"breadcrumb\":{\"@id\":\"https:\\\/\\\/dorogimedence.hu\\\/index.php\\\/2026\\\/02\\\/06\\\/elsosegelytanfolyam-esztergomban-a-reszvetellel-a-mentoket-is-tamogatod\\\/#breadcrumb\"},\"inLanguage\":\"hu\",\"potentialAction\":[{\"@type\":\"ReadAction\",\"target\":[\"https:\\\/\\\/dorogimedence.hu\\\/index.php\\\/2026\\\/02\\\/06\\\/elsosegelytanfolyam-esztergomban-a-reszvetellel-a-mentoket-is-tamogatod\\\/\"]}]},{\"@type\":\"ImageObject\",\"inLanguage\":\"hu\",\"@id\":\"https:\\\/\\\/dorogimedence.hu\\\/index.php\\\/2026\\\/02\\\/06\\\/elsosegelytanfolyam-esztergomban-a-reszvetellel-a-mentoket-is-tamogatod\\\/#primaryimage\",\"url\":\"https:\\\/\\\/dorogimedence.hu\\\/wp-content\\\/uploads\\\/2026\\\/02\\\/mentok.jpg\",\"contentUrl\":\"https:\\\/\\\/dorogimedence.hu\\\/wp-content\\\/uploads\\\/2026\\\/02\\\/mentok.jpg\",\"width\":1920,\"height\":970},{\"@type\":\"BreadcrumbList\",\"@id\":\"https:\\\/\\\/dorogimedence.hu\\\/index.php\\\/2026\\\/02\\\/06\\\/elsosegelytanfolyam-esztergomban-a-reszvetellel-a-mentoket-is-tamogatod\\\/#breadcrumb\",\"itemListElement\":[{\"@type\":\"ListItem\",\"position\":1,\"name\":\"Kezd\u0151lap\",\"item\":\"https:\\\/\\\/dorogimedence.hu\\\/\"},{\"@type\":\"ListItem\",\"position\":2,\"name\":\"Els\u0151seg\u00e9lytanfolyam Esztergomban \u2013 a r\u00e9szv\u00e9tellel a ment\u0151ket is t\u00e1mogatod\"}]},{\"@type\":\"WebSite\",\"@id\":\"https:\\\/\\\/dorogimedence.hu\\\/#website\",\"url\":\"https:\\\/\\\/dorogimedence.hu\\\/\",\"name\":\"Dorogi-medence Region\u00e1lis H\u00edrport\u00e1l\",\"description\":\"Dorog, Keszt\u00f6lc, Le\u00e1nyv\u00e1r, Piliscs\u00e9v, Tokod, Tokodalt\u00e1r\u00f3, Csolnok, Esztergom-kertv\u00e1ros: h\u00edrek, programok\",\"publisher\":{\"@id\":\"https:\\\/\\\/dorogimedence.hu\\\/#organization\"},\"potentialAction\":[{\"@type\":\"SearchAction\",\"target\":{\"@type\":\"EntryPoint\",\"urlTemplate\":\"https:\\\/\\\/dorogimedence.hu\\\/?s={search_term_string}\"},\"query-input\":{\"@type\":\"PropertyValueSpecification\",\"valueRequired\":true,\"valueName\":\"search_term_string\"}}],\"inLanguage\":\"hu\"},{\"@type\":\"Organization\",\"@id\":\"https:\\\/\\\/dorogimedence.hu\\\/#organization\",\"name\":\"Dorogi-medence Region\u00e1lis H\u00edrport\u00e1l\",\"url\":\"https:\\\/\\\/dorogimedence.hu\\\/\",\"logo\":{\"@type\":\"ImageObject\",\"inLanguage\":\"hu\",\"@id\":\"https:\\\/\\\/dorogimedence.hu\\\/#\\\/schema\\\/logo\\\/image\\\/\",\"url\":\"https:\\\/\\\/dorogimedence.hu\\\/wp-content\\\/uploads\\\/2021\\\/04\\\/logo-feher-600.png\",\"contentUrl\":\"https:\\\/\\\/dorogimedence.hu\\\/wp-content\\\/uploads\\\/2021\\\/04\\\/logo-feher-600.png\",\"width\":600,\"height\":100,\"caption\":\"Dorogi-medence Region\u00e1lis H\u00edrport\u00e1l\"},\"image\":{\"@id\":\"https:\\\/\\\/dorogimedence.hu\\\/#\\\/schema\\\/logo\\\/image\\\/\"},\"sameAs\":[\"https:\\\/\\\/www.facebook.com\\\/dorogimedence\\\/\"]},{\"@type\":\"Person\",\"@id\":\"https:\\\/\\\/dorogimedence.hu\\\/#\\\/schema\\\/person\\\/ce6091eeb7e95ecdc87890d6aa8e0fd4\",\"name\":\"dorogimedence.hu\",\"image\":{\"@type\":\"ImageObject\",\"inLanguage\":\"hu\",\"@id\":\"\\\/\\\/www.gravatar.com\\\/avatar\\\/d8d45f8901aadff40a4af72c0b826f1d?s=96&#038;r=g&#038;d=mm\",\"url\":\"\\\/\\\/www.gravatar.com\\\/avatar\\\/d8d45f8901aadff40a4af72c0b826f1d?s=96&#038;r=g&#038;d=mm\",\"contentUrl\":\"\\\/\\\/www.gravatar.com\\\/avatar\\\/d8d45f8901aadff40a4af72c0b826f1d?s=96&#038;r=g&#038;d=mm\",\"caption\":\"dorogimedence.hu\"}}]}<\/script>\n<!-- \/ Yoast SEO plugin. -->","yoast_head_json":{"title":"Els\u0151seg\u00e9lytanfolyam Esztergomban \u2013 a r\u00e9szv\u00e9tellel a ment\u0151ket is t\u00e1mogatod","robots":{"index":"index","follow":"follow","max-snippet":"max-snippet:-1","max-image-preview":"max-image-preview:large","max-video-preview":"max-video-preview:-1"},"canonical":"https:\/\/dorogimedence.hu\/index.php\/2026\/02\/06\/elsosegelytanfolyam-esztergomban-a-reszvetellel-a-mentoket-is-tamogatod\/","og_locale":"hu_HU","og_type":"article","og_title":"Els\u0151seg\u00e9lytanfolyam Esztergomban \u2013 a r\u00e9szv\u00e9tellel a ment\u0151ket is t\u00e1mogatod","og_description":"Nemcsak a sikeres vizsg\u00e1hoz, hanem a helyi ment\u0151k munk\u00e1j\u00e1hoz is hozz\u00e1j\u00e1rulhat, aki az Esztergom-Dorog Ment\u0151 Alap\u00edtv\u00e1ny els\u0151seg\u00e9ly-oktat\u00e1s\u00e1n vesz r\u00e9szt. Az alap\u00edtv\u00e1ny folytatja k\u00f6z\u00fati els\u0151seg\u00e9ly tanfolyamait, amelyeket els\u0151sorban jogos\u00edtv\u00e1nyt szerz\u0151knek aj\u00e1nlanak, ugyanakkor b\u00e1rki jelentkezhet, aki szeretn\u00e9 felfriss\u00edteni vagy b\u0151v\u00edteni tud\u00e1s\u00e1t az \u00e9letment\u0151 beavatkoz\u00e1sokr\u00f3l. A k\u00e9pz\u00e9s k\u00fcl\u00f6nlegess\u00e9ge, hogy a tanfolyam d\u00edja k\u00f6zvetlen\u00fcl az alap\u00edtv\u00e1ny munk\u00e1j\u00e1t t\u00e1mogatja, \u00edgy","og_url":"https:\/\/dorogimedence.hu\/index.php\/2026\/02\/06\/elsosegelytanfolyam-esztergomban-a-reszvetellel-a-mentoket-is-tamogatod\/","og_site_name":"Dorogi-medence Region\u00e1lis H\u00edrport\u00e1l","article_publisher":"https:\/\/www.facebook.com\/dorogimedence\/","article_published_time":"2026-02-06T09:10:40+00:00","og_image":[{"width":1920,"height":970,"url":"https:\/\/dorogimedence.hu\/wp-content\/uploads\/2026\/02\/mentok.jpg","type":"image\/jpeg"}],"author":"dorogimedence.hu","twitter_card":"summary_large_image","twitter_misc":{"Szerz\u0151:":"dorogimedence.hu","Becs\u00fclt olvas\u00e1si id\u0151":"1 perc"},"schema":{"@context":"https:\/\/schema.org","@graph":[{"@type":"Article","@id":"https:\/\/dorogimedence.hu\/index.php\/2026\/02\/06\/elsosegelytanfolyam-esztergomban-a-reszvetellel-a-mentoket-is-tamogatod\/#article","isPartOf":{"@id":"https:\/\/dorogimedence.hu\/index.php\/2026\/02\/06\/elsosegelytanfolyam-esztergomban-a-reszvetellel-a-mentoket-is-tamogatod\/"},"author":{"name":"dorogimedence.hu","@id":"https:\/\/dorogimedence.hu\/#\/schema\/person\/ce6091eeb7e95ecdc87890d6aa8e0fd4"},"headline":"Els\u0151seg\u00e9lytanfolyam Esztergomban \u2013 a r\u00e9szv\u00e9tellel a ment\u0151ket is t\u00e1mogatod","datePublished":"2026-02-06T09:10:40+00:00","mainEntityOfPage":{"@id":"https:\/\/dorogimedence.hu\/index.php\/2026\/02\/06\/elsosegelytanfolyam-esztergomban-a-reszvetellel-a-mentoket-is-tamogatod\/"},"wordCount":271,"publisher":{"@id":"https:\/\/dorogimedence.hu\/#organization"},"image":{"@id":"https:\/\/dorogimedence.hu\/index.php\/2026\/02\/06\/elsosegelytanfolyam-esztergomban-a-reszvetellel-a-mentoket-is-tamogatod\/#primaryimage"},"thumbnailUrl":"https:\/\/dorogimedence.hu\/wp-content\/uploads\/2026\/02\/mentok.jpg","keywords":["Dorog","els\u0151seg\u00e9ly tanfolyam","esztergom","Esztergom-Dorog Ment\u0151 Alap\u00edtv\u00e1ny"],"articleSection":["Dorog","Esztergom","H\u00edrek"],"inLanguage":"hu"},{"@type":"WebPage","@id":"https:\/\/dorogimedence.hu\/index.php\/2026\/02\/06\/elsosegelytanfolyam-esztergomban-a-reszvetellel-a-mentoket-is-tamogatod\/","url":"https:\/\/dorogimedence.hu\/index.php\/2026\/02\/06\/elsosegelytanfolyam-esztergomban-a-reszvetellel-a-mentoket-is-tamogatod\/","name":"Els\u0151seg\u00e9lytanfolyam Esztergomban \u2013 a r\u00e9szv\u00e9tellel a ment\u0151ket is t\u00e1mogatod","isPartOf":{"@id":"https:\/\/dorogimedence.hu\/#website"},"primaryImageOfPage":{"@id":"https:\/\/dorogimedence.hu\/index.php\/2026\/02\/06\/elsosegelytanfolyam-esztergomban-a-reszvetellel-a-mentoket-is-tamogatod\/#primaryimage"},"image":{"@id":"https:\/\/dorogimedence.hu\/index.php\/2026\/02\/06\/elsosegelytanfolyam-esztergomban-a-reszvetellel-a-mentoket-is-tamogatod\/#primaryimage"},"thumbnailUrl":"https:\/\/dorogimedence.hu\/wp-content\/uploads\/2026\/02\/mentok.jpg","datePublished":"2026-02-06T09:10:40+00:00","breadcrumb":{"@id":"https:\/\/dorogimedence.hu\/index.php\/2026\/02\/06\/elsosegelytanfolyam-esztergomban-a-reszvetellel-a-mentoket-is-tamogatod\/#breadcrumb"},"inLanguage":"hu","potentialAction":[{"@type":"ReadAction","target":["https:\/\/dorogimedence.hu\/index.php\/2026\/02\/06\/elsosegelytanfolyam-esztergomban-a-reszvetellel-a-mentoket-is-tamogatod\/"]}]},{"@type":"ImageObject","inLanguage":"hu","@id":"https:\/\/dorogimedence.hu\/index.php\/2026\/02\/06\/elsosegelytanfolyam-esztergomban-a-reszvetellel-a-mentoket-is-tamogatod\/#primaryimage","url":"https:\/\/dorogimedence.hu\/wp-content\/uploads\/2026\/02\/mentok.jpg","contentUrl":"https:\/\/dorogimedence.hu\/wp-content\/uploads\/2026\/02\/mentok.jpg","width":1920,"height":970},{"@type":"BreadcrumbList","@id":"https:\/\/dorogimedence.hu\/index.php\/2026\/02\/06\/elsosegelytanfolyam-esztergomban-a-reszvetellel-a-mentoket-is-tamogatod\/#breadcrumb","itemListElement":[{"@type":"ListItem","position":1,"name":"Kezd\u0151lap","item":"https:\/\/dorogimedence.hu\/"},{"@type":"ListItem","position":2,"name":"Els\u0151seg\u00e9lytanfolyam Esztergomban \u2013 a r\u00e9szv\u00e9tellel a ment\u0151ket is t\u00e1mogatod"}]},{"@type":"WebSite","@id":"https:\/\/dorogimedence.hu\/#website","url":"https:\/\/dorogimedence.hu\/","name":"Dorogi-medence Region\u00e1lis H\u00edrport\u00e1l","description":"Dorog, Keszt\u00f6lc, Le\u00e1nyv\u00e1r, Piliscs\u00e9v, Tokod, Tokodalt\u00e1r\u00f3, Csolnok, Esztergom-kertv\u00e1ros: h\u00edrek, programok","publisher":{"@id":"https:\/\/dorogimedence.hu\/#organization"},"potentialAction":[{"@type":"SearchAction","target":{"@type":"EntryPoint","urlTemplate":"https:\/\/dorogimedence.hu\/?s={search_term_string}"},"query-input":{"@type":"PropertyValueSpecification","valueRequired":true,"valueName":"search_term_string"}}],"inLanguage":"hu"},{"@type":"Organization","@id":"https:\/\/dorogimedence.hu\/#organization","name":"Dorogi-medence Region\u00e1lis H\u00edrport\u00e1l","url":"https:\/\/dorogimedence.hu\/","logo":{"@type":"ImageObject","inLanguage":"hu","@id":"https:\/\/dorogimedence.hu\/#\/schema\/logo\/image\/","url":"https:\/\/dorogimedence.hu\/wp-content\/uploads\/2021\/04\/logo-feher-600.png","contentUrl":"https:\/\/dorogimedence.hu\/wp-content\/uploads\/2021\/04\/logo-feher-600.png","width":600,"height":100,"caption":"Dorogi-medence Region\u00e1lis H\u00edrport\u00e1l"},"image":{"@id":"https:\/\/dorogimedence.hu\/#\/schema\/logo\/image\/"},"sameAs":["https:\/\/www.facebook.com\/dorogimedence\/"]},{"@type":"Person","@id":"https:\/\/dorogimedence.hu\/#\/schema\/person\/ce6091eeb7e95ecdc87890d6aa8e0fd4","name":"dorogimedence.hu","image":{"@type":"ImageObject","inLanguage":"hu","@id":"\/\/www.gravatar.com\/avatar\/d8d45f8901aadff40a4af72c0b826f1d?s=96&#038;r=g&#038;d=mm","url":"\/\/www.gravatar.com\/avatar\/d8d45f8901aadff40a4af72c0b826f1d?s=96&#038;r=g&#038;d=mm","contentUrl":"\/\/www.gravatar.com\/avatar\/d8d45f8901aadff40a4af72c0b826f1d?s=96&#038;r=g&#038;d=mm","caption":"dorogimedence.hu"}}]}},"_links":{"self":[{"href":"https:\/\/dorogimedence.hu\/index.php\/wp-json\/wp\/v2\/posts\/77580","targetHints":{"allow":["GET"]}}],"collection":[{"href":"https:\/\/dorogimedence.hu\/index.php\/wp-json\/wp\/v2\/posts"}],"about":[{"href":"https:\/\/dorogimedence.hu\/index.php\/wp-json\/wp\/v2\/types\/post"}],"author":[{"embeddable":true,"href":"https:\/\/dorogimedence.hu\/index.php\/wp-json\/wp\/v2\/users\/1"}],"replies":[{"embeddable":true,"href":"https:\/\/dorogimedence.hu\/index.php\/wp-json\/wp\/v2\/comments?post=77580"}],"version-history":[{"count":0,"href":"https:\/\/dorogimedence.hu\/index.php\/wp-json\/wp\/v2\/posts\/77580\/revisions"}],"wp:featuredmedia":[{"embeddable":true,"href":"https:\/\/dorogimedence.hu\/index.php\/wp-json\/wp\/v2\/media\/77581"}],"wp:attachment":[{"href":"https:\/\/dorogimedence.hu\/index.php\/wp-json\/wp\/v2\/media?parent=77580"}],"wp:term":[{"taxonomy":"category","embeddable":true,"href":"https:\/\/dorogimedence.hu\/index.php\/wp-json\/wp\/v2\/categories?post=77580"},{"taxonomy":"post_tag","embeddable":true,"href":"https:\/\/dorogimedence.hu\/index.php\/wp-json\/wp\/v2\/tags?post=77580"}],"curies":[{"name":"wp","href":"https:\/\/api.w.org\/{rel}","templated":true}]}}