{"id":7751,"date":"2018-01-15T16:11:42","date_gmt":"2018-01-15T15:11:42","guid":{"rendered":"http:\/\/dorogimedence.hu\/?p=7751"},"modified":"2018-01-15T16:11:42","modified_gmt":"2018-01-15T15:11:42","slug":"egetes-helyett-szelektalj","status":"publish","type":"post","link":"https:\/\/dorogimedence.hu\/index.php\/2018\/01\/15\/egetes-helyett-szelektalj\/","title":{"rendered":"\u00c9get\u00e9s helyett szelekt\u00e1lj!"},"content":{"rendered":"<p><strong>A t\u00e9li id\u0151szakban Esztergomban \u00e9s k\u00f6rny\u00e9k\u00e9n is gyakran igen magas a l\u00e9gszennyezetts\u00e9g, amelynek egyik legjelent\u0151sebb forr\u00e1sa a lakoss\u00e1gi t\u00fczel\u00e9s. A helyzetet csak rontja, ha a h\u00e1ztart\u00e1sokban keletkez\u0151 hullad\u00e9kokat is el\u00e9getj\u00fck, mint ahogy teszik ezt egyre t\u00f6bben orsz\u00e1gszerte. A probl\u00e9ma fontoss\u00e1ga miatt a napokban jelent meg az esztergomi sz\u00e9khely\u0171\u00a0 V\u00e1lasz\u00faton Hagyom\u00e1ny\u0151rz\u0151 \u00e9s K\u00f6rnyezetv\u00e9d\u0151 Alap\u00edtv\u00e1ny \u00faj kiadv\u00e1nya: <em>\u00c9get\u00e9s helyett szelekt\u00e1lj!<\/em> c\u00edmmel, melyben r\u00e9szletesen ismertetik, hogy f\u0171thet\u00fcnk \u00fagy, hogy az a lehet\u0151 legkev\u00e9sb\u00e9 terhelje eg\u00e9szs\u00e9g\u00fcnket \u00e9s a k\u00f6rnyezetet. A kiadv\u00e1nyt eljuttatj\u00e1k az esztergomi csal\u00e1di h\u00e1zas \u00f6vezetekbe, \u00e9s let\u00f6lthet\u0151 az Alap\u00edtv\u00e1ny honlapj\u00e1r\u00f3l is.<\/strong><\/p>\n<p><span style=\"text-decoration: underline;\"><strong>N\u00e9gysz\u00e1zezer ember hal meg a l\u00e9gszennyez\u00e9s miatt<\/strong><\/span><\/p>\n<p>Orsz\u00e1gszerte tapasztalhat\u00f3 jelens\u00e9g napjainkban, hogy az <strong>\u0151szi \u00e9s t\u00e9li id\u0151szakban a leveg\u0151 min\u0151s\u00e9ge gyakran kifog\u00e1solhat\u00f3<\/strong>, \u00e9s a szennyez\u0151 anyagok \u00e9rt\u00e9kei naponta ak\u00e1r t\u00f6bbsz\u00f6r is meghaladhatj\u00e1k az eg\u00e9szs\u00e9g\u00fcgyi hat\u00e1r\u00e9rt\u00e9ket. Ez pedig azt jelenti, hogy ilyen id\u0151szakokban nem tan\u00e1csos a szabad leveg\u0151n tart\u00f3zkodni, hiszen a l\u00e9gszennyezetts\u00e9g magas szintje az eg\u00e9szs\u00e9gi \u00e1llapotunkra is hat\u00e1ssal van, mind r\u00f6vid, mind hossz\u00fa t\u00e1von.<\/p>\n<p>Az Eur\u00f3pai K\u00f6rnyezetv\u00e9delmi \u00dcgyn\u00f6ks\u00e9g (EEA) minden \u00e9vben kiadja azt a jelent\u00e9st, amelyb\u0151l kider\u00fcl, hogy az el\u0151z\u0151 \u00e9vben h\u00e1ny ember hal\u00e1l\u00e1t okozta a rossz leveg\u0151min\u0151s\u00e9g, az adatok enyh\u00e9n sz\u00f3lva is h\u00e1tborzongat\u00f3ak. <strong>Az Eur\u00f3pai Uni\u00f3 tag\u00e1llamaiban 2014-ben mintegy 400 ezer (!) ember halt meg az\u00e9rt id\u0151 el\u0151tt, mert rossz leveg\u0151min\u0151s\u00e9gi viszonyok k\u00f6z\u00f6tt \u00e9lt<\/strong>. <strong>Haz\u00e1nkban<\/strong> ugyanebben az \u00e9vben k\u00f6zel <strong>12.000 ember id\u0151 el\u0151tti hal\u00e1la<\/strong> k\u00f6sz\u00f6nhet\u0151 a rossz l\u00e9gszennyezetts\u00e9gi adatoknak.<\/p>\n<p>Ma m\u00e1r orsz\u00e1gos jelens\u00e9g, hogy a k\u00e9s\u0151 d\u00e9lut\u00e1ni \u00f3r\u00e1kban <strong>egyre t\u00f6bb k\u00e9m\u00e9nyb\u0151l sz\u00e1ll fel s\u00f6t\u00e9t, rendk\u00edv\u00fcl mar\u00f3 szag\u00fa f\u00fcst,<\/strong> mely arra utalhat, hogy a lakosok a h\u00e1ztart\u00e1sban keletkez\u0151 kommun\u00e1lis \u00e9s m\u00e1s jelleg\u0171 hullad\u00e9kok el\u00e9get\u00e9s\u00e9vel v\u00e1ltj\u00e1k ki a sz\u00e1mukra sokszor megfizethetetlen t\u00fczel\u0151anyagot. Szomor\u00fa t\u00e9ny, hogy nem csup\u00e1n a legszeg\u00e9nyebb r\u00e9tegekn\u00e9l tapasztalhat\u00f3 ez a jelens\u00e9g, amit tudatlans\u00e1gra vagy emberi felel\u0151tlens\u00e9gre lehet visszavezetni. Vannak olyan telep\u00fcl\u00e9sek, ahol a hullad\u00e9kkal t\u00f6rt\u00e9n\u0151 f\u0171t\u00e9s olyan m\u00e9rt\u00e9k\u0171, hogy est\u00e9nk\u00e9nt m\u00e1r nem tan\u00e1csos senkinek az utc\u00e1ra menni, hiszen mindent bebor\u00edt az \u00e1that\u00f3, fekete f\u00fcst.<\/p>\n<p><span style=\"text-decoration: underline;\"><strong>A Dorogi-medenc\u00e9ben is egyre nagyobb gond a l\u00e9gszennyez\u00e9s<\/strong><\/span><\/p>\n<p>K\u00f6zvetlen k\u00f6rnyezet\u00fcnk, Esztergom \u00e9s Dorog t\u00e9rs\u00e9ge, vagy m\u00e1s n\u00e9ven a Dorogi-medence hossz\u00fa \u00e9vtizedek \u00f3ta komoly probl\u00e9m\u00e1kkal k\u00fczd a leveg\u0151min\u0151s\u00e9g ter\u00e9n. Ennek okai a forgalmas utak (melyek \u00e9vr\u0151l-\u00e9vre egyre nagyobb forgalmat bonyol\u00edtanak) \u00e9s a k\u00f6rnyezetet terhel\u0151 ipari v\u00e1llalatok, melyek ezen a ter\u00fcleten nagyobb sz\u00e1mban tal\u00e1lhat\u00f3k, mint az orsz\u00e1g kev\u00e9sb\u00e9 iparosodott ter\u00fcletein. Ehhez a sok szempontb\u00f3l kifog\u00e1solhat\u00f3 leveg\u0151min\u0151s\u00e9ghez egyre nagyobb ar\u00e1nyban ad\u00f3dik hozz\u00e1 napjainkban a lakoss\u00e1gi t\u00fczel\u00e9s k\u00e1ros hat\u00e1sa, amelyet csak fokoz, az a m\u00e1r eml\u00edtett jelens\u00e9g, hogy egyre n\u00f6vekv\u0151 szem\u00e9thegyeinket a kaz\u00e1njainkban \u00e9s a k\u00e1lyh\u00e1inkban pr\u00f3b\u00e1ljuk meg elt\u00fcntetni.<\/p>\n<p>Pedig erre sz\u00e1mos m\u00e1s, sokkal kev\u00e9sb\u00e9 k\u00f6rnyezetterhel\u0151 m\u00f3dszer is l\u00e9tezik, amelyekkel nem vesz\u00e9lyeztetn\u00e9nk saj\u00e1t \u00e9s gyermekeink eg\u00e9szs\u00e9g\u00e9t. Ilyen a szelekt\u00edv gy\u0171jt\u00e9s \u00e9s a komposzt\u00e1l\u00e1s is.<\/p>\n<p><span style=\"text-decoration: underline;\"><strong>Kiadv\u00e1ny a tiszta t\u00fczel\u00e9s\u00e9rt<\/strong><\/span><\/p>\n<p>A kiadv\u00e1nyban r\u00e9szletesen kit\u00e9r\u00fcnk a t\u00fczel\u0151anyagok fajt\u00e1j\u00e1ra, mire figyelj\u00fcnk a t\u00fczel\u00e9s sor\u00e1n \u00e9s hogyan \u00e9rhet\u0151 el a k\u00f6rnyezetbar\u00e1t t\u00fczel\u00e9s. T\u00e9telesen felsoroljuk, hogy mit nem szabad el\u00e9getni a k\u00e1lyh\u00e1kban \u00e9s a kaz\u00e1nokban, mert azzal saj\u00e1t \u00e9s k\u00f6zvetlen k\u00f6rnyezet\u00fcnk eg\u00e9szs\u00e9g\u00e9t is vesz\u00e9lyeztetj\u00fck. Hullad\u00e9kok \u00e9get\u00e9sekor sok k\u00e1ros anyag ker\u00fcl a leveg\u0151be, mint a sz\u00e1ll\u00f3 por, a nitrog\u00e9n-oxidok, k\u00e9n-dioxid, neh\u00e9zf\u00e9mek, k\u00fcl\u00f6nb\u00f6z\u0151 m\u00e9rgez\u0151 anyagok, melyek eg\u00e9szs\u00e9g\u00fcnket k\u00f6zvetlen\u00fcl \u00e9s k\u00f6zvetetten is k\u00e1ros\u00edtj\u00e1k.<\/p>\n<p>A h\u00e1ztart\u00e1si szem\u00e9t el\u00e9get\u00e9se helyett sz\u00e1mos m\u00e1s alternat\u00edv\u00e1nk van: ahelyett, hogy el\u00e9getn\u00e9nk a hullad\u00e9kunkat, gy\u0171jthetj\u00fck azokat szelekt\u00edven, a szerves anyagokat komposzt\u00e1lhatjuk, \u00e9s a vesz\u00e9lyes hullad\u00e9kok (elem, gy\u00f3gyszerek, fest\u00e9kek, vegyszerek, stb.) kezel\u00e9s\u00e9re is l\u00e9tezik megold\u00e1s! Kiadv\u00e1nyunkban hasznos tan\u00e1csokat kaphatnak arr\u00f3l, hogyan komposzt\u00e1lhatnak vagy mit kezdjenek a h\u00e1ztart\u00e1sukban keletkez\u0151 vesz\u00e9lyes hullad\u00e9kokkal.<\/p>\n<p>A legf\u0151bb c\u00e9l persze nem ez, hanem az, hogy min\u00e9l kevesebb hullad\u00e9kot termelj\u00fcnk, \u00e9s erre \u00e9let\u00fcnk minden ter\u00fclet\u00e9n nagyobb figyelmet ford\u00edtsunk. Csak \u00edgy \u0151rizhetj\u00fck meg F\u00f6ld\u00fcnket unok\u00e1ink \u00e9s d\u00e9dunok\u00e1ink sz\u00e1m\u00e1ra, hogy \u0151k is \u00e9lvezhess\u00e9k mindazokat a javakat, amelyeket mi is nagyap\u00e1inkt\u00f3l \u00f6r\u00f6k\u00f6lt\u00fcnk.<\/p>\n<p><em><strong>Zubor Kata<\/strong><\/em><br \/>\n<em><strong>V\u00e1lasz\u00faton Hagyom\u00e1ny\u0151rz\u0151 \u00e9s K\u00f6rnyezetv\u00e9d\u0151 Alap\u00edtv\u00e1ny<\/strong><\/em><br \/>\n<span style=\"text-decoration: underline; color: #0000ff;\"><em><strong><a style=\"color: #0000ff; text-decoration: underline;\" href=\"http:\/\/www.valaszuton.hu\" target=\"_blank\" rel=\"noopener\">www.valaszuton.hu<br \/>\n<\/a><\/strong><\/em><a style=\"color: #0000ff;\" href=\"http:\/\/www.legszennyezes.hu\"><em><strong>www.legszennyezes.hu<\/strong><\/em><\/a><\/span><\/p>\n","protected":false},"excerpt":{"rendered":"<p>A t\u00e9li id\u0151szakban Esztergomban \u00e9s k\u00f6rny\u00e9k\u00e9n is gyakran igen magas a l\u00e9gszennyezetts\u00e9g, amelynek egyik legjelent\u0151sebb forr\u00e1sa a lakoss\u00e1gi t\u00fczel\u00e9s. A helyzetet csak rontja, ha a h\u00e1ztart\u00e1sokban keletkez\u0151 hullad\u00e9kokat is el\u00e9getj\u00fck, mint ahogy teszik ezt egyre t\u00f6bben orsz\u00e1gszerte. A probl\u00e9ma fontoss\u00e1ga miatt a napokban jelent meg az esztergomi sz\u00e9khely\u0171\u00a0 V\u00e1lasz\u00faton Hagyom\u00e1ny\u0151rz\u0151 \u00e9s K\u00f6rnyezetv\u00e9d\u0151 Alap\u00edtv\u00e1ny \u00faj kiadv\u00e1nya:<\/p>\n","protected":false},"author":1,"featured_media":7752,"comment_status":"closed","ping_status":"closed","sticky":false,"template":"","format":"standard","meta":{"ngg_post_thumbnail":0,"footnotes":""},"categories":[2,38,3],"tags":[15,397,370,42,2094],"class_list":{"0":"post-7751","1":"post","2":"type-post","3":"status-publish","4":"format-standard","5":"has-post-thumbnail","7":"category-dorog","8":"category-esztergom","9":"category-hirek","10":"tag-dorog","11":"tag-dorogi-medence","12":"tag-egetes","13":"tag-esztergom","14":"tag-legszennyezes"},"yoast_head":"<!-- This site is optimized with the Yoast SEO plugin v27.4 - https:\/\/yoast.com\/product\/yoast-seo-wordpress\/ -->\n<title>\u00c9get\u00e9s helyett szelekt\u00e1lj!<\/title>\n<meta name=\"robots\" content=\"index, follow, max-snippet:-1, max-image-preview:large, max-video-preview:-1\" \/>\n<link rel=\"canonical\" href=\"https:\/\/dorogimedence.hu\/index.php\/2018\/01\/15\/egetes-helyett-szelektalj\/\" class=\"yoast-seo-meta-tag\" \/>\n<meta property=\"og:locale\" content=\"hu_HU\" class=\"yoast-seo-meta-tag\" \/>\n<meta property=\"og:type\" content=\"article\" class=\"yoast-seo-meta-tag\" \/>\n<meta property=\"og:title\" content=\"\u00c9get\u00e9s helyett szelekt\u00e1lj!\" class=\"yoast-seo-meta-tag\" \/>\n<meta property=\"og:description\" content=\"A t\u00e9li id\u0151szakban Esztergomban \u00e9s k\u00f6rny\u00e9k\u00e9n is gyakran igen magas a l\u00e9gszennyezetts\u00e9g, amelynek egyik legjelent\u0151sebb forr\u00e1sa a lakoss\u00e1gi t\u00fczel\u00e9s. A helyzetet csak rontja, ha a h\u00e1ztart\u00e1sokban keletkez\u0151 hullad\u00e9kokat is el\u00e9getj\u00fck, mint ahogy teszik ezt egyre t\u00f6bben orsz\u00e1gszerte. A probl\u00e9ma fontoss\u00e1ga miatt a napokban jelent meg az esztergomi sz\u00e9khely\u0171\u00a0 V\u00e1lasz\u00faton Hagyom\u00e1ny\u0151rz\u0151 \u00e9s K\u00f6rnyezetv\u00e9d\u0151 Alap\u00edtv\u00e1ny \u00faj kiadv\u00e1nya:\" class=\"yoast-seo-meta-tag\" \/>\n<meta property=\"og:url\" content=\"https:\/\/dorogimedence.hu\/index.php\/2018\/01\/15\/egetes-helyett-szelektalj\/\" class=\"yoast-seo-meta-tag\" \/>\n<meta property=\"og:site_name\" content=\"Dorogi-medence Region\u00e1lis H\u00edrport\u00e1l\" class=\"yoast-seo-meta-tag\" \/>\n<meta property=\"article:publisher\" content=\"https:\/\/www.facebook.com\/dorogimedence\/\" class=\"yoast-seo-meta-tag\" \/>\n<meta property=\"article:published_time\" content=\"2018-01-15T15:11:42+00:00\" class=\"yoast-seo-meta-tag\" \/>\n<meta property=\"og:image\" content=\"https:\/\/i0.wp.com\/dorogimedence.hu\/wp-content\/uploads\/2018\/01\/kemeny-fust.jpg?fit=670%2C365&ssl=1\" class=\"yoast-seo-meta-tag\" \/>\n\t<meta property=\"og:image:width\" content=\"670\" class=\"yoast-seo-meta-tag\" \/>\n\t<meta property=\"og:image:height\" content=\"365\" class=\"yoast-seo-meta-tag\" \/>\n\t<meta property=\"og:image:type\" content=\"image\/jpeg\" class=\"yoast-seo-meta-tag\" \/>\n<meta name=\"author\" content=\"dorogimedence.hu\" class=\"yoast-seo-meta-tag\" \/>\n<meta name=\"twitter:card\" content=\"summary_large_image\" class=\"yoast-seo-meta-tag\" \/>\n<meta name=\"twitter:label1\" content=\"Szerz\u0151:\" class=\"yoast-seo-meta-tag\" \/>\n\t<meta name=\"twitter:data1\" content=\"dorogimedence.hu\" class=\"yoast-seo-meta-tag\" \/>\n\t<meta name=\"twitter:label2\" content=\"Becs\u00fclt olvas\u00e1si id\u0151\" class=\"yoast-seo-meta-tag\" \/>\n\t<meta name=\"twitter:data2\" content=\"5 perc\" class=\"yoast-seo-meta-tag\" \/>\n<script type=\"application\/ld+json\" class=\"yoast-schema-graph\">{\"@context\":\"https:\\\/\\\/schema.org\",\"@graph\":[{\"@type\":\"Article\",\"@id\":\"https:\\\/\\\/dorogimedence.hu\\\/index.php\\\/2018\\\/01\\\/15\\\/egetes-helyett-szelektalj\\\/#article\",\"isPartOf\":{\"@id\":\"https:\\\/\\\/dorogimedence.hu\\\/index.php\\\/2018\\\/01\\\/15\\\/egetes-helyett-szelektalj\\\/\"},\"author\":{\"name\":\"dorogimedence.hu\",\"@id\":\"https:\\\/\\\/dorogimedence.hu\\\/#\\\/schema\\\/person\\\/ce6091eeb7e95ecdc87890d6aa8e0fd4\"},\"headline\":\"\u00c9get\u00e9s helyett szelekt\u00e1lj!\",\"datePublished\":\"2018-01-15T15:11:42+00:00\",\"mainEntityOfPage\":{\"@id\":\"https:\\\/\\\/dorogimedence.hu\\\/index.php\\\/2018\\\/01\\\/15\\\/egetes-helyett-szelektalj\\\/\"},\"wordCount\":965,\"publisher\":{\"@id\":\"https:\\\/\\\/dorogimedence.hu\\\/#organization\"},\"image\":{\"@id\":\"https:\\\/\\\/dorogimedence.hu\\\/index.php\\\/2018\\\/01\\\/15\\\/egetes-helyett-szelektalj\\\/#primaryimage\"},\"thumbnailUrl\":\"https:\\\/\\\/dorogimedence.hu\\\/wp-content\\\/uploads\\\/2018\\\/01\\\/kemeny-fust.jpg\",\"keywords\":[\"Dorog\",\"Dorogi-medence\",\"\u00e9get\u00e9s\",\"esztergom\",\"l\u00e9gszennyez\u00e9s\"],\"articleSection\":[\"Dorog\",\"Esztergom\",\"H\u00edrek\"],\"inLanguage\":\"hu\"},{\"@type\":\"WebPage\",\"@id\":\"https:\\\/\\\/dorogimedence.hu\\\/index.php\\\/2018\\\/01\\\/15\\\/egetes-helyett-szelektalj\\\/\",\"url\":\"https:\\\/\\\/dorogimedence.hu\\\/index.php\\\/2018\\\/01\\\/15\\\/egetes-helyett-szelektalj\\\/\",\"name\":\"\u00c9get\u00e9s helyett szelekt\u00e1lj!\",\"isPartOf\":{\"@id\":\"https:\\\/\\\/dorogimedence.hu\\\/#website\"},\"primaryImageOfPage\":{\"@id\":\"https:\\\/\\\/dorogimedence.hu\\\/index.php\\\/2018\\\/01\\\/15\\\/egetes-helyett-szelektalj\\\/#primaryimage\"},\"image\":{\"@id\":\"https:\\\/\\\/dorogimedence.hu\\\/index.php\\\/2018\\\/01\\\/15\\\/egetes-helyett-szelektalj\\\/#primaryimage\"},\"thumbnailUrl\":\"https:\\\/\\\/dorogimedence.hu\\\/wp-content\\\/uploads\\\/2018\\\/01\\\/kemeny-fust.jpg\",\"datePublished\":\"2018-01-15T15:11:42+00:00\",\"breadcrumb\":{\"@id\":\"https:\\\/\\\/dorogimedence.hu\\\/index.php\\\/2018\\\/01\\\/15\\\/egetes-helyett-szelektalj\\\/#breadcrumb\"},\"inLanguage\":\"hu\",\"potentialAction\":[{\"@type\":\"ReadAction\",\"target\":[\"https:\\\/\\\/dorogimedence.hu\\\/index.php\\\/2018\\\/01\\\/15\\\/egetes-helyett-szelektalj\\\/\"]}]},{\"@type\":\"ImageObject\",\"inLanguage\":\"hu\",\"@id\":\"https:\\\/\\\/dorogimedence.hu\\\/index.php\\\/2018\\\/01\\\/15\\\/egetes-helyett-szelektalj\\\/#primaryimage\",\"url\":\"https:\\\/\\\/dorogimedence.hu\\\/wp-content\\\/uploads\\\/2018\\\/01\\\/kemeny-fust.jpg\",\"contentUrl\":\"https:\\\/\\\/dorogimedence.hu\\\/wp-content\\\/uploads\\\/2018\\\/01\\\/kemeny-fust.jpg\",\"width\":670,\"height\":365},{\"@type\":\"BreadcrumbList\",\"@id\":\"https:\\\/\\\/dorogimedence.hu\\\/index.php\\\/2018\\\/01\\\/15\\\/egetes-helyett-szelektalj\\\/#breadcrumb\",\"itemListElement\":[{\"@type\":\"ListItem\",\"position\":1,\"name\":\"Kezd\u0151lap\",\"item\":\"https:\\\/\\\/dorogimedence.hu\\\/\"},{\"@type\":\"ListItem\",\"position\":2,\"name\":\"\u00c9get\u00e9s helyett szelekt\u00e1lj!\"}]},{\"@type\":\"WebSite\",\"@id\":\"https:\\\/\\\/dorogimedence.hu\\\/#website\",\"url\":\"https:\\\/\\\/dorogimedence.hu\\\/\",\"name\":\"Dorogi-medence Region\u00e1lis H\u00edrport\u00e1l\",\"description\":\"Dorog, Keszt\u00f6lc, Le\u00e1nyv\u00e1r, Piliscs\u00e9v, Tokod, Tokodalt\u00e1r\u00f3, Csolnok, Esztergom-kertv\u00e1ros: h\u00edrek, programok\",\"publisher\":{\"@id\":\"https:\\\/\\\/dorogimedence.hu\\\/#organization\"},\"potentialAction\":[{\"@type\":\"SearchAction\",\"target\":{\"@type\":\"EntryPoint\",\"urlTemplate\":\"https:\\\/\\\/dorogimedence.hu\\\/?s={search_term_string}\"},\"query-input\":{\"@type\":\"PropertyValueSpecification\",\"valueRequired\":true,\"valueName\":\"search_term_string\"}}],\"inLanguage\":\"hu\"},{\"@type\":\"Organization\",\"@id\":\"https:\\\/\\\/dorogimedence.hu\\\/#organization\",\"name\":\"Dorogi-medence Region\u00e1lis H\u00edrport\u00e1l\",\"url\":\"https:\\\/\\\/dorogimedence.hu\\\/\",\"logo\":{\"@type\":\"ImageObject\",\"inLanguage\":\"hu\",\"@id\":\"https:\\\/\\\/dorogimedence.hu\\\/#\\\/schema\\\/logo\\\/image\\\/\",\"url\":\"https:\\\/\\\/dorogimedence.hu\\\/wp-content\\\/uploads\\\/2021\\\/04\\\/logo-feher-600.png\",\"contentUrl\":\"https:\\\/\\\/dorogimedence.hu\\\/wp-content\\\/uploads\\\/2021\\\/04\\\/logo-feher-600.png\",\"width\":600,\"height\":100,\"caption\":\"Dorogi-medence Region\u00e1lis H\u00edrport\u00e1l\"},\"image\":{\"@id\":\"https:\\\/\\\/dorogimedence.hu\\\/#\\\/schema\\\/logo\\\/image\\\/\"},\"sameAs\":[\"https:\\\/\\\/www.facebook.com\\\/dorogimedence\\\/\"]},{\"@type\":\"Person\",\"@id\":\"https:\\\/\\\/dorogimedence.hu\\\/#\\\/schema\\\/person\\\/ce6091eeb7e95ecdc87890d6aa8e0fd4\",\"name\":\"dorogimedence.hu\",\"image\":{\"@type\":\"ImageObject\",\"inLanguage\":\"hu\",\"@id\":\"\\\/\\\/www.gravatar.com\\\/avatar\\\/d8d45f8901aadff40a4af72c0b826f1d?s=96&#038;r=g&#038;d=mm\",\"url\":\"\\\/\\\/www.gravatar.com\\\/avatar\\\/d8d45f8901aadff40a4af72c0b826f1d?s=96&#038;r=g&#038;d=mm\",\"contentUrl\":\"\\\/\\\/www.gravatar.com\\\/avatar\\\/d8d45f8901aadff40a4af72c0b826f1d?s=96&#038;r=g&#038;d=mm\",\"caption\":\"dorogimedence.hu\"}}]}<\/script>\n<!-- \/ Yoast SEO plugin. -->","yoast_head_json":{"title":"\u00c9get\u00e9s helyett szelekt\u00e1lj!","robots":{"index":"index","follow":"follow","max-snippet":"max-snippet:-1","max-image-preview":"max-image-preview:large","max-video-preview":"max-video-preview:-1"},"canonical":"https:\/\/dorogimedence.hu\/index.php\/2018\/01\/15\/egetes-helyett-szelektalj\/","og_locale":"hu_HU","og_type":"article","og_title":"\u00c9get\u00e9s helyett szelekt\u00e1lj!","og_description":"A t\u00e9li id\u0151szakban Esztergomban \u00e9s k\u00f6rny\u00e9k\u00e9n is gyakran igen magas a l\u00e9gszennyezetts\u00e9g, amelynek egyik legjelent\u0151sebb forr\u00e1sa a lakoss\u00e1gi t\u00fczel\u00e9s. A helyzetet csak rontja, ha a h\u00e1ztart\u00e1sokban keletkez\u0151 hullad\u00e9kokat is el\u00e9getj\u00fck, mint ahogy teszik ezt egyre t\u00f6bben orsz\u00e1gszerte. A probl\u00e9ma fontoss\u00e1ga miatt a napokban jelent meg az esztergomi sz\u00e9khely\u0171\u00a0 V\u00e1lasz\u00faton Hagyom\u00e1ny\u0151rz\u0151 \u00e9s K\u00f6rnyezetv\u00e9d\u0151 Alap\u00edtv\u00e1ny \u00faj kiadv\u00e1nya:","og_url":"https:\/\/dorogimedence.hu\/index.php\/2018\/01\/15\/egetes-helyett-szelektalj\/","og_site_name":"Dorogi-medence Region\u00e1lis H\u00edrport\u00e1l","article_publisher":"https:\/\/www.facebook.com\/dorogimedence\/","article_published_time":"2018-01-15T15:11:42+00:00","og_image":[{"width":670,"height":365,"url":"https:\/\/i0.wp.com\/dorogimedence.hu\/wp-content\/uploads\/2018\/01\/kemeny-fust.jpg?fit=670%2C365&ssl=1","type":"image\/jpeg"}],"author":"dorogimedence.hu","twitter_card":"summary_large_image","twitter_misc":{"Szerz\u0151:":"dorogimedence.hu","Becs\u00fclt olvas\u00e1si id\u0151":"5 perc"},"schema":{"@context":"https:\/\/schema.org","@graph":[{"@type":"Article","@id":"https:\/\/dorogimedence.hu\/index.php\/2018\/01\/15\/egetes-helyett-szelektalj\/#article","isPartOf":{"@id":"https:\/\/dorogimedence.hu\/index.php\/2018\/01\/15\/egetes-helyett-szelektalj\/"},"author":{"name":"dorogimedence.hu","@id":"https:\/\/dorogimedence.hu\/#\/schema\/person\/ce6091eeb7e95ecdc87890d6aa8e0fd4"},"headline":"\u00c9get\u00e9s helyett szelekt\u00e1lj!","datePublished":"2018-01-15T15:11:42+00:00","mainEntityOfPage":{"@id":"https:\/\/dorogimedence.hu\/index.php\/2018\/01\/15\/egetes-helyett-szelektalj\/"},"wordCount":965,"publisher":{"@id":"https:\/\/dorogimedence.hu\/#organization"},"image":{"@id":"https:\/\/dorogimedence.hu\/index.php\/2018\/01\/15\/egetes-helyett-szelektalj\/#primaryimage"},"thumbnailUrl":"https:\/\/dorogimedence.hu\/wp-content\/uploads\/2018\/01\/kemeny-fust.jpg","keywords":["Dorog","Dorogi-medence","\u00e9get\u00e9s","esztergom","l\u00e9gszennyez\u00e9s"],"articleSection":["Dorog","Esztergom","H\u00edrek"],"inLanguage":"hu"},{"@type":"WebPage","@id":"https:\/\/dorogimedence.hu\/index.php\/2018\/01\/15\/egetes-helyett-szelektalj\/","url":"https:\/\/dorogimedence.hu\/index.php\/2018\/01\/15\/egetes-helyett-szelektalj\/","name":"\u00c9get\u00e9s helyett szelekt\u00e1lj!","isPartOf":{"@id":"https:\/\/dorogimedence.hu\/#website"},"primaryImageOfPage":{"@id":"https:\/\/dorogimedence.hu\/index.php\/2018\/01\/15\/egetes-helyett-szelektalj\/#primaryimage"},"image":{"@id":"https:\/\/dorogimedence.hu\/index.php\/2018\/01\/15\/egetes-helyett-szelektalj\/#primaryimage"},"thumbnailUrl":"https:\/\/dorogimedence.hu\/wp-content\/uploads\/2018\/01\/kemeny-fust.jpg","datePublished":"2018-01-15T15:11:42+00:00","breadcrumb":{"@id":"https:\/\/dorogimedence.hu\/index.php\/2018\/01\/15\/egetes-helyett-szelektalj\/#breadcrumb"},"inLanguage":"hu","potentialAction":[{"@type":"ReadAction","target":["https:\/\/dorogimedence.hu\/index.php\/2018\/01\/15\/egetes-helyett-szelektalj\/"]}]},{"@type":"ImageObject","inLanguage":"hu","@id":"https:\/\/dorogimedence.hu\/index.php\/2018\/01\/15\/egetes-helyett-szelektalj\/#primaryimage","url":"https:\/\/dorogimedence.hu\/wp-content\/uploads\/2018\/01\/kemeny-fust.jpg","contentUrl":"https:\/\/dorogimedence.hu\/wp-content\/uploads\/2018\/01\/kemeny-fust.jpg","width":670,"height":365},{"@type":"BreadcrumbList","@id":"https:\/\/dorogimedence.hu\/index.php\/2018\/01\/15\/egetes-helyett-szelektalj\/#breadcrumb","itemListElement":[{"@type":"ListItem","position":1,"name":"Kezd\u0151lap","item":"https:\/\/dorogimedence.hu\/"},{"@type":"ListItem","position":2,"name":"\u00c9get\u00e9s helyett szelekt\u00e1lj!"}]},{"@type":"WebSite","@id":"https:\/\/dorogimedence.hu\/#website","url":"https:\/\/dorogimedence.hu\/","name":"Dorogi-medence Region\u00e1lis H\u00edrport\u00e1l","description":"Dorog, Keszt\u00f6lc, Le\u00e1nyv\u00e1r, Piliscs\u00e9v, Tokod, Tokodalt\u00e1r\u00f3, Csolnok, Esztergom-kertv\u00e1ros: h\u00edrek, programok","publisher":{"@id":"https:\/\/dorogimedence.hu\/#organization"},"potentialAction":[{"@type":"SearchAction","target":{"@type":"EntryPoint","urlTemplate":"https:\/\/dorogimedence.hu\/?s={search_term_string}"},"query-input":{"@type":"PropertyValueSpecification","valueRequired":true,"valueName":"search_term_string"}}],"inLanguage":"hu"},{"@type":"Organization","@id":"https:\/\/dorogimedence.hu\/#organization","name":"Dorogi-medence Region\u00e1lis H\u00edrport\u00e1l","url":"https:\/\/dorogimedence.hu\/","logo":{"@type":"ImageObject","inLanguage":"hu","@id":"https:\/\/dorogimedence.hu\/#\/schema\/logo\/image\/","url":"https:\/\/dorogimedence.hu\/wp-content\/uploads\/2021\/04\/logo-feher-600.png","contentUrl":"https:\/\/dorogimedence.hu\/wp-content\/uploads\/2021\/04\/logo-feher-600.png","width":600,"height":100,"caption":"Dorogi-medence Region\u00e1lis H\u00edrport\u00e1l"},"image":{"@id":"https:\/\/dorogimedence.hu\/#\/schema\/logo\/image\/"},"sameAs":["https:\/\/www.facebook.com\/dorogimedence\/"]},{"@type":"Person","@id":"https:\/\/dorogimedence.hu\/#\/schema\/person\/ce6091eeb7e95ecdc87890d6aa8e0fd4","name":"dorogimedence.hu","image":{"@type":"ImageObject","inLanguage":"hu","@id":"\/\/www.gravatar.com\/avatar\/d8d45f8901aadff40a4af72c0b826f1d?s=96&#038;r=g&#038;d=mm","url":"\/\/www.gravatar.com\/avatar\/d8d45f8901aadff40a4af72c0b826f1d?s=96&#038;r=g&#038;d=mm","contentUrl":"\/\/www.gravatar.com\/avatar\/d8d45f8901aadff40a4af72c0b826f1d?s=96&#038;r=g&#038;d=mm","caption":"dorogimedence.hu"}}]}},"_links":{"self":[{"href":"https:\/\/dorogimedence.hu\/index.php\/wp-json\/wp\/v2\/posts\/7751","targetHints":{"allow":["GET"]}}],"collection":[{"href":"https:\/\/dorogimedence.hu\/index.php\/wp-json\/wp\/v2\/posts"}],"about":[{"href":"https:\/\/dorogimedence.hu\/index.php\/wp-json\/wp\/v2\/types\/post"}],"author":[{"embeddable":true,"href":"https:\/\/dorogimedence.hu\/index.php\/wp-json\/wp\/v2\/users\/1"}],"replies":[{"embeddable":true,"href":"https:\/\/dorogimedence.hu\/index.php\/wp-json\/wp\/v2\/comments?post=7751"}],"version-history":[{"count":0,"href":"https:\/\/dorogimedence.hu\/index.php\/wp-json\/wp\/v2\/posts\/7751\/revisions"}],"wp:featuredmedia":[{"embeddable":true,"href":"https:\/\/dorogimedence.hu\/index.php\/wp-json\/wp\/v2\/media\/7752"}],"wp:attachment":[{"href":"https:\/\/dorogimedence.hu\/index.php\/wp-json\/wp\/v2\/media?parent=7751"}],"wp:term":[{"taxonomy":"category","embeddable":true,"href":"https:\/\/dorogimedence.hu\/index.php\/wp-json\/wp\/v2\/categories?post=7751"},{"taxonomy":"post_tag","embeddable":true,"href":"https:\/\/dorogimedence.hu\/index.php\/wp-json\/wp\/v2\/tags?post=7751"}],"curies":[{"name":"wp","href":"https:\/\/api.w.org\/{rel}","templated":true}]}}