{"id":77499,"date":"2026-02-03T16:25:10","date_gmt":"2026-02-03T15:25:10","guid":{"rendered":"https:\/\/dorogimedence.hu\/?p=77499"},"modified":"2026-02-03T16:25:10","modified_gmt":"2026-02-03T15:25:10","slug":"hangkepzesrol-pedagogusoknak-ujabb-eloadas-a-pazmany-pedagogus-klubban","status":"publish","type":"post","link":"https:\/\/dorogimedence.hu\/index.php\/2026\/02\/03\/hangkepzesrol-pedagogusoknak-ujabb-eloadas-a-pazmany-pedagogus-klubban\/","title":{"rendered":"Hangk\u00e9pz\u00e9sr\u0151l pedag\u00f3gusoknak \u2013 \u00fajabb el\u0151ad\u00e1s a P\u00e1zm\u00e1ny Pedag\u00f3gus Klubban"},"content":{"rendered":"<p><strong>A P\u00e1zm\u00e1ny Pedag\u00f3gus Klub k\u00f6vetkez\u0151 alkalma 2026. febru\u00e1r 11-\u00e9n, szerd\u00e1n 17 \u00f3rakor v\u00e1rja az \u00e9rdekl\u0151d\u0151ket Esztergomban. Az el\u0151ad\u00e1s \u00e9s workshop k\u00f6z\u00e9ppontj\u00e1ban a hangk\u00e9pz\u00e9s \u00e1ll, k\u00fcl\u00f6n\u00f6s tekintettel az \u00e9nekl\u00e9sre, a besz\u00e9dre \u00e9s ezek szerep\u00e9re a pedag\u00f3gus mindennapjaiban.<\/strong><\/p>\n<p>A szervez\u0151k aj\u00e1nl\u00f3ja szerint a hangk\u00e9pz\u0151 szerv ismerete, tudatos karbantart\u00e1sa \u00e9s k\u00edm\u00e9l\u00e9se alapvet\u0151 fontoss\u00e1g\u00fa mind a gyakorl\u00f3 pedag\u00f3gusok, mind a pedag\u00f3gusp\u00e1ly\u00e1ra k\u00e9sz\u00fcl\u0151k sz\u00e1m\u00e1ra. A program nem csup\u00e1n elm\u00e9leti ismereteket k\u00edn\u00e1l: a r\u00e9sztvev\u0151k l\u00e9gz\u0151- \u00e9s \u00e9nekgyakorlatokat is megismerhetnek, amelyek a mindennapi oktat\u00e1si helyzetekben is hasznos\u00edthat\u00f3k.<\/p>\n<p>Az el\u0151ad\u00e1st Dr. Mikl\u00f3s R\u00e9ka zenepedag\u00f3gus, diplom\u00e1s egyh\u00e1zzen\u00e9sz, a Graz-i Zene \u00e9s Sz\u00ednm\u0171v\u00e9szeti Egyetem oktat\u00f3ja tartja.<\/p>\n<p><strong>Helysz\u00edn:<\/strong> P\u00e1zm\u00e1ny Esztergom, Iohanneum (Majer Istv\u00e1n utca 1\u20133.), 213. terem<br \/>\n<strong>Id\u0151pont:<\/strong> 2026. febru\u00e1r 11. (szerda), 17.00<\/p>\n<p>A program ingyenes, de el\u0151zetes regisztr\u00e1ci\u00f3hoz k\u00f6t\u00f6tt, amely <a href=\"https:\/\/forms.office.com\/e\/A8Ks3jNDw7\" target=\"_blank\" rel=\"noopener\"><span style=\"text-decoration: underline; color: #0000ff;\">az al\u00e1bbi linken<\/span><\/a> \u00e9rhet\u0151 el!<\/p>\n<p>A szervez\u0151k minden \u00e9rdekl\u0151d\u0151t szeretettel v\u00e1rnak.<\/p>\n<p><img fetchpriority=\"high\" decoding=\"async\" class=\"alignnone size-full wp-image-77500\" src=\"https:\/\/dorogimedence.hu\/wp-content\/uploads\/2026\/02\/Pedagogus-Klub-plakat-2026.02.11.jpg\" alt=\"\" width=\"792\" height=\"1129\" srcset=\"https:\/\/dorogimedence.hu\/wp-content\/uploads\/2026\/02\/Pedagogus-Klub-plakat-2026.02.11.jpg 792w, https:\/\/dorogimedence.hu\/wp-content\/uploads\/2026\/02\/Pedagogus-Klub-plakat-2026.02.11-421x600.jpg 421w, https:\/\/dorogimedence.hu\/wp-content\/uploads\/2026\/02\/Pedagogus-Klub-plakat-2026.02.11-768x1095.jpg 768w, https:\/\/dorogimedence.hu\/wp-content\/uploads\/2026\/02\/Pedagogus-Klub-plakat-2026.02.11-150x214.jpg 150w, https:\/\/dorogimedence.hu\/wp-content\/uploads\/2026\/02\/Pedagogus-Klub-plakat-2026.02.11-450x641.jpg 450w\" sizes=\"(max-width: 792px) 100vw, 792px\" \/><\/p>\n<p><em>Bor\u00edt\u00f3k\u00e9p: illusztr\u00e1ci\u00f3 (freepik.com)<\/em><\/p>\n","protected":false},"excerpt":{"rendered":"<p>A P\u00e1zm\u00e1ny Pedag\u00f3gus Klub k\u00f6vetkez\u0151 alkalma 2026. febru\u00e1r 11-\u00e9n, szerd\u00e1n 17 \u00f3rakor v\u00e1rja az \u00e9rdekl\u0151d\u0151ket Esztergomban. Az el\u0151ad\u00e1s \u00e9s workshop k\u00f6z\u00e9ppontj\u00e1ban a hangk\u00e9pz\u00e9s \u00e1ll, k\u00fcl\u00f6n\u00f6s tekintettel az \u00e9nekl\u00e9sre, a besz\u00e9dre \u00e9s ezek szerep\u00e9re a pedag\u00f3gus mindennapjaiban. A szervez\u0151k aj\u00e1nl\u00f3ja szerint a hangk\u00e9pz\u0151 szerv ismerete, tudatos karbantart\u00e1sa \u00e9s k\u00edm\u00e9l\u00e9se alapvet\u0151 fontoss\u00e1g\u00fa mind a gyakorl\u00f3 pedag\u00f3gusok, mind<\/p>\n","protected":false},"author":1,"featured_media":75269,"comment_status":"closed","ping_status":"closed","sticky":false,"template":"","format":"standard","meta":{"ngg_post_thumbnail":0,"footnotes":""},"categories":[38,3,3561],"tags":[42,8593,101,116],"class_list":{"0":"post-77499","1":"post","2":"type-post","3":"status-publish","4":"format-standard","5":"has-post-thumbnail","7":"category-esztergom","8":"category-hirek","9":"category-programok","10":"tag-esztergom","11":"tag-pazmany-pedagogus-klub","12":"tag-program","13":"tag-programok"},"yoast_head":"<!-- This site is optimized with the Yoast SEO plugin v27.5 - https:\/\/yoast.com\/product\/yoast-seo-wordpress\/ -->\n<title>Hangk\u00e9pz\u00e9sr\u0151l pedag\u00f3gusoknak \u2013 \u00fajabb el\u0151ad\u00e1s a P\u00e1zm\u00e1ny Pedag\u00f3gus Klubban<\/title>\n<meta name=\"robots\" content=\"index, follow, max-snippet:-1, max-image-preview:large, max-video-preview:-1\" \/>\n<link rel=\"canonical\" href=\"https:\/\/dorogimedence.hu\/index.php\/2026\/02\/03\/hangkepzesrol-pedagogusoknak-ujabb-eloadas-a-pazmany-pedagogus-klubban\/\" class=\"yoast-seo-meta-tag\" \/>\n<meta property=\"og:locale\" content=\"hu_HU\" class=\"yoast-seo-meta-tag\" \/>\n<meta property=\"og:type\" content=\"article\" class=\"yoast-seo-meta-tag\" \/>\n<meta property=\"og:title\" content=\"Hangk\u00e9pz\u00e9sr\u0151l pedag\u00f3gusoknak \u2013 \u00fajabb el\u0151ad\u00e1s a P\u00e1zm\u00e1ny Pedag\u00f3gus Klubban\" class=\"yoast-seo-meta-tag\" \/>\n<meta property=\"og:description\" content=\"A P\u00e1zm\u00e1ny Pedag\u00f3gus Klub k\u00f6vetkez\u0151 alkalma 2026. febru\u00e1r 11-\u00e9n, szerd\u00e1n 17 \u00f3rakor v\u00e1rja az \u00e9rdekl\u0151d\u0151ket Esztergomban. Az el\u0151ad\u00e1s \u00e9s workshop k\u00f6z\u00e9ppontj\u00e1ban a hangk\u00e9pz\u00e9s \u00e1ll, k\u00fcl\u00f6n\u00f6s tekintettel az \u00e9nekl\u00e9sre, a besz\u00e9dre \u00e9s ezek szerep\u00e9re a pedag\u00f3gus mindennapjaiban. A szervez\u0151k aj\u00e1nl\u00f3ja szerint a hangk\u00e9pz\u0151 szerv ismerete, tudatos karbantart\u00e1sa \u00e9s k\u00edm\u00e9l\u00e9se alapvet\u0151 fontoss\u00e1g\u00fa mind a gyakorl\u00f3 pedag\u00f3gusok, mind\" class=\"yoast-seo-meta-tag\" \/>\n<meta property=\"og:url\" content=\"https:\/\/dorogimedence.hu\/index.php\/2026\/02\/03\/hangkepzesrol-pedagogusoknak-ujabb-eloadas-a-pazmany-pedagogus-klubban\/\" class=\"yoast-seo-meta-tag\" \/>\n<meta property=\"og:site_name\" content=\"Dorogi-medence Region\u00e1lis H\u00edrport\u00e1l\" class=\"yoast-seo-meta-tag\" \/>\n<meta property=\"article:publisher\" content=\"https:\/\/www.facebook.com\/dorogimedence\/\" class=\"yoast-seo-meta-tag\" \/>\n<meta property=\"article:published_time\" content=\"2026-02-03T15:25:10+00:00\" class=\"yoast-seo-meta-tag\" \/>\n<meta property=\"og:image\" content=\"https:\/\/dorogimedence.hu\/wp-content\/uploads\/2025\/10\/10492.jpg\" class=\"yoast-seo-meta-tag\" \/>\n\t<meta property=\"og:image:width\" content=\"1500\" class=\"yoast-seo-meta-tag\" \/>\n\t<meta property=\"og:image:height\" content=\"1000\" class=\"yoast-seo-meta-tag\" \/>\n\t<meta property=\"og:image:type\" content=\"image\/jpeg\" class=\"yoast-seo-meta-tag\" \/>\n<meta name=\"author\" content=\"dorogimedence.hu\" class=\"yoast-seo-meta-tag\" \/>\n<meta name=\"twitter:card\" content=\"summary_large_image\" class=\"yoast-seo-meta-tag\" \/>\n<meta name=\"twitter:label1\" content=\"Szerz\u0151:\" class=\"yoast-seo-meta-tag\" \/>\n\t<meta name=\"twitter:data1\" content=\"dorogimedence.hu\" class=\"yoast-seo-meta-tag\" \/>\n\t<meta name=\"twitter:label2\" content=\"Becs\u00fclt olvas\u00e1si id\u0151\" class=\"yoast-seo-meta-tag\" \/>\n\t<meta name=\"twitter:data2\" content=\"1 perc\" class=\"yoast-seo-meta-tag\" \/>\n<script type=\"application\/ld+json\" class=\"yoast-schema-graph\">{\"@context\":\"https:\\\/\\\/schema.org\",\"@graph\":[{\"@type\":\"Article\",\"@id\":\"https:\\\/\\\/dorogimedence.hu\\\/index.php\\\/2026\\\/02\\\/03\\\/hangkepzesrol-pedagogusoknak-ujabb-eloadas-a-pazmany-pedagogus-klubban\\\/#article\",\"isPartOf\":{\"@id\":\"https:\\\/\\\/dorogimedence.hu\\\/index.php\\\/2026\\\/02\\\/03\\\/hangkepzesrol-pedagogusoknak-ujabb-eloadas-a-pazmany-pedagogus-klubban\\\/\"},\"author\":{\"name\":\"dorogimedence.hu\",\"@id\":\"https:\\\/\\\/dorogimedence.hu\\\/#\\\/schema\\\/person\\\/ce6091eeb7e95ecdc87890d6aa8e0fd4\"},\"headline\":\"Hangk\u00e9pz\u00e9sr\u0151l pedag\u00f3gusoknak \u2013 \u00fajabb el\u0151ad\u00e1s a P\u00e1zm\u00e1ny Pedag\u00f3gus Klubban\",\"datePublished\":\"2026-02-03T15:25:10+00:00\",\"mainEntityOfPage\":{\"@id\":\"https:\\\/\\\/dorogimedence.hu\\\/index.php\\\/2026\\\/02\\\/03\\\/hangkepzesrol-pedagogusoknak-ujabb-eloadas-a-pazmany-pedagogus-klubban\\\/\"},\"wordCount\":230,\"publisher\":{\"@id\":\"https:\\\/\\\/dorogimedence.hu\\\/#organization\"},\"image\":{\"@id\":\"https:\\\/\\\/dorogimedence.hu\\\/index.php\\\/2026\\\/02\\\/03\\\/hangkepzesrol-pedagogusoknak-ujabb-eloadas-a-pazmany-pedagogus-klubban\\\/#primaryimage\"},\"thumbnailUrl\":\"https:\\\/\\\/dorogimedence.hu\\\/wp-content\\\/uploads\\\/2025\\\/10\\\/10492.jpg\",\"keywords\":[\"esztergom\",\"P\u00e1zm\u00e1ny Pedag\u00f3gus Klub\",\"program\",\"programok\"],\"articleSection\":[\"Esztergom\",\"H\u00edrek\",\"Programok\"],\"inLanguage\":\"hu\"},{\"@type\":\"WebPage\",\"@id\":\"https:\\\/\\\/dorogimedence.hu\\\/index.php\\\/2026\\\/02\\\/03\\\/hangkepzesrol-pedagogusoknak-ujabb-eloadas-a-pazmany-pedagogus-klubban\\\/\",\"url\":\"https:\\\/\\\/dorogimedence.hu\\\/index.php\\\/2026\\\/02\\\/03\\\/hangkepzesrol-pedagogusoknak-ujabb-eloadas-a-pazmany-pedagogus-klubban\\\/\",\"name\":\"Hangk\u00e9pz\u00e9sr\u0151l pedag\u00f3gusoknak \u2013 \u00fajabb el\u0151ad\u00e1s a P\u00e1zm\u00e1ny Pedag\u00f3gus Klubban\",\"isPartOf\":{\"@id\":\"https:\\\/\\\/dorogimedence.hu\\\/#website\"},\"primaryImageOfPage\":{\"@id\":\"https:\\\/\\\/dorogimedence.hu\\\/index.php\\\/2026\\\/02\\\/03\\\/hangkepzesrol-pedagogusoknak-ujabb-eloadas-a-pazmany-pedagogus-klubban\\\/#primaryimage\"},\"image\":{\"@id\":\"https:\\\/\\\/dorogimedence.hu\\\/index.php\\\/2026\\\/02\\\/03\\\/hangkepzesrol-pedagogusoknak-ujabb-eloadas-a-pazmany-pedagogus-klubban\\\/#primaryimage\"},\"thumbnailUrl\":\"https:\\\/\\\/dorogimedence.hu\\\/wp-content\\\/uploads\\\/2025\\\/10\\\/10492.jpg\",\"datePublished\":\"2026-02-03T15:25:10+00:00\",\"breadcrumb\":{\"@id\":\"https:\\\/\\\/dorogimedence.hu\\\/index.php\\\/2026\\\/02\\\/03\\\/hangkepzesrol-pedagogusoknak-ujabb-eloadas-a-pazmany-pedagogus-klubban\\\/#breadcrumb\"},\"inLanguage\":\"hu\",\"potentialAction\":[{\"@type\":\"ReadAction\",\"target\":[\"https:\\\/\\\/dorogimedence.hu\\\/index.php\\\/2026\\\/02\\\/03\\\/hangkepzesrol-pedagogusoknak-ujabb-eloadas-a-pazmany-pedagogus-klubban\\\/\"]}]},{\"@type\":\"ImageObject\",\"inLanguage\":\"hu\",\"@id\":\"https:\\\/\\\/dorogimedence.hu\\\/index.php\\\/2026\\\/02\\\/03\\\/hangkepzesrol-pedagogusoknak-ujabb-eloadas-a-pazmany-pedagogus-klubban\\\/#primaryimage\",\"url\":\"https:\\\/\\\/dorogimedence.hu\\\/wp-content\\\/uploads\\\/2025\\\/10\\\/10492.jpg\",\"contentUrl\":\"https:\\\/\\\/dorogimedence.hu\\\/wp-content\\\/uploads\\\/2025\\\/10\\\/10492.jpg\",\"width\":1500,\"height\":1000},{\"@type\":\"BreadcrumbList\",\"@id\":\"https:\\\/\\\/dorogimedence.hu\\\/index.php\\\/2026\\\/02\\\/03\\\/hangkepzesrol-pedagogusoknak-ujabb-eloadas-a-pazmany-pedagogus-klubban\\\/#breadcrumb\",\"itemListElement\":[{\"@type\":\"ListItem\",\"position\":1,\"name\":\"Kezd\u0151lap\",\"item\":\"https:\\\/\\\/dorogimedence.hu\\\/\"},{\"@type\":\"ListItem\",\"position\":2,\"name\":\"Hangk\u00e9pz\u00e9sr\u0151l pedag\u00f3gusoknak \u2013 \u00fajabb el\u0151ad\u00e1s a P\u00e1zm\u00e1ny Pedag\u00f3gus Klubban\"}]},{\"@type\":\"WebSite\",\"@id\":\"https:\\\/\\\/dorogimedence.hu\\\/#website\",\"url\":\"https:\\\/\\\/dorogimedence.hu\\\/\",\"name\":\"Dorogi-medence Region\u00e1lis H\u00edrport\u00e1l\",\"description\":\"Dorog, Keszt\u00f6lc, Le\u00e1nyv\u00e1r, Piliscs\u00e9v, Tokod, Tokodalt\u00e1r\u00f3, Csolnok, Esztergom-kertv\u00e1ros: h\u00edrek, programok\",\"publisher\":{\"@id\":\"https:\\\/\\\/dorogimedence.hu\\\/#organization\"},\"potentialAction\":[{\"@type\":\"SearchAction\",\"target\":{\"@type\":\"EntryPoint\",\"urlTemplate\":\"https:\\\/\\\/dorogimedence.hu\\\/?s={search_term_string}\"},\"query-input\":{\"@type\":\"PropertyValueSpecification\",\"valueRequired\":true,\"valueName\":\"search_term_string\"}}],\"inLanguage\":\"hu\"},{\"@type\":\"Organization\",\"@id\":\"https:\\\/\\\/dorogimedence.hu\\\/#organization\",\"name\":\"Dorogi-medence Region\u00e1lis H\u00edrport\u00e1l\",\"url\":\"https:\\\/\\\/dorogimedence.hu\\\/\",\"logo\":{\"@type\":\"ImageObject\",\"inLanguage\":\"hu\",\"@id\":\"https:\\\/\\\/dorogimedence.hu\\\/#\\\/schema\\\/logo\\\/image\\\/\",\"url\":\"https:\\\/\\\/dorogimedence.hu\\\/wp-content\\\/uploads\\\/2021\\\/04\\\/logo-feher-600.png\",\"contentUrl\":\"https:\\\/\\\/dorogimedence.hu\\\/wp-content\\\/uploads\\\/2021\\\/04\\\/logo-feher-600.png\",\"width\":600,\"height\":100,\"caption\":\"Dorogi-medence Region\u00e1lis H\u00edrport\u00e1l\"},\"image\":{\"@id\":\"https:\\\/\\\/dorogimedence.hu\\\/#\\\/schema\\\/logo\\\/image\\\/\"},\"sameAs\":[\"https:\\\/\\\/www.facebook.com\\\/dorogimedence\\\/\"]},{\"@type\":\"Person\",\"@id\":\"https:\\\/\\\/dorogimedence.hu\\\/#\\\/schema\\\/person\\\/ce6091eeb7e95ecdc87890d6aa8e0fd4\",\"name\":\"dorogimedence.hu\",\"image\":{\"@type\":\"ImageObject\",\"inLanguage\":\"hu\",\"@id\":\"\\\/\\\/www.gravatar.com\\\/avatar\\\/d8d45f8901aadff40a4af72c0b826f1d?s=96&#038;r=g&#038;d=mm\",\"url\":\"\\\/\\\/www.gravatar.com\\\/avatar\\\/d8d45f8901aadff40a4af72c0b826f1d?s=96&#038;r=g&#038;d=mm\",\"contentUrl\":\"\\\/\\\/www.gravatar.com\\\/avatar\\\/d8d45f8901aadff40a4af72c0b826f1d?s=96&#038;r=g&#038;d=mm\",\"caption\":\"dorogimedence.hu\"}}]}<\/script>\n<!-- \/ Yoast SEO plugin. -->","yoast_head_json":{"title":"Hangk\u00e9pz\u00e9sr\u0151l pedag\u00f3gusoknak \u2013 \u00fajabb el\u0151ad\u00e1s a P\u00e1zm\u00e1ny Pedag\u00f3gus Klubban","robots":{"index":"index","follow":"follow","max-snippet":"max-snippet:-1","max-image-preview":"max-image-preview:large","max-video-preview":"max-video-preview:-1"},"canonical":"https:\/\/dorogimedence.hu\/index.php\/2026\/02\/03\/hangkepzesrol-pedagogusoknak-ujabb-eloadas-a-pazmany-pedagogus-klubban\/","og_locale":"hu_HU","og_type":"article","og_title":"Hangk\u00e9pz\u00e9sr\u0151l pedag\u00f3gusoknak \u2013 \u00fajabb el\u0151ad\u00e1s a P\u00e1zm\u00e1ny Pedag\u00f3gus Klubban","og_description":"A P\u00e1zm\u00e1ny Pedag\u00f3gus Klub k\u00f6vetkez\u0151 alkalma 2026. febru\u00e1r 11-\u00e9n, szerd\u00e1n 17 \u00f3rakor v\u00e1rja az \u00e9rdekl\u0151d\u0151ket Esztergomban. Az el\u0151ad\u00e1s \u00e9s workshop k\u00f6z\u00e9ppontj\u00e1ban a hangk\u00e9pz\u00e9s \u00e1ll, k\u00fcl\u00f6n\u00f6s tekintettel az \u00e9nekl\u00e9sre, a besz\u00e9dre \u00e9s ezek szerep\u00e9re a pedag\u00f3gus mindennapjaiban. A szervez\u0151k aj\u00e1nl\u00f3ja szerint a hangk\u00e9pz\u0151 szerv ismerete, tudatos karbantart\u00e1sa \u00e9s k\u00edm\u00e9l\u00e9se alapvet\u0151 fontoss\u00e1g\u00fa mind a gyakorl\u00f3 pedag\u00f3gusok, mind","og_url":"https:\/\/dorogimedence.hu\/index.php\/2026\/02\/03\/hangkepzesrol-pedagogusoknak-ujabb-eloadas-a-pazmany-pedagogus-klubban\/","og_site_name":"Dorogi-medence Region\u00e1lis H\u00edrport\u00e1l","article_publisher":"https:\/\/www.facebook.com\/dorogimedence\/","article_published_time":"2026-02-03T15:25:10+00:00","og_image":[{"width":1500,"height":1000,"url":"https:\/\/dorogimedence.hu\/wp-content\/uploads\/2025\/10\/10492.jpg","type":"image\/jpeg"}],"author":"dorogimedence.hu","twitter_card":"summary_large_image","twitter_misc":{"Szerz\u0151:":"dorogimedence.hu","Becs\u00fclt olvas\u00e1si id\u0151":"1 perc"},"schema":{"@context":"https:\/\/schema.org","@graph":[{"@type":"Article","@id":"https:\/\/dorogimedence.hu\/index.php\/2026\/02\/03\/hangkepzesrol-pedagogusoknak-ujabb-eloadas-a-pazmany-pedagogus-klubban\/#article","isPartOf":{"@id":"https:\/\/dorogimedence.hu\/index.php\/2026\/02\/03\/hangkepzesrol-pedagogusoknak-ujabb-eloadas-a-pazmany-pedagogus-klubban\/"},"author":{"name":"dorogimedence.hu","@id":"https:\/\/dorogimedence.hu\/#\/schema\/person\/ce6091eeb7e95ecdc87890d6aa8e0fd4"},"headline":"Hangk\u00e9pz\u00e9sr\u0151l pedag\u00f3gusoknak \u2013 \u00fajabb el\u0151ad\u00e1s a P\u00e1zm\u00e1ny Pedag\u00f3gus Klubban","datePublished":"2026-02-03T15:25:10+00:00","mainEntityOfPage":{"@id":"https:\/\/dorogimedence.hu\/index.php\/2026\/02\/03\/hangkepzesrol-pedagogusoknak-ujabb-eloadas-a-pazmany-pedagogus-klubban\/"},"wordCount":230,"publisher":{"@id":"https:\/\/dorogimedence.hu\/#organization"},"image":{"@id":"https:\/\/dorogimedence.hu\/index.php\/2026\/02\/03\/hangkepzesrol-pedagogusoknak-ujabb-eloadas-a-pazmany-pedagogus-klubban\/#primaryimage"},"thumbnailUrl":"https:\/\/dorogimedence.hu\/wp-content\/uploads\/2025\/10\/10492.jpg","keywords":["esztergom","P\u00e1zm\u00e1ny Pedag\u00f3gus Klub","program","programok"],"articleSection":["Esztergom","H\u00edrek","Programok"],"inLanguage":"hu"},{"@type":"WebPage","@id":"https:\/\/dorogimedence.hu\/index.php\/2026\/02\/03\/hangkepzesrol-pedagogusoknak-ujabb-eloadas-a-pazmany-pedagogus-klubban\/","url":"https:\/\/dorogimedence.hu\/index.php\/2026\/02\/03\/hangkepzesrol-pedagogusoknak-ujabb-eloadas-a-pazmany-pedagogus-klubban\/","name":"Hangk\u00e9pz\u00e9sr\u0151l pedag\u00f3gusoknak \u2013 \u00fajabb el\u0151ad\u00e1s a P\u00e1zm\u00e1ny Pedag\u00f3gus Klubban","isPartOf":{"@id":"https:\/\/dorogimedence.hu\/#website"},"primaryImageOfPage":{"@id":"https:\/\/dorogimedence.hu\/index.php\/2026\/02\/03\/hangkepzesrol-pedagogusoknak-ujabb-eloadas-a-pazmany-pedagogus-klubban\/#primaryimage"},"image":{"@id":"https:\/\/dorogimedence.hu\/index.php\/2026\/02\/03\/hangkepzesrol-pedagogusoknak-ujabb-eloadas-a-pazmany-pedagogus-klubban\/#primaryimage"},"thumbnailUrl":"https:\/\/dorogimedence.hu\/wp-content\/uploads\/2025\/10\/10492.jpg","datePublished":"2026-02-03T15:25:10+00:00","breadcrumb":{"@id":"https:\/\/dorogimedence.hu\/index.php\/2026\/02\/03\/hangkepzesrol-pedagogusoknak-ujabb-eloadas-a-pazmany-pedagogus-klubban\/#breadcrumb"},"inLanguage":"hu","potentialAction":[{"@type":"ReadAction","target":["https:\/\/dorogimedence.hu\/index.php\/2026\/02\/03\/hangkepzesrol-pedagogusoknak-ujabb-eloadas-a-pazmany-pedagogus-klubban\/"]}]},{"@type":"ImageObject","inLanguage":"hu","@id":"https:\/\/dorogimedence.hu\/index.php\/2026\/02\/03\/hangkepzesrol-pedagogusoknak-ujabb-eloadas-a-pazmany-pedagogus-klubban\/#primaryimage","url":"https:\/\/dorogimedence.hu\/wp-content\/uploads\/2025\/10\/10492.jpg","contentUrl":"https:\/\/dorogimedence.hu\/wp-content\/uploads\/2025\/10\/10492.jpg","width":1500,"height":1000},{"@type":"BreadcrumbList","@id":"https:\/\/dorogimedence.hu\/index.php\/2026\/02\/03\/hangkepzesrol-pedagogusoknak-ujabb-eloadas-a-pazmany-pedagogus-klubban\/#breadcrumb","itemListElement":[{"@type":"ListItem","position":1,"name":"Kezd\u0151lap","item":"https:\/\/dorogimedence.hu\/"},{"@type":"ListItem","position":2,"name":"Hangk\u00e9pz\u00e9sr\u0151l pedag\u00f3gusoknak \u2013 \u00fajabb el\u0151ad\u00e1s a P\u00e1zm\u00e1ny Pedag\u00f3gus Klubban"}]},{"@type":"WebSite","@id":"https:\/\/dorogimedence.hu\/#website","url":"https:\/\/dorogimedence.hu\/","name":"Dorogi-medence Region\u00e1lis H\u00edrport\u00e1l","description":"Dorog, Keszt\u00f6lc, Le\u00e1nyv\u00e1r, Piliscs\u00e9v, Tokod, Tokodalt\u00e1r\u00f3, Csolnok, Esztergom-kertv\u00e1ros: h\u00edrek, programok","publisher":{"@id":"https:\/\/dorogimedence.hu\/#organization"},"potentialAction":[{"@type":"SearchAction","target":{"@type":"EntryPoint","urlTemplate":"https:\/\/dorogimedence.hu\/?s={search_term_string}"},"query-input":{"@type":"PropertyValueSpecification","valueRequired":true,"valueName":"search_term_string"}}],"inLanguage":"hu"},{"@type":"Organization","@id":"https:\/\/dorogimedence.hu\/#organization","name":"Dorogi-medence Region\u00e1lis H\u00edrport\u00e1l","url":"https:\/\/dorogimedence.hu\/","logo":{"@type":"ImageObject","inLanguage":"hu","@id":"https:\/\/dorogimedence.hu\/#\/schema\/logo\/image\/","url":"https:\/\/dorogimedence.hu\/wp-content\/uploads\/2021\/04\/logo-feher-600.png","contentUrl":"https:\/\/dorogimedence.hu\/wp-content\/uploads\/2021\/04\/logo-feher-600.png","width":600,"height":100,"caption":"Dorogi-medence Region\u00e1lis H\u00edrport\u00e1l"},"image":{"@id":"https:\/\/dorogimedence.hu\/#\/schema\/logo\/image\/"},"sameAs":["https:\/\/www.facebook.com\/dorogimedence\/"]},{"@type":"Person","@id":"https:\/\/dorogimedence.hu\/#\/schema\/person\/ce6091eeb7e95ecdc87890d6aa8e0fd4","name":"dorogimedence.hu","image":{"@type":"ImageObject","inLanguage":"hu","@id":"\/\/www.gravatar.com\/avatar\/d8d45f8901aadff40a4af72c0b826f1d?s=96&#038;r=g&#038;d=mm","url":"\/\/www.gravatar.com\/avatar\/d8d45f8901aadff40a4af72c0b826f1d?s=96&#038;r=g&#038;d=mm","contentUrl":"\/\/www.gravatar.com\/avatar\/d8d45f8901aadff40a4af72c0b826f1d?s=96&#038;r=g&#038;d=mm","caption":"dorogimedence.hu"}}]}},"_links":{"self":[{"href":"https:\/\/dorogimedence.hu\/index.php\/wp-json\/wp\/v2\/posts\/77499","targetHints":{"allow":["GET"]}}],"collection":[{"href":"https:\/\/dorogimedence.hu\/index.php\/wp-json\/wp\/v2\/posts"}],"about":[{"href":"https:\/\/dorogimedence.hu\/index.php\/wp-json\/wp\/v2\/types\/post"}],"author":[{"embeddable":true,"href":"https:\/\/dorogimedence.hu\/index.php\/wp-json\/wp\/v2\/users\/1"}],"replies":[{"embeddable":true,"href":"https:\/\/dorogimedence.hu\/index.php\/wp-json\/wp\/v2\/comments?post=77499"}],"version-history":[{"count":0,"href":"https:\/\/dorogimedence.hu\/index.php\/wp-json\/wp\/v2\/posts\/77499\/revisions"}],"wp:featuredmedia":[{"embeddable":true,"href":"https:\/\/dorogimedence.hu\/index.php\/wp-json\/wp\/v2\/media\/75269"}],"wp:attachment":[{"href":"https:\/\/dorogimedence.hu\/index.php\/wp-json\/wp\/v2\/media?parent=77499"}],"wp:term":[{"taxonomy":"category","embeddable":true,"href":"https:\/\/dorogimedence.hu\/index.php\/wp-json\/wp\/v2\/categories?post=77499"},{"taxonomy":"post_tag","embeddable":true,"href":"https:\/\/dorogimedence.hu\/index.php\/wp-json\/wp\/v2\/tags?post=77499"}],"curies":[{"name":"wp","href":"https:\/\/api.w.org\/{rel}","templated":true}]}}