{"id":77478,"date":"2026-02-03T10:18:58","date_gmt":"2026-02-03T09:18:58","guid":{"rendered":"https:\/\/dorogimedence.hu\/?p=77478"},"modified":"2026-02-03T10:18:58","modified_gmt":"2026-02-03T09:18:58","slug":"mintegy-1600-an-vettek-reszt-az-annavolgyi-falusi-disznotoron","status":"publish","type":"post","link":"https:\/\/dorogimedence.hu\/index.php\/2026\/02\/03\/mintegy-1600-an-vettek-reszt-az-annavolgyi-falusi-disznotoron\/","title":{"rendered":"Mintegy 1600-an vettek r\u00e9szt az Annav\u00f6lgyi Falusi Diszn\u00f3toron"},"content":{"rendered":"<p><strong>Janu\u00e1r 31-\u00e9n, szombaton tizenegyedik alkalommal rendezt\u00e9k meg a Falusi Diszn\u00f3tort Annav\u00f6lgy f\u0151ter\u00e9n, amely id\u00e9n minden eddigin\u00e9l nagyobb \u00e9rdekl\u0151d\u00e9st vonzott. A karszalagos regisztr\u00e1ci\u00f3 alapj\u00e1n mintegy 1.600 l\u00e1togat\u00f3 vett r\u00e9szt a t\u00e9rs\u00e9g egyik legn\u00e9pszer\u0171bb t\u00e9li k\u00f6z\u00f6ss\u00e9gi esem\u00e9ny\u00e9n.<\/strong><\/p>\n<p>A diszn\u00f3tor m\u00e1r a kora reggeli \u00f3r\u00e1kban \u00e9letre kelt: a csapatok udvaraiban rotyogtak az \u00fcst\u00f6k, sz\u00e1llt a f\u00fcst, \u00e9s megkezd\u0151d\u00f6tt a hagyom\u00e1nyos diszn\u00f3feldolgoz\u00e1s. A l\u00e1togat\u00f3k testk\u00f6zelb\u0151l k\u00f6vethett\u00e9k v\u00e9gig a munkafolyamatokat, mik\u00f6zben a friss toros illata lengte be a f\u0151teret.<\/p>\n<p><img fetchpriority=\"high\" decoding=\"async\" class=\"alignnone size-full wp-image-77480\" src=\"https:\/\/dorogimedence.hu\/wp-content\/uploads\/2026\/02\/N0gCdzWX.jpg\" alt=\"\" width=\"2048\" height=\"1153\" srcset=\"https:\/\/dorogimedence.hu\/wp-content\/uploads\/2026\/02\/N0gCdzWX.jpg 2048w, https:\/\/dorogimedence.hu\/wp-content\/uploads\/2026\/02\/N0gCdzWX-600x338.jpg 600w, https:\/\/dorogimedence.hu\/wp-content\/uploads\/2026\/02\/N0gCdzWX-1920x1081.jpg 1920w, https:\/\/dorogimedence.hu\/wp-content\/uploads\/2026\/02\/N0gCdzWX-768x432.jpg 768w, https:\/\/dorogimedence.hu\/wp-content\/uploads\/2026\/02\/N0gCdzWX-1536x865.jpg 1536w, https:\/\/dorogimedence.hu\/wp-content\/uploads\/2026\/02\/N0gCdzWX-150x84.jpg 150w, https:\/\/dorogimedence.hu\/wp-content\/uploads\/2026\/02\/N0gCdzWX-450x253.jpg 450w, https:\/\/dorogimedence.hu\/wp-content\/uploads\/2026\/02\/N0gCdzWX-1200x676.jpg 1200w\" sizes=\"(max-width: 2048px) 100vw, 2048px\" \/><\/p>\n<p>Az idei rendezv\u00e9ny gasztron\u00f3miai k\u00edn\u00e1lata is kiemelked\u0151 volt. A klasszikus hurka \u00e9s kolb\u00e1sz mellett nagy n\u00e9pszer\u0171s\u00e9gnek \u00f6rvendett a hortob\u00e1gyi k\u00e1poszta, valamint a k\u00fcl\u00f6nf\u00e9le diszn\u00f3toros fog\u00e1sok, melyeket forralt bor, p\u00e1linka, forr\u00f3 tea, friss keny\u00e9r \u00e9s savany\u00fas\u00e1gok eg\u00e9sz\u00edtettek ki. A k\u00edn\u00e1latot sajtk\u00fcl\u00f6nlegess\u00e9gek is sz\u00ednes\u00edtett\u00e9k.<\/p>\n<p>A j\u00f3 hangulatr\u00f3l eg\u00e9sz nap gondoskodtak a fell\u00e9p\u0151k, a zen\u00e9szek \u00e9s a programok, mik\u00f6zben a t\u00e9rs\u00e9g \u201eh\u00edrhedt\u201d bety\u00e1rjai l\u00e1tv\u00e1nyos megjelen\u00e9s\u00fckkel \u00e9s humoros jeleneteikkel tov\u00e1bb fokozt\u00e1k a falusi diszn\u00f3toros \u00e9lm\u00e9nyt. A rendezv\u00e9ny \u00edgy nemcsak gasztron\u00f3miai esem\u00e9ny volt, hanem igazi k\u00f6z\u00f6ss\u00e9gi tal\u00e1lkoz\u00f3 is, amely a k\u00f6rny\u00e9k telep\u00fcl\u00e9seir\u0151l is sokakat vonzott.<\/p>\n<p><img decoding=\"async\" class=\"alignnone size-full wp-image-77481\" src=\"https:\/\/dorogimedence.hu\/wp-content\/uploads\/2026\/02\/5CK8-OTZ.jpg\" alt=\"\" width=\"2048\" height=\"1153\" srcset=\"https:\/\/dorogimedence.hu\/wp-content\/uploads\/2026\/02\/5CK8-OTZ.jpg 2048w, https:\/\/dorogimedence.hu\/wp-content\/uploads\/2026\/02\/5CK8-OTZ-600x338.jpg 600w, https:\/\/dorogimedence.hu\/wp-content\/uploads\/2026\/02\/5CK8-OTZ-1920x1081.jpg 1920w, https:\/\/dorogimedence.hu\/wp-content\/uploads\/2026\/02\/5CK8-OTZ-768x432.jpg 768w, https:\/\/dorogimedence.hu\/wp-content\/uploads\/2026\/02\/5CK8-OTZ-1536x865.jpg 1536w, https:\/\/dorogimedence.hu\/wp-content\/uploads\/2026\/02\/5CK8-OTZ-150x84.jpg 150w, https:\/\/dorogimedence.hu\/wp-content\/uploads\/2026\/02\/5CK8-OTZ-450x253.jpg 450w, https:\/\/dorogimedence.hu\/wp-content\/uploads\/2026\/02\/5CK8-OTZ-1200x676.jpg 1200w\" sizes=\"(max-width: 2048px) 100vw, 2048px\" \/><\/p>\n<p>A legkisebbek sz\u00e1m\u00e1ra sem maradt el a sz\u00f3rakoz\u00e1s: kos\u00e1rhinta, p\u00f3nikocsiz\u00e1s, lovagoltat\u00e1s \u00e9s a nagy kedvenc, a R\u00f6fi-vonat v\u00e1rta a gyermekeket eg\u00e9sz nap.<\/p>\n<p><strong>Az idei Falusi Diszn\u00f3toron az al\u00e1bbi csapatok vettek r\u00e9szt:<\/strong><\/p>\n<ul>\n<li>Annav\u00f6lgy \u2013 Munk\u00e1csy utca<\/li>\n<li>Esztergomi Bor- Gasztrobar\u00e1tok Egyes\u00fclete<\/li>\n<li>Nagys\u00e1pi Szabad Bety\u00e1rok<\/li>\n<li>S\u00e1ris\u00e1pi \u00d6nk\u00e9ntes T\u0171zolt\u00f3 Egyes\u00fclet<\/li>\n<li>Tokod \u00d6nkorm\u00e1nyzata<\/li>\n<li>Tokodalt\u00e1r\u00f3 \u00d6nkorm\u00e1nyzata<\/li>\n<li>VELE-d Le\u00e1nyv\u00e1r<\/li>\n<\/ul>\n<p><img decoding=\"async\" class=\"alignnone size-full wp-image-77483\" src=\"https:\/\/dorogimedence.hu\/wp-content\/uploads\/2026\/02\/9sUep4cd.jpg\" alt=\"\" width=\"2048\" height=\"1153\" srcset=\"https:\/\/dorogimedence.hu\/wp-content\/uploads\/2026\/02\/9sUep4cd.jpg 2048w, https:\/\/dorogimedence.hu\/wp-content\/uploads\/2026\/02\/9sUep4cd-600x338.jpg 600w, https:\/\/dorogimedence.hu\/wp-content\/uploads\/2026\/02\/9sUep4cd-1920x1081.jpg 1920w, https:\/\/dorogimedence.hu\/wp-content\/uploads\/2026\/02\/9sUep4cd-768x432.jpg 768w, https:\/\/dorogimedence.hu\/wp-content\/uploads\/2026\/02\/9sUep4cd-1536x865.jpg 1536w, https:\/\/dorogimedence.hu\/wp-content\/uploads\/2026\/02\/9sUep4cd-150x84.jpg 150w, https:\/\/dorogimedence.hu\/wp-content\/uploads\/2026\/02\/9sUep4cd-450x253.jpg 450w, https:\/\/dorogimedence.hu\/wp-content\/uploads\/2026\/02\/9sUep4cd-1200x676.jpg 1200w\" sizes=\"(max-width: 2048px) 100vw, 2048px\" \/><\/p>\n<p>A nap folyam\u00e1n tombolasorsol\u00e1st is tartottak, amely szint\u00e9n sok \u00e9rdekl\u0151d\u0151t vonzott a d\u00e9lut\u00e1ni \u00f3r\u00e1kban.<\/p>\n<p>A XI. Annav\u00f6lgyi Falusi Diszn\u00f3tor a Jelzek K\u00f6z\u00f6ss\u00e9gfejleszt\u0151 Egyes\u00fclet \u00e9s Annav\u00f6lgy K\u00f6zs\u00e9g \u00d6nkorm\u00e1nyzata k\u00f6z\u00f6s szervez\u00e9s\u00e9ben val\u00f3sult meg. A rekordk\u00f6zeli l\u00e1togat\u00f3sz\u00e1m \u00e9s a felszabadult hangulat egy\u00e9rtelm\u0171en jelezte: a hagyom\u00e1nyos falusi diszn\u00f3tor Annav\u00f6lgy\u00f6n tov\u00e1bbra is \u00e9l\u0151, k\u00f6z\u00f6ss\u00e9gform\u00e1l\u00f3 esem\u00e9ny, amely \u00e9vr\u0151l \u00e9vre egyre t\u00f6bbeket sz\u00f3l\u00edt meg.<\/p>\n<p><img loading=\"lazy\" decoding=\"async\" class=\"alignnone size-full wp-image-77482\" src=\"https:\/\/dorogimedence.hu\/wp-content\/uploads\/2026\/02\/PrYVfLln.jpg\" alt=\"\" width=\"2048\" height=\"1153\" srcset=\"https:\/\/dorogimedence.hu\/wp-content\/uploads\/2026\/02\/PrYVfLln.jpg 2048w, https:\/\/dorogimedence.hu\/wp-content\/uploads\/2026\/02\/PrYVfLln-600x338.jpg 600w, https:\/\/dorogimedence.hu\/wp-content\/uploads\/2026\/02\/PrYVfLln-1920x1081.jpg 1920w, https:\/\/dorogimedence.hu\/wp-content\/uploads\/2026\/02\/PrYVfLln-768x432.jpg 768w, https:\/\/dorogimedence.hu\/wp-content\/uploads\/2026\/02\/PrYVfLln-1536x865.jpg 1536w, https:\/\/dorogimedence.hu\/wp-content\/uploads\/2026\/02\/PrYVfLln-150x84.jpg 150w, https:\/\/dorogimedence.hu\/wp-content\/uploads\/2026\/02\/PrYVfLln-450x253.jpg 450w, https:\/\/dorogimedence.hu\/wp-content\/uploads\/2026\/02\/PrYVfLln-1200x676.jpg 1200w\" sizes=\"(max-width: 2048px) 100vw, 2048px\" \/><\/p>\n<p>Az esem\u00e9nyr\u0151l a kemma.hu egy hosszabb besz\u00e1mol\u00f3t is k\u00e9sz\u00edtett, amely <a href=\"https:\/\/www.kemma.hu\/helyi-kozelet\/2026\/02\/falusi-disznotor-annavolgy-hortobagyi-kaposzta-betyarok\" target=\"_blank\" rel=\"noopener\"><span style=\"text-decoration: underline; color: #0000ff;\">ide kattintva<\/span><\/a> tekinthet\u0151 meg.<\/p>\n<p><em>Fot\u00f3k: Walczer Patrik<\/em><\/p>\n","protected":false},"excerpt":{"rendered":"<p>Janu\u00e1r 31-\u00e9n, szombaton tizenegyedik alkalommal rendezt\u00e9k meg a Falusi Diszn\u00f3tort Annav\u00f6lgy f\u0151ter\u00e9n, amely id\u00e9n minden eddigin\u00e9l nagyobb \u00e9rdekl\u0151d\u00e9st vonzott. A karszalagos regisztr\u00e1ci\u00f3 alapj\u00e1n mintegy 1.600 l\u00e1togat\u00f3 vett r\u00e9szt a t\u00e9rs\u00e9g egyik legn\u00e9pszer\u0171bb t\u00e9li k\u00f6z\u00f6ss\u00e9gi esem\u00e9ny\u00e9n. A diszn\u00f3tor m\u00e1r a kora reggeli \u00f3r\u00e1kban \u00e9letre kelt: a csapatok udvaraiban rotyogtak az \u00fcst\u00f6k, sz\u00e1llt a f\u00fcst, \u00e9s megkezd\u0151d\u00f6tt<\/p>\n","protected":false},"author":1,"featured_media":77479,"comment_status":"closed","ping_status":"closed","sticky":false,"template":"","format":"standard","meta":{"ngg_post_thumbnail":0,"footnotes":""},"categories":[3],"tags":[347,6943,5624],"class_list":{"0":"post-77478","1":"post","2":"type-post","3":"status-publish","4":"format-standard","5":"has-post-thumbnail","7":"category-hirek","8":"tag-annavolgy","9":"tag-falusi-disznotor","10":"tag-featured"},"yoast_head":"<!-- This site is optimized with the Yoast SEO plugin v27.5 - https:\/\/yoast.com\/product\/yoast-seo-wordpress\/ -->\n<title>Mintegy 1600-an vettek r\u00e9szt az Annav\u00f6lgyi Falusi Diszn\u00f3toron<\/title>\n<meta name=\"robots\" content=\"index, follow, max-snippet:-1, max-image-preview:large, max-video-preview:-1\" \/>\n<link rel=\"canonical\" href=\"https:\/\/dorogimedence.hu\/index.php\/2026\/02\/03\/mintegy-1600-an-vettek-reszt-az-annavolgyi-falusi-disznotoron\/\" class=\"yoast-seo-meta-tag\" \/>\n<meta property=\"og:locale\" content=\"hu_HU\" class=\"yoast-seo-meta-tag\" \/>\n<meta property=\"og:type\" content=\"article\" class=\"yoast-seo-meta-tag\" \/>\n<meta property=\"og:title\" content=\"Mintegy 1600-an vettek r\u00e9szt az Annav\u00f6lgyi Falusi Diszn\u00f3toron\" class=\"yoast-seo-meta-tag\" \/>\n<meta property=\"og:description\" content=\"Janu\u00e1r 31-\u00e9n, szombaton tizenegyedik alkalommal rendezt\u00e9k meg a Falusi Diszn\u00f3tort Annav\u00f6lgy f\u0151ter\u00e9n, amely id\u00e9n minden eddigin\u00e9l nagyobb \u00e9rdekl\u0151d\u00e9st vonzott. A karszalagos regisztr\u00e1ci\u00f3 alapj\u00e1n mintegy 1.600 l\u00e1togat\u00f3 vett r\u00e9szt a t\u00e9rs\u00e9g egyik legn\u00e9pszer\u0171bb t\u00e9li k\u00f6z\u00f6ss\u00e9gi esem\u00e9ny\u00e9n. A diszn\u00f3tor m\u00e1r a kora reggeli \u00f3r\u00e1kban \u00e9letre kelt: a csapatok udvaraiban rotyogtak az \u00fcst\u00f6k, sz\u00e1llt a f\u00fcst, \u00e9s megkezd\u0151d\u00f6tt\" class=\"yoast-seo-meta-tag\" \/>\n<meta property=\"og:url\" content=\"https:\/\/dorogimedence.hu\/index.php\/2026\/02\/03\/mintegy-1600-an-vettek-reszt-az-annavolgyi-falusi-disznotoron\/\" class=\"yoast-seo-meta-tag\" \/>\n<meta property=\"og:site_name\" content=\"Dorogi-medence Region\u00e1lis H\u00edrport\u00e1l\" class=\"yoast-seo-meta-tag\" \/>\n<meta property=\"article:publisher\" content=\"https:\/\/www.facebook.com\/dorogimedence\/\" class=\"yoast-seo-meta-tag\" \/>\n<meta property=\"article:published_time\" content=\"2026-02-03T09:18:58+00:00\" class=\"yoast-seo-meta-tag\" \/>\n<meta property=\"og:image\" content=\"https:\/\/dorogimedence.hu\/wp-content\/uploads\/2026\/02\/RTVhVdS-.jpg\" class=\"yoast-seo-meta-tag\" \/>\n\t<meta property=\"og:image:width\" content=\"2048\" class=\"yoast-seo-meta-tag\" \/>\n\t<meta property=\"og:image:height\" content=\"1153\" class=\"yoast-seo-meta-tag\" \/>\n\t<meta property=\"og:image:type\" content=\"image\/jpeg\" class=\"yoast-seo-meta-tag\" \/>\n<meta name=\"author\" content=\"dorogimedence.hu\" class=\"yoast-seo-meta-tag\" \/>\n<meta name=\"twitter:card\" content=\"summary_large_image\" class=\"yoast-seo-meta-tag\" \/>\n<meta name=\"twitter:label1\" content=\"Szerz\u0151:\" class=\"yoast-seo-meta-tag\" \/>\n\t<meta name=\"twitter:data1\" content=\"dorogimedence.hu\" class=\"yoast-seo-meta-tag\" \/>\n\t<meta name=\"twitter:label2\" content=\"Becs\u00fclt olvas\u00e1si id\u0151\" class=\"yoast-seo-meta-tag\" \/>\n\t<meta name=\"twitter:data2\" content=\"2 perc\" class=\"yoast-seo-meta-tag\" \/>\n<script type=\"application\/ld+json\" class=\"yoast-schema-graph\">{\"@context\":\"https:\\\/\\\/schema.org\",\"@graph\":[{\"@type\":\"Article\",\"@id\":\"https:\\\/\\\/dorogimedence.hu\\\/index.php\\\/2026\\\/02\\\/03\\\/mintegy-1600-an-vettek-reszt-az-annavolgyi-falusi-disznotoron\\\/#article\",\"isPartOf\":{\"@id\":\"https:\\\/\\\/dorogimedence.hu\\\/index.php\\\/2026\\\/02\\\/03\\\/mintegy-1600-an-vettek-reszt-az-annavolgyi-falusi-disznotoron\\\/\"},\"author\":{\"name\":\"dorogimedence.hu\",\"@id\":\"https:\\\/\\\/dorogimedence.hu\\\/#\\\/schema\\\/person\\\/ce6091eeb7e95ecdc87890d6aa8e0fd4\"},\"headline\":\"Mintegy 1600-an vettek r\u00e9szt az Annav\u00f6lgyi Falusi Diszn\u00f3toron\",\"datePublished\":\"2026-02-03T09:18:58+00:00\",\"mainEntityOfPage\":{\"@id\":\"https:\\\/\\\/dorogimedence.hu\\\/index.php\\\/2026\\\/02\\\/03\\\/mintegy-1600-an-vettek-reszt-az-annavolgyi-falusi-disznotoron\\\/\"},\"wordCount\":484,\"publisher\":{\"@id\":\"https:\\\/\\\/dorogimedence.hu\\\/#organization\"},\"image\":{\"@id\":\"https:\\\/\\\/dorogimedence.hu\\\/index.php\\\/2026\\\/02\\\/03\\\/mintegy-1600-an-vettek-reszt-az-annavolgyi-falusi-disznotoron\\\/#primaryimage\"},\"thumbnailUrl\":\"https:\\\/\\\/dorogimedence.hu\\\/wp-content\\\/uploads\\\/2026\\\/02\\\/RTVhVdS-.jpg\",\"keywords\":[\"Annav\u00f6lgy\",\"falusi diszn\u00f3tor\",\"featured\"],\"articleSection\":[\"H\u00edrek\"],\"inLanguage\":\"hu\"},{\"@type\":\"WebPage\",\"@id\":\"https:\\\/\\\/dorogimedence.hu\\\/index.php\\\/2026\\\/02\\\/03\\\/mintegy-1600-an-vettek-reszt-az-annavolgyi-falusi-disznotoron\\\/\",\"url\":\"https:\\\/\\\/dorogimedence.hu\\\/index.php\\\/2026\\\/02\\\/03\\\/mintegy-1600-an-vettek-reszt-az-annavolgyi-falusi-disznotoron\\\/\",\"name\":\"Mintegy 1600-an vettek r\u00e9szt az Annav\u00f6lgyi Falusi Diszn\u00f3toron\",\"isPartOf\":{\"@id\":\"https:\\\/\\\/dorogimedence.hu\\\/#website\"},\"primaryImageOfPage\":{\"@id\":\"https:\\\/\\\/dorogimedence.hu\\\/index.php\\\/2026\\\/02\\\/03\\\/mintegy-1600-an-vettek-reszt-az-annavolgyi-falusi-disznotoron\\\/#primaryimage\"},\"image\":{\"@id\":\"https:\\\/\\\/dorogimedence.hu\\\/index.php\\\/2026\\\/02\\\/03\\\/mintegy-1600-an-vettek-reszt-az-annavolgyi-falusi-disznotoron\\\/#primaryimage\"},\"thumbnailUrl\":\"https:\\\/\\\/dorogimedence.hu\\\/wp-content\\\/uploads\\\/2026\\\/02\\\/RTVhVdS-.jpg\",\"datePublished\":\"2026-02-03T09:18:58+00:00\",\"breadcrumb\":{\"@id\":\"https:\\\/\\\/dorogimedence.hu\\\/index.php\\\/2026\\\/02\\\/03\\\/mintegy-1600-an-vettek-reszt-az-annavolgyi-falusi-disznotoron\\\/#breadcrumb\"},\"inLanguage\":\"hu\",\"potentialAction\":[{\"@type\":\"ReadAction\",\"target\":[\"https:\\\/\\\/dorogimedence.hu\\\/index.php\\\/2026\\\/02\\\/03\\\/mintegy-1600-an-vettek-reszt-az-annavolgyi-falusi-disznotoron\\\/\"]}]},{\"@type\":\"ImageObject\",\"inLanguage\":\"hu\",\"@id\":\"https:\\\/\\\/dorogimedence.hu\\\/index.php\\\/2026\\\/02\\\/03\\\/mintegy-1600-an-vettek-reszt-az-annavolgyi-falusi-disznotoron\\\/#primaryimage\",\"url\":\"https:\\\/\\\/dorogimedence.hu\\\/wp-content\\\/uploads\\\/2026\\\/02\\\/RTVhVdS-.jpg\",\"contentUrl\":\"https:\\\/\\\/dorogimedence.hu\\\/wp-content\\\/uploads\\\/2026\\\/02\\\/RTVhVdS-.jpg\",\"width\":2048,\"height\":1153},{\"@type\":\"BreadcrumbList\",\"@id\":\"https:\\\/\\\/dorogimedence.hu\\\/index.php\\\/2026\\\/02\\\/03\\\/mintegy-1600-an-vettek-reszt-az-annavolgyi-falusi-disznotoron\\\/#breadcrumb\",\"itemListElement\":[{\"@type\":\"ListItem\",\"position\":1,\"name\":\"Kezd\u0151lap\",\"item\":\"https:\\\/\\\/dorogimedence.hu\\\/\"},{\"@type\":\"ListItem\",\"position\":2,\"name\":\"Mintegy 1600-an vettek r\u00e9szt az Annav\u00f6lgyi Falusi Diszn\u00f3toron\"}]},{\"@type\":\"WebSite\",\"@id\":\"https:\\\/\\\/dorogimedence.hu\\\/#website\",\"url\":\"https:\\\/\\\/dorogimedence.hu\\\/\",\"name\":\"Dorogi-medence Region\u00e1lis H\u00edrport\u00e1l\",\"description\":\"Dorog, Keszt\u00f6lc, Le\u00e1nyv\u00e1r, Piliscs\u00e9v, Tokod, Tokodalt\u00e1r\u00f3, Csolnok, Esztergom-kertv\u00e1ros: h\u00edrek, programok\",\"publisher\":{\"@id\":\"https:\\\/\\\/dorogimedence.hu\\\/#organization\"},\"potentialAction\":[{\"@type\":\"SearchAction\",\"target\":{\"@type\":\"EntryPoint\",\"urlTemplate\":\"https:\\\/\\\/dorogimedence.hu\\\/?s={search_term_string}\"},\"query-input\":{\"@type\":\"PropertyValueSpecification\",\"valueRequired\":true,\"valueName\":\"search_term_string\"}}],\"inLanguage\":\"hu\"},{\"@type\":\"Organization\",\"@id\":\"https:\\\/\\\/dorogimedence.hu\\\/#organization\",\"name\":\"Dorogi-medence Region\u00e1lis H\u00edrport\u00e1l\",\"url\":\"https:\\\/\\\/dorogimedence.hu\\\/\",\"logo\":{\"@type\":\"ImageObject\",\"inLanguage\":\"hu\",\"@id\":\"https:\\\/\\\/dorogimedence.hu\\\/#\\\/schema\\\/logo\\\/image\\\/\",\"url\":\"https:\\\/\\\/dorogimedence.hu\\\/wp-content\\\/uploads\\\/2021\\\/04\\\/logo-feher-600.png\",\"contentUrl\":\"https:\\\/\\\/dorogimedence.hu\\\/wp-content\\\/uploads\\\/2021\\\/04\\\/logo-feher-600.png\",\"width\":600,\"height\":100,\"caption\":\"Dorogi-medence Region\u00e1lis H\u00edrport\u00e1l\"},\"image\":{\"@id\":\"https:\\\/\\\/dorogimedence.hu\\\/#\\\/schema\\\/logo\\\/image\\\/\"},\"sameAs\":[\"https:\\\/\\\/www.facebook.com\\\/dorogimedence\\\/\"]},{\"@type\":\"Person\",\"@id\":\"https:\\\/\\\/dorogimedence.hu\\\/#\\\/schema\\\/person\\\/ce6091eeb7e95ecdc87890d6aa8e0fd4\",\"name\":\"dorogimedence.hu\",\"image\":{\"@type\":\"ImageObject\",\"inLanguage\":\"hu\",\"@id\":\"\\\/\\\/www.gravatar.com\\\/avatar\\\/d8d45f8901aadff40a4af72c0b826f1d?s=96&#038;r=g&#038;d=mm\",\"url\":\"\\\/\\\/www.gravatar.com\\\/avatar\\\/d8d45f8901aadff40a4af72c0b826f1d?s=96&#038;r=g&#038;d=mm\",\"contentUrl\":\"\\\/\\\/www.gravatar.com\\\/avatar\\\/d8d45f8901aadff40a4af72c0b826f1d?s=96&#038;r=g&#038;d=mm\",\"caption\":\"dorogimedence.hu\"}}]}<\/script>\n<!-- \/ Yoast SEO plugin. -->","yoast_head_json":{"title":"Mintegy 1600-an vettek r\u00e9szt az Annav\u00f6lgyi Falusi Diszn\u00f3toron","robots":{"index":"index","follow":"follow","max-snippet":"max-snippet:-1","max-image-preview":"max-image-preview:large","max-video-preview":"max-video-preview:-1"},"canonical":"https:\/\/dorogimedence.hu\/index.php\/2026\/02\/03\/mintegy-1600-an-vettek-reszt-az-annavolgyi-falusi-disznotoron\/","og_locale":"hu_HU","og_type":"article","og_title":"Mintegy 1600-an vettek r\u00e9szt az Annav\u00f6lgyi Falusi Diszn\u00f3toron","og_description":"Janu\u00e1r 31-\u00e9n, szombaton tizenegyedik alkalommal rendezt\u00e9k meg a Falusi Diszn\u00f3tort Annav\u00f6lgy f\u0151ter\u00e9n, amely id\u00e9n minden eddigin\u00e9l nagyobb \u00e9rdekl\u0151d\u00e9st vonzott. A karszalagos regisztr\u00e1ci\u00f3 alapj\u00e1n mintegy 1.600 l\u00e1togat\u00f3 vett r\u00e9szt a t\u00e9rs\u00e9g egyik legn\u00e9pszer\u0171bb t\u00e9li k\u00f6z\u00f6ss\u00e9gi esem\u00e9ny\u00e9n. A diszn\u00f3tor m\u00e1r a kora reggeli \u00f3r\u00e1kban \u00e9letre kelt: a csapatok udvaraiban rotyogtak az \u00fcst\u00f6k, sz\u00e1llt a f\u00fcst, \u00e9s megkezd\u0151d\u00f6tt","og_url":"https:\/\/dorogimedence.hu\/index.php\/2026\/02\/03\/mintegy-1600-an-vettek-reszt-az-annavolgyi-falusi-disznotoron\/","og_site_name":"Dorogi-medence Region\u00e1lis H\u00edrport\u00e1l","article_publisher":"https:\/\/www.facebook.com\/dorogimedence\/","article_published_time":"2026-02-03T09:18:58+00:00","og_image":[{"width":2048,"height":1153,"url":"https:\/\/dorogimedence.hu\/wp-content\/uploads\/2026\/02\/RTVhVdS-.jpg","type":"image\/jpeg"}],"author":"dorogimedence.hu","twitter_card":"summary_large_image","twitter_misc":{"Szerz\u0151:":"dorogimedence.hu","Becs\u00fclt olvas\u00e1si id\u0151":"2 perc"},"schema":{"@context":"https:\/\/schema.org","@graph":[{"@type":"Article","@id":"https:\/\/dorogimedence.hu\/index.php\/2026\/02\/03\/mintegy-1600-an-vettek-reszt-az-annavolgyi-falusi-disznotoron\/#article","isPartOf":{"@id":"https:\/\/dorogimedence.hu\/index.php\/2026\/02\/03\/mintegy-1600-an-vettek-reszt-az-annavolgyi-falusi-disznotoron\/"},"author":{"name":"dorogimedence.hu","@id":"https:\/\/dorogimedence.hu\/#\/schema\/person\/ce6091eeb7e95ecdc87890d6aa8e0fd4"},"headline":"Mintegy 1600-an vettek r\u00e9szt az Annav\u00f6lgyi Falusi Diszn\u00f3toron","datePublished":"2026-02-03T09:18:58+00:00","mainEntityOfPage":{"@id":"https:\/\/dorogimedence.hu\/index.php\/2026\/02\/03\/mintegy-1600-an-vettek-reszt-az-annavolgyi-falusi-disznotoron\/"},"wordCount":484,"publisher":{"@id":"https:\/\/dorogimedence.hu\/#organization"},"image":{"@id":"https:\/\/dorogimedence.hu\/index.php\/2026\/02\/03\/mintegy-1600-an-vettek-reszt-az-annavolgyi-falusi-disznotoron\/#primaryimage"},"thumbnailUrl":"https:\/\/dorogimedence.hu\/wp-content\/uploads\/2026\/02\/RTVhVdS-.jpg","keywords":["Annav\u00f6lgy","falusi diszn\u00f3tor","featured"],"articleSection":["H\u00edrek"],"inLanguage":"hu"},{"@type":"WebPage","@id":"https:\/\/dorogimedence.hu\/index.php\/2026\/02\/03\/mintegy-1600-an-vettek-reszt-az-annavolgyi-falusi-disznotoron\/","url":"https:\/\/dorogimedence.hu\/index.php\/2026\/02\/03\/mintegy-1600-an-vettek-reszt-az-annavolgyi-falusi-disznotoron\/","name":"Mintegy 1600-an vettek r\u00e9szt az Annav\u00f6lgyi Falusi Diszn\u00f3toron","isPartOf":{"@id":"https:\/\/dorogimedence.hu\/#website"},"primaryImageOfPage":{"@id":"https:\/\/dorogimedence.hu\/index.php\/2026\/02\/03\/mintegy-1600-an-vettek-reszt-az-annavolgyi-falusi-disznotoron\/#primaryimage"},"image":{"@id":"https:\/\/dorogimedence.hu\/index.php\/2026\/02\/03\/mintegy-1600-an-vettek-reszt-az-annavolgyi-falusi-disznotoron\/#primaryimage"},"thumbnailUrl":"https:\/\/dorogimedence.hu\/wp-content\/uploads\/2026\/02\/RTVhVdS-.jpg","datePublished":"2026-02-03T09:18:58+00:00","breadcrumb":{"@id":"https:\/\/dorogimedence.hu\/index.php\/2026\/02\/03\/mintegy-1600-an-vettek-reszt-az-annavolgyi-falusi-disznotoron\/#breadcrumb"},"inLanguage":"hu","potentialAction":[{"@type":"ReadAction","target":["https:\/\/dorogimedence.hu\/index.php\/2026\/02\/03\/mintegy-1600-an-vettek-reszt-az-annavolgyi-falusi-disznotoron\/"]}]},{"@type":"ImageObject","inLanguage":"hu","@id":"https:\/\/dorogimedence.hu\/index.php\/2026\/02\/03\/mintegy-1600-an-vettek-reszt-az-annavolgyi-falusi-disznotoron\/#primaryimage","url":"https:\/\/dorogimedence.hu\/wp-content\/uploads\/2026\/02\/RTVhVdS-.jpg","contentUrl":"https:\/\/dorogimedence.hu\/wp-content\/uploads\/2026\/02\/RTVhVdS-.jpg","width":2048,"height":1153},{"@type":"BreadcrumbList","@id":"https:\/\/dorogimedence.hu\/index.php\/2026\/02\/03\/mintegy-1600-an-vettek-reszt-az-annavolgyi-falusi-disznotoron\/#breadcrumb","itemListElement":[{"@type":"ListItem","position":1,"name":"Kezd\u0151lap","item":"https:\/\/dorogimedence.hu\/"},{"@type":"ListItem","position":2,"name":"Mintegy 1600-an vettek r\u00e9szt az Annav\u00f6lgyi Falusi Diszn\u00f3toron"}]},{"@type":"WebSite","@id":"https:\/\/dorogimedence.hu\/#website","url":"https:\/\/dorogimedence.hu\/","name":"Dorogi-medence Region\u00e1lis H\u00edrport\u00e1l","description":"Dorog, Keszt\u00f6lc, Le\u00e1nyv\u00e1r, Piliscs\u00e9v, Tokod, Tokodalt\u00e1r\u00f3, Csolnok, Esztergom-kertv\u00e1ros: h\u00edrek, programok","publisher":{"@id":"https:\/\/dorogimedence.hu\/#organization"},"potentialAction":[{"@type":"SearchAction","target":{"@type":"EntryPoint","urlTemplate":"https:\/\/dorogimedence.hu\/?s={search_term_string}"},"query-input":{"@type":"PropertyValueSpecification","valueRequired":true,"valueName":"search_term_string"}}],"inLanguage":"hu"},{"@type":"Organization","@id":"https:\/\/dorogimedence.hu\/#organization","name":"Dorogi-medence Region\u00e1lis H\u00edrport\u00e1l","url":"https:\/\/dorogimedence.hu\/","logo":{"@type":"ImageObject","inLanguage":"hu","@id":"https:\/\/dorogimedence.hu\/#\/schema\/logo\/image\/","url":"https:\/\/dorogimedence.hu\/wp-content\/uploads\/2021\/04\/logo-feher-600.png","contentUrl":"https:\/\/dorogimedence.hu\/wp-content\/uploads\/2021\/04\/logo-feher-600.png","width":600,"height":100,"caption":"Dorogi-medence Region\u00e1lis H\u00edrport\u00e1l"},"image":{"@id":"https:\/\/dorogimedence.hu\/#\/schema\/logo\/image\/"},"sameAs":["https:\/\/www.facebook.com\/dorogimedence\/"]},{"@type":"Person","@id":"https:\/\/dorogimedence.hu\/#\/schema\/person\/ce6091eeb7e95ecdc87890d6aa8e0fd4","name":"dorogimedence.hu","image":{"@type":"ImageObject","inLanguage":"hu","@id":"\/\/www.gravatar.com\/avatar\/d8d45f8901aadff40a4af72c0b826f1d?s=96&#038;r=g&#038;d=mm","url":"\/\/www.gravatar.com\/avatar\/d8d45f8901aadff40a4af72c0b826f1d?s=96&#038;r=g&#038;d=mm","contentUrl":"\/\/www.gravatar.com\/avatar\/d8d45f8901aadff40a4af72c0b826f1d?s=96&#038;r=g&#038;d=mm","caption":"dorogimedence.hu"}}]}},"_links":{"self":[{"href":"https:\/\/dorogimedence.hu\/index.php\/wp-json\/wp\/v2\/posts\/77478","targetHints":{"allow":["GET"]}}],"collection":[{"href":"https:\/\/dorogimedence.hu\/index.php\/wp-json\/wp\/v2\/posts"}],"about":[{"href":"https:\/\/dorogimedence.hu\/index.php\/wp-json\/wp\/v2\/types\/post"}],"author":[{"embeddable":true,"href":"https:\/\/dorogimedence.hu\/index.php\/wp-json\/wp\/v2\/users\/1"}],"replies":[{"embeddable":true,"href":"https:\/\/dorogimedence.hu\/index.php\/wp-json\/wp\/v2\/comments?post=77478"}],"version-history":[{"count":0,"href":"https:\/\/dorogimedence.hu\/index.php\/wp-json\/wp\/v2\/posts\/77478\/revisions"}],"wp:featuredmedia":[{"embeddable":true,"href":"https:\/\/dorogimedence.hu\/index.php\/wp-json\/wp\/v2\/media\/77479"}],"wp:attachment":[{"href":"https:\/\/dorogimedence.hu\/index.php\/wp-json\/wp\/v2\/media?parent=77478"}],"wp:term":[{"taxonomy":"category","embeddable":true,"href":"https:\/\/dorogimedence.hu\/index.php\/wp-json\/wp\/v2\/categories?post=77478"},{"taxonomy":"post_tag","embeddable":true,"href":"https:\/\/dorogimedence.hu\/index.php\/wp-json\/wp\/v2\/tags?post=77478"}],"curies":[{"name":"wp","href":"https:\/\/api.w.org\/{rel}","templated":true}]}}