{"id":7709,"date":"2018-01-12T14:46:00","date_gmt":"2018-01-12T13:46:00","guid":{"rendered":"http:\/\/dorogimedence.hu\/?p=7709"},"modified":"2018-01-12T14:46:00","modified_gmt":"2018-01-12T13:46:00","slug":"a-dorogi-fc-teli-menetrendje","status":"publish","type":"post","link":"https:\/\/dorogimedence.hu\/index.php\/2018\/01\/12\/a-dorogi-fc-teli-menetrendje\/","title":{"rendered":"A Dorogi FC t\u00e9li menetrendje"},"content":{"rendered":"<p><strong>Elkezd\u0151d\u00f6tt a 2018-as \u00e9v, a Dorogi FC feln\u0151tt csapat\u00e1nak sz\u00e1m\u00e1ra is v\u00e9get \u00e9rt a pihen\u00e9s. A sportol\u00f3k m\u00e1r jav\u00e1ban k\u00e9sz\u00fclnek a tavaszi szezonra, aminek a hivatalos felk\u00e9sz\u00fcl\u00e9si m\u00e9rk\u0151z\u00e9sek is a r\u00e9sz\u00e9t k\u00e9pezik.<\/strong><\/p>\n<p>A Dorogi FC k\u00f6zz\u00e9tette a felk\u00e9sz\u00fcl\u00e9si, az els\u0151 NB II-es, illetve a Magyar Kupa m\u00e9rk\u0151z\u00e9seinek adatait a futballrajong\u00f3k r\u00e9sz\u00e9re.<\/p>\n<p><strong>2018. 01. 20. szombat 11 \u00f3ra<\/strong><br \/>\nBudapest Honv\u00e9d FC &#8211; Dorogi FC<br \/>\nhelysz\u00edn: Budapest, ESMTK p\u00e1lya<br \/>\n<span style=\"color: #ff0000;\"> Z\u00c1RT KAPUS M\u00c9RK\u0150Z\u00c9S!!!!!<\/span><\/p>\n<p><strong>2018. 01. 27. szombat<\/strong><br \/>\nIII. Ker\u00fcleti TVE &#8211; Dorogi FC<br \/>\nhelysz\u00edn: Budapest<\/p>\n<p><strong>2018. 02. 03. szombat 11 \u00f3ra<\/strong><br \/>\nDorogi FC &#8211; SK FC Vidrany<br \/>\nhelysz\u00edn: Tokod, Monostori Tivadar UP K\u00f6zpont<\/p>\n<p><strong>2018. 02. 10. szombat 11 \u00f3ra<\/strong><br \/>\nDorogi FC &#8211; MFK Lokomotiv Zvolen<br \/>\nhelysz\u00edn: Tokod, Monostori Tivadar UP K\u00f6zpont<\/p>\n<p><strong>2018. 02. 17. szombat 11 \u00f3ra<\/strong><br \/>\nDorogi FC &#8211; Inter Bratislava<br \/>\nhelysz\u00edn: id\u0151j\u00e1r\u00e1s f\u00fcggv\u00e9nye, k\u00e9s\u0151bb adunk t\u00e1j\u00e9koztat\u00e1st<\/p>\n<p><span style=\"color: #ff0000;\"><strong>2018. 02. 20. kedd 14 \u00f3ra<\/strong><\/span><br \/>\n<span style=\"color: #ff0000;\"><strong> Magyar Kupa Nyolcadd\u00f6nt\u0151 1. m\u00e9rk\u0151z\u00e9s<\/strong><\/span><br \/>\n<span style=\"color: #ff0000;\"><strong> DVSC &#8211; Dorogi FC<\/strong><\/span><br \/>\n<span style=\"color: #ff0000;\"><strong> helysz\u00edn: Debrecen, Nagyerdei Stadion<\/strong><\/span><\/p>\n<p><strong>2018. 02. 25. vas\u00e1rnap<\/strong><br \/>\nMerkantil Bank Liga tavaszi szezon rajtja<br \/>\nDorogi FC &#8211; Buda\u00f6rs<br \/>\nhelysz\u00edn: Buz\u00e1nszky Jen\u0151 Stadion, Dorog<\/p>\n<p><strong><span style=\"color: #ff0000;\">2018. 02. 28. szerda 13 \u00f3ra<\/span><\/strong><br \/>\n<strong><span style=\"color: #ff0000;\"> Magyar Kupa nyolcadd\u00f6nt\u0151 2. m\u00e9rk\u0151z\u00e9s<\/span><\/strong><br \/>\n<strong><span style=\"color: #ff0000;\"> Dorogi FC &#8211; DVSC<\/span><\/strong><br \/>\n<strong><span style=\"color: #ff0000;\"> helysz\u00edn: Buz\u00e1nszky Jen\u0151 Stadion, Dorog<\/span><\/strong><\/p>\n<p>A helysz\u00ednek tervezettek, id\u0151j\u00e1r\u00e1s f\u00fcggv\u00e9ny\u00e9ben a v\u00e1ltoztat\u00e1s jog\u00e1t fenntartj\u00e1k! Rem\u00e9lj\u00fck min\u00e9l t\u00f6bb meccsre l\u00e1togatnak ki szurkol\u00f3ink, hiszen a csapatnak igazi er\u0151t ad, ha felzend\u00fcl a Hajr\u00e1 Dorog! a lel\u00e1t\u00f3kon.<\/p>\n<p><em>Fot\u00f3, forr\u00e1s: dorogifc.hu<\/em><\/p>\n","protected":false},"excerpt":{"rendered":"<p>Elkezd\u0151d\u00f6tt a 2018-as \u00e9v, a Dorogi FC feln\u0151tt csapat\u00e1nak sz\u00e1m\u00e1ra is v\u00e9get \u00e9rt a pihen\u00e9s. A sportol\u00f3k m\u00e1r jav\u00e1ban k\u00e9sz\u00fclnek a tavaszi szezonra, aminek a hivatalos felk\u00e9sz\u00fcl\u00e9si m\u00e9rk\u0151z\u00e9sek is a r\u00e9sz\u00e9t k\u00e9pezik. A Dorogi FC k\u00f6zz\u00e9tette a felk\u00e9sz\u00fcl\u00e9si, az els\u0151 NB II-es, illetve a Magyar Kupa m\u00e9rk\u0151z\u00e9seinek adatait a futballrajong\u00f3k r\u00e9sz\u00e9re. 2018. 01. 20. szombat<\/p>\n","protected":false},"author":1,"featured_media":7710,"comment_status":"closed","ping_status":"closed","sticky":false,"template":"","format":"standard","meta":{"ngg_post_thumbnail":0,"footnotes":""},"categories":[2,3,5],"tags":[15,37,70,69,72,71,293,263,16],"class_list":{"0":"post-7709","1":"post","2":"type-post","3":"status-publish","4":"format-standard","5":"has-post-thumbnail","7":"category-dorog","8":"category-hirek","9":"category-sport","10":"tag-dorog","11":"tag-dorogi-fc","12":"tag-foci","13":"tag-futball","14":"tag-labdarugas","15":"tag-magyar-kupa","16":"tag-menetrend","17":"tag-nb-ii","18":"tag-sport"},"yoast_head":"<!-- This site is optimized with the Yoast SEO plugin v27.5 - https:\/\/yoast.com\/product\/yoast-seo-wordpress\/ -->\n<title>A Dorogi FC t\u00e9li menetrendje<\/title>\n<meta name=\"robots\" content=\"index, follow, max-snippet:-1, max-image-preview:large, max-video-preview:-1\" \/>\n<link rel=\"canonical\" href=\"https:\/\/dorogimedence.hu\/index.php\/2018\/01\/12\/a-dorogi-fc-teli-menetrendje\/\" class=\"yoast-seo-meta-tag\" \/>\n<meta property=\"og:locale\" content=\"hu_HU\" class=\"yoast-seo-meta-tag\" \/>\n<meta property=\"og:type\" content=\"article\" class=\"yoast-seo-meta-tag\" \/>\n<meta property=\"og:title\" content=\"A Dorogi FC t\u00e9li menetrendje\" class=\"yoast-seo-meta-tag\" \/>\n<meta property=\"og:description\" content=\"Elkezd\u0151d\u00f6tt a 2018-as \u00e9v, a Dorogi FC feln\u0151tt csapat\u00e1nak sz\u00e1m\u00e1ra is v\u00e9get \u00e9rt a pihen\u00e9s. A sportol\u00f3k m\u00e1r jav\u00e1ban k\u00e9sz\u00fclnek a tavaszi szezonra, aminek a hivatalos felk\u00e9sz\u00fcl\u00e9si m\u00e9rk\u0151z\u00e9sek is a r\u00e9sz\u00e9t k\u00e9pezik. A Dorogi FC k\u00f6zz\u00e9tette a felk\u00e9sz\u00fcl\u00e9si, az els\u0151 NB II-es, illetve a Magyar Kupa m\u00e9rk\u0151z\u00e9seinek adatait a futballrajong\u00f3k r\u00e9sz\u00e9re. 2018. 01. 20. szombat\" class=\"yoast-seo-meta-tag\" \/>\n<meta property=\"og:url\" content=\"https:\/\/dorogimedence.hu\/index.php\/2018\/01\/12\/a-dorogi-fc-teli-menetrendje\/\" class=\"yoast-seo-meta-tag\" \/>\n<meta property=\"og:site_name\" content=\"Dorogi-medence Region\u00e1lis H\u00edrport\u00e1l\" class=\"yoast-seo-meta-tag\" \/>\n<meta property=\"article:publisher\" content=\"https:\/\/www.facebook.com\/dorogimedence\/\" class=\"yoast-seo-meta-tag\" \/>\n<meta property=\"article:published_time\" content=\"2018-01-12T13:46:00+00:00\" class=\"yoast-seo-meta-tag\" \/>\n<meta property=\"og:image\" content=\"https:\/\/i0.wp.com\/dorogimedence.hu\/wp-content\/uploads\/2018\/01\/dorogifc-tel.jpg?fit=670%2C365&ssl=1\" class=\"yoast-seo-meta-tag\" \/>\n\t<meta property=\"og:image:width\" content=\"670\" class=\"yoast-seo-meta-tag\" \/>\n\t<meta property=\"og:image:height\" content=\"365\" class=\"yoast-seo-meta-tag\" \/>\n\t<meta property=\"og:image:type\" content=\"image\/jpeg\" class=\"yoast-seo-meta-tag\" \/>\n<meta name=\"author\" content=\"dorogimedence.hu\" class=\"yoast-seo-meta-tag\" \/>\n<meta name=\"twitter:card\" content=\"summary_large_image\" class=\"yoast-seo-meta-tag\" \/>\n<meta name=\"twitter:label1\" content=\"Szerz\u0151:\" class=\"yoast-seo-meta-tag\" \/>\n\t<meta name=\"twitter:data1\" content=\"dorogimedence.hu\" class=\"yoast-seo-meta-tag\" \/>\n\t<meta name=\"twitter:label2\" content=\"Becs\u00fclt olvas\u00e1si id\u0151\" class=\"yoast-seo-meta-tag\" \/>\n\t<meta name=\"twitter:data2\" content=\"1 perc\" class=\"yoast-seo-meta-tag\" \/>\n<script type=\"application\/ld+json\" class=\"yoast-schema-graph\">{\"@context\":\"https:\\\/\\\/schema.org\",\"@graph\":[{\"@type\":\"Article\",\"@id\":\"https:\\\/\\\/dorogimedence.hu\\\/index.php\\\/2018\\\/01\\\/12\\\/a-dorogi-fc-teli-menetrendje\\\/#article\",\"isPartOf\":{\"@id\":\"https:\\\/\\\/dorogimedence.hu\\\/index.php\\\/2018\\\/01\\\/12\\\/a-dorogi-fc-teli-menetrendje\\\/\"},\"author\":{\"name\":\"dorogimedence.hu\",\"@id\":\"https:\\\/\\\/dorogimedence.hu\\\/#\\\/schema\\\/person\\\/ce6091eeb7e95ecdc87890d6aa8e0fd4\"},\"headline\":\"A Dorogi FC t\u00e9li menetrendje\",\"datePublished\":\"2018-01-12T13:46:00+00:00\",\"mainEntityOfPage\":{\"@id\":\"https:\\\/\\\/dorogimedence.hu\\\/index.php\\\/2018\\\/01\\\/12\\\/a-dorogi-fc-teli-menetrendje\\\/\"},\"wordCount\":294,\"publisher\":{\"@id\":\"https:\\\/\\\/dorogimedence.hu\\\/#organization\"},\"image\":{\"@id\":\"https:\\\/\\\/dorogimedence.hu\\\/index.php\\\/2018\\\/01\\\/12\\\/a-dorogi-fc-teli-menetrendje\\\/#primaryimage\"},\"thumbnailUrl\":\"https:\\\/\\\/dorogimedence.hu\\\/wp-content\\\/uploads\\\/2018\\\/01\\\/dorogifc-tel.jpg\",\"keywords\":[\"Dorog\",\"Dorogi FC\",\"foci\",\"futball\",\"labdar\u00fag\u00e1s\",\"Magyar Kupa\",\"menetrend\",\"NB II\",\"sport\"],\"articleSection\":[\"Dorog\",\"H\u00edrek\",\"Sport\"],\"inLanguage\":\"hu\"},{\"@type\":\"WebPage\",\"@id\":\"https:\\\/\\\/dorogimedence.hu\\\/index.php\\\/2018\\\/01\\\/12\\\/a-dorogi-fc-teli-menetrendje\\\/\",\"url\":\"https:\\\/\\\/dorogimedence.hu\\\/index.php\\\/2018\\\/01\\\/12\\\/a-dorogi-fc-teli-menetrendje\\\/\",\"name\":\"A Dorogi FC t\u00e9li menetrendje\",\"isPartOf\":{\"@id\":\"https:\\\/\\\/dorogimedence.hu\\\/#website\"},\"primaryImageOfPage\":{\"@id\":\"https:\\\/\\\/dorogimedence.hu\\\/index.php\\\/2018\\\/01\\\/12\\\/a-dorogi-fc-teli-menetrendje\\\/#primaryimage\"},\"image\":{\"@id\":\"https:\\\/\\\/dorogimedence.hu\\\/index.php\\\/2018\\\/01\\\/12\\\/a-dorogi-fc-teli-menetrendje\\\/#primaryimage\"},\"thumbnailUrl\":\"https:\\\/\\\/dorogimedence.hu\\\/wp-content\\\/uploads\\\/2018\\\/01\\\/dorogifc-tel.jpg\",\"datePublished\":\"2018-01-12T13:46:00+00:00\",\"breadcrumb\":{\"@id\":\"https:\\\/\\\/dorogimedence.hu\\\/index.php\\\/2018\\\/01\\\/12\\\/a-dorogi-fc-teli-menetrendje\\\/#breadcrumb\"},\"inLanguage\":\"hu\",\"potentialAction\":[{\"@type\":\"ReadAction\",\"target\":[\"https:\\\/\\\/dorogimedence.hu\\\/index.php\\\/2018\\\/01\\\/12\\\/a-dorogi-fc-teli-menetrendje\\\/\"]}]},{\"@type\":\"ImageObject\",\"inLanguage\":\"hu\",\"@id\":\"https:\\\/\\\/dorogimedence.hu\\\/index.php\\\/2018\\\/01\\\/12\\\/a-dorogi-fc-teli-menetrendje\\\/#primaryimage\",\"url\":\"https:\\\/\\\/dorogimedence.hu\\\/wp-content\\\/uploads\\\/2018\\\/01\\\/dorogifc-tel.jpg\",\"contentUrl\":\"https:\\\/\\\/dorogimedence.hu\\\/wp-content\\\/uploads\\\/2018\\\/01\\\/dorogifc-tel.jpg\",\"width\":670,\"height\":365},{\"@type\":\"BreadcrumbList\",\"@id\":\"https:\\\/\\\/dorogimedence.hu\\\/index.php\\\/2018\\\/01\\\/12\\\/a-dorogi-fc-teli-menetrendje\\\/#breadcrumb\",\"itemListElement\":[{\"@type\":\"ListItem\",\"position\":1,\"name\":\"Kezd\u0151lap\",\"item\":\"https:\\\/\\\/dorogimedence.hu\\\/\"},{\"@type\":\"ListItem\",\"position\":2,\"name\":\"A Dorogi FC t\u00e9li menetrendje\"}]},{\"@type\":\"WebSite\",\"@id\":\"https:\\\/\\\/dorogimedence.hu\\\/#website\",\"url\":\"https:\\\/\\\/dorogimedence.hu\\\/\",\"name\":\"Dorogi-medence Region\u00e1lis H\u00edrport\u00e1l\",\"description\":\"Dorog, Keszt\u00f6lc, Le\u00e1nyv\u00e1r, Piliscs\u00e9v, Tokod, Tokodalt\u00e1r\u00f3, Csolnok, Esztergom-kertv\u00e1ros: h\u00edrek, programok\",\"publisher\":{\"@id\":\"https:\\\/\\\/dorogimedence.hu\\\/#organization\"},\"potentialAction\":[{\"@type\":\"SearchAction\",\"target\":{\"@type\":\"EntryPoint\",\"urlTemplate\":\"https:\\\/\\\/dorogimedence.hu\\\/?s={search_term_string}\"},\"query-input\":{\"@type\":\"PropertyValueSpecification\",\"valueRequired\":true,\"valueName\":\"search_term_string\"}}],\"inLanguage\":\"hu\"},{\"@type\":\"Organization\",\"@id\":\"https:\\\/\\\/dorogimedence.hu\\\/#organization\",\"name\":\"Dorogi-medence Region\u00e1lis H\u00edrport\u00e1l\",\"url\":\"https:\\\/\\\/dorogimedence.hu\\\/\",\"logo\":{\"@type\":\"ImageObject\",\"inLanguage\":\"hu\",\"@id\":\"https:\\\/\\\/dorogimedence.hu\\\/#\\\/schema\\\/logo\\\/image\\\/\",\"url\":\"https:\\\/\\\/dorogimedence.hu\\\/wp-content\\\/uploads\\\/2021\\\/04\\\/logo-feher-600.png\",\"contentUrl\":\"https:\\\/\\\/dorogimedence.hu\\\/wp-content\\\/uploads\\\/2021\\\/04\\\/logo-feher-600.png\",\"width\":600,\"height\":100,\"caption\":\"Dorogi-medence Region\u00e1lis H\u00edrport\u00e1l\"},\"image\":{\"@id\":\"https:\\\/\\\/dorogimedence.hu\\\/#\\\/schema\\\/logo\\\/image\\\/\"},\"sameAs\":[\"https:\\\/\\\/www.facebook.com\\\/dorogimedence\\\/\"]},{\"@type\":\"Person\",\"@id\":\"https:\\\/\\\/dorogimedence.hu\\\/#\\\/schema\\\/person\\\/ce6091eeb7e95ecdc87890d6aa8e0fd4\",\"name\":\"dorogimedence.hu\",\"image\":{\"@type\":\"ImageObject\",\"inLanguage\":\"hu\",\"@id\":\"\\\/\\\/www.gravatar.com\\\/avatar\\\/d8d45f8901aadff40a4af72c0b826f1d?s=96&#038;r=g&#038;d=mm\",\"url\":\"\\\/\\\/www.gravatar.com\\\/avatar\\\/d8d45f8901aadff40a4af72c0b826f1d?s=96&#038;r=g&#038;d=mm\",\"contentUrl\":\"\\\/\\\/www.gravatar.com\\\/avatar\\\/d8d45f8901aadff40a4af72c0b826f1d?s=96&#038;r=g&#038;d=mm\",\"caption\":\"dorogimedence.hu\"}}]}<\/script>\n<!-- \/ Yoast SEO plugin. -->","yoast_head_json":{"title":"A Dorogi FC t\u00e9li menetrendje","robots":{"index":"index","follow":"follow","max-snippet":"max-snippet:-1","max-image-preview":"max-image-preview:large","max-video-preview":"max-video-preview:-1"},"canonical":"https:\/\/dorogimedence.hu\/index.php\/2018\/01\/12\/a-dorogi-fc-teli-menetrendje\/","og_locale":"hu_HU","og_type":"article","og_title":"A Dorogi FC t\u00e9li menetrendje","og_description":"Elkezd\u0151d\u00f6tt a 2018-as \u00e9v, a Dorogi FC feln\u0151tt csapat\u00e1nak sz\u00e1m\u00e1ra is v\u00e9get \u00e9rt a pihen\u00e9s. A sportol\u00f3k m\u00e1r jav\u00e1ban k\u00e9sz\u00fclnek a tavaszi szezonra, aminek a hivatalos felk\u00e9sz\u00fcl\u00e9si m\u00e9rk\u0151z\u00e9sek is a r\u00e9sz\u00e9t k\u00e9pezik. A Dorogi FC k\u00f6zz\u00e9tette a felk\u00e9sz\u00fcl\u00e9si, az els\u0151 NB II-es, illetve a Magyar Kupa m\u00e9rk\u0151z\u00e9seinek adatait a futballrajong\u00f3k r\u00e9sz\u00e9re. 2018. 01. 20. szombat","og_url":"https:\/\/dorogimedence.hu\/index.php\/2018\/01\/12\/a-dorogi-fc-teli-menetrendje\/","og_site_name":"Dorogi-medence Region\u00e1lis H\u00edrport\u00e1l","article_publisher":"https:\/\/www.facebook.com\/dorogimedence\/","article_published_time":"2018-01-12T13:46:00+00:00","og_image":[{"width":670,"height":365,"url":"https:\/\/i0.wp.com\/dorogimedence.hu\/wp-content\/uploads\/2018\/01\/dorogifc-tel.jpg?fit=670%2C365&ssl=1","type":"image\/jpeg"}],"author":"dorogimedence.hu","twitter_card":"summary_large_image","twitter_misc":{"Szerz\u0151:":"dorogimedence.hu","Becs\u00fclt olvas\u00e1si id\u0151":"1 perc"},"schema":{"@context":"https:\/\/schema.org","@graph":[{"@type":"Article","@id":"https:\/\/dorogimedence.hu\/index.php\/2018\/01\/12\/a-dorogi-fc-teli-menetrendje\/#article","isPartOf":{"@id":"https:\/\/dorogimedence.hu\/index.php\/2018\/01\/12\/a-dorogi-fc-teli-menetrendje\/"},"author":{"name":"dorogimedence.hu","@id":"https:\/\/dorogimedence.hu\/#\/schema\/person\/ce6091eeb7e95ecdc87890d6aa8e0fd4"},"headline":"A Dorogi FC t\u00e9li menetrendje","datePublished":"2018-01-12T13:46:00+00:00","mainEntityOfPage":{"@id":"https:\/\/dorogimedence.hu\/index.php\/2018\/01\/12\/a-dorogi-fc-teli-menetrendje\/"},"wordCount":294,"publisher":{"@id":"https:\/\/dorogimedence.hu\/#organization"},"image":{"@id":"https:\/\/dorogimedence.hu\/index.php\/2018\/01\/12\/a-dorogi-fc-teli-menetrendje\/#primaryimage"},"thumbnailUrl":"https:\/\/dorogimedence.hu\/wp-content\/uploads\/2018\/01\/dorogifc-tel.jpg","keywords":["Dorog","Dorogi FC","foci","futball","labdar\u00fag\u00e1s","Magyar Kupa","menetrend","NB II","sport"],"articleSection":["Dorog","H\u00edrek","Sport"],"inLanguage":"hu"},{"@type":"WebPage","@id":"https:\/\/dorogimedence.hu\/index.php\/2018\/01\/12\/a-dorogi-fc-teli-menetrendje\/","url":"https:\/\/dorogimedence.hu\/index.php\/2018\/01\/12\/a-dorogi-fc-teli-menetrendje\/","name":"A Dorogi FC t\u00e9li menetrendje","isPartOf":{"@id":"https:\/\/dorogimedence.hu\/#website"},"primaryImageOfPage":{"@id":"https:\/\/dorogimedence.hu\/index.php\/2018\/01\/12\/a-dorogi-fc-teli-menetrendje\/#primaryimage"},"image":{"@id":"https:\/\/dorogimedence.hu\/index.php\/2018\/01\/12\/a-dorogi-fc-teli-menetrendje\/#primaryimage"},"thumbnailUrl":"https:\/\/dorogimedence.hu\/wp-content\/uploads\/2018\/01\/dorogifc-tel.jpg","datePublished":"2018-01-12T13:46:00+00:00","breadcrumb":{"@id":"https:\/\/dorogimedence.hu\/index.php\/2018\/01\/12\/a-dorogi-fc-teli-menetrendje\/#breadcrumb"},"inLanguage":"hu","potentialAction":[{"@type":"ReadAction","target":["https:\/\/dorogimedence.hu\/index.php\/2018\/01\/12\/a-dorogi-fc-teli-menetrendje\/"]}]},{"@type":"ImageObject","inLanguage":"hu","@id":"https:\/\/dorogimedence.hu\/index.php\/2018\/01\/12\/a-dorogi-fc-teli-menetrendje\/#primaryimage","url":"https:\/\/dorogimedence.hu\/wp-content\/uploads\/2018\/01\/dorogifc-tel.jpg","contentUrl":"https:\/\/dorogimedence.hu\/wp-content\/uploads\/2018\/01\/dorogifc-tel.jpg","width":670,"height":365},{"@type":"BreadcrumbList","@id":"https:\/\/dorogimedence.hu\/index.php\/2018\/01\/12\/a-dorogi-fc-teli-menetrendje\/#breadcrumb","itemListElement":[{"@type":"ListItem","position":1,"name":"Kezd\u0151lap","item":"https:\/\/dorogimedence.hu\/"},{"@type":"ListItem","position":2,"name":"A Dorogi FC t\u00e9li menetrendje"}]},{"@type":"WebSite","@id":"https:\/\/dorogimedence.hu\/#website","url":"https:\/\/dorogimedence.hu\/","name":"Dorogi-medence Region\u00e1lis H\u00edrport\u00e1l","description":"Dorog, Keszt\u00f6lc, Le\u00e1nyv\u00e1r, Piliscs\u00e9v, Tokod, Tokodalt\u00e1r\u00f3, Csolnok, Esztergom-kertv\u00e1ros: h\u00edrek, programok","publisher":{"@id":"https:\/\/dorogimedence.hu\/#organization"},"potentialAction":[{"@type":"SearchAction","target":{"@type":"EntryPoint","urlTemplate":"https:\/\/dorogimedence.hu\/?s={search_term_string}"},"query-input":{"@type":"PropertyValueSpecification","valueRequired":true,"valueName":"search_term_string"}}],"inLanguage":"hu"},{"@type":"Organization","@id":"https:\/\/dorogimedence.hu\/#organization","name":"Dorogi-medence Region\u00e1lis H\u00edrport\u00e1l","url":"https:\/\/dorogimedence.hu\/","logo":{"@type":"ImageObject","inLanguage":"hu","@id":"https:\/\/dorogimedence.hu\/#\/schema\/logo\/image\/","url":"https:\/\/dorogimedence.hu\/wp-content\/uploads\/2021\/04\/logo-feher-600.png","contentUrl":"https:\/\/dorogimedence.hu\/wp-content\/uploads\/2021\/04\/logo-feher-600.png","width":600,"height":100,"caption":"Dorogi-medence Region\u00e1lis H\u00edrport\u00e1l"},"image":{"@id":"https:\/\/dorogimedence.hu\/#\/schema\/logo\/image\/"},"sameAs":["https:\/\/www.facebook.com\/dorogimedence\/"]},{"@type":"Person","@id":"https:\/\/dorogimedence.hu\/#\/schema\/person\/ce6091eeb7e95ecdc87890d6aa8e0fd4","name":"dorogimedence.hu","image":{"@type":"ImageObject","inLanguage":"hu","@id":"\/\/www.gravatar.com\/avatar\/d8d45f8901aadff40a4af72c0b826f1d?s=96&#038;r=g&#038;d=mm","url":"\/\/www.gravatar.com\/avatar\/d8d45f8901aadff40a4af72c0b826f1d?s=96&#038;r=g&#038;d=mm","contentUrl":"\/\/www.gravatar.com\/avatar\/d8d45f8901aadff40a4af72c0b826f1d?s=96&#038;r=g&#038;d=mm","caption":"dorogimedence.hu"}}]}},"_links":{"self":[{"href":"https:\/\/dorogimedence.hu\/index.php\/wp-json\/wp\/v2\/posts\/7709","targetHints":{"allow":["GET"]}}],"collection":[{"href":"https:\/\/dorogimedence.hu\/index.php\/wp-json\/wp\/v2\/posts"}],"about":[{"href":"https:\/\/dorogimedence.hu\/index.php\/wp-json\/wp\/v2\/types\/post"}],"author":[{"embeddable":true,"href":"https:\/\/dorogimedence.hu\/index.php\/wp-json\/wp\/v2\/users\/1"}],"replies":[{"embeddable":true,"href":"https:\/\/dorogimedence.hu\/index.php\/wp-json\/wp\/v2\/comments?post=7709"}],"version-history":[{"count":0,"href":"https:\/\/dorogimedence.hu\/index.php\/wp-json\/wp\/v2\/posts\/7709\/revisions"}],"wp:featuredmedia":[{"embeddable":true,"href":"https:\/\/dorogimedence.hu\/index.php\/wp-json\/wp\/v2\/media\/7710"}],"wp:attachment":[{"href":"https:\/\/dorogimedence.hu\/index.php\/wp-json\/wp\/v2\/media?parent=7709"}],"wp:term":[{"taxonomy":"category","embeddable":true,"href":"https:\/\/dorogimedence.hu\/index.php\/wp-json\/wp\/v2\/categories?post=7709"},{"taxonomy":"post_tag","embeddable":true,"href":"https:\/\/dorogimedence.hu\/index.php\/wp-json\/wp\/v2\/tags?post=7709"}],"curies":[{"name":"wp","href":"https:\/\/api.w.org\/{rel}","templated":true}]}}