{"id":76947,"date":"2026-01-13T07:54:44","date_gmt":"2026-01-13T06:54:44","guid":{"rendered":"https:\/\/dorogimedence.hu\/?p=76947"},"modified":"2026-01-14T09:08:03","modified_gmt":"2026-01-14T08:08:03","slug":"onos-eso-miatt-narancssarga-riasztas-komarom-esztergom-varmegyeben","status":"publish","type":"post","link":"https:\/\/dorogimedence.hu\/index.php\/2026\/01\/13\/onos-eso-miatt-narancssarga-riasztas-komarom-esztergom-varmegyeben\/","title":{"rendered":"\u00d3nos es\u0151 miatt narancss\u00e1rga riaszt\u00e1s Kom\u00e1rom-Esztergom v\u00e1rmegy\u00e9ben"},"content":{"rendered":"<p><strong>M\u00e1sodfok\u00fa (narancss\u00e1rga) figyelmeztet\u00e9st adott ki \u00f3nos es\u0151 miatt Kom\u00e1rom-Esztergom v\u00e1rmegy\u00e9re a HungaroMet \u2013 der\u00fcl ki a meteorol\u00f3giai szolg\u00e1lat keddi t\u00e1j\u00e9koztat\u00e1s\u00e1b\u00f3l. A riaszt\u00e1s a megye \u00f6sszes j\u00e1r\u00e1s\u00e1t \u00e9rinti, a jeges csapad\u00e9k pedig komoly k\u00f6zleked\u00e9si kock\u00e1zatot jelenthet.<\/strong><\/p>\n<p>Az MTI besz\u00e1mol\u00f3ja szerint kedd hajnalban Gy\u0151r-Moson-Sopron v\u00e1rmegy\u00e9ben volt a legs\u00falyosabb a helyzet, ahol a teljes v\u00e1rmegy\u00e9re m\u00e1sodfok\u00fa riaszt\u00e1s volt \u00e9rv\u00e9nyben. Kom\u00e1rom-Esztergom v\u00e1rmegy\u00e9ben szint\u00e9n narancss\u00e1rga riaszt\u00e1st adtak ki, mivel az \u00e9rintett ter\u00fcleteken m\u00e1r t\u00f6bb mint 1 millim\u00e9ternyi \u00f3nos es\u0151 hullott, illetve a k\u00f6vetkez\u0151 \u00f3r\u00e1kban tov\u00e1bbi csapad\u00e9k is v\u00e1rhat\u00f3.<\/p>\n<p>A HungaroMet t\u00e1j\u00e9koztat\u00e1sa szerint a reggeli \u00f3r\u00e1kig a Dun\u00e1nt\u00fal \u00e9szakkeleti ter\u00fcletein m\u00e9g lepel- \u00e9s 1\u20132 centim\u00e9teres havaz\u00e1s is el\u0151fordulhat, mik\u00f6zben a D\u00e9l-Dun\u00e1nt\u00falon az \u00f3nos es\u0151 fokozatosan gyeng\u00fcl, majd megsz\u0171nik. Ugyanakkor az \u00c9szak-Dun\u00e1nt\u00fal keleti r\u00e9szein a havaz\u00e1st egyre nagyobb ter\u00fcleten v\u00e1lthatja fel az \u00f3nos, illetve fagyott es\u0151, ami helyenk\u00e9nt t\u00f6bb millim\u00e9ternyi jeges csapad\u00e9kot is jelenthet.<\/p>\n<p>A k\u00f6z\u00e9ps\u0151 orsz\u00e1gr\u00e9szben napk\u00f6zben a halmaz\u00e1llapot-v\u00e1lt\u00e1s miatt t\u00f6bbfel\u00e9 fordulhat el\u0151 \u00f3nos es\u0151, m\u00edg az orsz\u00e1g \u00e9szakkeleti, keleti harmad\u00e1n ink\u00e1bb havaz\u00e1s val\u00f3sz\u00edn\u0171. Ott kedd estig 4\u201310 centim\u00e9ter friss h\u00f3 is hullhat, helyenk\u00e9nt enn\u00e9l nagyobb mennyis\u00e9gben.<\/p>\n<p>A meteorol\u00f3giai szolg\u00e1lat felh\u00edvta a figyelmet arra is, hogy szerd\u00e1n hajnalban az \u00e9szakkeleti orsz\u00e1gr\u00e9szben ak\u00e1r -15 fok k\u00f6r\u00fcli minimum-h\u0151m\u00e9rs\u00e9klet is el\u0151fordulhat. A szakemberek \u00f3vatoss\u00e1gra intik a k\u00f6zleked\u0151ket: a jeges utak, j\u00e1rd\u00e1k rendk\u00edv\u00fcl cs\u00fasz\u00f3ss\u00e1 v\u00e1lhatnak, ez\u00e9rt fokozott figyelem \u00e9s k\u00f6r\u00fcltekint\u00e9s sz\u00fcks\u00e9ges mind a j\u00e1rm\u0171vezet\u0151k, mind a gyalogosok r\u00e9sz\u00e9r\u0151l.<\/p>\n<p><em>Forr\u00e1s: HungaroMet \/ MTI<br \/>\nBor\u00edt\u00f3k\u00e9p: illusztr\u00e1ci\u00f3 (freepik.com)<\/em><\/p>\n","protected":false},"excerpt":{"rendered":"<p>M\u00e1sodfok\u00fa (narancss\u00e1rga) figyelmeztet\u00e9st adott ki \u00f3nos es\u0151 miatt Kom\u00e1rom-Esztergom v\u00e1rmegy\u00e9re a HungaroMet \u2013 der\u00fcl ki a meteorol\u00f3giai szolg\u00e1lat keddi t\u00e1j\u00e9koztat\u00e1s\u00e1b\u00f3l. A riaszt\u00e1s a megye \u00f6sszes j\u00e1r\u00e1s\u00e1t \u00e9rinti, a jeges csapad\u00e9k pedig komoly k\u00f6zleked\u00e9si kock\u00e1zatot jelenthet. Az MTI besz\u00e1mol\u00f3ja szerint kedd hajnalban Gy\u0151r-Moson-Sopron v\u00e1rmegy\u00e9ben volt a legs\u00falyosabb a helyzet, ahol a teljes v\u00e1rmegy\u00e9re m\u00e1sodfok\u00fa riaszt\u00e1s volt<\/p>\n","protected":false},"author":1,"featured_media":76948,"comment_status":"closed","ping_status":"closed","sticky":false,"template":"","format":"standard","meta":{"ngg_post_thumbnail":0,"footnotes":""},"categories":[3,56],"tags":[58,6890,1203,256],"class_list":{"0":"post-76947","1":"post","2":"type-post","3":"status-publish","4":"format-standard","5":"has-post-thumbnail","7":"category-hirek","8":"category-komarom-esztergom","9":"tag-idojaras","10":"tag-komarom-esztergom-varmegye","11":"tag-meteorologia","12":"tag-onos-eso"},"yoast_head":"<!-- This site is optimized with the Yoast SEO plugin v27.5 - https:\/\/yoast.com\/product\/yoast-seo-wordpress\/ -->\n<title>\u00d3nos es\u0151 miatt narancss\u00e1rga riaszt\u00e1s Kom\u00e1rom-Esztergom v\u00e1rmegy\u00e9ben<\/title>\n<meta name=\"robots\" content=\"index, follow, max-snippet:-1, max-image-preview:large, max-video-preview:-1\" \/>\n<link rel=\"canonical\" href=\"https:\/\/dorogimedence.hu\/index.php\/2026\/01\/13\/onos-eso-miatt-narancssarga-riasztas-komarom-esztergom-varmegyeben\/\" class=\"yoast-seo-meta-tag\" \/>\n<meta property=\"og:locale\" content=\"hu_HU\" class=\"yoast-seo-meta-tag\" \/>\n<meta property=\"og:type\" content=\"article\" class=\"yoast-seo-meta-tag\" \/>\n<meta property=\"og:title\" content=\"\u00d3nos es\u0151 miatt narancss\u00e1rga riaszt\u00e1s Kom\u00e1rom-Esztergom v\u00e1rmegy\u00e9ben\" class=\"yoast-seo-meta-tag\" \/>\n<meta property=\"og:description\" content=\"M\u00e1sodfok\u00fa (narancss\u00e1rga) figyelmeztet\u00e9st adott ki \u00f3nos es\u0151 miatt Kom\u00e1rom-Esztergom v\u00e1rmegy\u00e9re a HungaroMet \u2013 der\u00fcl ki a meteorol\u00f3giai szolg\u00e1lat keddi t\u00e1j\u00e9koztat\u00e1s\u00e1b\u00f3l. A riaszt\u00e1s a megye \u00f6sszes j\u00e1r\u00e1s\u00e1t \u00e9rinti, a jeges csapad\u00e9k pedig komoly k\u00f6zleked\u00e9si kock\u00e1zatot jelenthet. Az MTI besz\u00e1mol\u00f3ja szerint kedd hajnalban Gy\u0151r-Moson-Sopron v\u00e1rmegy\u00e9ben volt a legs\u00falyosabb a helyzet, ahol a teljes v\u00e1rmegy\u00e9re m\u00e1sodfok\u00fa riaszt\u00e1s volt\" class=\"yoast-seo-meta-tag\" \/>\n<meta property=\"og:url\" content=\"https:\/\/dorogimedence.hu\/index.php\/2026\/01\/13\/onos-eso-miatt-narancssarga-riasztas-komarom-esztergom-varmegyeben\/\" class=\"yoast-seo-meta-tag\" \/>\n<meta property=\"og:site_name\" content=\"Dorogi-medence Region\u00e1lis H\u00edrport\u00e1l\" class=\"yoast-seo-meta-tag\" \/>\n<meta property=\"article:publisher\" content=\"https:\/\/www.facebook.com\/dorogimedence\/\" class=\"yoast-seo-meta-tag\" \/>\n<meta property=\"article:published_time\" content=\"2026-01-13T06:54:44+00:00\" class=\"yoast-seo-meta-tag\" \/>\n<meta property=\"article:modified_time\" content=\"2026-01-14T08:08:03+00:00\" class=\"yoast-seo-meta-tag\" \/>\n<meta property=\"og:image\" content=\"https:\/\/dorogimedence.hu\/wp-content\/uploads\/2026\/01\/42123-1.jpg\" class=\"yoast-seo-meta-tag\" \/>\n\t<meta property=\"og:image:width\" content=\"1500\" class=\"yoast-seo-meta-tag\" \/>\n\t<meta property=\"og:image:height\" content=\"1000\" class=\"yoast-seo-meta-tag\" \/>\n\t<meta property=\"og:image:type\" content=\"image\/jpeg\" class=\"yoast-seo-meta-tag\" \/>\n<meta name=\"author\" content=\"dorogimedence.hu\" class=\"yoast-seo-meta-tag\" \/>\n<meta name=\"twitter:card\" content=\"summary_large_image\" class=\"yoast-seo-meta-tag\" \/>\n<meta name=\"twitter:label1\" content=\"Szerz\u0151:\" class=\"yoast-seo-meta-tag\" \/>\n\t<meta name=\"twitter:data1\" content=\"dorogimedence.hu\" class=\"yoast-seo-meta-tag\" \/>\n\t<meta name=\"twitter:label2\" content=\"Becs\u00fclt olvas\u00e1si id\u0151\" class=\"yoast-seo-meta-tag\" \/>\n\t<meta name=\"twitter:data2\" content=\"2 perc\" class=\"yoast-seo-meta-tag\" \/>\n<script type=\"application\/ld+json\" class=\"yoast-schema-graph\">{\"@context\":\"https:\\\/\\\/schema.org\",\"@graph\":[{\"@type\":\"Article\",\"@id\":\"https:\\\/\\\/dorogimedence.hu\\\/index.php\\\/2026\\\/01\\\/13\\\/onos-eso-miatt-narancssarga-riasztas-komarom-esztergom-varmegyeben\\\/#article\",\"isPartOf\":{\"@id\":\"https:\\\/\\\/dorogimedence.hu\\\/index.php\\\/2026\\\/01\\\/13\\\/onos-eso-miatt-narancssarga-riasztas-komarom-esztergom-varmegyeben\\\/\"},\"author\":{\"name\":\"dorogimedence.hu\",\"@id\":\"https:\\\/\\\/dorogimedence.hu\\\/#\\\/schema\\\/person\\\/ce6091eeb7e95ecdc87890d6aa8e0fd4\"},\"headline\":\"\u00d3nos es\u0151 miatt narancss\u00e1rga riaszt\u00e1s Kom\u00e1rom-Esztergom v\u00e1rmegy\u00e9ben\",\"datePublished\":\"2026-01-13T06:54:44+00:00\",\"dateModified\":\"2026-01-14T08:08:03+00:00\",\"mainEntityOfPage\":{\"@id\":\"https:\\\/\\\/dorogimedence.hu\\\/index.php\\\/2026\\\/01\\\/13\\\/onos-eso-miatt-narancssarga-riasztas-komarom-esztergom-varmegyeben\\\/\"},\"wordCount\":368,\"publisher\":{\"@id\":\"https:\\\/\\\/dorogimedence.hu\\\/#organization\"},\"image\":{\"@id\":\"https:\\\/\\\/dorogimedence.hu\\\/index.php\\\/2026\\\/01\\\/13\\\/onos-eso-miatt-narancssarga-riasztas-komarom-esztergom-varmegyeben\\\/#primaryimage\"},\"thumbnailUrl\":\"https:\\\/\\\/dorogimedence.hu\\\/wp-content\\\/uploads\\\/2026\\\/01\\\/42123-1.jpg\",\"keywords\":[\"id\u0151j\u00e1r\u00e1s\",\"Kom\u00e1rom-Esztergom v\u00e1rmegye\",\"meteorol\u00f3gia\",\"\u00f3nos es\u0151\"],\"articleSection\":[\"H\u00edrek\",\"Kom\u00e1rom-Esztergom\"],\"inLanguage\":\"hu\"},{\"@type\":\"WebPage\",\"@id\":\"https:\\\/\\\/dorogimedence.hu\\\/index.php\\\/2026\\\/01\\\/13\\\/onos-eso-miatt-narancssarga-riasztas-komarom-esztergom-varmegyeben\\\/\",\"url\":\"https:\\\/\\\/dorogimedence.hu\\\/index.php\\\/2026\\\/01\\\/13\\\/onos-eso-miatt-narancssarga-riasztas-komarom-esztergom-varmegyeben\\\/\",\"name\":\"\u00d3nos es\u0151 miatt narancss\u00e1rga riaszt\u00e1s Kom\u00e1rom-Esztergom v\u00e1rmegy\u00e9ben\",\"isPartOf\":{\"@id\":\"https:\\\/\\\/dorogimedence.hu\\\/#website\"},\"primaryImageOfPage\":{\"@id\":\"https:\\\/\\\/dorogimedence.hu\\\/index.php\\\/2026\\\/01\\\/13\\\/onos-eso-miatt-narancssarga-riasztas-komarom-esztergom-varmegyeben\\\/#primaryimage\"},\"image\":{\"@id\":\"https:\\\/\\\/dorogimedence.hu\\\/index.php\\\/2026\\\/01\\\/13\\\/onos-eso-miatt-narancssarga-riasztas-komarom-esztergom-varmegyeben\\\/#primaryimage\"},\"thumbnailUrl\":\"https:\\\/\\\/dorogimedence.hu\\\/wp-content\\\/uploads\\\/2026\\\/01\\\/42123-1.jpg\",\"datePublished\":\"2026-01-13T06:54:44+00:00\",\"dateModified\":\"2026-01-14T08:08:03+00:00\",\"breadcrumb\":{\"@id\":\"https:\\\/\\\/dorogimedence.hu\\\/index.php\\\/2026\\\/01\\\/13\\\/onos-eso-miatt-narancssarga-riasztas-komarom-esztergom-varmegyeben\\\/#breadcrumb\"},\"inLanguage\":\"hu\",\"potentialAction\":[{\"@type\":\"ReadAction\",\"target\":[\"https:\\\/\\\/dorogimedence.hu\\\/index.php\\\/2026\\\/01\\\/13\\\/onos-eso-miatt-narancssarga-riasztas-komarom-esztergom-varmegyeben\\\/\"]}]},{\"@type\":\"ImageObject\",\"inLanguage\":\"hu\",\"@id\":\"https:\\\/\\\/dorogimedence.hu\\\/index.php\\\/2026\\\/01\\\/13\\\/onos-eso-miatt-narancssarga-riasztas-komarom-esztergom-varmegyeben\\\/#primaryimage\",\"url\":\"https:\\\/\\\/dorogimedence.hu\\\/wp-content\\\/uploads\\\/2026\\\/01\\\/42123-1.jpg\",\"contentUrl\":\"https:\\\/\\\/dorogimedence.hu\\\/wp-content\\\/uploads\\\/2026\\\/01\\\/42123-1.jpg\",\"width\":1500,\"height\":1000},{\"@type\":\"BreadcrumbList\",\"@id\":\"https:\\\/\\\/dorogimedence.hu\\\/index.php\\\/2026\\\/01\\\/13\\\/onos-eso-miatt-narancssarga-riasztas-komarom-esztergom-varmegyeben\\\/#breadcrumb\",\"itemListElement\":[{\"@type\":\"ListItem\",\"position\":1,\"name\":\"Kezd\u0151lap\",\"item\":\"https:\\\/\\\/dorogimedence.hu\\\/\"},{\"@type\":\"ListItem\",\"position\":2,\"name\":\"\u00d3nos es\u0151 miatt narancss\u00e1rga riaszt\u00e1s Kom\u00e1rom-Esztergom v\u00e1rmegy\u00e9ben\"}]},{\"@type\":\"WebSite\",\"@id\":\"https:\\\/\\\/dorogimedence.hu\\\/#website\",\"url\":\"https:\\\/\\\/dorogimedence.hu\\\/\",\"name\":\"Dorogi-medence Region\u00e1lis H\u00edrport\u00e1l\",\"description\":\"Dorog, Keszt\u00f6lc, Le\u00e1nyv\u00e1r, Piliscs\u00e9v, Tokod, Tokodalt\u00e1r\u00f3, Csolnok, Esztergom-kertv\u00e1ros: h\u00edrek, programok\",\"publisher\":{\"@id\":\"https:\\\/\\\/dorogimedence.hu\\\/#organization\"},\"potentialAction\":[{\"@type\":\"SearchAction\",\"target\":{\"@type\":\"EntryPoint\",\"urlTemplate\":\"https:\\\/\\\/dorogimedence.hu\\\/?s={search_term_string}\"},\"query-input\":{\"@type\":\"PropertyValueSpecification\",\"valueRequired\":true,\"valueName\":\"search_term_string\"}}],\"inLanguage\":\"hu\"},{\"@type\":\"Organization\",\"@id\":\"https:\\\/\\\/dorogimedence.hu\\\/#organization\",\"name\":\"Dorogi-medence Region\u00e1lis H\u00edrport\u00e1l\",\"url\":\"https:\\\/\\\/dorogimedence.hu\\\/\",\"logo\":{\"@type\":\"ImageObject\",\"inLanguage\":\"hu\",\"@id\":\"https:\\\/\\\/dorogimedence.hu\\\/#\\\/schema\\\/logo\\\/image\\\/\",\"url\":\"https:\\\/\\\/dorogimedence.hu\\\/wp-content\\\/uploads\\\/2021\\\/04\\\/logo-feher-600.png\",\"contentUrl\":\"https:\\\/\\\/dorogimedence.hu\\\/wp-content\\\/uploads\\\/2021\\\/04\\\/logo-feher-600.png\",\"width\":600,\"height\":100,\"caption\":\"Dorogi-medence Region\u00e1lis H\u00edrport\u00e1l\"},\"image\":{\"@id\":\"https:\\\/\\\/dorogimedence.hu\\\/#\\\/schema\\\/logo\\\/image\\\/\"},\"sameAs\":[\"https:\\\/\\\/www.facebook.com\\\/dorogimedence\\\/\"]},{\"@type\":\"Person\",\"@id\":\"https:\\\/\\\/dorogimedence.hu\\\/#\\\/schema\\\/person\\\/ce6091eeb7e95ecdc87890d6aa8e0fd4\",\"name\":\"dorogimedence.hu\",\"image\":{\"@type\":\"ImageObject\",\"inLanguage\":\"hu\",\"@id\":\"\\\/\\\/www.gravatar.com\\\/avatar\\\/d8d45f8901aadff40a4af72c0b826f1d?s=96&#038;r=g&#038;d=mm\",\"url\":\"\\\/\\\/www.gravatar.com\\\/avatar\\\/d8d45f8901aadff40a4af72c0b826f1d?s=96&#038;r=g&#038;d=mm\",\"contentUrl\":\"\\\/\\\/www.gravatar.com\\\/avatar\\\/d8d45f8901aadff40a4af72c0b826f1d?s=96&#038;r=g&#038;d=mm\",\"caption\":\"dorogimedence.hu\"}}]}<\/script>\n<!-- \/ Yoast SEO plugin. -->","yoast_head_json":{"title":"\u00d3nos es\u0151 miatt narancss\u00e1rga riaszt\u00e1s Kom\u00e1rom-Esztergom v\u00e1rmegy\u00e9ben","robots":{"index":"index","follow":"follow","max-snippet":"max-snippet:-1","max-image-preview":"max-image-preview:large","max-video-preview":"max-video-preview:-1"},"canonical":"https:\/\/dorogimedence.hu\/index.php\/2026\/01\/13\/onos-eso-miatt-narancssarga-riasztas-komarom-esztergom-varmegyeben\/","og_locale":"hu_HU","og_type":"article","og_title":"\u00d3nos es\u0151 miatt narancss\u00e1rga riaszt\u00e1s Kom\u00e1rom-Esztergom v\u00e1rmegy\u00e9ben","og_description":"M\u00e1sodfok\u00fa (narancss\u00e1rga) figyelmeztet\u00e9st adott ki \u00f3nos es\u0151 miatt Kom\u00e1rom-Esztergom v\u00e1rmegy\u00e9re a HungaroMet \u2013 der\u00fcl ki a meteorol\u00f3giai szolg\u00e1lat keddi t\u00e1j\u00e9koztat\u00e1s\u00e1b\u00f3l. A riaszt\u00e1s a megye \u00f6sszes j\u00e1r\u00e1s\u00e1t \u00e9rinti, a jeges csapad\u00e9k pedig komoly k\u00f6zleked\u00e9si kock\u00e1zatot jelenthet. Az MTI besz\u00e1mol\u00f3ja szerint kedd hajnalban Gy\u0151r-Moson-Sopron v\u00e1rmegy\u00e9ben volt a legs\u00falyosabb a helyzet, ahol a teljes v\u00e1rmegy\u00e9re m\u00e1sodfok\u00fa riaszt\u00e1s volt","og_url":"https:\/\/dorogimedence.hu\/index.php\/2026\/01\/13\/onos-eso-miatt-narancssarga-riasztas-komarom-esztergom-varmegyeben\/","og_site_name":"Dorogi-medence Region\u00e1lis H\u00edrport\u00e1l","article_publisher":"https:\/\/www.facebook.com\/dorogimedence\/","article_published_time":"2026-01-13T06:54:44+00:00","article_modified_time":"2026-01-14T08:08:03+00:00","og_image":[{"width":1500,"height":1000,"url":"https:\/\/dorogimedence.hu\/wp-content\/uploads\/2026\/01\/42123-1.jpg","type":"image\/jpeg"}],"author":"dorogimedence.hu","twitter_card":"summary_large_image","twitter_misc":{"Szerz\u0151:":"dorogimedence.hu","Becs\u00fclt olvas\u00e1si id\u0151":"2 perc"},"schema":{"@context":"https:\/\/schema.org","@graph":[{"@type":"Article","@id":"https:\/\/dorogimedence.hu\/index.php\/2026\/01\/13\/onos-eso-miatt-narancssarga-riasztas-komarom-esztergom-varmegyeben\/#article","isPartOf":{"@id":"https:\/\/dorogimedence.hu\/index.php\/2026\/01\/13\/onos-eso-miatt-narancssarga-riasztas-komarom-esztergom-varmegyeben\/"},"author":{"name":"dorogimedence.hu","@id":"https:\/\/dorogimedence.hu\/#\/schema\/person\/ce6091eeb7e95ecdc87890d6aa8e0fd4"},"headline":"\u00d3nos es\u0151 miatt narancss\u00e1rga riaszt\u00e1s Kom\u00e1rom-Esztergom v\u00e1rmegy\u00e9ben","datePublished":"2026-01-13T06:54:44+00:00","dateModified":"2026-01-14T08:08:03+00:00","mainEntityOfPage":{"@id":"https:\/\/dorogimedence.hu\/index.php\/2026\/01\/13\/onos-eso-miatt-narancssarga-riasztas-komarom-esztergom-varmegyeben\/"},"wordCount":368,"publisher":{"@id":"https:\/\/dorogimedence.hu\/#organization"},"image":{"@id":"https:\/\/dorogimedence.hu\/index.php\/2026\/01\/13\/onos-eso-miatt-narancssarga-riasztas-komarom-esztergom-varmegyeben\/#primaryimage"},"thumbnailUrl":"https:\/\/dorogimedence.hu\/wp-content\/uploads\/2026\/01\/42123-1.jpg","keywords":["id\u0151j\u00e1r\u00e1s","Kom\u00e1rom-Esztergom v\u00e1rmegye","meteorol\u00f3gia","\u00f3nos es\u0151"],"articleSection":["H\u00edrek","Kom\u00e1rom-Esztergom"],"inLanguage":"hu"},{"@type":"WebPage","@id":"https:\/\/dorogimedence.hu\/index.php\/2026\/01\/13\/onos-eso-miatt-narancssarga-riasztas-komarom-esztergom-varmegyeben\/","url":"https:\/\/dorogimedence.hu\/index.php\/2026\/01\/13\/onos-eso-miatt-narancssarga-riasztas-komarom-esztergom-varmegyeben\/","name":"\u00d3nos es\u0151 miatt narancss\u00e1rga riaszt\u00e1s Kom\u00e1rom-Esztergom v\u00e1rmegy\u00e9ben","isPartOf":{"@id":"https:\/\/dorogimedence.hu\/#website"},"primaryImageOfPage":{"@id":"https:\/\/dorogimedence.hu\/index.php\/2026\/01\/13\/onos-eso-miatt-narancssarga-riasztas-komarom-esztergom-varmegyeben\/#primaryimage"},"image":{"@id":"https:\/\/dorogimedence.hu\/index.php\/2026\/01\/13\/onos-eso-miatt-narancssarga-riasztas-komarom-esztergom-varmegyeben\/#primaryimage"},"thumbnailUrl":"https:\/\/dorogimedence.hu\/wp-content\/uploads\/2026\/01\/42123-1.jpg","datePublished":"2026-01-13T06:54:44+00:00","dateModified":"2026-01-14T08:08:03+00:00","breadcrumb":{"@id":"https:\/\/dorogimedence.hu\/index.php\/2026\/01\/13\/onos-eso-miatt-narancssarga-riasztas-komarom-esztergom-varmegyeben\/#breadcrumb"},"inLanguage":"hu","potentialAction":[{"@type":"ReadAction","target":["https:\/\/dorogimedence.hu\/index.php\/2026\/01\/13\/onos-eso-miatt-narancssarga-riasztas-komarom-esztergom-varmegyeben\/"]}]},{"@type":"ImageObject","inLanguage":"hu","@id":"https:\/\/dorogimedence.hu\/index.php\/2026\/01\/13\/onos-eso-miatt-narancssarga-riasztas-komarom-esztergom-varmegyeben\/#primaryimage","url":"https:\/\/dorogimedence.hu\/wp-content\/uploads\/2026\/01\/42123-1.jpg","contentUrl":"https:\/\/dorogimedence.hu\/wp-content\/uploads\/2026\/01\/42123-1.jpg","width":1500,"height":1000},{"@type":"BreadcrumbList","@id":"https:\/\/dorogimedence.hu\/index.php\/2026\/01\/13\/onos-eso-miatt-narancssarga-riasztas-komarom-esztergom-varmegyeben\/#breadcrumb","itemListElement":[{"@type":"ListItem","position":1,"name":"Kezd\u0151lap","item":"https:\/\/dorogimedence.hu\/"},{"@type":"ListItem","position":2,"name":"\u00d3nos es\u0151 miatt narancss\u00e1rga riaszt\u00e1s Kom\u00e1rom-Esztergom v\u00e1rmegy\u00e9ben"}]},{"@type":"WebSite","@id":"https:\/\/dorogimedence.hu\/#website","url":"https:\/\/dorogimedence.hu\/","name":"Dorogi-medence Region\u00e1lis H\u00edrport\u00e1l","description":"Dorog, Keszt\u00f6lc, Le\u00e1nyv\u00e1r, Piliscs\u00e9v, Tokod, Tokodalt\u00e1r\u00f3, Csolnok, Esztergom-kertv\u00e1ros: h\u00edrek, programok","publisher":{"@id":"https:\/\/dorogimedence.hu\/#organization"},"potentialAction":[{"@type":"SearchAction","target":{"@type":"EntryPoint","urlTemplate":"https:\/\/dorogimedence.hu\/?s={search_term_string}"},"query-input":{"@type":"PropertyValueSpecification","valueRequired":true,"valueName":"search_term_string"}}],"inLanguage":"hu"},{"@type":"Organization","@id":"https:\/\/dorogimedence.hu\/#organization","name":"Dorogi-medence Region\u00e1lis H\u00edrport\u00e1l","url":"https:\/\/dorogimedence.hu\/","logo":{"@type":"ImageObject","inLanguage":"hu","@id":"https:\/\/dorogimedence.hu\/#\/schema\/logo\/image\/","url":"https:\/\/dorogimedence.hu\/wp-content\/uploads\/2021\/04\/logo-feher-600.png","contentUrl":"https:\/\/dorogimedence.hu\/wp-content\/uploads\/2021\/04\/logo-feher-600.png","width":600,"height":100,"caption":"Dorogi-medence Region\u00e1lis H\u00edrport\u00e1l"},"image":{"@id":"https:\/\/dorogimedence.hu\/#\/schema\/logo\/image\/"},"sameAs":["https:\/\/www.facebook.com\/dorogimedence\/"]},{"@type":"Person","@id":"https:\/\/dorogimedence.hu\/#\/schema\/person\/ce6091eeb7e95ecdc87890d6aa8e0fd4","name":"dorogimedence.hu","image":{"@type":"ImageObject","inLanguage":"hu","@id":"\/\/www.gravatar.com\/avatar\/d8d45f8901aadff40a4af72c0b826f1d?s=96&#038;r=g&#038;d=mm","url":"\/\/www.gravatar.com\/avatar\/d8d45f8901aadff40a4af72c0b826f1d?s=96&#038;r=g&#038;d=mm","contentUrl":"\/\/www.gravatar.com\/avatar\/d8d45f8901aadff40a4af72c0b826f1d?s=96&#038;r=g&#038;d=mm","caption":"dorogimedence.hu"}}]}},"_links":{"self":[{"href":"https:\/\/dorogimedence.hu\/index.php\/wp-json\/wp\/v2\/posts\/76947","targetHints":{"allow":["GET"]}}],"collection":[{"href":"https:\/\/dorogimedence.hu\/index.php\/wp-json\/wp\/v2\/posts"}],"about":[{"href":"https:\/\/dorogimedence.hu\/index.php\/wp-json\/wp\/v2\/types\/post"}],"author":[{"embeddable":true,"href":"https:\/\/dorogimedence.hu\/index.php\/wp-json\/wp\/v2\/users\/1"}],"replies":[{"embeddable":true,"href":"https:\/\/dorogimedence.hu\/index.php\/wp-json\/wp\/v2\/comments?post=76947"}],"version-history":[{"count":0,"href":"https:\/\/dorogimedence.hu\/index.php\/wp-json\/wp\/v2\/posts\/76947\/revisions"}],"wp:featuredmedia":[{"embeddable":true,"href":"https:\/\/dorogimedence.hu\/index.php\/wp-json\/wp\/v2\/media\/76948"}],"wp:attachment":[{"href":"https:\/\/dorogimedence.hu\/index.php\/wp-json\/wp\/v2\/media?parent=76947"}],"wp:term":[{"taxonomy":"category","embeddable":true,"href":"https:\/\/dorogimedence.hu\/index.php\/wp-json\/wp\/v2\/categories?post=76947"},{"taxonomy":"post_tag","embeddable":true,"href":"https:\/\/dorogimedence.hu\/index.php\/wp-json\/wp\/v2\/tags?post=76947"}],"curies":[{"name":"wp","href":"https:\/\/api.w.org\/{rel}","templated":true}]}}