{"id":76913,"date":"2026-01-10T12:15:33","date_gmt":"2026-01-10T11:15:33","guid":{"rendered":"https:\/\/dorogimedence.hu\/?p=76913"},"modified":"2026-01-10T12:15:33","modified_gmt":"2026-01-10T11:15:33","slug":"nagy-forgalom-varhato-dobogoko-es-visegrad-kornyeken","status":"publish","type":"post","link":"https:\/\/dorogimedence.hu\/index.php\/2026\/01\/10\/nagy-forgalom-varhato-dobogoko-es-visegrad-kornyeken\/","title":{"rendered":"Nagy forgalom v\u00e1rhat\u00f3 Dobog\u00f3k\u0151 \u00e9s Visegr\u00e1d k\u00f6rny\u00e9k\u00e9n"},"content":{"rendered":"<p><strong>A h\u00e9tv\u00e9g\u00e9n jelent\u0151s forgalomra \u00e9s torl\u00f3d\u00e1sokra kell sz\u00e1m\u00edtani Dobog\u00f3k\u0151 \u00e9s Visegr\u00e1d t\u00e9rs\u00e9g\u00e9ben, ahol a havaz\u00e1s \u00e9s a kir\u00e1ndul\u00f3id\u0151 egy\u00fcttesen komoly terhel\u00e9st jelenthet az utakra \u00e9s a parkol\u00f3kra. A rend\u0151rs\u00e9g el\u0151re jelezte: szombaton \u00e9s vas\u00e1rnap egyenruh\u00e1sok seg\u00edtik a forgalom g\u00f6rd\u00fcl\u00e9keny halad\u00e1s\u00e1t, ugyanakkor korl\u00e1toz\u00e1sokra \u00e9s int\u00e9zked\u00e9sekre is sz\u00e1m\u00edtani kell.<\/strong><\/p>\n<p>A <a href=\"https:\/\/www.police.hu\/hu\/hirek-es-informaciok\/legfrissebb-hireink\/kozlekedesrendeszet\/nagy-forgalom-varhato-dobogoko-es\" target=\"_blank\" rel=\"noopener\"><span style=\"text-decoration: underline; color: #0000ff;\">police.hu<\/span><\/a> t\u00e1j\u00e9koztat\u00e1sa szerint Pest v\u00e1rmegye nagy r\u00e9sz\u00e9n jelenleg is havazik, ez\u00e9rt a h\u00e9tv\u00e9g\u00e9n v\u00e1rhat\u00f3an sok t\u00far\u00e1z\u00f3 \u00e9s kikapcsol\u00f3dni v\u00e1gy\u00f3 indul \u00fatnak a hegyvid\u00e9ki t\u00e9rs\u00e9gek fel\u00e9. A megn\u00f6vekedett forgalom miatt torl\u00f3d\u00e1sok alakulhatnak ki, a parkol\u00f3helyek befogad\u00f3k\u00e9pess\u00e9ge pedig korl\u00e1tozott.<\/p>\n<p>Amennyiben Dobog\u00f3k\u0151n megtelnek a parkol\u00f3k, a rend\u0151r\u00f6k mind az Esztergom, mind a Pilisszentkereszt fel\u0151l \u00e9rkez\u0151 aut\u00f3sokat visszaford\u00edtj\u00e1k. A rend\u0151rs\u00e9g k\u00fcl\u00f6n felh\u00edvta a figyelmet arra is, hogy a 1111-es \u00faton az \u00fattest sz\u00e9l\u00e9n tilos a parkol\u00e1s. Azokkal szemben, akik ennek ellen\u00e9re ott hagyj\u00e1k j\u00e1rm\u0171v\u00fcket, a j\u00e1r\u0151r\u00f6k int\u00e9zked\u00e9st kezdem\u00e9nyeznek.<\/p>\n<p>A MTI besz\u00e1mol\u00f3ja szerint Visegr\u00e1d t\u00e9rs\u00e9g\u00e9ben szint\u00e9n jelent\u0151s torl\u00f3d\u00e1s v\u00e1rhat\u00f3. P\u00e9nteken megnyitott a s\u00edp\u00e1lya, ami tov\u00e1bbi t\u00f6megeket vonz a k\u00f6rny\u00e9kre. A parkol\u00f3k tel\u00edtetts\u00e9g\u00e9t\u0151l f\u00fcgg\u0151en el\u0151fordulhat, hogy az aut\u00f3sok csak t\u00e1volabb tudnak meg\u00e1llni, \u00e9s gyalogosan kell megk\u00f6zel\u00edteni\u00fck a c\u00e9ljukat.<\/p>\n<p>A rend\u0151rs\u00e9g hangs\u00falyozta: a csapad\u00e9kos, hideg id\u0151j\u00e1r\u00e1s \u00e9s a m\u00ednuszok el\u0151rel\u00e1that\u00f3an m\u00e9g napokig vel\u00fcnk maradnak, ez\u00e9rt a megv\u00e1ltozott \u00fatviszonyok fokozott figyelmet, t\u00fcrelmet \u00e9s megfelel\u0151 felk\u00e9sz\u00fcl\u00e9st ig\u00e9nyelnek minden k\u00f6zleked\u0151t\u0151l. Indul\u00e1s el\u0151tt \u00e9rdemes t\u00e1j\u00e9koz\u00f3dni az aktu\u00e1lis id\u0151j\u00e1r\u00e1si \u00e9s k\u00f6zleked\u00e9si helyzetr\u0151l, valamint figyelembe venni a rend\u0151rs\u00e9g helysz\u00edni ir\u00e1nymutat\u00e1sait.<\/p>\n<p><em>Forr\u00e1s: police.hu \/ MTI<br \/>\nBor\u00edt\u00f3k\u00e9p: police.hu<\/em><\/p>\n","protected":false},"excerpt":{"rendered":"<p>A h\u00e9tv\u00e9g\u00e9n jelent\u0151s forgalomra \u00e9s torl\u00f3d\u00e1sokra kell sz\u00e1m\u00edtani Dobog\u00f3k\u0151 \u00e9s Visegr\u00e1d t\u00e9rs\u00e9g\u00e9ben, ahol a havaz\u00e1s \u00e9s a kir\u00e1ndul\u00f3id\u0151 egy\u00fcttesen komoly terhel\u00e9st jelenthet az utakra \u00e9s a parkol\u00f3kra. A rend\u0151rs\u00e9g el\u0151re jelezte: szombaton \u00e9s vas\u00e1rnap egyenruh\u00e1sok seg\u00edtik a forgalom g\u00f6rd\u00fcl\u00e9keny halad\u00e1s\u00e1t, ugyanakkor korl\u00e1toz\u00e1sokra \u00e9s int\u00e9zked\u00e9sekre is sz\u00e1m\u00edtani kell. A police.hu t\u00e1j\u00e9koztat\u00e1sa szerint Pest v\u00e1rmegye nagy r\u00e9sz\u00e9n<\/p>\n","protected":false},"author":1,"featured_media":76914,"comment_status":"closed","ping_status":"closed","sticky":false,"template":"","format":"standard","meta":{"ngg_post_thumbnail":0,"footnotes":""},"categories":[3],"tags":[816,5624,3116,824,1426],"class_list":{"0":"post-76913","1":"post","2":"type-post","3":"status-publish","4":"format-standard","5":"has-post-thumbnail","7":"category-hirek","8":"tag-dobogoko","9":"tag-featured","10":"tag-forgalom","11":"tag-havazas","12":"tag-visegrad"},"yoast_head":"<!-- This site is optimized with the Yoast SEO plugin v27.4 - https:\/\/yoast.com\/product\/yoast-seo-wordpress\/ -->\n<title>Nagy forgalom v\u00e1rhat\u00f3 Dobog\u00f3k\u0151 \u00e9s Visegr\u00e1d k\u00f6rny\u00e9k\u00e9n<\/title>\n<meta name=\"robots\" content=\"index, follow, max-snippet:-1, max-image-preview:large, max-video-preview:-1\" \/>\n<link rel=\"canonical\" href=\"https:\/\/dorogimedence.hu\/index.php\/2026\/01\/10\/nagy-forgalom-varhato-dobogoko-es-visegrad-kornyeken\/\" class=\"yoast-seo-meta-tag\" \/>\n<meta property=\"og:locale\" content=\"hu_HU\" class=\"yoast-seo-meta-tag\" \/>\n<meta property=\"og:type\" content=\"article\" class=\"yoast-seo-meta-tag\" \/>\n<meta property=\"og:title\" content=\"Nagy forgalom v\u00e1rhat\u00f3 Dobog\u00f3k\u0151 \u00e9s Visegr\u00e1d k\u00f6rny\u00e9k\u00e9n\" class=\"yoast-seo-meta-tag\" \/>\n<meta property=\"og:description\" content=\"A h\u00e9tv\u00e9g\u00e9n jelent\u0151s forgalomra \u00e9s torl\u00f3d\u00e1sokra kell sz\u00e1m\u00edtani Dobog\u00f3k\u0151 \u00e9s Visegr\u00e1d t\u00e9rs\u00e9g\u00e9ben, ahol a havaz\u00e1s \u00e9s a kir\u00e1ndul\u00f3id\u0151 egy\u00fcttesen komoly terhel\u00e9st jelenthet az utakra \u00e9s a parkol\u00f3kra. A rend\u0151rs\u00e9g el\u0151re jelezte: szombaton \u00e9s vas\u00e1rnap egyenruh\u00e1sok seg\u00edtik a forgalom g\u00f6rd\u00fcl\u00e9keny halad\u00e1s\u00e1t, ugyanakkor korl\u00e1toz\u00e1sokra \u00e9s int\u00e9zked\u00e9sekre is sz\u00e1m\u00edtani kell. A police.hu t\u00e1j\u00e9koztat\u00e1sa szerint Pest v\u00e1rmegye nagy r\u00e9sz\u00e9n\" class=\"yoast-seo-meta-tag\" \/>\n<meta property=\"og:url\" content=\"https:\/\/dorogimedence.hu\/index.php\/2026\/01\/10\/nagy-forgalom-varhato-dobogoko-es-visegrad-kornyeken\/\" class=\"yoast-seo-meta-tag\" \/>\n<meta property=\"og:site_name\" content=\"Dorogi-medence Region\u00e1lis H\u00edrport\u00e1l\" class=\"yoast-seo-meta-tag\" \/>\n<meta property=\"article:publisher\" content=\"https:\/\/www.facebook.com\/dorogimedence\/\" class=\"yoast-seo-meta-tag\" \/>\n<meta property=\"article:published_time\" content=\"2026-01-10T11:15:33+00:00\" class=\"yoast-seo-meta-tag\" \/>\n<meta property=\"og:image\" content=\"https:\/\/dorogimedence.hu\/wp-content\/uploads\/2026\/01\/Dobogoko_3.jpg\" class=\"yoast-seo-meta-tag\" \/>\n\t<meta property=\"og:image:width\" content=\"1600\" class=\"yoast-seo-meta-tag\" \/>\n\t<meta property=\"og:image:height\" content=\"901\" class=\"yoast-seo-meta-tag\" \/>\n\t<meta property=\"og:image:type\" content=\"image\/jpeg\" class=\"yoast-seo-meta-tag\" \/>\n<meta name=\"author\" content=\"dorogimedence.hu\" class=\"yoast-seo-meta-tag\" \/>\n<meta name=\"twitter:card\" content=\"summary_large_image\" class=\"yoast-seo-meta-tag\" \/>\n<meta name=\"twitter:label1\" content=\"Szerz\u0151:\" class=\"yoast-seo-meta-tag\" \/>\n\t<meta name=\"twitter:data1\" content=\"dorogimedence.hu\" class=\"yoast-seo-meta-tag\" \/>\n\t<meta name=\"twitter:label2\" content=\"Becs\u00fclt olvas\u00e1si id\u0151\" class=\"yoast-seo-meta-tag\" \/>\n\t<meta name=\"twitter:data2\" content=\"2 perc\" class=\"yoast-seo-meta-tag\" \/>\n<script type=\"application\/ld+json\" class=\"yoast-schema-graph\">{\"@context\":\"https:\\\/\\\/schema.org\",\"@graph\":[{\"@type\":\"Article\",\"@id\":\"https:\\\/\\\/dorogimedence.hu\\\/index.php\\\/2026\\\/01\\\/10\\\/nagy-forgalom-varhato-dobogoko-es-visegrad-kornyeken\\\/#article\",\"isPartOf\":{\"@id\":\"https:\\\/\\\/dorogimedence.hu\\\/index.php\\\/2026\\\/01\\\/10\\\/nagy-forgalom-varhato-dobogoko-es-visegrad-kornyeken\\\/\"},\"author\":{\"name\":\"dorogimedence.hu\",\"@id\":\"https:\\\/\\\/dorogimedence.hu\\\/#\\\/schema\\\/person\\\/ce6091eeb7e95ecdc87890d6aa8e0fd4\"},\"headline\":\"Nagy forgalom v\u00e1rhat\u00f3 Dobog\u00f3k\u0151 \u00e9s Visegr\u00e1d k\u00f6rny\u00e9k\u00e9n\",\"datePublished\":\"2026-01-10T11:15:33+00:00\",\"mainEntityOfPage\":{\"@id\":\"https:\\\/\\\/dorogimedence.hu\\\/index.php\\\/2026\\\/01\\\/10\\\/nagy-forgalom-varhato-dobogoko-es-visegrad-kornyeken\\\/\"},\"wordCount\":404,\"publisher\":{\"@id\":\"https:\\\/\\\/dorogimedence.hu\\\/#organization\"},\"image\":{\"@id\":\"https:\\\/\\\/dorogimedence.hu\\\/index.php\\\/2026\\\/01\\\/10\\\/nagy-forgalom-varhato-dobogoko-es-visegrad-kornyeken\\\/#primaryimage\"},\"thumbnailUrl\":\"https:\\\/\\\/dorogimedence.hu\\\/wp-content\\\/uploads\\\/2026\\\/01\\\/Dobogoko_3.jpg\",\"keywords\":[\"Dobog\u00f3k\u0151\",\"featured\",\"forgalom\",\"havaz\u00e1s\",\"Visegr\u00e1d\"],\"articleSection\":[\"H\u00edrek\"],\"inLanguage\":\"hu\"},{\"@type\":\"WebPage\",\"@id\":\"https:\\\/\\\/dorogimedence.hu\\\/index.php\\\/2026\\\/01\\\/10\\\/nagy-forgalom-varhato-dobogoko-es-visegrad-kornyeken\\\/\",\"url\":\"https:\\\/\\\/dorogimedence.hu\\\/index.php\\\/2026\\\/01\\\/10\\\/nagy-forgalom-varhato-dobogoko-es-visegrad-kornyeken\\\/\",\"name\":\"Nagy forgalom v\u00e1rhat\u00f3 Dobog\u00f3k\u0151 \u00e9s Visegr\u00e1d k\u00f6rny\u00e9k\u00e9n\",\"isPartOf\":{\"@id\":\"https:\\\/\\\/dorogimedence.hu\\\/#website\"},\"primaryImageOfPage\":{\"@id\":\"https:\\\/\\\/dorogimedence.hu\\\/index.php\\\/2026\\\/01\\\/10\\\/nagy-forgalom-varhato-dobogoko-es-visegrad-kornyeken\\\/#primaryimage\"},\"image\":{\"@id\":\"https:\\\/\\\/dorogimedence.hu\\\/index.php\\\/2026\\\/01\\\/10\\\/nagy-forgalom-varhato-dobogoko-es-visegrad-kornyeken\\\/#primaryimage\"},\"thumbnailUrl\":\"https:\\\/\\\/dorogimedence.hu\\\/wp-content\\\/uploads\\\/2026\\\/01\\\/Dobogoko_3.jpg\",\"datePublished\":\"2026-01-10T11:15:33+00:00\",\"breadcrumb\":{\"@id\":\"https:\\\/\\\/dorogimedence.hu\\\/index.php\\\/2026\\\/01\\\/10\\\/nagy-forgalom-varhato-dobogoko-es-visegrad-kornyeken\\\/#breadcrumb\"},\"inLanguage\":\"hu\",\"potentialAction\":[{\"@type\":\"ReadAction\",\"target\":[\"https:\\\/\\\/dorogimedence.hu\\\/index.php\\\/2026\\\/01\\\/10\\\/nagy-forgalom-varhato-dobogoko-es-visegrad-kornyeken\\\/\"]}]},{\"@type\":\"ImageObject\",\"inLanguage\":\"hu\",\"@id\":\"https:\\\/\\\/dorogimedence.hu\\\/index.php\\\/2026\\\/01\\\/10\\\/nagy-forgalom-varhato-dobogoko-es-visegrad-kornyeken\\\/#primaryimage\",\"url\":\"https:\\\/\\\/dorogimedence.hu\\\/wp-content\\\/uploads\\\/2026\\\/01\\\/Dobogoko_3.jpg\",\"contentUrl\":\"https:\\\/\\\/dorogimedence.hu\\\/wp-content\\\/uploads\\\/2026\\\/01\\\/Dobogoko_3.jpg\",\"width\":1600,\"height\":901},{\"@type\":\"BreadcrumbList\",\"@id\":\"https:\\\/\\\/dorogimedence.hu\\\/index.php\\\/2026\\\/01\\\/10\\\/nagy-forgalom-varhato-dobogoko-es-visegrad-kornyeken\\\/#breadcrumb\",\"itemListElement\":[{\"@type\":\"ListItem\",\"position\":1,\"name\":\"Kezd\u0151lap\",\"item\":\"https:\\\/\\\/dorogimedence.hu\\\/\"},{\"@type\":\"ListItem\",\"position\":2,\"name\":\"Nagy forgalom v\u00e1rhat\u00f3 Dobog\u00f3k\u0151 \u00e9s Visegr\u00e1d k\u00f6rny\u00e9k\u00e9n\"}]},{\"@type\":\"WebSite\",\"@id\":\"https:\\\/\\\/dorogimedence.hu\\\/#website\",\"url\":\"https:\\\/\\\/dorogimedence.hu\\\/\",\"name\":\"Dorogi-medence Region\u00e1lis H\u00edrport\u00e1l\",\"description\":\"Dorog, Keszt\u00f6lc, Le\u00e1nyv\u00e1r, Piliscs\u00e9v, Tokod, Tokodalt\u00e1r\u00f3, Csolnok, Esztergom-kertv\u00e1ros: h\u00edrek, programok\",\"publisher\":{\"@id\":\"https:\\\/\\\/dorogimedence.hu\\\/#organization\"},\"potentialAction\":[{\"@type\":\"SearchAction\",\"target\":{\"@type\":\"EntryPoint\",\"urlTemplate\":\"https:\\\/\\\/dorogimedence.hu\\\/?s={search_term_string}\"},\"query-input\":{\"@type\":\"PropertyValueSpecification\",\"valueRequired\":true,\"valueName\":\"search_term_string\"}}],\"inLanguage\":\"hu\"},{\"@type\":\"Organization\",\"@id\":\"https:\\\/\\\/dorogimedence.hu\\\/#organization\",\"name\":\"Dorogi-medence Region\u00e1lis H\u00edrport\u00e1l\",\"url\":\"https:\\\/\\\/dorogimedence.hu\\\/\",\"logo\":{\"@type\":\"ImageObject\",\"inLanguage\":\"hu\",\"@id\":\"https:\\\/\\\/dorogimedence.hu\\\/#\\\/schema\\\/logo\\\/image\\\/\",\"url\":\"https:\\\/\\\/dorogimedence.hu\\\/wp-content\\\/uploads\\\/2021\\\/04\\\/logo-feher-600.png\",\"contentUrl\":\"https:\\\/\\\/dorogimedence.hu\\\/wp-content\\\/uploads\\\/2021\\\/04\\\/logo-feher-600.png\",\"width\":600,\"height\":100,\"caption\":\"Dorogi-medence Region\u00e1lis H\u00edrport\u00e1l\"},\"image\":{\"@id\":\"https:\\\/\\\/dorogimedence.hu\\\/#\\\/schema\\\/logo\\\/image\\\/\"},\"sameAs\":[\"https:\\\/\\\/www.facebook.com\\\/dorogimedence\\\/\"]},{\"@type\":\"Person\",\"@id\":\"https:\\\/\\\/dorogimedence.hu\\\/#\\\/schema\\\/person\\\/ce6091eeb7e95ecdc87890d6aa8e0fd4\",\"name\":\"dorogimedence.hu\",\"image\":{\"@type\":\"ImageObject\",\"inLanguage\":\"hu\",\"@id\":\"\\\/\\\/www.gravatar.com\\\/avatar\\\/d8d45f8901aadff40a4af72c0b826f1d?s=96&#038;r=g&#038;d=mm\",\"url\":\"\\\/\\\/www.gravatar.com\\\/avatar\\\/d8d45f8901aadff40a4af72c0b826f1d?s=96&#038;r=g&#038;d=mm\",\"contentUrl\":\"\\\/\\\/www.gravatar.com\\\/avatar\\\/d8d45f8901aadff40a4af72c0b826f1d?s=96&#038;r=g&#038;d=mm\",\"caption\":\"dorogimedence.hu\"}}]}<\/script>\n<!-- \/ Yoast SEO plugin. -->","yoast_head_json":{"title":"Nagy forgalom v\u00e1rhat\u00f3 Dobog\u00f3k\u0151 \u00e9s Visegr\u00e1d k\u00f6rny\u00e9k\u00e9n","robots":{"index":"index","follow":"follow","max-snippet":"max-snippet:-1","max-image-preview":"max-image-preview:large","max-video-preview":"max-video-preview:-1"},"canonical":"https:\/\/dorogimedence.hu\/index.php\/2026\/01\/10\/nagy-forgalom-varhato-dobogoko-es-visegrad-kornyeken\/","og_locale":"hu_HU","og_type":"article","og_title":"Nagy forgalom v\u00e1rhat\u00f3 Dobog\u00f3k\u0151 \u00e9s Visegr\u00e1d k\u00f6rny\u00e9k\u00e9n","og_description":"A h\u00e9tv\u00e9g\u00e9n jelent\u0151s forgalomra \u00e9s torl\u00f3d\u00e1sokra kell sz\u00e1m\u00edtani Dobog\u00f3k\u0151 \u00e9s Visegr\u00e1d t\u00e9rs\u00e9g\u00e9ben, ahol a havaz\u00e1s \u00e9s a kir\u00e1ndul\u00f3id\u0151 egy\u00fcttesen komoly terhel\u00e9st jelenthet az utakra \u00e9s a parkol\u00f3kra. A rend\u0151rs\u00e9g el\u0151re jelezte: szombaton \u00e9s vas\u00e1rnap egyenruh\u00e1sok seg\u00edtik a forgalom g\u00f6rd\u00fcl\u00e9keny halad\u00e1s\u00e1t, ugyanakkor korl\u00e1toz\u00e1sokra \u00e9s int\u00e9zked\u00e9sekre is sz\u00e1m\u00edtani kell. A police.hu t\u00e1j\u00e9koztat\u00e1sa szerint Pest v\u00e1rmegye nagy r\u00e9sz\u00e9n","og_url":"https:\/\/dorogimedence.hu\/index.php\/2026\/01\/10\/nagy-forgalom-varhato-dobogoko-es-visegrad-kornyeken\/","og_site_name":"Dorogi-medence Region\u00e1lis H\u00edrport\u00e1l","article_publisher":"https:\/\/www.facebook.com\/dorogimedence\/","article_published_time":"2026-01-10T11:15:33+00:00","og_image":[{"width":1600,"height":901,"url":"https:\/\/dorogimedence.hu\/wp-content\/uploads\/2026\/01\/Dobogoko_3.jpg","type":"image\/jpeg"}],"author":"dorogimedence.hu","twitter_card":"summary_large_image","twitter_misc":{"Szerz\u0151:":"dorogimedence.hu","Becs\u00fclt olvas\u00e1si id\u0151":"2 perc"},"schema":{"@context":"https:\/\/schema.org","@graph":[{"@type":"Article","@id":"https:\/\/dorogimedence.hu\/index.php\/2026\/01\/10\/nagy-forgalom-varhato-dobogoko-es-visegrad-kornyeken\/#article","isPartOf":{"@id":"https:\/\/dorogimedence.hu\/index.php\/2026\/01\/10\/nagy-forgalom-varhato-dobogoko-es-visegrad-kornyeken\/"},"author":{"name":"dorogimedence.hu","@id":"https:\/\/dorogimedence.hu\/#\/schema\/person\/ce6091eeb7e95ecdc87890d6aa8e0fd4"},"headline":"Nagy forgalom v\u00e1rhat\u00f3 Dobog\u00f3k\u0151 \u00e9s Visegr\u00e1d k\u00f6rny\u00e9k\u00e9n","datePublished":"2026-01-10T11:15:33+00:00","mainEntityOfPage":{"@id":"https:\/\/dorogimedence.hu\/index.php\/2026\/01\/10\/nagy-forgalom-varhato-dobogoko-es-visegrad-kornyeken\/"},"wordCount":404,"publisher":{"@id":"https:\/\/dorogimedence.hu\/#organization"},"image":{"@id":"https:\/\/dorogimedence.hu\/index.php\/2026\/01\/10\/nagy-forgalom-varhato-dobogoko-es-visegrad-kornyeken\/#primaryimage"},"thumbnailUrl":"https:\/\/dorogimedence.hu\/wp-content\/uploads\/2026\/01\/Dobogoko_3.jpg","keywords":["Dobog\u00f3k\u0151","featured","forgalom","havaz\u00e1s","Visegr\u00e1d"],"articleSection":["H\u00edrek"],"inLanguage":"hu"},{"@type":"WebPage","@id":"https:\/\/dorogimedence.hu\/index.php\/2026\/01\/10\/nagy-forgalom-varhato-dobogoko-es-visegrad-kornyeken\/","url":"https:\/\/dorogimedence.hu\/index.php\/2026\/01\/10\/nagy-forgalom-varhato-dobogoko-es-visegrad-kornyeken\/","name":"Nagy forgalom v\u00e1rhat\u00f3 Dobog\u00f3k\u0151 \u00e9s Visegr\u00e1d k\u00f6rny\u00e9k\u00e9n","isPartOf":{"@id":"https:\/\/dorogimedence.hu\/#website"},"primaryImageOfPage":{"@id":"https:\/\/dorogimedence.hu\/index.php\/2026\/01\/10\/nagy-forgalom-varhato-dobogoko-es-visegrad-kornyeken\/#primaryimage"},"image":{"@id":"https:\/\/dorogimedence.hu\/index.php\/2026\/01\/10\/nagy-forgalom-varhato-dobogoko-es-visegrad-kornyeken\/#primaryimage"},"thumbnailUrl":"https:\/\/dorogimedence.hu\/wp-content\/uploads\/2026\/01\/Dobogoko_3.jpg","datePublished":"2026-01-10T11:15:33+00:00","breadcrumb":{"@id":"https:\/\/dorogimedence.hu\/index.php\/2026\/01\/10\/nagy-forgalom-varhato-dobogoko-es-visegrad-kornyeken\/#breadcrumb"},"inLanguage":"hu","potentialAction":[{"@type":"ReadAction","target":["https:\/\/dorogimedence.hu\/index.php\/2026\/01\/10\/nagy-forgalom-varhato-dobogoko-es-visegrad-kornyeken\/"]}]},{"@type":"ImageObject","inLanguage":"hu","@id":"https:\/\/dorogimedence.hu\/index.php\/2026\/01\/10\/nagy-forgalom-varhato-dobogoko-es-visegrad-kornyeken\/#primaryimage","url":"https:\/\/dorogimedence.hu\/wp-content\/uploads\/2026\/01\/Dobogoko_3.jpg","contentUrl":"https:\/\/dorogimedence.hu\/wp-content\/uploads\/2026\/01\/Dobogoko_3.jpg","width":1600,"height":901},{"@type":"BreadcrumbList","@id":"https:\/\/dorogimedence.hu\/index.php\/2026\/01\/10\/nagy-forgalom-varhato-dobogoko-es-visegrad-kornyeken\/#breadcrumb","itemListElement":[{"@type":"ListItem","position":1,"name":"Kezd\u0151lap","item":"https:\/\/dorogimedence.hu\/"},{"@type":"ListItem","position":2,"name":"Nagy forgalom v\u00e1rhat\u00f3 Dobog\u00f3k\u0151 \u00e9s Visegr\u00e1d k\u00f6rny\u00e9k\u00e9n"}]},{"@type":"WebSite","@id":"https:\/\/dorogimedence.hu\/#website","url":"https:\/\/dorogimedence.hu\/","name":"Dorogi-medence Region\u00e1lis H\u00edrport\u00e1l","description":"Dorog, Keszt\u00f6lc, Le\u00e1nyv\u00e1r, Piliscs\u00e9v, Tokod, Tokodalt\u00e1r\u00f3, Csolnok, Esztergom-kertv\u00e1ros: h\u00edrek, programok","publisher":{"@id":"https:\/\/dorogimedence.hu\/#organization"},"potentialAction":[{"@type":"SearchAction","target":{"@type":"EntryPoint","urlTemplate":"https:\/\/dorogimedence.hu\/?s={search_term_string}"},"query-input":{"@type":"PropertyValueSpecification","valueRequired":true,"valueName":"search_term_string"}}],"inLanguage":"hu"},{"@type":"Organization","@id":"https:\/\/dorogimedence.hu\/#organization","name":"Dorogi-medence Region\u00e1lis H\u00edrport\u00e1l","url":"https:\/\/dorogimedence.hu\/","logo":{"@type":"ImageObject","inLanguage":"hu","@id":"https:\/\/dorogimedence.hu\/#\/schema\/logo\/image\/","url":"https:\/\/dorogimedence.hu\/wp-content\/uploads\/2021\/04\/logo-feher-600.png","contentUrl":"https:\/\/dorogimedence.hu\/wp-content\/uploads\/2021\/04\/logo-feher-600.png","width":600,"height":100,"caption":"Dorogi-medence Region\u00e1lis H\u00edrport\u00e1l"},"image":{"@id":"https:\/\/dorogimedence.hu\/#\/schema\/logo\/image\/"},"sameAs":["https:\/\/www.facebook.com\/dorogimedence\/"]},{"@type":"Person","@id":"https:\/\/dorogimedence.hu\/#\/schema\/person\/ce6091eeb7e95ecdc87890d6aa8e0fd4","name":"dorogimedence.hu","image":{"@type":"ImageObject","inLanguage":"hu","@id":"\/\/www.gravatar.com\/avatar\/d8d45f8901aadff40a4af72c0b826f1d?s=96&#038;r=g&#038;d=mm","url":"\/\/www.gravatar.com\/avatar\/d8d45f8901aadff40a4af72c0b826f1d?s=96&#038;r=g&#038;d=mm","contentUrl":"\/\/www.gravatar.com\/avatar\/d8d45f8901aadff40a4af72c0b826f1d?s=96&#038;r=g&#038;d=mm","caption":"dorogimedence.hu"}}]}},"_links":{"self":[{"href":"https:\/\/dorogimedence.hu\/index.php\/wp-json\/wp\/v2\/posts\/76913","targetHints":{"allow":["GET"]}}],"collection":[{"href":"https:\/\/dorogimedence.hu\/index.php\/wp-json\/wp\/v2\/posts"}],"about":[{"href":"https:\/\/dorogimedence.hu\/index.php\/wp-json\/wp\/v2\/types\/post"}],"author":[{"embeddable":true,"href":"https:\/\/dorogimedence.hu\/index.php\/wp-json\/wp\/v2\/users\/1"}],"replies":[{"embeddable":true,"href":"https:\/\/dorogimedence.hu\/index.php\/wp-json\/wp\/v2\/comments?post=76913"}],"version-history":[{"count":0,"href":"https:\/\/dorogimedence.hu\/index.php\/wp-json\/wp\/v2\/posts\/76913\/revisions"}],"wp:featuredmedia":[{"embeddable":true,"href":"https:\/\/dorogimedence.hu\/index.php\/wp-json\/wp\/v2\/media\/76914"}],"wp:attachment":[{"href":"https:\/\/dorogimedence.hu\/index.php\/wp-json\/wp\/v2\/media?parent=76913"}],"wp:term":[{"taxonomy":"category","embeddable":true,"href":"https:\/\/dorogimedence.hu\/index.php\/wp-json\/wp\/v2\/categories?post=76913"},{"taxonomy":"post_tag","embeddable":true,"href":"https:\/\/dorogimedence.hu\/index.php\/wp-json\/wp\/v2\/tags?post=76913"}],"curies":[{"name":"wp","href":"https:\/\/api.w.org\/{rel}","templated":true}]}}