{"id":7670,"date":"2018-01-11T06:55:29","date_gmt":"2018-01-11T05:55:29","guid":{"rendered":"http:\/\/dorogimedence.hu\/?p=7670"},"modified":"2018-01-11T06:55:29","modified_gmt":"2018-01-11T05:55:29","slug":"visszaelt-hatalmaval-a-foldhivatali-ugyintezo","status":"publish","type":"post","link":"https:\/\/dorogimedence.hu\/index.php\/2018\/01\/11\/visszaelt-hatalmaval-a-foldhivatali-ugyintezo\/","title":{"rendered":"Vissza\u00e9lt hatalm\u00e1val a f\u00f6ldhivatali \u00fcgyint\u00e9z\u0151"},"content":{"rendered":"<p><strong>A Kom\u00e1rom-Esztergom Megyei F\u0151\u00fcgy\u00e9szs\u00e9g hivatali vissza\u00e9l\u00e9s b\u0171ntette miatt emelt v\u00e1dat egy \u00fcgyint\u00e9z\u0151vel \u00e9s egy \u00fcgyv\u00e9ddel szemben, akik k\u00f6zel n\u00e9gy \u00e9ve k\u00f6vettek el b\u0171ncselekm\u00e9nyt.<\/strong><\/p>\n<p>A n\u0151 az egyik Kom\u00e1rom-Esztergom megyei J\u00e1r\u00e1si Hivatal F\u00f6ldhivatali Oszt\u00e1ly\u00e1n dolgozott, a f\u00e9rfi ugyanebben a megy\u00e9ben \u00fcgyv\u00e9di tev\u00e9kenys\u00e9get folytatott.<\/p>\n<p>Az \u00fcgyv\u00e9d 2014. febru\u00e1r 28. napj\u00e1n t\u00f6bb k\u00fclter\u00fcleti ingatlan vonatkoz\u00e1s\u00e1ban k\u00e9t csereszerz\u0151d\u00e9st, \u00e9s k\u00e9t ad\u00e1sv\u00e9teli szerz\u0151d\u00e9st k\u00e9sz\u00edtett \u00e9s ellenjegyzett, tov\u00e1bb\u00e1 az ingatlan-nyilv\u00e1ntart\u00e1si k\u00e9relmeket is elk\u00e9sz\u00edtette, azonban azokat elmulasztotta beny\u00fajtani a f\u00f6ldhivatalhoz 30 napon bel\u00fcl. Valamennyi \u00fcgyletben f\u00e9lk\u00e9nt az \u00fcgyv\u00e9d \u00e9desapja is szerepelt. A f\u00e9rfi egy\u00e9bk\u00e9nt 2014. m\u00e1rcius 28. napj\u00e1n ny\u00fajtott be k\u00e9relmet a f\u00f6ldhivatalhoz, de abban egy m\u00e1sik, a fenti \u00fcgyletekhez nem kapcsol\u00f3d\u00f3 csereszerz\u0151d\u00e9s bejegyz\u00e9s\u00e9t k\u00e9rte.<\/p>\n<p>Az \u00fcgyv\u00e9d \u00e1ltal a f\u00f6ldhivatalhoz be nem ny\u00fajtott ad\u00e1sv\u00e9teli-, illetve csereszerz\u0151d\u00e9sekre, valamint ingatlan-nyilv\u00e1ntart\u00e1si k\u00e9relmekre 2014 december\u00e9t megel\u0151z\u0151en ismeretlen id\u0151pontban \u00e9s m\u00f3don elhelyez\u00e9sre ker\u00fclt a f\u00f6ldhivatal iktat\u00f3b\u00e9lyegz\u0151je.<\/p>\n<p>Az \u00fcgyv\u00e9d a bejegyz\u00e9s ir\u00e1nti k\u00e9relmeket 2014. december 31-\u00e9n juttatta el a f\u00f6ldhivatalhoz. A f\u00e9rfi ekkor r\u00e1b\u00edrta az \u00fcgyint\u00e9z\u0151t arra, hogy teremtsen olyan helyzetet, mintha a k\u00e9relmeket 2014. m\u00e1rcius 28-\u00e1n ny\u00fajtotta volna be. Az \u00fcgyint\u00e9z\u0151 ennek eleget t\u00e9ve egy val\u00f3tlan tartalm\u00fa feljegyz\u00e9st k\u00e9sz\u00edtett, melyben azt \u00e1llap\u00edtotta meg, hogy a k\u00e9relmeket egy m\u00e1sik, a 2014. m\u00e1rcius 28. napj\u00e1n beny\u00fajtott k\u00e9relem iktat\u00e1sakor \u00f6sszefogt\u00e1k, vagyis a n\u00e9gy k\u00e9relmet \u00fagy int\u00e9zte el, mintha azokat az \u00fcgyv\u00e9d 2014. m\u00e1rcius 28-\u00e1n val\u00f3ban beny\u00fajtotta volna. Ezt k\u00f6vet\u0151en a k\u00e9relmeknek helyt adott, \u00e9s az ingatlan-nyilv\u00e1ntart\u00e1sban a v\u00e1ltoz\u00e1sokat \u00e1tvezette. Az ingatlanok eset\u00e9ben a k\u00e9relem \u00e9rkez\u00e9si idejek\u00e9nt, \u00edgy a v\u00e1ltoz\u00e1s id\u0151pontjak\u00e9nt val\u00f3tlanul tartalmazta az ingatlan-nyilv\u00e1ntart\u00e1s a 2014. m\u00e1rcius 28-i d\u00e1tumot. Az \u00fcgyint\u00e9z\u0151nek a 2014. december 31-\u00e9n beny\u00fajtott k\u00e9relmeket el kellett volna utas\u00edtania, mivel azokat nem az \u00faj f\u00f6ldforgalmi t\u00f6rv\u00e9nyben el\u0151\u00edrtak szerint ny\u00fajtott\u00e1k be, tov\u00e1bb\u00e1 az \u00fcgyint\u00e9z\u0151 k\u00f6zrem\u0171k\u00f6d\u00e9se folyt\u00e1n az \u00fcgyv\u00e9d mentes\u00fclt az ingatlan-nyilv\u00e1ntart\u00e1si k\u00e9relmek k\u00e9sedelmes beny\u00fajt\u00e1sa miatti mulaszt\u00e1si b\u00edrs\u00e1g megfizet\u00e9s\u00e9nek k\u00f6telezetts\u00e9ge al\u00f3l.<\/p>\n<p>Az \u00fcgyint\u00e9z\u0151t \u00e9s az \u00fcgyv\u00e9det a f\u0151\u00fcgy\u00e9szs\u00e9g hivatali vissza\u00e9l\u00e9s b\u0171ntett\u00e9vel \u00e9s hivatalos szem\u00e9ly \u00e1ltal elk\u00f6vetett k\u00f6zokirat-hamis\u00edt\u00e1s b\u0171ntett\u00e9vel v\u00e1dolja, melyet a n\u0151 tettesk\u00e9nt, a f\u00e9rfi felbujt\u00f3k\u00e9nt k\u00f6vetett el.<\/p>\n<p><em>Forr\u00e1s: Kom\u00e1rom-Esztergom Megyei F\u0151\u00fcgy\u00e9szs\u00e9g<br \/>\nFot\u00f3: illusztr\u00e1ci\u00f3<\/em><\/p>\n","protected":false},"excerpt":{"rendered":"<p>A Kom\u00e1rom-Esztergom Megyei F\u0151\u00fcgy\u00e9szs\u00e9g hivatali vissza\u00e9l\u00e9s b\u0171ntette miatt emelt v\u00e1dat egy \u00fcgyint\u00e9z\u0151vel \u00e9s egy \u00fcgyv\u00e9ddel szemben, akik k\u00f6zel n\u00e9gy \u00e9ve k\u00f6vettek el b\u0171ncselekm\u00e9nyt. A n\u0151 az egyik Kom\u00e1rom-Esztergom megyei J\u00e1r\u00e1si Hivatal F\u00f6ldhivatali Oszt\u00e1ly\u00e1n dolgozott, a f\u00e9rfi ugyanebben a megy\u00e9ben \u00fcgyv\u00e9di tev\u00e9kenys\u00e9get folytatott. Az \u00fcgyv\u00e9d 2014. febru\u00e1r 28. napj\u00e1n t\u00f6bb k\u00fclter\u00fcleti ingatlan vonatkoz\u00e1s\u00e1ban k\u00e9t csereszerz\u0151d\u00e9st, \u00e9s<\/p>\n","protected":false},"author":1,"featured_media":7671,"comment_status":"closed","ping_status":"closed","sticky":false,"template":"","format":"standard","meta":{"ngg_post_thumbnail":0,"footnotes":""},"categories":[3,56],"tags":[63,891,326],"class_list":{"0":"post-7670","1":"post","2":"type-post","3":"status-publish","4":"format-standard","5":"has-post-thumbnail","7":"category-hirek","8":"category-komarom-esztergom","9":"tag-buncselekmeny","10":"tag-foldhivatal","11":"tag-ugyeszseg"},"yoast_head":"<!-- This site is optimized with the Yoast SEO plugin v27.4 - https:\/\/yoast.com\/product\/yoast-seo-wordpress\/ -->\n<title>Vissza\u00e9lt hatalm\u00e1val a f\u00f6ldhivatali \u00fcgyint\u00e9z\u0151<\/title>\n<meta name=\"robots\" content=\"index, follow, max-snippet:-1, max-image-preview:large, max-video-preview:-1\" \/>\n<link rel=\"canonical\" href=\"https:\/\/dorogimedence.hu\/index.php\/2018\/01\/11\/visszaelt-hatalmaval-a-foldhivatali-ugyintezo\/\" class=\"yoast-seo-meta-tag\" \/>\n<meta property=\"og:locale\" content=\"hu_HU\" class=\"yoast-seo-meta-tag\" \/>\n<meta property=\"og:type\" content=\"article\" class=\"yoast-seo-meta-tag\" \/>\n<meta property=\"og:title\" content=\"Vissza\u00e9lt hatalm\u00e1val a f\u00f6ldhivatali \u00fcgyint\u00e9z\u0151\" class=\"yoast-seo-meta-tag\" \/>\n<meta property=\"og:description\" content=\"A Kom\u00e1rom-Esztergom Megyei F\u0151\u00fcgy\u00e9szs\u00e9g hivatali vissza\u00e9l\u00e9s b\u0171ntette miatt emelt v\u00e1dat egy \u00fcgyint\u00e9z\u0151vel \u00e9s egy \u00fcgyv\u00e9ddel szemben, akik k\u00f6zel n\u00e9gy \u00e9ve k\u00f6vettek el b\u0171ncselekm\u00e9nyt. A n\u0151 az egyik Kom\u00e1rom-Esztergom megyei J\u00e1r\u00e1si Hivatal F\u00f6ldhivatali Oszt\u00e1ly\u00e1n dolgozott, a f\u00e9rfi ugyanebben a megy\u00e9ben \u00fcgyv\u00e9di tev\u00e9kenys\u00e9get folytatott. Az \u00fcgyv\u00e9d 2014. febru\u00e1r 28. napj\u00e1n t\u00f6bb k\u00fclter\u00fcleti ingatlan vonatkoz\u00e1s\u00e1ban k\u00e9t csereszerz\u0151d\u00e9st, \u00e9s\" class=\"yoast-seo-meta-tag\" \/>\n<meta property=\"og:url\" content=\"https:\/\/dorogimedence.hu\/index.php\/2018\/01\/11\/visszaelt-hatalmaval-a-foldhivatali-ugyintezo\/\" class=\"yoast-seo-meta-tag\" \/>\n<meta property=\"og:site_name\" content=\"Dorogi-medence Region\u00e1lis H\u00edrport\u00e1l\" class=\"yoast-seo-meta-tag\" \/>\n<meta property=\"article:publisher\" content=\"https:\/\/www.facebook.com\/dorogimedence\/\" class=\"yoast-seo-meta-tag\" \/>\n<meta property=\"article:published_time\" content=\"2018-01-11T05:55:29+00:00\" class=\"yoast-seo-meta-tag\" \/>\n<meta property=\"og:image\" content=\"https:\/\/i0.wp.com\/dorogimedence.hu\/wp-content\/uploads\/2018\/01\/kormanyablak-01.jpg?fit=670%2C365&ssl=1\" class=\"yoast-seo-meta-tag\" \/>\n\t<meta property=\"og:image:width\" content=\"670\" class=\"yoast-seo-meta-tag\" \/>\n\t<meta property=\"og:image:height\" content=\"365\" class=\"yoast-seo-meta-tag\" \/>\n\t<meta property=\"og:image:type\" content=\"image\/jpeg\" class=\"yoast-seo-meta-tag\" \/>\n<meta name=\"author\" content=\"dorogimedence.hu\" class=\"yoast-seo-meta-tag\" \/>\n<meta name=\"twitter:card\" content=\"summary_large_image\" class=\"yoast-seo-meta-tag\" \/>\n<meta name=\"twitter:label1\" content=\"Szerz\u0151:\" class=\"yoast-seo-meta-tag\" \/>\n\t<meta name=\"twitter:data1\" content=\"dorogimedence.hu\" class=\"yoast-seo-meta-tag\" \/>\n\t<meta name=\"twitter:label2\" content=\"Becs\u00fclt olvas\u00e1si id\u0151\" class=\"yoast-seo-meta-tag\" \/>\n\t<meta name=\"twitter:data2\" content=\"3 perc\" class=\"yoast-seo-meta-tag\" \/>\n<script type=\"application\/ld+json\" class=\"yoast-schema-graph\">{\"@context\":\"https:\\\/\\\/schema.org\",\"@graph\":[{\"@type\":\"Article\",\"@id\":\"https:\\\/\\\/dorogimedence.hu\\\/index.php\\\/2018\\\/01\\\/11\\\/visszaelt-hatalmaval-a-foldhivatali-ugyintezo\\\/#article\",\"isPartOf\":{\"@id\":\"https:\\\/\\\/dorogimedence.hu\\\/index.php\\\/2018\\\/01\\\/11\\\/visszaelt-hatalmaval-a-foldhivatali-ugyintezo\\\/\"},\"author\":{\"name\":\"dorogimedence.hu\",\"@id\":\"https:\\\/\\\/dorogimedence.hu\\\/#\\\/schema\\\/person\\\/ce6091eeb7e95ecdc87890d6aa8e0fd4\"},\"headline\":\"Vissza\u00e9lt hatalm\u00e1val a f\u00f6ldhivatali \u00fcgyint\u00e9z\u0151\",\"datePublished\":\"2018-01-11T05:55:29+00:00\",\"mainEntityOfPage\":{\"@id\":\"https:\\\/\\\/dorogimedence.hu\\\/index.php\\\/2018\\\/01\\\/11\\\/visszaelt-hatalmaval-a-foldhivatali-ugyintezo\\\/\"},\"wordCount\":530,\"publisher\":{\"@id\":\"https:\\\/\\\/dorogimedence.hu\\\/#organization\"},\"image\":{\"@id\":\"https:\\\/\\\/dorogimedence.hu\\\/index.php\\\/2018\\\/01\\\/11\\\/visszaelt-hatalmaval-a-foldhivatali-ugyintezo\\\/#primaryimage\"},\"thumbnailUrl\":\"https:\\\/\\\/dorogimedence.hu\\\/wp-content\\\/uploads\\\/2018\\\/01\\\/kormanyablak-01.jpg\",\"keywords\":[\"b\u0171ncselekm\u00e9ny\",\"f\u00f6ldhivatal\",\"\u00fcgy\u00e9szs\u00e9g\"],\"articleSection\":[\"H\u00edrek\",\"Kom\u00e1rom-Esztergom\"],\"inLanguage\":\"hu\"},{\"@type\":\"WebPage\",\"@id\":\"https:\\\/\\\/dorogimedence.hu\\\/index.php\\\/2018\\\/01\\\/11\\\/visszaelt-hatalmaval-a-foldhivatali-ugyintezo\\\/\",\"url\":\"https:\\\/\\\/dorogimedence.hu\\\/index.php\\\/2018\\\/01\\\/11\\\/visszaelt-hatalmaval-a-foldhivatali-ugyintezo\\\/\",\"name\":\"Vissza\u00e9lt hatalm\u00e1val a f\u00f6ldhivatali \u00fcgyint\u00e9z\u0151\",\"isPartOf\":{\"@id\":\"https:\\\/\\\/dorogimedence.hu\\\/#website\"},\"primaryImageOfPage\":{\"@id\":\"https:\\\/\\\/dorogimedence.hu\\\/index.php\\\/2018\\\/01\\\/11\\\/visszaelt-hatalmaval-a-foldhivatali-ugyintezo\\\/#primaryimage\"},\"image\":{\"@id\":\"https:\\\/\\\/dorogimedence.hu\\\/index.php\\\/2018\\\/01\\\/11\\\/visszaelt-hatalmaval-a-foldhivatali-ugyintezo\\\/#primaryimage\"},\"thumbnailUrl\":\"https:\\\/\\\/dorogimedence.hu\\\/wp-content\\\/uploads\\\/2018\\\/01\\\/kormanyablak-01.jpg\",\"datePublished\":\"2018-01-11T05:55:29+00:00\",\"breadcrumb\":{\"@id\":\"https:\\\/\\\/dorogimedence.hu\\\/index.php\\\/2018\\\/01\\\/11\\\/visszaelt-hatalmaval-a-foldhivatali-ugyintezo\\\/#breadcrumb\"},\"inLanguage\":\"hu\",\"potentialAction\":[{\"@type\":\"ReadAction\",\"target\":[\"https:\\\/\\\/dorogimedence.hu\\\/index.php\\\/2018\\\/01\\\/11\\\/visszaelt-hatalmaval-a-foldhivatali-ugyintezo\\\/\"]}]},{\"@type\":\"ImageObject\",\"inLanguage\":\"hu\",\"@id\":\"https:\\\/\\\/dorogimedence.hu\\\/index.php\\\/2018\\\/01\\\/11\\\/visszaelt-hatalmaval-a-foldhivatali-ugyintezo\\\/#primaryimage\",\"url\":\"https:\\\/\\\/dorogimedence.hu\\\/wp-content\\\/uploads\\\/2018\\\/01\\\/kormanyablak-01.jpg\",\"contentUrl\":\"https:\\\/\\\/dorogimedence.hu\\\/wp-content\\\/uploads\\\/2018\\\/01\\\/kormanyablak-01.jpg\",\"width\":670,\"height\":365},{\"@type\":\"BreadcrumbList\",\"@id\":\"https:\\\/\\\/dorogimedence.hu\\\/index.php\\\/2018\\\/01\\\/11\\\/visszaelt-hatalmaval-a-foldhivatali-ugyintezo\\\/#breadcrumb\",\"itemListElement\":[{\"@type\":\"ListItem\",\"position\":1,\"name\":\"Kezd\u0151lap\",\"item\":\"https:\\\/\\\/dorogimedence.hu\\\/\"},{\"@type\":\"ListItem\",\"position\":2,\"name\":\"Vissza\u00e9lt hatalm\u00e1val a f\u00f6ldhivatali \u00fcgyint\u00e9z\u0151\"}]},{\"@type\":\"WebSite\",\"@id\":\"https:\\\/\\\/dorogimedence.hu\\\/#website\",\"url\":\"https:\\\/\\\/dorogimedence.hu\\\/\",\"name\":\"Dorogi-medence Region\u00e1lis H\u00edrport\u00e1l\",\"description\":\"Dorog, Keszt\u00f6lc, Le\u00e1nyv\u00e1r, Piliscs\u00e9v, Tokod, Tokodalt\u00e1r\u00f3, Csolnok, Esztergom-kertv\u00e1ros: h\u00edrek, programok\",\"publisher\":{\"@id\":\"https:\\\/\\\/dorogimedence.hu\\\/#organization\"},\"potentialAction\":[{\"@type\":\"SearchAction\",\"target\":{\"@type\":\"EntryPoint\",\"urlTemplate\":\"https:\\\/\\\/dorogimedence.hu\\\/?s={search_term_string}\"},\"query-input\":{\"@type\":\"PropertyValueSpecification\",\"valueRequired\":true,\"valueName\":\"search_term_string\"}}],\"inLanguage\":\"hu\"},{\"@type\":\"Organization\",\"@id\":\"https:\\\/\\\/dorogimedence.hu\\\/#organization\",\"name\":\"Dorogi-medence Region\u00e1lis H\u00edrport\u00e1l\",\"url\":\"https:\\\/\\\/dorogimedence.hu\\\/\",\"logo\":{\"@type\":\"ImageObject\",\"inLanguage\":\"hu\",\"@id\":\"https:\\\/\\\/dorogimedence.hu\\\/#\\\/schema\\\/logo\\\/image\\\/\",\"url\":\"https:\\\/\\\/dorogimedence.hu\\\/wp-content\\\/uploads\\\/2021\\\/04\\\/logo-feher-600.png\",\"contentUrl\":\"https:\\\/\\\/dorogimedence.hu\\\/wp-content\\\/uploads\\\/2021\\\/04\\\/logo-feher-600.png\",\"width\":600,\"height\":100,\"caption\":\"Dorogi-medence Region\u00e1lis H\u00edrport\u00e1l\"},\"image\":{\"@id\":\"https:\\\/\\\/dorogimedence.hu\\\/#\\\/schema\\\/logo\\\/image\\\/\"},\"sameAs\":[\"https:\\\/\\\/www.facebook.com\\\/dorogimedence\\\/\"]},{\"@type\":\"Person\",\"@id\":\"https:\\\/\\\/dorogimedence.hu\\\/#\\\/schema\\\/person\\\/ce6091eeb7e95ecdc87890d6aa8e0fd4\",\"name\":\"dorogimedence.hu\",\"image\":{\"@type\":\"ImageObject\",\"inLanguage\":\"hu\",\"@id\":\"\\\/\\\/www.gravatar.com\\\/avatar\\\/d8d45f8901aadff40a4af72c0b826f1d?s=96&#038;r=g&#038;d=mm\",\"url\":\"\\\/\\\/www.gravatar.com\\\/avatar\\\/d8d45f8901aadff40a4af72c0b826f1d?s=96&#038;r=g&#038;d=mm\",\"contentUrl\":\"\\\/\\\/www.gravatar.com\\\/avatar\\\/d8d45f8901aadff40a4af72c0b826f1d?s=96&#038;r=g&#038;d=mm\",\"caption\":\"dorogimedence.hu\"}}]}<\/script>\n<!-- \/ Yoast SEO plugin. -->","yoast_head_json":{"title":"Vissza\u00e9lt hatalm\u00e1val a f\u00f6ldhivatali \u00fcgyint\u00e9z\u0151","robots":{"index":"index","follow":"follow","max-snippet":"max-snippet:-1","max-image-preview":"max-image-preview:large","max-video-preview":"max-video-preview:-1"},"canonical":"https:\/\/dorogimedence.hu\/index.php\/2018\/01\/11\/visszaelt-hatalmaval-a-foldhivatali-ugyintezo\/","og_locale":"hu_HU","og_type":"article","og_title":"Vissza\u00e9lt hatalm\u00e1val a f\u00f6ldhivatali \u00fcgyint\u00e9z\u0151","og_description":"A Kom\u00e1rom-Esztergom Megyei F\u0151\u00fcgy\u00e9szs\u00e9g hivatali vissza\u00e9l\u00e9s b\u0171ntette miatt emelt v\u00e1dat egy \u00fcgyint\u00e9z\u0151vel \u00e9s egy \u00fcgyv\u00e9ddel szemben, akik k\u00f6zel n\u00e9gy \u00e9ve k\u00f6vettek el b\u0171ncselekm\u00e9nyt. A n\u0151 az egyik Kom\u00e1rom-Esztergom megyei J\u00e1r\u00e1si Hivatal F\u00f6ldhivatali Oszt\u00e1ly\u00e1n dolgozott, a f\u00e9rfi ugyanebben a megy\u00e9ben \u00fcgyv\u00e9di tev\u00e9kenys\u00e9get folytatott. Az \u00fcgyv\u00e9d 2014. febru\u00e1r 28. napj\u00e1n t\u00f6bb k\u00fclter\u00fcleti ingatlan vonatkoz\u00e1s\u00e1ban k\u00e9t csereszerz\u0151d\u00e9st, \u00e9s","og_url":"https:\/\/dorogimedence.hu\/index.php\/2018\/01\/11\/visszaelt-hatalmaval-a-foldhivatali-ugyintezo\/","og_site_name":"Dorogi-medence Region\u00e1lis H\u00edrport\u00e1l","article_publisher":"https:\/\/www.facebook.com\/dorogimedence\/","article_published_time":"2018-01-11T05:55:29+00:00","og_image":[{"width":670,"height":365,"url":"https:\/\/i0.wp.com\/dorogimedence.hu\/wp-content\/uploads\/2018\/01\/kormanyablak-01.jpg?fit=670%2C365&ssl=1","type":"image\/jpeg"}],"author":"dorogimedence.hu","twitter_card":"summary_large_image","twitter_misc":{"Szerz\u0151:":"dorogimedence.hu","Becs\u00fclt olvas\u00e1si id\u0151":"3 perc"},"schema":{"@context":"https:\/\/schema.org","@graph":[{"@type":"Article","@id":"https:\/\/dorogimedence.hu\/index.php\/2018\/01\/11\/visszaelt-hatalmaval-a-foldhivatali-ugyintezo\/#article","isPartOf":{"@id":"https:\/\/dorogimedence.hu\/index.php\/2018\/01\/11\/visszaelt-hatalmaval-a-foldhivatali-ugyintezo\/"},"author":{"name":"dorogimedence.hu","@id":"https:\/\/dorogimedence.hu\/#\/schema\/person\/ce6091eeb7e95ecdc87890d6aa8e0fd4"},"headline":"Vissza\u00e9lt hatalm\u00e1val a f\u00f6ldhivatali \u00fcgyint\u00e9z\u0151","datePublished":"2018-01-11T05:55:29+00:00","mainEntityOfPage":{"@id":"https:\/\/dorogimedence.hu\/index.php\/2018\/01\/11\/visszaelt-hatalmaval-a-foldhivatali-ugyintezo\/"},"wordCount":530,"publisher":{"@id":"https:\/\/dorogimedence.hu\/#organization"},"image":{"@id":"https:\/\/dorogimedence.hu\/index.php\/2018\/01\/11\/visszaelt-hatalmaval-a-foldhivatali-ugyintezo\/#primaryimage"},"thumbnailUrl":"https:\/\/dorogimedence.hu\/wp-content\/uploads\/2018\/01\/kormanyablak-01.jpg","keywords":["b\u0171ncselekm\u00e9ny","f\u00f6ldhivatal","\u00fcgy\u00e9szs\u00e9g"],"articleSection":["H\u00edrek","Kom\u00e1rom-Esztergom"],"inLanguage":"hu"},{"@type":"WebPage","@id":"https:\/\/dorogimedence.hu\/index.php\/2018\/01\/11\/visszaelt-hatalmaval-a-foldhivatali-ugyintezo\/","url":"https:\/\/dorogimedence.hu\/index.php\/2018\/01\/11\/visszaelt-hatalmaval-a-foldhivatali-ugyintezo\/","name":"Vissza\u00e9lt hatalm\u00e1val a f\u00f6ldhivatali \u00fcgyint\u00e9z\u0151","isPartOf":{"@id":"https:\/\/dorogimedence.hu\/#website"},"primaryImageOfPage":{"@id":"https:\/\/dorogimedence.hu\/index.php\/2018\/01\/11\/visszaelt-hatalmaval-a-foldhivatali-ugyintezo\/#primaryimage"},"image":{"@id":"https:\/\/dorogimedence.hu\/index.php\/2018\/01\/11\/visszaelt-hatalmaval-a-foldhivatali-ugyintezo\/#primaryimage"},"thumbnailUrl":"https:\/\/dorogimedence.hu\/wp-content\/uploads\/2018\/01\/kormanyablak-01.jpg","datePublished":"2018-01-11T05:55:29+00:00","breadcrumb":{"@id":"https:\/\/dorogimedence.hu\/index.php\/2018\/01\/11\/visszaelt-hatalmaval-a-foldhivatali-ugyintezo\/#breadcrumb"},"inLanguage":"hu","potentialAction":[{"@type":"ReadAction","target":["https:\/\/dorogimedence.hu\/index.php\/2018\/01\/11\/visszaelt-hatalmaval-a-foldhivatali-ugyintezo\/"]}]},{"@type":"ImageObject","inLanguage":"hu","@id":"https:\/\/dorogimedence.hu\/index.php\/2018\/01\/11\/visszaelt-hatalmaval-a-foldhivatali-ugyintezo\/#primaryimage","url":"https:\/\/dorogimedence.hu\/wp-content\/uploads\/2018\/01\/kormanyablak-01.jpg","contentUrl":"https:\/\/dorogimedence.hu\/wp-content\/uploads\/2018\/01\/kormanyablak-01.jpg","width":670,"height":365},{"@type":"BreadcrumbList","@id":"https:\/\/dorogimedence.hu\/index.php\/2018\/01\/11\/visszaelt-hatalmaval-a-foldhivatali-ugyintezo\/#breadcrumb","itemListElement":[{"@type":"ListItem","position":1,"name":"Kezd\u0151lap","item":"https:\/\/dorogimedence.hu\/"},{"@type":"ListItem","position":2,"name":"Vissza\u00e9lt hatalm\u00e1val a f\u00f6ldhivatali \u00fcgyint\u00e9z\u0151"}]},{"@type":"WebSite","@id":"https:\/\/dorogimedence.hu\/#website","url":"https:\/\/dorogimedence.hu\/","name":"Dorogi-medence Region\u00e1lis H\u00edrport\u00e1l","description":"Dorog, Keszt\u00f6lc, Le\u00e1nyv\u00e1r, Piliscs\u00e9v, Tokod, Tokodalt\u00e1r\u00f3, Csolnok, Esztergom-kertv\u00e1ros: h\u00edrek, programok","publisher":{"@id":"https:\/\/dorogimedence.hu\/#organization"},"potentialAction":[{"@type":"SearchAction","target":{"@type":"EntryPoint","urlTemplate":"https:\/\/dorogimedence.hu\/?s={search_term_string}"},"query-input":{"@type":"PropertyValueSpecification","valueRequired":true,"valueName":"search_term_string"}}],"inLanguage":"hu"},{"@type":"Organization","@id":"https:\/\/dorogimedence.hu\/#organization","name":"Dorogi-medence Region\u00e1lis H\u00edrport\u00e1l","url":"https:\/\/dorogimedence.hu\/","logo":{"@type":"ImageObject","inLanguage":"hu","@id":"https:\/\/dorogimedence.hu\/#\/schema\/logo\/image\/","url":"https:\/\/dorogimedence.hu\/wp-content\/uploads\/2021\/04\/logo-feher-600.png","contentUrl":"https:\/\/dorogimedence.hu\/wp-content\/uploads\/2021\/04\/logo-feher-600.png","width":600,"height":100,"caption":"Dorogi-medence Region\u00e1lis H\u00edrport\u00e1l"},"image":{"@id":"https:\/\/dorogimedence.hu\/#\/schema\/logo\/image\/"},"sameAs":["https:\/\/www.facebook.com\/dorogimedence\/"]},{"@type":"Person","@id":"https:\/\/dorogimedence.hu\/#\/schema\/person\/ce6091eeb7e95ecdc87890d6aa8e0fd4","name":"dorogimedence.hu","image":{"@type":"ImageObject","inLanguage":"hu","@id":"\/\/www.gravatar.com\/avatar\/d8d45f8901aadff40a4af72c0b826f1d?s=96&#038;r=g&#038;d=mm","url":"\/\/www.gravatar.com\/avatar\/d8d45f8901aadff40a4af72c0b826f1d?s=96&#038;r=g&#038;d=mm","contentUrl":"\/\/www.gravatar.com\/avatar\/d8d45f8901aadff40a4af72c0b826f1d?s=96&#038;r=g&#038;d=mm","caption":"dorogimedence.hu"}}]}},"_links":{"self":[{"href":"https:\/\/dorogimedence.hu\/index.php\/wp-json\/wp\/v2\/posts\/7670","targetHints":{"allow":["GET"]}}],"collection":[{"href":"https:\/\/dorogimedence.hu\/index.php\/wp-json\/wp\/v2\/posts"}],"about":[{"href":"https:\/\/dorogimedence.hu\/index.php\/wp-json\/wp\/v2\/types\/post"}],"author":[{"embeddable":true,"href":"https:\/\/dorogimedence.hu\/index.php\/wp-json\/wp\/v2\/users\/1"}],"replies":[{"embeddable":true,"href":"https:\/\/dorogimedence.hu\/index.php\/wp-json\/wp\/v2\/comments?post=7670"}],"version-history":[{"count":0,"href":"https:\/\/dorogimedence.hu\/index.php\/wp-json\/wp\/v2\/posts\/7670\/revisions"}],"wp:featuredmedia":[{"embeddable":true,"href":"https:\/\/dorogimedence.hu\/index.php\/wp-json\/wp\/v2\/media\/7671"}],"wp:attachment":[{"href":"https:\/\/dorogimedence.hu\/index.php\/wp-json\/wp\/v2\/media?parent=7670"}],"wp:term":[{"taxonomy":"category","embeddable":true,"href":"https:\/\/dorogimedence.hu\/index.php\/wp-json\/wp\/v2\/categories?post=7670"},{"taxonomy":"post_tag","embeddable":true,"href":"https:\/\/dorogimedence.hu\/index.php\/wp-json\/wp\/v2\/tags?post=7670"}],"curies":[{"name":"wp","href":"https:\/\/api.w.org\/{rel}","templated":true}]}}