{"id":76671,"date":"2025-12-24T11:20:22","date_gmt":"2025-12-24T10:20:22","guid":{"rendered":"https:\/\/dorogimedence.hu\/?p=76671"},"modified":"2025-12-24T11:20:22","modified_gmt":"2025-12-24T10:20:22","slug":"erdo-peter-legalabb-a-kisjezus-jaszola-korul-probaljuk-megerteni-egymast","status":"publish","type":"post","link":"https:\/\/dorogimedence.hu\/index.php\/2025\/12\/24\/erdo-peter-legalabb-a-kisjezus-jaszola-korul-probaljuk-megerteni-egymast\/","title":{"rendered":"Erd\u0151 P\u00e9ter: legal\u00e1bb a Kisj\u00e9zus j\u00e1szola k\u00f6r\u00fcl pr\u00f3b\u00e1ljuk meg\u00e9rteni egym\u00e1st!"},"content":{"rendered":"<p class=\"mb-5 text-lg font-normal leading-7.5 lg:mb-7.5 lg:text-xl\"><strong>A b\u00e9kess\u00e9g, amit J\u00e9zus sz\u00fclet\u00e9se hoz Isten \u00e9s ember k\u00f6z\u00f6tt, b\u00e9k\u00e9t kell hozzon ember \u00e9s ember k\u00f6z\u00f6tt is &#8211; mondta Erd\u0151 P\u00e9ter b\u00edboros, esztergom-budapesti \u00e9rsek kar\u00e1csony alkalm\u00e1b\u00f3l az MTI-nek. A b\u00edboros azt k\u00e9rte, legal\u00e1bb a Kisj\u00e9zus j\u00e1szola k\u00f6r\u00fcl pr\u00f3b\u00e1ljuk meg\u00e9rteni egym\u00e1st, legy\u00fcnk kedvesek egym\u00e1ssal.<\/strong><\/p>\n<p class=\"mb-5 text-lg font-normal leading-7.5 lg:mb-7.5 lg:text-xl\">Erd\u0151 P\u00e9ter arr\u00f3l besz\u00e9lt, az angyali sz\u00f3zat \u00fagy sz\u00f3l: &#8222;<em>dics\u0151s\u00e9g a magass\u00e1gban Istennek \u00e9s b\u00e9kess\u00e9g a F\u00f6ld\u00f6n az embereknek, akiket Isten szeret&#8221;<\/em>. Ez a b\u00e9kess\u00e9g harm\u00f3ni\u00e1t jelent Istennel, \u00e9s harm\u00f3ni\u00e1t kell, hogy hozzon az emberek k\u00f6z\u00f6tt is. De ez\u00e9rt a harm\u00f3ni\u00e1\u00e9rt tenni \u00e9s im\u00e1dkozni kell. Kar\u00e1csonykor az a feladatunk, hogy a b\u00e9k\u00e9t k\u00e9pviselj\u00fck a k\u00f6rnyezet\u00fcnkben.<\/p>\n<p class=\"mb-5 text-lg font-normal leading-7.5 lg:mb-7.5 lg:text-xl\">A b\u00edboros szerint sok minden kell ahhoz, hogy ez siker\u00fclj\u00f6n. El\u0151sz\u00f6r is \u00e9szre kell venn\u00fcnk mindazt, ami sz\u00e9p az \u00e9letben, \u00e9s kimondva-kimondatlanul tudnunk kell, hogy mindez\u00e9rt a Gondvisel\u00e9snek tartozunk els\u0151sorban h\u00e1l\u00e1val. De h\u00e1l\u00e1t adhatunk a szeretteink\u00e9rt, azok\u00e9rt, akiknek az \u00e9let\u00fcnket, az egzisztenci\u00e1nkat k\u00f6sz\u00f6nhetj\u00fck. A h\u00e1l\u00e1s lelk\u00fclet pedig seg\u00edt megtal\u00e1lni a b\u00e9k\u00e9t, a boldogs\u00e1got.<\/p>\n<div class=\"mb-2\">\n<p>Erd\u0151 P\u00e9ter kit\u00e9rt arra: a hitnek \u00e9s a b\u00e9kess\u00e9gnek komoly kapcsolata van egym\u00e1ssal. Rendnek kell lenni a lelk\u00fcnkben ahhoz, hogy a b\u00e9ke megsz\u00fclessen benn\u00fcnk.<\/p>\n<\/div>\n<p class=\"mb-5 text-lg font-normal leading-7.5 lg:mb-7.5 lg:text-xl\">Ha felismerj\u00fck Istent mint minden dolgoknak az alapj\u00e1t, ha r\u00e1d\u00f6bben\u00fcnk arra, hogy a vil\u00e1got nem j\u00e1t\u00e9kb\u00f3l, nem \u00f6nz\u00e9sb\u0151l \u00e9s v\u00e9gk\u00e9pp nem kegyetlens\u00e9gb\u0151l teremtette, hanem szeretetb\u0151l, akkor alkalmazkodni akarunk az \u00e1ltala alkotott rendhez. Ha pedig ez siker\u00fcl, kialakulhat k\u00f6r\u00fcl\u00f6tt\u00fcnk a b\u00e9ke, a &#8222;<em>rend nyugalma&#8221;.<\/em><\/p>\n<p class=\"mb-5 text-lg font-normal leading-7.5 lg:mb-7.5 lg:text-xl\">Kiemelte: sok m\u00falik azon is, ahogyan egym\u00e1ssal besz\u00e9l\u00fcnk, mert a sz\u00f3 \u00e1ltal\u00e1ban tetteket von maga ut\u00e1n. Nem v\u00e9letlen, hogy az \u00e9letre-hal\u00e1lra men\u0151 fegyveres \u00f6sszecsap\u00e1sok el\u0151tt szok\u00e1s volt r\u00e9gen egym\u00e1st szidalmazni.<\/p>\n<p class=\"mb-5 text-lg font-normal leading-7.5 lg:mb-7.5 lg:text-xl\">\u00cdgy tett az \u00d3sz\u00f6vets\u00e9gben G\u00f3li\u00e1t a D\u00e1viddal val\u00f3 harca el\u0151tt, de a Zr\u00ednyi\u00e1szban is azt olvassuk, hogy a vit\u00e9zek, ha p\u00e1rviadalt v\u00edvtak, el\u0151tte gyal\u00e1zt\u00e1k egym\u00e1st. Tal\u00e1n sz\u00fcks\u00e9g\u00fck volt erre, hogy tudjanak kell\u0151en haragudni a m\u00e1sikra. Val\u00f3sz\u00edn\u0171leg &#8222;<em>az ember term\u00e9szet\u00e9n\u00e9l fogva jobb, mint amilyen cselekv\u00e9sekre n\u00e9ha akarattal elsz\u00e1nja mag\u00e1t&#8221;<\/em> &#8211; jegyezte meg, hozz\u00e1t\u00e9ve, hogy \u00e9rdemes szem el\u0151tt tartani a szavainknak ezt az erej\u00e9t.<\/p>\n<p class=\"mb-5 text-lg font-normal leading-7.5 lg:mb-7.5 lg:text-xl\">Erd\u0151 P\u00e9ter sz\u00f3lt arr\u00f3l is: az ut\u00f3bbi \u00e9vekben \u00e1ltal\u00e1ban azt \u00e9lj\u00fck meg, hogy a kar\u00e1csony nem belop\u00f3zik az \u00e9let\u00fcnkbe, hanem &#8222;<em>r\u00e1nk szakad&#8221;<\/em>. De az els\u0151 kar\u00e1csony, J\u00e9zus sz\u00fclet\u00e9se is r\u00e1szakadt az emberis\u00e9gre, \u00e9s csak nagyon kevesen voltak, akik felk\u00e9sz\u00fcltek, akik val\u00f3ban v\u00e1rt\u00e1k a Messi\u00e1st.<\/p>\n<p class=\"mb-5 text-lg font-normal leading-7.5 lg:mb-7.5 lg:text-xl\">M\u00e9gis t\u00f6rekedni kell arra, hogy az \u00fcnnepre k\u00e9sz\u00fclve \u00e9s a kar\u00e1csonyi id\u0151szakban is figyelj\u00fcnk azokra, akik a mi seg\u00edts\u00e9g\u00fcnkre vagy figyelm\u00fcnkre szorulnak, akiknek mi tehetj\u00fck szebb\u00e9 a kar\u00e1csony\u00e1t. Akkor az \u00fcnnep beteljes\u00fcl\u00e9s lesz, akkor nem sz\u00e1m\u00edt, hogy az \u00fcnnepi asztal k\u00f6r\u00fcl nem minden t\u00f6k\u00e9letes, mert &#8222;<em>J\u00e9zus szem\u00e9lye maga k\u00f6r\u00e9 rendezi a dolgokat&#8221;.<\/em><\/p>\n<div class=\"mb-2\">\n<p>Erd\u0151 P\u00e9ter az elm\u00falt \u00e9v legfontosabb esem\u00e9nyeir\u0151l sz\u00f3lva elmondta: XIV. Le\u00f3 p\u00e1pa m\u00e1jusi megv\u00e1laszt\u00e1sa \u00f3ta gyors, radik\u00e1lis reformokat nem vitt v\u00e9gbe, de eddigi d\u00f6nt\u00e9seit mind a h\u00edv\u0151 k\u00f6zv\u00e9lem\u00e9ny, mind a hozz\u00e1\u00e9rt\u0151k sz\u00edvesen fogadt\u00e1k.<\/p>\n<\/div>\n<p class=\"mb-5 text-lg font-normal leading-7.5 lg:mb-7.5 lg:text-xl\">M\u00e1r a legels\u0151 gesztusai azt mutatt\u00e1k, hogy a k\u00fcls\u0151, kultur\u00e1lis elemekben is \u00e9rt\u00e9keli, tiszteli az egyh\u00e1z hagyom\u00e1nyait \u00e9s az \u00e1ltal\u00e1nosan elterjedt szok\u00e1sokat.<\/p>\n<p class=\"mb-5 text-lg font-normal leading-7.5 lg:mb-7.5 lg:text-xl\">Az, hogy Le\u00f3 p\u00e1pa az egyh\u00e1zjog szak\u00e9rt\u0151j\u00e9t, Filippo Iannone \u00e9rseket nevezte ki a kor\u00e1bban \u00e1ltala vezetett P\u00fcsp\u00f6ki Dikaszt\u00e9rium \u00e9l\u00e9re, jelzi, hogy az egyh\u00e1zi t\u00f6rv\u00e9nyeket, szab\u00e1lyokat meg k\u00edv\u00e1nja tartani, meg szeretn\u00e9 er\u0151s\u00edteni, annak ellen\u00e9re, hogy a jog kr\u00edzisben van az eg\u00e9sz nyugati kult\u00fara ter\u00fclet\u00e9n, \u00e9s ez \u00f3hatatlanul begy\u0171r\u0171zik az egyh\u00e1zba is.<\/p>\n<p class=\"mb-5 text-lg font-normal leading-7.5 lg:mb-7.5 lg:text-xl\">M\u00e1s d\u00f6nt\u00e9seib\u0151l, p\u00e9ld\u00e1ul a Santa Maria Maggiore-bazilika gazd\u00e1lkod\u00e1s\u00e1val kapcsolatos rendelkez\u00e9s megv\u00e1ltoztat\u00e1s\u00e1b\u00f3l az l\u00e1tszik, hogy igyekszik felsz\u00e1molni a gazdas\u00e1gi \u00e1tl\u00e1thatatlans\u00e1gokat.<\/p>\n<p class=\"mb-5 text-lg font-normal leading-7.5 lg:mb-7.5 lg:text-xl\">A R\u00f3mai K\u00faria \u00e9s Vatik\u00e1n \u00e1llam m\u0171k\u00f6d\u00e9s\u00e9t illet\u0151en forradalmi v\u00e1ltoz\u00e1sok nem t\u00f6rt\u00e9ntek, ami a b\u00edboros szerint az \u00faj p\u00e1pa stabilit\u00e1s ir\u00e1nti ig\u00e9ny\u00e9t fejezi ki. Erd\u0151 P\u00e9ter &#8222;<em>felszabad\u00edt\u00f3&#8221; <\/em>l\u00e9p\u00e9snek nevezte, hogy Le\u00f3 p\u00e1pa m\u00e1r a megv\u00e1laszt\u00e1sa ut\u00e1n \u00f6sszeh\u00edvta tan\u00e1cskozni a b\u00edborosokat, \u00e9s janu\u00e1rban ism\u00e9t lesz egy konziszt\u00f3rium. \u00dagy t\u0171nik, hogy noha Le\u00f3 p\u00e1pa nem nagyon hirdeti a demokr\u00e1ci\u00e1t, bizonyos \u00e9rtelemben \u00e9li azt &#8211; mondta.<\/p>\n<p class=\"mb-5 text-lg font-normal leading-7.5 lg:mb-7.5 lg:text-xl\">A szeg\u00e9nyekkel val\u00f3 szolidarit\u00e1s Le\u00f3 p\u00e1p\u00e1nak ugyan\u00fagy saj\u00e1tja, ahogyan Ferenc p\u00e1p\u00e1nak volt &#8211; mondta a b\u00edboros, hozz\u00e1t\u00e9ve, hogy a latin-amerikai tapasztalat a szeg\u00e9nyeket mint k\u00fcl\u00f6n kateg\u00f3ri\u00e1t kezeli, mert ott a t\u00e1rsadalom teljesen kett\u00e9hasadt, \u00e9s a k\u00e9t r\u00e9sz k\u00f6z\u00f6tt alig van kommunik\u00e1ci\u00f3.<\/p>\n<div class=\"mb-2\">\n<p>Azt is mondta: p\u00e1pas\u00e1ga kezdet\u00e9t\u0151l XIV. Le\u00f3 elk\u00f6telezett a b\u00e9ke mellett, ebben is folytatja el\u0151dje t\u00f6rekv\u00e9seit, m\u00e9g ha m\u00e1s is a st\u00edlusa, hiszen m\u00e9giscsak az Egyes\u00fclt \u00c1llamokban sz\u00fcletett \u00e9s n\u0151tt fel. A perspekt\u00edv\u00e1ja azonban glob\u00e1lis, nem egy sz\u0171k amerikai szempontb\u00f3l n\u00e9zi ezt a k\u00e9rd\u00e9st sem.<\/p>\n<\/div>\n<p class=\"mb-5 text-lg font-normal leading-7.5 lg:mb-7.5 lg:text-xl\">Az, hogy elutazott Nice\u00e1ba, az els\u0151 egyetemes zsinat helysz\u00edn\u00e9re a zsinat 1700. \u00e9vfordul\u00f3ja alkalm\u00e1b\u00f3l, jelzi, hogy nagyon a sz\u00edv\u00e9n viseli a kereszt\u00e9nyek egys\u00e9g\u00e9t. T\u00f6r\u00f6korsz\u00e1gi l\u00e1togat\u00e1sa nyilv\u00e1nval\u00f3v\u00e1 tette azt is, hogy fontos sz\u00e1m\u00e1ra a vall\u00e1sk\u00f6zi p\u00e1rbesz\u00e9d, libanoni l\u00e1togat\u00e1sa sor\u00e1n pedig kifejezte szolidarit\u00e1s\u00e1t, k\u00fcl\u00f6n\u00f6sen az ottani kereszt\u00e9nyekkel, de minden szenved\u0151 k\u00f6zel-keleti emberrel.<\/p>\n<p class=\"mb-5 text-lg font-normal leading-7.5 lg:mb-7.5 lg:text-xl\">Erd\u0151 P\u00e9ter besz\u00e9lt a m\u00e9g Ferenc p\u00e1pa \u00e1ltal megnyitott jubileumi szent\u00e9vr\u0151l, kiemelve, hogy &#8222;<em>a rem\u00e9ny zar\u00e1ndokai<\/em>&#8221; j\u00f3 jelsz\u00f3nak bizonyult, sokan szerveztek a szent\u00e9v sor\u00e1n zar\u00e1ndokutakat, els\u0151sorban R\u00f3m\u00e1ba, de nem csak oda, hiszen sz\u00e1mos templom kapott b\u00facs\u00fakiv\u00e1lts\u00e1got.<\/p>\n<p class=\"mb-5 text-lg font-normal leading-7.5 lg:mb-7.5 lg:text-xl\">Az Esztergom-Budapesti F\u0151egyh\u00e1zmegy\u00e9ben p\u00e9ld\u00e1ul nagyon sokan felkerest\u00e9k a p\u00e9lif\u00f6ldszentkereszti kegytemplomot, a templomban szolg\u00e1l\u00f3 szal\u00e9zi szerzetesek \u00f6r\u00f6mmel fogadt\u00e1k \u00e9s tartalmas lelki programokkal is v\u00e1rt\u00e1k a zar\u00e1ndokokat &#8211; tette hozz\u00e1 a b\u00edboros.<\/p>\n<p><em>Forr\u00e1s: MTI<\/em><br \/>\n<em>Bor\u00edt\u00f3k\u00e9p: illusztr\u00e1ci\u00f3 &#8211; AI (freepik.com)<\/em><\/p>\n","protected":false},"excerpt":{"rendered":"<p>A b\u00e9kess\u00e9g, amit J\u00e9zus sz\u00fclet\u00e9se hoz Isten \u00e9s ember k\u00f6z\u00f6tt, b\u00e9k\u00e9t kell hozzon ember \u00e9s ember k\u00f6z\u00f6tt is &#8211; mondta Erd\u0151 P\u00e9ter b\u00edboros, esztergom-budapesti \u00e9rsek kar\u00e1csony alkalm\u00e1b\u00f3l az MTI-nek. A b\u00edboros azt k\u00e9rte, legal\u00e1bb a Kisj\u00e9zus j\u00e1szola k\u00f6r\u00fcl pr\u00f3b\u00e1ljuk meg\u00e9rteni egym\u00e1st, legy\u00fcnk kedvesek egym\u00e1ssal. Erd\u0151 P\u00e9ter arr\u00f3l besz\u00e9lt, az angyali sz\u00f3zat \u00fagy sz\u00f3l: &#8222;dics\u0151s\u00e9g a<\/p>\n","protected":false},"author":1,"featured_media":76672,"comment_status":"closed","ping_status":"closed","sticky":false,"template":"","format":"standard","meta":{"ngg_post_thumbnail":0,"footnotes":""},"categories":[3],"tags":[764,1787,762],"class_list":{"0":"post-76671","1":"post","2":"type-post","3":"status-publish","4":"format-standard","5":"has-post-thumbnail","7":"category-hirek","8":"tag-erdo-peter","9":"tag-karacsony","10":"tag-katolikus-egyhaz"},"yoast_head":"<!-- This site is optimized with the Yoast SEO plugin v27.5 - https:\/\/yoast.com\/product\/yoast-seo-wordpress\/ -->\n<title>Erd\u0151 P\u00e9ter: legal\u00e1bb a Kisj\u00e9zus j\u00e1szola k\u00f6r\u00fcl pr\u00f3b\u00e1ljuk meg\u00e9rteni egym\u00e1st!<\/title>\n<meta name=\"robots\" content=\"index, follow, max-snippet:-1, max-image-preview:large, max-video-preview:-1\" \/>\n<link rel=\"canonical\" href=\"https:\/\/dorogimedence.hu\/index.php\/2025\/12\/24\/erdo-peter-legalabb-a-kisjezus-jaszola-korul-probaljuk-megerteni-egymast\/\" class=\"yoast-seo-meta-tag\" \/>\n<meta property=\"og:locale\" content=\"hu_HU\" class=\"yoast-seo-meta-tag\" \/>\n<meta property=\"og:type\" content=\"article\" class=\"yoast-seo-meta-tag\" \/>\n<meta property=\"og:title\" content=\"Erd\u0151 P\u00e9ter: legal\u00e1bb a Kisj\u00e9zus j\u00e1szola k\u00f6r\u00fcl pr\u00f3b\u00e1ljuk meg\u00e9rteni egym\u00e1st!\" class=\"yoast-seo-meta-tag\" \/>\n<meta property=\"og:description\" content=\"A b\u00e9kess\u00e9g, amit J\u00e9zus sz\u00fclet\u00e9se hoz Isten \u00e9s ember k\u00f6z\u00f6tt, b\u00e9k\u00e9t kell hozzon ember \u00e9s ember k\u00f6z\u00f6tt is &#8211; mondta Erd\u0151 P\u00e9ter b\u00edboros, esztergom-budapesti \u00e9rsek kar\u00e1csony alkalm\u00e1b\u00f3l az MTI-nek. A b\u00edboros azt k\u00e9rte, legal\u00e1bb a Kisj\u00e9zus j\u00e1szola k\u00f6r\u00fcl pr\u00f3b\u00e1ljuk meg\u00e9rteni egym\u00e1st, legy\u00fcnk kedvesek egym\u00e1ssal. Erd\u0151 P\u00e9ter arr\u00f3l besz\u00e9lt, az angyali sz\u00f3zat \u00fagy sz\u00f3l: &#8222;dics\u0151s\u00e9g a\" class=\"yoast-seo-meta-tag\" \/>\n<meta property=\"og:url\" content=\"https:\/\/dorogimedence.hu\/index.php\/2025\/12\/24\/erdo-peter-legalabb-a-kisjezus-jaszola-korul-probaljuk-megerteni-egymast\/\" class=\"yoast-seo-meta-tag\" \/>\n<meta property=\"og:site_name\" content=\"Dorogi-medence Region\u00e1lis H\u00edrport\u00e1l\" class=\"yoast-seo-meta-tag\" \/>\n<meta property=\"article:publisher\" content=\"https:\/\/www.facebook.com\/dorogimedence\/\" class=\"yoast-seo-meta-tag\" \/>\n<meta property=\"article:published_time\" content=\"2025-12-24T10:20:22+00:00\" class=\"yoast-seo-meta-tag\" \/>\n<meta property=\"og:image\" content=\"https:\/\/dorogimedence.hu\/wp-content\/uploads\/2025\/12\/2151064260.jpg\" class=\"yoast-seo-meta-tag\" \/>\n\t<meta property=\"og:image:width\" content=\"1500\" class=\"yoast-seo-meta-tag\" \/>\n\t<meta property=\"og:image:height\" content=\"1000\" class=\"yoast-seo-meta-tag\" \/>\n\t<meta property=\"og:image:type\" content=\"image\/jpeg\" class=\"yoast-seo-meta-tag\" \/>\n<meta name=\"author\" content=\"dorogimedence.hu\" class=\"yoast-seo-meta-tag\" \/>\n<meta name=\"twitter:card\" content=\"summary_large_image\" class=\"yoast-seo-meta-tag\" \/>\n<meta name=\"twitter:label1\" content=\"Szerz\u0151:\" class=\"yoast-seo-meta-tag\" \/>\n\t<meta name=\"twitter:data1\" content=\"dorogimedence.hu\" class=\"yoast-seo-meta-tag\" \/>\n\t<meta name=\"twitter:label2\" content=\"Becs\u00fclt olvas\u00e1si id\u0151\" class=\"yoast-seo-meta-tag\" \/>\n\t<meta name=\"twitter:data2\" content=\"6 perc\" class=\"yoast-seo-meta-tag\" \/>\n<script type=\"application\/ld+json\" class=\"yoast-schema-graph\">{\"@context\":\"https:\\\/\\\/schema.org\",\"@graph\":[{\"@type\":\"Article\",\"@id\":\"https:\\\/\\\/dorogimedence.hu\\\/index.php\\\/2025\\\/12\\\/24\\\/erdo-peter-legalabb-a-kisjezus-jaszola-korul-probaljuk-megerteni-egymast\\\/#article\",\"isPartOf\":{\"@id\":\"https:\\\/\\\/dorogimedence.hu\\\/index.php\\\/2025\\\/12\\\/24\\\/erdo-peter-legalabb-a-kisjezus-jaszola-korul-probaljuk-megerteni-egymast\\\/\"},\"author\":{\"name\":\"dorogimedence.hu\",\"@id\":\"https:\\\/\\\/dorogimedence.hu\\\/#\\\/schema\\\/person\\\/ce6091eeb7e95ecdc87890d6aa8e0fd4\"},\"headline\":\"Erd\u0151 P\u00e9ter: legal\u00e1bb a Kisj\u00e9zus j\u00e1szola k\u00f6r\u00fcl pr\u00f3b\u00e1ljuk meg\u00e9rteni egym\u00e1st!\",\"datePublished\":\"2025-12-24T10:20:22+00:00\",\"mainEntityOfPage\":{\"@id\":\"https:\\\/\\\/dorogimedence.hu\\\/index.php\\\/2025\\\/12\\\/24\\\/erdo-peter-legalabb-a-kisjezus-jaszola-korul-probaljuk-megerteni-egymast\\\/\"},\"wordCount\":1273,\"publisher\":{\"@id\":\"https:\\\/\\\/dorogimedence.hu\\\/#organization\"},\"image\":{\"@id\":\"https:\\\/\\\/dorogimedence.hu\\\/index.php\\\/2025\\\/12\\\/24\\\/erdo-peter-legalabb-a-kisjezus-jaszola-korul-probaljuk-megerteni-egymast\\\/#primaryimage\"},\"thumbnailUrl\":\"https:\\\/\\\/dorogimedence.hu\\\/wp-content\\\/uploads\\\/2025\\\/12\\\/2151064260.jpg\",\"keywords\":[\"Erd\u0151 P\u00e9ter\",\"kar\u00e1csony\",\"katolikus egyh\u00e1z\"],\"articleSection\":[\"H\u00edrek\"],\"inLanguage\":\"hu\"},{\"@type\":\"WebPage\",\"@id\":\"https:\\\/\\\/dorogimedence.hu\\\/index.php\\\/2025\\\/12\\\/24\\\/erdo-peter-legalabb-a-kisjezus-jaszola-korul-probaljuk-megerteni-egymast\\\/\",\"url\":\"https:\\\/\\\/dorogimedence.hu\\\/index.php\\\/2025\\\/12\\\/24\\\/erdo-peter-legalabb-a-kisjezus-jaszola-korul-probaljuk-megerteni-egymast\\\/\",\"name\":\"Erd\u0151 P\u00e9ter: legal\u00e1bb a Kisj\u00e9zus j\u00e1szola k\u00f6r\u00fcl pr\u00f3b\u00e1ljuk meg\u00e9rteni egym\u00e1st!\",\"isPartOf\":{\"@id\":\"https:\\\/\\\/dorogimedence.hu\\\/#website\"},\"primaryImageOfPage\":{\"@id\":\"https:\\\/\\\/dorogimedence.hu\\\/index.php\\\/2025\\\/12\\\/24\\\/erdo-peter-legalabb-a-kisjezus-jaszola-korul-probaljuk-megerteni-egymast\\\/#primaryimage\"},\"image\":{\"@id\":\"https:\\\/\\\/dorogimedence.hu\\\/index.php\\\/2025\\\/12\\\/24\\\/erdo-peter-legalabb-a-kisjezus-jaszola-korul-probaljuk-megerteni-egymast\\\/#primaryimage\"},\"thumbnailUrl\":\"https:\\\/\\\/dorogimedence.hu\\\/wp-content\\\/uploads\\\/2025\\\/12\\\/2151064260.jpg\",\"datePublished\":\"2025-12-24T10:20:22+00:00\",\"breadcrumb\":{\"@id\":\"https:\\\/\\\/dorogimedence.hu\\\/index.php\\\/2025\\\/12\\\/24\\\/erdo-peter-legalabb-a-kisjezus-jaszola-korul-probaljuk-megerteni-egymast\\\/#breadcrumb\"},\"inLanguage\":\"hu\",\"potentialAction\":[{\"@type\":\"ReadAction\",\"target\":[\"https:\\\/\\\/dorogimedence.hu\\\/index.php\\\/2025\\\/12\\\/24\\\/erdo-peter-legalabb-a-kisjezus-jaszola-korul-probaljuk-megerteni-egymast\\\/\"]}]},{\"@type\":\"ImageObject\",\"inLanguage\":\"hu\",\"@id\":\"https:\\\/\\\/dorogimedence.hu\\\/index.php\\\/2025\\\/12\\\/24\\\/erdo-peter-legalabb-a-kisjezus-jaszola-korul-probaljuk-megerteni-egymast\\\/#primaryimage\",\"url\":\"https:\\\/\\\/dorogimedence.hu\\\/wp-content\\\/uploads\\\/2025\\\/12\\\/2151064260.jpg\",\"contentUrl\":\"https:\\\/\\\/dorogimedence.hu\\\/wp-content\\\/uploads\\\/2025\\\/12\\\/2151064260.jpg\",\"width\":1500,\"height\":1000},{\"@type\":\"BreadcrumbList\",\"@id\":\"https:\\\/\\\/dorogimedence.hu\\\/index.php\\\/2025\\\/12\\\/24\\\/erdo-peter-legalabb-a-kisjezus-jaszola-korul-probaljuk-megerteni-egymast\\\/#breadcrumb\",\"itemListElement\":[{\"@type\":\"ListItem\",\"position\":1,\"name\":\"Kezd\u0151lap\",\"item\":\"https:\\\/\\\/dorogimedence.hu\\\/\"},{\"@type\":\"ListItem\",\"position\":2,\"name\":\"Erd\u0151 P\u00e9ter: legal\u00e1bb a Kisj\u00e9zus j\u00e1szola k\u00f6r\u00fcl pr\u00f3b\u00e1ljuk meg\u00e9rteni egym\u00e1st!\"}]},{\"@type\":\"WebSite\",\"@id\":\"https:\\\/\\\/dorogimedence.hu\\\/#website\",\"url\":\"https:\\\/\\\/dorogimedence.hu\\\/\",\"name\":\"Dorogi-medence Region\u00e1lis H\u00edrport\u00e1l\",\"description\":\"Dorog, Keszt\u00f6lc, Le\u00e1nyv\u00e1r, Piliscs\u00e9v, Tokod, Tokodalt\u00e1r\u00f3, Csolnok, Esztergom-kertv\u00e1ros: h\u00edrek, programok\",\"publisher\":{\"@id\":\"https:\\\/\\\/dorogimedence.hu\\\/#organization\"},\"potentialAction\":[{\"@type\":\"SearchAction\",\"target\":{\"@type\":\"EntryPoint\",\"urlTemplate\":\"https:\\\/\\\/dorogimedence.hu\\\/?s={search_term_string}\"},\"query-input\":{\"@type\":\"PropertyValueSpecification\",\"valueRequired\":true,\"valueName\":\"search_term_string\"}}],\"inLanguage\":\"hu\"},{\"@type\":\"Organization\",\"@id\":\"https:\\\/\\\/dorogimedence.hu\\\/#organization\",\"name\":\"Dorogi-medence Region\u00e1lis H\u00edrport\u00e1l\",\"url\":\"https:\\\/\\\/dorogimedence.hu\\\/\",\"logo\":{\"@type\":\"ImageObject\",\"inLanguage\":\"hu\",\"@id\":\"https:\\\/\\\/dorogimedence.hu\\\/#\\\/schema\\\/logo\\\/image\\\/\",\"url\":\"https:\\\/\\\/dorogimedence.hu\\\/wp-content\\\/uploads\\\/2021\\\/04\\\/logo-feher-600.png\",\"contentUrl\":\"https:\\\/\\\/dorogimedence.hu\\\/wp-content\\\/uploads\\\/2021\\\/04\\\/logo-feher-600.png\",\"width\":600,\"height\":100,\"caption\":\"Dorogi-medence Region\u00e1lis H\u00edrport\u00e1l\"},\"image\":{\"@id\":\"https:\\\/\\\/dorogimedence.hu\\\/#\\\/schema\\\/logo\\\/image\\\/\"},\"sameAs\":[\"https:\\\/\\\/www.facebook.com\\\/dorogimedence\\\/\"]},{\"@type\":\"Person\",\"@id\":\"https:\\\/\\\/dorogimedence.hu\\\/#\\\/schema\\\/person\\\/ce6091eeb7e95ecdc87890d6aa8e0fd4\",\"name\":\"dorogimedence.hu\",\"image\":{\"@type\":\"ImageObject\",\"inLanguage\":\"hu\",\"@id\":\"\\\/\\\/www.gravatar.com\\\/avatar\\\/d8d45f8901aadff40a4af72c0b826f1d?s=96&#038;r=g&#038;d=mm\",\"url\":\"\\\/\\\/www.gravatar.com\\\/avatar\\\/d8d45f8901aadff40a4af72c0b826f1d?s=96&#038;r=g&#038;d=mm\",\"contentUrl\":\"\\\/\\\/www.gravatar.com\\\/avatar\\\/d8d45f8901aadff40a4af72c0b826f1d?s=96&#038;r=g&#038;d=mm\",\"caption\":\"dorogimedence.hu\"}}]}<\/script>\n<!-- \/ Yoast SEO plugin. -->","yoast_head_json":{"title":"Erd\u0151 P\u00e9ter: legal\u00e1bb a Kisj\u00e9zus j\u00e1szola k\u00f6r\u00fcl pr\u00f3b\u00e1ljuk meg\u00e9rteni egym\u00e1st!","robots":{"index":"index","follow":"follow","max-snippet":"max-snippet:-1","max-image-preview":"max-image-preview:large","max-video-preview":"max-video-preview:-1"},"canonical":"https:\/\/dorogimedence.hu\/index.php\/2025\/12\/24\/erdo-peter-legalabb-a-kisjezus-jaszola-korul-probaljuk-megerteni-egymast\/","og_locale":"hu_HU","og_type":"article","og_title":"Erd\u0151 P\u00e9ter: legal\u00e1bb a Kisj\u00e9zus j\u00e1szola k\u00f6r\u00fcl pr\u00f3b\u00e1ljuk meg\u00e9rteni egym\u00e1st!","og_description":"A b\u00e9kess\u00e9g, amit J\u00e9zus sz\u00fclet\u00e9se hoz Isten \u00e9s ember k\u00f6z\u00f6tt, b\u00e9k\u00e9t kell hozzon ember \u00e9s ember k\u00f6z\u00f6tt is &#8211; mondta Erd\u0151 P\u00e9ter b\u00edboros, esztergom-budapesti \u00e9rsek kar\u00e1csony alkalm\u00e1b\u00f3l az MTI-nek. A b\u00edboros azt k\u00e9rte, legal\u00e1bb a Kisj\u00e9zus j\u00e1szola k\u00f6r\u00fcl pr\u00f3b\u00e1ljuk meg\u00e9rteni egym\u00e1st, legy\u00fcnk kedvesek egym\u00e1ssal. Erd\u0151 P\u00e9ter arr\u00f3l besz\u00e9lt, az angyali sz\u00f3zat \u00fagy sz\u00f3l: &#8222;dics\u0151s\u00e9g a","og_url":"https:\/\/dorogimedence.hu\/index.php\/2025\/12\/24\/erdo-peter-legalabb-a-kisjezus-jaszola-korul-probaljuk-megerteni-egymast\/","og_site_name":"Dorogi-medence Region\u00e1lis H\u00edrport\u00e1l","article_publisher":"https:\/\/www.facebook.com\/dorogimedence\/","article_published_time":"2025-12-24T10:20:22+00:00","og_image":[{"width":1500,"height":1000,"url":"https:\/\/dorogimedence.hu\/wp-content\/uploads\/2025\/12\/2151064260.jpg","type":"image\/jpeg"}],"author":"dorogimedence.hu","twitter_card":"summary_large_image","twitter_misc":{"Szerz\u0151:":"dorogimedence.hu","Becs\u00fclt olvas\u00e1si id\u0151":"6 perc"},"schema":{"@context":"https:\/\/schema.org","@graph":[{"@type":"Article","@id":"https:\/\/dorogimedence.hu\/index.php\/2025\/12\/24\/erdo-peter-legalabb-a-kisjezus-jaszola-korul-probaljuk-megerteni-egymast\/#article","isPartOf":{"@id":"https:\/\/dorogimedence.hu\/index.php\/2025\/12\/24\/erdo-peter-legalabb-a-kisjezus-jaszola-korul-probaljuk-megerteni-egymast\/"},"author":{"name":"dorogimedence.hu","@id":"https:\/\/dorogimedence.hu\/#\/schema\/person\/ce6091eeb7e95ecdc87890d6aa8e0fd4"},"headline":"Erd\u0151 P\u00e9ter: legal\u00e1bb a Kisj\u00e9zus j\u00e1szola k\u00f6r\u00fcl pr\u00f3b\u00e1ljuk meg\u00e9rteni egym\u00e1st!","datePublished":"2025-12-24T10:20:22+00:00","mainEntityOfPage":{"@id":"https:\/\/dorogimedence.hu\/index.php\/2025\/12\/24\/erdo-peter-legalabb-a-kisjezus-jaszola-korul-probaljuk-megerteni-egymast\/"},"wordCount":1273,"publisher":{"@id":"https:\/\/dorogimedence.hu\/#organization"},"image":{"@id":"https:\/\/dorogimedence.hu\/index.php\/2025\/12\/24\/erdo-peter-legalabb-a-kisjezus-jaszola-korul-probaljuk-megerteni-egymast\/#primaryimage"},"thumbnailUrl":"https:\/\/dorogimedence.hu\/wp-content\/uploads\/2025\/12\/2151064260.jpg","keywords":["Erd\u0151 P\u00e9ter","kar\u00e1csony","katolikus egyh\u00e1z"],"articleSection":["H\u00edrek"],"inLanguage":"hu"},{"@type":"WebPage","@id":"https:\/\/dorogimedence.hu\/index.php\/2025\/12\/24\/erdo-peter-legalabb-a-kisjezus-jaszola-korul-probaljuk-megerteni-egymast\/","url":"https:\/\/dorogimedence.hu\/index.php\/2025\/12\/24\/erdo-peter-legalabb-a-kisjezus-jaszola-korul-probaljuk-megerteni-egymast\/","name":"Erd\u0151 P\u00e9ter: legal\u00e1bb a Kisj\u00e9zus j\u00e1szola k\u00f6r\u00fcl pr\u00f3b\u00e1ljuk meg\u00e9rteni egym\u00e1st!","isPartOf":{"@id":"https:\/\/dorogimedence.hu\/#website"},"primaryImageOfPage":{"@id":"https:\/\/dorogimedence.hu\/index.php\/2025\/12\/24\/erdo-peter-legalabb-a-kisjezus-jaszola-korul-probaljuk-megerteni-egymast\/#primaryimage"},"image":{"@id":"https:\/\/dorogimedence.hu\/index.php\/2025\/12\/24\/erdo-peter-legalabb-a-kisjezus-jaszola-korul-probaljuk-megerteni-egymast\/#primaryimage"},"thumbnailUrl":"https:\/\/dorogimedence.hu\/wp-content\/uploads\/2025\/12\/2151064260.jpg","datePublished":"2025-12-24T10:20:22+00:00","breadcrumb":{"@id":"https:\/\/dorogimedence.hu\/index.php\/2025\/12\/24\/erdo-peter-legalabb-a-kisjezus-jaszola-korul-probaljuk-megerteni-egymast\/#breadcrumb"},"inLanguage":"hu","potentialAction":[{"@type":"ReadAction","target":["https:\/\/dorogimedence.hu\/index.php\/2025\/12\/24\/erdo-peter-legalabb-a-kisjezus-jaszola-korul-probaljuk-megerteni-egymast\/"]}]},{"@type":"ImageObject","inLanguage":"hu","@id":"https:\/\/dorogimedence.hu\/index.php\/2025\/12\/24\/erdo-peter-legalabb-a-kisjezus-jaszola-korul-probaljuk-megerteni-egymast\/#primaryimage","url":"https:\/\/dorogimedence.hu\/wp-content\/uploads\/2025\/12\/2151064260.jpg","contentUrl":"https:\/\/dorogimedence.hu\/wp-content\/uploads\/2025\/12\/2151064260.jpg","width":1500,"height":1000},{"@type":"BreadcrumbList","@id":"https:\/\/dorogimedence.hu\/index.php\/2025\/12\/24\/erdo-peter-legalabb-a-kisjezus-jaszola-korul-probaljuk-megerteni-egymast\/#breadcrumb","itemListElement":[{"@type":"ListItem","position":1,"name":"Kezd\u0151lap","item":"https:\/\/dorogimedence.hu\/"},{"@type":"ListItem","position":2,"name":"Erd\u0151 P\u00e9ter: legal\u00e1bb a Kisj\u00e9zus j\u00e1szola k\u00f6r\u00fcl pr\u00f3b\u00e1ljuk meg\u00e9rteni egym\u00e1st!"}]},{"@type":"WebSite","@id":"https:\/\/dorogimedence.hu\/#website","url":"https:\/\/dorogimedence.hu\/","name":"Dorogi-medence Region\u00e1lis H\u00edrport\u00e1l","description":"Dorog, Keszt\u00f6lc, Le\u00e1nyv\u00e1r, Piliscs\u00e9v, Tokod, Tokodalt\u00e1r\u00f3, Csolnok, Esztergom-kertv\u00e1ros: h\u00edrek, programok","publisher":{"@id":"https:\/\/dorogimedence.hu\/#organization"},"potentialAction":[{"@type":"SearchAction","target":{"@type":"EntryPoint","urlTemplate":"https:\/\/dorogimedence.hu\/?s={search_term_string}"},"query-input":{"@type":"PropertyValueSpecification","valueRequired":true,"valueName":"search_term_string"}}],"inLanguage":"hu"},{"@type":"Organization","@id":"https:\/\/dorogimedence.hu\/#organization","name":"Dorogi-medence Region\u00e1lis H\u00edrport\u00e1l","url":"https:\/\/dorogimedence.hu\/","logo":{"@type":"ImageObject","inLanguage":"hu","@id":"https:\/\/dorogimedence.hu\/#\/schema\/logo\/image\/","url":"https:\/\/dorogimedence.hu\/wp-content\/uploads\/2021\/04\/logo-feher-600.png","contentUrl":"https:\/\/dorogimedence.hu\/wp-content\/uploads\/2021\/04\/logo-feher-600.png","width":600,"height":100,"caption":"Dorogi-medence Region\u00e1lis H\u00edrport\u00e1l"},"image":{"@id":"https:\/\/dorogimedence.hu\/#\/schema\/logo\/image\/"},"sameAs":["https:\/\/www.facebook.com\/dorogimedence\/"]},{"@type":"Person","@id":"https:\/\/dorogimedence.hu\/#\/schema\/person\/ce6091eeb7e95ecdc87890d6aa8e0fd4","name":"dorogimedence.hu","image":{"@type":"ImageObject","inLanguage":"hu","@id":"\/\/www.gravatar.com\/avatar\/d8d45f8901aadff40a4af72c0b826f1d?s=96&#038;r=g&#038;d=mm","url":"\/\/www.gravatar.com\/avatar\/d8d45f8901aadff40a4af72c0b826f1d?s=96&#038;r=g&#038;d=mm","contentUrl":"\/\/www.gravatar.com\/avatar\/d8d45f8901aadff40a4af72c0b826f1d?s=96&#038;r=g&#038;d=mm","caption":"dorogimedence.hu"}}]}},"_links":{"self":[{"href":"https:\/\/dorogimedence.hu\/index.php\/wp-json\/wp\/v2\/posts\/76671","targetHints":{"allow":["GET"]}}],"collection":[{"href":"https:\/\/dorogimedence.hu\/index.php\/wp-json\/wp\/v2\/posts"}],"about":[{"href":"https:\/\/dorogimedence.hu\/index.php\/wp-json\/wp\/v2\/types\/post"}],"author":[{"embeddable":true,"href":"https:\/\/dorogimedence.hu\/index.php\/wp-json\/wp\/v2\/users\/1"}],"replies":[{"embeddable":true,"href":"https:\/\/dorogimedence.hu\/index.php\/wp-json\/wp\/v2\/comments?post=76671"}],"version-history":[{"count":0,"href":"https:\/\/dorogimedence.hu\/index.php\/wp-json\/wp\/v2\/posts\/76671\/revisions"}],"wp:featuredmedia":[{"embeddable":true,"href":"https:\/\/dorogimedence.hu\/index.php\/wp-json\/wp\/v2\/media\/76672"}],"wp:attachment":[{"href":"https:\/\/dorogimedence.hu\/index.php\/wp-json\/wp\/v2\/media?parent=76671"}],"wp:term":[{"taxonomy":"category","embeddable":true,"href":"https:\/\/dorogimedence.hu\/index.php\/wp-json\/wp\/v2\/categories?post=76671"},{"taxonomy":"post_tag","embeddable":true,"href":"https:\/\/dorogimedence.hu\/index.php\/wp-json\/wp\/v2\/tags?post=76671"}],"curies":[{"name":"wp","href":"https:\/\/api.w.org\/{rel}","templated":true}]}}