{"id":76648,"date":"2025-12-23T14:56:16","date_gmt":"2025-12-23T13:56:16","guid":{"rendered":"https:\/\/dorogimedence.hu\/?p=76648"},"modified":"2025-12-23T14:56:16","modified_gmt":"2025-12-23T13:56:16","slug":"fenyfuzereket-es-karacsonyi-dekoracios-eszkozoket-vizsgalt-a-fogyasztovedelem","status":"publish","type":"post","link":"https:\/\/dorogimedence.hu\/index.php\/2025\/12\/23\/fenyfuzereket-es-karacsonyi-dekoracios-eszkozoket-vizsgalt-a-fogyasztovedelem\/","title":{"rendered":"F\u00e9nyf\u00fcz\u00e9reket \u00e9s kar\u00e1csonyi dekor\u00e1ci\u00f3s eszk\u00f6z\u00f6ket vizsg\u00e1lt a fogyaszt\u00f3v\u00e9delem"},"content":{"rendered":"<p><strong>K\u00fcl- \u00e9s belt\u00e9ri d\u00edszvil\u00e1g\u00edt\u00e1si f\u00fcz\u00e9reket, valamint kar\u00e1csonyi dekor\u00e1ci\u00f3s villamoss\u00e1gi term\u00e9keket vizsg\u00e1lt a Nemzeti Kereskedelmi \u00e9s Fogyaszt\u00f3v\u00e9delmi Hat\u00f3s\u00e1g (NKFH) akkredit\u00e1lt laborat\u00f3riuma. Az 58 k\u00fcl\u00f6nb\u00f6z\u0151 f\u00e9le term\u00e9kb\u0151l 56 bizonyult vesz\u00e9lyesnek. Az \u00e1rucikkek forgalomb\u00f3l t\u00f6rt\u00e9n\u0151 kivon\u00e1sa folyamatban van. A nem biztons\u00e1gos term\u00e9kek kock\u00e1zatair\u00f3l \u00e9s a lehets\u00e9ges lak\u00e1st\u00fczekr\u0151l az NKFH a BM Orsz\u00e1gos Katasztr\u00f3fav\u00e9delmi F\u0151igazgat\u00f3s\u00e1ggal k\u00f6z\u00f6s sajt\u00f3t\u00e1j\u00e9koztat\u00f3n tartott bemutat\u00f3t.<\/strong><\/p>\n<p class=\"mb-6\">Az NKFH Mechanikai \u00e9s Villamos Laborat\u00f3riuma az adventi id\u0151szakban 58 k\u00fcl\u00f6nb\u00f6z\u0151 f\u00e9le, k\u00f6zvetlen\u00fcl h\u00e1l\u00f3zati fesz\u00fclts\u00e9gr\u0151l m\u0171k\u00f6d\u0151 d\u00edszvil\u00e1g\u00edt\u00e1si f\u00fcz\u00e9r \u00e9s dekor\u00e1ci\u00f3s c\u00e9l\u00fa vil\u00e1g\u00edt\u00e1stechnikai term\u00e9k laborat\u00f3riumi vizsg\u00e1lattal egybek\u00f6t\u00f6tt ellen\u0151rz\u00e9s\u00e9t v\u00e9gezte el, melynek sor\u00e1n 56 f\u00e9le villamoss\u00e1gi term\u00e9k vesz\u00e9lyesnek bizonyult.<\/p>\n<p class=\"mb-6\">A kifog\u00e1solt term\u00e9kek eset\u00e9ben jellemz\u0151en nemcsak egy hiba fordult el\u0151, a felt\u00e1rt hi\u00e1nyoss\u00e1gok a k\u00f6vetkez\u0151k voltak:<\/p>\n<p class=\"mb-6\">\u2022 A d\u00edszvil\u00e1g\u00edt\u00e1si f\u00fcz\u00e9rek vezet\u00e9kez\u00e9se szabadon meg\u00e9rinthet\u0151, szigetel\u00e9s n\u00e9lk\u00fcli, a csatlakoztat\u00e1s ut\u00e1n fesz\u00fclts\u00e9g alatt l\u00e9v\u0151 elektromos vezet\u00e9kr\u00e9szeket tartalmazott;<\/p>\n<p class=\"mb-6\">\u2022 A csatlakoz\u00f3dug\u00f3t olyan kism\u00e9ret\u0171re gy\u00e1rtott\u00e1k, hogy annak bedugaszol\u00e1sakor a m\u0171veletet v\u00e9gz\u0151 szem\u00e9ly keze fesz\u00fclts\u00e9g alatt \u00e1ll\u00f3 r\u00e9szekkel \u00e9rintkezhetett;<\/p>\n<p class=\"mb-6\">\u2022 Az alkalmazott vezet\u00e9kek \u00e9rkeresztmetszete nem \u00e9rte el a szabv\u00e1nyban el\u0151\u00edrtat;<\/p>\n<p class=\"mb-6\">\u2022 A d\u00edszvil\u00e1g\u00edt\u00e1si f\u00fcz\u00e9rek vezet\u00e9kez\u00e9s\u00e9re csup\u00e1n alapszigetel\u00e9ssel rendelkez\u0151 vezet\u00e9keket alkalmaztak;<\/p>\n<p class=\"mb-6\">\u2022 A h\u00e1l\u00f3zati t\u00e1pvezet\u00e9k hossza nem \u00e9rte el a minim\u00e1lis felt\u00e9telk\u00e9nt el\u0151\u00edrt 1,5 m-es vezet\u00e9khosszt;<\/p>\n<p class=\"mb-6\">\u2022 A term\u00e9k a vezet\u00e9kek s\u00e9r\u00fcl\u00e9s\u00e9t el\u0151id\u00e9z\u0151, \u00e9les sz\u00e9lekkel rendelkezett;<\/p>\n<p class=\"mb-6\">\u2022 Nem adt\u00e1k meg az egym\u00e1ssal \u00f6sszekapcsolhat\u00f3 f\u00fcz\u00e9rek legnagyobb sz\u00e1m\u00e1t;<\/p>\n<p class=\"mb-6\">\u2022 A v\u00edz behatol\u00e1sa ellen nem v\u00e9dett term\u00e9ket k\u00fclt\u00e9ri haszn\u00e1latra aj\u00e1nlott\u00e1k;<\/p>\n<p class=\"mb-6\">\u2022 A f\u00e9nyforr\u00e1sokhoz forrasztott vezet\u00e9kek szigetel\u00e9se nem felelt meg az el\u0151\u00edrt szigetel\u00e9si tulajdons\u00e1goknak;<\/p>\n<p class=\"mb-6\">\u2022 A magyar nyelv\u0171 haszn\u00e1lati utas\u00edt\u00e1s hi\u00e1nya.<\/p>\n<p class=\"mb-6\">A felsorolt hi\u00e1nyoss\u00e1gok miatt a felhaszn\u00e1l\u00f3t \u00e1ram\u00fct\u00e9s \u00e9s\/vagy \u00e9g\u00e9si s\u00e9r\u00fcl\u00e9s \u00e9rheti, \u00edgy s\u00falyos kock\u00e1zatot jelentenek. A vizsg\u00e1lt 56 f\u00e9le nem megfelel\u0151 term\u00e9kfajta tov\u00e1bbi forgalmaz\u00e1s\u00e1nak megtilt\u00e1s\u00e1t az illet\u00e9kes korm\u00e1nyhivatalok rendelik el.<\/p>\n<p class=\"mb-6\">A BM Orsz\u00e1gos Katasztr\u00f3fav\u00e9delmi F\u0151igazgat\u00f3s\u00e1ggal tartott szeml\u00e9ltet\u0151, kont\u00e9neres \u00e9get\u00e9ssel egybek\u00f6t\u00f6tt bemutat\u00f3n az NKFH eln\u00f6ke, <b class=\"font-bold\">Dr. N\u00e9met-Weingartner Lilla <\/b>elmondta, hogy<i class=\"\"> \u201ea hat\u00e1rozott hat\u00f3s\u00e1gi fell\u00e9p\u00e9s mellett a fogyaszt\u00f3k biztons\u00e1ga fogyaszt\u00f3i tudatoss\u00e1ggal \u00e9s odafigyel\u00e9ssel is er\u0151s\u00edthet\u0151. \u00cdgy fontos, hogy a v\u00e1s\u00e1rl\u00f3k ne vegy\u00e9k meg a jel\u00f6l\u00e9sek n\u00e9lk\u00fcli, nem megfelel\u0151, t\u00fals\u00e1gosan olcs\u00f3, \u201egagyi\u201d term\u00e9keket. Lehet\u0151s\u00e9g szerint ilyen \u00e1rucikkeket ne alulj\u00e1r\u00f3kban v\u00e1s\u00e1roljanak, vagy harmadik orsz\u00e1gb\u00f3l rendeljenek, hanem els\u0151sorban szak\u00fczletekb\u0151l szerezzenek be. Ugyanakkor elengedhetetlen a kiemelt hat\u00f3s\u00e1gi aktivit\u00e1s is: az adventi id\u0151szakban az NKFH \u00e9s a szakmai ir\u00e1ny\u00edt\u00e1sa alatt \u00e1ll\u00f3 korm\u00e1nyhivatalok fokozott jelenl\u00e9ttel \u00e9s piacfel\u00fcgyeleti ellen\u0151rz\u00e9sekkel j\u00e1rulnak hozz\u00e1 a csal\u00e1dok biztons\u00e1g\u00e1hoz \u00e9s \u00fcnnepi k\u00e9sz\u00fcl\u0151d\u00e9s\u00e9nek zavartalans\u00e1g\u00e1hoz.\u201d <\/i><\/p>\n<p class=\"mb-6\">Az \u0151sszel bejelentett 7 pontos fogyaszt\u00f3v\u00e9delmi cselekv\u00e9si terv egyik kiemelt pontja a v\u00e1mhat\u00e1ron t\u00f6rt\u00e9n\u0151 fokozott fell\u00e9p\u00e9s annak \u00e9rdek\u00e9ben, hogy ne ker\u00fclhessen be az orsz\u00e1gba vesz\u00e9lyes term\u00e9k. Ennek keret\u00e9ben a Nemzeti Ad\u00f3- \u00e9s V\u00e1mhivatallal egy\u00fcttm\u0171k\u00f6dve folyamatosak az ellen\u0151rz\u00e9sek, amelyek kiterjednek a nem biztons\u00e1gos d\u00edszvil\u00e1g\u00edt\u00e1si eszk\u00f6z\u00f6kre is.<\/p>\n<p><em>Forr\u00e1s: NKFH<\/em><br \/>\n<em>Bor\u00edt\u00f3k\u00e9p: illusztr\u00e1ci\u00f3 (freepik.com)<\/em><\/p>\n","protected":false},"excerpt":{"rendered":"<p>K\u00fcl- \u00e9s belt\u00e9ri d\u00edszvil\u00e1g\u00edt\u00e1si f\u00fcz\u00e9reket, valamint kar\u00e1csonyi dekor\u00e1ci\u00f3s villamoss\u00e1gi term\u00e9keket vizsg\u00e1lt a Nemzeti Kereskedelmi \u00e9s Fogyaszt\u00f3v\u00e9delmi Hat\u00f3s\u00e1g (NKFH) akkredit\u00e1lt laborat\u00f3riuma. Az 58 k\u00fcl\u00f6nb\u00f6z\u0151 f\u00e9le term\u00e9kb\u0151l 56 bizonyult vesz\u00e9lyesnek. Az \u00e1rucikkek forgalomb\u00f3l t\u00f6rt\u00e9n\u0151 kivon\u00e1sa folyamatban van. A nem biztons\u00e1gos term\u00e9kek kock\u00e1zatair\u00f3l \u00e9s a lehets\u00e9ges lak\u00e1st\u00fczekr\u0151l az NKFH a BM Orsz\u00e1gos Katasztr\u00f3fav\u00e9delmi F\u0151igazgat\u00f3s\u00e1ggal k\u00f6z\u00f6s sajt\u00f3t\u00e1j\u00e9koztat\u00f3n tartott bemutat\u00f3t.<\/p>\n","protected":false},"author":1,"featured_media":76649,"comment_status":"closed","ping_status":"closed","sticky":false,"template":"","format":"standard","meta":{"ngg_post_thumbnail":0,"footnotes":""},"categories":[3],"tags":[515,1580,8210],"class_list":{"0":"post-76648","1":"post","2":"type-post","3":"status-publish","4":"format-standard","5":"has-post-thumbnail","7":"category-hirek","8":"tag-ellenorzes","9":"tag-fogyasztovedelem","10":"tag-nkfh"},"yoast_head":"<!-- This site is optimized with the Yoast SEO plugin v27.5 - https:\/\/yoast.com\/product\/yoast-seo-wordpress\/ -->\n<title>F\u00e9nyf\u00fcz\u00e9reket \u00e9s kar\u00e1csonyi dekor\u00e1ci\u00f3s eszk\u00f6z\u00f6ket vizsg\u00e1lt a fogyaszt\u00f3v\u00e9delem<\/title>\n<meta name=\"robots\" content=\"index, follow, max-snippet:-1, max-image-preview:large, max-video-preview:-1\" \/>\n<link rel=\"canonical\" href=\"https:\/\/dorogimedence.hu\/index.php\/2025\/12\/23\/fenyfuzereket-es-karacsonyi-dekoracios-eszkozoket-vizsgalt-a-fogyasztovedelem\/\" class=\"yoast-seo-meta-tag\" \/>\n<meta property=\"og:locale\" content=\"hu_HU\" class=\"yoast-seo-meta-tag\" \/>\n<meta property=\"og:type\" content=\"article\" class=\"yoast-seo-meta-tag\" \/>\n<meta property=\"og:title\" content=\"F\u00e9nyf\u00fcz\u00e9reket \u00e9s kar\u00e1csonyi dekor\u00e1ci\u00f3s eszk\u00f6z\u00f6ket vizsg\u00e1lt a fogyaszt\u00f3v\u00e9delem\" class=\"yoast-seo-meta-tag\" \/>\n<meta property=\"og:description\" content=\"K\u00fcl- \u00e9s belt\u00e9ri d\u00edszvil\u00e1g\u00edt\u00e1si f\u00fcz\u00e9reket, valamint kar\u00e1csonyi dekor\u00e1ci\u00f3s villamoss\u00e1gi term\u00e9keket vizsg\u00e1lt a Nemzeti Kereskedelmi \u00e9s Fogyaszt\u00f3v\u00e9delmi Hat\u00f3s\u00e1g (NKFH) akkredit\u00e1lt laborat\u00f3riuma. Az 58 k\u00fcl\u00f6nb\u00f6z\u0151 f\u00e9le term\u00e9kb\u0151l 56 bizonyult vesz\u00e9lyesnek. Az \u00e1rucikkek forgalomb\u00f3l t\u00f6rt\u00e9n\u0151 kivon\u00e1sa folyamatban van. A nem biztons\u00e1gos term\u00e9kek kock\u00e1zatair\u00f3l \u00e9s a lehets\u00e9ges lak\u00e1st\u00fczekr\u0151l az NKFH a BM Orsz\u00e1gos Katasztr\u00f3fav\u00e9delmi F\u0151igazgat\u00f3s\u00e1ggal k\u00f6z\u00f6s sajt\u00f3t\u00e1j\u00e9koztat\u00f3n tartott bemutat\u00f3t.\" class=\"yoast-seo-meta-tag\" \/>\n<meta property=\"og:url\" content=\"https:\/\/dorogimedence.hu\/index.php\/2025\/12\/23\/fenyfuzereket-es-karacsonyi-dekoracios-eszkozoket-vizsgalt-a-fogyasztovedelem\/\" class=\"yoast-seo-meta-tag\" \/>\n<meta property=\"og:site_name\" content=\"Dorogi-medence Region\u00e1lis H\u00edrport\u00e1l\" class=\"yoast-seo-meta-tag\" \/>\n<meta property=\"article:publisher\" content=\"https:\/\/www.facebook.com\/dorogimedence\/\" class=\"yoast-seo-meta-tag\" \/>\n<meta property=\"article:published_time\" content=\"2025-12-23T13:56:16+00:00\" class=\"yoast-seo-meta-tag\" \/>\n<meta property=\"og:image\" content=\"https:\/\/dorogimedence.hu\/wp-content\/uploads\/2025\/12\/2147718873.jpg\" class=\"yoast-seo-meta-tag\" \/>\n\t<meta property=\"og:image:width\" content=\"1500\" class=\"yoast-seo-meta-tag\" \/>\n\t<meta property=\"og:image:height\" content=\"1001\" class=\"yoast-seo-meta-tag\" \/>\n\t<meta property=\"og:image:type\" content=\"image\/jpeg\" class=\"yoast-seo-meta-tag\" \/>\n<meta name=\"author\" content=\"dorogimedence.hu\" class=\"yoast-seo-meta-tag\" \/>\n<meta name=\"twitter:card\" content=\"summary_large_image\" class=\"yoast-seo-meta-tag\" \/>\n<meta name=\"twitter:label1\" content=\"Szerz\u0151:\" class=\"yoast-seo-meta-tag\" \/>\n\t<meta name=\"twitter:data1\" content=\"dorogimedence.hu\" class=\"yoast-seo-meta-tag\" \/>\n\t<meta name=\"twitter:label2\" content=\"Becs\u00fclt olvas\u00e1si id\u0151\" class=\"yoast-seo-meta-tag\" \/>\n\t<meta name=\"twitter:data2\" content=\"4 perc\" class=\"yoast-seo-meta-tag\" \/>\n<script type=\"application\/ld+json\" class=\"yoast-schema-graph\">{\"@context\":\"https:\\\/\\\/schema.org\",\"@graph\":[{\"@type\":\"Article\",\"@id\":\"https:\\\/\\\/dorogimedence.hu\\\/index.php\\\/2025\\\/12\\\/23\\\/fenyfuzereket-es-karacsonyi-dekoracios-eszkozoket-vizsgalt-a-fogyasztovedelem\\\/#article\",\"isPartOf\":{\"@id\":\"https:\\\/\\\/dorogimedence.hu\\\/index.php\\\/2025\\\/12\\\/23\\\/fenyfuzereket-es-karacsonyi-dekoracios-eszkozoket-vizsgalt-a-fogyasztovedelem\\\/\"},\"author\":{\"name\":\"dorogimedence.hu\",\"@id\":\"https:\\\/\\\/dorogimedence.hu\\\/#\\\/schema\\\/person\\\/ce6091eeb7e95ecdc87890d6aa8e0fd4\"},\"headline\":\"F\u00e9nyf\u00fcz\u00e9reket \u00e9s kar\u00e1csonyi dekor\u00e1ci\u00f3s eszk\u00f6z\u00f6ket vizsg\u00e1lt a fogyaszt\u00f3v\u00e9delem\",\"datePublished\":\"2025-12-23T13:56:16+00:00\",\"mainEntityOfPage\":{\"@id\":\"https:\\\/\\\/dorogimedence.hu\\\/index.php\\\/2025\\\/12\\\/23\\\/fenyfuzereket-es-karacsonyi-dekoracios-eszkozoket-vizsgalt-a-fogyasztovedelem\\\/\"},\"wordCount\":735,\"publisher\":{\"@id\":\"https:\\\/\\\/dorogimedence.hu\\\/#organization\"},\"image\":{\"@id\":\"https:\\\/\\\/dorogimedence.hu\\\/index.php\\\/2025\\\/12\\\/23\\\/fenyfuzereket-es-karacsonyi-dekoracios-eszkozoket-vizsgalt-a-fogyasztovedelem\\\/#primaryimage\"},\"thumbnailUrl\":\"https:\\\/\\\/dorogimedence.hu\\\/wp-content\\\/uploads\\\/2025\\\/12\\\/2147718873.jpg\",\"keywords\":[\"ellen\u0151rz\u00e9s\",\"fogyaszt\u00f3v\u00e9delem\",\"NKFH\"],\"articleSection\":[\"H\u00edrek\"],\"inLanguage\":\"hu\"},{\"@type\":\"WebPage\",\"@id\":\"https:\\\/\\\/dorogimedence.hu\\\/index.php\\\/2025\\\/12\\\/23\\\/fenyfuzereket-es-karacsonyi-dekoracios-eszkozoket-vizsgalt-a-fogyasztovedelem\\\/\",\"url\":\"https:\\\/\\\/dorogimedence.hu\\\/index.php\\\/2025\\\/12\\\/23\\\/fenyfuzereket-es-karacsonyi-dekoracios-eszkozoket-vizsgalt-a-fogyasztovedelem\\\/\",\"name\":\"F\u00e9nyf\u00fcz\u00e9reket \u00e9s kar\u00e1csonyi dekor\u00e1ci\u00f3s eszk\u00f6z\u00f6ket vizsg\u00e1lt a fogyaszt\u00f3v\u00e9delem\",\"isPartOf\":{\"@id\":\"https:\\\/\\\/dorogimedence.hu\\\/#website\"},\"primaryImageOfPage\":{\"@id\":\"https:\\\/\\\/dorogimedence.hu\\\/index.php\\\/2025\\\/12\\\/23\\\/fenyfuzereket-es-karacsonyi-dekoracios-eszkozoket-vizsgalt-a-fogyasztovedelem\\\/#primaryimage\"},\"image\":{\"@id\":\"https:\\\/\\\/dorogimedence.hu\\\/index.php\\\/2025\\\/12\\\/23\\\/fenyfuzereket-es-karacsonyi-dekoracios-eszkozoket-vizsgalt-a-fogyasztovedelem\\\/#primaryimage\"},\"thumbnailUrl\":\"https:\\\/\\\/dorogimedence.hu\\\/wp-content\\\/uploads\\\/2025\\\/12\\\/2147718873.jpg\",\"datePublished\":\"2025-12-23T13:56:16+00:00\",\"breadcrumb\":{\"@id\":\"https:\\\/\\\/dorogimedence.hu\\\/index.php\\\/2025\\\/12\\\/23\\\/fenyfuzereket-es-karacsonyi-dekoracios-eszkozoket-vizsgalt-a-fogyasztovedelem\\\/#breadcrumb\"},\"inLanguage\":\"hu\",\"potentialAction\":[{\"@type\":\"ReadAction\",\"target\":[\"https:\\\/\\\/dorogimedence.hu\\\/index.php\\\/2025\\\/12\\\/23\\\/fenyfuzereket-es-karacsonyi-dekoracios-eszkozoket-vizsgalt-a-fogyasztovedelem\\\/\"]}]},{\"@type\":\"ImageObject\",\"inLanguage\":\"hu\",\"@id\":\"https:\\\/\\\/dorogimedence.hu\\\/index.php\\\/2025\\\/12\\\/23\\\/fenyfuzereket-es-karacsonyi-dekoracios-eszkozoket-vizsgalt-a-fogyasztovedelem\\\/#primaryimage\",\"url\":\"https:\\\/\\\/dorogimedence.hu\\\/wp-content\\\/uploads\\\/2025\\\/12\\\/2147718873.jpg\",\"contentUrl\":\"https:\\\/\\\/dorogimedence.hu\\\/wp-content\\\/uploads\\\/2025\\\/12\\\/2147718873.jpg\",\"width\":1500,\"height\":1001},{\"@type\":\"BreadcrumbList\",\"@id\":\"https:\\\/\\\/dorogimedence.hu\\\/index.php\\\/2025\\\/12\\\/23\\\/fenyfuzereket-es-karacsonyi-dekoracios-eszkozoket-vizsgalt-a-fogyasztovedelem\\\/#breadcrumb\",\"itemListElement\":[{\"@type\":\"ListItem\",\"position\":1,\"name\":\"Kezd\u0151lap\",\"item\":\"https:\\\/\\\/dorogimedence.hu\\\/\"},{\"@type\":\"ListItem\",\"position\":2,\"name\":\"F\u00e9nyf\u00fcz\u00e9reket \u00e9s kar\u00e1csonyi dekor\u00e1ci\u00f3s eszk\u00f6z\u00f6ket vizsg\u00e1lt a fogyaszt\u00f3v\u00e9delem\"}]},{\"@type\":\"WebSite\",\"@id\":\"https:\\\/\\\/dorogimedence.hu\\\/#website\",\"url\":\"https:\\\/\\\/dorogimedence.hu\\\/\",\"name\":\"Dorogi-medence Region\u00e1lis H\u00edrport\u00e1l\",\"description\":\"Dorog, Keszt\u00f6lc, Le\u00e1nyv\u00e1r, Piliscs\u00e9v, Tokod, Tokodalt\u00e1r\u00f3, Csolnok, Esztergom-kertv\u00e1ros: h\u00edrek, programok\",\"publisher\":{\"@id\":\"https:\\\/\\\/dorogimedence.hu\\\/#organization\"},\"potentialAction\":[{\"@type\":\"SearchAction\",\"target\":{\"@type\":\"EntryPoint\",\"urlTemplate\":\"https:\\\/\\\/dorogimedence.hu\\\/?s={search_term_string}\"},\"query-input\":{\"@type\":\"PropertyValueSpecification\",\"valueRequired\":true,\"valueName\":\"search_term_string\"}}],\"inLanguage\":\"hu\"},{\"@type\":\"Organization\",\"@id\":\"https:\\\/\\\/dorogimedence.hu\\\/#organization\",\"name\":\"Dorogi-medence Region\u00e1lis H\u00edrport\u00e1l\",\"url\":\"https:\\\/\\\/dorogimedence.hu\\\/\",\"logo\":{\"@type\":\"ImageObject\",\"inLanguage\":\"hu\",\"@id\":\"https:\\\/\\\/dorogimedence.hu\\\/#\\\/schema\\\/logo\\\/image\\\/\",\"url\":\"https:\\\/\\\/dorogimedence.hu\\\/wp-content\\\/uploads\\\/2021\\\/04\\\/logo-feher-600.png\",\"contentUrl\":\"https:\\\/\\\/dorogimedence.hu\\\/wp-content\\\/uploads\\\/2021\\\/04\\\/logo-feher-600.png\",\"width\":600,\"height\":100,\"caption\":\"Dorogi-medence Region\u00e1lis H\u00edrport\u00e1l\"},\"image\":{\"@id\":\"https:\\\/\\\/dorogimedence.hu\\\/#\\\/schema\\\/logo\\\/image\\\/\"},\"sameAs\":[\"https:\\\/\\\/www.facebook.com\\\/dorogimedence\\\/\"]},{\"@type\":\"Person\",\"@id\":\"https:\\\/\\\/dorogimedence.hu\\\/#\\\/schema\\\/person\\\/ce6091eeb7e95ecdc87890d6aa8e0fd4\",\"name\":\"dorogimedence.hu\",\"image\":{\"@type\":\"ImageObject\",\"inLanguage\":\"hu\",\"@id\":\"\\\/\\\/www.gravatar.com\\\/avatar\\\/d8d45f8901aadff40a4af72c0b826f1d?s=96&#038;r=g&#038;d=mm\",\"url\":\"\\\/\\\/www.gravatar.com\\\/avatar\\\/d8d45f8901aadff40a4af72c0b826f1d?s=96&#038;r=g&#038;d=mm\",\"contentUrl\":\"\\\/\\\/www.gravatar.com\\\/avatar\\\/d8d45f8901aadff40a4af72c0b826f1d?s=96&#038;r=g&#038;d=mm\",\"caption\":\"dorogimedence.hu\"}}]}<\/script>\n<!-- \/ Yoast SEO plugin. -->","yoast_head_json":{"title":"F\u00e9nyf\u00fcz\u00e9reket \u00e9s kar\u00e1csonyi dekor\u00e1ci\u00f3s eszk\u00f6z\u00f6ket vizsg\u00e1lt a fogyaszt\u00f3v\u00e9delem","robots":{"index":"index","follow":"follow","max-snippet":"max-snippet:-1","max-image-preview":"max-image-preview:large","max-video-preview":"max-video-preview:-1"},"canonical":"https:\/\/dorogimedence.hu\/index.php\/2025\/12\/23\/fenyfuzereket-es-karacsonyi-dekoracios-eszkozoket-vizsgalt-a-fogyasztovedelem\/","og_locale":"hu_HU","og_type":"article","og_title":"F\u00e9nyf\u00fcz\u00e9reket \u00e9s kar\u00e1csonyi dekor\u00e1ci\u00f3s eszk\u00f6z\u00f6ket vizsg\u00e1lt a fogyaszt\u00f3v\u00e9delem","og_description":"K\u00fcl- \u00e9s belt\u00e9ri d\u00edszvil\u00e1g\u00edt\u00e1si f\u00fcz\u00e9reket, valamint kar\u00e1csonyi dekor\u00e1ci\u00f3s villamoss\u00e1gi term\u00e9keket vizsg\u00e1lt a Nemzeti Kereskedelmi \u00e9s Fogyaszt\u00f3v\u00e9delmi Hat\u00f3s\u00e1g (NKFH) akkredit\u00e1lt laborat\u00f3riuma. Az 58 k\u00fcl\u00f6nb\u00f6z\u0151 f\u00e9le term\u00e9kb\u0151l 56 bizonyult vesz\u00e9lyesnek. Az \u00e1rucikkek forgalomb\u00f3l t\u00f6rt\u00e9n\u0151 kivon\u00e1sa folyamatban van. A nem biztons\u00e1gos term\u00e9kek kock\u00e1zatair\u00f3l \u00e9s a lehets\u00e9ges lak\u00e1st\u00fczekr\u0151l az NKFH a BM Orsz\u00e1gos Katasztr\u00f3fav\u00e9delmi F\u0151igazgat\u00f3s\u00e1ggal k\u00f6z\u00f6s sajt\u00f3t\u00e1j\u00e9koztat\u00f3n tartott bemutat\u00f3t.","og_url":"https:\/\/dorogimedence.hu\/index.php\/2025\/12\/23\/fenyfuzereket-es-karacsonyi-dekoracios-eszkozoket-vizsgalt-a-fogyasztovedelem\/","og_site_name":"Dorogi-medence Region\u00e1lis H\u00edrport\u00e1l","article_publisher":"https:\/\/www.facebook.com\/dorogimedence\/","article_published_time":"2025-12-23T13:56:16+00:00","og_image":[{"width":1500,"height":1001,"url":"https:\/\/dorogimedence.hu\/wp-content\/uploads\/2025\/12\/2147718873.jpg","type":"image\/jpeg"}],"author":"dorogimedence.hu","twitter_card":"summary_large_image","twitter_misc":{"Szerz\u0151:":"dorogimedence.hu","Becs\u00fclt olvas\u00e1si id\u0151":"4 perc"},"schema":{"@context":"https:\/\/schema.org","@graph":[{"@type":"Article","@id":"https:\/\/dorogimedence.hu\/index.php\/2025\/12\/23\/fenyfuzereket-es-karacsonyi-dekoracios-eszkozoket-vizsgalt-a-fogyasztovedelem\/#article","isPartOf":{"@id":"https:\/\/dorogimedence.hu\/index.php\/2025\/12\/23\/fenyfuzereket-es-karacsonyi-dekoracios-eszkozoket-vizsgalt-a-fogyasztovedelem\/"},"author":{"name":"dorogimedence.hu","@id":"https:\/\/dorogimedence.hu\/#\/schema\/person\/ce6091eeb7e95ecdc87890d6aa8e0fd4"},"headline":"F\u00e9nyf\u00fcz\u00e9reket \u00e9s kar\u00e1csonyi dekor\u00e1ci\u00f3s eszk\u00f6z\u00f6ket vizsg\u00e1lt a fogyaszt\u00f3v\u00e9delem","datePublished":"2025-12-23T13:56:16+00:00","mainEntityOfPage":{"@id":"https:\/\/dorogimedence.hu\/index.php\/2025\/12\/23\/fenyfuzereket-es-karacsonyi-dekoracios-eszkozoket-vizsgalt-a-fogyasztovedelem\/"},"wordCount":735,"publisher":{"@id":"https:\/\/dorogimedence.hu\/#organization"},"image":{"@id":"https:\/\/dorogimedence.hu\/index.php\/2025\/12\/23\/fenyfuzereket-es-karacsonyi-dekoracios-eszkozoket-vizsgalt-a-fogyasztovedelem\/#primaryimage"},"thumbnailUrl":"https:\/\/dorogimedence.hu\/wp-content\/uploads\/2025\/12\/2147718873.jpg","keywords":["ellen\u0151rz\u00e9s","fogyaszt\u00f3v\u00e9delem","NKFH"],"articleSection":["H\u00edrek"],"inLanguage":"hu"},{"@type":"WebPage","@id":"https:\/\/dorogimedence.hu\/index.php\/2025\/12\/23\/fenyfuzereket-es-karacsonyi-dekoracios-eszkozoket-vizsgalt-a-fogyasztovedelem\/","url":"https:\/\/dorogimedence.hu\/index.php\/2025\/12\/23\/fenyfuzereket-es-karacsonyi-dekoracios-eszkozoket-vizsgalt-a-fogyasztovedelem\/","name":"F\u00e9nyf\u00fcz\u00e9reket \u00e9s kar\u00e1csonyi dekor\u00e1ci\u00f3s eszk\u00f6z\u00f6ket vizsg\u00e1lt a fogyaszt\u00f3v\u00e9delem","isPartOf":{"@id":"https:\/\/dorogimedence.hu\/#website"},"primaryImageOfPage":{"@id":"https:\/\/dorogimedence.hu\/index.php\/2025\/12\/23\/fenyfuzereket-es-karacsonyi-dekoracios-eszkozoket-vizsgalt-a-fogyasztovedelem\/#primaryimage"},"image":{"@id":"https:\/\/dorogimedence.hu\/index.php\/2025\/12\/23\/fenyfuzereket-es-karacsonyi-dekoracios-eszkozoket-vizsgalt-a-fogyasztovedelem\/#primaryimage"},"thumbnailUrl":"https:\/\/dorogimedence.hu\/wp-content\/uploads\/2025\/12\/2147718873.jpg","datePublished":"2025-12-23T13:56:16+00:00","breadcrumb":{"@id":"https:\/\/dorogimedence.hu\/index.php\/2025\/12\/23\/fenyfuzereket-es-karacsonyi-dekoracios-eszkozoket-vizsgalt-a-fogyasztovedelem\/#breadcrumb"},"inLanguage":"hu","potentialAction":[{"@type":"ReadAction","target":["https:\/\/dorogimedence.hu\/index.php\/2025\/12\/23\/fenyfuzereket-es-karacsonyi-dekoracios-eszkozoket-vizsgalt-a-fogyasztovedelem\/"]}]},{"@type":"ImageObject","inLanguage":"hu","@id":"https:\/\/dorogimedence.hu\/index.php\/2025\/12\/23\/fenyfuzereket-es-karacsonyi-dekoracios-eszkozoket-vizsgalt-a-fogyasztovedelem\/#primaryimage","url":"https:\/\/dorogimedence.hu\/wp-content\/uploads\/2025\/12\/2147718873.jpg","contentUrl":"https:\/\/dorogimedence.hu\/wp-content\/uploads\/2025\/12\/2147718873.jpg","width":1500,"height":1001},{"@type":"BreadcrumbList","@id":"https:\/\/dorogimedence.hu\/index.php\/2025\/12\/23\/fenyfuzereket-es-karacsonyi-dekoracios-eszkozoket-vizsgalt-a-fogyasztovedelem\/#breadcrumb","itemListElement":[{"@type":"ListItem","position":1,"name":"Kezd\u0151lap","item":"https:\/\/dorogimedence.hu\/"},{"@type":"ListItem","position":2,"name":"F\u00e9nyf\u00fcz\u00e9reket \u00e9s kar\u00e1csonyi dekor\u00e1ci\u00f3s eszk\u00f6z\u00f6ket vizsg\u00e1lt a fogyaszt\u00f3v\u00e9delem"}]},{"@type":"WebSite","@id":"https:\/\/dorogimedence.hu\/#website","url":"https:\/\/dorogimedence.hu\/","name":"Dorogi-medence Region\u00e1lis H\u00edrport\u00e1l","description":"Dorog, Keszt\u00f6lc, Le\u00e1nyv\u00e1r, Piliscs\u00e9v, Tokod, Tokodalt\u00e1r\u00f3, Csolnok, Esztergom-kertv\u00e1ros: h\u00edrek, programok","publisher":{"@id":"https:\/\/dorogimedence.hu\/#organization"},"potentialAction":[{"@type":"SearchAction","target":{"@type":"EntryPoint","urlTemplate":"https:\/\/dorogimedence.hu\/?s={search_term_string}"},"query-input":{"@type":"PropertyValueSpecification","valueRequired":true,"valueName":"search_term_string"}}],"inLanguage":"hu"},{"@type":"Organization","@id":"https:\/\/dorogimedence.hu\/#organization","name":"Dorogi-medence Region\u00e1lis H\u00edrport\u00e1l","url":"https:\/\/dorogimedence.hu\/","logo":{"@type":"ImageObject","inLanguage":"hu","@id":"https:\/\/dorogimedence.hu\/#\/schema\/logo\/image\/","url":"https:\/\/dorogimedence.hu\/wp-content\/uploads\/2021\/04\/logo-feher-600.png","contentUrl":"https:\/\/dorogimedence.hu\/wp-content\/uploads\/2021\/04\/logo-feher-600.png","width":600,"height":100,"caption":"Dorogi-medence Region\u00e1lis H\u00edrport\u00e1l"},"image":{"@id":"https:\/\/dorogimedence.hu\/#\/schema\/logo\/image\/"},"sameAs":["https:\/\/www.facebook.com\/dorogimedence\/"]},{"@type":"Person","@id":"https:\/\/dorogimedence.hu\/#\/schema\/person\/ce6091eeb7e95ecdc87890d6aa8e0fd4","name":"dorogimedence.hu","image":{"@type":"ImageObject","inLanguage":"hu","@id":"\/\/www.gravatar.com\/avatar\/d8d45f8901aadff40a4af72c0b826f1d?s=96&#038;r=g&#038;d=mm","url":"\/\/www.gravatar.com\/avatar\/d8d45f8901aadff40a4af72c0b826f1d?s=96&#038;r=g&#038;d=mm","contentUrl":"\/\/www.gravatar.com\/avatar\/d8d45f8901aadff40a4af72c0b826f1d?s=96&#038;r=g&#038;d=mm","caption":"dorogimedence.hu"}}]}},"_links":{"self":[{"href":"https:\/\/dorogimedence.hu\/index.php\/wp-json\/wp\/v2\/posts\/76648","targetHints":{"allow":["GET"]}}],"collection":[{"href":"https:\/\/dorogimedence.hu\/index.php\/wp-json\/wp\/v2\/posts"}],"about":[{"href":"https:\/\/dorogimedence.hu\/index.php\/wp-json\/wp\/v2\/types\/post"}],"author":[{"embeddable":true,"href":"https:\/\/dorogimedence.hu\/index.php\/wp-json\/wp\/v2\/users\/1"}],"replies":[{"embeddable":true,"href":"https:\/\/dorogimedence.hu\/index.php\/wp-json\/wp\/v2\/comments?post=76648"}],"version-history":[{"count":0,"href":"https:\/\/dorogimedence.hu\/index.php\/wp-json\/wp\/v2\/posts\/76648\/revisions"}],"wp:featuredmedia":[{"embeddable":true,"href":"https:\/\/dorogimedence.hu\/index.php\/wp-json\/wp\/v2\/media\/76649"}],"wp:attachment":[{"href":"https:\/\/dorogimedence.hu\/index.php\/wp-json\/wp\/v2\/media?parent=76648"}],"wp:term":[{"taxonomy":"category","embeddable":true,"href":"https:\/\/dorogimedence.hu\/index.php\/wp-json\/wp\/v2\/categories?post=76648"},{"taxonomy":"post_tag","embeddable":true,"href":"https:\/\/dorogimedence.hu\/index.php\/wp-json\/wp\/v2\/tags?post=76648"}],"curies":[{"name":"wp","href":"https:\/\/api.w.org\/{rel}","templated":true}]}}