{"id":76642,"date":"2025-12-23T14:37:14","date_gmt":"2025-12-23T13:37:14","guid":{"rendered":"https:\/\/dorogimedence.hu\/?p=76642"},"modified":"2025-12-23T14:37:14","modified_gmt":"2025-12-23T13:37:14","slug":"rekordosszeggel-tamogatja-a-maltai-szeretetszolgalatot-az-omv-hungaria","status":"publish","type":"post","link":"https:\/\/dorogimedence.hu\/index.php\/2025\/12\/23\/rekordosszeggel-tamogatja-a-maltai-szeretetszolgalatot-az-omv-hungaria\/","title":{"rendered":"Rekord\u00f6sszeggel t\u00e1mogatja a M\u00e1ltai Szeretetszolg\u00e1latot az OMV Hung\u00e1ria"},"content":{"rendered":"<p><strong>Egy h\u00f3nap alatt t\u00f6bb mint 8 milli\u00f3 forint adom\u00e1ny gy\u0171lt \u00f6ssze a magyar aut\u00f3vezet\u0151k j\u00f3volt\u00e1b\u00f3l az OMV \u00e9s a M\u00e1ltai Szeretetszolg\u00e1lat k\u00f6z\u00f6s akci\u00f3j\u00e1ban. Az adom\u00e1ny k\u00f6zvetlen\u00fcl t\u00f6bb tucat, fogyat\u00e9kkal \u00e9l\u0151 fiatal t\u00e1boroz\u00e1s\u00e1t teszi lehet\u0151v\u00e9 j\u00f6v\u0151 ny\u00e1ron.<\/strong><\/p>\n<p>Id\u00e9n is kiemelked\u0151 eredm\u00e9nnyel z\u00e1rult a Magyar M\u00e1ltai Szeretetszolg\u00e1lat \u00e9s az OMV Hung\u00e1ria \u00e9ves adom\u00e1nygy\u0171jt\u0151 akci\u00f3ja. A t\u00f6lt\u0151\u00e1llom\u00e1sh\u00e1l\u00f3zat v\u00e1s\u00e1rl\u00f3inak k\u00f6sz\u00f6nhet\u0151en mind\u00f6ssze egy h\u00f3nap alatt 8,4 milli\u00f3 forint gy\u0171lt \u00f6ssze, amit a szeretetszolg\u00e1lat a j\u00f6v\u0151 \u00e9vi Ifj\u00fas\u00e1gi Mozg\u00e1ss\u00e9r\u00fclt T\u00e1bor megval\u00f3s\u00edt\u00e1s\u00e1ra ford\u00edt. A program \u00e9vek \u00f3ta fontos kapaszkod\u00f3t jelent fogyat\u00e9kkal \u00e9l\u0151 fiatalok sz\u00e1m\u00e1ra, akik speci\u00e1lisan felk\u00e9sz\u00edtett \u00f6nk\u00e9ntesek t\u00e1mogat\u00e1s\u00e1val \u00e9lhetik \u00e1t a k\u00f6z\u00f6ss\u00e9ghez tartoz\u00e1s \u00f6r\u00f6m\u00e9t.<\/p>\n<p>\u201e\u00d6sszefog\u00e1sunk eredm\u00e9nye \u00fajra megmutatta, hogy a t\u00e1rsadalmi felel\u0151ss\u00e9gv\u00e1llal\u00e1s akkor m\u0171k\u00f6dik igaz\u00e1n, ha min\u00e9l t\u00f6bben \u00e1llnak m\u00f6g\u00e9\u201d \u2013 mondta J\u00e1n Hrivn\u00e1k, az OMV Hung\u00e1ria \u00fcgyvezet\u0151 igazgat\u00f3ja. \u201eH\u00e1l\u00e1sak vagyunk mindenkinek, aki r\u00e9szt vett az idei akci\u00f3ban. B\u00fcszkes\u00e9ggel t\u00f6lt el benn\u00fcnket, hogy a k\u00f6z\u00f6ss\u00e9g t\u00e1mogat\u00e1s\u00e1val hozz\u00e1j\u00e1rulhatunk a M\u00e1ltai Szeretetszolg\u00e1lat fontos \u00e9s \u00e9rt\u00e9kteremt\u0151 munk\u00e1j\u00e1hoz.\u201d<\/p>\n<p>A karitat\u00edv akci\u00f3 novemberben zajlott, amelynek keret\u00e9ben az OMV a pr\u00e9mium MaxxMotion \u00fczemanyagok v\u00e1s\u00e1rl\u00e1s\u00e1hoz kapcsol\u00f3dva minden eladott liter ut\u00e1n 1 forintot aj\u00e1nlott fel a seg\u00e9lyszervezet jav\u00e1ra.<\/p>\n<p>Az adom\u00e1nynak k\u00f6sz\u00f6nhet\u0151en j\u00f6v\u0151re is megval\u00f3sulhat az Ifj\u00fas\u00e1gi Mozg\u00e1ss\u00e9r\u00fclt T\u00e1bor, ahol a r\u00e9sztvev\u0151 fiatalok biztons\u00e1gos, elfogad\u00f3 \u00e9s inspir\u00e1l\u00f3 k\u00f6rnyezetben kapcsol\u00f3dhatnak ki, kipr\u00f3b\u00e1lhatj\u00e1k magukat k\u00fcl\u00f6nb\u00f6z\u0151 programokban, \u00e9s hossz\u00fa t\u00e1v\u00fa kapcsolatokat \u00e9p\u00edthetnek.<\/p>\n<p>\u201eA t\u00e1bor minden \u00e9vben olyan tal\u00e1lkoz\u00e1soknak ad teret, amelyek m\u00e9lyen hatnak a t\u00e1boroz\u00f3 fiatalokra \u00e9s az \u00f6nk\u00e9ntesekre egyar\u00e1nt\u201d \u2013 hangs\u00falyozta Hajnal \u00c1gnes, a Magyar M\u00e1ltai Szeretetszolg\u00e1lat v\u00e1llalati \u00e9s k\u00f6z\u00f6ss\u00e9gi kapcsolatok\u00e9rt felel\u0151s vezet\u0151je. \u201eItt nemcsak fizikai korl\u00e1tok old\u00f3dnak fel, hanem el\u0151\u00edt\u00e9letek is. A k\u00f6z\u00f6s \u00e9lm\u00e9nyek val\u00f3di hidakat \u00e9p\u00edtenek a r\u00e9sztvev\u0151k k\u00f6z\u00f6tt.\u201d<\/p>\n<p>A Magyar M\u00e1ltai Szeretetszolg\u00e1lat t\u00f6bb t\u00edzezer r\u00e1szorul\u00f3t t\u00e1mogat orsz\u00e1gszerte m\u0171k\u00f6d\u0151 int\u00e9zm\u00e9nyein, oktat\u00e1si programjain \u00e9s kiterjedt \u00f6nk\u00e9ntes h\u00e1l\u00f3zat\u00e1n kereszt\u00fcl. Ennek fenntart\u00e1s\u00e1ban fontos szerepet j\u00e1tszanak a civil \u00e9s v\u00e1llalati egy\u00fcttm\u0171k\u00f6d\u00e9sek. Az OMV Hung\u00e1ria \u00e9vek \u00f3ta partnere a Szeretetszolg\u00e1latnak, \u00e9s rendszeresen ind\u00edtanak k\u00f6z\u00f6s adom\u00e1nygy\u0171jt\u0151 akci\u00f3kat, hogy min\u00e9l sz\u00e9lesebb k\u00f6rben ny\u00fajthassanak seg\u00edts\u00e9get azoknak, akik erre a legink\u00e1bb r\u00e1szorulnak.<\/p>\n<p><em>Bor\u00edt\u00f3k\u00e9p: <a href=\"https:\/\/www.facebook.com\/photo\/?fbid=1284962193667799&amp;set=a.543331934497499\" target=\"_blank\" rel=\"noopener\"><span style=\"text-decoration: underline; color: #0000ff;\">OMV Filling Stations Facebook-oldal<\/span><\/a><\/em><\/p>\n","protected":false},"excerpt":{"rendered":"<p>Egy h\u00f3nap alatt t\u00f6bb mint 8 milli\u00f3 forint adom\u00e1ny gy\u0171lt \u00f6ssze a magyar aut\u00f3vezet\u0151k j\u00f3volt\u00e1b\u00f3l az OMV \u00e9s a M\u00e1ltai Szeretetszolg\u00e1lat k\u00f6z\u00f6s akci\u00f3j\u00e1ban. Az adom\u00e1ny k\u00f6zvetlen\u00fcl t\u00f6bb tucat, fogyat\u00e9kkal \u00e9l\u0151 fiatal t\u00e1boroz\u00e1s\u00e1t teszi lehet\u0151v\u00e9 j\u00f6v\u0151 ny\u00e1ron. Id\u00e9n is kiemelked\u0151 eredm\u00e9nnyel z\u00e1rult a Magyar M\u00e1ltai Szeretetszolg\u00e1lat \u00e9s az OMV Hung\u00e1ria \u00e9ves adom\u00e1nygy\u0171jt\u0151 akci\u00f3ja. A t\u00f6lt\u0151\u00e1llom\u00e1sh\u00e1l\u00f3zat v\u00e1s\u00e1rl\u00f3inak<\/p>\n","protected":false},"author":1,"featured_media":76643,"comment_status":"closed","ping_status":"closed","sticky":false,"template":"","format":"standard","meta":{"ngg_post_thumbnail":0,"footnotes":""},"categories":[3,6948],"tags":[1887,1787,1776,3614],"class_list":{"0":"post-76642","1":"post","2":"type-post","3":"status-publish","4":"format-standard","5":"has-post-thumbnail","7":"category-hirek","8":"category-szines","9":"tag-adomany","10":"tag-karacsony","11":"tag-magyar-maltai-szeretetszolgalat","12":"tag-omv"},"yoast_head":"<!-- This site is optimized with the Yoast SEO plugin v27.4 - https:\/\/yoast.com\/product\/yoast-seo-wordpress\/ -->\n<title>Rekord\u00f6sszeggel t\u00e1mogatja a M\u00e1ltai Szeretetszolg\u00e1latot az OMV Hung\u00e1ria<\/title>\n<meta name=\"robots\" content=\"index, follow, max-snippet:-1, max-image-preview:large, max-video-preview:-1\" \/>\n<link rel=\"canonical\" href=\"https:\/\/dorogimedence.hu\/index.php\/2025\/12\/23\/rekordosszeggel-tamogatja-a-maltai-szeretetszolgalatot-az-omv-hungaria\/\" class=\"yoast-seo-meta-tag\" \/>\n<meta property=\"og:locale\" content=\"hu_HU\" class=\"yoast-seo-meta-tag\" \/>\n<meta property=\"og:type\" content=\"article\" class=\"yoast-seo-meta-tag\" \/>\n<meta property=\"og:title\" content=\"Rekord\u00f6sszeggel t\u00e1mogatja a M\u00e1ltai Szeretetszolg\u00e1latot az OMV Hung\u00e1ria\" class=\"yoast-seo-meta-tag\" \/>\n<meta property=\"og:description\" content=\"Egy h\u00f3nap alatt t\u00f6bb mint 8 milli\u00f3 forint adom\u00e1ny gy\u0171lt \u00f6ssze a magyar aut\u00f3vezet\u0151k j\u00f3volt\u00e1b\u00f3l az OMV \u00e9s a M\u00e1ltai Szeretetszolg\u00e1lat k\u00f6z\u00f6s akci\u00f3j\u00e1ban. Az adom\u00e1ny k\u00f6zvetlen\u00fcl t\u00f6bb tucat, fogyat\u00e9kkal \u00e9l\u0151 fiatal t\u00e1boroz\u00e1s\u00e1t teszi lehet\u0151v\u00e9 j\u00f6v\u0151 ny\u00e1ron. Id\u00e9n is kiemelked\u0151 eredm\u00e9nnyel z\u00e1rult a Magyar M\u00e1ltai Szeretetszolg\u00e1lat \u00e9s az OMV Hung\u00e1ria \u00e9ves adom\u00e1nygy\u0171jt\u0151 akci\u00f3ja. A t\u00f6lt\u0151\u00e1llom\u00e1sh\u00e1l\u00f3zat v\u00e1s\u00e1rl\u00f3inak\" class=\"yoast-seo-meta-tag\" \/>\n<meta property=\"og:url\" content=\"https:\/\/dorogimedence.hu\/index.php\/2025\/12\/23\/rekordosszeggel-tamogatja-a-maltai-szeretetszolgalatot-az-omv-hungaria\/\" class=\"yoast-seo-meta-tag\" \/>\n<meta property=\"og:site_name\" content=\"Dorogi-medence Region\u00e1lis H\u00edrport\u00e1l\" class=\"yoast-seo-meta-tag\" \/>\n<meta property=\"article:publisher\" content=\"https:\/\/www.facebook.com\/dorogimedence\/\" class=\"yoast-seo-meta-tag\" \/>\n<meta property=\"article:published_time\" content=\"2025-12-23T13:37:14+00:00\" class=\"yoast-seo-meta-tag\" \/>\n<meta property=\"og:image\" content=\"https:\/\/dorogimedence.hu\/wp-content\/uploads\/2025\/12\/omv-maltai.jpg\" class=\"yoast-seo-meta-tag\" \/>\n\t<meta property=\"og:image:width\" content=\"1920\" class=\"yoast-seo-meta-tag\" \/>\n\t<meta property=\"og:image:height\" content=\"970\" class=\"yoast-seo-meta-tag\" \/>\n\t<meta property=\"og:image:type\" content=\"image\/jpeg\" class=\"yoast-seo-meta-tag\" \/>\n<meta name=\"author\" content=\"dorogimedence.hu\" class=\"yoast-seo-meta-tag\" \/>\n<meta name=\"twitter:card\" content=\"summary_large_image\" class=\"yoast-seo-meta-tag\" \/>\n<meta name=\"twitter:label1\" content=\"Szerz\u0151:\" class=\"yoast-seo-meta-tag\" \/>\n\t<meta name=\"twitter:data1\" content=\"dorogimedence.hu\" class=\"yoast-seo-meta-tag\" \/>\n\t<meta name=\"twitter:label2\" content=\"Becs\u00fclt olvas\u00e1si id\u0151\" class=\"yoast-seo-meta-tag\" \/>\n\t<meta name=\"twitter:data2\" content=\"3 perc\" class=\"yoast-seo-meta-tag\" \/>\n<script type=\"application\/ld+json\" class=\"yoast-schema-graph\">{\"@context\":\"https:\\\/\\\/schema.org\",\"@graph\":[{\"@type\":\"Article\",\"@id\":\"https:\\\/\\\/dorogimedence.hu\\\/index.php\\\/2025\\\/12\\\/23\\\/rekordosszeggel-tamogatja-a-maltai-szeretetszolgalatot-az-omv-hungaria\\\/#article\",\"isPartOf\":{\"@id\":\"https:\\\/\\\/dorogimedence.hu\\\/index.php\\\/2025\\\/12\\\/23\\\/rekordosszeggel-tamogatja-a-maltai-szeretetszolgalatot-az-omv-hungaria\\\/\"},\"author\":{\"name\":\"dorogimedence.hu\",\"@id\":\"https:\\\/\\\/dorogimedence.hu\\\/#\\\/schema\\\/person\\\/ce6091eeb7e95ecdc87890d6aa8e0fd4\"},\"headline\":\"Rekord\u00f6sszeggel t\u00e1mogatja a M\u00e1ltai Szeretetszolg\u00e1latot az OMV Hung\u00e1ria\",\"datePublished\":\"2025-12-23T13:37:14+00:00\",\"mainEntityOfPage\":{\"@id\":\"https:\\\/\\\/dorogimedence.hu\\\/index.php\\\/2025\\\/12\\\/23\\\/rekordosszeggel-tamogatja-a-maltai-szeretetszolgalatot-az-omv-hungaria\\\/\"},\"wordCount\":551,\"publisher\":{\"@id\":\"https:\\\/\\\/dorogimedence.hu\\\/#organization\"},\"image\":{\"@id\":\"https:\\\/\\\/dorogimedence.hu\\\/index.php\\\/2025\\\/12\\\/23\\\/rekordosszeggel-tamogatja-a-maltai-szeretetszolgalatot-az-omv-hungaria\\\/#primaryimage\"},\"thumbnailUrl\":\"https:\\\/\\\/dorogimedence.hu\\\/wp-content\\\/uploads\\\/2025\\\/12\\\/omv-maltai.jpg\",\"keywords\":[\"adom\u00e1ny\",\"kar\u00e1csony\",\"Magyar M\u00e1ltai Szeretetszolg\u00e1lat\",\"OMV\"],\"articleSection\":[\"H\u00edrek\",\"Sz\u00ednes\"],\"inLanguage\":\"hu\"},{\"@type\":\"WebPage\",\"@id\":\"https:\\\/\\\/dorogimedence.hu\\\/index.php\\\/2025\\\/12\\\/23\\\/rekordosszeggel-tamogatja-a-maltai-szeretetszolgalatot-az-omv-hungaria\\\/\",\"url\":\"https:\\\/\\\/dorogimedence.hu\\\/index.php\\\/2025\\\/12\\\/23\\\/rekordosszeggel-tamogatja-a-maltai-szeretetszolgalatot-az-omv-hungaria\\\/\",\"name\":\"Rekord\u00f6sszeggel t\u00e1mogatja a M\u00e1ltai Szeretetszolg\u00e1latot az OMV Hung\u00e1ria\",\"isPartOf\":{\"@id\":\"https:\\\/\\\/dorogimedence.hu\\\/#website\"},\"primaryImageOfPage\":{\"@id\":\"https:\\\/\\\/dorogimedence.hu\\\/index.php\\\/2025\\\/12\\\/23\\\/rekordosszeggel-tamogatja-a-maltai-szeretetszolgalatot-az-omv-hungaria\\\/#primaryimage\"},\"image\":{\"@id\":\"https:\\\/\\\/dorogimedence.hu\\\/index.php\\\/2025\\\/12\\\/23\\\/rekordosszeggel-tamogatja-a-maltai-szeretetszolgalatot-az-omv-hungaria\\\/#primaryimage\"},\"thumbnailUrl\":\"https:\\\/\\\/dorogimedence.hu\\\/wp-content\\\/uploads\\\/2025\\\/12\\\/omv-maltai.jpg\",\"datePublished\":\"2025-12-23T13:37:14+00:00\",\"breadcrumb\":{\"@id\":\"https:\\\/\\\/dorogimedence.hu\\\/index.php\\\/2025\\\/12\\\/23\\\/rekordosszeggel-tamogatja-a-maltai-szeretetszolgalatot-az-omv-hungaria\\\/#breadcrumb\"},\"inLanguage\":\"hu\",\"potentialAction\":[{\"@type\":\"ReadAction\",\"target\":[\"https:\\\/\\\/dorogimedence.hu\\\/index.php\\\/2025\\\/12\\\/23\\\/rekordosszeggel-tamogatja-a-maltai-szeretetszolgalatot-az-omv-hungaria\\\/\"]}]},{\"@type\":\"ImageObject\",\"inLanguage\":\"hu\",\"@id\":\"https:\\\/\\\/dorogimedence.hu\\\/index.php\\\/2025\\\/12\\\/23\\\/rekordosszeggel-tamogatja-a-maltai-szeretetszolgalatot-az-omv-hungaria\\\/#primaryimage\",\"url\":\"https:\\\/\\\/dorogimedence.hu\\\/wp-content\\\/uploads\\\/2025\\\/12\\\/omv-maltai.jpg\",\"contentUrl\":\"https:\\\/\\\/dorogimedence.hu\\\/wp-content\\\/uploads\\\/2025\\\/12\\\/omv-maltai.jpg\",\"width\":1920,\"height\":970},{\"@type\":\"BreadcrumbList\",\"@id\":\"https:\\\/\\\/dorogimedence.hu\\\/index.php\\\/2025\\\/12\\\/23\\\/rekordosszeggel-tamogatja-a-maltai-szeretetszolgalatot-az-omv-hungaria\\\/#breadcrumb\",\"itemListElement\":[{\"@type\":\"ListItem\",\"position\":1,\"name\":\"Kezd\u0151lap\",\"item\":\"https:\\\/\\\/dorogimedence.hu\\\/\"},{\"@type\":\"ListItem\",\"position\":2,\"name\":\"Rekord\u00f6sszeggel t\u00e1mogatja a M\u00e1ltai Szeretetszolg\u00e1latot az OMV Hung\u00e1ria\"}]},{\"@type\":\"WebSite\",\"@id\":\"https:\\\/\\\/dorogimedence.hu\\\/#website\",\"url\":\"https:\\\/\\\/dorogimedence.hu\\\/\",\"name\":\"Dorogi-medence Region\u00e1lis H\u00edrport\u00e1l\",\"description\":\"Dorog, Keszt\u00f6lc, Le\u00e1nyv\u00e1r, Piliscs\u00e9v, Tokod, Tokodalt\u00e1r\u00f3, Csolnok, Esztergom-kertv\u00e1ros: h\u00edrek, programok\",\"publisher\":{\"@id\":\"https:\\\/\\\/dorogimedence.hu\\\/#organization\"},\"potentialAction\":[{\"@type\":\"SearchAction\",\"target\":{\"@type\":\"EntryPoint\",\"urlTemplate\":\"https:\\\/\\\/dorogimedence.hu\\\/?s={search_term_string}\"},\"query-input\":{\"@type\":\"PropertyValueSpecification\",\"valueRequired\":true,\"valueName\":\"search_term_string\"}}],\"inLanguage\":\"hu\"},{\"@type\":\"Organization\",\"@id\":\"https:\\\/\\\/dorogimedence.hu\\\/#organization\",\"name\":\"Dorogi-medence Region\u00e1lis H\u00edrport\u00e1l\",\"url\":\"https:\\\/\\\/dorogimedence.hu\\\/\",\"logo\":{\"@type\":\"ImageObject\",\"inLanguage\":\"hu\",\"@id\":\"https:\\\/\\\/dorogimedence.hu\\\/#\\\/schema\\\/logo\\\/image\\\/\",\"url\":\"https:\\\/\\\/dorogimedence.hu\\\/wp-content\\\/uploads\\\/2021\\\/04\\\/logo-feher-600.png\",\"contentUrl\":\"https:\\\/\\\/dorogimedence.hu\\\/wp-content\\\/uploads\\\/2021\\\/04\\\/logo-feher-600.png\",\"width\":600,\"height\":100,\"caption\":\"Dorogi-medence Region\u00e1lis H\u00edrport\u00e1l\"},\"image\":{\"@id\":\"https:\\\/\\\/dorogimedence.hu\\\/#\\\/schema\\\/logo\\\/image\\\/\"},\"sameAs\":[\"https:\\\/\\\/www.facebook.com\\\/dorogimedence\\\/\"]},{\"@type\":\"Person\",\"@id\":\"https:\\\/\\\/dorogimedence.hu\\\/#\\\/schema\\\/person\\\/ce6091eeb7e95ecdc87890d6aa8e0fd4\",\"name\":\"dorogimedence.hu\",\"image\":{\"@type\":\"ImageObject\",\"inLanguage\":\"hu\",\"@id\":\"\\\/\\\/www.gravatar.com\\\/avatar\\\/d8d45f8901aadff40a4af72c0b826f1d?s=96&#038;r=g&#038;d=mm\",\"url\":\"\\\/\\\/www.gravatar.com\\\/avatar\\\/d8d45f8901aadff40a4af72c0b826f1d?s=96&#038;r=g&#038;d=mm\",\"contentUrl\":\"\\\/\\\/www.gravatar.com\\\/avatar\\\/d8d45f8901aadff40a4af72c0b826f1d?s=96&#038;r=g&#038;d=mm\",\"caption\":\"dorogimedence.hu\"}}]}<\/script>\n<!-- \/ Yoast SEO plugin. -->","yoast_head_json":{"title":"Rekord\u00f6sszeggel t\u00e1mogatja a M\u00e1ltai Szeretetszolg\u00e1latot az OMV Hung\u00e1ria","robots":{"index":"index","follow":"follow","max-snippet":"max-snippet:-1","max-image-preview":"max-image-preview:large","max-video-preview":"max-video-preview:-1"},"canonical":"https:\/\/dorogimedence.hu\/index.php\/2025\/12\/23\/rekordosszeggel-tamogatja-a-maltai-szeretetszolgalatot-az-omv-hungaria\/","og_locale":"hu_HU","og_type":"article","og_title":"Rekord\u00f6sszeggel t\u00e1mogatja a M\u00e1ltai Szeretetszolg\u00e1latot az OMV Hung\u00e1ria","og_description":"Egy h\u00f3nap alatt t\u00f6bb mint 8 milli\u00f3 forint adom\u00e1ny gy\u0171lt \u00f6ssze a magyar aut\u00f3vezet\u0151k j\u00f3volt\u00e1b\u00f3l az OMV \u00e9s a M\u00e1ltai Szeretetszolg\u00e1lat k\u00f6z\u00f6s akci\u00f3j\u00e1ban. Az adom\u00e1ny k\u00f6zvetlen\u00fcl t\u00f6bb tucat, fogyat\u00e9kkal \u00e9l\u0151 fiatal t\u00e1boroz\u00e1s\u00e1t teszi lehet\u0151v\u00e9 j\u00f6v\u0151 ny\u00e1ron. Id\u00e9n is kiemelked\u0151 eredm\u00e9nnyel z\u00e1rult a Magyar M\u00e1ltai Szeretetszolg\u00e1lat \u00e9s az OMV Hung\u00e1ria \u00e9ves adom\u00e1nygy\u0171jt\u0151 akci\u00f3ja. A t\u00f6lt\u0151\u00e1llom\u00e1sh\u00e1l\u00f3zat v\u00e1s\u00e1rl\u00f3inak","og_url":"https:\/\/dorogimedence.hu\/index.php\/2025\/12\/23\/rekordosszeggel-tamogatja-a-maltai-szeretetszolgalatot-az-omv-hungaria\/","og_site_name":"Dorogi-medence Region\u00e1lis H\u00edrport\u00e1l","article_publisher":"https:\/\/www.facebook.com\/dorogimedence\/","article_published_time":"2025-12-23T13:37:14+00:00","og_image":[{"width":1920,"height":970,"url":"https:\/\/dorogimedence.hu\/wp-content\/uploads\/2025\/12\/omv-maltai.jpg","type":"image\/jpeg"}],"author":"dorogimedence.hu","twitter_card":"summary_large_image","twitter_misc":{"Szerz\u0151:":"dorogimedence.hu","Becs\u00fclt olvas\u00e1si id\u0151":"3 perc"},"schema":{"@context":"https:\/\/schema.org","@graph":[{"@type":"Article","@id":"https:\/\/dorogimedence.hu\/index.php\/2025\/12\/23\/rekordosszeggel-tamogatja-a-maltai-szeretetszolgalatot-az-omv-hungaria\/#article","isPartOf":{"@id":"https:\/\/dorogimedence.hu\/index.php\/2025\/12\/23\/rekordosszeggel-tamogatja-a-maltai-szeretetszolgalatot-az-omv-hungaria\/"},"author":{"name":"dorogimedence.hu","@id":"https:\/\/dorogimedence.hu\/#\/schema\/person\/ce6091eeb7e95ecdc87890d6aa8e0fd4"},"headline":"Rekord\u00f6sszeggel t\u00e1mogatja a M\u00e1ltai Szeretetszolg\u00e1latot az OMV Hung\u00e1ria","datePublished":"2025-12-23T13:37:14+00:00","mainEntityOfPage":{"@id":"https:\/\/dorogimedence.hu\/index.php\/2025\/12\/23\/rekordosszeggel-tamogatja-a-maltai-szeretetszolgalatot-az-omv-hungaria\/"},"wordCount":551,"publisher":{"@id":"https:\/\/dorogimedence.hu\/#organization"},"image":{"@id":"https:\/\/dorogimedence.hu\/index.php\/2025\/12\/23\/rekordosszeggel-tamogatja-a-maltai-szeretetszolgalatot-az-omv-hungaria\/#primaryimage"},"thumbnailUrl":"https:\/\/dorogimedence.hu\/wp-content\/uploads\/2025\/12\/omv-maltai.jpg","keywords":["adom\u00e1ny","kar\u00e1csony","Magyar M\u00e1ltai Szeretetszolg\u00e1lat","OMV"],"articleSection":["H\u00edrek","Sz\u00ednes"],"inLanguage":"hu"},{"@type":"WebPage","@id":"https:\/\/dorogimedence.hu\/index.php\/2025\/12\/23\/rekordosszeggel-tamogatja-a-maltai-szeretetszolgalatot-az-omv-hungaria\/","url":"https:\/\/dorogimedence.hu\/index.php\/2025\/12\/23\/rekordosszeggel-tamogatja-a-maltai-szeretetszolgalatot-az-omv-hungaria\/","name":"Rekord\u00f6sszeggel t\u00e1mogatja a M\u00e1ltai Szeretetszolg\u00e1latot az OMV Hung\u00e1ria","isPartOf":{"@id":"https:\/\/dorogimedence.hu\/#website"},"primaryImageOfPage":{"@id":"https:\/\/dorogimedence.hu\/index.php\/2025\/12\/23\/rekordosszeggel-tamogatja-a-maltai-szeretetszolgalatot-az-omv-hungaria\/#primaryimage"},"image":{"@id":"https:\/\/dorogimedence.hu\/index.php\/2025\/12\/23\/rekordosszeggel-tamogatja-a-maltai-szeretetszolgalatot-az-omv-hungaria\/#primaryimage"},"thumbnailUrl":"https:\/\/dorogimedence.hu\/wp-content\/uploads\/2025\/12\/omv-maltai.jpg","datePublished":"2025-12-23T13:37:14+00:00","breadcrumb":{"@id":"https:\/\/dorogimedence.hu\/index.php\/2025\/12\/23\/rekordosszeggel-tamogatja-a-maltai-szeretetszolgalatot-az-omv-hungaria\/#breadcrumb"},"inLanguage":"hu","potentialAction":[{"@type":"ReadAction","target":["https:\/\/dorogimedence.hu\/index.php\/2025\/12\/23\/rekordosszeggel-tamogatja-a-maltai-szeretetszolgalatot-az-omv-hungaria\/"]}]},{"@type":"ImageObject","inLanguage":"hu","@id":"https:\/\/dorogimedence.hu\/index.php\/2025\/12\/23\/rekordosszeggel-tamogatja-a-maltai-szeretetszolgalatot-az-omv-hungaria\/#primaryimage","url":"https:\/\/dorogimedence.hu\/wp-content\/uploads\/2025\/12\/omv-maltai.jpg","contentUrl":"https:\/\/dorogimedence.hu\/wp-content\/uploads\/2025\/12\/omv-maltai.jpg","width":1920,"height":970},{"@type":"BreadcrumbList","@id":"https:\/\/dorogimedence.hu\/index.php\/2025\/12\/23\/rekordosszeggel-tamogatja-a-maltai-szeretetszolgalatot-az-omv-hungaria\/#breadcrumb","itemListElement":[{"@type":"ListItem","position":1,"name":"Kezd\u0151lap","item":"https:\/\/dorogimedence.hu\/"},{"@type":"ListItem","position":2,"name":"Rekord\u00f6sszeggel t\u00e1mogatja a M\u00e1ltai Szeretetszolg\u00e1latot az OMV Hung\u00e1ria"}]},{"@type":"WebSite","@id":"https:\/\/dorogimedence.hu\/#website","url":"https:\/\/dorogimedence.hu\/","name":"Dorogi-medence Region\u00e1lis H\u00edrport\u00e1l","description":"Dorog, Keszt\u00f6lc, Le\u00e1nyv\u00e1r, Piliscs\u00e9v, Tokod, Tokodalt\u00e1r\u00f3, Csolnok, Esztergom-kertv\u00e1ros: h\u00edrek, programok","publisher":{"@id":"https:\/\/dorogimedence.hu\/#organization"},"potentialAction":[{"@type":"SearchAction","target":{"@type":"EntryPoint","urlTemplate":"https:\/\/dorogimedence.hu\/?s={search_term_string}"},"query-input":{"@type":"PropertyValueSpecification","valueRequired":true,"valueName":"search_term_string"}}],"inLanguage":"hu"},{"@type":"Organization","@id":"https:\/\/dorogimedence.hu\/#organization","name":"Dorogi-medence Region\u00e1lis H\u00edrport\u00e1l","url":"https:\/\/dorogimedence.hu\/","logo":{"@type":"ImageObject","inLanguage":"hu","@id":"https:\/\/dorogimedence.hu\/#\/schema\/logo\/image\/","url":"https:\/\/dorogimedence.hu\/wp-content\/uploads\/2021\/04\/logo-feher-600.png","contentUrl":"https:\/\/dorogimedence.hu\/wp-content\/uploads\/2021\/04\/logo-feher-600.png","width":600,"height":100,"caption":"Dorogi-medence Region\u00e1lis H\u00edrport\u00e1l"},"image":{"@id":"https:\/\/dorogimedence.hu\/#\/schema\/logo\/image\/"},"sameAs":["https:\/\/www.facebook.com\/dorogimedence\/"]},{"@type":"Person","@id":"https:\/\/dorogimedence.hu\/#\/schema\/person\/ce6091eeb7e95ecdc87890d6aa8e0fd4","name":"dorogimedence.hu","image":{"@type":"ImageObject","inLanguage":"hu","@id":"\/\/www.gravatar.com\/avatar\/d8d45f8901aadff40a4af72c0b826f1d?s=96&#038;r=g&#038;d=mm","url":"\/\/www.gravatar.com\/avatar\/d8d45f8901aadff40a4af72c0b826f1d?s=96&#038;r=g&#038;d=mm","contentUrl":"\/\/www.gravatar.com\/avatar\/d8d45f8901aadff40a4af72c0b826f1d?s=96&#038;r=g&#038;d=mm","caption":"dorogimedence.hu"}}]}},"_links":{"self":[{"href":"https:\/\/dorogimedence.hu\/index.php\/wp-json\/wp\/v2\/posts\/76642","targetHints":{"allow":["GET"]}}],"collection":[{"href":"https:\/\/dorogimedence.hu\/index.php\/wp-json\/wp\/v2\/posts"}],"about":[{"href":"https:\/\/dorogimedence.hu\/index.php\/wp-json\/wp\/v2\/types\/post"}],"author":[{"embeddable":true,"href":"https:\/\/dorogimedence.hu\/index.php\/wp-json\/wp\/v2\/users\/1"}],"replies":[{"embeddable":true,"href":"https:\/\/dorogimedence.hu\/index.php\/wp-json\/wp\/v2\/comments?post=76642"}],"version-history":[{"count":0,"href":"https:\/\/dorogimedence.hu\/index.php\/wp-json\/wp\/v2\/posts\/76642\/revisions"}],"wp:featuredmedia":[{"embeddable":true,"href":"https:\/\/dorogimedence.hu\/index.php\/wp-json\/wp\/v2\/media\/76643"}],"wp:attachment":[{"href":"https:\/\/dorogimedence.hu\/index.php\/wp-json\/wp\/v2\/media?parent=76642"}],"wp:term":[{"taxonomy":"category","embeddable":true,"href":"https:\/\/dorogimedence.hu\/index.php\/wp-json\/wp\/v2\/categories?post=76642"},{"taxonomy":"post_tag","embeddable":true,"href":"https:\/\/dorogimedence.hu\/index.php\/wp-json\/wp\/v2\/tags?post=76642"}],"curies":[{"name":"wp","href":"https:\/\/api.w.org\/{rel}","templated":true}]}}