{"id":76619,"date":"2025-12-22T11:22:31","date_gmt":"2025-12-22T10:22:31","guid":{"rendered":"https:\/\/dorogimedence.hu\/?p=76619"},"modified":"2025-12-22T11:22:31","modified_gmt":"2025-12-22T10:22:31","slug":"olajos-magvakat-szaritott-gyumolcsoket-es-szaloncukrokat-ellenorzott-a-fogyasztovedelem","status":"publish","type":"post","link":"https:\/\/dorogimedence.hu\/index.php\/2025\/12\/22\/olajos-magvakat-szaritott-gyumolcsoket-es-szaloncukrokat-ellenorzott-a-fogyasztovedelem\/","title":{"rendered":"Olajos magvakat, sz\u00e1r\u00edtott gy\u00fcm\u00f6lcs\u00f6ket \u00e9s szaloncukrokat ellen\u0151rz\u00f6tt a fogyaszt\u00f3v\u00e9delem"},"content":{"rendered":"<div id=\"2311\" class=\"mb-6 relative pl-4 text-text\/neutral\/subtle text-lg font-medium italic before:absolute before:left-0 before:border-l-[3px] before:border-brand\/1000 before:h-full\">\n<p class=\"mb-6\"><strong>A Nemzeti Kereskedelmi \u00e9s Fogyaszt\u00f3v\u00e9delmi Hat\u00f3s\u00e1g (NKFH) \u00e9s a szakmai ir\u00e1ny\u00edt\u00e1sa alatt \u00e1ll\u00f3 korm\u00e1nyhivatalok vend\u00e9gl\u00e1t\u00f3helyeket \u00e9s aszalt gy\u00fcm\u00f6lcs\u00f6ket, olajos magvakat, szaloncukrokat \u00e9s h\u00e9jas gy\u00fcm\u00f6lcs\u00f6ket \u00e1rus\u00edt\u00f3 kar\u00e1csonyi v\u00e1s\u00e1rokat, piacokat, v\u00e1s\u00e1rcsarnokokat \u00e9s boltokat ellen\u0151riztek az adventi id\u0151szakban. A szaloncukrokn\u00e1l \u00e9s olajos magvakn\u00e1l minden tizedik ellen\u0151rz\u00f6tt term\u00e9k eset\u00e9ben tal\u00e1ltak valamilyen hi\u00e1nyoss\u00e1got, \u00edgy t\u00f6bbek k\u00f6z\u00f6tt a term\u00e9k \u00f6sszet\u00e9tel\u00e9re \u00e9s sz\u00e1rmaz\u00e1s\u00e1ra vonatkoz\u00f3 t\u00e1j\u00e9koztat\u00e1si, valamint nyomonk\u00f6vet\u00e9si probl\u00e9m\u00e1k mer\u00fcltek fel. Ek\u00f6zben a kar\u00e1csonyi v\u00e1s\u00e1rok vend\u00e9gl\u00e1t\u00f3helyeit is vizsg\u00e1lta a hat\u00f3s\u00e1g, amelyek k\u00f6z\u00fcl 6 egys\u00e9g ideiglenes bez\u00e1r\u00e1s\u00e1ra vagy a tev\u00e9kenys\u00e9g korl\u00e1toz\u00e1s\u00e1ra ker\u00fclt sor higi\u00e9niai probl\u00e9m\u00e1k miatt.<\/strong><\/p>\n<\/div>\n<div id=\"7357\" class=\"text-text\/neutral\/strong font-medium mb-6\">\n<p class=\"mb-6\">Az adventi ellen\u0151rz\u00e9sek sor\u00e1n k\u00f6zel 400 forgalmaz\u00f3 egys\u00e9gben megk\u00f6zel\u00edt\u0151leg 1400 t\u00e9tel l\u00e9dig olajos magvat, sz\u00e1r\u00edtott gy\u00fcm\u00f6lcs\u00f6t \u00e9s szaloncukrot vizsg\u00e1ltak meg abb\u00f3l a szempontb\u00f3l, hogy megfelelnek-e a forgalmaz\u00e1sra vonatkoz\u00f3 el\u0151\u00edr\u00e1soknak. Az eredm\u00e9nyek alapj\u00e1n minden tizedik ellen\u0151rz\u00f6tt term\u00e9k eset\u00e9ben tal\u00e1ltak valamilyen hi\u00e1nyoss\u00e1got. Leggyakrabban a term\u00e9kek sz\u00e1rmaz\u00e1s\u00e1ra \u00e9s \u00f6sszet\u00e9tel\u00e9re vonatkoz\u00f3 fogyaszt\u00f3i t\u00e1j\u00e9koztat\u00e1s volt hi\u00e1nyos, illetve t\u00f6bb esetben nyomonk\u00f6vet\u00e9si probl\u00e9m\u00e1kat is felt\u00e1rtak. Higi\u00e9niai \u00e9s \u00e9lelmiszer-biztons\u00e1gi hi\u00e1nyoss\u00e1g csak alacsony ar\u00e1nyban fordult el\u0151, pen\u00e9szes, romlott vagy k\u00e1rtev\u0151vel szennyezett term\u00e9ket csup\u00e1n elv\u00e9tve tal\u00e1ltak a szakemberek.<\/p>\n<p class=\"mb-6\">A hat\u00f3s\u00e1g szakemberei k\u00f6zel 1,6 milli\u00f3 forint b\u00edrs\u00e1got szabtak ki, a tov\u00e1bbi b\u00edrs\u00e1gok \u00f6sszege el\u00e9rheti ak\u00e1r a 3 milli\u00f3 forintot is. A tapasztalatok szerint a legbiztons\u00e1gosabb v\u00e1s\u00e1rl\u00e1si helysz\u00ednek a rendszeresen ellen\u0151rz\u00f6tt kiskereskedelmi egys\u00e9gek \u00e9s csomagol\u00e1smentes boltok voltak. Az ideiglenes \u00e1rus\u00edt\u00f3 helyeken \u00e9s adventi v\u00e1s\u00e1rokban ar\u00e1nyaiban t\u00f6bb hi\u00e1nyoss\u00e1got t\u00e1rtak fel.<\/p>\n<\/div>\n<div id=\"7358\" class=\"text-text\/neutral\/strong font-medium mb-6\">\n<p class=\"mb-6\">Az NKFH akkredit\u00e1lt \u00c9lelmiszer \u00e9s Vegyipari laborat\u00f3riuma ezen fel\u00fcl m\u00e1rtott \u00e9s t\u00f6lt\u00f6tt szaloncukrokat vizsg\u00e1lt, hogy kisz\u0171rje a kereskedelmi forgalomban kaphat\u00f3, a fogyaszt\u00f3kat megt\u00e9veszt\u0151 term\u00e9keket. A laborat\u00f3riumi vizsg\u00e1latok sor\u00e1n a term\u00e9kek c\u00edmk\u00e9j\u00e9n szerepl\u0151 jel\u00f6l\u00e9sek megfelel\u0151s\u00e9g\u00e9t ellen\u0151rizte a hat\u00f3s\u00e1g a nett\u00f3 t\u00f6meg, a bevonatar\u00e1ny, a zs\u00edrtartalom \u00e9s a cukortartalom tekintet\u00e9ben. Az \u00f6sszesen megvizsg\u00e1lt 20 f\u00e9le (12 f\u00e9le m\u00e1rtott \u00e9s 8 f\u00e9le t\u00f6lt\u00f6tt) szaloncukor bevonatar\u00e1nya minden esetben meghaladta az el\u0151\u00edrt minim\u00e1lis m\u00e9rt\u00e9ket.<\/p>\n<p class=\"mb-6\">Az NKFH \u00e9s a korm\u00e1nyhivatalok munkat\u00e1rsai emellett orsz\u00e1gosan vizsg\u00e1lt\u00e1k a h\u00e9jas gy\u00fcm\u00f6lcs\u00f6k forgalmaz\u00e1s\u00e1t is, ahol mintegy 5%-os kifog\u00e1sol\u00e1si ar\u00e1ny ker\u00fclt meg\u00e1llap\u00edt\u00e1sra. A hi\u00e1nyoss\u00e1gok fele jel\u00f6l\u00e9si, fele nyomonk\u00f6vet\u00e9si probl\u00e9m\u00e1khoz kapcsol\u00f3dott. Az int\u00e9zked\u00e9sek eredm\u00e9nyek\u00e9nt t\u00f6bb mint 2 milli\u00f3 forint b\u00edrs\u00e1got szabtak ki. A felt\u00e1rt szab\u00e1lytalans\u00e1gok miatt az ellen\u0151r\u00f6k 19 esetben szabtak ki b\u00edrs\u00e1got, amelyek \u00f6sszege \u00f6sszess\u00e9g\u00e9ben meghaladta a 2 milli\u00f3 forintot.<\/p>\n<\/div>\n<div id=\"7359\" class=\"text-text\/neutral\/strong font-medium mb-6\">\n<p class=\"mb-6\">Ugyancsak vizsg\u00e1lt\u00e1k a szakemberek a kar\u00e1csonyi v\u00e1s\u00e1rok vend\u00e9gl\u00e1t\u00f3 egys\u00e9geit is. A 176 ellen\u0151rz\u00e9s k\u00f6z\u00fcl 6 esetben volt sz\u00fcks\u00e9g a tev\u00e9kenys\u00e9g korl\u00e1toz\u00e1s\u00e1ra vagy a vend\u00e9gl\u00e1t\u00f3 egys\u00e9g m\u0171k\u00f6d\u00e9s\u00e9nek ideiglenes felf\u00fcggeszt\u00e9s\u00e9re, mivel az \u00e9rintett egys\u00e9gekben nem voltak adottak a z\u00f6lds\u00e9gel\u0151k\u00e9sz\u00edt\u00e9s higi\u00e9nikus felt\u00e9telei.<\/p>\n<p class=\"mb-6\">T\u00f6bb v\u00e1s\u00e1r eset\u00e9ben probl\u00e9m\u00e1t jelentett a v\u00edzell\u00e1t\u00e1s \u00e9s a szennyv\u00edz megfelel\u0151 kezel\u00e9se is. El\u0151fordult, hogy a helysz\u00ednen nem biztos\u00edtottak v\u00edzv\u00e9teli lehet\u0151s\u00e9get, \u00e9s a v\u00e1llalkoz\u00e1sok sem k\u00e9sz\u00fcltek fel erre. Nem \u00e1llt rendelkez\u00e9sre foly\u00f3 meleg v\u00edz a k\u00e9zmos\u00e1shoz, valamint a szennyv\u00edz elvezet\u00e9se nem z\u00e1rt rendszerben t\u00f6rt\u00e9nt. Tov\u00e1bbi hi\u00e1nyoss\u00e1gk\u00e9nt a k\u00e9sz\u00e9teleket nem mindig tartott\u00e1k megfelel\u0151 h\u0151m\u00e9rs\u00e9kleten, illetve az \u00fajrameleg\u00edt\u00e9s felt\u00e9telei nem mindenhol voltak biztos\u00edtottak.<\/p>\n<p class=\"mb-6\">Az ellen\u0151rz\u00e9sek eredm\u00e9nyek\u00e9nt eddig \u00f6sszesen 5.105.000 forint \u00e9lelmiszer ellen\u0151rz\u00e9si \u00e9s \u00e9lelmiszerl\u00e1nc-fel\u00fcgyeleti b\u00edrs\u00e1g ker\u00fclt kiszab\u00e1sra.<\/p>\n<\/div>\n<div id=\"7360\" class=\"text-text\/neutral\/strong font-medium mb-6\">\n<p class=\"mb-6\">A kar\u00e1csonyi v\u00e1s\u00e1rok \u00e9s a bev\u00e1s\u00e1rl\u00f3k\u00f6zpontok mellett az NKFH a Liszt Ferenc Nemzetk\u00f6zi Rep\u00fcl\u0151t\u00e9ren, valamint a nagy n\u00e9pszer\u0171s\u00e9gnek \u00f6rvend\u0151 sz\u00f3rakoz\u00f3helyeken is folyamatos \u00e9lelmiszer-biztons\u00e1gi \u00e9s higi\u00e9niai ellen\u0151rz\u00e9seket v\u00e9gez a fogyaszt\u00f3k v\u00e9delme \u00e9rdek\u00e9ben, hogy az \u00fcnnepek biztons\u00e1gban teljenek. A kar\u00e1csonyi id\u0151szakban a hat\u00f3s\u00e1g mindenhol jelen van, hogy a v\u00e1s\u00e1rl\u00f3k mindig megb\u00edzhat\u00f3 \u00e9s kifog\u00e1stalan min\u0151s\u00e9g\u0171 \u00e9lelmiszerekhez jussanak.<\/p>\n<p><em>Forr\u00e1s: NKFH<br \/>\nBor\u00edt\u00f3k\u00e9p: illusztr\u00e1ci\u00f3 (freepik.com)<\/em><\/p>\n<\/div>\n","protected":false},"excerpt":{"rendered":"<p>A Nemzeti Kereskedelmi \u00e9s Fogyaszt\u00f3v\u00e9delmi Hat\u00f3s\u00e1g (NKFH) \u00e9s a szakmai ir\u00e1ny\u00edt\u00e1sa alatt \u00e1ll\u00f3 korm\u00e1nyhivatalok vend\u00e9gl\u00e1t\u00f3helyeket \u00e9s aszalt gy\u00fcm\u00f6lcs\u00f6ket, olajos magvakat, szaloncukrokat \u00e9s h\u00e9jas gy\u00fcm\u00f6lcs\u00f6ket \u00e1rus\u00edt\u00f3 kar\u00e1csonyi v\u00e1s\u00e1rokat, piacokat, v\u00e1s\u00e1rcsarnokokat \u00e9s boltokat ellen\u0151riztek az adventi id\u0151szakban. A szaloncukrokn\u00e1l \u00e9s olajos magvakn\u00e1l minden tizedik ellen\u0151rz\u00f6tt term\u00e9k eset\u00e9ben tal\u00e1ltak valamilyen hi\u00e1nyoss\u00e1got, \u00edgy t\u00f6bbek k\u00f6z\u00f6tt a term\u00e9k \u00f6sszet\u00e9tel\u00e9re \u00e9s<\/p>\n","protected":false},"author":1,"featured_media":76620,"comment_status":"closed","ping_status":"closed","sticky":false,"template":"","format":"standard","meta":{"ngg_post_thumbnail":0,"footnotes":""},"categories":[6934,3],"tags":[515,8210],"class_list":{"0":"post-76619","1":"post","2":"type-post","3":"status-publish","4":"format-standard","5":"has-post-thumbnail","7":"category-belfold","8":"category-hirek","9":"tag-ellenorzes","10":"tag-nkfh"},"yoast_head":"<!-- This site is optimized with the Yoast SEO plugin v27.4 - https:\/\/yoast.com\/product\/yoast-seo-wordpress\/ -->\n<title>Olajos magvakat, sz\u00e1r\u00edtott gy\u00fcm\u00f6lcs\u00f6ket \u00e9s szaloncukrokat ellen\u0151rz\u00f6tt a fogyaszt\u00f3v\u00e9delem<\/title>\n<meta name=\"robots\" content=\"index, follow, max-snippet:-1, max-image-preview:large, max-video-preview:-1\" \/>\n<link rel=\"canonical\" href=\"https:\/\/dorogimedence.hu\/index.php\/2025\/12\/22\/olajos-magvakat-szaritott-gyumolcsoket-es-szaloncukrokat-ellenorzott-a-fogyasztovedelem\/\" class=\"yoast-seo-meta-tag\" \/>\n<meta property=\"og:locale\" content=\"hu_HU\" class=\"yoast-seo-meta-tag\" \/>\n<meta property=\"og:type\" content=\"article\" class=\"yoast-seo-meta-tag\" \/>\n<meta property=\"og:title\" content=\"Olajos magvakat, sz\u00e1r\u00edtott gy\u00fcm\u00f6lcs\u00f6ket \u00e9s szaloncukrokat ellen\u0151rz\u00f6tt a fogyaszt\u00f3v\u00e9delem\" class=\"yoast-seo-meta-tag\" \/>\n<meta property=\"og:description\" content=\"A Nemzeti Kereskedelmi \u00e9s Fogyaszt\u00f3v\u00e9delmi Hat\u00f3s\u00e1g (NKFH) \u00e9s a szakmai ir\u00e1ny\u00edt\u00e1sa alatt \u00e1ll\u00f3 korm\u00e1nyhivatalok vend\u00e9gl\u00e1t\u00f3helyeket \u00e9s aszalt gy\u00fcm\u00f6lcs\u00f6ket, olajos magvakat, szaloncukrokat \u00e9s h\u00e9jas gy\u00fcm\u00f6lcs\u00f6ket \u00e1rus\u00edt\u00f3 kar\u00e1csonyi v\u00e1s\u00e1rokat, piacokat, v\u00e1s\u00e1rcsarnokokat \u00e9s boltokat ellen\u0151riztek az adventi id\u0151szakban. A szaloncukrokn\u00e1l \u00e9s olajos magvakn\u00e1l minden tizedik ellen\u0151rz\u00f6tt term\u00e9k eset\u00e9ben tal\u00e1ltak valamilyen hi\u00e1nyoss\u00e1got, \u00edgy t\u00f6bbek k\u00f6z\u00f6tt a term\u00e9k \u00f6sszet\u00e9tel\u00e9re \u00e9s\" class=\"yoast-seo-meta-tag\" \/>\n<meta property=\"og:url\" content=\"https:\/\/dorogimedence.hu\/index.php\/2025\/12\/22\/olajos-magvakat-szaritott-gyumolcsoket-es-szaloncukrokat-ellenorzott-a-fogyasztovedelem\/\" class=\"yoast-seo-meta-tag\" \/>\n<meta property=\"og:site_name\" content=\"Dorogi-medence Region\u00e1lis H\u00edrport\u00e1l\" class=\"yoast-seo-meta-tag\" \/>\n<meta property=\"article:publisher\" content=\"https:\/\/www.facebook.com\/dorogimedence\/\" class=\"yoast-seo-meta-tag\" \/>\n<meta property=\"article:published_time\" content=\"2025-12-22T10:22:31+00:00\" class=\"yoast-seo-meta-tag\" \/>\n<meta property=\"og:image\" content=\"https:\/\/dorogimedence.hu\/wp-content\/uploads\/2025\/12\/61210.jpg\" class=\"yoast-seo-meta-tag\" \/>\n\t<meta property=\"og:image:width\" content=\"755\" class=\"yoast-seo-meta-tag\" \/>\n\t<meta property=\"og:image:height\" content=\"503\" class=\"yoast-seo-meta-tag\" \/>\n\t<meta property=\"og:image:type\" content=\"image\/jpeg\" class=\"yoast-seo-meta-tag\" \/>\n<meta name=\"author\" content=\"dorogimedence.hu\" class=\"yoast-seo-meta-tag\" \/>\n<meta name=\"twitter:card\" content=\"summary_large_image\" class=\"yoast-seo-meta-tag\" \/>\n<meta name=\"twitter:label1\" content=\"Szerz\u0151:\" class=\"yoast-seo-meta-tag\" \/>\n\t<meta name=\"twitter:data1\" content=\"dorogimedence.hu\" class=\"yoast-seo-meta-tag\" \/>\n\t<meta name=\"twitter:label2\" content=\"Becs\u00fclt olvas\u00e1si id\u0151\" class=\"yoast-seo-meta-tag\" \/>\n\t<meta name=\"twitter:data2\" content=\"4 perc\" class=\"yoast-seo-meta-tag\" \/>\n<script type=\"application\/ld+json\" class=\"yoast-schema-graph\">{\"@context\":\"https:\\\/\\\/schema.org\",\"@graph\":[{\"@type\":\"Article\",\"@id\":\"https:\\\/\\\/dorogimedence.hu\\\/index.php\\\/2025\\\/12\\\/22\\\/olajos-magvakat-szaritott-gyumolcsoket-es-szaloncukrokat-ellenorzott-a-fogyasztovedelem\\\/#article\",\"isPartOf\":{\"@id\":\"https:\\\/\\\/dorogimedence.hu\\\/index.php\\\/2025\\\/12\\\/22\\\/olajos-magvakat-szaritott-gyumolcsoket-es-szaloncukrokat-ellenorzott-a-fogyasztovedelem\\\/\"},\"author\":{\"name\":\"dorogimedence.hu\",\"@id\":\"https:\\\/\\\/dorogimedence.hu\\\/#\\\/schema\\\/person\\\/ce6091eeb7e95ecdc87890d6aa8e0fd4\"},\"headline\":\"Olajos magvakat, sz\u00e1r\u00edtott gy\u00fcm\u00f6lcs\u00f6ket \u00e9s szaloncukrokat ellen\u0151rz\u00f6tt a fogyaszt\u00f3v\u00e9delem\",\"datePublished\":\"2025-12-22T10:22:31+00:00\",\"mainEntityOfPage\":{\"@id\":\"https:\\\/\\\/dorogimedence.hu\\\/index.php\\\/2025\\\/12\\\/22\\\/olajos-magvakat-szaritott-gyumolcsoket-es-szaloncukrokat-ellenorzott-a-fogyasztovedelem\\\/\"},\"wordCount\":904,\"publisher\":{\"@id\":\"https:\\\/\\\/dorogimedence.hu\\\/#organization\"},\"image\":{\"@id\":\"https:\\\/\\\/dorogimedence.hu\\\/index.php\\\/2025\\\/12\\\/22\\\/olajos-magvakat-szaritott-gyumolcsoket-es-szaloncukrokat-ellenorzott-a-fogyasztovedelem\\\/#primaryimage\"},\"thumbnailUrl\":\"https:\\\/\\\/dorogimedence.hu\\\/wp-content\\\/uploads\\\/2025\\\/12\\\/61210.jpg\",\"keywords\":[\"ellen\u0151rz\u00e9s\",\"NKFH\"],\"articleSection\":[\"Belf\u00f6ld, Gazdas\u00e1g\",\"H\u00edrek\"],\"inLanguage\":\"hu\"},{\"@type\":\"WebPage\",\"@id\":\"https:\\\/\\\/dorogimedence.hu\\\/index.php\\\/2025\\\/12\\\/22\\\/olajos-magvakat-szaritott-gyumolcsoket-es-szaloncukrokat-ellenorzott-a-fogyasztovedelem\\\/\",\"url\":\"https:\\\/\\\/dorogimedence.hu\\\/index.php\\\/2025\\\/12\\\/22\\\/olajos-magvakat-szaritott-gyumolcsoket-es-szaloncukrokat-ellenorzott-a-fogyasztovedelem\\\/\",\"name\":\"Olajos magvakat, sz\u00e1r\u00edtott gy\u00fcm\u00f6lcs\u00f6ket \u00e9s szaloncukrokat ellen\u0151rz\u00f6tt a fogyaszt\u00f3v\u00e9delem\",\"isPartOf\":{\"@id\":\"https:\\\/\\\/dorogimedence.hu\\\/#website\"},\"primaryImageOfPage\":{\"@id\":\"https:\\\/\\\/dorogimedence.hu\\\/index.php\\\/2025\\\/12\\\/22\\\/olajos-magvakat-szaritott-gyumolcsoket-es-szaloncukrokat-ellenorzott-a-fogyasztovedelem\\\/#primaryimage\"},\"image\":{\"@id\":\"https:\\\/\\\/dorogimedence.hu\\\/index.php\\\/2025\\\/12\\\/22\\\/olajos-magvakat-szaritott-gyumolcsoket-es-szaloncukrokat-ellenorzott-a-fogyasztovedelem\\\/#primaryimage\"},\"thumbnailUrl\":\"https:\\\/\\\/dorogimedence.hu\\\/wp-content\\\/uploads\\\/2025\\\/12\\\/61210.jpg\",\"datePublished\":\"2025-12-22T10:22:31+00:00\",\"breadcrumb\":{\"@id\":\"https:\\\/\\\/dorogimedence.hu\\\/index.php\\\/2025\\\/12\\\/22\\\/olajos-magvakat-szaritott-gyumolcsoket-es-szaloncukrokat-ellenorzott-a-fogyasztovedelem\\\/#breadcrumb\"},\"inLanguage\":\"hu\",\"potentialAction\":[{\"@type\":\"ReadAction\",\"target\":[\"https:\\\/\\\/dorogimedence.hu\\\/index.php\\\/2025\\\/12\\\/22\\\/olajos-magvakat-szaritott-gyumolcsoket-es-szaloncukrokat-ellenorzott-a-fogyasztovedelem\\\/\"]}]},{\"@type\":\"ImageObject\",\"inLanguage\":\"hu\",\"@id\":\"https:\\\/\\\/dorogimedence.hu\\\/index.php\\\/2025\\\/12\\\/22\\\/olajos-magvakat-szaritott-gyumolcsoket-es-szaloncukrokat-ellenorzott-a-fogyasztovedelem\\\/#primaryimage\",\"url\":\"https:\\\/\\\/dorogimedence.hu\\\/wp-content\\\/uploads\\\/2025\\\/12\\\/61210.jpg\",\"contentUrl\":\"https:\\\/\\\/dorogimedence.hu\\\/wp-content\\\/uploads\\\/2025\\\/12\\\/61210.jpg\",\"width\":1500,\"height\":1000},{\"@type\":\"BreadcrumbList\",\"@id\":\"https:\\\/\\\/dorogimedence.hu\\\/index.php\\\/2025\\\/12\\\/22\\\/olajos-magvakat-szaritott-gyumolcsoket-es-szaloncukrokat-ellenorzott-a-fogyasztovedelem\\\/#breadcrumb\",\"itemListElement\":[{\"@type\":\"ListItem\",\"position\":1,\"name\":\"Kezd\u0151lap\",\"item\":\"https:\\\/\\\/dorogimedence.hu\\\/\"},{\"@type\":\"ListItem\",\"position\":2,\"name\":\"Olajos magvakat, sz\u00e1r\u00edtott gy\u00fcm\u00f6lcs\u00f6ket \u00e9s szaloncukrokat ellen\u0151rz\u00f6tt a fogyaszt\u00f3v\u00e9delem\"}]},{\"@type\":\"WebSite\",\"@id\":\"https:\\\/\\\/dorogimedence.hu\\\/#website\",\"url\":\"https:\\\/\\\/dorogimedence.hu\\\/\",\"name\":\"Dorogi-medence Region\u00e1lis H\u00edrport\u00e1l\",\"description\":\"Dorog, Keszt\u00f6lc, Le\u00e1nyv\u00e1r, Piliscs\u00e9v, Tokod, Tokodalt\u00e1r\u00f3, Csolnok, Esztergom-kertv\u00e1ros: h\u00edrek, programok\",\"publisher\":{\"@id\":\"https:\\\/\\\/dorogimedence.hu\\\/#organization\"},\"potentialAction\":[{\"@type\":\"SearchAction\",\"target\":{\"@type\":\"EntryPoint\",\"urlTemplate\":\"https:\\\/\\\/dorogimedence.hu\\\/?s={search_term_string}\"},\"query-input\":{\"@type\":\"PropertyValueSpecification\",\"valueRequired\":true,\"valueName\":\"search_term_string\"}}],\"inLanguage\":\"hu\"},{\"@type\":\"Organization\",\"@id\":\"https:\\\/\\\/dorogimedence.hu\\\/#organization\",\"name\":\"Dorogi-medence Region\u00e1lis H\u00edrport\u00e1l\",\"url\":\"https:\\\/\\\/dorogimedence.hu\\\/\",\"logo\":{\"@type\":\"ImageObject\",\"inLanguage\":\"hu\",\"@id\":\"https:\\\/\\\/dorogimedence.hu\\\/#\\\/schema\\\/logo\\\/image\\\/\",\"url\":\"https:\\\/\\\/dorogimedence.hu\\\/wp-content\\\/uploads\\\/2021\\\/04\\\/logo-feher-600.png\",\"contentUrl\":\"https:\\\/\\\/dorogimedence.hu\\\/wp-content\\\/uploads\\\/2021\\\/04\\\/logo-feher-600.png\",\"width\":600,\"height\":100,\"caption\":\"Dorogi-medence Region\u00e1lis H\u00edrport\u00e1l\"},\"image\":{\"@id\":\"https:\\\/\\\/dorogimedence.hu\\\/#\\\/schema\\\/logo\\\/image\\\/\"},\"sameAs\":[\"https:\\\/\\\/www.facebook.com\\\/dorogimedence\\\/\"]},{\"@type\":\"Person\",\"@id\":\"https:\\\/\\\/dorogimedence.hu\\\/#\\\/schema\\\/person\\\/ce6091eeb7e95ecdc87890d6aa8e0fd4\",\"name\":\"dorogimedence.hu\",\"image\":{\"@type\":\"ImageObject\",\"inLanguage\":\"hu\",\"@id\":\"\\\/\\\/www.gravatar.com\\\/avatar\\\/d8d45f8901aadff40a4af72c0b826f1d?s=96&#038;r=g&#038;d=mm\",\"url\":\"\\\/\\\/www.gravatar.com\\\/avatar\\\/d8d45f8901aadff40a4af72c0b826f1d?s=96&#038;r=g&#038;d=mm\",\"contentUrl\":\"\\\/\\\/www.gravatar.com\\\/avatar\\\/d8d45f8901aadff40a4af72c0b826f1d?s=96&#038;r=g&#038;d=mm\",\"caption\":\"dorogimedence.hu\"}}]}<\/script>\n<!-- \/ Yoast SEO plugin. -->","yoast_head_json":{"title":"Olajos magvakat, sz\u00e1r\u00edtott gy\u00fcm\u00f6lcs\u00f6ket \u00e9s szaloncukrokat ellen\u0151rz\u00f6tt a fogyaszt\u00f3v\u00e9delem","robots":{"index":"index","follow":"follow","max-snippet":"max-snippet:-1","max-image-preview":"max-image-preview:large","max-video-preview":"max-video-preview:-1"},"canonical":"https:\/\/dorogimedence.hu\/index.php\/2025\/12\/22\/olajos-magvakat-szaritott-gyumolcsoket-es-szaloncukrokat-ellenorzott-a-fogyasztovedelem\/","og_locale":"hu_HU","og_type":"article","og_title":"Olajos magvakat, sz\u00e1r\u00edtott gy\u00fcm\u00f6lcs\u00f6ket \u00e9s szaloncukrokat ellen\u0151rz\u00f6tt a fogyaszt\u00f3v\u00e9delem","og_description":"A Nemzeti Kereskedelmi \u00e9s Fogyaszt\u00f3v\u00e9delmi Hat\u00f3s\u00e1g (NKFH) \u00e9s a szakmai ir\u00e1ny\u00edt\u00e1sa alatt \u00e1ll\u00f3 korm\u00e1nyhivatalok vend\u00e9gl\u00e1t\u00f3helyeket \u00e9s aszalt gy\u00fcm\u00f6lcs\u00f6ket, olajos magvakat, szaloncukrokat \u00e9s h\u00e9jas gy\u00fcm\u00f6lcs\u00f6ket \u00e1rus\u00edt\u00f3 kar\u00e1csonyi v\u00e1s\u00e1rokat, piacokat, v\u00e1s\u00e1rcsarnokokat \u00e9s boltokat ellen\u0151riztek az adventi id\u0151szakban. A szaloncukrokn\u00e1l \u00e9s olajos magvakn\u00e1l minden tizedik ellen\u0151rz\u00f6tt term\u00e9k eset\u00e9ben tal\u00e1ltak valamilyen hi\u00e1nyoss\u00e1got, \u00edgy t\u00f6bbek k\u00f6z\u00f6tt a term\u00e9k \u00f6sszet\u00e9tel\u00e9re \u00e9s","og_url":"https:\/\/dorogimedence.hu\/index.php\/2025\/12\/22\/olajos-magvakat-szaritott-gyumolcsoket-es-szaloncukrokat-ellenorzott-a-fogyasztovedelem\/","og_site_name":"Dorogi-medence Region\u00e1lis H\u00edrport\u00e1l","article_publisher":"https:\/\/www.facebook.com\/dorogimedence\/","article_published_time":"2025-12-22T10:22:31+00:00","og_image":[{"url":"https:\/\/dorogimedence.hu\/wp-content\/uploads\/2025\/12\/61210.jpg","width":755,"height":503,"type":"image\/jpeg"}],"author":"dorogimedence.hu","twitter_card":"summary_large_image","twitter_misc":{"Szerz\u0151:":"dorogimedence.hu","Becs\u00fclt olvas\u00e1si id\u0151":"4 perc"},"schema":{"@context":"https:\/\/schema.org","@graph":[{"@type":"Article","@id":"https:\/\/dorogimedence.hu\/index.php\/2025\/12\/22\/olajos-magvakat-szaritott-gyumolcsoket-es-szaloncukrokat-ellenorzott-a-fogyasztovedelem\/#article","isPartOf":{"@id":"https:\/\/dorogimedence.hu\/index.php\/2025\/12\/22\/olajos-magvakat-szaritott-gyumolcsoket-es-szaloncukrokat-ellenorzott-a-fogyasztovedelem\/"},"author":{"name":"dorogimedence.hu","@id":"https:\/\/dorogimedence.hu\/#\/schema\/person\/ce6091eeb7e95ecdc87890d6aa8e0fd4"},"headline":"Olajos magvakat, sz\u00e1r\u00edtott gy\u00fcm\u00f6lcs\u00f6ket \u00e9s szaloncukrokat ellen\u0151rz\u00f6tt a fogyaszt\u00f3v\u00e9delem","datePublished":"2025-12-22T10:22:31+00:00","mainEntityOfPage":{"@id":"https:\/\/dorogimedence.hu\/index.php\/2025\/12\/22\/olajos-magvakat-szaritott-gyumolcsoket-es-szaloncukrokat-ellenorzott-a-fogyasztovedelem\/"},"wordCount":904,"publisher":{"@id":"https:\/\/dorogimedence.hu\/#organization"},"image":{"@id":"https:\/\/dorogimedence.hu\/index.php\/2025\/12\/22\/olajos-magvakat-szaritott-gyumolcsoket-es-szaloncukrokat-ellenorzott-a-fogyasztovedelem\/#primaryimage"},"thumbnailUrl":"https:\/\/dorogimedence.hu\/wp-content\/uploads\/2025\/12\/61210.jpg","keywords":["ellen\u0151rz\u00e9s","NKFH"],"articleSection":["Belf\u00f6ld, Gazdas\u00e1g","H\u00edrek"],"inLanguage":"hu"},{"@type":"WebPage","@id":"https:\/\/dorogimedence.hu\/index.php\/2025\/12\/22\/olajos-magvakat-szaritott-gyumolcsoket-es-szaloncukrokat-ellenorzott-a-fogyasztovedelem\/","url":"https:\/\/dorogimedence.hu\/index.php\/2025\/12\/22\/olajos-magvakat-szaritott-gyumolcsoket-es-szaloncukrokat-ellenorzott-a-fogyasztovedelem\/","name":"Olajos magvakat, sz\u00e1r\u00edtott gy\u00fcm\u00f6lcs\u00f6ket \u00e9s szaloncukrokat ellen\u0151rz\u00f6tt a fogyaszt\u00f3v\u00e9delem","isPartOf":{"@id":"https:\/\/dorogimedence.hu\/#website"},"primaryImageOfPage":{"@id":"https:\/\/dorogimedence.hu\/index.php\/2025\/12\/22\/olajos-magvakat-szaritott-gyumolcsoket-es-szaloncukrokat-ellenorzott-a-fogyasztovedelem\/#primaryimage"},"image":{"@id":"https:\/\/dorogimedence.hu\/index.php\/2025\/12\/22\/olajos-magvakat-szaritott-gyumolcsoket-es-szaloncukrokat-ellenorzott-a-fogyasztovedelem\/#primaryimage"},"thumbnailUrl":"https:\/\/dorogimedence.hu\/wp-content\/uploads\/2025\/12\/61210.jpg","datePublished":"2025-12-22T10:22:31+00:00","breadcrumb":{"@id":"https:\/\/dorogimedence.hu\/index.php\/2025\/12\/22\/olajos-magvakat-szaritott-gyumolcsoket-es-szaloncukrokat-ellenorzott-a-fogyasztovedelem\/#breadcrumb"},"inLanguage":"hu","potentialAction":[{"@type":"ReadAction","target":["https:\/\/dorogimedence.hu\/index.php\/2025\/12\/22\/olajos-magvakat-szaritott-gyumolcsoket-es-szaloncukrokat-ellenorzott-a-fogyasztovedelem\/"]}]},{"@type":"ImageObject","inLanguage":"hu","@id":"https:\/\/dorogimedence.hu\/index.php\/2025\/12\/22\/olajos-magvakat-szaritott-gyumolcsoket-es-szaloncukrokat-ellenorzott-a-fogyasztovedelem\/#primaryimage","url":"https:\/\/dorogimedence.hu\/wp-content\/uploads\/2025\/12\/61210.jpg","contentUrl":"https:\/\/dorogimedence.hu\/wp-content\/uploads\/2025\/12\/61210.jpg","width":1500,"height":1000},{"@type":"BreadcrumbList","@id":"https:\/\/dorogimedence.hu\/index.php\/2025\/12\/22\/olajos-magvakat-szaritott-gyumolcsoket-es-szaloncukrokat-ellenorzott-a-fogyasztovedelem\/#breadcrumb","itemListElement":[{"@type":"ListItem","position":1,"name":"Kezd\u0151lap","item":"https:\/\/dorogimedence.hu\/"},{"@type":"ListItem","position":2,"name":"Olajos magvakat, sz\u00e1r\u00edtott gy\u00fcm\u00f6lcs\u00f6ket \u00e9s szaloncukrokat ellen\u0151rz\u00f6tt a fogyaszt\u00f3v\u00e9delem"}]},{"@type":"WebSite","@id":"https:\/\/dorogimedence.hu\/#website","url":"https:\/\/dorogimedence.hu\/","name":"Dorogi-medence Region\u00e1lis H\u00edrport\u00e1l","description":"Dorog, Keszt\u00f6lc, Le\u00e1nyv\u00e1r, Piliscs\u00e9v, Tokod, Tokodalt\u00e1r\u00f3, Csolnok, Esztergom-kertv\u00e1ros: h\u00edrek, programok","publisher":{"@id":"https:\/\/dorogimedence.hu\/#organization"},"potentialAction":[{"@type":"SearchAction","target":{"@type":"EntryPoint","urlTemplate":"https:\/\/dorogimedence.hu\/?s={search_term_string}"},"query-input":{"@type":"PropertyValueSpecification","valueRequired":true,"valueName":"search_term_string"}}],"inLanguage":"hu"},{"@type":"Organization","@id":"https:\/\/dorogimedence.hu\/#organization","name":"Dorogi-medence Region\u00e1lis H\u00edrport\u00e1l","url":"https:\/\/dorogimedence.hu\/","logo":{"@type":"ImageObject","inLanguage":"hu","@id":"https:\/\/dorogimedence.hu\/#\/schema\/logo\/image\/","url":"https:\/\/dorogimedence.hu\/wp-content\/uploads\/2021\/04\/logo-feher-600.png","contentUrl":"https:\/\/dorogimedence.hu\/wp-content\/uploads\/2021\/04\/logo-feher-600.png","width":600,"height":100,"caption":"Dorogi-medence Region\u00e1lis H\u00edrport\u00e1l"},"image":{"@id":"https:\/\/dorogimedence.hu\/#\/schema\/logo\/image\/"},"sameAs":["https:\/\/www.facebook.com\/dorogimedence\/"]},{"@type":"Person","@id":"https:\/\/dorogimedence.hu\/#\/schema\/person\/ce6091eeb7e95ecdc87890d6aa8e0fd4","name":"dorogimedence.hu","image":{"@type":"ImageObject","inLanguage":"hu","@id":"\/\/www.gravatar.com\/avatar\/d8d45f8901aadff40a4af72c0b826f1d?s=96&#038;r=g&#038;d=mm","url":"\/\/www.gravatar.com\/avatar\/d8d45f8901aadff40a4af72c0b826f1d?s=96&#038;r=g&#038;d=mm","contentUrl":"\/\/www.gravatar.com\/avatar\/d8d45f8901aadff40a4af72c0b826f1d?s=96&#038;r=g&#038;d=mm","caption":"dorogimedence.hu"}}]}},"_links":{"self":[{"href":"https:\/\/dorogimedence.hu\/index.php\/wp-json\/wp\/v2\/posts\/76619","targetHints":{"allow":["GET"]}}],"collection":[{"href":"https:\/\/dorogimedence.hu\/index.php\/wp-json\/wp\/v2\/posts"}],"about":[{"href":"https:\/\/dorogimedence.hu\/index.php\/wp-json\/wp\/v2\/types\/post"}],"author":[{"embeddable":true,"href":"https:\/\/dorogimedence.hu\/index.php\/wp-json\/wp\/v2\/users\/1"}],"replies":[{"embeddable":true,"href":"https:\/\/dorogimedence.hu\/index.php\/wp-json\/wp\/v2\/comments?post=76619"}],"version-history":[{"count":0,"href":"https:\/\/dorogimedence.hu\/index.php\/wp-json\/wp\/v2\/posts\/76619\/revisions"}],"wp:featuredmedia":[{"embeddable":true,"href":"https:\/\/dorogimedence.hu\/index.php\/wp-json\/wp\/v2\/media\/76620"}],"wp:attachment":[{"href":"https:\/\/dorogimedence.hu\/index.php\/wp-json\/wp\/v2\/media?parent=76619"}],"wp:term":[{"taxonomy":"category","embeddable":true,"href":"https:\/\/dorogimedence.hu\/index.php\/wp-json\/wp\/v2\/categories?post=76619"},{"taxonomy":"post_tag","embeddable":true,"href":"https:\/\/dorogimedence.hu\/index.php\/wp-json\/wp\/v2\/tags?post=76619"}],"curies":[{"name":"wp","href":"https:\/\/api.w.org\/{rel}","templated":true}]}}