{"id":76607,"date":"2025-12-22T09:24:21","date_gmt":"2025-12-22T08:24:21","guid":{"rendered":"https:\/\/dorogimedence.hu\/?p=76607"},"modified":"2025-12-22T09:24:21","modified_gmt":"2025-12-22T08:24:21","slug":"elek-gabor-2028-ig-biztosan-a-mol-esztergom-vezetoedzoje","status":"publish","type":"post","link":"https:\/\/dorogimedence.hu\/index.php\/2025\/12\/22\/elek-gabor-2028-ig-biztosan-a-mol-esztergom-vezetoedzoje\/","title":{"rendered":"Elek G\u00e1bor 2028-ig biztosan a MOL Esztergom vezet\u0151edz\u0151je"},"content":{"rendered":"<p><strong>A MOL Esztergom n\u0151i k\u00e9zilabdacsapata hossz\u00fa t\u00e1vra tervez: a klub meg\u00e1llapodott Elek G\u00e1bor vezet\u0151edz\u0151vel, aki 2028 nyar\u00e1ig k\u00f6telezte el mag\u00e1t a klubhoz.<\/strong><\/p>\n<p>A bejelent\u00e9sre \u00fcnnepi keretek k\u00f6z\u00f6tt, a klub szurkol\u00f3i ank\u00e9tj\u00e1n ker\u00fclt sor, ahol a MOL Esztergom \u00fcgyvezet\u0151je Ligeti Andr\u00e1s egy el\u0151re jelzett <em>\u201enem is olyan kicsi kar\u00e1csonyi aj\u00e1nd\u00e9kkal\u201d <\/em>lepte meg a k\u00f6z\u00f6ns\u00e9get.<\/p>\n<p>A szerz\u0151d\u00e9shosszabb\u00edt\u00e1s egy\u00e9rtelm\u0171 \u00fczenet a klub r\u00e9sz\u00e9r\u0151l: <strong>a MOL Esztergom a stabilit\u00e1sra, a k\u00f6vetkezetes szakmai munk\u00e1ra \u00e9s a hossz\u00fa t\u00e1v\u00fa \u00e9p\u00edtkez\u00e9sre alapozza j\u00f6v\u0151j\u00e9t.<\/strong><\/p>\n<p>A szurkol\u00f3i ank\u00e9t sor\u00e1n Elek G\u00e1bor a k\u00f6z\u00f6ns\u00e9g t\u00e1mogat\u00e1s\u00e1nak fontoss\u00e1g\u00e1t, valamint az el\u0151tt\u00fck \u00e1ll\u00f3 id\u0151szak szakmai kih\u00edv\u00e1sait is hangs\u00falyozta. A vezet\u0151edz\u0151 kiemelte, k\u00fcl\u00f6nleges er\u0151t ad a csapatnak, hogy hazai p\u00e1ly\u00e1n szinte minden m\u00e9rk\u0151z\u00e9sen telth\u00e1z el\u0151tt j\u00e1tszhatnak, \u00e9s ezt a t\u00e1mogat\u00e1st a nemzetk\u00f6zi porondon is szeretn\u00e9k megh\u00e1l\u00e1lni.<\/p>\n<p><em>\u201eNagyon fiatal csapattal dolgozunk, rengeteg lehet\u0151s\u00e9g van a j\u00e1t\u00e9kosokban. <strong>Az Eur\u00f3pa-liga szerepl\u00e9s sz\u00e1munkra els\u0151sorban tapasztalatszerz\u00e9st jelent, re\u00e1lis c\u00e9lokkal, felesleges nyom\u00e1s n\u00e9lk\u00fcl szeretn\u00e9nk a lehet\u0151 legt\u00f6bbet kihozni ebb\u0151l az id\u0151szakb\u00f3l.<\/strong> Egy ilyen s\u0171r\u0171, megterhel\u0151 menetrendben k\u00fcl\u00f6n\u00f6sen fontos a regener\u00e1ci\u00f3 \u00e9s az, hogy s\u00e9r\u00fcl\u00e9sek n\u00e9lk\u00fcl tudjunk fejl\u0151dni. Hossz\u00fa t\u00e1von az a c\u00e9lunk, hogy rendszeres r\u00e9sztvev\u0151i legy\u00fcnk a nemzetk\u00f6zi mez\u0151nynek\u201d \u2013 <\/em>fogalmazott Elek G\u00e1bor.<\/p>\n<p>Az elm\u00falt id\u0151szakban a klub t\u00f6bb, a professzion\u00e1lis m\u0171k\u00f6d\u00e9st er\u0151s\u00edt\u0151 l\u00e9p\u00e9st tett: n\u00f6velt csarnokkapacit\u00e1s, \u00faj, orsz\u00e1gos szint\u0171 szponzor, fejlett regener\u00e1ci\u00f3s \u00e9s rehabilit\u00e1ci\u00f3s h\u00e1tt\u00e9r, Eur\u00f3pa-liga szerepl\u00e9s.<\/p>\n<p>A klub j\u00f6v\u0151k\u00e9p\u00e9t az \u00fcgyvezet\u00e9s is egy\u00e9rtelm\u0171en megfogalmazta:<\/p>\n<p><strong><em>\u201eL\u00e9p\u00e9sr\u0151l l\u00e9p\u00e9sre, k\u00f6vetkezetesen \u00e9p\u00edtkez\u00fcnk. Egy kis egyes\u00fcletb\u0151l sz\u00e9pen lassan terjeszked\u00fcnk, fejl\u0151d\u00fcnk.\u201d<\/em><\/strong> \u2013 fogalmazott a klub \u00fcgyvezet\u0151je. <strong>Elek G\u00e1bor 2028-ig sz\u00f3l\u00f3 szerz\u0151d\u00e9shosszabb\u00edt\u00e1sa ebbe a tudatos, l\u00e9p\u00e9sr\u0151l l\u00e9p\u00e9sre \u00e9p\u00edtett rendszerbe illeszkedik.<\/strong><\/p>\n","protected":false},"excerpt":{"rendered":"<p>A MOL Esztergom n\u0151i k\u00e9zilabdacsapata hossz\u00fa t\u00e1vra tervez: a klub meg\u00e1llapodott Elek G\u00e1bor vezet\u0151edz\u0151vel, aki 2028 nyar\u00e1ig k\u00f6telezte el mag\u00e1t a klubhoz. A bejelent\u00e9sre \u00fcnnepi keretek k\u00f6z\u00f6tt, a klub szurkol\u00f3i ank\u00e9tj\u00e1n ker\u00fclt sor, ahol a MOL Esztergom \u00fcgyvezet\u0151je Ligeti Andr\u00e1s egy el\u0151re jelzett \u201enem is olyan kicsi kar\u00e1csonyi aj\u00e1nd\u00e9kkal\u201d lepte meg a k\u00f6z\u00f6ns\u00e9get. A szerz\u0151d\u00e9shosszabb\u00edt\u00e1s<\/p>\n","protected":false},"author":1,"featured_media":76608,"comment_status":"closed","ping_status":"closed","sticky":false,"template":"","format":"standard","meta":{"ngg_post_thumbnail":0,"footnotes":""},"categories":[38,3,5],"tags":[42,355,8025,16],"class_list":{"0":"post-76607","1":"post","2":"type-post","3":"status-publish","4":"format-standard","5":"has-post-thumbnail","7":"category-esztergom","8":"category-hirek","9":"category-sport","10":"tag-esztergom","11":"tag-kezilabda","12":"tag-mol-esztergom","13":"tag-sport"},"yoast_head":"<!-- This site is optimized with the Yoast SEO plugin v27.5 - https:\/\/yoast.com\/product\/yoast-seo-wordpress\/ -->\n<title>Elek G\u00e1bor 2028-ig biztosan a MOL Esztergom vezet\u0151edz\u0151je<\/title>\n<meta name=\"robots\" content=\"index, follow, max-snippet:-1, max-image-preview:large, max-video-preview:-1\" \/>\n<link rel=\"canonical\" href=\"https:\/\/dorogimedence.hu\/index.php\/2025\/12\/22\/elek-gabor-2028-ig-biztosan-a-mol-esztergom-vezetoedzoje\/\" class=\"yoast-seo-meta-tag\" \/>\n<meta property=\"og:locale\" content=\"hu_HU\" class=\"yoast-seo-meta-tag\" \/>\n<meta property=\"og:type\" content=\"article\" class=\"yoast-seo-meta-tag\" \/>\n<meta property=\"og:title\" content=\"Elek G\u00e1bor 2028-ig biztosan a MOL Esztergom vezet\u0151edz\u0151je\" class=\"yoast-seo-meta-tag\" \/>\n<meta property=\"og:description\" content=\"A MOL Esztergom n\u0151i k\u00e9zilabdacsapata hossz\u00fa t\u00e1vra tervez: a klub meg\u00e1llapodott Elek G\u00e1bor vezet\u0151edz\u0151vel, aki 2028 nyar\u00e1ig k\u00f6telezte el mag\u00e1t a klubhoz. A bejelent\u00e9sre \u00fcnnepi keretek k\u00f6z\u00f6tt, a klub szurkol\u00f3i ank\u00e9tj\u00e1n ker\u00fclt sor, ahol a MOL Esztergom \u00fcgyvezet\u0151je Ligeti Andr\u00e1s egy el\u0151re jelzett \u201enem is olyan kicsi kar\u00e1csonyi aj\u00e1nd\u00e9kkal\u201d lepte meg a k\u00f6z\u00f6ns\u00e9get. A szerz\u0151d\u00e9shosszabb\u00edt\u00e1s\" class=\"yoast-seo-meta-tag\" \/>\n<meta property=\"og:url\" content=\"https:\/\/dorogimedence.hu\/index.php\/2025\/12\/22\/elek-gabor-2028-ig-biztosan-a-mol-esztergom-vezetoedzoje\/\" class=\"yoast-seo-meta-tag\" \/>\n<meta property=\"og:site_name\" content=\"Dorogi-medence Region\u00e1lis H\u00edrport\u00e1l\" class=\"yoast-seo-meta-tag\" \/>\n<meta property=\"article:publisher\" content=\"https:\/\/www.facebook.com\/dorogimedence\/\" class=\"yoast-seo-meta-tag\" \/>\n<meta property=\"article:published_time\" content=\"2025-12-22T08:24:21+00:00\" class=\"yoast-seo-meta-tag\" \/>\n<meta property=\"og:image\" content=\"https:\/\/dorogimedence.hu\/wp-content\/uploads\/2025\/12\/kezilabda.jpg\" class=\"yoast-seo-meta-tag\" \/>\n\t<meta property=\"og:image:width\" content=\"1920\" class=\"yoast-seo-meta-tag\" \/>\n\t<meta property=\"og:image:height\" content=\"1082\" class=\"yoast-seo-meta-tag\" \/>\n\t<meta property=\"og:image:type\" content=\"image\/jpeg\" class=\"yoast-seo-meta-tag\" \/>\n<meta name=\"author\" content=\"dorogimedence.hu\" class=\"yoast-seo-meta-tag\" \/>\n<meta name=\"twitter:card\" content=\"summary_large_image\" class=\"yoast-seo-meta-tag\" \/>\n<meta name=\"twitter:label1\" content=\"Szerz\u0151:\" class=\"yoast-seo-meta-tag\" \/>\n\t<meta name=\"twitter:data1\" content=\"dorogimedence.hu\" class=\"yoast-seo-meta-tag\" \/>\n\t<meta name=\"twitter:label2\" content=\"Becs\u00fclt olvas\u00e1si id\u0151\" class=\"yoast-seo-meta-tag\" \/>\n\t<meta name=\"twitter:data2\" content=\"2 perc\" class=\"yoast-seo-meta-tag\" \/>\n<script type=\"application\/ld+json\" class=\"yoast-schema-graph\">{\"@context\":\"https:\\\/\\\/schema.org\",\"@graph\":[{\"@type\":\"Article\",\"@id\":\"https:\\\/\\\/dorogimedence.hu\\\/index.php\\\/2025\\\/12\\\/22\\\/elek-gabor-2028-ig-biztosan-a-mol-esztergom-vezetoedzoje\\\/#article\",\"isPartOf\":{\"@id\":\"https:\\\/\\\/dorogimedence.hu\\\/index.php\\\/2025\\\/12\\\/22\\\/elek-gabor-2028-ig-biztosan-a-mol-esztergom-vezetoedzoje\\\/\"},\"author\":{\"name\":\"dorogimedence.hu\",\"@id\":\"https:\\\/\\\/dorogimedence.hu\\\/#\\\/schema\\\/person\\\/ce6091eeb7e95ecdc87890d6aa8e0fd4\"},\"headline\":\"Elek G\u00e1bor 2028-ig biztosan a MOL Esztergom vezet\u0151edz\u0151je\",\"datePublished\":\"2025-12-22T08:24:21+00:00\",\"mainEntityOfPage\":{\"@id\":\"https:\\\/\\\/dorogimedence.hu\\\/index.php\\\/2025\\\/12\\\/22\\\/elek-gabor-2028-ig-biztosan-a-mol-esztergom-vezetoedzoje\\\/\"},\"wordCount\":426,\"publisher\":{\"@id\":\"https:\\\/\\\/dorogimedence.hu\\\/#organization\"},\"image\":{\"@id\":\"https:\\\/\\\/dorogimedence.hu\\\/index.php\\\/2025\\\/12\\\/22\\\/elek-gabor-2028-ig-biztosan-a-mol-esztergom-vezetoedzoje\\\/#primaryimage\"},\"thumbnailUrl\":\"https:\\\/\\\/dorogimedence.hu\\\/wp-content\\\/uploads\\\/2025\\\/12\\\/kezilabda.jpg\",\"keywords\":[\"esztergom\",\"k\u00e9zilabda\",\"Mol Esztergom\",\"sport\"],\"articleSection\":[\"Esztergom\",\"H\u00edrek\",\"Sport\"],\"inLanguage\":\"hu\"},{\"@type\":\"WebPage\",\"@id\":\"https:\\\/\\\/dorogimedence.hu\\\/index.php\\\/2025\\\/12\\\/22\\\/elek-gabor-2028-ig-biztosan-a-mol-esztergom-vezetoedzoje\\\/\",\"url\":\"https:\\\/\\\/dorogimedence.hu\\\/index.php\\\/2025\\\/12\\\/22\\\/elek-gabor-2028-ig-biztosan-a-mol-esztergom-vezetoedzoje\\\/\",\"name\":\"Elek G\u00e1bor 2028-ig biztosan a MOL Esztergom vezet\u0151edz\u0151je\",\"isPartOf\":{\"@id\":\"https:\\\/\\\/dorogimedence.hu\\\/#website\"},\"primaryImageOfPage\":{\"@id\":\"https:\\\/\\\/dorogimedence.hu\\\/index.php\\\/2025\\\/12\\\/22\\\/elek-gabor-2028-ig-biztosan-a-mol-esztergom-vezetoedzoje\\\/#primaryimage\"},\"image\":{\"@id\":\"https:\\\/\\\/dorogimedence.hu\\\/index.php\\\/2025\\\/12\\\/22\\\/elek-gabor-2028-ig-biztosan-a-mol-esztergom-vezetoedzoje\\\/#primaryimage\"},\"thumbnailUrl\":\"https:\\\/\\\/dorogimedence.hu\\\/wp-content\\\/uploads\\\/2025\\\/12\\\/kezilabda.jpg\",\"datePublished\":\"2025-12-22T08:24:21+00:00\",\"breadcrumb\":{\"@id\":\"https:\\\/\\\/dorogimedence.hu\\\/index.php\\\/2025\\\/12\\\/22\\\/elek-gabor-2028-ig-biztosan-a-mol-esztergom-vezetoedzoje\\\/#breadcrumb\"},\"inLanguage\":\"hu\",\"potentialAction\":[{\"@type\":\"ReadAction\",\"target\":[\"https:\\\/\\\/dorogimedence.hu\\\/index.php\\\/2025\\\/12\\\/22\\\/elek-gabor-2028-ig-biztosan-a-mol-esztergom-vezetoedzoje\\\/\"]}]},{\"@type\":\"ImageObject\",\"inLanguage\":\"hu\",\"@id\":\"https:\\\/\\\/dorogimedence.hu\\\/index.php\\\/2025\\\/12\\\/22\\\/elek-gabor-2028-ig-biztosan-a-mol-esztergom-vezetoedzoje\\\/#primaryimage\",\"url\":\"https:\\\/\\\/dorogimedence.hu\\\/wp-content\\\/uploads\\\/2025\\\/12\\\/kezilabda.jpg\",\"contentUrl\":\"https:\\\/\\\/dorogimedence.hu\\\/wp-content\\\/uploads\\\/2025\\\/12\\\/kezilabda.jpg\",\"width\":1920,\"height\":1082},{\"@type\":\"BreadcrumbList\",\"@id\":\"https:\\\/\\\/dorogimedence.hu\\\/index.php\\\/2025\\\/12\\\/22\\\/elek-gabor-2028-ig-biztosan-a-mol-esztergom-vezetoedzoje\\\/#breadcrumb\",\"itemListElement\":[{\"@type\":\"ListItem\",\"position\":1,\"name\":\"Kezd\u0151lap\",\"item\":\"https:\\\/\\\/dorogimedence.hu\\\/\"},{\"@type\":\"ListItem\",\"position\":2,\"name\":\"Elek G\u00e1bor 2028-ig biztosan a MOL Esztergom vezet\u0151edz\u0151je\"}]},{\"@type\":\"WebSite\",\"@id\":\"https:\\\/\\\/dorogimedence.hu\\\/#website\",\"url\":\"https:\\\/\\\/dorogimedence.hu\\\/\",\"name\":\"Dorogi-medence Region\u00e1lis H\u00edrport\u00e1l\",\"description\":\"Dorog, Keszt\u00f6lc, Le\u00e1nyv\u00e1r, Piliscs\u00e9v, Tokod, Tokodalt\u00e1r\u00f3, Csolnok, Esztergom-kertv\u00e1ros: h\u00edrek, programok\",\"publisher\":{\"@id\":\"https:\\\/\\\/dorogimedence.hu\\\/#organization\"},\"potentialAction\":[{\"@type\":\"SearchAction\",\"target\":{\"@type\":\"EntryPoint\",\"urlTemplate\":\"https:\\\/\\\/dorogimedence.hu\\\/?s={search_term_string}\"},\"query-input\":{\"@type\":\"PropertyValueSpecification\",\"valueRequired\":true,\"valueName\":\"search_term_string\"}}],\"inLanguage\":\"hu\"},{\"@type\":\"Organization\",\"@id\":\"https:\\\/\\\/dorogimedence.hu\\\/#organization\",\"name\":\"Dorogi-medence Region\u00e1lis H\u00edrport\u00e1l\",\"url\":\"https:\\\/\\\/dorogimedence.hu\\\/\",\"logo\":{\"@type\":\"ImageObject\",\"inLanguage\":\"hu\",\"@id\":\"https:\\\/\\\/dorogimedence.hu\\\/#\\\/schema\\\/logo\\\/image\\\/\",\"url\":\"https:\\\/\\\/dorogimedence.hu\\\/wp-content\\\/uploads\\\/2021\\\/04\\\/logo-feher-600.png\",\"contentUrl\":\"https:\\\/\\\/dorogimedence.hu\\\/wp-content\\\/uploads\\\/2021\\\/04\\\/logo-feher-600.png\",\"width\":600,\"height\":100,\"caption\":\"Dorogi-medence Region\u00e1lis H\u00edrport\u00e1l\"},\"image\":{\"@id\":\"https:\\\/\\\/dorogimedence.hu\\\/#\\\/schema\\\/logo\\\/image\\\/\"},\"sameAs\":[\"https:\\\/\\\/www.facebook.com\\\/dorogimedence\\\/\"]},{\"@type\":\"Person\",\"@id\":\"https:\\\/\\\/dorogimedence.hu\\\/#\\\/schema\\\/person\\\/ce6091eeb7e95ecdc87890d6aa8e0fd4\",\"name\":\"dorogimedence.hu\",\"image\":{\"@type\":\"ImageObject\",\"inLanguage\":\"hu\",\"@id\":\"\\\/\\\/www.gravatar.com\\\/avatar\\\/d8d45f8901aadff40a4af72c0b826f1d?s=96&#038;r=g&#038;d=mm\",\"url\":\"\\\/\\\/www.gravatar.com\\\/avatar\\\/d8d45f8901aadff40a4af72c0b826f1d?s=96&#038;r=g&#038;d=mm\",\"contentUrl\":\"\\\/\\\/www.gravatar.com\\\/avatar\\\/d8d45f8901aadff40a4af72c0b826f1d?s=96&#038;r=g&#038;d=mm\",\"caption\":\"dorogimedence.hu\"}}]}<\/script>\n<!-- \/ Yoast SEO plugin. -->","yoast_head_json":{"title":"Elek G\u00e1bor 2028-ig biztosan a MOL Esztergom vezet\u0151edz\u0151je","robots":{"index":"index","follow":"follow","max-snippet":"max-snippet:-1","max-image-preview":"max-image-preview:large","max-video-preview":"max-video-preview:-1"},"canonical":"https:\/\/dorogimedence.hu\/index.php\/2025\/12\/22\/elek-gabor-2028-ig-biztosan-a-mol-esztergom-vezetoedzoje\/","og_locale":"hu_HU","og_type":"article","og_title":"Elek G\u00e1bor 2028-ig biztosan a MOL Esztergom vezet\u0151edz\u0151je","og_description":"A MOL Esztergom n\u0151i k\u00e9zilabdacsapata hossz\u00fa t\u00e1vra tervez: a klub meg\u00e1llapodott Elek G\u00e1bor vezet\u0151edz\u0151vel, aki 2028 nyar\u00e1ig k\u00f6telezte el mag\u00e1t a klubhoz. A bejelent\u00e9sre \u00fcnnepi keretek k\u00f6z\u00f6tt, a klub szurkol\u00f3i ank\u00e9tj\u00e1n ker\u00fclt sor, ahol a MOL Esztergom \u00fcgyvezet\u0151je Ligeti Andr\u00e1s egy el\u0151re jelzett \u201enem is olyan kicsi kar\u00e1csonyi aj\u00e1nd\u00e9kkal\u201d lepte meg a k\u00f6z\u00f6ns\u00e9get. A szerz\u0151d\u00e9shosszabb\u00edt\u00e1s","og_url":"https:\/\/dorogimedence.hu\/index.php\/2025\/12\/22\/elek-gabor-2028-ig-biztosan-a-mol-esztergom-vezetoedzoje\/","og_site_name":"Dorogi-medence Region\u00e1lis H\u00edrport\u00e1l","article_publisher":"https:\/\/www.facebook.com\/dorogimedence\/","article_published_time":"2025-12-22T08:24:21+00:00","og_image":[{"width":1920,"height":1082,"url":"https:\/\/dorogimedence.hu\/wp-content\/uploads\/2025\/12\/kezilabda.jpg","type":"image\/jpeg"}],"author":"dorogimedence.hu","twitter_card":"summary_large_image","twitter_misc":{"Szerz\u0151:":"dorogimedence.hu","Becs\u00fclt olvas\u00e1si id\u0151":"2 perc"},"schema":{"@context":"https:\/\/schema.org","@graph":[{"@type":"Article","@id":"https:\/\/dorogimedence.hu\/index.php\/2025\/12\/22\/elek-gabor-2028-ig-biztosan-a-mol-esztergom-vezetoedzoje\/#article","isPartOf":{"@id":"https:\/\/dorogimedence.hu\/index.php\/2025\/12\/22\/elek-gabor-2028-ig-biztosan-a-mol-esztergom-vezetoedzoje\/"},"author":{"name":"dorogimedence.hu","@id":"https:\/\/dorogimedence.hu\/#\/schema\/person\/ce6091eeb7e95ecdc87890d6aa8e0fd4"},"headline":"Elek G\u00e1bor 2028-ig biztosan a MOL Esztergom vezet\u0151edz\u0151je","datePublished":"2025-12-22T08:24:21+00:00","mainEntityOfPage":{"@id":"https:\/\/dorogimedence.hu\/index.php\/2025\/12\/22\/elek-gabor-2028-ig-biztosan-a-mol-esztergom-vezetoedzoje\/"},"wordCount":426,"publisher":{"@id":"https:\/\/dorogimedence.hu\/#organization"},"image":{"@id":"https:\/\/dorogimedence.hu\/index.php\/2025\/12\/22\/elek-gabor-2028-ig-biztosan-a-mol-esztergom-vezetoedzoje\/#primaryimage"},"thumbnailUrl":"https:\/\/dorogimedence.hu\/wp-content\/uploads\/2025\/12\/kezilabda.jpg","keywords":["esztergom","k\u00e9zilabda","Mol Esztergom","sport"],"articleSection":["Esztergom","H\u00edrek","Sport"],"inLanguage":"hu"},{"@type":"WebPage","@id":"https:\/\/dorogimedence.hu\/index.php\/2025\/12\/22\/elek-gabor-2028-ig-biztosan-a-mol-esztergom-vezetoedzoje\/","url":"https:\/\/dorogimedence.hu\/index.php\/2025\/12\/22\/elek-gabor-2028-ig-biztosan-a-mol-esztergom-vezetoedzoje\/","name":"Elek G\u00e1bor 2028-ig biztosan a MOL Esztergom vezet\u0151edz\u0151je","isPartOf":{"@id":"https:\/\/dorogimedence.hu\/#website"},"primaryImageOfPage":{"@id":"https:\/\/dorogimedence.hu\/index.php\/2025\/12\/22\/elek-gabor-2028-ig-biztosan-a-mol-esztergom-vezetoedzoje\/#primaryimage"},"image":{"@id":"https:\/\/dorogimedence.hu\/index.php\/2025\/12\/22\/elek-gabor-2028-ig-biztosan-a-mol-esztergom-vezetoedzoje\/#primaryimage"},"thumbnailUrl":"https:\/\/dorogimedence.hu\/wp-content\/uploads\/2025\/12\/kezilabda.jpg","datePublished":"2025-12-22T08:24:21+00:00","breadcrumb":{"@id":"https:\/\/dorogimedence.hu\/index.php\/2025\/12\/22\/elek-gabor-2028-ig-biztosan-a-mol-esztergom-vezetoedzoje\/#breadcrumb"},"inLanguage":"hu","potentialAction":[{"@type":"ReadAction","target":["https:\/\/dorogimedence.hu\/index.php\/2025\/12\/22\/elek-gabor-2028-ig-biztosan-a-mol-esztergom-vezetoedzoje\/"]}]},{"@type":"ImageObject","inLanguage":"hu","@id":"https:\/\/dorogimedence.hu\/index.php\/2025\/12\/22\/elek-gabor-2028-ig-biztosan-a-mol-esztergom-vezetoedzoje\/#primaryimage","url":"https:\/\/dorogimedence.hu\/wp-content\/uploads\/2025\/12\/kezilabda.jpg","contentUrl":"https:\/\/dorogimedence.hu\/wp-content\/uploads\/2025\/12\/kezilabda.jpg","width":1920,"height":1082},{"@type":"BreadcrumbList","@id":"https:\/\/dorogimedence.hu\/index.php\/2025\/12\/22\/elek-gabor-2028-ig-biztosan-a-mol-esztergom-vezetoedzoje\/#breadcrumb","itemListElement":[{"@type":"ListItem","position":1,"name":"Kezd\u0151lap","item":"https:\/\/dorogimedence.hu\/"},{"@type":"ListItem","position":2,"name":"Elek G\u00e1bor 2028-ig biztosan a MOL Esztergom vezet\u0151edz\u0151je"}]},{"@type":"WebSite","@id":"https:\/\/dorogimedence.hu\/#website","url":"https:\/\/dorogimedence.hu\/","name":"Dorogi-medence Region\u00e1lis H\u00edrport\u00e1l","description":"Dorog, Keszt\u00f6lc, Le\u00e1nyv\u00e1r, Piliscs\u00e9v, Tokod, Tokodalt\u00e1r\u00f3, Csolnok, Esztergom-kertv\u00e1ros: h\u00edrek, programok","publisher":{"@id":"https:\/\/dorogimedence.hu\/#organization"},"potentialAction":[{"@type":"SearchAction","target":{"@type":"EntryPoint","urlTemplate":"https:\/\/dorogimedence.hu\/?s={search_term_string}"},"query-input":{"@type":"PropertyValueSpecification","valueRequired":true,"valueName":"search_term_string"}}],"inLanguage":"hu"},{"@type":"Organization","@id":"https:\/\/dorogimedence.hu\/#organization","name":"Dorogi-medence Region\u00e1lis H\u00edrport\u00e1l","url":"https:\/\/dorogimedence.hu\/","logo":{"@type":"ImageObject","inLanguage":"hu","@id":"https:\/\/dorogimedence.hu\/#\/schema\/logo\/image\/","url":"https:\/\/dorogimedence.hu\/wp-content\/uploads\/2021\/04\/logo-feher-600.png","contentUrl":"https:\/\/dorogimedence.hu\/wp-content\/uploads\/2021\/04\/logo-feher-600.png","width":600,"height":100,"caption":"Dorogi-medence Region\u00e1lis H\u00edrport\u00e1l"},"image":{"@id":"https:\/\/dorogimedence.hu\/#\/schema\/logo\/image\/"},"sameAs":["https:\/\/www.facebook.com\/dorogimedence\/"]},{"@type":"Person","@id":"https:\/\/dorogimedence.hu\/#\/schema\/person\/ce6091eeb7e95ecdc87890d6aa8e0fd4","name":"dorogimedence.hu","image":{"@type":"ImageObject","inLanguage":"hu","@id":"\/\/www.gravatar.com\/avatar\/d8d45f8901aadff40a4af72c0b826f1d?s=96&#038;r=g&#038;d=mm","url":"\/\/www.gravatar.com\/avatar\/d8d45f8901aadff40a4af72c0b826f1d?s=96&#038;r=g&#038;d=mm","contentUrl":"\/\/www.gravatar.com\/avatar\/d8d45f8901aadff40a4af72c0b826f1d?s=96&#038;r=g&#038;d=mm","caption":"dorogimedence.hu"}}]}},"_links":{"self":[{"href":"https:\/\/dorogimedence.hu\/index.php\/wp-json\/wp\/v2\/posts\/76607","targetHints":{"allow":["GET"]}}],"collection":[{"href":"https:\/\/dorogimedence.hu\/index.php\/wp-json\/wp\/v2\/posts"}],"about":[{"href":"https:\/\/dorogimedence.hu\/index.php\/wp-json\/wp\/v2\/types\/post"}],"author":[{"embeddable":true,"href":"https:\/\/dorogimedence.hu\/index.php\/wp-json\/wp\/v2\/users\/1"}],"replies":[{"embeddable":true,"href":"https:\/\/dorogimedence.hu\/index.php\/wp-json\/wp\/v2\/comments?post=76607"}],"version-history":[{"count":0,"href":"https:\/\/dorogimedence.hu\/index.php\/wp-json\/wp\/v2\/posts\/76607\/revisions"}],"wp:featuredmedia":[{"embeddable":true,"href":"https:\/\/dorogimedence.hu\/index.php\/wp-json\/wp\/v2\/media\/76608"}],"wp:attachment":[{"href":"https:\/\/dorogimedence.hu\/index.php\/wp-json\/wp\/v2\/media?parent=76607"}],"wp:term":[{"taxonomy":"category","embeddable":true,"href":"https:\/\/dorogimedence.hu\/index.php\/wp-json\/wp\/v2\/categories?post=76607"},{"taxonomy":"post_tag","embeddable":true,"href":"https:\/\/dorogimedence.hu\/index.php\/wp-json\/wp\/v2\/tags?post=76607"}],"curies":[{"name":"wp","href":"https:\/\/api.w.org\/{rel}","templated":true}]}}