{"id":7658,"date":"2018-01-10T06:43:14","date_gmt":"2018-01-10T05:43:14","guid":{"rendered":"http:\/\/dorogimedence.hu\/?p=7658"},"modified":"2018-01-10T06:43:14","modified_gmt":"2018-01-10T05:43:14","slug":"fotopalyazat-kepeibol-nyilik-kiallitas-taton","status":"publish","type":"post","link":"https:\/\/dorogimedence.hu\/index.php\/2018\/01\/10\/fotopalyazat-kepeibol-nyilik-kiallitas-taton\/","title":{"rendered":"Fot\u00f3p\u00e1ly\u00e1zat k\u00e9peib\u0151l ny\u00edlik ki\u00e1ll\u00edt\u00e1s T\u00e1ton"},"content":{"rendered":"<p><strong>Az esztergom-kertv\u00e1rosi F\u00e9ja G\u00e9za K\u00f6z\u00f6ss\u00e9gi H\u00e1z \u00e1ltal hirdetett <\/strong><strong>VIII. Kom\u00e1rom-Esztergom Megyei Fot\u00f3p\u00e1ly\u00e1zat k\u00e9peib\u0151l v\u00e1ndorki\u00e1ll\u00edt\u00e1st rendeznek a T\u00e1ti Gal\u00e9ri\u00e1ban.<\/strong><\/p>\n<p>A ki\u00e1ll\u00edt\u00e1st 2018. janu\u00e1r 12-\u00e9n, p\u00e9nteken 17 \u00f3rakor T\u00f3th Tam\u00e1s, a F\u00e9ja G\u00e9za K\u00f6z\u00f6ss\u00e9gi H\u00e1z igazgat\u00f3ja nyitja meg a t\u00e1ti Kult\u00farh\u00e1z \u00e9s K\u00f6nyvt\u00e1rban, ahol Jagudits \u00c1kos m\u0171k\u00f6dik k\u00f6zre harmonik\u00e1val.<\/p>\n<p><strong>A ki\u00e1ll\u00edt\u00e1sra bejutott alkot\u00f3k n\u00e9vsora:<\/strong><br \/>\n\u00c1csn\u00e9 Kiss Szilvia, \u00c1d\u00e1m Korinna, Adorj\u00e1n Attila, Bart\u00f3k Andr\u00e1sn\u00e9 Gy\u00f6ngyv\u00e9r, B\u00f3di Anett, Burkus Alexandra, Cz\u00e9h Botond, Cz\u00e9h S\u00e1ndor, Cz\u00e9h Zolt\u00e1n, Czigl\u00e9nyi Eszter, D\u00f6brentey D\u00e1niel, Dr. Mundi Szilvia, Dr. Sz\u0171cs J\u00f3zsef, Dr. T\u00f3th-Piusz Istv\u00e1n, Eipl Bernadett, Eszenyi Imre, Falusi-F\u00e1bi\u00e1n Zsuzsanna, Farkas Andrea, G\u00e1l Cec\u00edlia, Gergely G\u00e1bor, Horv\u00e1th Andr\u00e1s, Horv\u00e1thn\u00e9 Mih\u00e1ly Andrea, H\u00f6r\u00f6mp\u00f6li Tibor, Juh\u00e1sz P\u00e9ter, Kany\u00f3 P\u00e9ter, Kasz\u00e1s Norbert, Kov\u00e1cs P\u00e9ter, Laczk\u00f3-Magyar Gy\u00f6rgy, Megyeri M\u00e1t\u00e9, Menyh\u00e1rt Csaba, Mesteri Bal\u00e1zs, Mr\u00e1z Edina, Nagy Sug\u00e1r, Nagy Tibor, P\u00e1li \u00c1kos, P\u00f6lczman P\u00e9ter, Puxler Istv\u00e1n, S\u00f3lymos \u00c1kos, T\u00f6r\u00f6k G\u00e1bor, Tsuji Sachie, \u00dajlaki EszterA ki\u00e1ll\u00edt\u00e1s 2018. febru\u00e1r 12-igtekinthet\u0151 meg, a Kult\u00farh\u00e1z \u00e9s K\u00f6nyvt\u00e1r nyitva tart\u00e1si idej\u00e9ben.<\/p>\n<p><a href=\"https:\/\/www.facebook.com\/events\/328480700985162\/\" target=\"_blank\" rel=\"noopener\"><span style=\"text-decoration: underline; color: #0000ff;\"><strong>Facebook esem\u00e9ny&gt;&gt;<\/strong><\/span><\/a><\/p>\n<p><em>Fot\u00f3, forr\u00e1s: Kult\u00farh\u00e1z \u00e9s K\u00f6nyvt\u00e1r, T\u00e1t<\/em><\/p>\n","protected":false},"excerpt":{"rendered":"<p>Az esztergom-kertv\u00e1rosi F\u00e9ja G\u00e9za K\u00f6z\u00f6ss\u00e9gi H\u00e1z \u00e1ltal hirdetett VIII. Kom\u00e1rom-Esztergom Megyei Fot\u00f3p\u00e1ly\u00e1zat k\u00e9peib\u0151l v\u00e1ndorki\u00e1ll\u00edt\u00e1st rendeznek a T\u00e1ti Gal\u00e9ri\u00e1ban. A ki\u00e1ll\u00edt\u00e1st 2018. janu\u00e1r 12-\u00e9n, p\u00e9nteken 17 \u00f3rakor T\u00f3th Tam\u00e1s, a F\u00e9ja G\u00e9za K\u00f6z\u00f6ss\u00e9gi H\u00e1z igazgat\u00f3ja nyitja meg a t\u00e1ti Kult\u00farh\u00e1z \u00e9s K\u00f6nyvt\u00e1rban, ahol Jagudits \u00c1kos m\u0171k\u00f6dik k\u00f6zre harmonik\u00e1val. A ki\u00e1ll\u00edt\u00e1sra bejutott alkot\u00f3k n\u00e9vsora: \u00c1csn\u00e9 Kiss Szilvia,<\/p>\n","protected":false},"author":1,"featured_media":7659,"comment_status":"closed","ping_status":"closed","sticky":false,"template":"","format":"standard","meta":{"ngg_post_thumbnail":0,"footnotes":""},"categories":[3,110],"tags":[372,1009,194,111],"class_list":{"0":"post-7658","1":"post","2":"type-post","3":"status-publish","4":"format-standard","5":"has-post-thumbnail","7":"category-hirek","8":"category-tat","9":"tag-fotokiallitas","10":"tag-fotopalyazat","11":"tag-kiallitas","12":"tag-tat"},"yoast_head":"<!-- This site is optimized with the Yoast SEO plugin v27.4 - https:\/\/yoast.com\/product\/yoast-seo-wordpress\/ -->\n<title>Fot\u00f3p\u00e1ly\u00e1zat k\u00e9peib\u0151l ny\u00edlik ki\u00e1ll\u00edt\u00e1s T\u00e1ton<\/title>\n<meta name=\"robots\" content=\"index, follow, max-snippet:-1, max-image-preview:large, max-video-preview:-1\" \/>\n<link rel=\"canonical\" href=\"https:\/\/dorogimedence.hu\/index.php\/2018\/01\/10\/fotopalyazat-kepeibol-nyilik-kiallitas-taton\/\" class=\"yoast-seo-meta-tag\" \/>\n<meta property=\"og:locale\" content=\"hu_HU\" class=\"yoast-seo-meta-tag\" \/>\n<meta property=\"og:type\" content=\"article\" class=\"yoast-seo-meta-tag\" \/>\n<meta property=\"og:title\" content=\"Fot\u00f3p\u00e1ly\u00e1zat k\u00e9peib\u0151l ny\u00edlik ki\u00e1ll\u00edt\u00e1s T\u00e1ton\" class=\"yoast-seo-meta-tag\" \/>\n<meta property=\"og:description\" content=\"Az esztergom-kertv\u00e1rosi F\u00e9ja G\u00e9za K\u00f6z\u00f6ss\u00e9gi H\u00e1z \u00e1ltal hirdetett VIII. Kom\u00e1rom-Esztergom Megyei Fot\u00f3p\u00e1ly\u00e1zat k\u00e9peib\u0151l v\u00e1ndorki\u00e1ll\u00edt\u00e1st rendeznek a T\u00e1ti Gal\u00e9ri\u00e1ban. A ki\u00e1ll\u00edt\u00e1st 2018. janu\u00e1r 12-\u00e9n, p\u00e9nteken 17 \u00f3rakor T\u00f3th Tam\u00e1s, a F\u00e9ja G\u00e9za K\u00f6z\u00f6ss\u00e9gi H\u00e1z igazgat\u00f3ja nyitja meg a t\u00e1ti Kult\u00farh\u00e1z \u00e9s K\u00f6nyvt\u00e1rban, ahol Jagudits \u00c1kos m\u0171k\u00f6dik k\u00f6zre harmonik\u00e1val. A ki\u00e1ll\u00edt\u00e1sra bejutott alkot\u00f3k n\u00e9vsora: \u00c1csn\u00e9 Kiss Szilvia,\" class=\"yoast-seo-meta-tag\" \/>\n<meta property=\"og:url\" content=\"https:\/\/dorogimedence.hu\/index.php\/2018\/01\/10\/fotopalyazat-kepeibol-nyilik-kiallitas-taton\/\" class=\"yoast-seo-meta-tag\" \/>\n<meta property=\"og:site_name\" content=\"Dorogi-medence Region\u00e1lis H\u00edrport\u00e1l\" class=\"yoast-seo-meta-tag\" \/>\n<meta property=\"article:publisher\" content=\"https:\/\/www.facebook.com\/dorogimedence\/\" class=\"yoast-seo-meta-tag\" \/>\n<meta property=\"article:published_time\" content=\"2018-01-10T05:43:14+00:00\" class=\"yoast-seo-meta-tag\" \/>\n<meta property=\"og:image\" content=\"https:\/\/i0.wp.com\/dorogimedence.hu\/wp-content\/uploads\/2018\/01\/tat-vandorkiallitas.jpg?fit=670%2C365&ssl=1\" class=\"yoast-seo-meta-tag\" \/>\n\t<meta property=\"og:image:width\" content=\"670\" class=\"yoast-seo-meta-tag\" \/>\n\t<meta property=\"og:image:height\" content=\"365\" class=\"yoast-seo-meta-tag\" \/>\n\t<meta property=\"og:image:type\" content=\"image\/jpeg\" class=\"yoast-seo-meta-tag\" \/>\n<meta name=\"author\" content=\"dorogimedence.hu\" class=\"yoast-seo-meta-tag\" \/>\n<meta name=\"twitter:card\" content=\"summary_large_image\" class=\"yoast-seo-meta-tag\" \/>\n<meta name=\"twitter:label1\" content=\"Szerz\u0151:\" class=\"yoast-seo-meta-tag\" \/>\n\t<meta name=\"twitter:data1\" content=\"dorogimedence.hu\" class=\"yoast-seo-meta-tag\" \/>\n\t<meta name=\"twitter:label2\" content=\"Becs\u00fclt olvas\u00e1si id\u0151\" class=\"yoast-seo-meta-tag\" \/>\n\t<meta name=\"twitter:data2\" content=\"1 perc\" class=\"yoast-seo-meta-tag\" \/>\n<script type=\"application\/ld+json\" class=\"yoast-schema-graph\">{\"@context\":\"https:\\\/\\\/schema.org\",\"@graph\":[{\"@type\":\"Article\",\"@id\":\"https:\\\/\\\/dorogimedence.hu\\\/index.php\\\/2018\\\/01\\\/10\\\/fotopalyazat-kepeibol-nyilik-kiallitas-taton\\\/#article\",\"isPartOf\":{\"@id\":\"https:\\\/\\\/dorogimedence.hu\\\/index.php\\\/2018\\\/01\\\/10\\\/fotopalyazat-kepeibol-nyilik-kiallitas-taton\\\/\"},\"author\":{\"name\":\"dorogimedence.hu\",\"@id\":\"https:\\\/\\\/dorogimedence.hu\\\/#\\\/schema\\\/person\\\/ce6091eeb7e95ecdc87890d6aa8e0fd4\"},\"headline\":\"Fot\u00f3p\u00e1ly\u00e1zat k\u00e9peib\u0151l ny\u00edlik ki\u00e1ll\u00edt\u00e1s T\u00e1ton\",\"datePublished\":\"2018-01-10T05:43:14+00:00\",\"mainEntityOfPage\":{\"@id\":\"https:\\\/\\\/dorogimedence.hu\\\/index.php\\\/2018\\\/01\\\/10\\\/fotopalyazat-kepeibol-nyilik-kiallitas-taton\\\/\"},\"wordCount\":292,\"publisher\":{\"@id\":\"https:\\\/\\\/dorogimedence.hu\\\/#organization\"},\"image\":{\"@id\":\"https:\\\/\\\/dorogimedence.hu\\\/index.php\\\/2018\\\/01\\\/10\\\/fotopalyazat-kepeibol-nyilik-kiallitas-taton\\\/#primaryimage\"},\"thumbnailUrl\":\"https:\\\/\\\/dorogimedence.hu\\\/wp-content\\\/uploads\\\/2018\\\/01\\\/tat-vandorkiallitas.jpg\",\"keywords\":[\"fot\u00f3ki\u00e1ll\u00edt\u00e1s\",\"fot\u00f3p\u00e1ly\u00e1zat\",\"ki\u00e1ll\u00edt\u00e1s\",\"T\u00e1t\"],\"articleSection\":[\"H\u00edrek\",\"T\u00e1t\"],\"inLanguage\":\"hu\"},{\"@type\":\"WebPage\",\"@id\":\"https:\\\/\\\/dorogimedence.hu\\\/index.php\\\/2018\\\/01\\\/10\\\/fotopalyazat-kepeibol-nyilik-kiallitas-taton\\\/\",\"url\":\"https:\\\/\\\/dorogimedence.hu\\\/index.php\\\/2018\\\/01\\\/10\\\/fotopalyazat-kepeibol-nyilik-kiallitas-taton\\\/\",\"name\":\"Fot\u00f3p\u00e1ly\u00e1zat k\u00e9peib\u0151l ny\u00edlik ki\u00e1ll\u00edt\u00e1s T\u00e1ton\",\"isPartOf\":{\"@id\":\"https:\\\/\\\/dorogimedence.hu\\\/#website\"},\"primaryImageOfPage\":{\"@id\":\"https:\\\/\\\/dorogimedence.hu\\\/index.php\\\/2018\\\/01\\\/10\\\/fotopalyazat-kepeibol-nyilik-kiallitas-taton\\\/#primaryimage\"},\"image\":{\"@id\":\"https:\\\/\\\/dorogimedence.hu\\\/index.php\\\/2018\\\/01\\\/10\\\/fotopalyazat-kepeibol-nyilik-kiallitas-taton\\\/#primaryimage\"},\"thumbnailUrl\":\"https:\\\/\\\/dorogimedence.hu\\\/wp-content\\\/uploads\\\/2018\\\/01\\\/tat-vandorkiallitas.jpg\",\"datePublished\":\"2018-01-10T05:43:14+00:00\",\"breadcrumb\":{\"@id\":\"https:\\\/\\\/dorogimedence.hu\\\/index.php\\\/2018\\\/01\\\/10\\\/fotopalyazat-kepeibol-nyilik-kiallitas-taton\\\/#breadcrumb\"},\"inLanguage\":\"hu\",\"potentialAction\":[{\"@type\":\"ReadAction\",\"target\":[\"https:\\\/\\\/dorogimedence.hu\\\/index.php\\\/2018\\\/01\\\/10\\\/fotopalyazat-kepeibol-nyilik-kiallitas-taton\\\/\"]}]},{\"@type\":\"ImageObject\",\"inLanguage\":\"hu\",\"@id\":\"https:\\\/\\\/dorogimedence.hu\\\/index.php\\\/2018\\\/01\\\/10\\\/fotopalyazat-kepeibol-nyilik-kiallitas-taton\\\/#primaryimage\",\"url\":\"https:\\\/\\\/dorogimedence.hu\\\/wp-content\\\/uploads\\\/2018\\\/01\\\/tat-vandorkiallitas.jpg\",\"contentUrl\":\"https:\\\/\\\/dorogimedence.hu\\\/wp-content\\\/uploads\\\/2018\\\/01\\\/tat-vandorkiallitas.jpg\",\"width\":670,\"height\":365},{\"@type\":\"BreadcrumbList\",\"@id\":\"https:\\\/\\\/dorogimedence.hu\\\/index.php\\\/2018\\\/01\\\/10\\\/fotopalyazat-kepeibol-nyilik-kiallitas-taton\\\/#breadcrumb\",\"itemListElement\":[{\"@type\":\"ListItem\",\"position\":1,\"name\":\"Kezd\u0151lap\",\"item\":\"https:\\\/\\\/dorogimedence.hu\\\/\"},{\"@type\":\"ListItem\",\"position\":2,\"name\":\"Fot\u00f3p\u00e1ly\u00e1zat k\u00e9peib\u0151l ny\u00edlik ki\u00e1ll\u00edt\u00e1s T\u00e1ton\"}]},{\"@type\":\"WebSite\",\"@id\":\"https:\\\/\\\/dorogimedence.hu\\\/#website\",\"url\":\"https:\\\/\\\/dorogimedence.hu\\\/\",\"name\":\"Dorogi-medence Region\u00e1lis H\u00edrport\u00e1l\",\"description\":\"Dorog, Keszt\u00f6lc, Le\u00e1nyv\u00e1r, Piliscs\u00e9v, Tokod, Tokodalt\u00e1r\u00f3, Csolnok, Esztergom-kertv\u00e1ros: h\u00edrek, programok\",\"publisher\":{\"@id\":\"https:\\\/\\\/dorogimedence.hu\\\/#organization\"},\"potentialAction\":[{\"@type\":\"SearchAction\",\"target\":{\"@type\":\"EntryPoint\",\"urlTemplate\":\"https:\\\/\\\/dorogimedence.hu\\\/?s={search_term_string}\"},\"query-input\":{\"@type\":\"PropertyValueSpecification\",\"valueRequired\":true,\"valueName\":\"search_term_string\"}}],\"inLanguage\":\"hu\"},{\"@type\":\"Organization\",\"@id\":\"https:\\\/\\\/dorogimedence.hu\\\/#organization\",\"name\":\"Dorogi-medence Region\u00e1lis H\u00edrport\u00e1l\",\"url\":\"https:\\\/\\\/dorogimedence.hu\\\/\",\"logo\":{\"@type\":\"ImageObject\",\"inLanguage\":\"hu\",\"@id\":\"https:\\\/\\\/dorogimedence.hu\\\/#\\\/schema\\\/logo\\\/image\\\/\",\"url\":\"https:\\\/\\\/dorogimedence.hu\\\/wp-content\\\/uploads\\\/2021\\\/04\\\/logo-feher-600.png\",\"contentUrl\":\"https:\\\/\\\/dorogimedence.hu\\\/wp-content\\\/uploads\\\/2021\\\/04\\\/logo-feher-600.png\",\"width\":600,\"height\":100,\"caption\":\"Dorogi-medence Region\u00e1lis H\u00edrport\u00e1l\"},\"image\":{\"@id\":\"https:\\\/\\\/dorogimedence.hu\\\/#\\\/schema\\\/logo\\\/image\\\/\"},\"sameAs\":[\"https:\\\/\\\/www.facebook.com\\\/dorogimedence\\\/\"]},{\"@type\":\"Person\",\"@id\":\"https:\\\/\\\/dorogimedence.hu\\\/#\\\/schema\\\/person\\\/ce6091eeb7e95ecdc87890d6aa8e0fd4\",\"name\":\"dorogimedence.hu\",\"image\":{\"@type\":\"ImageObject\",\"inLanguage\":\"hu\",\"@id\":\"\\\/\\\/www.gravatar.com\\\/avatar\\\/d8d45f8901aadff40a4af72c0b826f1d?s=96&#038;r=g&#038;d=mm\",\"url\":\"\\\/\\\/www.gravatar.com\\\/avatar\\\/d8d45f8901aadff40a4af72c0b826f1d?s=96&#038;r=g&#038;d=mm\",\"contentUrl\":\"\\\/\\\/www.gravatar.com\\\/avatar\\\/d8d45f8901aadff40a4af72c0b826f1d?s=96&#038;r=g&#038;d=mm\",\"caption\":\"dorogimedence.hu\"}}]}<\/script>\n<!-- \/ Yoast SEO plugin. -->","yoast_head_json":{"title":"Fot\u00f3p\u00e1ly\u00e1zat k\u00e9peib\u0151l ny\u00edlik ki\u00e1ll\u00edt\u00e1s T\u00e1ton","robots":{"index":"index","follow":"follow","max-snippet":"max-snippet:-1","max-image-preview":"max-image-preview:large","max-video-preview":"max-video-preview:-1"},"canonical":"https:\/\/dorogimedence.hu\/index.php\/2018\/01\/10\/fotopalyazat-kepeibol-nyilik-kiallitas-taton\/","og_locale":"hu_HU","og_type":"article","og_title":"Fot\u00f3p\u00e1ly\u00e1zat k\u00e9peib\u0151l ny\u00edlik ki\u00e1ll\u00edt\u00e1s T\u00e1ton","og_description":"Az esztergom-kertv\u00e1rosi F\u00e9ja G\u00e9za K\u00f6z\u00f6ss\u00e9gi H\u00e1z \u00e1ltal hirdetett VIII. Kom\u00e1rom-Esztergom Megyei Fot\u00f3p\u00e1ly\u00e1zat k\u00e9peib\u0151l v\u00e1ndorki\u00e1ll\u00edt\u00e1st rendeznek a T\u00e1ti Gal\u00e9ri\u00e1ban. A ki\u00e1ll\u00edt\u00e1st 2018. janu\u00e1r 12-\u00e9n, p\u00e9nteken 17 \u00f3rakor T\u00f3th Tam\u00e1s, a F\u00e9ja G\u00e9za K\u00f6z\u00f6ss\u00e9gi H\u00e1z igazgat\u00f3ja nyitja meg a t\u00e1ti Kult\u00farh\u00e1z \u00e9s K\u00f6nyvt\u00e1rban, ahol Jagudits \u00c1kos m\u0171k\u00f6dik k\u00f6zre harmonik\u00e1val. A ki\u00e1ll\u00edt\u00e1sra bejutott alkot\u00f3k n\u00e9vsora: \u00c1csn\u00e9 Kiss Szilvia,","og_url":"https:\/\/dorogimedence.hu\/index.php\/2018\/01\/10\/fotopalyazat-kepeibol-nyilik-kiallitas-taton\/","og_site_name":"Dorogi-medence Region\u00e1lis H\u00edrport\u00e1l","article_publisher":"https:\/\/www.facebook.com\/dorogimedence\/","article_published_time":"2018-01-10T05:43:14+00:00","og_image":[{"width":670,"height":365,"url":"https:\/\/i0.wp.com\/dorogimedence.hu\/wp-content\/uploads\/2018\/01\/tat-vandorkiallitas.jpg?fit=670%2C365&ssl=1","type":"image\/jpeg"}],"author":"dorogimedence.hu","twitter_card":"summary_large_image","twitter_misc":{"Szerz\u0151:":"dorogimedence.hu","Becs\u00fclt olvas\u00e1si id\u0151":"1 perc"},"schema":{"@context":"https:\/\/schema.org","@graph":[{"@type":"Article","@id":"https:\/\/dorogimedence.hu\/index.php\/2018\/01\/10\/fotopalyazat-kepeibol-nyilik-kiallitas-taton\/#article","isPartOf":{"@id":"https:\/\/dorogimedence.hu\/index.php\/2018\/01\/10\/fotopalyazat-kepeibol-nyilik-kiallitas-taton\/"},"author":{"name":"dorogimedence.hu","@id":"https:\/\/dorogimedence.hu\/#\/schema\/person\/ce6091eeb7e95ecdc87890d6aa8e0fd4"},"headline":"Fot\u00f3p\u00e1ly\u00e1zat k\u00e9peib\u0151l ny\u00edlik ki\u00e1ll\u00edt\u00e1s T\u00e1ton","datePublished":"2018-01-10T05:43:14+00:00","mainEntityOfPage":{"@id":"https:\/\/dorogimedence.hu\/index.php\/2018\/01\/10\/fotopalyazat-kepeibol-nyilik-kiallitas-taton\/"},"wordCount":292,"publisher":{"@id":"https:\/\/dorogimedence.hu\/#organization"},"image":{"@id":"https:\/\/dorogimedence.hu\/index.php\/2018\/01\/10\/fotopalyazat-kepeibol-nyilik-kiallitas-taton\/#primaryimage"},"thumbnailUrl":"https:\/\/dorogimedence.hu\/wp-content\/uploads\/2018\/01\/tat-vandorkiallitas.jpg","keywords":["fot\u00f3ki\u00e1ll\u00edt\u00e1s","fot\u00f3p\u00e1ly\u00e1zat","ki\u00e1ll\u00edt\u00e1s","T\u00e1t"],"articleSection":["H\u00edrek","T\u00e1t"],"inLanguage":"hu"},{"@type":"WebPage","@id":"https:\/\/dorogimedence.hu\/index.php\/2018\/01\/10\/fotopalyazat-kepeibol-nyilik-kiallitas-taton\/","url":"https:\/\/dorogimedence.hu\/index.php\/2018\/01\/10\/fotopalyazat-kepeibol-nyilik-kiallitas-taton\/","name":"Fot\u00f3p\u00e1ly\u00e1zat k\u00e9peib\u0151l ny\u00edlik ki\u00e1ll\u00edt\u00e1s T\u00e1ton","isPartOf":{"@id":"https:\/\/dorogimedence.hu\/#website"},"primaryImageOfPage":{"@id":"https:\/\/dorogimedence.hu\/index.php\/2018\/01\/10\/fotopalyazat-kepeibol-nyilik-kiallitas-taton\/#primaryimage"},"image":{"@id":"https:\/\/dorogimedence.hu\/index.php\/2018\/01\/10\/fotopalyazat-kepeibol-nyilik-kiallitas-taton\/#primaryimage"},"thumbnailUrl":"https:\/\/dorogimedence.hu\/wp-content\/uploads\/2018\/01\/tat-vandorkiallitas.jpg","datePublished":"2018-01-10T05:43:14+00:00","breadcrumb":{"@id":"https:\/\/dorogimedence.hu\/index.php\/2018\/01\/10\/fotopalyazat-kepeibol-nyilik-kiallitas-taton\/#breadcrumb"},"inLanguage":"hu","potentialAction":[{"@type":"ReadAction","target":["https:\/\/dorogimedence.hu\/index.php\/2018\/01\/10\/fotopalyazat-kepeibol-nyilik-kiallitas-taton\/"]}]},{"@type":"ImageObject","inLanguage":"hu","@id":"https:\/\/dorogimedence.hu\/index.php\/2018\/01\/10\/fotopalyazat-kepeibol-nyilik-kiallitas-taton\/#primaryimage","url":"https:\/\/dorogimedence.hu\/wp-content\/uploads\/2018\/01\/tat-vandorkiallitas.jpg","contentUrl":"https:\/\/dorogimedence.hu\/wp-content\/uploads\/2018\/01\/tat-vandorkiallitas.jpg","width":670,"height":365},{"@type":"BreadcrumbList","@id":"https:\/\/dorogimedence.hu\/index.php\/2018\/01\/10\/fotopalyazat-kepeibol-nyilik-kiallitas-taton\/#breadcrumb","itemListElement":[{"@type":"ListItem","position":1,"name":"Kezd\u0151lap","item":"https:\/\/dorogimedence.hu\/"},{"@type":"ListItem","position":2,"name":"Fot\u00f3p\u00e1ly\u00e1zat k\u00e9peib\u0151l ny\u00edlik ki\u00e1ll\u00edt\u00e1s T\u00e1ton"}]},{"@type":"WebSite","@id":"https:\/\/dorogimedence.hu\/#website","url":"https:\/\/dorogimedence.hu\/","name":"Dorogi-medence Region\u00e1lis H\u00edrport\u00e1l","description":"Dorog, Keszt\u00f6lc, Le\u00e1nyv\u00e1r, Piliscs\u00e9v, Tokod, Tokodalt\u00e1r\u00f3, Csolnok, Esztergom-kertv\u00e1ros: h\u00edrek, programok","publisher":{"@id":"https:\/\/dorogimedence.hu\/#organization"},"potentialAction":[{"@type":"SearchAction","target":{"@type":"EntryPoint","urlTemplate":"https:\/\/dorogimedence.hu\/?s={search_term_string}"},"query-input":{"@type":"PropertyValueSpecification","valueRequired":true,"valueName":"search_term_string"}}],"inLanguage":"hu"},{"@type":"Organization","@id":"https:\/\/dorogimedence.hu\/#organization","name":"Dorogi-medence Region\u00e1lis H\u00edrport\u00e1l","url":"https:\/\/dorogimedence.hu\/","logo":{"@type":"ImageObject","inLanguage":"hu","@id":"https:\/\/dorogimedence.hu\/#\/schema\/logo\/image\/","url":"https:\/\/dorogimedence.hu\/wp-content\/uploads\/2021\/04\/logo-feher-600.png","contentUrl":"https:\/\/dorogimedence.hu\/wp-content\/uploads\/2021\/04\/logo-feher-600.png","width":600,"height":100,"caption":"Dorogi-medence Region\u00e1lis H\u00edrport\u00e1l"},"image":{"@id":"https:\/\/dorogimedence.hu\/#\/schema\/logo\/image\/"},"sameAs":["https:\/\/www.facebook.com\/dorogimedence\/"]},{"@type":"Person","@id":"https:\/\/dorogimedence.hu\/#\/schema\/person\/ce6091eeb7e95ecdc87890d6aa8e0fd4","name":"dorogimedence.hu","image":{"@type":"ImageObject","inLanguage":"hu","@id":"\/\/www.gravatar.com\/avatar\/d8d45f8901aadff40a4af72c0b826f1d?s=96&#038;r=g&#038;d=mm","url":"\/\/www.gravatar.com\/avatar\/d8d45f8901aadff40a4af72c0b826f1d?s=96&#038;r=g&#038;d=mm","contentUrl":"\/\/www.gravatar.com\/avatar\/d8d45f8901aadff40a4af72c0b826f1d?s=96&#038;r=g&#038;d=mm","caption":"dorogimedence.hu"}}]}},"_links":{"self":[{"href":"https:\/\/dorogimedence.hu\/index.php\/wp-json\/wp\/v2\/posts\/7658","targetHints":{"allow":["GET"]}}],"collection":[{"href":"https:\/\/dorogimedence.hu\/index.php\/wp-json\/wp\/v2\/posts"}],"about":[{"href":"https:\/\/dorogimedence.hu\/index.php\/wp-json\/wp\/v2\/types\/post"}],"author":[{"embeddable":true,"href":"https:\/\/dorogimedence.hu\/index.php\/wp-json\/wp\/v2\/users\/1"}],"replies":[{"embeddable":true,"href":"https:\/\/dorogimedence.hu\/index.php\/wp-json\/wp\/v2\/comments?post=7658"}],"version-history":[{"count":0,"href":"https:\/\/dorogimedence.hu\/index.php\/wp-json\/wp\/v2\/posts\/7658\/revisions"}],"wp:featuredmedia":[{"embeddable":true,"href":"https:\/\/dorogimedence.hu\/index.php\/wp-json\/wp\/v2\/media\/7659"}],"wp:attachment":[{"href":"https:\/\/dorogimedence.hu\/index.php\/wp-json\/wp\/v2\/media?parent=7658"}],"wp:term":[{"taxonomy":"category","embeddable":true,"href":"https:\/\/dorogimedence.hu\/index.php\/wp-json\/wp\/v2\/categories?post=7658"},{"taxonomy":"post_tag","embeddable":true,"href":"https:\/\/dorogimedence.hu\/index.php\/wp-json\/wp\/v2\/tags?post=7658"}],"curies":[{"name":"wp","href":"https:\/\/api.w.org\/{rel}","templated":true}]}}