{"id":76501,"date":"2025-12-17T09:54:10","date_gmt":"2025-12-17T08:54:10","guid":{"rendered":"https:\/\/dorogimedence.hu\/?p=76501"},"modified":"2025-12-17T09:54:10","modified_gmt":"2025-12-17T08:54:10","slug":"iden-is-erkeznek-a-fenyofak-az-orszag-osszes-mentoallomasara","status":"publish","type":"post","link":"https:\/\/dorogimedence.hu\/index.php\/2025\/12\/17\/iden-is-erkeznek-a-fenyofak-az-orszag-osszes-mentoallomasara\/","title":{"rendered":"Id\u00e9n is \u00e9rkeznek a feny\u0151f\u00e1k az orsz\u00e1g \u00f6sszes ment\u0151\u00e1llom\u00e1s\u00e1ra"},"content":{"rendered":"<p><strong>Az Agr\u00e1rminiszt\u00e9rium \u00e9s az \u00e1llami erd\u00e9szeti t\u00e1rsas\u00e1gok id\u00e9n is feny\u0151f\u00e1val fejezik ki k\u00f6sz\u00f6net\u00fcket az Orsz\u00e1gos Ment\u0151szolg\u00e1lat bajt\u00e1rsainak eg\u00e9sz \u00e9ves, \u00e1ldozatos munk\u00e1j\u00e1\u00e9rt. Az egyik \u00f6r\u00f6kz\u00f6ldet Nagy Istv\u00e1n agr\u00e1rminiszter t\u00e1rcavezet\u0151 \u00e9s Dr. Csat\u00f3 G\u00e1bor, az Orsz\u00e1gos Ment\u0151szolg\u00e1lat f\u0151igazgat\u00f3ja k\u00f6z\u00f6sen adta \u00e1t a Budai Ment\u0151\u00e1llom\u00e1son. A feny\u0151f\u00e1k az adventi id\u0151szak v\u00e9g\u00e9ig mind a 256 ment\u0151\u00e1llom\u00e1sra meg\u00e9rkeznek.<\/strong><\/p>\n<p>Az agr\u00e1rminiszter a k\u00f6z\u00f6ss\u00e9gi oldal\u00e1n publik\u00e1lt <a href=\"https:\/\/www.facebook.com\/share\/v\/1KtxtYTe7g\/\" target=\"_blank\" rel=\"noopener\"><span style=\"text-decoration: underline; color: #0000ff;\">vide\u00f3j\u00e1ban<\/span><\/a> kiemelte, m\u00e1ra hagyom\u00e1nny\u00e1 v\u00e1lt, hogy decemberben feny\u0151f\u00e1val k\u00f6sz\u00f6nik meg az Orsz\u00e1gos Ment\u0151szolg\u00e1lat eg\u00e9sz \u00e9ves munk\u00e1j\u00e1t. Az \u00f6r\u00f6kz\u00f6ldek az \u00e1llami erd\u00e9szeti t\u00e1rsas\u00e1goknak k\u00f6sz\u00f6nhet\u0151en jutnak el orsz\u00e1gszerte a ment\u0151\u00e1llom\u00e1sokra.<\/p>\n<p><img fetchpriority=\"high\" decoding=\"async\" class=\"alignnone size-full wp-image-76503\" src=\"https:\/\/dorogimedence.hu\/wp-content\/uploads\/2025\/12\/AM_OMSZ_fenyo_FI_1.jpg\" alt=\"\" width=\"2000\" height=\"1334\" srcset=\"https:\/\/dorogimedence.hu\/wp-content\/uploads\/2025\/12\/AM_OMSZ_fenyo_FI_1.jpg 2000w, https:\/\/dorogimedence.hu\/wp-content\/uploads\/2025\/12\/AM_OMSZ_fenyo_FI_1-600x400.jpg 600w, https:\/\/dorogimedence.hu\/wp-content\/uploads\/2025\/12\/AM_OMSZ_fenyo_FI_1-1920x1281.jpg 1920w, https:\/\/dorogimedence.hu\/wp-content\/uploads\/2025\/12\/AM_OMSZ_fenyo_FI_1-768x512.jpg 768w, https:\/\/dorogimedence.hu\/wp-content\/uploads\/2025\/12\/AM_OMSZ_fenyo_FI_1-1536x1025.jpg 1536w, https:\/\/dorogimedence.hu\/wp-content\/uploads\/2025\/12\/AM_OMSZ_fenyo_FI_1-150x100.jpg 150w, https:\/\/dorogimedence.hu\/wp-content\/uploads\/2025\/12\/AM_OMSZ_fenyo_FI_1-450x300.jpg 450w, https:\/\/dorogimedence.hu\/wp-content\/uploads\/2025\/12\/AM_OMSZ_fenyo_FI_1-1200x800.jpg 1200w, https:\/\/dorogimedence.hu\/wp-content\/uploads\/2025\/12\/AM_OMSZ_fenyo_FI_1-272x182.jpg 272w\" sizes=\"(max-width: 2000px) 100vw, 2000px\" \/><\/p>\n<p>Nagy Istv\u00e1n elmondta, mik\u00f6zben a magyar csal\u00e1dok kar\u00e1csonykor b\u00e9kess\u00e9gben \u00e9s szeretetben \u00fcnnepelnek otthonaikban, a ment\u0151szolg\u00e1lat bajt\u00e1rsai ilyenkor is szolg\u00e1latban vannak, hogy mi biztons\u00e1gban legy\u00fcnk, ami\u00e9rt nem lehet\u00fcnk el\u00e9g h\u00e1l\u00e1sak. A ment\u0151kre az \u00e9v minden napj\u00e1n b\u00e1tran sz\u00e1m\u00edthatunk \u2013 hangs\u00falyozta a miniszter.&nbsp;<\/p>\n<p>Az Orsz\u00e1gos Ment\u0151szolg\u00e1lat f\u0151igazgat\u00f3ja kifejtette, a kar\u00e1csony az elcsendesed\u00e9sr\u0151l sz\u00f3l, de a ment\u0151kn\u00e9l ez az egyik legs\u0171r\u0171bb id\u0151szak. Az Agr\u00e1rminiszt\u00e9riumnak \u00e9s az \u00e1llami erd\u00e9szeti t\u00e1rsas\u00e1goknak k\u00f6sz\u00f6nhet\u0151en mind a 256 ment\u0151\u00e1llom\u00e1sra eljutnak az \u00f6r\u00f6kz\u00f6ldek. Ezek a feny\u0151f\u00e1k hozz\u00e1j\u00e1rulhatnak ahhoz, hogy a kar\u00e1csonyi id\u0151szakban a szolg\u00e1latot teljes\u00edt\u0151k a ment\u0151\u00e1llom\u00e1sokon kicsit fel tudjanak t\u00f6lt\u0151dni, \u00e9s \u00fajult er\u0151vel tudj\u00e1k a felel\u0151ss\u00e9gteljes munk\u00e1jukat ell\u00e1tni. Dr. Csat\u00f3 G\u00e1bor k\u00f6sz\u00f6netet mondott a bajt\u00e1rsak eg\u00e9sz \u00e9ves helyt\u00e1ll\u00e1s\u00e1\u00e9rt \u00e9s szolg\u00e1lat\u00e1\u00e9rt is.<\/p>\n<p><em>Fot\u00f3k, forr\u00e1s: Agr\u00e1rminiszt\u00e9rium Sajt\u00f3iroda<\/em><\/p>\n","protected":false},"excerpt":{"rendered":"<p>Az Agr\u00e1rminiszt\u00e9rium \u00e9s az \u00e1llami erd\u00e9szeti t\u00e1rsas\u00e1gok id\u00e9n is feny\u0151f\u00e1val fejezik ki k\u00f6sz\u00f6net\u00fcket az Orsz\u00e1gos Ment\u0151szolg\u00e1lat bajt\u00e1rsainak eg\u00e9sz \u00e9ves, \u00e1ldozatos munk\u00e1j\u00e1\u00e9rt. Az egyik \u00f6r\u00f6kz\u00f6ldet Nagy Istv\u00e1n agr\u00e1rminiszter t\u00e1rcavezet\u0151 \u00e9s Dr. Csat\u00f3 G\u00e1bor, az Orsz\u00e1gos Ment\u0151szolg\u00e1lat f\u0151igazgat\u00f3ja k\u00f6z\u00f6sen adta \u00e1t a Budai Ment\u0151\u00e1llom\u00e1son. A feny\u0151f\u00e1k az adventi id\u0151szak v\u00e9g\u00e9ig mind a 256 ment\u0151\u00e1llom\u00e1sra meg\u00e9rkeznek. Az agr\u00e1rminiszter<\/p>\n","protected":false},"author":1,"featured_media":76502,"comment_status":"closed","ping_status":"closed","sticky":false,"template":"","format":"standard","meta":{"ngg_post_thumbnail":0,"footnotes":""},"categories":[6934,3],"tags":[2035,3830],"class_list":{"0":"post-76501","1":"post","2":"type-post","3":"status-publish","4":"format-standard","5":"has-post-thumbnail","7":"category-belfold","8":"category-hirek","9":"tag-karacsonyfa","10":"tag-mentoallomas"},"yoast_head":"<!-- This site is optimized with the Yoast SEO plugin v27.4 - https:\/\/yoast.com\/product\/yoast-seo-wordpress\/ -->\n<title>Id\u00e9n is \u00e9rkeznek a feny\u0151f\u00e1k az orsz\u00e1g \u00f6sszes ment\u0151\u00e1llom\u00e1s\u00e1ra<\/title>\n<meta name=\"robots\" content=\"index, follow, max-snippet:-1, max-image-preview:large, max-video-preview:-1\" \/>\n<link rel=\"canonical\" href=\"https:\/\/dorogimedence.hu\/index.php\/2025\/12\/17\/iden-is-erkeznek-a-fenyofak-az-orszag-osszes-mentoallomasara\/\" class=\"yoast-seo-meta-tag\" \/>\n<meta property=\"og:locale\" content=\"hu_HU\" class=\"yoast-seo-meta-tag\" \/>\n<meta property=\"og:type\" content=\"article\" class=\"yoast-seo-meta-tag\" \/>\n<meta property=\"og:title\" content=\"Id\u00e9n is \u00e9rkeznek a feny\u0151f\u00e1k az orsz\u00e1g \u00f6sszes ment\u0151\u00e1llom\u00e1s\u00e1ra\" class=\"yoast-seo-meta-tag\" \/>\n<meta property=\"og:description\" content=\"Az Agr\u00e1rminiszt\u00e9rium \u00e9s az \u00e1llami erd\u00e9szeti t\u00e1rsas\u00e1gok id\u00e9n is feny\u0151f\u00e1val fejezik ki k\u00f6sz\u00f6net\u00fcket az Orsz\u00e1gos Ment\u0151szolg\u00e1lat bajt\u00e1rsainak eg\u00e9sz \u00e9ves, \u00e1ldozatos munk\u00e1j\u00e1\u00e9rt. Az egyik \u00f6r\u00f6kz\u00f6ldet Nagy Istv\u00e1n agr\u00e1rminiszter t\u00e1rcavezet\u0151 \u00e9s Dr. Csat\u00f3 G\u00e1bor, az Orsz\u00e1gos Ment\u0151szolg\u00e1lat f\u0151igazgat\u00f3ja k\u00f6z\u00f6sen adta \u00e1t a Budai Ment\u0151\u00e1llom\u00e1son. A feny\u0151f\u00e1k az adventi id\u0151szak v\u00e9g\u00e9ig mind a 256 ment\u0151\u00e1llom\u00e1sra meg\u00e9rkeznek. Az agr\u00e1rminiszter\" class=\"yoast-seo-meta-tag\" \/>\n<meta property=\"og:url\" content=\"https:\/\/dorogimedence.hu\/index.php\/2025\/12\/17\/iden-is-erkeznek-a-fenyofak-az-orszag-osszes-mentoallomasara\/\" class=\"yoast-seo-meta-tag\" \/>\n<meta property=\"og:site_name\" content=\"Dorogi-medence Region\u00e1lis H\u00edrport\u00e1l\" class=\"yoast-seo-meta-tag\" \/>\n<meta property=\"article:publisher\" content=\"https:\/\/www.facebook.com\/dorogimedence\/\" class=\"yoast-seo-meta-tag\" \/>\n<meta property=\"article:published_time\" content=\"2025-12-17T08:54:10+00:00\" class=\"yoast-seo-meta-tag\" \/>\n<meta property=\"og:image\" content=\"https:\/\/dorogimedence.hu\/wp-content\/uploads\/2025\/12\/AM_OMSZ_fenyo_FI_2.jpg\" class=\"yoast-seo-meta-tag\" \/>\n\t<meta property=\"og:image:width\" content=\"2000\" class=\"yoast-seo-meta-tag\" \/>\n\t<meta property=\"og:image:height\" content=\"1334\" class=\"yoast-seo-meta-tag\" \/>\n\t<meta property=\"og:image:type\" content=\"image\/jpeg\" class=\"yoast-seo-meta-tag\" \/>\n<meta name=\"author\" content=\"dorogimedence.hu\" class=\"yoast-seo-meta-tag\" \/>\n<meta name=\"twitter:card\" content=\"summary_large_image\" class=\"yoast-seo-meta-tag\" \/>\n<meta name=\"twitter:label1\" content=\"Szerz\u0151:\" class=\"yoast-seo-meta-tag\" \/>\n\t<meta name=\"twitter:data1\" content=\"dorogimedence.hu\" class=\"yoast-seo-meta-tag\" \/>\n\t<meta name=\"twitter:label2\" content=\"Becs\u00fclt olvas\u00e1si id\u0151\" class=\"yoast-seo-meta-tag\" \/>\n\t<meta name=\"twitter:data2\" content=\"2 perc\" class=\"yoast-seo-meta-tag\" \/>\n<script type=\"application\/ld+json\" class=\"yoast-schema-graph\">{\"@context\":\"https:\\\/\\\/schema.org\",\"@graph\":[{\"@type\":\"Article\",\"@id\":\"https:\\\/\\\/dorogimedence.hu\\\/index.php\\\/2025\\\/12\\\/17\\\/iden-is-erkeznek-a-fenyofak-az-orszag-osszes-mentoallomasara\\\/#article\",\"isPartOf\":{\"@id\":\"https:\\\/\\\/dorogimedence.hu\\\/index.php\\\/2025\\\/12\\\/17\\\/iden-is-erkeznek-a-fenyofak-az-orszag-osszes-mentoallomasara\\\/\"},\"author\":{\"name\":\"dorogimedence.hu\",\"@id\":\"https:\\\/\\\/dorogimedence.hu\\\/#\\\/schema\\\/person\\\/ce6091eeb7e95ecdc87890d6aa8e0fd4\"},\"headline\":\"Id\u00e9n is \u00e9rkeznek a feny\u0151f\u00e1k az orsz\u00e1g \u00f6sszes ment\u0151\u00e1llom\u00e1s\u00e1ra\",\"datePublished\":\"2025-12-17T08:54:10+00:00\",\"mainEntityOfPage\":{\"@id\":\"https:\\\/\\\/dorogimedence.hu\\\/index.php\\\/2025\\\/12\\\/17\\\/iden-is-erkeznek-a-fenyofak-az-orszag-osszes-mentoallomasara\\\/\"},\"wordCount\":374,\"publisher\":{\"@id\":\"https:\\\/\\\/dorogimedence.hu\\\/#organization\"},\"image\":{\"@id\":\"https:\\\/\\\/dorogimedence.hu\\\/index.php\\\/2025\\\/12\\\/17\\\/iden-is-erkeznek-a-fenyofak-az-orszag-osszes-mentoallomasara\\\/#primaryimage\"},\"thumbnailUrl\":\"https:\\\/\\\/dorogimedence.hu\\\/wp-content\\\/uploads\\\/2025\\\/12\\\/AM_OMSZ_fenyo_FI_2.jpg\",\"keywords\":[\"kar\u00e1csonyfa\",\"ment\u0151\u00e1llom\u00e1s\"],\"articleSection\":[\"Belf\u00f6ld, Gazdas\u00e1g\",\"H\u00edrek\"],\"inLanguage\":\"hu\"},{\"@type\":\"WebPage\",\"@id\":\"https:\\\/\\\/dorogimedence.hu\\\/index.php\\\/2025\\\/12\\\/17\\\/iden-is-erkeznek-a-fenyofak-az-orszag-osszes-mentoallomasara\\\/\",\"url\":\"https:\\\/\\\/dorogimedence.hu\\\/index.php\\\/2025\\\/12\\\/17\\\/iden-is-erkeznek-a-fenyofak-az-orszag-osszes-mentoallomasara\\\/\",\"name\":\"Id\u00e9n is \u00e9rkeznek a feny\u0151f\u00e1k az orsz\u00e1g \u00f6sszes ment\u0151\u00e1llom\u00e1s\u00e1ra\",\"isPartOf\":{\"@id\":\"https:\\\/\\\/dorogimedence.hu\\\/#website\"},\"primaryImageOfPage\":{\"@id\":\"https:\\\/\\\/dorogimedence.hu\\\/index.php\\\/2025\\\/12\\\/17\\\/iden-is-erkeznek-a-fenyofak-az-orszag-osszes-mentoallomasara\\\/#primaryimage\"},\"image\":{\"@id\":\"https:\\\/\\\/dorogimedence.hu\\\/index.php\\\/2025\\\/12\\\/17\\\/iden-is-erkeznek-a-fenyofak-az-orszag-osszes-mentoallomasara\\\/#primaryimage\"},\"thumbnailUrl\":\"https:\\\/\\\/dorogimedence.hu\\\/wp-content\\\/uploads\\\/2025\\\/12\\\/AM_OMSZ_fenyo_FI_2.jpg\",\"datePublished\":\"2025-12-17T08:54:10+00:00\",\"breadcrumb\":{\"@id\":\"https:\\\/\\\/dorogimedence.hu\\\/index.php\\\/2025\\\/12\\\/17\\\/iden-is-erkeznek-a-fenyofak-az-orszag-osszes-mentoallomasara\\\/#breadcrumb\"},\"inLanguage\":\"hu\",\"potentialAction\":[{\"@type\":\"ReadAction\",\"target\":[\"https:\\\/\\\/dorogimedence.hu\\\/index.php\\\/2025\\\/12\\\/17\\\/iden-is-erkeznek-a-fenyofak-az-orszag-osszes-mentoallomasara\\\/\"]}]},{\"@type\":\"ImageObject\",\"inLanguage\":\"hu\",\"@id\":\"https:\\\/\\\/dorogimedence.hu\\\/index.php\\\/2025\\\/12\\\/17\\\/iden-is-erkeznek-a-fenyofak-az-orszag-osszes-mentoallomasara\\\/#primaryimage\",\"url\":\"https:\\\/\\\/dorogimedence.hu\\\/wp-content\\\/uploads\\\/2025\\\/12\\\/AM_OMSZ_fenyo_FI_2.jpg\",\"contentUrl\":\"https:\\\/\\\/dorogimedence.hu\\\/wp-content\\\/uploads\\\/2025\\\/12\\\/AM_OMSZ_fenyo_FI_2.jpg\",\"width\":2000,\"height\":1334},{\"@type\":\"BreadcrumbList\",\"@id\":\"https:\\\/\\\/dorogimedence.hu\\\/index.php\\\/2025\\\/12\\\/17\\\/iden-is-erkeznek-a-fenyofak-az-orszag-osszes-mentoallomasara\\\/#breadcrumb\",\"itemListElement\":[{\"@type\":\"ListItem\",\"position\":1,\"name\":\"Kezd\u0151lap\",\"item\":\"https:\\\/\\\/dorogimedence.hu\\\/\"},{\"@type\":\"ListItem\",\"position\":2,\"name\":\"Id\u00e9n is \u00e9rkeznek a feny\u0151f\u00e1k az orsz\u00e1g \u00f6sszes ment\u0151\u00e1llom\u00e1s\u00e1ra\"}]},{\"@type\":\"WebSite\",\"@id\":\"https:\\\/\\\/dorogimedence.hu\\\/#website\",\"url\":\"https:\\\/\\\/dorogimedence.hu\\\/\",\"name\":\"Dorogi-medence Region\u00e1lis H\u00edrport\u00e1l\",\"description\":\"Dorog, Keszt\u00f6lc, Le\u00e1nyv\u00e1r, Piliscs\u00e9v, Tokod, Tokodalt\u00e1r\u00f3, Csolnok, Esztergom-kertv\u00e1ros: h\u00edrek, programok\",\"publisher\":{\"@id\":\"https:\\\/\\\/dorogimedence.hu\\\/#organization\"},\"potentialAction\":[{\"@type\":\"SearchAction\",\"target\":{\"@type\":\"EntryPoint\",\"urlTemplate\":\"https:\\\/\\\/dorogimedence.hu\\\/?s={search_term_string}\"},\"query-input\":{\"@type\":\"PropertyValueSpecification\",\"valueRequired\":true,\"valueName\":\"search_term_string\"}}],\"inLanguage\":\"hu\"},{\"@type\":\"Organization\",\"@id\":\"https:\\\/\\\/dorogimedence.hu\\\/#organization\",\"name\":\"Dorogi-medence Region\u00e1lis H\u00edrport\u00e1l\",\"url\":\"https:\\\/\\\/dorogimedence.hu\\\/\",\"logo\":{\"@type\":\"ImageObject\",\"inLanguage\":\"hu\",\"@id\":\"https:\\\/\\\/dorogimedence.hu\\\/#\\\/schema\\\/logo\\\/image\\\/\",\"url\":\"https:\\\/\\\/dorogimedence.hu\\\/wp-content\\\/uploads\\\/2021\\\/04\\\/logo-feher-600.png\",\"contentUrl\":\"https:\\\/\\\/dorogimedence.hu\\\/wp-content\\\/uploads\\\/2021\\\/04\\\/logo-feher-600.png\",\"width\":600,\"height\":100,\"caption\":\"Dorogi-medence Region\u00e1lis H\u00edrport\u00e1l\"},\"image\":{\"@id\":\"https:\\\/\\\/dorogimedence.hu\\\/#\\\/schema\\\/logo\\\/image\\\/\"},\"sameAs\":[\"https:\\\/\\\/www.facebook.com\\\/dorogimedence\\\/\"]},{\"@type\":\"Person\",\"@id\":\"https:\\\/\\\/dorogimedence.hu\\\/#\\\/schema\\\/person\\\/ce6091eeb7e95ecdc87890d6aa8e0fd4\",\"name\":\"dorogimedence.hu\",\"image\":{\"@type\":\"ImageObject\",\"inLanguage\":\"hu\",\"@id\":\"\\\/\\\/www.gravatar.com\\\/avatar\\\/d8d45f8901aadff40a4af72c0b826f1d?s=96&#038;r=g&#038;d=mm\",\"url\":\"\\\/\\\/www.gravatar.com\\\/avatar\\\/d8d45f8901aadff40a4af72c0b826f1d?s=96&#038;r=g&#038;d=mm\",\"contentUrl\":\"\\\/\\\/www.gravatar.com\\\/avatar\\\/d8d45f8901aadff40a4af72c0b826f1d?s=96&#038;r=g&#038;d=mm\",\"caption\":\"dorogimedence.hu\"}}]}<\/script>\n<!-- \/ Yoast SEO plugin. -->","yoast_head_json":{"title":"Id\u00e9n is \u00e9rkeznek a feny\u0151f\u00e1k az orsz\u00e1g \u00f6sszes ment\u0151\u00e1llom\u00e1s\u00e1ra","robots":{"index":"index","follow":"follow","max-snippet":"max-snippet:-1","max-image-preview":"max-image-preview:large","max-video-preview":"max-video-preview:-1"},"canonical":"https:\/\/dorogimedence.hu\/index.php\/2025\/12\/17\/iden-is-erkeznek-a-fenyofak-az-orszag-osszes-mentoallomasara\/","og_locale":"hu_HU","og_type":"article","og_title":"Id\u00e9n is \u00e9rkeznek a feny\u0151f\u00e1k az orsz\u00e1g \u00f6sszes ment\u0151\u00e1llom\u00e1s\u00e1ra","og_description":"Az Agr\u00e1rminiszt\u00e9rium \u00e9s az \u00e1llami erd\u00e9szeti t\u00e1rsas\u00e1gok id\u00e9n is feny\u0151f\u00e1val fejezik ki k\u00f6sz\u00f6net\u00fcket az Orsz\u00e1gos Ment\u0151szolg\u00e1lat bajt\u00e1rsainak eg\u00e9sz \u00e9ves, \u00e1ldozatos munk\u00e1j\u00e1\u00e9rt. Az egyik \u00f6r\u00f6kz\u00f6ldet Nagy Istv\u00e1n agr\u00e1rminiszter t\u00e1rcavezet\u0151 \u00e9s Dr. Csat\u00f3 G\u00e1bor, az Orsz\u00e1gos Ment\u0151szolg\u00e1lat f\u0151igazgat\u00f3ja k\u00f6z\u00f6sen adta \u00e1t a Budai Ment\u0151\u00e1llom\u00e1son. A feny\u0151f\u00e1k az adventi id\u0151szak v\u00e9g\u00e9ig mind a 256 ment\u0151\u00e1llom\u00e1sra meg\u00e9rkeznek. Az agr\u00e1rminiszter","og_url":"https:\/\/dorogimedence.hu\/index.php\/2025\/12\/17\/iden-is-erkeznek-a-fenyofak-az-orszag-osszes-mentoallomasara\/","og_site_name":"Dorogi-medence Region\u00e1lis H\u00edrport\u00e1l","article_publisher":"https:\/\/www.facebook.com\/dorogimedence\/","article_published_time":"2025-12-17T08:54:10+00:00","og_image":[{"width":2000,"height":1334,"url":"https:\/\/dorogimedence.hu\/wp-content\/uploads\/2025\/12\/AM_OMSZ_fenyo_FI_2.jpg","type":"image\/jpeg"}],"author":"dorogimedence.hu","twitter_card":"summary_large_image","twitter_misc":{"Szerz\u0151:":"dorogimedence.hu","Becs\u00fclt olvas\u00e1si id\u0151":"2 perc"},"schema":{"@context":"https:\/\/schema.org","@graph":[{"@type":"Article","@id":"https:\/\/dorogimedence.hu\/index.php\/2025\/12\/17\/iden-is-erkeznek-a-fenyofak-az-orszag-osszes-mentoallomasara\/#article","isPartOf":{"@id":"https:\/\/dorogimedence.hu\/index.php\/2025\/12\/17\/iden-is-erkeznek-a-fenyofak-az-orszag-osszes-mentoallomasara\/"},"author":{"name":"dorogimedence.hu","@id":"https:\/\/dorogimedence.hu\/#\/schema\/person\/ce6091eeb7e95ecdc87890d6aa8e0fd4"},"headline":"Id\u00e9n is \u00e9rkeznek a feny\u0151f\u00e1k az orsz\u00e1g \u00f6sszes ment\u0151\u00e1llom\u00e1s\u00e1ra","datePublished":"2025-12-17T08:54:10+00:00","mainEntityOfPage":{"@id":"https:\/\/dorogimedence.hu\/index.php\/2025\/12\/17\/iden-is-erkeznek-a-fenyofak-az-orszag-osszes-mentoallomasara\/"},"wordCount":374,"publisher":{"@id":"https:\/\/dorogimedence.hu\/#organization"},"image":{"@id":"https:\/\/dorogimedence.hu\/index.php\/2025\/12\/17\/iden-is-erkeznek-a-fenyofak-az-orszag-osszes-mentoallomasara\/#primaryimage"},"thumbnailUrl":"https:\/\/dorogimedence.hu\/wp-content\/uploads\/2025\/12\/AM_OMSZ_fenyo_FI_2.jpg","keywords":["kar\u00e1csonyfa","ment\u0151\u00e1llom\u00e1s"],"articleSection":["Belf\u00f6ld, Gazdas\u00e1g","H\u00edrek"],"inLanguage":"hu"},{"@type":"WebPage","@id":"https:\/\/dorogimedence.hu\/index.php\/2025\/12\/17\/iden-is-erkeznek-a-fenyofak-az-orszag-osszes-mentoallomasara\/","url":"https:\/\/dorogimedence.hu\/index.php\/2025\/12\/17\/iden-is-erkeznek-a-fenyofak-az-orszag-osszes-mentoallomasara\/","name":"Id\u00e9n is \u00e9rkeznek a feny\u0151f\u00e1k az orsz\u00e1g \u00f6sszes ment\u0151\u00e1llom\u00e1s\u00e1ra","isPartOf":{"@id":"https:\/\/dorogimedence.hu\/#website"},"primaryImageOfPage":{"@id":"https:\/\/dorogimedence.hu\/index.php\/2025\/12\/17\/iden-is-erkeznek-a-fenyofak-az-orszag-osszes-mentoallomasara\/#primaryimage"},"image":{"@id":"https:\/\/dorogimedence.hu\/index.php\/2025\/12\/17\/iden-is-erkeznek-a-fenyofak-az-orszag-osszes-mentoallomasara\/#primaryimage"},"thumbnailUrl":"https:\/\/dorogimedence.hu\/wp-content\/uploads\/2025\/12\/AM_OMSZ_fenyo_FI_2.jpg","datePublished":"2025-12-17T08:54:10+00:00","breadcrumb":{"@id":"https:\/\/dorogimedence.hu\/index.php\/2025\/12\/17\/iden-is-erkeznek-a-fenyofak-az-orszag-osszes-mentoallomasara\/#breadcrumb"},"inLanguage":"hu","potentialAction":[{"@type":"ReadAction","target":["https:\/\/dorogimedence.hu\/index.php\/2025\/12\/17\/iden-is-erkeznek-a-fenyofak-az-orszag-osszes-mentoallomasara\/"]}]},{"@type":"ImageObject","inLanguage":"hu","@id":"https:\/\/dorogimedence.hu\/index.php\/2025\/12\/17\/iden-is-erkeznek-a-fenyofak-az-orszag-osszes-mentoallomasara\/#primaryimage","url":"https:\/\/dorogimedence.hu\/wp-content\/uploads\/2025\/12\/AM_OMSZ_fenyo_FI_2.jpg","contentUrl":"https:\/\/dorogimedence.hu\/wp-content\/uploads\/2025\/12\/AM_OMSZ_fenyo_FI_2.jpg","width":2000,"height":1334},{"@type":"BreadcrumbList","@id":"https:\/\/dorogimedence.hu\/index.php\/2025\/12\/17\/iden-is-erkeznek-a-fenyofak-az-orszag-osszes-mentoallomasara\/#breadcrumb","itemListElement":[{"@type":"ListItem","position":1,"name":"Kezd\u0151lap","item":"https:\/\/dorogimedence.hu\/"},{"@type":"ListItem","position":2,"name":"Id\u00e9n is \u00e9rkeznek a feny\u0151f\u00e1k az orsz\u00e1g \u00f6sszes ment\u0151\u00e1llom\u00e1s\u00e1ra"}]},{"@type":"WebSite","@id":"https:\/\/dorogimedence.hu\/#website","url":"https:\/\/dorogimedence.hu\/","name":"Dorogi-medence Region\u00e1lis H\u00edrport\u00e1l","description":"Dorog, Keszt\u00f6lc, Le\u00e1nyv\u00e1r, Piliscs\u00e9v, Tokod, Tokodalt\u00e1r\u00f3, Csolnok, Esztergom-kertv\u00e1ros: h\u00edrek, programok","publisher":{"@id":"https:\/\/dorogimedence.hu\/#organization"},"potentialAction":[{"@type":"SearchAction","target":{"@type":"EntryPoint","urlTemplate":"https:\/\/dorogimedence.hu\/?s={search_term_string}"},"query-input":{"@type":"PropertyValueSpecification","valueRequired":true,"valueName":"search_term_string"}}],"inLanguage":"hu"},{"@type":"Organization","@id":"https:\/\/dorogimedence.hu\/#organization","name":"Dorogi-medence Region\u00e1lis H\u00edrport\u00e1l","url":"https:\/\/dorogimedence.hu\/","logo":{"@type":"ImageObject","inLanguage":"hu","@id":"https:\/\/dorogimedence.hu\/#\/schema\/logo\/image\/","url":"https:\/\/dorogimedence.hu\/wp-content\/uploads\/2021\/04\/logo-feher-600.png","contentUrl":"https:\/\/dorogimedence.hu\/wp-content\/uploads\/2021\/04\/logo-feher-600.png","width":600,"height":100,"caption":"Dorogi-medence Region\u00e1lis H\u00edrport\u00e1l"},"image":{"@id":"https:\/\/dorogimedence.hu\/#\/schema\/logo\/image\/"},"sameAs":["https:\/\/www.facebook.com\/dorogimedence\/"]},{"@type":"Person","@id":"https:\/\/dorogimedence.hu\/#\/schema\/person\/ce6091eeb7e95ecdc87890d6aa8e0fd4","name":"dorogimedence.hu","image":{"@type":"ImageObject","inLanguage":"hu","@id":"\/\/www.gravatar.com\/avatar\/d8d45f8901aadff40a4af72c0b826f1d?s=96&#038;r=g&#038;d=mm","url":"\/\/www.gravatar.com\/avatar\/d8d45f8901aadff40a4af72c0b826f1d?s=96&#038;r=g&#038;d=mm","contentUrl":"\/\/www.gravatar.com\/avatar\/d8d45f8901aadff40a4af72c0b826f1d?s=96&#038;r=g&#038;d=mm","caption":"dorogimedence.hu"}}]}},"_links":{"self":[{"href":"https:\/\/dorogimedence.hu\/index.php\/wp-json\/wp\/v2\/posts\/76501","targetHints":{"allow":["GET"]}}],"collection":[{"href":"https:\/\/dorogimedence.hu\/index.php\/wp-json\/wp\/v2\/posts"}],"about":[{"href":"https:\/\/dorogimedence.hu\/index.php\/wp-json\/wp\/v2\/types\/post"}],"author":[{"embeddable":true,"href":"https:\/\/dorogimedence.hu\/index.php\/wp-json\/wp\/v2\/users\/1"}],"replies":[{"embeddable":true,"href":"https:\/\/dorogimedence.hu\/index.php\/wp-json\/wp\/v2\/comments?post=76501"}],"version-history":[{"count":0,"href":"https:\/\/dorogimedence.hu\/index.php\/wp-json\/wp\/v2\/posts\/76501\/revisions"}],"wp:featuredmedia":[{"embeddable":true,"href":"https:\/\/dorogimedence.hu\/index.php\/wp-json\/wp\/v2\/media\/76502"}],"wp:attachment":[{"href":"https:\/\/dorogimedence.hu\/index.php\/wp-json\/wp\/v2\/media?parent=76501"}],"wp:term":[{"taxonomy":"category","embeddable":true,"href":"https:\/\/dorogimedence.hu\/index.php\/wp-json\/wp\/v2\/categories?post=76501"},{"taxonomy":"post_tag","embeddable":true,"href":"https:\/\/dorogimedence.hu\/index.php\/wp-json\/wp\/v2\/tags?post=76501"}],"curies":[{"name":"wp","href":"https:\/\/api.w.org\/{rel}","templated":true}]}}